{"id":5846,"date":"2011-01-23T12:16:50","date_gmt":"2011-01-23T11:16:50","guid":{"rendered":"http:\/\/fjala.shkoder.net\/?p=5846"},"modified":"2011-01-23T12:16:50","modified_gmt":"2011-01-23T11:16:50","slug":"rreziku-i-protestave-shba-mbyll-ambasaden-ne-tirane","status":"publish","type":"post","link":"https:\/\/fjala.info\/2009-2015\/rreziku-i-protestave-shba-mbyll-ambasaden-ne-tirane\/","title":{"rendered":"Rreziku i protestave SHBA \u201cmbyll\u201d ambasad\u00ebn n\u00eb Tiran\u00eb"},"content":{"rendered":"<p><img loading=\"lazy\" decoding=\"async\" class=\"alignright size-full wp-image-5847\" title=\"ambasada_amerikane\" src=\"http:\/\/fjala.shkoder.net\/wp-content\/uploads\/2011\/01\/ambasada_amerikane.jpg\" alt=\"\" width=\"215\" height=\"170\" \/><\/p>\n<p>TIRANE &#8211; Protestat n\u00eb Shqip\u00ebri dhe rreziku i dhun\u00ebs pezullojn\u00eb p\u00ebrkoh\u00ebsisht aktivitetin zyrtar t\u00eb ambasad\u00ebs amerikane. N\u00eb nj\u00eb njoftim t\u00eb dh\u00ebn\u00eb zyrtarisht nga vet\u00eb ambasada amerikane, q\u00eb mban dat\u00ebn 22 janar, b\u00ebhet e qart\u00eb pezullimi i aktivitetit t\u00eb saj. Nj\u00ebkoh\u00ebsisht zyra e ambasad\u00ebs amerikane ka b\u00ebr\u00eb t\u00eb ditur se deri n\u00eb nj\u00eb njoftim t\u00eb dyt\u00eb pezullohet puna e punonj\u00ebsve t\u00eb saj.<\/p>\n<p>Shkak i k\u00ebtij njoftimi \u00ebsht\u00eb b\u00ebr\u00eb situata aktuale n\u00eb Shqip\u00ebri, q\u00eb sipas SHBA-s\u00eb pritet t\u00eb shoq\u00ebrohet dhe me protesta t\u00eb tjera jo vet\u00ebm n\u00eb Tiran\u00eb, por edhe n\u00eb rrethet e tjera t\u00eb vendit. N\u00eb t\u00eb nj\u00ebjt\u00eb koh\u00eb personeli i ambasad\u00ebs amerikane k\u00ebshillohet t\u00eb l\u00ebviz\u00eb n\u00eb nj\u00eb m\u00ebnyr\u00eb t\u00eb kufizuar.<\/p>\n<p>\u201cMediat lokale b\u00ebjn\u00eb t\u00eb ditur se m\u00eb 23 janar mund t\u00eb ket\u00eb protesta s\u00ebrish dhe ato mund t\u00eb zgjasin p\u00ebr disa dit\u00eb. Raportet e tjera sugjerojn\u00eb se mund t\u00eb ndodhin demonstrata n\u00eb qytete t\u00eb tjera n\u00eb t\u00eb gjith\u00eb Shqip\u00ebrin\u00eb n\u00eb dit\u00ebt e ardhshme. Personeli i ambasad\u00ebs s\u00eb SHBA-s\u00eb \u00ebsht\u00eb njoftuar q\u00eb t\u00eb gjitha funksionet zyrtare t\u00eb ambasad\u00ebs jan\u00eb pezulluar deri n\u00eb nj\u00eb njoftim t\u00eb m\u00ebtejsh\u00ebm dhe \u00e7do udh\u00ebtim i panevojsh\u00ebm personal duhet t\u00eb jet\u00eb i kufizuar\u201d, &#8211; thuhet n\u00eb njoftim zyrtar t\u00eb ambasad\u00ebs s\u00eb SHBA-s\u00eb.<\/p>\n<p>&#8212;&#8212;&#8212;&#8212;&#8212;-<\/p>\n<p><strong>SHBA: Kujdes n\u00eb Shqip\u00ebri! Protestat mund t\u00eb p\u00ebrhapen n\u00eb rrethe<\/strong><\/p>\n<p>Nga <strong>Korresp. 24-ore.com<\/strong><\/p>\n<p>Ambasada e Shteteve t\u00eb Bashkuara t\u00eb Amerik\u00ebs l\u00ebshon mesazh paralajm\u00ebrues p\u00ebr qytetar\u00ebt amerikane q\u00eb q\u00ebndrojn\u00eb n\u00eb Shqip\u00ebri n\u00eb lidhje me rrezikun e p\u00ebrs\u00ebritjes s\u00eb p\u00ebrplasjeve dhe dhun\u00ebs t\u00eb ngjashme me at\u00eb \u00e7ka ndodhi m\u00eb 21 janar.<\/p>\n<p>\u201cMedia t\u00eb ndryshme lokale kan\u00eb njoftuar p\u00ebr mbajtur e demonstratave n\u00eb bulevardin \u201cD\u00ebshmor\u00ebt e Kombit\u201d n\u00eb pjes\u00eb t\u00eb ndryshme t\u00eb qytetit, m\u00eb 23 janar dhe mund t\u00eb vazhdojn\u00eb p\u00ebr dit\u00eb me rradh\u00eb.<\/p>\n<p>Raporte t\u00eb tjera flasin p\u00ebr p\u00ebrhapjen e protestave n\u00eb qytete t\u00eb tjera t\u00eb vendit n\u00eb dit\u00ebt e ardhshme. Ambasada Amerikane n\u00eb Tiran\u00eb dhe personeli i saj jan\u00eb k\u00ebshilluar q\u00eb t\u00eb pezullojn\u00eb aktivitetin deri n\u00eb nj\u00eb njoftim tjet\u00ebr dhe udh\u00ebtimet e panevojshme duhet t\u00eb kufizohen.<br \/>\nNe u kujtojm\u00eb shtetasve amerikan\u00eb t\u00eb evitojn\u00eb pranin\u00eb n\u00eb mjediset ku do t\u00eb zhvillohen demonstrata.<\/p>\n<p>Demonstratat n\u00eb nj\u00eb qytet mund t\u00eb pasohen edhe m\u00eb demonstrata n\u00eb qytete t\u00eb tjera t\u00eb vendit. Vigjilenca dhe kujdesi juaj duhet t\u00eb jen\u00eb n\u00eb nivelin e duhur p\u00ebr t\u00eb ndjekur raportimet e mediave n\u00eb lidhje me vendin ku do t\u00eb mbahen demonstrata. D\u00ebshirojm\u00eb ku rikujtojm\u00eb qytetar\u00ebve amerikan\u00eb q\u00eb edhe protesta q\u00eb nisen si paq\u00ebsore mund t\u00eb p\u00ebrfundojn\u00eb n\u00eb p\u00ebrplasje dhe ndoshta edhe shp\u00ebrthim dhune.<\/p>\n<p>Qytetar\u00ebt amerikan\u00eb duhet t\u00eb jen\u00eb shum\u00eb t\u00eb kujdessh\u00ebm n\u00ebse ndodhen pran\u00eb ambienteve t\u00eb demonstratave dhe t\u00eb nd\u00ebrmarrin hapat e duhura p\u00ebr t\u00eb shmangur prezenca t\u00eb tilla. Qytetar\u00ebt amerikan\u00eb q\u00eb udh\u00ebtojn\u00eb jasht\u00eb duhet rregullisht t\u00eb monitorojn\u00eb faqen zyrtare t\u00eb Ambasad\u00ebs Amerikane dhe seksionin konsullor ku paraqiten t\u00eb dh\u00ebnat mbi rrezikshm\u00ebrin\u00eb\u201d, p\u00ebrfundon njoftimi i ambasad\u00ebs amerikane ne Tirane, p\u00ebr qytetar\u00ebt e SHBA.<\/p>\n","protected":false},"excerpt":{"rendered":"<p>TIRANE &#8211; Protestat n\u00eb Shqip\u00ebri dhe rreziku i dhun\u00ebs pezullojn\u00eb p\u00ebrkoh\u00ebsisht aktivitetin zyrtar t\u00eb ambasad\u00ebs amerikane. N\u00eb nj\u00eb njoftim t\u00eb dh\u00ebn\u00eb zyrtarisht nga vet\u00eb ambasada amerikane, q\u00eb mban dat\u00ebn 22 janar, b\u00ebhet e qart\u00eb pezullimi i aktivitetit t\u00eb saj. Nj\u00ebkoh\u00ebsisht zyra e ambasad\u00ebs amerikane ka b\u00ebr\u00eb t\u00eb ditur se deri n\u00eb nj\u00eb njoftim t\u00eb dyt\u00eb [&hellip;]<\/p>\n","protected":false},"author":1,"featured_media":0,"comment_status":"open","ping_status":"closed","sticky":false,"template":"","format":"standard","meta":{"footnotes":""},"categories":[2,6],"tags":[],"class_list":{"0":"post-5846","1":"post","2":"type-post","3":"status-publish","4":"format-standard","6":"category-artikuj","7":"category-lajmerime"},"yoast_head":"<!-- This site is optimized with the Yoast SEO plugin v27.4 - https:\/\/yoast.com\/product\/yoast-seo-wordpress\/ -->\n<title>Rreziku i protestave SHBA \u201cmbyll\u201d ambasad\u00ebn n\u00eb Tiran\u00eb - FjALA e LIR\u00cb - Arkivi<\/title>\n<meta name=\"robots\" content=\"index, follow, max-snippet:-1, max-image-preview:large, max-video-preview:-1\" \/>\n<link rel=\"canonical\" href=\"https:\/\/fjala.info\/2009-2015\/rreziku-i-protestave-shba-mbyll-ambasaden-ne-tirane\/\" \/>\n<meta property=\"og:locale\" content=\"sq_AL\" \/>\n<meta property=\"og:type\" content=\"article\" \/>\n<meta property=\"og:title\" content=\"Rreziku i protestave SHBA \u201cmbyll\u201d ambasad\u00ebn n\u00eb Tiran\u00eb - FjALA e LIR\u00cb - Arkivi\" \/>\n<meta property=\"og:description\" content=\"TIRANE &#8211; Protestat n\u00eb Shqip\u00ebri dhe rreziku i dhun\u00ebs pezullojn\u00eb p\u00ebrkoh\u00ebsisht aktivitetin zyrtar t\u00eb ambasad\u00ebs amerikane. N\u00eb nj\u00eb njoftim t\u00eb dh\u00ebn\u00eb zyrtarisht nga vet\u00eb ambasada amerikane, q\u00eb mban dat\u00ebn 22 janar, b\u00ebhet e qart\u00eb pezullimi i aktivitetit t\u00eb saj. Nj\u00ebkoh\u00ebsisht zyra e ambasad\u00ebs amerikane ka b\u00ebr\u00eb t\u00eb ditur se deri n\u00eb nj\u00eb njoftim t\u00eb dyt\u00eb [&hellip;]\" \/>\n<meta property=\"og:url\" content=\"https:\/\/fjala.info\/2009-2015\/rreziku-i-protestave-shba-mbyll-ambasaden-ne-tirane\/\" \/>\n<meta property=\"og:site_name\" content=\"FjALA e LIR\u00cb - Arkivi\" \/>\n<meta property=\"article:published_time\" content=\"2011-01-23T11:16:50+00:00\" \/>\n<meta property=\"og:image\" content=\"http:\/\/fjala.shkoder.net\/wp-content\/uploads\/2011\/01\/ambasada_amerikane.jpg\" \/>\n<meta name=\"author\" content=\"admin\" \/>\n<meta name=\"twitter:card\" content=\"summary_large_image\" \/>\n<meta name=\"twitter:label1\" content=\"Written by\" \/>\n\t<meta name=\"twitter:data1\" content=\"admin\" \/>\n\t<meta name=\"twitter:label2\" content=\"Est. reading time\" \/>\n\t<meta name=\"twitter:data2\" content=\"3 minutes\" \/>\n<script type=\"application\/ld+json\" class=\"yoast-schema-graph\">{\"@context\":\"https:\\\/\\\/schema.org\",\"@graph\":[{\"@type\":\"Article\",\"@id\":\"https:\\\/\\\/fjala.info\\\/2009-2015\\\/rreziku-i-protestave-shba-mbyll-ambasaden-ne-tirane\\\/#article\",\"isPartOf\":{\"@id\":\"https:\\\/\\\/fjala.info\\\/2009-2015\\\/rreziku-i-protestave-shba-mbyll-ambasaden-ne-tirane\\\/\"},\"author\":{\"name\":\"admin\",\"@id\":\"https:\\\/\\\/fjala.info\\\/2009-2015\\\/#\\\/schema\\\/person\\\/3aa1163ef05469c496fc94e77611ada2\"},\"headline\":\"Rreziku i protestave SHBA \u201cmbyll\u201d ambasad\u00ebn n\u00eb Tiran\u00eb\",\"datePublished\":\"2011-01-23T11:16:50+00:00\",\"mainEntityOfPage\":{\"@id\":\"https:\\\/\\\/fjala.info\\\/2009-2015\\\/rreziku-i-protestave-shba-mbyll-ambasaden-ne-tirane\\\/\"},\"wordCount\":545,\"commentCount\":0,\"publisher\":{\"@id\":\"https:\\\/\\\/fjala.info\\\/2009-2015\\\/#organization\"},\"image\":{\"@id\":\"https:\\\/\\\/fjala.info\\\/2009-2015\\\/rreziku-i-protestave-shba-mbyll-ambasaden-ne-tirane\\\/#primaryimage\"},\"thumbnailUrl\":\"http:\\\/\\\/fjala.shkoder.net\\\/wp-content\\\/uploads\\\/2011\\\/01\\\/ambasada_amerikane.jpg\",\"articleSection\":[\"Artikuj\",\"Lajm\u00ebrime\"],\"inLanguage\":\"sq-AL\",\"potentialAction\":[{\"@type\":\"CommentAction\",\"name\":\"Comment\",\"target\":[\"https:\\\/\\\/fjala.info\\\/2009-2015\\\/rreziku-i-protestave-shba-mbyll-ambasaden-ne-tirane\\\/#respond\"]}]},{\"@type\":\"WebPage\",\"@id\":\"https:\\\/\\\/fjala.info\\\/2009-2015\\\/rreziku-i-protestave-shba-mbyll-ambasaden-ne-tirane\\\/\",\"url\":\"https:\\\/\\\/fjala.info\\\/2009-2015\\\/rreziku-i-protestave-shba-mbyll-ambasaden-ne-tirane\\\/\",\"name\":\"Rreziku i protestave SHBA \u201cmbyll\u201d ambasad\u00ebn n\u00eb Tiran\u00eb - FjALA e LIR\u00cb - Arkivi\",\"isPartOf\":{\"@id\":\"https:\\\/\\\/fjala.info\\\/2009-2015\\\/#website\"},\"primaryImageOfPage\":{\"@id\":\"https:\\\/\\\/fjala.info\\\/2009-2015\\\/rreziku-i-protestave-shba-mbyll-ambasaden-ne-tirane\\\/#primaryimage\"},\"image\":{\"@id\":\"https:\\\/\\\/fjala.info\\\/2009-2015\\\/rreziku-i-protestave-shba-mbyll-ambasaden-ne-tirane\\\/#primaryimage\"},\"thumbnailUrl\":\"http:\\\/\\\/fjala.shkoder.net\\\/wp-content\\\/uploads\\\/2011\\\/01\\\/ambasada_amerikane.jpg\",\"datePublished\":\"2011-01-23T11:16:50+00:00\",\"breadcrumb\":{\"@id\":\"https:\\\/\\\/fjala.info\\\/2009-2015\\\/rreziku-i-protestave-shba-mbyll-ambasaden-ne-tirane\\\/#breadcrumb\"},\"inLanguage\":\"sq-AL\",\"potentialAction\":[{\"@type\":\"ReadAction\",\"target\":[\"https:\\\/\\\/fjala.info\\\/2009-2015\\\/rreziku-i-protestave-shba-mbyll-ambasaden-ne-tirane\\\/\"]}]},{\"@type\":\"ImageObject\",\"inLanguage\":\"sq-AL\",\"@id\":\"https:\\\/\\\/fjala.info\\\/2009-2015\\\/rreziku-i-protestave-shba-mbyll-ambasaden-ne-tirane\\\/#primaryimage\",\"url\":\"http:\\\/\\\/fjala.shkoder.net\\\/wp-content\\\/uploads\\\/2011\\\/01\\\/ambasada_amerikane.jpg\",\"contentUrl\":\"http:\\\/\\\/fjala.shkoder.net\\\/wp-content\\\/uploads\\\/2011\\\/01\\\/ambasada_amerikane.jpg\"},{\"@type\":\"BreadcrumbList\",\"@id\":\"https:\\\/\\\/fjala.info\\\/2009-2015\\\/rreziku-i-protestave-shba-mbyll-ambasaden-ne-tirane\\\/#breadcrumb\",\"itemListElement\":[{\"@type\":\"ListItem\",\"position\":1,\"name\":\"Home\",\"item\":\"https:\\\/\\\/fjala.info\\\/2009-2015\\\/\"},{\"@type\":\"ListItem\",\"position\":2,\"name\":\"Rreziku i protestave SHBA \u201cmbyll\u201d ambasad\u00ebn n\u00eb Tiran\u00eb\"}]},{\"@type\":\"WebSite\",\"@id\":\"https:\\\/\\\/fjala.info\\\/2009-2015\\\/#website\",\"url\":\"https:\\\/\\\/fjala.info\\\/2009-2015\\\/\",\"name\":\"FjALA e LIR\u00cb - Arkivi\",\"description\":\"Arkivi 2009-2015\",\"publisher\":{\"@id\":\"https:\\\/\\\/fjala.info\\\/2009-2015\\\/#organization\"},\"potentialAction\":[{\"@type\":\"SearchAction\",\"target\":{\"@type\":\"EntryPoint\",\"urlTemplate\":\"https:\\\/\\\/fjala.info\\\/2009-2015\\\/?s={search_term_string}\"},\"query-input\":{\"@type\":\"PropertyValueSpecification\",\"valueRequired\":true,\"valueName\":\"search_term_string\"}}],\"inLanguage\":\"sq-AL\"},{\"@type\":\"Organization\",\"@id\":\"https:\\\/\\\/fjala.info\\\/2009-2015\\\/#organization\",\"name\":\"FjALA e LIR\u00cb - Arkivi\",\"url\":\"https:\\\/\\\/fjala.info\\\/2009-2015\\\/\",\"logo\":{\"@type\":\"ImageObject\",\"inLanguage\":\"sq-AL\",\"@id\":\"https:\\\/\\\/fjala.info\\\/2009-2015\\\/#\\\/schema\\\/logo\\\/image\\\/\",\"url\":\"\",\"contentUrl\":\"\",\"caption\":\"FjALA e LIR\u00cb - Arkivi\"},\"image\":{\"@id\":\"https:\\\/\\\/fjala.info\\\/2009-2015\\\/#\\\/schema\\\/logo\\\/image\\\/\"}},{\"@type\":\"Person\",\"@id\":\"https:\\\/\\\/fjala.info\\\/2009-2015\\\/#\\\/schema\\\/person\\\/3aa1163ef05469c496fc94e77611ada2\",\"name\":\"admin\",\"image\":{\"@type\":\"ImageObject\",\"inLanguage\":\"sq-AL\",\"@id\":\"https:\\\/\\\/fjala.info\\\/2009-2015\\\/wp-content\\\/uploads\\\/2012\\\/02\\\/arben_cokaj-120x150.jpg\",\"url\":\"https:\\\/\\\/fjala.info\\\/2009-2015\\\/wp-content\\\/uploads\\\/2012\\\/02\\\/arben_cokaj-120x150.jpg\",\"contentUrl\":\"https:\\\/\\\/fjala.info\\\/2009-2015\\\/wp-content\\\/uploads\\\/2012\\\/02\\\/arben_cokaj-120x150.jpg\",\"caption\":\"admin\"},\"description\":\"Admin, Fjala e Lir\u00eb\",\"sameAs\":[\"https:\\\/\\\/fjala.info\\\/\"],\"url\":\"https:\\\/\\\/fjala.info\\\/2009-2015\\\/author\\\/admin\\\/\"}]}<\/script>\n<!-- \/ Yoast SEO plugin. -->","yoast_head_json":{"title":"Rreziku i protestave SHBA \u201cmbyll\u201d ambasad\u00ebn n\u00eb Tiran\u00eb - FjALA e LIR\u00cb - Arkivi","robots":{"index":"index","follow":"follow","max-snippet":"max-snippet:-1","max-image-preview":"max-image-preview:large","max-video-preview":"max-video-preview:-1"},"canonical":"https:\/\/fjala.info\/2009-2015\/rreziku-i-protestave-shba-mbyll-ambasaden-ne-tirane\/","og_locale":"sq_AL","og_type":"article","og_title":"Rreziku i protestave SHBA \u201cmbyll\u201d ambasad\u00ebn n\u00eb Tiran\u00eb - FjALA e LIR\u00cb - Arkivi","og_description":"TIRANE &#8211; Protestat n\u00eb Shqip\u00ebri dhe rreziku i dhun\u00ebs pezullojn\u00eb p\u00ebrkoh\u00ebsisht aktivitetin zyrtar t\u00eb ambasad\u00ebs amerikane. N\u00eb nj\u00eb njoftim t\u00eb dh\u00ebn\u00eb zyrtarisht nga vet\u00eb ambasada amerikane, q\u00eb mban dat\u00ebn 22 janar, b\u00ebhet e qart\u00eb pezullimi i aktivitetit t\u00eb saj. Nj\u00ebkoh\u00ebsisht zyra e ambasad\u00ebs amerikane ka b\u00ebr\u00eb t\u00eb ditur se deri n\u00eb nj\u00eb njoftim t\u00eb dyt\u00eb [&hellip;]","og_url":"https:\/\/fjala.info\/2009-2015\/rreziku-i-protestave-shba-mbyll-ambasaden-ne-tirane\/","og_site_name":"FjALA e LIR\u00cb - Arkivi","article_published_time":"2011-01-23T11:16:50+00:00","og_image":[{"url":"http:\/\/fjala.shkoder.net\/wp-content\/uploads\/2011\/01\/ambasada_amerikane.jpg","type":"","width":"","height":""}],"author":"admin","twitter_card":"summary_large_image","twitter_misc":{"Written by":"admin","Est. reading time":"3 minutes"},"schema":{"@context":"https:\/\/schema.org","@graph":[{"@type":"Article","@id":"https:\/\/fjala.info\/2009-2015\/rreziku-i-protestave-shba-mbyll-ambasaden-ne-tirane\/#article","isPartOf":{"@id":"https:\/\/fjala.info\/2009-2015\/rreziku-i-protestave-shba-mbyll-ambasaden-ne-tirane\/"},"author":{"name":"admin","@id":"https:\/\/fjala.info\/2009-2015\/#\/schema\/person\/3aa1163ef05469c496fc94e77611ada2"},"headline":"Rreziku i protestave SHBA \u201cmbyll\u201d ambasad\u00ebn n\u00eb Tiran\u00eb","datePublished":"2011-01-23T11:16:50+00:00","mainEntityOfPage":{"@id":"https:\/\/fjala.info\/2009-2015\/rreziku-i-protestave-shba-mbyll-ambasaden-ne-tirane\/"},"wordCount":545,"commentCount":0,"publisher":{"@id":"https:\/\/fjala.info\/2009-2015\/#organization"},"image":{"@id":"https:\/\/fjala.info\/2009-2015\/rreziku-i-protestave-shba-mbyll-ambasaden-ne-tirane\/#primaryimage"},"thumbnailUrl":"http:\/\/fjala.shkoder.net\/wp-content\/uploads\/2011\/01\/ambasada_amerikane.jpg","articleSection":["Artikuj","Lajm\u00ebrime"],"inLanguage":"sq-AL","potentialAction":[{"@type":"CommentAction","name":"Comment","target":["https:\/\/fjala.info\/2009-2015\/rreziku-i-protestave-shba-mbyll-ambasaden-ne-tirane\/#respond"]}]},{"@type":"WebPage","@id":"https:\/\/fjala.info\/2009-2015\/rreziku-i-protestave-shba-mbyll-ambasaden-ne-tirane\/","url":"https:\/\/fjala.info\/2009-2015\/rreziku-i-protestave-shba-mbyll-ambasaden-ne-tirane\/","name":"Rreziku i protestave SHBA \u201cmbyll\u201d ambasad\u00ebn n\u00eb Tiran\u00eb - FjALA e LIR\u00cb - Arkivi","isPartOf":{"@id":"https:\/\/fjala.info\/2009-2015\/#website"},"primaryImageOfPage":{"@id":"https:\/\/fjala.info\/2009-2015\/rreziku-i-protestave-shba-mbyll-ambasaden-ne-tirane\/#primaryimage"},"image":{"@id":"https:\/\/fjala.info\/2009-2015\/rreziku-i-protestave-shba-mbyll-ambasaden-ne-tirane\/#primaryimage"},"thumbnailUrl":"http:\/\/fjala.shkoder.net\/wp-content\/uploads\/2011\/01\/ambasada_amerikane.jpg","datePublished":"2011-01-23T11:16:50+00:00","breadcrumb":{"@id":"https:\/\/fjala.info\/2009-2015\/rreziku-i-protestave-shba-mbyll-ambasaden-ne-tirane\/#breadcrumb"},"inLanguage":"sq-AL","potentialAction":[{"@type":"ReadAction","target":["https:\/\/fjala.info\/2009-2015\/rreziku-i-protestave-shba-mbyll-ambasaden-ne-tirane\/"]}]},{"@type":"ImageObject","inLanguage":"sq-AL","@id":"https:\/\/fjala.info\/2009-2015\/rreziku-i-protestave-shba-mbyll-ambasaden-ne-tirane\/#primaryimage","url":"http:\/\/fjala.shkoder.net\/wp-content\/uploads\/2011\/01\/ambasada_amerikane.jpg","contentUrl":"http:\/\/fjala.shkoder.net\/wp-content\/uploads\/2011\/01\/ambasada_amerikane.jpg"},{"@type":"BreadcrumbList","@id":"https:\/\/fjala.info\/2009-2015\/rreziku-i-protestave-shba-mbyll-ambasaden-ne-tirane\/#breadcrumb","itemListElement":[{"@type":"ListItem","position":1,"name":"Home","item":"https:\/\/fjala.info\/2009-2015\/"},{"@type":"ListItem","position":2,"name":"Rreziku i protestave SHBA \u201cmbyll\u201d ambasad\u00ebn n\u00eb Tiran\u00eb"}]},{"@type":"WebSite","@id":"https:\/\/fjala.info\/2009-2015\/#website","url":"https:\/\/fjala.info\/2009-2015\/","name":"FjALA e LIR\u00cb - Arkivi","description":"Arkivi 2009-2015","publisher":{"@id":"https:\/\/fjala.info\/2009-2015\/#organization"},"potentialAction":[{"@type":"SearchAction","target":{"@type":"EntryPoint","urlTemplate":"https:\/\/fjala.info\/2009-2015\/?s={search_term_string}"},"query-input":{"@type":"PropertyValueSpecification","valueRequired":true,"valueName":"search_term_string"}}],"inLanguage":"sq-AL"},{"@type":"Organization","@id":"https:\/\/fjala.info\/2009-2015\/#organization","name":"FjALA e LIR\u00cb - Arkivi","url":"https:\/\/fjala.info\/2009-2015\/","logo":{"@type":"ImageObject","inLanguage":"sq-AL","@id":"https:\/\/fjala.info\/2009-2015\/#\/schema\/logo\/image\/","url":"","contentUrl":"","caption":"FjALA e LIR\u00cb - Arkivi"},"image":{"@id":"https:\/\/fjala.info\/2009-2015\/#\/schema\/logo\/image\/"}},{"@type":"Person","@id":"https:\/\/fjala.info\/2009-2015\/#\/schema\/person\/3aa1163ef05469c496fc94e77611ada2","name":"admin","image":{"@type":"ImageObject","inLanguage":"sq-AL","@id":"https:\/\/fjala.info\/2009-2015\/wp-content\/uploads\/2012\/02\/arben_cokaj-120x150.jpg","url":"https:\/\/fjala.info\/2009-2015\/wp-content\/uploads\/2012\/02\/arben_cokaj-120x150.jpg","contentUrl":"https:\/\/fjala.info\/2009-2015\/wp-content\/uploads\/2012\/02\/arben_cokaj-120x150.jpg","caption":"admin"},"description":"Admin, Fjala e Lir\u00eb","sameAs":["https:\/\/fjala.info\/"],"url":"https:\/\/fjala.info\/2009-2015\/author\/admin\/"}]}},"_links":{"self":[{"href":"https:\/\/fjala.info\/2009-2015\/wp-json\/wp\/v2\/posts\/5846","targetHints":{"allow":["GET"]}}],"collection":[{"href":"https:\/\/fjala.info\/2009-2015\/wp-json\/wp\/v2\/posts"}],"about":[{"href":"https:\/\/fjala.info\/2009-2015\/wp-json\/wp\/v2\/types\/post"}],"author":[{"embeddable":true,"href":"https:\/\/fjala.info\/2009-2015\/wp-json\/wp\/v2\/users\/1"}],"replies":[{"embeddable":true,"href":"https:\/\/fjala.info\/2009-2015\/wp-json\/wp\/v2\/comments?post=5846"}],"version-history":[{"count":0,"href":"https:\/\/fjala.info\/2009-2015\/wp-json\/wp\/v2\/posts\/5846\/revisions"}],"wp:attachment":[{"href":"https:\/\/fjala.info\/2009-2015\/wp-json\/wp\/v2\/media?parent=5846"}],"wp:term":[{"taxonomy":"category","embeddable":true,"href":"https:\/\/fjala.info\/2009-2015\/wp-json\/wp\/v2\/categories?post=5846"},{"taxonomy":"post_tag","embeddable":true,"href":"https:\/\/fjala.info\/2009-2015\/wp-json\/wp\/v2\/tags?post=5846"}],"curies":[{"name":"wp","href":"https:\/\/api.w.org\/{rel}","templated":true}]}}