{"id":5843,"date":"2011-01-23T00:20:38","date_gmt":"2011-01-22T23:20:38","guid":{"rendered":"http:\/\/fjala.shkoder.net\/?p=5843"},"modified":"2011-01-23T00:20:38","modified_gmt":"2011-01-22T23:20:38","slug":"terror-per-pushtet","status":"publish","type":"post","link":"https:\/\/fjala.info\/2009-2015\/terror-per-pushtet\/","title":{"rendered":"Terror p\u00ebr pushtet"},"content":{"rendered":"<p><img loading=\"lazy\" decoding=\"async\" class=\"alignleft size-medium wp-image-5854\" title=\"Sali Ram Berisha\" src=\"http:\/\/fjala.shkoder.net\/wp-content\/uploads\/2011\/01\/sali_berisha_jan11-300x225.jpg\" alt=\"\" width=\"300\" height=\"225\" \/><\/p>\n<p><strong>Redaksionale<\/strong>, <em>22.01.2011<\/em><\/p>\n<p>Dhuna shtet\u00ebrore e sh\u00ebnd\u00ebrroi dje demonstrat\u00ebn e paralajm\u00ebruar t\u00eb opozit\u00ebs shqiptare n\u00eb gjakderdhje dhe anarki, q\u00eb p\u00ebrfundoi me vrasjen e tre protestuesve, dhjetra t\u00eb plagosur dhe qindra t\u00eb l\u00ebnduar. Sheshi p\u00ebrball\u00eb kryeministris\u00eb historikisht ka qen\u00eb aren\u00eb protestash t\u00eb dhunshme kund\u00ebr qeverive n\u00eb k\u00ebto 20 vitet e fundit, por asnj\u00ebher\u00eb nuk \u00ebsht\u00eb shnd\u00ebrruar n\u00eb shesh dhune dhe terrori si dje, me kaq viktima jet\u00ebsh njer\u00ebzore dhe kaq gjak t\u00eb derdhur.<\/p>\n<p>Dhun\u00eb ndaj godin\u00ebs s\u00eb kryeministris\u00eb ka b\u00ebr\u00eb dy her\u00eb partia e Sali Berish\u00ebs n\u00eb 13 dhe 14 shtator 1998, madje duke i v\u00ebn\u00eb flak\u00ebn edhe zyr\u00ebs s\u00eb ish-kryeministrit Nano, duke kallur n\u00eb flak\u00eb makinat e administrat\u00ebs shtet\u00ebrore.<\/p>\n<p>Madje m\u00eb tej, duke shkat\u00ebrruar dhe bastisur godin\u00ebn e kryesis\u00eb s\u00eb Kuvendit t\u00eb Shqip\u00ebris\u00eb, duke pushtuar dhe mbajtur peng selin\u00eb e RTVSH-s\u00eb dhe t\u00eb institucioneve t\u00eb tjera q\u00eb simbolizonin pushtetin e t\u00eb majt\u00ebs q\u00eb akuzohej p\u00ebr vrasjen e liderit t\u00eb Dhjetorit Azem Hajdari. Pas k\u00ebsaj e majta u detyrua t\u00eb merrte p\u00ebrgjegj\u00ebsin\u00eb p\u00ebr dhun\u00ebn dy ditore q\u00eb ushtroi turma e irrituar e PD-s\u00eb, me dor\u00ebheqjen e dhe Nanos dhe z\u00ebvend\u00ebsimin e tij nga nj\u00eb figur\u00eb e brisht\u00eb si Pandeli Majko.<\/p>\n<p>Sali Berisha urdh\u00ebruesi i k\u00ebtyre sulmeve t\u00eb dhunshme ndaj institucioneve, dje jo vet\u00ebm nuk dha dor\u00ebheqjen, por p\u00ebr t\u00eb ruajtur pushtetin e tij e shtypi demonstrat\u00ebn popullore me gjak dhe terror.<br \/>\nTre viktimat e djeshme jan\u00eb vrar\u00eb nga plumbat e ardhur nga brenda institucioneve qeveritare. N\u00eb nj\u00eb video q\u00eb \u00ebsht\u00eb n\u00eb Shekulli Online dhe po b\u00ebn xhiron e bot\u00ebs e q\u00eb e k\u00ebrkoi edhe prokuroria si prov\u00eb materiale, duket qart\u00eb nj\u00eb protestues me duar n\u00eb xhepa q\u00eb q\u00ebllohet nga selia e kryeministris\u00eb.<\/p>\n<p>Publicisti Ardian Klosi e dha d\u00ebshmin\u00eb e tij p\u00ebr vrasjen e protestuesit tjet\u00ebr, me plumb n\u00eb ball\u00eb t\u00eb gjuajtur nga nj\u00eb snajper mbi godin\u00ebn e ish-Komitetit Qendror. Plumbat e gjetur n\u00eb bulevard tregojn\u00eb ashiqare se kan\u00eb dal\u00eb nga arm\u00eb q\u00eb jan\u00eb p\u00ebrdorur dje nga garda e Republik\u00ebs.<\/p>\n<p>Qeveria ka variantin e saj: kryeministri Sali Berisha, ministri i brendsh\u00ebm Lulzim Basha apo ministri i Mbrojtjes Arben Imami kishin dje nj\u00eb alibi p\u00ebr vrasjen e tre shqiptar\u00ebve: ishin q\u00eblluar me revole t\u00eb lehta, nga turma, mund\u00ebsisht pas veshit. Me gjakftoht\u00ebsin\u00eb e kriminel\u00ebve t\u00eb sprovuar, ata u distancuan nga aktet kriminale, duke akuzuar opozit\u00ebn si vras\u00ebse t\u00eb jet\u00ebve t\u00eb pafajshme.<\/p>\n<p>Me cinizmin dhe burracak\u00ebrin\u00eb e shtetit q\u00eb ka r\u00ebn\u00eb, por mbahet vet\u00ebm p\u00ebr t\u00eb vijuar bat\u00ebrdin\u00eb me t\u00eb mirat materiale t\u00eb vendit, qindra polic\u00eb dhunuan dhjetra qytetar\u00eb t\u00eb pafajsh\u00ebm q\u00eb ndodheshin n\u00eb lokalet e Kullave Binjake, p\u00ebrball\u00eb selis\u00eb s\u00eb qeveris\u00eb.<\/p>\n<p>Njer\u00ebz t\u00eb thjesht\u00eb, gazetar\u00eb, apo kalimtar\u00eb u b\u00ebn\u00eb pre e dhun\u00ebs barbare, e asaj policie, e cila u fsheh burracak\u00ebrisht, kur disa vandal\u00eb po p\u00ebrfitonin nga kaosi p\u00ebr t\u00eb shkat\u00ebrruar gjith\u00ebka u dilte p\u00ebrpara.<br \/>\nMesazhi i k\u00ebsaj dhune \u00ebsht\u00eb i qart\u00eb: t&#8217;i shtypet koka \u00ebdo kund\u00ebrshtari q\u00eb proteston kund\u00ebr qeveris\u00eb.<\/p>\n<p>K\u00ebt\u00eb mesazh doli tu thoshte mbr\u00ebm\u00eb shqiptar\u00ebve t\u00eb vrar\u00eb, t\u00eb plagosur dhe t\u00eb dhunuar kryeministri Sali Berisha. Doli p\u00ebr tu treguar se \u00ebsht\u00eb aty dhe do t\u00eb jet\u00eb pa pyetur p\u00ebr jet\u00ebt njer\u00ebzore. Do t\u00eb jet\u00eb aty n\u00eb selin\u00eb e qeveris\u00eb, simbolin e pushtetit q\u00eb vret, vjedh dhe dhunon k\u00ebdo q\u00eb i del kund\u00ebr. Sepse \u00ebsht\u00eb i pap\u00ebrgjegjsh\u00ebm p\u00ebr ata q\u00eb ka vrar\u00eb dhe do t\u00eb vras\u00eb k\u00ebdo q\u00eb i k\u00ebrkon t\u00eb heq\u00eb dor\u00eb nga pushteti dhe pasurit\u00eb e vjedhura me dhun\u00eb.<\/p>\n<p>Sali Berisha p\u00ebrmendi mbr\u00ebm\u00eb skenarin tunizian t\u00eb orkestruar nga opozita, sepse n\u00eb subkoshienc\u00ebn e tij ai e di se p\u00ebr shqiptar\u00ebt sot, ai \u00ebsht\u00eb si Ben Aliu I Tunizis\u00eb dhe se oborri i tij \u00ebsht\u00eb po ai q\u00eb shtypte me dor\u00eb t\u00eb herkurt prej dekadash tunizian\u00ebt e skamur dhe t\u00eb dhunuar.<\/p>\n<p>Gjith\u00eb ai popull q\u00eb dje erdhi mes nj\u00ebmij\u00eb e nj\u00eb pengesash shtet\u00ebrore dhe policore n\u00eb Tiran\u00eb, i tregoi Sali Berish\u00ebs se zem\u00ebrimi antiqeveritar ka arritur aty ku s&#8217;mban m\u00eb, se shqiptar\u00ebt nuk mund t\u00eb jetojn\u00eb m\u00eb n\u00ebn diktatur\u00ebn e tij q\u00eb u vjedh vot\u00ebn, buk\u00ebn e f\u00ebmij\u00ebve, dhe pastaj i vret vet\u00ebm e vet\u00ebm p\u00ebr t\u00eb mbajtur veten n\u00eb krye t\u00eb nj\u00eb pushteti gjakpir\u00ebs.<\/p>\n","protected":false},"excerpt":{"rendered":"<p>Redaksionale, 22.01.2011 Dhuna shtet\u00ebrore e sh\u00ebnd\u00ebrroi dje demonstrat\u00ebn e paralajm\u00ebruar t\u00eb opozit\u00ebs shqiptare n\u00eb gjakderdhje dhe anarki, q\u00eb p\u00ebrfundoi me vrasjen e tre protestuesve, dhjetra t\u00eb plagosur dhe qindra t\u00eb l\u00ebnduar. Sheshi p\u00ebrball\u00eb kryeministris\u00eb historikisht ka qen\u00eb aren\u00eb protestash t\u00eb dhunshme kund\u00ebr qeverive n\u00eb k\u00ebto 20 vitet e fundit, por asnj\u00ebher\u00eb nuk \u00ebsht\u00eb shnd\u00ebrruar n\u00eb [&hellip;]<\/p>\n","protected":false},"author":1,"featured_media":0,"comment_status":"open","ping_status":"closed","sticky":false,"template":"","format":"standard","meta":{"footnotes":""},"categories":[2],"tags":[],"class_list":{"0":"post-5843","1":"post","2":"type-post","3":"status-publish","4":"format-standard","6":"category-artikuj"},"yoast_head":"<!-- This site is optimized with the Yoast SEO plugin v27.4 - https:\/\/yoast.com\/product\/yoast-seo-wordpress\/ -->\n<title>Terror p\u00ebr pushtet - FjALA e LIR\u00cb - Arkivi<\/title>\n<meta name=\"robots\" content=\"index, follow, max-snippet:-1, max-image-preview:large, max-video-preview:-1\" \/>\n<link rel=\"canonical\" href=\"https:\/\/fjala.info\/2009-2015\/terror-per-pushtet\/\" \/>\n<meta property=\"og:locale\" content=\"sq_AL\" \/>\n<meta property=\"og:type\" content=\"article\" \/>\n<meta property=\"og:title\" content=\"Terror p\u00ebr pushtet - FjALA e LIR\u00cb - Arkivi\" \/>\n<meta property=\"og:description\" content=\"Redaksionale, 22.01.2011 Dhuna shtet\u00ebrore e sh\u00ebnd\u00ebrroi dje demonstrat\u00ebn e paralajm\u00ebruar t\u00eb opozit\u00ebs shqiptare n\u00eb gjakderdhje dhe anarki, q\u00eb p\u00ebrfundoi me vrasjen e tre protestuesve, dhjetra t\u00eb plagosur dhe qindra t\u00eb l\u00ebnduar. Sheshi p\u00ebrball\u00eb kryeministris\u00eb historikisht ka qen\u00eb aren\u00eb protestash t\u00eb dhunshme kund\u00ebr qeverive n\u00eb k\u00ebto 20 vitet e fundit, por asnj\u00ebher\u00eb nuk \u00ebsht\u00eb shnd\u00ebrruar n\u00eb [&hellip;]\" \/>\n<meta property=\"og:url\" content=\"https:\/\/fjala.info\/2009-2015\/terror-per-pushtet\/\" \/>\n<meta property=\"og:site_name\" content=\"FjALA e LIR\u00cb - Arkivi\" \/>\n<meta property=\"article:published_time\" content=\"2011-01-22T23:20:38+00:00\" \/>\n<meta property=\"og:image\" content=\"http:\/\/fjala.shkoder.net\/wp-content\/uploads\/2011\/01\/sali_berisha_jan11-300x225.jpg\" \/>\n<meta name=\"author\" content=\"admin\" \/>\n<meta name=\"twitter:card\" content=\"summary_large_image\" \/>\n<meta name=\"twitter:label1\" content=\"Written by\" \/>\n\t<meta name=\"twitter:data1\" content=\"admin\" \/>\n\t<meta name=\"twitter:label2\" content=\"Est. reading time\" \/>\n\t<meta name=\"twitter:data2\" content=\"4 minutes\" \/>\n<script type=\"application\/ld+json\" class=\"yoast-schema-graph\">{\"@context\":\"https:\\\/\\\/schema.org\",\"@graph\":[{\"@type\":\"Article\",\"@id\":\"https:\\\/\\\/fjala.info\\\/2009-2015\\\/terror-per-pushtet\\\/#article\",\"isPartOf\":{\"@id\":\"https:\\\/\\\/fjala.info\\\/2009-2015\\\/terror-per-pushtet\\\/\"},\"author\":{\"name\":\"admin\",\"@id\":\"https:\\\/\\\/fjala.info\\\/2009-2015\\\/#\\\/schema\\\/person\\\/3aa1163ef05469c496fc94e77611ada2\"},\"headline\":\"Terror p\u00ebr pushtet\",\"datePublished\":\"2011-01-22T23:20:38+00:00\",\"mainEntityOfPage\":{\"@id\":\"https:\\\/\\\/fjala.info\\\/2009-2015\\\/terror-per-pushtet\\\/\"},\"wordCount\":781,\"commentCount\":0,\"publisher\":{\"@id\":\"https:\\\/\\\/fjala.info\\\/2009-2015\\\/#organization\"},\"image\":{\"@id\":\"https:\\\/\\\/fjala.info\\\/2009-2015\\\/terror-per-pushtet\\\/#primaryimage\"},\"thumbnailUrl\":\"http:\\\/\\\/fjala.shkoder.net\\\/wp-content\\\/uploads\\\/2011\\\/01\\\/sali_berisha_jan11-300x225.jpg\",\"articleSection\":[\"Artikuj\"],\"inLanguage\":\"sq-AL\",\"potentialAction\":[{\"@type\":\"CommentAction\",\"name\":\"Comment\",\"target\":[\"https:\\\/\\\/fjala.info\\\/2009-2015\\\/terror-per-pushtet\\\/#respond\"]}]},{\"@type\":\"WebPage\",\"@id\":\"https:\\\/\\\/fjala.info\\\/2009-2015\\\/terror-per-pushtet\\\/\",\"url\":\"https:\\\/\\\/fjala.info\\\/2009-2015\\\/terror-per-pushtet\\\/\",\"name\":\"Terror p\u00ebr pushtet - FjALA e LIR\u00cb - Arkivi\",\"isPartOf\":{\"@id\":\"https:\\\/\\\/fjala.info\\\/2009-2015\\\/#website\"},\"primaryImageOfPage\":{\"@id\":\"https:\\\/\\\/fjala.info\\\/2009-2015\\\/terror-per-pushtet\\\/#primaryimage\"},\"image\":{\"@id\":\"https:\\\/\\\/fjala.info\\\/2009-2015\\\/terror-per-pushtet\\\/#primaryimage\"},\"thumbnailUrl\":\"http:\\\/\\\/fjala.shkoder.net\\\/wp-content\\\/uploads\\\/2011\\\/01\\\/sali_berisha_jan11-300x225.jpg\",\"datePublished\":\"2011-01-22T23:20:38+00:00\",\"breadcrumb\":{\"@id\":\"https:\\\/\\\/fjala.info\\\/2009-2015\\\/terror-per-pushtet\\\/#breadcrumb\"},\"inLanguage\":\"sq-AL\",\"potentialAction\":[{\"@type\":\"ReadAction\",\"target\":[\"https:\\\/\\\/fjala.info\\\/2009-2015\\\/terror-per-pushtet\\\/\"]}]},{\"@type\":\"ImageObject\",\"inLanguage\":\"sq-AL\",\"@id\":\"https:\\\/\\\/fjala.info\\\/2009-2015\\\/terror-per-pushtet\\\/#primaryimage\",\"url\":\"http:\\\/\\\/fjala.shkoder.net\\\/wp-content\\\/uploads\\\/2011\\\/01\\\/sali_berisha_jan11-300x225.jpg\",\"contentUrl\":\"http:\\\/\\\/fjala.shkoder.net\\\/wp-content\\\/uploads\\\/2011\\\/01\\\/sali_berisha_jan11-300x225.jpg\"},{\"@type\":\"BreadcrumbList\",\"@id\":\"https:\\\/\\\/fjala.info\\\/2009-2015\\\/terror-per-pushtet\\\/#breadcrumb\",\"itemListElement\":[{\"@type\":\"ListItem\",\"position\":1,\"name\":\"Home\",\"item\":\"https:\\\/\\\/fjala.info\\\/2009-2015\\\/\"},{\"@type\":\"ListItem\",\"position\":2,\"name\":\"Terror p\u00ebr pushtet\"}]},{\"@type\":\"WebSite\",\"@id\":\"https:\\\/\\\/fjala.info\\\/2009-2015\\\/#website\",\"url\":\"https:\\\/\\\/fjala.info\\\/2009-2015\\\/\",\"name\":\"FjALA e LIR\u00cb - Arkivi\",\"description\":\"Arkivi 2009-2015\",\"publisher\":{\"@id\":\"https:\\\/\\\/fjala.info\\\/2009-2015\\\/#organization\"},\"potentialAction\":[{\"@type\":\"SearchAction\",\"target\":{\"@type\":\"EntryPoint\",\"urlTemplate\":\"https:\\\/\\\/fjala.info\\\/2009-2015\\\/?s={search_term_string}\"},\"query-input\":{\"@type\":\"PropertyValueSpecification\",\"valueRequired\":true,\"valueName\":\"search_term_string\"}}],\"inLanguage\":\"sq-AL\"},{\"@type\":\"Organization\",\"@id\":\"https:\\\/\\\/fjala.info\\\/2009-2015\\\/#organization\",\"name\":\"FjALA e LIR\u00cb - Arkivi\",\"url\":\"https:\\\/\\\/fjala.info\\\/2009-2015\\\/\",\"logo\":{\"@type\":\"ImageObject\",\"inLanguage\":\"sq-AL\",\"@id\":\"https:\\\/\\\/fjala.info\\\/2009-2015\\\/#\\\/schema\\\/logo\\\/image\\\/\",\"url\":\"\",\"contentUrl\":\"\",\"caption\":\"FjALA e LIR\u00cb - Arkivi\"},\"image\":{\"@id\":\"https:\\\/\\\/fjala.info\\\/2009-2015\\\/#\\\/schema\\\/logo\\\/image\\\/\"}},{\"@type\":\"Person\",\"@id\":\"https:\\\/\\\/fjala.info\\\/2009-2015\\\/#\\\/schema\\\/person\\\/3aa1163ef05469c496fc94e77611ada2\",\"name\":\"admin\",\"image\":{\"@type\":\"ImageObject\",\"inLanguage\":\"sq-AL\",\"@id\":\"https:\\\/\\\/fjala.info\\\/2009-2015\\\/wp-content\\\/uploads\\\/2012\\\/02\\\/arben_cokaj-120x150.jpg\",\"url\":\"https:\\\/\\\/fjala.info\\\/2009-2015\\\/wp-content\\\/uploads\\\/2012\\\/02\\\/arben_cokaj-120x150.jpg\",\"contentUrl\":\"https:\\\/\\\/fjala.info\\\/2009-2015\\\/wp-content\\\/uploads\\\/2012\\\/02\\\/arben_cokaj-120x150.jpg\",\"caption\":\"admin\"},\"description\":\"Admin, Fjala e Lir\u00eb\",\"sameAs\":[\"https:\\\/\\\/fjala.info\\\/\"],\"url\":\"https:\\\/\\\/fjala.info\\\/2009-2015\\\/author\\\/admin\\\/\"}]}<\/script>\n<!-- \/ Yoast SEO plugin. -->","yoast_head_json":{"title":"Terror p\u00ebr pushtet - FjALA e LIR\u00cb - Arkivi","robots":{"index":"index","follow":"follow","max-snippet":"max-snippet:-1","max-image-preview":"max-image-preview:large","max-video-preview":"max-video-preview:-1"},"canonical":"https:\/\/fjala.info\/2009-2015\/terror-per-pushtet\/","og_locale":"sq_AL","og_type":"article","og_title":"Terror p\u00ebr pushtet - FjALA e LIR\u00cb - Arkivi","og_description":"Redaksionale, 22.01.2011 Dhuna shtet\u00ebrore e sh\u00ebnd\u00ebrroi dje demonstrat\u00ebn e paralajm\u00ebruar t\u00eb opozit\u00ebs shqiptare n\u00eb gjakderdhje dhe anarki, q\u00eb p\u00ebrfundoi me vrasjen e tre protestuesve, dhjetra t\u00eb plagosur dhe qindra t\u00eb l\u00ebnduar. Sheshi p\u00ebrball\u00eb kryeministris\u00eb historikisht ka qen\u00eb aren\u00eb protestash t\u00eb dhunshme kund\u00ebr qeverive n\u00eb k\u00ebto 20 vitet e fundit, por asnj\u00ebher\u00eb nuk \u00ebsht\u00eb shnd\u00ebrruar n\u00eb [&hellip;]","og_url":"https:\/\/fjala.info\/2009-2015\/terror-per-pushtet\/","og_site_name":"FjALA e LIR\u00cb - Arkivi","article_published_time":"2011-01-22T23:20:38+00:00","og_image":[{"url":"http:\/\/fjala.shkoder.net\/wp-content\/uploads\/2011\/01\/sali_berisha_jan11-300x225.jpg","type":"","width":"","height":""}],"author":"admin","twitter_card":"summary_large_image","twitter_misc":{"Written by":"admin","Est. reading time":"4 minutes"},"schema":{"@context":"https:\/\/schema.org","@graph":[{"@type":"Article","@id":"https:\/\/fjala.info\/2009-2015\/terror-per-pushtet\/#article","isPartOf":{"@id":"https:\/\/fjala.info\/2009-2015\/terror-per-pushtet\/"},"author":{"name":"admin","@id":"https:\/\/fjala.info\/2009-2015\/#\/schema\/person\/3aa1163ef05469c496fc94e77611ada2"},"headline":"Terror p\u00ebr pushtet","datePublished":"2011-01-22T23:20:38+00:00","mainEntityOfPage":{"@id":"https:\/\/fjala.info\/2009-2015\/terror-per-pushtet\/"},"wordCount":781,"commentCount":0,"publisher":{"@id":"https:\/\/fjala.info\/2009-2015\/#organization"},"image":{"@id":"https:\/\/fjala.info\/2009-2015\/terror-per-pushtet\/#primaryimage"},"thumbnailUrl":"http:\/\/fjala.shkoder.net\/wp-content\/uploads\/2011\/01\/sali_berisha_jan11-300x225.jpg","articleSection":["Artikuj"],"inLanguage":"sq-AL","potentialAction":[{"@type":"CommentAction","name":"Comment","target":["https:\/\/fjala.info\/2009-2015\/terror-per-pushtet\/#respond"]}]},{"@type":"WebPage","@id":"https:\/\/fjala.info\/2009-2015\/terror-per-pushtet\/","url":"https:\/\/fjala.info\/2009-2015\/terror-per-pushtet\/","name":"Terror p\u00ebr pushtet - FjALA e LIR\u00cb - Arkivi","isPartOf":{"@id":"https:\/\/fjala.info\/2009-2015\/#website"},"primaryImageOfPage":{"@id":"https:\/\/fjala.info\/2009-2015\/terror-per-pushtet\/#primaryimage"},"image":{"@id":"https:\/\/fjala.info\/2009-2015\/terror-per-pushtet\/#primaryimage"},"thumbnailUrl":"http:\/\/fjala.shkoder.net\/wp-content\/uploads\/2011\/01\/sali_berisha_jan11-300x225.jpg","datePublished":"2011-01-22T23:20:38+00:00","breadcrumb":{"@id":"https:\/\/fjala.info\/2009-2015\/terror-per-pushtet\/#breadcrumb"},"inLanguage":"sq-AL","potentialAction":[{"@type":"ReadAction","target":["https:\/\/fjala.info\/2009-2015\/terror-per-pushtet\/"]}]},{"@type":"ImageObject","inLanguage":"sq-AL","@id":"https:\/\/fjala.info\/2009-2015\/terror-per-pushtet\/#primaryimage","url":"http:\/\/fjala.shkoder.net\/wp-content\/uploads\/2011\/01\/sali_berisha_jan11-300x225.jpg","contentUrl":"http:\/\/fjala.shkoder.net\/wp-content\/uploads\/2011\/01\/sali_berisha_jan11-300x225.jpg"},{"@type":"BreadcrumbList","@id":"https:\/\/fjala.info\/2009-2015\/terror-per-pushtet\/#breadcrumb","itemListElement":[{"@type":"ListItem","position":1,"name":"Home","item":"https:\/\/fjala.info\/2009-2015\/"},{"@type":"ListItem","position":2,"name":"Terror p\u00ebr pushtet"}]},{"@type":"WebSite","@id":"https:\/\/fjala.info\/2009-2015\/#website","url":"https:\/\/fjala.info\/2009-2015\/","name":"FjALA e LIR\u00cb - Arkivi","description":"Arkivi 2009-2015","publisher":{"@id":"https:\/\/fjala.info\/2009-2015\/#organization"},"potentialAction":[{"@type":"SearchAction","target":{"@type":"EntryPoint","urlTemplate":"https:\/\/fjala.info\/2009-2015\/?s={search_term_string}"},"query-input":{"@type":"PropertyValueSpecification","valueRequired":true,"valueName":"search_term_string"}}],"inLanguage":"sq-AL"},{"@type":"Organization","@id":"https:\/\/fjala.info\/2009-2015\/#organization","name":"FjALA e LIR\u00cb - Arkivi","url":"https:\/\/fjala.info\/2009-2015\/","logo":{"@type":"ImageObject","inLanguage":"sq-AL","@id":"https:\/\/fjala.info\/2009-2015\/#\/schema\/logo\/image\/","url":"","contentUrl":"","caption":"FjALA e LIR\u00cb - Arkivi"},"image":{"@id":"https:\/\/fjala.info\/2009-2015\/#\/schema\/logo\/image\/"}},{"@type":"Person","@id":"https:\/\/fjala.info\/2009-2015\/#\/schema\/person\/3aa1163ef05469c496fc94e77611ada2","name":"admin","image":{"@type":"ImageObject","inLanguage":"sq-AL","@id":"https:\/\/fjala.info\/2009-2015\/wp-content\/uploads\/2012\/02\/arben_cokaj-120x150.jpg","url":"https:\/\/fjala.info\/2009-2015\/wp-content\/uploads\/2012\/02\/arben_cokaj-120x150.jpg","contentUrl":"https:\/\/fjala.info\/2009-2015\/wp-content\/uploads\/2012\/02\/arben_cokaj-120x150.jpg","caption":"admin"},"description":"Admin, Fjala e Lir\u00eb","sameAs":["https:\/\/fjala.info\/"],"url":"https:\/\/fjala.info\/2009-2015\/author\/admin\/"}]}},"_links":{"self":[{"href":"https:\/\/fjala.info\/2009-2015\/wp-json\/wp\/v2\/posts\/5843","targetHints":{"allow":["GET"]}}],"collection":[{"href":"https:\/\/fjala.info\/2009-2015\/wp-json\/wp\/v2\/posts"}],"about":[{"href":"https:\/\/fjala.info\/2009-2015\/wp-json\/wp\/v2\/types\/post"}],"author":[{"embeddable":true,"href":"https:\/\/fjala.info\/2009-2015\/wp-json\/wp\/v2\/users\/1"}],"replies":[{"embeddable":true,"href":"https:\/\/fjala.info\/2009-2015\/wp-json\/wp\/v2\/comments?post=5843"}],"version-history":[{"count":0,"href":"https:\/\/fjala.info\/2009-2015\/wp-json\/wp\/v2\/posts\/5843\/revisions"}],"wp:attachment":[{"href":"https:\/\/fjala.info\/2009-2015\/wp-json\/wp\/v2\/media?parent=5843"}],"wp:term":[{"taxonomy":"category","embeddable":true,"href":"https:\/\/fjala.info\/2009-2015\/wp-json\/wp\/v2\/categories?post=5843"},{"taxonomy":"post_tag","embeddable":true,"href":"https:\/\/fjala.info\/2009-2015\/wp-json\/wp\/v2\/tags?post=5843"}],"curies":[{"name":"wp","href":"https:\/\/api.w.org\/{rel}","templated":true}]}}