{"id":5840,"date":"2011-01-23T00:18:57","date_gmt":"2011-01-22T23:18:57","guid":{"rendered":"http:\/\/fjala.shkoder.net\/?p=5840"},"modified":"2011-01-23T00:18:57","modified_gmt":"2011-01-22T23:18:57","slug":"vrasja-e-dyte-gazetari-i-abc-ngjitur-me-viktimen-na-qelloi-garda","status":"publish","type":"post","link":"https:\/\/fjala.info\/2009-2015\/vrasja-e-dyte-gazetari-i-abc-ngjitur-me-viktimen-na-qelloi-garda\/","title":{"rendered":"Vrasja e dyt\u00eb, gazetari i ABC ngjitur me viktim\u00ebn: Na q\u00eblloi Garda"},"content":{"rendered":"<p><img loading=\"lazy\" decoding=\"async\" class=\"alignright size-full wp-image-5841\" title=\"vrasja_dyte\" src=\"http:\/\/fjala.shkoder.net\/wp-content\/uploads\/2011\/01\/vrasja_dyte.jpg\" alt=\"\" width=\"300\" height=\"200\" \/><strong>Shekulli Online<\/strong>, <em>22.01.2011<\/em><\/p>\n<p>Shumica e stacioneve televizive ne Tirane kan\u00eb vijuar t\u00eb paraqesin versionin e qeveris\u00eb se vrasjet nuk jan\u00eb b\u00ebr\u00eb nga garda, por nj\u00eb gazetar i ABC News (televizioni informativ i grupit t\u00eb TV Klan) , \u00ebsht\u00eb plagosur vet\u00eb gjat\u00eb protest\u00ebs s\u00eb djeshme dhe ka n\u00eb p\u00ebll\u00ebmb\u00ebn e dor\u00ebs, plag\u00eb plumbi nga arm\u00eb t\u00eb Gard\u00ebs.<\/p>\n<p>Ai ka d\u00ebshmuar dje n\u00eb prokurori. Behet fjale per gazetarin q\u00eb mbulon kronik\u00ebn n\u00eb ABC News, dhe \u00ebsht\u00eb q\u00eblluar n\u00eb dor\u00eb nga forcat e gard\u00ebs.<br \/>\nGazetari ishte i vendosur mbi nj\u00eb platform\u00eb, t\u00eb ngritur posa\u00e7\u00ebrisht p\u00ebr t\u00eb filmuar. (SHIKO GALERI FOTO).<\/p>\n<p>Forcat e gard\u00ebs kan\u00eb q\u00eblluar mbi personat q\u00eb ndodheshin mbi t\u00eb. I ndjeri qe shihet duke u permbysur nga platforma eshte njeri prej viktimave te demonstrates. Ai dhe viktimat e tjera, mes te cilave edhe viktima e videos ne dere te Kryeministrise jane qelluar thuajse ne te njejtin moment, cka te le te nenkuptosh qe ka qene nje urdher i zbatuar njekohesisht nga disa pika zjarri.<\/p>\n<p>Gazetari i ABC News ndodhej ngjitur me viktimes dhe ka &#8220;pritur&#8221; njeri nga plumbat. As TV Klan as ABC nuk e kane dhene lajmin per plagosjen e gazetarit te tyre. Dje ne demonstrate jane rrahur dhe plagosur se paku 4 punonjes te medias, mes te cileve redaktori i sektorit politik ne Shekulli, Ened Janina, i cili ka fraktura ne trup dhe koke nga goditjet e forcave speciale gjate raprezaljes ne lokale private prane bulevardit pas shperndaresve te demonstruesve.<\/p>\n","protected":false},"excerpt":{"rendered":"<p>Shekulli Online, 22.01.2011 Shumica e stacioneve televizive ne Tirane kan\u00eb vijuar t\u00eb paraqesin versionin e qeveris\u00eb se vrasjet nuk jan\u00eb b\u00ebr\u00eb nga garda, por nj\u00eb gazetar i ABC News (televizioni informativ i grupit t\u00eb TV Klan) , \u00ebsht\u00eb plagosur vet\u00eb gjat\u00eb protest\u00ebs s\u00eb djeshme dhe ka n\u00eb p\u00ebll\u00ebmb\u00ebn e dor\u00ebs, plag\u00eb plumbi nga arm\u00eb t\u00eb [&hellip;]<\/p>\n","protected":false},"author":1,"featured_media":0,"comment_status":"open","ping_status":"closed","sticky":false,"template":"","format":"standard","meta":{"footnotes":""},"categories":[2,6],"tags":[],"class_list":{"0":"post-5840","1":"post","2":"type-post","3":"status-publish","4":"format-standard","6":"category-artikuj","7":"category-lajmerime"},"yoast_head":"<!-- This site is optimized with the Yoast SEO plugin v27.4 - https:\/\/yoast.com\/product\/yoast-seo-wordpress\/ -->\n<title>Vrasja e dyt\u00eb, gazetari i ABC ngjitur me viktim\u00ebn: Na q\u00eblloi Garda - FjALA e LIR\u00cb - Arkivi<\/title>\n<meta name=\"robots\" content=\"index, follow, max-snippet:-1, max-image-preview:large, max-video-preview:-1\" \/>\n<link rel=\"canonical\" href=\"https:\/\/fjala.info\/2009-2015\/vrasja-e-dyte-gazetari-i-abc-ngjitur-me-viktimen-na-qelloi-garda\/\" \/>\n<meta property=\"og:locale\" content=\"sq_AL\" \/>\n<meta property=\"og:type\" content=\"article\" \/>\n<meta property=\"og:title\" content=\"Vrasja e dyt\u00eb, gazetari i ABC ngjitur me viktim\u00ebn: Na q\u00eblloi Garda - FjALA e LIR\u00cb - Arkivi\" \/>\n<meta property=\"og:description\" content=\"Shekulli Online, 22.01.2011 Shumica e stacioneve televizive ne Tirane kan\u00eb vijuar t\u00eb paraqesin versionin e qeveris\u00eb se vrasjet nuk jan\u00eb b\u00ebr\u00eb nga garda, por nj\u00eb gazetar i ABC News (televizioni informativ i grupit t\u00eb TV Klan) , \u00ebsht\u00eb plagosur vet\u00eb gjat\u00eb protest\u00ebs s\u00eb djeshme dhe ka n\u00eb p\u00ebll\u00ebmb\u00ebn e dor\u00ebs, plag\u00eb plumbi nga arm\u00eb t\u00eb [&hellip;]\" \/>\n<meta property=\"og:url\" content=\"https:\/\/fjala.info\/2009-2015\/vrasja-e-dyte-gazetari-i-abc-ngjitur-me-viktimen-na-qelloi-garda\/\" \/>\n<meta property=\"og:site_name\" content=\"FjALA e LIR\u00cb - Arkivi\" \/>\n<meta property=\"article:published_time\" content=\"2011-01-22T23:18:57+00:00\" \/>\n<meta property=\"og:image\" content=\"http:\/\/fjala.shkoder.net\/wp-content\/uploads\/2011\/01\/vrasja_dyte.jpg\" \/>\n<meta name=\"author\" content=\"admin\" \/>\n<meta name=\"twitter:card\" content=\"summary_large_image\" \/>\n<meta name=\"twitter:label1\" content=\"Written by\" \/>\n\t<meta name=\"twitter:data1\" content=\"admin\" \/>\n\t<meta name=\"twitter:label2\" content=\"Est. reading time\" \/>\n\t<meta name=\"twitter:data2\" content=\"1 minute\" \/>\n<script type=\"application\/ld+json\" class=\"yoast-schema-graph\">{\"@context\":\"https:\\\/\\\/schema.org\",\"@graph\":[{\"@type\":\"Article\",\"@id\":\"https:\\\/\\\/fjala.info\\\/2009-2015\\\/vrasja-e-dyte-gazetari-i-abc-ngjitur-me-viktimen-na-qelloi-garda\\\/#article\",\"isPartOf\":{\"@id\":\"https:\\\/\\\/fjala.info\\\/2009-2015\\\/vrasja-e-dyte-gazetari-i-abc-ngjitur-me-viktimen-na-qelloi-garda\\\/\"},\"author\":{\"name\":\"admin\",\"@id\":\"https:\\\/\\\/fjala.info\\\/2009-2015\\\/#\\\/schema\\\/person\\\/3aa1163ef05469c496fc94e77611ada2\"},\"headline\":\"Vrasja e dyt\u00eb, gazetari i ABC ngjitur me viktim\u00ebn: Na q\u00eblloi Garda\",\"datePublished\":\"2011-01-22T23:18:57+00:00\",\"mainEntityOfPage\":{\"@id\":\"https:\\\/\\\/fjala.info\\\/2009-2015\\\/vrasja-e-dyte-gazetari-i-abc-ngjitur-me-viktimen-na-qelloi-garda\\\/\"},\"wordCount\":267,\"commentCount\":0,\"publisher\":{\"@id\":\"https:\\\/\\\/fjala.info\\\/2009-2015\\\/#organization\"},\"image\":{\"@id\":\"https:\\\/\\\/fjala.info\\\/2009-2015\\\/vrasja-e-dyte-gazetari-i-abc-ngjitur-me-viktimen-na-qelloi-garda\\\/#primaryimage\"},\"thumbnailUrl\":\"http:\\\/\\\/fjala.shkoder.net\\\/wp-content\\\/uploads\\\/2011\\\/01\\\/vrasja_dyte.jpg\",\"articleSection\":[\"Artikuj\",\"Lajm\u00ebrime\"],\"inLanguage\":\"sq-AL\",\"potentialAction\":[{\"@type\":\"CommentAction\",\"name\":\"Comment\",\"target\":[\"https:\\\/\\\/fjala.info\\\/2009-2015\\\/vrasja-e-dyte-gazetari-i-abc-ngjitur-me-viktimen-na-qelloi-garda\\\/#respond\"]}]},{\"@type\":\"WebPage\",\"@id\":\"https:\\\/\\\/fjala.info\\\/2009-2015\\\/vrasja-e-dyte-gazetari-i-abc-ngjitur-me-viktimen-na-qelloi-garda\\\/\",\"url\":\"https:\\\/\\\/fjala.info\\\/2009-2015\\\/vrasja-e-dyte-gazetari-i-abc-ngjitur-me-viktimen-na-qelloi-garda\\\/\",\"name\":\"Vrasja e dyt\u00eb, gazetari i ABC ngjitur me viktim\u00ebn: Na q\u00eblloi Garda - FjALA e LIR\u00cb - Arkivi\",\"isPartOf\":{\"@id\":\"https:\\\/\\\/fjala.info\\\/2009-2015\\\/#website\"},\"primaryImageOfPage\":{\"@id\":\"https:\\\/\\\/fjala.info\\\/2009-2015\\\/vrasja-e-dyte-gazetari-i-abc-ngjitur-me-viktimen-na-qelloi-garda\\\/#primaryimage\"},\"image\":{\"@id\":\"https:\\\/\\\/fjala.info\\\/2009-2015\\\/vrasja-e-dyte-gazetari-i-abc-ngjitur-me-viktimen-na-qelloi-garda\\\/#primaryimage\"},\"thumbnailUrl\":\"http:\\\/\\\/fjala.shkoder.net\\\/wp-content\\\/uploads\\\/2011\\\/01\\\/vrasja_dyte.jpg\",\"datePublished\":\"2011-01-22T23:18:57+00:00\",\"breadcrumb\":{\"@id\":\"https:\\\/\\\/fjala.info\\\/2009-2015\\\/vrasja-e-dyte-gazetari-i-abc-ngjitur-me-viktimen-na-qelloi-garda\\\/#breadcrumb\"},\"inLanguage\":\"sq-AL\",\"potentialAction\":[{\"@type\":\"ReadAction\",\"target\":[\"https:\\\/\\\/fjala.info\\\/2009-2015\\\/vrasja-e-dyte-gazetari-i-abc-ngjitur-me-viktimen-na-qelloi-garda\\\/\"]}]},{\"@type\":\"ImageObject\",\"inLanguage\":\"sq-AL\",\"@id\":\"https:\\\/\\\/fjala.info\\\/2009-2015\\\/vrasja-e-dyte-gazetari-i-abc-ngjitur-me-viktimen-na-qelloi-garda\\\/#primaryimage\",\"url\":\"http:\\\/\\\/fjala.shkoder.net\\\/wp-content\\\/uploads\\\/2011\\\/01\\\/vrasja_dyte.jpg\",\"contentUrl\":\"http:\\\/\\\/fjala.shkoder.net\\\/wp-content\\\/uploads\\\/2011\\\/01\\\/vrasja_dyte.jpg\"},{\"@type\":\"BreadcrumbList\",\"@id\":\"https:\\\/\\\/fjala.info\\\/2009-2015\\\/vrasja-e-dyte-gazetari-i-abc-ngjitur-me-viktimen-na-qelloi-garda\\\/#breadcrumb\",\"itemListElement\":[{\"@type\":\"ListItem\",\"position\":1,\"name\":\"Home\",\"item\":\"https:\\\/\\\/fjala.info\\\/2009-2015\\\/\"},{\"@type\":\"ListItem\",\"position\":2,\"name\":\"Vrasja e dyt\u00eb, gazetari i ABC ngjitur me viktim\u00ebn: Na q\u00eblloi Garda\"}]},{\"@type\":\"WebSite\",\"@id\":\"https:\\\/\\\/fjala.info\\\/2009-2015\\\/#website\",\"url\":\"https:\\\/\\\/fjala.info\\\/2009-2015\\\/\",\"name\":\"FjALA e LIR\u00cb - Arkivi\",\"description\":\"Arkivi 2009-2015\",\"publisher\":{\"@id\":\"https:\\\/\\\/fjala.info\\\/2009-2015\\\/#organization\"},\"potentialAction\":[{\"@type\":\"SearchAction\",\"target\":{\"@type\":\"EntryPoint\",\"urlTemplate\":\"https:\\\/\\\/fjala.info\\\/2009-2015\\\/?s={search_term_string}\"},\"query-input\":{\"@type\":\"PropertyValueSpecification\",\"valueRequired\":true,\"valueName\":\"search_term_string\"}}],\"inLanguage\":\"sq-AL\"},{\"@type\":\"Organization\",\"@id\":\"https:\\\/\\\/fjala.info\\\/2009-2015\\\/#organization\",\"name\":\"FjALA e LIR\u00cb - Arkivi\",\"url\":\"https:\\\/\\\/fjala.info\\\/2009-2015\\\/\",\"logo\":{\"@type\":\"ImageObject\",\"inLanguage\":\"sq-AL\",\"@id\":\"https:\\\/\\\/fjala.info\\\/2009-2015\\\/#\\\/schema\\\/logo\\\/image\\\/\",\"url\":\"\",\"contentUrl\":\"\",\"caption\":\"FjALA e LIR\u00cb - Arkivi\"},\"image\":{\"@id\":\"https:\\\/\\\/fjala.info\\\/2009-2015\\\/#\\\/schema\\\/logo\\\/image\\\/\"}},{\"@type\":\"Person\",\"@id\":\"https:\\\/\\\/fjala.info\\\/2009-2015\\\/#\\\/schema\\\/person\\\/3aa1163ef05469c496fc94e77611ada2\",\"name\":\"admin\",\"image\":{\"@type\":\"ImageObject\",\"inLanguage\":\"sq-AL\",\"@id\":\"https:\\\/\\\/fjala.info\\\/2009-2015\\\/wp-content\\\/uploads\\\/2012\\\/02\\\/arben_cokaj-120x150.jpg\",\"url\":\"https:\\\/\\\/fjala.info\\\/2009-2015\\\/wp-content\\\/uploads\\\/2012\\\/02\\\/arben_cokaj-120x150.jpg\",\"contentUrl\":\"https:\\\/\\\/fjala.info\\\/2009-2015\\\/wp-content\\\/uploads\\\/2012\\\/02\\\/arben_cokaj-120x150.jpg\",\"caption\":\"admin\"},\"description\":\"Admin, Fjala e Lir\u00eb\",\"sameAs\":[\"https:\\\/\\\/fjala.info\\\/\"],\"url\":\"https:\\\/\\\/fjala.info\\\/2009-2015\\\/author\\\/admin\\\/\"}]}<\/script>\n<!-- \/ Yoast SEO plugin. -->","yoast_head_json":{"title":"Vrasja e dyt\u00eb, gazetari i ABC ngjitur me viktim\u00ebn: Na q\u00eblloi Garda - FjALA e LIR\u00cb - Arkivi","robots":{"index":"index","follow":"follow","max-snippet":"max-snippet:-1","max-image-preview":"max-image-preview:large","max-video-preview":"max-video-preview:-1"},"canonical":"https:\/\/fjala.info\/2009-2015\/vrasja-e-dyte-gazetari-i-abc-ngjitur-me-viktimen-na-qelloi-garda\/","og_locale":"sq_AL","og_type":"article","og_title":"Vrasja e dyt\u00eb, gazetari i ABC ngjitur me viktim\u00ebn: Na q\u00eblloi Garda - FjALA e LIR\u00cb - Arkivi","og_description":"Shekulli Online, 22.01.2011 Shumica e stacioneve televizive ne Tirane kan\u00eb vijuar t\u00eb paraqesin versionin e qeveris\u00eb se vrasjet nuk jan\u00eb b\u00ebr\u00eb nga garda, por nj\u00eb gazetar i ABC News (televizioni informativ i grupit t\u00eb TV Klan) , \u00ebsht\u00eb plagosur vet\u00eb gjat\u00eb protest\u00ebs s\u00eb djeshme dhe ka n\u00eb p\u00ebll\u00ebmb\u00ebn e dor\u00ebs, plag\u00eb plumbi nga arm\u00eb t\u00eb [&hellip;]","og_url":"https:\/\/fjala.info\/2009-2015\/vrasja-e-dyte-gazetari-i-abc-ngjitur-me-viktimen-na-qelloi-garda\/","og_site_name":"FjALA e LIR\u00cb - Arkivi","article_published_time":"2011-01-22T23:18:57+00:00","og_image":[{"url":"http:\/\/fjala.shkoder.net\/wp-content\/uploads\/2011\/01\/vrasja_dyte.jpg","type":"","width":"","height":""}],"author":"admin","twitter_card":"summary_large_image","twitter_misc":{"Written by":"admin","Est. reading time":"1 minute"},"schema":{"@context":"https:\/\/schema.org","@graph":[{"@type":"Article","@id":"https:\/\/fjala.info\/2009-2015\/vrasja-e-dyte-gazetari-i-abc-ngjitur-me-viktimen-na-qelloi-garda\/#article","isPartOf":{"@id":"https:\/\/fjala.info\/2009-2015\/vrasja-e-dyte-gazetari-i-abc-ngjitur-me-viktimen-na-qelloi-garda\/"},"author":{"name":"admin","@id":"https:\/\/fjala.info\/2009-2015\/#\/schema\/person\/3aa1163ef05469c496fc94e77611ada2"},"headline":"Vrasja e dyt\u00eb, gazetari i ABC ngjitur me viktim\u00ebn: Na q\u00eblloi Garda","datePublished":"2011-01-22T23:18:57+00:00","mainEntityOfPage":{"@id":"https:\/\/fjala.info\/2009-2015\/vrasja-e-dyte-gazetari-i-abc-ngjitur-me-viktimen-na-qelloi-garda\/"},"wordCount":267,"commentCount":0,"publisher":{"@id":"https:\/\/fjala.info\/2009-2015\/#organization"},"image":{"@id":"https:\/\/fjala.info\/2009-2015\/vrasja-e-dyte-gazetari-i-abc-ngjitur-me-viktimen-na-qelloi-garda\/#primaryimage"},"thumbnailUrl":"http:\/\/fjala.shkoder.net\/wp-content\/uploads\/2011\/01\/vrasja_dyte.jpg","articleSection":["Artikuj","Lajm\u00ebrime"],"inLanguage":"sq-AL","potentialAction":[{"@type":"CommentAction","name":"Comment","target":["https:\/\/fjala.info\/2009-2015\/vrasja-e-dyte-gazetari-i-abc-ngjitur-me-viktimen-na-qelloi-garda\/#respond"]}]},{"@type":"WebPage","@id":"https:\/\/fjala.info\/2009-2015\/vrasja-e-dyte-gazetari-i-abc-ngjitur-me-viktimen-na-qelloi-garda\/","url":"https:\/\/fjala.info\/2009-2015\/vrasja-e-dyte-gazetari-i-abc-ngjitur-me-viktimen-na-qelloi-garda\/","name":"Vrasja e dyt\u00eb, gazetari i ABC ngjitur me viktim\u00ebn: Na q\u00eblloi Garda - FjALA e LIR\u00cb - Arkivi","isPartOf":{"@id":"https:\/\/fjala.info\/2009-2015\/#website"},"primaryImageOfPage":{"@id":"https:\/\/fjala.info\/2009-2015\/vrasja-e-dyte-gazetari-i-abc-ngjitur-me-viktimen-na-qelloi-garda\/#primaryimage"},"image":{"@id":"https:\/\/fjala.info\/2009-2015\/vrasja-e-dyte-gazetari-i-abc-ngjitur-me-viktimen-na-qelloi-garda\/#primaryimage"},"thumbnailUrl":"http:\/\/fjala.shkoder.net\/wp-content\/uploads\/2011\/01\/vrasja_dyte.jpg","datePublished":"2011-01-22T23:18:57+00:00","breadcrumb":{"@id":"https:\/\/fjala.info\/2009-2015\/vrasja-e-dyte-gazetari-i-abc-ngjitur-me-viktimen-na-qelloi-garda\/#breadcrumb"},"inLanguage":"sq-AL","potentialAction":[{"@type":"ReadAction","target":["https:\/\/fjala.info\/2009-2015\/vrasja-e-dyte-gazetari-i-abc-ngjitur-me-viktimen-na-qelloi-garda\/"]}]},{"@type":"ImageObject","inLanguage":"sq-AL","@id":"https:\/\/fjala.info\/2009-2015\/vrasja-e-dyte-gazetari-i-abc-ngjitur-me-viktimen-na-qelloi-garda\/#primaryimage","url":"http:\/\/fjala.shkoder.net\/wp-content\/uploads\/2011\/01\/vrasja_dyte.jpg","contentUrl":"http:\/\/fjala.shkoder.net\/wp-content\/uploads\/2011\/01\/vrasja_dyte.jpg"},{"@type":"BreadcrumbList","@id":"https:\/\/fjala.info\/2009-2015\/vrasja-e-dyte-gazetari-i-abc-ngjitur-me-viktimen-na-qelloi-garda\/#breadcrumb","itemListElement":[{"@type":"ListItem","position":1,"name":"Home","item":"https:\/\/fjala.info\/2009-2015\/"},{"@type":"ListItem","position":2,"name":"Vrasja e dyt\u00eb, gazetari i ABC ngjitur me viktim\u00ebn: Na q\u00eblloi Garda"}]},{"@type":"WebSite","@id":"https:\/\/fjala.info\/2009-2015\/#website","url":"https:\/\/fjala.info\/2009-2015\/","name":"FjALA e LIR\u00cb - Arkivi","description":"Arkivi 2009-2015","publisher":{"@id":"https:\/\/fjala.info\/2009-2015\/#organization"},"potentialAction":[{"@type":"SearchAction","target":{"@type":"EntryPoint","urlTemplate":"https:\/\/fjala.info\/2009-2015\/?s={search_term_string}"},"query-input":{"@type":"PropertyValueSpecification","valueRequired":true,"valueName":"search_term_string"}}],"inLanguage":"sq-AL"},{"@type":"Organization","@id":"https:\/\/fjala.info\/2009-2015\/#organization","name":"FjALA e LIR\u00cb - Arkivi","url":"https:\/\/fjala.info\/2009-2015\/","logo":{"@type":"ImageObject","inLanguage":"sq-AL","@id":"https:\/\/fjala.info\/2009-2015\/#\/schema\/logo\/image\/","url":"","contentUrl":"","caption":"FjALA e LIR\u00cb - Arkivi"},"image":{"@id":"https:\/\/fjala.info\/2009-2015\/#\/schema\/logo\/image\/"}},{"@type":"Person","@id":"https:\/\/fjala.info\/2009-2015\/#\/schema\/person\/3aa1163ef05469c496fc94e77611ada2","name":"admin","image":{"@type":"ImageObject","inLanguage":"sq-AL","@id":"https:\/\/fjala.info\/2009-2015\/wp-content\/uploads\/2012\/02\/arben_cokaj-120x150.jpg","url":"https:\/\/fjala.info\/2009-2015\/wp-content\/uploads\/2012\/02\/arben_cokaj-120x150.jpg","contentUrl":"https:\/\/fjala.info\/2009-2015\/wp-content\/uploads\/2012\/02\/arben_cokaj-120x150.jpg","caption":"admin"},"description":"Admin, Fjala e Lir\u00eb","sameAs":["https:\/\/fjala.info\/"],"url":"https:\/\/fjala.info\/2009-2015\/author\/admin\/"}]}},"_links":{"self":[{"href":"https:\/\/fjala.info\/2009-2015\/wp-json\/wp\/v2\/posts\/5840","targetHints":{"allow":["GET"]}}],"collection":[{"href":"https:\/\/fjala.info\/2009-2015\/wp-json\/wp\/v2\/posts"}],"about":[{"href":"https:\/\/fjala.info\/2009-2015\/wp-json\/wp\/v2\/types\/post"}],"author":[{"embeddable":true,"href":"https:\/\/fjala.info\/2009-2015\/wp-json\/wp\/v2\/users\/1"}],"replies":[{"embeddable":true,"href":"https:\/\/fjala.info\/2009-2015\/wp-json\/wp\/v2\/comments?post=5840"}],"version-history":[{"count":0,"href":"https:\/\/fjala.info\/2009-2015\/wp-json\/wp\/v2\/posts\/5840\/revisions"}],"wp:attachment":[{"href":"https:\/\/fjala.info\/2009-2015\/wp-json\/wp\/v2\/media?parent=5840"}],"wp:term":[{"taxonomy":"category","embeddable":true,"href":"https:\/\/fjala.info\/2009-2015\/wp-json\/wp\/v2\/categories?post=5840"},{"taxonomy":"post_tag","embeddable":true,"href":"https:\/\/fjala.info\/2009-2015\/wp-json\/wp\/v2\/tags?post=5840"}],"curies":[{"name":"wp","href":"https:\/\/api.w.org\/{rel}","templated":true}]}}