{"id":5836,"date":"2011-01-23T00:02:32","date_gmt":"2011-01-22T23:02:32","guid":{"rendered":"http:\/\/fjala.shkoder.net\/?p=5836"},"modified":"2011-01-23T00:02:32","modified_gmt":"2011-01-22T23:02:32","slug":"cthuhet-te-nesermen-e-ngjarjes-dramatike","status":"publish","type":"post","link":"https:\/\/fjala.info\/2009-2015\/cthuhet-te-nesermen-e-ngjarjes-dramatike\/","title":{"rendered":"\u00c7\u2019thuhet t\u00eb nes\u00ebrmen e ngjarjes dramatike?"},"content":{"rendered":"<p><img loading=\"lazy\" decoding=\"async\" class=\"alignright size-full wp-image-5837\" title=\"protesta_dhuna\" src=\"http:\/\/fjala.shkoder.net\/wp-content\/uploads\/2011\/01\/protesta_dhuna.jpg\" alt=\"\" width=\"250\" height=\"164\" \/><br \/>\n<strong>Mustafa Nano<\/strong><\/p>\n<p>Ky ishte kulmi i dhun\u00ebs s\u00eb ushtruar dje nga opozitaPersonalisht, mbr\u00ebm\u00eb deri n\u00eb or\u00ebn 22.30 kam q\u00ebn\u00eb tep\u00ebr i balancuar, dhe k\u00ebt\u00eb e kam b\u00ebr\u00eb s\u00eb pari n\u00eb respekt t\u00eb informacionit q\u00eb kisha (ngjarja ishte ende n\u00eb terr), dhe s\u00eb dyti p\u00ebr t\u2019mos shtuar krip\u00eb mbi sh\u00ebllir\u00eb (kish ankth e dhimbje gjithandej). Sigurisht, e dija qysh n\u00eb fillim se qeveria ishte p\u00ebrgjegj\u00ebse p\u00ebr gazin lotsjell\u00ebs, e p\u00ebr rrahjet pasionale q\u00eb polic\u00ebt u b\u00ebnin disa protestuesve nd\u00ebrkoh\u00eb q\u00eb rr\u00ebmuja ishte fashitur, e dija se qeveria po b\u00ebnte akuza si ato q\u00eb b\u00ebn p\u00ebrher\u00eb (dmth q\u00eb opozita sundohet nga falangat e krimit e nga grupet kriminale, etj), por dija dhe tjetr\u00ebn, q\u00eb protesta u la pa drejtim. P\u00ebr m\u00eb tep\u00ebr, n\u00eb or\u00ebt e para t\u00eb mbr\u00ebmjes zuri t\u00eb qarkullonte \u201cversioni zyrtar n\u00eb form\u00eb thashethemnaje i qeveris\u00eb\u201d, sipas t\u00eb cilit tre protestuesit jan\u00eb vrar\u00eb nga vet\u00eb protestuesit. K\u00ebto dyshime i d\u00ebgjova p\u00ebr her\u00eb t\u00eb par\u00eb nga tre kryeredaktor\u00eb gazetash, t\u00eb cil\u00ebt e besonin k\u00ebt\u00eb version.<\/p>\n<p>Madje, q\u00eb t\u00eb tre ishin t\u00eb sigurt\u00eb se ishte Edi Rama ai q\u00eb i ka kurdisur k\u00ebto vrasje (n\u00eb m\u00ebnyr\u00ebn m\u00eb t\u00eb \u00e7uditshme ky version jepej si lajm edhe n\u00eb gazet\u00ebn e sotme Panorama, n\u00eb faqen tre, me titullin \u201cvrasje e dyshimt\u00eb para kryeministris\u00eb\u201d). M\u00eb pas, k\u00ebt\u00eb version t\u00eb besuar nga koleg\u00ebt e mij e d\u00ebgjova n\u00ebp\u00ebr ekran\u00ebt e televizor\u00ebve nga goja e atyre q\u00eb e kishin nxjerr\u00eb k\u00ebt\u00eb send\u00ebrgji. Berisha, Basha, Olldashi, deri dhe personazhi m\u00eb fantazmagorik i Shqip\u00ebris\u00eb s\u00eb 20 viteve t\u00eb fundit, Arben Imami, e than\u00eb tro\u00e7 apo me n\u00ebnkuptime, se prapa vrasjeve q\u00ebndron dora e Edi Ram\u00ebs.<\/p>\n<p>N\u00eb k\u00ebto rrethana i thash\u00eb vetes: Hej, tani mos u ngut, pasi kjo q\u00eb po t\u00eb d\u00ebgjojn\u00eb vesh\u00ebt \u00ebsht\u00eb e llahtarshme! Megjithat\u00eb, pavar\u00ebsisht skrupujve e dyshimeve q\u00eb m\u2019u kall\u00ebn me p\u00ebrdhun\u00eb, deri n\u00eb fund kam denoncuar akuzat e pabazuara n\u00eb fakte t\u00eb b\u00ebra nga ana e qeveris\u00eb n\u00eb adres\u00eb t\u00eb opozit\u00ebs q\u00eb na pask\u00ebsh q\u00eblluar mbi veten. Mir\u00ebpo pas or\u00ebs 22.30 doli e v\u00ebrteta n\u00eb shesh; doli pra q\u00eb asnj\u00eb protestues, asnj\u00eb p\u00ebr be, nuk \u00ebsht\u00eb par\u00eb t\u00eb ket\u00eb patur (apo t\u00eb ket\u00eb q\u00eblluar me) arm\u00eb zjarri, doli q\u00eb policia ka q\u00eblluar me arm\u00eb mbi nj\u00eb turm\u00eb krejt t\u00eb pambrojtur, doli q\u00eb t\u00eb vrar\u00ebt jan\u00eb shkaktuar sipas shum\u00eb gjasave nga plumba t\u00eb policis\u00eb. Nga ai moment gj\u00ebrat jan\u00eb m\u00eb t\u00eb qarta. P\u00ebr mua.<\/p>\n<p>Po p\u00ebr t\u00eb tjer\u00ebt? \u00cbsht\u00eb interesant t\u00eb vihet re reagimi i t\u00eb gjith\u00ebve nj\u00eb dit\u00eb m\u00eb pas; sidomos, reagimi i elit\u00ebs intelektuale, i scholar-\u00ebve, i njer\u00ebzve t\u00eb dijsh\u00ebm, e columnist-\u00ebve t\u00eb k\u00ebtij vendi. Ky lloj reagimi mund t\u00eb shihet \u2013 e ku tjet\u00ebr? \u2013 n\u00eb gazeta. Nuk \u00ebsht\u00eb se kan\u00eb patur mund\u00ebsi t\u00eb flasin t\u00eb gjith\u00eb; ka folur nj\u00eb pjes\u00eb e tyre; kan\u00eb folur ata q\u00eb, mir\u00eb a keq, drejt a shtremb\u00ebr, e thon\u00eb shpejt e shpejt t\u00eb tyren. T\u00eb tjer\u00ebt, q\u00eb kan\u00eb mendje m\u00eb dinake, ose ndoshta m\u00eb t\u00eb ngath\u00ebt, jan\u00eb duke v\u00ebzhguar nga anon kandari i opinioneve p\u00ebr t\u2019u hedhur nga shumica, ose jan\u00eb duke pritur t\u00eb ndri\u00e7ohet ngjarja (k\u00ebta t\u00eb fundit kan\u00eb nj\u00ebzet vjet q\u00eb presin t\u00eb ndri\u00e7ohet ngjarja). \u00c7far\u00eb vihet re? Vihet re q\u00eb nj\u00eb pjes\u00eb e madhe b\u00ebjn\u00eb me faj e me turp opozit\u00ebn. Ndoshta i kan\u00eb shkruar komentet p\u00ebrpara se t\u00eb merrej vesh e v\u00ebrteta mbi policin\u00eb q\u00eb gjuan mbi turm\u00ebn?<\/p>\n<p>Apo ndoshta i mendojn\u00eb ato gj\u00ebra dhe sot? Nuk e di. Ajo q\u00eb di \u00ebsht\u00eb shum\u00eb e thjesht\u00eb: k\u00ebta i kan\u00eb dh\u00ebn\u00eb karar pun\u00ebs t\u00eb dramatizojn\u00eb e t\u00eb n\u00ebnvizojn\u00eb dhun\u00ebn e programuar t\u00eb ushtruar mbi polic\u00ebt nga protestuesit (e injorojn\u00eb faktin, q\u00eb k\u00ebta t\u00eb fundit kan\u00eb q\u00ebn\u00eb t\u00eb paarmatosur; nuk ka asnj\u00eb prov\u00eb qeveritare apo mediatike q\u00eb t\u00eb na b\u00ebj\u00eb me dije se ka patur protestues t\u00eb armatosur), dhe t\u00eb mos i m\u00ebshojn\u00eb fare faktit, q\u00eb policia ka q\u00eblluar me arm\u00eb zjarri mbi nj\u00eb turm\u00eb t\u00eb paarmatosur, t\u00eb parrezikshme e t\u00eb pambrojtur opozitar\u00ebsh, duke vrar\u00eb \u2013 n\u00eb k\u00ebt\u00eb p\u00ebrfundim t\u00eb \u00e7ojn\u00eb pamjet q\u00eb pam\u00eb \u2013 tre prej tyre.<\/p>\n<p>Ermal Hasimja b\u00ebn nj\u00eb apel t\u00eb arsyesh\u00ebm p\u00ebr qet\u00ebsi, por rezultantja e shkrimit t\u00eb tij n\u00eb Panorama \u00ebsht\u00eb nj\u00eb zem\u00ebrim elokuent ndaj dhun\u00ebs s\u00eb ushtruar nga opozita. Asnj\u00eb fjal\u00eb p\u00ebr t\u00eb vrar\u00ebt nga policia. N\u00eb t\u00eb nj\u00ebjt\u00ebn gazet\u00eb, Ilir Kulla e evidentonte qysh n\u00eb titull mesazhin e shkrimit t\u00eb vet: Un\u00eb dje isha polic. Nuk e lexova shkrimin; m\u00eb mjaftoi titulli; e n\u00eb k\u00ebt\u00eb kuptim nuk e di n\u00ebse ai dje ishte nj\u00eb nga ata polic\u00ebt q\u00eb q\u00ebllonin nga fr\u00ebngjit\u00eb e kryeministris\u00eb, apo nj\u00eb nga ata q\u00eb q\u00ebllonin mbi trupa njer\u00ebzish me shkop gome, pasi demonstrata kish r\u00ebn\u00eb.<\/p>\n<p>Dhe posht\u00eb Ilir Kull\u00ebs ishte nj\u00eb shkrim i Amik Kasoruhos, i cili e kish gjithashtu me Edi Ram\u00ebn. Henry \u00c7ili, n\u00eb gazet\u00ebn e tij MAPO, hedh iden\u00eb p\u00ebr dialog e kompromis pas asaj q\u00eb ndodhi, por kur vjen puna tek q\u00ebndrimi, b\u00ebn t\u00eb nj\u00ebjt\u00ebn gj\u00eb: asnj\u00eb fjal\u00eb p\u00ebr polic\u00ebt q\u00eb kan\u00eb sht\u00ebn\u00eb n\u00eb mish t\u00eb pambrojtur njer\u00ebzish. Nd\u00ebrsa Alfred Lela dukej se i kish v\u00ebn\u00eb vetes nj\u00eb q\u00ebllim, teksa ka q\u00ebn\u00eb duke b\u00ebr\u00eb shkrimin: t\u00eb rivalizonte Lulzim Bash\u00ebn e Sokol Olldashin. Sabri Godo ecte n\u00eb t\u00eb nj\u00ebjt\u00ebn linj\u00eb n\u00eb gazet\u00ebn Shqip: e hidhte fajin mbi opozit\u00ebn.<\/p>\n<p>T\u00eb gjith\u00eb k\u00ebta mund t\u00eb ken\u00eb alibin\u00eb, q\u00eb shkrimet t\u2019i ken\u00eb b\u00ebr\u00eb para se t\u00eb merrej vesh e v\u00ebrteta mbi vdekjen e tre protestuesve, por prap\u00ebseprap\u00eb, kan\u00eb patur koh\u00eb p\u00ebr t\u2019i t\u00ebrhequr k\u00ebto shkrime; kuptohet, n\u00ebse nuk mendojn\u00eb ende sot nj\u00ebsoj si dje. Apo e v\u00ebrteta nuk \u00ebsht\u00eb kjo q\u00eb un\u00eb besova, teksa shihja pamjet e filmuara para kryeministris\u00eb? Apo ka fakte t\u00eb tjetra, t\u00eb cilat ata i din\u00eb e un\u00eb nuk i di? Mos \u00ebsht\u00eb e v\u00ebrtet\u00eb q\u00eb protestuesit jan\u00eb vrar\u00eb nga protestuesit? Ok, un\u00eb po e l\u00eb nj\u00eb brim\u00eb t\u00eb vog\u00ebl dyshimi. Por nd\u00ebrkoh\u00eb, q\u00ebndrimet i mbajm\u00eb mbi baz\u00ebn e asaj q\u00eb dim\u00eb me siguri n\u00eb nj\u00eb moment t\u00eb caktuar.<\/p>\n<p>Nuk mungojn\u00eb dhe z\u00ebrat, q\u00eb e shohin ndryshe k\u00ebt\u00eb histori. I pari \u00ebsht\u00eb Rexhep Qosja, pastaj Max Velo, P\u00ebllumb Xhufi, Dashamir Shehi, Artan Lame, Mero Baze, Ardian Klosi, Ardian vehbiu, Andrea Stefani, Sokol Shameti, t\u00eb cil\u00ebt n\u00eb nj\u00eb form\u00eb a n\u00eb nj\u00eb tjet\u00ebr faj\u00ebsojn\u00eb qart\u00ebsisht pushtetin dhe k\u00ebrkojn\u00eb dor\u00ebheqjen o t\u00eb qeveris\u00eb, o t\u00eb kryeministrit. Nuk p\u00ebrjashtohjet mund\u00ebsia, q\u00eb k\u00ebta t\u00eb fundit t\u2019i ken\u00eb dh\u00ebn\u00eb k\u00ebto mendime p\u00ebrpara se t\u00eb informoheshim mbi sjelljen kriminale t\u00eb policis\u00eb (nj\u00eb pjes\u00eb e tyre nuk kan\u00eb pritur ngjarjet e djeshme p\u00ebr t\u00eb krijuar n\u00eb mendim t\u00eb sakt\u00eb mbi kreun e pushtetit t\u00eb sot\u00ebm), dhe n\u00ebse \u00ebsht\u00eb k\u00ebshtu, sot do t\u00eb duhet t\u00eb jen\u00eb edhe m\u00eb t\u00eb prer\u00eb e m\u00eb t\u00eb qart\u00eb n\u00eb opinionet e tyre.<\/p>\n<p>Kjo ishte panorama e mendimeve dhe q\u00ebndrimeve t\u00eb asaj pjes\u00eb t\u00eb elit\u00ebs shqiptare, q\u00eb e ka par\u00eb t\u00eb udh\u00ebs ta thot\u00eb t\u00eb vet\u00ebn shpejt e shpejt. T\u00eb tjer\u00eb do t\u00eb flasin sot, e nes\u00ebr, e pasnes\u00ebr. Dhe m\u00eb mir\u00eb t\u00eb flasin. Le t\u00eb njohim m\u00eb mir\u00eb sho-shoqin. Ndoshta kjo do t\u00eb na ndihmoj\u00eb p\u00ebr t\u00eb kuptuar se sa i thell\u00eb dhe i gjer\u00eb \u00ebsht\u00eb hendeku q\u00eb na ndan, se \u00e7\u2019lloj hendeku \u00ebsht\u00eb (politik, kulturor, ideologjik, ekonomik, tribal, apo i ndonj\u00eb lloji tjet\u00ebr), e se si mund t\u00eb ngrejm\u00eb ura komunikimi. Apo s\u2019b\u00ebhet fjal\u00eb p\u00ebr ura komunikimi? Mos m\u00eb thoni \u201cpo\u201d; do t\u00eb ishte fatale.<\/p>\n","protected":false},"excerpt":{"rendered":"<p>Mustafa Nano Ky ishte kulmi i dhun\u00ebs s\u00eb ushtruar dje nga opozitaPersonalisht, mbr\u00ebm\u00eb deri n\u00eb or\u00ebn 22.30 kam q\u00ebn\u00eb tep\u00ebr i balancuar, dhe k\u00ebt\u00eb e kam b\u00ebr\u00eb s\u00eb pari n\u00eb respekt t\u00eb informacionit q\u00eb kisha (ngjarja ishte ende n\u00eb terr), dhe s\u00eb dyti p\u00ebr t\u2019mos shtuar krip\u00eb mbi sh\u00ebllir\u00eb (kish ankth e dhimbje gjithandej). Sigurisht, [&hellip;]<\/p>\n","protected":false},"author":1,"featured_media":0,"comment_status":"open","ping_status":"closed","sticky":false,"template":"","format":"standard","meta":{"footnotes":""},"categories":[2],"tags":[],"class_list":{"0":"post-5836","1":"post","2":"type-post","3":"status-publish","4":"format-standard","6":"category-artikuj"},"yoast_head":"<!-- This site is optimized with the Yoast SEO plugin v27.4 - https:\/\/yoast.com\/product\/yoast-seo-wordpress\/ -->\n<title>\u00c7\u2019thuhet t\u00eb nes\u00ebrmen e ngjarjes dramatike? - FjALA e LIR\u00cb - Arkivi<\/title>\n<meta name=\"robots\" content=\"index, follow, max-snippet:-1, max-image-preview:large, max-video-preview:-1\" \/>\n<link rel=\"canonical\" href=\"https:\/\/fjala.info\/2009-2015\/cthuhet-te-nesermen-e-ngjarjes-dramatike\/\" \/>\n<meta property=\"og:locale\" content=\"sq_AL\" \/>\n<meta property=\"og:type\" content=\"article\" \/>\n<meta property=\"og:title\" content=\"\u00c7\u2019thuhet t\u00eb nes\u00ebrmen e ngjarjes dramatike? - FjALA e LIR\u00cb - Arkivi\" \/>\n<meta property=\"og:description\" content=\"Mustafa Nano Ky ishte kulmi i dhun\u00ebs s\u00eb ushtruar dje nga opozitaPersonalisht, mbr\u00ebm\u00eb deri n\u00eb or\u00ebn 22.30 kam q\u00ebn\u00eb tep\u00ebr i balancuar, dhe k\u00ebt\u00eb e kam b\u00ebr\u00eb s\u00eb pari n\u00eb respekt t\u00eb informacionit q\u00eb kisha (ngjarja ishte ende n\u00eb terr), dhe s\u00eb dyti p\u00ebr t\u2019mos shtuar krip\u00eb mbi sh\u00ebllir\u00eb (kish ankth e dhimbje gjithandej). Sigurisht, [&hellip;]\" \/>\n<meta property=\"og:url\" content=\"https:\/\/fjala.info\/2009-2015\/cthuhet-te-nesermen-e-ngjarjes-dramatike\/\" \/>\n<meta property=\"og:site_name\" content=\"FjALA e LIR\u00cb - Arkivi\" \/>\n<meta property=\"article:published_time\" content=\"2011-01-22T23:02:32+00:00\" \/>\n<meta property=\"og:image\" content=\"http:\/\/fjala.shkoder.net\/wp-content\/uploads\/2011\/01\/protesta_dhuna.jpg\" \/>\n<meta name=\"author\" content=\"admin\" \/>\n<meta name=\"twitter:card\" content=\"summary_large_image\" \/>\n<meta name=\"twitter:label1\" content=\"Written by\" \/>\n\t<meta name=\"twitter:data1\" content=\"admin\" \/>\n\t<meta name=\"twitter:label2\" content=\"Est. reading time\" \/>\n\t<meta name=\"twitter:data2\" content=\"7 minutes\" \/>\n<script type=\"application\/ld+json\" class=\"yoast-schema-graph\">{\"@context\":\"https:\\\/\\\/schema.org\",\"@graph\":[{\"@type\":\"Article\",\"@id\":\"https:\\\/\\\/fjala.info\\\/2009-2015\\\/cthuhet-te-nesermen-e-ngjarjes-dramatike\\\/#article\",\"isPartOf\":{\"@id\":\"https:\\\/\\\/fjala.info\\\/2009-2015\\\/cthuhet-te-nesermen-e-ngjarjes-dramatike\\\/\"},\"author\":{\"name\":\"admin\",\"@id\":\"https:\\\/\\\/fjala.info\\\/2009-2015\\\/#\\\/schema\\\/person\\\/3aa1163ef05469c496fc94e77611ada2\"},\"headline\":\"\u00c7\u2019thuhet t\u00eb nes\u00ebrmen e ngjarjes dramatike?\",\"datePublished\":\"2011-01-22T23:02:32+00:00\",\"mainEntityOfPage\":{\"@id\":\"https:\\\/\\\/fjala.info\\\/2009-2015\\\/cthuhet-te-nesermen-e-ngjarjes-dramatike\\\/\"},\"wordCount\":1382,\"commentCount\":0,\"publisher\":{\"@id\":\"https:\\\/\\\/fjala.info\\\/2009-2015\\\/#organization\"},\"image\":{\"@id\":\"https:\\\/\\\/fjala.info\\\/2009-2015\\\/cthuhet-te-nesermen-e-ngjarjes-dramatike\\\/#primaryimage\"},\"thumbnailUrl\":\"http:\\\/\\\/fjala.shkoder.net\\\/wp-content\\\/uploads\\\/2011\\\/01\\\/protesta_dhuna.jpg\",\"articleSection\":[\"Artikuj\"],\"inLanguage\":\"sq-AL\",\"potentialAction\":[{\"@type\":\"CommentAction\",\"name\":\"Comment\",\"target\":[\"https:\\\/\\\/fjala.info\\\/2009-2015\\\/cthuhet-te-nesermen-e-ngjarjes-dramatike\\\/#respond\"]}]},{\"@type\":\"WebPage\",\"@id\":\"https:\\\/\\\/fjala.info\\\/2009-2015\\\/cthuhet-te-nesermen-e-ngjarjes-dramatike\\\/\",\"url\":\"https:\\\/\\\/fjala.info\\\/2009-2015\\\/cthuhet-te-nesermen-e-ngjarjes-dramatike\\\/\",\"name\":\"\u00c7\u2019thuhet t\u00eb nes\u00ebrmen e ngjarjes dramatike? - FjALA e LIR\u00cb - Arkivi\",\"isPartOf\":{\"@id\":\"https:\\\/\\\/fjala.info\\\/2009-2015\\\/#website\"},\"primaryImageOfPage\":{\"@id\":\"https:\\\/\\\/fjala.info\\\/2009-2015\\\/cthuhet-te-nesermen-e-ngjarjes-dramatike\\\/#primaryimage\"},\"image\":{\"@id\":\"https:\\\/\\\/fjala.info\\\/2009-2015\\\/cthuhet-te-nesermen-e-ngjarjes-dramatike\\\/#primaryimage\"},\"thumbnailUrl\":\"http:\\\/\\\/fjala.shkoder.net\\\/wp-content\\\/uploads\\\/2011\\\/01\\\/protesta_dhuna.jpg\",\"datePublished\":\"2011-01-22T23:02:32+00:00\",\"breadcrumb\":{\"@id\":\"https:\\\/\\\/fjala.info\\\/2009-2015\\\/cthuhet-te-nesermen-e-ngjarjes-dramatike\\\/#breadcrumb\"},\"inLanguage\":\"sq-AL\",\"potentialAction\":[{\"@type\":\"ReadAction\",\"target\":[\"https:\\\/\\\/fjala.info\\\/2009-2015\\\/cthuhet-te-nesermen-e-ngjarjes-dramatike\\\/\"]}]},{\"@type\":\"ImageObject\",\"inLanguage\":\"sq-AL\",\"@id\":\"https:\\\/\\\/fjala.info\\\/2009-2015\\\/cthuhet-te-nesermen-e-ngjarjes-dramatike\\\/#primaryimage\",\"url\":\"http:\\\/\\\/fjala.shkoder.net\\\/wp-content\\\/uploads\\\/2011\\\/01\\\/protesta_dhuna.jpg\",\"contentUrl\":\"http:\\\/\\\/fjala.shkoder.net\\\/wp-content\\\/uploads\\\/2011\\\/01\\\/protesta_dhuna.jpg\"},{\"@type\":\"BreadcrumbList\",\"@id\":\"https:\\\/\\\/fjala.info\\\/2009-2015\\\/cthuhet-te-nesermen-e-ngjarjes-dramatike\\\/#breadcrumb\",\"itemListElement\":[{\"@type\":\"ListItem\",\"position\":1,\"name\":\"Home\",\"item\":\"https:\\\/\\\/fjala.info\\\/2009-2015\\\/\"},{\"@type\":\"ListItem\",\"position\":2,\"name\":\"\u00c7\u2019thuhet t\u00eb nes\u00ebrmen e ngjarjes dramatike?\"}]},{\"@type\":\"WebSite\",\"@id\":\"https:\\\/\\\/fjala.info\\\/2009-2015\\\/#website\",\"url\":\"https:\\\/\\\/fjala.info\\\/2009-2015\\\/\",\"name\":\"FjALA e LIR\u00cb - Arkivi\",\"description\":\"Arkivi 2009-2015\",\"publisher\":{\"@id\":\"https:\\\/\\\/fjala.info\\\/2009-2015\\\/#organization\"},\"potentialAction\":[{\"@type\":\"SearchAction\",\"target\":{\"@type\":\"EntryPoint\",\"urlTemplate\":\"https:\\\/\\\/fjala.info\\\/2009-2015\\\/?s={search_term_string}\"},\"query-input\":{\"@type\":\"PropertyValueSpecification\",\"valueRequired\":true,\"valueName\":\"search_term_string\"}}],\"inLanguage\":\"sq-AL\"},{\"@type\":\"Organization\",\"@id\":\"https:\\\/\\\/fjala.info\\\/2009-2015\\\/#organization\",\"name\":\"FjALA e LIR\u00cb - Arkivi\",\"url\":\"https:\\\/\\\/fjala.info\\\/2009-2015\\\/\",\"logo\":{\"@type\":\"ImageObject\",\"inLanguage\":\"sq-AL\",\"@id\":\"https:\\\/\\\/fjala.info\\\/2009-2015\\\/#\\\/schema\\\/logo\\\/image\\\/\",\"url\":\"\",\"contentUrl\":\"\",\"caption\":\"FjALA e LIR\u00cb - Arkivi\"},\"image\":{\"@id\":\"https:\\\/\\\/fjala.info\\\/2009-2015\\\/#\\\/schema\\\/logo\\\/image\\\/\"}},{\"@type\":\"Person\",\"@id\":\"https:\\\/\\\/fjala.info\\\/2009-2015\\\/#\\\/schema\\\/person\\\/3aa1163ef05469c496fc94e77611ada2\",\"name\":\"admin\",\"image\":{\"@type\":\"ImageObject\",\"inLanguage\":\"sq-AL\",\"@id\":\"https:\\\/\\\/fjala.info\\\/2009-2015\\\/wp-content\\\/uploads\\\/2012\\\/02\\\/arben_cokaj-120x150.jpg\",\"url\":\"https:\\\/\\\/fjala.info\\\/2009-2015\\\/wp-content\\\/uploads\\\/2012\\\/02\\\/arben_cokaj-120x150.jpg\",\"contentUrl\":\"https:\\\/\\\/fjala.info\\\/2009-2015\\\/wp-content\\\/uploads\\\/2012\\\/02\\\/arben_cokaj-120x150.jpg\",\"caption\":\"admin\"},\"description\":\"Admin, Fjala e Lir\u00eb\",\"sameAs\":[\"https:\\\/\\\/fjala.info\\\/\"],\"url\":\"https:\\\/\\\/fjala.info\\\/2009-2015\\\/author\\\/admin\\\/\"}]}<\/script>\n<!-- \/ Yoast SEO plugin. -->","yoast_head_json":{"title":"\u00c7\u2019thuhet t\u00eb nes\u00ebrmen e ngjarjes dramatike? - FjALA e LIR\u00cb - Arkivi","robots":{"index":"index","follow":"follow","max-snippet":"max-snippet:-1","max-image-preview":"max-image-preview:large","max-video-preview":"max-video-preview:-1"},"canonical":"https:\/\/fjala.info\/2009-2015\/cthuhet-te-nesermen-e-ngjarjes-dramatike\/","og_locale":"sq_AL","og_type":"article","og_title":"\u00c7\u2019thuhet t\u00eb nes\u00ebrmen e ngjarjes dramatike? - FjALA e LIR\u00cb - Arkivi","og_description":"Mustafa Nano Ky ishte kulmi i dhun\u00ebs s\u00eb ushtruar dje nga opozitaPersonalisht, mbr\u00ebm\u00eb deri n\u00eb or\u00ebn 22.30 kam q\u00ebn\u00eb tep\u00ebr i balancuar, dhe k\u00ebt\u00eb e kam b\u00ebr\u00eb s\u00eb pari n\u00eb respekt t\u00eb informacionit q\u00eb kisha (ngjarja ishte ende n\u00eb terr), dhe s\u00eb dyti p\u00ebr t\u2019mos shtuar krip\u00eb mbi sh\u00ebllir\u00eb (kish ankth e dhimbje gjithandej). Sigurisht, [&hellip;]","og_url":"https:\/\/fjala.info\/2009-2015\/cthuhet-te-nesermen-e-ngjarjes-dramatike\/","og_site_name":"FjALA e LIR\u00cb - Arkivi","article_published_time":"2011-01-22T23:02:32+00:00","og_image":[{"url":"http:\/\/fjala.shkoder.net\/wp-content\/uploads\/2011\/01\/protesta_dhuna.jpg","type":"","width":"","height":""}],"author":"admin","twitter_card":"summary_large_image","twitter_misc":{"Written by":"admin","Est. reading time":"7 minutes"},"schema":{"@context":"https:\/\/schema.org","@graph":[{"@type":"Article","@id":"https:\/\/fjala.info\/2009-2015\/cthuhet-te-nesermen-e-ngjarjes-dramatike\/#article","isPartOf":{"@id":"https:\/\/fjala.info\/2009-2015\/cthuhet-te-nesermen-e-ngjarjes-dramatike\/"},"author":{"name":"admin","@id":"https:\/\/fjala.info\/2009-2015\/#\/schema\/person\/3aa1163ef05469c496fc94e77611ada2"},"headline":"\u00c7\u2019thuhet t\u00eb nes\u00ebrmen e ngjarjes dramatike?","datePublished":"2011-01-22T23:02:32+00:00","mainEntityOfPage":{"@id":"https:\/\/fjala.info\/2009-2015\/cthuhet-te-nesermen-e-ngjarjes-dramatike\/"},"wordCount":1382,"commentCount":0,"publisher":{"@id":"https:\/\/fjala.info\/2009-2015\/#organization"},"image":{"@id":"https:\/\/fjala.info\/2009-2015\/cthuhet-te-nesermen-e-ngjarjes-dramatike\/#primaryimage"},"thumbnailUrl":"http:\/\/fjala.shkoder.net\/wp-content\/uploads\/2011\/01\/protesta_dhuna.jpg","articleSection":["Artikuj"],"inLanguage":"sq-AL","potentialAction":[{"@type":"CommentAction","name":"Comment","target":["https:\/\/fjala.info\/2009-2015\/cthuhet-te-nesermen-e-ngjarjes-dramatike\/#respond"]}]},{"@type":"WebPage","@id":"https:\/\/fjala.info\/2009-2015\/cthuhet-te-nesermen-e-ngjarjes-dramatike\/","url":"https:\/\/fjala.info\/2009-2015\/cthuhet-te-nesermen-e-ngjarjes-dramatike\/","name":"\u00c7\u2019thuhet t\u00eb nes\u00ebrmen e ngjarjes dramatike? - FjALA e LIR\u00cb - Arkivi","isPartOf":{"@id":"https:\/\/fjala.info\/2009-2015\/#website"},"primaryImageOfPage":{"@id":"https:\/\/fjala.info\/2009-2015\/cthuhet-te-nesermen-e-ngjarjes-dramatike\/#primaryimage"},"image":{"@id":"https:\/\/fjala.info\/2009-2015\/cthuhet-te-nesermen-e-ngjarjes-dramatike\/#primaryimage"},"thumbnailUrl":"http:\/\/fjala.shkoder.net\/wp-content\/uploads\/2011\/01\/protesta_dhuna.jpg","datePublished":"2011-01-22T23:02:32+00:00","breadcrumb":{"@id":"https:\/\/fjala.info\/2009-2015\/cthuhet-te-nesermen-e-ngjarjes-dramatike\/#breadcrumb"},"inLanguage":"sq-AL","potentialAction":[{"@type":"ReadAction","target":["https:\/\/fjala.info\/2009-2015\/cthuhet-te-nesermen-e-ngjarjes-dramatike\/"]}]},{"@type":"ImageObject","inLanguage":"sq-AL","@id":"https:\/\/fjala.info\/2009-2015\/cthuhet-te-nesermen-e-ngjarjes-dramatike\/#primaryimage","url":"http:\/\/fjala.shkoder.net\/wp-content\/uploads\/2011\/01\/protesta_dhuna.jpg","contentUrl":"http:\/\/fjala.shkoder.net\/wp-content\/uploads\/2011\/01\/protesta_dhuna.jpg"},{"@type":"BreadcrumbList","@id":"https:\/\/fjala.info\/2009-2015\/cthuhet-te-nesermen-e-ngjarjes-dramatike\/#breadcrumb","itemListElement":[{"@type":"ListItem","position":1,"name":"Home","item":"https:\/\/fjala.info\/2009-2015\/"},{"@type":"ListItem","position":2,"name":"\u00c7\u2019thuhet t\u00eb nes\u00ebrmen e ngjarjes dramatike?"}]},{"@type":"WebSite","@id":"https:\/\/fjala.info\/2009-2015\/#website","url":"https:\/\/fjala.info\/2009-2015\/","name":"FjALA e LIR\u00cb - Arkivi","description":"Arkivi 2009-2015","publisher":{"@id":"https:\/\/fjala.info\/2009-2015\/#organization"},"potentialAction":[{"@type":"SearchAction","target":{"@type":"EntryPoint","urlTemplate":"https:\/\/fjala.info\/2009-2015\/?s={search_term_string}"},"query-input":{"@type":"PropertyValueSpecification","valueRequired":true,"valueName":"search_term_string"}}],"inLanguage":"sq-AL"},{"@type":"Organization","@id":"https:\/\/fjala.info\/2009-2015\/#organization","name":"FjALA e LIR\u00cb - Arkivi","url":"https:\/\/fjala.info\/2009-2015\/","logo":{"@type":"ImageObject","inLanguage":"sq-AL","@id":"https:\/\/fjala.info\/2009-2015\/#\/schema\/logo\/image\/","url":"","contentUrl":"","caption":"FjALA e LIR\u00cb - Arkivi"},"image":{"@id":"https:\/\/fjala.info\/2009-2015\/#\/schema\/logo\/image\/"}},{"@type":"Person","@id":"https:\/\/fjala.info\/2009-2015\/#\/schema\/person\/3aa1163ef05469c496fc94e77611ada2","name":"admin","image":{"@type":"ImageObject","inLanguage":"sq-AL","@id":"https:\/\/fjala.info\/2009-2015\/wp-content\/uploads\/2012\/02\/arben_cokaj-120x150.jpg","url":"https:\/\/fjala.info\/2009-2015\/wp-content\/uploads\/2012\/02\/arben_cokaj-120x150.jpg","contentUrl":"https:\/\/fjala.info\/2009-2015\/wp-content\/uploads\/2012\/02\/arben_cokaj-120x150.jpg","caption":"admin"},"description":"Admin, Fjala e Lir\u00eb","sameAs":["https:\/\/fjala.info\/"],"url":"https:\/\/fjala.info\/2009-2015\/author\/admin\/"}]}},"_links":{"self":[{"href":"https:\/\/fjala.info\/2009-2015\/wp-json\/wp\/v2\/posts\/5836","targetHints":{"allow":["GET"]}}],"collection":[{"href":"https:\/\/fjala.info\/2009-2015\/wp-json\/wp\/v2\/posts"}],"about":[{"href":"https:\/\/fjala.info\/2009-2015\/wp-json\/wp\/v2\/types\/post"}],"author":[{"embeddable":true,"href":"https:\/\/fjala.info\/2009-2015\/wp-json\/wp\/v2\/users\/1"}],"replies":[{"embeddable":true,"href":"https:\/\/fjala.info\/2009-2015\/wp-json\/wp\/v2\/comments?post=5836"}],"version-history":[{"count":0,"href":"https:\/\/fjala.info\/2009-2015\/wp-json\/wp\/v2\/posts\/5836\/revisions"}],"wp:attachment":[{"href":"https:\/\/fjala.info\/2009-2015\/wp-json\/wp\/v2\/media?parent=5836"}],"wp:term":[{"taxonomy":"category","embeddable":true,"href":"https:\/\/fjala.info\/2009-2015\/wp-json\/wp\/v2\/categories?post=5836"},{"taxonomy":"post_tag","embeddable":true,"href":"https:\/\/fjala.info\/2009-2015\/wp-json\/wp\/v2\/tags?post=5836"}],"curies":[{"name":"wp","href":"https:\/\/api.w.org\/{rel}","templated":true}]}}