{"id":5830,"date":"2011-01-22T23:48:42","date_gmt":"2011-01-22T22:48:42","guid":{"rendered":"http:\/\/fjala.shkoder.net\/?p=5830"},"modified":"2011-01-22T23:48:42","modified_gmt":"2011-01-22T22:48:42","slug":"triptik-i-trishte-dimri","status":"publish","type":"post","link":"https:\/\/fjala.info\/2009-2015\/triptik-i-trishte-dimri\/","title":{"rendered":"TRIPTIK I TRISHTE DIMRI"},"content":{"rendered":"<p><strong>Valbona Sul\u00e7e<\/strong><\/p>\n<p><strong>Pis<\/strong><br \/>\nPo b\u00ebhem pis. Shoh st\u00ebrkala balte t\u00eb dala nga goj\u00eb t\u00eb palara q\u00eb fluturojn\u00eb mbi kryet tona. N\u00eb k\u00ebmb\u00ebt tona. N\u00ebp\u00ebr pem\u00eb val\u00ebviten bashk\u00eb me qeset e plehrave, edhe fjal\u00ebt-plehra q\u00eb b\u00ebjn\u00eb rikoshet\u00eb nga ekranet. S\u2019ka pluhur lar\u00ebs p\u00ebr k\u00ebt\u00eb pisll\u00ebk q\u00eb na ka mbytur. T\u00eb gjith\u00eb thon\u00eb di\u00e7ka p\u00ebr t\u00eb gjith\u00eb. Ja, d\u00ebgjoni: Kryeministri i vendit \u00ebsht\u00eb \u201ckusar\u201d, zv\/kryeministri \u201chajdut\u201d, ministrat \u201ckusar\u00eb\u201d. Lideri i opozit\u00ebs \u00ebsht\u00eb \u201cmonst\u00ebr\u201d, deputet\u00ebt e opozit\u00ebs \u201ct\u00eb lidhur me krimin e organizuar\u201d. Prokuroria \u00ebsht\u00eb \u201ce kapur\u201d, kryeprokurorja \u201cfle mbi dosjet e krimit\u201d. Media \u00ebsht\u00eb \u201dmercenare\u201d. A ka ndonj\u00eb njeri q\u00eb nuk ka nj\u00eb akuz\u00eb p\u00ebr tjetrin n\u00eb k\u00ebt\u00eb vend?<\/p>\n<p><strong>Krimi i organizuar n\u00eb Parlament<\/strong><br \/>\nE pohoi vet\u00eb Kryeministri Berisha, i cili n\u00eb nj\u00eb moment KPD-je n\u00eb seanc\u00ebn e para disa dit\u00ebve -(interesant, p\u00ebr punimet e parlamentit p\u00ebrdoret fjala \u201cseanc\u00eb\u201d, tamam si n\u00eb nj\u00eb klinik\u00eb rehabilitimi ku t\u00eb s\u00ebmur\u00ebt shkojn\u00eb p\u00ebr seanca terapie), iu drejtua t\u00eb pakt\u00ebn nj\u00eb deputeti me em\u00ebr dhe mbiem\u00ebr si i lidhur me trafikun e drog\u00ebs. Taulant Balla i PS-s\u00eb u akuzua, as m\u00eb shum\u00eb as m\u00eb pak, si i p\u00ebrfshir\u00eb n\u00eb \u2018klanin e Gjur\u00ebs\u2019 (\u00e7\u2019\u00ebsht\u00eb ky?), i cili u marrka me drog\u00eb. Kryeministri i vendit pas k\u00ebsaj duhet t\u00eb ket\u00eb mir\u00ebsin\u00eb t\u2019u thot\u00eb shqiptar\u00ebve pse nuk e ka kall\u00ebzuar n\u00eb Prokurori k\u00ebt\u00eb fakt, n\u00eb t\u00eb kund\u00ebrt duhet t\u2019i jap\u00eb llogari BE-s\u00eb pse e ka g\u00ebnjyer q\u00eb ka b\u00ebr\u00eb luft\u00ebn m\u00eb t\u00eb pam\u00ebshirshme kund\u00ebr krimit t\u00eb organizuar, si\u00e7 edhe e propagandon me forc\u00eb nj\u00eb reklam\u00eb qeveritare.<\/p>\n<p>N\u00ebse p\u00ebrfaq\u00ebsues t\u00eb krimit t\u00eb organizuar ulen n\u00eb Parlament, kjo \u00ebsht\u00eb nj\u00eb akuz\u00eb shum\u00eb e r\u00ebnd\u00eb p\u00ebr qeverin\u00eb, e cila e di dhe nuk i plas brenda ata. T\u00eb gjitha p\u00ebrrallat me Mujin dhe Halilin e krimit t\u00eb organizuar, shk\u00ebrmoqen n\u00eb \u00e7ast n\u00ebse nj\u00eb person trafikant droge ulet n\u00eb Parlament. Kryeministri dhe gjith\u00eb t\u00eb tjer\u00ebt q\u00eb sillen si ai, duhet t\u00eb japin shembullin t\u00eb par\u00ebt n\u00ebse e kan\u00eb seriozisht luft\u00ebn me krimin e organizuar. N\u00eb t\u00eb kund\u00ebrt, nj\u00eb qeveri q\u00eb pranon t\u00eb ulet n\u00eb nj\u00eb sall\u00eb me nj\u00eb an\u00ebtar t\u00eb krimit t\u00eb organizuar, \u00ebsht\u00eb po aq fajtore para qytetar\u00ebve sa krimi i organizuar.<\/p>\n<p><strong>Prokuroria \u201cWanted\u201d<\/strong><br \/>\nVini re, vini re! Ka humbur Prokuroria shqiptare! Prokuroria shqiptare \u00ebsht\u00eb nj\u00eb institucion kushtetues, rreth t\u00eb 100-ave, vjen pak si e rrudhur, her\u00eb pas here e z\u00ebn\u00eb dridhjet, po jo nga frika, po p\u00ebr shkak t\u00eb mosh\u00ebs, p\u00ebrdor makina relativisht t\u00eb mira, po jo m\u00eb t\u00eb mira se krimi i organizuar. Vuan nga nj\u00eb lemz\u00eb kronike, sidomos k\u00ebto dit\u00ebt e fundit i \u00ebsht\u00eb shtuar s\u00eb tep\u00ebrmi, kur q\u00eb nga Presidenti deri tek shit\u00ebsi i bulmetit ia p\u00ebrmendin emrin nga 30 her\u00eb n\u00eb dit\u00eb, po jo vet\u00ebm.<\/p>\n<p>Edhe ata q\u00eb teorikisht duhet t\u2019i frigoheshin, ia p\u00ebrmendin emrin me aq dashuri, sa po lindin dyshime se kur ka qen\u00eb e re kjo Prokuroria mund t\u00eb ket\u00eb qen\u00eb shum\u00eb e bukur sa t\u00eb gjith\u00eb e lakmonin. Nj\u00eb pist\u00eb tjet\u00ebr \u00ebsht\u00eb se kjo mund t\u00eb ket\u00eb qen\u00eb arsyeja e zhdukjes s\u00eb Prokuroris\u00eb n\u00eb drejtim t\u00eb paditur. Rikthimi i saj b\u00ebhet edhe m\u00eb i v\u00ebshtir\u00eb, duke pasur parasysh heqjen e vizave p\u00ebr shqiptar\u00ebt dhe d\u00ebshir\u00ebs s\u00eb shprehur t\u00eb Prokuroris\u00eb p\u00ebr t\u00eb punuar jasht\u00eb vendit, \u201dn\u00eb nj\u00eb vend pak m\u00eb normal\u201d, si\u00e7 \u00ebsht\u00eb shprehur ajo.<\/p>\n<p>Lutemi, kush ka dijeni p\u00ebr vendndodhjen e saj, le ta sjell\u00eb te rruga \u201cQemal Stafa\u201d, majtas jo djathtas.<\/p>\n<p><em>P.S. Sapo na njoftuan q\u00eb e kan\u00eb par\u00eb Prokurorin\u00eb t\u00eb b\u00ebj\u00eb ca analiza, po nuk than\u00eb n\u00eb \u00e7far\u00eb spitali. Lutemi, m\u00eb t\u00eb sakt\u00eb n\u00eb t\u00eb dh\u00ebnat q\u00eb jepni. <\/em><\/p>\n","protected":false},"excerpt":{"rendered":"<p>Valbona Sul\u00e7e Pis Po b\u00ebhem pis. Shoh st\u00ebrkala balte t\u00eb dala nga goj\u00eb t\u00eb palara q\u00eb fluturojn\u00eb mbi kryet tona. N\u00eb k\u00ebmb\u00ebt tona. N\u00ebp\u00ebr pem\u00eb val\u00ebviten bashk\u00eb me qeset e plehrave, edhe fjal\u00ebt-plehra q\u00eb b\u00ebjn\u00eb rikoshet\u00eb nga ekranet. S\u2019ka pluhur lar\u00ebs p\u00ebr k\u00ebt\u00eb pisll\u00ebk q\u00eb na ka mbytur. T\u00eb gjith\u00eb thon\u00eb di\u00e7ka p\u00ebr t\u00eb gjith\u00eb. [&hellip;]<\/p>\n","protected":false},"author":1,"featured_media":0,"comment_status":"open","ping_status":"closed","sticky":false,"template":"","format":"standard","meta":{"footnotes":""},"categories":[2],"tags":[],"class_list":{"0":"post-5830","1":"post","2":"type-post","3":"status-publish","4":"format-standard","6":"category-artikuj"},"yoast_head":"<!-- This site is optimized with the Yoast SEO plugin v27.4 - https:\/\/yoast.com\/product\/yoast-seo-wordpress\/ -->\n<title>TRIPTIK I TRISHTE DIMRI - FjALA e LIR\u00cb - Arkivi<\/title>\n<meta name=\"robots\" content=\"index, follow, max-snippet:-1, max-image-preview:large, max-video-preview:-1\" \/>\n<link rel=\"canonical\" href=\"https:\/\/fjala.info\/2009-2015\/triptik-i-trishte-dimri\/\" \/>\n<meta property=\"og:locale\" content=\"sq_AL\" \/>\n<meta property=\"og:type\" content=\"article\" \/>\n<meta property=\"og:title\" content=\"TRIPTIK I TRISHTE DIMRI - FjALA e LIR\u00cb - Arkivi\" \/>\n<meta property=\"og:description\" content=\"Valbona Sul\u00e7e Pis Po b\u00ebhem pis. Shoh st\u00ebrkala balte t\u00eb dala nga goj\u00eb t\u00eb palara q\u00eb fluturojn\u00eb mbi kryet tona. N\u00eb k\u00ebmb\u00ebt tona. N\u00ebp\u00ebr pem\u00eb val\u00ebviten bashk\u00eb me qeset e plehrave, edhe fjal\u00ebt-plehra q\u00eb b\u00ebjn\u00eb rikoshet\u00eb nga ekranet. S\u2019ka pluhur lar\u00ebs p\u00ebr k\u00ebt\u00eb pisll\u00ebk q\u00eb na ka mbytur. T\u00eb gjith\u00eb thon\u00eb di\u00e7ka p\u00ebr t\u00eb gjith\u00eb. [&hellip;]\" \/>\n<meta property=\"og:url\" content=\"https:\/\/fjala.info\/2009-2015\/triptik-i-trishte-dimri\/\" \/>\n<meta property=\"og:site_name\" content=\"FjALA e LIR\u00cb - Arkivi\" \/>\n<meta property=\"article:published_time\" content=\"2011-01-22T22:48:42+00:00\" \/>\n<meta name=\"author\" content=\"admin\" \/>\n<meta name=\"twitter:card\" content=\"summary_large_image\" \/>\n<meta name=\"twitter:label1\" content=\"Written by\" \/>\n\t<meta name=\"twitter:data1\" content=\"admin\" \/>\n\t<meta name=\"twitter:label2\" content=\"Est. reading time\" \/>\n\t<meta name=\"twitter:data2\" content=\"3 minutes\" \/>\n<script type=\"application\/ld+json\" class=\"yoast-schema-graph\">{\"@context\":\"https:\\\/\\\/schema.org\",\"@graph\":[{\"@type\":\"Article\",\"@id\":\"https:\\\/\\\/fjala.info\\\/2009-2015\\\/triptik-i-trishte-dimri\\\/#article\",\"isPartOf\":{\"@id\":\"https:\\\/\\\/fjala.info\\\/2009-2015\\\/triptik-i-trishte-dimri\\\/\"},\"author\":{\"name\":\"admin\",\"@id\":\"https:\\\/\\\/fjala.info\\\/2009-2015\\\/#\\\/schema\\\/person\\\/3aa1163ef05469c496fc94e77611ada2\"},\"headline\":\"TRIPTIK I TRISHTE DIMRI\",\"datePublished\":\"2011-01-22T22:48:42+00:00\",\"mainEntityOfPage\":{\"@id\":\"https:\\\/\\\/fjala.info\\\/2009-2015\\\/triptik-i-trishte-dimri\\\/\"},\"wordCount\":671,\"commentCount\":0,\"publisher\":{\"@id\":\"https:\\\/\\\/fjala.info\\\/2009-2015\\\/#organization\"},\"articleSection\":[\"Artikuj\"],\"inLanguage\":\"sq-AL\",\"potentialAction\":[{\"@type\":\"CommentAction\",\"name\":\"Comment\",\"target\":[\"https:\\\/\\\/fjala.info\\\/2009-2015\\\/triptik-i-trishte-dimri\\\/#respond\"]}]},{\"@type\":\"WebPage\",\"@id\":\"https:\\\/\\\/fjala.info\\\/2009-2015\\\/triptik-i-trishte-dimri\\\/\",\"url\":\"https:\\\/\\\/fjala.info\\\/2009-2015\\\/triptik-i-trishte-dimri\\\/\",\"name\":\"TRIPTIK I TRISHTE DIMRI - FjALA e LIR\u00cb - Arkivi\",\"isPartOf\":{\"@id\":\"https:\\\/\\\/fjala.info\\\/2009-2015\\\/#website\"},\"datePublished\":\"2011-01-22T22:48:42+00:00\",\"breadcrumb\":{\"@id\":\"https:\\\/\\\/fjala.info\\\/2009-2015\\\/triptik-i-trishte-dimri\\\/#breadcrumb\"},\"inLanguage\":\"sq-AL\",\"potentialAction\":[{\"@type\":\"ReadAction\",\"target\":[\"https:\\\/\\\/fjala.info\\\/2009-2015\\\/triptik-i-trishte-dimri\\\/\"]}]},{\"@type\":\"BreadcrumbList\",\"@id\":\"https:\\\/\\\/fjala.info\\\/2009-2015\\\/triptik-i-trishte-dimri\\\/#breadcrumb\",\"itemListElement\":[{\"@type\":\"ListItem\",\"position\":1,\"name\":\"Home\",\"item\":\"https:\\\/\\\/fjala.info\\\/2009-2015\\\/\"},{\"@type\":\"ListItem\",\"position\":2,\"name\":\"TRIPTIK I TRISHTE DIMRI\"}]},{\"@type\":\"WebSite\",\"@id\":\"https:\\\/\\\/fjala.info\\\/2009-2015\\\/#website\",\"url\":\"https:\\\/\\\/fjala.info\\\/2009-2015\\\/\",\"name\":\"FjALA e LIR\u00cb - Arkivi\",\"description\":\"Arkivi 2009-2015\",\"publisher\":{\"@id\":\"https:\\\/\\\/fjala.info\\\/2009-2015\\\/#organization\"},\"potentialAction\":[{\"@type\":\"SearchAction\",\"target\":{\"@type\":\"EntryPoint\",\"urlTemplate\":\"https:\\\/\\\/fjala.info\\\/2009-2015\\\/?s={search_term_string}\"},\"query-input\":{\"@type\":\"PropertyValueSpecification\",\"valueRequired\":true,\"valueName\":\"search_term_string\"}}],\"inLanguage\":\"sq-AL\"},{\"@type\":\"Organization\",\"@id\":\"https:\\\/\\\/fjala.info\\\/2009-2015\\\/#organization\",\"name\":\"FjALA e LIR\u00cb - Arkivi\",\"url\":\"https:\\\/\\\/fjala.info\\\/2009-2015\\\/\",\"logo\":{\"@type\":\"ImageObject\",\"inLanguage\":\"sq-AL\",\"@id\":\"https:\\\/\\\/fjala.info\\\/2009-2015\\\/#\\\/schema\\\/logo\\\/image\\\/\",\"url\":\"\",\"contentUrl\":\"\",\"caption\":\"FjALA e LIR\u00cb - Arkivi\"},\"image\":{\"@id\":\"https:\\\/\\\/fjala.info\\\/2009-2015\\\/#\\\/schema\\\/logo\\\/image\\\/\"}},{\"@type\":\"Person\",\"@id\":\"https:\\\/\\\/fjala.info\\\/2009-2015\\\/#\\\/schema\\\/person\\\/3aa1163ef05469c496fc94e77611ada2\",\"name\":\"admin\",\"image\":{\"@type\":\"ImageObject\",\"inLanguage\":\"sq-AL\",\"@id\":\"https:\\\/\\\/fjala.info\\\/2009-2015\\\/wp-content\\\/uploads\\\/2012\\\/02\\\/arben_cokaj-120x150.jpg\",\"url\":\"https:\\\/\\\/fjala.info\\\/2009-2015\\\/wp-content\\\/uploads\\\/2012\\\/02\\\/arben_cokaj-120x150.jpg\",\"contentUrl\":\"https:\\\/\\\/fjala.info\\\/2009-2015\\\/wp-content\\\/uploads\\\/2012\\\/02\\\/arben_cokaj-120x150.jpg\",\"caption\":\"admin\"},\"description\":\"Admin, Fjala e Lir\u00eb\",\"sameAs\":[\"https:\\\/\\\/fjala.info\\\/\"],\"url\":\"https:\\\/\\\/fjala.info\\\/2009-2015\\\/author\\\/admin\\\/\"}]}<\/script>\n<!-- \/ Yoast SEO plugin. -->","yoast_head_json":{"title":"TRIPTIK I TRISHTE DIMRI - FjALA e LIR\u00cb - Arkivi","robots":{"index":"index","follow":"follow","max-snippet":"max-snippet:-1","max-image-preview":"max-image-preview:large","max-video-preview":"max-video-preview:-1"},"canonical":"https:\/\/fjala.info\/2009-2015\/triptik-i-trishte-dimri\/","og_locale":"sq_AL","og_type":"article","og_title":"TRIPTIK I TRISHTE DIMRI - FjALA e LIR\u00cb - Arkivi","og_description":"Valbona Sul\u00e7e Pis Po b\u00ebhem pis. Shoh st\u00ebrkala balte t\u00eb dala nga goj\u00eb t\u00eb palara q\u00eb fluturojn\u00eb mbi kryet tona. N\u00eb k\u00ebmb\u00ebt tona. N\u00ebp\u00ebr pem\u00eb val\u00ebviten bashk\u00eb me qeset e plehrave, edhe fjal\u00ebt-plehra q\u00eb b\u00ebjn\u00eb rikoshet\u00eb nga ekranet. S\u2019ka pluhur lar\u00ebs p\u00ebr k\u00ebt\u00eb pisll\u00ebk q\u00eb na ka mbytur. T\u00eb gjith\u00eb thon\u00eb di\u00e7ka p\u00ebr t\u00eb gjith\u00eb. [&hellip;]","og_url":"https:\/\/fjala.info\/2009-2015\/triptik-i-trishte-dimri\/","og_site_name":"FjALA e LIR\u00cb - Arkivi","article_published_time":"2011-01-22T22:48:42+00:00","author":"admin","twitter_card":"summary_large_image","twitter_misc":{"Written by":"admin","Est. reading time":"3 minutes"},"schema":{"@context":"https:\/\/schema.org","@graph":[{"@type":"Article","@id":"https:\/\/fjala.info\/2009-2015\/triptik-i-trishte-dimri\/#article","isPartOf":{"@id":"https:\/\/fjala.info\/2009-2015\/triptik-i-trishte-dimri\/"},"author":{"name":"admin","@id":"https:\/\/fjala.info\/2009-2015\/#\/schema\/person\/3aa1163ef05469c496fc94e77611ada2"},"headline":"TRIPTIK I TRISHTE DIMRI","datePublished":"2011-01-22T22:48:42+00:00","mainEntityOfPage":{"@id":"https:\/\/fjala.info\/2009-2015\/triptik-i-trishte-dimri\/"},"wordCount":671,"commentCount":0,"publisher":{"@id":"https:\/\/fjala.info\/2009-2015\/#organization"},"articleSection":["Artikuj"],"inLanguage":"sq-AL","potentialAction":[{"@type":"CommentAction","name":"Comment","target":["https:\/\/fjala.info\/2009-2015\/triptik-i-trishte-dimri\/#respond"]}]},{"@type":"WebPage","@id":"https:\/\/fjala.info\/2009-2015\/triptik-i-trishte-dimri\/","url":"https:\/\/fjala.info\/2009-2015\/triptik-i-trishte-dimri\/","name":"TRIPTIK I TRISHTE DIMRI - FjALA e LIR\u00cb - Arkivi","isPartOf":{"@id":"https:\/\/fjala.info\/2009-2015\/#website"},"datePublished":"2011-01-22T22:48:42+00:00","breadcrumb":{"@id":"https:\/\/fjala.info\/2009-2015\/triptik-i-trishte-dimri\/#breadcrumb"},"inLanguage":"sq-AL","potentialAction":[{"@type":"ReadAction","target":["https:\/\/fjala.info\/2009-2015\/triptik-i-trishte-dimri\/"]}]},{"@type":"BreadcrumbList","@id":"https:\/\/fjala.info\/2009-2015\/triptik-i-trishte-dimri\/#breadcrumb","itemListElement":[{"@type":"ListItem","position":1,"name":"Home","item":"https:\/\/fjala.info\/2009-2015\/"},{"@type":"ListItem","position":2,"name":"TRIPTIK I TRISHTE DIMRI"}]},{"@type":"WebSite","@id":"https:\/\/fjala.info\/2009-2015\/#website","url":"https:\/\/fjala.info\/2009-2015\/","name":"FjALA e LIR\u00cb - Arkivi","description":"Arkivi 2009-2015","publisher":{"@id":"https:\/\/fjala.info\/2009-2015\/#organization"},"potentialAction":[{"@type":"SearchAction","target":{"@type":"EntryPoint","urlTemplate":"https:\/\/fjala.info\/2009-2015\/?s={search_term_string}"},"query-input":{"@type":"PropertyValueSpecification","valueRequired":true,"valueName":"search_term_string"}}],"inLanguage":"sq-AL"},{"@type":"Organization","@id":"https:\/\/fjala.info\/2009-2015\/#organization","name":"FjALA e LIR\u00cb - Arkivi","url":"https:\/\/fjala.info\/2009-2015\/","logo":{"@type":"ImageObject","inLanguage":"sq-AL","@id":"https:\/\/fjala.info\/2009-2015\/#\/schema\/logo\/image\/","url":"","contentUrl":"","caption":"FjALA e LIR\u00cb - Arkivi"},"image":{"@id":"https:\/\/fjala.info\/2009-2015\/#\/schema\/logo\/image\/"}},{"@type":"Person","@id":"https:\/\/fjala.info\/2009-2015\/#\/schema\/person\/3aa1163ef05469c496fc94e77611ada2","name":"admin","image":{"@type":"ImageObject","inLanguage":"sq-AL","@id":"https:\/\/fjala.info\/2009-2015\/wp-content\/uploads\/2012\/02\/arben_cokaj-120x150.jpg","url":"https:\/\/fjala.info\/2009-2015\/wp-content\/uploads\/2012\/02\/arben_cokaj-120x150.jpg","contentUrl":"https:\/\/fjala.info\/2009-2015\/wp-content\/uploads\/2012\/02\/arben_cokaj-120x150.jpg","caption":"admin"},"description":"Admin, Fjala e Lir\u00eb","sameAs":["https:\/\/fjala.info\/"],"url":"https:\/\/fjala.info\/2009-2015\/author\/admin\/"}]}},"_links":{"self":[{"href":"https:\/\/fjala.info\/2009-2015\/wp-json\/wp\/v2\/posts\/5830","targetHints":{"allow":["GET"]}}],"collection":[{"href":"https:\/\/fjala.info\/2009-2015\/wp-json\/wp\/v2\/posts"}],"about":[{"href":"https:\/\/fjala.info\/2009-2015\/wp-json\/wp\/v2\/types\/post"}],"author":[{"embeddable":true,"href":"https:\/\/fjala.info\/2009-2015\/wp-json\/wp\/v2\/users\/1"}],"replies":[{"embeddable":true,"href":"https:\/\/fjala.info\/2009-2015\/wp-json\/wp\/v2\/comments?post=5830"}],"version-history":[{"count":0,"href":"https:\/\/fjala.info\/2009-2015\/wp-json\/wp\/v2\/posts\/5830\/revisions"}],"wp:attachment":[{"href":"https:\/\/fjala.info\/2009-2015\/wp-json\/wp\/v2\/media?parent=5830"}],"wp:term":[{"taxonomy":"category","embeddable":true,"href":"https:\/\/fjala.info\/2009-2015\/wp-json\/wp\/v2\/categories?post=5830"},{"taxonomy":"post_tag","embeddable":true,"href":"https:\/\/fjala.info\/2009-2015\/wp-json\/wp\/v2\/tags?post=5830"}],"curies":[{"name":"wp","href":"https:\/\/api.w.org\/{rel}","templated":true}]}}