{"id":5828,"date":"2011-01-22T23:45:30","date_gmt":"2011-01-22T22:45:30","guid":{"rendered":"http:\/\/fjala.shkoder.net\/?p=5828"},"modified":"2011-01-22T23:45:30","modified_gmt":"2011-01-22T22:45:30","slug":"kambane-zgjimi","status":"publish","type":"post","link":"https:\/\/fjala.info\/2009-2015\/kambane-zgjimi\/","title":{"rendered":"Kamban\u00eb zgjimi"},"content":{"rendered":"<p><strong>Sokol Shameti<\/strong><\/p>\n<p>Teksa dje pasdite nj\u00eb i ri i binte pa u ndalur \u201cKamban\u00ebs s\u00eb Paqes\u201d, t\u00eb varur n\u00eb sheshin p\u00ebrpara Qendr\u00ebs Nd\u00ebrkomb\u00ebtare t\u00eb Kultur\u00ebs, pak metra m\u00eb tej po zhvillohej nj\u00eb sken\u00eb kuptimplot\u00eb. Qytetar\u00eb t\u00eb zem\u00ebruar po i rezervonin nj\u00eb injorim t\u00eb posa\u00e7\u00ebm si t\u00eb sht\u00ebnave q\u00eb vinin nga kordon\u00ebt e ngjeshur t\u00eb policis\u00eb p\u00ebrpara Kryeministris\u00eb, ashtu edhe thirrjeve t\u00eb d\u00ebshp\u00ebruara t\u00eb deputet\u00ebve socialist\u00eb q\u00eb k\u00ebrkonin qet\u00ebsimin e tyre. Makinave t\u00eb shumta u ishte v\u00ebn\u00eb flaka dhe pllakat e sheshit po shkuleshin p\u00ebr t\u00eb organizuar nj\u00eb tjet\u00ebr ofensiv\u00eb drejt hyrjes brenda godin\u00ebs totalitare t\u00eb qeveris\u00eb.<\/p>\n<p>Tingujt e asaj kambane mund t\u00eb sh\u00ebrbejn\u00eb si nj\u00eb sinjal p\u00ebr t\u00eb dh\u00ebn\u00eb mesazhe t\u00eb r\u00ebnd\u00ebsishme n\u00eb k\u00ebto dit\u00eb tragjike p\u00ebr Shqip\u00ebrin\u00eb. Lidershipi i opozit\u00ebs m\u00eb n\u00eb fund u zgjua dhe e pa se ka d\u00ebshtuar q\u00eb t\u2019u imponoj\u00eb qytetar\u00ebve kauz\u00ebn e vet personale. P\u00ebr k\u00ebt\u00eb arsye, ai u dor\u00ebzua dhe dje pam\u00eb sesi ai iu vu pas si nj\u00eb ndjek\u00ebs i heshtur kauz\u00ebs s\u00eb qytetar\u00ebve. Nj\u00eb kauz\u00eb, q\u00eb do t\u00eb shohim m\u00eb posht\u00eb, krejt ndryshe nga llafollogjia shterpe e imponuar p\u00ebr muaj me radh\u00eb gjat\u00eb pleksjes s\u00eb pseudo-l\u00ebmshit politik, ka gjith\u00eb motivimet dhe arsyet p\u00ebr t\u00eb qen\u00eb radikale, e ashp\u00ebr dhe dramatike.<\/p>\n<p>Ajo q\u00eb ndodhi dje pasdite n\u00eb rrug\u00ebt e Tiran\u00ebs nuk mund t\u00eb kaloj\u00eb thjesht si nj\u00eb raportim i that\u00eb gazetaresk, pa iu n\u00ebnshtruar nj\u00eb procesi skrupuloz analize nga t\u00eb gjith\u00eb ne. Forcat politike gjithashtu, nuk mund t\u00eb lajn\u00eb duart p\u00ebrball\u00eb rr\u00ebkeve t\u00eb gjakut t\u00eb qytetar\u00ebve shqiptar\u00eb q\u00eb vadit\u00ebn qendr\u00ebn e kryeqytetit, duke hedhur n\u00eb unison mesazhe t\u00eb trembura qet\u00ebsuese e keqardh\u00ebse, pasi katrahura tashm\u00eb \u00ebsht\u00eb b\u00ebr\u00eb e pakontrollueshme.<\/p>\n<p>Momenti i k\u00ebsaj p\u00ebrplasjeje t\u00eb dhunshme mes qytetar\u00ebve dhe stabilimentit politik duhet t\u00eb sh\u00ebrbej\u00eb si nj\u00eb moment reflektimi t\u00eb thell\u00eb e t\u00eb ftoht\u00eb. Si arrit\u00ebm deri k\u00ebtu? Le t\u00eb jemi t\u00eb sinqert\u00eb. Skenat e gueriljes urbane t\u00eb pasuara nga brutaliteti policor q\u00eb pam\u00eb t\u00eb gjith\u00eb dit\u00ebn e djeshme n\u00eb bulevardin \u201cD\u00ebshmor\u00ebt e Kombit\u201d, nuk ishin shkarkimi i stresit t\u00eb ndonj\u00eb ng\u00ebr\u00e7i politik, si\u00e7 i kan\u00eb r\u00ebn\u00eb legenit k\u00ebtu e gati dy vjet rresht p\u00ebrfaq\u00ebsuesit e opozit\u00ebs n\u00eb Shqip\u00ebri. Ky ishte identikiti i nj\u00eb m\u00ebrie t\u00eb thell\u00eb.<\/p>\n<p>I nj\u00eb m\u00ebrie q\u00eb vjen p\u00ebr arsye jetike, si\u00e7 nuk mund t\u00eb jet\u00eb pak\u00ebnaq\u00ebsia p\u00ebr at\u00eb mosmarr\u00ebveshjen e num\u00ebrimit t\u00eb votave mes PS-s\u00eb dhe PD-s\u00eb dhe dy deputet\u00ebt q\u00eb i dalin mang\u00ebt opozit\u00ebs. Nuk \u00ebsht\u00eb k\u00ebmbimi i nj\u00eb mbreti spathi me nj\u00eb mbret ma\u00e7, arsyeja q\u00eb mund t\u00eb shtynte qindra e mij\u00ebra qytetar\u00eb t\u2019u v\u00ebrsuleshin me at\u00eb akumulim vrulli forcave t\u00eb rendit e duke marr\u00eb m\u00eb pas edhe p\u00ebrgjigje t\u00eb ekzagjeruara, nga ato q\u00eb i vendos\u00ebn nj\u00eb \u00e7mim t\u00eb p\u00ebrgjaksh\u00ebm manifestimit t\u00eb djesh\u00ebm.<\/p>\n<p>Gj\u00ebrat duhen quajtur me emrin e tyre t\u00eb v\u00ebrtet\u00eb. Ata q\u00eb organizuan k\u00ebt\u00eb protest\u00eb e din\u00eb m\u00eb mir\u00eb se kushdo k\u00ebt\u00eb. Protesta e djeshme brenda dhun\u00ebs n\u00eb t\u00eb cil\u00ebn u pag\u00ebzua, ishte nga ato me nj\u00eb karakter gjeneralist k\u00ebrkesash. Brenda tyre gjet\u00ebn befas veten shum\u00eb njer\u00ebz t\u00eb zem\u00ebruar n\u00eb k\u00ebt\u00eb vend. M\u00eb shum\u00eb se p\u00ebr njer\u00ebz thjesht t\u00eb zem\u00ebruar dhe kaq, k\u00ebtu b\u00ebhet fjal\u00eb p\u00ebr prind\u00ebr t\u00eb flakur nga puna, p\u00ebr pensionist\u00eb t\u00eb shtyr\u00eb n\u00eb margjinat e mbijetes\u00ebs si dhe p\u00ebr t\u00eb rinj t\u00eb periferive t\u00eb d\u00ebbuar nga shansi p\u00ebr nj\u00eb t\u00eb ardhme t\u00eb shk\u00eblqyeshme, si ajo q\u00eb shohin n\u00eb reklamat e televizorit apo billboard-et e bulevardit. Ndaj, politika duhet t\u00eb mbaj\u00eb sh\u00ebnime se sa larg jan\u00eb interesat e saj nga ato t\u00eb qytetar\u00ebve.<\/p>\n<p>\u00cbsht\u00eb pik\u00ebrisht zhvler\u00ebsimi apo ashtu si\u00e7 e quajti vet\u00eb kryetari socialist, Rama, \u201cdefaktorizimi i opozit\u00ebs\u201d ai q\u00eb ka \u00e7elur k\u00ebt\u00eb faqe kaq frenetike t\u00eb p\u00ebrballjes mes shoq\u00ebris\u00eb shqiptare me sistemin q\u00eb mban n\u00eb k\u00ebmb\u00eb institucione bashk\u00ebvepruese me nj\u00ebra- tjetr\u00ebn si qeverin\u00eb, policin\u00eb, opozit\u00ebn, provokator\u00ebt fanatik\u00eb apo agjent\u00ebt civil\u00eb.<\/p>\n<p>Secili prej k\u00ebtyre element\u00ebve, n\u00eb p\u00ebrpjekjen e vet p\u00ebr t\u00eb q\u00ebndruar n\u00eb sip\u00ebrfaqe, ka damk\u00ebn e vet t\u00eb fajit p\u00ebr at\u00eb q\u00eb ndodhi dje. Nj\u00ebra pal\u00eb, p\u00ebr instrumentalizimin e pak\u00ebnaq\u00ebsis\u00eb s\u00eb njer\u00ebzve, duke e hedhur mbi zjarrin e pap\u00ebrgjegjshm\u00ebris\u00eb qeveritare si nj\u00eb jorgan ku fle pleshti i kriz\u00ebs politike. Pala tjet\u00ebr, p\u00ebr benzin\u00ebn pasionante dhe t\u00eb shproporcionuar q\u00eb i hodhi k\u00ebtij zjarri. Ata q\u00eb jan\u00eb viktimat e v\u00ebrteta q\u00eb u ndodh\u00ebn n\u00eb mes t\u00eb k\u00ebsaj loje perverse, ishin vet\u00eb njer\u00ebzit, me arsyet e tyre t\u00eb thjeshta e t\u00eb qarta. Intensiteti i ngjarjeve t\u00eb djeshme d\u00ebshmon m\u00eb fort se gjith\u00e7ka nj\u00eb t\u00eb v\u00ebrtet\u00eb t\u00eb hidhur. Kriza n\u00eb k\u00ebt\u00eb vend, nuk \u00ebsht\u00eb aspak politike. Ajo \u00ebsht\u00eb dramatikisht sociale.<\/p>\n<p>Shqiptar\u00ebt e sot\u00ebm e kan\u00eb t\u00eb gjat\u00eb list\u00ebn e arsyeve p\u00ebr t\u2019u revoltuar n\u00ebse ndodhen p\u00ebrpara nj\u00eb institucioni shtet\u00ebror. Nuk \u00ebsht\u00eb manipulimi i vot\u00ebs ai q\u00eb e b\u00ebn nj\u00eb bashk\u00ebqytetarin ton\u00eb t\u00eb shtr\u00ebngoj\u00eb grushtet kur ndjehet i n\u00ebp\u00ebrk\u00ebmbur apo shpres\u00ebhumbur p\u00ebrball\u00eb nj\u00eb t\u00eb sotmeje t\u00eb zymt\u00eb e nj\u00eb t\u00eb ardhmeje pa perspektiv\u00eb. Jemi n\u00eb rreshtin e fundit t\u00eb t\u00eb ardhurave p\u00ebr frym\u00eb n\u00eb kontinent, varf\u00ebria historike e k\u00ebtij populli \u00ebsht\u00eb nj\u00eb realitet g\u00ebrryes p\u00ebr shum\u00eb e shum\u00eb familje n\u00eb dit\u00ebt ku jetojm\u00eb. \u00cbsht\u00eb th\u00ebn\u00eb shpesh, por duhet p\u00ebrs\u00ebritur, n\u00ebse nuk e besoni, dilni e shikoni sesi jetohet jasht\u00eb perimetrit t\u00eb Unaz\u00ebs s\u00eb Tiran\u00ebs.<\/p>\n<p>Interesat e korporatave t\u00eb huaja nuk lejojn\u00eb zhvillimin e asnj\u00eb aktiviteti prodhimi industrial vendas, ndaj t\u00eb rinjt\u00eb shqiptar\u00eb i n\u00ebnshtrohen papun\u00ebsis\u00eb, keqedukimit e disa edhe huliganizmit. Nd\u00ebrkoh\u00eb, parat\u00eb q\u00eb mblidhen me taksa shkojn\u00eb n\u00eb nj\u00eb p\u00ebrqindje t\u00eb lart\u00eb n\u00eb xhepat e burokracis\u00eb s\u00eb korruptuar, sh\u00ebrbimet publike jan\u00eb n\u00eb nj\u00eb kuot\u00eb vdekjeje, lagjet ku jetojn\u00eb shumica e shqiptar\u00ebve u p\u00ebrngjajn\u00eb kolonive t\u00eb termiteve n\u00eb mbivendosjen e tyre kriminale, pa l\u00ebn\u00eb hap\u00ebsir\u00eb p\u00ebr nj\u00eb jet\u00eb normale, si n\u00eb ekranizimet kinematografike t\u00eb favelave braziliane.<\/p>\n<p>Nuk mund t\u00eb themi se fajtore p\u00ebr k\u00ebt\u00eb situat\u00eb q\u00eb ka arritur pik\u00ebn e tejngopjes, \u00ebsht\u00eb nj\u00eb qeveri e vetme. Trupat tona qeveris\u00ebse prej vitesh vazhdojn\u00eb t\u00eb pashqet\u00ebsuara t\u00eb \u00e7imentojn\u00eb themelet e nj\u00eb sistemi anti-social, q\u00eb mund\u00ebson mb\u00ebrritjen deri n\u00eb ekstrem t\u00eb k\u00ebsaj gjendjeje q\u00eb \u00ebsht\u00eb rezultati i ditur nga vendosja n\u00eb pun\u00eb e nj\u00eb sistemi ekonomik neoliberal. Tifoze e k\u00ebtij sistemi mjerues ishte deri dje edhe vet\u00eb \u201ce majta\u201d shqiptare.<\/p>\n<p>Njer\u00ebzit ndodhen brenda nj\u00eb flluske n\u00eb fryrje e sip\u00ebr t\u00eb pak\u00ebnaq\u00ebsis\u00eb sociale. Dje, ajo fllusk\u00eb plasi. Un\u00eb isha dje n\u00eb rrug\u00ebt e Tiran\u00ebs gjat\u00eb or\u00ebve t\u00eb p\u00ebrleshjes, fola me pjes\u00ebmarr\u00ebs n\u00eb protest\u00eb dhe askush prej tyre, edhe ata m\u00eb t\u00eb irrituarit, nuk sillnin si arsye t\u00eb pranis\u00eb s\u00eb tyre n\u00eb manifestim pak\u00ebnaq\u00ebsin\u00eb nga ndonj\u00eb anomali konjukturale politike. P\u00ebrkundrazi, papun\u00ebsia, varf\u00ebria, shtrenjtimi i p\u00ebrgjithsh\u00ebm i \u00e7mimeve dhe padrejt\u00ebsi t\u00eb ndryshme sociale q\u00eb ndikonin direkt n\u00eb cil\u00ebsin\u00eb e jet\u00ebs s\u00eb qytetar\u00ebve, ishin ato q\u00eb i b\u00ebnin shum\u00eb prej tyre t\u00eb godisnin dhunsh\u00ebm me gur\u00eb ndaj trupave t\u00eb institucioneve represive t\u00eb shtetit.<\/p>\n<p>M\u00eb pas, turma degradoi ashtu si edhe p\u00ebrgjigja e policis\u00eb, e cila veproi edhe ajo si nj\u00eb turm\u00eb me k\u00ebrba\u00e7 n\u00eb dor\u00eb. Psikologjia e turm\u00ebs pa kontroll \u00ebsht\u00eb dhuna, dhe dje e pam\u00eb me syt\u00eb tan\u00eb v\u00ebrtetimin fatkeq t\u00eb k\u00ebsaj q\u00eb ndodhi. Opozita sh\u00ebrbeu thjesht si nj\u00eb nd\u00ebrmjet\u00ebsuese logjistike e k\u00ebsaj drame pa skenar. Ajo nuk mund t\u00eb ngroh\u00eb tanim\u00eb duart n\u00eb zjarrin q\u00eb ndezi vet\u00eb. Lypset q\u00eb m\u00eb n\u00eb fund njer\u00ebzve t\u2019u thuhet e v\u00ebrteta, ashtu si\u00e7 ata duan ta d\u00ebgjojn\u00eb.<\/p>\n<p>Jo k\u00ebmbimi i nj\u00eb qeverie t\u00eb korruptuar p\u00ebr shkak t\u00eb sistemit &#8211; me nj\u00eb tjet\u00ebr qeveri q\u00eb do t\u00eb p\u00ebrfundoj\u00eb po e zhytur n\u00eb korrupsion p\u00ebr shkak t\u00eb mbrapshtis\u00eb endemike q\u00eb ia mund\u00ebson asaj k\u00ebt\u00eb. Ajo q\u00eb duhet \u00ebsht\u00eb nj\u00eb korrektim i fort\u00eb dhe rr\u00ebnj\u00ebsor i m\u00ebnyr\u00ebs sesi kemi nd\u00ebrtuar jet\u00ebn n\u00eb k\u00ebt\u00eb vend. Taksa t\u00eb r\u00ebnda p\u00ebr ata q\u00eb inkurajojn\u00eb tregtimin e produkteve t\u00eb huaja, duke frenuar k\u00ebsisoj prodhimin tek ne, duke na \u00e7uar pastaj n\u00eb dramat sociale me t\u00eb cilat ajo shoq\u00ebrohet.<\/p>\n<p>Inkurajim me subvencione t\u00eb posa\u00e7me ndaj atyre q\u00eb pun\u00ebsojn\u00eb shqiptar\u00ebt dhe q\u00eb ndihmojn\u00eb n\u00eb \u00e7rr\u00ebnjosjen e s\u00ebmundjes m\u00eb t\u00eb r\u00ebnd\u00eb, krimit m\u00eb t\u00eb eg\u00ebr, vuajtjes m\u00eb tragjike q\u00eb kan\u00eb sot njer\u00ebzit e k\u00ebtij vendi: varf\u00ebris\u00eb. Drejt\u00ebsi sociale, pun\u00eb p\u00ebr t\u00eb gjith\u00eb. M\u00eb shum\u00eb se hartime me emra t\u00eb p\u00ebrve\u00e7\u00ebm dhe metafora mediatike, njer\u00ebzit presin t\u00eb d\u00ebgjojn\u00eb pik\u00ebrisht k\u00ebt\u00eb nga ata q\u00eb predikojn\u00eb ndryshimin. Dhe, ndoshta at\u00ebher\u00eb do t\u00eb kujtojm\u00eb se e premtja e p\u00ebrgjakshme e k\u00ebtij janari, do t\u00eb jet\u00eb vet\u00ebm nj\u00eb dat\u00eb p\u00ebr t\u2019u kujtuar me nderim.<\/p>\n","protected":false},"excerpt":{"rendered":"<p>Sokol Shameti Teksa dje pasdite nj\u00eb i ri i binte pa u ndalur \u201cKamban\u00ebs s\u00eb Paqes\u201d, t\u00eb varur n\u00eb sheshin p\u00ebrpara Qendr\u00ebs Nd\u00ebrkomb\u00ebtare t\u00eb Kultur\u00ebs, pak metra m\u00eb tej po zhvillohej nj\u00eb sken\u00eb kuptimplot\u00eb. Qytetar\u00eb t\u00eb zem\u00ebruar po i rezervonin nj\u00eb injorim t\u00eb posa\u00e7\u00ebm si t\u00eb sht\u00ebnave q\u00eb vinin nga kordon\u00ebt e ngjeshur t\u00eb policis\u00eb [&hellip;]<\/p>\n","protected":false},"author":1,"featured_media":0,"comment_status":"open","ping_status":"closed","sticky":false,"template":"","format":"standard","meta":{"footnotes":""},"categories":[2],"tags":[],"class_list":{"0":"post-5828","1":"post","2":"type-post","3":"status-publish","4":"format-standard","6":"category-artikuj"},"yoast_head":"<!-- This site is optimized with the Yoast SEO plugin v27.4 - https:\/\/yoast.com\/product\/yoast-seo-wordpress\/ -->\n<title>Kamban\u00eb zgjimi - FjALA e LIR\u00cb - Arkivi<\/title>\n<meta name=\"robots\" content=\"index, follow, max-snippet:-1, max-image-preview:large, max-video-preview:-1\" \/>\n<link rel=\"canonical\" href=\"https:\/\/fjala.info\/2009-2015\/kambane-zgjimi\/\" \/>\n<meta property=\"og:locale\" content=\"sq_AL\" \/>\n<meta property=\"og:type\" content=\"article\" \/>\n<meta property=\"og:title\" content=\"Kamban\u00eb zgjimi - FjALA e LIR\u00cb - Arkivi\" \/>\n<meta property=\"og:description\" content=\"Sokol Shameti Teksa dje pasdite nj\u00eb i ri i binte pa u ndalur \u201cKamban\u00ebs s\u00eb Paqes\u201d, t\u00eb varur n\u00eb sheshin p\u00ebrpara Qendr\u00ebs Nd\u00ebrkomb\u00ebtare t\u00eb Kultur\u00ebs, pak metra m\u00eb tej po zhvillohej nj\u00eb sken\u00eb kuptimplot\u00eb. Qytetar\u00eb t\u00eb zem\u00ebruar po i rezervonin nj\u00eb injorim t\u00eb posa\u00e7\u00ebm si t\u00eb sht\u00ebnave q\u00eb vinin nga kordon\u00ebt e ngjeshur t\u00eb policis\u00eb [&hellip;]\" \/>\n<meta property=\"og:url\" content=\"https:\/\/fjala.info\/2009-2015\/kambane-zgjimi\/\" \/>\n<meta property=\"og:site_name\" content=\"FjALA e LIR\u00cb - Arkivi\" \/>\n<meta property=\"article:published_time\" content=\"2011-01-22T22:45:30+00:00\" \/>\n<meta name=\"author\" content=\"admin\" \/>\n<meta name=\"twitter:card\" content=\"summary_large_image\" \/>\n<meta name=\"twitter:label1\" content=\"Written by\" \/>\n\t<meta name=\"twitter:data1\" content=\"admin\" \/>\n\t<meta name=\"twitter:label2\" content=\"Est. reading time\" \/>\n\t<meta name=\"twitter:data2\" content=\"8 minutes\" \/>\n<script type=\"application\/ld+json\" class=\"yoast-schema-graph\">{\"@context\":\"https:\\\/\\\/schema.org\",\"@graph\":[{\"@type\":\"Article\",\"@id\":\"https:\\\/\\\/fjala.info\\\/2009-2015\\\/kambane-zgjimi\\\/#article\",\"isPartOf\":{\"@id\":\"https:\\\/\\\/fjala.info\\\/2009-2015\\\/kambane-zgjimi\\\/\"},\"author\":{\"name\":\"admin\",\"@id\":\"https:\\\/\\\/fjala.info\\\/2009-2015\\\/#\\\/schema\\\/person\\\/3aa1163ef05469c496fc94e77611ada2\"},\"headline\":\"Kamban\u00eb zgjimi\",\"datePublished\":\"2011-01-22T22:45:30+00:00\",\"mainEntityOfPage\":{\"@id\":\"https:\\\/\\\/fjala.info\\\/2009-2015\\\/kambane-zgjimi\\\/\"},\"wordCount\":1619,\"commentCount\":0,\"publisher\":{\"@id\":\"https:\\\/\\\/fjala.info\\\/2009-2015\\\/#organization\"},\"articleSection\":[\"Artikuj\"],\"inLanguage\":\"sq-AL\",\"potentialAction\":[{\"@type\":\"CommentAction\",\"name\":\"Comment\",\"target\":[\"https:\\\/\\\/fjala.info\\\/2009-2015\\\/kambane-zgjimi\\\/#respond\"]}]},{\"@type\":\"WebPage\",\"@id\":\"https:\\\/\\\/fjala.info\\\/2009-2015\\\/kambane-zgjimi\\\/\",\"url\":\"https:\\\/\\\/fjala.info\\\/2009-2015\\\/kambane-zgjimi\\\/\",\"name\":\"Kamban\u00eb zgjimi - FjALA e LIR\u00cb - Arkivi\",\"isPartOf\":{\"@id\":\"https:\\\/\\\/fjala.info\\\/2009-2015\\\/#website\"},\"datePublished\":\"2011-01-22T22:45:30+00:00\",\"breadcrumb\":{\"@id\":\"https:\\\/\\\/fjala.info\\\/2009-2015\\\/kambane-zgjimi\\\/#breadcrumb\"},\"inLanguage\":\"sq-AL\",\"potentialAction\":[{\"@type\":\"ReadAction\",\"target\":[\"https:\\\/\\\/fjala.info\\\/2009-2015\\\/kambane-zgjimi\\\/\"]}]},{\"@type\":\"BreadcrumbList\",\"@id\":\"https:\\\/\\\/fjala.info\\\/2009-2015\\\/kambane-zgjimi\\\/#breadcrumb\",\"itemListElement\":[{\"@type\":\"ListItem\",\"position\":1,\"name\":\"Home\",\"item\":\"https:\\\/\\\/fjala.info\\\/2009-2015\\\/\"},{\"@type\":\"ListItem\",\"position\":2,\"name\":\"Kamban\u00eb zgjimi\"}]},{\"@type\":\"WebSite\",\"@id\":\"https:\\\/\\\/fjala.info\\\/2009-2015\\\/#website\",\"url\":\"https:\\\/\\\/fjala.info\\\/2009-2015\\\/\",\"name\":\"FjALA e LIR\u00cb - Arkivi\",\"description\":\"Arkivi 2009-2015\",\"publisher\":{\"@id\":\"https:\\\/\\\/fjala.info\\\/2009-2015\\\/#organization\"},\"potentialAction\":[{\"@type\":\"SearchAction\",\"target\":{\"@type\":\"EntryPoint\",\"urlTemplate\":\"https:\\\/\\\/fjala.info\\\/2009-2015\\\/?s={search_term_string}\"},\"query-input\":{\"@type\":\"PropertyValueSpecification\",\"valueRequired\":true,\"valueName\":\"search_term_string\"}}],\"inLanguage\":\"sq-AL\"},{\"@type\":\"Organization\",\"@id\":\"https:\\\/\\\/fjala.info\\\/2009-2015\\\/#organization\",\"name\":\"FjALA e LIR\u00cb - Arkivi\",\"url\":\"https:\\\/\\\/fjala.info\\\/2009-2015\\\/\",\"logo\":{\"@type\":\"ImageObject\",\"inLanguage\":\"sq-AL\",\"@id\":\"https:\\\/\\\/fjala.info\\\/2009-2015\\\/#\\\/schema\\\/logo\\\/image\\\/\",\"url\":\"\",\"contentUrl\":\"\",\"caption\":\"FjALA e LIR\u00cb - Arkivi\"},\"image\":{\"@id\":\"https:\\\/\\\/fjala.info\\\/2009-2015\\\/#\\\/schema\\\/logo\\\/image\\\/\"}},{\"@type\":\"Person\",\"@id\":\"https:\\\/\\\/fjala.info\\\/2009-2015\\\/#\\\/schema\\\/person\\\/3aa1163ef05469c496fc94e77611ada2\",\"name\":\"admin\",\"image\":{\"@type\":\"ImageObject\",\"inLanguage\":\"sq-AL\",\"@id\":\"https:\\\/\\\/fjala.info\\\/2009-2015\\\/wp-content\\\/uploads\\\/2012\\\/02\\\/arben_cokaj-120x150.jpg\",\"url\":\"https:\\\/\\\/fjala.info\\\/2009-2015\\\/wp-content\\\/uploads\\\/2012\\\/02\\\/arben_cokaj-120x150.jpg\",\"contentUrl\":\"https:\\\/\\\/fjala.info\\\/2009-2015\\\/wp-content\\\/uploads\\\/2012\\\/02\\\/arben_cokaj-120x150.jpg\",\"caption\":\"admin\"},\"description\":\"Admin, Fjala e Lir\u00eb\",\"sameAs\":[\"https:\\\/\\\/fjala.info\\\/\"],\"url\":\"https:\\\/\\\/fjala.info\\\/2009-2015\\\/author\\\/admin\\\/\"}]}<\/script>\n<!-- \/ Yoast SEO plugin. -->","yoast_head_json":{"title":"Kamban\u00eb zgjimi - FjALA e LIR\u00cb - Arkivi","robots":{"index":"index","follow":"follow","max-snippet":"max-snippet:-1","max-image-preview":"max-image-preview:large","max-video-preview":"max-video-preview:-1"},"canonical":"https:\/\/fjala.info\/2009-2015\/kambane-zgjimi\/","og_locale":"sq_AL","og_type":"article","og_title":"Kamban\u00eb zgjimi - FjALA e LIR\u00cb - Arkivi","og_description":"Sokol Shameti Teksa dje pasdite nj\u00eb i ri i binte pa u ndalur \u201cKamban\u00ebs s\u00eb Paqes\u201d, t\u00eb varur n\u00eb sheshin p\u00ebrpara Qendr\u00ebs Nd\u00ebrkomb\u00ebtare t\u00eb Kultur\u00ebs, pak metra m\u00eb tej po zhvillohej nj\u00eb sken\u00eb kuptimplot\u00eb. Qytetar\u00eb t\u00eb zem\u00ebruar po i rezervonin nj\u00eb injorim t\u00eb posa\u00e7\u00ebm si t\u00eb sht\u00ebnave q\u00eb vinin nga kordon\u00ebt e ngjeshur t\u00eb policis\u00eb [&hellip;]","og_url":"https:\/\/fjala.info\/2009-2015\/kambane-zgjimi\/","og_site_name":"FjALA e LIR\u00cb - Arkivi","article_published_time":"2011-01-22T22:45:30+00:00","author":"admin","twitter_card":"summary_large_image","twitter_misc":{"Written by":"admin","Est. reading time":"8 minutes"},"schema":{"@context":"https:\/\/schema.org","@graph":[{"@type":"Article","@id":"https:\/\/fjala.info\/2009-2015\/kambane-zgjimi\/#article","isPartOf":{"@id":"https:\/\/fjala.info\/2009-2015\/kambane-zgjimi\/"},"author":{"name":"admin","@id":"https:\/\/fjala.info\/2009-2015\/#\/schema\/person\/3aa1163ef05469c496fc94e77611ada2"},"headline":"Kamban\u00eb zgjimi","datePublished":"2011-01-22T22:45:30+00:00","mainEntityOfPage":{"@id":"https:\/\/fjala.info\/2009-2015\/kambane-zgjimi\/"},"wordCount":1619,"commentCount":0,"publisher":{"@id":"https:\/\/fjala.info\/2009-2015\/#organization"},"articleSection":["Artikuj"],"inLanguage":"sq-AL","potentialAction":[{"@type":"CommentAction","name":"Comment","target":["https:\/\/fjala.info\/2009-2015\/kambane-zgjimi\/#respond"]}]},{"@type":"WebPage","@id":"https:\/\/fjala.info\/2009-2015\/kambane-zgjimi\/","url":"https:\/\/fjala.info\/2009-2015\/kambane-zgjimi\/","name":"Kamban\u00eb zgjimi - FjALA e LIR\u00cb - Arkivi","isPartOf":{"@id":"https:\/\/fjala.info\/2009-2015\/#website"},"datePublished":"2011-01-22T22:45:30+00:00","breadcrumb":{"@id":"https:\/\/fjala.info\/2009-2015\/kambane-zgjimi\/#breadcrumb"},"inLanguage":"sq-AL","potentialAction":[{"@type":"ReadAction","target":["https:\/\/fjala.info\/2009-2015\/kambane-zgjimi\/"]}]},{"@type":"BreadcrumbList","@id":"https:\/\/fjala.info\/2009-2015\/kambane-zgjimi\/#breadcrumb","itemListElement":[{"@type":"ListItem","position":1,"name":"Home","item":"https:\/\/fjala.info\/2009-2015\/"},{"@type":"ListItem","position":2,"name":"Kamban\u00eb zgjimi"}]},{"@type":"WebSite","@id":"https:\/\/fjala.info\/2009-2015\/#website","url":"https:\/\/fjala.info\/2009-2015\/","name":"FjALA e LIR\u00cb - Arkivi","description":"Arkivi 2009-2015","publisher":{"@id":"https:\/\/fjala.info\/2009-2015\/#organization"},"potentialAction":[{"@type":"SearchAction","target":{"@type":"EntryPoint","urlTemplate":"https:\/\/fjala.info\/2009-2015\/?s={search_term_string}"},"query-input":{"@type":"PropertyValueSpecification","valueRequired":true,"valueName":"search_term_string"}}],"inLanguage":"sq-AL"},{"@type":"Organization","@id":"https:\/\/fjala.info\/2009-2015\/#organization","name":"FjALA e LIR\u00cb - Arkivi","url":"https:\/\/fjala.info\/2009-2015\/","logo":{"@type":"ImageObject","inLanguage":"sq-AL","@id":"https:\/\/fjala.info\/2009-2015\/#\/schema\/logo\/image\/","url":"","contentUrl":"","caption":"FjALA e LIR\u00cb - Arkivi"},"image":{"@id":"https:\/\/fjala.info\/2009-2015\/#\/schema\/logo\/image\/"}},{"@type":"Person","@id":"https:\/\/fjala.info\/2009-2015\/#\/schema\/person\/3aa1163ef05469c496fc94e77611ada2","name":"admin","image":{"@type":"ImageObject","inLanguage":"sq-AL","@id":"https:\/\/fjala.info\/2009-2015\/wp-content\/uploads\/2012\/02\/arben_cokaj-120x150.jpg","url":"https:\/\/fjala.info\/2009-2015\/wp-content\/uploads\/2012\/02\/arben_cokaj-120x150.jpg","contentUrl":"https:\/\/fjala.info\/2009-2015\/wp-content\/uploads\/2012\/02\/arben_cokaj-120x150.jpg","caption":"admin"},"description":"Admin, Fjala e Lir\u00eb","sameAs":["https:\/\/fjala.info\/"],"url":"https:\/\/fjala.info\/2009-2015\/author\/admin\/"}]}},"_links":{"self":[{"href":"https:\/\/fjala.info\/2009-2015\/wp-json\/wp\/v2\/posts\/5828","targetHints":{"allow":["GET"]}}],"collection":[{"href":"https:\/\/fjala.info\/2009-2015\/wp-json\/wp\/v2\/posts"}],"about":[{"href":"https:\/\/fjala.info\/2009-2015\/wp-json\/wp\/v2\/types\/post"}],"author":[{"embeddable":true,"href":"https:\/\/fjala.info\/2009-2015\/wp-json\/wp\/v2\/users\/1"}],"replies":[{"embeddable":true,"href":"https:\/\/fjala.info\/2009-2015\/wp-json\/wp\/v2\/comments?post=5828"}],"version-history":[{"count":0,"href":"https:\/\/fjala.info\/2009-2015\/wp-json\/wp\/v2\/posts\/5828\/revisions"}],"wp:attachment":[{"href":"https:\/\/fjala.info\/2009-2015\/wp-json\/wp\/v2\/media?parent=5828"}],"wp:term":[{"taxonomy":"category","embeddable":true,"href":"https:\/\/fjala.info\/2009-2015\/wp-json\/wp\/v2\/categories?post=5828"},{"taxonomy":"post_tag","embeddable":true,"href":"https:\/\/fjala.info\/2009-2015\/wp-json\/wp\/v2\/tags?post=5828"}],"curies":[{"name":"wp","href":"https:\/\/api.w.org\/{rel}","templated":true}]}}