{"id":5825,"date":"2011-01-22T23:41:26","date_gmt":"2011-01-22T22:41:26","guid":{"rendered":"http:\/\/fjala.shkoder.net\/?p=5825"},"modified":"2011-01-22T23:41:26","modified_gmt":"2011-01-22T22:41:26","slug":"e-premte-e-zeze-21-janar-2011","status":"publish","type":"post","link":"https:\/\/fjala.info\/2009-2015\/e-premte-e-zeze-21-janar-2011\/","title":{"rendered":"E premte e zez\u00eb, 21 janar 2011"},"content":{"rendered":"<p><img loading=\"lazy\" decoding=\"async\" class=\"alignright size-medium wp-image-5826\" title=\"proteste_me_flamur\" src=\"http:\/\/fjala.shkoder.net\/wp-content\/uploads\/2011\/01\/proteste_me_flamur-300x197.jpg\" alt=\"\" width=\"300\" height=\"197\" \/><strong>Bledi Gilaj<\/strong><\/p>\n<p><em>Urdhri<\/em><br \/>\nVideoja shokuese tregon sesi nj\u00eb nga protestuesit u q\u00ebllua nga godinat e institucioneve<br \/>\nTre persona u vran\u00eb dhe dhjetra t\u00eb tjer\u00eb u plagos\u00ebn gjat\u00eb protest\u00ebs s\u00eb djeshme. Kryeministri ka hedhur akuza mbi kreun e opozit\u00ebs, por nj\u00eb video tregon qart\u00eb sesi \u00ebsht\u00eb q\u00eblluar nj\u00eb demonstrues nga brenda Kryeministris\u00eb, teksa q\u00ebndronte n\u00eb k\u00ebmb\u00eb para godin\u00ebs, bashk\u00eb me dy persona t\u00eb tjer\u00eb. Gjendja e krijuar nga demonstrata e djeshme ka pasur edhe dhjet\u00ebra t\u00eb plagosur si nga policia dhe nga qytetar\u00ebt, duke rikthyer n\u00eb mes t\u00eb Tiran\u00ebs vitin \u201997. Policia dhe Garda kishin marr\u00eb urdh\u00ebr q\u00eb me \u00e7do \u00e7mim t\u00eb mos lejohet q\u00eb demonstruesit t\u00eb kalojn\u00eb port\u00ebn e hekurit t\u00eb godin\u00ebs s\u00eb Kryeministris\u00eb.<\/p>\n<p>Shokuese ka qen\u00eb videoja e publikuar n\u00eb internet, ku duket qart\u00eb sesi nj\u00eb nga tubuesit q\u00ebllohet me plumb n\u00eb gjoks nga brenda Kryeministris\u00eb, duke hedhur posht\u00eb hipotezat e Kryeministrit. Ai ka qen\u00eb n\u00eb momentin kur demonstruesit kan\u00eb thyer port\u00ebn e hekurit t\u00eb Kryeministris\u00eb. Teksa q\u00ebndronte n\u00eb trotuar, bashk\u00eb me dy t\u00eb tjer\u00eb, shihet kur merr nj\u00eb plumb n\u00eb gjoks dhe rr\u00ebzohet p\u00ebrdhe, duke kuptuar qart\u00eb se \u00ebsht\u00eb q\u00eblluar p\u00ebrball\u00eb, aty ku kishte vet\u00ebm punonj\u00ebs t\u00eb Gard\u00ebs dhe t\u00eb policis\u00eb.<\/p>\n<p>Kulmi ka arritur n\u00eb or\u00ebn 16.00, kur bresh\u00ebri t\u00eb sht\u00ebnash jan\u00eb d\u00ebgjuar e dhjet\u00ebra protestues, t\u00eb gjakosur, t\u00eb tmerruar, jan\u00eb par\u00eb t\u00eb shtrir\u00eb. Qindra t\u00eb tjer\u00eb vraponin p\u00ebr t\u00eb gjetur skuta, pa dallim moshe apo seksi. Para k\u00ebmb\u00ebve t\u00eb gjithkujt shtriheshin njer\u00ebz pa ndjenja ose t\u00eb pajet\u00eb, askush nuk e dinte n\u00ebse ishin gjall\u00eb apo jo. I plagosuri i par\u00eb \u00ebsht\u00eb ngritur n\u00eb k\u00ebmb\u00eb, duke ul\u00ebritur nga dhimbja e plag\u00ebs s\u00eb plumbit. Menj\u00ebher\u00eb dy t\u00eb rinj e kan\u00eb marr\u00eb n\u00eb supe dhe kan\u00eb k\u00ebrkuar ambulanc\u00eb.<\/p>\n<p>Por, n\u00eb disa sekonda jan\u00eb d\u00ebgjuar t\u00eb b\u00ebrtiturat \u201ce vran\u00eb\u201d, \u201ce vrau Sali Berisha\u201d, \u201ce vrau policia\u201d. N\u00eb krah\u00eb \u00ebsht\u00eb marr\u00eb nj\u00eb person, rreth 30-ave, i cili dukej qart\u00eb se n\u00eb gjoks kishte dy plumba. K\u00ebt\u00eb her\u00eb jo vet\u00ebm grat\u00eb, por edhe burrat kan\u00eb qar\u00eb me ul\u00ebrima dhe britma dhimbjeje. Demonstruesit jan\u00eb irrituar, nd\u00ebrsa brenda pak minutash kan\u00eb ardhur t\u00eb sht\u00ebna t\u00eb tjera me bresh\u00ebri. Nj\u00eb tjet\u00ebr demonstrues \u00ebsht\u00eb vrar\u00eb e disa t\u00eb rinj jan\u00eb plagosur. T\u00eb pakt\u00ebn k\u00ebshtu thon\u00eb ata q\u00eb u kan\u00eb q\u00ebndruar pran\u00eb.<\/p>\n<p>Por demonstruesit jan\u00eb t\u00eb vendosur q\u00eb mos t\u00eb dor\u00ebzohen, duke i k\u00ebrkuar policis\u00eb t\u00eb largohet dhe duke k\u00ebrkuar q\u00eb Kryeministri t\u00eb jap\u00eb dor\u00ebheqjen. E pik\u00ebrisht n\u00eb k\u00ebto momente afrohen n\u00eb port\u00ebn e hekurt t\u00eb Kryeministris\u00eb dhe e rr\u00ebzojn\u00eb. Por, bashk\u00eb me ta, me nj\u00eb plumb n\u00eb kok\u00eb rr\u00ebzohet edhe nj\u00eb nga demonstruesit. E sht\u00ebna u duk se erdhi nga snajper\u00ebt e vendosur p\u00ebrball\u00eb Kryeministris\u00eb, mbi godin\u00ebn ku \u00ebsht\u00eb Kryesia e Kuvendit.<\/p>\n<p>Nj\u00eb tjet\u00ebr person me plumb n\u00eb kok\u00eb v\u00ebrehet n\u00eb trotuarin e Kryeministris\u00eb. Ai \u00ebsht\u00eb nj\u00eb djal\u00eb i ri dhe niset p\u00ebr n\u00eb spital. Situata \u00ebsht\u00eb kaotike. Brenda kangjellave t\u00eb Kryeministris\u00eb punonj\u00ebsit e Gard\u00ebs s\u00eb Republik\u00ebs, por edhe ata t\u00eb Forcave t\u00eb Nd\u00ebrhyrjes s\u00eb Shpejt\u00eb q\u00ebllojn\u00eb me arm\u00eb. Nuk dihet n\u00ebse jan\u00eb plumba manov\u00ebr apo jo. Por, shpeshher\u00eb arm\u00ebt drejtohen e shkrepen n\u00eb demonstrues, sidomos n\u00eb ata p\u00ebrball\u00eb port\u00ebs s\u00eb hekurit q\u00eb ndodhen n\u00eb bulevardin kryesor.<\/p>\n<p>Nuk mungojn\u00eb t\u00eb sht\u00ebnat edhe p\u00ebrbri Kryeministris\u00eb, e demonstrues q\u00eb vrapojn\u00eb t\u00eb gjakosur. Pleq, gra e t\u00eb rinj q\u00ebllojn\u00eb me gur\u00eb e shishe, nd\u00ebrsa n\u00eb k\u00ebmbim marrin plumba. \u00c7do gj\u00eb ka dal\u00eb jasht\u00eb kontrollit, nd\u00ebrkoh\u00eb q\u00eb snajper\u00ebt rrin\u00eb n\u00eb gatishm\u00ebri, m\u00eb shum\u00eb se kurr\u00eb. Madje, burimet nga policia shprehen se kishin marr\u00eb urdh\u00ebr q\u00eb t\u00eb q\u00ebllonin, n\u00ebse tentohej hyrja n\u00eb Kryeministri. K\u00ebt\u00eb e ka v\u00ebrtetuar edhe Kryeministri, kur tha se do ta mbronte me \u00e7do \u00e7mim institucionin shtet\u00ebror.<\/p>\n","protected":false},"excerpt":{"rendered":"<p>Bledi Gilaj Urdhri Videoja shokuese tregon sesi nj\u00eb nga protestuesit u q\u00ebllua nga godinat e institucioneve Tre persona u vran\u00eb dhe dhjetra t\u00eb tjer\u00eb u plagos\u00ebn gjat\u00eb protest\u00ebs s\u00eb djeshme. Kryeministri ka hedhur akuza mbi kreun e opozit\u00ebs, por nj\u00eb video tregon qart\u00eb sesi \u00ebsht\u00eb q\u00eblluar nj\u00eb demonstrues nga brenda Kryeministris\u00eb, teksa q\u00ebndronte n\u00eb k\u00ebmb\u00eb [&hellip;]<\/p>\n","protected":false},"author":1,"featured_media":0,"comment_status":"open","ping_status":"closed","sticky":false,"template":"","format":"standard","meta":{"footnotes":""},"categories":[2],"tags":[],"class_list":{"0":"post-5825","1":"post","2":"type-post","3":"status-publish","4":"format-standard","6":"category-artikuj"},"yoast_head":"<!-- This site is optimized with the Yoast SEO plugin v27.4 - https:\/\/yoast.com\/product\/yoast-seo-wordpress\/ -->\n<title>E premte e zez\u00eb, 21 janar 2011 - FjALA e LIR\u00cb - Arkivi<\/title>\n<meta name=\"robots\" content=\"index, follow, max-snippet:-1, max-image-preview:large, max-video-preview:-1\" \/>\n<link rel=\"canonical\" href=\"https:\/\/fjala.info\/2009-2015\/e-premte-e-zeze-21-janar-2011\/\" \/>\n<meta property=\"og:locale\" content=\"sq_AL\" \/>\n<meta property=\"og:type\" content=\"article\" \/>\n<meta property=\"og:title\" content=\"E premte e zez\u00eb, 21 janar 2011 - FjALA e LIR\u00cb - Arkivi\" \/>\n<meta property=\"og:description\" content=\"Bledi Gilaj Urdhri Videoja shokuese tregon sesi nj\u00eb nga protestuesit u q\u00ebllua nga godinat e institucioneve Tre persona u vran\u00eb dhe dhjetra t\u00eb tjer\u00eb u plagos\u00ebn gjat\u00eb protest\u00ebs s\u00eb djeshme. Kryeministri ka hedhur akuza mbi kreun e opozit\u00ebs, por nj\u00eb video tregon qart\u00eb sesi \u00ebsht\u00eb q\u00eblluar nj\u00eb demonstrues nga brenda Kryeministris\u00eb, teksa q\u00ebndronte n\u00eb k\u00ebmb\u00eb [&hellip;]\" \/>\n<meta property=\"og:url\" content=\"https:\/\/fjala.info\/2009-2015\/e-premte-e-zeze-21-janar-2011\/\" \/>\n<meta property=\"og:site_name\" content=\"FjALA e LIR\u00cb - Arkivi\" \/>\n<meta property=\"article:published_time\" content=\"2011-01-22T22:41:26+00:00\" \/>\n<meta property=\"og:image\" content=\"http:\/\/fjala.shkoder.net\/wp-content\/uploads\/2011\/01\/proteste_me_flamur-300x197.jpg\" \/>\n<meta name=\"author\" content=\"admin\" \/>\n<meta name=\"twitter:card\" content=\"summary_large_image\" \/>\n<meta name=\"twitter:label1\" content=\"Written by\" \/>\n\t<meta name=\"twitter:data1\" content=\"admin\" \/>\n\t<meta name=\"twitter:label2\" content=\"Est. reading time\" \/>\n\t<meta name=\"twitter:data2\" content=\"3 minutes\" \/>\n<script type=\"application\/ld+json\" class=\"yoast-schema-graph\">{\"@context\":\"https:\\\/\\\/schema.org\",\"@graph\":[{\"@type\":\"Article\",\"@id\":\"https:\\\/\\\/fjala.info\\\/2009-2015\\\/e-premte-e-zeze-21-janar-2011\\\/#article\",\"isPartOf\":{\"@id\":\"https:\\\/\\\/fjala.info\\\/2009-2015\\\/e-premte-e-zeze-21-janar-2011\\\/\"},\"author\":{\"name\":\"admin\",\"@id\":\"https:\\\/\\\/fjala.info\\\/2009-2015\\\/#\\\/schema\\\/person\\\/3aa1163ef05469c496fc94e77611ada2\"},\"headline\":\"E premte e zez\u00eb, 21 janar 2011\",\"datePublished\":\"2011-01-22T22:41:26+00:00\",\"mainEntityOfPage\":{\"@id\":\"https:\\\/\\\/fjala.info\\\/2009-2015\\\/e-premte-e-zeze-21-janar-2011\\\/\"},\"wordCount\":682,\"commentCount\":0,\"publisher\":{\"@id\":\"https:\\\/\\\/fjala.info\\\/2009-2015\\\/#organization\"},\"image\":{\"@id\":\"https:\\\/\\\/fjala.info\\\/2009-2015\\\/e-premte-e-zeze-21-janar-2011\\\/#primaryimage\"},\"thumbnailUrl\":\"http:\\\/\\\/fjala.shkoder.net\\\/wp-content\\\/uploads\\\/2011\\\/01\\\/proteste_me_flamur-300x197.jpg\",\"articleSection\":[\"Artikuj\"],\"inLanguage\":\"sq-AL\",\"potentialAction\":[{\"@type\":\"CommentAction\",\"name\":\"Comment\",\"target\":[\"https:\\\/\\\/fjala.info\\\/2009-2015\\\/e-premte-e-zeze-21-janar-2011\\\/#respond\"]}]},{\"@type\":\"WebPage\",\"@id\":\"https:\\\/\\\/fjala.info\\\/2009-2015\\\/e-premte-e-zeze-21-janar-2011\\\/\",\"url\":\"https:\\\/\\\/fjala.info\\\/2009-2015\\\/e-premte-e-zeze-21-janar-2011\\\/\",\"name\":\"E premte e zez\u00eb, 21 janar 2011 - FjALA e LIR\u00cb - Arkivi\",\"isPartOf\":{\"@id\":\"https:\\\/\\\/fjala.info\\\/2009-2015\\\/#website\"},\"primaryImageOfPage\":{\"@id\":\"https:\\\/\\\/fjala.info\\\/2009-2015\\\/e-premte-e-zeze-21-janar-2011\\\/#primaryimage\"},\"image\":{\"@id\":\"https:\\\/\\\/fjala.info\\\/2009-2015\\\/e-premte-e-zeze-21-janar-2011\\\/#primaryimage\"},\"thumbnailUrl\":\"http:\\\/\\\/fjala.shkoder.net\\\/wp-content\\\/uploads\\\/2011\\\/01\\\/proteste_me_flamur-300x197.jpg\",\"datePublished\":\"2011-01-22T22:41:26+00:00\",\"breadcrumb\":{\"@id\":\"https:\\\/\\\/fjala.info\\\/2009-2015\\\/e-premte-e-zeze-21-janar-2011\\\/#breadcrumb\"},\"inLanguage\":\"sq-AL\",\"potentialAction\":[{\"@type\":\"ReadAction\",\"target\":[\"https:\\\/\\\/fjala.info\\\/2009-2015\\\/e-premte-e-zeze-21-janar-2011\\\/\"]}]},{\"@type\":\"ImageObject\",\"inLanguage\":\"sq-AL\",\"@id\":\"https:\\\/\\\/fjala.info\\\/2009-2015\\\/e-premte-e-zeze-21-janar-2011\\\/#primaryimage\",\"url\":\"http:\\\/\\\/fjala.shkoder.net\\\/wp-content\\\/uploads\\\/2011\\\/01\\\/proteste_me_flamur-300x197.jpg\",\"contentUrl\":\"http:\\\/\\\/fjala.shkoder.net\\\/wp-content\\\/uploads\\\/2011\\\/01\\\/proteste_me_flamur-300x197.jpg\"},{\"@type\":\"BreadcrumbList\",\"@id\":\"https:\\\/\\\/fjala.info\\\/2009-2015\\\/e-premte-e-zeze-21-janar-2011\\\/#breadcrumb\",\"itemListElement\":[{\"@type\":\"ListItem\",\"position\":1,\"name\":\"Home\",\"item\":\"https:\\\/\\\/fjala.info\\\/2009-2015\\\/\"},{\"@type\":\"ListItem\",\"position\":2,\"name\":\"E premte e zez\u00eb, 21 janar 2011\"}]},{\"@type\":\"WebSite\",\"@id\":\"https:\\\/\\\/fjala.info\\\/2009-2015\\\/#website\",\"url\":\"https:\\\/\\\/fjala.info\\\/2009-2015\\\/\",\"name\":\"FjALA e LIR\u00cb - Arkivi\",\"description\":\"Arkivi 2009-2015\",\"publisher\":{\"@id\":\"https:\\\/\\\/fjala.info\\\/2009-2015\\\/#organization\"},\"potentialAction\":[{\"@type\":\"SearchAction\",\"target\":{\"@type\":\"EntryPoint\",\"urlTemplate\":\"https:\\\/\\\/fjala.info\\\/2009-2015\\\/?s={search_term_string}\"},\"query-input\":{\"@type\":\"PropertyValueSpecification\",\"valueRequired\":true,\"valueName\":\"search_term_string\"}}],\"inLanguage\":\"sq-AL\"},{\"@type\":\"Organization\",\"@id\":\"https:\\\/\\\/fjala.info\\\/2009-2015\\\/#organization\",\"name\":\"FjALA e LIR\u00cb - Arkivi\",\"url\":\"https:\\\/\\\/fjala.info\\\/2009-2015\\\/\",\"logo\":{\"@type\":\"ImageObject\",\"inLanguage\":\"sq-AL\",\"@id\":\"https:\\\/\\\/fjala.info\\\/2009-2015\\\/#\\\/schema\\\/logo\\\/image\\\/\",\"url\":\"\",\"contentUrl\":\"\",\"caption\":\"FjALA e LIR\u00cb - Arkivi\"},\"image\":{\"@id\":\"https:\\\/\\\/fjala.info\\\/2009-2015\\\/#\\\/schema\\\/logo\\\/image\\\/\"}},{\"@type\":\"Person\",\"@id\":\"https:\\\/\\\/fjala.info\\\/2009-2015\\\/#\\\/schema\\\/person\\\/3aa1163ef05469c496fc94e77611ada2\",\"name\":\"admin\",\"image\":{\"@type\":\"ImageObject\",\"inLanguage\":\"sq-AL\",\"@id\":\"https:\\\/\\\/fjala.info\\\/2009-2015\\\/wp-content\\\/uploads\\\/2012\\\/02\\\/arben_cokaj-120x150.jpg\",\"url\":\"https:\\\/\\\/fjala.info\\\/2009-2015\\\/wp-content\\\/uploads\\\/2012\\\/02\\\/arben_cokaj-120x150.jpg\",\"contentUrl\":\"https:\\\/\\\/fjala.info\\\/2009-2015\\\/wp-content\\\/uploads\\\/2012\\\/02\\\/arben_cokaj-120x150.jpg\",\"caption\":\"admin\"},\"description\":\"Admin, Fjala e Lir\u00eb\",\"sameAs\":[\"https:\\\/\\\/fjala.info\\\/\"],\"url\":\"https:\\\/\\\/fjala.info\\\/2009-2015\\\/author\\\/admin\\\/\"}]}<\/script>\n<!-- \/ Yoast SEO plugin. -->","yoast_head_json":{"title":"E premte e zez\u00eb, 21 janar 2011 - FjALA e LIR\u00cb - Arkivi","robots":{"index":"index","follow":"follow","max-snippet":"max-snippet:-1","max-image-preview":"max-image-preview:large","max-video-preview":"max-video-preview:-1"},"canonical":"https:\/\/fjala.info\/2009-2015\/e-premte-e-zeze-21-janar-2011\/","og_locale":"sq_AL","og_type":"article","og_title":"E premte e zez\u00eb, 21 janar 2011 - FjALA e LIR\u00cb - Arkivi","og_description":"Bledi Gilaj Urdhri Videoja shokuese tregon sesi nj\u00eb nga protestuesit u q\u00ebllua nga godinat e institucioneve Tre persona u vran\u00eb dhe dhjetra t\u00eb tjer\u00eb u plagos\u00ebn gjat\u00eb protest\u00ebs s\u00eb djeshme. Kryeministri ka hedhur akuza mbi kreun e opozit\u00ebs, por nj\u00eb video tregon qart\u00eb sesi \u00ebsht\u00eb q\u00eblluar nj\u00eb demonstrues nga brenda Kryeministris\u00eb, teksa q\u00ebndronte n\u00eb k\u00ebmb\u00eb [&hellip;]","og_url":"https:\/\/fjala.info\/2009-2015\/e-premte-e-zeze-21-janar-2011\/","og_site_name":"FjALA e LIR\u00cb - Arkivi","article_published_time":"2011-01-22T22:41:26+00:00","og_image":[{"url":"http:\/\/fjala.shkoder.net\/wp-content\/uploads\/2011\/01\/proteste_me_flamur-300x197.jpg","type":"","width":"","height":""}],"author":"admin","twitter_card":"summary_large_image","twitter_misc":{"Written by":"admin","Est. reading time":"3 minutes"},"schema":{"@context":"https:\/\/schema.org","@graph":[{"@type":"Article","@id":"https:\/\/fjala.info\/2009-2015\/e-premte-e-zeze-21-janar-2011\/#article","isPartOf":{"@id":"https:\/\/fjala.info\/2009-2015\/e-premte-e-zeze-21-janar-2011\/"},"author":{"name":"admin","@id":"https:\/\/fjala.info\/2009-2015\/#\/schema\/person\/3aa1163ef05469c496fc94e77611ada2"},"headline":"E premte e zez\u00eb, 21 janar 2011","datePublished":"2011-01-22T22:41:26+00:00","mainEntityOfPage":{"@id":"https:\/\/fjala.info\/2009-2015\/e-premte-e-zeze-21-janar-2011\/"},"wordCount":682,"commentCount":0,"publisher":{"@id":"https:\/\/fjala.info\/2009-2015\/#organization"},"image":{"@id":"https:\/\/fjala.info\/2009-2015\/e-premte-e-zeze-21-janar-2011\/#primaryimage"},"thumbnailUrl":"http:\/\/fjala.shkoder.net\/wp-content\/uploads\/2011\/01\/proteste_me_flamur-300x197.jpg","articleSection":["Artikuj"],"inLanguage":"sq-AL","potentialAction":[{"@type":"CommentAction","name":"Comment","target":["https:\/\/fjala.info\/2009-2015\/e-premte-e-zeze-21-janar-2011\/#respond"]}]},{"@type":"WebPage","@id":"https:\/\/fjala.info\/2009-2015\/e-premte-e-zeze-21-janar-2011\/","url":"https:\/\/fjala.info\/2009-2015\/e-premte-e-zeze-21-janar-2011\/","name":"E premte e zez\u00eb, 21 janar 2011 - FjALA e LIR\u00cb - Arkivi","isPartOf":{"@id":"https:\/\/fjala.info\/2009-2015\/#website"},"primaryImageOfPage":{"@id":"https:\/\/fjala.info\/2009-2015\/e-premte-e-zeze-21-janar-2011\/#primaryimage"},"image":{"@id":"https:\/\/fjala.info\/2009-2015\/e-premte-e-zeze-21-janar-2011\/#primaryimage"},"thumbnailUrl":"http:\/\/fjala.shkoder.net\/wp-content\/uploads\/2011\/01\/proteste_me_flamur-300x197.jpg","datePublished":"2011-01-22T22:41:26+00:00","breadcrumb":{"@id":"https:\/\/fjala.info\/2009-2015\/e-premte-e-zeze-21-janar-2011\/#breadcrumb"},"inLanguage":"sq-AL","potentialAction":[{"@type":"ReadAction","target":["https:\/\/fjala.info\/2009-2015\/e-premte-e-zeze-21-janar-2011\/"]}]},{"@type":"ImageObject","inLanguage":"sq-AL","@id":"https:\/\/fjala.info\/2009-2015\/e-premte-e-zeze-21-janar-2011\/#primaryimage","url":"http:\/\/fjala.shkoder.net\/wp-content\/uploads\/2011\/01\/proteste_me_flamur-300x197.jpg","contentUrl":"http:\/\/fjala.shkoder.net\/wp-content\/uploads\/2011\/01\/proteste_me_flamur-300x197.jpg"},{"@type":"BreadcrumbList","@id":"https:\/\/fjala.info\/2009-2015\/e-premte-e-zeze-21-janar-2011\/#breadcrumb","itemListElement":[{"@type":"ListItem","position":1,"name":"Home","item":"https:\/\/fjala.info\/2009-2015\/"},{"@type":"ListItem","position":2,"name":"E premte e zez\u00eb, 21 janar 2011"}]},{"@type":"WebSite","@id":"https:\/\/fjala.info\/2009-2015\/#website","url":"https:\/\/fjala.info\/2009-2015\/","name":"FjALA e LIR\u00cb - Arkivi","description":"Arkivi 2009-2015","publisher":{"@id":"https:\/\/fjala.info\/2009-2015\/#organization"},"potentialAction":[{"@type":"SearchAction","target":{"@type":"EntryPoint","urlTemplate":"https:\/\/fjala.info\/2009-2015\/?s={search_term_string}"},"query-input":{"@type":"PropertyValueSpecification","valueRequired":true,"valueName":"search_term_string"}}],"inLanguage":"sq-AL"},{"@type":"Organization","@id":"https:\/\/fjala.info\/2009-2015\/#organization","name":"FjALA e LIR\u00cb - Arkivi","url":"https:\/\/fjala.info\/2009-2015\/","logo":{"@type":"ImageObject","inLanguage":"sq-AL","@id":"https:\/\/fjala.info\/2009-2015\/#\/schema\/logo\/image\/","url":"","contentUrl":"","caption":"FjALA e LIR\u00cb - Arkivi"},"image":{"@id":"https:\/\/fjala.info\/2009-2015\/#\/schema\/logo\/image\/"}},{"@type":"Person","@id":"https:\/\/fjala.info\/2009-2015\/#\/schema\/person\/3aa1163ef05469c496fc94e77611ada2","name":"admin","image":{"@type":"ImageObject","inLanguage":"sq-AL","@id":"https:\/\/fjala.info\/2009-2015\/wp-content\/uploads\/2012\/02\/arben_cokaj-120x150.jpg","url":"https:\/\/fjala.info\/2009-2015\/wp-content\/uploads\/2012\/02\/arben_cokaj-120x150.jpg","contentUrl":"https:\/\/fjala.info\/2009-2015\/wp-content\/uploads\/2012\/02\/arben_cokaj-120x150.jpg","caption":"admin"},"description":"Admin, Fjala e Lir\u00eb","sameAs":["https:\/\/fjala.info\/"],"url":"https:\/\/fjala.info\/2009-2015\/author\/admin\/"}]}},"_links":{"self":[{"href":"https:\/\/fjala.info\/2009-2015\/wp-json\/wp\/v2\/posts\/5825","targetHints":{"allow":["GET"]}}],"collection":[{"href":"https:\/\/fjala.info\/2009-2015\/wp-json\/wp\/v2\/posts"}],"about":[{"href":"https:\/\/fjala.info\/2009-2015\/wp-json\/wp\/v2\/types\/post"}],"author":[{"embeddable":true,"href":"https:\/\/fjala.info\/2009-2015\/wp-json\/wp\/v2\/users\/1"}],"replies":[{"embeddable":true,"href":"https:\/\/fjala.info\/2009-2015\/wp-json\/wp\/v2\/comments?post=5825"}],"version-history":[{"count":0,"href":"https:\/\/fjala.info\/2009-2015\/wp-json\/wp\/v2\/posts\/5825\/revisions"}],"wp:attachment":[{"href":"https:\/\/fjala.info\/2009-2015\/wp-json\/wp\/v2\/media?parent=5825"}],"wp:term":[{"taxonomy":"category","embeddable":true,"href":"https:\/\/fjala.info\/2009-2015\/wp-json\/wp\/v2\/categories?post=5825"},{"taxonomy":"post_tag","embeddable":true,"href":"https:\/\/fjala.info\/2009-2015\/wp-json\/wp\/v2\/tags?post=5825"}],"curies":[{"name":"wp","href":"https:\/\/api.w.org\/{rel}","templated":true}]}}