{"id":5816,"date":"2011-01-21T01:59:51","date_gmt":"2011-01-21T00:59:51","guid":{"rendered":"http:\/\/fjala.shkoder.net\/?p=5816"},"modified":"2011-01-21T01:59:51","modified_gmt":"2011-01-21T00:59:51","slug":"flet-deputeti-i-pd-provokimi-per-revolte-i-pamundur","status":"publish","type":"post","link":"https:\/\/fjala.info\/2009-2015\/flet-deputeti-i-pd-provokimi-per-revolte-i-pamundur\/","title":{"rendered":"Flet deputeti i PD: Provokimi p\u00ebr revolt\u00eb, i pamundur"},"content":{"rendered":"<p><img loading=\"lazy\" decoding=\"async\" class=\"alignright size-full wp-image-5679\" title=\"Mark Marku\" src=\"http:\/\/fjala.shkoder.net\/wp-content\/uploads\/2011\/01\/mark_marku1.jpg\" alt=\"\" width=\"300\" height=\"194\" \/><\/p>\n<p><strong><em>Intervist\u00eb<\/em><\/strong><\/p>\n<p>Deputeti i Partis\u00eb Demokratike, Mark Marku, thekson se n\u00eb rast se videoja Meta-Prifti e publikuar n\u00eb emisionin investigativ \u201cFiks Fare\u201d konsiderohet si e pamontuar, at\u00ebher\u00eb koalicioni qeveris\u00ebs do t\u00eb d\u00ebmtohet, nd\u00ebrsa n\u00ebse ndodh e kund\u00ebrta fatura e d\u00ebmtimit do t\u2019i shkoj\u00eb opozit\u00ebs. N\u00eb nj\u00eb intervist\u00eb p\u00ebr \u201cShqip\u201d, deputeti demokrat thekson se pal\u00ebt duhet t\u00eb ken\u00eb durim dhe t\u00eb presin vendimin e prokuroris\u00eb p\u00ebr k\u00ebt\u00eb \u00e7\u00ebshtje, duke shtuar se Ilir Meta b\u00ebri nj\u00eb gjest t\u00eb duhur politik, duke dh\u00ebn\u00eb dor\u00ebheqjen.<\/p>\n<p>Nga ana tjet\u00ebr, Marku shprehet i sigurt se prokuroria do t\u00eb jet\u00eb e pavarur n\u00eb q\u00ebndrimin e saj p\u00ebr k\u00ebt\u00eb \u00e7\u00ebshtje, kjo dhe p\u00ebr arsyen se marr\u00ebdh\u00ebniet mes saj dhe PD-s\u00eb, nuk jan\u00eb shquar p\u00ebr t\u00eb ngrohta, madje kan\u00eb qen\u00eb t\u00eb acaruara. N\u00eb lidhje me demonstrat\u00ebn q\u00eb do t\u00eb mbahet sot n\u00eb Tiran\u00eb, Marku thekson se opozita po mundohet q\u00eb situat\u00ebn politike ta precipitoj\u00eb n\u00eb revolta popullore, gj\u00eb q\u00eb sipas deputetit t\u00eb PD-s\u00eb \u00ebsht\u00eb e pamundur.<\/p>\n<p>Z. Marku, si e shikoni situat\u00ebn e krijuar mes pal\u00ebve politike pas publikimit n\u00eb emisionin investigativ t\u00eb nj\u00eb bisede t\u00eb p\u00ebrgjuar mes dy ish-ministrave t\u00eb kabinetit, aleat t\u00eb PD-s\u00eb n\u00eb qeverisje? Mendoni se kjo \u00e7\u00ebshtje do t\u00eb \u201cnd\u00ebshkoj\u00eb\u201d koalicionin qeveris\u00ebs n\u00eb zgjedhjet lokale q\u00eb jan\u00eb n\u00eb prag?<\/p>\n<p>Situata \u00ebsht\u00eb e ngjashme me nj\u00eb fushat\u00eb elektorale. PS-ja po mundohet t\u00eb nxjerr\u00eb nga nj\u00eb video q\u00eb n\u00eb nj\u00eb pjes\u00eb t\u00eb saj \u00ebsht\u00eb deklaruar edhe nga vet\u00eb publikuesit e saj si e manipuluar, nj\u00eb p\u00ebrfitim t\u00eb dyfisht\u00eb. Ajo po mundohet q\u00eb ta precipitoj\u00eb situat\u00ebn n\u00eb m\u00ebnyr\u00eb t\u00eb atill\u00eb q\u00eb t\u00eb ket\u00eb nj\u00eb revolt\u00eb popullore, gj\u00eb q\u00eb m\u00eb duket praktikisht e pamundur. Nuk shoh ndonj\u00eb arsye p\u00ebr gjith\u00eb k\u00ebt\u00eb agjitim t\u00eb opozit\u00ebs. Publikimi i kaset\u00ebs ka sjell\u00eb reagimin politik t\u00eb koalicionit dhe zotit Meta, i cili ka dh\u00ebn\u00eb dor\u00ebheqjen duke u hapur rrug\u00ebn hetimeve.<\/p>\n<p>Mbetet tani nga organet e drejt\u00ebsis\u00eb t\u00eb v\u00ebrtetohet n\u00ebse kaseta \u00ebsht\u00eb e v\u00ebrtet\u00eb si\u00e7 pohon opozita apo \u00ebsht\u00eb e montuar si\u00e7 deklaron zoti Meta. Var\u00ebsisht vendimeve t\u00eb organeve t\u00eb drejt\u00ebsis\u00eb do t\u00eb nd\u00ebshkohen edhe pal\u00ebt: n\u00ebse videoja rezulton e v\u00ebrtet\u00eb, at\u00ebher\u00eb do t\u00eb d\u00ebmtohet koalicioni qeveris\u00ebs, por n\u00ebse rezulton e kund\u00ebrta do t\u00eb d\u00ebmtohet po aq PS. Deri at\u00ebher\u00eb le t\u00eb b\u00ebjm\u00eb durim.<\/p>\n<p>Si e gjykoni reagimin e Kryeministrit Berisha n\u00eb lidhje me k\u00ebt\u00eb videoskandal dhe a keni besim n\u00eb nj\u00eb rezultat t\u00eb pavarur nga ana e prokuroris\u00eb p\u00ebr k\u00ebt\u00eb \u00e7\u00ebshtje?<\/p>\n<p>Reagimi mendoj se ka qen\u00eb politikisht korrekt. Kryeministri Berisha e ka pranuar dor\u00ebheqjen e zotit Meta dhe ka deklaruar se i takon prokuroris\u00eb dhe gjykat\u00ebs t\u00eb merren me k\u00ebt\u00eb \u00e7\u00ebshtje. Natyrisht, koalicioni dhe qeveria e zotit Berisha \u00ebsht\u00eb favorizuar shum\u00eb nga vendimi i zotit Meta, i cili duhet pranuar se ka treguar p\u00ebrgjegjshm\u00ebrin\u00eb e duhur politike duke marr\u00eb vendime t\u00eb guximshme n\u00eb funksion t\u00eb partis\u00eb q\u00eb p\u00ebrfaq\u00ebson &#8211; LSI-s\u00eb, si dhe t\u00eb koalicionit qeveris\u00ebs. P\u00ebr sa i p\u00ebrket besueshm\u00ebris\u00eb n\u00eb pun\u00ebn e prokuroris\u00eb, mendoj se p\u00ebr momentin ka dy arsye q\u00eb na b\u00ebjn\u00eb t\u00eb besojm\u00eb n\u00eb pun\u00ebn e saj.<\/p>\n<p>E para: se ajo ligj\u00ebrisht \u00ebsht\u00eb nj\u00eb institucion i pavarur dhe i pakusht\u00ebzuar nga forcat politike. Sipas legjislacionit aktual, askush nuk mund t\u00eb nd\u00ebrhyj\u00eb n\u00eb pun\u00ebt e saj. E dyta: Gjat\u00eb gjith\u00eb periudh\u00ebs q\u00eb nga em\u00ebrimi i zotit Rakipi, i zotit Sallaku e deri tek em\u00ebrimi i zonj\u00ebs Rama, ky institucion ka pasur marr\u00ebdh\u00ebnie t\u00eb tensionuara me PD-n\u00eb. N\u00eb k\u00ebt\u00eb kuptim nuk ka arsye t\u00eb dyshojm\u00eb se pik\u00ebrisht n\u00eb k\u00ebt\u00eb moment ajo t\u00eb marr\u00eb an\u00ebn e PD-s\u00eb.<\/p>\n<p>Dit\u00ebt e fundit, situata politike n\u00eb vend \u00ebsht\u00eb acaruar edhe si rezultat i seanc\u00ebs s\u00eb fundit plenare, ku mes pal\u00ebve nuk u arrit t\u00eb b\u00ebhej asnj\u00eb diskutim normal dhe u artikuluan akuza dhe deklarata jo etike p\u00ebr sall\u00ebn e ligjv\u00ebn\u00ebsit shqiptar. Cila pal\u00eb mendoni se \u00ebsht\u00eb p\u00ebrgjegj\u00ebsja kryesore p\u00ebr k\u00ebt\u00eb situat\u00eb dhe \u00e7far\u00eb mund t\u00eb b\u00ebhet p\u00ebr t\u00eb pasur nj\u00eb komunikim normal mes mazhoranc\u00ebs dhe opozit\u00ebs?<\/p>\n<p>Pavar\u00ebsisht se si komentohet acarimi i ndodhur n\u00eb Kuvend apo ngjarjet e m\u00ebvonshme \u00ebsht\u00eb krejt e palogjikshme t\u00eb mendohet se PD-ja, LSI-ja dhe forcat q\u00eb qeverisin vendin t\u00eb jen\u00eb t\u00eb interesuar p\u00ebr nj\u00eb acarim t\u00eb situat\u00ebs. Zakonisht dhe thuajse p\u00ebrher\u00eb, acarimet politike i interesojn\u00eb opozit\u00ebs. Mjaft ta kujtojm\u00eb shkarazi k\u00ebt\u00eb logjik\u00eb politike dhe e kuptojm\u00eb se \u00ebsht\u00eb opozita ajo q\u00eb \u00ebsht\u00eb e interesuar p\u00ebr tensionimin e situat\u00ebs dhe q\u00eb po e b\u00ebn nj\u00eb gj\u00eb t\u00eb till\u00eb<\/p>\n<p>Opozita ka th\u00ebrritur popullin n\u00eb demonstrata k\u00ebt\u00eb fundjav\u00eb. Si e shikoni k\u00ebt\u00eb rikthim t\u00eb opozit\u00ebs te protestat dhe si gjykoni se do t\u00eb ndikoj\u00eb kjo n\u00eb jet\u00ebn politike t\u00eb vendit?<\/p>\n<p>Mendoj se protestat apo demonstratat, p\u00ebrve\u00e7 faktit q\u00eb do t\u00eb d\u00ebshmojn\u00eb edhe nj\u00ebher\u00eb faktin se jemi nj\u00eb vend i lir\u00eb dhe demokratik ku opozita i ka t\u00eb mundura t\u00eb gjitha format legjitime t\u00eb luft\u00ebs politike nuk do t\u00eb d\u00ebshmojn\u00eb gj\u00eb tjet\u00ebr.<\/p>\n<p>Cili mendoni se do t\u00eb jet\u00eb efekti i k\u00ebsaj situate t\u00eb tensionuar n\u00eb vend te zgjedhjet lokale t\u00eb 8 majit?<\/p>\n<p>Nuk shoh ndonj\u00eb t\u00eb mir\u00eb p\u00ebr zgjedhjet, n\u00ebse situata do t\u00eb vazhdoj\u00eb t\u00eb jet\u00eb e tensionuar. N\u00eb nj\u00eb situat\u00eb t\u00eb tensionuar politike, alternativat nuk shpalosen dhe fitojn\u00eb terren thirrjet. Un\u00eb mendoj se nj\u00eb situat\u00eb e tensionuar i largon qytetar\u00ebt nga zgjedhjet dhe i b\u00ebn ato pron\u00eb t\u00eb vet\u00ebm nj\u00eb trupe elektorale ngusht\u00ebsisht militante.<\/p>\n","protected":false},"excerpt":{"rendered":"<p>Intervist\u00eb Deputeti i Partis\u00eb Demokratike, Mark Marku, thekson se n\u00eb rast se videoja Meta-Prifti e publikuar n\u00eb emisionin investigativ \u201cFiks Fare\u201d konsiderohet si e pamontuar, at\u00ebher\u00eb koalicioni qeveris\u00ebs do t\u00eb d\u00ebmtohet, nd\u00ebrsa n\u00ebse ndodh e kund\u00ebrta fatura e d\u00ebmtimit do t\u2019i shkoj\u00eb opozit\u00ebs. N\u00eb nj\u00eb intervist\u00eb p\u00ebr \u201cShqip\u201d, deputeti demokrat thekson se pal\u00ebt duhet t\u00eb [&hellip;]<\/p>\n","protected":false},"author":1,"featured_media":0,"comment_status":"open","ping_status":"closed","sticky":false,"template":"","format":"standard","meta":{"footnotes":""},"categories":[2],"tags":[],"class_list":{"0":"post-5816","1":"post","2":"type-post","3":"status-publish","4":"format-standard","6":"category-artikuj"},"yoast_head":"<!-- This site is optimized with the Yoast SEO plugin v27.4 - https:\/\/yoast.com\/product\/yoast-seo-wordpress\/ -->\n<title>Flet deputeti i PD: Provokimi p\u00ebr revolt\u00eb, i pamundur - FjALA e LIR\u00cb - Arkivi<\/title>\n<meta name=\"robots\" content=\"index, follow, max-snippet:-1, max-image-preview:large, max-video-preview:-1\" \/>\n<link rel=\"canonical\" href=\"https:\/\/fjala.info\/2009-2015\/flet-deputeti-i-pd-provokimi-per-revolte-i-pamundur\/\" \/>\n<meta property=\"og:locale\" content=\"sq_AL\" \/>\n<meta property=\"og:type\" content=\"article\" \/>\n<meta property=\"og:title\" content=\"Flet deputeti i PD: Provokimi p\u00ebr revolt\u00eb, i pamundur - FjALA e LIR\u00cb - Arkivi\" \/>\n<meta property=\"og:description\" content=\"Intervist\u00eb Deputeti i Partis\u00eb Demokratike, Mark Marku, thekson se n\u00eb rast se videoja Meta-Prifti e publikuar n\u00eb emisionin investigativ \u201cFiks Fare\u201d konsiderohet si e pamontuar, at\u00ebher\u00eb koalicioni qeveris\u00ebs do t\u00eb d\u00ebmtohet, nd\u00ebrsa n\u00ebse ndodh e kund\u00ebrta fatura e d\u00ebmtimit do t\u2019i shkoj\u00eb opozit\u00ebs. N\u00eb nj\u00eb intervist\u00eb p\u00ebr \u201cShqip\u201d, deputeti demokrat thekson se pal\u00ebt duhet t\u00eb [&hellip;]\" \/>\n<meta property=\"og:url\" content=\"https:\/\/fjala.info\/2009-2015\/flet-deputeti-i-pd-provokimi-per-revolte-i-pamundur\/\" \/>\n<meta property=\"og:site_name\" content=\"FjALA e LIR\u00cb - Arkivi\" \/>\n<meta property=\"article:published_time\" content=\"2011-01-21T00:59:51+00:00\" \/>\n<meta property=\"og:image\" content=\"http:\/\/fjala.shkoder.net\/wp-content\/uploads\/2011\/01\/mark_marku1.jpg\" \/>\n<meta name=\"author\" content=\"admin\" \/>\n<meta name=\"twitter:card\" content=\"summary_large_image\" \/>\n<meta name=\"twitter:label1\" content=\"Written by\" \/>\n\t<meta name=\"twitter:data1\" content=\"admin\" \/>\n\t<meta name=\"twitter:label2\" content=\"Est. reading time\" \/>\n\t<meta name=\"twitter:data2\" content=\"5 minutes\" \/>\n<script type=\"application\/ld+json\" class=\"yoast-schema-graph\">{\"@context\":\"https:\\\/\\\/schema.org\",\"@graph\":[{\"@type\":\"Article\",\"@id\":\"https:\\\/\\\/fjala.info\\\/2009-2015\\\/flet-deputeti-i-pd-provokimi-per-revolte-i-pamundur\\\/#article\",\"isPartOf\":{\"@id\":\"https:\\\/\\\/fjala.info\\\/2009-2015\\\/flet-deputeti-i-pd-provokimi-per-revolte-i-pamundur\\\/\"},\"author\":{\"name\":\"admin\",\"@id\":\"https:\\\/\\\/fjala.info\\\/2009-2015\\\/#\\\/schema\\\/person\\\/3aa1163ef05469c496fc94e77611ada2\"},\"headline\":\"Flet deputeti i PD: Provokimi p\u00ebr revolt\u00eb, i pamundur\",\"datePublished\":\"2011-01-21T00:59:51+00:00\",\"mainEntityOfPage\":{\"@id\":\"https:\\\/\\\/fjala.info\\\/2009-2015\\\/flet-deputeti-i-pd-provokimi-per-revolte-i-pamundur\\\/\"},\"wordCount\":993,\"commentCount\":0,\"publisher\":{\"@id\":\"https:\\\/\\\/fjala.info\\\/2009-2015\\\/#organization\"},\"image\":{\"@id\":\"https:\\\/\\\/fjala.info\\\/2009-2015\\\/flet-deputeti-i-pd-provokimi-per-revolte-i-pamundur\\\/#primaryimage\"},\"thumbnailUrl\":\"http:\\\/\\\/fjala.shkoder.net\\\/wp-content\\\/uploads\\\/2011\\\/01\\\/mark_marku1.jpg\",\"articleSection\":[\"Artikuj\"],\"inLanguage\":\"sq-AL\",\"potentialAction\":[{\"@type\":\"CommentAction\",\"name\":\"Comment\",\"target\":[\"https:\\\/\\\/fjala.info\\\/2009-2015\\\/flet-deputeti-i-pd-provokimi-per-revolte-i-pamundur\\\/#respond\"]}]},{\"@type\":\"WebPage\",\"@id\":\"https:\\\/\\\/fjala.info\\\/2009-2015\\\/flet-deputeti-i-pd-provokimi-per-revolte-i-pamundur\\\/\",\"url\":\"https:\\\/\\\/fjala.info\\\/2009-2015\\\/flet-deputeti-i-pd-provokimi-per-revolte-i-pamundur\\\/\",\"name\":\"Flet deputeti i PD: Provokimi p\u00ebr revolt\u00eb, i pamundur - FjALA e LIR\u00cb - Arkivi\",\"isPartOf\":{\"@id\":\"https:\\\/\\\/fjala.info\\\/2009-2015\\\/#website\"},\"primaryImageOfPage\":{\"@id\":\"https:\\\/\\\/fjala.info\\\/2009-2015\\\/flet-deputeti-i-pd-provokimi-per-revolte-i-pamundur\\\/#primaryimage\"},\"image\":{\"@id\":\"https:\\\/\\\/fjala.info\\\/2009-2015\\\/flet-deputeti-i-pd-provokimi-per-revolte-i-pamundur\\\/#primaryimage\"},\"thumbnailUrl\":\"http:\\\/\\\/fjala.shkoder.net\\\/wp-content\\\/uploads\\\/2011\\\/01\\\/mark_marku1.jpg\",\"datePublished\":\"2011-01-21T00:59:51+00:00\",\"breadcrumb\":{\"@id\":\"https:\\\/\\\/fjala.info\\\/2009-2015\\\/flet-deputeti-i-pd-provokimi-per-revolte-i-pamundur\\\/#breadcrumb\"},\"inLanguage\":\"sq-AL\",\"potentialAction\":[{\"@type\":\"ReadAction\",\"target\":[\"https:\\\/\\\/fjala.info\\\/2009-2015\\\/flet-deputeti-i-pd-provokimi-per-revolte-i-pamundur\\\/\"]}]},{\"@type\":\"ImageObject\",\"inLanguage\":\"sq-AL\",\"@id\":\"https:\\\/\\\/fjala.info\\\/2009-2015\\\/flet-deputeti-i-pd-provokimi-per-revolte-i-pamundur\\\/#primaryimage\",\"url\":\"http:\\\/\\\/fjala.shkoder.net\\\/wp-content\\\/uploads\\\/2011\\\/01\\\/mark_marku1.jpg\",\"contentUrl\":\"http:\\\/\\\/fjala.shkoder.net\\\/wp-content\\\/uploads\\\/2011\\\/01\\\/mark_marku1.jpg\"},{\"@type\":\"BreadcrumbList\",\"@id\":\"https:\\\/\\\/fjala.info\\\/2009-2015\\\/flet-deputeti-i-pd-provokimi-per-revolte-i-pamundur\\\/#breadcrumb\",\"itemListElement\":[{\"@type\":\"ListItem\",\"position\":1,\"name\":\"Home\",\"item\":\"https:\\\/\\\/fjala.info\\\/2009-2015\\\/\"},{\"@type\":\"ListItem\",\"position\":2,\"name\":\"Flet deputeti i PD: Provokimi p\u00ebr revolt\u00eb, i pamundur\"}]},{\"@type\":\"WebSite\",\"@id\":\"https:\\\/\\\/fjala.info\\\/2009-2015\\\/#website\",\"url\":\"https:\\\/\\\/fjala.info\\\/2009-2015\\\/\",\"name\":\"FjALA e LIR\u00cb - Arkivi\",\"description\":\"Arkivi 2009-2015\",\"publisher\":{\"@id\":\"https:\\\/\\\/fjala.info\\\/2009-2015\\\/#organization\"},\"potentialAction\":[{\"@type\":\"SearchAction\",\"target\":{\"@type\":\"EntryPoint\",\"urlTemplate\":\"https:\\\/\\\/fjala.info\\\/2009-2015\\\/?s={search_term_string}\"},\"query-input\":{\"@type\":\"PropertyValueSpecification\",\"valueRequired\":true,\"valueName\":\"search_term_string\"}}],\"inLanguage\":\"sq-AL\"},{\"@type\":\"Organization\",\"@id\":\"https:\\\/\\\/fjala.info\\\/2009-2015\\\/#organization\",\"name\":\"FjALA e LIR\u00cb - Arkivi\",\"url\":\"https:\\\/\\\/fjala.info\\\/2009-2015\\\/\",\"logo\":{\"@type\":\"ImageObject\",\"inLanguage\":\"sq-AL\",\"@id\":\"https:\\\/\\\/fjala.info\\\/2009-2015\\\/#\\\/schema\\\/logo\\\/image\\\/\",\"url\":\"\",\"contentUrl\":\"\",\"caption\":\"FjALA e LIR\u00cb - Arkivi\"},\"image\":{\"@id\":\"https:\\\/\\\/fjala.info\\\/2009-2015\\\/#\\\/schema\\\/logo\\\/image\\\/\"}},{\"@type\":\"Person\",\"@id\":\"https:\\\/\\\/fjala.info\\\/2009-2015\\\/#\\\/schema\\\/person\\\/3aa1163ef05469c496fc94e77611ada2\",\"name\":\"admin\",\"image\":{\"@type\":\"ImageObject\",\"inLanguage\":\"sq-AL\",\"@id\":\"https:\\\/\\\/fjala.info\\\/2009-2015\\\/wp-content\\\/uploads\\\/2012\\\/02\\\/arben_cokaj-120x150.jpg\",\"url\":\"https:\\\/\\\/fjala.info\\\/2009-2015\\\/wp-content\\\/uploads\\\/2012\\\/02\\\/arben_cokaj-120x150.jpg\",\"contentUrl\":\"https:\\\/\\\/fjala.info\\\/2009-2015\\\/wp-content\\\/uploads\\\/2012\\\/02\\\/arben_cokaj-120x150.jpg\",\"caption\":\"admin\"},\"description\":\"Admin, Fjala e Lir\u00eb\",\"sameAs\":[\"https:\\\/\\\/fjala.info\\\/\"],\"url\":\"https:\\\/\\\/fjala.info\\\/2009-2015\\\/author\\\/admin\\\/\"}]}<\/script>\n<!-- \/ Yoast SEO plugin. -->","yoast_head_json":{"title":"Flet deputeti i PD: Provokimi p\u00ebr revolt\u00eb, i pamundur - FjALA e LIR\u00cb - Arkivi","robots":{"index":"index","follow":"follow","max-snippet":"max-snippet:-1","max-image-preview":"max-image-preview:large","max-video-preview":"max-video-preview:-1"},"canonical":"https:\/\/fjala.info\/2009-2015\/flet-deputeti-i-pd-provokimi-per-revolte-i-pamundur\/","og_locale":"sq_AL","og_type":"article","og_title":"Flet deputeti i PD: Provokimi p\u00ebr revolt\u00eb, i pamundur - FjALA e LIR\u00cb - Arkivi","og_description":"Intervist\u00eb Deputeti i Partis\u00eb Demokratike, Mark Marku, thekson se n\u00eb rast se videoja Meta-Prifti e publikuar n\u00eb emisionin investigativ \u201cFiks Fare\u201d konsiderohet si e pamontuar, at\u00ebher\u00eb koalicioni qeveris\u00ebs do t\u00eb d\u00ebmtohet, nd\u00ebrsa n\u00ebse ndodh e kund\u00ebrta fatura e d\u00ebmtimit do t\u2019i shkoj\u00eb opozit\u00ebs. N\u00eb nj\u00eb intervist\u00eb p\u00ebr \u201cShqip\u201d, deputeti demokrat thekson se pal\u00ebt duhet t\u00eb [&hellip;]","og_url":"https:\/\/fjala.info\/2009-2015\/flet-deputeti-i-pd-provokimi-per-revolte-i-pamundur\/","og_site_name":"FjALA e LIR\u00cb - Arkivi","article_published_time":"2011-01-21T00:59:51+00:00","og_image":[{"url":"http:\/\/fjala.shkoder.net\/wp-content\/uploads\/2011\/01\/mark_marku1.jpg","type":"","width":"","height":""}],"author":"admin","twitter_card":"summary_large_image","twitter_misc":{"Written by":"admin","Est. reading time":"5 minutes"},"schema":{"@context":"https:\/\/schema.org","@graph":[{"@type":"Article","@id":"https:\/\/fjala.info\/2009-2015\/flet-deputeti-i-pd-provokimi-per-revolte-i-pamundur\/#article","isPartOf":{"@id":"https:\/\/fjala.info\/2009-2015\/flet-deputeti-i-pd-provokimi-per-revolte-i-pamundur\/"},"author":{"name":"admin","@id":"https:\/\/fjala.info\/2009-2015\/#\/schema\/person\/3aa1163ef05469c496fc94e77611ada2"},"headline":"Flet deputeti i PD: Provokimi p\u00ebr revolt\u00eb, i pamundur","datePublished":"2011-01-21T00:59:51+00:00","mainEntityOfPage":{"@id":"https:\/\/fjala.info\/2009-2015\/flet-deputeti-i-pd-provokimi-per-revolte-i-pamundur\/"},"wordCount":993,"commentCount":0,"publisher":{"@id":"https:\/\/fjala.info\/2009-2015\/#organization"},"image":{"@id":"https:\/\/fjala.info\/2009-2015\/flet-deputeti-i-pd-provokimi-per-revolte-i-pamundur\/#primaryimage"},"thumbnailUrl":"http:\/\/fjala.shkoder.net\/wp-content\/uploads\/2011\/01\/mark_marku1.jpg","articleSection":["Artikuj"],"inLanguage":"sq-AL","potentialAction":[{"@type":"CommentAction","name":"Comment","target":["https:\/\/fjala.info\/2009-2015\/flet-deputeti-i-pd-provokimi-per-revolte-i-pamundur\/#respond"]}]},{"@type":"WebPage","@id":"https:\/\/fjala.info\/2009-2015\/flet-deputeti-i-pd-provokimi-per-revolte-i-pamundur\/","url":"https:\/\/fjala.info\/2009-2015\/flet-deputeti-i-pd-provokimi-per-revolte-i-pamundur\/","name":"Flet deputeti i PD: Provokimi p\u00ebr revolt\u00eb, i pamundur - FjALA e LIR\u00cb - Arkivi","isPartOf":{"@id":"https:\/\/fjala.info\/2009-2015\/#website"},"primaryImageOfPage":{"@id":"https:\/\/fjala.info\/2009-2015\/flet-deputeti-i-pd-provokimi-per-revolte-i-pamundur\/#primaryimage"},"image":{"@id":"https:\/\/fjala.info\/2009-2015\/flet-deputeti-i-pd-provokimi-per-revolte-i-pamundur\/#primaryimage"},"thumbnailUrl":"http:\/\/fjala.shkoder.net\/wp-content\/uploads\/2011\/01\/mark_marku1.jpg","datePublished":"2011-01-21T00:59:51+00:00","breadcrumb":{"@id":"https:\/\/fjala.info\/2009-2015\/flet-deputeti-i-pd-provokimi-per-revolte-i-pamundur\/#breadcrumb"},"inLanguage":"sq-AL","potentialAction":[{"@type":"ReadAction","target":["https:\/\/fjala.info\/2009-2015\/flet-deputeti-i-pd-provokimi-per-revolte-i-pamundur\/"]}]},{"@type":"ImageObject","inLanguage":"sq-AL","@id":"https:\/\/fjala.info\/2009-2015\/flet-deputeti-i-pd-provokimi-per-revolte-i-pamundur\/#primaryimage","url":"http:\/\/fjala.shkoder.net\/wp-content\/uploads\/2011\/01\/mark_marku1.jpg","contentUrl":"http:\/\/fjala.shkoder.net\/wp-content\/uploads\/2011\/01\/mark_marku1.jpg"},{"@type":"BreadcrumbList","@id":"https:\/\/fjala.info\/2009-2015\/flet-deputeti-i-pd-provokimi-per-revolte-i-pamundur\/#breadcrumb","itemListElement":[{"@type":"ListItem","position":1,"name":"Home","item":"https:\/\/fjala.info\/2009-2015\/"},{"@type":"ListItem","position":2,"name":"Flet deputeti i PD: Provokimi p\u00ebr revolt\u00eb, i pamundur"}]},{"@type":"WebSite","@id":"https:\/\/fjala.info\/2009-2015\/#website","url":"https:\/\/fjala.info\/2009-2015\/","name":"FjALA e LIR\u00cb - Arkivi","description":"Arkivi 2009-2015","publisher":{"@id":"https:\/\/fjala.info\/2009-2015\/#organization"},"potentialAction":[{"@type":"SearchAction","target":{"@type":"EntryPoint","urlTemplate":"https:\/\/fjala.info\/2009-2015\/?s={search_term_string}"},"query-input":{"@type":"PropertyValueSpecification","valueRequired":true,"valueName":"search_term_string"}}],"inLanguage":"sq-AL"},{"@type":"Organization","@id":"https:\/\/fjala.info\/2009-2015\/#organization","name":"FjALA e LIR\u00cb - Arkivi","url":"https:\/\/fjala.info\/2009-2015\/","logo":{"@type":"ImageObject","inLanguage":"sq-AL","@id":"https:\/\/fjala.info\/2009-2015\/#\/schema\/logo\/image\/","url":"","contentUrl":"","caption":"FjALA e LIR\u00cb - Arkivi"},"image":{"@id":"https:\/\/fjala.info\/2009-2015\/#\/schema\/logo\/image\/"}},{"@type":"Person","@id":"https:\/\/fjala.info\/2009-2015\/#\/schema\/person\/3aa1163ef05469c496fc94e77611ada2","name":"admin","image":{"@type":"ImageObject","inLanguage":"sq-AL","@id":"https:\/\/fjala.info\/2009-2015\/wp-content\/uploads\/2012\/02\/arben_cokaj-120x150.jpg","url":"https:\/\/fjala.info\/2009-2015\/wp-content\/uploads\/2012\/02\/arben_cokaj-120x150.jpg","contentUrl":"https:\/\/fjala.info\/2009-2015\/wp-content\/uploads\/2012\/02\/arben_cokaj-120x150.jpg","caption":"admin"},"description":"Admin, Fjala e Lir\u00eb","sameAs":["https:\/\/fjala.info\/"],"url":"https:\/\/fjala.info\/2009-2015\/author\/admin\/"}]}},"_links":{"self":[{"href":"https:\/\/fjala.info\/2009-2015\/wp-json\/wp\/v2\/posts\/5816","targetHints":{"allow":["GET"]}}],"collection":[{"href":"https:\/\/fjala.info\/2009-2015\/wp-json\/wp\/v2\/posts"}],"about":[{"href":"https:\/\/fjala.info\/2009-2015\/wp-json\/wp\/v2\/types\/post"}],"author":[{"embeddable":true,"href":"https:\/\/fjala.info\/2009-2015\/wp-json\/wp\/v2\/users\/1"}],"replies":[{"embeddable":true,"href":"https:\/\/fjala.info\/2009-2015\/wp-json\/wp\/v2\/comments?post=5816"}],"version-history":[{"count":0,"href":"https:\/\/fjala.info\/2009-2015\/wp-json\/wp\/v2\/posts\/5816\/revisions"}],"wp:attachment":[{"href":"https:\/\/fjala.info\/2009-2015\/wp-json\/wp\/v2\/media?parent=5816"}],"wp:term":[{"taxonomy":"category","embeddable":true,"href":"https:\/\/fjala.info\/2009-2015\/wp-json\/wp\/v2\/categories?post=5816"},{"taxonomy":"post_tag","embeddable":true,"href":"https:\/\/fjala.info\/2009-2015\/wp-json\/wp\/v2\/tags?post=5816"}],"curies":[{"name":"wp","href":"https:\/\/api.w.org\/{rel}","templated":true}]}}