{"id":5811,"date":"2011-01-22T01:50:45","date_gmt":"2011-01-22T00:50:45","guid":{"rendered":"http:\/\/fjala.shkoder.net\/?p=5811"},"modified":"2011-01-22T01:50:45","modified_gmt":"2011-01-22T00:50:45","slug":"partia-socialiste-koalicioni-i-turpit-i-ka-lyer-duart-me-gjak-shqiptaresh","status":"publish","type":"post","link":"https:\/\/fjala.info\/2009-2015\/partia-socialiste-koalicioni-i-turpit-i-ka-lyer-duart-me-gjak-shqiptaresh\/","title":{"rendered":"Partia Socialiste: Koalicioni i turpit i ka lyer duart me gjak shqiptaresh!"},"content":{"rendered":"<p><img loading=\"lazy\" decoding=\"async\" class=\"alignright size-medium wp-image-5812\" title=\"dhuna_proteste\" src=\"http:\/\/fjala.shkoder.net\/wp-content\/uploads\/2011\/01\/dhuna_proteste-300x170.jpg\" alt=\"\" width=\"300\" height=\"170\" \/><\/p>\n<p>Nga <strong>Korresp. 24-ore.com<\/strong><\/p>\n<p>Gjat\u00eb nj\u00eb dalje t\u00eb dyt\u00eb p\u00ebr mediat, Kryetari i PS Edi Rama shprehu dhimbje p\u00ebr humbjet e tre jet\u00ebve t\u00eb pafajshme njer\u00ebzore, si\u00e7 e cil\u00ebsoi ai, p\u00ebr shkak t\u00eb nj\u00eb pushteti t\u00ebr\u00ebsisht t\u00eb kalbur dhe t\u00eb verbuar n\u00eb ethet p\u00ebr t\u00eb q\u00ebndruar me \u00e7do mjet n\u00eb k\u00ebmb\u00eb. Rama iu drejtua t\u00eb gjith\u00eb organeve t\u00eb drejt\u00ebsis\u00eb q\u00eb t\u00eb vihen n\u00eb l\u00ebvizje p\u00ebr ekspertizat e nevojshme. \u201cUn\u00eb i siguroj\u00eb t\u00eb gjith\u00eb se ne do t\u00eb vazhdojm\u00eb p\u00ebrpjekjen ton\u00eb akoma m\u00eb t\u00eb vendosur dhe akoma m\u00eb t\u00eb se tashm\u00eb zgjedhja \u00ebsht\u00eb e qart\u00eb: O nj\u00eb Shqip\u00ebri e lir\u00eb p\u00ebr t\u00eb gjith\u00eb, o nj\u00eb popull i n\u00ebnshtruar n\u00ebn thundr\u00ebn e nj\u00eb pushteti t\u00eb barbarizuar deri n\u00eb pik\u00ebn q\u00eb na demonstroi sot me sjelljen e vet\u201d, theksoi kryesocialisti gjat\u00eb deklarat\u00ebs s\u00eb tij.<\/p>\n<p>M\u00eb posht\u00eb mund t\u00eb lexoni t\u00eb plot\u00eb deklarat\u00ebn e dyt\u00eb p\u00ebr media t\u00eb Kryetarit t\u00eb PS Edi Rama:<\/p>\n<p>Jam p\u00ebrs\u00ebri p\u00ebrpara jush, p\u00ebrpara t\u00eb gjith\u00eb shqiptar\u00ebve me trishtimin e thell\u00eb p\u00ebr humbjen e tre jet\u00ebve t\u00ebr\u00ebsisht t\u00eb pafajshme, p\u00ebr shkak t\u00eb nj\u00eb pushteti t\u00ebr\u00ebsisht t\u00eb kalbur dhe t\u00eb verbuar n\u00eb ethet p\u00ebr t\u00eb q\u00ebndruar me \u00e7do mjet n\u00eb k\u00ebmb\u00eb. Shqip\u00ebria mbar\u00eb po e sheh sjelljen barbare t\u00eb forcave policore, q\u00eb pas p\u00ebrpjekjeve intensive t\u00eb t\u00eb gjith\u00ebve ne p\u00ebr t\u00eb qet\u00ebsuar k\u00ebdo q\u00eb mund t\u00eb qet\u00ebsonin u l\u00ebshuan mbi ata q\u00eb qet\u00ebsisht po largoheshin dhe mbi qytetar\u00eb t\u00eb pafajsh\u00ebm, duke m\u00ebsyr\u00eb deri dhe n\u00eb mjedise private, p\u00ebrball\u00eb godin\u00ebs s\u00eb atij q\u00eb quhet kryeministri i Shqip\u00ebris\u00eb, por q\u00eb fatkeq\u00ebsisht \u00ebsht\u00eb thjesht\u00eb dhe vet\u00ebm p\u00ebrfaq\u00ebsuesi i nj\u00eb koalicioni turpi q\u00eb sot ka lyer duart me gjak shqiptar\u00ebsh t\u00eb pafajsh\u00ebm.<\/p>\n<p>Un\u00eb nuk dua q\u00eb me tonet e k\u00ebsaj rezolute t\u00eb brendshme legjitime, shqiptare, qytetare, njer\u00ebzore t\u00eb nxis ask\u00ebnd n\u00eb nj\u00eb drejtim ku Shqip\u00ebria nuk duhet t\u00eb hyj\u00eb, por nga ana tjet\u00ebr dua tu them q\u00eb t\u00eb gjith\u00eb shqiptar\u00ebve se sot, tani, n\u00eb \u00e7do minut\u00eb ajo q\u00eb po shfaqet kat\u00ebrcip\u00ebrisht p\u00ebrpara syve t\u00eb mbar\u00eb opinionit publik e t\u00eb mbar\u00eb bot\u00ebs q\u00eb sheh \u00ebsht\u00eb natyra e v\u00ebrtet\u00eb e k\u00ebtij pushteti q\u00eb duhet t\u00eb largohet. Keqp\u00ebrdorimi deri n\u00eb ekstrem i forc\u00ebs policore t\u00eb shtetit, i atyre burrave dhe djemve q\u00eb p\u00ebr nj\u00eb rrog\u00eb mizerab\u00ebl punojn\u00eb, sakrifikojn\u00eb, dit\u00ebn dhe nat\u00ebn n\u00eb krye t\u00eb detyr\u00ebs \u00ebsht\u00eb nj\u00eb keqp\u00ebrdorim i pafalsh\u00ebm dhe m\u00ebnyra sesi u provokua nj\u00eb demonstrat\u00eb paq\u00ebsore dhe sesi u godit\u00ebn pa z\u00ebn\u00eb ende vend n\u00eb bulevard demonstrues t\u00eb cil\u00ebt kishin vet\u00ebm pankarta n\u00eb dor\u00eb, \u00ebsht\u00eb m\u00ebnyra me t\u00eb cil\u00ebn Saliu, koalicioni i turpit, regjimi kusaris\u00eb dhe matrapazll\u00ebkut na tregoi as m\u00eb shum\u00eb e as m\u00eb pak por drejt\u00ebsin\u00eb e rrug\u00ebs son\u00eb, drejt\u00ebsin\u00eb e p\u00ebrpjekjes son\u00eb, drejt\u00ebsin\u00eb e betej\u00ebs son\u00eb, drejt\u00ebsin\u00eb e aspirat\u00ebs son\u00eb, drejt\u00ebsin\u00eb e gjith\u00eb k\u00ebsaj rruge q\u00eb sot kulmoi me nj\u00eb demonstrat\u00eb t\u00eb kthyer n\u00eb tragjedi nga nj\u00eb pushtet i rr\u00ebzuar moralisht, i kalbur deri n\u00eb palc\u00eb.<\/p>\n<p>Nga ana tjet\u00ebr detyrimin ton\u00eb p\u00ebr ta vazhduar p\u00ebrpjekjen, duke mos e humbur p\u00ebr asnj\u00eb moment gjakftoht\u00ebsin\u00eb dhe drejtpeshimin n\u00eb k\u00ebrkim t\u00eb nj\u00eb zgjidhje t\u00eb re p\u00ebr Shqip\u00ebrin\u00eb dhe p\u00ebr shqiptar\u00ebt, n\u00eb m\u00ebnyr\u00eb q\u00eb \u00e7do shqiptar\u00eb, \u00e7do qytetar\u00eb i k\u00ebtij vendi, i ri apo e re, i moshuar, pensionist, t\u00eb papun\u00eb, burr\u00eb apo grua, prind apo f\u00ebmij\u00eb t\u00eb ket\u00eb lirin\u00eb dhe t\u00eb drejt\u00ebn t\u00eb jetoj\u00eb n\u00eb k\u00ebt\u00eb vend si t\u00eb barabart\u00eb p\u00ebrpara ligjit dhe jo t\u00eb sundohet nga k\u00ebta njer\u00ebz q\u00eb kan\u00eb folur p\u00ebr forc\u00ebn e ligjit dhe n\u00eb fakt sot kan\u00eb tejkaluar t\u00eb gjith\u00eb kufijt\u00eb e ligjit, duke shkaktuar deri dhe humbje jet\u00ebsh t\u00eb pafajshme. Jet\u00ebsh shqiptare t\u00eb cilat sot u shuan n\u00eb nj\u00eb p\u00ebrpjekje m\u00ebse t\u00eb natyrshme, m\u00ebse normale t\u00eb nj\u00eb populli t\u00eb t\u00ebr\u00eb q\u00eb k\u00ebrkon demokraci. T\u00eb nj\u00eb populli t\u00eb t\u00ebr\u00eb q\u00eb k\u00ebrkon t\u00eb jetoj\u00eb k\u00ebtu n\u00eb Shqip\u00ebri si n\u00eb gjith\u00eb Europ\u00ebn. T\u00eb nj\u00eb populli t\u00eb t\u00ebr\u00eb q\u00eb nuk do t\u00eb zmbrapset asnj\u00eb milimet\u00ebr n\u00eb p\u00ebrpjekjen e vet.<\/p>\n<p>Nd\u00ebrkoh\u00eb q\u00eb apeli im \u00ebsht\u00eb q\u00eb t\u00eb gjitha organet e drejt\u00ebsis\u00eb t\u00eb vihen n\u00eb l\u00ebvizje p\u00ebr t\u00eb b\u00ebr\u00eb ekspertizat profesionale, p\u00ebr ato krime t\u00eb ndodhura sot, q\u00eb jan\u00eb krime mir\u00ebfilli shtet\u00ebrore dhe q\u00eb nuk mund t\u00eb mbulohen dhe as t\u00eb treten si uji n\u00eb r\u00ebr\u00eb me deklarata t\u00eb pap\u00ebrgjegjshme si ato q\u00eb po d\u00ebgjojm\u00eb, apo me propagand\u00ebn e pritshme n\u00eb rast se Saliu, qeveria, koalicioni i turpit dhe pala q\u00eb sot mban peng gjith\u00eb procesin demokratik nuk do t\u00eb vet\u00ebdijesohet nj\u00eb or\u00eb e m\u00eb par\u00eb se \u00ebsht\u00eb koha p\u00ebr zgjidhje, \u00ebsht\u00eb koha p\u00ebr t\u00eb qet\u00ebsuar popullin shqiptar\u00eb, \u00ebsht\u00eb koha p\u00ebr t\u00eb qet\u00ebsuar \u00e7do qytetar\u00eb e qytetare, \u00e7do familje shqiptare, \u00e7do njeri q\u00eb jeton n\u00eb k\u00ebt\u00eb vend. \u00cbsht\u00eb koha p\u00ebr t\u00eb qet\u00ebsuar dhe t\u00eb gjith\u00eb ata q\u00eb jetojn\u00eb jasht\u00eb k\u00ebtij vendi n\u00eb emigracion p\u00ebr t\u00eb qet\u00ebsuar k\u00ebdo q\u00eb punon dhe bashk\u00ebpunon me Shqip\u00ebrin\u00eb, duke rikthyer politik\u00ebn si mjet p\u00ebr zgjidhjen e problemeve dhe duke rikthyer lirin\u00eb dhe drejt\u00ebsin\u00eb kushtetuese n\u00eb ushtrimin e t\u00eb drejtave t\u00eb p\u00ebrfaq\u00ebsimit t\u00eb t\u00eb gjith\u00eb qytetar\u00ebve.<\/p>\n<p>Duke ju shprehur ngush\u00ebllimet e mia familjeve q\u00eb sot humb\u00ebn t\u00eb dashurit e tyre t\u00eb nisur n\u00eb nj\u00eb demonstrat\u00eb p\u00ebr liri e t\u00eb drejta, q\u00eb n\u00eb Shqip\u00ebri e sotme duhet t\u00eb ishin si ajri q\u00eb thithim dhe si drita q\u00eb shohim, un\u00eb i siguroj\u00eb t\u00eb gjith\u00eb se ne do t\u00eb vazhdojm\u00eb p\u00ebrpjekjen ton\u00eb akoma m\u00eb t\u00eb vendosur dhe akoma m\u00eb t\u00eb se tashm\u00eb zgjedhja \u00ebsht\u00eb e qart\u00eb: O nj\u00eb Shqip\u00ebri e lir\u00eb p\u00ebr t\u00eb gjith\u00eb, o nj\u00eb popull i n\u00ebnshtruar n\u00ebn thundr\u00ebn e nj\u00eb pushteti t\u00eb barbarizuar deri n\u00eb pik\u00ebn q\u00eb na demonstroi sot me sjelljen e vet.<\/p>\n","protected":false},"excerpt":{"rendered":"<p>Nga Korresp. 24-ore.com Gjat\u00eb nj\u00eb dalje t\u00eb dyt\u00eb p\u00ebr mediat, Kryetari i PS Edi Rama shprehu dhimbje p\u00ebr humbjet e tre jet\u00ebve t\u00eb pafajshme njer\u00ebzore, si\u00e7 e cil\u00ebsoi ai, p\u00ebr shkak t\u00eb nj\u00eb pushteti t\u00ebr\u00ebsisht t\u00eb kalbur dhe t\u00eb verbuar n\u00eb ethet p\u00ebr t\u00eb q\u00ebndruar me \u00e7do mjet n\u00eb k\u00ebmb\u00eb. Rama iu drejtua t\u00eb gjith\u00eb [&hellip;]<\/p>\n","protected":false},"author":1,"featured_media":0,"comment_status":"open","ping_status":"closed","sticky":false,"template":"","format":"standard","meta":{"footnotes":""},"categories":[2],"tags":[],"class_list":{"0":"post-5811","1":"post","2":"type-post","3":"status-publish","4":"format-standard","6":"category-artikuj"},"yoast_head":"<!-- This site is optimized with the Yoast SEO plugin v27.4 - https:\/\/yoast.com\/product\/yoast-seo-wordpress\/ -->\n<title>Partia Socialiste: Koalicioni i turpit i ka lyer duart me gjak shqiptaresh! - FjALA e LIR\u00cb - Arkivi<\/title>\n<meta name=\"robots\" content=\"index, follow, max-snippet:-1, max-image-preview:large, max-video-preview:-1\" \/>\n<link rel=\"canonical\" href=\"https:\/\/fjala.info\/2009-2015\/partia-socialiste-koalicioni-i-turpit-i-ka-lyer-duart-me-gjak-shqiptaresh\/\" \/>\n<meta property=\"og:locale\" content=\"sq_AL\" \/>\n<meta property=\"og:type\" content=\"article\" \/>\n<meta property=\"og:title\" content=\"Partia Socialiste: Koalicioni i turpit i ka lyer duart me gjak shqiptaresh! - FjALA e LIR\u00cb - Arkivi\" \/>\n<meta property=\"og:description\" content=\"Nga Korresp. 24-ore.com Gjat\u00eb nj\u00eb dalje t\u00eb dyt\u00eb p\u00ebr mediat, Kryetari i PS Edi Rama shprehu dhimbje p\u00ebr humbjet e tre jet\u00ebve t\u00eb pafajshme njer\u00ebzore, si\u00e7 e cil\u00ebsoi ai, p\u00ebr shkak t\u00eb nj\u00eb pushteti t\u00ebr\u00ebsisht t\u00eb kalbur dhe t\u00eb verbuar n\u00eb ethet p\u00ebr t\u00eb q\u00ebndruar me \u00e7do mjet n\u00eb k\u00ebmb\u00eb. Rama iu drejtua t\u00eb gjith\u00eb [&hellip;]\" \/>\n<meta property=\"og:url\" content=\"https:\/\/fjala.info\/2009-2015\/partia-socialiste-koalicioni-i-turpit-i-ka-lyer-duart-me-gjak-shqiptaresh\/\" \/>\n<meta property=\"og:site_name\" content=\"FjALA e LIR\u00cb - Arkivi\" \/>\n<meta property=\"article:published_time\" content=\"2011-01-22T00:50:45+00:00\" \/>\n<meta property=\"og:image\" content=\"http:\/\/fjala.shkoder.net\/wp-content\/uploads\/2011\/01\/dhuna_proteste-300x170.jpg\" \/>\n<meta name=\"author\" content=\"admin\" \/>\n<meta name=\"twitter:card\" content=\"summary_large_image\" \/>\n<meta name=\"twitter:label1\" content=\"Written by\" \/>\n\t<meta name=\"twitter:data1\" content=\"admin\" \/>\n\t<meta name=\"twitter:label2\" content=\"Est. reading time\" \/>\n\t<meta name=\"twitter:data2\" content=\"5 minutes\" \/>\n<script type=\"application\/ld+json\" class=\"yoast-schema-graph\">{\"@context\":\"https:\\\/\\\/schema.org\",\"@graph\":[{\"@type\":\"Article\",\"@id\":\"https:\\\/\\\/fjala.info\\\/2009-2015\\\/partia-socialiste-koalicioni-i-turpit-i-ka-lyer-duart-me-gjak-shqiptaresh\\\/#article\",\"isPartOf\":{\"@id\":\"https:\\\/\\\/fjala.info\\\/2009-2015\\\/partia-socialiste-koalicioni-i-turpit-i-ka-lyer-duart-me-gjak-shqiptaresh\\\/\"},\"author\":{\"name\":\"admin\",\"@id\":\"https:\\\/\\\/fjala.info\\\/2009-2015\\\/#\\\/schema\\\/person\\\/3aa1163ef05469c496fc94e77611ada2\"},\"headline\":\"Partia Socialiste: Koalicioni i turpit i ka lyer duart me gjak shqiptaresh!\",\"datePublished\":\"2011-01-22T00:50:45+00:00\",\"mainEntityOfPage\":{\"@id\":\"https:\\\/\\\/fjala.info\\\/2009-2015\\\/partia-socialiste-koalicioni-i-turpit-i-ka-lyer-duart-me-gjak-shqiptaresh\\\/\"},\"wordCount\":1082,\"commentCount\":0,\"publisher\":{\"@id\":\"https:\\\/\\\/fjala.info\\\/2009-2015\\\/#organization\"},\"image\":{\"@id\":\"https:\\\/\\\/fjala.info\\\/2009-2015\\\/partia-socialiste-koalicioni-i-turpit-i-ka-lyer-duart-me-gjak-shqiptaresh\\\/#primaryimage\"},\"thumbnailUrl\":\"http:\\\/\\\/fjala.shkoder.net\\\/wp-content\\\/uploads\\\/2011\\\/01\\\/dhuna_proteste-300x170.jpg\",\"articleSection\":[\"Artikuj\"],\"inLanguage\":\"sq-AL\",\"potentialAction\":[{\"@type\":\"CommentAction\",\"name\":\"Comment\",\"target\":[\"https:\\\/\\\/fjala.info\\\/2009-2015\\\/partia-socialiste-koalicioni-i-turpit-i-ka-lyer-duart-me-gjak-shqiptaresh\\\/#respond\"]}]},{\"@type\":\"WebPage\",\"@id\":\"https:\\\/\\\/fjala.info\\\/2009-2015\\\/partia-socialiste-koalicioni-i-turpit-i-ka-lyer-duart-me-gjak-shqiptaresh\\\/\",\"url\":\"https:\\\/\\\/fjala.info\\\/2009-2015\\\/partia-socialiste-koalicioni-i-turpit-i-ka-lyer-duart-me-gjak-shqiptaresh\\\/\",\"name\":\"Partia Socialiste: Koalicioni i turpit i ka lyer duart me gjak shqiptaresh! - FjALA e LIR\u00cb - Arkivi\",\"isPartOf\":{\"@id\":\"https:\\\/\\\/fjala.info\\\/2009-2015\\\/#website\"},\"primaryImageOfPage\":{\"@id\":\"https:\\\/\\\/fjala.info\\\/2009-2015\\\/partia-socialiste-koalicioni-i-turpit-i-ka-lyer-duart-me-gjak-shqiptaresh\\\/#primaryimage\"},\"image\":{\"@id\":\"https:\\\/\\\/fjala.info\\\/2009-2015\\\/partia-socialiste-koalicioni-i-turpit-i-ka-lyer-duart-me-gjak-shqiptaresh\\\/#primaryimage\"},\"thumbnailUrl\":\"http:\\\/\\\/fjala.shkoder.net\\\/wp-content\\\/uploads\\\/2011\\\/01\\\/dhuna_proteste-300x170.jpg\",\"datePublished\":\"2011-01-22T00:50:45+00:00\",\"breadcrumb\":{\"@id\":\"https:\\\/\\\/fjala.info\\\/2009-2015\\\/partia-socialiste-koalicioni-i-turpit-i-ka-lyer-duart-me-gjak-shqiptaresh\\\/#breadcrumb\"},\"inLanguage\":\"sq-AL\",\"potentialAction\":[{\"@type\":\"ReadAction\",\"target\":[\"https:\\\/\\\/fjala.info\\\/2009-2015\\\/partia-socialiste-koalicioni-i-turpit-i-ka-lyer-duart-me-gjak-shqiptaresh\\\/\"]}]},{\"@type\":\"ImageObject\",\"inLanguage\":\"sq-AL\",\"@id\":\"https:\\\/\\\/fjala.info\\\/2009-2015\\\/partia-socialiste-koalicioni-i-turpit-i-ka-lyer-duart-me-gjak-shqiptaresh\\\/#primaryimage\",\"url\":\"http:\\\/\\\/fjala.shkoder.net\\\/wp-content\\\/uploads\\\/2011\\\/01\\\/dhuna_proteste-300x170.jpg\",\"contentUrl\":\"http:\\\/\\\/fjala.shkoder.net\\\/wp-content\\\/uploads\\\/2011\\\/01\\\/dhuna_proteste-300x170.jpg\"},{\"@type\":\"BreadcrumbList\",\"@id\":\"https:\\\/\\\/fjala.info\\\/2009-2015\\\/partia-socialiste-koalicioni-i-turpit-i-ka-lyer-duart-me-gjak-shqiptaresh\\\/#breadcrumb\",\"itemListElement\":[{\"@type\":\"ListItem\",\"position\":1,\"name\":\"Home\",\"item\":\"https:\\\/\\\/fjala.info\\\/2009-2015\\\/\"},{\"@type\":\"ListItem\",\"position\":2,\"name\":\"Partia Socialiste: Koalicioni i turpit i ka lyer duart me gjak shqiptaresh!\"}]},{\"@type\":\"WebSite\",\"@id\":\"https:\\\/\\\/fjala.info\\\/2009-2015\\\/#website\",\"url\":\"https:\\\/\\\/fjala.info\\\/2009-2015\\\/\",\"name\":\"FjALA e LIR\u00cb - Arkivi\",\"description\":\"Arkivi 2009-2015\",\"publisher\":{\"@id\":\"https:\\\/\\\/fjala.info\\\/2009-2015\\\/#organization\"},\"potentialAction\":[{\"@type\":\"SearchAction\",\"target\":{\"@type\":\"EntryPoint\",\"urlTemplate\":\"https:\\\/\\\/fjala.info\\\/2009-2015\\\/?s={search_term_string}\"},\"query-input\":{\"@type\":\"PropertyValueSpecification\",\"valueRequired\":true,\"valueName\":\"search_term_string\"}}],\"inLanguage\":\"sq-AL\"},{\"@type\":\"Organization\",\"@id\":\"https:\\\/\\\/fjala.info\\\/2009-2015\\\/#organization\",\"name\":\"FjALA e LIR\u00cb - Arkivi\",\"url\":\"https:\\\/\\\/fjala.info\\\/2009-2015\\\/\",\"logo\":{\"@type\":\"ImageObject\",\"inLanguage\":\"sq-AL\",\"@id\":\"https:\\\/\\\/fjala.info\\\/2009-2015\\\/#\\\/schema\\\/logo\\\/image\\\/\",\"url\":\"\",\"contentUrl\":\"\",\"caption\":\"FjALA e LIR\u00cb - Arkivi\"},\"image\":{\"@id\":\"https:\\\/\\\/fjala.info\\\/2009-2015\\\/#\\\/schema\\\/logo\\\/image\\\/\"}},{\"@type\":\"Person\",\"@id\":\"https:\\\/\\\/fjala.info\\\/2009-2015\\\/#\\\/schema\\\/person\\\/3aa1163ef05469c496fc94e77611ada2\",\"name\":\"admin\",\"image\":{\"@type\":\"ImageObject\",\"inLanguage\":\"sq-AL\",\"@id\":\"https:\\\/\\\/fjala.info\\\/2009-2015\\\/wp-content\\\/uploads\\\/2012\\\/02\\\/arben_cokaj-120x150.jpg\",\"url\":\"https:\\\/\\\/fjala.info\\\/2009-2015\\\/wp-content\\\/uploads\\\/2012\\\/02\\\/arben_cokaj-120x150.jpg\",\"contentUrl\":\"https:\\\/\\\/fjala.info\\\/2009-2015\\\/wp-content\\\/uploads\\\/2012\\\/02\\\/arben_cokaj-120x150.jpg\",\"caption\":\"admin\"},\"description\":\"Admin, Fjala e Lir\u00eb\",\"sameAs\":[\"https:\\\/\\\/fjala.info\\\/\"],\"url\":\"https:\\\/\\\/fjala.info\\\/2009-2015\\\/author\\\/admin\\\/\"}]}<\/script>\n<!-- \/ Yoast SEO plugin. -->","yoast_head_json":{"title":"Partia Socialiste: Koalicioni i turpit i ka lyer duart me gjak shqiptaresh! - FjALA e LIR\u00cb - Arkivi","robots":{"index":"index","follow":"follow","max-snippet":"max-snippet:-1","max-image-preview":"max-image-preview:large","max-video-preview":"max-video-preview:-1"},"canonical":"https:\/\/fjala.info\/2009-2015\/partia-socialiste-koalicioni-i-turpit-i-ka-lyer-duart-me-gjak-shqiptaresh\/","og_locale":"sq_AL","og_type":"article","og_title":"Partia Socialiste: Koalicioni i turpit i ka lyer duart me gjak shqiptaresh! - FjALA e LIR\u00cb - Arkivi","og_description":"Nga Korresp. 24-ore.com Gjat\u00eb nj\u00eb dalje t\u00eb dyt\u00eb p\u00ebr mediat, Kryetari i PS Edi Rama shprehu dhimbje p\u00ebr humbjet e tre jet\u00ebve t\u00eb pafajshme njer\u00ebzore, si\u00e7 e cil\u00ebsoi ai, p\u00ebr shkak t\u00eb nj\u00eb pushteti t\u00ebr\u00ebsisht t\u00eb kalbur dhe t\u00eb verbuar n\u00eb ethet p\u00ebr t\u00eb q\u00ebndruar me \u00e7do mjet n\u00eb k\u00ebmb\u00eb. Rama iu drejtua t\u00eb gjith\u00eb [&hellip;]","og_url":"https:\/\/fjala.info\/2009-2015\/partia-socialiste-koalicioni-i-turpit-i-ka-lyer-duart-me-gjak-shqiptaresh\/","og_site_name":"FjALA e LIR\u00cb - Arkivi","article_published_time":"2011-01-22T00:50:45+00:00","og_image":[{"url":"http:\/\/fjala.shkoder.net\/wp-content\/uploads\/2011\/01\/dhuna_proteste-300x170.jpg","type":"","width":"","height":""}],"author":"admin","twitter_card":"summary_large_image","twitter_misc":{"Written by":"admin","Est. reading time":"5 minutes"},"schema":{"@context":"https:\/\/schema.org","@graph":[{"@type":"Article","@id":"https:\/\/fjala.info\/2009-2015\/partia-socialiste-koalicioni-i-turpit-i-ka-lyer-duart-me-gjak-shqiptaresh\/#article","isPartOf":{"@id":"https:\/\/fjala.info\/2009-2015\/partia-socialiste-koalicioni-i-turpit-i-ka-lyer-duart-me-gjak-shqiptaresh\/"},"author":{"name":"admin","@id":"https:\/\/fjala.info\/2009-2015\/#\/schema\/person\/3aa1163ef05469c496fc94e77611ada2"},"headline":"Partia Socialiste: Koalicioni i turpit i ka lyer duart me gjak shqiptaresh!","datePublished":"2011-01-22T00:50:45+00:00","mainEntityOfPage":{"@id":"https:\/\/fjala.info\/2009-2015\/partia-socialiste-koalicioni-i-turpit-i-ka-lyer-duart-me-gjak-shqiptaresh\/"},"wordCount":1082,"commentCount":0,"publisher":{"@id":"https:\/\/fjala.info\/2009-2015\/#organization"},"image":{"@id":"https:\/\/fjala.info\/2009-2015\/partia-socialiste-koalicioni-i-turpit-i-ka-lyer-duart-me-gjak-shqiptaresh\/#primaryimage"},"thumbnailUrl":"http:\/\/fjala.shkoder.net\/wp-content\/uploads\/2011\/01\/dhuna_proteste-300x170.jpg","articleSection":["Artikuj"],"inLanguage":"sq-AL","potentialAction":[{"@type":"CommentAction","name":"Comment","target":["https:\/\/fjala.info\/2009-2015\/partia-socialiste-koalicioni-i-turpit-i-ka-lyer-duart-me-gjak-shqiptaresh\/#respond"]}]},{"@type":"WebPage","@id":"https:\/\/fjala.info\/2009-2015\/partia-socialiste-koalicioni-i-turpit-i-ka-lyer-duart-me-gjak-shqiptaresh\/","url":"https:\/\/fjala.info\/2009-2015\/partia-socialiste-koalicioni-i-turpit-i-ka-lyer-duart-me-gjak-shqiptaresh\/","name":"Partia Socialiste: Koalicioni i turpit i ka lyer duart me gjak shqiptaresh! - FjALA e LIR\u00cb - Arkivi","isPartOf":{"@id":"https:\/\/fjala.info\/2009-2015\/#website"},"primaryImageOfPage":{"@id":"https:\/\/fjala.info\/2009-2015\/partia-socialiste-koalicioni-i-turpit-i-ka-lyer-duart-me-gjak-shqiptaresh\/#primaryimage"},"image":{"@id":"https:\/\/fjala.info\/2009-2015\/partia-socialiste-koalicioni-i-turpit-i-ka-lyer-duart-me-gjak-shqiptaresh\/#primaryimage"},"thumbnailUrl":"http:\/\/fjala.shkoder.net\/wp-content\/uploads\/2011\/01\/dhuna_proteste-300x170.jpg","datePublished":"2011-01-22T00:50:45+00:00","breadcrumb":{"@id":"https:\/\/fjala.info\/2009-2015\/partia-socialiste-koalicioni-i-turpit-i-ka-lyer-duart-me-gjak-shqiptaresh\/#breadcrumb"},"inLanguage":"sq-AL","potentialAction":[{"@type":"ReadAction","target":["https:\/\/fjala.info\/2009-2015\/partia-socialiste-koalicioni-i-turpit-i-ka-lyer-duart-me-gjak-shqiptaresh\/"]}]},{"@type":"ImageObject","inLanguage":"sq-AL","@id":"https:\/\/fjala.info\/2009-2015\/partia-socialiste-koalicioni-i-turpit-i-ka-lyer-duart-me-gjak-shqiptaresh\/#primaryimage","url":"http:\/\/fjala.shkoder.net\/wp-content\/uploads\/2011\/01\/dhuna_proteste-300x170.jpg","contentUrl":"http:\/\/fjala.shkoder.net\/wp-content\/uploads\/2011\/01\/dhuna_proteste-300x170.jpg"},{"@type":"BreadcrumbList","@id":"https:\/\/fjala.info\/2009-2015\/partia-socialiste-koalicioni-i-turpit-i-ka-lyer-duart-me-gjak-shqiptaresh\/#breadcrumb","itemListElement":[{"@type":"ListItem","position":1,"name":"Home","item":"https:\/\/fjala.info\/2009-2015\/"},{"@type":"ListItem","position":2,"name":"Partia Socialiste: Koalicioni i turpit i ka lyer duart me gjak shqiptaresh!"}]},{"@type":"WebSite","@id":"https:\/\/fjala.info\/2009-2015\/#website","url":"https:\/\/fjala.info\/2009-2015\/","name":"FjALA e LIR\u00cb - Arkivi","description":"Arkivi 2009-2015","publisher":{"@id":"https:\/\/fjala.info\/2009-2015\/#organization"},"potentialAction":[{"@type":"SearchAction","target":{"@type":"EntryPoint","urlTemplate":"https:\/\/fjala.info\/2009-2015\/?s={search_term_string}"},"query-input":{"@type":"PropertyValueSpecification","valueRequired":true,"valueName":"search_term_string"}}],"inLanguage":"sq-AL"},{"@type":"Organization","@id":"https:\/\/fjala.info\/2009-2015\/#organization","name":"FjALA e LIR\u00cb - Arkivi","url":"https:\/\/fjala.info\/2009-2015\/","logo":{"@type":"ImageObject","inLanguage":"sq-AL","@id":"https:\/\/fjala.info\/2009-2015\/#\/schema\/logo\/image\/","url":"","contentUrl":"","caption":"FjALA e LIR\u00cb - Arkivi"},"image":{"@id":"https:\/\/fjala.info\/2009-2015\/#\/schema\/logo\/image\/"}},{"@type":"Person","@id":"https:\/\/fjala.info\/2009-2015\/#\/schema\/person\/3aa1163ef05469c496fc94e77611ada2","name":"admin","image":{"@type":"ImageObject","inLanguage":"sq-AL","@id":"https:\/\/fjala.info\/2009-2015\/wp-content\/uploads\/2012\/02\/arben_cokaj-120x150.jpg","url":"https:\/\/fjala.info\/2009-2015\/wp-content\/uploads\/2012\/02\/arben_cokaj-120x150.jpg","contentUrl":"https:\/\/fjala.info\/2009-2015\/wp-content\/uploads\/2012\/02\/arben_cokaj-120x150.jpg","caption":"admin"},"description":"Admin, Fjala e Lir\u00eb","sameAs":["https:\/\/fjala.info\/"],"url":"https:\/\/fjala.info\/2009-2015\/author\/admin\/"}]}},"_links":{"self":[{"href":"https:\/\/fjala.info\/2009-2015\/wp-json\/wp\/v2\/posts\/5811","targetHints":{"allow":["GET"]}}],"collection":[{"href":"https:\/\/fjala.info\/2009-2015\/wp-json\/wp\/v2\/posts"}],"about":[{"href":"https:\/\/fjala.info\/2009-2015\/wp-json\/wp\/v2\/types\/post"}],"author":[{"embeddable":true,"href":"https:\/\/fjala.info\/2009-2015\/wp-json\/wp\/v2\/users\/1"}],"replies":[{"embeddable":true,"href":"https:\/\/fjala.info\/2009-2015\/wp-json\/wp\/v2\/comments?post=5811"}],"version-history":[{"count":0,"href":"https:\/\/fjala.info\/2009-2015\/wp-json\/wp\/v2\/posts\/5811\/revisions"}],"wp:attachment":[{"href":"https:\/\/fjala.info\/2009-2015\/wp-json\/wp\/v2\/media?parent=5811"}],"wp:term":[{"taxonomy":"category","embeddable":true,"href":"https:\/\/fjala.info\/2009-2015\/wp-json\/wp\/v2\/categories?post=5811"},{"taxonomy":"post_tag","embeddable":true,"href":"https:\/\/fjala.info\/2009-2015\/wp-json\/wp\/v2\/tags?post=5811"}],"curies":[{"name":"wp","href":"https:\/\/api.w.org\/{rel}","templated":true}]}}