{"id":5809,"date":"2011-01-21T23:24:20","date_gmt":"2011-01-21T22:24:20","guid":{"rendered":"http:\/\/fjala.shkoder.net\/?p=5809"},"modified":"2011-01-21T23:24:20","modified_gmt":"2011-01-21T22:24:20","slug":"makthi-vret","status":"publish","type":"post","link":"https:\/\/fjala.info\/2009-2015\/makthi-vret\/","title":{"rendered":"Makthi vret"},"content":{"rendered":"<p><img loading=\"lazy\" decoding=\"async\" class=\"alignright size-full wp-image-4090\" title=\"Mero Baze\" src=\"http:\/\/fjala.shkoder.net\/wp-content\/uploads\/2010\/10\/mero_baze1.jpg\" alt=\"\" width=\"149\" height=\"200\" \/><br \/>\nNga <strong>Mero Baze<\/strong><\/p>\n<p>P\u00ebrpara syve t\u00eb mi dhe koleg\u00ebve t\u00eb tjer\u00eb gazetar\u00eb, bile n\u00eb transmetim t\u00eb drejtp\u00ebrdrejt\u00eb, u pa se si nj\u00eb qytetar shqiptar u k\u00ebput n\u00eb mes nga plumbat e nj\u00eb snajperi, nd\u00ebrsa ishte thuajse i vetmuar para dyerve t\u00eb kryeministris\u00eb. Sipas nj\u00eb video shokuese q\u00eb mund ta gjeni n\u00eb adres\u00ebn e gazet\u00ebs Tema, (www.tema.al), shihet qart\u00eb se ai u q\u00ebllua nga brenda kryeministris\u00eb me snajper. Gazetar\u00ebt ishin t\u00eb par\u00ebt q\u00eb i dhan\u00eb ndihm\u00ebn dhe tentuan ta hipin n\u00eb nj\u00eb ambulanc\u00eb.<\/p>\n<p>M\u00eb pas ai nd\u00ebrroi jet\u00eb n\u00eb spital. Ishte nj\u00eb nga qindra- mij\u00ebra shqiptar\u00eb q\u00eb kishin dal\u00eb n\u00eb Bulevardin q\u00ebndror t\u00eb Tiran\u00ebs p\u00ebr t\u00eb protestuar paq\u00ebsisht kund\u00ebr qeveris\u00eb. Arma m\u00eb e rrezikshme e disave prej tyre ishin \u00e7adrat. Tre prej tyre humb\u00ebn jet\u00ebn, nd\u00ebrsa i kat\u00ebrti \u00ebsht\u00eb n\u00eb gjendje kome. Tre t\u00eb tjer\u00eb jan\u00eb po ashtu n\u00eb gjendje sh\u00ebndet\u00ebsore t\u00eb r\u00ebnduar. P\u00ebr fat asnj\u00eb punonj\u00ebs rendi nuk humbi jet\u00ebn, fal\u00eb paqes dhe qet\u00ebsis\u00eb s\u00eb qytetar\u00ebve.<\/p>\n<p>Un\u00eb d\u00ebgjova pas beteje kryeministrin akoma t\u00eb pador\u00ebhequr t\u00eb vendit tim, Sali Berisha. Koshienca ja thoshte se gjith\u00e7ka po i ngjante ngjarjeve n\u00eb Tunizi, por vet\u00eb nuk donte t\u00eb ishte Ben Ali. Koshienca ja thoshte se ata duheshin vrar\u00eb dhe i vrau, por donte t\u00eb ishte nj\u00ebkoh\u00ebsisht dhe viktim\u00eb, duke akuzuar se armiqt\u00eb e tij u vran\u00eb po nga armiqt\u00eb e tij!!!<\/p>\n<p>Si mjek duhet t\u00eb ishte pran\u00eb t\u00eb vrar\u00ebve, por koshienca e tij i donte t\u00eb vdekur dhe ndaloi gjithk\u00ebnd t\u00eb kuronte apo t\u00eb shp\u00ebtonte armiqt\u00eb e tij, bile dhe Ministrin e Sh\u00ebndet\u00ebsis\u00eb. U trondita kur pash\u00eb skanerin dhe kartel\u00ebn mjek\u00ebsore t\u00eb nj\u00eb prej viktimave, q\u00eb \u00ebsht\u00eb ende n\u00eb gjendje kome, dhe q\u00eb ishte t\u00ebr\u00ebsisht e kund\u00ebrta me se shpikte n\u00eb daljen publike Sali Berisha. P\u00ebr fat t\u00eb mir\u00eb ky skaner n\u00eb CD, dhe kartela e fotokopjuar, \u00ebsht\u00eb n\u00eb duart e opozit\u00ebs.<\/p>\n<p>Skaneri tregon qart\u00eb se plumbi ka ardhur nga distanca dhe nga lart, nd\u00ebrsa kryeministri fliste p\u00ebr plumba t\u00eb q\u00eblluar nga af\u00ebr, dhe bile n\u00eb rr\u00ebz\u00eb t\u00eb veshit. A thua i kishte porosit dhe ku t\u2019i gjuanin! \u00cbsht\u00eb p\u00ebrfytyrimi se si ai do realisht t\u00eb vras\u00eb kund\u00ebrshtar\u00ebt e vet. Pash\u00eb mes turm\u00ebs paramilitar\u00eb, bile pik\u00ebrisht ata q\u00eb kan\u00eb rrahur Neritan Cek\u00ebn e Pre\u00e7 Zogajn n\u00eb vitin 1997, dhe nuk \u00ebsht\u00eb \u00e7udi q\u00eb t\u00eb ken\u00eb p\u00ebrdorur dhe pistoleta p\u00ebr disa nga viktimat.<\/p>\n<p>Kur nj\u00eb kryeminist\u00ebr, pa dal\u00eb ende asnj\u00eb hetim, pa dal\u00eb akoma asnj\u00eb analiz\u00eb laboratorike balistike, t\u00eb flas\u00eb p\u00ebr kalibra arm\u00ebsh dhe plumbash, kur plumbat jan\u00eb ende n\u00eb trupat e paftohur t\u00eb viktimave, do t\u00eb thot\u00eb se kemi t\u00eb b\u00ebjm\u00eb me nj\u00eb krim t\u00eb paramenduar. Ky njeri q\u00eb \u00ebsht\u00eb p\u00ebrgjegj\u00ebs p\u00ebr jet\u00ebt e tyre, kujton se shp\u00ebton nga gjaku i tyre po tha se u vran\u00eb nga njer\u00ebz brenda turm\u00ebs. Ky njeri q\u00eb gjith\u00eb kund\u00ebrshtar\u00ebt e vrar\u00eb i ka akoma pa autor krimi, kujton se do ta kaloj\u00eb leht\u00eb me vrasje pa autor\u00eb dhe k\u00ebt\u00eb krim. Ky njeri, i cili u tall me jet\u00ebn e tyre, kujton se mund t\u00eb tallet dhe me vdekjen e tyre.<\/p>\n<p>Nuk dua t\u00eb analizoj projekte dhe paranoja p\u00ebr skenar\u00eb nga Sali Berisha. Nuk ka aq shum\u00eb skenar\u00eb sa \u00e7\u2019mendojm\u00eb. Ka vet\u00ebm nj\u00eb faktor. Frika e Sali Berish\u00ebs nga humbja e pushtetit. P\u00ebr or\u00eb t\u00eb t\u00ebra para syve t\u00eb tij, nd\u00ebrsa qytetar\u00ebt p\u00ebrlesheshin me policin\u00eb dhe paramilitar\u00ebt, sillej momenti i friksh\u00ebm i ikjes nga duart i t\u00eb gjith\u00eb parajs\u00ebs q\u00eb i ka prodhuar pushteti i paligjsh\u00ebm. Ajo q\u00eb ndodhi para kryeministris\u00eb, ishte pasoj\u00eb e maktheve t\u00eb tij p\u00ebr rrezikimin e pushtetit. Lul\u00ebzim Basha u soll si nj\u00eb kapter i paaft\u00eb i Familjes n\u00eb pushtet.<\/p>\n<p>Ajo q\u00eb b\u00ebnin njer\u00ebzit e tjer\u00eb t\u00eb pushtetit ishte edhe m\u00eb cinike. M\u00ebrit\u00eb e m\u00ebdha dhe t\u00eb heshtura ndaj nj\u00ebri- tjetrit brenda pushtetit, dje gjet\u00ebn koh\u00ebn t\u00eb shp\u00ebrthenin. Un\u00eb pash\u00eb njer\u00ebz q\u00eb e duan n\u00eb burg Lul\u00ebzim Bash\u00ebn, t\u00eb cil\u00ebt mbronin aktin e tij me shpres\u00eb se k\u00ebshtu ja shkurtojn\u00eb dit\u00ebt dhe karrier\u00ebn politike. \u00cbsht\u00eb ciniz\u00ebm i tepruar q\u00eb dhe n\u00eb dit\u00eb t\u00eb tilla zie, brenda PD njer\u00ebzit nxitojn\u00eb t\u2019i v\u00ebn\u00eb st\u00ebrk\u00ebmb\u00ebsha nj\u00ebri-tjetrit.<\/p>\n<p>Pash\u00eb Arben Imamin dhe Sokol Olldashin t\u00eb mbronin Lul\u00ebzim Bash\u00ebn dhe aty e kuptova sa pak respekt kan\u00eb p\u00ebr jet\u00ebn e \u00e7do qytetari, ata njer\u00ebz dhe sa t\u00eb gatsh\u00ebm jan\u00eb t\u00eb b\u00ebhen dhe avokat\u00eb t\u00eb krimit me shpres\u00eb se kjo fundos rival\u00ebt e tyre. Ndaj nuk duhen marr\u00eb seriozisht. I vetmi projekt q\u00eb duhet marr\u00eb seriozisht \u00ebsht\u00eb makthi i Sali Berish\u00ebs. Ai \u00ebsht\u00eb i vetmi institucion q\u00eb vret n\u00eb k\u00ebt\u00eb vend. Ai makth duhet mbajtur n\u00ebn kontroll. E di q\u00eb \u00ebsht\u00eb gati nj\u00eb mision i pamundur, por makthi i tij vret dhe mund t\u00eb marr\u00eb viktima t\u00eb tjera. Ndaj opozita shqiptar\u00eb dhe qytetar\u00ebt e saj nuk duhet t\u00eb l\u00ebn\u00eb Shqip\u00ebrin\u00eb n\u00eb dor\u00eb t\u00eb k\u00ebtij institucioni vras\u00ebs.<\/p>\n<p>Me t\u00eb nj\u00ebjtin p\u00ebrkushtim q\u00eb nis\u00ebn demonstrimet paq\u00ebsore kund\u00ebr makthit t\u00eb Sali Berish\u00ebs, duhet t\u00eb vazhdojn\u00eb at\u00eb p\u00ebr t\u00eb shp\u00ebtuar t\u00eb gjith\u00eb nga rreziku i vrasjeve t\u00eb reja. Jan\u00eb disa gj\u00ebra q\u00eb nuk ka koh\u00eb t\u00eb negociohen. Nuk ka koh\u00eb t\u00eb negociohet dor\u00ebheqja urgjente e Ministrit t\u00eb Brendsh\u00ebm dhe Komandantit t\u00eb Gard\u00ebs. Nuk ka koh\u00eb t\u00eb negociohet \u00e7uarja para drejt\u00ebsis\u00eb e gjith\u00eb personave civil\u00eb q\u00eb vepronin n\u00eb protest\u00eb duke arrestuar qytetar\u00eb dhe duke i rrahur dhe vrar\u00eb ata.<\/p>\n<p>E vetmja gj\u00eb q\u00eb duhet negociuar \u00ebsht\u00eb dor\u00ebheqja e qeveris\u00eb dhe krijimi i kushteve p\u00ebr zgjedhje t\u00eb lira dhe t\u00eb ndershme. T\u00eb gjith\u00eb e dim\u00eb se n\u00eb k\u00ebt\u00eb vend askujt nuk duhet t\u2019i shkoj\u00eb n\u00eb mendje t\u00eb marr\u00eb pushtetin me dhun\u00eb, por Sali Berish\u00ebs as nuk i duhet l\u00ebn\u00eb m\u00eb koh\u00eb ta mbaj\u00eb pushtetin me dhun\u00eb. Makthi i tij do t\u00eb vras\u00eb \u00e7do dit\u00eb.<\/p>\n","protected":false},"excerpt":{"rendered":"<p>Nga Mero Baze P\u00ebrpara syve t\u00eb mi dhe koleg\u00ebve t\u00eb tjer\u00eb gazetar\u00eb, bile n\u00eb transmetim t\u00eb drejtp\u00ebrdrejt\u00eb, u pa se si nj\u00eb qytetar shqiptar u k\u00ebput n\u00eb mes nga plumbat e nj\u00eb snajperi, nd\u00ebrsa ishte thuajse i vetmuar para dyerve t\u00eb kryeministris\u00eb. Sipas nj\u00eb video shokuese q\u00eb mund ta gjeni n\u00eb adres\u00ebn e gazet\u00ebs Tema, [&hellip;]<\/p>\n","protected":false},"author":1,"featured_media":0,"comment_status":"open","ping_status":"closed","sticky":false,"template":"","format":"standard","meta":{"footnotes":""},"categories":[2],"tags":[],"class_list":{"0":"post-5809","1":"post","2":"type-post","3":"status-publish","4":"format-standard","6":"category-artikuj"},"yoast_head":"<!-- This site is optimized with the Yoast SEO plugin v27.4 - https:\/\/yoast.com\/product\/yoast-seo-wordpress\/ -->\n<title>Makthi vret - FjALA e LIR\u00cb - Arkivi<\/title>\n<meta name=\"robots\" content=\"index, follow, max-snippet:-1, max-image-preview:large, max-video-preview:-1\" \/>\n<link rel=\"canonical\" href=\"https:\/\/fjala.info\/2009-2015\/makthi-vret\/\" \/>\n<meta property=\"og:locale\" content=\"sq_AL\" \/>\n<meta property=\"og:type\" content=\"article\" \/>\n<meta property=\"og:title\" content=\"Makthi vret - FjALA e LIR\u00cb - Arkivi\" \/>\n<meta property=\"og:description\" content=\"Nga Mero Baze P\u00ebrpara syve t\u00eb mi dhe koleg\u00ebve t\u00eb tjer\u00eb gazetar\u00eb, bile n\u00eb transmetim t\u00eb drejtp\u00ebrdrejt\u00eb, u pa se si nj\u00eb qytetar shqiptar u k\u00ebput n\u00eb mes nga plumbat e nj\u00eb snajperi, nd\u00ebrsa ishte thuajse i vetmuar para dyerve t\u00eb kryeministris\u00eb. Sipas nj\u00eb video shokuese q\u00eb mund ta gjeni n\u00eb adres\u00ebn e gazet\u00ebs Tema, [&hellip;]\" \/>\n<meta property=\"og:url\" content=\"https:\/\/fjala.info\/2009-2015\/makthi-vret\/\" \/>\n<meta property=\"og:site_name\" content=\"FjALA e LIR\u00cb - Arkivi\" \/>\n<meta property=\"article:published_time\" content=\"2011-01-21T22:24:20+00:00\" \/>\n<meta property=\"og:image\" content=\"http:\/\/fjala.shkoder.net\/wp-content\/uploads\/2010\/10\/mero_baze1.jpg\" \/>\n<meta name=\"author\" content=\"admin\" \/>\n<meta name=\"twitter:card\" content=\"summary_large_image\" \/>\n<meta name=\"twitter:label1\" content=\"Written by\" \/>\n\t<meta name=\"twitter:data1\" content=\"admin\" \/>\n\t<meta name=\"twitter:label2\" content=\"Est. reading time\" \/>\n\t<meta name=\"twitter:data2\" content=\"5 minutes\" \/>\n<script type=\"application\/ld+json\" class=\"yoast-schema-graph\">{\"@context\":\"https:\\\/\\\/schema.org\",\"@graph\":[{\"@type\":\"Article\",\"@id\":\"https:\\\/\\\/fjala.info\\\/2009-2015\\\/makthi-vret\\\/#article\",\"isPartOf\":{\"@id\":\"https:\\\/\\\/fjala.info\\\/2009-2015\\\/makthi-vret\\\/\"},\"author\":{\"name\":\"admin\",\"@id\":\"https:\\\/\\\/fjala.info\\\/2009-2015\\\/#\\\/schema\\\/person\\\/3aa1163ef05469c496fc94e77611ada2\"},\"headline\":\"Makthi vret\",\"datePublished\":\"2011-01-21T22:24:20+00:00\",\"mainEntityOfPage\":{\"@id\":\"https:\\\/\\\/fjala.info\\\/2009-2015\\\/makthi-vret\\\/\"},\"wordCount\":1069,\"commentCount\":0,\"publisher\":{\"@id\":\"https:\\\/\\\/fjala.info\\\/2009-2015\\\/#organization\"},\"image\":{\"@id\":\"https:\\\/\\\/fjala.info\\\/2009-2015\\\/makthi-vret\\\/#primaryimage\"},\"thumbnailUrl\":\"http:\\\/\\\/fjala.shkoder.net\\\/wp-content\\\/uploads\\\/2010\\\/10\\\/mero_baze1.jpg\",\"articleSection\":[\"Artikuj\"],\"inLanguage\":\"sq-AL\",\"potentialAction\":[{\"@type\":\"CommentAction\",\"name\":\"Comment\",\"target\":[\"https:\\\/\\\/fjala.info\\\/2009-2015\\\/makthi-vret\\\/#respond\"]}]},{\"@type\":\"WebPage\",\"@id\":\"https:\\\/\\\/fjala.info\\\/2009-2015\\\/makthi-vret\\\/\",\"url\":\"https:\\\/\\\/fjala.info\\\/2009-2015\\\/makthi-vret\\\/\",\"name\":\"Makthi vret - FjALA e LIR\u00cb - Arkivi\",\"isPartOf\":{\"@id\":\"https:\\\/\\\/fjala.info\\\/2009-2015\\\/#website\"},\"primaryImageOfPage\":{\"@id\":\"https:\\\/\\\/fjala.info\\\/2009-2015\\\/makthi-vret\\\/#primaryimage\"},\"image\":{\"@id\":\"https:\\\/\\\/fjala.info\\\/2009-2015\\\/makthi-vret\\\/#primaryimage\"},\"thumbnailUrl\":\"http:\\\/\\\/fjala.shkoder.net\\\/wp-content\\\/uploads\\\/2010\\\/10\\\/mero_baze1.jpg\",\"datePublished\":\"2011-01-21T22:24:20+00:00\",\"breadcrumb\":{\"@id\":\"https:\\\/\\\/fjala.info\\\/2009-2015\\\/makthi-vret\\\/#breadcrumb\"},\"inLanguage\":\"sq-AL\",\"potentialAction\":[{\"@type\":\"ReadAction\",\"target\":[\"https:\\\/\\\/fjala.info\\\/2009-2015\\\/makthi-vret\\\/\"]}]},{\"@type\":\"ImageObject\",\"inLanguage\":\"sq-AL\",\"@id\":\"https:\\\/\\\/fjala.info\\\/2009-2015\\\/makthi-vret\\\/#primaryimage\",\"url\":\"http:\\\/\\\/fjala.shkoder.net\\\/wp-content\\\/uploads\\\/2010\\\/10\\\/mero_baze1.jpg\",\"contentUrl\":\"http:\\\/\\\/fjala.shkoder.net\\\/wp-content\\\/uploads\\\/2010\\\/10\\\/mero_baze1.jpg\"},{\"@type\":\"BreadcrumbList\",\"@id\":\"https:\\\/\\\/fjala.info\\\/2009-2015\\\/makthi-vret\\\/#breadcrumb\",\"itemListElement\":[{\"@type\":\"ListItem\",\"position\":1,\"name\":\"Home\",\"item\":\"https:\\\/\\\/fjala.info\\\/2009-2015\\\/\"},{\"@type\":\"ListItem\",\"position\":2,\"name\":\"Makthi vret\"}]},{\"@type\":\"WebSite\",\"@id\":\"https:\\\/\\\/fjala.info\\\/2009-2015\\\/#website\",\"url\":\"https:\\\/\\\/fjala.info\\\/2009-2015\\\/\",\"name\":\"FjALA e LIR\u00cb - Arkivi\",\"description\":\"Arkivi 2009-2015\",\"publisher\":{\"@id\":\"https:\\\/\\\/fjala.info\\\/2009-2015\\\/#organization\"},\"potentialAction\":[{\"@type\":\"SearchAction\",\"target\":{\"@type\":\"EntryPoint\",\"urlTemplate\":\"https:\\\/\\\/fjala.info\\\/2009-2015\\\/?s={search_term_string}\"},\"query-input\":{\"@type\":\"PropertyValueSpecification\",\"valueRequired\":true,\"valueName\":\"search_term_string\"}}],\"inLanguage\":\"sq-AL\"},{\"@type\":\"Organization\",\"@id\":\"https:\\\/\\\/fjala.info\\\/2009-2015\\\/#organization\",\"name\":\"FjALA e LIR\u00cb - Arkivi\",\"url\":\"https:\\\/\\\/fjala.info\\\/2009-2015\\\/\",\"logo\":{\"@type\":\"ImageObject\",\"inLanguage\":\"sq-AL\",\"@id\":\"https:\\\/\\\/fjala.info\\\/2009-2015\\\/#\\\/schema\\\/logo\\\/image\\\/\",\"url\":\"\",\"contentUrl\":\"\",\"caption\":\"FjALA e LIR\u00cb - Arkivi\"},\"image\":{\"@id\":\"https:\\\/\\\/fjala.info\\\/2009-2015\\\/#\\\/schema\\\/logo\\\/image\\\/\"}},{\"@type\":\"Person\",\"@id\":\"https:\\\/\\\/fjala.info\\\/2009-2015\\\/#\\\/schema\\\/person\\\/3aa1163ef05469c496fc94e77611ada2\",\"name\":\"admin\",\"image\":{\"@type\":\"ImageObject\",\"inLanguage\":\"sq-AL\",\"@id\":\"https:\\\/\\\/fjala.info\\\/2009-2015\\\/wp-content\\\/uploads\\\/2012\\\/02\\\/arben_cokaj-120x150.jpg\",\"url\":\"https:\\\/\\\/fjala.info\\\/2009-2015\\\/wp-content\\\/uploads\\\/2012\\\/02\\\/arben_cokaj-120x150.jpg\",\"contentUrl\":\"https:\\\/\\\/fjala.info\\\/2009-2015\\\/wp-content\\\/uploads\\\/2012\\\/02\\\/arben_cokaj-120x150.jpg\",\"caption\":\"admin\"},\"description\":\"Admin, Fjala e Lir\u00eb\",\"sameAs\":[\"https:\\\/\\\/fjala.info\\\/\"],\"url\":\"https:\\\/\\\/fjala.info\\\/2009-2015\\\/author\\\/admin\\\/\"}]}<\/script>\n<!-- \/ Yoast SEO plugin. -->","yoast_head_json":{"title":"Makthi vret - FjALA e LIR\u00cb - Arkivi","robots":{"index":"index","follow":"follow","max-snippet":"max-snippet:-1","max-image-preview":"max-image-preview:large","max-video-preview":"max-video-preview:-1"},"canonical":"https:\/\/fjala.info\/2009-2015\/makthi-vret\/","og_locale":"sq_AL","og_type":"article","og_title":"Makthi vret - FjALA e LIR\u00cb - Arkivi","og_description":"Nga Mero Baze P\u00ebrpara syve t\u00eb mi dhe koleg\u00ebve t\u00eb tjer\u00eb gazetar\u00eb, bile n\u00eb transmetim t\u00eb drejtp\u00ebrdrejt\u00eb, u pa se si nj\u00eb qytetar shqiptar u k\u00ebput n\u00eb mes nga plumbat e nj\u00eb snajperi, nd\u00ebrsa ishte thuajse i vetmuar para dyerve t\u00eb kryeministris\u00eb. Sipas nj\u00eb video shokuese q\u00eb mund ta gjeni n\u00eb adres\u00ebn e gazet\u00ebs Tema, [&hellip;]","og_url":"https:\/\/fjala.info\/2009-2015\/makthi-vret\/","og_site_name":"FjALA e LIR\u00cb - Arkivi","article_published_time":"2011-01-21T22:24:20+00:00","og_image":[{"url":"http:\/\/fjala.shkoder.net\/wp-content\/uploads\/2010\/10\/mero_baze1.jpg","type":"","width":"","height":""}],"author":"admin","twitter_card":"summary_large_image","twitter_misc":{"Written by":"admin","Est. reading time":"5 minutes"},"schema":{"@context":"https:\/\/schema.org","@graph":[{"@type":"Article","@id":"https:\/\/fjala.info\/2009-2015\/makthi-vret\/#article","isPartOf":{"@id":"https:\/\/fjala.info\/2009-2015\/makthi-vret\/"},"author":{"name":"admin","@id":"https:\/\/fjala.info\/2009-2015\/#\/schema\/person\/3aa1163ef05469c496fc94e77611ada2"},"headline":"Makthi vret","datePublished":"2011-01-21T22:24:20+00:00","mainEntityOfPage":{"@id":"https:\/\/fjala.info\/2009-2015\/makthi-vret\/"},"wordCount":1069,"commentCount":0,"publisher":{"@id":"https:\/\/fjala.info\/2009-2015\/#organization"},"image":{"@id":"https:\/\/fjala.info\/2009-2015\/makthi-vret\/#primaryimage"},"thumbnailUrl":"http:\/\/fjala.shkoder.net\/wp-content\/uploads\/2010\/10\/mero_baze1.jpg","articleSection":["Artikuj"],"inLanguage":"sq-AL","potentialAction":[{"@type":"CommentAction","name":"Comment","target":["https:\/\/fjala.info\/2009-2015\/makthi-vret\/#respond"]}]},{"@type":"WebPage","@id":"https:\/\/fjala.info\/2009-2015\/makthi-vret\/","url":"https:\/\/fjala.info\/2009-2015\/makthi-vret\/","name":"Makthi vret - FjALA e LIR\u00cb - Arkivi","isPartOf":{"@id":"https:\/\/fjala.info\/2009-2015\/#website"},"primaryImageOfPage":{"@id":"https:\/\/fjala.info\/2009-2015\/makthi-vret\/#primaryimage"},"image":{"@id":"https:\/\/fjala.info\/2009-2015\/makthi-vret\/#primaryimage"},"thumbnailUrl":"http:\/\/fjala.shkoder.net\/wp-content\/uploads\/2010\/10\/mero_baze1.jpg","datePublished":"2011-01-21T22:24:20+00:00","breadcrumb":{"@id":"https:\/\/fjala.info\/2009-2015\/makthi-vret\/#breadcrumb"},"inLanguage":"sq-AL","potentialAction":[{"@type":"ReadAction","target":["https:\/\/fjala.info\/2009-2015\/makthi-vret\/"]}]},{"@type":"ImageObject","inLanguage":"sq-AL","@id":"https:\/\/fjala.info\/2009-2015\/makthi-vret\/#primaryimage","url":"http:\/\/fjala.shkoder.net\/wp-content\/uploads\/2010\/10\/mero_baze1.jpg","contentUrl":"http:\/\/fjala.shkoder.net\/wp-content\/uploads\/2010\/10\/mero_baze1.jpg"},{"@type":"BreadcrumbList","@id":"https:\/\/fjala.info\/2009-2015\/makthi-vret\/#breadcrumb","itemListElement":[{"@type":"ListItem","position":1,"name":"Home","item":"https:\/\/fjala.info\/2009-2015\/"},{"@type":"ListItem","position":2,"name":"Makthi vret"}]},{"@type":"WebSite","@id":"https:\/\/fjala.info\/2009-2015\/#website","url":"https:\/\/fjala.info\/2009-2015\/","name":"FjALA e LIR\u00cb - Arkivi","description":"Arkivi 2009-2015","publisher":{"@id":"https:\/\/fjala.info\/2009-2015\/#organization"},"potentialAction":[{"@type":"SearchAction","target":{"@type":"EntryPoint","urlTemplate":"https:\/\/fjala.info\/2009-2015\/?s={search_term_string}"},"query-input":{"@type":"PropertyValueSpecification","valueRequired":true,"valueName":"search_term_string"}}],"inLanguage":"sq-AL"},{"@type":"Organization","@id":"https:\/\/fjala.info\/2009-2015\/#organization","name":"FjALA e LIR\u00cb - Arkivi","url":"https:\/\/fjala.info\/2009-2015\/","logo":{"@type":"ImageObject","inLanguage":"sq-AL","@id":"https:\/\/fjala.info\/2009-2015\/#\/schema\/logo\/image\/","url":"","contentUrl":"","caption":"FjALA e LIR\u00cb - Arkivi"},"image":{"@id":"https:\/\/fjala.info\/2009-2015\/#\/schema\/logo\/image\/"}},{"@type":"Person","@id":"https:\/\/fjala.info\/2009-2015\/#\/schema\/person\/3aa1163ef05469c496fc94e77611ada2","name":"admin","image":{"@type":"ImageObject","inLanguage":"sq-AL","@id":"https:\/\/fjala.info\/2009-2015\/wp-content\/uploads\/2012\/02\/arben_cokaj-120x150.jpg","url":"https:\/\/fjala.info\/2009-2015\/wp-content\/uploads\/2012\/02\/arben_cokaj-120x150.jpg","contentUrl":"https:\/\/fjala.info\/2009-2015\/wp-content\/uploads\/2012\/02\/arben_cokaj-120x150.jpg","caption":"admin"},"description":"Admin, Fjala e Lir\u00eb","sameAs":["https:\/\/fjala.info\/"],"url":"https:\/\/fjala.info\/2009-2015\/author\/admin\/"}]}},"_links":{"self":[{"href":"https:\/\/fjala.info\/2009-2015\/wp-json\/wp\/v2\/posts\/5809","targetHints":{"allow":["GET"]}}],"collection":[{"href":"https:\/\/fjala.info\/2009-2015\/wp-json\/wp\/v2\/posts"}],"about":[{"href":"https:\/\/fjala.info\/2009-2015\/wp-json\/wp\/v2\/types\/post"}],"author":[{"embeddable":true,"href":"https:\/\/fjala.info\/2009-2015\/wp-json\/wp\/v2\/users\/1"}],"replies":[{"embeddable":true,"href":"https:\/\/fjala.info\/2009-2015\/wp-json\/wp\/v2\/comments?post=5809"}],"version-history":[{"count":0,"href":"https:\/\/fjala.info\/2009-2015\/wp-json\/wp\/v2\/posts\/5809\/revisions"}],"wp:attachment":[{"href":"https:\/\/fjala.info\/2009-2015\/wp-json\/wp\/v2\/media?parent=5809"}],"wp:term":[{"taxonomy":"category","embeddable":true,"href":"https:\/\/fjala.info\/2009-2015\/wp-json\/wp\/v2\/categories?post=5809"},{"taxonomy":"post_tag","embeddable":true,"href":"https:\/\/fjala.info\/2009-2015\/wp-json\/wp\/v2\/tags?post=5809"}],"curies":[{"name":"wp","href":"https:\/\/api.w.org\/{rel}","templated":true}]}}