{"id":5806,"date":"2011-01-21T23:19:40","date_gmt":"2011-01-21T22:19:40","guid":{"rendered":"http:\/\/fjala.shkoder.net\/?p=5806"},"modified":"2011-01-21T23:19:40","modified_gmt":"2011-01-21T22:19:40","slug":"fillon-raprezalja-e-policise-arrestime-dhe-te-rrahur-per-vdekje","status":"publish","type":"post","link":"https:\/\/fjala.info\/2009-2015\/fillon-raprezalja-e-policise-arrestime-dhe-te-rrahur-per-vdekje\/","title":{"rendered":"Fillon raprezalja e policise. Arrestime dhe te rrahur per vdekje"},"content":{"rendered":"<p><img loading=\"lazy\" decoding=\"async\" class=\"alignleft size-full wp-image-5807\" title=\"plumb_ne_shesh\" src=\"http:\/\/fjala.shkoder.net\/wp-content\/uploads\/2011\/01\/plumb_ne_shesh.jpg\" alt=\"\" width=\"300\" height=\"200\" \/><br \/>\n<strong>Goditen gazetar\u00eb e kalimtar\u00eb<\/strong><\/p>\n<p><em>N\u00eb foto nj\u00eb gazetar duke treguar plumbat q\u00eb gjenden n\u00eb shesh.<\/em><\/p>\n<p>Policia e Shtetit ka nisur mesymjen ndaj protestuesve te mbetur ne shesh ,nderkohe qe makina policie kane mberritur ne bulevard per te marre te ndaluarit.<\/p>\n<p>Pamjet ne bulevard flasin qarte dhe turma e mbetur eshte strehuar ne ambientet e Kullave Binjake per ti shpetuar shkopinjve te gomes se forcave speciale, plumbave apo nje arrestimi te mundshem.<\/p>\n<p>Protestuesit e strehuar brenda Kullave jane ndjekur nga forcat e rendit deri ne brendesi por keta te fundit jane perballur me goditjen nga katet e siperme me mjete te forta.<\/p>\n","protected":false},"excerpt":{"rendered":"<p>Goditen gazetar\u00eb e kalimtar\u00eb N\u00eb foto nj\u00eb gazetar duke treguar plumbat q\u00eb gjenden n\u00eb shesh. Policia e Shtetit ka nisur mesymjen ndaj protestuesve te mbetur ne shesh ,nderkohe qe makina policie kane mberritur ne bulevard per te marre te ndaluarit. Pamjet ne bulevard flasin qarte dhe turma e mbetur eshte strehuar ne ambientet e Kullave [&hellip;]<\/p>\n","protected":false},"author":1,"featured_media":0,"comment_status":"open","ping_status":"closed","sticky":false,"template":"","format":"standard","meta":{"footnotes":""},"categories":[2],"tags":[],"class_list":{"0":"post-5806","1":"post","2":"type-post","3":"status-publish","4":"format-standard","6":"category-artikuj"},"yoast_head":"<!-- This site is optimized with the Yoast SEO plugin v27.4 - https:\/\/yoast.com\/product\/yoast-seo-wordpress\/ -->\n<title>Fillon raprezalja e policise. Arrestime dhe te rrahur per vdekje - FjALA e LIR\u00cb - Arkivi<\/title>\n<meta name=\"robots\" content=\"index, follow, max-snippet:-1, max-image-preview:large, max-video-preview:-1\" \/>\n<link rel=\"canonical\" href=\"https:\/\/fjala.info\/2009-2015\/fillon-raprezalja-e-policise-arrestime-dhe-te-rrahur-per-vdekje\/\" \/>\n<meta property=\"og:locale\" content=\"sq_AL\" \/>\n<meta property=\"og:type\" content=\"article\" \/>\n<meta property=\"og:title\" content=\"Fillon raprezalja e policise. Arrestime dhe te rrahur per vdekje - FjALA e LIR\u00cb - Arkivi\" \/>\n<meta property=\"og:description\" content=\"Goditen gazetar\u00eb e kalimtar\u00eb N\u00eb foto nj\u00eb gazetar duke treguar plumbat q\u00eb gjenden n\u00eb shesh. Policia e Shtetit ka nisur mesymjen ndaj protestuesve te mbetur ne shesh ,nderkohe qe makina policie kane mberritur ne bulevard per te marre te ndaluarit. Pamjet ne bulevard flasin qarte dhe turma e mbetur eshte strehuar ne ambientet e Kullave [&hellip;]\" \/>\n<meta property=\"og:url\" content=\"https:\/\/fjala.info\/2009-2015\/fillon-raprezalja-e-policise-arrestime-dhe-te-rrahur-per-vdekje\/\" \/>\n<meta property=\"og:site_name\" content=\"FjALA e LIR\u00cb - Arkivi\" \/>\n<meta property=\"article:published_time\" content=\"2011-01-21T22:19:40+00:00\" \/>\n<meta property=\"og:image\" content=\"http:\/\/fjala.shkoder.net\/wp-content\/uploads\/2011\/01\/plumb_ne_shesh.jpg\" \/>\n<meta name=\"author\" content=\"admin\" \/>\n<meta name=\"twitter:card\" content=\"summary_large_image\" \/>\n<meta name=\"twitter:label1\" content=\"Written by\" \/>\n\t<meta name=\"twitter:data1\" content=\"admin\" \/>\n\t<meta name=\"twitter:label2\" content=\"Est. reading time\" \/>\n\t<meta name=\"twitter:data2\" content=\"1 minute\" \/>\n<script type=\"application\/ld+json\" class=\"yoast-schema-graph\">{\"@context\":\"https:\\\/\\\/schema.org\",\"@graph\":[{\"@type\":\"Article\",\"@id\":\"https:\\\/\\\/fjala.info\\\/2009-2015\\\/fillon-raprezalja-e-policise-arrestime-dhe-te-rrahur-per-vdekje\\\/#article\",\"isPartOf\":{\"@id\":\"https:\\\/\\\/fjala.info\\\/2009-2015\\\/fillon-raprezalja-e-policise-arrestime-dhe-te-rrahur-per-vdekje\\\/\"},\"author\":{\"name\":\"admin\",\"@id\":\"https:\\\/\\\/fjala.info\\\/2009-2015\\\/#\\\/schema\\\/person\\\/3aa1163ef05469c496fc94e77611ada2\"},\"headline\":\"Fillon raprezalja e policise. Arrestime dhe te rrahur per vdekje\",\"datePublished\":\"2011-01-21T22:19:40+00:00\",\"mainEntityOfPage\":{\"@id\":\"https:\\\/\\\/fjala.info\\\/2009-2015\\\/fillon-raprezalja-e-policise-arrestime-dhe-te-rrahur-per-vdekje\\\/\"},\"wordCount\":111,\"commentCount\":0,\"publisher\":{\"@id\":\"https:\\\/\\\/fjala.info\\\/2009-2015\\\/#organization\"},\"image\":{\"@id\":\"https:\\\/\\\/fjala.info\\\/2009-2015\\\/fillon-raprezalja-e-policise-arrestime-dhe-te-rrahur-per-vdekje\\\/#primaryimage\"},\"thumbnailUrl\":\"http:\\\/\\\/fjala.shkoder.net\\\/wp-content\\\/uploads\\\/2011\\\/01\\\/plumb_ne_shesh.jpg\",\"articleSection\":[\"Artikuj\"],\"inLanguage\":\"sq-AL\",\"potentialAction\":[{\"@type\":\"CommentAction\",\"name\":\"Comment\",\"target\":[\"https:\\\/\\\/fjala.info\\\/2009-2015\\\/fillon-raprezalja-e-policise-arrestime-dhe-te-rrahur-per-vdekje\\\/#respond\"]}]},{\"@type\":\"WebPage\",\"@id\":\"https:\\\/\\\/fjala.info\\\/2009-2015\\\/fillon-raprezalja-e-policise-arrestime-dhe-te-rrahur-per-vdekje\\\/\",\"url\":\"https:\\\/\\\/fjala.info\\\/2009-2015\\\/fillon-raprezalja-e-policise-arrestime-dhe-te-rrahur-per-vdekje\\\/\",\"name\":\"Fillon raprezalja e policise. Arrestime dhe te rrahur per vdekje - FjALA e LIR\u00cb - Arkivi\",\"isPartOf\":{\"@id\":\"https:\\\/\\\/fjala.info\\\/2009-2015\\\/#website\"},\"primaryImageOfPage\":{\"@id\":\"https:\\\/\\\/fjala.info\\\/2009-2015\\\/fillon-raprezalja-e-policise-arrestime-dhe-te-rrahur-per-vdekje\\\/#primaryimage\"},\"image\":{\"@id\":\"https:\\\/\\\/fjala.info\\\/2009-2015\\\/fillon-raprezalja-e-policise-arrestime-dhe-te-rrahur-per-vdekje\\\/#primaryimage\"},\"thumbnailUrl\":\"http:\\\/\\\/fjala.shkoder.net\\\/wp-content\\\/uploads\\\/2011\\\/01\\\/plumb_ne_shesh.jpg\",\"datePublished\":\"2011-01-21T22:19:40+00:00\",\"breadcrumb\":{\"@id\":\"https:\\\/\\\/fjala.info\\\/2009-2015\\\/fillon-raprezalja-e-policise-arrestime-dhe-te-rrahur-per-vdekje\\\/#breadcrumb\"},\"inLanguage\":\"sq-AL\",\"potentialAction\":[{\"@type\":\"ReadAction\",\"target\":[\"https:\\\/\\\/fjala.info\\\/2009-2015\\\/fillon-raprezalja-e-policise-arrestime-dhe-te-rrahur-per-vdekje\\\/\"]}]},{\"@type\":\"ImageObject\",\"inLanguage\":\"sq-AL\",\"@id\":\"https:\\\/\\\/fjala.info\\\/2009-2015\\\/fillon-raprezalja-e-policise-arrestime-dhe-te-rrahur-per-vdekje\\\/#primaryimage\",\"url\":\"http:\\\/\\\/fjala.shkoder.net\\\/wp-content\\\/uploads\\\/2011\\\/01\\\/plumb_ne_shesh.jpg\",\"contentUrl\":\"http:\\\/\\\/fjala.shkoder.net\\\/wp-content\\\/uploads\\\/2011\\\/01\\\/plumb_ne_shesh.jpg\"},{\"@type\":\"BreadcrumbList\",\"@id\":\"https:\\\/\\\/fjala.info\\\/2009-2015\\\/fillon-raprezalja-e-policise-arrestime-dhe-te-rrahur-per-vdekje\\\/#breadcrumb\",\"itemListElement\":[{\"@type\":\"ListItem\",\"position\":1,\"name\":\"Home\",\"item\":\"https:\\\/\\\/fjala.info\\\/2009-2015\\\/\"},{\"@type\":\"ListItem\",\"position\":2,\"name\":\"Fillon raprezalja e policise. Arrestime dhe te rrahur per vdekje\"}]},{\"@type\":\"WebSite\",\"@id\":\"https:\\\/\\\/fjala.info\\\/2009-2015\\\/#website\",\"url\":\"https:\\\/\\\/fjala.info\\\/2009-2015\\\/\",\"name\":\"FjALA e LIR\u00cb - Arkivi\",\"description\":\"Arkivi 2009-2015\",\"publisher\":{\"@id\":\"https:\\\/\\\/fjala.info\\\/2009-2015\\\/#organization\"},\"potentialAction\":[{\"@type\":\"SearchAction\",\"target\":{\"@type\":\"EntryPoint\",\"urlTemplate\":\"https:\\\/\\\/fjala.info\\\/2009-2015\\\/?s={search_term_string}\"},\"query-input\":{\"@type\":\"PropertyValueSpecification\",\"valueRequired\":true,\"valueName\":\"search_term_string\"}}],\"inLanguage\":\"sq-AL\"},{\"@type\":\"Organization\",\"@id\":\"https:\\\/\\\/fjala.info\\\/2009-2015\\\/#organization\",\"name\":\"FjALA e LIR\u00cb - Arkivi\",\"url\":\"https:\\\/\\\/fjala.info\\\/2009-2015\\\/\",\"logo\":{\"@type\":\"ImageObject\",\"inLanguage\":\"sq-AL\",\"@id\":\"https:\\\/\\\/fjala.info\\\/2009-2015\\\/#\\\/schema\\\/logo\\\/image\\\/\",\"url\":\"\",\"contentUrl\":\"\",\"caption\":\"FjALA e LIR\u00cb - Arkivi\"},\"image\":{\"@id\":\"https:\\\/\\\/fjala.info\\\/2009-2015\\\/#\\\/schema\\\/logo\\\/image\\\/\"}},{\"@type\":\"Person\",\"@id\":\"https:\\\/\\\/fjala.info\\\/2009-2015\\\/#\\\/schema\\\/person\\\/3aa1163ef05469c496fc94e77611ada2\",\"name\":\"admin\",\"image\":{\"@type\":\"ImageObject\",\"inLanguage\":\"sq-AL\",\"@id\":\"https:\\\/\\\/fjala.info\\\/2009-2015\\\/wp-content\\\/uploads\\\/2012\\\/02\\\/arben_cokaj-120x150.jpg\",\"url\":\"https:\\\/\\\/fjala.info\\\/2009-2015\\\/wp-content\\\/uploads\\\/2012\\\/02\\\/arben_cokaj-120x150.jpg\",\"contentUrl\":\"https:\\\/\\\/fjala.info\\\/2009-2015\\\/wp-content\\\/uploads\\\/2012\\\/02\\\/arben_cokaj-120x150.jpg\",\"caption\":\"admin\"},\"description\":\"Admin, Fjala e Lir\u00eb\",\"sameAs\":[\"https:\\\/\\\/fjala.info\\\/\"],\"url\":\"https:\\\/\\\/fjala.info\\\/2009-2015\\\/author\\\/admin\\\/\"}]}<\/script>\n<!-- \/ Yoast SEO plugin. -->","yoast_head_json":{"title":"Fillon raprezalja e policise. Arrestime dhe te rrahur per vdekje - FjALA e LIR\u00cb - Arkivi","robots":{"index":"index","follow":"follow","max-snippet":"max-snippet:-1","max-image-preview":"max-image-preview:large","max-video-preview":"max-video-preview:-1"},"canonical":"https:\/\/fjala.info\/2009-2015\/fillon-raprezalja-e-policise-arrestime-dhe-te-rrahur-per-vdekje\/","og_locale":"sq_AL","og_type":"article","og_title":"Fillon raprezalja e policise. Arrestime dhe te rrahur per vdekje - FjALA e LIR\u00cb - Arkivi","og_description":"Goditen gazetar\u00eb e kalimtar\u00eb N\u00eb foto nj\u00eb gazetar duke treguar plumbat q\u00eb gjenden n\u00eb shesh. Policia e Shtetit ka nisur mesymjen ndaj protestuesve te mbetur ne shesh ,nderkohe qe makina policie kane mberritur ne bulevard per te marre te ndaluarit. Pamjet ne bulevard flasin qarte dhe turma e mbetur eshte strehuar ne ambientet e Kullave [&hellip;]","og_url":"https:\/\/fjala.info\/2009-2015\/fillon-raprezalja-e-policise-arrestime-dhe-te-rrahur-per-vdekje\/","og_site_name":"FjALA e LIR\u00cb - Arkivi","article_published_time":"2011-01-21T22:19:40+00:00","og_image":[{"url":"http:\/\/fjala.shkoder.net\/wp-content\/uploads\/2011\/01\/plumb_ne_shesh.jpg","type":"","width":"","height":""}],"author":"admin","twitter_card":"summary_large_image","twitter_misc":{"Written by":"admin","Est. reading time":"1 minute"},"schema":{"@context":"https:\/\/schema.org","@graph":[{"@type":"Article","@id":"https:\/\/fjala.info\/2009-2015\/fillon-raprezalja-e-policise-arrestime-dhe-te-rrahur-per-vdekje\/#article","isPartOf":{"@id":"https:\/\/fjala.info\/2009-2015\/fillon-raprezalja-e-policise-arrestime-dhe-te-rrahur-per-vdekje\/"},"author":{"name":"admin","@id":"https:\/\/fjala.info\/2009-2015\/#\/schema\/person\/3aa1163ef05469c496fc94e77611ada2"},"headline":"Fillon raprezalja e policise. Arrestime dhe te rrahur per vdekje","datePublished":"2011-01-21T22:19:40+00:00","mainEntityOfPage":{"@id":"https:\/\/fjala.info\/2009-2015\/fillon-raprezalja-e-policise-arrestime-dhe-te-rrahur-per-vdekje\/"},"wordCount":111,"commentCount":0,"publisher":{"@id":"https:\/\/fjala.info\/2009-2015\/#organization"},"image":{"@id":"https:\/\/fjala.info\/2009-2015\/fillon-raprezalja-e-policise-arrestime-dhe-te-rrahur-per-vdekje\/#primaryimage"},"thumbnailUrl":"http:\/\/fjala.shkoder.net\/wp-content\/uploads\/2011\/01\/plumb_ne_shesh.jpg","articleSection":["Artikuj"],"inLanguage":"sq-AL","potentialAction":[{"@type":"CommentAction","name":"Comment","target":["https:\/\/fjala.info\/2009-2015\/fillon-raprezalja-e-policise-arrestime-dhe-te-rrahur-per-vdekje\/#respond"]}]},{"@type":"WebPage","@id":"https:\/\/fjala.info\/2009-2015\/fillon-raprezalja-e-policise-arrestime-dhe-te-rrahur-per-vdekje\/","url":"https:\/\/fjala.info\/2009-2015\/fillon-raprezalja-e-policise-arrestime-dhe-te-rrahur-per-vdekje\/","name":"Fillon raprezalja e policise. Arrestime dhe te rrahur per vdekje - FjALA e LIR\u00cb - Arkivi","isPartOf":{"@id":"https:\/\/fjala.info\/2009-2015\/#website"},"primaryImageOfPage":{"@id":"https:\/\/fjala.info\/2009-2015\/fillon-raprezalja-e-policise-arrestime-dhe-te-rrahur-per-vdekje\/#primaryimage"},"image":{"@id":"https:\/\/fjala.info\/2009-2015\/fillon-raprezalja-e-policise-arrestime-dhe-te-rrahur-per-vdekje\/#primaryimage"},"thumbnailUrl":"http:\/\/fjala.shkoder.net\/wp-content\/uploads\/2011\/01\/plumb_ne_shesh.jpg","datePublished":"2011-01-21T22:19:40+00:00","breadcrumb":{"@id":"https:\/\/fjala.info\/2009-2015\/fillon-raprezalja-e-policise-arrestime-dhe-te-rrahur-per-vdekje\/#breadcrumb"},"inLanguage":"sq-AL","potentialAction":[{"@type":"ReadAction","target":["https:\/\/fjala.info\/2009-2015\/fillon-raprezalja-e-policise-arrestime-dhe-te-rrahur-per-vdekje\/"]}]},{"@type":"ImageObject","inLanguage":"sq-AL","@id":"https:\/\/fjala.info\/2009-2015\/fillon-raprezalja-e-policise-arrestime-dhe-te-rrahur-per-vdekje\/#primaryimage","url":"http:\/\/fjala.shkoder.net\/wp-content\/uploads\/2011\/01\/plumb_ne_shesh.jpg","contentUrl":"http:\/\/fjala.shkoder.net\/wp-content\/uploads\/2011\/01\/plumb_ne_shesh.jpg"},{"@type":"BreadcrumbList","@id":"https:\/\/fjala.info\/2009-2015\/fillon-raprezalja-e-policise-arrestime-dhe-te-rrahur-per-vdekje\/#breadcrumb","itemListElement":[{"@type":"ListItem","position":1,"name":"Home","item":"https:\/\/fjala.info\/2009-2015\/"},{"@type":"ListItem","position":2,"name":"Fillon raprezalja e policise. Arrestime dhe te rrahur per vdekje"}]},{"@type":"WebSite","@id":"https:\/\/fjala.info\/2009-2015\/#website","url":"https:\/\/fjala.info\/2009-2015\/","name":"FjALA e LIR\u00cb - Arkivi","description":"Arkivi 2009-2015","publisher":{"@id":"https:\/\/fjala.info\/2009-2015\/#organization"},"potentialAction":[{"@type":"SearchAction","target":{"@type":"EntryPoint","urlTemplate":"https:\/\/fjala.info\/2009-2015\/?s={search_term_string}"},"query-input":{"@type":"PropertyValueSpecification","valueRequired":true,"valueName":"search_term_string"}}],"inLanguage":"sq-AL"},{"@type":"Organization","@id":"https:\/\/fjala.info\/2009-2015\/#organization","name":"FjALA e LIR\u00cb - Arkivi","url":"https:\/\/fjala.info\/2009-2015\/","logo":{"@type":"ImageObject","inLanguage":"sq-AL","@id":"https:\/\/fjala.info\/2009-2015\/#\/schema\/logo\/image\/","url":"","contentUrl":"","caption":"FjALA e LIR\u00cb - Arkivi"},"image":{"@id":"https:\/\/fjala.info\/2009-2015\/#\/schema\/logo\/image\/"}},{"@type":"Person","@id":"https:\/\/fjala.info\/2009-2015\/#\/schema\/person\/3aa1163ef05469c496fc94e77611ada2","name":"admin","image":{"@type":"ImageObject","inLanguage":"sq-AL","@id":"https:\/\/fjala.info\/2009-2015\/wp-content\/uploads\/2012\/02\/arben_cokaj-120x150.jpg","url":"https:\/\/fjala.info\/2009-2015\/wp-content\/uploads\/2012\/02\/arben_cokaj-120x150.jpg","contentUrl":"https:\/\/fjala.info\/2009-2015\/wp-content\/uploads\/2012\/02\/arben_cokaj-120x150.jpg","caption":"admin"},"description":"Admin, Fjala e Lir\u00eb","sameAs":["https:\/\/fjala.info\/"],"url":"https:\/\/fjala.info\/2009-2015\/author\/admin\/"}]}},"_links":{"self":[{"href":"https:\/\/fjala.info\/2009-2015\/wp-json\/wp\/v2\/posts\/5806","targetHints":{"allow":["GET"]}}],"collection":[{"href":"https:\/\/fjala.info\/2009-2015\/wp-json\/wp\/v2\/posts"}],"about":[{"href":"https:\/\/fjala.info\/2009-2015\/wp-json\/wp\/v2\/types\/post"}],"author":[{"embeddable":true,"href":"https:\/\/fjala.info\/2009-2015\/wp-json\/wp\/v2\/users\/1"}],"replies":[{"embeddable":true,"href":"https:\/\/fjala.info\/2009-2015\/wp-json\/wp\/v2\/comments?post=5806"}],"version-history":[{"count":0,"href":"https:\/\/fjala.info\/2009-2015\/wp-json\/wp\/v2\/posts\/5806\/revisions"}],"wp:attachment":[{"href":"https:\/\/fjala.info\/2009-2015\/wp-json\/wp\/v2\/media?parent=5806"}],"wp:term":[{"taxonomy":"category","embeddable":true,"href":"https:\/\/fjala.info\/2009-2015\/wp-json\/wp\/v2\/categories?post=5806"},{"taxonomy":"post_tag","embeddable":true,"href":"https:\/\/fjala.info\/2009-2015\/wp-json\/wp\/v2\/tags?post=5806"}],"curies":[{"name":"wp","href":"https:\/\/api.w.org\/{rel}","templated":true}]}}