{"id":5800,"date":"2011-01-21T22:57:42","date_gmt":"2011-01-21T21:57:42","guid":{"rendered":"http:\/\/fjala.shkoder.net\/?p=5800"},"modified":"2011-01-21T22:57:42","modified_gmt":"2011-01-21T21:57:42","slug":"cfare-pashe-ne-bulevard-ora-16-00","status":"publish","type":"post","link":"https:\/\/fjala.info\/2009-2015\/cfare-pashe-ne-bulevard-ora-16-00\/","title":{"rendered":"\u00c7far\u00eb pash\u00eb n\u00eb bulevard (ora 16.00)?"},"content":{"rendered":"<p><img loading=\"lazy\" decoding=\"async\" class=\"alignright size-full wp-image-5801\" title=\"protesta_tirane\" src=\"http:\/\/fjala.shkoder.net\/wp-content\/uploads\/2011\/01\/protesta_tirane.jpg\" alt=\"\" width=\"300\" height=\"191\" \/><br \/>\nNga <strong>Mustafa Nano<\/strong><\/p>\n<p>Mb\u00ebrrita n\u00eb bulevard n\u00eb or\u00ebn 14.10. Rrug\u00ebs pash\u00eb grumbuj njer\u00ebzish, q\u00eb b\u00ebnin gjithashtu n\u00eb drejtim t\u00eb bulevardit. Ishin protestues t\u00eb organizuar. Secili grup kish z\u00ebdh\u00ebn\u00ebsin e vet, q\u00eb l\u00ebshonte mesazhe me megafon n\u00eb dor\u00eb. Isha me iden\u00eb p\u00ebr t\u00eb shkuar tek pjesa p\u00ebrball\u00eb kryeministris\u00eb p\u00ebr t\u00eb ndjekur epiqendr\u00ebn e protest\u00ebs, por kur mb\u00ebrrita tek ura e madhe pran\u00eb ish-hotel Dajtit m\u00eb zuri syri ve\u00e7 nj\u00eb grup disaqindra vet\u00ebsh n\u00eb t\u00eb djatht\u00eb, midis kryeministris\u00eb e ministris\u00eb s\u00eb financave.<\/p>\n<p>Po mendoja se po shihja live d\u00ebshtimin spektakolar t\u00eb tubimit opozitar t\u00eb paralajm\u00ebruar me buj\u00eb, por nuk vonoi shum\u00eb dhe n\u00eb krye t\u00eb bulevardit, atje ku syri m\u00eb thosh se duhej t\u00eb ish lulishtja prapa p\u00ebrmendores s\u00eb Sk\u00ebnderbeut, u shfaq\u00ebn banderolat. Pak m\u00eb pas shquajta siluet\u00ebn e nj\u00eb turme q\u00eb p\u00ebrparonte ngadal\u00eb, si nj\u00eb kafsh\u00eb e ngath\u00ebt e kolosale. Kjo turm\u00eb ka ecur p\u00ebr gati nj\u00eb or\u00eb drejt godin\u00ebs s\u00eb kryeministris\u00eb, dhe prap\u00eb, kur hidhja syt\u00eb n\u00eb skajin e kund\u00ebrt, atje ku turma u shfaq n\u00eb krye t\u00eb her\u00ebs, shihja njer\u00ebz q\u00eb l\u00ebviznin.<\/p>\n<p>Dukej sikur dilnin nga dheu. Jam nj\u00eb d\u00ebshmitar i zakonsh\u00ebm i ngjarjeve t\u00eb tilla, dhe m\u00eb duhet t\u00eb them se kurr\u00eb nuk kisha par\u00eb aq shum\u00eb njer\u00ebz. Ishin shqiptar\u00eb q\u00eb ishin mobilizuar kund\u00ebr pushtetit. E di q\u00eb nj\u00eb pjes\u00eb e tyre jan\u00eb t\u00eb motivuar n\u00eb k\u00ebt\u00eb protest\u00eb thjesht n\u00eb em\u00ebr t\u00eb partis\u00eb apo t\u00eb leader-it t\u00eb tyre (gj\u00eb q\u00eb dukej nga thirrjet n\u00eb kor: O Sali, o legen, prite Edin se po vjen!), por n\u00eb fytyr\u00ebn e shum\u00eb t\u00eb tjer\u00ebve lexohej nj\u00eb shqet\u00ebsim e nerv qytetar.<\/p>\n<p>\u201cShqiptar\u00ebt q\u00ebnkan gjall\u00eb\u201d, mendova p\u00ebr nj\u00eb \u00e7ast si me faj, ngaq\u00eb shpesh i shoh (shqiptar\u00ebt pra) si njer\u00ebz t\u00eb pamobilizuesh\u00ebm p\u00ebr kauza, prej t\u00eb cilave nuk fusin gj\u00eb n\u00eb xhepin e tyre. Dyshime mbi motivimin impersonal t\u00eb pjes\u00ebmarrjes mund t\u00eb kem akoma, por k\u00ebto dyshime t\u00eb mijat nuk e \u00e7b\u00ebjn\u00eb faktin, se ai bulevard kurr\u00eb m\u00eb par\u00eb nuk ishte shkelur nga kaq shum\u00eb njer\u00ebz p\u00ebr nj\u00eb kauz\u00eb kaq t\u00eb drejt\u00eb. \u201cFitorja e par\u00eb u arrit\u201d \u2013 kjo ishte e vetmja siguri q\u00eb kisha andej nga ora tre pa \u00e7erek e pasdites.<\/p>\n<p>Po jetoja me iden\u00eb, se ishte dhe nj\u00eb protest\u00eb e bukur, por bash kur nga nj\u00eb xhep i turm\u00ebs u ngrit nj\u00eb k\u00ebng\u00eb labe, andej nga koka e turm\u00ebs u d\u00ebgjua nj\u00eb \u2018buuuuum\u2019. Un\u00eb isha larg, dhe nuk shihja gj\u00eb. As mund t\u00eb shkoja deri atje, ngaq\u00eb turma ishte shum\u00eb kompakte e donte mundim p\u00ebr ta \u00e7ar\u00eb. As q\u00eb doja t\u00eb shkoja n\u00eb t\u00eb v\u00ebrtet\u00eb. Por nuk kaluan as pak minuta kur, pas disa \u2018buuuum\u2019-eve t\u00eb tjera, pam\u00eb turm\u00ebn q\u00eb po t\u00ebrhiqej. Dukej sikur kafsh\u00ebn e st\u00ebrmadhe e kish v\u00ebn\u00eb p\u00ebrpara nj\u00eb kafsh\u00eb edhe m\u00eb e st\u00ebrmadhe.<\/p>\n<p>\u201c\u00c7far\u00eb po ndodh?\u201d, pyesnin t\u00eb gjith\u00eb, kush me sy e kush me z\u00eb. Por nuk kish nevoj\u00eb p\u00ebr p\u00ebrgjigje. Pam\u00eb njer\u00ebzit q\u00eb f\u00ebrkonin syt\u00eb me duar, sikur ishin verbuar. U kishin hedhur gaz lotsjell\u00ebs. Nuk di si kish ndodhur kjo gj\u00eb, nuk di n\u00eb turma kish provokuar policin\u00eb apo policia provokonte turm\u00ebn me k\u00ebt\u00eb strategji. Ky informacion \u00ebsht\u00eb i r\u00ebnd\u00ebsish\u00ebm \u201cper dovere di cronaca\u201d, jo p\u00ebr gj\u00eb tjet\u00ebr. E dini pse? Policia nuk mund t\u00eb veproj\u00eb kund\u00ebr popullit opozitar. N\u00eb k\u00ebt\u00eb kuptim, kan\u00eb q\u00ebn\u00eb benzin\u00eb mbi zjarr deklaratat se \u201cdo nd\u00ebshkohen ata q\u00eb shkelin ligjin\u201d, \u201cdo t\u00eb mbrojm\u00eb rendin kushtetues\u201d, apo vendimi p\u00ebr ta rrethuar kryeministrin\u00eb me tela me gj\u00ebmba.<\/p>\n<p>Policia nuk mund ta mbroj\u00eb rendin kushtetues nga opozita. Vet\u00ebm diktaturat e mbrojn\u00eb rendin kushtetes nga opozita. Nd\u00ebrsa n\u00eb demokraci, nuk mund t\u00eb ket\u00eb rend kushtetues kund\u00ebr opozit\u00ebs. Shkurt, pushteti vet\u00ebm mund t\u00eb negocjoj\u00eb me opozit\u00ebn, por nuk mund t\u00eb mbrohet nga opozita. Edhe kur opozita k\u00ebrkon \u201cca si tep\u00ebr\u201d, apo \u201cqiqra n\u00eb hell\u201d, nuk ke rrug\u00eb tjet\u00ebr, ve\u00e7se t\u00eb d\u00ebgjosh arsyet e saj e t\u00eb negocjosh zgjidhjet e mundshme. Nd\u00ebrsa kur thua \u201cdo nd\u00ebshkoj opozit\u00ebn, n\u00ebse shkel ligjin\u201d, apo \u201cnuk do ta l\u00eb opozit\u00ebn t\u00eb shkel\u00eb rendin kushtetues\u201d, tregon se je nj\u00eb band\u00eb e rrezikshme.<\/p>\n","protected":false},"excerpt":{"rendered":"<p>Nga Mustafa Nano Mb\u00ebrrita n\u00eb bulevard n\u00eb or\u00ebn 14.10. Rrug\u00ebs pash\u00eb grumbuj njer\u00ebzish, q\u00eb b\u00ebnin gjithashtu n\u00eb drejtim t\u00eb bulevardit. Ishin protestues t\u00eb organizuar. Secili grup kish z\u00ebdh\u00ebn\u00ebsin e vet, q\u00eb l\u00ebshonte mesazhe me megafon n\u00eb dor\u00eb. Isha me iden\u00eb p\u00ebr t\u00eb shkuar tek pjesa p\u00ebrball\u00eb kryeministris\u00eb p\u00ebr t\u00eb ndjekur epiqendr\u00ebn e protest\u00ebs, por kur [&hellip;]<\/p>\n","protected":false},"author":1,"featured_media":0,"comment_status":"open","ping_status":"closed","sticky":false,"template":"","format":"standard","meta":{"footnotes":""},"categories":[2],"tags":[],"class_list":{"0":"post-5800","1":"post","2":"type-post","3":"status-publish","4":"format-standard","6":"category-artikuj"},"yoast_head":"<!-- This site is optimized with the Yoast SEO plugin v27.4 - https:\/\/yoast.com\/product\/yoast-seo-wordpress\/ -->\n<title>\u00c7far\u00eb pash\u00eb n\u00eb bulevard (ora 16.00)? - FjALA e LIR\u00cb - Arkivi<\/title>\n<meta name=\"robots\" content=\"index, follow, max-snippet:-1, max-image-preview:large, max-video-preview:-1\" \/>\n<link rel=\"canonical\" href=\"https:\/\/fjala.info\/2009-2015\/cfare-pashe-ne-bulevard-ora-16-00\/\" \/>\n<meta property=\"og:locale\" content=\"sq_AL\" \/>\n<meta property=\"og:type\" content=\"article\" \/>\n<meta property=\"og:title\" content=\"\u00c7far\u00eb pash\u00eb n\u00eb bulevard (ora 16.00)? - FjALA e LIR\u00cb - Arkivi\" \/>\n<meta property=\"og:description\" content=\"Nga Mustafa Nano Mb\u00ebrrita n\u00eb bulevard n\u00eb or\u00ebn 14.10. Rrug\u00ebs pash\u00eb grumbuj njer\u00ebzish, q\u00eb b\u00ebnin gjithashtu n\u00eb drejtim t\u00eb bulevardit. Ishin protestues t\u00eb organizuar. Secili grup kish z\u00ebdh\u00ebn\u00ebsin e vet, q\u00eb l\u00ebshonte mesazhe me megafon n\u00eb dor\u00eb. Isha me iden\u00eb p\u00ebr t\u00eb shkuar tek pjesa p\u00ebrball\u00eb kryeministris\u00eb p\u00ebr t\u00eb ndjekur epiqendr\u00ebn e protest\u00ebs, por kur [&hellip;]\" \/>\n<meta property=\"og:url\" content=\"https:\/\/fjala.info\/2009-2015\/cfare-pashe-ne-bulevard-ora-16-00\/\" \/>\n<meta property=\"og:site_name\" content=\"FjALA e LIR\u00cb - Arkivi\" \/>\n<meta property=\"article:published_time\" content=\"2011-01-21T21:57:42+00:00\" \/>\n<meta property=\"og:image\" content=\"http:\/\/fjala.shkoder.net\/wp-content\/uploads\/2011\/01\/protesta_tirane.jpg\" \/>\n<meta name=\"author\" content=\"admin\" \/>\n<meta name=\"twitter:card\" content=\"summary_large_image\" \/>\n<meta name=\"twitter:label1\" content=\"Written by\" \/>\n\t<meta name=\"twitter:data1\" content=\"admin\" \/>\n\t<meta name=\"twitter:label2\" content=\"Est. reading time\" \/>\n\t<meta name=\"twitter:data2\" content=\"4 minutes\" \/>\n<script type=\"application\/ld+json\" class=\"yoast-schema-graph\">{\"@context\":\"https:\\\/\\\/schema.org\",\"@graph\":[{\"@type\":\"Article\",\"@id\":\"https:\\\/\\\/fjala.info\\\/2009-2015\\\/cfare-pashe-ne-bulevard-ora-16-00\\\/#article\",\"isPartOf\":{\"@id\":\"https:\\\/\\\/fjala.info\\\/2009-2015\\\/cfare-pashe-ne-bulevard-ora-16-00\\\/\"},\"author\":{\"name\":\"admin\",\"@id\":\"https:\\\/\\\/fjala.info\\\/2009-2015\\\/#\\\/schema\\\/person\\\/3aa1163ef05469c496fc94e77611ada2\"},\"headline\":\"\u00c7far\u00eb pash\u00eb n\u00eb bulevard (ora 16.00)?\",\"datePublished\":\"2011-01-21T21:57:42+00:00\",\"mainEntityOfPage\":{\"@id\":\"https:\\\/\\\/fjala.info\\\/2009-2015\\\/cfare-pashe-ne-bulevard-ora-16-00\\\/\"},\"wordCount\":755,\"commentCount\":0,\"publisher\":{\"@id\":\"https:\\\/\\\/fjala.info\\\/2009-2015\\\/#organization\"},\"image\":{\"@id\":\"https:\\\/\\\/fjala.info\\\/2009-2015\\\/cfare-pashe-ne-bulevard-ora-16-00\\\/#primaryimage\"},\"thumbnailUrl\":\"http:\\\/\\\/fjala.shkoder.net\\\/wp-content\\\/uploads\\\/2011\\\/01\\\/protesta_tirane.jpg\",\"articleSection\":[\"Artikuj\"],\"inLanguage\":\"sq-AL\",\"potentialAction\":[{\"@type\":\"CommentAction\",\"name\":\"Comment\",\"target\":[\"https:\\\/\\\/fjala.info\\\/2009-2015\\\/cfare-pashe-ne-bulevard-ora-16-00\\\/#respond\"]}]},{\"@type\":\"WebPage\",\"@id\":\"https:\\\/\\\/fjala.info\\\/2009-2015\\\/cfare-pashe-ne-bulevard-ora-16-00\\\/\",\"url\":\"https:\\\/\\\/fjala.info\\\/2009-2015\\\/cfare-pashe-ne-bulevard-ora-16-00\\\/\",\"name\":\"\u00c7far\u00eb pash\u00eb n\u00eb bulevard (ora 16.00)? - FjALA e LIR\u00cb - Arkivi\",\"isPartOf\":{\"@id\":\"https:\\\/\\\/fjala.info\\\/2009-2015\\\/#website\"},\"primaryImageOfPage\":{\"@id\":\"https:\\\/\\\/fjala.info\\\/2009-2015\\\/cfare-pashe-ne-bulevard-ora-16-00\\\/#primaryimage\"},\"image\":{\"@id\":\"https:\\\/\\\/fjala.info\\\/2009-2015\\\/cfare-pashe-ne-bulevard-ora-16-00\\\/#primaryimage\"},\"thumbnailUrl\":\"http:\\\/\\\/fjala.shkoder.net\\\/wp-content\\\/uploads\\\/2011\\\/01\\\/protesta_tirane.jpg\",\"datePublished\":\"2011-01-21T21:57:42+00:00\",\"breadcrumb\":{\"@id\":\"https:\\\/\\\/fjala.info\\\/2009-2015\\\/cfare-pashe-ne-bulevard-ora-16-00\\\/#breadcrumb\"},\"inLanguage\":\"sq-AL\",\"potentialAction\":[{\"@type\":\"ReadAction\",\"target\":[\"https:\\\/\\\/fjala.info\\\/2009-2015\\\/cfare-pashe-ne-bulevard-ora-16-00\\\/\"]}]},{\"@type\":\"ImageObject\",\"inLanguage\":\"sq-AL\",\"@id\":\"https:\\\/\\\/fjala.info\\\/2009-2015\\\/cfare-pashe-ne-bulevard-ora-16-00\\\/#primaryimage\",\"url\":\"http:\\\/\\\/fjala.shkoder.net\\\/wp-content\\\/uploads\\\/2011\\\/01\\\/protesta_tirane.jpg\",\"contentUrl\":\"http:\\\/\\\/fjala.shkoder.net\\\/wp-content\\\/uploads\\\/2011\\\/01\\\/protesta_tirane.jpg\"},{\"@type\":\"BreadcrumbList\",\"@id\":\"https:\\\/\\\/fjala.info\\\/2009-2015\\\/cfare-pashe-ne-bulevard-ora-16-00\\\/#breadcrumb\",\"itemListElement\":[{\"@type\":\"ListItem\",\"position\":1,\"name\":\"Home\",\"item\":\"https:\\\/\\\/fjala.info\\\/2009-2015\\\/\"},{\"@type\":\"ListItem\",\"position\":2,\"name\":\"\u00c7far\u00eb pash\u00eb n\u00eb bulevard (ora 16.00)?\"}]},{\"@type\":\"WebSite\",\"@id\":\"https:\\\/\\\/fjala.info\\\/2009-2015\\\/#website\",\"url\":\"https:\\\/\\\/fjala.info\\\/2009-2015\\\/\",\"name\":\"FjALA e LIR\u00cb - Arkivi\",\"description\":\"Arkivi 2009-2015\",\"publisher\":{\"@id\":\"https:\\\/\\\/fjala.info\\\/2009-2015\\\/#organization\"},\"potentialAction\":[{\"@type\":\"SearchAction\",\"target\":{\"@type\":\"EntryPoint\",\"urlTemplate\":\"https:\\\/\\\/fjala.info\\\/2009-2015\\\/?s={search_term_string}\"},\"query-input\":{\"@type\":\"PropertyValueSpecification\",\"valueRequired\":true,\"valueName\":\"search_term_string\"}}],\"inLanguage\":\"sq-AL\"},{\"@type\":\"Organization\",\"@id\":\"https:\\\/\\\/fjala.info\\\/2009-2015\\\/#organization\",\"name\":\"FjALA e LIR\u00cb - Arkivi\",\"url\":\"https:\\\/\\\/fjala.info\\\/2009-2015\\\/\",\"logo\":{\"@type\":\"ImageObject\",\"inLanguage\":\"sq-AL\",\"@id\":\"https:\\\/\\\/fjala.info\\\/2009-2015\\\/#\\\/schema\\\/logo\\\/image\\\/\",\"url\":\"\",\"contentUrl\":\"\",\"caption\":\"FjALA e LIR\u00cb - Arkivi\"},\"image\":{\"@id\":\"https:\\\/\\\/fjala.info\\\/2009-2015\\\/#\\\/schema\\\/logo\\\/image\\\/\"}},{\"@type\":\"Person\",\"@id\":\"https:\\\/\\\/fjala.info\\\/2009-2015\\\/#\\\/schema\\\/person\\\/3aa1163ef05469c496fc94e77611ada2\",\"name\":\"admin\",\"image\":{\"@type\":\"ImageObject\",\"inLanguage\":\"sq-AL\",\"@id\":\"https:\\\/\\\/fjala.info\\\/2009-2015\\\/wp-content\\\/uploads\\\/2012\\\/02\\\/arben_cokaj-120x150.jpg\",\"url\":\"https:\\\/\\\/fjala.info\\\/2009-2015\\\/wp-content\\\/uploads\\\/2012\\\/02\\\/arben_cokaj-120x150.jpg\",\"contentUrl\":\"https:\\\/\\\/fjala.info\\\/2009-2015\\\/wp-content\\\/uploads\\\/2012\\\/02\\\/arben_cokaj-120x150.jpg\",\"caption\":\"admin\"},\"description\":\"Admin, Fjala e Lir\u00eb\",\"sameAs\":[\"https:\\\/\\\/fjala.info\\\/\"],\"url\":\"https:\\\/\\\/fjala.info\\\/2009-2015\\\/author\\\/admin\\\/\"}]}<\/script>\n<!-- \/ Yoast SEO plugin. -->","yoast_head_json":{"title":"\u00c7far\u00eb pash\u00eb n\u00eb bulevard (ora 16.00)? - FjALA e LIR\u00cb - Arkivi","robots":{"index":"index","follow":"follow","max-snippet":"max-snippet:-1","max-image-preview":"max-image-preview:large","max-video-preview":"max-video-preview:-1"},"canonical":"https:\/\/fjala.info\/2009-2015\/cfare-pashe-ne-bulevard-ora-16-00\/","og_locale":"sq_AL","og_type":"article","og_title":"\u00c7far\u00eb pash\u00eb n\u00eb bulevard (ora 16.00)? - FjALA e LIR\u00cb - Arkivi","og_description":"Nga Mustafa Nano Mb\u00ebrrita n\u00eb bulevard n\u00eb or\u00ebn 14.10. Rrug\u00ebs pash\u00eb grumbuj njer\u00ebzish, q\u00eb b\u00ebnin gjithashtu n\u00eb drejtim t\u00eb bulevardit. Ishin protestues t\u00eb organizuar. Secili grup kish z\u00ebdh\u00ebn\u00ebsin e vet, q\u00eb l\u00ebshonte mesazhe me megafon n\u00eb dor\u00eb. Isha me iden\u00eb p\u00ebr t\u00eb shkuar tek pjesa p\u00ebrball\u00eb kryeministris\u00eb p\u00ebr t\u00eb ndjekur epiqendr\u00ebn e protest\u00ebs, por kur [&hellip;]","og_url":"https:\/\/fjala.info\/2009-2015\/cfare-pashe-ne-bulevard-ora-16-00\/","og_site_name":"FjALA e LIR\u00cb - Arkivi","article_published_time":"2011-01-21T21:57:42+00:00","og_image":[{"url":"http:\/\/fjala.shkoder.net\/wp-content\/uploads\/2011\/01\/protesta_tirane.jpg","type":"","width":"","height":""}],"author":"admin","twitter_card":"summary_large_image","twitter_misc":{"Written by":"admin","Est. reading time":"4 minutes"},"schema":{"@context":"https:\/\/schema.org","@graph":[{"@type":"Article","@id":"https:\/\/fjala.info\/2009-2015\/cfare-pashe-ne-bulevard-ora-16-00\/#article","isPartOf":{"@id":"https:\/\/fjala.info\/2009-2015\/cfare-pashe-ne-bulevard-ora-16-00\/"},"author":{"name":"admin","@id":"https:\/\/fjala.info\/2009-2015\/#\/schema\/person\/3aa1163ef05469c496fc94e77611ada2"},"headline":"\u00c7far\u00eb pash\u00eb n\u00eb bulevard (ora 16.00)?","datePublished":"2011-01-21T21:57:42+00:00","mainEntityOfPage":{"@id":"https:\/\/fjala.info\/2009-2015\/cfare-pashe-ne-bulevard-ora-16-00\/"},"wordCount":755,"commentCount":0,"publisher":{"@id":"https:\/\/fjala.info\/2009-2015\/#organization"},"image":{"@id":"https:\/\/fjala.info\/2009-2015\/cfare-pashe-ne-bulevard-ora-16-00\/#primaryimage"},"thumbnailUrl":"http:\/\/fjala.shkoder.net\/wp-content\/uploads\/2011\/01\/protesta_tirane.jpg","articleSection":["Artikuj"],"inLanguage":"sq-AL","potentialAction":[{"@type":"CommentAction","name":"Comment","target":["https:\/\/fjala.info\/2009-2015\/cfare-pashe-ne-bulevard-ora-16-00\/#respond"]}]},{"@type":"WebPage","@id":"https:\/\/fjala.info\/2009-2015\/cfare-pashe-ne-bulevard-ora-16-00\/","url":"https:\/\/fjala.info\/2009-2015\/cfare-pashe-ne-bulevard-ora-16-00\/","name":"\u00c7far\u00eb pash\u00eb n\u00eb bulevard (ora 16.00)? - FjALA e LIR\u00cb - Arkivi","isPartOf":{"@id":"https:\/\/fjala.info\/2009-2015\/#website"},"primaryImageOfPage":{"@id":"https:\/\/fjala.info\/2009-2015\/cfare-pashe-ne-bulevard-ora-16-00\/#primaryimage"},"image":{"@id":"https:\/\/fjala.info\/2009-2015\/cfare-pashe-ne-bulevard-ora-16-00\/#primaryimage"},"thumbnailUrl":"http:\/\/fjala.shkoder.net\/wp-content\/uploads\/2011\/01\/protesta_tirane.jpg","datePublished":"2011-01-21T21:57:42+00:00","breadcrumb":{"@id":"https:\/\/fjala.info\/2009-2015\/cfare-pashe-ne-bulevard-ora-16-00\/#breadcrumb"},"inLanguage":"sq-AL","potentialAction":[{"@type":"ReadAction","target":["https:\/\/fjala.info\/2009-2015\/cfare-pashe-ne-bulevard-ora-16-00\/"]}]},{"@type":"ImageObject","inLanguage":"sq-AL","@id":"https:\/\/fjala.info\/2009-2015\/cfare-pashe-ne-bulevard-ora-16-00\/#primaryimage","url":"http:\/\/fjala.shkoder.net\/wp-content\/uploads\/2011\/01\/protesta_tirane.jpg","contentUrl":"http:\/\/fjala.shkoder.net\/wp-content\/uploads\/2011\/01\/protesta_tirane.jpg"},{"@type":"BreadcrumbList","@id":"https:\/\/fjala.info\/2009-2015\/cfare-pashe-ne-bulevard-ora-16-00\/#breadcrumb","itemListElement":[{"@type":"ListItem","position":1,"name":"Home","item":"https:\/\/fjala.info\/2009-2015\/"},{"@type":"ListItem","position":2,"name":"\u00c7far\u00eb pash\u00eb n\u00eb bulevard (ora 16.00)?"}]},{"@type":"WebSite","@id":"https:\/\/fjala.info\/2009-2015\/#website","url":"https:\/\/fjala.info\/2009-2015\/","name":"FjALA e LIR\u00cb - Arkivi","description":"Arkivi 2009-2015","publisher":{"@id":"https:\/\/fjala.info\/2009-2015\/#organization"},"potentialAction":[{"@type":"SearchAction","target":{"@type":"EntryPoint","urlTemplate":"https:\/\/fjala.info\/2009-2015\/?s={search_term_string}"},"query-input":{"@type":"PropertyValueSpecification","valueRequired":true,"valueName":"search_term_string"}}],"inLanguage":"sq-AL"},{"@type":"Organization","@id":"https:\/\/fjala.info\/2009-2015\/#organization","name":"FjALA e LIR\u00cb - Arkivi","url":"https:\/\/fjala.info\/2009-2015\/","logo":{"@type":"ImageObject","inLanguage":"sq-AL","@id":"https:\/\/fjala.info\/2009-2015\/#\/schema\/logo\/image\/","url":"","contentUrl":"","caption":"FjALA e LIR\u00cb - Arkivi"},"image":{"@id":"https:\/\/fjala.info\/2009-2015\/#\/schema\/logo\/image\/"}},{"@type":"Person","@id":"https:\/\/fjala.info\/2009-2015\/#\/schema\/person\/3aa1163ef05469c496fc94e77611ada2","name":"admin","image":{"@type":"ImageObject","inLanguage":"sq-AL","@id":"https:\/\/fjala.info\/2009-2015\/wp-content\/uploads\/2012\/02\/arben_cokaj-120x150.jpg","url":"https:\/\/fjala.info\/2009-2015\/wp-content\/uploads\/2012\/02\/arben_cokaj-120x150.jpg","contentUrl":"https:\/\/fjala.info\/2009-2015\/wp-content\/uploads\/2012\/02\/arben_cokaj-120x150.jpg","caption":"admin"},"description":"Admin, Fjala e Lir\u00eb","sameAs":["https:\/\/fjala.info\/"],"url":"https:\/\/fjala.info\/2009-2015\/author\/admin\/"}]}},"_links":{"self":[{"href":"https:\/\/fjala.info\/2009-2015\/wp-json\/wp\/v2\/posts\/5800","targetHints":{"allow":["GET"]}}],"collection":[{"href":"https:\/\/fjala.info\/2009-2015\/wp-json\/wp\/v2\/posts"}],"about":[{"href":"https:\/\/fjala.info\/2009-2015\/wp-json\/wp\/v2\/types\/post"}],"author":[{"embeddable":true,"href":"https:\/\/fjala.info\/2009-2015\/wp-json\/wp\/v2\/users\/1"}],"replies":[{"embeddable":true,"href":"https:\/\/fjala.info\/2009-2015\/wp-json\/wp\/v2\/comments?post=5800"}],"version-history":[{"count":0,"href":"https:\/\/fjala.info\/2009-2015\/wp-json\/wp\/v2\/posts\/5800\/revisions"}],"wp:attachment":[{"href":"https:\/\/fjala.info\/2009-2015\/wp-json\/wp\/v2\/media?parent=5800"}],"wp:term":[{"taxonomy":"category","embeddable":true,"href":"https:\/\/fjala.info\/2009-2015\/wp-json\/wp\/v2\/categories?post=5800"},{"taxonomy":"post_tag","embeddable":true,"href":"https:\/\/fjala.info\/2009-2015\/wp-json\/wp\/v2\/tags?post=5800"}],"curies":[{"name":"wp","href":"https:\/\/api.w.org\/{rel}","templated":true}]}}