{"id":5797,"date":"2011-01-21T22:28:01","date_gmt":"2011-01-21T21:28:01","guid":{"rendered":"http:\/\/fjala.shkoder.net\/?p=5797"},"modified":"2011-01-21T22:28:01","modified_gmt":"2011-01-21T21:28:01","slug":"video-shokuese-nje-person-qellohet-me-snajper-nga-brenda-kryeministrise","status":"publish","type":"post","link":"https:\/\/fjala.info\/2009-2015\/video-shokuese-nje-person-qellohet-me-snajper-nga-brenda-kryeministrise\/","title":{"rendered":"Video shokuese, nj\u00eb person q\u00ebllohet me snajper nga brenda Kryeministris\u00eb"},"content":{"rendered":"<p><img loading=\"lazy\" decoding=\"async\" class=\"alignright size-full wp-image-5804\" title=\"snajper_renea\" src=\"http:\/\/fjala.shkoder.net\/wp-content\/uploads\/2011\/01\/snajper_renea.jpg\" alt=\"\" width=\"300\" height=\"216\" \/><\/p>\n<p>Nj\u00eb video e publikuar n\u00eb internet tregon se si jan\u00eb q\u00eblluar protestuesit nga brenda kryeministris\u00eb. N\u00eb sekond\u00ebn e 13 t\u00eb k\u00ebsaj video t\u00eb shkurt\u00ebr, shikohet nj\u00eb person i cili pasi q\u00ebllohet bie p\u00ebrdhe. Personi mendohet t\u00eb jet\u00eb nj\u00eb nga tre t\u00eb vrar\u00ebt e demonstrat\u00ebs s\u00eb sotme. Videoja eshte hedhur ne Youtube nga vete protestuesit.<\/p>\n<p>Ne video shihet se grupi i njerezve ndodhet para deres se Kryeministrise. Duke gjykuar nga menyra si ka rene viktima plumbi vjen nga brenda oborrit ose nga brenda nderteses se kryeministrise.<\/p>\n<p style=\"text-align: center;\"><object classid=\"clsid:d27cdb6e-ae6d-11cf-96b8-444553540000\" width=\"500\" height=\"300\" codebase=\"http:\/\/download.macromedia.com\/pub\/shockwave\/cabs\/flash\/swflash.cab#version=6,0,40,0\"><param name=\"flashvars\" value=\"height=500&amp;width=300&amp;file=http:\/\/www.shekulli.com.al\/2011\/01\/21\/Ku%20mund%20te%20jete%20vrare%20dikush.flv&amp;skin=http:\/\/www.shekulli.com.al\/zotmedia\/stil.swf&amp;controlbar=over&amp;autostart=false&amp;stretching=fill&amp;showdigits=true\" \/><param name=\"src\" value=\"http:\/\/www.shekulli.com.al\/zotmedia\/flv\/player.swf\" \/><param name=\"wmode\" value=\"transparent\" \/><param name=\"allowfullscreen\" value=\"true\" \/><embed type=\"application\/x-shockwave-flash\" width=\"500\" height=\"300\" src=\"http:\/\/www.shekulli.com.al\/zotmedia\/flv\/player.swf\" allowfullscreen=\"true\" wmode=\"transparent\" flashvars=\"height=500&amp;width=300&amp;file=http:\/\/www.shekulli.com.al\/2011\/01\/21\/Ku%20mund%20te%20jete%20vrare%20dikush.flv&amp;skin=http:\/\/www.shekulli.com.al\/zotmedia\/stil.swf&amp;controlbar=over&amp;autostart=false&amp;stretching=fill&amp;showdigits=true\"><\/embed><\/object><\/p>\n<p>&#8212;&#8212;&#8212;&#8212;&#8212;-<\/p>\n<p><strong>Skaneri i t\u00eb vrarit: U q\u00ebllua me snajper nga Kuvendi<\/strong><\/p>\n<p>Nj\u00eb nga p\u00ebrfaq\u00ebsuesit e opozit\u00ebs, Spartak Ngjela, tha n\u00eb nj\u00eb studio televizive se protestuesit jan\u00eb vrar\u00eb me snajpera.<\/p>\n<p>Ai tha se skanerat q\u00eb u jan\u00eb b\u00ebr\u00eb t\u00eb vrar\u00ebve tregojn\u00eb se plumbat u kan\u00eb hyr\u00eb n\u00eb kok\u00eb dhe jan\u00eb q\u00eblluar nga lart, nga godina e Kuvendit, p\u00ebrball\u00eb kryeministris\u00eb.<\/p>\n<p>Ngjela tha se kryetari i PS, Edi Rama, do i b\u00ebj\u00eb k\u00ebto detaje publike n\u00eb nj\u00eb konferenc\u00eb p\u00ebr shtyp.<\/p>\n","protected":false},"excerpt":{"rendered":"<p>Nj\u00eb video e publikuar n\u00eb internet tregon se si jan\u00eb q\u00eblluar protestuesit nga brenda kryeministris\u00eb. N\u00eb sekond\u00ebn e 13 t\u00eb k\u00ebsaj video t\u00eb shkurt\u00ebr, shikohet nj\u00eb person i cili pasi q\u00ebllohet bie p\u00ebrdhe. Personi mendohet t\u00eb jet\u00eb nj\u00eb nga tre t\u00eb vrar\u00ebt e demonstrat\u00ebs s\u00eb sotme. Videoja eshte hedhur ne Youtube nga vete protestuesit. Ne [&hellip;]<\/p>\n","protected":false},"author":1,"featured_media":0,"comment_status":"open","ping_status":"closed","sticky":false,"template":"","format":"standard","meta":{"footnotes":""},"categories":[2],"tags":[],"class_list":{"0":"post-5797","1":"post","2":"type-post","3":"status-publish","4":"format-standard","6":"category-artikuj"},"yoast_head":"<!-- This site is optimized with the Yoast SEO plugin v27.4 - https:\/\/yoast.com\/product\/yoast-seo-wordpress\/ -->\n<title>Video shokuese, nj\u00eb person q\u00ebllohet me snajper nga brenda Kryeministris\u00eb - FjALA e LIR\u00cb - Arkivi<\/title>\n<meta name=\"robots\" content=\"index, follow, max-snippet:-1, max-image-preview:large, max-video-preview:-1\" \/>\n<link rel=\"canonical\" href=\"https:\/\/fjala.info\/2009-2015\/video-shokuese-nje-person-qellohet-me-snajper-nga-brenda-kryeministrise\/\" \/>\n<meta property=\"og:locale\" content=\"sq_AL\" \/>\n<meta property=\"og:type\" content=\"article\" \/>\n<meta property=\"og:title\" content=\"Video shokuese, nj\u00eb person q\u00ebllohet me snajper nga brenda Kryeministris\u00eb - FjALA e LIR\u00cb - Arkivi\" \/>\n<meta property=\"og:description\" content=\"Nj\u00eb video e publikuar n\u00eb internet tregon se si jan\u00eb q\u00eblluar protestuesit nga brenda kryeministris\u00eb. N\u00eb sekond\u00ebn e 13 t\u00eb k\u00ebsaj video t\u00eb shkurt\u00ebr, shikohet nj\u00eb person i cili pasi q\u00ebllohet bie p\u00ebrdhe. Personi mendohet t\u00eb jet\u00eb nj\u00eb nga tre t\u00eb vrar\u00ebt e demonstrat\u00ebs s\u00eb sotme. Videoja eshte hedhur ne Youtube nga vete protestuesit. Ne [&hellip;]\" \/>\n<meta property=\"og:url\" content=\"https:\/\/fjala.info\/2009-2015\/video-shokuese-nje-person-qellohet-me-snajper-nga-brenda-kryeministrise\/\" \/>\n<meta property=\"og:site_name\" content=\"FjALA e LIR\u00cb - Arkivi\" \/>\n<meta property=\"article:published_time\" content=\"2011-01-21T21:28:01+00:00\" \/>\n<meta property=\"og:image\" content=\"http:\/\/fjala.shkoder.net\/wp-content\/uploads\/2011\/01\/snajper_renea.jpg\" \/>\n<meta name=\"author\" content=\"admin\" \/>\n<meta name=\"twitter:card\" content=\"summary_large_image\" \/>\n<meta name=\"twitter:label1\" content=\"Written by\" \/>\n\t<meta name=\"twitter:data1\" content=\"admin\" \/>\n\t<meta name=\"twitter:label2\" content=\"Est. reading time\" \/>\n\t<meta name=\"twitter:data2\" content=\"1 minute\" \/>\n<script type=\"application\/ld+json\" class=\"yoast-schema-graph\">{\"@context\":\"https:\\\/\\\/schema.org\",\"@graph\":[{\"@type\":\"Article\",\"@id\":\"https:\\\/\\\/fjala.info\\\/2009-2015\\\/video-shokuese-nje-person-qellohet-me-snajper-nga-brenda-kryeministrise\\\/#article\",\"isPartOf\":{\"@id\":\"https:\\\/\\\/fjala.info\\\/2009-2015\\\/video-shokuese-nje-person-qellohet-me-snajper-nga-brenda-kryeministrise\\\/\"},\"author\":{\"name\":\"admin\",\"@id\":\"https:\\\/\\\/fjala.info\\\/2009-2015\\\/#\\\/schema\\\/person\\\/3aa1163ef05469c496fc94e77611ada2\"},\"headline\":\"Video shokuese, nj\u00eb person q\u00ebllohet me snajper nga brenda Kryeministris\u00eb\",\"datePublished\":\"2011-01-21T21:28:01+00:00\",\"mainEntityOfPage\":{\"@id\":\"https:\\\/\\\/fjala.info\\\/2009-2015\\\/video-shokuese-nje-person-qellohet-me-snajper-nga-brenda-kryeministrise\\\/\"},\"wordCount\":191,\"commentCount\":0,\"publisher\":{\"@id\":\"https:\\\/\\\/fjala.info\\\/2009-2015\\\/#organization\"},\"image\":{\"@id\":\"https:\\\/\\\/fjala.info\\\/2009-2015\\\/video-shokuese-nje-person-qellohet-me-snajper-nga-brenda-kryeministrise\\\/#primaryimage\"},\"thumbnailUrl\":\"http:\\\/\\\/fjala.shkoder.net\\\/wp-content\\\/uploads\\\/2011\\\/01\\\/snajper_renea.jpg\",\"articleSection\":[\"Artikuj\"],\"inLanguage\":\"sq-AL\",\"potentialAction\":[{\"@type\":\"CommentAction\",\"name\":\"Comment\",\"target\":[\"https:\\\/\\\/fjala.info\\\/2009-2015\\\/video-shokuese-nje-person-qellohet-me-snajper-nga-brenda-kryeministrise\\\/#respond\"]}]},{\"@type\":\"WebPage\",\"@id\":\"https:\\\/\\\/fjala.info\\\/2009-2015\\\/video-shokuese-nje-person-qellohet-me-snajper-nga-brenda-kryeministrise\\\/\",\"url\":\"https:\\\/\\\/fjala.info\\\/2009-2015\\\/video-shokuese-nje-person-qellohet-me-snajper-nga-brenda-kryeministrise\\\/\",\"name\":\"Video shokuese, nj\u00eb person q\u00ebllohet me snajper nga brenda Kryeministris\u00eb - FjALA e LIR\u00cb - Arkivi\",\"isPartOf\":{\"@id\":\"https:\\\/\\\/fjala.info\\\/2009-2015\\\/#website\"},\"primaryImageOfPage\":{\"@id\":\"https:\\\/\\\/fjala.info\\\/2009-2015\\\/video-shokuese-nje-person-qellohet-me-snajper-nga-brenda-kryeministrise\\\/#primaryimage\"},\"image\":{\"@id\":\"https:\\\/\\\/fjala.info\\\/2009-2015\\\/video-shokuese-nje-person-qellohet-me-snajper-nga-brenda-kryeministrise\\\/#primaryimage\"},\"thumbnailUrl\":\"http:\\\/\\\/fjala.shkoder.net\\\/wp-content\\\/uploads\\\/2011\\\/01\\\/snajper_renea.jpg\",\"datePublished\":\"2011-01-21T21:28:01+00:00\",\"breadcrumb\":{\"@id\":\"https:\\\/\\\/fjala.info\\\/2009-2015\\\/video-shokuese-nje-person-qellohet-me-snajper-nga-brenda-kryeministrise\\\/#breadcrumb\"},\"inLanguage\":\"sq-AL\",\"potentialAction\":[{\"@type\":\"ReadAction\",\"target\":[\"https:\\\/\\\/fjala.info\\\/2009-2015\\\/video-shokuese-nje-person-qellohet-me-snajper-nga-brenda-kryeministrise\\\/\"]}]},{\"@type\":\"ImageObject\",\"inLanguage\":\"sq-AL\",\"@id\":\"https:\\\/\\\/fjala.info\\\/2009-2015\\\/video-shokuese-nje-person-qellohet-me-snajper-nga-brenda-kryeministrise\\\/#primaryimage\",\"url\":\"http:\\\/\\\/fjala.shkoder.net\\\/wp-content\\\/uploads\\\/2011\\\/01\\\/snajper_renea.jpg\",\"contentUrl\":\"http:\\\/\\\/fjala.shkoder.net\\\/wp-content\\\/uploads\\\/2011\\\/01\\\/snajper_renea.jpg\"},{\"@type\":\"BreadcrumbList\",\"@id\":\"https:\\\/\\\/fjala.info\\\/2009-2015\\\/video-shokuese-nje-person-qellohet-me-snajper-nga-brenda-kryeministrise\\\/#breadcrumb\",\"itemListElement\":[{\"@type\":\"ListItem\",\"position\":1,\"name\":\"Home\",\"item\":\"https:\\\/\\\/fjala.info\\\/2009-2015\\\/\"},{\"@type\":\"ListItem\",\"position\":2,\"name\":\"Video shokuese, nj\u00eb person q\u00ebllohet me snajper nga brenda Kryeministris\u00eb\"}]},{\"@type\":\"WebSite\",\"@id\":\"https:\\\/\\\/fjala.info\\\/2009-2015\\\/#website\",\"url\":\"https:\\\/\\\/fjala.info\\\/2009-2015\\\/\",\"name\":\"FjALA e LIR\u00cb - Arkivi\",\"description\":\"Arkivi 2009-2015\",\"publisher\":{\"@id\":\"https:\\\/\\\/fjala.info\\\/2009-2015\\\/#organization\"},\"potentialAction\":[{\"@type\":\"SearchAction\",\"target\":{\"@type\":\"EntryPoint\",\"urlTemplate\":\"https:\\\/\\\/fjala.info\\\/2009-2015\\\/?s={search_term_string}\"},\"query-input\":{\"@type\":\"PropertyValueSpecification\",\"valueRequired\":true,\"valueName\":\"search_term_string\"}}],\"inLanguage\":\"sq-AL\"},{\"@type\":\"Organization\",\"@id\":\"https:\\\/\\\/fjala.info\\\/2009-2015\\\/#organization\",\"name\":\"FjALA e LIR\u00cb - Arkivi\",\"url\":\"https:\\\/\\\/fjala.info\\\/2009-2015\\\/\",\"logo\":{\"@type\":\"ImageObject\",\"inLanguage\":\"sq-AL\",\"@id\":\"https:\\\/\\\/fjala.info\\\/2009-2015\\\/#\\\/schema\\\/logo\\\/image\\\/\",\"url\":\"\",\"contentUrl\":\"\",\"caption\":\"FjALA e LIR\u00cb - Arkivi\"},\"image\":{\"@id\":\"https:\\\/\\\/fjala.info\\\/2009-2015\\\/#\\\/schema\\\/logo\\\/image\\\/\"}},{\"@type\":\"Person\",\"@id\":\"https:\\\/\\\/fjala.info\\\/2009-2015\\\/#\\\/schema\\\/person\\\/3aa1163ef05469c496fc94e77611ada2\",\"name\":\"admin\",\"image\":{\"@type\":\"ImageObject\",\"inLanguage\":\"sq-AL\",\"@id\":\"https:\\\/\\\/fjala.info\\\/2009-2015\\\/wp-content\\\/uploads\\\/2012\\\/02\\\/arben_cokaj-120x150.jpg\",\"url\":\"https:\\\/\\\/fjala.info\\\/2009-2015\\\/wp-content\\\/uploads\\\/2012\\\/02\\\/arben_cokaj-120x150.jpg\",\"contentUrl\":\"https:\\\/\\\/fjala.info\\\/2009-2015\\\/wp-content\\\/uploads\\\/2012\\\/02\\\/arben_cokaj-120x150.jpg\",\"caption\":\"admin\"},\"description\":\"Admin, Fjala e Lir\u00eb\",\"sameAs\":[\"https:\\\/\\\/fjala.info\\\/\"],\"url\":\"https:\\\/\\\/fjala.info\\\/2009-2015\\\/author\\\/admin\\\/\"}]}<\/script>\n<!-- \/ Yoast SEO plugin. -->","yoast_head_json":{"title":"Video shokuese, nj\u00eb person q\u00ebllohet me snajper nga brenda Kryeministris\u00eb - FjALA e LIR\u00cb - Arkivi","robots":{"index":"index","follow":"follow","max-snippet":"max-snippet:-1","max-image-preview":"max-image-preview:large","max-video-preview":"max-video-preview:-1"},"canonical":"https:\/\/fjala.info\/2009-2015\/video-shokuese-nje-person-qellohet-me-snajper-nga-brenda-kryeministrise\/","og_locale":"sq_AL","og_type":"article","og_title":"Video shokuese, nj\u00eb person q\u00ebllohet me snajper nga brenda Kryeministris\u00eb - FjALA e LIR\u00cb - Arkivi","og_description":"Nj\u00eb video e publikuar n\u00eb internet tregon se si jan\u00eb q\u00eblluar protestuesit nga brenda kryeministris\u00eb. N\u00eb sekond\u00ebn e 13 t\u00eb k\u00ebsaj video t\u00eb shkurt\u00ebr, shikohet nj\u00eb person i cili pasi q\u00ebllohet bie p\u00ebrdhe. Personi mendohet t\u00eb jet\u00eb nj\u00eb nga tre t\u00eb vrar\u00ebt e demonstrat\u00ebs s\u00eb sotme. Videoja eshte hedhur ne Youtube nga vete protestuesit. Ne [&hellip;]","og_url":"https:\/\/fjala.info\/2009-2015\/video-shokuese-nje-person-qellohet-me-snajper-nga-brenda-kryeministrise\/","og_site_name":"FjALA e LIR\u00cb - Arkivi","article_published_time":"2011-01-21T21:28:01+00:00","og_image":[{"url":"http:\/\/fjala.shkoder.net\/wp-content\/uploads\/2011\/01\/snajper_renea.jpg","type":"","width":"","height":""}],"author":"admin","twitter_card":"summary_large_image","twitter_misc":{"Written by":"admin","Est. reading time":"1 minute"},"schema":{"@context":"https:\/\/schema.org","@graph":[{"@type":"Article","@id":"https:\/\/fjala.info\/2009-2015\/video-shokuese-nje-person-qellohet-me-snajper-nga-brenda-kryeministrise\/#article","isPartOf":{"@id":"https:\/\/fjala.info\/2009-2015\/video-shokuese-nje-person-qellohet-me-snajper-nga-brenda-kryeministrise\/"},"author":{"name":"admin","@id":"https:\/\/fjala.info\/2009-2015\/#\/schema\/person\/3aa1163ef05469c496fc94e77611ada2"},"headline":"Video shokuese, nj\u00eb person q\u00ebllohet me snajper nga brenda Kryeministris\u00eb","datePublished":"2011-01-21T21:28:01+00:00","mainEntityOfPage":{"@id":"https:\/\/fjala.info\/2009-2015\/video-shokuese-nje-person-qellohet-me-snajper-nga-brenda-kryeministrise\/"},"wordCount":191,"commentCount":0,"publisher":{"@id":"https:\/\/fjala.info\/2009-2015\/#organization"},"image":{"@id":"https:\/\/fjala.info\/2009-2015\/video-shokuese-nje-person-qellohet-me-snajper-nga-brenda-kryeministrise\/#primaryimage"},"thumbnailUrl":"http:\/\/fjala.shkoder.net\/wp-content\/uploads\/2011\/01\/snajper_renea.jpg","articleSection":["Artikuj"],"inLanguage":"sq-AL","potentialAction":[{"@type":"CommentAction","name":"Comment","target":["https:\/\/fjala.info\/2009-2015\/video-shokuese-nje-person-qellohet-me-snajper-nga-brenda-kryeministrise\/#respond"]}]},{"@type":"WebPage","@id":"https:\/\/fjala.info\/2009-2015\/video-shokuese-nje-person-qellohet-me-snajper-nga-brenda-kryeministrise\/","url":"https:\/\/fjala.info\/2009-2015\/video-shokuese-nje-person-qellohet-me-snajper-nga-brenda-kryeministrise\/","name":"Video shokuese, nj\u00eb person q\u00ebllohet me snajper nga brenda Kryeministris\u00eb - FjALA e LIR\u00cb - Arkivi","isPartOf":{"@id":"https:\/\/fjala.info\/2009-2015\/#website"},"primaryImageOfPage":{"@id":"https:\/\/fjala.info\/2009-2015\/video-shokuese-nje-person-qellohet-me-snajper-nga-brenda-kryeministrise\/#primaryimage"},"image":{"@id":"https:\/\/fjala.info\/2009-2015\/video-shokuese-nje-person-qellohet-me-snajper-nga-brenda-kryeministrise\/#primaryimage"},"thumbnailUrl":"http:\/\/fjala.shkoder.net\/wp-content\/uploads\/2011\/01\/snajper_renea.jpg","datePublished":"2011-01-21T21:28:01+00:00","breadcrumb":{"@id":"https:\/\/fjala.info\/2009-2015\/video-shokuese-nje-person-qellohet-me-snajper-nga-brenda-kryeministrise\/#breadcrumb"},"inLanguage":"sq-AL","potentialAction":[{"@type":"ReadAction","target":["https:\/\/fjala.info\/2009-2015\/video-shokuese-nje-person-qellohet-me-snajper-nga-brenda-kryeministrise\/"]}]},{"@type":"ImageObject","inLanguage":"sq-AL","@id":"https:\/\/fjala.info\/2009-2015\/video-shokuese-nje-person-qellohet-me-snajper-nga-brenda-kryeministrise\/#primaryimage","url":"http:\/\/fjala.shkoder.net\/wp-content\/uploads\/2011\/01\/snajper_renea.jpg","contentUrl":"http:\/\/fjala.shkoder.net\/wp-content\/uploads\/2011\/01\/snajper_renea.jpg"},{"@type":"BreadcrumbList","@id":"https:\/\/fjala.info\/2009-2015\/video-shokuese-nje-person-qellohet-me-snajper-nga-brenda-kryeministrise\/#breadcrumb","itemListElement":[{"@type":"ListItem","position":1,"name":"Home","item":"https:\/\/fjala.info\/2009-2015\/"},{"@type":"ListItem","position":2,"name":"Video shokuese, nj\u00eb person q\u00ebllohet me snajper nga brenda Kryeministris\u00eb"}]},{"@type":"WebSite","@id":"https:\/\/fjala.info\/2009-2015\/#website","url":"https:\/\/fjala.info\/2009-2015\/","name":"FjALA e LIR\u00cb - Arkivi","description":"Arkivi 2009-2015","publisher":{"@id":"https:\/\/fjala.info\/2009-2015\/#organization"},"potentialAction":[{"@type":"SearchAction","target":{"@type":"EntryPoint","urlTemplate":"https:\/\/fjala.info\/2009-2015\/?s={search_term_string}"},"query-input":{"@type":"PropertyValueSpecification","valueRequired":true,"valueName":"search_term_string"}}],"inLanguage":"sq-AL"},{"@type":"Organization","@id":"https:\/\/fjala.info\/2009-2015\/#organization","name":"FjALA e LIR\u00cb - Arkivi","url":"https:\/\/fjala.info\/2009-2015\/","logo":{"@type":"ImageObject","inLanguage":"sq-AL","@id":"https:\/\/fjala.info\/2009-2015\/#\/schema\/logo\/image\/","url":"","contentUrl":"","caption":"FjALA e LIR\u00cb - Arkivi"},"image":{"@id":"https:\/\/fjala.info\/2009-2015\/#\/schema\/logo\/image\/"}},{"@type":"Person","@id":"https:\/\/fjala.info\/2009-2015\/#\/schema\/person\/3aa1163ef05469c496fc94e77611ada2","name":"admin","image":{"@type":"ImageObject","inLanguage":"sq-AL","@id":"https:\/\/fjala.info\/2009-2015\/wp-content\/uploads\/2012\/02\/arben_cokaj-120x150.jpg","url":"https:\/\/fjala.info\/2009-2015\/wp-content\/uploads\/2012\/02\/arben_cokaj-120x150.jpg","contentUrl":"https:\/\/fjala.info\/2009-2015\/wp-content\/uploads\/2012\/02\/arben_cokaj-120x150.jpg","caption":"admin"},"description":"Admin, Fjala e Lir\u00eb","sameAs":["https:\/\/fjala.info\/"],"url":"https:\/\/fjala.info\/2009-2015\/author\/admin\/"}]}},"_links":{"self":[{"href":"https:\/\/fjala.info\/2009-2015\/wp-json\/wp\/v2\/posts\/5797","targetHints":{"allow":["GET"]}}],"collection":[{"href":"https:\/\/fjala.info\/2009-2015\/wp-json\/wp\/v2\/posts"}],"about":[{"href":"https:\/\/fjala.info\/2009-2015\/wp-json\/wp\/v2\/types\/post"}],"author":[{"embeddable":true,"href":"https:\/\/fjala.info\/2009-2015\/wp-json\/wp\/v2\/users\/1"}],"replies":[{"embeddable":true,"href":"https:\/\/fjala.info\/2009-2015\/wp-json\/wp\/v2\/comments?post=5797"}],"version-history":[{"count":0,"href":"https:\/\/fjala.info\/2009-2015\/wp-json\/wp\/v2\/posts\/5797\/revisions"}],"wp:attachment":[{"href":"https:\/\/fjala.info\/2009-2015\/wp-json\/wp\/v2\/media?parent=5797"}],"wp:term":[{"taxonomy":"category","embeddable":true,"href":"https:\/\/fjala.info\/2009-2015\/wp-json\/wp\/v2\/categories?post=5797"},{"taxonomy":"post_tag","embeddable":true,"href":"https:\/\/fjala.info\/2009-2015\/wp-json\/wp\/v2\/tags?post=5797"}],"curies":[{"name":"wp","href":"https:\/\/api.w.org\/{rel}","templated":true}]}}