{"id":5793,"date":"2011-01-21T08:36:12","date_gmt":"2011-01-21T07:36:12","guid":{"rendered":"http:\/\/fjala.shkoder.net\/?p=5793"},"modified":"2011-01-21T08:36:12","modified_gmt":"2011-01-21T07:36:12","slug":"shqiperia-do-behet-kolonia-jone-energjetike-dhe-koshi-yne-i-plehrave","status":"publish","type":"post","link":"https:\/\/fjala.info\/2009-2015\/shqiperia-do-behet-kolonia-jone-energjetike-dhe-koshi-yne-i-plehrave\/","title":{"rendered":"&#8220;Shqip\u00ebria do b\u00ebhet kolonia jon\u00eb energjetike dhe koshi yn\u00eb i plehrave&#8221;"},"content":{"rendered":"<p><img loading=\"lazy\" decoding=\"async\" class=\"alignright size-medium wp-image-5794\" title=\"Berisha dhe Berluskoni\" src=\"http:\/\/fjala.shkoder.net\/wp-content\/uploads\/2011\/01\/berisha_berluskoni2-300x194.jpg\" alt=\"\" width=\"300\" height=\"194\" \/><br \/>\nNga \u201c<strong>Balkan Crew<\/strong>&#8220;, <em>20.01.2011<\/em><\/p>\n<p>&#8220;Ka hyr\u00eb n\u00eb sht\u00ebpin\u00eb ton\u00eb nga dera e pasme e sh\u00ebrbyesve. Ishte nj\u00eb komunist fanatik dhe q\u00eb at\u00ebher\u00eb b\u00ebnte t\u00eb pamundur\u00ebn me nj\u00eb zell t\u00eb ekzagjeruar p\u00ebr tu afruar me pushtetin&#8221;, &#8211; k\u00ebshtu \u00ebsht\u00eb p\u00ebrshkruar Berisha nga bashk\u00ebshortja e diktatorit Hoxha.<\/p>\n<p>Uau.. &#8220;komunist fanatik&#8221;, e th\u00ebn\u00eb pik\u00ebrisht nga gruaja e brutalit Enver Hoxha?! V\u00ebrtet, nj\u00eb fraz\u00eb q\u00eb t\u00eb tring\u00ebllon fort n\u00eb m\u00ebndje! Dhe megjithat\u00eb, kardiologu, kirurgu dhe studiuesi Berisha &#8230;gjendet aty. N\u00eb krye t\u00eb vendit t\u00eb shqiponjave! Sigurisht si nj\u00eb politikan me nj\u00eb eksperienc\u00eb t\u00eb gjat\u00eb, sigurisht nj\u00eb demagog nga m\u00eb t\u00eb k\u00ebqijt\u00eb.<\/p>\n<p>Sot &#8220;Sala&#8221; , si\u00e7 e th\u00ebrrasin pothuajse t\u00eb gjith\u00eb n\u00eb Shqip\u00ebri \u00ebsht\u00eb kryeminist\u00ebr, pa\u00e7ka se ka qen\u00eb ai vet\u00eb (dhe k\u00ebt\u00eb madje e pranon!) q\u00eb n\u00eb 1997-\u00ebn lejoi fenomenin e piramidave financiare q\u00eb e \u00e7uan Shqip\u00ebrin\u00eb n\u00eb recesion total shkat\u00ebrues me pasoja q\u00eb ndihen ende edhe sot p\u00ebr t\u00eb gjith\u00eb shqiptar\u00ebt.<\/p>\n<p>Dhe t\u00eb mendosh q\u00eb &#8220;Sala&#8221; n\u00eb &#8217;97-\u00ebn ishte bash Presidenti i Republik\u00ebs&#8230; jo minist\u00ebr i mund\u00ebsive t\u00eb barabarta apo politikave sociale e as ministri i fiqve t\u00eb thar\u00eb&#8230; Kjo ishte nj\u00eb hyrje e shkurt\u00ebr, p\u00ebr t&#8217;ju treguar at\u00eb q\u00eb po ndodh sot n\u00eb Shqip\u00ebri:<\/p>\n<p>Kryeministri yn\u00eb (e qart\u00eb q\u00eb ka &#8220;harruar&#8221; q\u00eb Berisha ka qen\u00eb nj\u00eb &#8220;komunist fanatik&#8221;) e ka takuar &#8220;Sal\u00eb&#8221;-n p\u00ebr t\u00eb firmosur marr\u00ebveshje energjetike q\u00eb teorikisht duhet t&#8217;i sjellin p\u00ebrfitime t\u00eb dy shteteve.<\/p>\n<p>Mesa duket n\u00eb Itali p\u00ebrfitimi do vij\u00eb; Shqip\u00ebria (Berisha) i ka ofruar Italis\u00eb (Berluskoni) nd\u00ebrtimin e disa impianteve p\u00ebr prodhimin e energjis\u00eb. Dhe bash n\u00eb bregdetin e shqiptar\u00ebve: N\u00eb Karaburun p.sh, nj\u00eb nga zonat bregdetare m\u00eb t\u00eb bukura t\u00eb Shqip\u00ebris\u00eb dhe m\u00eb pak e ndotura sepse p\u00ebr m\u00eb shum\u00eb se gjysm\u00eb shekulli gadishulli n\u00eb jug t\u00eb Vlor\u00ebs ka qen\u00eb i izoluar dhe ka sh\u00ebrbyer si zon\u00eb ushtarake.<\/p>\n<p>\u00cbsht\u00eb nj\u00eb zon\u00eb e virgj\u00ebr me bukuri t\u00eb rrall\u00eb q\u00eb fare mir\u00eb mund t\u00eb b\u00ebhej Korfuzi apo Mikonos-i i Shqip\u00ebris\u00eb, 97 hektar\u00eb park natyral, me rryma detare Mesdhetare nga deti Jon dhe ai Adriatik. Por ja q\u00eb k\u00ebta 97 hektar\u00eb pas marr\u00ebveshjes Sala-Berluskoni do t\u00eb mbillen me helika p\u00ebr prodhimin e energjis\u00eb eolike. 97 hektar\u00eb t\u00eb rrall\u00eb, do shnd\u00ebrrohen n\u00eb platform\u00eb \u00e7imentoje..<br \/>\nE nd\u00ebrkoh\u00eb n\u00eb Fier (qytet i ndotur tashm\u00eb nga puset e naft\u00ebs) mendohet t\u00eb nd\u00ebrtohet edhe nj\u00eb kremator&#8230; (e \u00e7do ngrihej tjet\u00ebr nj\u00eb depurator?)<\/p>\n<p>N\u00eb zona t\u00eb tjera t\u00eb vendt t\u00eb tij Berisha \u00ebsht\u00eb ofruar p\u00ebr Berluskonin i gatsh\u00ebm p\u00ebr t\u00eb nd\u00ebrtuar deri edhe centrale atomike.<\/p>\n<p>E k\u00ebshtu, nga nj\u00eb barsolet\u00eb n\u00eb tjetr\u00ebn, t\u00eb dy kryeministrat jan\u00eb arg\u00ebtuar goxha shum\u00eb (simpatia e tyre dukej sikur u rridhte nga t\u00eb gjitha poret). Edhe, nj\u00eb her\u00eb tjet\u00ebr i kan\u00eb l\u00ebn\u00eb t\u00eb kuptojn\u00eb bot\u00ebs q\u00eb, nuk \u00ebsht\u00eb e nevojshme q\u00eb populli t\u00eb interesohet p\u00ebr vendin e tij: Shqip\u00ebria do t\u00eb b\u00ebhet kolonia energjetike e Italis\u00eb (dhe me shum\u00eb mund\u00ebsi edhe koshi yn\u00eb i plehrave), nuk do t\u00eb shfryt\u00ebzoj\u00eb energjin\u00eb e prodhuar (sepse ajo do t\u00eb shitet e gjitha), edhe nj\u00eb her\u00eb tjet\u00ebr investitor\u00ebt e m\u00ebdhenj, mafioz\u00ebt e t\u00eb gjitha komb\u00ebsive do t\u00eb shfryt\u00ebzojn\u00eb dhe do t\u00eb p\u00ebrfitojn\u00eb nga nd\u00ebrtimi dhe pastaj menaxhimi i k\u00ebtyre impianteve.<\/p>\n<p>Kurse vet\u00eb mbeturinat shqiptare do t\u00eb vazhdojn\u00eb t\u00eb digjen p\u00ebrgjat\u00eb lumenjve, delet do g\u00eblltisin dioksin\u00eb, f\u00ebmij\u00ebt rom\u00eb do vazhdojn\u00eb t\u00eb vrapojn\u00eb k\u00ebmb\u00ebzbathur dhe shqiptar\u00ebt do ndjekin n\u00eb Televizion kopjen e sh\u00ebmtuar t\u00eb Strisca la Notizia ku shpallet n\u00eb mbr\u00ebmje se edhe nj\u00eb tjet\u00ebr minist\u00ebr i qeveris\u00eb Berisha u kap me korrupsion, p\u00ebr dhun\u00eb seksuale, p\u00ebr masakra apo kushedi se p\u00ebr \u00e7far\u00eb tjet\u00ebr!<\/p>\n<p>Por t\u00eb dy homolog\u00ebt mbeten gjithmon\u00eb, &#8220;m\u00eb t\u00eb mir\u00ebt&#8221;, &#8220;m\u00eb t\u00eb shk\u00eblqyerit&#8221;, nd\u00ebrsa ne p\u00ebrs\u00ebri ngelemi me shije t\u00eb keqe n\u00eb goj\u00eb.<\/p>\n<p><em>*Shkrimi n\u00eb origjinal titullohet Omologi (Homolog\u00ebt) dhe mund t\u00eb lexohet n\u00eb http:\/\/balkan-cre\u00eb.blogspot.com\/2009\/04\/omologhi.html<\/em><\/p>\n<p>**************************************<\/p>\n<p><strong>Sa 3\/4 e Jezerc\u00ebs (!)<\/strong><\/p>\n<p>Nga raporti i Legambientes p\u00ebr mafien e mbeturinave (pjes\u00eb dhe shifra nga i cili Shekulli botoi dje) dalin t\u00eb dh\u00ebna alarmante. Shifrat jan\u00eb mbres\u00ebl\u00ebn\u00ebse dhe kur mendon q\u00eb pik\u00ebrisht me nj\u00eb vend q\u00eb ka probleme t\u00eb tilla me plehrat Shqip\u00ebria e nj\u00ebmij\u00eb e nj\u00eb mungesave shkon e firmos marr\u00ebveshje importi plehrash, t\u00eb z\u00eb paniku.<\/p>\n<p>Ja disa nga t\u00eb dh\u00ebnat q\u00eb jepen n\u00eb raportin e Legambiente p\u00ebr ekomafian e vendit t\u00eb tyre, Italis\u00eb:<\/p>\n<p>1 &#8211; Miliona tonelata plehrash varrosen n\u00eb m\u00ebnyr\u00eb ilegale n\u00eb vende t\u00eb panjohura \u00e7do vit. P\u00ebr ta b\u00ebr\u00eb m\u00eb t\u00eb perceptuesh\u00ebm sasin\u00eb e plehrave q\u00eb &#8220;zhduken&#8221; n\u00eb vend-varrosje t\u00eb siguruara nga rrug\u00ebt dhe korridoret e mafies italiane, Legambiente b\u00ebn nj\u00eb krahasim. &#8220;\u00c7do vit zhduket nj\u00eb mal plehrash 2 mij\u00eb metra i lart\u00eb&#8221;, &#8211; thot\u00eb raporti i Legambinetes, dhe shton se kjo \u00ebsht\u00eb nj\u00ebher\u00eb e gjysm\u00eb m\u00eb e lart\u00eb se mali yn\u00eb Vezuv.<\/p>\n<p>Italian\u00ebt e krahasojn\u00eb me Vezuvin e tyre p\u00ebr ta b\u00ebr\u00eb m\u00eb t\u00eb perceptuesh\u00ebm nivelin e jashtezakonsh\u00ebm t\u00eb aktivitetit t\u00eb mafies s\u00eb plehrave, kurse ne na takon ta krahasojm\u00eb me nj\u00eb mal tonin p\u00ebr ta b\u00ebr\u00eb m\u00eb t\u00eb perceptuesh\u00ebm p\u00ebr publikun shqiptar. Po marrim Malin e Jezerc\u00ebs meq\u00eb \u00ebsht\u00eb pran\u00eb vendlindjes s\u00eb kryeministrit.<\/p>\n<p>P\u00ebr rreth 700 metra, shifra e dh\u00ebn\u00eb nga Legambinete do t\u00eb arrinte maj\u00ebn e Jezerc\u00ebs (maja e kat\u00ebrt m\u00eb e lart\u00eb e Shqip\u00ebris\u00eb pas atyre t\u00eb Korabit &#8211; 2694 metra). Nj\u00eb &#8220;mal&#8221; plehrash sa tri t\u00eb kat\u00ebrtat e Jezerc\u00ebs \u00ebsht\u00eb pra sasia e plehrave, q\u00eb zhdukin \u00e7do vit klanet e mafies s\u00eb plehrave n\u00eb Itali. Ku i \u00e7ojn\u00eb?<\/p>\n<p>Shum\u00eb groposen n\u00eb rajonet e jugut italian, t\u00eb tjerat shkojn\u00eb n\u00eb vende t\u00eb Afrik\u00ebs apo n\u00eb vende si Rumania q\u00eb kan\u00eb lejuar s\u00eb fundmi importin e plehrave. Varrosja e tyre ilegale kursen miliarda euro q\u00eb do paguheshin n\u00ebse ato shkonin n\u00eb landfilldet e posa\u00e7me t\u00eb Europ\u00ebs ku &#8220;ta masin kok\u00ebn me spango&#8221; p\u00ebr t\u00eb trajtuar mbeturinat).<\/p>\n<p>2 &#8211; 18,4 miliard euro \u00ebsht\u00eb xhiroja vjetore e mafies s\u00eb plehrave, 4800 jan\u00eb n\u00eb nj\u00eb vit krimet e groposjes s\u00eb plehrave t\u00eb rrezikshme me autor mafien e fqinj\u00ebve tan\u00eb, 103 jan\u00eb rastet e hetimeve p\u00ebr trafikim t\u00eb mbetjeve t\u00eb rrezikshme nga Italia drejt vendeve t\u00eb tjer\u00eb, 2190 persona jan\u00eb denoncuar, 520 jan\u00eb nd\u00ebrmarrjet e p\u00ebrfshira n\u00eb k\u00ebto trafiqe.<\/p>\n<p>3 &#8211; N\u00eb Napoli arrijn\u00eb mbeturina toksike shum\u00eb t\u00eb rrezikshme t\u00eb industris\u00eb s\u00eb veriut italian me &#8220;nd\u00ebrmjet\u00ebsin\u00eb&#8221; e Kamorr\u00ebs. Rajoni i Kampanj\u00ebs \u00ebsht\u00eb i pari n\u00eb list\u00ebn e Legambientes p\u00ebr krime t\u00eb kategoris\u00eb s\u00eb mbetjeve. N\u00eb Kampanja dhe Kalabri p\u00ebrqendrohen 30 p\u00ebr qind t\u00eb mbetjeve ilegale t\u00eb gjith\u00eb Italis\u00eb. Pas k\u00ebtyre dy rajoneve vijn\u00eb Pulja, Lombardia, Liguria, Piemonte, dhe Veneto.<\/p>\n<p>4 &#8211; \u00cbsht\u00eb kalkuluar se p\u00ebr \u00e7do euro q\u00eb fiton mafia e plehrave, shteti humb 10. N\u00eb Pulja jan\u00eb zbuluar plot 599 vend-varrosje ilegale, n\u00eb Lombardi 541, n\u00eb Kalabri 447. Vet\u00ebm n\u00eb Veneto jan\u00eb 5 milion\u00eb metra katror\u00eb t\u00eb okupuara me varreza plehrash ilegale.<\/p>\n","protected":false},"excerpt":{"rendered":"<p>Nga \u201cBalkan Crew&#8220;, 20.01.2011 &#8220;Ka hyr\u00eb n\u00eb sht\u00ebpin\u00eb ton\u00eb nga dera e pasme e sh\u00ebrbyesve. Ishte nj\u00eb komunist fanatik dhe q\u00eb at\u00ebher\u00eb b\u00ebnte t\u00eb pamundur\u00ebn me nj\u00eb zell t\u00eb ekzagjeruar p\u00ebr tu afruar me pushtetin&#8221;, &#8211; k\u00ebshtu \u00ebsht\u00eb p\u00ebrshkruar Berisha nga bashk\u00ebshortja e diktatorit Hoxha. Uau.. &#8220;komunist fanatik&#8221;, e th\u00ebn\u00eb pik\u00ebrisht nga gruaja e brutalit [&hellip;]<\/p>\n","protected":false},"author":1,"featured_media":0,"comment_status":"open","ping_status":"closed","sticky":false,"template":"","format":"standard","meta":{"footnotes":""},"categories":[2],"tags":[],"class_list":{"0":"post-5793","1":"post","2":"type-post","3":"status-publish","4":"format-standard","6":"category-artikuj"},"yoast_head":"<!-- This site is optimized with the Yoast SEO plugin v27.4 - https:\/\/yoast.com\/product\/yoast-seo-wordpress\/ -->\n<title>&quot;Shqip\u00ebria do b\u00ebhet kolonia jon\u00eb energjetike dhe koshi yn\u00eb i plehrave&quot; - FjALA e LIR\u00cb - Arkivi<\/title>\n<meta name=\"robots\" content=\"index, follow, max-snippet:-1, max-image-preview:large, max-video-preview:-1\" \/>\n<link rel=\"canonical\" href=\"https:\/\/fjala.info\/2009-2015\/shqiperia-do-behet-kolonia-jone-energjetike-dhe-koshi-yne-i-plehrave\/\" \/>\n<meta property=\"og:locale\" content=\"sq_AL\" \/>\n<meta property=\"og:type\" content=\"article\" \/>\n<meta property=\"og:title\" content=\"&quot;Shqip\u00ebria do b\u00ebhet kolonia jon\u00eb energjetike dhe koshi yn\u00eb i plehrave&quot; - FjALA e LIR\u00cb - Arkivi\" \/>\n<meta property=\"og:description\" content=\"Nga \u201cBalkan Crew&#8220;, 20.01.2011 &#8220;Ka hyr\u00eb n\u00eb sht\u00ebpin\u00eb ton\u00eb nga dera e pasme e sh\u00ebrbyesve. Ishte nj\u00eb komunist fanatik dhe q\u00eb at\u00ebher\u00eb b\u00ebnte t\u00eb pamundur\u00ebn me nj\u00eb zell t\u00eb ekzagjeruar p\u00ebr tu afruar me pushtetin&#8221;, &#8211; k\u00ebshtu \u00ebsht\u00eb p\u00ebrshkruar Berisha nga bashk\u00ebshortja e diktatorit Hoxha. Uau.. &#8220;komunist fanatik&#8221;, e th\u00ebn\u00eb pik\u00ebrisht nga gruaja e brutalit [&hellip;]\" \/>\n<meta property=\"og:url\" content=\"https:\/\/fjala.info\/2009-2015\/shqiperia-do-behet-kolonia-jone-energjetike-dhe-koshi-yne-i-plehrave\/\" \/>\n<meta property=\"og:site_name\" content=\"FjALA e LIR\u00cb - Arkivi\" \/>\n<meta property=\"article:published_time\" content=\"2011-01-21T07:36:12+00:00\" \/>\n<meta property=\"og:image\" content=\"http:\/\/fjala.shkoder.net\/wp-content\/uploads\/2011\/01\/berisha_berluskoni2-300x194.jpg\" \/>\n<meta name=\"author\" content=\"admin\" \/>\n<meta name=\"twitter:card\" content=\"summary_large_image\" \/>\n<meta name=\"twitter:label1\" content=\"Written by\" \/>\n\t<meta name=\"twitter:data1\" content=\"admin\" \/>\n\t<meta name=\"twitter:label2\" content=\"Est. reading time\" \/>\n\t<meta name=\"twitter:data2\" content=\"6 minutes\" \/>\n<script type=\"application\/ld+json\" class=\"yoast-schema-graph\">{\"@context\":\"https:\\\/\\\/schema.org\",\"@graph\":[{\"@type\":\"Article\",\"@id\":\"https:\\\/\\\/fjala.info\\\/2009-2015\\\/shqiperia-do-behet-kolonia-jone-energjetike-dhe-koshi-yne-i-plehrave\\\/#article\",\"isPartOf\":{\"@id\":\"https:\\\/\\\/fjala.info\\\/2009-2015\\\/shqiperia-do-behet-kolonia-jone-energjetike-dhe-koshi-yne-i-plehrave\\\/\"},\"author\":{\"name\":\"admin\",\"@id\":\"https:\\\/\\\/fjala.info\\\/2009-2015\\\/#\\\/schema\\\/person\\\/3aa1163ef05469c496fc94e77611ada2\"},\"headline\":\"&#8220;Shqip\u00ebria do b\u00ebhet kolonia jon\u00eb energjetike dhe koshi yn\u00eb i plehrave&#8221;\",\"datePublished\":\"2011-01-21T07:36:12+00:00\",\"mainEntityOfPage\":{\"@id\":\"https:\\\/\\\/fjala.info\\\/2009-2015\\\/shqiperia-do-behet-kolonia-jone-energjetike-dhe-koshi-yne-i-plehrave\\\/\"},\"wordCount\":1236,\"commentCount\":0,\"publisher\":{\"@id\":\"https:\\\/\\\/fjala.info\\\/2009-2015\\\/#organization\"},\"image\":{\"@id\":\"https:\\\/\\\/fjala.info\\\/2009-2015\\\/shqiperia-do-behet-kolonia-jone-energjetike-dhe-koshi-yne-i-plehrave\\\/#primaryimage\"},\"thumbnailUrl\":\"http:\\\/\\\/fjala.shkoder.net\\\/wp-content\\\/uploads\\\/2011\\\/01\\\/berisha_berluskoni2-300x194.jpg\",\"articleSection\":[\"Artikuj\"],\"inLanguage\":\"sq-AL\",\"potentialAction\":[{\"@type\":\"CommentAction\",\"name\":\"Comment\",\"target\":[\"https:\\\/\\\/fjala.info\\\/2009-2015\\\/shqiperia-do-behet-kolonia-jone-energjetike-dhe-koshi-yne-i-plehrave\\\/#respond\"]}]},{\"@type\":\"WebPage\",\"@id\":\"https:\\\/\\\/fjala.info\\\/2009-2015\\\/shqiperia-do-behet-kolonia-jone-energjetike-dhe-koshi-yne-i-plehrave\\\/\",\"url\":\"https:\\\/\\\/fjala.info\\\/2009-2015\\\/shqiperia-do-behet-kolonia-jone-energjetike-dhe-koshi-yne-i-plehrave\\\/\",\"name\":\"\\\"Shqip\u00ebria do b\u00ebhet kolonia jon\u00eb energjetike dhe koshi yn\u00eb i plehrave\\\" - FjALA e LIR\u00cb - Arkivi\",\"isPartOf\":{\"@id\":\"https:\\\/\\\/fjala.info\\\/2009-2015\\\/#website\"},\"primaryImageOfPage\":{\"@id\":\"https:\\\/\\\/fjala.info\\\/2009-2015\\\/shqiperia-do-behet-kolonia-jone-energjetike-dhe-koshi-yne-i-plehrave\\\/#primaryimage\"},\"image\":{\"@id\":\"https:\\\/\\\/fjala.info\\\/2009-2015\\\/shqiperia-do-behet-kolonia-jone-energjetike-dhe-koshi-yne-i-plehrave\\\/#primaryimage\"},\"thumbnailUrl\":\"http:\\\/\\\/fjala.shkoder.net\\\/wp-content\\\/uploads\\\/2011\\\/01\\\/berisha_berluskoni2-300x194.jpg\",\"datePublished\":\"2011-01-21T07:36:12+00:00\",\"breadcrumb\":{\"@id\":\"https:\\\/\\\/fjala.info\\\/2009-2015\\\/shqiperia-do-behet-kolonia-jone-energjetike-dhe-koshi-yne-i-plehrave\\\/#breadcrumb\"},\"inLanguage\":\"sq-AL\",\"potentialAction\":[{\"@type\":\"ReadAction\",\"target\":[\"https:\\\/\\\/fjala.info\\\/2009-2015\\\/shqiperia-do-behet-kolonia-jone-energjetike-dhe-koshi-yne-i-plehrave\\\/\"]}]},{\"@type\":\"ImageObject\",\"inLanguage\":\"sq-AL\",\"@id\":\"https:\\\/\\\/fjala.info\\\/2009-2015\\\/shqiperia-do-behet-kolonia-jone-energjetike-dhe-koshi-yne-i-plehrave\\\/#primaryimage\",\"url\":\"http:\\\/\\\/fjala.shkoder.net\\\/wp-content\\\/uploads\\\/2011\\\/01\\\/berisha_berluskoni2-300x194.jpg\",\"contentUrl\":\"http:\\\/\\\/fjala.shkoder.net\\\/wp-content\\\/uploads\\\/2011\\\/01\\\/berisha_berluskoni2-300x194.jpg\"},{\"@type\":\"BreadcrumbList\",\"@id\":\"https:\\\/\\\/fjala.info\\\/2009-2015\\\/shqiperia-do-behet-kolonia-jone-energjetike-dhe-koshi-yne-i-plehrave\\\/#breadcrumb\",\"itemListElement\":[{\"@type\":\"ListItem\",\"position\":1,\"name\":\"Home\",\"item\":\"https:\\\/\\\/fjala.info\\\/2009-2015\\\/\"},{\"@type\":\"ListItem\",\"position\":2,\"name\":\"&#8220;Shqip\u00ebria do b\u00ebhet kolonia jon\u00eb energjetike dhe koshi yn\u00eb i plehrave&#8221;\"}]},{\"@type\":\"WebSite\",\"@id\":\"https:\\\/\\\/fjala.info\\\/2009-2015\\\/#website\",\"url\":\"https:\\\/\\\/fjala.info\\\/2009-2015\\\/\",\"name\":\"FjALA e LIR\u00cb - Arkivi\",\"description\":\"Arkivi 2009-2015\",\"publisher\":{\"@id\":\"https:\\\/\\\/fjala.info\\\/2009-2015\\\/#organization\"},\"potentialAction\":[{\"@type\":\"SearchAction\",\"target\":{\"@type\":\"EntryPoint\",\"urlTemplate\":\"https:\\\/\\\/fjala.info\\\/2009-2015\\\/?s={search_term_string}\"},\"query-input\":{\"@type\":\"PropertyValueSpecification\",\"valueRequired\":true,\"valueName\":\"search_term_string\"}}],\"inLanguage\":\"sq-AL\"},{\"@type\":\"Organization\",\"@id\":\"https:\\\/\\\/fjala.info\\\/2009-2015\\\/#organization\",\"name\":\"FjALA e LIR\u00cb - Arkivi\",\"url\":\"https:\\\/\\\/fjala.info\\\/2009-2015\\\/\",\"logo\":{\"@type\":\"ImageObject\",\"inLanguage\":\"sq-AL\",\"@id\":\"https:\\\/\\\/fjala.info\\\/2009-2015\\\/#\\\/schema\\\/logo\\\/image\\\/\",\"url\":\"\",\"contentUrl\":\"\",\"caption\":\"FjALA e LIR\u00cb - Arkivi\"},\"image\":{\"@id\":\"https:\\\/\\\/fjala.info\\\/2009-2015\\\/#\\\/schema\\\/logo\\\/image\\\/\"}},{\"@type\":\"Person\",\"@id\":\"https:\\\/\\\/fjala.info\\\/2009-2015\\\/#\\\/schema\\\/person\\\/3aa1163ef05469c496fc94e77611ada2\",\"name\":\"admin\",\"image\":{\"@type\":\"ImageObject\",\"inLanguage\":\"sq-AL\",\"@id\":\"https:\\\/\\\/fjala.info\\\/2009-2015\\\/wp-content\\\/uploads\\\/2012\\\/02\\\/arben_cokaj-120x150.jpg\",\"url\":\"https:\\\/\\\/fjala.info\\\/2009-2015\\\/wp-content\\\/uploads\\\/2012\\\/02\\\/arben_cokaj-120x150.jpg\",\"contentUrl\":\"https:\\\/\\\/fjala.info\\\/2009-2015\\\/wp-content\\\/uploads\\\/2012\\\/02\\\/arben_cokaj-120x150.jpg\",\"caption\":\"admin\"},\"description\":\"Admin, Fjala e Lir\u00eb\",\"sameAs\":[\"https:\\\/\\\/fjala.info\\\/\"],\"url\":\"https:\\\/\\\/fjala.info\\\/2009-2015\\\/author\\\/admin\\\/\"}]}<\/script>\n<!-- \/ Yoast SEO plugin. -->","yoast_head_json":{"title":"\"Shqip\u00ebria do b\u00ebhet kolonia jon\u00eb energjetike dhe koshi yn\u00eb i plehrave\" - FjALA e LIR\u00cb - Arkivi","robots":{"index":"index","follow":"follow","max-snippet":"max-snippet:-1","max-image-preview":"max-image-preview:large","max-video-preview":"max-video-preview:-1"},"canonical":"https:\/\/fjala.info\/2009-2015\/shqiperia-do-behet-kolonia-jone-energjetike-dhe-koshi-yne-i-plehrave\/","og_locale":"sq_AL","og_type":"article","og_title":"\"Shqip\u00ebria do b\u00ebhet kolonia jon\u00eb energjetike dhe koshi yn\u00eb i plehrave\" - FjALA e LIR\u00cb - Arkivi","og_description":"Nga \u201cBalkan Crew&#8220;, 20.01.2011 &#8220;Ka hyr\u00eb n\u00eb sht\u00ebpin\u00eb ton\u00eb nga dera e pasme e sh\u00ebrbyesve. Ishte nj\u00eb komunist fanatik dhe q\u00eb at\u00ebher\u00eb b\u00ebnte t\u00eb pamundur\u00ebn me nj\u00eb zell t\u00eb ekzagjeruar p\u00ebr tu afruar me pushtetin&#8221;, &#8211; k\u00ebshtu \u00ebsht\u00eb p\u00ebrshkruar Berisha nga bashk\u00ebshortja e diktatorit Hoxha. Uau.. &#8220;komunist fanatik&#8221;, e th\u00ebn\u00eb pik\u00ebrisht nga gruaja e brutalit [&hellip;]","og_url":"https:\/\/fjala.info\/2009-2015\/shqiperia-do-behet-kolonia-jone-energjetike-dhe-koshi-yne-i-plehrave\/","og_site_name":"FjALA e LIR\u00cb - Arkivi","article_published_time":"2011-01-21T07:36:12+00:00","og_image":[{"url":"http:\/\/fjala.shkoder.net\/wp-content\/uploads\/2011\/01\/berisha_berluskoni2-300x194.jpg","type":"","width":"","height":""}],"author":"admin","twitter_card":"summary_large_image","twitter_misc":{"Written by":"admin","Est. reading time":"6 minutes"},"schema":{"@context":"https:\/\/schema.org","@graph":[{"@type":"Article","@id":"https:\/\/fjala.info\/2009-2015\/shqiperia-do-behet-kolonia-jone-energjetike-dhe-koshi-yne-i-plehrave\/#article","isPartOf":{"@id":"https:\/\/fjala.info\/2009-2015\/shqiperia-do-behet-kolonia-jone-energjetike-dhe-koshi-yne-i-plehrave\/"},"author":{"name":"admin","@id":"https:\/\/fjala.info\/2009-2015\/#\/schema\/person\/3aa1163ef05469c496fc94e77611ada2"},"headline":"&#8220;Shqip\u00ebria do b\u00ebhet kolonia jon\u00eb energjetike dhe koshi yn\u00eb i plehrave&#8221;","datePublished":"2011-01-21T07:36:12+00:00","mainEntityOfPage":{"@id":"https:\/\/fjala.info\/2009-2015\/shqiperia-do-behet-kolonia-jone-energjetike-dhe-koshi-yne-i-plehrave\/"},"wordCount":1236,"commentCount":0,"publisher":{"@id":"https:\/\/fjala.info\/2009-2015\/#organization"},"image":{"@id":"https:\/\/fjala.info\/2009-2015\/shqiperia-do-behet-kolonia-jone-energjetike-dhe-koshi-yne-i-plehrave\/#primaryimage"},"thumbnailUrl":"http:\/\/fjala.shkoder.net\/wp-content\/uploads\/2011\/01\/berisha_berluskoni2-300x194.jpg","articleSection":["Artikuj"],"inLanguage":"sq-AL","potentialAction":[{"@type":"CommentAction","name":"Comment","target":["https:\/\/fjala.info\/2009-2015\/shqiperia-do-behet-kolonia-jone-energjetike-dhe-koshi-yne-i-plehrave\/#respond"]}]},{"@type":"WebPage","@id":"https:\/\/fjala.info\/2009-2015\/shqiperia-do-behet-kolonia-jone-energjetike-dhe-koshi-yne-i-plehrave\/","url":"https:\/\/fjala.info\/2009-2015\/shqiperia-do-behet-kolonia-jone-energjetike-dhe-koshi-yne-i-plehrave\/","name":"\"Shqip\u00ebria do b\u00ebhet kolonia jon\u00eb energjetike dhe koshi yn\u00eb i plehrave\" - FjALA e LIR\u00cb - Arkivi","isPartOf":{"@id":"https:\/\/fjala.info\/2009-2015\/#website"},"primaryImageOfPage":{"@id":"https:\/\/fjala.info\/2009-2015\/shqiperia-do-behet-kolonia-jone-energjetike-dhe-koshi-yne-i-plehrave\/#primaryimage"},"image":{"@id":"https:\/\/fjala.info\/2009-2015\/shqiperia-do-behet-kolonia-jone-energjetike-dhe-koshi-yne-i-plehrave\/#primaryimage"},"thumbnailUrl":"http:\/\/fjala.shkoder.net\/wp-content\/uploads\/2011\/01\/berisha_berluskoni2-300x194.jpg","datePublished":"2011-01-21T07:36:12+00:00","breadcrumb":{"@id":"https:\/\/fjala.info\/2009-2015\/shqiperia-do-behet-kolonia-jone-energjetike-dhe-koshi-yne-i-plehrave\/#breadcrumb"},"inLanguage":"sq-AL","potentialAction":[{"@type":"ReadAction","target":["https:\/\/fjala.info\/2009-2015\/shqiperia-do-behet-kolonia-jone-energjetike-dhe-koshi-yne-i-plehrave\/"]}]},{"@type":"ImageObject","inLanguage":"sq-AL","@id":"https:\/\/fjala.info\/2009-2015\/shqiperia-do-behet-kolonia-jone-energjetike-dhe-koshi-yne-i-plehrave\/#primaryimage","url":"http:\/\/fjala.shkoder.net\/wp-content\/uploads\/2011\/01\/berisha_berluskoni2-300x194.jpg","contentUrl":"http:\/\/fjala.shkoder.net\/wp-content\/uploads\/2011\/01\/berisha_berluskoni2-300x194.jpg"},{"@type":"BreadcrumbList","@id":"https:\/\/fjala.info\/2009-2015\/shqiperia-do-behet-kolonia-jone-energjetike-dhe-koshi-yne-i-plehrave\/#breadcrumb","itemListElement":[{"@type":"ListItem","position":1,"name":"Home","item":"https:\/\/fjala.info\/2009-2015\/"},{"@type":"ListItem","position":2,"name":"&#8220;Shqip\u00ebria do b\u00ebhet kolonia jon\u00eb energjetike dhe koshi yn\u00eb i plehrave&#8221;"}]},{"@type":"WebSite","@id":"https:\/\/fjala.info\/2009-2015\/#website","url":"https:\/\/fjala.info\/2009-2015\/","name":"FjALA e LIR\u00cb - Arkivi","description":"Arkivi 2009-2015","publisher":{"@id":"https:\/\/fjala.info\/2009-2015\/#organization"},"potentialAction":[{"@type":"SearchAction","target":{"@type":"EntryPoint","urlTemplate":"https:\/\/fjala.info\/2009-2015\/?s={search_term_string}"},"query-input":{"@type":"PropertyValueSpecification","valueRequired":true,"valueName":"search_term_string"}}],"inLanguage":"sq-AL"},{"@type":"Organization","@id":"https:\/\/fjala.info\/2009-2015\/#organization","name":"FjALA e LIR\u00cb - Arkivi","url":"https:\/\/fjala.info\/2009-2015\/","logo":{"@type":"ImageObject","inLanguage":"sq-AL","@id":"https:\/\/fjala.info\/2009-2015\/#\/schema\/logo\/image\/","url":"","contentUrl":"","caption":"FjALA e LIR\u00cb - Arkivi"},"image":{"@id":"https:\/\/fjala.info\/2009-2015\/#\/schema\/logo\/image\/"}},{"@type":"Person","@id":"https:\/\/fjala.info\/2009-2015\/#\/schema\/person\/3aa1163ef05469c496fc94e77611ada2","name":"admin","image":{"@type":"ImageObject","inLanguage":"sq-AL","@id":"https:\/\/fjala.info\/2009-2015\/wp-content\/uploads\/2012\/02\/arben_cokaj-120x150.jpg","url":"https:\/\/fjala.info\/2009-2015\/wp-content\/uploads\/2012\/02\/arben_cokaj-120x150.jpg","contentUrl":"https:\/\/fjala.info\/2009-2015\/wp-content\/uploads\/2012\/02\/arben_cokaj-120x150.jpg","caption":"admin"},"description":"Admin, Fjala e Lir\u00eb","sameAs":["https:\/\/fjala.info\/"],"url":"https:\/\/fjala.info\/2009-2015\/author\/admin\/"}]}},"_links":{"self":[{"href":"https:\/\/fjala.info\/2009-2015\/wp-json\/wp\/v2\/posts\/5793","targetHints":{"allow":["GET"]}}],"collection":[{"href":"https:\/\/fjala.info\/2009-2015\/wp-json\/wp\/v2\/posts"}],"about":[{"href":"https:\/\/fjala.info\/2009-2015\/wp-json\/wp\/v2\/types\/post"}],"author":[{"embeddable":true,"href":"https:\/\/fjala.info\/2009-2015\/wp-json\/wp\/v2\/users\/1"}],"replies":[{"embeddable":true,"href":"https:\/\/fjala.info\/2009-2015\/wp-json\/wp\/v2\/comments?post=5793"}],"version-history":[{"count":0,"href":"https:\/\/fjala.info\/2009-2015\/wp-json\/wp\/v2\/posts\/5793\/revisions"}],"wp:attachment":[{"href":"https:\/\/fjala.info\/2009-2015\/wp-json\/wp\/v2\/media?parent=5793"}],"wp:term":[{"taxonomy":"category","embeddable":true,"href":"https:\/\/fjala.info\/2009-2015\/wp-json\/wp\/v2\/categories?post=5793"},{"taxonomy":"post_tag","embeddable":true,"href":"https:\/\/fjala.info\/2009-2015\/wp-json\/wp\/v2\/tags?post=5793"}],"curies":[{"name":"wp","href":"https:\/\/api.w.org\/{rel}","templated":true}]}}