{"id":5788,"date":"2011-01-21T08:28:54","date_gmt":"2011-01-21T07:28:54","guid":{"rendered":"http:\/\/fjala.shkoder.net\/?p=5788"},"modified":"2011-01-21T08:28:54","modified_gmt":"2011-01-21T07:28:54","slug":"eurodeputetja-doris-pack-pyes-se-kur-qytetaret-e-shqiperise-do-ta-humbasin-durimin","status":"publish","type":"post","link":"https:\/\/fjala.info\/2009-2015\/eurodeputetja-doris-pack-pyes-se-kur-qytetaret-e-shqiperise-do-ta-humbasin-durimin\/","title":{"rendered":"Eurodeputetja Doris Pack: Pyes se kur qytetar\u00ebt e Shqip\u00ebris\u00eb do ta humbasin durimin?"},"content":{"rendered":"<p><img loading=\"lazy\" decoding=\"async\" class=\"alignright size-full wp-image-5789\" title=\"Doris Pack\" src=\"http:\/\/fjala.shkoder.net\/wp-content\/uploads\/2011\/01\/doris_pack.jpg\" alt=\"\" width=\"300\" height=\"225\" \/><\/p>\n<p><em>Zonja Pack, situata politike n\u00eb Shqip\u00ebri ka arritur kulmin pas publikimit t\u00eb video-s p\u00ebr korrupsion t\u00eb ish z\u00ebvend\u00ebskryeministrit Ilir Meta. Kjo ka thelluar m\u00eb tej hendekun mes dy kampeve politike. Cili \u00ebsht\u00eb mendimi juaj p\u00ebr k\u00ebt\u00eb gjendje?<\/em><br \/>\nSituata \u00ebsht\u00eb e trishtueshme, situata tani po eskalon. \u00cbsht\u00eb n\u00eb rregull q\u00eb <strong>Ilir Meta<\/strong> dha dor\u00ebheqjen. Por n\u00eb Shqip\u00ebri ka vazhdimisht t\u00eb akuzuar p\u00ebr korrupsion, vazhdimisht nj\u00ebra pal\u00eb faj\u00ebson tjetr\u00ebn. Natyrisht q\u00eb opozita e shfryt\u00ebzon k\u00ebt\u00eb sa t\u00eb mundet, por kjo e t\u00ebra mund t\u00eb rezultoj\u00eb n\u00eb bumerang. Por e trishtueshme \u00ebsht\u00eb q\u00eb situata politike n\u00eb Shqip\u00ebri e b\u00ebn t\u00eb v\u00ebshtir\u00eb pun\u00ebn. Shum\u00eb ligje nuk kan\u00eb mundur t\u00eb miratohen n\u00eb parlament p\u00ebr shkak se k\u00ebrkohet nj\u00eb shumic\u00eb votash, m\u00eb e madhe se sa fraksionet qeveritare. E t\u00ebra klima politike \u00ebsht\u00eb helmuar. Kur lexon gazetat e p\u00ebrditshme, pyet kur do t\u00eb marr\u00eb fund kjo dhe kur qytetar\u00ebt e Shqip\u00ebris\u00eb do ta humbasin durimin. Protestat e vazhdueshme t\u00eb opozit\u00ebs dhe k\u00ebrc\u00ebnimet jan\u00eb t\u00ebr\u00ebsisht kontraproduktive. Un\u00eb mund t\u00eb them se situata tani n\u00eb Shqip\u00ebri \u00ebsht\u00eb p\u00ebr t\u00eb ardhur keq.<\/p>\n<p><em>A jan\u00eb v\u00ebn\u00eb n\u00eb pik\u00ebpyetje institucionet e Shqip\u00ebris\u00eb? Kam parasysh k\u00ebtu debatet mjaft t\u00eb ashpra n\u00eb parlament. Kultura e nj\u00eb parlamenti t\u00eb mir\u00ebfillt\u00eb demokratik duket se \u00ebsht\u00eb larg kritereve q\u00eb k\u00ebrkon BE, zonja Pack?<\/em><br \/>\nJo. Un\u00eb mendoj se institucionet jan\u00eb aty. Qeveria punon, tani nj\u00eb minist\u00ebr u t\u00ebrhoq dhe ai \u00ebsht\u00eb z\u00ebvend\u00ebsuar, gj\u00eb q\u00eb ndodh shpesh n\u00eb Shqip\u00ebri. Pra qeveria punon, parlamenti \u00ebsht\u00eb i zgjedhur dhe po punon. Nuk ka arsye q\u00eb opozita t\u00eb thot\u00eb se ky parlament nuk \u00ebsht\u00eb legjitim. Ka vet\u00ebm sulme t\u00eb vazhdueshme nga opozita, por q\u00eb nuk ka shkuar asnj\u00ebher\u00eb n\u00eb gjykat\u00ebn kushtetuese, gj\u00eb q\u00eb b\u00ebn q\u00eb opozita t\u00eb mos marr\u00eb pjes\u00eb rregullisht n\u00eb parlament. Institucionet mund t\u00eb funksionojn\u00eb, edhe parlamenti funksionon, por kur atij i duhet nj\u00eb shumic\u00eb e madhe, nuk funksionon. Kjo vjen nga mosbashk\u00ebpunimi me opozit\u00ebn.<\/p>\n<p><em>M\u00eb 21 janar opozita do t\u00eb organizoj\u00eb nj\u00eb protest\u00eb t\u00eb madhe p\u00ebr largimin e qeveris\u00eb Berisha. BE b\u00ebn thirrje p\u00ebr dialog politik. Si mund t\u00eb arrihet deri aty?<\/em><br \/>\nKam koh\u00eb q\u00eb d\u00ebgjoj p\u00ebr organizimin e demonstratave t\u00eb m\u00ebdha ose m\u00eb pak t\u00eb m\u00ebdha, apo grev\u00eb urie. Kjo nuk \u00ebsht\u00eb politik\u00eb. Kjo \u00ebsht\u00eb nj\u00eb loj\u00eb e papar\u00eb n\u00eb kurriz t\u00eb popullit. Njer\u00ebzit presin q\u00eb deputet\u00ebt q\u00eb ata i kan\u00eb votuar t\u00eb b\u00ebjn\u00eb politik\u00eb, t\u00eb flasin n\u00eb parlament p\u00ebr problemet e tyre. Kur je n\u00eb opozit\u00eb nuk mund t\u00eb arrish t\u00eb gjitha ato kur je n\u00eb qeveri. Por kjo \u00ebsht\u00eb normale n\u00eb \u00e7do sistem demokratik. Dhe k\u00ebto protesta nuk ndihmojn\u00eb ask\u00ebnd dhe ve\u00e7 k\u00ebsaj d\u00ebmtojn\u00eb imazhin e Shqip\u00ebris\u00eb. Dialogu politik do t\u00eb ishte i domosdosh\u00ebm. Por politikan\u00ebt duhet t\u00eb jen\u00eb t\u00eb gatsh\u00ebm t\u00eb punojn\u00eb p\u00ebr k\u00ebt\u00eb. Ata duhet t\u00eb jen\u00eb t\u00eb hapur po ashtu p\u00ebr nj\u00eb dialog. Q\u00eb t\u00eb jesh i hapur do t\u00eb thot\u00eb q\u00eb t\u00eb b\u00ebsh kompromis dhe jo vet\u00ebm t\u00eb protestosh.<\/p>\n<p><em>A do t\u00eb ishte zhvillimi i zgjedhjeve t\u00eb parakohshme nj\u00eb zgjidhje p\u00ebrfundimtare e kriz\u00ebs politike q\u00eb po zgjat prej gati 20 muajsh n\u00eb Shqip\u00ebri, zonja Pack?<\/em><br \/>\nKjo do t\u00eb varej nga p\u00ebrfundimi i tyre. N\u00ebse ato p\u00ebrfundojn\u00eb me rezultatin e fitores s\u00eb socialist\u00ebve, at\u00ebher\u00eb ata do t\u00eb ken\u00eb arritur at\u00eb \u00e7ka duan, por n\u00eb k\u00ebt\u00eb moment situata do t\u00eb ishte e till\u00eb ku opozita e p\u00ebrb\u00ebr\u00eb nga partia demokratike dhe parti t\u00eb tjera do t\u00eb ngrinin pyetjen a mund te njihet kjo qeveri. Pra loja politike \u00ebsht\u00eb shum\u00eb e keqe. N\u00eb demokraci duhet t\u00eb pranosh q\u00eb ke nj\u00eb shumic\u00eb apo q\u00eb je n\u00eb nj\u00eb pakic\u00eb. K\u00ebshtu \u00ebsht\u00eb p\u00ebr t\u00eb gjith\u00eb n\u00eb t\u00eb gjith\u00eb vendet. Por kjo nuk i p\u00ebrshtatet politikan\u00ebve n\u00eb Shqip\u00ebri, q\u00eb nuk kan\u00eb sens demokratik. Kush e ka pushtetin do ta ushtroj\u00eb at\u00eb dhe t\u00eb tjer\u00eb d\u00ebshirojn\u00eb q\u00eb ai t\u00eb mos e ushtroj\u00eb pushtetin.<\/p>\n<p>Kjo \u00ebsht\u00eb nj\u00eb loj\u00eb e tmerrshme dhe n\u00eb qoft\u00eb se t\u00eb dyja pal\u00ebt nuk i japin fund sa m\u00eb shpejt k\u00ebsaj, do t\u00eb jet\u00eb shum\u00eb e err\u00ebt e ardhmja e Shqip\u00ebris\u00eb n\u00eb Bashkimin Europian. Ne presim q\u00eb politikan\u00ebt n\u00eb k\u00ebt\u00eb vend t\u00eb flasin me nj\u00ebri-tjetrin, q\u00eb t\u00eb zgjidhin me nj\u00ebri-tjetrin problemet dhe jo vet\u00ebm me kok\u00ebfort\u00ebsi d\u00ebshirojn\u00eb vet\u00ebm t\u00eb protestojn\u00eb dhe me protesta duan t\u00eb rr\u00ebzojn\u00eb qeverin\u00eb, nj\u00eb qeveri q\u00eb \u00ebsht\u00eb legjitime n\u00eb pun\u00eb dhe duhet t\u00eb vazhdoj\u00eb pun\u00ebn. Protestat mund t\u00eb b\u00ebhen kund\u00ebr projektligjeve t\u00eb ve\u00e7anta, por jo kund\u00ebr nj\u00eb qeverie q\u00eb \u00ebsht\u00eb n\u00eb detyr\u00eb p\u00ebr t\u00eb cil\u00ebn nuk mund t\u00eb thuash, q\u00eb e ka k\u00ebt\u00eb detyr\u00eb n\u00eb m\u00ebnyr\u00eb t\u00eb paligjshme.<\/p>\n<p>\u201c<strong>DW<\/strong>\u201d<\/p>\n","protected":false},"excerpt":{"rendered":"<p>Zonja Pack, situata politike n\u00eb Shqip\u00ebri ka arritur kulmin pas publikimit t\u00eb video-s p\u00ebr korrupsion t\u00eb ish z\u00ebvend\u00ebskryeministrit Ilir Meta. Kjo ka thelluar m\u00eb tej hendekun mes dy kampeve politike. Cili \u00ebsht\u00eb mendimi juaj p\u00ebr k\u00ebt\u00eb gjendje? Situata \u00ebsht\u00eb e trishtueshme, situata tani po eskalon. \u00cbsht\u00eb n\u00eb rregull q\u00eb Ilir Meta dha dor\u00ebheqjen. Por n\u00eb [&hellip;]<\/p>\n","protected":false},"author":1,"featured_media":0,"comment_status":"open","ping_status":"closed","sticky":false,"template":"","format":"standard","meta":{"footnotes":""},"categories":[4],"tags":[],"class_list":{"0":"post-5788","1":"post","2":"type-post","3":"status-publish","4":"format-standard","6":"category-intervista"},"yoast_head":"<!-- This site is optimized with the Yoast SEO plugin v27.4 - https:\/\/yoast.com\/product\/yoast-seo-wordpress\/ -->\n<title>Eurodeputetja Doris Pack: Pyes se kur qytetar\u00ebt e Shqip\u00ebris\u00eb do ta humbasin durimin? - FjALA e LIR\u00cb - Arkivi<\/title>\n<meta name=\"robots\" content=\"index, follow, max-snippet:-1, max-image-preview:large, max-video-preview:-1\" \/>\n<link rel=\"canonical\" href=\"https:\/\/fjala.info\/2009-2015\/eurodeputetja-doris-pack-pyes-se-kur-qytetaret-e-shqiperise-do-ta-humbasin-durimin\/\" \/>\n<meta property=\"og:locale\" content=\"sq_AL\" \/>\n<meta property=\"og:type\" content=\"article\" \/>\n<meta property=\"og:title\" content=\"Eurodeputetja Doris Pack: Pyes se kur qytetar\u00ebt e Shqip\u00ebris\u00eb do ta humbasin durimin? - FjALA e LIR\u00cb - Arkivi\" \/>\n<meta property=\"og:description\" content=\"Zonja Pack, situata politike n\u00eb Shqip\u00ebri ka arritur kulmin pas publikimit t\u00eb video-s p\u00ebr korrupsion t\u00eb ish z\u00ebvend\u00ebskryeministrit Ilir Meta. Kjo ka thelluar m\u00eb tej hendekun mes dy kampeve politike. Cili \u00ebsht\u00eb mendimi juaj p\u00ebr k\u00ebt\u00eb gjendje? Situata \u00ebsht\u00eb e trishtueshme, situata tani po eskalon. \u00cbsht\u00eb n\u00eb rregull q\u00eb Ilir Meta dha dor\u00ebheqjen. Por n\u00eb [&hellip;]\" \/>\n<meta property=\"og:url\" content=\"https:\/\/fjala.info\/2009-2015\/eurodeputetja-doris-pack-pyes-se-kur-qytetaret-e-shqiperise-do-ta-humbasin-durimin\/\" \/>\n<meta property=\"og:site_name\" content=\"FjALA e LIR\u00cb - Arkivi\" \/>\n<meta property=\"article:published_time\" content=\"2011-01-21T07:28:54+00:00\" \/>\n<meta property=\"og:image\" content=\"http:\/\/fjala.shkoder.net\/wp-content\/uploads\/2011\/01\/doris_pack.jpg\" \/>\n<meta name=\"author\" content=\"admin\" \/>\n<meta name=\"twitter:card\" content=\"summary_large_image\" \/>\n<meta name=\"twitter:label1\" content=\"Written by\" \/>\n\t<meta name=\"twitter:data1\" content=\"admin\" \/>\n\t<meta name=\"twitter:label2\" content=\"Est. reading time\" \/>\n\t<meta name=\"twitter:data2\" content=\"4 minutes\" \/>\n<script type=\"application\/ld+json\" class=\"yoast-schema-graph\">{\"@context\":\"https:\\\/\\\/schema.org\",\"@graph\":[{\"@type\":\"Article\",\"@id\":\"https:\\\/\\\/fjala.info\\\/2009-2015\\\/eurodeputetja-doris-pack-pyes-se-kur-qytetaret-e-shqiperise-do-ta-humbasin-durimin\\\/#article\",\"isPartOf\":{\"@id\":\"https:\\\/\\\/fjala.info\\\/2009-2015\\\/eurodeputetja-doris-pack-pyes-se-kur-qytetaret-e-shqiperise-do-ta-humbasin-durimin\\\/\"},\"author\":{\"name\":\"admin\",\"@id\":\"https:\\\/\\\/fjala.info\\\/2009-2015\\\/#\\\/schema\\\/person\\\/3aa1163ef05469c496fc94e77611ada2\"},\"headline\":\"Eurodeputetja Doris Pack: Pyes se kur qytetar\u00ebt e Shqip\u00ebris\u00eb do ta humbasin durimin?\",\"datePublished\":\"2011-01-21T07:28:54+00:00\",\"mainEntityOfPage\":{\"@id\":\"https:\\\/\\\/fjala.info\\\/2009-2015\\\/eurodeputetja-doris-pack-pyes-se-kur-qytetaret-e-shqiperise-do-ta-humbasin-durimin\\\/\"},\"wordCount\":853,\"commentCount\":0,\"publisher\":{\"@id\":\"https:\\\/\\\/fjala.info\\\/2009-2015\\\/#organization\"},\"image\":{\"@id\":\"https:\\\/\\\/fjala.info\\\/2009-2015\\\/eurodeputetja-doris-pack-pyes-se-kur-qytetaret-e-shqiperise-do-ta-humbasin-durimin\\\/#primaryimage\"},\"thumbnailUrl\":\"http:\\\/\\\/fjala.shkoder.net\\\/wp-content\\\/uploads\\\/2011\\\/01\\\/doris_pack.jpg\",\"articleSection\":[\"Intervista\"],\"inLanguage\":\"sq-AL\",\"potentialAction\":[{\"@type\":\"CommentAction\",\"name\":\"Comment\",\"target\":[\"https:\\\/\\\/fjala.info\\\/2009-2015\\\/eurodeputetja-doris-pack-pyes-se-kur-qytetaret-e-shqiperise-do-ta-humbasin-durimin\\\/#respond\"]}]},{\"@type\":\"WebPage\",\"@id\":\"https:\\\/\\\/fjala.info\\\/2009-2015\\\/eurodeputetja-doris-pack-pyes-se-kur-qytetaret-e-shqiperise-do-ta-humbasin-durimin\\\/\",\"url\":\"https:\\\/\\\/fjala.info\\\/2009-2015\\\/eurodeputetja-doris-pack-pyes-se-kur-qytetaret-e-shqiperise-do-ta-humbasin-durimin\\\/\",\"name\":\"Eurodeputetja Doris Pack: Pyes se kur qytetar\u00ebt e Shqip\u00ebris\u00eb do ta humbasin durimin? - FjALA e LIR\u00cb - Arkivi\",\"isPartOf\":{\"@id\":\"https:\\\/\\\/fjala.info\\\/2009-2015\\\/#website\"},\"primaryImageOfPage\":{\"@id\":\"https:\\\/\\\/fjala.info\\\/2009-2015\\\/eurodeputetja-doris-pack-pyes-se-kur-qytetaret-e-shqiperise-do-ta-humbasin-durimin\\\/#primaryimage\"},\"image\":{\"@id\":\"https:\\\/\\\/fjala.info\\\/2009-2015\\\/eurodeputetja-doris-pack-pyes-se-kur-qytetaret-e-shqiperise-do-ta-humbasin-durimin\\\/#primaryimage\"},\"thumbnailUrl\":\"http:\\\/\\\/fjala.shkoder.net\\\/wp-content\\\/uploads\\\/2011\\\/01\\\/doris_pack.jpg\",\"datePublished\":\"2011-01-21T07:28:54+00:00\",\"breadcrumb\":{\"@id\":\"https:\\\/\\\/fjala.info\\\/2009-2015\\\/eurodeputetja-doris-pack-pyes-se-kur-qytetaret-e-shqiperise-do-ta-humbasin-durimin\\\/#breadcrumb\"},\"inLanguage\":\"sq-AL\",\"potentialAction\":[{\"@type\":\"ReadAction\",\"target\":[\"https:\\\/\\\/fjala.info\\\/2009-2015\\\/eurodeputetja-doris-pack-pyes-se-kur-qytetaret-e-shqiperise-do-ta-humbasin-durimin\\\/\"]}]},{\"@type\":\"ImageObject\",\"inLanguage\":\"sq-AL\",\"@id\":\"https:\\\/\\\/fjala.info\\\/2009-2015\\\/eurodeputetja-doris-pack-pyes-se-kur-qytetaret-e-shqiperise-do-ta-humbasin-durimin\\\/#primaryimage\",\"url\":\"http:\\\/\\\/fjala.shkoder.net\\\/wp-content\\\/uploads\\\/2011\\\/01\\\/doris_pack.jpg\",\"contentUrl\":\"http:\\\/\\\/fjala.shkoder.net\\\/wp-content\\\/uploads\\\/2011\\\/01\\\/doris_pack.jpg\"},{\"@type\":\"BreadcrumbList\",\"@id\":\"https:\\\/\\\/fjala.info\\\/2009-2015\\\/eurodeputetja-doris-pack-pyes-se-kur-qytetaret-e-shqiperise-do-ta-humbasin-durimin\\\/#breadcrumb\",\"itemListElement\":[{\"@type\":\"ListItem\",\"position\":1,\"name\":\"Home\",\"item\":\"https:\\\/\\\/fjala.info\\\/2009-2015\\\/\"},{\"@type\":\"ListItem\",\"position\":2,\"name\":\"Eurodeputetja Doris Pack: Pyes se kur qytetar\u00ebt e Shqip\u00ebris\u00eb do ta humbasin durimin?\"}]},{\"@type\":\"WebSite\",\"@id\":\"https:\\\/\\\/fjala.info\\\/2009-2015\\\/#website\",\"url\":\"https:\\\/\\\/fjala.info\\\/2009-2015\\\/\",\"name\":\"FjALA e LIR\u00cb - Arkivi\",\"description\":\"Arkivi 2009-2015\",\"publisher\":{\"@id\":\"https:\\\/\\\/fjala.info\\\/2009-2015\\\/#organization\"},\"potentialAction\":[{\"@type\":\"SearchAction\",\"target\":{\"@type\":\"EntryPoint\",\"urlTemplate\":\"https:\\\/\\\/fjala.info\\\/2009-2015\\\/?s={search_term_string}\"},\"query-input\":{\"@type\":\"PropertyValueSpecification\",\"valueRequired\":true,\"valueName\":\"search_term_string\"}}],\"inLanguage\":\"sq-AL\"},{\"@type\":\"Organization\",\"@id\":\"https:\\\/\\\/fjala.info\\\/2009-2015\\\/#organization\",\"name\":\"FjALA e LIR\u00cb - Arkivi\",\"url\":\"https:\\\/\\\/fjala.info\\\/2009-2015\\\/\",\"logo\":{\"@type\":\"ImageObject\",\"inLanguage\":\"sq-AL\",\"@id\":\"https:\\\/\\\/fjala.info\\\/2009-2015\\\/#\\\/schema\\\/logo\\\/image\\\/\",\"url\":\"\",\"contentUrl\":\"\",\"caption\":\"FjALA e LIR\u00cb - Arkivi\"},\"image\":{\"@id\":\"https:\\\/\\\/fjala.info\\\/2009-2015\\\/#\\\/schema\\\/logo\\\/image\\\/\"}},{\"@type\":\"Person\",\"@id\":\"https:\\\/\\\/fjala.info\\\/2009-2015\\\/#\\\/schema\\\/person\\\/3aa1163ef05469c496fc94e77611ada2\",\"name\":\"admin\",\"image\":{\"@type\":\"ImageObject\",\"inLanguage\":\"sq-AL\",\"@id\":\"https:\\\/\\\/fjala.info\\\/2009-2015\\\/wp-content\\\/uploads\\\/2012\\\/02\\\/arben_cokaj-120x150.jpg\",\"url\":\"https:\\\/\\\/fjala.info\\\/2009-2015\\\/wp-content\\\/uploads\\\/2012\\\/02\\\/arben_cokaj-120x150.jpg\",\"contentUrl\":\"https:\\\/\\\/fjala.info\\\/2009-2015\\\/wp-content\\\/uploads\\\/2012\\\/02\\\/arben_cokaj-120x150.jpg\",\"caption\":\"admin\"},\"description\":\"Admin, Fjala e Lir\u00eb\",\"sameAs\":[\"https:\\\/\\\/fjala.info\\\/\"],\"url\":\"https:\\\/\\\/fjala.info\\\/2009-2015\\\/author\\\/admin\\\/\"}]}<\/script>\n<!-- \/ Yoast SEO plugin. -->","yoast_head_json":{"title":"Eurodeputetja Doris Pack: Pyes se kur qytetar\u00ebt e Shqip\u00ebris\u00eb do ta humbasin durimin? - FjALA e LIR\u00cb - Arkivi","robots":{"index":"index","follow":"follow","max-snippet":"max-snippet:-1","max-image-preview":"max-image-preview:large","max-video-preview":"max-video-preview:-1"},"canonical":"https:\/\/fjala.info\/2009-2015\/eurodeputetja-doris-pack-pyes-se-kur-qytetaret-e-shqiperise-do-ta-humbasin-durimin\/","og_locale":"sq_AL","og_type":"article","og_title":"Eurodeputetja Doris Pack: Pyes se kur qytetar\u00ebt e Shqip\u00ebris\u00eb do ta humbasin durimin? - FjALA e LIR\u00cb - Arkivi","og_description":"Zonja Pack, situata politike n\u00eb Shqip\u00ebri ka arritur kulmin pas publikimit t\u00eb video-s p\u00ebr korrupsion t\u00eb ish z\u00ebvend\u00ebskryeministrit Ilir Meta. Kjo ka thelluar m\u00eb tej hendekun mes dy kampeve politike. Cili \u00ebsht\u00eb mendimi juaj p\u00ebr k\u00ebt\u00eb gjendje? Situata \u00ebsht\u00eb e trishtueshme, situata tani po eskalon. \u00cbsht\u00eb n\u00eb rregull q\u00eb Ilir Meta dha dor\u00ebheqjen. Por n\u00eb [&hellip;]","og_url":"https:\/\/fjala.info\/2009-2015\/eurodeputetja-doris-pack-pyes-se-kur-qytetaret-e-shqiperise-do-ta-humbasin-durimin\/","og_site_name":"FjALA e LIR\u00cb - Arkivi","article_published_time":"2011-01-21T07:28:54+00:00","og_image":[{"url":"http:\/\/fjala.shkoder.net\/wp-content\/uploads\/2011\/01\/doris_pack.jpg","type":"","width":"","height":""}],"author":"admin","twitter_card":"summary_large_image","twitter_misc":{"Written by":"admin","Est. reading time":"4 minutes"},"schema":{"@context":"https:\/\/schema.org","@graph":[{"@type":"Article","@id":"https:\/\/fjala.info\/2009-2015\/eurodeputetja-doris-pack-pyes-se-kur-qytetaret-e-shqiperise-do-ta-humbasin-durimin\/#article","isPartOf":{"@id":"https:\/\/fjala.info\/2009-2015\/eurodeputetja-doris-pack-pyes-se-kur-qytetaret-e-shqiperise-do-ta-humbasin-durimin\/"},"author":{"name":"admin","@id":"https:\/\/fjala.info\/2009-2015\/#\/schema\/person\/3aa1163ef05469c496fc94e77611ada2"},"headline":"Eurodeputetja Doris Pack: Pyes se kur qytetar\u00ebt e Shqip\u00ebris\u00eb do ta humbasin durimin?","datePublished":"2011-01-21T07:28:54+00:00","mainEntityOfPage":{"@id":"https:\/\/fjala.info\/2009-2015\/eurodeputetja-doris-pack-pyes-se-kur-qytetaret-e-shqiperise-do-ta-humbasin-durimin\/"},"wordCount":853,"commentCount":0,"publisher":{"@id":"https:\/\/fjala.info\/2009-2015\/#organization"},"image":{"@id":"https:\/\/fjala.info\/2009-2015\/eurodeputetja-doris-pack-pyes-se-kur-qytetaret-e-shqiperise-do-ta-humbasin-durimin\/#primaryimage"},"thumbnailUrl":"http:\/\/fjala.shkoder.net\/wp-content\/uploads\/2011\/01\/doris_pack.jpg","articleSection":["Intervista"],"inLanguage":"sq-AL","potentialAction":[{"@type":"CommentAction","name":"Comment","target":["https:\/\/fjala.info\/2009-2015\/eurodeputetja-doris-pack-pyes-se-kur-qytetaret-e-shqiperise-do-ta-humbasin-durimin\/#respond"]}]},{"@type":"WebPage","@id":"https:\/\/fjala.info\/2009-2015\/eurodeputetja-doris-pack-pyes-se-kur-qytetaret-e-shqiperise-do-ta-humbasin-durimin\/","url":"https:\/\/fjala.info\/2009-2015\/eurodeputetja-doris-pack-pyes-se-kur-qytetaret-e-shqiperise-do-ta-humbasin-durimin\/","name":"Eurodeputetja Doris Pack: Pyes se kur qytetar\u00ebt e Shqip\u00ebris\u00eb do ta humbasin durimin? - FjALA e LIR\u00cb - Arkivi","isPartOf":{"@id":"https:\/\/fjala.info\/2009-2015\/#website"},"primaryImageOfPage":{"@id":"https:\/\/fjala.info\/2009-2015\/eurodeputetja-doris-pack-pyes-se-kur-qytetaret-e-shqiperise-do-ta-humbasin-durimin\/#primaryimage"},"image":{"@id":"https:\/\/fjala.info\/2009-2015\/eurodeputetja-doris-pack-pyes-se-kur-qytetaret-e-shqiperise-do-ta-humbasin-durimin\/#primaryimage"},"thumbnailUrl":"http:\/\/fjala.shkoder.net\/wp-content\/uploads\/2011\/01\/doris_pack.jpg","datePublished":"2011-01-21T07:28:54+00:00","breadcrumb":{"@id":"https:\/\/fjala.info\/2009-2015\/eurodeputetja-doris-pack-pyes-se-kur-qytetaret-e-shqiperise-do-ta-humbasin-durimin\/#breadcrumb"},"inLanguage":"sq-AL","potentialAction":[{"@type":"ReadAction","target":["https:\/\/fjala.info\/2009-2015\/eurodeputetja-doris-pack-pyes-se-kur-qytetaret-e-shqiperise-do-ta-humbasin-durimin\/"]}]},{"@type":"ImageObject","inLanguage":"sq-AL","@id":"https:\/\/fjala.info\/2009-2015\/eurodeputetja-doris-pack-pyes-se-kur-qytetaret-e-shqiperise-do-ta-humbasin-durimin\/#primaryimage","url":"http:\/\/fjala.shkoder.net\/wp-content\/uploads\/2011\/01\/doris_pack.jpg","contentUrl":"http:\/\/fjala.shkoder.net\/wp-content\/uploads\/2011\/01\/doris_pack.jpg"},{"@type":"BreadcrumbList","@id":"https:\/\/fjala.info\/2009-2015\/eurodeputetja-doris-pack-pyes-se-kur-qytetaret-e-shqiperise-do-ta-humbasin-durimin\/#breadcrumb","itemListElement":[{"@type":"ListItem","position":1,"name":"Home","item":"https:\/\/fjala.info\/2009-2015\/"},{"@type":"ListItem","position":2,"name":"Eurodeputetja Doris Pack: Pyes se kur qytetar\u00ebt e Shqip\u00ebris\u00eb do ta humbasin durimin?"}]},{"@type":"WebSite","@id":"https:\/\/fjala.info\/2009-2015\/#website","url":"https:\/\/fjala.info\/2009-2015\/","name":"FjALA e LIR\u00cb - Arkivi","description":"Arkivi 2009-2015","publisher":{"@id":"https:\/\/fjala.info\/2009-2015\/#organization"},"potentialAction":[{"@type":"SearchAction","target":{"@type":"EntryPoint","urlTemplate":"https:\/\/fjala.info\/2009-2015\/?s={search_term_string}"},"query-input":{"@type":"PropertyValueSpecification","valueRequired":true,"valueName":"search_term_string"}}],"inLanguage":"sq-AL"},{"@type":"Organization","@id":"https:\/\/fjala.info\/2009-2015\/#organization","name":"FjALA e LIR\u00cb - Arkivi","url":"https:\/\/fjala.info\/2009-2015\/","logo":{"@type":"ImageObject","inLanguage":"sq-AL","@id":"https:\/\/fjala.info\/2009-2015\/#\/schema\/logo\/image\/","url":"","contentUrl":"","caption":"FjALA e LIR\u00cb - Arkivi"},"image":{"@id":"https:\/\/fjala.info\/2009-2015\/#\/schema\/logo\/image\/"}},{"@type":"Person","@id":"https:\/\/fjala.info\/2009-2015\/#\/schema\/person\/3aa1163ef05469c496fc94e77611ada2","name":"admin","image":{"@type":"ImageObject","inLanguage":"sq-AL","@id":"https:\/\/fjala.info\/2009-2015\/wp-content\/uploads\/2012\/02\/arben_cokaj-120x150.jpg","url":"https:\/\/fjala.info\/2009-2015\/wp-content\/uploads\/2012\/02\/arben_cokaj-120x150.jpg","contentUrl":"https:\/\/fjala.info\/2009-2015\/wp-content\/uploads\/2012\/02\/arben_cokaj-120x150.jpg","caption":"admin"},"description":"Admin, Fjala e Lir\u00eb","sameAs":["https:\/\/fjala.info\/"],"url":"https:\/\/fjala.info\/2009-2015\/author\/admin\/"}]}},"_links":{"self":[{"href":"https:\/\/fjala.info\/2009-2015\/wp-json\/wp\/v2\/posts\/5788","targetHints":{"allow":["GET"]}}],"collection":[{"href":"https:\/\/fjala.info\/2009-2015\/wp-json\/wp\/v2\/posts"}],"about":[{"href":"https:\/\/fjala.info\/2009-2015\/wp-json\/wp\/v2\/types\/post"}],"author":[{"embeddable":true,"href":"https:\/\/fjala.info\/2009-2015\/wp-json\/wp\/v2\/users\/1"}],"replies":[{"embeddable":true,"href":"https:\/\/fjala.info\/2009-2015\/wp-json\/wp\/v2\/comments?post=5788"}],"version-history":[{"count":0,"href":"https:\/\/fjala.info\/2009-2015\/wp-json\/wp\/v2\/posts\/5788\/revisions"}],"wp:attachment":[{"href":"https:\/\/fjala.info\/2009-2015\/wp-json\/wp\/v2\/media?parent=5788"}],"wp:term":[{"taxonomy":"category","embeddable":true,"href":"https:\/\/fjala.info\/2009-2015\/wp-json\/wp\/v2\/categories?post=5788"},{"taxonomy":"post_tag","embeddable":true,"href":"https:\/\/fjala.info\/2009-2015\/wp-json\/wp\/v2\/tags?post=5788"}],"curies":[{"name":"wp","href":"https:\/\/api.w.org\/{rel}","templated":true}]}}