{"id":5786,"date":"2011-01-21T06:21:47","date_gmt":"2011-01-21T05:21:47","guid":{"rendered":"http:\/\/fjala.shkoder.net\/?p=5786"},"modified":"2011-01-21T06:21:47","modified_gmt":"2011-01-21T05:21:47","slug":"koalicion-i-korruptuar","status":"publish","type":"post","link":"https:\/\/fjala.info\/2009-2015\/koalicion-i-korruptuar\/","title":{"rendered":"Koalicion i korruptuar"},"content":{"rendered":"<p><strong>Prof. Dr. Ago Nezha<\/strong><\/p>\n<p>T\u00eb gjith\u00eb shqiptar\u00ebt e ndersh\u00ebm jan\u00eb ndier keq, duke p\u00ebrjetuar spektaklin m\u00eb t\u00eb sh\u00ebmtuar parlamentar, me batutat m\u00eb banale, q\u00eb rrall\u00eb e ndesh edhe n\u00eb rruga\u00e7\u00ebrin\u00eb m\u00eb t\u00eb p\u00ebrdal\u00eb t\u00eb llumit t\u00eb shoq\u00ebris\u00eb perverse. Fjalorin e Kryeministrit Berisha do ta p\u00ebrjashtonin edhe n\u00eb kuplarane me t\u00eb \u201cndershme\u201d p\u00ebr imoralitet. Eg\u00ebrsia e Sali Berish\u00ebs n\u00eb Parlament, t\u00eb kujton ujkun e plagosur, q\u00eb \u00ebsht\u00eb duke ngordhur, e p\u00ebrp\u00eblitet n\u00eb bor\u00eb e acar, q\u00eb k\u00ebrkon t\u00eb kafshoj\u00eb nj\u00eb njeri q\u00eb ka humbur fuqit\u00eb fizike nga uria. <\/p>\n<p>Me sa duket jan\u00eb p\u00ebrp\u00eblitjet e fundit, t\u00eb nj\u00eb qeverie q\u00eb po jep frym\u00eb. \u00cbsht\u00eb lufta p\u00ebr jet\u00eb a vdekje, q\u00eb e p\u00ebrjetojn\u00eb me dhimbje autokrat\u00ebt. Pasurin\u00eb e fjalorit t\u00eb pist\u00eb q\u00eb u p\u00ebrdor n\u00eb Parlament, do ta kishin zili edhe grat\u00eb e liga q\u00eb shajn\u00eb, fyejn\u00eb, e shpifin, p\u00ebr partner\u00ebt e tyre monstra. Po t\u00eb rendisim fjal\u00ebt e ndyra t\u00eb Kryeministrit, do t\u00eb p\u00ebrdhosim shkrimin dhe do ndotim shijet e lexuesit. Ato jan\u00eb pron\u00eb e autorit, t\u00eb gjenis\u00eb s\u00eb gjirizeve. <\/p>\n<p>Por ato u duartrokit\u00ebn nga mazhoranca dhe kryeparlamentarja Topalli, q\u00eb kakariste shpeshher\u00eb, n\u00eb \u201cfurrikun\u201d e saj demokratik. Nj\u00eb rruga\u00e7\u00ebri e ngritur n\u00eb sistem. Nuk \u00ebsht\u00eb kjo fytyra, e as morali i t\u00eb djatht\u00ebs shqiptare. E keqja \u00ebsht\u00eb se n\u00eb mazhorancen e sotme, me agresivitetin q\u00eb tregon Kryeministri, b\u00ebn q\u00eb t\u00eb tjer\u00ebt t\u00eb heshtin, t\u00eb tulaten, apo t\u00eb b\u00ebhen papagaj t\u00eb fjal\u00ebs refren, t\u00eb p\u00ebrs\u00ebritur me dhjet\u00ebra her\u00eb nga goja e tij, si shirit manjetofoni. Aty shan, aty l\u00ebvdon, \u00ebsht\u00eb kthyer n\u00eb gramafon, mjer\u00eb ky popull q\u00eb e d\u00ebgjon, si e mban si e duron, s\u2019ka nj\u00eb mik q\u00eb e k\u00ebshillon. <\/p>\n<p>Ai t\u00eb keqen e sheh si t\u00eb mir\u00eb dhe t\u00eb mir\u00ebn si t\u00eb keqe dhe ata q\u00eb rrin\u00eb af\u00ebr tij, i thon\u00eb lepe e peqe. Prezantimi n\u00eb Parlament, tregon se \u00ebsht\u00eb n\u00eb gjendje halucinante. \u00cbsht\u00eb i pushtuar nga deliri i madh\u00ebshtis\u00eb, q\u00eb e \u00e7on t\u2019i thot\u00eb t\u00eb zez\u00ebs t\u00eb bardh\u00eb. Met\u00ebn q\u00eb e ka shar\u00eb dje p\u00ebr korrupsion, sot q\u00eb e ka partner n\u00eb qeveri, e mitizon si t\u00eb e virgj\u00ebr. Shpirti i tij pervers, p\u00ebr urrejtjen ndaj kund\u00ebrshtarit politik, e b\u00ebn q\u00eb t\u00eb humbas\u00eb kontrollin logjik dhe t\u00eb ul\u00ebrij\u00eb pa u ndalur n\u00eb refrenin: zhvishuni, zhvishuni si kryetari juaj. \u00c7\u2019moral i mbetet shoq\u00ebris\u00eb shqiptare, kur nj\u00eb lider, kreu i shtetit, shan me lib\u00ebr sht\u00ebpie, partnerin e tij kryesor politik t\u00eb opozit\u00ebs. <\/p>\n<p>Ajo q\u00eb e b\u00ebn me t\u00eb trishtueshme situat\u00ebn, \u00ebsht\u00eb heshtja e parlamentar\u00ebve t\u00eb mazhoranc\u00ebs. U mblodh grupi parlamentar dhe s\u2019pati as nj\u00eb refleksion p\u00ebr at\u00eb situat\u00eb komiko-tragjike. Opinioni shoq\u00ebror nuk e kuptoi \u00e7far\u00eb mbledhje ishte, mbledhje e grupit, apo mbledhje e turpit. Akuzat ndaj Ram\u00ebs, ishin sa t\u00eb sh\u00ebmtuara aq dhe groteske. Debati, kund\u00ebrshtit\u00eb, arsyetimet ndryshe, jan\u00eb t\u00eb domosdoshme n\u00eb nj\u00eb demokraci politike, funksionale. Por t\u00eb akuzosh si pinjoll t\u00eb bllokut, f\u00ebmij\u00ebt e tu, kur ti vet\u00eb ke qen\u00eb sh\u00ebrb\u00ebtor i bllokmen\u00ebve, kjo tregon se jeton me nostalgjin\u00eb e parajs\u00ebs s\u00eb humbur. <\/p>\n<p>P\u00ebrs\u00ebritja e k\u00ebsaj akuze, duke e kthyer n\u00eb sistem, flet p\u00ebr paranoj\u00ebn e komunistit antikomunist, t\u00eb pandreqsh\u00ebm. Korrupsioni n\u00eb qeverisje nuk \u00ebsht\u00eb nj\u00eb risi n\u00eb k\u00ebto nj\u00ebzet\u00eb vjet n\u00ebn demokraci. Baticat dhe zbaticat e korrupsionit, jan\u00eb t\u00eb njohura dhe me autor\u00ebsi t\u00eb shprehur. Por situata e prezantuar nga \u201cFiks Fare\u201d ishte tep\u00ebr trondit\u00ebse n\u00eb kushtet e sotme. Detyra e Kryeministrit nuk \u00ebsht\u00eb ta marr\u00eb n\u00eb mbrojtje, por ta denoncoj\u00eb e d\u00ebnoj\u00eb sipas shkall\u00ebs s\u00eb p\u00ebrgjegj\u00ebsis\u00eb s\u00eb autor\u00ebve, sipas p\u00ebrkat\u00ebsis\u00eb. <\/p>\n<p>Ajo q\u00eb na trishton dhe befason, \u00ebsht\u00eb t\u00eb b\u00ebrit pal\u00eb n\u00eb k\u00ebt\u00eb afer\u00eb korruptive, duke marr\u00eb rolin e avokat-mbrojt\u00ebsit t\u00eb Met\u00ebs. Ky mision i pandershm\u00ebris\u00eb, e verboi deri n\u00eb at\u00eb shkall\u00eb sa q\u00eb nuk quan fajtor autorin, por denoncuesit e k\u00ebsaj vepre t\u00eb d\u00ebnueshme. Ai duhet ta fal\u00ebnderonte emisionin \u201cFiks Fare\u201d, se i b\u00ebri nj\u00eb sh\u00ebrbim t\u00eb madh jo vet\u00ebm qeveris\u00eb \u201cBerisha\u201d, por gjith\u00eb shoq\u00ebris\u00eb shqiptare, se ky virus, ka prekur dhe \u00ebsht\u00eb i rreziksh\u00ebm edhe p\u00ebr kabinetet q\u00eb do vijojn\u00eb m\u00eb pas. \u00cbsht\u00eb p\u00ebr t\u2019u p\u00ebrg\u00ebzuar Unioni i Gazetar\u00ebve t\u00eb Shqip\u00ebris\u00eb, p\u00ebr deklarat\u00ebn n\u00eb p\u00ebrkrahje t\u00eb emisionit \u201cFiks Fare\u201d. <\/p>\n<p>Kryeministri i vendit, duhet t\u00eb p\u00ebrdorte filozofin\u00eb e inkurajimit t\u00eb eksploruesve t\u00eb korrupsionit dhe jo t\u00eb shantazhit e bojkotimit t\u00eb tyre. Pozicioni i tij duhet t\u00eb ishte kritik, analizues dhe me p\u00ebrgjegjshm\u00ebri personale. Kryeministri nxitoi t\u00eb mbush\u00eb vendet bosh me ministra, si t\u00eb ishte qeveria nj\u00eb kosh me fiq. Kjo nuk \u00ebsht\u00eb e v\u00ebshtir\u00eb, kur ke nj\u00eb qeveri q\u00eb s\u2019ka hierarki vlerash, por mision aferash. Meta, q\u00eb i mat vlerat me muskujt e trupit dhe jo me muskujt e mendjes, i gjeti rrufe pasardh\u00ebsit e tij siamez\u00eb. <\/p>\n<p>K\u00ebto inskenime, t\u00eb kujtojn\u00eb vargjet brilante t\u00eb Nolit t\u00eb madh: \u201cHall i madh p\u00ebr Skrapallin\u00eb, ka rrezik t\u00eb hash dhe dru, dy ministra le t\u00eb rrin\u00eb, se na duhen dhe pa tru\u201d. Me k\u00ebto arnime t\u00eb qeveris\u00eb, acari i t\u00eb ftohtit t\u00eb korrupsionit, jo vet\u00ebm q\u00eb nuk \u00ebsht\u00eb larguar, por \u00ebsht\u00eb siguruar edhe p\u00ebr vazhdim\u00ebsin\u00eb e k\u00ebsaj qeverie, e me gjer\u00eb. N\u00eb rast se nuk do ndryshoi filozofia qeveris\u00ebse, me kritere dhe forma t\u00eb reja, edhe po t\u00eb nd\u00ebrrohen qeverit\u00eb me t\u00eb djathta e t\u00eb majta, do ndryshoj\u00eb kremastari, por jo korrupsioni. <\/p>\n<p>Drejt\u00ebsia, po t\u00eb q\u00ebndroj\u00eb n\u00eb llogoren q\u00eb \u00ebsht\u00eb, pa marr\u00eb rolin e saj funksional, nuk do t\u00eb arrije t\u2019i heq\u00eb pelenat e korrupsionit dhe \u00e7do qeveri q\u00eb do lind\u00eb, n\u00eb t\u00eb dy krah\u00ebt, do qeveris\u00eb me metoda korruptive, sepse e ka provuar q\u00eb nuk p\u00ebson askush penalitete. Nd\u00ebrsa Kryeministri Berisha, n\u00eb rast se ai ka miq t\u00eb v\u00ebrtet\u00eb, ata duhet ta afrojn\u00eb, ta vizitojn\u00eb, ta kurojn\u00eb, ta sh\u00ebrojn\u00eb, e ta k\u00ebshillojn\u00eb, sepse kjo \u00ebsht\u00eb n\u00eb t\u00eb mir\u00ebn e tij, n\u00eb dobi t\u00eb Partis\u00eb Demokratike, e t\u00eb gjith\u00eb shqiptar\u00ebve.<\/p>\n","protected":false},"excerpt":{"rendered":"<p>Prof. Dr. Ago Nezha T\u00eb gjith\u00eb shqiptar\u00ebt e ndersh\u00ebm jan\u00eb ndier keq, duke p\u00ebrjetuar spektaklin m\u00eb t\u00eb sh\u00ebmtuar parlamentar, me batutat m\u00eb banale, q\u00eb rrall\u00eb e ndesh edhe n\u00eb rruga\u00e7\u00ebrin\u00eb m\u00eb t\u00eb p\u00ebrdal\u00eb t\u00eb llumit t\u00eb shoq\u00ebris\u00eb perverse. Fjalorin e Kryeministrit Berisha do ta p\u00ebrjashtonin edhe n\u00eb kuplarane me t\u00eb \u201cndershme\u201d p\u00ebr imoralitet. Eg\u00ebrsia e [&hellip;]<\/p>\n","protected":false},"author":1,"featured_media":0,"comment_status":"open","ping_status":"closed","sticky":false,"template":"","format":"standard","meta":{"footnotes":""},"categories":[2],"tags":[],"class_list":{"0":"post-5786","1":"post","2":"type-post","3":"status-publish","4":"format-standard","6":"category-artikuj"},"yoast_head":"<!-- This site is optimized with the Yoast SEO plugin v27.4 - https:\/\/yoast.com\/product\/yoast-seo-wordpress\/ -->\n<title>Koalicion i korruptuar - FjALA e LIR\u00cb - Arkivi<\/title>\n<meta name=\"robots\" content=\"index, follow, max-snippet:-1, max-image-preview:large, max-video-preview:-1\" \/>\n<link rel=\"canonical\" href=\"https:\/\/fjala.info\/2009-2015\/koalicion-i-korruptuar\/\" \/>\n<meta property=\"og:locale\" content=\"sq_AL\" \/>\n<meta property=\"og:type\" content=\"article\" \/>\n<meta property=\"og:title\" content=\"Koalicion i korruptuar - FjALA e LIR\u00cb - Arkivi\" \/>\n<meta property=\"og:description\" content=\"Prof. Dr. Ago Nezha T\u00eb gjith\u00eb shqiptar\u00ebt e ndersh\u00ebm jan\u00eb ndier keq, duke p\u00ebrjetuar spektaklin m\u00eb t\u00eb sh\u00ebmtuar parlamentar, me batutat m\u00eb banale, q\u00eb rrall\u00eb e ndesh edhe n\u00eb rruga\u00e7\u00ebrin\u00eb m\u00eb t\u00eb p\u00ebrdal\u00eb t\u00eb llumit t\u00eb shoq\u00ebris\u00eb perverse. Fjalorin e Kryeministrit Berisha do ta p\u00ebrjashtonin edhe n\u00eb kuplarane me t\u00eb \u201cndershme\u201d p\u00ebr imoralitet. Eg\u00ebrsia e [&hellip;]\" \/>\n<meta property=\"og:url\" content=\"https:\/\/fjala.info\/2009-2015\/koalicion-i-korruptuar\/\" \/>\n<meta property=\"og:site_name\" content=\"FjALA e LIR\u00cb - Arkivi\" \/>\n<meta property=\"article:published_time\" content=\"2011-01-21T05:21:47+00:00\" \/>\n<meta name=\"author\" content=\"admin\" \/>\n<meta name=\"twitter:card\" content=\"summary_large_image\" \/>\n<meta name=\"twitter:label1\" content=\"Written by\" \/>\n\t<meta name=\"twitter:data1\" content=\"admin\" \/>\n\t<meta name=\"twitter:label2\" content=\"Est. reading time\" \/>\n\t<meta name=\"twitter:data2\" content=\"5 minutes\" \/>\n<script type=\"application\/ld+json\" class=\"yoast-schema-graph\">{\"@context\":\"https:\\\/\\\/schema.org\",\"@graph\":[{\"@type\":\"Article\",\"@id\":\"https:\\\/\\\/fjala.info\\\/2009-2015\\\/koalicion-i-korruptuar\\\/#article\",\"isPartOf\":{\"@id\":\"https:\\\/\\\/fjala.info\\\/2009-2015\\\/koalicion-i-korruptuar\\\/\"},\"author\":{\"name\":\"admin\",\"@id\":\"https:\\\/\\\/fjala.info\\\/2009-2015\\\/#\\\/schema\\\/person\\\/3aa1163ef05469c496fc94e77611ada2\"},\"headline\":\"Koalicion i korruptuar\",\"datePublished\":\"2011-01-21T05:21:47+00:00\",\"mainEntityOfPage\":{\"@id\":\"https:\\\/\\\/fjala.info\\\/2009-2015\\\/koalicion-i-korruptuar\\\/\"},\"wordCount\":1069,\"commentCount\":0,\"publisher\":{\"@id\":\"https:\\\/\\\/fjala.info\\\/2009-2015\\\/#organization\"},\"articleSection\":[\"Artikuj\"],\"inLanguage\":\"sq-AL\",\"potentialAction\":[{\"@type\":\"CommentAction\",\"name\":\"Comment\",\"target\":[\"https:\\\/\\\/fjala.info\\\/2009-2015\\\/koalicion-i-korruptuar\\\/#respond\"]}]},{\"@type\":\"WebPage\",\"@id\":\"https:\\\/\\\/fjala.info\\\/2009-2015\\\/koalicion-i-korruptuar\\\/\",\"url\":\"https:\\\/\\\/fjala.info\\\/2009-2015\\\/koalicion-i-korruptuar\\\/\",\"name\":\"Koalicion i korruptuar - FjALA e LIR\u00cb - Arkivi\",\"isPartOf\":{\"@id\":\"https:\\\/\\\/fjala.info\\\/2009-2015\\\/#website\"},\"datePublished\":\"2011-01-21T05:21:47+00:00\",\"breadcrumb\":{\"@id\":\"https:\\\/\\\/fjala.info\\\/2009-2015\\\/koalicion-i-korruptuar\\\/#breadcrumb\"},\"inLanguage\":\"sq-AL\",\"potentialAction\":[{\"@type\":\"ReadAction\",\"target\":[\"https:\\\/\\\/fjala.info\\\/2009-2015\\\/koalicion-i-korruptuar\\\/\"]}]},{\"@type\":\"BreadcrumbList\",\"@id\":\"https:\\\/\\\/fjala.info\\\/2009-2015\\\/koalicion-i-korruptuar\\\/#breadcrumb\",\"itemListElement\":[{\"@type\":\"ListItem\",\"position\":1,\"name\":\"Home\",\"item\":\"https:\\\/\\\/fjala.info\\\/2009-2015\\\/\"},{\"@type\":\"ListItem\",\"position\":2,\"name\":\"Koalicion i korruptuar\"}]},{\"@type\":\"WebSite\",\"@id\":\"https:\\\/\\\/fjala.info\\\/2009-2015\\\/#website\",\"url\":\"https:\\\/\\\/fjala.info\\\/2009-2015\\\/\",\"name\":\"FjALA e LIR\u00cb - Arkivi\",\"description\":\"Arkivi 2009-2015\",\"publisher\":{\"@id\":\"https:\\\/\\\/fjala.info\\\/2009-2015\\\/#organization\"},\"potentialAction\":[{\"@type\":\"SearchAction\",\"target\":{\"@type\":\"EntryPoint\",\"urlTemplate\":\"https:\\\/\\\/fjala.info\\\/2009-2015\\\/?s={search_term_string}\"},\"query-input\":{\"@type\":\"PropertyValueSpecification\",\"valueRequired\":true,\"valueName\":\"search_term_string\"}}],\"inLanguage\":\"sq-AL\"},{\"@type\":\"Organization\",\"@id\":\"https:\\\/\\\/fjala.info\\\/2009-2015\\\/#organization\",\"name\":\"FjALA e LIR\u00cb - Arkivi\",\"url\":\"https:\\\/\\\/fjala.info\\\/2009-2015\\\/\",\"logo\":{\"@type\":\"ImageObject\",\"inLanguage\":\"sq-AL\",\"@id\":\"https:\\\/\\\/fjala.info\\\/2009-2015\\\/#\\\/schema\\\/logo\\\/image\\\/\",\"url\":\"\",\"contentUrl\":\"\",\"caption\":\"FjALA e LIR\u00cb - Arkivi\"},\"image\":{\"@id\":\"https:\\\/\\\/fjala.info\\\/2009-2015\\\/#\\\/schema\\\/logo\\\/image\\\/\"}},{\"@type\":\"Person\",\"@id\":\"https:\\\/\\\/fjala.info\\\/2009-2015\\\/#\\\/schema\\\/person\\\/3aa1163ef05469c496fc94e77611ada2\",\"name\":\"admin\",\"image\":{\"@type\":\"ImageObject\",\"inLanguage\":\"sq-AL\",\"@id\":\"https:\\\/\\\/fjala.info\\\/2009-2015\\\/wp-content\\\/uploads\\\/2012\\\/02\\\/arben_cokaj-120x150.jpg\",\"url\":\"https:\\\/\\\/fjala.info\\\/2009-2015\\\/wp-content\\\/uploads\\\/2012\\\/02\\\/arben_cokaj-120x150.jpg\",\"contentUrl\":\"https:\\\/\\\/fjala.info\\\/2009-2015\\\/wp-content\\\/uploads\\\/2012\\\/02\\\/arben_cokaj-120x150.jpg\",\"caption\":\"admin\"},\"description\":\"Admin, Fjala e Lir\u00eb\",\"sameAs\":[\"https:\\\/\\\/fjala.info\\\/\"],\"url\":\"https:\\\/\\\/fjala.info\\\/2009-2015\\\/author\\\/admin\\\/\"}]}<\/script>\n<!-- \/ Yoast SEO plugin. -->","yoast_head_json":{"title":"Koalicion i korruptuar - FjALA e LIR\u00cb - Arkivi","robots":{"index":"index","follow":"follow","max-snippet":"max-snippet:-1","max-image-preview":"max-image-preview:large","max-video-preview":"max-video-preview:-1"},"canonical":"https:\/\/fjala.info\/2009-2015\/koalicion-i-korruptuar\/","og_locale":"sq_AL","og_type":"article","og_title":"Koalicion i korruptuar - FjALA e LIR\u00cb - Arkivi","og_description":"Prof. Dr. Ago Nezha T\u00eb gjith\u00eb shqiptar\u00ebt e ndersh\u00ebm jan\u00eb ndier keq, duke p\u00ebrjetuar spektaklin m\u00eb t\u00eb sh\u00ebmtuar parlamentar, me batutat m\u00eb banale, q\u00eb rrall\u00eb e ndesh edhe n\u00eb rruga\u00e7\u00ebrin\u00eb m\u00eb t\u00eb p\u00ebrdal\u00eb t\u00eb llumit t\u00eb shoq\u00ebris\u00eb perverse. Fjalorin e Kryeministrit Berisha do ta p\u00ebrjashtonin edhe n\u00eb kuplarane me t\u00eb \u201cndershme\u201d p\u00ebr imoralitet. Eg\u00ebrsia e [&hellip;]","og_url":"https:\/\/fjala.info\/2009-2015\/koalicion-i-korruptuar\/","og_site_name":"FjALA e LIR\u00cb - Arkivi","article_published_time":"2011-01-21T05:21:47+00:00","author":"admin","twitter_card":"summary_large_image","twitter_misc":{"Written by":"admin","Est. reading time":"5 minutes"},"schema":{"@context":"https:\/\/schema.org","@graph":[{"@type":"Article","@id":"https:\/\/fjala.info\/2009-2015\/koalicion-i-korruptuar\/#article","isPartOf":{"@id":"https:\/\/fjala.info\/2009-2015\/koalicion-i-korruptuar\/"},"author":{"name":"admin","@id":"https:\/\/fjala.info\/2009-2015\/#\/schema\/person\/3aa1163ef05469c496fc94e77611ada2"},"headline":"Koalicion i korruptuar","datePublished":"2011-01-21T05:21:47+00:00","mainEntityOfPage":{"@id":"https:\/\/fjala.info\/2009-2015\/koalicion-i-korruptuar\/"},"wordCount":1069,"commentCount":0,"publisher":{"@id":"https:\/\/fjala.info\/2009-2015\/#organization"},"articleSection":["Artikuj"],"inLanguage":"sq-AL","potentialAction":[{"@type":"CommentAction","name":"Comment","target":["https:\/\/fjala.info\/2009-2015\/koalicion-i-korruptuar\/#respond"]}]},{"@type":"WebPage","@id":"https:\/\/fjala.info\/2009-2015\/koalicion-i-korruptuar\/","url":"https:\/\/fjala.info\/2009-2015\/koalicion-i-korruptuar\/","name":"Koalicion i korruptuar - FjALA e LIR\u00cb - Arkivi","isPartOf":{"@id":"https:\/\/fjala.info\/2009-2015\/#website"},"datePublished":"2011-01-21T05:21:47+00:00","breadcrumb":{"@id":"https:\/\/fjala.info\/2009-2015\/koalicion-i-korruptuar\/#breadcrumb"},"inLanguage":"sq-AL","potentialAction":[{"@type":"ReadAction","target":["https:\/\/fjala.info\/2009-2015\/koalicion-i-korruptuar\/"]}]},{"@type":"BreadcrumbList","@id":"https:\/\/fjala.info\/2009-2015\/koalicion-i-korruptuar\/#breadcrumb","itemListElement":[{"@type":"ListItem","position":1,"name":"Home","item":"https:\/\/fjala.info\/2009-2015\/"},{"@type":"ListItem","position":2,"name":"Koalicion i korruptuar"}]},{"@type":"WebSite","@id":"https:\/\/fjala.info\/2009-2015\/#website","url":"https:\/\/fjala.info\/2009-2015\/","name":"FjALA e LIR\u00cb - Arkivi","description":"Arkivi 2009-2015","publisher":{"@id":"https:\/\/fjala.info\/2009-2015\/#organization"},"potentialAction":[{"@type":"SearchAction","target":{"@type":"EntryPoint","urlTemplate":"https:\/\/fjala.info\/2009-2015\/?s={search_term_string}"},"query-input":{"@type":"PropertyValueSpecification","valueRequired":true,"valueName":"search_term_string"}}],"inLanguage":"sq-AL"},{"@type":"Organization","@id":"https:\/\/fjala.info\/2009-2015\/#organization","name":"FjALA e LIR\u00cb - Arkivi","url":"https:\/\/fjala.info\/2009-2015\/","logo":{"@type":"ImageObject","inLanguage":"sq-AL","@id":"https:\/\/fjala.info\/2009-2015\/#\/schema\/logo\/image\/","url":"","contentUrl":"","caption":"FjALA e LIR\u00cb - Arkivi"},"image":{"@id":"https:\/\/fjala.info\/2009-2015\/#\/schema\/logo\/image\/"}},{"@type":"Person","@id":"https:\/\/fjala.info\/2009-2015\/#\/schema\/person\/3aa1163ef05469c496fc94e77611ada2","name":"admin","image":{"@type":"ImageObject","inLanguage":"sq-AL","@id":"https:\/\/fjala.info\/2009-2015\/wp-content\/uploads\/2012\/02\/arben_cokaj-120x150.jpg","url":"https:\/\/fjala.info\/2009-2015\/wp-content\/uploads\/2012\/02\/arben_cokaj-120x150.jpg","contentUrl":"https:\/\/fjala.info\/2009-2015\/wp-content\/uploads\/2012\/02\/arben_cokaj-120x150.jpg","caption":"admin"},"description":"Admin, Fjala e Lir\u00eb","sameAs":["https:\/\/fjala.info\/"],"url":"https:\/\/fjala.info\/2009-2015\/author\/admin\/"}]}},"_links":{"self":[{"href":"https:\/\/fjala.info\/2009-2015\/wp-json\/wp\/v2\/posts\/5786","targetHints":{"allow":["GET"]}}],"collection":[{"href":"https:\/\/fjala.info\/2009-2015\/wp-json\/wp\/v2\/posts"}],"about":[{"href":"https:\/\/fjala.info\/2009-2015\/wp-json\/wp\/v2\/types\/post"}],"author":[{"embeddable":true,"href":"https:\/\/fjala.info\/2009-2015\/wp-json\/wp\/v2\/users\/1"}],"replies":[{"embeddable":true,"href":"https:\/\/fjala.info\/2009-2015\/wp-json\/wp\/v2\/comments?post=5786"}],"version-history":[{"count":0,"href":"https:\/\/fjala.info\/2009-2015\/wp-json\/wp\/v2\/posts\/5786\/revisions"}],"wp:attachment":[{"href":"https:\/\/fjala.info\/2009-2015\/wp-json\/wp\/v2\/media?parent=5786"}],"wp:term":[{"taxonomy":"category","embeddable":true,"href":"https:\/\/fjala.info\/2009-2015\/wp-json\/wp\/v2\/categories?post=5786"},{"taxonomy":"post_tag","embeddable":true,"href":"https:\/\/fjala.info\/2009-2015\/wp-json\/wp\/v2\/tags?post=5786"}],"curies":[{"name":"wp","href":"https:\/\/api.w.org\/{rel}","templated":true}]}}