{"id":5784,"date":"2011-01-21T08:17:00","date_gmt":"2011-01-21T07:17:00","guid":{"rendered":"http:\/\/fjala.shkoder.net\/?p=5784"},"modified":"2011-01-21T08:17:00","modified_gmt":"2011-01-21T07:17:00","slug":"leter-e-hapur-kryetares-se-gjykates-se-larte","status":"publish","type":"post","link":"https:\/\/fjala.info\/2009-2015\/leter-e-hapur-kryetares-se-gjykates-se-larte\/","title":{"rendered":"Let\u00ebr e hapur kryetares s\u00eb Gjykat\u00ebs s\u00eb Lart\u00eb"},"content":{"rendered":"<p><strong>Dritan Hila<\/strong>, <em>21.01.2011<\/em><\/p>\n<p>Zonja <strong>Shpresa Brecaj<\/strong>, <em>kryetare e Gjykat\u00ebs s\u00eb Lart\u00eb t\u00eb RSH!<\/em><\/p>\n<p>Po ju shkruaj k\u00ebt\u00eb let\u00ebr publike, jo p\u00ebr shkak t\u00eb munges\u00ebs s\u00eb besimit se n\u00ebse do ishte nisur privatisht nuk do ta lexonit, por p\u00ebr arsye se n\u00eb nj\u00eb komunikim me publikun shmangen th\u00ebniet e s\u00eb v\u00ebrtet\u00ebs p\u00ebr nj\u00eb anashkalim t\u00eb ligjit q\u00eb keni b\u00ebr\u00eb, duke ndikuar me em\u00ebrimin e vajz\u00ebs tuaj n\u00eb strukturat e sh\u00ebrbimit diplomatik shqiptar. E b\u00ebj k\u00ebt\u00eb edhe si nj\u00eb satisfaksion moral t\u00eb dhjet\u00ebra diplomat\u00ebve q\u00eb v\u00ebndin e pun\u00ebs e kan\u00eb fituar me djers\u00ebn e ballit; t\u00eb cil\u00ebt e njohin shum\u00eb mir\u00eb profesionin e tyre dhe ligjin mbi t\u00eb cilin funksionon, si dhe p\u00ebr hir t\u00eb atyre shqiptar\u00ebve q\u00eb nuk kan\u00eb mund\u00ebsit\u00eb dhe njohjet tuaja, por kan\u00eb po aq t\u00eb drejt\u00eb q\u00eb f\u00ebmij\u00ebt e tyre t\u00eb punojn\u00eb n\u00eb k\u00ebt\u00eb sh\u00ebrbim, pasi jan\u00eb bashk\u00ebpronarw mbi v\u00ebndin e quajtur Shqip\u00ebri, po aq sa ju dhe ca t\u00eb tjer\u00eb, q\u00eb ju duket sikur ja u ka l\u00ebn\u00eb babai me tapi, por nuk kan\u00eb mund\u00ebsi, pasi z\u00ebnia e k\u00ebtyre posteve nga f\u00ebmij\u00eb t\u00eb baballar\u00ebve e n\u00ebnave \u201ct\u00eb zot\u201d, nuk ju l\u00eb nj\u00eb shans.<\/p>\n<p>\u00cbsht\u00eb i nevojsh\u00ebm ky sqarim i hapur p\u00ebr faktin se, kjo mosp\u00ebrfillje e ligjit vjen nga personi i cili \u00ebsht\u00eb instanca e fundit ku shqiptar\u00ebt mund t\u00eb gjejn\u00eb drejt\u00ebsin\u00eb mbi tok\u00eb, e pas s\u00eb cil\u00ebs mbetet vet\u00ebm drejt\u00ebsia e Zotit, si dhe \u00ebsht\u00eb detyr\u00eb qytetare q\u00eb t\u00eb denoncohet, kur kjo vjen nga njer\u00ebz q\u00eb p\u00ebrfaq\u00ebsojn\u00eb drejt\u00ebsin\u00eb, q\u00eb \u00ebsht\u00eb pushteti dhe instanca e fundit q\u00eb mund t\u00eb korrigjoj\u00eb d\u00ebmet, shtypjen dhe padrejt\u00ebsin\u00eb q\u00eb ju shkaktojn\u00eb pushtetet e tjera. \u00cbsht\u00eb detyr\u00eb civile t\u00eb b\u00ebhet ky paralajm\u00ebrim publik, pasi nd\u00ebrhyrja juaj, \u00ebsht\u00eb tregues se sistemi i drejt\u00ebsis\u00eb \u00ebsht\u00eb i ndikuar nga interesa personale dhe i molepsur nga trafiku i influenc\u00ebs, gj\u00eb e cila duhet t\u00eb ndryshoj\u00eb, pasi ky \u00ebsht\u00eb pushteti i fundit ku shoq\u00ebrit\u00eb mb\u00ebshtesin besimin e tyre dhe, pas krimbjes s\u00eb tyre, vjen sh\u00ebmbja e shoq\u00ebris\u00eb dhe historia ka treguar se ka ndodhur edhe r\u00ebnia e kombeve. Aq m\u00eb urgjente b\u00ebhet, pasi rasti juaj, \u00ebsht\u00eb tregues i qart\u00eb se pse drejt\u00ebsia dhe prokuroria si segment i saj, nuk ka qullosur asgj\u00eb n\u00eb mbrojtje t\u00eb interesave publike dhe t\u00eb b\u00ebj\u00eb pun\u00ebn p\u00ebr t\u00eb cil\u00ebn paguhet.<\/p>\n<p>Besoj se duhet ta dini q\u00eb revoltat dhe revolucionet, n\u00eb histori kan\u00eb ndodhur m\u00eb shum\u00eb p\u00ebr shkak t\u00eb munges\u00ebs s\u00eb drejt\u00ebsis\u00eb sesa nga varf\u00ebria: Revolucioni Francez, ndodhi p\u00ebr shkak t\u00eb abuzimeve me pasurin\u00eb publike t\u00eb Mari Antuanet\u00ebs dhe mos nd\u00ebshkimit t\u00eb saj; Revolucioni Amerikan, p\u00ebr shkak t\u00eb taksave t\u00eb padrejta dhe munges\u00ebn e drejt\u00ebsis\u00eb nga Mbreti i Anglis\u00eb ndaj shtetasve t\u00eb tij t\u00eb p\u00ebrtej detit; Revolucioni Rus, p\u00ebr shkak t\u00eb korruptimit t\u00eb sistemit carist. Po ashtu mungesa e besimit se ky v\u00ebnd do t\u00eb b\u00ebhet ndonj\u00ebher\u00eb, ku fet\u00ebn e madhe n\u00eb g\u00ebrryerjen e tij e ka drejt\u00ebsia e munguar, ka shkaktuar hemorragjin\u00eb e nj\u00eb t\u00eb kat\u00ebrt\u00ebs s\u00eb popullsis\u00eb s\u00eb k\u00ebtij v\u00ebndi, me shenja ende t\u00eb pakta ndalimi. I them k\u00ebto fakte, p\u00ebr t\u2019ju b\u00ebr\u00eb t\u00eb nd\u00ebrgjegjshme p\u00ebr postin q\u00eb mbani, dhe p\u00ebr t\u2019ju v\u00ebn\u00eb n\u00eb dijeni n\u00ebse formimi juaj akademik i m\u00ebparsh\u00ebm nuk ja u ka dh\u00ebn\u00eb.<\/p>\n<p>Nuk \u00ebsht\u00eb reale kur thoni se vajza juaj \u00ebsht\u00eb em\u00ebruar n\u00eb p\u00ebrputhje me ligjin, pasi n\u00ebse e keni lexuar t\u00eb vetmin ligj, t\u00eb vetmen rregullore dhe t\u00eb vetmen VKM mbi t\u00eb cilat rregullohet ky sh\u00ebrbim, do konstatonit se vajza juaj duhej t\u00eb pranohej me konkurs, pas nj\u00eb njoftimi t\u00eb shpallur n\u00eb gazet\u00eb, dhe n\u00ebse fitonte konkursin, duhet t\u00eb rrinte nj\u00eb vit n\u00eb prov\u00eb. Vet\u00ebm pas k\u00ebtij viti prove mund t\u00eb konfirmohej si diplomate dhe, pas dy vjet\u00ebsh pune n\u00eb aparatin e MPJ-s\u00eb, pra nj\u00eb totali prej tre vjet\u00ebsh, mund t\u00eb \u00e7ohej n\u00eb p\u00ebrfaq\u00ebsi jasht\u00eb shtetit.<\/p>\n<p>Besoj se ju e keni lexuar k\u00ebt\u00eb, e n\u00eb mos ju, vajza do ta ket\u00eb m\u00ebsuar dhe ja u ka th\u00ebn\u00eb, se t\u00eb dyja i keni b\u00ebr\u00eb llogarit\u00eb dhe ju rezultoi se nuk ishit n\u00eb rregull me ligjin.<\/p>\n<p>Nuk mund t\u00eb mbroheni dot as duke u kapur tek VKM-ja, vendim i b\u00ebr\u00eb nga ish ministri q\u00eb flet shtruar. Gjasht\u00eb vjet p\u00ebrpara, p\u00ebr t\u00eb justifikuar transfuzionin q\u00eb kishte nd\u00ebr m\u00ebnd ti b\u00ebnte ministris\u00eb s\u00eb jashtme, stisi VKM-n\u00eb e cila teorikisht parashikonte em\u00ebrimin n\u00eb p\u00ebrfaq\u00ebsi t\u00eb caktuara p\u00ebr probleme specifike, t\u00eb personaliteteve nga fusha t\u00eb ndryshme t\u00eb dijes. Menj\u00ebher\u00eb pas miratimit, si\u00e7 ndodh n\u00eb tradit\u00ebn m\u00eb t\u00eb mir\u00eb t\u00eb qeverisjes shqiptare, dhe q\u00ebllimin real t\u00eb cilin kishte ky vendim, i zbraz\u00ebn p\u00ebrfaq\u00ebsit\u00eb nga diplomat\u00ebt e karrier\u00ebs dhe i mbush\u00ebn pa asnj\u00eb kriter me kush\u00ebrinj, emigrant\u00eb, militant\u00eb, e shtetas t\u00eb huaj, duke e prur\u00eb k\u00ebt\u00eb sh\u00ebrbim n\u00eb derexhen\u00eb q\u00eb \u00ebsht\u00eb sot, e ku gjysma e tyre e marrin fjal\u00ebn Roma p\u00ebr Toma. Por me sa di un\u00eb, vajza juaj as \u00ebsht\u00eb personalitet, e as \u00ebsht\u00eb shquar n\u00eb ndonj\u00eb fush\u00eb t\u00eb dijes, ndaj nuk ka pse pretendon t\u00eb kap\u00ebrcej\u00eb tre e nga tre shkall\u00ebt e karier\u00ebs.<\/p>\n<p>Me siguri, q\u00eb ju e dini se n\u00eb vend t\u00eb meritokracis\u00eb si kriter themelor i nj\u00eb administrate moderne, n\u00eb administrat\u00ebn shqiptare kriter baz\u00eb \u00ebsht\u00eb aft\u00ebsia p\u00ebr t\u00eb ushtruar korrupsionin politik, moral dhe at\u00eb financiar, t\u00eb cil\u00ebt jan\u00eb shtruar k\u00ebmb\u00ebkryq n\u00eb rekrutime, pasi nuk ka si spjegohet ndryshe q\u00eb gati gjysma e n\u00ebpun\u00ebsve shtet\u00ebror\u00eb kan\u00eb shkelje ligji mbi rekrutimin n\u00eb dosjet e tyre; ose jan\u00eb n\u00eb pozicione drejtuese n\u00eb kund\u00ebrshtim me ligjin; ose ka abuzime n\u00eb promovim ose dh\u00ebnien e statusit t\u00eb n\u00ebpun\u00ebsit civil n\u00eb m\u00ebnyr\u00eb t\u00eb pa merituar e n\u00eb shkelje me ligjin, me favorizimin pik\u00ebrisht nga njer\u00ebzit q\u00eb ligji ju njeh funksionin e rojes s\u00eb tij; ose raste flagrante kur paguhen si n\u00ebpun\u00ebs t\u00eb ministrive pa u paraqitur nj\u00eb dit\u00eb n\u00eb zyr\u00eb, dhe p\u00ebrfitojn\u00eb statusin e n\u00ebpun\u00ebsit civil dhe em\u00ebrime spektakolare.<\/p>\n<p>Duke d\u00ebgjuar k\u00ebto raste, si nj\u00eb n\u00ebn\u00eb e mir\u00eb keni menduar ti afroni nj\u00eb mund\u00ebsi vajz\u00ebs tuaj. Por ju nuk jeni nj\u00eb n\u00ebn\u00eb e zakonshme, pasi merrni nj\u00eb rrog\u00eb dy milionshe, p\u00ebrve\u00e7 celularit dhe makin\u00ebs pa pages\u00eb, n\u00eb nj\u00eb v\u00ebnd ku papun\u00ebsia p\u00ebrfshin 20% t\u00eb fuqis\u00eb pun\u00ebtore dhe asistenca \u00ebsht\u00eb vet\u00ebm 60 mij\u00eb lek\u00eb, ndaj detyra juaj \u00ebsht\u00eb t\u00eb jepni drejt\u00ebsin\u00eb, por edhe t\u00eb jepni sh\u00ebmbullin personal dhe familjar se jeni zbatuese e ligjshm\u00ebris\u00eb.<\/p>\n<p>Duke q\u00ebn\u00eb se keni b\u00ebr\u00eb t\u00eb kund\u00ebrt\u00ebn e asaj \u00e7ka presupozon posti juaj, dhe p\u00ebr t\u00eb ruajtuar aparencat dhe imazhin publik, keni shfryt\u00ebzuar mosnjohjen e ligjit nga ana e publikut n\u00eb komunikimin m\u00eb t\u00eb, juve duhet t\u00eb jepni dor\u00ebheqjen. N\u00ebse nuk e keni njohur ligjin por keni folur n\u00eb tym, duhet dyfish t\u00eb jepni dor\u00ebheqjen.<\/p>\n<p>Un\u00eb jam i bindur se dor\u00ebheqja nuk do t\u00eb ndodh\u00eb, pasi k\u00ebto veprime i nd\u00ebrmarin njer\u00ebz me moral t\u00eb lart\u00eb profesional, virtyt i cili lul\u00ebzon n\u00eb Europ\u00ebn e civilizuar nd\u00ebrsa k\u00ebtu quhet simptom\u00eb e budallall\u00ebkut. Po ashtu m\u00eb e pak\u00ebt \u00ebsht\u00eb shpresa q\u00eb kjo t\u00eb ndodh\u00eb, pasi shqiptar\u00ebt kur japin dor\u00ebheqjen nuk e konceptojn\u00eb si nj\u00eb akt fisnik pendese, por mendojn\u00eb t\u2019i shmangen val\u00ebs s\u00eb turpit e kritikave duke dal\u00eb nga dera, p\u00ebr t\u00eb hyr\u00eb m\u00eb von\u00eb nga penxherja, gj\u00eb q\u00eb ligja n\u00eb rastin tuaj nuk ja u mund\u00ebson. Por sa m\u00eb sip\u00ebr shkruajtur, \u00ebsht\u00eb si nj\u00eb shenj\u00eb t\u00eb cil\u00ebn e ndjej p\u00ebr detyr\u00eb tja u nis p\u00ebr t\u00eb treguar se shqiptar\u00ebt kan\u00eb inteligjenc\u00eb dhe m\u00ebnd m\u00eb shum\u00eb se shum\u00eb nga ata q\u00eb i drejtojn\u00eb, dhe q\u00eb nuk ja u keni hedhur.<\/p>\n","protected":false},"excerpt":{"rendered":"<p>Dritan Hila, 21.01.2011 Zonja Shpresa Brecaj, kryetare e Gjykat\u00ebs s\u00eb Lart\u00eb t\u00eb RSH! Po ju shkruaj k\u00ebt\u00eb let\u00ebr publike, jo p\u00ebr shkak t\u00eb munges\u00ebs s\u00eb besimit se n\u00ebse do ishte nisur privatisht nuk do ta lexonit, por p\u00ebr arsye se n\u00eb nj\u00eb komunikim me publikun shmangen th\u00ebniet e s\u00eb v\u00ebrtet\u00ebs p\u00ebr nj\u00eb anashkalim t\u00eb ligjit [&hellip;]<\/p>\n","protected":false},"author":1,"featured_media":0,"comment_status":"open","ping_status":"closed","sticky":false,"template":"","format":"standard","meta":{"footnotes":""},"categories":[2],"tags":[],"class_list":{"0":"post-5784","1":"post","2":"type-post","3":"status-publish","4":"format-standard","6":"category-artikuj"},"yoast_head":"<!-- This site is optimized with the Yoast SEO plugin v27.4 - https:\/\/yoast.com\/product\/yoast-seo-wordpress\/ -->\n<title>Let\u00ebr e hapur kryetares s\u00eb Gjykat\u00ebs s\u00eb Lart\u00eb - FjALA e LIR\u00cb - Arkivi<\/title>\n<meta name=\"robots\" content=\"index, follow, max-snippet:-1, max-image-preview:large, max-video-preview:-1\" \/>\n<link rel=\"canonical\" href=\"https:\/\/fjala.info\/2009-2015\/leter-e-hapur-kryetares-se-gjykates-se-larte\/\" \/>\n<meta property=\"og:locale\" content=\"sq_AL\" \/>\n<meta property=\"og:type\" content=\"article\" \/>\n<meta property=\"og:title\" content=\"Let\u00ebr e hapur kryetares s\u00eb Gjykat\u00ebs s\u00eb Lart\u00eb - FjALA e LIR\u00cb - Arkivi\" \/>\n<meta property=\"og:description\" content=\"Dritan Hila, 21.01.2011 Zonja Shpresa Brecaj, kryetare e Gjykat\u00ebs s\u00eb Lart\u00eb t\u00eb RSH! Po ju shkruaj k\u00ebt\u00eb let\u00ebr publike, jo p\u00ebr shkak t\u00eb munges\u00ebs s\u00eb besimit se n\u00ebse do ishte nisur privatisht nuk do ta lexonit, por p\u00ebr arsye se n\u00eb nj\u00eb komunikim me publikun shmangen th\u00ebniet e s\u00eb v\u00ebrtet\u00ebs p\u00ebr nj\u00eb anashkalim t\u00eb ligjit [&hellip;]\" \/>\n<meta property=\"og:url\" content=\"https:\/\/fjala.info\/2009-2015\/leter-e-hapur-kryetares-se-gjykates-se-larte\/\" \/>\n<meta property=\"og:site_name\" content=\"FjALA e LIR\u00cb - Arkivi\" \/>\n<meta property=\"article:published_time\" content=\"2011-01-21T07:17:00+00:00\" \/>\n<meta name=\"author\" content=\"admin\" \/>\n<meta name=\"twitter:card\" content=\"summary_large_image\" \/>\n<meta name=\"twitter:label1\" content=\"Written by\" \/>\n\t<meta name=\"twitter:data1\" content=\"admin\" \/>\n\t<meta name=\"twitter:label2\" content=\"Est. reading time\" \/>\n\t<meta name=\"twitter:data2\" content=\"7 minutes\" \/>\n<script type=\"application\/ld+json\" class=\"yoast-schema-graph\">{\"@context\":\"https:\\\/\\\/schema.org\",\"@graph\":[{\"@type\":\"Article\",\"@id\":\"https:\\\/\\\/fjala.info\\\/2009-2015\\\/leter-e-hapur-kryetares-se-gjykates-se-larte\\\/#article\",\"isPartOf\":{\"@id\":\"https:\\\/\\\/fjala.info\\\/2009-2015\\\/leter-e-hapur-kryetares-se-gjykates-se-larte\\\/\"},\"author\":{\"name\":\"admin\",\"@id\":\"https:\\\/\\\/fjala.info\\\/2009-2015\\\/#\\\/schema\\\/person\\\/3aa1163ef05469c496fc94e77611ada2\"},\"headline\":\"Let\u00ebr e hapur kryetares s\u00eb Gjykat\u00ebs s\u00eb Lart\u00eb\",\"datePublished\":\"2011-01-21T07:17:00+00:00\",\"mainEntityOfPage\":{\"@id\":\"https:\\\/\\\/fjala.info\\\/2009-2015\\\/leter-e-hapur-kryetares-se-gjykates-se-larte\\\/\"},\"wordCount\":1418,\"commentCount\":0,\"publisher\":{\"@id\":\"https:\\\/\\\/fjala.info\\\/2009-2015\\\/#organization\"},\"articleSection\":[\"Artikuj\"],\"inLanguage\":\"sq-AL\",\"potentialAction\":[{\"@type\":\"CommentAction\",\"name\":\"Comment\",\"target\":[\"https:\\\/\\\/fjala.info\\\/2009-2015\\\/leter-e-hapur-kryetares-se-gjykates-se-larte\\\/#respond\"]}]},{\"@type\":\"WebPage\",\"@id\":\"https:\\\/\\\/fjala.info\\\/2009-2015\\\/leter-e-hapur-kryetares-se-gjykates-se-larte\\\/\",\"url\":\"https:\\\/\\\/fjala.info\\\/2009-2015\\\/leter-e-hapur-kryetares-se-gjykates-se-larte\\\/\",\"name\":\"Let\u00ebr e hapur kryetares s\u00eb Gjykat\u00ebs s\u00eb Lart\u00eb - FjALA e LIR\u00cb - Arkivi\",\"isPartOf\":{\"@id\":\"https:\\\/\\\/fjala.info\\\/2009-2015\\\/#website\"},\"datePublished\":\"2011-01-21T07:17:00+00:00\",\"breadcrumb\":{\"@id\":\"https:\\\/\\\/fjala.info\\\/2009-2015\\\/leter-e-hapur-kryetares-se-gjykates-se-larte\\\/#breadcrumb\"},\"inLanguage\":\"sq-AL\",\"potentialAction\":[{\"@type\":\"ReadAction\",\"target\":[\"https:\\\/\\\/fjala.info\\\/2009-2015\\\/leter-e-hapur-kryetares-se-gjykates-se-larte\\\/\"]}]},{\"@type\":\"BreadcrumbList\",\"@id\":\"https:\\\/\\\/fjala.info\\\/2009-2015\\\/leter-e-hapur-kryetares-se-gjykates-se-larte\\\/#breadcrumb\",\"itemListElement\":[{\"@type\":\"ListItem\",\"position\":1,\"name\":\"Home\",\"item\":\"https:\\\/\\\/fjala.info\\\/2009-2015\\\/\"},{\"@type\":\"ListItem\",\"position\":2,\"name\":\"Let\u00ebr e hapur kryetares s\u00eb Gjykat\u00ebs s\u00eb Lart\u00eb\"}]},{\"@type\":\"WebSite\",\"@id\":\"https:\\\/\\\/fjala.info\\\/2009-2015\\\/#website\",\"url\":\"https:\\\/\\\/fjala.info\\\/2009-2015\\\/\",\"name\":\"FjALA e LIR\u00cb - Arkivi\",\"description\":\"Arkivi 2009-2015\",\"publisher\":{\"@id\":\"https:\\\/\\\/fjala.info\\\/2009-2015\\\/#organization\"},\"potentialAction\":[{\"@type\":\"SearchAction\",\"target\":{\"@type\":\"EntryPoint\",\"urlTemplate\":\"https:\\\/\\\/fjala.info\\\/2009-2015\\\/?s={search_term_string}\"},\"query-input\":{\"@type\":\"PropertyValueSpecification\",\"valueRequired\":true,\"valueName\":\"search_term_string\"}}],\"inLanguage\":\"sq-AL\"},{\"@type\":\"Organization\",\"@id\":\"https:\\\/\\\/fjala.info\\\/2009-2015\\\/#organization\",\"name\":\"FjALA e LIR\u00cb - Arkivi\",\"url\":\"https:\\\/\\\/fjala.info\\\/2009-2015\\\/\",\"logo\":{\"@type\":\"ImageObject\",\"inLanguage\":\"sq-AL\",\"@id\":\"https:\\\/\\\/fjala.info\\\/2009-2015\\\/#\\\/schema\\\/logo\\\/image\\\/\",\"url\":\"\",\"contentUrl\":\"\",\"caption\":\"FjALA e LIR\u00cb - Arkivi\"},\"image\":{\"@id\":\"https:\\\/\\\/fjala.info\\\/2009-2015\\\/#\\\/schema\\\/logo\\\/image\\\/\"}},{\"@type\":\"Person\",\"@id\":\"https:\\\/\\\/fjala.info\\\/2009-2015\\\/#\\\/schema\\\/person\\\/3aa1163ef05469c496fc94e77611ada2\",\"name\":\"admin\",\"image\":{\"@type\":\"ImageObject\",\"inLanguage\":\"sq-AL\",\"@id\":\"https:\\\/\\\/fjala.info\\\/2009-2015\\\/wp-content\\\/uploads\\\/2012\\\/02\\\/arben_cokaj-120x150.jpg\",\"url\":\"https:\\\/\\\/fjala.info\\\/2009-2015\\\/wp-content\\\/uploads\\\/2012\\\/02\\\/arben_cokaj-120x150.jpg\",\"contentUrl\":\"https:\\\/\\\/fjala.info\\\/2009-2015\\\/wp-content\\\/uploads\\\/2012\\\/02\\\/arben_cokaj-120x150.jpg\",\"caption\":\"admin\"},\"description\":\"Admin, Fjala e Lir\u00eb\",\"sameAs\":[\"https:\\\/\\\/fjala.info\\\/\"],\"url\":\"https:\\\/\\\/fjala.info\\\/2009-2015\\\/author\\\/admin\\\/\"}]}<\/script>\n<!-- \/ Yoast SEO plugin. -->","yoast_head_json":{"title":"Let\u00ebr e hapur kryetares s\u00eb Gjykat\u00ebs s\u00eb Lart\u00eb - FjALA e LIR\u00cb - Arkivi","robots":{"index":"index","follow":"follow","max-snippet":"max-snippet:-1","max-image-preview":"max-image-preview:large","max-video-preview":"max-video-preview:-1"},"canonical":"https:\/\/fjala.info\/2009-2015\/leter-e-hapur-kryetares-se-gjykates-se-larte\/","og_locale":"sq_AL","og_type":"article","og_title":"Let\u00ebr e hapur kryetares s\u00eb Gjykat\u00ebs s\u00eb Lart\u00eb - FjALA e LIR\u00cb - Arkivi","og_description":"Dritan Hila, 21.01.2011 Zonja Shpresa Brecaj, kryetare e Gjykat\u00ebs s\u00eb Lart\u00eb t\u00eb RSH! Po ju shkruaj k\u00ebt\u00eb let\u00ebr publike, jo p\u00ebr shkak t\u00eb munges\u00ebs s\u00eb besimit se n\u00ebse do ishte nisur privatisht nuk do ta lexonit, por p\u00ebr arsye se n\u00eb nj\u00eb komunikim me publikun shmangen th\u00ebniet e s\u00eb v\u00ebrtet\u00ebs p\u00ebr nj\u00eb anashkalim t\u00eb ligjit [&hellip;]","og_url":"https:\/\/fjala.info\/2009-2015\/leter-e-hapur-kryetares-se-gjykates-se-larte\/","og_site_name":"FjALA e LIR\u00cb - Arkivi","article_published_time":"2011-01-21T07:17:00+00:00","author":"admin","twitter_card":"summary_large_image","twitter_misc":{"Written by":"admin","Est. reading time":"7 minutes"},"schema":{"@context":"https:\/\/schema.org","@graph":[{"@type":"Article","@id":"https:\/\/fjala.info\/2009-2015\/leter-e-hapur-kryetares-se-gjykates-se-larte\/#article","isPartOf":{"@id":"https:\/\/fjala.info\/2009-2015\/leter-e-hapur-kryetares-se-gjykates-se-larte\/"},"author":{"name":"admin","@id":"https:\/\/fjala.info\/2009-2015\/#\/schema\/person\/3aa1163ef05469c496fc94e77611ada2"},"headline":"Let\u00ebr e hapur kryetares s\u00eb Gjykat\u00ebs s\u00eb Lart\u00eb","datePublished":"2011-01-21T07:17:00+00:00","mainEntityOfPage":{"@id":"https:\/\/fjala.info\/2009-2015\/leter-e-hapur-kryetares-se-gjykates-se-larte\/"},"wordCount":1418,"commentCount":0,"publisher":{"@id":"https:\/\/fjala.info\/2009-2015\/#organization"},"articleSection":["Artikuj"],"inLanguage":"sq-AL","potentialAction":[{"@type":"CommentAction","name":"Comment","target":["https:\/\/fjala.info\/2009-2015\/leter-e-hapur-kryetares-se-gjykates-se-larte\/#respond"]}]},{"@type":"WebPage","@id":"https:\/\/fjala.info\/2009-2015\/leter-e-hapur-kryetares-se-gjykates-se-larte\/","url":"https:\/\/fjala.info\/2009-2015\/leter-e-hapur-kryetares-se-gjykates-se-larte\/","name":"Let\u00ebr e hapur kryetares s\u00eb Gjykat\u00ebs s\u00eb Lart\u00eb - FjALA e LIR\u00cb - Arkivi","isPartOf":{"@id":"https:\/\/fjala.info\/2009-2015\/#website"},"datePublished":"2011-01-21T07:17:00+00:00","breadcrumb":{"@id":"https:\/\/fjala.info\/2009-2015\/leter-e-hapur-kryetares-se-gjykates-se-larte\/#breadcrumb"},"inLanguage":"sq-AL","potentialAction":[{"@type":"ReadAction","target":["https:\/\/fjala.info\/2009-2015\/leter-e-hapur-kryetares-se-gjykates-se-larte\/"]}]},{"@type":"BreadcrumbList","@id":"https:\/\/fjala.info\/2009-2015\/leter-e-hapur-kryetares-se-gjykates-se-larte\/#breadcrumb","itemListElement":[{"@type":"ListItem","position":1,"name":"Home","item":"https:\/\/fjala.info\/2009-2015\/"},{"@type":"ListItem","position":2,"name":"Let\u00ebr e hapur kryetares s\u00eb Gjykat\u00ebs s\u00eb Lart\u00eb"}]},{"@type":"WebSite","@id":"https:\/\/fjala.info\/2009-2015\/#website","url":"https:\/\/fjala.info\/2009-2015\/","name":"FjALA e LIR\u00cb - Arkivi","description":"Arkivi 2009-2015","publisher":{"@id":"https:\/\/fjala.info\/2009-2015\/#organization"},"potentialAction":[{"@type":"SearchAction","target":{"@type":"EntryPoint","urlTemplate":"https:\/\/fjala.info\/2009-2015\/?s={search_term_string}"},"query-input":{"@type":"PropertyValueSpecification","valueRequired":true,"valueName":"search_term_string"}}],"inLanguage":"sq-AL"},{"@type":"Organization","@id":"https:\/\/fjala.info\/2009-2015\/#organization","name":"FjALA e LIR\u00cb - Arkivi","url":"https:\/\/fjala.info\/2009-2015\/","logo":{"@type":"ImageObject","inLanguage":"sq-AL","@id":"https:\/\/fjala.info\/2009-2015\/#\/schema\/logo\/image\/","url":"","contentUrl":"","caption":"FjALA e LIR\u00cb - Arkivi"},"image":{"@id":"https:\/\/fjala.info\/2009-2015\/#\/schema\/logo\/image\/"}},{"@type":"Person","@id":"https:\/\/fjala.info\/2009-2015\/#\/schema\/person\/3aa1163ef05469c496fc94e77611ada2","name":"admin","image":{"@type":"ImageObject","inLanguage":"sq-AL","@id":"https:\/\/fjala.info\/2009-2015\/wp-content\/uploads\/2012\/02\/arben_cokaj-120x150.jpg","url":"https:\/\/fjala.info\/2009-2015\/wp-content\/uploads\/2012\/02\/arben_cokaj-120x150.jpg","contentUrl":"https:\/\/fjala.info\/2009-2015\/wp-content\/uploads\/2012\/02\/arben_cokaj-120x150.jpg","caption":"admin"},"description":"Admin, Fjala e Lir\u00eb","sameAs":["https:\/\/fjala.info\/"],"url":"https:\/\/fjala.info\/2009-2015\/author\/admin\/"}]}},"_links":{"self":[{"href":"https:\/\/fjala.info\/2009-2015\/wp-json\/wp\/v2\/posts\/5784","targetHints":{"allow":["GET"]}}],"collection":[{"href":"https:\/\/fjala.info\/2009-2015\/wp-json\/wp\/v2\/posts"}],"about":[{"href":"https:\/\/fjala.info\/2009-2015\/wp-json\/wp\/v2\/types\/post"}],"author":[{"embeddable":true,"href":"https:\/\/fjala.info\/2009-2015\/wp-json\/wp\/v2\/users\/1"}],"replies":[{"embeddable":true,"href":"https:\/\/fjala.info\/2009-2015\/wp-json\/wp\/v2\/comments?post=5784"}],"version-history":[{"count":0,"href":"https:\/\/fjala.info\/2009-2015\/wp-json\/wp\/v2\/posts\/5784\/revisions"}],"wp:attachment":[{"href":"https:\/\/fjala.info\/2009-2015\/wp-json\/wp\/v2\/media?parent=5784"}],"wp:term":[{"taxonomy":"category","embeddable":true,"href":"https:\/\/fjala.info\/2009-2015\/wp-json\/wp\/v2\/categories?post=5784"},{"taxonomy":"post_tag","embeddable":true,"href":"https:\/\/fjala.info\/2009-2015\/wp-json\/wp\/v2\/tags?post=5784"}],"curies":[{"name":"wp","href":"https:\/\/api.w.org\/{rel}","templated":true}]}}