{"id":5778,"date":"2011-01-21T07:38:38","date_gmt":"2011-01-21T06:38:38","guid":{"rendered":"http:\/\/fjala.shkoder.net\/?p=5778"},"modified":"2011-01-21T07:38:38","modified_gmt":"2011-01-21T06:38:38","slug":"edi-rama-ne-top-story-situata-eshte-aty-ku-nuk-mban-me","status":"publish","type":"post","link":"https:\/\/fjala.info\/2009-2015\/edi-rama-ne-top-story-situata-eshte-aty-ku-nuk-mban-me\/","title":{"rendered":"Edi Rama n\u00eb Top Story: Situata \u00ebsht\u00eb aty ku nuk mban m\u00eb !"},"content":{"rendered":"<p><img loading=\"lazy\" decoding=\"async\" class=\"alignleft size-medium wp-image-5779\" title=\"Edi Rama n\u00eb Top Story\" src=\"http:\/\/fjala.shkoder.net\/wp-content\/uploads\/2011\/01\/edrama_topstory-300x199.jpg\" alt=\"\" width=\"300\" height=\"199\" \/>Nga <strong>Korresp. 24-ore.com<\/strong><\/p>\n<p><em>Kryetari i opozit\u00ebs Edi Rama gjat\u00eb emisionit Top Story<\/em><\/p>\n<p>Kryetari i PS, Edi Rama ka deklaruar se aktualisht Shqip\u00ebria ndodhet n\u00eb buz\u00eb t\u00eb humner\u00ebs, duke qen\u00eb se sistemet kyce t\u00eb saj nuk funksionojn\u00eb p\u00ebr faj, sipas tij, t\u00eb qeveris\u00eb.<\/p>\n<p>Duke folur n\u00eb emisionin \u201cTop Story\u201d n\u00eb Top Channel, Rama \u00ebsht\u00eb shprehur se pas djegies s\u00eb flet\u00ebve t\u00eb votimit, opozita \u00ebsht\u00eb e vetmja alternativ\u00eb p\u00ebr zgjidhjen e k\u00ebsaj situate t\u00eb degraduar.<\/p>\n<p>\u201cKam shprehur nj\u00eb shqet\u00ebsim q\u00eb kam ndar\u00eb hapur me gjith\u00eb opinionin publik sepse besoj se Shqip\u00ebria sot po p\u00ebrjeton nj\u00eb moment shum\u00eb dramatik. T\u00eb gjitha institucionet kan\u00eb r\u00ebn\u00eb, duke filluar nga zgjedhjet dhe duke mbaruar tek drejt\u00ebsia dhe opozita ka mbetur e fundit gj\u00eb q\u00eb ekziston mes nj\u00eb regjimi kusar\u00ebsh dhe popullit\u201d, ka pohuar Rama.<\/p>\n<p>Sipas tij, protesta e opozit\u00ebs \u00ebsht\u00eb rruga e vetme p\u00ebr t\u00eb zgjidhur k\u00ebt\u00eb situat\u00eb, duke qen\u00eb se t\u00eb gjitha opsionet politike jan\u00eb konsumuar nga \u201cmatrapazll\u00ebku\u201d i qeveris\u00eb.<\/p>\n<p>\u201cJemi n\u00eb kufijt\u00eb fundor\u00eb t\u00eb politik\u00ebs p\u00ebr t\u00eb zgjidhur problemet, pasi gjithcka \u00ebsht\u00eb asgjesuar nga kapja e pushtetit p\u00ebr interesa private nga qeveria e matrapazll\u00ebkut. Opozita mbetet mburoja e fundit dhe \u00ebsht\u00eb alternativa e qeveris\u00eb dhe instrumenti i opinionint publik p\u00ebr t\u00eb kontrolluar qeverin\u00eb n\u00eb Parlament dhe n\u00eb jet\u00ebn e p\u00ebrditshme publike. Dhe n\u00ebse k\u00ebt\u00eb her\u00eb opozita s\u2019b\u00ebn at\u00eb q\u00eb duhet le t\u00eb pranojm\u00eb q\u00eb s\u2019kemi m\u00eb as opozit\u00eb\u201d, ka deklaruar Rama.<\/p>\n<p>Rama ka p\u00ebrjashtuar n\u00eb m\u00ebnyr\u00eb kategorike opsionin e p\u00ebrdorimit t\u00eb dhun\u00ebs nga ana e PS, por nuk e ka p\u00ebrjashtuar nj\u00eb reagim t\u00eb mundsh\u00ebm t\u00eb ashp\u00ebr nga ana e qytetar\u00ebve, t\u00eb cil\u00ebt sipas tij jan\u00eb m\u00eb t\u00eb indinjuar se kurr\u00eb.<\/p>\n<p>\u201cDuke mos e pasur dhun\u00ebn pjes\u00eb se si ne e shohim bot\u00ebn, p\u00ebrball\u00eb kemi pushtetin q\u00eb nuk do t\u2019ia dij\u00eb p\u00ebr asgj\u00eb dhe q\u00eb nuk i jep arsye p\u00ebr ta zgjidhur situat\u00ebn me mjet politik, rrezikojm\u00eb t\u00eb kalohemi nga populli. T\u00eb defaktorizohemi si barriera e fundit q\u00eb ka populli p\u00ebr t\u2019u mbrojtur nga kapja e pushtetit\u201d, ka n\u00ebnvizuar Rama.<\/p>\n<p>\u201cDhuna \u00ebsht\u00eb pa asnj\u00eb lidhje me at\u00eb q\u00eb ne p\u00ebrfaq\u00ebsojm\u00eb. Dhuna \u00ebsht\u00eb t\u00ebr\u00ebsisht e p\u00ebrjashtuar. C\u00ebshtja \u00ebsht\u00eb a do ta jap\u00eb apo jo dor\u00ebheqjen Saliu, a do q\u00ebndroj\u00eb n\u00eb k\u00ebmb\u00eb koalicioni i turpit dhe a do t\u00eb ket\u00eb zgjidhje nj\u00eb kriz\u00eb politike, q\u00eb mund t\u00eb zgjidhet me mjete politike\u201d, ka theksuar ai.<\/p>\n<p>Kryetari i PS, Edi Rama ka deklaruar se ka qen\u00eb n\u00eb dijeni t\u00eb nism\u00ebs s\u00eb ish-ministrit t\u00eb METE Dritan Prifti p\u00ebr t\u00eb denoncuar Ilir Met\u00ebn, ndon\u00ebse jo me detaje p\u00ebrse b\u00ebhej fjal\u00eb.<\/p>\n<p>Duke folur n\u00eb emisionin \u201cTop Story\u201d n\u00eb Top Channel, Rama ka b\u00ebr\u00eb t\u00eb ditur se ka qen\u00eb vet\u00eb Prifti q\u00eb ia ka komunikuar atij nism\u00ebn gjat\u00eb nj\u00eb takimi kok\u00eb m\u00eb kok\u00eb.<\/p>\n<p>\u201cPrifti ka k\u00ebrkuar para pak koh\u00ebsh nj\u00eb takim me mua dhe kreun e grupit parlamentar socialist ku na ka informuar p\u00ebr, sipas tij, arsyet p\u00ebrse nuk e shihte m\u00eb veten n\u00eb kampin e qeveris\u00eb dhe nj\u00ebkoh\u00ebsisht p\u00ebr vullnetin q\u00eb t\u00eb nis\u00eb nj\u00eb betej\u00eb p\u00ebr t\u00eb b\u00ebr\u00eb transparente at\u00eb cka ai na tha se dispononte, pa na dh\u00ebn\u00eb detaje\u201d, ka deklaruar Rama.<\/p>\n<p>Sipas tij, ish-ministri Prifti, pavar\u00ebsisht se ishte i vendosur p\u00ebr t\u00eb b\u00ebr\u00eb betej\u00ebn e tij, druhej p\u00ebr sigurin\u00eb e tij dhe t\u00eb familjes.<\/p>\n<p>\u201cAi na e tha k\u00ebt\u00eb duke na v\u00ebn\u00eb n\u00eb dukje vendosm\u00ebrin\u00eb n\u00eb nj\u00eb betej\u00eb q\u00eb e konsideronte shum\u00eb t\u00eb rrezikshme p\u00ebr familjen dhe sigurin\u00eb e jet\u00ebs s\u00eb tij\u201d, \u00ebsht\u00eb shprehur Rama.<\/p>\n<p>Ai ka shtuar m\u00eb tej se nga ana e tij e ka inkurajuar Priftin t\u00eb ecte p\u00ebrpara me mjetet e tij, duke i ofruar mb\u00ebshtetjen e Partis\u00eb Socialiste.<\/p>\n<p>\u201cNe e kemi d\u00ebgjuar dhe e kemi inkurajuar duke i shprehur mb\u00ebshtetje p\u00ebr nj\u00eb betej\u00eb t\u00eb till\u00eb, n\u00eb rast se ato q\u00eb na thoshte ishin t\u00eb v\u00ebrteta\u201d, ka pohuar Rama.<\/p>\n<p>Sipas tij, sulmet e m\u00ebparshme politike t\u00eb b\u00ebra nga ai ndaj Priftit dhe anasjelltas nuk kan\u00eb m\u00eb r\u00ebnd\u00ebsi. \u201cSulmet politike t\u00eb m\u00ebparshme p\u00ebr mua s\u2019kan\u00eb asnj\u00eb lloj r\u00ebnd\u00ebsie dhe jemi para nj\u00eb fakti t\u00eb nj\u00eb procesi t\u00eb iniciuar nga Dritan Prifti, i cili meriton p\u00ebrg\u00ebzim\u201d, ka shtuar Rama.<\/p>\n<p>Kryetari i PS, Edi Rama duke komentuar kthimin e opozit\u00ebs n\u00eb protest\u00eb pas nj\u00eb periudhe relativisht t\u00eb gjat\u00eb, ka deklaruar se synimi i saj \u00ebsht\u00eb mbrojtja e t\u00eb drejtave q\u00eb sipas tij shkelen nga qeveria. \u201cFakti q\u00eb ne b\u00ebjm\u00eb t\u00eb nj\u00ebjt\u00ebn gj\u00eb pas dy vjet\u00ebsh do t\u00eb thot\u00eb se ne k\u00ebmb\u00ebngulim p\u00ebr t\u00eb drejt\u00ebn ton\u00eb, duke par\u00eb q\u00eb t\u00eb drejtat e tjera kan\u00eb humbur. Ne nuk jemi nj\u00eb l\u00ebvizje e armatosur, ne k\u00ebmb\u00ebngulim p\u00ebr ato liri dhe t\u00eb drejta n\u00eb t\u00eb cilat besojm\u00eb\u201d, ka pohuar Rama.<\/p>\n<p>Sipas tij, nuk \u00ebsht\u00eb protesta e opozit\u00ebs ajo q\u00eb mund t\u00eb provokoj\u00eb shqiptar\u00ebt, por sjellja e qeveris\u00eb q\u00eb tallet n\u00eb m\u00ebnyr\u00eb t\u00eb turpshme me ta edhe pas publikimit t\u00eb videos q\u00eb v\u00ebrteton matrapazll\u00ebqet.<\/p>\n<p>\u201cPopullin e provokon Saliu dhe qeveria. Ai provokon t\u00eb atilla kushte kur populli mund t\u00eb reagoj\u00eb dhe t\u00eb dal\u00eb jasht\u00eb kontrollit dhe jo opozita. Po mohohet sy p\u00ebr sy nj\u00eb fakt konkret q\u00eb e pa gjith\u00eb populli. N\u00ebse videoja \u00ebsht\u00eb montazh dhe n\u00ebse i ashtuquajturi kryeminist\u00ebr dhe z\u00ebvend\u00ebsi i tij mendojn\u00eb se \u00ebsht\u00eb montazh nuk do t\u00eb kishte dor\u00ebheqje, por do reagohej me m\u00ebnyr\u00ebn m\u00eb t\u00eb ashp\u00ebr kund\u00ebr tij. Por e dha dor\u00ebheqjen sepse e di fare mir\u00eb q\u00eb \u00ebsht\u00eb e v\u00ebrtet\u00eb\u201d, \u00ebsht\u00eb shprehur Rama.<\/p>\n<p>Ai ka rikonfirmuar edhe nj\u00ebher\u00eb se demonstrata e nes\u00ebrme nuk ka q\u00ebllime politike, por vet\u00ebm qytetare.<\/p>\n<p>N\u00eb vijim t\u00eb fjal\u00ebs s\u00eb tij n\u00eb Top Story, kreu i socialist\u00ebve, Edi Rama, ritheksoi edhe nj\u00ebher\u00eb se demonstrata e dit\u00ebs s\u00eb nes\u00ebrme nuk b\u00ebhet p\u00ebr marrjen e pushtetit, por p\u00ebr t\u2019i rikthyer k\u00ebtij vendi lirin\u00eb e t\u00eb drejtat themelore.<\/p>\n<p>\u201cNe kemi krijuar mund\u00ebsin\u00eb p\u00ebr t\u00eb gjith\u00eb. Nuk \u00ebsht\u00eb demonstrata p\u00ebr t\u00eb marr\u00eb pushtetin, kjo \u00ebsht\u00eb demonstrat\u00eb p\u00ebr t\u2019i rikthyer k\u00ebtij vendi lirin\u00eb e t\u00eb drejtat themelore, zgjedhje t\u00eb reja dhe zgjidhje t\u00eb re politike. Ky popull nuk pranon dot qeverisjen nga kusar\u00eb e matrapaz\u00eb q\u00eb kapen gafil. Ky \u00ebsht\u00eb kulmi q\u00eb me k\u00ebt\u00eb lloj makinacioni tregon se ka nj\u00eb projekt t\u00eb pap\u00ebrputhsh\u00ebm me at\u00eb t\u00eb integrimit europian, at\u00eb t\u00eb kthimit t\u00eb k\u00ebtij vendi n\u00eb nj\u00eb mbret\u00ebri ku Sali Berisha t\u00eb jet\u00eb mbret. Shqip\u00ebria sot \u00ebsht\u00eb mbytur nga plehrat dhe ka vet\u00ebm nj\u00eb landfild t\u00eb standarteve normale n\u00eb Korc\u00eb e nj\u00eb n\u00eb Tiran\u00eb\u201d, tha Rama.<\/p>\n<p>M\u00eb tej Rama u shpreh i vendosur p\u00ebr largimin e qeveris\u00eb. Ai tha se Sali Berisha do t\u00eb pranoj\u00eb zgjidhjen e re politike.<\/p>\n<p>\u201cDo largojm\u00eb Saliun, do ta largoj\u00eb populli Saliun ose Saliu do t\u00eb pranoj\u00eb zgjidhjen e re, at\u00eb politike. Nuk mund t\u00eb kap\u00ebrcehen m\u00eb gjith\u00eb k\u00ebto b\u00ebma, zullume, posht\u00ebrsi, pabesi ndaj nj\u00eb popull t\u00eb t\u00ebr\u00eb, k\u00ebto nuk kan\u00eb t\u00eb b\u00ebjn\u00eb m\u00eb me opozit\u00ebn\u201d, shtoi Rama.<\/p>\n<p>Vendi, sipas Ram\u00ebs, \u00ebsht\u00eb kapur n\u00ebn kthetrat e kriz\u00ebs ekonomike, kriminalitetit e papun\u00ebsis\u00eb. Rama refuzoi t\u00eb p\u00ebrdor\u00eb termin \u201crr\u00ebzim t\u00eb qeveris\u00eb\u201d, pasi si\u00e7 theksoi ai n\u00eb k\u00ebt\u00eb sistem q\u00eb kemi zgjedhur, qeveria nuk rr\u00ebzohet, por largohet e i b\u00ebri thirrje kreut t\u00eb mazhoranc\u00ebs e kryeministrit Berisha q\u00eb t\u00eb v\u00ebr\u00eb n\u00eb dispozicion vullnetin e tij p\u00ebr nj\u00eb zgjidhje t\u00eb re q\u00eb do t\u00eb pasohet me nj\u00eb qeveri t\u00eb re.<\/p>\n<p>\u201cQeveria n\u00eb nj\u00eb sistem si ky q\u00eb kemi zgjedhur, nuk rr\u00ebzohet, largohet e detyruar nga pamund\u00ebsia p\u00ebr t\u00eb manaxhuar gjithcka. Kjo qeveri \u00ebsht\u00eb nj\u00eb band\u00eb kusar\u00ebsh e matrapaz\u00ebsh q\u00eb nuk kan\u00eb lidhje me qeverisjen. Saliu t\u00eb v\u00ebr\u00eb n\u00eb dispozicion vullnetin p\u00ebr nj\u00eb zgjidhje t\u00eb re e me ardhjen e nj\u00eb qeverie sido ta quaj\u00eb ai. Rruga e forc\u00ebs se ku t\u00eb con, Saliu e ka provuar, por mesa duket nuk paska m\u00ebsuar asgj\u00eb. E pa vet\u00eb se sa e hidhur \u00ebsht\u00eb t\u00eb shkosh n\u00eb kund\u00ebrshtim me vullnetin e popullit t\u00ebnd. Jemi k\u00ebtu p\u00ebr t\u00eb cuar p\u00ebrpara vendin p\u00ebrmes nj\u00eb qeverie q\u00eb qeveris me sensin e drejt\u00ebsis\u00eb. Zgjedhjet e reja duhen p\u00ebrcaktuar si pika q\u00eb p\u00ebrcakton t\u00eb gjitha pal\u00ebt, t\u00eb gjitha vullnetet\u201d, deklaroi Rama.<\/p>\n<p>Rama tha se me demonstrat\u00ebn popullore t\u00eb dit\u00ebs s\u00eb nes\u00ebrme, nuk p\u00ebrjashtohet pala tjet\u00ebr nga gjetja e nj\u00eb zgjidhje dhe ftoi, q\u00eb sipas tij, pala tjet\u00ebr t\u00eb fut\u00eb politik\u00ebn n\u00eb proces, p\u00ebr arritjen e nj\u00eb zgjidhjeje.<\/p>\n<p>Kryesocialisti Rama, vler\u00ebsoi se demonstrata e dit\u00ebs s\u00eb nes\u00ebrme do t\u00eb jet\u00eb paq\u00ebsore dhe se i vetmi rrezik vjen nga keqp\u00ebrdorimi i policis\u00eb prej disa individ\u00ebve. Rama vler\u00ebsoi se nuk ka nevoj\u00eb p\u00ebr masa t\u00eb jasht\u00ebzakonshme sigurie n\u00ebse nuk ka infiltrime e provokime nga ana e qeveris\u00eb.<\/p>\n","protected":false},"excerpt":{"rendered":"<p>Nga Korresp. 24-ore.com Kryetari i opozit\u00ebs Edi Rama gjat\u00eb emisionit Top Story Kryetari i PS, Edi Rama ka deklaruar se aktualisht Shqip\u00ebria ndodhet n\u00eb buz\u00eb t\u00eb humner\u00ebs, duke qen\u00eb se sistemet kyce t\u00eb saj nuk funksionojn\u00eb p\u00ebr faj, sipas tij, t\u00eb qeveris\u00eb. Duke folur n\u00eb emisionin \u201cTop Story\u201d n\u00eb Top Channel, Rama \u00ebsht\u00eb shprehur se [&hellip;]<\/p>\n","protected":false},"author":1,"featured_media":0,"comment_status":"open","ping_status":"closed","sticky":false,"template":"","format":"standard","meta":{"footnotes":""},"categories":[2],"tags":[],"class_list":{"0":"post-5778","1":"post","2":"type-post","3":"status-publish","4":"format-standard","6":"category-artikuj"},"yoast_head":"<!-- This site is optimized with the Yoast SEO plugin v27.4 - https:\/\/yoast.com\/product\/yoast-seo-wordpress\/ -->\n<title>Edi Rama n\u00eb Top Story: Situata \u00ebsht\u00eb aty ku nuk mban m\u00eb ! - FjALA e LIR\u00cb - Arkivi<\/title>\n<meta name=\"robots\" content=\"index, follow, max-snippet:-1, max-image-preview:large, max-video-preview:-1\" \/>\n<link rel=\"canonical\" href=\"https:\/\/fjala.info\/2009-2015\/edi-rama-ne-top-story-situata-eshte-aty-ku-nuk-mban-me\/\" \/>\n<meta property=\"og:locale\" content=\"sq_AL\" \/>\n<meta property=\"og:type\" content=\"article\" \/>\n<meta property=\"og:title\" content=\"Edi Rama n\u00eb Top Story: Situata \u00ebsht\u00eb aty ku nuk mban m\u00eb ! - FjALA e LIR\u00cb - Arkivi\" \/>\n<meta property=\"og:description\" content=\"Nga Korresp. 24-ore.com Kryetari i opozit\u00ebs Edi Rama gjat\u00eb emisionit Top Story Kryetari i PS, Edi Rama ka deklaruar se aktualisht Shqip\u00ebria ndodhet n\u00eb buz\u00eb t\u00eb humner\u00ebs, duke qen\u00eb se sistemet kyce t\u00eb saj nuk funksionojn\u00eb p\u00ebr faj, sipas tij, t\u00eb qeveris\u00eb. Duke folur n\u00eb emisionin \u201cTop Story\u201d n\u00eb Top Channel, Rama \u00ebsht\u00eb shprehur se [&hellip;]\" \/>\n<meta property=\"og:url\" content=\"https:\/\/fjala.info\/2009-2015\/edi-rama-ne-top-story-situata-eshte-aty-ku-nuk-mban-me\/\" \/>\n<meta property=\"og:site_name\" content=\"FjALA e LIR\u00cb - Arkivi\" \/>\n<meta property=\"article:published_time\" content=\"2011-01-21T06:38:38+00:00\" \/>\n<meta property=\"og:image\" content=\"http:\/\/fjala.shkoder.net\/wp-content\/uploads\/2011\/01\/edrama_topstory-300x199.jpg\" \/>\n<meta name=\"author\" content=\"admin\" \/>\n<meta name=\"twitter:card\" content=\"summary_large_image\" \/>\n<meta name=\"twitter:label1\" content=\"Written by\" \/>\n\t<meta name=\"twitter:data1\" content=\"admin\" \/>\n\t<meta name=\"twitter:label2\" content=\"Est. reading time\" \/>\n\t<meta name=\"twitter:data2\" content=\"8 minutes\" \/>\n<script type=\"application\/ld+json\" class=\"yoast-schema-graph\">{\"@context\":\"https:\\\/\\\/schema.org\",\"@graph\":[{\"@type\":\"Article\",\"@id\":\"https:\\\/\\\/fjala.info\\\/2009-2015\\\/edi-rama-ne-top-story-situata-eshte-aty-ku-nuk-mban-me\\\/#article\",\"isPartOf\":{\"@id\":\"https:\\\/\\\/fjala.info\\\/2009-2015\\\/edi-rama-ne-top-story-situata-eshte-aty-ku-nuk-mban-me\\\/\"},\"author\":{\"name\":\"admin\",\"@id\":\"https:\\\/\\\/fjala.info\\\/2009-2015\\\/#\\\/schema\\\/person\\\/3aa1163ef05469c496fc94e77611ada2\"},\"headline\":\"Edi Rama n\u00eb Top Story: Situata \u00ebsht\u00eb aty ku nuk mban m\u00eb !\",\"datePublished\":\"2011-01-21T06:38:38+00:00\",\"mainEntityOfPage\":{\"@id\":\"https:\\\/\\\/fjala.info\\\/2009-2015\\\/edi-rama-ne-top-story-situata-eshte-aty-ku-nuk-mban-me\\\/\"},\"wordCount\":1599,\"commentCount\":0,\"publisher\":{\"@id\":\"https:\\\/\\\/fjala.info\\\/2009-2015\\\/#organization\"},\"image\":{\"@id\":\"https:\\\/\\\/fjala.info\\\/2009-2015\\\/edi-rama-ne-top-story-situata-eshte-aty-ku-nuk-mban-me\\\/#primaryimage\"},\"thumbnailUrl\":\"http:\\\/\\\/fjala.shkoder.net\\\/wp-content\\\/uploads\\\/2011\\\/01\\\/edrama_topstory-300x199.jpg\",\"articleSection\":[\"Artikuj\"],\"inLanguage\":\"sq-AL\",\"potentialAction\":[{\"@type\":\"CommentAction\",\"name\":\"Comment\",\"target\":[\"https:\\\/\\\/fjala.info\\\/2009-2015\\\/edi-rama-ne-top-story-situata-eshte-aty-ku-nuk-mban-me\\\/#respond\"]}]},{\"@type\":\"WebPage\",\"@id\":\"https:\\\/\\\/fjala.info\\\/2009-2015\\\/edi-rama-ne-top-story-situata-eshte-aty-ku-nuk-mban-me\\\/\",\"url\":\"https:\\\/\\\/fjala.info\\\/2009-2015\\\/edi-rama-ne-top-story-situata-eshte-aty-ku-nuk-mban-me\\\/\",\"name\":\"Edi Rama n\u00eb Top Story: Situata \u00ebsht\u00eb aty ku nuk mban m\u00eb ! - FjALA e LIR\u00cb - Arkivi\",\"isPartOf\":{\"@id\":\"https:\\\/\\\/fjala.info\\\/2009-2015\\\/#website\"},\"primaryImageOfPage\":{\"@id\":\"https:\\\/\\\/fjala.info\\\/2009-2015\\\/edi-rama-ne-top-story-situata-eshte-aty-ku-nuk-mban-me\\\/#primaryimage\"},\"image\":{\"@id\":\"https:\\\/\\\/fjala.info\\\/2009-2015\\\/edi-rama-ne-top-story-situata-eshte-aty-ku-nuk-mban-me\\\/#primaryimage\"},\"thumbnailUrl\":\"http:\\\/\\\/fjala.shkoder.net\\\/wp-content\\\/uploads\\\/2011\\\/01\\\/edrama_topstory-300x199.jpg\",\"datePublished\":\"2011-01-21T06:38:38+00:00\",\"breadcrumb\":{\"@id\":\"https:\\\/\\\/fjala.info\\\/2009-2015\\\/edi-rama-ne-top-story-situata-eshte-aty-ku-nuk-mban-me\\\/#breadcrumb\"},\"inLanguage\":\"sq-AL\",\"potentialAction\":[{\"@type\":\"ReadAction\",\"target\":[\"https:\\\/\\\/fjala.info\\\/2009-2015\\\/edi-rama-ne-top-story-situata-eshte-aty-ku-nuk-mban-me\\\/\"]}]},{\"@type\":\"ImageObject\",\"inLanguage\":\"sq-AL\",\"@id\":\"https:\\\/\\\/fjala.info\\\/2009-2015\\\/edi-rama-ne-top-story-situata-eshte-aty-ku-nuk-mban-me\\\/#primaryimage\",\"url\":\"http:\\\/\\\/fjala.shkoder.net\\\/wp-content\\\/uploads\\\/2011\\\/01\\\/edrama_topstory-300x199.jpg\",\"contentUrl\":\"http:\\\/\\\/fjala.shkoder.net\\\/wp-content\\\/uploads\\\/2011\\\/01\\\/edrama_topstory-300x199.jpg\"},{\"@type\":\"BreadcrumbList\",\"@id\":\"https:\\\/\\\/fjala.info\\\/2009-2015\\\/edi-rama-ne-top-story-situata-eshte-aty-ku-nuk-mban-me\\\/#breadcrumb\",\"itemListElement\":[{\"@type\":\"ListItem\",\"position\":1,\"name\":\"Home\",\"item\":\"https:\\\/\\\/fjala.info\\\/2009-2015\\\/\"},{\"@type\":\"ListItem\",\"position\":2,\"name\":\"Edi Rama n\u00eb Top Story: Situata \u00ebsht\u00eb aty ku nuk mban m\u00eb !\"}]},{\"@type\":\"WebSite\",\"@id\":\"https:\\\/\\\/fjala.info\\\/2009-2015\\\/#website\",\"url\":\"https:\\\/\\\/fjala.info\\\/2009-2015\\\/\",\"name\":\"FjALA e LIR\u00cb - Arkivi\",\"description\":\"Arkivi 2009-2015\",\"publisher\":{\"@id\":\"https:\\\/\\\/fjala.info\\\/2009-2015\\\/#organization\"},\"potentialAction\":[{\"@type\":\"SearchAction\",\"target\":{\"@type\":\"EntryPoint\",\"urlTemplate\":\"https:\\\/\\\/fjala.info\\\/2009-2015\\\/?s={search_term_string}\"},\"query-input\":{\"@type\":\"PropertyValueSpecification\",\"valueRequired\":true,\"valueName\":\"search_term_string\"}}],\"inLanguage\":\"sq-AL\"},{\"@type\":\"Organization\",\"@id\":\"https:\\\/\\\/fjala.info\\\/2009-2015\\\/#organization\",\"name\":\"FjALA e LIR\u00cb - Arkivi\",\"url\":\"https:\\\/\\\/fjala.info\\\/2009-2015\\\/\",\"logo\":{\"@type\":\"ImageObject\",\"inLanguage\":\"sq-AL\",\"@id\":\"https:\\\/\\\/fjala.info\\\/2009-2015\\\/#\\\/schema\\\/logo\\\/image\\\/\",\"url\":\"\",\"contentUrl\":\"\",\"caption\":\"FjALA e LIR\u00cb - Arkivi\"},\"image\":{\"@id\":\"https:\\\/\\\/fjala.info\\\/2009-2015\\\/#\\\/schema\\\/logo\\\/image\\\/\"}},{\"@type\":\"Person\",\"@id\":\"https:\\\/\\\/fjala.info\\\/2009-2015\\\/#\\\/schema\\\/person\\\/3aa1163ef05469c496fc94e77611ada2\",\"name\":\"admin\",\"image\":{\"@type\":\"ImageObject\",\"inLanguage\":\"sq-AL\",\"@id\":\"https:\\\/\\\/fjala.info\\\/2009-2015\\\/wp-content\\\/uploads\\\/2012\\\/02\\\/arben_cokaj-120x150.jpg\",\"url\":\"https:\\\/\\\/fjala.info\\\/2009-2015\\\/wp-content\\\/uploads\\\/2012\\\/02\\\/arben_cokaj-120x150.jpg\",\"contentUrl\":\"https:\\\/\\\/fjala.info\\\/2009-2015\\\/wp-content\\\/uploads\\\/2012\\\/02\\\/arben_cokaj-120x150.jpg\",\"caption\":\"admin\"},\"description\":\"Admin, Fjala e Lir\u00eb\",\"sameAs\":[\"https:\\\/\\\/fjala.info\\\/\"],\"url\":\"https:\\\/\\\/fjala.info\\\/2009-2015\\\/author\\\/admin\\\/\"}]}<\/script>\n<!-- \/ Yoast SEO plugin. -->","yoast_head_json":{"title":"Edi Rama n\u00eb Top Story: Situata \u00ebsht\u00eb aty ku nuk mban m\u00eb ! - FjALA e LIR\u00cb - Arkivi","robots":{"index":"index","follow":"follow","max-snippet":"max-snippet:-1","max-image-preview":"max-image-preview:large","max-video-preview":"max-video-preview:-1"},"canonical":"https:\/\/fjala.info\/2009-2015\/edi-rama-ne-top-story-situata-eshte-aty-ku-nuk-mban-me\/","og_locale":"sq_AL","og_type":"article","og_title":"Edi Rama n\u00eb Top Story: Situata \u00ebsht\u00eb aty ku nuk mban m\u00eb ! - FjALA e LIR\u00cb - Arkivi","og_description":"Nga Korresp. 24-ore.com Kryetari i opozit\u00ebs Edi Rama gjat\u00eb emisionit Top Story Kryetari i PS, Edi Rama ka deklaruar se aktualisht Shqip\u00ebria ndodhet n\u00eb buz\u00eb t\u00eb humner\u00ebs, duke qen\u00eb se sistemet kyce t\u00eb saj nuk funksionojn\u00eb p\u00ebr faj, sipas tij, t\u00eb qeveris\u00eb. Duke folur n\u00eb emisionin \u201cTop Story\u201d n\u00eb Top Channel, Rama \u00ebsht\u00eb shprehur se [&hellip;]","og_url":"https:\/\/fjala.info\/2009-2015\/edi-rama-ne-top-story-situata-eshte-aty-ku-nuk-mban-me\/","og_site_name":"FjALA e LIR\u00cb - Arkivi","article_published_time":"2011-01-21T06:38:38+00:00","og_image":[{"url":"http:\/\/fjala.shkoder.net\/wp-content\/uploads\/2011\/01\/edrama_topstory-300x199.jpg","type":"","width":"","height":""}],"author":"admin","twitter_card":"summary_large_image","twitter_misc":{"Written by":"admin","Est. reading time":"8 minutes"},"schema":{"@context":"https:\/\/schema.org","@graph":[{"@type":"Article","@id":"https:\/\/fjala.info\/2009-2015\/edi-rama-ne-top-story-situata-eshte-aty-ku-nuk-mban-me\/#article","isPartOf":{"@id":"https:\/\/fjala.info\/2009-2015\/edi-rama-ne-top-story-situata-eshte-aty-ku-nuk-mban-me\/"},"author":{"name":"admin","@id":"https:\/\/fjala.info\/2009-2015\/#\/schema\/person\/3aa1163ef05469c496fc94e77611ada2"},"headline":"Edi Rama n\u00eb Top Story: Situata \u00ebsht\u00eb aty ku nuk mban m\u00eb !","datePublished":"2011-01-21T06:38:38+00:00","mainEntityOfPage":{"@id":"https:\/\/fjala.info\/2009-2015\/edi-rama-ne-top-story-situata-eshte-aty-ku-nuk-mban-me\/"},"wordCount":1599,"commentCount":0,"publisher":{"@id":"https:\/\/fjala.info\/2009-2015\/#organization"},"image":{"@id":"https:\/\/fjala.info\/2009-2015\/edi-rama-ne-top-story-situata-eshte-aty-ku-nuk-mban-me\/#primaryimage"},"thumbnailUrl":"http:\/\/fjala.shkoder.net\/wp-content\/uploads\/2011\/01\/edrama_topstory-300x199.jpg","articleSection":["Artikuj"],"inLanguage":"sq-AL","potentialAction":[{"@type":"CommentAction","name":"Comment","target":["https:\/\/fjala.info\/2009-2015\/edi-rama-ne-top-story-situata-eshte-aty-ku-nuk-mban-me\/#respond"]}]},{"@type":"WebPage","@id":"https:\/\/fjala.info\/2009-2015\/edi-rama-ne-top-story-situata-eshte-aty-ku-nuk-mban-me\/","url":"https:\/\/fjala.info\/2009-2015\/edi-rama-ne-top-story-situata-eshte-aty-ku-nuk-mban-me\/","name":"Edi Rama n\u00eb Top Story: Situata \u00ebsht\u00eb aty ku nuk mban m\u00eb ! - FjALA e LIR\u00cb - Arkivi","isPartOf":{"@id":"https:\/\/fjala.info\/2009-2015\/#website"},"primaryImageOfPage":{"@id":"https:\/\/fjala.info\/2009-2015\/edi-rama-ne-top-story-situata-eshte-aty-ku-nuk-mban-me\/#primaryimage"},"image":{"@id":"https:\/\/fjala.info\/2009-2015\/edi-rama-ne-top-story-situata-eshte-aty-ku-nuk-mban-me\/#primaryimage"},"thumbnailUrl":"http:\/\/fjala.shkoder.net\/wp-content\/uploads\/2011\/01\/edrama_topstory-300x199.jpg","datePublished":"2011-01-21T06:38:38+00:00","breadcrumb":{"@id":"https:\/\/fjala.info\/2009-2015\/edi-rama-ne-top-story-situata-eshte-aty-ku-nuk-mban-me\/#breadcrumb"},"inLanguage":"sq-AL","potentialAction":[{"@type":"ReadAction","target":["https:\/\/fjala.info\/2009-2015\/edi-rama-ne-top-story-situata-eshte-aty-ku-nuk-mban-me\/"]}]},{"@type":"ImageObject","inLanguage":"sq-AL","@id":"https:\/\/fjala.info\/2009-2015\/edi-rama-ne-top-story-situata-eshte-aty-ku-nuk-mban-me\/#primaryimage","url":"http:\/\/fjala.shkoder.net\/wp-content\/uploads\/2011\/01\/edrama_topstory-300x199.jpg","contentUrl":"http:\/\/fjala.shkoder.net\/wp-content\/uploads\/2011\/01\/edrama_topstory-300x199.jpg"},{"@type":"BreadcrumbList","@id":"https:\/\/fjala.info\/2009-2015\/edi-rama-ne-top-story-situata-eshte-aty-ku-nuk-mban-me\/#breadcrumb","itemListElement":[{"@type":"ListItem","position":1,"name":"Home","item":"https:\/\/fjala.info\/2009-2015\/"},{"@type":"ListItem","position":2,"name":"Edi Rama n\u00eb Top Story: Situata \u00ebsht\u00eb aty ku nuk mban m\u00eb !"}]},{"@type":"WebSite","@id":"https:\/\/fjala.info\/2009-2015\/#website","url":"https:\/\/fjala.info\/2009-2015\/","name":"FjALA e LIR\u00cb - Arkivi","description":"Arkivi 2009-2015","publisher":{"@id":"https:\/\/fjala.info\/2009-2015\/#organization"},"potentialAction":[{"@type":"SearchAction","target":{"@type":"EntryPoint","urlTemplate":"https:\/\/fjala.info\/2009-2015\/?s={search_term_string}"},"query-input":{"@type":"PropertyValueSpecification","valueRequired":true,"valueName":"search_term_string"}}],"inLanguage":"sq-AL"},{"@type":"Organization","@id":"https:\/\/fjala.info\/2009-2015\/#organization","name":"FjALA e LIR\u00cb - Arkivi","url":"https:\/\/fjala.info\/2009-2015\/","logo":{"@type":"ImageObject","inLanguage":"sq-AL","@id":"https:\/\/fjala.info\/2009-2015\/#\/schema\/logo\/image\/","url":"","contentUrl":"","caption":"FjALA e LIR\u00cb - Arkivi"},"image":{"@id":"https:\/\/fjala.info\/2009-2015\/#\/schema\/logo\/image\/"}},{"@type":"Person","@id":"https:\/\/fjala.info\/2009-2015\/#\/schema\/person\/3aa1163ef05469c496fc94e77611ada2","name":"admin","image":{"@type":"ImageObject","inLanguage":"sq-AL","@id":"https:\/\/fjala.info\/2009-2015\/wp-content\/uploads\/2012\/02\/arben_cokaj-120x150.jpg","url":"https:\/\/fjala.info\/2009-2015\/wp-content\/uploads\/2012\/02\/arben_cokaj-120x150.jpg","contentUrl":"https:\/\/fjala.info\/2009-2015\/wp-content\/uploads\/2012\/02\/arben_cokaj-120x150.jpg","caption":"admin"},"description":"Admin, Fjala e Lir\u00eb","sameAs":["https:\/\/fjala.info\/"],"url":"https:\/\/fjala.info\/2009-2015\/author\/admin\/"}]}},"_links":{"self":[{"href":"https:\/\/fjala.info\/2009-2015\/wp-json\/wp\/v2\/posts\/5778","targetHints":{"allow":["GET"]}}],"collection":[{"href":"https:\/\/fjala.info\/2009-2015\/wp-json\/wp\/v2\/posts"}],"about":[{"href":"https:\/\/fjala.info\/2009-2015\/wp-json\/wp\/v2\/types\/post"}],"author":[{"embeddable":true,"href":"https:\/\/fjala.info\/2009-2015\/wp-json\/wp\/v2\/users\/1"}],"replies":[{"embeddable":true,"href":"https:\/\/fjala.info\/2009-2015\/wp-json\/wp\/v2\/comments?post=5778"}],"version-history":[{"count":0,"href":"https:\/\/fjala.info\/2009-2015\/wp-json\/wp\/v2\/posts\/5778\/revisions"}],"wp:attachment":[{"href":"https:\/\/fjala.info\/2009-2015\/wp-json\/wp\/v2\/media?parent=5778"}],"wp:term":[{"taxonomy":"category","embeddable":true,"href":"https:\/\/fjala.info\/2009-2015\/wp-json\/wp\/v2\/categories?post=5778"},{"taxonomy":"post_tag","embeddable":true,"href":"https:\/\/fjala.info\/2009-2015\/wp-json\/wp\/v2\/tags?post=5778"}],"curies":[{"name":"wp","href":"https:\/\/api.w.org\/{rel}","templated":true}]}}