{"id":5771,"date":"2011-01-21T00:31:53","date_gmt":"2011-01-20T23:31:53","guid":{"rendered":"http:\/\/fjala.shkoder.net\/?p=5771"},"modified":"2011-01-21T00:31:53","modified_gmt":"2011-01-20T23:31:53","slug":"sabri-hamiti-pese-vjet-pa-rugoven","status":"publish","type":"post","link":"https:\/\/fjala.info\/2009-2015\/sabri-hamiti-pese-vjet-pa-rugoven\/","title":{"rendered":"Sabri Hamiti : Pes\u00eb vjet pa Rugov\u00ebn"},"content":{"rendered":"<p><img loading=\"lazy\" decoding=\"async\" src=\"http:\/\/fjala.shkoder.net\/wp-content\/uploads\/2011\/01\/rugova.jpg\" alt=\"\" title=\"Ibrahim Rugova\" width=\"150\" height=\"196\" class=\"alignright size-full wp-image-5772\" \/><br \/>\n<em>Prishtin\u00eb, 20 janar 2011<\/em> &#8211; Para pes\u00eb vitesh, kur Ibrahim Rugova mbylli syt\u00eb n\u00eb rezidenc\u00ebn e vet, n\u00eb Velani t\u00eb Prishtin\u00ebs, n\u00eb Kosov\u00eb ra gj\u00ebma e mpirja. Pak kush e kuptoi, p\u00ebrnj\u00ebher\u00eb, sa e madhe ishte prania e tij e sa trondit\u00ebse do t\u00eb jet\u00eb mungesa e tij n\u00eb Kosov\u00eb. T\u00ebfillimi u b\u00eb n\u00eb dit\u00ebt n\u00eb vijim. Rreth nj\u00eb milion qytetar\u00eb t\u00eb Kosov\u00ebs me or\u00eb e me dit\u00eb, n\u00eb dim\u00ebr e acar, prit\u00ebn p\u00ebr t\u2019i dh\u00ebn\u00eb lamtumir\u00ebn prij\u00ebsit t\u00eb tyre politik e shpirt\u00ebror, krijuesit t\u00eb Pavar\u00ebsis\u00eb se Kosov\u00ebs. <\/p>\n<p>Mbi gjasht\u00ebdhjet\u00eb delegacione shtet\u00ebrore t\u00eb kontinenteve e vendeve erdh\u00ebn p\u00ebr t\u2019i b\u00ebr\u00eb nderimet e fundit bashk\u00ebpun\u00ebtorit, i cili me kultur\u00eb e durim kishte krijuar rrjetin e miq\u00ebsis\u00eb p\u00ebr popullin e vendin e vet, duke u b\u00ebr\u00eb vet\u00eb ikona e imazhi i k\u00ebtij vendi e k\u00ebsaj miq\u00ebsie. Bashk\u00ebpun\u00ebtor\u00ebt e tij n\u00eb Prishtin\u00eb, q\u00eb ishin rritur politikisht pran\u00eb tij apo n\u00eb hijen e tij, gati n\u00eb belb\u00ebzim, than\u00eb frazat e tyre p\u00ebr prij\u00ebsin e humbur dhe zin\u00eb e madhe. <\/p>\n<p>Po, sentimenti i p\u00ebrgjithsh\u00ebm e arsyeja shtet\u00ebrore tha q\u00eb Rugova, edhe nj\u00eb her\u00eb, duke shkuar, l\u00ebshoi thirrjen e madhe p\u00ebr Kosov\u00ebn e bashkuar evropiane, duke e l\u00ebn\u00eb k\u00ebt\u00eb trash\u00ebgimi n\u00eb trajt\u00ebn e testamentit: Kosova e pavarur, e integruar n\u00eb NATO e n\u00eb Bashkimin Evropian, n\u00eb miq\u00ebsi t\u00eb p\u00ebrhershme me Shtetet e Bashkuara t\u00eb Amerik\u00ebs. \u00c7ka pes\u00eb vjet pa Rugov\u00ebn? Populli i Kosov\u00ebs e ruajti dashurin\u00eb e adhurimin p\u00ebr prij\u00ebsin e vet t\u00eb par\u00eb, edhe kur shum\u00eb u ngrit\u00ebn ta v\u00ebn\u00eb n\u00eb hije vepr\u00ebn e tij. Populli e ruajti kujtimin e tij si nj\u00eb ikon\u00eb t\u00eb liris\u00eb, duke e pjes\u00ebtuar besimin e vet te trash\u00ebgimtar\u00ebt e tij politik\u00eb apo shtet\u00ebror\u00eb, q\u00eb mor\u00ebn di\u00e7ka nga taktikat e tij, pa e kuptuar strategjin\u00eb e tij, q\u00eb kap\u00ebn ndonj\u00eb ide, pa e kuptuar vizionin, duke kapur nga nj\u00eb pjes\u00eb, pa e kapur t\u00ebr\u00ebsin\u00eb e k\u00ebsaj trash\u00ebgimie. <\/p>\n<p>Burr\u00ebshtetasit e huaj, ende t\u00eb bindur n\u00eb programin rugovian, k\u00ebrkuan bashk\u00ebpun\u00ebtor\u00ebt e rinj n\u00eb Kosov\u00eb, t\u00eb cil\u00ebt, sa nga mosdija e sa nga egoizmi, nuk mb\u00ebrrit\u00ebn t\u00eb b\u00ebhen bashk\u00ebpun\u00ebtor\u00eb e aleat\u00eb t\u00eb denj\u00eb, po, t\u00eb shpesht\u00ebn, vart\u00ebs p\u00ebrtac\u00eb e p\u00ebrs\u00ebrit\u00ebs. N\u00eb k\u00ebt\u00eb m\u00ebnyr\u00eb Kosova e treti ngadal\u00eb imixhin rugovian, p\u00ebr t\u2019u b\u00ebr\u00eb vend q\u00eb shikohet me dyshime. Bashkimi i tij politik, i mb\u00ebshtetur n\u00eb q\u00ebndrueshm\u00ebri e n\u00eb toleranc\u00eb, n\u00eb koh\u00ebt m\u00eb dramatike, nisi t\u00eb humb\u00eb toleranc\u00ebn e q\u00ebndrueshm\u00ebrin\u00eb, n\u00eb agun e liris\u00eb, at\u00ebher\u00eb kur provohet me vep\u00ebr fuqia e karakterit e tundimi i pushtetit. <\/p>\n<p>Po ndahemi t\u00eb bashkohemi s\u00ebrish, ting\u00eblloi shprehja paradoksale. Pes\u00eb vjet m\u00eb pas, Kosov\u00ebs i duhet tep\u00ebr trash\u00ebgimia politike rugoviane, bot\u00ebkuptimi i tij kulturor e burr\u00ebshtetasit q\u00eb predikoi e punoi p\u00ebr: Udh\u00ebheqje q\u00eb del nga vota e lir\u00eb, P\u00ebrgjegj\u00ebs i lart\u00eb dhe etik\u00eb politike, Ruajtje t\u00eb vlerave autentike n\u00eb sprovimet aktuale, Liri t\u00eb individit e t\u00eb kolektivitetit, P\u00ebrjashtim t\u00eb dhun\u00ebs n\u00eb zgjidhjet sociale e politike, Diskutim alternativash pa humbur interesin komb\u00ebtar, Raporte besimi e bashk\u00ebpunimi me aleat\u00eb t\u00eb Kosov\u00ebs. Nj\u00eb Kosov\u00eb n\u00eb paqe me veten dhe e nderuar nga t\u00eb tjer\u00ebt, mbetet vizioni i Presidentit historik t\u00eb Kosov\u00ebs, Dr. Ibrahim Rugov\u00ebs. Ky \u00ebsht\u00eb vizion p\u00ebr Kosov\u00ebn, p\u00ebr shqiptar\u00ebt e p\u00ebr raportet e tyre me t\u00eb tjer\u00ebt, n\u00eb fqinj\u00ebsi e m\u00eb gjer\u00eb. Lavdi atij q\u00eb jeton gjithmon\u00eb! <\/p>\n","protected":false},"excerpt":{"rendered":"<p>Prishtin\u00eb, 20 janar 2011 &#8211; Para pes\u00eb vitesh, kur Ibrahim Rugova mbylli syt\u00eb n\u00eb rezidenc\u00ebn e vet, n\u00eb Velani t\u00eb Prishtin\u00ebs, n\u00eb Kosov\u00eb ra gj\u00ebma e mpirja. Pak kush e kuptoi, p\u00ebrnj\u00ebher\u00eb, sa e madhe ishte prania e tij e sa trondit\u00ebse do t\u00eb jet\u00eb mungesa e tij n\u00eb Kosov\u00eb. T\u00ebfillimi u b\u00eb n\u00eb dit\u00ebt [&hellip;]<\/p>\n","protected":false},"author":1,"featured_media":0,"comment_status":"open","ping_status":"closed","sticky":false,"template":"","format":"standard","meta":{"footnotes":""},"categories":[2],"tags":[],"class_list":{"0":"post-5771","1":"post","2":"type-post","3":"status-publish","4":"format-standard","6":"category-artikuj"},"yoast_head":"<!-- This site is optimized with the Yoast SEO plugin v27.4 - https:\/\/yoast.com\/product\/yoast-seo-wordpress\/ -->\n<title>Sabri Hamiti : Pes\u00eb vjet pa Rugov\u00ebn - FjALA e LIR\u00cb - Arkivi<\/title>\n<meta name=\"robots\" content=\"index, follow, max-snippet:-1, max-image-preview:large, max-video-preview:-1\" \/>\n<link rel=\"canonical\" href=\"https:\/\/fjala.info\/2009-2015\/sabri-hamiti-pese-vjet-pa-rugoven\/\" \/>\n<meta property=\"og:locale\" content=\"sq_AL\" \/>\n<meta property=\"og:type\" content=\"article\" \/>\n<meta property=\"og:title\" content=\"Sabri Hamiti : Pes\u00eb vjet pa Rugov\u00ebn - FjALA e LIR\u00cb - Arkivi\" \/>\n<meta property=\"og:description\" content=\"Prishtin\u00eb, 20 janar 2011 &#8211; Para pes\u00eb vitesh, kur Ibrahim Rugova mbylli syt\u00eb n\u00eb rezidenc\u00ebn e vet, n\u00eb Velani t\u00eb Prishtin\u00ebs, n\u00eb Kosov\u00eb ra gj\u00ebma e mpirja. Pak kush e kuptoi, p\u00ebrnj\u00ebher\u00eb, sa e madhe ishte prania e tij e sa trondit\u00ebse do t\u00eb jet\u00eb mungesa e tij n\u00eb Kosov\u00eb. T\u00ebfillimi u b\u00eb n\u00eb dit\u00ebt [&hellip;]\" \/>\n<meta property=\"og:url\" content=\"https:\/\/fjala.info\/2009-2015\/sabri-hamiti-pese-vjet-pa-rugoven\/\" \/>\n<meta property=\"og:site_name\" content=\"FjALA e LIR\u00cb - Arkivi\" \/>\n<meta property=\"article:published_time\" content=\"2011-01-20T23:31:53+00:00\" \/>\n<meta property=\"og:image\" content=\"http:\/\/fjala.shkoder.net\/wp-content\/uploads\/2011\/01\/rugova.jpg\" \/>\n<meta name=\"author\" content=\"admin\" \/>\n<meta name=\"twitter:card\" content=\"summary_large_image\" \/>\n<meta name=\"twitter:label1\" content=\"Written by\" \/>\n\t<meta name=\"twitter:data1\" content=\"admin\" \/>\n\t<meta name=\"twitter:label2\" content=\"Est. reading time\" \/>\n\t<meta name=\"twitter:data2\" content=\"3 minutes\" \/>\n<script type=\"application\/ld+json\" class=\"yoast-schema-graph\">{\"@context\":\"https:\\\/\\\/schema.org\",\"@graph\":[{\"@type\":\"Article\",\"@id\":\"https:\\\/\\\/fjala.info\\\/2009-2015\\\/sabri-hamiti-pese-vjet-pa-rugoven\\\/#article\",\"isPartOf\":{\"@id\":\"https:\\\/\\\/fjala.info\\\/2009-2015\\\/sabri-hamiti-pese-vjet-pa-rugoven\\\/\"},\"author\":{\"name\":\"admin\",\"@id\":\"https:\\\/\\\/fjala.info\\\/2009-2015\\\/#\\\/schema\\\/person\\\/3aa1163ef05469c496fc94e77611ada2\"},\"headline\":\"Sabri Hamiti : Pes\u00eb vjet pa Rugov\u00ebn\",\"datePublished\":\"2011-01-20T23:31:53+00:00\",\"mainEntityOfPage\":{\"@id\":\"https:\\\/\\\/fjala.info\\\/2009-2015\\\/sabri-hamiti-pese-vjet-pa-rugoven\\\/\"},\"wordCount\":658,\"commentCount\":0,\"publisher\":{\"@id\":\"https:\\\/\\\/fjala.info\\\/2009-2015\\\/#organization\"},\"image\":{\"@id\":\"https:\\\/\\\/fjala.info\\\/2009-2015\\\/sabri-hamiti-pese-vjet-pa-rugoven\\\/#primaryimage\"},\"thumbnailUrl\":\"http:\\\/\\\/fjala.shkoder.net\\\/wp-content\\\/uploads\\\/2011\\\/01\\\/rugova.jpg\",\"articleSection\":[\"Artikuj\"],\"inLanguage\":\"sq-AL\",\"potentialAction\":[{\"@type\":\"CommentAction\",\"name\":\"Comment\",\"target\":[\"https:\\\/\\\/fjala.info\\\/2009-2015\\\/sabri-hamiti-pese-vjet-pa-rugoven\\\/#respond\"]}]},{\"@type\":\"WebPage\",\"@id\":\"https:\\\/\\\/fjala.info\\\/2009-2015\\\/sabri-hamiti-pese-vjet-pa-rugoven\\\/\",\"url\":\"https:\\\/\\\/fjala.info\\\/2009-2015\\\/sabri-hamiti-pese-vjet-pa-rugoven\\\/\",\"name\":\"Sabri Hamiti : Pes\u00eb vjet pa Rugov\u00ebn - FjALA e LIR\u00cb - Arkivi\",\"isPartOf\":{\"@id\":\"https:\\\/\\\/fjala.info\\\/2009-2015\\\/#website\"},\"primaryImageOfPage\":{\"@id\":\"https:\\\/\\\/fjala.info\\\/2009-2015\\\/sabri-hamiti-pese-vjet-pa-rugoven\\\/#primaryimage\"},\"image\":{\"@id\":\"https:\\\/\\\/fjala.info\\\/2009-2015\\\/sabri-hamiti-pese-vjet-pa-rugoven\\\/#primaryimage\"},\"thumbnailUrl\":\"http:\\\/\\\/fjala.shkoder.net\\\/wp-content\\\/uploads\\\/2011\\\/01\\\/rugova.jpg\",\"datePublished\":\"2011-01-20T23:31:53+00:00\",\"breadcrumb\":{\"@id\":\"https:\\\/\\\/fjala.info\\\/2009-2015\\\/sabri-hamiti-pese-vjet-pa-rugoven\\\/#breadcrumb\"},\"inLanguage\":\"sq-AL\",\"potentialAction\":[{\"@type\":\"ReadAction\",\"target\":[\"https:\\\/\\\/fjala.info\\\/2009-2015\\\/sabri-hamiti-pese-vjet-pa-rugoven\\\/\"]}]},{\"@type\":\"ImageObject\",\"inLanguage\":\"sq-AL\",\"@id\":\"https:\\\/\\\/fjala.info\\\/2009-2015\\\/sabri-hamiti-pese-vjet-pa-rugoven\\\/#primaryimage\",\"url\":\"http:\\\/\\\/fjala.shkoder.net\\\/wp-content\\\/uploads\\\/2011\\\/01\\\/rugova.jpg\",\"contentUrl\":\"http:\\\/\\\/fjala.shkoder.net\\\/wp-content\\\/uploads\\\/2011\\\/01\\\/rugova.jpg\"},{\"@type\":\"BreadcrumbList\",\"@id\":\"https:\\\/\\\/fjala.info\\\/2009-2015\\\/sabri-hamiti-pese-vjet-pa-rugoven\\\/#breadcrumb\",\"itemListElement\":[{\"@type\":\"ListItem\",\"position\":1,\"name\":\"Home\",\"item\":\"https:\\\/\\\/fjala.info\\\/2009-2015\\\/\"},{\"@type\":\"ListItem\",\"position\":2,\"name\":\"Sabri Hamiti : Pes\u00eb vjet pa Rugov\u00ebn\"}]},{\"@type\":\"WebSite\",\"@id\":\"https:\\\/\\\/fjala.info\\\/2009-2015\\\/#website\",\"url\":\"https:\\\/\\\/fjala.info\\\/2009-2015\\\/\",\"name\":\"FjALA e LIR\u00cb - Arkivi\",\"description\":\"Arkivi 2009-2015\",\"publisher\":{\"@id\":\"https:\\\/\\\/fjala.info\\\/2009-2015\\\/#organization\"},\"potentialAction\":[{\"@type\":\"SearchAction\",\"target\":{\"@type\":\"EntryPoint\",\"urlTemplate\":\"https:\\\/\\\/fjala.info\\\/2009-2015\\\/?s={search_term_string}\"},\"query-input\":{\"@type\":\"PropertyValueSpecification\",\"valueRequired\":true,\"valueName\":\"search_term_string\"}}],\"inLanguage\":\"sq-AL\"},{\"@type\":\"Organization\",\"@id\":\"https:\\\/\\\/fjala.info\\\/2009-2015\\\/#organization\",\"name\":\"FjALA e LIR\u00cb - Arkivi\",\"url\":\"https:\\\/\\\/fjala.info\\\/2009-2015\\\/\",\"logo\":{\"@type\":\"ImageObject\",\"inLanguage\":\"sq-AL\",\"@id\":\"https:\\\/\\\/fjala.info\\\/2009-2015\\\/#\\\/schema\\\/logo\\\/image\\\/\",\"url\":\"\",\"contentUrl\":\"\",\"caption\":\"FjALA e LIR\u00cb - Arkivi\"},\"image\":{\"@id\":\"https:\\\/\\\/fjala.info\\\/2009-2015\\\/#\\\/schema\\\/logo\\\/image\\\/\"}},{\"@type\":\"Person\",\"@id\":\"https:\\\/\\\/fjala.info\\\/2009-2015\\\/#\\\/schema\\\/person\\\/3aa1163ef05469c496fc94e77611ada2\",\"name\":\"admin\",\"image\":{\"@type\":\"ImageObject\",\"inLanguage\":\"sq-AL\",\"@id\":\"https:\\\/\\\/fjala.info\\\/2009-2015\\\/wp-content\\\/uploads\\\/2012\\\/02\\\/arben_cokaj-120x150.jpg\",\"url\":\"https:\\\/\\\/fjala.info\\\/2009-2015\\\/wp-content\\\/uploads\\\/2012\\\/02\\\/arben_cokaj-120x150.jpg\",\"contentUrl\":\"https:\\\/\\\/fjala.info\\\/2009-2015\\\/wp-content\\\/uploads\\\/2012\\\/02\\\/arben_cokaj-120x150.jpg\",\"caption\":\"admin\"},\"description\":\"Admin, Fjala e Lir\u00eb\",\"sameAs\":[\"https:\\\/\\\/fjala.info\\\/\"],\"url\":\"https:\\\/\\\/fjala.info\\\/2009-2015\\\/author\\\/admin\\\/\"}]}<\/script>\n<!-- \/ Yoast SEO plugin. -->","yoast_head_json":{"title":"Sabri Hamiti : Pes\u00eb vjet pa Rugov\u00ebn - FjALA e LIR\u00cb - Arkivi","robots":{"index":"index","follow":"follow","max-snippet":"max-snippet:-1","max-image-preview":"max-image-preview:large","max-video-preview":"max-video-preview:-1"},"canonical":"https:\/\/fjala.info\/2009-2015\/sabri-hamiti-pese-vjet-pa-rugoven\/","og_locale":"sq_AL","og_type":"article","og_title":"Sabri Hamiti : Pes\u00eb vjet pa Rugov\u00ebn - FjALA e LIR\u00cb - Arkivi","og_description":"Prishtin\u00eb, 20 janar 2011 &#8211; Para pes\u00eb vitesh, kur Ibrahim Rugova mbylli syt\u00eb n\u00eb rezidenc\u00ebn e vet, n\u00eb Velani t\u00eb Prishtin\u00ebs, n\u00eb Kosov\u00eb ra gj\u00ebma e mpirja. Pak kush e kuptoi, p\u00ebrnj\u00ebher\u00eb, sa e madhe ishte prania e tij e sa trondit\u00ebse do t\u00eb jet\u00eb mungesa e tij n\u00eb Kosov\u00eb. T\u00ebfillimi u b\u00eb n\u00eb dit\u00ebt [&hellip;]","og_url":"https:\/\/fjala.info\/2009-2015\/sabri-hamiti-pese-vjet-pa-rugoven\/","og_site_name":"FjALA e LIR\u00cb - Arkivi","article_published_time":"2011-01-20T23:31:53+00:00","og_image":[{"url":"http:\/\/fjala.shkoder.net\/wp-content\/uploads\/2011\/01\/rugova.jpg","type":"","width":"","height":""}],"author":"admin","twitter_card":"summary_large_image","twitter_misc":{"Written by":"admin","Est. reading time":"3 minutes"},"schema":{"@context":"https:\/\/schema.org","@graph":[{"@type":"Article","@id":"https:\/\/fjala.info\/2009-2015\/sabri-hamiti-pese-vjet-pa-rugoven\/#article","isPartOf":{"@id":"https:\/\/fjala.info\/2009-2015\/sabri-hamiti-pese-vjet-pa-rugoven\/"},"author":{"name":"admin","@id":"https:\/\/fjala.info\/2009-2015\/#\/schema\/person\/3aa1163ef05469c496fc94e77611ada2"},"headline":"Sabri Hamiti : Pes\u00eb vjet pa Rugov\u00ebn","datePublished":"2011-01-20T23:31:53+00:00","mainEntityOfPage":{"@id":"https:\/\/fjala.info\/2009-2015\/sabri-hamiti-pese-vjet-pa-rugoven\/"},"wordCount":658,"commentCount":0,"publisher":{"@id":"https:\/\/fjala.info\/2009-2015\/#organization"},"image":{"@id":"https:\/\/fjala.info\/2009-2015\/sabri-hamiti-pese-vjet-pa-rugoven\/#primaryimage"},"thumbnailUrl":"http:\/\/fjala.shkoder.net\/wp-content\/uploads\/2011\/01\/rugova.jpg","articleSection":["Artikuj"],"inLanguage":"sq-AL","potentialAction":[{"@type":"CommentAction","name":"Comment","target":["https:\/\/fjala.info\/2009-2015\/sabri-hamiti-pese-vjet-pa-rugoven\/#respond"]}]},{"@type":"WebPage","@id":"https:\/\/fjala.info\/2009-2015\/sabri-hamiti-pese-vjet-pa-rugoven\/","url":"https:\/\/fjala.info\/2009-2015\/sabri-hamiti-pese-vjet-pa-rugoven\/","name":"Sabri Hamiti : Pes\u00eb vjet pa Rugov\u00ebn - FjALA e LIR\u00cb - Arkivi","isPartOf":{"@id":"https:\/\/fjala.info\/2009-2015\/#website"},"primaryImageOfPage":{"@id":"https:\/\/fjala.info\/2009-2015\/sabri-hamiti-pese-vjet-pa-rugoven\/#primaryimage"},"image":{"@id":"https:\/\/fjala.info\/2009-2015\/sabri-hamiti-pese-vjet-pa-rugoven\/#primaryimage"},"thumbnailUrl":"http:\/\/fjala.shkoder.net\/wp-content\/uploads\/2011\/01\/rugova.jpg","datePublished":"2011-01-20T23:31:53+00:00","breadcrumb":{"@id":"https:\/\/fjala.info\/2009-2015\/sabri-hamiti-pese-vjet-pa-rugoven\/#breadcrumb"},"inLanguage":"sq-AL","potentialAction":[{"@type":"ReadAction","target":["https:\/\/fjala.info\/2009-2015\/sabri-hamiti-pese-vjet-pa-rugoven\/"]}]},{"@type":"ImageObject","inLanguage":"sq-AL","@id":"https:\/\/fjala.info\/2009-2015\/sabri-hamiti-pese-vjet-pa-rugoven\/#primaryimage","url":"http:\/\/fjala.shkoder.net\/wp-content\/uploads\/2011\/01\/rugova.jpg","contentUrl":"http:\/\/fjala.shkoder.net\/wp-content\/uploads\/2011\/01\/rugova.jpg"},{"@type":"BreadcrumbList","@id":"https:\/\/fjala.info\/2009-2015\/sabri-hamiti-pese-vjet-pa-rugoven\/#breadcrumb","itemListElement":[{"@type":"ListItem","position":1,"name":"Home","item":"https:\/\/fjala.info\/2009-2015\/"},{"@type":"ListItem","position":2,"name":"Sabri Hamiti : Pes\u00eb vjet pa Rugov\u00ebn"}]},{"@type":"WebSite","@id":"https:\/\/fjala.info\/2009-2015\/#website","url":"https:\/\/fjala.info\/2009-2015\/","name":"FjALA e LIR\u00cb - Arkivi","description":"Arkivi 2009-2015","publisher":{"@id":"https:\/\/fjala.info\/2009-2015\/#organization"},"potentialAction":[{"@type":"SearchAction","target":{"@type":"EntryPoint","urlTemplate":"https:\/\/fjala.info\/2009-2015\/?s={search_term_string}"},"query-input":{"@type":"PropertyValueSpecification","valueRequired":true,"valueName":"search_term_string"}}],"inLanguage":"sq-AL"},{"@type":"Organization","@id":"https:\/\/fjala.info\/2009-2015\/#organization","name":"FjALA e LIR\u00cb - Arkivi","url":"https:\/\/fjala.info\/2009-2015\/","logo":{"@type":"ImageObject","inLanguage":"sq-AL","@id":"https:\/\/fjala.info\/2009-2015\/#\/schema\/logo\/image\/","url":"","contentUrl":"","caption":"FjALA e LIR\u00cb - Arkivi"},"image":{"@id":"https:\/\/fjala.info\/2009-2015\/#\/schema\/logo\/image\/"}},{"@type":"Person","@id":"https:\/\/fjala.info\/2009-2015\/#\/schema\/person\/3aa1163ef05469c496fc94e77611ada2","name":"admin","image":{"@type":"ImageObject","inLanguage":"sq-AL","@id":"https:\/\/fjala.info\/2009-2015\/wp-content\/uploads\/2012\/02\/arben_cokaj-120x150.jpg","url":"https:\/\/fjala.info\/2009-2015\/wp-content\/uploads\/2012\/02\/arben_cokaj-120x150.jpg","contentUrl":"https:\/\/fjala.info\/2009-2015\/wp-content\/uploads\/2012\/02\/arben_cokaj-120x150.jpg","caption":"admin"},"description":"Admin, Fjala e Lir\u00eb","sameAs":["https:\/\/fjala.info\/"],"url":"https:\/\/fjala.info\/2009-2015\/author\/admin\/"}]}},"_links":{"self":[{"href":"https:\/\/fjala.info\/2009-2015\/wp-json\/wp\/v2\/posts\/5771","targetHints":{"allow":["GET"]}}],"collection":[{"href":"https:\/\/fjala.info\/2009-2015\/wp-json\/wp\/v2\/posts"}],"about":[{"href":"https:\/\/fjala.info\/2009-2015\/wp-json\/wp\/v2\/types\/post"}],"author":[{"embeddable":true,"href":"https:\/\/fjala.info\/2009-2015\/wp-json\/wp\/v2\/users\/1"}],"replies":[{"embeddable":true,"href":"https:\/\/fjala.info\/2009-2015\/wp-json\/wp\/v2\/comments?post=5771"}],"version-history":[{"count":0,"href":"https:\/\/fjala.info\/2009-2015\/wp-json\/wp\/v2\/posts\/5771\/revisions"}],"wp:attachment":[{"href":"https:\/\/fjala.info\/2009-2015\/wp-json\/wp\/v2\/media?parent=5771"}],"wp:term":[{"taxonomy":"category","embeddable":true,"href":"https:\/\/fjala.info\/2009-2015\/wp-json\/wp\/v2\/categories?post=5771"},{"taxonomy":"post_tag","embeddable":true,"href":"https:\/\/fjala.info\/2009-2015\/wp-json\/wp\/v2\/tags?post=5771"}],"curies":[{"name":"wp","href":"https:\/\/api.w.org\/{rel}","templated":true}]}}