{"id":5768,"date":"2011-01-20T23:59:10","date_gmt":"2011-01-20T22:59:10","guid":{"rendered":"http:\/\/fjala.shkoder.net\/?p=5768"},"modified":"2011-01-20T23:59:10","modified_gmt":"2011-01-20T22:59:10","slug":"beteja-e-pakthyeshme","status":"publish","type":"post","link":"https:\/\/fjala.info\/2009-2015\/beteja-e-pakthyeshme\/","title":{"rendered":"Beteja e pakthyeshme"},"content":{"rendered":"<p><img loading=\"lazy\" decoding=\"async\" class=\"alignleft size-thumbnail wp-image-4317\" title=\"Pre\u00e7 Zogaj\" src=\"http:\/\/fjala.shkoder.net\/wp-content\/uploads\/2010\/10\/prec_zogaj-150x150.jpg\" alt=\"\" width=\"150\" height=\"150\" \/><br \/>\nNga <strong>Pre\u00e7 Zogaj<\/strong><\/p>\n<p>Q\u00eb prej nj\u00eb viti e gjysm\u00eb opozita shqiptare ka shtyr\u00eb e ka shtyr\u00eb, me d\u00ebshir\u00ebn p\u00ebr ta evituar si t\u00eb panevojshme, demonstrat\u00ebn e nes\u00ebrme, p\u00ebrballjen ballore dhe t\u00eb pakthyeshme t\u00eb qytetar\u00ebve me nj\u00eb qeveri q\u00eb nuk ka lindur n\u00eb kutit\u00eb e votimeve, por n\u00eb tryez\u00ebn e kombinacioneve, interesave dhe pazareve politike dhe ekonomike.<\/p>\n<p>Vend i sert\u00eb ky yni, ku si\u00e7 thoshte Fishta, burrat edhe kur t\u00eb puthin t\u00eb g\u00ebrvishtin. T\u00eb pasnes\u00ebrmen e zgjedhjeve t\u00eb 28 qershorit 2009 v\u00ebzhguesit nd\u00ebrkomb\u00ebtar\u00eb deklaruan nga terreni, se votat po num\u00ebroheshin keq ,edhe shum\u00eb keq n\u00eb nj\u00eb t\u00eb tret\u00ebn e qendrave t\u00eb num\u00ebrimit. Pik\u00ebrisht n\u00eb dit\u00ebt kur po jepej kjo mandat\u00eb, Ilir Meta po vendoste t&#8217;i p\u00ebrdorte votat q\u00eb kishte mbledhur kund\u00ebr Berish\u00ebs jo p\u00ebr ta larguar, po p\u00ebr ta mbajtur Berish\u00ebn n\u00eb nj\u00eb qeveri t\u00eb dyt\u00eb.<\/p>\n<p>Nuk duheshin fakte t\u00eb tjera p\u00ebr t\u00eb kuptuar se vendit po i imponohej nj\u00eb fars\u00eb e shum\u00ebfisht\u00eb, me pasoja t\u00eb r\u00ebnda p\u00ebr t\u00eb gjith\u00eb, p\u00ebrfshir\u00eb aktor\u00ebt e fars\u00ebs. Autori i k\u00ebtyre radh\u00ebve, duke besuar me bindje se problemi themelor i Shqip\u00ebris\u00eb, prej nga buron paqja ose lufta, progresi ose kalb\u00ebzimi i saj, ishte dhe mbetet legjitimiteti i pushtetit, i drejtoi at\u00ebher\u00eb nj\u00eb thirrje publike, qytetare dhe miq\u00ebsore Ilir Met\u00ebs duke i k\u00ebrkuar t\u00eb merrte p\u00ebrsip\u00ebr me kat\u00ebr mandatet e partis\u00eb s\u00eb tij misionin e rregullimit t\u00eb zgjedhjeve.<\/p>\n<p>N\u00eb vend t\u00eb nj\u00eb thirrjeje k\u00ebsisoj, Meta d\u00ebgjoi sirena t\u00eb tjera, duke i dh\u00ebn\u00eb mund\u00ebsi fars\u00ebs elektorale t\u00eb marshonte p\u00ebrpara dhe t\u00eb kulmonte n\u00eb KQZ e n\u00eb Kolegjin Zgjedhor ku, si\u00e7 dihet, u realizua ekzekutimi i dispozitave t\u00eb Kodit Zgjedhor p\u00ebr rinum\u00ebrimin e votave me k\u00ebrkes\u00ebn e dy an\u00ebtar\u00ebve t\u00eb KQZ-s\u00eb.<\/p>\n<p>Prej k\u00ebtij momenti, opozita shqiptare, ajo q\u00eb precipitoi si e till\u00eb nga zgjedhjet pa fitues, e pa veten p\u00ebrball\u00eb nj\u00eb alternative ekzistence: Ose duhej t\u00eb ngrinte n\u00eb k\u00ebmb\u00eb betej\u00ebn p\u00ebr t\u00eb zbardhur t\u00eb v\u00ebrtet\u00ebn e zgjedhjeve, si rruga m\u00eb e sigurt p\u00ebr sh\u00ebndoshjen e tyre, ose duhej t\u00eb tjet\u00ebrsohej e zhdukej n\u00eb pozicionin e nj\u00eb opozite burokratike, libreske, konformiste dhe butaforike , duke tradhtuar misionin e saj t\u00eb natyrsh\u00ebm n\u00eb demokraci.<\/p>\n<p>Opozita e Bashkuar zgjodhi misionin. Por nuk u l\u00ebshua me &#8220;o sot, o kurr\u00eb&#8221;, si\u00e7 k\u00ebrkonim jo pa t\u00eb drejt\u00eb shum\u00eb z\u00ebra brenda spektrit t\u00eb gjer\u00eb opozitar, apo si\u00e7 do t\u00eb predikonin me hile m\u00eb von\u00eb vet\u00eb z\u00ebdh\u00ebn\u00ebsit e qeveris\u00eb q\u00eb do ta &#8220;qortonin&#8221; opozit\u00ebn pse ndaloi protestat, pse mbylli grev\u00ebn e uris\u00eb e t\u00eb tjera! Opozita \u00ebsht\u00eb institucion politik.<\/p>\n<p>Opozita parlamentare \u00ebsht\u00eb pjes\u00eb e pushtetit t\u00eb popullit. Ajo nuk ka p\u00ebr detyre vet\u00ebm t\u00eb vler\u00ebsoj\u00eb ndjeshm\u00ebrin\u00eb qytetare, por ka p\u00ebr detyr\u00eb gjithashtu t\u00eb programoj\u00eb dhe sh\u00ebrbej\u00eb marr\u00ebveshjen.<\/p>\n<p>Opozita e bashkuar \u00ebsht\u00eb p\u00ebrpjekur ta \u00e7oj\u00eb p\u00ebrpara misionin e transparenc\u00ebs s\u00eb zgjedhjeve, si zgjidhja e zgjidhjeve, duke e par\u00eb at\u00eb si nj\u00eb interes komb\u00ebtar gjith\u00ebp\u00ebrfshir\u00ebs dhe duke mos e shk\u00ebputur nga agjenda e aspiratave t\u00eb tjera t\u00eb qytetar\u00ebve t\u00eb vendit.<\/p>\n<p>Ja p\u00ebrse opozita ka alternuar vazhduesh\u00ebm sall\u00ebn e kuvendit me tryezat e dialogut dhe me sheshet e protestave popullore. Nj\u00eb vit e gjysm\u00eb opozita shqiptare ka b\u00ebr\u00eb pik\u00ebrisht k\u00ebt\u00eb gj\u00eb. N\u00eb raste t\u00eb ve\u00e7anta ajo ka lejuar me vet\u00ebdije q\u00eb hekuri t\u00eb mos rrihet n\u00eb t\u00eb nxeht\u00eb, si\u00e7 thot\u00eb populli.<\/p>\n<p>Sepse ka dashur nj\u00eb zgjidhje t\u00eb negociuar me shumic\u00ebn; sepse ka dashur nj\u00eb zgjidhje t\u00eb koordinuar me partner\u00ebt nd\u00ebrkomb\u00ebtar\u00eb; sepse ka dashur q\u00eb zgjidhja t\u00eb kaloj\u00eb nga tryeza e dialogut politik, nga tryeza e Presidentit t\u00eb Republik\u00ebs, nga tryeza e Komisionit Parlamentar t\u00eb Ligjeve, nga tryeza e delegacionit t\u00eb Parlamentit Europian p\u00ebr Europ\u00ebn Juglindore, nga tryeza e dark\u00ebs s\u00eb Strasburgut n\u00eb restorantin &#8220;Krokodili&#8221;, nga aula e parlamentit t\u00eb Shqip\u00ebris\u00eb, nga aula e parlamentit Europian.<\/p>\n<p>Sa her\u00eb \u00ebsht\u00eb d\u00ebgjuar thirrja e dialogut, opozita ka l\u00ebn\u00eb sheshet dhe \u00ebsht\u00eb p\u00ebrgjigjur. Sa her\u00eb ka dh\u00ebn\u00eb shenj\u00ebn e talljes apo vdekjes dialogu, opozita ka kthyer s\u00ebrish syt\u00eb nga sheshet e protest\u00ebs. Sepse kjo kauz\u00eb, kauza e zgjedhjeve nuk ka qen\u00eb, e nuk \u00ebsht\u00eb pron\u00eb e saj, por nj\u00eb \u00e7\u00ebshtje e madhe komb\u00ebtare. Tashm\u00eb, me prishjen e zgjedhjeve n\u00eb Kosov\u00eb, edhe mbar\u00ebkomb\u00ebtare.<\/p>\n<p>Opozita e bashkuar ka l\u00ebshuar disa her\u00eb pe p\u00ebr hir t\u00eb zgjidhjes. Kurse Qeveria vet\u00ebm ka sfiduar opozit\u00ebn e saj, rezolut\u00ebn e Parlamentit Europian, raportin vjetor t\u00eb Komisionit Europian. Qeveria nuk i la zgjidhje tjet\u00ebr opozit\u00ebs ve\u00e7 asaj t\u00eb rikthimit n\u00eb sheshet e protestave dhe demonstratave , por k\u00ebsaj radhe n\u00eb nj\u00eb betej\u00eb t\u00eb pakthyeshme dhe te pandalshme, deri n\u00eb largimin e qeveris\u00eb &#8220;Berisha-Meta&#8221; dhe krijimit t\u00eb nj\u00eb qeverie t\u00eb re q\u00eb do t\u00eb p\u00ebrgatiste zgjedhjet e lira e t\u00eb ndershme.<br \/>\nK\u00ebsaj radhe opozita nuk zbret n\u00eb shesh dhe nuk i fton qytetar\u00ebt t\u00eb zbresin n\u00eb shesh thjesht kund\u00ebr talljes s\u00eb qeveris\u00eb me transparenc\u00ebn.<\/p>\n<p>Rritja e varf\u00ebris\u00eb dhe papun\u00ebsis\u00eb p\u00ebrgjat\u00eb vitit 2010 n\u00eb nj\u00eb an\u00eb dhe videoja skandaloze &#8220;Meta-Prifti&#8221; si nj\u00eb most\u00ebr e qeverisjes shqiptare n\u00eb an\u00ebn tjet\u00ebr- t\u00eb gjitha k\u00ebto i japin nj\u00eb p\u00ebrmas\u00eb shum\u00eb me t\u00eb gjer\u00eb, qytetare dhe mbar\u00ebpopullore, demonstrat\u00ebs s\u00eb nes\u00ebrme. Kjo nuk \u00ebsht\u00eb demonstrat\u00eb vet\u00ebm e votuesve t\u00eb opozit\u00ebs.<\/p>\n<p>N\u00eb t\u00eb pritet t\u00eb marrin pjes\u00eb edhe qytetar\u00eb q\u00eb nuk votojn\u00eb partit\u00eb e opozit\u00ebs, por q\u00eb nuk mund t\u00eb pranojn\u00eb m\u00eb tej formul\u00ebn e nj\u00eb qeverisjeje , q\u00eb prodhon n\u00eb zyrat e saj skandale q\u00eb fyejn\u00eb nd\u00ebrgjegjen qytetare dhe e shum\u00ebzojn\u00eb me zero gjith\u00eb retorik\u00ebn e zyrtar\u00ebve t\u00eb lart\u00eb kund\u00ebr korrupsionit. Nuk ka m\u00eb. Nuk ka m\u00eb tej.<\/p>\n<p>T\u00eb pretendosh se populli mund ta g\u00eblltis\u00eb edhe k\u00ebt\u00eb, do t\u00eb thot\u00eb t\u00eb mos e kesh njohur kurr\u00eb popullin t\u00ebnd; do t\u00eb thot\u00eb t\u00eb mos kesh pik\u00ebn e respektit p\u00ebr virtytet e tij; do ta thot\u00eb ta posht\u00ebrosh dhe provokosh duke e konsideruar vemje.<\/p>\n<p>Thell\u00eb-thell\u00eb, Berisha nuk ka nevoj\u00eb t\u00eb pres\u00eb demonstratat popullore p\u00ebr t\u00eb marr\u00eb n\u00eb janar t\u00eb vitit 2011 vendimin, q\u00eb duhej t\u00eb kishte marr\u00eb n\u00eb korrik t\u00eb vitit 2009. Pra, p\u00ebr t\u00eb lexuar barazimin q\u00eb doli nga zgjedhjet e atij viti, qoft\u00eb edhe t\u00eb num\u00ebruara keq n\u00eb nj\u00eb t\u00eb tret\u00ebn e territorit, dhe p\u00ebr t\u00eb vepruar politikisht n\u00eb p\u00ebrputhje me barazimin, si verdikt zyrtar i zgjedhjeve.<\/p>\n<p>Ai, realisht, tani ka shum\u00eb me tep\u00ebr arsye p\u00ebr ta prishur at\u00eb q\u00eb nuk duhej t\u00eb nd\u00ebrtonte at\u00ebher\u00eb; koalicionin me LSI-n\u00eb. Ve\u00e7 t\u00eb tjerash, tashm\u00eb \u00ebsht\u00eb shum\u00eb e qart\u00eb se LSI \u00ebsht\u00eb vet\u00eb Meta dhe vet\u00ebm Meta. Sa m\u00eb tep\u00ebr vonohet Berisha n\u00eb korrigjimin e gabimit q\u00eb ka b\u00ebr\u00eb, aq me e madhe \u00ebsht\u00eb kostoja e largimit p\u00ebr t\u00eb dhe partin\u00eb e tij.<\/p>\n<p>Nga ana tjet\u00ebr, Meta, q\u00eb e ka paguar e vazhdon ta paguaj\u00eb shtrenjt\u00eb zgjedhjen e tij t\u00eb gabuar, Meta q\u00eb ka humbur rrug\u00ebs gjith\u00eb drejtuesit dhe politikan\u00ebt profesionist\u00eb t\u00eb LSI-s\u00eb, ka sipas meje vet\u00ebm nj\u00eb shans t\u00eb vog\u00ebl p\u00ebr t\u00eb mbijetuar dhe p\u00ebr t&#8217;u ndar\u00eb nga gabimet apo edhe fajet e tij eventuale. T\u00eb mos k\u00ebrkoj\u00eb sqetulla p\u00ebr t&#8217;u fshehur, por t\u00eb hidhet n\u00eb uj\u00ebt e Leth\u00ebs, n\u00eb ujin e rilindjes, si\u00e7 thuhet n\u00eb mitologji; t\u00eb hidhet n\u00eb dallg\u00ebt e politik\u00ebs si dikush q\u00eb k\u00ebrkon t\u00eb reflektoj\u00eb dhe t\u00eb korrigjohet sa t\u00eb jet\u00eb e mundur. Pa poste, pa ministri. Pastaj do t\u00eb jen\u00eb qytetar\u00ebt q\u00eb do t\u00eb gjykojn\u00eb. Sigurisht e gjith\u00eb kjo k\u00ebrkon q\u00eb shija e misionit t\u00eb jet\u00eb mbi shijen e lekut, shija e epik\u00ebs mbi shijen e zvarritjes.<\/p>\n<p>Un\u00eb i n\u00ebnvizoj k\u00ebto zgjidhje si mund\u00ebsi. Por nuk ka dyshim se njer\u00ebzit q\u00eb do t\u00eb zbresin nes\u00ebr e tutje n\u00eb demonstrata nuk do t\u00eb presin Berish\u00ebn dhe Met\u00ebn? Kur nuk vjen Muhamedi te mali, shkon mali te Muhamedi.<\/p>\n","protected":false},"excerpt":{"rendered":"<p>Nga Pre\u00e7 Zogaj Q\u00eb prej nj\u00eb viti e gjysm\u00eb opozita shqiptare ka shtyr\u00eb e ka shtyr\u00eb, me d\u00ebshir\u00ebn p\u00ebr ta evituar si t\u00eb panevojshme, demonstrat\u00ebn e nes\u00ebrme, p\u00ebrballjen ballore dhe t\u00eb pakthyeshme t\u00eb qytetar\u00ebve me nj\u00eb qeveri q\u00eb nuk ka lindur n\u00eb kutit\u00eb e votimeve, por n\u00eb tryez\u00ebn e kombinacioneve, interesave dhe pazareve politike dhe [&hellip;]<\/p>\n","protected":false},"author":1,"featured_media":0,"comment_status":"open","ping_status":"closed","sticky":false,"template":"","format":"standard","meta":{"footnotes":""},"categories":[2],"tags":[],"class_list":{"0":"post-5768","1":"post","2":"type-post","3":"status-publish","4":"format-standard","6":"category-artikuj"},"yoast_head":"<!-- This site is optimized with the Yoast SEO plugin v27.4 - https:\/\/yoast.com\/product\/yoast-seo-wordpress\/ -->\n<title>Beteja e pakthyeshme - FjALA e LIR\u00cb - Arkivi<\/title>\n<meta name=\"robots\" content=\"index, follow, max-snippet:-1, max-image-preview:large, max-video-preview:-1\" \/>\n<link rel=\"canonical\" href=\"https:\/\/fjala.info\/2009-2015\/beteja-e-pakthyeshme\/\" \/>\n<meta property=\"og:locale\" content=\"sq_AL\" \/>\n<meta property=\"og:type\" content=\"article\" \/>\n<meta property=\"og:title\" content=\"Beteja e pakthyeshme - FjALA e LIR\u00cb - Arkivi\" \/>\n<meta property=\"og:description\" content=\"Nga Pre\u00e7 Zogaj Q\u00eb prej nj\u00eb viti e gjysm\u00eb opozita shqiptare ka shtyr\u00eb e ka shtyr\u00eb, me d\u00ebshir\u00ebn p\u00ebr ta evituar si t\u00eb panevojshme, demonstrat\u00ebn e nes\u00ebrme, p\u00ebrballjen ballore dhe t\u00eb pakthyeshme t\u00eb qytetar\u00ebve me nj\u00eb qeveri q\u00eb nuk ka lindur n\u00eb kutit\u00eb e votimeve, por n\u00eb tryez\u00ebn e kombinacioneve, interesave dhe pazareve politike dhe [&hellip;]\" \/>\n<meta property=\"og:url\" content=\"https:\/\/fjala.info\/2009-2015\/beteja-e-pakthyeshme\/\" \/>\n<meta property=\"og:site_name\" content=\"FjALA e LIR\u00cb - Arkivi\" \/>\n<meta property=\"article:published_time\" content=\"2011-01-20T22:59:10+00:00\" \/>\n<meta property=\"og:image\" content=\"http:\/\/fjala.shkoder.net\/wp-content\/uploads\/2010\/10\/prec_zogaj-150x150.jpg\" \/>\n<meta name=\"author\" content=\"admin\" \/>\n<meta name=\"twitter:card\" content=\"summary_large_image\" \/>\n<meta name=\"twitter:label1\" content=\"Written by\" \/>\n\t<meta name=\"twitter:data1\" content=\"admin\" \/>\n\t<meta name=\"twitter:label2\" content=\"Est. reading time\" \/>\n\t<meta name=\"twitter:data2\" content=\"7 minutes\" \/>\n<script type=\"application\/ld+json\" class=\"yoast-schema-graph\">{\"@context\":\"https:\\\/\\\/schema.org\",\"@graph\":[{\"@type\":\"Article\",\"@id\":\"https:\\\/\\\/fjala.info\\\/2009-2015\\\/beteja-e-pakthyeshme\\\/#article\",\"isPartOf\":{\"@id\":\"https:\\\/\\\/fjala.info\\\/2009-2015\\\/beteja-e-pakthyeshme\\\/\"},\"author\":{\"name\":\"admin\",\"@id\":\"https:\\\/\\\/fjala.info\\\/2009-2015\\\/#\\\/schema\\\/person\\\/3aa1163ef05469c496fc94e77611ada2\"},\"headline\":\"Beteja e pakthyeshme\",\"datePublished\":\"2011-01-20T22:59:10+00:00\",\"mainEntityOfPage\":{\"@id\":\"https:\\\/\\\/fjala.info\\\/2009-2015\\\/beteja-e-pakthyeshme\\\/\"},\"wordCount\":1405,\"commentCount\":0,\"publisher\":{\"@id\":\"https:\\\/\\\/fjala.info\\\/2009-2015\\\/#organization\"},\"image\":{\"@id\":\"https:\\\/\\\/fjala.info\\\/2009-2015\\\/beteja-e-pakthyeshme\\\/#primaryimage\"},\"thumbnailUrl\":\"http:\\\/\\\/fjala.shkoder.net\\\/wp-content\\\/uploads\\\/2010\\\/10\\\/prec_zogaj-150x150.jpg\",\"articleSection\":[\"Artikuj\"],\"inLanguage\":\"sq-AL\",\"potentialAction\":[{\"@type\":\"CommentAction\",\"name\":\"Comment\",\"target\":[\"https:\\\/\\\/fjala.info\\\/2009-2015\\\/beteja-e-pakthyeshme\\\/#respond\"]}]},{\"@type\":\"WebPage\",\"@id\":\"https:\\\/\\\/fjala.info\\\/2009-2015\\\/beteja-e-pakthyeshme\\\/\",\"url\":\"https:\\\/\\\/fjala.info\\\/2009-2015\\\/beteja-e-pakthyeshme\\\/\",\"name\":\"Beteja e pakthyeshme - FjALA e LIR\u00cb - Arkivi\",\"isPartOf\":{\"@id\":\"https:\\\/\\\/fjala.info\\\/2009-2015\\\/#website\"},\"primaryImageOfPage\":{\"@id\":\"https:\\\/\\\/fjala.info\\\/2009-2015\\\/beteja-e-pakthyeshme\\\/#primaryimage\"},\"image\":{\"@id\":\"https:\\\/\\\/fjala.info\\\/2009-2015\\\/beteja-e-pakthyeshme\\\/#primaryimage\"},\"thumbnailUrl\":\"http:\\\/\\\/fjala.shkoder.net\\\/wp-content\\\/uploads\\\/2010\\\/10\\\/prec_zogaj-150x150.jpg\",\"datePublished\":\"2011-01-20T22:59:10+00:00\",\"breadcrumb\":{\"@id\":\"https:\\\/\\\/fjala.info\\\/2009-2015\\\/beteja-e-pakthyeshme\\\/#breadcrumb\"},\"inLanguage\":\"sq-AL\",\"potentialAction\":[{\"@type\":\"ReadAction\",\"target\":[\"https:\\\/\\\/fjala.info\\\/2009-2015\\\/beteja-e-pakthyeshme\\\/\"]}]},{\"@type\":\"ImageObject\",\"inLanguage\":\"sq-AL\",\"@id\":\"https:\\\/\\\/fjala.info\\\/2009-2015\\\/beteja-e-pakthyeshme\\\/#primaryimage\",\"url\":\"http:\\\/\\\/fjala.shkoder.net\\\/wp-content\\\/uploads\\\/2010\\\/10\\\/prec_zogaj-150x150.jpg\",\"contentUrl\":\"http:\\\/\\\/fjala.shkoder.net\\\/wp-content\\\/uploads\\\/2010\\\/10\\\/prec_zogaj-150x150.jpg\"},{\"@type\":\"BreadcrumbList\",\"@id\":\"https:\\\/\\\/fjala.info\\\/2009-2015\\\/beteja-e-pakthyeshme\\\/#breadcrumb\",\"itemListElement\":[{\"@type\":\"ListItem\",\"position\":1,\"name\":\"Home\",\"item\":\"https:\\\/\\\/fjala.info\\\/2009-2015\\\/\"},{\"@type\":\"ListItem\",\"position\":2,\"name\":\"Beteja e pakthyeshme\"}]},{\"@type\":\"WebSite\",\"@id\":\"https:\\\/\\\/fjala.info\\\/2009-2015\\\/#website\",\"url\":\"https:\\\/\\\/fjala.info\\\/2009-2015\\\/\",\"name\":\"FjALA e LIR\u00cb - Arkivi\",\"description\":\"Arkivi 2009-2015\",\"publisher\":{\"@id\":\"https:\\\/\\\/fjala.info\\\/2009-2015\\\/#organization\"},\"potentialAction\":[{\"@type\":\"SearchAction\",\"target\":{\"@type\":\"EntryPoint\",\"urlTemplate\":\"https:\\\/\\\/fjala.info\\\/2009-2015\\\/?s={search_term_string}\"},\"query-input\":{\"@type\":\"PropertyValueSpecification\",\"valueRequired\":true,\"valueName\":\"search_term_string\"}}],\"inLanguage\":\"sq-AL\"},{\"@type\":\"Organization\",\"@id\":\"https:\\\/\\\/fjala.info\\\/2009-2015\\\/#organization\",\"name\":\"FjALA e LIR\u00cb - Arkivi\",\"url\":\"https:\\\/\\\/fjala.info\\\/2009-2015\\\/\",\"logo\":{\"@type\":\"ImageObject\",\"inLanguage\":\"sq-AL\",\"@id\":\"https:\\\/\\\/fjala.info\\\/2009-2015\\\/#\\\/schema\\\/logo\\\/image\\\/\",\"url\":\"\",\"contentUrl\":\"\",\"caption\":\"FjALA e LIR\u00cb - Arkivi\"},\"image\":{\"@id\":\"https:\\\/\\\/fjala.info\\\/2009-2015\\\/#\\\/schema\\\/logo\\\/image\\\/\"}},{\"@type\":\"Person\",\"@id\":\"https:\\\/\\\/fjala.info\\\/2009-2015\\\/#\\\/schema\\\/person\\\/3aa1163ef05469c496fc94e77611ada2\",\"name\":\"admin\",\"image\":{\"@type\":\"ImageObject\",\"inLanguage\":\"sq-AL\",\"@id\":\"https:\\\/\\\/fjala.info\\\/2009-2015\\\/wp-content\\\/uploads\\\/2012\\\/02\\\/arben_cokaj-120x150.jpg\",\"url\":\"https:\\\/\\\/fjala.info\\\/2009-2015\\\/wp-content\\\/uploads\\\/2012\\\/02\\\/arben_cokaj-120x150.jpg\",\"contentUrl\":\"https:\\\/\\\/fjala.info\\\/2009-2015\\\/wp-content\\\/uploads\\\/2012\\\/02\\\/arben_cokaj-120x150.jpg\",\"caption\":\"admin\"},\"description\":\"Admin, Fjala e Lir\u00eb\",\"sameAs\":[\"https:\\\/\\\/fjala.info\\\/\"],\"url\":\"https:\\\/\\\/fjala.info\\\/2009-2015\\\/author\\\/admin\\\/\"}]}<\/script>\n<!-- \/ Yoast SEO plugin. -->","yoast_head_json":{"title":"Beteja e pakthyeshme - FjALA e LIR\u00cb - Arkivi","robots":{"index":"index","follow":"follow","max-snippet":"max-snippet:-1","max-image-preview":"max-image-preview:large","max-video-preview":"max-video-preview:-1"},"canonical":"https:\/\/fjala.info\/2009-2015\/beteja-e-pakthyeshme\/","og_locale":"sq_AL","og_type":"article","og_title":"Beteja e pakthyeshme - FjALA e LIR\u00cb - Arkivi","og_description":"Nga Pre\u00e7 Zogaj Q\u00eb prej nj\u00eb viti e gjysm\u00eb opozita shqiptare ka shtyr\u00eb e ka shtyr\u00eb, me d\u00ebshir\u00ebn p\u00ebr ta evituar si t\u00eb panevojshme, demonstrat\u00ebn e nes\u00ebrme, p\u00ebrballjen ballore dhe t\u00eb pakthyeshme t\u00eb qytetar\u00ebve me nj\u00eb qeveri q\u00eb nuk ka lindur n\u00eb kutit\u00eb e votimeve, por n\u00eb tryez\u00ebn e kombinacioneve, interesave dhe pazareve politike dhe [&hellip;]","og_url":"https:\/\/fjala.info\/2009-2015\/beteja-e-pakthyeshme\/","og_site_name":"FjALA e LIR\u00cb - Arkivi","article_published_time":"2011-01-20T22:59:10+00:00","og_image":[{"url":"http:\/\/fjala.shkoder.net\/wp-content\/uploads\/2010\/10\/prec_zogaj-150x150.jpg","type":"","width":"","height":""}],"author":"admin","twitter_card":"summary_large_image","twitter_misc":{"Written by":"admin","Est. reading time":"7 minutes"},"schema":{"@context":"https:\/\/schema.org","@graph":[{"@type":"Article","@id":"https:\/\/fjala.info\/2009-2015\/beteja-e-pakthyeshme\/#article","isPartOf":{"@id":"https:\/\/fjala.info\/2009-2015\/beteja-e-pakthyeshme\/"},"author":{"name":"admin","@id":"https:\/\/fjala.info\/2009-2015\/#\/schema\/person\/3aa1163ef05469c496fc94e77611ada2"},"headline":"Beteja e pakthyeshme","datePublished":"2011-01-20T22:59:10+00:00","mainEntityOfPage":{"@id":"https:\/\/fjala.info\/2009-2015\/beteja-e-pakthyeshme\/"},"wordCount":1405,"commentCount":0,"publisher":{"@id":"https:\/\/fjala.info\/2009-2015\/#organization"},"image":{"@id":"https:\/\/fjala.info\/2009-2015\/beteja-e-pakthyeshme\/#primaryimage"},"thumbnailUrl":"http:\/\/fjala.shkoder.net\/wp-content\/uploads\/2010\/10\/prec_zogaj-150x150.jpg","articleSection":["Artikuj"],"inLanguage":"sq-AL","potentialAction":[{"@type":"CommentAction","name":"Comment","target":["https:\/\/fjala.info\/2009-2015\/beteja-e-pakthyeshme\/#respond"]}]},{"@type":"WebPage","@id":"https:\/\/fjala.info\/2009-2015\/beteja-e-pakthyeshme\/","url":"https:\/\/fjala.info\/2009-2015\/beteja-e-pakthyeshme\/","name":"Beteja e pakthyeshme - FjALA e LIR\u00cb - Arkivi","isPartOf":{"@id":"https:\/\/fjala.info\/2009-2015\/#website"},"primaryImageOfPage":{"@id":"https:\/\/fjala.info\/2009-2015\/beteja-e-pakthyeshme\/#primaryimage"},"image":{"@id":"https:\/\/fjala.info\/2009-2015\/beteja-e-pakthyeshme\/#primaryimage"},"thumbnailUrl":"http:\/\/fjala.shkoder.net\/wp-content\/uploads\/2010\/10\/prec_zogaj-150x150.jpg","datePublished":"2011-01-20T22:59:10+00:00","breadcrumb":{"@id":"https:\/\/fjala.info\/2009-2015\/beteja-e-pakthyeshme\/#breadcrumb"},"inLanguage":"sq-AL","potentialAction":[{"@type":"ReadAction","target":["https:\/\/fjala.info\/2009-2015\/beteja-e-pakthyeshme\/"]}]},{"@type":"ImageObject","inLanguage":"sq-AL","@id":"https:\/\/fjala.info\/2009-2015\/beteja-e-pakthyeshme\/#primaryimage","url":"http:\/\/fjala.shkoder.net\/wp-content\/uploads\/2010\/10\/prec_zogaj-150x150.jpg","contentUrl":"http:\/\/fjala.shkoder.net\/wp-content\/uploads\/2010\/10\/prec_zogaj-150x150.jpg"},{"@type":"BreadcrumbList","@id":"https:\/\/fjala.info\/2009-2015\/beteja-e-pakthyeshme\/#breadcrumb","itemListElement":[{"@type":"ListItem","position":1,"name":"Home","item":"https:\/\/fjala.info\/2009-2015\/"},{"@type":"ListItem","position":2,"name":"Beteja e pakthyeshme"}]},{"@type":"WebSite","@id":"https:\/\/fjala.info\/2009-2015\/#website","url":"https:\/\/fjala.info\/2009-2015\/","name":"FjALA e LIR\u00cb - Arkivi","description":"Arkivi 2009-2015","publisher":{"@id":"https:\/\/fjala.info\/2009-2015\/#organization"},"potentialAction":[{"@type":"SearchAction","target":{"@type":"EntryPoint","urlTemplate":"https:\/\/fjala.info\/2009-2015\/?s={search_term_string}"},"query-input":{"@type":"PropertyValueSpecification","valueRequired":true,"valueName":"search_term_string"}}],"inLanguage":"sq-AL"},{"@type":"Organization","@id":"https:\/\/fjala.info\/2009-2015\/#organization","name":"FjALA e LIR\u00cb - Arkivi","url":"https:\/\/fjala.info\/2009-2015\/","logo":{"@type":"ImageObject","inLanguage":"sq-AL","@id":"https:\/\/fjala.info\/2009-2015\/#\/schema\/logo\/image\/","url":"","contentUrl":"","caption":"FjALA e LIR\u00cb - Arkivi"},"image":{"@id":"https:\/\/fjala.info\/2009-2015\/#\/schema\/logo\/image\/"}},{"@type":"Person","@id":"https:\/\/fjala.info\/2009-2015\/#\/schema\/person\/3aa1163ef05469c496fc94e77611ada2","name":"admin","image":{"@type":"ImageObject","inLanguage":"sq-AL","@id":"https:\/\/fjala.info\/2009-2015\/wp-content\/uploads\/2012\/02\/arben_cokaj-120x150.jpg","url":"https:\/\/fjala.info\/2009-2015\/wp-content\/uploads\/2012\/02\/arben_cokaj-120x150.jpg","contentUrl":"https:\/\/fjala.info\/2009-2015\/wp-content\/uploads\/2012\/02\/arben_cokaj-120x150.jpg","caption":"admin"},"description":"Admin, Fjala e Lir\u00eb","sameAs":["https:\/\/fjala.info\/"],"url":"https:\/\/fjala.info\/2009-2015\/author\/admin\/"}]}},"_links":{"self":[{"href":"https:\/\/fjala.info\/2009-2015\/wp-json\/wp\/v2\/posts\/5768","targetHints":{"allow":["GET"]}}],"collection":[{"href":"https:\/\/fjala.info\/2009-2015\/wp-json\/wp\/v2\/posts"}],"about":[{"href":"https:\/\/fjala.info\/2009-2015\/wp-json\/wp\/v2\/types\/post"}],"author":[{"embeddable":true,"href":"https:\/\/fjala.info\/2009-2015\/wp-json\/wp\/v2\/users\/1"}],"replies":[{"embeddable":true,"href":"https:\/\/fjala.info\/2009-2015\/wp-json\/wp\/v2\/comments?post=5768"}],"version-history":[{"count":0,"href":"https:\/\/fjala.info\/2009-2015\/wp-json\/wp\/v2\/posts\/5768\/revisions"}],"wp:attachment":[{"href":"https:\/\/fjala.info\/2009-2015\/wp-json\/wp\/v2\/media?parent=5768"}],"wp:term":[{"taxonomy":"category","embeddable":true,"href":"https:\/\/fjala.info\/2009-2015\/wp-json\/wp\/v2\/categories?post=5768"},{"taxonomy":"post_tag","embeddable":true,"href":"https:\/\/fjala.info\/2009-2015\/wp-json\/wp\/v2\/tags?post=5768"}],"curies":[{"name":"wp","href":"https:\/\/api.w.org\/{rel}","templated":true}]}}