{"id":5766,"date":"2011-01-20T23:47:45","date_gmt":"2011-01-20T22:47:45","guid":{"rendered":"http:\/\/fjala.shkoder.net\/?p=5766"},"modified":"2011-01-20T23:47:45","modified_gmt":"2011-01-20T22:47:45","slug":"berisha-dhe-hakmarrja-ndaj-te-veteve","status":"publish","type":"post","link":"https:\/\/fjala.info\/2009-2015\/berisha-dhe-hakmarrja-ndaj-te-veteve\/","title":{"rendered":"Berisha dhe hakmarrja ndaj t\u00eb vet\u00ebve"},"content":{"rendered":"<p><img loading=\"lazy\" decoding=\"async\" class=\"alignright size-full wp-image-4090\" title=\"Mero Baze\" src=\"http:\/\/fjala.shkoder.net\/wp-content\/uploads\/2010\/10\/mero_baze1.jpg\" alt=\"\" width=\"149\" height=\"200\" \/><br \/>\nNga <strong>Mero Baze<\/strong><\/p>\n<p>Sali Berisha duket i qet\u00eb dhe hakmarr\u00ebs ndaj t\u00eb vet\u00ebve pas seanc\u00ebs degraduese t\u00eb dit\u00ebs s\u00eb h\u00ebn\u00eb. Shfaqur para shqiptar\u00ebve me nj\u00eb fjalor degradues dhe rr\u00ebshqitje t\u00eb verifikueshme psiqike, Berisha duket se \u00ebsht\u00eb rikthyer i qet\u00eb dhe i relaksuar nga udh\u00ebtimi me gruan e tij n\u00eb Itali. Kjo shihet qart\u00eb n\u00eb komunikimin publik t\u00eb Partis\u00eb Demokratike dy dit\u00ebt e fundit. Berisha ka b\u00ebr\u00eb kujdes t\u00eb madh p\u00ebr t\u00eb qen\u00eb deri n\u00eb fund cinik me njer\u00ebzit e kampit t\u00eb vet, t\u00eb cil\u00ebt i ka thirrur aty p\u00ebr t\u2019i p\u00ebrdorur.<\/p>\n<p>Kulmi i cinizmit natyrisht mbetet Arben Imami. Ngjarjet e vitit 1997 n\u00eb Shqip\u00ebri lidhen gjer\u00ebsisht me angazhimin e tij politik dhe civil kund\u00ebr Sali Berish\u00ebs, t\u00eb cilat kulmuan me mosnjohjen e marr\u00ebveshjes s\u00eb 9 Marsit n\u00eb Jug t\u00eb vendit dhe fillimin e organizimit t\u00eb pavarur t\u00eb atyre q\u00eb fillimisht u quajt\u00ebn Komitete t\u00eb Shp\u00ebtimit Publik. T\u00eb parin e k\u00ebtij lloji zoti Imami e promovoi n\u00eb Gjirokast\u00ebr dhe m\u00eb von\u00eb ata u p\u00ebrhap\u00ebn n\u00eb qytete kryesore t\u00eb jugut t\u00eb Shqip\u00ebris\u00eb. Fjalori i at\u00ebhersh\u00ebm i Arben Imamit ishte radikal dhe mb\u00ebshtetej n\u00eb tez\u00ebn se nj\u00eb qeveri e paligjshme q\u00eb ka vjedhur votat, p\u00ebrmbyset vet\u00ebm me kryengritje. Sot nuk jemi n\u00eb nj\u00eb situat\u00eb t\u00ebr\u00ebsisht t\u00eb ngjashme.<\/p>\n<p>Votat jan\u00eb vjedhur dhe \u00ebsht\u00eb ndalur me ligj kontrolli i tyre, por opozita \u00ebsht\u00eb ende brenda institucioneve. Vjedhja \u00ebsht\u00eb shtuar dhe z\u00ebvend\u00ebskryeministri \u00ebsht\u00eb kapur me presh n\u00eb dor\u00eb, por problemi \u00ebsht\u00eb ende n\u00eb proces hetimi nga drejt\u00ebsia dhe diskretitimi nga opozita. Opozita ka b\u00ebr\u00eb thirrje p\u00ebr nj\u00eb demonstrim komb\u00ebtar kund\u00ebr qeveris\u00eb dhe ka paralajm\u00ebruar shmangien e provokimeve nga qeveria. N\u00eb k\u00ebto kushte t\u00ebr\u00ebsisht normale p\u00ebr standardet e nj\u00eb vendi, i cili duhet t\u00eb jet\u00eb i lir\u00eb t\u00eb ushtroj\u00eb t\u00eb drejt\u00ebn p\u00ebr t\u00eb protestuar, Sali Berisha gjen pik\u00ebrisht k\u00ebt\u00eb njeri t\u00eb dal\u00eb dhe t\u00eb paralajm\u00ebroj\u00eb \u201ckund\u00ebr nj\u00eb rebelimi t\u00eb kuq komunist\u201d q\u00eb po organizon opozita.<\/p>\n<p>Un\u00eb e njoh zotin Imami dhe vazhdoj t\u00eb ruaj mendim t\u00eb mir\u00eb p\u00ebr integritetin e tij si n\u00ebpun\u00ebs i shtetit shqiptar, por tashm\u00eb ai duket se d\u00ebshiron t\u00eb jet\u00eb m\u00eb shum\u00eb nj\u00eb n\u00ebpun\u00ebs i mir\u00eb i partis\u00eb s\u00eb Sali Berish\u00ebs. Nuk \u00ebsht\u00eb se mund ta qortoj p\u00ebr k\u00ebt\u00eb, pasi ndoshta ka planet e veta si mund t\u2019i hyj\u00eb n\u00eb zem\u00ebr Sali Berish\u00ebs, por m\u00eb duket \u00e7mim i lart\u00eb ky posht\u00ebrim publik i tij. Jam i qart\u00eb se shum\u00eb njer\u00ebz q\u00eb duan t\u00eb b\u00ebjn\u00eb karrier\u00eb n\u00eb at\u00eb parti, duhet t\u00eb kalojn\u00eb n\u00eb prov\u00ebn e posht\u00ebrimit publik, dhe kjo n\u00eb t\u00eb v\u00ebrtet\u00eb nxit antivlerat n\u00eb krye t\u00eb asaj partie.<\/p>\n<p>Rasti i zotit Iamami n\u00ebse \u00ebsht\u00eb sakrific\u00eb p\u00ebr karrier\u00eb, \u00ebsht\u00eb i kuptuesh\u00ebm, por n\u00ebse dhe pas k\u00ebsaj Berisha nuk i hap rrug\u00eb karrier\u00ebs s\u00eb tij p\u00ebr n\u00eb vend t\u00eb zotit Bode, \u00ebsht\u00eb shum\u00eb p\u00ebr t\u00eb. Ajo do t\u00eb na b\u00ebj\u00eb t\u00eb dyshojm\u00eb pastaj se problemet e tij me t\u00eb v\u00ebrtet\u00ebn dhe ndershm\u00ebrin\u00eb si minist\u00ebr jan\u00eb m\u00eb t\u00eb thella se sa nevoja p\u00ebr t\u00eb kaluar prov\u00ebn e posht\u00ebrimit dhe cinizmit t\u00eb Sali Berish\u00ebs ndaj njer\u00ebzve q\u00eb i kan\u00eb hapur probleme n\u00eb karrier\u00ebn e tij.<\/p>\n<p>Dhe Arben Imami \u00ebsht\u00eb nj\u00eb njeri q\u00eb e ka detyruar Sali Berish\u00ebn t\u00eb flej\u00eb nat\u00ebn vet\u00ebm n\u00eb zyr\u00eb, pa ditur ku i ka f\u00ebmij\u00ebt e arratisur dhe gruan e fshehur n\u00eb periferi t\u00eb Tiran\u00ebs. Shpresoj t\u00eb jet\u00eb duke ditur se \u00e7\u2019b\u00ebn, edhe pse kam filluar t\u00eb dyshoj se nj\u00eb nga personazhet ende t\u00eb pashfaqur t\u00eb nj\u00eb kasete q\u00eb hyn n\u00eb zyra ministrash e k\u00ebrkon privilegje p\u00ebr kompani ruse, e nxjerr p\u00ebrdit\u00eb n\u00eb gazet\u00eb si minist\u00ebr t\u00eb suksessh\u00ebm. Zoti na ruajt n\u00ebse \u00ebsht\u00eb katandisur peng deri atje.<\/p>\n<p>Personazhi i dyt\u00eb me t\u00eb cil\u00ebn Berisha duket se po hakmerret duke e b\u00ebr\u00eb gazi i bot\u00ebs \u00ebsht\u00eb zonja Doda. N\u00eb qeverit\u00eb e egra socialiste kund\u00ebr Berish\u00ebs si\u00e7 ishte ajo e viteve 1998- 2000, kjo ka sh\u00ebrbyer si z\u00ebdh\u00ebn\u00ebse e Ilir Met\u00ebs dhe e disa ministrave socialist\u00eb. Pastaj u largua p\u00ebr probleme t\u00eb saj personale. Cinizmi i tepruar i Sali Berish\u00ebs \u00ebsht\u00eb se e detyron k\u00ebt\u00eb grua t\u00eb dal\u00eb dhe t\u00eb flas\u00eb p\u00ebr vlerat familjare dhe dhun\u00ebn n\u00eb familje. Nj\u00eb zot e di si nuk e thyejn\u00eb televizionin ata q\u00eb e njohin at\u00eb, por s\u2019kan\u00eb paturp\u00ebsin\u00eb e Sali Berish\u00ebs t\u00eb merren me t\u00eb publikisht.<\/p>\n<p>I fundit, por jo i fundit p\u00ebr t\u00eb qen\u00eb qesharak, mbetet Bogdani. Ky militant i hersh\u00ebm i Edi Ram\u00ebs, q\u00eb vjen nga nj\u00eb familje e njohur socialiste e Tiran\u00ebs, babi i t\u00eb cilit ka qen\u00eb zyrtar i r\u00ebnd\u00ebsish\u00ebm n\u00eb qeverit\u00eb socialiste, dhe i martuar me nj\u00eb grua, prind\u00ebrit e t\u00eb cil\u00ebs Berisha i ka lakuar si krer\u00ebt m\u00eb t\u00eb rreziksh\u00ebm t\u00eb Sigurimit t\u00eb Shtetit n\u00eb Shqip\u00ebri, q\u00eb kan\u00eb vepruar sipas tij dhe kund\u00ebr \u201cdemokracis\u00eb\u201d, tani ka marr\u00eb flamurin e shantazhit publik ndaj gazetar\u00ebve q\u00eb publikuan skandalin e kaset\u00ebs s\u00eb z\u00ebvend\u00ebskryeministrit, duke i quajtur spiun\u00eb t\u00eb Sigurimit. Natyrisht q\u00eb k\u00ebto sajesa nuk impresionojn\u00eb ask\u00ebnd, por cinizmi i Berish\u00ebs ndaj nj\u00eb dh\u00ebndri sigurimsi dhe familje komunisti, \u00ebsht\u00eb p\u00ebr tu sh\u00ebnuar.<\/p>\n<p>Nuk besoj se do t\u00eb kishte dikush koh\u00eb dhe qet\u00ebsin\u00eb n\u00eb k\u00ebto dit\u00eb t\u2019i shkonte mendja t\u00eb b\u00ebnte cinikun q\u00eb Sali Berisha b\u00ebn me disa figura t\u00eb PD-s\u00eb, q\u00eb i kan\u00eb pas sjell\u00eb m\u00eb par\u00eb telashe. Mjafton t\u00eb kujtojm\u00eb p\u00ebrmbledhtazi se tani kund\u00ebr \u201crebelimit t\u00eb kuq\u201d flet Arben Imami, kund\u00ebr \u201cprishjes s\u00eb familjes\u201d flet Mesila Doda dhe kund\u00ebr Sigurimit t\u00eb Shtetit flet dh\u00ebnd\u00ebri i \u201cKlanit \u00c7epani\u201d n\u00eb Sigurimin e Shtetit, p\u00ebr t\u00eb kuptuar sa hakmarr\u00ebs mbetet Sali Berisha dhe ndaj t\u00eb vet\u00ebve.<\/p>\n","protected":false},"excerpt":{"rendered":"<p>Nga Mero Baze Sali Berisha duket i qet\u00eb dhe hakmarr\u00ebs ndaj t\u00eb vet\u00ebve pas seanc\u00ebs degraduese t\u00eb dit\u00ebs s\u00eb h\u00ebn\u00eb. Shfaqur para shqiptar\u00ebve me nj\u00eb fjalor degradues dhe rr\u00ebshqitje t\u00eb verifikueshme psiqike, Berisha duket se \u00ebsht\u00eb rikthyer i qet\u00eb dhe i relaksuar nga udh\u00ebtimi me gruan e tij n\u00eb Itali. Kjo shihet qart\u00eb n\u00eb komunikimin [&hellip;]<\/p>\n","protected":false},"author":1,"featured_media":0,"comment_status":"open","ping_status":"closed","sticky":false,"template":"","format":"standard","meta":{"footnotes":""},"categories":[2],"tags":[],"class_list":{"0":"post-5766","1":"post","2":"type-post","3":"status-publish","4":"format-standard","6":"category-artikuj"},"yoast_head":"<!-- This site is optimized with the Yoast SEO plugin v27.4 - https:\/\/yoast.com\/product\/yoast-seo-wordpress\/ -->\n<title>Berisha dhe hakmarrja ndaj t\u00eb vet\u00ebve - FjALA e LIR\u00cb - Arkivi<\/title>\n<meta name=\"robots\" content=\"index, follow, max-snippet:-1, max-image-preview:large, max-video-preview:-1\" \/>\n<link rel=\"canonical\" href=\"https:\/\/fjala.info\/2009-2015\/berisha-dhe-hakmarrja-ndaj-te-veteve\/\" \/>\n<meta property=\"og:locale\" content=\"sq_AL\" \/>\n<meta property=\"og:type\" content=\"article\" \/>\n<meta property=\"og:title\" content=\"Berisha dhe hakmarrja ndaj t\u00eb vet\u00ebve - FjALA e LIR\u00cb - Arkivi\" \/>\n<meta property=\"og:description\" content=\"Nga Mero Baze Sali Berisha duket i qet\u00eb dhe hakmarr\u00ebs ndaj t\u00eb vet\u00ebve pas seanc\u00ebs degraduese t\u00eb dit\u00ebs s\u00eb h\u00ebn\u00eb. Shfaqur para shqiptar\u00ebve me nj\u00eb fjalor degradues dhe rr\u00ebshqitje t\u00eb verifikueshme psiqike, Berisha duket se \u00ebsht\u00eb rikthyer i qet\u00eb dhe i relaksuar nga udh\u00ebtimi me gruan e tij n\u00eb Itali. Kjo shihet qart\u00eb n\u00eb komunikimin [&hellip;]\" \/>\n<meta property=\"og:url\" content=\"https:\/\/fjala.info\/2009-2015\/berisha-dhe-hakmarrja-ndaj-te-veteve\/\" \/>\n<meta property=\"og:site_name\" content=\"FjALA e LIR\u00cb - Arkivi\" \/>\n<meta property=\"article:published_time\" content=\"2011-01-20T22:47:45+00:00\" \/>\n<meta property=\"og:image\" content=\"http:\/\/fjala.shkoder.net\/wp-content\/uploads\/2010\/10\/mero_baze1.jpg\" \/>\n<meta name=\"author\" content=\"admin\" \/>\n<meta name=\"twitter:card\" content=\"summary_large_image\" \/>\n<meta name=\"twitter:label1\" content=\"Written by\" \/>\n\t<meta name=\"twitter:data1\" content=\"admin\" \/>\n\t<meta name=\"twitter:label2\" content=\"Est. reading time\" \/>\n\t<meta name=\"twitter:data2\" content=\"5 minutes\" \/>\n<script type=\"application\/ld+json\" class=\"yoast-schema-graph\">{\"@context\":\"https:\\\/\\\/schema.org\",\"@graph\":[{\"@type\":\"Article\",\"@id\":\"https:\\\/\\\/fjala.info\\\/2009-2015\\\/berisha-dhe-hakmarrja-ndaj-te-veteve\\\/#article\",\"isPartOf\":{\"@id\":\"https:\\\/\\\/fjala.info\\\/2009-2015\\\/berisha-dhe-hakmarrja-ndaj-te-veteve\\\/\"},\"author\":{\"name\":\"admin\",\"@id\":\"https:\\\/\\\/fjala.info\\\/2009-2015\\\/#\\\/schema\\\/person\\\/3aa1163ef05469c496fc94e77611ada2\"},\"headline\":\"Berisha dhe hakmarrja ndaj t\u00eb vet\u00ebve\",\"datePublished\":\"2011-01-20T22:47:45+00:00\",\"mainEntityOfPage\":{\"@id\":\"https:\\\/\\\/fjala.info\\\/2009-2015\\\/berisha-dhe-hakmarrja-ndaj-te-veteve\\\/\"},\"wordCount\":1051,\"commentCount\":0,\"publisher\":{\"@id\":\"https:\\\/\\\/fjala.info\\\/2009-2015\\\/#organization\"},\"image\":{\"@id\":\"https:\\\/\\\/fjala.info\\\/2009-2015\\\/berisha-dhe-hakmarrja-ndaj-te-veteve\\\/#primaryimage\"},\"thumbnailUrl\":\"http:\\\/\\\/fjala.shkoder.net\\\/wp-content\\\/uploads\\\/2010\\\/10\\\/mero_baze1.jpg\",\"articleSection\":[\"Artikuj\"],\"inLanguage\":\"sq-AL\",\"potentialAction\":[{\"@type\":\"CommentAction\",\"name\":\"Comment\",\"target\":[\"https:\\\/\\\/fjala.info\\\/2009-2015\\\/berisha-dhe-hakmarrja-ndaj-te-veteve\\\/#respond\"]}]},{\"@type\":\"WebPage\",\"@id\":\"https:\\\/\\\/fjala.info\\\/2009-2015\\\/berisha-dhe-hakmarrja-ndaj-te-veteve\\\/\",\"url\":\"https:\\\/\\\/fjala.info\\\/2009-2015\\\/berisha-dhe-hakmarrja-ndaj-te-veteve\\\/\",\"name\":\"Berisha dhe hakmarrja ndaj t\u00eb vet\u00ebve - FjALA e LIR\u00cb - Arkivi\",\"isPartOf\":{\"@id\":\"https:\\\/\\\/fjala.info\\\/2009-2015\\\/#website\"},\"primaryImageOfPage\":{\"@id\":\"https:\\\/\\\/fjala.info\\\/2009-2015\\\/berisha-dhe-hakmarrja-ndaj-te-veteve\\\/#primaryimage\"},\"image\":{\"@id\":\"https:\\\/\\\/fjala.info\\\/2009-2015\\\/berisha-dhe-hakmarrja-ndaj-te-veteve\\\/#primaryimage\"},\"thumbnailUrl\":\"http:\\\/\\\/fjala.shkoder.net\\\/wp-content\\\/uploads\\\/2010\\\/10\\\/mero_baze1.jpg\",\"datePublished\":\"2011-01-20T22:47:45+00:00\",\"breadcrumb\":{\"@id\":\"https:\\\/\\\/fjala.info\\\/2009-2015\\\/berisha-dhe-hakmarrja-ndaj-te-veteve\\\/#breadcrumb\"},\"inLanguage\":\"sq-AL\",\"potentialAction\":[{\"@type\":\"ReadAction\",\"target\":[\"https:\\\/\\\/fjala.info\\\/2009-2015\\\/berisha-dhe-hakmarrja-ndaj-te-veteve\\\/\"]}]},{\"@type\":\"ImageObject\",\"inLanguage\":\"sq-AL\",\"@id\":\"https:\\\/\\\/fjala.info\\\/2009-2015\\\/berisha-dhe-hakmarrja-ndaj-te-veteve\\\/#primaryimage\",\"url\":\"http:\\\/\\\/fjala.shkoder.net\\\/wp-content\\\/uploads\\\/2010\\\/10\\\/mero_baze1.jpg\",\"contentUrl\":\"http:\\\/\\\/fjala.shkoder.net\\\/wp-content\\\/uploads\\\/2010\\\/10\\\/mero_baze1.jpg\"},{\"@type\":\"BreadcrumbList\",\"@id\":\"https:\\\/\\\/fjala.info\\\/2009-2015\\\/berisha-dhe-hakmarrja-ndaj-te-veteve\\\/#breadcrumb\",\"itemListElement\":[{\"@type\":\"ListItem\",\"position\":1,\"name\":\"Home\",\"item\":\"https:\\\/\\\/fjala.info\\\/2009-2015\\\/\"},{\"@type\":\"ListItem\",\"position\":2,\"name\":\"Berisha dhe hakmarrja ndaj t\u00eb vet\u00ebve\"}]},{\"@type\":\"WebSite\",\"@id\":\"https:\\\/\\\/fjala.info\\\/2009-2015\\\/#website\",\"url\":\"https:\\\/\\\/fjala.info\\\/2009-2015\\\/\",\"name\":\"FjALA e LIR\u00cb - Arkivi\",\"description\":\"Arkivi 2009-2015\",\"publisher\":{\"@id\":\"https:\\\/\\\/fjala.info\\\/2009-2015\\\/#organization\"},\"potentialAction\":[{\"@type\":\"SearchAction\",\"target\":{\"@type\":\"EntryPoint\",\"urlTemplate\":\"https:\\\/\\\/fjala.info\\\/2009-2015\\\/?s={search_term_string}\"},\"query-input\":{\"@type\":\"PropertyValueSpecification\",\"valueRequired\":true,\"valueName\":\"search_term_string\"}}],\"inLanguage\":\"sq-AL\"},{\"@type\":\"Organization\",\"@id\":\"https:\\\/\\\/fjala.info\\\/2009-2015\\\/#organization\",\"name\":\"FjALA e LIR\u00cb - Arkivi\",\"url\":\"https:\\\/\\\/fjala.info\\\/2009-2015\\\/\",\"logo\":{\"@type\":\"ImageObject\",\"inLanguage\":\"sq-AL\",\"@id\":\"https:\\\/\\\/fjala.info\\\/2009-2015\\\/#\\\/schema\\\/logo\\\/image\\\/\",\"url\":\"\",\"contentUrl\":\"\",\"caption\":\"FjALA e LIR\u00cb - Arkivi\"},\"image\":{\"@id\":\"https:\\\/\\\/fjala.info\\\/2009-2015\\\/#\\\/schema\\\/logo\\\/image\\\/\"}},{\"@type\":\"Person\",\"@id\":\"https:\\\/\\\/fjala.info\\\/2009-2015\\\/#\\\/schema\\\/person\\\/3aa1163ef05469c496fc94e77611ada2\",\"name\":\"admin\",\"image\":{\"@type\":\"ImageObject\",\"inLanguage\":\"sq-AL\",\"@id\":\"https:\\\/\\\/fjala.info\\\/2009-2015\\\/wp-content\\\/uploads\\\/2012\\\/02\\\/arben_cokaj-120x150.jpg\",\"url\":\"https:\\\/\\\/fjala.info\\\/2009-2015\\\/wp-content\\\/uploads\\\/2012\\\/02\\\/arben_cokaj-120x150.jpg\",\"contentUrl\":\"https:\\\/\\\/fjala.info\\\/2009-2015\\\/wp-content\\\/uploads\\\/2012\\\/02\\\/arben_cokaj-120x150.jpg\",\"caption\":\"admin\"},\"description\":\"Admin, Fjala e Lir\u00eb\",\"sameAs\":[\"https:\\\/\\\/fjala.info\\\/\"],\"url\":\"https:\\\/\\\/fjala.info\\\/2009-2015\\\/author\\\/admin\\\/\"}]}<\/script>\n<!-- \/ Yoast SEO plugin. -->","yoast_head_json":{"title":"Berisha dhe hakmarrja ndaj t\u00eb vet\u00ebve - FjALA e LIR\u00cb - Arkivi","robots":{"index":"index","follow":"follow","max-snippet":"max-snippet:-1","max-image-preview":"max-image-preview:large","max-video-preview":"max-video-preview:-1"},"canonical":"https:\/\/fjala.info\/2009-2015\/berisha-dhe-hakmarrja-ndaj-te-veteve\/","og_locale":"sq_AL","og_type":"article","og_title":"Berisha dhe hakmarrja ndaj t\u00eb vet\u00ebve - FjALA e LIR\u00cb - Arkivi","og_description":"Nga Mero Baze Sali Berisha duket i qet\u00eb dhe hakmarr\u00ebs ndaj t\u00eb vet\u00ebve pas seanc\u00ebs degraduese t\u00eb dit\u00ebs s\u00eb h\u00ebn\u00eb. Shfaqur para shqiptar\u00ebve me nj\u00eb fjalor degradues dhe rr\u00ebshqitje t\u00eb verifikueshme psiqike, Berisha duket se \u00ebsht\u00eb rikthyer i qet\u00eb dhe i relaksuar nga udh\u00ebtimi me gruan e tij n\u00eb Itali. Kjo shihet qart\u00eb n\u00eb komunikimin [&hellip;]","og_url":"https:\/\/fjala.info\/2009-2015\/berisha-dhe-hakmarrja-ndaj-te-veteve\/","og_site_name":"FjALA e LIR\u00cb - Arkivi","article_published_time":"2011-01-20T22:47:45+00:00","og_image":[{"url":"http:\/\/fjala.shkoder.net\/wp-content\/uploads\/2010\/10\/mero_baze1.jpg","type":"","width":"","height":""}],"author":"admin","twitter_card":"summary_large_image","twitter_misc":{"Written by":"admin","Est. reading time":"5 minutes"},"schema":{"@context":"https:\/\/schema.org","@graph":[{"@type":"Article","@id":"https:\/\/fjala.info\/2009-2015\/berisha-dhe-hakmarrja-ndaj-te-veteve\/#article","isPartOf":{"@id":"https:\/\/fjala.info\/2009-2015\/berisha-dhe-hakmarrja-ndaj-te-veteve\/"},"author":{"name":"admin","@id":"https:\/\/fjala.info\/2009-2015\/#\/schema\/person\/3aa1163ef05469c496fc94e77611ada2"},"headline":"Berisha dhe hakmarrja ndaj t\u00eb vet\u00ebve","datePublished":"2011-01-20T22:47:45+00:00","mainEntityOfPage":{"@id":"https:\/\/fjala.info\/2009-2015\/berisha-dhe-hakmarrja-ndaj-te-veteve\/"},"wordCount":1051,"commentCount":0,"publisher":{"@id":"https:\/\/fjala.info\/2009-2015\/#organization"},"image":{"@id":"https:\/\/fjala.info\/2009-2015\/berisha-dhe-hakmarrja-ndaj-te-veteve\/#primaryimage"},"thumbnailUrl":"http:\/\/fjala.shkoder.net\/wp-content\/uploads\/2010\/10\/mero_baze1.jpg","articleSection":["Artikuj"],"inLanguage":"sq-AL","potentialAction":[{"@type":"CommentAction","name":"Comment","target":["https:\/\/fjala.info\/2009-2015\/berisha-dhe-hakmarrja-ndaj-te-veteve\/#respond"]}]},{"@type":"WebPage","@id":"https:\/\/fjala.info\/2009-2015\/berisha-dhe-hakmarrja-ndaj-te-veteve\/","url":"https:\/\/fjala.info\/2009-2015\/berisha-dhe-hakmarrja-ndaj-te-veteve\/","name":"Berisha dhe hakmarrja ndaj t\u00eb vet\u00ebve - FjALA e LIR\u00cb - Arkivi","isPartOf":{"@id":"https:\/\/fjala.info\/2009-2015\/#website"},"primaryImageOfPage":{"@id":"https:\/\/fjala.info\/2009-2015\/berisha-dhe-hakmarrja-ndaj-te-veteve\/#primaryimage"},"image":{"@id":"https:\/\/fjala.info\/2009-2015\/berisha-dhe-hakmarrja-ndaj-te-veteve\/#primaryimage"},"thumbnailUrl":"http:\/\/fjala.shkoder.net\/wp-content\/uploads\/2010\/10\/mero_baze1.jpg","datePublished":"2011-01-20T22:47:45+00:00","breadcrumb":{"@id":"https:\/\/fjala.info\/2009-2015\/berisha-dhe-hakmarrja-ndaj-te-veteve\/#breadcrumb"},"inLanguage":"sq-AL","potentialAction":[{"@type":"ReadAction","target":["https:\/\/fjala.info\/2009-2015\/berisha-dhe-hakmarrja-ndaj-te-veteve\/"]}]},{"@type":"ImageObject","inLanguage":"sq-AL","@id":"https:\/\/fjala.info\/2009-2015\/berisha-dhe-hakmarrja-ndaj-te-veteve\/#primaryimage","url":"http:\/\/fjala.shkoder.net\/wp-content\/uploads\/2010\/10\/mero_baze1.jpg","contentUrl":"http:\/\/fjala.shkoder.net\/wp-content\/uploads\/2010\/10\/mero_baze1.jpg"},{"@type":"BreadcrumbList","@id":"https:\/\/fjala.info\/2009-2015\/berisha-dhe-hakmarrja-ndaj-te-veteve\/#breadcrumb","itemListElement":[{"@type":"ListItem","position":1,"name":"Home","item":"https:\/\/fjala.info\/2009-2015\/"},{"@type":"ListItem","position":2,"name":"Berisha dhe hakmarrja ndaj t\u00eb vet\u00ebve"}]},{"@type":"WebSite","@id":"https:\/\/fjala.info\/2009-2015\/#website","url":"https:\/\/fjala.info\/2009-2015\/","name":"FjALA e LIR\u00cb - Arkivi","description":"Arkivi 2009-2015","publisher":{"@id":"https:\/\/fjala.info\/2009-2015\/#organization"},"potentialAction":[{"@type":"SearchAction","target":{"@type":"EntryPoint","urlTemplate":"https:\/\/fjala.info\/2009-2015\/?s={search_term_string}"},"query-input":{"@type":"PropertyValueSpecification","valueRequired":true,"valueName":"search_term_string"}}],"inLanguage":"sq-AL"},{"@type":"Organization","@id":"https:\/\/fjala.info\/2009-2015\/#organization","name":"FjALA e LIR\u00cb - Arkivi","url":"https:\/\/fjala.info\/2009-2015\/","logo":{"@type":"ImageObject","inLanguage":"sq-AL","@id":"https:\/\/fjala.info\/2009-2015\/#\/schema\/logo\/image\/","url":"","contentUrl":"","caption":"FjALA e LIR\u00cb - Arkivi"},"image":{"@id":"https:\/\/fjala.info\/2009-2015\/#\/schema\/logo\/image\/"}},{"@type":"Person","@id":"https:\/\/fjala.info\/2009-2015\/#\/schema\/person\/3aa1163ef05469c496fc94e77611ada2","name":"admin","image":{"@type":"ImageObject","inLanguage":"sq-AL","@id":"https:\/\/fjala.info\/2009-2015\/wp-content\/uploads\/2012\/02\/arben_cokaj-120x150.jpg","url":"https:\/\/fjala.info\/2009-2015\/wp-content\/uploads\/2012\/02\/arben_cokaj-120x150.jpg","contentUrl":"https:\/\/fjala.info\/2009-2015\/wp-content\/uploads\/2012\/02\/arben_cokaj-120x150.jpg","caption":"admin"},"description":"Admin, Fjala e Lir\u00eb","sameAs":["https:\/\/fjala.info\/"],"url":"https:\/\/fjala.info\/2009-2015\/author\/admin\/"}]}},"_links":{"self":[{"href":"https:\/\/fjala.info\/2009-2015\/wp-json\/wp\/v2\/posts\/5766","targetHints":{"allow":["GET"]}}],"collection":[{"href":"https:\/\/fjala.info\/2009-2015\/wp-json\/wp\/v2\/posts"}],"about":[{"href":"https:\/\/fjala.info\/2009-2015\/wp-json\/wp\/v2\/types\/post"}],"author":[{"embeddable":true,"href":"https:\/\/fjala.info\/2009-2015\/wp-json\/wp\/v2\/users\/1"}],"replies":[{"embeddable":true,"href":"https:\/\/fjala.info\/2009-2015\/wp-json\/wp\/v2\/comments?post=5766"}],"version-history":[{"count":0,"href":"https:\/\/fjala.info\/2009-2015\/wp-json\/wp\/v2\/posts\/5766\/revisions"}],"wp:attachment":[{"href":"https:\/\/fjala.info\/2009-2015\/wp-json\/wp\/v2\/media?parent=5766"}],"wp:term":[{"taxonomy":"category","embeddable":true,"href":"https:\/\/fjala.info\/2009-2015\/wp-json\/wp\/v2\/categories?post=5766"},{"taxonomy":"post_tag","embeddable":true,"href":"https:\/\/fjala.info\/2009-2015\/wp-json\/wp\/v2\/tags?post=5766"}],"curies":[{"name":"wp","href":"https:\/\/api.w.org\/{rel}","templated":true}]}}