{"id":5762,"date":"2011-01-20T10:48:10","date_gmt":"2011-01-20T09:48:10","guid":{"rendered":"http:\/\/fjala.shkoder.net\/?p=5762"},"modified":"2011-01-20T10:48:10","modified_gmt":"2011-01-20T09:48:10","slug":"cfare-eshte-lsi","status":"publish","type":"post","link":"https:\/\/fjala.info\/2009-2015\/cfare-eshte-lsi\/","title":{"rendered":"\u00c7far\u00eb \u00ebsht\u00eb LSI?"},"content":{"rendered":"<p><strong>Alfred Lela<\/strong><\/p>\n<p style=\"text-align: right;\"><em><img loading=\"lazy\" decoding=\"async\" class=\"alignright size-full wp-image-5763\" title=\"ilir_meta_lsi\" src=\"http:\/\/fjala.shkoder.net\/wp-content\/uploads\/2011\/01\/ilir_meta_lsi.jpg\" alt=\"\" width=\"250\" height=\"164\" \/><\/em><\/p>\n<p style=\"text-align: right;\"><em>Ilir Meta n\u00eb selin\u00eb e LSI-s\u00eb<\/em><\/p>\n<p>Nuk e di. Por njoh p\u00ebrthyerjet q\u00eb m\u00eb mb\u00ebrrijn\u00eb p\u00ebrmes lajmeve, qofshin k\u00ebto televizive, t\u00eb shtypit apo radiofonike; edhe m\u00eb shum\u00eb se kaq, m\u00eb ndihmojn\u00eb imazhet, apo se si shfaqen e sillen n\u00eb publik eksponent\u00ebt e k\u00ebsaj partie t\u00eb tret\u00eb n\u00eb spektrin politik shqiptar. N\u00eb fund, jan\u00eb edhe ato q\u00eb thuhen, ose sesi p\u00ebrthyhet kjo forc\u00eb politike te individ\u00eb t\u00eb tjer\u00eb me t\u00eb cil\u00ebt m\u00eb \u00e7on rasti t\u00eb k\u00ebmbej mendime. T\u00eb gjith\u00eb k\u00ebta vektor\u00eb vijn\u00eb e bashkohen n\u00eb nj\u00eb pik\u00eb q\u00eb, le ta quajm\u00eb, \u00ebsht\u00eb mendimi im p\u00ebr k\u00ebt\u00eb parti.<\/p>\n<p>M\u00eb lejo ta filloj me nj\u00eb element t\u00eb jasht\u00ebm rast\u00ebsia e t\u00eb cilit e llojit \u201cit happens to be there\u201d shpjegon, dashur pas dashur, nj\u00eb pjes\u00eb t\u00eb thelbit t\u00eb L\u00ebvizjes Socialiste p\u00ebr Integrim. Selia e k\u00ebsaj partie ndodhet mbi nj\u00eb kafene, ose lokal si\u00e7 parap\u00eblqehet t\u00eb em\u00ebrtohet n\u00eb Shqip\u00ebri. Ose klub, p\u00ebr t\u00eb p\u00ebrdorur nj\u00eb tjet\u00ebr kthes\u00eb t\u00eb gjuh\u00ebs. \u00cbsht\u00eb ndoshta e vetmja parti n\u00eb bot\u00eb q\u00eb ngrihet mbi nj\u00eb lokal. (Edhe dy partit\u00eb e tjera, PD dhe PS, kan\u00eb lokale, por ato jan\u00eb anash selive t\u00eb tyre, jo n\u00ebn, e as p\u00ebrmbi). Kemi pra nj\u00eb institucion politik p\u00ebr t\u00eb shkuar n\u00eb selin\u00eb e t\u00eb cilit duhet t\u00eb kalosh n\u00ebp\u00ebr nj\u00eb lokal. N\u00eb fakt n\u00eb k\u00ebt\u00eb lokal kryhen takime politike ose jo. K\u00ebtu fillon pra klientelizmi i dyt\u00eb, ai funksionar partie-militant, i cili vjen e shkrihet me klientelizmin e par\u00eb: kamerier-klient.<\/p>\n<p>Porositen kafet\u00eb, uji me limon e n\u00eb var\u00ebsi t\u00eb \u201cqok\u00ebs\u201d edhe Johhny Walker Blue, megjith\u00eb shqiptimet e gabuara t\u00eb emrit nga ata q\u00eb s\u2019njohin as anglishten e as whiskey-n skocez. N\u00eb k\u00ebt\u00eb lokal takoheshin Meta me Priftin para se ata t\u00eb b\u00ebheshin ministra e kryearmiq (archenemies). K\u00ebtu, n\u00eb nj\u00eb bllok t\u00eb vog\u00ebl, t\u00eb ngjash\u00ebm me at\u00eb q\u00eb u pa t\u00eb mbante kryetari i LSI-s\u00eb n\u00eb dialogun e p\u00ebrgjuar nga Dritan Prifti, shkruheshin e shkarraviteshin zona elektorale e emra deputet\u00ebsh, me st\u00ebrmundimin q\u00eb shkakton synimi q\u00eb p\u00ebr t\u2019i b\u00ebr\u00eb qejfin kryetarit, lista t\u00eb kapte shifr\u00ebn e 33 deputet\u00ebve.<\/p>\n<p>Kjo na sjell edhe te p\u00ebrthyerja tjet\u00ebr q\u00eb shpjegon, gjithashtu shum\u00eb, se kush e \u00e7far\u00eb \u00ebsht\u00eb L\u00ebvizja Socialiste p\u00ebr Integrim: kompleksi i madh\u00ebshtis\u00eb. Nj\u00eb parti q\u00eb ka \u201ckal\u00ebruar\u201d kryesisht mbi iden\u00eb se kryetari i saj ka qen\u00eb Kryeminist\u00ebr dhe nj\u00eb pjes\u00eb e funksionar\u00ebve ministra, i hyn n\u00eb hak vetes kur e projekton hijen e saj p\u00ebrtej kapacitetit real elektoral. Rasti i zgjedhjeve t\u00eb fundit t\u00eb p\u00ebrgjithshme nuk shkon kund\u00ebr k\u00ebtij p\u00ebrfundimi, p\u00ebrkundrazi e ilustron at\u00eb. Po sikur nj\u00ebra prej forcave politike kryesore t\u00eb mos kishte nevoj\u00eb p\u00ebr 4 deputet\u00ebt e LSI-s\u00eb dhe ta formonte vet\u00eb qeverin\u00eb, cili do t\u00eb kishte qen\u00eb impakti i saj n\u00eb politik\u00eb?<\/p>\n<p>Projektimi i 33 deputet\u00ebve dhe marrja e vet\u00ebm kat\u00ebr t\u00eb till\u00ebve do t\u00eb funksionoj\u00eb vet\u00ebm n\u00ebse politika shqiptare e p\u00ebrs\u00ebrit impasin e 28 qershorit \u00e7do kat\u00ebr vjet. N\u00ebse, p\u00ebr nj\u00eb shkak apo nj\u00eb tjet\u00ebr, elektorati radikalizohet dhe shmanget n\u00eb nj\u00ebr\u00ebn an\u00eb, e sakrifikuara e madhe (n\u00eb fakt, e vog\u00ebl) do t\u00eb ishte LSI-ja. Mos harro se kat\u00ebr deputet\u00ebt e marr\u00eb n\u00eb zgjedhjet e fundit ishin pjell\u00eb e radikalizimit t\u00eb vet\u00eb k\u00ebsaj partie: nd\u00ebrkoh\u00eb q\u00eb PS-ja i afrohej qendr\u00ebs me sloganin \u201cp\u00ebrtej t\u00eb majt\u00ebs e s\u00eb djatht\u00ebs\u201d, LSI-ja rr\u00ebshqiste gjithnj\u00eb e m\u00eb majtas me yshtjen e mij\u00ebra vendeve t\u00eb pun\u00ebs, kur t\u2019i fitonte ajo zgjedhjet(!).<\/p>\n<p>N\u00eb mos, me an\u00eb t\u00eb k\u00ebsaj sjelljeje, L\u00ebvizja Socialiste nuk \u00ebsht\u00eb nj\u00eb parti politike apriori, por nj\u00eb projekt parapolitik, nj\u00eb detashment gjysm\u00eb klientelist e gjysm\u00eb ushtarak, i cili synon rimarrjen e Partis\u00eb Socialiste, ose nj\u00eb kthim t\u00eb burrave plangprish\u00ebs andej prej nga kan\u00eb dal\u00eb. Sigurisht, ky \u201cprojekt\u201d u b\u00eb publik nga Dritan Prifti n\u00eb nj\u00eb intervist\u00eb t\u00eb dit\u00ebve t\u00eb fundit, por ai ka harruar t\u00eb p\u00ebrmend\u00eb se ekzistenca e k\u00ebtij \u201cpu\u00e7i\u201d \u00ebsht\u00eb m\u00eb e hershme dhe se edhe ai, nj\u00ebher\u00eb e nj\u00eb koh\u00eb, ka qen\u00eb pjes\u00eb e tij. (Kallja n\u00eb k\u00ebt\u00eb skenar e Berish\u00ebs dhe Bash\u00ebs vet\u00ebm sa e b\u00ebn m\u00eb t\u00eb ububush\u00ebm projektin dhe bash p\u00ebr k\u00ebt\u00eb Prifti i p\u00ebrdori k\u00ebta dy emra).<\/p>\n<p style=\"text-align: center;\">* * *<\/p>\n<p>P\u00ebr t\u2019iu kthyer edhe nj\u00ebher\u00eb lokalit q\u00eb gjendet posht\u00eb selis\u00eb s\u00eb LSI-s\u00eb, tabela me emrin e t\u00eb cilit bashk\u00eb me akronimin e partis\u00eb u mbulua me vez\u00eb e domate nga nj\u00eb grup protestuesish dy dit\u00eb pas publikimit t\u00eb videos Meta-Prifti. Militant\u00ebt e LSI-s\u00eb, mes tyre edhe gra, u ndesh\u00ebn fizikisht me protestuesit t\u00eb cil\u00ebt po ushtronin nj\u00eb t\u00eb drejt\u00eb demokratike. At\u00eb dit\u00eb, nj\u00eb dit\u00eb m\u00eb par\u00eb dhe n\u00eb dit\u00ebt n\u00eb vazhdim, rreth LSI-s\u00eb ndihej nj\u00eb aj\u00ebr i \u00e7uditsh\u00ebm solidariteti me kryetarin, ilustruar nga fuoristrada t\u00eb m\u00ebdha, t\u00eb zeza, prej nga dilnin tipa t\u00eb cil\u00ebve ishe i detyruar t\u2019u vije emrat e shqiptuar nga Meta n\u00eb videon e Priftit. Ky duhet t\u00eb jet\u00eb, Turi; nd\u00ebrsa ky Gimi\u2026Po ky\u2026?<\/p>\n<p>Atmosfer\u00eb q\u00eb na \u00e7on te p\u00ebrthyerja e fundit e LSI-s\u00eb si formacion politik: pazot\u00ebsia p\u00ebr t\u2019i ikur zhguallit t\u00eb dram\u00ebs s\u00eb vet, p\u00ebr ta kundruar at\u00eb nga jasht\u00eb-brenda dhe p\u00ebr t\u00eb reaguar mbi t\u00eb nga ky pik\u00ebv\u00ebshtrim. Q\u00eb do t\u00eb thot\u00eb: distancimi nga fryma q\u00eb p\u00ebrcillej n\u00eb videon e transmetuar nga Fiks Fare me an\u00eb t\u00eb nj\u00eb ndjese dhe shpjegimit se ky \u00ebsht\u00eb ve\u00e7 nj\u00eb rast sporadik e fatkeq dhe asesi nuk e shpjegon thelbin e forc\u00ebs s\u00eb tret\u00eb politike n\u00eb vend. LSI e humbi k\u00ebt\u00eb rast t\u00eb madh duke \u201cshtr\u00ebnguar radh\u00ebt rreth kryetarit\u201d, duke u sk\u00ebrmitur dh\u00ebmb\u00ebt protestuesve dhe duke nd\u00ebrtuar nj\u00eb fushat\u00eb mediokre e meskine PR-i (Public relations). Kulmim i k\u00ebsaj t\u00eb fundit \u00ebsht\u00eb fraza e Ilir Met\u00ebs se \u201cm\u00eb 9 maj do t\u00eb mundim fashizmin dhe spiun\u00ebt\u201d. T\u00eb pakt\u00ebn fashizmi nuk \u00ebsht\u00eb m\u00eb problem i shqiptar\u00ebve. Sa p\u00ebr t\u00eb p\u00ebrmendur nj\u00eb prej tyre, do t\u00eb thosha: Korrupsioni.<\/p>\n","protected":false},"excerpt":{"rendered":"<p>Alfred Lela Ilir Meta n\u00eb selin\u00eb e LSI-s\u00eb Nuk e di. Por njoh p\u00ebrthyerjet q\u00eb m\u00eb mb\u00ebrrijn\u00eb p\u00ebrmes lajmeve, qofshin k\u00ebto televizive, t\u00eb shtypit apo radiofonike; edhe m\u00eb shum\u00eb se kaq, m\u00eb ndihmojn\u00eb imazhet, apo se si shfaqen e sillen n\u00eb publik eksponent\u00ebt e k\u00ebsaj partie t\u00eb tret\u00eb n\u00eb spektrin politik shqiptar. N\u00eb fund, jan\u00eb [&hellip;]<\/p>\n","protected":false},"author":1,"featured_media":0,"comment_status":"open","ping_status":"closed","sticky":false,"template":"","format":"standard","meta":{"footnotes":""},"categories":[2],"tags":[],"class_list":{"0":"post-5762","1":"post","2":"type-post","3":"status-publish","4":"format-standard","6":"category-artikuj"},"yoast_head":"<!-- This site is optimized with the Yoast SEO plugin v27.4 - https:\/\/yoast.com\/product\/yoast-seo-wordpress\/ -->\n<title>\u00c7far\u00eb \u00ebsht\u00eb LSI? - FjALA e LIR\u00cb - Arkivi<\/title>\n<meta name=\"robots\" content=\"index, follow, max-snippet:-1, max-image-preview:large, max-video-preview:-1\" \/>\n<link rel=\"canonical\" href=\"https:\/\/fjala.info\/2009-2015\/cfare-eshte-lsi\/\" \/>\n<meta property=\"og:locale\" content=\"sq_AL\" \/>\n<meta property=\"og:type\" content=\"article\" \/>\n<meta property=\"og:title\" content=\"\u00c7far\u00eb \u00ebsht\u00eb LSI? - FjALA e LIR\u00cb - Arkivi\" \/>\n<meta property=\"og:description\" content=\"Alfred Lela Ilir Meta n\u00eb selin\u00eb e LSI-s\u00eb Nuk e di. Por njoh p\u00ebrthyerjet q\u00eb m\u00eb mb\u00ebrrijn\u00eb p\u00ebrmes lajmeve, qofshin k\u00ebto televizive, t\u00eb shtypit apo radiofonike; edhe m\u00eb shum\u00eb se kaq, m\u00eb ndihmojn\u00eb imazhet, apo se si shfaqen e sillen n\u00eb publik eksponent\u00ebt e k\u00ebsaj partie t\u00eb tret\u00eb n\u00eb spektrin politik shqiptar. N\u00eb fund, jan\u00eb [&hellip;]\" \/>\n<meta property=\"og:url\" content=\"https:\/\/fjala.info\/2009-2015\/cfare-eshte-lsi\/\" \/>\n<meta property=\"og:site_name\" content=\"FjALA e LIR\u00cb - Arkivi\" \/>\n<meta property=\"article:published_time\" content=\"2011-01-20T09:48:10+00:00\" \/>\n<meta property=\"og:image\" content=\"http:\/\/fjala.shkoder.net\/wp-content\/uploads\/2011\/01\/ilir_meta_lsi.jpg\" \/>\n<meta name=\"author\" content=\"admin\" \/>\n<meta name=\"twitter:card\" content=\"summary_large_image\" \/>\n<meta name=\"twitter:label1\" content=\"Written by\" \/>\n\t<meta name=\"twitter:data1\" content=\"admin\" \/>\n\t<meta name=\"twitter:label2\" content=\"Est. reading time\" \/>\n\t<meta name=\"twitter:data2\" content=\"5 minutes\" \/>\n<script type=\"application\/ld+json\" class=\"yoast-schema-graph\">{\"@context\":\"https:\\\/\\\/schema.org\",\"@graph\":[{\"@type\":\"Article\",\"@id\":\"https:\\\/\\\/fjala.info\\\/2009-2015\\\/cfare-eshte-lsi\\\/#article\",\"isPartOf\":{\"@id\":\"https:\\\/\\\/fjala.info\\\/2009-2015\\\/cfare-eshte-lsi\\\/\"},\"author\":{\"name\":\"admin\",\"@id\":\"https:\\\/\\\/fjala.info\\\/2009-2015\\\/#\\\/schema\\\/person\\\/3aa1163ef05469c496fc94e77611ada2\"},\"headline\":\"\u00c7far\u00eb \u00ebsht\u00eb LSI?\",\"datePublished\":\"2011-01-20T09:48:10+00:00\",\"mainEntityOfPage\":{\"@id\":\"https:\\\/\\\/fjala.info\\\/2009-2015\\\/cfare-eshte-lsi\\\/\"},\"wordCount\":1074,\"commentCount\":1,\"publisher\":{\"@id\":\"https:\\\/\\\/fjala.info\\\/2009-2015\\\/#organization\"},\"image\":{\"@id\":\"https:\\\/\\\/fjala.info\\\/2009-2015\\\/cfare-eshte-lsi\\\/#primaryimage\"},\"thumbnailUrl\":\"http:\\\/\\\/fjala.shkoder.net\\\/wp-content\\\/uploads\\\/2011\\\/01\\\/ilir_meta_lsi.jpg\",\"articleSection\":[\"Artikuj\"],\"inLanguage\":\"sq-AL\",\"potentialAction\":[{\"@type\":\"CommentAction\",\"name\":\"Comment\",\"target\":[\"https:\\\/\\\/fjala.info\\\/2009-2015\\\/cfare-eshte-lsi\\\/#respond\"]}]},{\"@type\":\"WebPage\",\"@id\":\"https:\\\/\\\/fjala.info\\\/2009-2015\\\/cfare-eshte-lsi\\\/\",\"url\":\"https:\\\/\\\/fjala.info\\\/2009-2015\\\/cfare-eshte-lsi\\\/\",\"name\":\"\u00c7far\u00eb \u00ebsht\u00eb LSI? - FjALA e LIR\u00cb - Arkivi\",\"isPartOf\":{\"@id\":\"https:\\\/\\\/fjala.info\\\/2009-2015\\\/#website\"},\"primaryImageOfPage\":{\"@id\":\"https:\\\/\\\/fjala.info\\\/2009-2015\\\/cfare-eshte-lsi\\\/#primaryimage\"},\"image\":{\"@id\":\"https:\\\/\\\/fjala.info\\\/2009-2015\\\/cfare-eshte-lsi\\\/#primaryimage\"},\"thumbnailUrl\":\"http:\\\/\\\/fjala.shkoder.net\\\/wp-content\\\/uploads\\\/2011\\\/01\\\/ilir_meta_lsi.jpg\",\"datePublished\":\"2011-01-20T09:48:10+00:00\",\"breadcrumb\":{\"@id\":\"https:\\\/\\\/fjala.info\\\/2009-2015\\\/cfare-eshte-lsi\\\/#breadcrumb\"},\"inLanguage\":\"sq-AL\",\"potentialAction\":[{\"@type\":\"ReadAction\",\"target\":[\"https:\\\/\\\/fjala.info\\\/2009-2015\\\/cfare-eshte-lsi\\\/\"]}]},{\"@type\":\"ImageObject\",\"inLanguage\":\"sq-AL\",\"@id\":\"https:\\\/\\\/fjala.info\\\/2009-2015\\\/cfare-eshte-lsi\\\/#primaryimage\",\"url\":\"http:\\\/\\\/fjala.shkoder.net\\\/wp-content\\\/uploads\\\/2011\\\/01\\\/ilir_meta_lsi.jpg\",\"contentUrl\":\"http:\\\/\\\/fjala.shkoder.net\\\/wp-content\\\/uploads\\\/2011\\\/01\\\/ilir_meta_lsi.jpg\"},{\"@type\":\"BreadcrumbList\",\"@id\":\"https:\\\/\\\/fjala.info\\\/2009-2015\\\/cfare-eshte-lsi\\\/#breadcrumb\",\"itemListElement\":[{\"@type\":\"ListItem\",\"position\":1,\"name\":\"Home\",\"item\":\"https:\\\/\\\/fjala.info\\\/2009-2015\\\/\"},{\"@type\":\"ListItem\",\"position\":2,\"name\":\"\u00c7far\u00eb \u00ebsht\u00eb LSI?\"}]},{\"@type\":\"WebSite\",\"@id\":\"https:\\\/\\\/fjala.info\\\/2009-2015\\\/#website\",\"url\":\"https:\\\/\\\/fjala.info\\\/2009-2015\\\/\",\"name\":\"FjALA e LIR\u00cb - Arkivi\",\"description\":\"Arkivi 2009-2015\",\"publisher\":{\"@id\":\"https:\\\/\\\/fjala.info\\\/2009-2015\\\/#organization\"},\"potentialAction\":[{\"@type\":\"SearchAction\",\"target\":{\"@type\":\"EntryPoint\",\"urlTemplate\":\"https:\\\/\\\/fjala.info\\\/2009-2015\\\/?s={search_term_string}\"},\"query-input\":{\"@type\":\"PropertyValueSpecification\",\"valueRequired\":true,\"valueName\":\"search_term_string\"}}],\"inLanguage\":\"sq-AL\"},{\"@type\":\"Organization\",\"@id\":\"https:\\\/\\\/fjala.info\\\/2009-2015\\\/#organization\",\"name\":\"FjALA e LIR\u00cb - Arkivi\",\"url\":\"https:\\\/\\\/fjala.info\\\/2009-2015\\\/\",\"logo\":{\"@type\":\"ImageObject\",\"inLanguage\":\"sq-AL\",\"@id\":\"https:\\\/\\\/fjala.info\\\/2009-2015\\\/#\\\/schema\\\/logo\\\/image\\\/\",\"url\":\"\",\"contentUrl\":\"\",\"caption\":\"FjALA e LIR\u00cb - Arkivi\"},\"image\":{\"@id\":\"https:\\\/\\\/fjala.info\\\/2009-2015\\\/#\\\/schema\\\/logo\\\/image\\\/\"}},{\"@type\":\"Person\",\"@id\":\"https:\\\/\\\/fjala.info\\\/2009-2015\\\/#\\\/schema\\\/person\\\/3aa1163ef05469c496fc94e77611ada2\",\"name\":\"admin\",\"image\":{\"@type\":\"ImageObject\",\"inLanguage\":\"sq-AL\",\"@id\":\"https:\\\/\\\/fjala.info\\\/2009-2015\\\/wp-content\\\/uploads\\\/2012\\\/02\\\/arben_cokaj-120x150.jpg\",\"url\":\"https:\\\/\\\/fjala.info\\\/2009-2015\\\/wp-content\\\/uploads\\\/2012\\\/02\\\/arben_cokaj-120x150.jpg\",\"contentUrl\":\"https:\\\/\\\/fjala.info\\\/2009-2015\\\/wp-content\\\/uploads\\\/2012\\\/02\\\/arben_cokaj-120x150.jpg\",\"caption\":\"admin\"},\"description\":\"Admin, Fjala e Lir\u00eb\",\"sameAs\":[\"https:\\\/\\\/fjala.info\\\/\"],\"url\":\"https:\\\/\\\/fjala.info\\\/2009-2015\\\/author\\\/admin\\\/\"}]}<\/script>\n<!-- \/ Yoast SEO plugin. -->","yoast_head_json":{"title":"\u00c7far\u00eb \u00ebsht\u00eb LSI? - FjALA e LIR\u00cb - Arkivi","robots":{"index":"index","follow":"follow","max-snippet":"max-snippet:-1","max-image-preview":"max-image-preview:large","max-video-preview":"max-video-preview:-1"},"canonical":"https:\/\/fjala.info\/2009-2015\/cfare-eshte-lsi\/","og_locale":"sq_AL","og_type":"article","og_title":"\u00c7far\u00eb \u00ebsht\u00eb LSI? - FjALA e LIR\u00cb - Arkivi","og_description":"Alfred Lela Ilir Meta n\u00eb selin\u00eb e LSI-s\u00eb Nuk e di. Por njoh p\u00ebrthyerjet q\u00eb m\u00eb mb\u00ebrrijn\u00eb p\u00ebrmes lajmeve, qofshin k\u00ebto televizive, t\u00eb shtypit apo radiofonike; edhe m\u00eb shum\u00eb se kaq, m\u00eb ndihmojn\u00eb imazhet, apo se si shfaqen e sillen n\u00eb publik eksponent\u00ebt e k\u00ebsaj partie t\u00eb tret\u00eb n\u00eb spektrin politik shqiptar. N\u00eb fund, jan\u00eb [&hellip;]","og_url":"https:\/\/fjala.info\/2009-2015\/cfare-eshte-lsi\/","og_site_name":"FjALA e LIR\u00cb - Arkivi","article_published_time":"2011-01-20T09:48:10+00:00","og_image":[{"url":"http:\/\/fjala.shkoder.net\/wp-content\/uploads\/2011\/01\/ilir_meta_lsi.jpg","type":"","width":"","height":""}],"author":"admin","twitter_card":"summary_large_image","twitter_misc":{"Written by":"admin","Est. reading time":"5 minutes"},"schema":{"@context":"https:\/\/schema.org","@graph":[{"@type":"Article","@id":"https:\/\/fjala.info\/2009-2015\/cfare-eshte-lsi\/#article","isPartOf":{"@id":"https:\/\/fjala.info\/2009-2015\/cfare-eshte-lsi\/"},"author":{"name":"admin","@id":"https:\/\/fjala.info\/2009-2015\/#\/schema\/person\/3aa1163ef05469c496fc94e77611ada2"},"headline":"\u00c7far\u00eb \u00ebsht\u00eb LSI?","datePublished":"2011-01-20T09:48:10+00:00","mainEntityOfPage":{"@id":"https:\/\/fjala.info\/2009-2015\/cfare-eshte-lsi\/"},"wordCount":1074,"commentCount":1,"publisher":{"@id":"https:\/\/fjala.info\/2009-2015\/#organization"},"image":{"@id":"https:\/\/fjala.info\/2009-2015\/cfare-eshte-lsi\/#primaryimage"},"thumbnailUrl":"http:\/\/fjala.shkoder.net\/wp-content\/uploads\/2011\/01\/ilir_meta_lsi.jpg","articleSection":["Artikuj"],"inLanguage":"sq-AL","potentialAction":[{"@type":"CommentAction","name":"Comment","target":["https:\/\/fjala.info\/2009-2015\/cfare-eshte-lsi\/#respond"]}]},{"@type":"WebPage","@id":"https:\/\/fjala.info\/2009-2015\/cfare-eshte-lsi\/","url":"https:\/\/fjala.info\/2009-2015\/cfare-eshte-lsi\/","name":"\u00c7far\u00eb \u00ebsht\u00eb LSI? - FjALA e LIR\u00cb - Arkivi","isPartOf":{"@id":"https:\/\/fjala.info\/2009-2015\/#website"},"primaryImageOfPage":{"@id":"https:\/\/fjala.info\/2009-2015\/cfare-eshte-lsi\/#primaryimage"},"image":{"@id":"https:\/\/fjala.info\/2009-2015\/cfare-eshte-lsi\/#primaryimage"},"thumbnailUrl":"http:\/\/fjala.shkoder.net\/wp-content\/uploads\/2011\/01\/ilir_meta_lsi.jpg","datePublished":"2011-01-20T09:48:10+00:00","breadcrumb":{"@id":"https:\/\/fjala.info\/2009-2015\/cfare-eshte-lsi\/#breadcrumb"},"inLanguage":"sq-AL","potentialAction":[{"@type":"ReadAction","target":["https:\/\/fjala.info\/2009-2015\/cfare-eshte-lsi\/"]}]},{"@type":"ImageObject","inLanguage":"sq-AL","@id":"https:\/\/fjala.info\/2009-2015\/cfare-eshte-lsi\/#primaryimage","url":"http:\/\/fjala.shkoder.net\/wp-content\/uploads\/2011\/01\/ilir_meta_lsi.jpg","contentUrl":"http:\/\/fjala.shkoder.net\/wp-content\/uploads\/2011\/01\/ilir_meta_lsi.jpg"},{"@type":"BreadcrumbList","@id":"https:\/\/fjala.info\/2009-2015\/cfare-eshte-lsi\/#breadcrumb","itemListElement":[{"@type":"ListItem","position":1,"name":"Home","item":"https:\/\/fjala.info\/2009-2015\/"},{"@type":"ListItem","position":2,"name":"\u00c7far\u00eb \u00ebsht\u00eb LSI?"}]},{"@type":"WebSite","@id":"https:\/\/fjala.info\/2009-2015\/#website","url":"https:\/\/fjala.info\/2009-2015\/","name":"FjALA e LIR\u00cb - Arkivi","description":"Arkivi 2009-2015","publisher":{"@id":"https:\/\/fjala.info\/2009-2015\/#organization"},"potentialAction":[{"@type":"SearchAction","target":{"@type":"EntryPoint","urlTemplate":"https:\/\/fjala.info\/2009-2015\/?s={search_term_string}"},"query-input":{"@type":"PropertyValueSpecification","valueRequired":true,"valueName":"search_term_string"}}],"inLanguage":"sq-AL"},{"@type":"Organization","@id":"https:\/\/fjala.info\/2009-2015\/#organization","name":"FjALA e LIR\u00cb - Arkivi","url":"https:\/\/fjala.info\/2009-2015\/","logo":{"@type":"ImageObject","inLanguage":"sq-AL","@id":"https:\/\/fjala.info\/2009-2015\/#\/schema\/logo\/image\/","url":"","contentUrl":"","caption":"FjALA e LIR\u00cb - Arkivi"},"image":{"@id":"https:\/\/fjala.info\/2009-2015\/#\/schema\/logo\/image\/"}},{"@type":"Person","@id":"https:\/\/fjala.info\/2009-2015\/#\/schema\/person\/3aa1163ef05469c496fc94e77611ada2","name":"admin","image":{"@type":"ImageObject","inLanguage":"sq-AL","@id":"https:\/\/fjala.info\/2009-2015\/wp-content\/uploads\/2012\/02\/arben_cokaj-120x150.jpg","url":"https:\/\/fjala.info\/2009-2015\/wp-content\/uploads\/2012\/02\/arben_cokaj-120x150.jpg","contentUrl":"https:\/\/fjala.info\/2009-2015\/wp-content\/uploads\/2012\/02\/arben_cokaj-120x150.jpg","caption":"admin"},"description":"Admin, Fjala e Lir\u00eb","sameAs":["https:\/\/fjala.info\/"],"url":"https:\/\/fjala.info\/2009-2015\/author\/admin\/"}]}},"_links":{"self":[{"href":"https:\/\/fjala.info\/2009-2015\/wp-json\/wp\/v2\/posts\/5762","targetHints":{"allow":["GET"]}}],"collection":[{"href":"https:\/\/fjala.info\/2009-2015\/wp-json\/wp\/v2\/posts"}],"about":[{"href":"https:\/\/fjala.info\/2009-2015\/wp-json\/wp\/v2\/types\/post"}],"author":[{"embeddable":true,"href":"https:\/\/fjala.info\/2009-2015\/wp-json\/wp\/v2\/users\/1"}],"replies":[{"embeddable":true,"href":"https:\/\/fjala.info\/2009-2015\/wp-json\/wp\/v2\/comments?post=5762"}],"version-history":[{"count":0,"href":"https:\/\/fjala.info\/2009-2015\/wp-json\/wp\/v2\/posts\/5762\/revisions"}],"wp:attachment":[{"href":"https:\/\/fjala.info\/2009-2015\/wp-json\/wp\/v2\/media?parent=5762"}],"wp:term":[{"taxonomy":"category","embeddable":true,"href":"https:\/\/fjala.info\/2009-2015\/wp-json\/wp\/v2\/categories?post=5762"},{"taxonomy":"post_tag","embeddable":true,"href":"https:\/\/fjala.info\/2009-2015\/wp-json\/wp\/v2\/tags?post=5762"}],"curies":[{"name":"wp","href":"https:\/\/api.w.org\/{rel}","templated":true}]}}