{"id":5759,"date":"2011-01-19T10:38:01","date_gmt":"2011-01-19T09:38:01","guid":{"rendered":"http:\/\/fjala.shkoder.net\/?p=5759"},"modified":"2011-01-19T10:38:01","modified_gmt":"2011-01-19T09:38:01","slug":"tunizia-dhe-shqiperia","status":"publish","type":"post","link":"https:\/\/fjala.info\/2009-2015\/tunizia-dhe-shqiperia\/","title":{"rendered":"Tunizia [\u2026 dhe Shqip\u00ebria]"},"content":{"rendered":"<p><strong>Mona Eltahawy<\/strong><\/p>\n<p>E kemi rrezuar vall\u00eb? M\u00eb posht\u00eb keni nj\u00eb fragment t\u00eb nj\u00eb shkrimi t\u00eb komentatores Mona Eltahawy, t\u00eb publikuar n\u00eb the Guardian. Flet p\u00ebr rr\u00ebzimin e diktatorit tunizian Ben Ali, dhe i thur lavde shoq\u00ebris\u00eb tuniziane. N\u00eb pjes\u00ebn e dyt\u00eb \u00ebsht\u00eb nj\u00eb parantez\u00eb e imja, n\u00eb t\u00eb cil\u00ebn merrem shpejt e shkurt, me logjik\u00ebn e nj\u00eb paranteze, me shoq\u00ebrin\u00eb shqiptare, s\u00eb cil\u00ebs, si\u00e7 mund t\u00eb merret me mend, nuk i thur lavde. E cili nga ne do t\u2019i thurte?<\/p>\n<p><img loading=\"lazy\" decoding=\"async\" class=\"alignleft size-full wp-image-5760\" title=\"busti_enver_hoxha\" src=\"http:\/\/fjala.shkoder.net\/wp-content\/uploads\/2011\/01\/busti_enver_hoxha.jpg\" alt=\"\" width=\"250\" height=\"164\" \/><\/p>\n<p>Gjat\u00eb 58 viteve t\u00eb shkuara, n\u00eb \u00e7do 23 korrik, n\u00eb Egjipt, n\u00eb vendin tim t\u00eb lindjes, kan\u00eb festuar \u201crevolucionin e korrikut\u201d, q\u00eb p\u00ebrmbysi mbretin Farouk dhe i dha fund nj\u00ebher\u00eb e mir\u00eb monarkis\u00eb e pushtimit britanik. N\u00eb t\u00eb v\u00ebrtet\u00eb, nuk pati asnj\u00eb revolucion. Ishte thjesht nj\u00eb grusht shteti i realizuar nga nj\u00eb grup ushtarak\u00ebsh t\u00eb rinj. Dhe kjo pun\u00eb ka q\u00ebn\u00eb me t\u00eb gjitha \u201crevolucionet\u201d q\u00eb kan\u00eb ndodhur n\u00eb bot\u00ebn arabe, ku ushtarak\u00eb gjithfar\u00ebsoji, duke i l\u00ebn\u00eb vendin sho-shoqit, na kan\u00eb sunduar t\u00eb veshur me rroba civile (ca syresh kan\u00eb parap\u00eblqyer gjith\u00eb koh\u00ebn rrobat ushatarake) dhe p\u00ebr gjenerata t\u00eb t\u00ebra nuk na kan\u00eb l\u00ebn\u00eb t\u00eb marrim vesh se \u00e7\u2019\u00ebsht\u00eb e \u00e7\u2019do t\u00eb thot\u00eb as\u00ebll-as\u00ebll nj\u00eb revolucion.<\/p>\n<p>P\u00ebr vite me radh\u00eb i kam par\u00eb iranian\u00ebt me cmir\u00eb e zili. Nuk \u00ebsht\u00eb se m\u00eb ka p\u00eblqyer rezultati i revolucionit t\u00eb tyre t\u00eb vitit 1979, por ajo q\u00eb ndodhi at\u00eb mot n\u00eb Iran ishte nj\u00eb kryengritje popullore, e jo nj\u00eb surrogato e nj\u00eb grushti shteti. Dhe k\u00ebshtu, ju mund t\u00eb kuptoni pse, tok me miliona arab\u00eb t\u00eb tjer\u00eb, un\u00eb do ta festoj p\u00ebr gjithnj\u00eb e me hare dat\u00ebn 14 Janar 2011, dit\u00ebn kur Zine al-Abidine Ben Ali mori arratin\u00eb nga Tunizia. U desh\u00ebn 29 dit\u00eb p\u00ebr t\u00eb p\u00ebrmbysur nj\u00eb regjim 23 vje\u00e7ar. Dhe ishte nj\u00eb revolucion 100%, nj\u00eb shans p\u00ebr ndryshim. \u00cbsht\u00eb hera e par\u00eb q\u00eb arab\u00ebt rr\u00ebzojn\u00eb nj\u00eb diktator, dhe kjo \u00ebsht\u00eb arsyeja q\u00eb un\u00eb jam ende duke festuar, s\u2019ka gj\u00eb se raportimet mbi pla\u00e7kitjet e kaosin nuk kan\u00eb t\u00eb mbaruar.<\/p>\n<p>[Kaq kam shk\u00ebputur nga autorja Mona Eltahawy. Tani \u00ebsht\u00eb radha e nj\u00eb paranteze. Mund t\u00eb duket e stisur dhe e k\u00ebrkuar kjo parantez\u00eb-mbyllje, por mua s\u2019m\u00eb duket fare. Po e filloj duke th\u00ebn\u00eb, se n\u00eb terma t\u00eb emancipimit politik e t\u00eb formimit civik ne shqiptar\u00ebt jemi m\u00eb prapa se sa tunizian\u00ebt, s\u2019ka gj\u00eb se shum\u00eb prej nesh, me at\u00eb racizmin e tyre t\u00eb vrazhd\u00eb e t\u00eb pap\u00ebrpunuar, mund t\u2019i ken\u00eb shp\u00ebrfillur gjith\u00eb koh\u00ebn k\u00ebta afrikan\u00eb. Dua t\u00eb them se, n\u00eb ndryshim nga Mona Eltahawy, ne nuk e kemi par\u00eb ende nj\u00eb revolucion n\u00eb vendin ton\u00eb. Ne jemi popull reaksionar\u00ebsh, e jo revolucionar\u00ebsh. Ne jemi nj\u00eb nga popujt e rrall\u00eb n\u00eb bot\u00eb, q\u00eb prodhojm\u00eb m\u00eb shum\u00eb mb\u00ebshtet\u00ebs se sa kritik\u00eb t\u00eb nj\u00eb regjimi.<\/p>\n<p>Nuk dihet se \u00e7\u2019do t\u00eb ndodh\u00eb m\u00eb tej n\u00eb Tunizi \u2013 pas revolucioneve asnj\u00ebher\u00eb s\u2019dihet me sakt\u00ebsi se \u00e7\u2019ndodh \u2013 por ata e b\u00ebn\u00eb nj\u00eb revolucion; ata dol\u00ebn n\u00ebp\u00ebr rrug\u00eb, ata rezistuan p\u00ebr dit\u00eb me radh\u00eb, ata sakrifikuan dhe jet\u00eb njer\u00ebzish, ata u p\u00ebrball\u00ebn me nj\u00eb regjim m\u00eb t\u00eb ashp\u00ebr se sa regjimi yn\u00eb komunist n\u00eb grahmat e fundit n\u00eb kap\u00ebrcyell t\u00eb vitit 1990. U p\u00ebrball\u00ebm dhe ne at\u00eb mot? Jo, kjo send\u00ebrgji nuk ka arsye t\u00eb egzistoj\u00eb m\u00eb. Ajo q\u00eb ka ndodhur n\u00eb vitin 1990 ka q\u00ebn\u00eb nj\u00eb teat\u00ebr i inskenuar nga Ramis Alia. Nuk duhet t\u00eb kemi pik\u00ebn e dyshimit p\u00ebr k\u00ebt\u00eb gj\u00eb.<\/p>\n<p>T\u00eb terrorizuar prej ndonj\u00eb opozite hakmarr\u00ebse, q\u00eb mund t\u00eb dilte nga zhvillimet e pakontrolluara e mund t\u00eb vinte shpejt n\u00eb pushtet, Alia dhe t\u00eb vet\u00ebt i kan\u00eb dh\u00ebn\u00eb karar pun\u00ebs ta l\u00ebshojn\u00eb stafet\u00ebn tek t\u00eb besuarit e tyre, t\u00eb cil\u00ebt kan\u00eb patur licenc\u00ebn edhe \u201cp\u00ebr t\u2019i trajtuar keq e burgosur\u201d krer\u00ebt e nomenklatur\u00ebs s\u00eb kuqe. N\u00eb rrethana t\u00eb tjera nj\u00eb dreq e di se \u00e7\u2019do t\u00eb ndodhte me Alin\u00eb e t\u00eb tjer\u00ebt. K\u00ebshtu q\u00eb ca burg e ca diskreditim publik kan\u00eb q\u00ebn\u00eb karamele p\u00ebr krer\u00ebt e regjimit m\u00eb mizor t\u00eb Europ\u00ebs. N\u00eb dhjetor t\u00eb vitit 1990 pra nuk ndodhi asnj\u00eb p\u00ebrmbysje e as nj\u00eb revolucion; nuk ndodhi as edhe ndonj\u00eb putch; ndodhi thjesht nj\u00eb dor\u00ebzim stafete.<\/p>\n<p>Sa m\u00eb sip\u00ebr, personalisht e kam injoruar si nj\u00eb version t\u00eb historis\u00eb, por zhvillimet e m\u00ebpastajme m\u00eb kan\u00eb bindur se ka q\u00ebn\u00eb tamam k\u00ebshtu. Revolucioni nuk ka ndodhur; ai duhej t\u00eb ndodhte; ai ende duhet t\u00eb ndodh\u00eb, por tanim\u00eb jo si nj\u00eb revolucion i vonuar. Jo, ajo q\u00eb duhet t\u00eb ndodh\u00eb sot nuk m\u00eb ka lidhje me stafet\u00ebn e dor\u00ebzuar prapa kuintave n\u00eb fund t\u00eb vitit 1990; p\u00ebrkundrazi, ka lidhje m\u00eb s\u00eb pari me \u00e7far\u00eb ka ndodhur pas atij viti, e me \u00e7far\u00eb po ndodh sot n\u00ebn sundimin e Ben Ali-s\u00eb son\u00eb, i cili, krahasuar me Ben Ali-n\u00eb e Tunizis\u00eb, ka vet\u00ebm nj\u00eb deg\u00eb m\u00eb tep\u00ebr ku t\u00eb kapet e t\u00eb mbahet.<\/p>\n<p>Ka pretendimin se ka dal\u00eb nga zgjedhjet e lira. T\u00eb gjith\u00eb shqiptar\u00ebt e din\u00eb se nuk \u00ebsht\u00eb k\u00ebshtu, t\u00eb gjith\u00eb shqiptar\u00ebt e din\u00eb se nj\u00eb nga posht\u00ebrsit\u00eb e k\u00ebtij njeriu ka q\u00ebn\u00eb vjedhja e zgjedhjeve, por k\u00ebt\u00eb pretendim ia njohin t\u00eb huajt, am\u00e1. Dhe ne, n\u00eb ndryshim nga tunizian\u00ebt, nuk b\u00ebjm\u00eb dot pa t\u00eb huajt, dhe popujt q\u00eb nuk b\u00ebjn\u00eb dot pa t\u00eb huajt mund t\u00eb b\u00ebjn\u00eb dhe harakiri, por jo revolucion. Ne shqiptar\u00ebt nuk jemi tunizian\u00eb. Ne e kemi hak ta kemi mbi krye Ben Ali-n\u00eb ton\u00eb. S\u2019do ta kemi hak n\u00eb momentin q\u00eb do ta rr\u00ebzojm\u00eb. Dhe duhet ta rr\u00ebzojm\u00eb, n\u00eb duam t\u00eb shp\u00ebtojm\u00eb.<\/p>\n<p>E di, do ket\u00eb njer\u00ebz q\u00eb me at\u00eb \u201cjavashll\u00ebkun e tyre neutral e objektiv\u201d do thon\u00eb se k\u00ebtu tek ne nuk \u00ebsht\u00eb problemi tek Ben Ali-ja, por tek nj\u00eb sistem i t\u00ebr\u00eb; k\u00ebshtu q\u00eb revolucioni yn\u00eb duhet t\u00eb synoj\u00eb medemek rr\u00ebzimin e nj\u00eb rendi gj\u00ebrash, e jo t\u00eb ndonj\u00eb Ben Ali-je. Hm, besom\u00ebni, nuk ka m\u00ebnyr\u00eb m\u00eb t\u00eb mir\u00eb p\u00ebr t\u00eb p\u00ebrligjur sundimin e nj\u00eb psikopati, se sa ta konsiderosh k\u00ebt\u00eb psikopat pjell\u00eb t\u00eb nj\u00eb rendi t\u00eb caktuar gj\u00ebrash, ose th\u00ebn\u00eb ndryshe, pjell\u00eb t\u00eb nj\u00eb sistemi].<\/p>\n","protected":false},"excerpt":{"rendered":"<p>Mona Eltahawy E kemi rrezuar vall\u00eb? M\u00eb posht\u00eb keni nj\u00eb fragment t\u00eb nj\u00eb shkrimi t\u00eb komentatores Mona Eltahawy, t\u00eb publikuar n\u00eb the Guardian. Flet p\u00ebr rr\u00ebzimin e diktatorit tunizian Ben Ali, dhe i thur lavde shoq\u00ebris\u00eb tuniziane. N\u00eb pjes\u00ebn e dyt\u00eb \u00ebsht\u00eb nj\u00eb parantez\u00eb e imja, n\u00eb t\u00eb cil\u00ebn merrem shpejt e shkurt, me logjik\u00ebn [&hellip;]<\/p>\n","protected":false},"author":1,"featured_media":0,"comment_status":"open","ping_status":"closed","sticky":false,"template":"","format":"standard","meta":{"footnotes":""},"categories":[2],"tags":[],"class_list":{"0":"post-5759","1":"post","2":"type-post","3":"status-publish","4":"format-standard","6":"category-artikuj"},"yoast_head":"<!-- This site is optimized with the Yoast SEO plugin v27.4 - https:\/\/yoast.com\/product\/yoast-seo-wordpress\/ -->\n<title>Tunizia [\u2026 dhe Shqip\u00ebria] - FjALA e LIR\u00cb - Arkivi<\/title>\n<meta name=\"robots\" content=\"index, follow, max-snippet:-1, max-image-preview:large, max-video-preview:-1\" \/>\n<link rel=\"canonical\" href=\"https:\/\/fjala.info\/2009-2015\/tunizia-dhe-shqiperia\/\" \/>\n<meta property=\"og:locale\" content=\"sq_AL\" \/>\n<meta property=\"og:type\" content=\"article\" \/>\n<meta property=\"og:title\" content=\"Tunizia [\u2026 dhe Shqip\u00ebria] - FjALA e LIR\u00cb - Arkivi\" \/>\n<meta property=\"og:description\" content=\"Mona Eltahawy E kemi rrezuar vall\u00eb? M\u00eb posht\u00eb keni nj\u00eb fragment t\u00eb nj\u00eb shkrimi t\u00eb komentatores Mona Eltahawy, t\u00eb publikuar n\u00eb the Guardian. Flet p\u00ebr rr\u00ebzimin e diktatorit tunizian Ben Ali, dhe i thur lavde shoq\u00ebris\u00eb tuniziane. N\u00eb pjes\u00ebn e dyt\u00eb \u00ebsht\u00eb nj\u00eb parantez\u00eb e imja, n\u00eb t\u00eb cil\u00ebn merrem shpejt e shkurt, me logjik\u00ebn [&hellip;]\" \/>\n<meta property=\"og:url\" content=\"https:\/\/fjala.info\/2009-2015\/tunizia-dhe-shqiperia\/\" \/>\n<meta property=\"og:site_name\" content=\"FjALA e LIR\u00cb - Arkivi\" \/>\n<meta property=\"article:published_time\" content=\"2011-01-19T09:38:01+00:00\" \/>\n<meta property=\"og:image\" content=\"http:\/\/fjala.shkoder.net\/wp-content\/uploads\/2011\/01\/busti_enver_hoxha.jpg\" \/>\n<meta name=\"author\" content=\"admin\" \/>\n<meta name=\"twitter:card\" content=\"summary_large_image\" \/>\n<meta name=\"twitter:label1\" content=\"Written by\" \/>\n\t<meta name=\"twitter:data1\" content=\"admin\" \/>\n\t<meta name=\"twitter:label2\" content=\"Est. reading time\" \/>\n\t<meta name=\"twitter:data2\" content=\"6 minutes\" \/>\n<script type=\"application\/ld+json\" class=\"yoast-schema-graph\">{\"@context\":\"https:\\\/\\\/schema.org\",\"@graph\":[{\"@type\":\"Article\",\"@id\":\"https:\\\/\\\/fjala.info\\\/2009-2015\\\/tunizia-dhe-shqiperia\\\/#article\",\"isPartOf\":{\"@id\":\"https:\\\/\\\/fjala.info\\\/2009-2015\\\/tunizia-dhe-shqiperia\\\/\"},\"author\":{\"name\":\"admin\",\"@id\":\"https:\\\/\\\/fjala.info\\\/2009-2015\\\/#\\\/schema\\\/person\\\/3aa1163ef05469c496fc94e77611ada2\"},\"headline\":\"Tunizia [\u2026 dhe Shqip\u00ebria]\",\"datePublished\":\"2011-01-19T09:38:01+00:00\",\"mainEntityOfPage\":{\"@id\":\"https:\\\/\\\/fjala.info\\\/2009-2015\\\/tunizia-dhe-shqiperia\\\/\"},\"wordCount\":1104,\"commentCount\":1,\"publisher\":{\"@id\":\"https:\\\/\\\/fjala.info\\\/2009-2015\\\/#organization\"},\"image\":{\"@id\":\"https:\\\/\\\/fjala.info\\\/2009-2015\\\/tunizia-dhe-shqiperia\\\/#primaryimage\"},\"thumbnailUrl\":\"http:\\\/\\\/fjala.shkoder.net\\\/wp-content\\\/uploads\\\/2011\\\/01\\\/busti_enver_hoxha.jpg\",\"articleSection\":[\"Artikuj\"],\"inLanguage\":\"sq-AL\",\"potentialAction\":[{\"@type\":\"CommentAction\",\"name\":\"Comment\",\"target\":[\"https:\\\/\\\/fjala.info\\\/2009-2015\\\/tunizia-dhe-shqiperia\\\/#respond\"]}]},{\"@type\":\"WebPage\",\"@id\":\"https:\\\/\\\/fjala.info\\\/2009-2015\\\/tunizia-dhe-shqiperia\\\/\",\"url\":\"https:\\\/\\\/fjala.info\\\/2009-2015\\\/tunizia-dhe-shqiperia\\\/\",\"name\":\"Tunizia [\u2026 dhe Shqip\u00ebria] - FjALA e LIR\u00cb - Arkivi\",\"isPartOf\":{\"@id\":\"https:\\\/\\\/fjala.info\\\/2009-2015\\\/#website\"},\"primaryImageOfPage\":{\"@id\":\"https:\\\/\\\/fjala.info\\\/2009-2015\\\/tunizia-dhe-shqiperia\\\/#primaryimage\"},\"image\":{\"@id\":\"https:\\\/\\\/fjala.info\\\/2009-2015\\\/tunizia-dhe-shqiperia\\\/#primaryimage\"},\"thumbnailUrl\":\"http:\\\/\\\/fjala.shkoder.net\\\/wp-content\\\/uploads\\\/2011\\\/01\\\/busti_enver_hoxha.jpg\",\"datePublished\":\"2011-01-19T09:38:01+00:00\",\"breadcrumb\":{\"@id\":\"https:\\\/\\\/fjala.info\\\/2009-2015\\\/tunizia-dhe-shqiperia\\\/#breadcrumb\"},\"inLanguage\":\"sq-AL\",\"potentialAction\":[{\"@type\":\"ReadAction\",\"target\":[\"https:\\\/\\\/fjala.info\\\/2009-2015\\\/tunizia-dhe-shqiperia\\\/\"]}]},{\"@type\":\"ImageObject\",\"inLanguage\":\"sq-AL\",\"@id\":\"https:\\\/\\\/fjala.info\\\/2009-2015\\\/tunizia-dhe-shqiperia\\\/#primaryimage\",\"url\":\"http:\\\/\\\/fjala.shkoder.net\\\/wp-content\\\/uploads\\\/2011\\\/01\\\/busti_enver_hoxha.jpg\",\"contentUrl\":\"http:\\\/\\\/fjala.shkoder.net\\\/wp-content\\\/uploads\\\/2011\\\/01\\\/busti_enver_hoxha.jpg\"},{\"@type\":\"BreadcrumbList\",\"@id\":\"https:\\\/\\\/fjala.info\\\/2009-2015\\\/tunizia-dhe-shqiperia\\\/#breadcrumb\",\"itemListElement\":[{\"@type\":\"ListItem\",\"position\":1,\"name\":\"Home\",\"item\":\"https:\\\/\\\/fjala.info\\\/2009-2015\\\/\"},{\"@type\":\"ListItem\",\"position\":2,\"name\":\"Tunizia [\u2026 dhe Shqip\u00ebria]\"}]},{\"@type\":\"WebSite\",\"@id\":\"https:\\\/\\\/fjala.info\\\/2009-2015\\\/#website\",\"url\":\"https:\\\/\\\/fjala.info\\\/2009-2015\\\/\",\"name\":\"FjALA e LIR\u00cb - Arkivi\",\"description\":\"Arkivi 2009-2015\",\"publisher\":{\"@id\":\"https:\\\/\\\/fjala.info\\\/2009-2015\\\/#organization\"},\"potentialAction\":[{\"@type\":\"SearchAction\",\"target\":{\"@type\":\"EntryPoint\",\"urlTemplate\":\"https:\\\/\\\/fjala.info\\\/2009-2015\\\/?s={search_term_string}\"},\"query-input\":{\"@type\":\"PropertyValueSpecification\",\"valueRequired\":true,\"valueName\":\"search_term_string\"}}],\"inLanguage\":\"sq-AL\"},{\"@type\":\"Organization\",\"@id\":\"https:\\\/\\\/fjala.info\\\/2009-2015\\\/#organization\",\"name\":\"FjALA e LIR\u00cb - Arkivi\",\"url\":\"https:\\\/\\\/fjala.info\\\/2009-2015\\\/\",\"logo\":{\"@type\":\"ImageObject\",\"inLanguage\":\"sq-AL\",\"@id\":\"https:\\\/\\\/fjala.info\\\/2009-2015\\\/#\\\/schema\\\/logo\\\/image\\\/\",\"url\":\"\",\"contentUrl\":\"\",\"caption\":\"FjALA e LIR\u00cb - Arkivi\"},\"image\":{\"@id\":\"https:\\\/\\\/fjala.info\\\/2009-2015\\\/#\\\/schema\\\/logo\\\/image\\\/\"}},{\"@type\":\"Person\",\"@id\":\"https:\\\/\\\/fjala.info\\\/2009-2015\\\/#\\\/schema\\\/person\\\/3aa1163ef05469c496fc94e77611ada2\",\"name\":\"admin\",\"image\":{\"@type\":\"ImageObject\",\"inLanguage\":\"sq-AL\",\"@id\":\"https:\\\/\\\/fjala.info\\\/2009-2015\\\/wp-content\\\/uploads\\\/2012\\\/02\\\/arben_cokaj-120x150.jpg\",\"url\":\"https:\\\/\\\/fjala.info\\\/2009-2015\\\/wp-content\\\/uploads\\\/2012\\\/02\\\/arben_cokaj-120x150.jpg\",\"contentUrl\":\"https:\\\/\\\/fjala.info\\\/2009-2015\\\/wp-content\\\/uploads\\\/2012\\\/02\\\/arben_cokaj-120x150.jpg\",\"caption\":\"admin\"},\"description\":\"Admin, Fjala e Lir\u00eb\",\"sameAs\":[\"https:\\\/\\\/fjala.info\\\/\"],\"url\":\"https:\\\/\\\/fjala.info\\\/2009-2015\\\/author\\\/admin\\\/\"}]}<\/script>\n<!-- \/ Yoast SEO plugin. -->","yoast_head_json":{"title":"Tunizia [\u2026 dhe Shqip\u00ebria] - FjALA e LIR\u00cb - Arkivi","robots":{"index":"index","follow":"follow","max-snippet":"max-snippet:-1","max-image-preview":"max-image-preview:large","max-video-preview":"max-video-preview:-1"},"canonical":"https:\/\/fjala.info\/2009-2015\/tunizia-dhe-shqiperia\/","og_locale":"sq_AL","og_type":"article","og_title":"Tunizia [\u2026 dhe Shqip\u00ebria] - FjALA e LIR\u00cb - Arkivi","og_description":"Mona Eltahawy E kemi rrezuar vall\u00eb? M\u00eb posht\u00eb keni nj\u00eb fragment t\u00eb nj\u00eb shkrimi t\u00eb komentatores Mona Eltahawy, t\u00eb publikuar n\u00eb the Guardian. Flet p\u00ebr rr\u00ebzimin e diktatorit tunizian Ben Ali, dhe i thur lavde shoq\u00ebris\u00eb tuniziane. N\u00eb pjes\u00ebn e dyt\u00eb \u00ebsht\u00eb nj\u00eb parantez\u00eb e imja, n\u00eb t\u00eb cil\u00ebn merrem shpejt e shkurt, me logjik\u00ebn [&hellip;]","og_url":"https:\/\/fjala.info\/2009-2015\/tunizia-dhe-shqiperia\/","og_site_name":"FjALA e LIR\u00cb - Arkivi","article_published_time":"2011-01-19T09:38:01+00:00","og_image":[{"url":"http:\/\/fjala.shkoder.net\/wp-content\/uploads\/2011\/01\/busti_enver_hoxha.jpg","type":"","width":"","height":""}],"author":"admin","twitter_card":"summary_large_image","twitter_misc":{"Written by":"admin","Est. reading time":"6 minutes"},"schema":{"@context":"https:\/\/schema.org","@graph":[{"@type":"Article","@id":"https:\/\/fjala.info\/2009-2015\/tunizia-dhe-shqiperia\/#article","isPartOf":{"@id":"https:\/\/fjala.info\/2009-2015\/tunizia-dhe-shqiperia\/"},"author":{"name":"admin","@id":"https:\/\/fjala.info\/2009-2015\/#\/schema\/person\/3aa1163ef05469c496fc94e77611ada2"},"headline":"Tunizia [\u2026 dhe Shqip\u00ebria]","datePublished":"2011-01-19T09:38:01+00:00","mainEntityOfPage":{"@id":"https:\/\/fjala.info\/2009-2015\/tunizia-dhe-shqiperia\/"},"wordCount":1104,"commentCount":1,"publisher":{"@id":"https:\/\/fjala.info\/2009-2015\/#organization"},"image":{"@id":"https:\/\/fjala.info\/2009-2015\/tunizia-dhe-shqiperia\/#primaryimage"},"thumbnailUrl":"http:\/\/fjala.shkoder.net\/wp-content\/uploads\/2011\/01\/busti_enver_hoxha.jpg","articleSection":["Artikuj"],"inLanguage":"sq-AL","potentialAction":[{"@type":"CommentAction","name":"Comment","target":["https:\/\/fjala.info\/2009-2015\/tunizia-dhe-shqiperia\/#respond"]}]},{"@type":"WebPage","@id":"https:\/\/fjala.info\/2009-2015\/tunizia-dhe-shqiperia\/","url":"https:\/\/fjala.info\/2009-2015\/tunizia-dhe-shqiperia\/","name":"Tunizia [\u2026 dhe Shqip\u00ebria] - FjALA e LIR\u00cb - Arkivi","isPartOf":{"@id":"https:\/\/fjala.info\/2009-2015\/#website"},"primaryImageOfPage":{"@id":"https:\/\/fjala.info\/2009-2015\/tunizia-dhe-shqiperia\/#primaryimage"},"image":{"@id":"https:\/\/fjala.info\/2009-2015\/tunizia-dhe-shqiperia\/#primaryimage"},"thumbnailUrl":"http:\/\/fjala.shkoder.net\/wp-content\/uploads\/2011\/01\/busti_enver_hoxha.jpg","datePublished":"2011-01-19T09:38:01+00:00","breadcrumb":{"@id":"https:\/\/fjala.info\/2009-2015\/tunizia-dhe-shqiperia\/#breadcrumb"},"inLanguage":"sq-AL","potentialAction":[{"@type":"ReadAction","target":["https:\/\/fjala.info\/2009-2015\/tunizia-dhe-shqiperia\/"]}]},{"@type":"ImageObject","inLanguage":"sq-AL","@id":"https:\/\/fjala.info\/2009-2015\/tunizia-dhe-shqiperia\/#primaryimage","url":"http:\/\/fjala.shkoder.net\/wp-content\/uploads\/2011\/01\/busti_enver_hoxha.jpg","contentUrl":"http:\/\/fjala.shkoder.net\/wp-content\/uploads\/2011\/01\/busti_enver_hoxha.jpg"},{"@type":"BreadcrumbList","@id":"https:\/\/fjala.info\/2009-2015\/tunizia-dhe-shqiperia\/#breadcrumb","itemListElement":[{"@type":"ListItem","position":1,"name":"Home","item":"https:\/\/fjala.info\/2009-2015\/"},{"@type":"ListItem","position":2,"name":"Tunizia [\u2026 dhe Shqip\u00ebria]"}]},{"@type":"WebSite","@id":"https:\/\/fjala.info\/2009-2015\/#website","url":"https:\/\/fjala.info\/2009-2015\/","name":"FjALA e LIR\u00cb - Arkivi","description":"Arkivi 2009-2015","publisher":{"@id":"https:\/\/fjala.info\/2009-2015\/#organization"},"potentialAction":[{"@type":"SearchAction","target":{"@type":"EntryPoint","urlTemplate":"https:\/\/fjala.info\/2009-2015\/?s={search_term_string}"},"query-input":{"@type":"PropertyValueSpecification","valueRequired":true,"valueName":"search_term_string"}}],"inLanguage":"sq-AL"},{"@type":"Organization","@id":"https:\/\/fjala.info\/2009-2015\/#organization","name":"FjALA e LIR\u00cb - Arkivi","url":"https:\/\/fjala.info\/2009-2015\/","logo":{"@type":"ImageObject","inLanguage":"sq-AL","@id":"https:\/\/fjala.info\/2009-2015\/#\/schema\/logo\/image\/","url":"","contentUrl":"","caption":"FjALA e LIR\u00cb - Arkivi"},"image":{"@id":"https:\/\/fjala.info\/2009-2015\/#\/schema\/logo\/image\/"}},{"@type":"Person","@id":"https:\/\/fjala.info\/2009-2015\/#\/schema\/person\/3aa1163ef05469c496fc94e77611ada2","name":"admin","image":{"@type":"ImageObject","inLanguage":"sq-AL","@id":"https:\/\/fjala.info\/2009-2015\/wp-content\/uploads\/2012\/02\/arben_cokaj-120x150.jpg","url":"https:\/\/fjala.info\/2009-2015\/wp-content\/uploads\/2012\/02\/arben_cokaj-120x150.jpg","contentUrl":"https:\/\/fjala.info\/2009-2015\/wp-content\/uploads\/2012\/02\/arben_cokaj-120x150.jpg","caption":"admin"},"description":"Admin, Fjala e Lir\u00eb","sameAs":["https:\/\/fjala.info\/"],"url":"https:\/\/fjala.info\/2009-2015\/author\/admin\/"}]}},"_links":{"self":[{"href":"https:\/\/fjala.info\/2009-2015\/wp-json\/wp\/v2\/posts\/5759","targetHints":{"allow":["GET"]}}],"collection":[{"href":"https:\/\/fjala.info\/2009-2015\/wp-json\/wp\/v2\/posts"}],"about":[{"href":"https:\/\/fjala.info\/2009-2015\/wp-json\/wp\/v2\/types\/post"}],"author":[{"embeddable":true,"href":"https:\/\/fjala.info\/2009-2015\/wp-json\/wp\/v2\/users\/1"}],"replies":[{"embeddable":true,"href":"https:\/\/fjala.info\/2009-2015\/wp-json\/wp\/v2\/comments?post=5759"}],"version-history":[{"count":0,"href":"https:\/\/fjala.info\/2009-2015\/wp-json\/wp\/v2\/posts\/5759\/revisions"}],"wp:attachment":[{"href":"https:\/\/fjala.info\/2009-2015\/wp-json\/wp\/v2\/media?parent=5759"}],"wp:term":[{"taxonomy":"category","embeddable":true,"href":"https:\/\/fjala.info\/2009-2015\/wp-json\/wp\/v2\/categories?post=5759"},{"taxonomy":"post_tag","embeddable":true,"href":"https:\/\/fjala.info\/2009-2015\/wp-json\/wp\/v2\/tags?post=5759"}],"curies":[{"name":"wp","href":"https:\/\/api.w.org\/{rel}","templated":true}]}}