{"id":5756,"date":"2011-01-19T10:31:15","date_gmt":"2011-01-19T09:31:15","guid":{"rendered":"http:\/\/fjala.shkoder.net\/?p=5756"},"modified":"2011-01-19T10:31:15","modified_gmt":"2011-01-19T09:31:15","slug":"interviste-ekskluzive-e-dik-martit","status":"publish","type":"post","link":"https:\/\/fjala.info\/2009-2015\/interviste-ekskluzive-e-dik-martit\/","title":{"rendered":"Intervist\u00eb ekskluzive e Dik Martit"},"content":{"rendered":"<p><img loading=\"lazy\" decoding=\"async\" class=\"alignleft size-full wp-image-5757\" title=\"Dick Marti\" src=\"http:\/\/fjala.shkoder.net\/wp-content\/uploads\/2011\/01\/dick_marti.jpg\" alt=\"\" width=\"300\" height=\"198\" \/><br \/>\n<strong>Dik Marti <\/strong>\u00ebsht\u00eb me origjin\u00eb nga Tessina. \u00cbsht\u00eb k\u00ebshilltar n\u00eb K\u00ebshillin e Kantoneve (i p\u00ebrb\u00ebr\u00eb nga p\u00ebrfaq\u00ebsues t\u00eb Kantoneve t\u00eb Zvicr\u00ebs). M\u00eb par\u00eb ka q\u00ebn\u00eb k\u00ebshilltar Shteti. Gjithashtu, ai ka pasur nj\u00eb karrier\u00eb t\u00eb r\u00ebnd\u00ebsishme si Prokuror i p\u00ebrgjithsh\u00ebm dhe parap\u00eblqen ve\u00e7an\u00ebrisht dosjet e ndjeshme, si\u00e7 ka qen\u00eb p\u00ebr shembull raporti mbi burgjet sekrete t\u00eb CIA-s, i b\u00ebr\u00eb publik m\u00eb 2006. Ai \u00ebsht\u00eb nj\u00eb personalitet shum\u00eb i respektuar n\u00eb Zvic\u00ebr, e gjithashtu edhe n\u00eb shkall\u00eb nd\u00ebrkomb\u00ebtare. Prej vitit 2010, \u00ebsht\u00eb kryetar i K\u00ebshillit t\u00eb Universitetit t\u00eb Neuchatelit, si dhe \u00ebsht\u00eb em\u00ebruar kryetar i Asambles\u00eb nd\u00ebr-jurasiene, nj\u00eb pun\u00eb q\u00eb nuk \u00ebsht\u00eb e leht\u00eb n\u00eb konteksin e Zvicr\u00ebs. N\u00eb intervist\u00eb ai p\u00ebrgigjet p\u00ebr akuzat q\u00eb ka ngritur ndaj disa pjes\u00ebtar\u00ebve t\u00eb U\u00c7K-s\u00eb dhe Hashim Tha\u00e7it.<\/p>\n<p><em>Rraporti juaj shkaktoi polemika t\u00eb shumta, dhe n\u00eb vend q\u00eb t\u00eb shuhen, ato vazhdojn\u00eb t\u00eb shtohen, n\u00eb lidhje me akuz\u00ebn sipas s\u00eb cil\u00ebs, p\u00ebrgjegj\u00ebsit politik\u00eb kosovar\u00eb jan\u00eb t\u00eb p\u00ebrfshir\u00eb n\u00eb trafikimin e organeve. Por para se t\u00eb hyjm\u00eb n\u00eb thelbin e debatit, n\u00eb hyrjen e raportit tuaj ju i referoheni Rezolut\u00ebs 1244 t\u00eb OKB-s\u00eb. Nd\u00ebrkaq, ajo (rezoluta) nuk p\u00ebrb\u00ebn m\u00eb ndonj\u00eb referim as edhe p\u00ebr Beogradin. P\u00ebr m\u00eb tep\u00ebr, n\u00eb ver\u00ebn e vitit 2010, me k\u00ebrkes\u00eb t\u00eb shtetit serb, Gjykata Nd\u00ebrkomb\u00ebtare e Drejt\u00ebsis\u00eb e Hag\u00ebs dha mendimin e saj, duke vler\u00ebsuar se shpallja e pavar\u00ebsis\u00eb s\u00eb Kosov\u00ebs nuk shkelte t\u00eb drejt\u00ebn nd\u00ebrkomb\u00ebtare. Pyetja jon\u00eb \u00ebsht\u00eb kjo: pse nuk flitet n\u00eb raportin tuaj p\u00ebr GJND, dhe as lidhur me nocionin e Shtetit t\u00eb Kosov\u00ebs; p\u00ebrve\u00e7 k\u00ebsaj, ju flisni p\u00ebr administrim t\u00eb kosovar\u00ebve?<\/em><\/p>\n<p>&#8211; N\u00eb radh\u00eb t\u00eb par\u00eb, m\u00eb lejoni t\u2019ju falenderoj q\u00eb m\u00eb dhat\u00eb mund\u00ebsin\u00eb q\u00eb t\u2019iu drejtohem qytetar\u00ebve dhe qytetareve t\u00eb Kosov\u00ebs dhe t\u00eb Shqip\u00ebris\u00eb, shqiptar\u00ebve n\u00eb p\u00ebrgjith\u00ebsi. K\u00ebshtu un\u00eb jam shum\u00eb mir\u00ebnjoh\u00ebs p\u00ebr rastin q\u00eb m\u00eb jepet, sepse mendoj se \u00ebsht\u00eb e nevojshme q\u00eb disa pohime dhe p\u00ebrshtypje t\u00eb korrigjohen.<\/p>\n<p>Ky raport dhe veprimtaria ime, dhe p\u00ebr k\u00ebt\u00eb ju siguroj, nuk kan\u00eb qen\u00eb kurr\u00eb dhe nuk duhet kuptuar kurr\u00eb si di\u00e7ka kund\u00ebr bashk\u00ebsis\u00eb kosovare, ose kund\u00ebr bashk\u00ebsis\u00eb shqiptare. N\u00eb t\u00eb kund\u00ebrt\u00ebn, un\u00eb mendoj se jam p\u00ebrpjekur t\u00eb b\u00ebj nj\u00eb pun\u00eb q\u00eb m\u00eb ishte k\u00ebrkuar. Nuk e k\u00ebrkova un\u00eb k\u00ebt\u00eb mandat, por u ngarkova p\u00ebr ta kryer at\u00eb. E b\u00ebra me nd\u00ebrgjegje t\u00eb plot\u00eb. E di se k\u00ebrkimi i s\u00eb v\u00ebrtet\u00ebs mund t\u00eb shkaktoj\u00eb dhembje, mir\u00ebpo kurr\u00eb nuk kam pasur p\u00ebr q\u00ebllim t\u00eb kritikoj, dhe aq m\u00eb pak ta kriminalizoj nj\u00eb bashk\u00ebsi. Kam shum\u00eb miq dhe t\u00eb njohur kosovar\u00eb dhe shqiptar\u00eb. Shum\u00eb prej tyre jetojn\u00eb n\u00eb Zvic\u00ebr dhe Zoti e di, por un\u00eb nuk kam pasur asnj\u00ebher\u00eb ndonj\u00eb problem me ndonj\u00ebrin nga Kosova apo Shqip\u00ebria. Kam pasur vet\u00ebm marr\u00ebdh\u00ebnie respekti dhe miq\u00ebsie.<\/p>\n<p><em>Por pik\u00ebrisht Z. Marti, pjesa m\u00eb e madhe e kritikave vijn\u00eb nga qarqet politike, por edhe nga shoq\u00ebria civile kosovare dhe qarqe t\u00eb ndryshme, duke p\u00ebrfshir\u00eb edhe ato akademike, t\u00eb cil\u00ebt ju kritikojn\u00eb se jeni autor i k\u00ebtij raporti, nd\u00ebrkoh\u00eb q\u00eb m\u00eb par\u00eb q\u00ebndrimet tuaja politike ishin kund\u00ebr, p\u00ebrsa i p\u00ebrket nd\u00ebrhyrjes s\u00eb NATO-s n\u00eb Kosov\u00eb dhe mbi shpalljen e pavar\u00ebsis\u00eb s\u00eb Kosov\u00ebs. Pra, sipas jush, a \u00ebsht\u00eb i justifikuar mendimi politik kosovar dhe shqiptar, q\u00eb ka shprehur dyshime serioze lidhur me paanshm\u00ebrin\u00eb tuaj?<\/em><\/p>\n<p>&#8211; Mendoj se edhe k\u00ebtu \u00ebsht\u00eb nj\u00eb keqkuptim. Un\u00eb kam shprehur vet\u00ebm kritika t\u00eb natyr\u00ebs esencialisht juridike. M\u00eb pati ardhur shum\u00eb keq q\u00eb nd\u00ebrhyrja e NATO-s nuk qe kryer n\u00eb p\u00ebrputhje me t\u00eb drejt\u00ebn nd\u00ebrkomb\u00ebtare, dometh\u00ebn\u00eb me mb\u00ebshtetjen e K\u00ebshillit t\u00eb Sigurimit.\u00cbsht\u00eb aq e v\u00ebrtet\u00eb, sa q\u00eb Zvicra pati ndaluar fluturimin e aeroplaneve mbi territorin e saj, sepse kjo nuk ishte n\u00eb p\u00ebrputhje me t\u00eb drejt\u00ebn nd\u00ebrkomb\u00ebtare. Kur e them k\u00ebt\u00eb, un\u00eb isha gjithashtu i bindur se duhej nd\u00ebrhyr\u00eb n\u00eb Kosov\u00eb. Se politika kriminale dhe e marr\u00eb e Miloshevi\u00e7it, e pastrimit etnik, ishte krejt\u00ebsisht absurde. Ja p\u00ebrse un\u00eb mendoja, dhe mendoj p\u00ebrs\u00ebri, se n\u00ebse do t\u00eb ishin b\u00ebr\u00eb gj\u00ebrat n\u00eb m\u00ebnyr\u00eb t\u00eb qart\u00eb nga pik\u00ebpamja juridike, do t\u00eb kishim pasur shum\u00eb m\u00eb pak polemika.<\/p>\n<p>P\u00ebrsa i p\u00ebrket pavar\u00ebsis\u00eb, un\u00eb nuk e kam kund\u00ebrshtuar asnj\u00ebher\u00eb pavar\u00ebsin\u00eb si t\u00eb till\u00eb, kam kund\u00ebrshtuar dhe kritikuar nga pik\u00ebpamja juridike, duke u mb\u00ebshtetur n\u00eb cil\u00ebsin\u00eb e kryetarit t\u00eb Komisionit p\u00ebr Pun\u00eb t\u00eb Jashtme, bazuar mbi vler\u00ebsimet juridike t\u00eb profesor\u00ebve t\u00eb njohur nd\u00ebrkomb\u00ebtarisht, q\u00eb na pat\u00ebn d\u00ebshmuar se m\u00ebnyra se si ishte shpallur pavar\u00ebsia nuk ishte krejt\u00ebsisht korrekte. Dhe un\u00eb mendoj se, n\u00ebse kjo pavar\u00ebsi, t\u00eb cil\u00ebn nuk e kund\u00ebrshtoj si t\u00eb till\u00eb, po t\u00eb ishte p\u00ebrgatitur ndoshta m\u00eb mir\u00eb, ne do t\u00eb kishim shum\u00eb m\u00eb pak probleme dhe ndoshta popullsia kosovare do t\u00eb kishte mundur t\u00eb jetonte m\u00eb mir\u00eb. Pra un\u00eb vura p\u00ebr diskutim dhe kritikova kushtet e ve\u00e7anta dhe jo thelbin. P\u00ebrve\u00e7 k\u00ebsaj, nj\u00eb nga kritikat e mia mbi modalitetet e ve\u00e7anta, fatkeq\u00ebsisht, u d\u00ebshmua.<\/p>\n<p>Un\u00eb kisha th\u00ebn\u00eb se kjo do t\u00eb krijonte nj\u00eb precedent t\u00eb rreziksh\u00ebm, sepse do t\u00eb ket\u00eb nga ata q\u00eb do t\u2019i referohen k\u00ebtij precedenti. Kjo ndodhi me Abkazin\u00eb dhe Osetin\u00eb e Jugut, t\u00eb cilat, me t\u00eb drejt\u00eb, ose pa t\u00eb drejt\u00eb, iu referuan k\u00ebtij precedenti. Mir\u00ebpo po e p\u00ebrs\u00ebris, nuk \u00ebsht\u00eb pavar\u00ebsia si e till\u00eb, por un\u00eb kritikova m\u00ebnyr\u00ebn se si u vendos ajo. Do t\u00eb kisha preferuar m\u00eb tep\u00ebr q\u00eb t\u00eb jen\u00eb kosovar\u00ebt ata q\u00eb do t\u00eb kishin vendosur vet\u00eb, dhe jo q\u00eb ky vendim t\u00eb ishte marr\u00eb nga Uashingtoni, Berlini apo Parisi.<\/p>\n<p>Gjithashtu, jam po ashtu paksa kritik p\u00ebr k\u00ebt\u00eb gjendje perfuzioni q\u00eb ekziston tani me nd\u00ebrkomb\u00ebtar\u00ebt n\u00eb Kosov\u00eb. Mendoj se kosovar\u00ebt do t\u00eb ishin n\u00eb gjendje t\u00eb b\u00ebnin shum\u00eb m\u00eb shum\u00eb gj\u00ebra vet\u00eb dhe atje do t\u00eb kishte m\u00eb pak efekte negative, se sa me k\u00ebt\u00eb prani t\u00eb madhe nd\u00ebrkomb\u00ebtare.<\/p>\n<p><em>Me t\u00eb v\u00ebrtet\u00eb ju keni th\u00ebn\u00eb se deklarata e Pavar\u00ebsis\u00eb nuk ka qen\u00eb vendosur n\u00eb Prishtin\u00eb, por n\u00eb fund t\u00eb fundit ajo \u00e7oi n\u00eb nj\u00eb seri marr\u00ebveshjesh \u2026<\/em><\/p>\n<p>&#8211; D\u00ebgjoni. Un\u00eb nuk e v\u00eb m\u00eb Pavar\u00ebsin\u00eb n\u00eb diskutim. Ajo nuk p\u00ebrb\u00ebn m\u00eb tem\u00eb p\u00ebr mua. Kosova e pavarur, un\u00eb do t\u00eb uroja q\u00eb ajo t\u00eb jet\u00eb me t\u00eb v\u00ebrtet\u00eb e pavarur. Q\u00eb t\u00eb mund t\u00eb ec\u00eb me k\u00ebmb\u00ebt e veta, dhe p\u00ebr mendimin tim, kjo nuk vihet m\u00eb aspak n\u00eb dyshim. P\u00ebr mua, ishte \u00e7\u00ebshtja e modaliteteve t\u00eb atij moment, t\u00eb \u00e7\u00ebshtjes s\u00eb nxitimit t\u00eb Zvicr\u00ebs n\u00eb lidhje me njohjen e saj dhe q\u00eb \u00ebsht\u00eb n\u00eb kund\u00ebrshtim me praktik\u00ebn q\u00eb ajo kishte ndjekur deri m\u00eb tani, kjo ishte e gjitha. Un\u00eb jam realist: kosovar\u00ebt e duan padyshim pavar\u00ebsin\u00eb dhe besoj se tani duhet respektuar kjo pavar\u00ebsi. P\u00ebr mua, ky \u00ebsht\u00eb nj\u00eb kapitull i mbyllur dhe duhet t\u00eb them se ai nuk ka t\u00eb b\u00ebj\u00eb aspak me k\u00ebt\u00eb raport. Un\u00eb kam b\u00ebr\u00eb nj\u00eb raport tjet\u00ebr tejet kritik p\u00ebr Rusin\u00eb dhe politik\u00ebn e saj n\u00eb Kaukazin e Veriut; megjithat\u00eb nuk do t\u00eb thot\u00eb se mbajta nj\u00eb q\u00ebndrim n\u00eb favor apo kund\u00ebr pavar\u00ebsis\u00eb s\u00eb \u00c7e\u00e7enis\u00eb. Kjo nuk \u00ebsht\u00eb detyra ime. Detyra q\u00eb mu caktua \u00ebsht\u00eb nj\u00eb detyr\u00eb q\u00eb shkon n\u00eb drejtim t\u00eb respektit t\u00eb parimeve t\u00eb Konvent\u00ebs Evropjane t\u00eb t\u00eb Drejtave t\u00eb Njeriut, kjo \u00ebsht\u00eb e gjitha.<\/p>\n<p><em>Meqen\u00ebse flisni p\u00ebr Rusin\u00eb, a \u00ebsht\u00eb e v\u00ebrtet\u00eb se autori i mocionit, q\u00eb ishte pik\u00ebnisja e k\u00ebtij raporti, \u00ebsht\u00eb nj\u00eb deputet rus, me emrin Konstantin Kosachev? Shum\u00eb analist\u00eb kosovar\u00eb e t\u00eb rajonit i b\u00ebjn\u00eb pyetje vetes lidhur me synimin e k\u00ebsaj nisme, duke e ditur se Rusia nuk \u00ebsht\u00eb model p\u00ebrsa i p\u00ebrket mbrojtjes s\u00eb t\u00eb drejtave t\u00eb njeriut dhe se ajo \u00ebsht\u00eb e njohur si aleati tradicional i Beogradit. Pra, a nuk dyshonit se mos kjo nism\u00eb ishte objekt i q\u00ebllimeve politike?<\/em><\/p>\n<p>&#8211; Z. Kosachev ishte nj\u00eb nga n\u00ebnshkruesit e k\u00ebtij mocioni. Mir\u00ebpo, q\u00eb mocioni t\u00eb jet\u00eb i vlefsh\u00ebm, ai duhet t\u00eb n\u00ebnshkruhet nga 20 deputet\u00eb dhe duhet t\u00eb p\u00ebrfaq\u00ebsoj\u00eb, n\u00eb mos gaboj, pes\u00eb vende t\u00eb ndryshme. Pra, ishin deputet\u00eb t\u00eb partive dhe vendeve t\u00eb ndryshme q\u00eb e firmos\u00ebn ate. Midis t\u00eb tjerash, ju informoj se un\u00eb nuk e firmosa at\u00eb.<\/p>\n<p><em>Mir\u00ebpo, a isht\u00eb ai nism\u00ebtari i k\u00ebtij mocioni ?<\/em><\/p>\n<p>&#8211; Nuk e di n\u00ebse ai ishte iniciatori. Mua nuk m\u00eb \u00ebsht\u00eb k\u00ebrkuar kjo dhe nuk isha n\u00eb dijeni t\u00eb k\u00ebsaj nisme. Procedura \u00ebsht\u00eb kjo. Kur ka nj\u00eb mocion, ai shqyrtohet nga zyra e Asambles\u00eb, e cila vendos p\u00ebr vlefshm\u00ebrin\u00eb e tij. N\u00eb k\u00ebt\u00eb rast, ajo vendosi q\u00eb ai ishte i vlefsh\u00ebm dhe ia kaloi Komisionit t\u00eb \u00c7\u00ebshtjeve Juridike t\u00eb t\u00eb Drejtave t\u00eb Njeriut. Ky komision duhet t\u00eb caktoj\u00eb nj\u00eb raportues dhe ai vendosi t\u00eb ma ngarkonte mua k\u00ebt\u00eb raport. Duhet t\u00eb ju them se nuk isha patjet\u00ebr i entuziazmuar me k\u00ebt\u00eb, dhe mund t\u2019ju siguroj se nuk isha un\u00eb q\u00eb shkova ta k\u00ebrkoja k\u00ebt\u00eb pun\u00eb.<\/p>\n<p><em>Meqen\u00ebse po flasim p\u00ebr k\u00ebt\u00eb raport, propozoj q\u00eb t\u00eb futemi n\u00eb thelbin e \u00e7\u00ebshtjes. M\u00eb par\u00eb, ka pasur dy raporte t\u00eb GJPN dhe t\u00eb EULEX-it mbi ish-Jugosllavin\u00eb. Dy anketa q\u00eb u realizuan n\u00eb baz\u00eb t\u00eb th\u00ebnieve mbi trafikun e organeve. \u00c7far\u00eb sjell m\u00eb tep\u00ebr raporti juaj, n\u00eb lidhje me at\u00eb q\u00eb \u00ebsht\u00eb b\u00ebr\u00eb deri tani?<\/em><\/p>\n<p>&#8211; T\u00eb flas\u00ebsh p\u00ebr hetimin e GJPN dhe t\u00eb EULEX-it, n\u00eb lidhje me k\u00ebto raste, \u00ebsht\u00eb e tep\u00ebrt t\u00eb pretendohet se b\u00ebhet fjal\u00eb p\u00ebr hetim. N\u00eb vitin 2002 apo 2003, GJPN kishte nj\u00eb mision n\u00eb \u00abBurrel\u00bb dhe n\u00eb k\u00ebt\u00eb kuad\u00ebr, ajo mblodhi nj\u00eb num\u00ebr provash teknike, si gjurm\u00eb gjaku, ila\u00e7e etj, dhe nuk ka pasur asnj\u00eb vazhdim pas k\u00ebsaj vizite atje. Bile, k\u00ebto prova, q\u00eb sot do t\u00eb mund t\u00eb shfryt\u00ebzoheshin n\u00eb suazat e nj\u00eb hetimi t\u00eb v\u00ebrtet\u00eb, jan\u00eb asgj\u00ebsuar, gj\u00eb q\u00eb \u00ebsht\u00eb mjaft e \u00e7uditshme. Sepse un\u00eb nuk njoh asnj\u00eb autoritet gjyq\u00ebsor, asnj\u00eb ministri publike, e cila, edhe n\u00eb rastin kur ajo pranon se nuk \u00ebsht\u00eb kompetente, asgj\u00ebson p\u00ebr m\u00eb pak se dy vite, elemente t\u00eb provave q\u00eb mundeshin t\u00eb ishin n\u00eb t\u00eb ardhmen thelb\u00ebsore. Pra, th\u00ebn\u00eb shkurt, nuk ka pasur kurr\u00eb ndonj\u00eb hetim t\u00eb v\u00ebrtet\u00eb mbi k\u00ebto ngjarje. Gjithashtu, sepse Shqip\u00ebria, dhe k\u00ebt\u00eb ma kan\u00eb th\u00ebn\u00eb ministri i Drejt\u00ebsis\u00eb dhe ai i Pun\u00ebve t\u00eb Brendshme i Shqip\u00ebris\u00eb, ishte e mendimit se nuk kishte asnj\u00eb arsye p\u00ebr t\u00eb hapur nj\u00eb hetim mbi ngjarjet eventuale q\u00eb kan\u00eb mundur t\u00eb ndodhin n\u00eb territorin e saj, sepse ajo vler\u00ebsonte se nuk ishte pjes\u00eb e konfliktit t\u00eb ish-Jugosllavis\u00eb dhe nga ky fakt, ajo nuk shihte se n\u00eb em\u00ebr t\u00eb cilit motiv duhej t\u00eb hapte nj\u00eb hetim.<\/p>\n<p>Sot ne jemi n\u00eb dijeni dhe EULEX-i \u00ebsht\u00eb duke e d\u00ebshmuar, ekziston nj\u00eb akt-akuzimi, se nj\u00eb kamp sekret i t\u00eb burgosurve mbahej n\u00eb territorin e Shqip\u00ebris\u00eb s\u00eb veriut nga ana e forcave t\u00eb U\u00c7K-s\u00eb. Gjithashtu, edhe k\u00ebtu, m\u00eb lejoni t\u00eb ju them se n\u00ebse lexohet me kujdes raporti im, nuk \u00ebsht\u00eb U\u00c7K si e till\u00eb q\u00eb kriminalizohet apo kritikohet. Bile dua t\u00eb theksoj se ka an\u00ebtar\u00eb t\u00eb U\u00c7K-s\u00eb q\u00eb u angazhuan n\u00eb m\u00ebnyr\u00eb t\u00eb lakmueshme p\u00ebr atdheun e tyre. Nuk besoj se mund t\u00eb konsiderohet U\u00c7K-ja si nj\u00eb ushtri e strukturuar, n\u00eb kuptimin klasik, me nj\u00eb gjeneral etj. Mir\u00ebpo, p\u00ebr mendimin tim, ka pasur abuzime dhe krime q\u00eb jan\u00eb kryer nga disa grupe, t\u00eb cilat, sipas mendimit tim, duhet t\u00eb jen\u00eb objekt i nj\u00eb hetimi. Ajo q\u00eb kam sjell\u00eb un\u00eb n\u00eb k\u00ebt\u00eb raport nuk \u00ebsht\u00eb n\u00eb fund t\u00eb fundit di\u00e7ka shum\u00eb e re. Qoft\u00eb U\u00c7K-ja, disa forca t\u00eb U\u00c7K-s\u00eb apo z. Tha\u00e7i, t\u00eb gjith\u00eb tashm\u00eb kan\u00eb qen\u00eb t\u00eb cituar n\u00eb shum\u00eb raporte t\u00eb sh\u00ebrbimeve informative, n\u00eb studime q\u00eb jan\u00eb realizuar, ose edhe n\u00eb artikuj t\u00eb hartuar apo nga nj\u00eb hulumtim i detajuar i BBC-s\u00eb. Pra, ajo q\u00eb ne arrit\u00ebm t\u00eb b\u00ebjm\u00eb n\u00eb k\u00ebrkimet tona, ishte se na u dha mund\u00ebsia t\u00eb gjejm\u00eb d\u00ebshmitar\u00eb shum\u00eb t\u00eb besuesh\u00ebm, q\u00eb kan\u00eb mundur t\u00eb japin holl\u00ebsira q\u00eb figurojn\u00eb n\u00eb raport.<\/p>\n<p>Por ne nuk jemi nj\u00eb autoritet hetimi dhe akoma m\u00eb pak gjykimi. Ne jemi nj\u00eb autoritet denoncimi. Ne denoncojm\u00eb dhe k\u00ebrkojm\u00eb q\u00eb t\u00eb kryhen hetime p\u00ebr ngjarje q\u00eb tregojn\u00eb indicje p\u00ebr shkelje t\u00eb r\u00ebnda t\u00eb t\u00eb drejtave t\u00eb njeriut. Dhe ne e kemi b\u00ebr\u00eb k\u00ebt\u00eb n\u00eb shum\u00eb raste. Pak m\u00eb par\u00eb ju fol\u00ebt p\u00ebr raportin mbi burgjet sekrete t\u00eb CIA-s\u00eb; ju them se edhe n\u00eb at\u00eb rast kam cituar emra, si at\u00eb t\u00eb ish-presidentit t\u00eb Rumanis\u00eb, t\u00eb k\u00ebshilltarit t\u00eb siguris\u00eb t\u00eb Polonis\u00eb, q\u00eb ishin n\u00eb dijeni se \u00e7far\u00eb ndodhte. Dhe n\u00eb qershor 2007, paraqita k\u00ebt\u00eb raport, p\u00ebr t\u00eb cilin po ashtu m\u00eb k\u00ebrkuan d\u00ebshmi dhe k\u00ebsaj iu p\u00ebrgjigja se u p\u00ebrkiste atyre q\u00eb t`i k\u00ebrkonin d\u00ebshmit\u00eb. Detyra ime \u00ebsht\u00eb t\u00eb denoncoj dhe mund t\u2019ju them se tre vite m\u00eb von\u00eb, nuk ka pasur asnj\u00eb fjal\u00eb t\u00eb raportit tim q\u00eb \u00ebsht\u00eb p\u00ebrg\u00ebnj\u00ebshtruar. Dhe sot, mendoj se ky raport konsiderohet si di\u00e7ka q\u00eb \u00ebsht\u00eb d\u00ebshmuar n\u00eb t\u00eb gjitha elementet e tij.<\/p>\n<p><em>Pik\u00ebrisht, juve ju qortojn\u00eb p\u00ebr faktin se sillni shum\u00eb akuza t\u00eb r\u00ebnda dhe t\u00eb ashpra, kurse d\u00ebshmit\u00eb p\u00ebr t`i mb\u00ebshtetur ato ju mungojn\u00eb. Ndjenja e p\u00ebrgjithshme \u00ebsht\u00eb se raporti juaj i ngjan nj\u00eb gjykimi, para hetimit juridik\u2026<\/em><\/p>\n<p>&#8211; Jo! Duke cituar shum\u00eb burime dhe dokumente, un\u00eb them se ka aq indicje, pa i harruar d\u00ebshimtar\u00ebt q\u00eb kam d\u00ebgjuar q\u00eb rr\u00ebfejn\u00eb ngjarjet, dhe nuk mund t\u00eb shtiresh se nuk ka ndodhur asgj\u00eb. Prandaj, duhet b\u00ebr\u00eb nj\u00eb hetim. Nd\u00ebrkaq, un\u00eb konstatoj se autoritetet gjyq\u00ebsore t\u00eb rajonit, fatkeq\u00ebsisht nuk jan\u00eb n\u00eb gjendje t`i mbrojn\u00eb d\u00ebshmitar\u00ebt. Dhe p\u00ebr k\u00ebt\u00eb arsye, d\u00ebshmitar\u00ebt nuk flasin. Ju e dini shum\u00eb mir\u00eb se ka d\u00ebshmitar\u00eb q\u00eb jan\u00eb kanosur apo vrar\u00eb.<\/p>\n<p>Ju e dini shum\u00eb mir\u00eb q\u00eb ka d\u00ebshmitar\u00eb q\u00eb kan\u00eb b\u00ebr\u00eb deklarata akuzuese n\u00eb procesin e hetimeve dhe q\u00eb nuk kan\u00eb folur pastaj gjat\u00eb gjykimit. Ju e dini shum\u00eb mir\u00eb se nuk ka akoma, ashtu si\u00e7 ka k\u00ebrkuar bashk\u00ebsia nd\u00ebrkomb\u00ebtare, nj\u00eb ligj p\u00ebr mbrojtjen e d\u00ebshmitar\u00ebve. Do t\u00eb thot\u00eb, nuk \u00ebsht\u00eb nj\u00eb popullat\u00eb q\u00eb \u00ebsht\u00eb kriminalizuar. P\u00ebr mua, shumica e kosovar\u00ebve kan\u00eb qen\u00eb viktima dhe kan\u00eb qen\u00eb t\u00eb detyruar t\u00eb paguajn\u00eb nj\u00eb hara\u00e7 t\u00eb r\u00ebnd\u00eb. Do t\u00eb d\u00ebshiroja, q\u00eb p\u00ebr k\u00ebta burra dhe gra, e ardhmja e tyre t\u00eb mos nd\u00ebrtohet mbi dyshime dhe g\u00ebnjeshtra, por mbi t\u00eb v\u00ebrtet\u00ebn. \u00cbsht\u00eb e v\u00ebrtet\u00eb se k\u00ebrkimi i s\u00eb v\u00ebrtet\u00ebs shkakton dhembje, por nuk duhet reaguar sikurse serb\u00ebt. Serb\u00ebt reaguan kur pati akuza kund\u00ebr Miloshevi\u00e7it dhe krimeve t\u00eb tmershme t\u00eb kryera kund\u00ebr boshnjak\u00ebve dhe shqiptar\u00ebve. Ata protestuan duke th\u00ebn\u00eb se duan d\u00ebshmi. Nuk duhet reaguar n\u00eb m\u00ebnyr\u00eb t\u00eb till\u00eb.<\/p>\n<p>M\u00eb duket se reagimi i drejt\u00eb \u00ebsht\u00eb t\u00eb thuash: ju b\u00ebni akuza shum\u00eb serioze, tani duam q\u00eb autoritetet kompetente t\u00eb b\u00ebjn\u00eb gjith\u00e7ka q\u00eb \u00ebsht\u00eb e mundur q\u00eb t\u00eb zbardhet e v\u00ebrteta. Sepse e v\u00ebrteta \u00ebsht\u00eb n\u00eb interes tonin. Ka shum\u00eb shembuj, bile edhe n\u00eb Zvic\u00ebr, me t\u00eb mirat dhe pasurit\u00eb e l\u00ebna nga hebrenj\u00ebt n\u00eb bankat tona. P\u00ebr vite t\u00eb t\u00ebra ne b\u00ebm\u00eb sikurse nuk e shihnim k\u00ebt\u00eb problem, nd\u00ebrsa historia ne na kapi shum\u00eb koh\u00eb pas luft\u00ebs. Dhe kjo i shkaktoi shum\u00eb d\u00ebm vendit ton\u00eb.<\/p>\n<p>N\u00eb Austri ishte nj\u00eb president q\u00eb ishte p\u00ebrzier me nazizmin dhe p\u00ebr shum\u00eb koh\u00eb b\u00ebnim sikurse nuk e dinim. Edhe n\u00eb at\u00eb rast, na kapi historia. N\u00eb Kosov\u00eb kam qen\u00eb vet\u00ebm nj\u00eb her\u00eb, por jam habitur nga ngroht\u00ebsia dhe pritja e popullat\u00ebs, nj\u00eb pritje q\u00eb e gjeta edhe n\u00eb Shqip\u00ebri. Pra, un\u00eb u uroj atyre nj\u00eb t\u00eb ardhme t\u00eb mbar\u00eb, por kjo e ardhme \u00ebsht\u00eb e mundshme vet\u00ebm n\u00ebse p\u00ebrballemi me t\u00eb kaluar\u00ebn duke k\u00ebrkuar t\u00eb v\u00ebrtet\u00ebn. Kjo vlen edhe p\u00ebr vendin tim dhe p\u00ebr \u00e7do shoq\u00ebri tjet\u00ebr.<\/p>\n<p>Por, raporti juaj megjithat\u00eb, u fillua pas botimit t\u00eb librit t\u00eb ish-prokurores s\u00eb GJPN, zonj\u00ebs Karla del Ponte. Lidhur me k\u00ebt\u00eb, z\u00ebdh\u00ebn\u00ebsja e saj, zonja Florence Hartmann, i cil\u00ebson fjal\u00ebt e saj t\u00eb pap\u00ebrgjegjshme, sepse ajo paraqet si fakte t\u00eb sigurta hipoteza t\u00eb thjeshta. Duke e ditur se raporti juaj bazohet mbi k\u00ebt\u00eb lib\u00ebr, shqiptar\u00ebt e Kosov\u00ebs kan\u00eb p\u00ebrshtypjen se ju u k\u00ebrkoni atyre ta d\u00ebshmojn\u00eb pafaj\u00ebsin\u00eb e tyre, sepse ju nuk keni mundur ta d\u00ebshmoni faj\u00ebsin\u00eb e tyre\u2026<\/p>\n<p>-Zot\u00ebri, un\u00eb jam n\u00eb fund t\u00eb karrier\u00ebs sime politike dhe jam pak a shum\u00eb i moshuar, p\u00ebr t\u00eb mos th\u00ebn\u00eb nj\u00ebfar\u00eb moshe. Kam sh\u00ebrbyer n\u00eb tri fusha t\u00eb shtetit: drejt\u00ebsi, ekzekutiv dhe tani n\u00eb ligjv\u00ebnie. Ju nuk do t\u00eb mendoni vall\u00eb se un\u00eb do t\u00eb rrezikoj t\u00eb hedh posht\u00eb karrier\u00ebn time duke shkruar nj\u00eb roman n\u00eb vend t\u00eb nj\u00eb raporti. Un\u00eb besoj n\u00eb nj\u00eb nd\u00ebrgjegje dhe aft\u00ebsi profesionale. P\u00ebr m\u00eb tep\u00ebr se 15 vite kam qen\u00eb prokuror dhe jam marr\u00eb sidomos me kriminalitetin e organizuar nd\u00ebrkomb\u00ebtar.<\/p>\n<p>Nd\u00ebrkaq, kam marr\u00eb dy \u00e7mime nderi nga Departamenti Amerikan i Drejt\u00ebsis\u00eb, dhe kjo nuk \u00ebsht\u00eb p\u00ebr t\u2019u mburrur, por p\u00ebr t\u00eb d\u00ebshmuar nj\u00ebfar\u00eb aft\u00ebsie q\u00eb zot\u00ebroj. Un\u00eb e di se si duhet pyetur nj\u00eb d\u00ebshmitar, se nuk duhet t\u00eb bazohesh n\u00eb nj\u00eb deklarat\u00eb t\u00eb vetme dhe se duhen b\u00ebr\u00eb prova t\u00eb kryq\u00ebzuara.<\/p>\n<p>Mir\u00ebpo, n\u00ebse e lexoni me kujdes raportin tim, un\u00eb nuk them n\u00eb asnj\u00eb rast se Z. Tha\u00e7i \u00ebsht\u00eb i implikuar drejtp\u00ebrdrejt n\u00eb nj\u00eb trafik organesh, por them se njer\u00ebz shum\u00eb t\u00eb af\u00ebrt t\u00eb z. Tha\u00e7it jan\u00eb t\u00eb implikuar.<\/p>\n<p>Pra, \u00ebsht\u00eb e v\u00ebshtir\u00eb t\u00eb mendosh se ai nuk ka d\u00ebgjuar kurr\u00eb p\u00ebr to. P\u00ebr ndryshim nga zonja Karla del Ponte, un\u00eb sakt\u00ebsoj shum\u00eb aspekte. Nuk them se b\u00ebhet fjal\u00eb p\u00ebr qindra transplantime t\u00eb paligjshme. Flas vet\u00ebm p\u00ebr nj\u00eb grusht rastesh.<\/p>\n<p><em>Po, por e p\u00ebrmendni t\u00ebrthorazi\u2026<\/em><\/p>\n<p>&#8211; Por \u00ebsht\u00eb e shkruar. Un\u00eb nuk kam shkruar t\u00eb kund\u00ebrt\u00ebn. Besoj se mjafton q\u00eb t\u00eb v\u00ebrtetat duhen deklaruar nj\u00ebher\u00eb. Kur fillon t\u00eb deklarosh shum\u00eb shpesh nj\u00eb t\u00eb v\u00ebrtet\u00eb, kjo fillon t\u00eb b\u00ebhet e dyshimt\u00eb.<\/p>\n<p>E gjith\u00eb kjo, p\u00ebr t\u00eb th\u00ebn\u00eb se un\u00eb do t\u00eb uroja q\u00eb dikush q\u00eb \u00ebsht\u00eb profesionist, t\u00eb p\u00ebrkthej\u00eb k\u00ebt\u00eb raport. Sepse ky raport nuk \u00ebsht\u00eb lexuar nga 99,9 % e njer\u00ebzve q\u00eb jan\u00eb sot t\u00eb indinjuar. Jan\u00eb lexuar vet\u00ebm disa pjes\u00eb nga shtypi. \/<em>kosovalbaner.com<\/em>\/<\/p>\n","protected":false},"excerpt":{"rendered":"<p>Dik Marti \u00ebsht\u00eb me origjin\u00eb nga Tessina. \u00cbsht\u00eb k\u00ebshilltar n\u00eb K\u00ebshillin e Kantoneve (i p\u00ebrb\u00ebr\u00eb nga p\u00ebrfaq\u00ebsues t\u00eb Kantoneve t\u00eb Zvicr\u00ebs). M\u00eb par\u00eb ka q\u00ebn\u00eb k\u00ebshilltar Shteti. Gjithashtu, ai ka pasur nj\u00eb karrier\u00eb t\u00eb r\u00ebnd\u00ebsishme si Prokuror i p\u00ebrgjithsh\u00ebm dhe parap\u00eblqen ve\u00e7an\u00ebrisht dosjet e ndjeshme, si\u00e7 ka qen\u00eb p\u00ebr shembull raporti mbi burgjet sekrete t\u00eb [&hellip;]<\/p>\n","protected":false},"author":1,"featured_media":0,"comment_status":"open","ping_status":"closed","sticky":false,"template":"","format":"standard","meta":{"footnotes":""},"categories":[4],"tags":[],"class_list":{"0":"post-5756","1":"post","2":"type-post","3":"status-publish","4":"format-standard","6":"category-intervista"},"yoast_head":"<!-- This site is optimized with the Yoast SEO plugin v27.4 - https:\/\/yoast.com\/product\/yoast-seo-wordpress\/ -->\n<title>Intervist\u00eb ekskluzive e Dik Martit - FjALA e LIR\u00cb - Arkivi<\/title>\n<meta name=\"robots\" content=\"index, follow, max-snippet:-1, max-image-preview:large, max-video-preview:-1\" \/>\n<link rel=\"canonical\" href=\"https:\/\/fjala.info\/2009-2015\/interviste-ekskluzive-e-dik-martit\/\" \/>\n<meta property=\"og:locale\" content=\"sq_AL\" \/>\n<meta property=\"og:type\" content=\"article\" \/>\n<meta property=\"og:title\" content=\"Intervist\u00eb ekskluzive e Dik Martit - FjALA e LIR\u00cb - Arkivi\" \/>\n<meta property=\"og:description\" content=\"Dik Marti \u00ebsht\u00eb me origjin\u00eb nga Tessina. \u00cbsht\u00eb k\u00ebshilltar n\u00eb K\u00ebshillin e Kantoneve (i p\u00ebrb\u00ebr\u00eb nga p\u00ebrfaq\u00ebsues t\u00eb Kantoneve t\u00eb Zvicr\u00ebs). M\u00eb par\u00eb ka q\u00ebn\u00eb k\u00ebshilltar Shteti. Gjithashtu, ai ka pasur nj\u00eb karrier\u00eb t\u00eb r\u00ebnd\u00ebsishme si Prokuror i p\u00ebrgjithsh\u00ebm dhe parap\u00eblqen ve\u00e7an\u00ebrisht dosjet e ndjeshme, si\u00e7 ka qen\u00eb p\u00ebr shembull raporti mbi burgjet sekrete t\u00eb [&hellip;]\" \/>\n<meta property=\"og:url\" content=\"https:\/\/fjala.info\/2009-2015\/interviste-ekskluzive-e-dik-martit\/\" \/>\n<meta property=\"og:site_name\" content=\"FjALA e LIR\u00cb - Arkivi\" \/>\n<meta property=\"article:published_time\" content=\"2011-01-19T09:31:15+00:00\" \/>\n<meta property=\"og:image\" content=\"http:\/\/fjala.shkoder.net\/wp-content\/uploads\/2011\/01\/dick_marti.jpg\" \/>\n<meta name=\"author\" content=\"admin\" \/>\n<meta name=\"twitter:card\" content=\"summary_large_image\" \/>\n<meta name=\"twitter:label1\" content=\"Written by\" \/>\n\t<meta name=\"twitter:data1\" content=\"admin\" \/>\n\t<meta name=\"twitter:label2\" content=\"Est. reading time\" \/>\n\t<meta name=\"twitter:data2\" content=\"17 minutes\" \/>\n<script type=\"application\/ld+json\" class=\"yoast-schema-graph\">{\"@context\":\"https:\\\/\\\/schema.org\",\"@graph\":[{\"@type\":\"Article\",\"@id\":\"https:\\\/\\\/fjala.info\\\/2009-2015\\\/interviste-ekskluzive-e-dik-martit\\\/#article\",\"isPartOf\":{\"@id\":\"https:\\\/\\\/fjala.info\\\/2009-2015\\\/interviste-ekskluzive-e-dik-martit\\\/\"},\"author\":{\"name\":\"admin\",\"@id\":\"https:\\\/\\\/fjala.info\\\/2009-2015\\\/#\\\/schema\\\/person\\\/3aa1163ef05469c496fc94e77611ada2\"},\"headline\":\"Intervist\u00eb ekskluzive e Dik Martit\",\"datePublished\":\"2011-01-19T09:31:15+00:00\",\"mainEntityOfPage\":{\"@id\":\"https:\\\/\\\/fjala.info\\\/2009-2015\\\/interviste-ekskluzive-e-dik-martit\\\/\"},\"wordCount\":3367,\"commentCount\":0,\"publisher\":{\"@id\":\"https:\\\/\\\/fjala.info\\\/2009-2015\\\/#organization\"},\"image\":{\"@id\":\"https:\\\/\\\/fjala.info\\\/2009-2015\\\/interviste-ekskluzive-e-dik-martit\\\/#primaryimage\"},\"thumbnailUrl\":\"http:\\\/\\\/fjala.shkoder.net\\\/wp-content\\\/uploads\\\/2011\\\/01\\\/dick_marti.jpg\",\"articleSection\":[\"Intervista\"],\"inLanguage\":\"sq-AL\",\"potentialAction\":[{\"@type\":\"CommentAction\",\"name\":\"Comment\",\"target\":[\"https:\\\/\\\/fjala.info\\\/2009-2015\\\/interviste-ekskluzive-e-dik-martit\\\/#respond\"]}]},{\"@type\":\"WebPage\",\"@id\":\"https:\\\/\\\/fjala.info\\\/2009-2015\\\/interviste-ekskluzive-e-dik-martit\\\/\",\"url\":\"https:\\\/\\\/fjala.info\\\/2009-2015\\\/interviste-ekskluzive-e-dik-martit\\\/\",\"name\":\"Intervist\u00eb ekskluzive e Dik Martit - FjALA e LIR\u00cb - Arkivi\",\"isPartOf\":{\"@id\":\"https:\\\/\\\/fjala.info\\\/2009-2015\\\/#website\"},\"primaryImageOfPage\":{\"@id\":\"https:\\\/\\\/fjala.info\\\/2009-2015\\\/interviste-ekskluzive-e-dik-martit\\\/#primaryimage\"},\"image\":{\"@id\":\"https:\\\/\\\/fjala.info\\\/2009-2015\\\/interviste-ekskluzive-e-dik-martit\\\/#primaryimage\"},\"thumbnailUrl\":\"http:\\\/\\\/fjala.shkoder.net\\\/wp-content\\\/uploads\\\/2011\\\/01\\\/dick_marti.jpg\",\"datePublished\":\"2011-01-19T09:31:15+00:00\",\"breadcrumb\":{\"@id\":\"https:\\\/\\\/fjala.info\\\/2009-2015\\\/interviste-ekskluzive-e-dik-martit\\\/#breadcrumb\"},\"inLanguage\":\"sq-AL\",\"potentialAction\":[{\"@type\":\"ReadAction\",\"target\":[\"https:\\\/\\\/fjala.info\\\/2009-2015\\\/interviste-ekskluzive-e-dik-martit\\\/\"]}]},{\"@type\":\"ImageObject\",\"inLanguage\":\"sq-AL\",\"@id\":\"https:\\\/\\\/fjala.info\\\/2009-2015\\\/interviste-ekskluzive-e-dik-martit\\\/#primaryimage\",\"url\":\"http:\\\/\\\/fjala.shkoder.net\\\/wp-content\\\/uploads\\\/2011\\\/01\\\/dick_marti.jpg\",\"contentUrl\":\"http:\\\/\\\/fjala.shkoder.net\\\/wp-content\\\/uploads\\\/2011\\\/01\\\/dick_marti.jpg\"},{\"@type\":\"BreadcrumbList\",\"@id\":\"https:\\\/\\\/fjala.info\\\/2009-2015\\\/interviste-ekskluzive-e-dik-martit\\\/#breadcrumb\",\"itemListElement\":[{\"@type\":\"ListItem\",\"position\":1,\"name\":\"Home\",\"item\":\"https:\\\/\\\/fjala.info\\\/2009-2015\\\/\"},{\"@type\":\"ListItem\",\"position\":2,\"name\":\"Intervist\u00eb ekskluzive e Dik Martit\"}]},{\"@type\":\"WebSite\",\"@id\":\"https:\\\/\\\/fjala.info\\\/2009-2015\\\/#website\",\"url\":\"https:\\\/\\\/fjala.info\\\/2009-2015\\\/\",\"name\":\"FjALA e LIR\u00cb - Arkivi\",\"description\":\"Arkivi 2009-2015\",\"publisher\":{\"@id\":\"https:\\\/\\\/fjala.info\\\/2009-2015\\\/#organization\"},\"potentialAction\":[{\"@type\":\"SearchAction\",\"target\":{\"@type\":\"EntryPoint\",\"urlTemplate\":\"https:\\\/\\\/fjala.info\\\/2009-2015\\\/?s={search_term_string}\"},\"query-input\":{\"@type\":\"PropertyValueSpecification\",\"valueRequired\":true,\"valueName\":\"search_term_string\"}}],\"inLanguage\":\"sq-AL\"},{\"@type\":\"Organization\",\"@id\":\"https:\\\/\\\/fjala.info\\\/2009-2015\\\/#organization\",\"name\":\"FjALA e LIR\u00cb - Arkivi\",\"url\":\"https:\\\/\\\/fjala.info\\\/2009-2015\\\/\",\"logo\":{\"@type\":\"ImageObject\",\"inLanguage\":\"sq-AL\",\"@id\":\"https:\\\/\\\/fjala.info\\\/2009-2015\\\/#\\\/schema\\\/logo\\\/image\\\/\",\"url\":\"\",\"contentUrl\":\"\",\"caption\":\"FjALA e LIR\u00cb - Arkivi\"},\"image\":{\"@id\":\"https:\\\/\\\/fjala.info\\\/2009-2015\\\/#\\\/schema\\\/logo\\\/image\\\/\"}},{\"@type\":\"Person\",\"@id\":\"https:\\\/\\\/fjala.info\\\/2009-2015\\\/#\\\/schema\\\/person\\\/3aa1163ef05469c496fc94e77611ada2\",\"name\":\"admin\",\"image\":{\"@type\":\"ImageObject\",\"inLanguage\":\"sq-AL\",\"@id\":\"https:\\\/\\\/fjala.info\\\/2009-2015\\\/wp-content\\\/uploads\\\/2012\\\/02\\\/arben_cokaj-120x150.jpg\",\"url\":\"https:\\\/\\\/fjala.info\\\/2009-2015\\\/wp-content\\\/uploads\\\/2012\\\/02\\\/arben_cokaj-120x150.jpg\",\"contentUrl\":\"https:\\\/\\\/fjala.info\\\/2009-2015\\\/wp-content\\\/uploads\\\/2012\\\/02\\\/arben_cokaj-120x150.jpg\",\"caption\":\"admin\"},\"description\":\"Admin, Fjala e Lir\u00eb\",\"sameAs\":[\"https:\\\/\\\/fjala.info\\\/\"],\"url\":\"https:\\\/\\\/fjala.info\\\/2009-2015\\\/author\\\/admin\\\/\"}]}<\/script>\n<!-- \/ Yoast SEO plugin. -->","yoast_head_json":{"title":"Intervist\u00eb ekskluzive e Dik Martit - FjALA e LIR\u00cb - Arkivi","robots":{"index":"index","follow":"follow","max-snippet":"max-snippet:-1","max-image-preview":"max-image-preview:large","max-video-preview":"max-video-preview:-1"},"canonical":"https:\/\/fjala.info\/2009-2015\/interviste-ekskluzive-e-dik-martit\/","og_locale":"sq_AL","og_type":"article","og_title":"Intervist\u00eb ekskluzive e Dik Martit - FjALA e LIR\u00cb - Arkivi","og_description":"Dik Marti \u00ebsht\u00eb me origjin\u00eb nga Tessina. \u00cbsht\u00eb k\u00ebshilltar n\u00eb K\u00ebshillin e Kantoneve (i p\u00ebrb\u00ebr\u00eb nga p\u00ebrfaq\u00ebsues t\u00eb Kantoneve t\u00eb Zvicr\u00ebs). M\u00eb par\u00eb ka q\u00ebn\u00eb k\u00ebshilltar Shteti. Gjithashtu, ai ka pasur nj\u00eb karrier\u00eb t\u00eb r\u00ebnd\u00ebsishme si Prokuror i p\u00ebrgjithsh\u00ebm dhe parap\u00eblqen ve\u00e7an\u00ebrisht dosjet e ndjeshme, si\u00e7 ka qen\u00eb p\u00ebr shembull raporti mbi burgjet sekrete t\u00eb [&hellip;]","og_url":"https:\/\/fjala.info\/2009-2015\/interviste-ekskluzive-e-dik-martit\/","og_site_name":"FjALA e LIR\u00cb - Arkivi","article_published_time":"2011-01-19T09:31:15+00:00","og_image":[{"url":"http:\/\/fjala.shkoder.net\/wp-content\/uploads\/2011\/01\/dick_marti.jpg","type":"","width":"","height":""}],"author":"admin","twitter_card":"summary_large_image","twitter_misc":{"Written by":"admin","Est. reading time":"17 minutes"},"schema":{"@context":"https:\/\/schema.org","@graph":[{"@type":"Article","@id":"https:\/\/fjala.info\/2009-2015\/interviste-ekskluzive-e-dik-martit\/#article","isPartOf":{"@id":"https:\/\/fjala.info\/2009-2015\/interviste-ekskluzive-e-dik-martit\/"},"author":{"name":"admin","@id":"https:\/\/fjala.info\/2009-2015\/#\/schema\/person\/3aa1163ef05469c496fc94e77611ada2"},"headline":"Intervist\u00eb ekskluzive e Dik Martit","datePublished":"2011-01-19T09:31:15+00:00","mainEntityOfPage":{"@id":"https:\/\/fjala.info\/2009-2015\/interviste-ekskluzive-e-dik-martit\/"},"wordCount":3367,"commentCount":0,"publisher":{"@id":"https:\/\/fjala.info\/2009-2015\/#organization"},"image":{"@id":"https:\/\/fjala.info\/2009-2015\/interviste-ekskluzive-e-dik-martit\/#primaryimage"},"thumbnailUrl":"http:\/\/fjala.shkoder.net\/wp-content\/uploads\/2011\/01\/dick_marti.jpg","articleSection":["Intervista"],"inLanguage":"sq-AL","potentialAction":[{"@type":"CommentAction","name":"Comment","target":["https:\/\/fjala.info\/2009-2015\/interviste-ekskluzive-e-dik-martit\/#respond"]}]},{"@type":"WebPage","@id":"https:\/\/fjala.info\/2009-2015\/interviste-ekskluzive-e-dik-martit\/","url":"https:\/\/fjala.info\/2009-2015\/interviste-ekskluzive-e-dik-martit\/","name":"Intervist\u00eb ekskluzive e Dik Martit - FjALA e LIR\u00cb - Arkivi","isPartOf":{"@id":"https:\/\/fjala.info\/2009-2015\/#website"},"primaryImageOfPage":{"@id":"https:\/\/fjala.info\/2009-2015\/interviste-ekskluzive-e-dik-martit\/#primaryimage"},"image":{"@id":"https:\/\/fjala.info\/2009-2015\/interviste-ekskluzive-e-dik-martit\/#primaryimage"},"thumbnailUrl":"http:\/\/fjala.shkoder.net\/wp-content\/uploads\/2011\/01\/dick_marti.jpg","datePublished":"2011-01-19T09:31:15+00:00","breadcrumb":{"@id":"https:\/\/fjala.info\/2009-2015\/interviste-ekskluzive-e-dik-martit\/#breadcrumb"},"inLanguage":"sq-AL","potentialAction":[{"@type":"ReadAction","target":["https:\/\/fjala.info\/2009-2015\/interviste-ekskluzive-e-dik-martit\/"]}]},{"@type":"ImageObject","inLanguage":"sq-AL","@id":"https:\/\/fjala.info\/2009-2015\/interviste-ekskluzive-e-dik-martit\/#primaryimage","url":"http:\/\/fjala.shkoder.net\/wp-content\/uploads\/2011\/01\/dick_marti.jpg","contentUrl":"http:\/\/fjala.shkoder.net\/wp-content\/uploads\/2011\/01\/dick_marti.jpg"},{"@type":"BreadcrumbList","@id":"https:\/\/fjala.info\/2009-2015\/interviste-ekskluzive-e-dik-martit\/#breadcrumb","itemListElement":[{"@type":"ListItem","position":1,"name":"Home","item":"https:\/\/fjala.info\/2009-2015\/"},{"@type":"ListItem","position":2,"name":"Intervist\u00eb ekskluzive e Dik Martit"}]},{"@type":"WebSite","@id":"https:\/\/fjala.info\/2009-2015\/#website","url":"https:\/\/fjala.info\/2009-2015\/","name":"FjALA e LIR\u00cb - Arkivi","description":"Arkivi 2009-2015","publisher":{"@id":"https:\/\/fjala.info\/2009-2015\/#organization"},"potentialAction":[{"@type":"SearchAction","target":{"@type":"EntryPoint","urlTemplate":"https:\/\/fjala.info\/2009-2015\/?s={search_term_string}"},"query-input":{"@type":"PropertyValueSpecification","valueRequired":true,"valueName":"search_term_string"}}],"inLanguage":"sq-AL"},{"@type":"Organization","@id":"https:\/\/fjala.info\/2009-2015\/#organization","name":"FjALA e LIR\u00cb - Arkivi","url":"https:\/\/fjala.info\/2009-2015\/","logo":{"@type":"ImageObject","inLanguage":"sq-AL","@id":"https:\/\/fjala.info\/2009-2015\/#\/schema\/logo\/image\/","url":"","contentUrl":"","caption":"FjALA e LIR\u00cb - Arkivi"},"image":{"@id":"https:\/\/fjala.info\/2009-2015\/#\/schema\/logo\/image\/"}},{"@type":"Person","@id":"https:\/\/fjala.info\/2009-2015\/#\/schema\/person\/3aa1163ef05469c496fc94e77611ada2","name":"admin","image":{"@type":"ImageObject","inLanguage":"sq-AL","@id":"https:\/\/fjala.info\/2009-2015\/wp-content\/uploads\/2012\/02\/arben_cokaj-120x150.jpg","url":"https:\/\/fjala.info\/2009-2015\/wp-content\/uploads\/2012\/02\/arben_cokaj-120x150.jpg","contentUrl":"https:\/\/fjala.info\/2009-2015\/wp-content\/uploads\/2012\/02\/arben_cokaj-120x150.jpg","caption":"admin"},"description":"Admin, Fjala e Lir\u00eb","sameAs":["https:\/\/fjala.info\/"],"url":"https:\/\/fjala.info\/2009-2015\/author\/admin\/"}]}},"_links":{"self":[{"href":"https:\/\/fjala.info\/2009-2015\/wp-json\/wp\/v2\/posts\/5756","targetHints":{"allow":["GET"]}}],"collection":[{"href":"https:\/\/fjala.info\/2009-2015\/wp-json\/wp\/v2\/posts"}],"about":[{"href":"https:\/\/fjala.info\/2009-2015\/wp-json\/wp\/v2\/types\/post"}],"author":[{"embeddable":true,"href":"https:\/\/fjala.info\/2009-2015\/wp-json\/wp\/v2\/users\/1"}],"replies":[{"embeddable":true,"href":"https:\/\/fjala.info\/2009-2015\/wp-json\/wp\/v2\/comments?post=5756"}],"version-history":[{"count":0,"href":"https:\/\/fjala.info\/2009-2015\/wp-json\/wp\/v2\/posts\/5756\/revisions"}],"wp:attachment":[{"href":"https:\/\/fjala.info\/2009-2015\/wp-json\/wp\/v2\/media?parent=5756"}],"wp:term":[{"taxonomy":"category","embeddable":true,"href":"https:\/\/fjala.info\/2009-2015\/wp-json\/wp\/v2\/categories?post=5756"},{"taxonomy":"post_tag","embeddable":true,"href":"https:\/\/fjala.info\/2009-2015\/wp-json\/wp\/v2\/tags?post=5756"}],"curies":[{"name":"wp","href":"https:\/\/api.w.org\/{rel}","templated":true}]}}