{"id":5754,"date":"2011-01-20T08:20:43","date_gmt":"2011-01-20T07:20:43","guid":{"rendered":"http:\/\/fjala.shkoder.net\/?p=5754"},"modified":"2011-01-20T08:20:43","modified_gmt":"2011-01-20T07:20:43","slug":"nje-shqiperi-ne-vaktin-e-zi","status":"publish","type":"post","link":"https:\/\/fjala.info\/2009-2015\/nje-shqiperi-ne-vaktin-e-zi\/","title":{"rendered":"Nj\u00eb Shqip\u00ebri n\u00eb vaktin e zi"},"content":{"rendered":"<p><img decoding=\"async\" class=\"alignleft size-full wp-image-4240\" title=\"Enver Robelli\" src=\"http:\/\/fjala.shkoder.net\/wp-content\/uploads\/2010\/10\/enver_robelli.jpg\" alt=\"\" width=\"150\" \/><br \/>\nNga <strong>Enver Robelli<\/strong><\/p>\n<p>Vet\u00ebm gjakderdhja \u00ebsht\u00eb m\u00eb keq: fjalimi i fundit i kryeministrit t\u00eb Shqip\u00ebris\u00eb Sali Berisha n\u00eb parlamentin e Tiran\u00ebs sh\u00ebnon nivelin m\u00eb t\u00eb neveritsh\u00ebm t\u00eb debatit publik. \u00cbsht\u00eb rrezik q\u00eb kjo zgjebe t\u00eb p\u00ebrhapet edhe n\u00eb Kosov\u00eb dhe pastaj gjendja t\u00eb b\u00ebhet medet p\u00ebr milet e dovlet!<\/p>\n<p><strong>1. Berisha i qet\u00ebsuar<\/strong>.<br \/>\nKur e intervistova Sali Berish\u00ebn n\u00eb n\u00ebntor t\u00eb vitit t\u00eb kaluar n\u00eb selin\u00eb e tij n\u00eb Tiran\u00eb ai dukej plot\u00ebsisht i relaksuar, i \u00e7lodhur, energjik, por me humor. Sapo ishte marr\u00eb vendimi q\u00eb shqiptar\u00ebve t\u2019u hiqeshin vizat p\u00ebr vendet e Schengenit. Tirana ishte stolisur me tabela q\u00eb tregonin distanc\u00ebn me qytete t\u00eb larg\u00ebta si Oslo dhe Madridi. Nj\u00eb \u00ebnd\u00ebrr po b\u00ebhej realitet, n\u00eb radh\u00eb t\u00eb par\u00eb p\u00ebr ata shqiptar\u00eb q\u00eb kan\u00eb mjaft para p\u00ebr t\u00eb udh\u00ebtuar. Por, heqja e vizave ka nj\u00eb efekt t\u00eb mir\u00eb psikologjik p\u00ebr t\u00eb gjith\u00eb shqiptar\u00ebt, sepse ata s\u2019e shohim m\u00eb veten si dele t\u00eb zeza t\u00eb Evrop\u00ebs; si zhugan\u00eb t\u00eb d\u00ebnuar t\u00eb jetojn\u00eb n\u00eb izolim. Jo pak njer\u00ebz n\u00eb Shqip\u00ebri e kan\u00eb ndier veten k\u00ebshtu n\u00eb dy deceniet e fundit.<\/p>\n<p>Berisha rezervoi gati 40 minuta p\u00ebr bised\u00eb, madje disa her\u00eb lejoi ta nd\u00ebrprisja, gj\u00eb q\u00eb s\u2019\u00ebsht\u00eb fort zakon i tij kur flet me gazetar\u00eb ose me kund\u00ebrshtar\u00eb politik\u00eb. Kryeministri foli p\u00ebr shum\u00eb tema, p\u00ebr lirin\u00eb e l\u00ebvizjes, q\u00eb, sipas tij, ishte nd\u00ebr dhuratat m\u00eb t\u00eb bukura q\u00eb kishin marr\u00eb shqiptar\u00ebt ndonj\u00ebher\u00eb nga Evropa, p\u00ebr zhvillimin ekonomik, p\u00ebr rritjen e rrogave dhe pensioneve, p\u00ebr qasjen e shqiptar\u00ebve n\u00eb internet, p\u00ebr ardhjen e qindra-mij\u00ebra turist\u00ebve n\u00eb Shqip\u00ebri. \u201cParamendojeni\u201d, tha Berisha, \u201cpara 20 vjet\u00ebsh atyre pak turist\u00ebve q\u00eb vinin n\u00eb vendin ton\u00eb sapo zbrisnin n\u00eb aeroport nj\u00eb berber i partis\u00eb ua qethte flok\u00ebt e gjata\u201d.<\/p>\n<p>Kryeministri shqiptar ishte fund e krye realist edhe kur foli p\u00ebr pozit\u00ebn e shqiptar\u00ebve n\u00eb rajon. Tha se nuk mund t\u00eb ket\u00eb ndryshim t\u00eb kufijve, se Shqip\u00ebria p\u00ebrher\u00eb duhet ta respektoj\u00eb vendimin e kosovar\u00ebve q\u00eb t\u00eb ken\u00eb shtetin e tyre dhe \u2013 nj\u00eb dit\u00eb! \u2013 kombi shqiptar do t\u00eb bashkohet n\u00eb kuad\u00ebr t\u00eb integrimeve evropiane, at\u00ebher\u00eb kur kufijt\u00eb do t\u00eb humbin r\u00ebnd\u00ebsin\u00eb e tyre.<\/p>\n<p>Nj\u00ebkoh\u00ebsisht Berisha e porositi presidentin serb Boris Tadiq se \u00e7do p\u00ebrpjekje p\u00ebr ndarjen e Kosov\u00ebs nuk e zgjidh \u00e7\u00ebshtjen shqiptare n\u00eb Ballkan, por tek at\u00ebher\u00eb kjo \u00e7\u00ebshtjet hapet n\u00eb t\u00eb gjitha frontet. Intervista u botua n\u00eb nj\u00eb gazet\u00eb n\u00eb Gjermani dhe n\u00eb nj\u00eb tjet\u00ebr n\u00eb Zvic\u00ebr, pastaj u citua nga agjencit\u00eb dhe nga mediat n\u00eb Ballkan. U largova nga Shqip\u00ebria me shpres\u00ebn se heqja e vizave, an\u00ebtar\u00ebsimi n\u00eb NATO dhe integrimi i ngadalsh\u00ebm n\u00eb Bashkimin Evropian do t\u00eb krijonin nj\u00eb klim\u00eb t\u00eb favorshme q\u00eb, m\u00eb n\u00eb fund, t\u00eb qet\u00ebsohen gjakrat edhe n\u00eb dialogun e brendsh\u00ebm politik mes Partis\u00eb Demokratike t\u00eb Sali Berish\u00ebs dhe Partis\u00eb Socialiste t\u00eb Edi Ram\u00ebs, dy k\u00ebndesave m\u00eb agresiv\u00eb t\u00eb sken\u00ebs politike shqiptare.<\/p>\n<p><strong>2. Berisha i hallakatur<\/strong>.<br \/>\nPor, debati dhe zhurma gjat\u00eb seanc\u00ebs s\u00eb parlamentit shqiptar t\u00eb h\u00ebn\u00ebn n\u00eb mbr\u00ebmje e rr\u00ebzoi eg\u00ebrsisht iluzionin tim p\u00ebr nj\u00eb Shqip\u00ebri q\u00eb dal\u00ebngadal\u00eb po hyn n\u00eb rrug\u00ebn e debatit t\u00eb civilizuar. \u2018Skena politike e Shqip\u00ebris\u00eb shpesh kund\u00ebrmon nj\u00eb duhm\u00eb k\u00ebnete, e cila i b\u00ebn shum\u00eb politikan\u00eb evropian\u00eb t\u2019i mbyllin hund\u00ebt.\u2019 K\u00ebshtu shkrova n\u00eb faqet e k\u00ebsaj gazete jav\u00ebn e kaluar. S\u2019e prisja q\u00eb politikan\u00ebt e Tiran\u00ebs me fjalorin e tyre, me gjestet e tyre, me britmat e tyre do ta vulosnin kaq shpejt k\u00ebt\u00eb mendim timin. Kuptohet se Berisha gjendet n\u00eb nj\u00eb situat\u00eb t\u00eb r\u00ebnd\u00eb politike. Nj\u00eb minist\u00ebr i qeveris\u00eb s\u00eb tij (Dritan Prifti) ka incizuar ministrin tjet\u00ebr (Ilir Meta) duke b\u00ebr\u00eb pazare p\u00ebr tender\u00eb dhe pun\u00eb t\u00eb tjera t\u00eb paligjshme.<\/p>\n<p>N\u00eb vend q\u00eb kjo \u00e7\u00ebshtje t\u2019i lihej drejt\u00ebsis\u00eb, ajo ka filluar t\u00eb politizohet e personalizohet skajshm\u00ebrisht. T\u00eb h\u00ebn\u00ebn n\u00eb mbr\u00ebmje ky debat i p\u00ebshtir\u00eb arriti kulmin. Kryeministri Berisha e b\u00ebri fajtore opozit\u00ebn socialiste p\u00ebr skandalin e videos. Gjuha q\u00eb p\u00ebrdori ai ishte e frikshme, e ndotur, plot vrer e helm. Kush e ka d\u00ebgjuar s\u2019ka se si t\u00eb mos ndihet i trishtuar nga ky fjalor. Berisha u p\u00ebrpoq ta skicoj\u00eb Edi Ram\u00ebn si p\u00ebrbind\u00ebsh t\u00eb pamoralsh\u00ebm, duke futur hund\u00ebt thell\u00eb n\u00eb familjen e oponentit t\u00eb tij politik dhe duke shp\u00ebrndar\u00eb akuza q\u00eb publiku e ka t\u00eb pamundshme t\u2019i verifikoj\u00eb, ndon\u00ebse p\u00ebr debatin politik edhe ashtu jan\u00eb irelevante.<\/p>\n<p>Ishte makabre kur Berisha tha se babai i Edi Ram\u00ebs ka shkuar me nusen e djalit t\u00eb tij dhe e ka l\u00ebn\u00eb shtatz\u00ebn\u00eb. Ishte nj\u00eb thik\u00eb retorike pas shpine kur Berisha p\u00ebrmendte disa fotografi nudo t\u00eb Edi Ram\u00ebs dhe nj\u00eb gruaje tjet\u00ebr n\u00eb plazh. \u00c7dokush mund t\u00eb ket\u00eb mendimin e tij privat p\u00ebr jet\u00ebn private t\u00eb Ram\u00ebs, por a \u00ebsht\u00eb m\u00eb e moralshme p\u00ebrpjekja p\u00ebr pla\u00e7kitjen e shtetit, si\u00e7 b\u00ebri Ilir Meta, apo fotoja lakuriq n\u00eb plazh e nj\u00eb hedonisti t\u00eb vet\u00ebshpallur? N\u00eb vend q\u00eb pas k\u00ebtij shp\u00ebrthimi t\u00eb Berish\u00ebs opozita socialiste t\u00eb braktiste parlamentin, shum\u00eb deputet\u00eb iu afruan foltores si nj\u00eb tuf\u00eb f\u00ebmij\u00ebsh t\u00eb paedukuar dhe filluan nj\u00eb pingpong sharjesh.<\/p>\n<p>Madje n\u00eb nj\u00eb moment, kur Berisha iu tha socialist\u00ebve \u201cmerrni edhe grat\u00eb dhe motrat dhe zhvishuni lakuriq k\u00ebtu\u201d, deputeti socialist Arben \u00c7uko, ish-ushtarak, e humbi kontrollin dhe ia p\u00ebrplasi kryeministrit k\u00ebt\u00eb fjali: \u201cT\u00eb q\u2026 robt\u00eb\u201d. N\u00eb historin\u00eb e parlamentarizmit shqiptar do t\u00eb mbesin t\u00eb sh\u00ebnuara edhe k\u00ebto fjal\u00eb, t\u00eb cilat t\u00eb h\u00ebn\u00ebn n\u00eb mbr\u00ebmje dol\u00ebn nga goja e Sali Berish\u00ebs n\u00eb adres\u00eb s\u00eb socialist\u00ebve: \u201cLegena, larva blloku, mjeran\u00eb, budallenj, klane droge\u201d etj. Vet\u00ebm gjakderdhja \u00ebsht\u00eb m\u00eb e r\u00ebnd\u00eb se k\u00ebto fjal\u00eb. Por, edhe gjakderdhje ka njohur parlamenti n\u00eb Tiran\u00eb. N\u00eb shtator t\u00eb vitit 1997 deputeti Azem Hajdari u godit me disa plumba nga deputeti socialist Gafurr Mazreku.<\/p>\n<p>Politika shqiptare ka kaluar n\u00ebp\u00ebr tmerre t\u00eb pashembullta si pasoj\u00eb e munges\u00ebs s\u00eb toleranc\u00ebs dhe tepris\u00eb s\u00eb primitivizmit. N\u00eb Shqip\u00ebrin\u00eb londineze, nga viti 1915 deri n\u00eb vitin 2009, jan\u00eb vrar\u00eb mbi 30 politikan\u00eb, mes tyre kryeministra, ministra, prefekt\u00eb e deputet\u00eb. Mjafton k\u00ebtu t\u00eb p\u00ebrmendim disa emra m\u00eb t\u00eb njohur: Nexhati Libohova, Preng Bib\u00eb Doda, Abdyl Ypi, Esat Toptani, Avni Rustemi, Luigj Gurakuqi, Bajram Curri, Zija Dibra, Isuf Dibra, Ceno Kryeziu, Mark Kapidani, Hasan Prishtina, Qazim Koculi, Idhomeno Kosturi, Lefter Kosova, Nako Spiru, Mustafa Xhani, Fejzo Dervishi, Alush Lleshanaku, Omer Nishani, Sali Orm\u00ebni, Mehmet Shehu, Haxhi Hajdari, Azem Hajdari.<\/p>\n<p><strong>3. Berisha dhe majmuni<\/strong>.<br \/>\nS\u2019ka mbetur gati asnj\u00eb shqiptar pa dh\u00ebn\u00eb mendimin e tij p\u00ebr raportin e Dick Martyt mbi dyshimet mbi krimet e disa eksponent\u00ebve t\u00eb U\u00c7K-s\u00eb. Pjesa m\u00eb e madhe e k\u00ebtyre njer\u00ebzve l\u00ebn\u00eb p\u00ebrshtypjen se nuk e kan\u00eb lexuar fare raportin, por flasin me hamendje, sepse k\u00ebshtu duan t\u2019i hyjn\u00eb n\u00eb hat\u00ebr ndonj\u00eb lideri politik apo t\u00eb tregojn\u00eb muskujt kuazipatriotik\u00eb. K\u00ebtu, p\u00ebr fat t\u00eb keq, s\u2019b\u00ebn p\u00ebrjashtim as Sali Berisha. Ai synon t\u00eb tregoj\u00eb para opinionit gjoja ep\u00ebrsin\u00eb e tij intelektuale dhe fundoset n\u00eb batak. Fillimisht e quajti raportin e Dick Martyt racist, rrenacak, antishqiptar, t\u00eb ngjash\u00ebm me romanet e Franz Kafk\u00ebs etj.<\/p>\n<p>T\u00eb gjitha k\u00ebto do t\u00eb harroheshin, sepse jan\u00eb kapardisje tipike t\u00eb politikan\u00ebve ballkanik\u00eb, t\u00eb cil\u00ebt kur nuk kan\u00eb argumente qesin shkelma t\u00eb sert\u00eb retorik\u00eb. T\u00eb h\u00ebn\u00ebn n\u00eb mbr\u00ebmje Sali Berisha l\u00ebre q\u00eb shkeli \u00e7do rregull etik e moral t\u00eb debatit publik duke e p\u00ebrbaltur familjarisht Edi Ram\u00ebn. T\u00eb h\u00ebn\u00ebn n\u00eb mbr\u00ebmje Berisha e akuzoi Ram\u00ebn se q\u00ebndron edhe pas raportit t\u00eb Dick Martyt, kur deklaroi: \u201cGjeti tek-tuk ndonj\u00eb racist antishqiptar t\u00eb tipit Dick Marty, e mobilizoi t\u00eb \u00e7irrej si racist n\u00eb Parlamentin Evropian, pa\u00e7ka se shqiptar\u00ebt kishin qytete q\u00eb llamburitnin dhe ndri\u00e7onin n\u00eb Ballkan dhe n\u00eb Evrop\u00eb, ai kacavarej si majmun n\u00eb pyjet e vendit t\u00eb tij\u201d.<\/p>\n<p>Krahasimi i Martyt me majmunin \u00ebsht\u00eb nj\u00eb rr\u00ebshqitje e tmerrshme mendore, q\u00eb nuk do t\u2019i ndihmoj\u00eb as Shqip\u00ebris\u00eb, as Kosov\u00ebs, e m\u00eb s\u00eb paku Berish\u00ebs. Hej, k\u00ebt\u00eb po e thot\u00eb kryeministri i nj\u00eb vendi q\u00eb \u00ebsht\u00eb an\u00ebtar i NATO-s! N\u00eb k\u00ebt\u00eb mes duhet ve\u00e7uar edhe rolin skajshm\u00ebrisht t\u00eb d\u00ebmsh\u00ebm q\u00eb n\u00eb seanc\u00ebn e parlamentit t\u00eb h\u00ebn\u00ebn n\u00eb mbr\u00ebmje luajti Jozefina Topalli. Si kryetare e kuvendit ajo \u00ebsht\u00eb dashur t\u2019ia marr\u00eb fjal\u00ebn Berish\u00ebs dhe secilit deputet q\u00eb kalon kufijt\u00eb e debatit parlamentar.<\/p>\n<p>Topalli s\u2019e b\u00ebri k\u00ebt\u00eb, por u b\u00eb pjes\u00eb e loj\u00ebs bizare: derisa Berisha fyente, ajo zg\u00ebrdhihej, fliste p\u00ebr\u00e7art dhe duartrokiste. D\u00ebgjueshm\u00ebria ndaj liderit, qoft\u00eb ai edhe Sali Berisha, ka nj\u00eb kufi. Ky kufi \u00ebsht\u00eb moslejimi i tij t\u00eb marr\u00eb peng parlamentin dhe ta shnd\u00ebrroj\u00eb at\u00eb n\u00eb torisht\u00eb me bajga gjuh\u00ebsore. Kjo \u00ebsht\u00eb Shqip\u00ebria n\u00eb vaktin e saj t\u00eb zi.<\/p>\n<p><strong>4. Zhvler\u00ebsimi i vokabularit<\/strong>.<br \/>\nNj\u00eb nd\u00ebr pasojat e debatit t\u00eb eg\u00ebr politik dhe publik n\u00eb Shqip\u00ebri \u00ebsht\u00eb degjenerimi total gjuh\u00ebsor. Zhvler\u00ebsimi i vokabularit. Humbja e kuptimit dhe pesh\u00ebs s\u00eb fjal\u00ebs. Ky kreativitet absurd i sharjeve q\u00eb manifestohet n\u00eb Shqip\u00ebri t\u00eb kujton romanin \u201c1984\u201d t\u00eb George Orwellit, ku autori inskenon tmerrin e nj\u00eb shteti totalitar, i cili zhvillon madje edhe nj\u00eb gjuh\u00eb t\u00eb ve\u00e7ant\u00eb: Gjuh\u00ebren\u00eb (Newspeak): \u201cLufta \u00ebsht\u00eb paqe, liria \u00ebsht\u00eb skllav\u00ebri, injoranca \u00ebsht\u00eb fuqi\u201d. N\u00eb Shqip\u00ebri \u00ebsht\u00eb pothuaj normale kur politikani ia thot\u00eb nj\u00eb politikani tjet\u00ebr nj\u00eb fjal\u00eb jonormale. I thot\u00eb vras\u00ebs dhe ting\u00ebllon sikur t\u00eb ishte humanist. I thot\u00eb bandit dhe ting\u00ebllon sikur t\u00eb ishte bamir\u00ebs. I thot\u00eb kriminel dhe ting\u00ebllon sikur t\u00eb ishte i urt\u00eb dhe i pasherr. I thot\u00eb shkel\u00ebs i ligjit dhe ting\u00ebllon sikur t\u00eb ishte mbrojt\u00ebs i ligjit. Apo ndoshta pik\u00ebrisht e kund\u00ebrta e kuptimit del t\u00eb jet\u00eb m\u00eb e sakt\u00eb!<\/p>\n<p>Duket se ky \u00ebsht\u00eb d\u00ebmi m\u00eb i madh q\u00eb i b\u00ebjn\u00eb Sali Berisha, Edi Rama dhe politikan\u00ebt e tjer\u00eb Shqip\u00ebris\u00eb. Helmimi i gjuh\u00ebs ndikon n\u00eb eg\u00ebrsimin e debatit publik dhe mund t\u00eb \u00e7oj\u00eb n\u00eb eskalim t\u00eb situat\u00ebs politike, si\u00e7 ka ndodhur n\u00eb t\u00eb kaluar\u00ebn jo t\u00eb larg\u00ebt.<\/p>\n<p>\u00cbsht\u00eb evidente q\u00eb Edi Rama n\u00eb munges\u00eb t\u00eb ideve p\u00ebr nj\u00eb politik\u00eb bind\u00ebse opozitare gjith\u00eb energjin\u00eb e tij e harxhon duke kontestuar rezultatin zgjedhor, sado legjitim t\u00eb jet\u00eb ky kontestim, por, megjithat\u00eb, do duhej t\u00eb kishte edhe tema t\u00eb tjera. Ashiqare i shqet\u00ebsuar se mund t\u00eb humb\u00eb zgjedhjet p\u00ebr kryetar t\u00eb Bashkis\u00eb s\u00eb Tiran\u00ebs n\u00eb fillim t\u00eb majit ose se mund t\u2019i dal\u00eb n\u00eb shesh ndonj\u00eb afer\u00eb korruptive, sepse as Rama nuk \u00ebsht\u00eb imun ndaj k\u00ebtij fenomeni shkat\u00ebrrues, kryetari i Partis\u00eb Socialiste p\u00ebrpiqet t\u00eb instrumentalizoj\u00eb pabesisht mllefin e mb\u00ebshtet\u00ebsve t\u00eb tij kur thot\u00eb se \u201cpopulli mund t\u00eb k\u00ebrkoj\u00eb rrug\u00eb t\u00eb tjera p\u00ebr rr\u00ebzimin e qeveris\u00eb\u201d. Kjo \u00ebsht\u00eb thirrje p\u00ebr pu\u00e7 kinse popullor, sepse Rama s\u2019i referohet vet\u00ebm p\u00ebrkrah\u00ebsve t\u00eb tij, por gjith\u00eb popullit, edhe pse kjo p\u00ebr nj\u00eb politikan partiak \u00ebsht\u00eb e palejueshme.<\/p>\n<p>Bile nj\u00eb koh\u00eb Rama fliste p\u00ebr \u201cpopullin opozitar\u201d, duke b\u00ebr\u00eb k\u00ebshtu nj\u00eb ndarje qesharake mes shoq\u00ebris\u00eb shqiptare. Dordolec\u00eb t\u00eb tjer\u00eb politik\u00eb sikur Skender Gjinushi, t\u00eb st\u00ebrvitur q\u00eb n\u00eb vitin 1997 me shkat\u00ebrrimin e shtetit, u b\u00ebjn\u00eb thirrje shqiptar\u00ebve q\u00eb p\u00ebr heqjen e Berish\u00ebs nga pushtetit t\u00eb marrin si shembull Tunizin\u00eb e dit\u00ebve t\u00eb fundit. Pas anarkis\u00eb gjuh\u00ebsore, vjen thirrja p\u00ebr anarki e gjakderdhje. \u00cbsht\u00eb e padobishme q\u00eb politikan\u00ebve t\u00eb till\u00eb t\u2019u b\u00ebhet thirrje p\u00ebr sjellje racionale. Por, \u00ebsht\u00eb m\u00eb se e nevojshme q\u00eb sjelljet e tyre t\u00eb mbesin t\u00eb dokumentuara p\u00ebr gjeneratat q\u00eb vijn\u00eb.<\/p>\n<p><strong>5. Nj\u00eb shikim nga Kosova<\/strong>.<br \/>\nKur i d\u00ebgjon e i sheh gjith\u00eb k\u00ebto ndot\u00ebsi n\u00eb ambientin politik t\u00eb Shqip\u00ebris\u00eb, treva politike e Kosov\u00ebs t\u00eb duket parajs\u00eb. Hashim Tha\u00e7i dhe Isa Mustafa, dy lider\u00ebt me mb\u00ebshtetjen m\u00eb t\u00eb madhe popullore, duken qengja. P\u00ebr shkak t\u00eb pranis\u00eb nd\u00ebrkomb\u00ebtare n\u00eb Kosov\u00eb \u00ebsht\u00eb zhvilluar nj\u00ebfar\u00eb kulture pak m\u00eb e matur politike se n\u00eb Shqip\u00ebri. \u00cbsht\u00eb e paimagjinueshme q\u00eb Mustafa t\u2019i thot\u00eb Tha\u00e7it kriminel apo Tha\u00e7i t\u2019i thot\u00eb Mustaf\u00ebs bandit. N\u00eb vend q\u00eb kjo kultur\u00eb e matjes s\u00eb fjal\u00ebve t\u00eb zhvillohej n\u00eb Kosov\u00eb edhe m\u00eb tutje, p\u00ebr fat t\u00eb keq ekzistojn\u00eb p\u00ebrpjekje q\u00eb t\u00eb importohet vokabulari i Tiran\u00ebs dhe i tiranis\u00eb n\u00eb diskursin publik.<\/p>\n<p>Pra, n\u00eb Kosov\u00eb ka p\u00ebrpjekje p\u00ebr ndotjen e debatit sipas modelit t\u00eb televizioneve t\u00eb Shqip\u00ebris\u00eb, ku moderatori (vet\u00eb)reduktohet n\u00eb rolin e matadorit dhe synon t\u00eb ndal\u00eb pa sukses ortekun e shpifjeve mes politikan\u00ebve. N\u00eb k\u00ebt\u00eb kuad\u00ebr n\u00eb Prishtin\u00eb hyjn\u00eb edhe tekstet e disa ish-gazetar\u00ebve t\u00eb shnd\u00ebrruar n\u00eb politikan\u00eb, t\u00eb cil\u00ebt me shprehje e mendime krejt\u00ebsisht t\u00eb zbehta dhe urrejt\u00ebse e sulmojn\u00eb Isa Mustaf\u00ebn se qenk\u00ebsh komunist, rrjedhimisht i d\u00ebmsh\u00ebm p\u00ebr sistemin politik t\u00eb Kosov\u00ebs. Kjo qasje i b\u00ebn vet\u00eb komunist-ngr\u00ebn\u00ebsit e rinj qesharak\u00eb, p\u00ebrfshir\u00eb edhe krahasimet e tyre fluturuese dhe pa asnj\u00eb dije historike.<\/p>\n<p>Ky \u00ebsht\u00eb po ai nivel i ul\u00ebt sikur para disa vitesh, kur gazeta q\u00eb e shpallnin veten mb\u00ebshtet\u00ebse t\u00eb Lidhjes Demokratike t\u00eb Kosov\u00ebs propagandonin mbi tok\u00eb dhe n\u00ebn tok\u00eb se Hashim Tha\u00e7i s\u2019pask\u00ebsh b\u00ebr\u00eb gj\u00eb tjet\u00ebr n\u00eb Z\u00fcrich p\u00ebrve\u00e7 se pask\u00ebsh vjedhur, si\u00e7 thuhej, \u201cfarmerka\u201d (xhinse). Nj\u00eb nivel t\u00eb till\u00eb e pat\u00ebn demonstruar edhe disa militant\u00eb t\u00eb LDK-s\u00eb n\u00eb ceremonin\u00eb e sh\u00ebnimit t\u00eb 20-vjetorit t\u00eb partis\u00eb s\u00eb tyre, kur i fishk\u00ebllenin Hashim Tha\u00e7it, i cili ishte i ftuar si mysafir. Kosova nuk duhet t\u00eb kontaminohet me llafe primitive n\u00eb stilin \u201cTha\u00e7i \u2013 vjedh\u00ebs farmerkash\u201d e \u201cMustafa komunist\u201d.<\/p>\n<p>Edhe ata kaubojt\u00eb pa kuaj q\u00eb flasin n\u00eb em\u00ebr t\u00eb luft\u00ebtar\u00ebve p\u00ebr \u00e7lirimin e Kosov\u00ebs dhe mendjehumbur thon\u00eb se Albin Kurti qenk\u00ebsh \u201cspiun i Serbis\u00eb\u201d do ishte mir\u00eb q\u00eb n\u00ebse kan\u00eb d\u00ebshmi, qofshin ato edhe t\u00eb fabrikuara, t\u2019i deponojn\u00eb n\u00eb prokurori e t\u00eb mos merren me trillime t\u00eb inspiruara nga regjimi komunist i Enver Hoxh\u00ebs dhe nga ideologjia vrastare staliniste. T\u00eb mjer\u00eb jan\u00eb ata q\u00eb mendojn\u00eb se kan\u00eb monopol n\u00eb matjen e patriotizmit t\u00eb secilit n\u00eb peshoren e tyre t\u00eb allt\u00ebnit.<\/p>\n<p>Ky kandar \u00ebsht\u00eb ndryshkur. Hidheni n\u00eb b\u00ebrllok!<\/p>\n","protected":false},"excerpt":{"rendered":"<p>Nga Enver Robelli Vet\u00ebm gjakderdhja \u00ebsht\u00eb m\u00eb keq: fjalimi i fundit i kryeministrit t\u00eb Shqip\u00ebris\u00eb Sali Berisha n\u00eb parlamentin e Tiran\u00ebs sh\u00ebnon nivelin m\u00eb t\u00eb neveritsh\u00ebm t\u00eb debatit publik. \u00cbsht\u00eb rrezik q\u00eb kjo zgjebe t\u00eb p\u00ebrhapet edhe n\u00eb Kosov\u00eb dhe pastaj gjendja t\u00eb b\u00ebhet medet p\u00ebr milet e dovlet! 1. Berisha i qet\u00ebsuar. Kur e [&hellip;]<\/p>\n","protected":false},"author":1,"featured_media":0,"comment_status":"open","ping_status":"closed","sticky":false,"template":"","format":"standard","meta":{"footnotes":""},"categories":[2],"tags":[],"class_list":{"0":"post-5754","1":"post","2":"type-post","3":"status-publish","4":"format-standard","6":"category-artikuj"},"yoast_head":"<!-- This site is optimized with the Yoast SEO plugin v27.4 - https:\/\/yoast.com\/product\/yoast-seo-wordpress\/ -->\n<title>Nj\u00eb Shqip\u00ebri n\u00eb vaktin e zi - FjALA e LIR\u00cb - Arkivi<\/title>\n<meta name=\"robots\" content=\"index, follow, max-snippet:-1, max-image-preview:large, max-video-preview:-1\" \/>\n<link rel=\"canonical\" href=\"https:\/\/fjala.info\/2009-2015\/nje-shqiperi-ne-vaktin-e-zi\/\" \/>\n<meta property=\"og:locale\" content=\"sq_AL\" \/>\n<meta property=\"og:type\" content=\"article\" \/>\n<meta property=\"og:title\" content=\"Nj\u00eb Shqip\u00ebri n\u00eb vaktin e zi - FjALA e LIR\u00cb - Arkivi\" \/>\n<meta property=\"og:description\" content=\"Nga Enver Robelli Vet\u00ebm gjakderdhja \u00ebsht\u00eb m\u00eb keq: fjalimi i fundit i kryeministrit t\u00eb Shqip\u00ebris\u00eb Sali Berisha n\u00eb parlamentin e Tiran\u00ebs sh\u00ebnon nivelin m\u00eb t\u00eb neveritsh\u00ebm t\u00eb debatit publik. \u00cbsht\u00eb rrezik q\u00eb kjo zgjebe t\u00eb p\u00ebrhapet edhe n\u00eb Kosov\u00eb dhe pastaj gjendja t\u00eb b\u00ebhet medet p\u00ebr milet e dovlet! 1. Berisha i qet\u00ebsuar. Kur e [&hellip;]\" \/>\n<meta property=\"og:url\" content=\"https:\/\/fjala.info\/2009-2015\/nje-shqiperi-ne-vaktin-e-zi\/\" \/>\n<meta property=\"og:site_name\" content=\"FjALA e LIR\u00cb - Arkivi\" \/>\n<meta property=\"article:published_time\" content=\"2011-01-20T07:20:43+00:00\" \/>\n<meta property=\"og:image\" content=\"http:\/\/fjala.shkoder.net\/wp-content\/uploads\/2010\/10\/enver_robelli.jpg\" \/>\n<meta name=\"author\" content=\"admin\" \/>\n<meta name=\"twitter:card\" content=\"summary_large_image\" \/>\n<meta name=\"twitter:label1\" content=\"Written by\" \/>\n\t<meta name=\"twitter:data1\" content=\"admin\" \/>\n\t<meta name=\"twitter:label2\" content=\"Est. reading time\" \/>\n\t<meta name=\"twitter:data2\" content=\"13 minutes\" \/>\n<script type=\"application\/ld+json\" class=\"yoast-schema-graph\">{\"@context\":\"https:\\\/\\\/schema.org\",\"@graph\":[{\"@type\":\"Article\",\"@id\":\"https:\\\/\\\/fjala.info\\\/2009-2015\\\/nje-shqiperi-ne-vaktin-e-zi\\\/#article\",\"isPartOf\":{\"@id\":\"https:\\\/\\\/fjala.info\\\/2009-2015\\\/nje-shqiperi-ne-vaktin-e-zi\\\/\"},\"author\":{\"name\":\"admin\",\"@id\":\"https:\\\/\\\/fjala.info\\\/2009-2015\\\/#\\\/schema\\\/person\\\/3aa1163ef05469c496fc94e77611ada2\"},\"headline\":\"Nj\u00eb Shqip\u00ebri n\u00eb vaktin e zi\",\"datePublished\":\"2011-01-20T07:20:43+00:00\",\"mainEntityOfPage\":{\"@id\":\"https:\\\/\\\/fjala.info\\\/2009-2015\\\/nje-shqiperi-ne-vaktin-e-zi\\\/\"},\"wordCount\":2547,\"commentCount\":0,\"publisher\":{\"@id\":\"https:\\\/\\\/fjala.info\\\/2009-2015\\\/#organization\"},\"image\":{\"@id\":\"https:\\\/\\\/fjala.info\\\/2009-2015\\\/nje-shqiperi-ne-vaktin-e-zi\\\/#primaryimage\"},\"thumbnailUrl\":\"http:\\\/\\\/fjala.shkoder.net\\\/wp-content\\\/uploads\\\/2010\\\/10\\\/enver_robelli.jpg\",\"articleSection\":[\"Artikuj\"],\"inLanguage\":\"sq-AL\",\"potentialAction\":[{\"@type\":\"CommentAction\",\"name\":\"Comment\",\"target\":[\"https:\\\/\\\/fjala.info\\\/2009-2015\\\/nje-shqiperi-ne-vaktin-e-zi\\\/#respond\"]}]},{\"@type\":\"WebPage\",\"@id\":\"https:\\\/\\\/fjala.info\\\/2009-2015\\\/nje-shqiperi-ne-vaktin-e-zi\\\/\",\"url\":\"https:\\\/\\\/fjala.info\\\/2009-2015\\\/nje-shqiperi-ne-vaktin-e-zi\\\/\",\"name\":\"Nj\u00eb Shqip\u00ebri n\u00eb vaktin e zi - FjALA e LIR\u00cb - Arkivi\",\"isPartOf\":{\"@id\":\"https:\\\/\\\/fjala.info\\\/2009-2015\\\/#website\"},\"primaryImageOfPage\":{\"@id\":\"https:\\\/\\\/fjala.info\\\/2009-2015\\\/nje-shqiperi-ne-vaktin-e-zi\\\/#primaryimage\"},\"image\":{\"@id\":\"https:\\\/\\\/fjala.info\\\/2009-2015\\\/nje-shqiperi-ne-vaktin-e-zi\\\/#primaryimage\"},\"thumbnailUrl\":\"http:\\\/\\\/fjala.shkoder.net\\\/wp-content\\\/uploads\\\/2010\\\/10\\\/enver_robelli.jpg\",\"datePublished\":\"2011-01-20T07:20:43+00:00\",\"breadcrumb\":{\"@id\":\"https:\\\/\\\/fjala.info\\\/2009-2015\\\/nje-shqiperi-ne-vaktin-e-zi\\\/#breadcrumb\"},\"inLanguage\":\"sq-AL\",\"potentialAction\":[{\"@type\":\"ReadAction\",\"target\":[\"https:\\\/\\\/fjala.info\\\/2009-2015\\\/nje-shqiperi-ne-vaktin-e-zi\\\/\"]}]},{\"@type\":\"ImageObject\",\"inLanguage\":\"sq-AL\",\"@id\":\"https:\\\/\\\/fjala.info\\\/2009-2015\\\/nje-shqiperi-ne-vaktin-e-zi\\\/#primaryimage\",\"url\":\"http:\\\/\\\/fjala.shkoder.net\\\/wp-content\\\/uploads\\\/2010\\\/10\\\/enver_robelli.jpg\",\"contentUrl\":\"http:\\\/\\\/fjala.shkoder.net\\\/wp-content\\\/uploads\\\/2010\\\/10\\\/enver_robelli.jpg\"},{\"@type\":\"BreadcrumbList\",\"@id\":\"https:\\\/\\\/fjala.info\\\/2009-2015\\\/nje-shqiperi-ne-vaktin-e-zi\\\/#breadcrumb\",\"itemListElement\":[{\"@type\":\"ListItem\",\"position\":1,\"name\":\"Home\",\"item\":\"https:\\\/\\\/fjala.info\\\/2009-2015\\\/\"},{\"@type\":\"ListItem\",\"position\":2,\"name\":\"Nj\u00eb Shqip\u00ebri n\u00eb vaktin e zi\"}]},{\"@type\":\"WebSite\",\"@id\":\"https:\\\/\\\/fjala.info\\\/2009-2015\\\/#website\",\"url\":\"https:\\\/\\\/fjala.info\\\/2009-2015\\\/\",\"name\":\"FjALA e LIR\u00cb - Arkivi\",\"description\":\"Arkivi 2009-2015\",\"publisher\":{\"@id\":\"https:\\\/\\\/fjala.info\\\/2009-2015\\\/#organization\"},\"potentialAction\":[{\"@type\":\"SearchAction\",\"target\":{\"@type\":\"EntryPoint\",\"urlTemplate\":\"https:\\\/\\\/fjala.info\\\/2009-2015\\\/?s={search_term_string}\"},\"query-input\":{\"@type\":\"PropertyValueSpecification\",\"valueRequired\":true,\"valueName\":\"search_term_string\"}}],\"inLanguage\":\"sq-AL\"},{\"@type\":\"Organization\",\"@id\":\"https:\\\/\\\/fjala.info\\\/2009-2015\\\/#organization\",\"name\":\"FjALA e LIR\u00cb - Arkivi\",\"url\":\"https:\\\/\\\/fjala.info\\\/2009-2015\\\/\",\"logo\":{\"@type\":\"ImageObject\",\"inLanguage\":\"sq-AL\",\"@id\":\"https:\\\/\\\/fjala.info\\\/2009-2015\\\/#\\\/schema\\\/logo\\\/image\\\/\",\"url\":\"\",\"contentUrl\":\"\",\"caption\":\"FjALA e LIR\u00cb - Arkivi\"},\"image\":{\"@id\":\"https:\\\/\\\/fjala.info\\\/2009-2015\\\/#\\\/schema\\\/logo\\\/image\\\/\"}},{\"@type\":\"Person\",\"@id\":\"https:\\\/\\\/fjala.info\\\/2009-2015\\\/#\\\/schema\\\/person\\\/3aa1163ef05469c496fc94e77611ada2\",\"name\":\"admin\",\"image\":{\"@type\":\"ImageObject\",\"inLanguage\":\"sq-AL\",\"@id\":\"https:\\\/\\\/fjala.info\\\/2009-2015\\\/wp-content\\\/uploads\\\/2012\\\/02\\\/arben_cokaj-120x150.jpg\",\"url\":\"https:\\\/\\\/fjala.info\\\/2009-2015\\\/wp-content\\\/uploads\\\/2012\\\/02\\\/arben_cokaj-120x150.jpg\",\"contentUrl\":\"https:\\\/\\\/fjala.info\\\/2009-2015\\\/wp-content\\\/uploads\\\/2012\\\/02\\\/arben_cokaj-120x150.jpg\",\"caption\":\"admin\"},\"description\":\"Admin, Fjala e Lir\u00eb\",\"sameAs\":[\"https:\\\/\\\/fjala.info\\\/\"],\"url\":\"https:\\\/\\\/fjala.info\\\/2009-2015\\\/author\\\/admin\\\/\"}]}<\/script>\n<!-- \/ Yoast SEO plugin. -->","yoast_head_json":{"title":"Nj\u00eb Shqip\u00ebri n\u00eb vaktin e zi - FjALA e LIR\u00cb - Arkivi","robots":{"index":"index","follow":"follow","max-snippet":"max-snippet:-1","max-image-preview":"max-image-preview:large","max-video-preview":"max-video-preview:-1"},"canonical":"https:\/\/fjala.info\/2009-2015\/nje-shqiperi-ne-vaktin-e-zi\/","og_locale":"sq_AL","og_type":"article","og_title":"Nj\u00eb Shqip\u00ebri n\u00eb vaktin e zi - FjALA e LIR\u00cb - Arkivi","og_description":"Nga Enver Robelli Vet\u00ebm gjakderdhja \u00ebsht\u00eb m\u00eb keq: fjalimi i fundit i kryeministrit t\u00eb Shqip\u00ebris\u00eb Sali Berisha n\u00eb parlamentin e Tiran\u00ebs sh\u00ebnon nivelin m\u00eb t\u00eb neveritsh\u00ebm t\u00eb debatit publik. \u00cbsht\u00eb rrezik q\u00eb kjo zgjebe t\u00eb p\u00ebrhapet edhe n\u00eb Kosov\u00eb dhe pastaj gjendja t\u00eb b\u00ebhet medet p\u00ebr milet e dovlet! 1. Berisha i qet\u00ebsuar. Kur e [&hellip;]","og_url":"https:\/\/fjala.info\/2009-2015\/nje-shqiperi-ne-vaktin-e-zi\/","og_site_name":"FjALA e LIR\u00cb - Arkivi","article_published_time":"2011-01-20T07:20:43+00:00","og_image":[{"url":"http:\/\/fjala.shkoder.net\/wp-content\/uploads\/2010\/10\/enver_robelli.jpg","type":"","width":"","height":""}],"author":"admin","twitter_card":"summary_large_image","twitter_misc":{"Written by":"admin","Est. reading time":"13 minutes"},"schema":{"@context":"https:\/\/schema.org","@graph":[{"@type":"Article","@id":"https:\/\/fjala.info\/2009-2015\/nje-shqiperi-ne-vaktin-e-zi\/#article","isPartOf":{"@id":"https:\/\/fjala.info\/2009-2015\/nje-shqiperi-ne-vaktin-e-zi\/"},"author":{"name":"admin","@id":"https:\/\/fjala.info\/2009-2015\/#\/schema\/person\/3aa1163ef05469c496fc94e77611ada2"},"headline":"Nj\u00eb Shqip\u00ebri n\u00eb vaktin e zi","datePublished":"2011-01-20T07:20:43+00:00","mainEntityOfPage":{"@id":"https:\/\/fjala.info\/2009-2015\/nje-shqiperi-ne-vaktin-e-zi\/"},"wordCount":2547,"commentCount":0,"publisher":{"@id":"https:\/\/fjala.info\/2009-2015\/#organization"},"image":{"@id":"https:\/\/fjala.info\/2009-2015\/nje-shqiperi-ne-vaktin-e-zi\/#primaryimage"},"thumbnailUrl":"http:\/\/fjala.shkoder.net\/wp-content\/uploads\/2010\/10\/enver_robelli.jpg","articleSection":["Artikuj"],"inLanguage":"sq-AL","potentialAction":[{"@type":"CommentAction","name":"Comment","target":["https:\/\/fjala.info\/2009-2015\/nje-shqiperi-ne-vaktin-e-zi\/#respond"]}]},{"@type":"WebPage","@id":"https:\/\/fjala.info\/2009-2015\/nje-shqiperi-ne-vaktin-e-zi\/","url":"https:\/\/fjala.info\/2009-2015\/nje-shqiperi-ne-vaktin-e-zi\/","name":"Nj\u00eb Shqip\u00ebri n\u00eb vaktin e zi - FjALA e LIR\u00cb - Arkivi","isPartOf":{"@id":"https:\/\/fjala.info\/2009-2015\/#website"},"primaryImageOfPage":{"@id":"https:\/\/fjala.info\/2009-2015\/nje-shqiperi-ne-vaktin-e-zi\/#primaryimage"},"image":{"@id":"https:\/\/fjala.info\/2009-2015\/nje-shqiperi-ne-vaktin-e-zi\/#primaryimage"},"thumbnailUrl":"http:\/\/fjala.shkoder.net\/wp-content\/uploads\/2010\/10\/enver_robelli.jpg","datePublished":"2011-01-20T07:20:43+00:00","breadcrumb":{"@id":"https:\/\/fjala.info\/2009-2015\/nje-shqiperi-ne-vaktin-e-zi\/#breadcrumb"},"inLanguage":"sq-AL","potentialAction":[{"@type":"ReadAction","target":["https:\/\/fjala.info\/2009-2015\/nje-shqiperi-ne-vaktin-e-zi\/"]}]},{"@type":"ImageObject","inLanguage":"sq-AL","@id":"https:\/\/fjala.info\/2009-2015\/nje-shqiperi-ne-vaktin-e-zi\/#primaryimage","url":"http:\/\/fjala.shkoder.net\/wp-content\/uploads\/2010\/10\/enver_robelli.jpg","contentUrl":"http:\/\/fjala.shkoder.net\/wp-content\/uploads\/2010\/10\/enver_robelli.jpg"},{"@type":"BreadcrumbList","@id":"https:\/\/fjala.info\/2009-2015\/nje-shqiperi-ne-vaktin-e-zi\/#breadcrumb","itemListElement":[{"@type":"ListItem","position":1,"name":"Home","item":"https:\/\/fjala.info\/2009-2015\/"},{"@type":"ListItem","position":2,"name":"Nj\u00eb Shqip\u00ebri n\u00eb vaktin e zi"}]},{"@type":"WebSite","@id":"https:\/\/fjala.info\/2009-2015\/#website","url":"https:\/\/fjala.info\/2009-2015\/","name":"FjALA e LIR\u00cb - Arkivi","description":"Arkivi 2009-2015","publisher":{"@id":"https:\/\/fjala.info\/2009-2015\/#organization"},"potentialAction":[{"@type":"SearchAction","target":{"@type":"EntryPoint","urlTemplate":"https:\/\/fjala.info\/2009-2015\/?s={search_term_string}"},"query-input":{"@type":"PropertyValueSpecification","valueRequired":true,"valueName":"search_term_string"}}],"inLanguage":"sq-AL"},{"@type":"Organization","@id":"https:\/\/fjala.info\/2009-2015\/#organization","name":"FjALA e LIR\u00cb - Arkivi","url":"https:\/\/fjala.info\/2009-2015\/","logo":{"@type":"ImageObject","inLanguage":"sq-AL","@id":"https:\/\/fjala.info\/2009-2015\/#\/schema\/logo\/image\/","url":"","contentUrl":"","caption":"FjALA e LIR\u00cb - Arkivi"},"image":{"@id":"https:\/\/fjala.info\/2009-2015\/#\/schema\/logo\/image\/"}},{"@type":"Person","@id":"https:\/\/fjala.info\/2009-2015\/#\/schema\/person\/3aa1163ef05469c496fc94e77611ada2","name":"admin","image":{"@type":"ImageObject","inLanguage":"sq-AL","@id":"https:\/\/fjala.info\/2009-2015\/wp-content\/uploads\/2012\/02\/arben_cokaj-120x150.jpg","url":"https:\/\/fjala.info\/2009-2015\/wp-content\/uploads\/2012\/02\/arben_cokaj-120x150.jpg","contentUrl":"https:\/\/fjala.info\/2009-2015\/wp-content\/uploads\/2012\/02\/arben_cokaj-120x150.jpg","caption":"admin"},"description":"Admin, Fjala e Lir\u00eb","sameAs":["https:\/\/fjala.info\/"],"url":"https:\/\/fjala.info\/2009-2015\/author\/admin\/"}]}},"_links":{"self":[{"href":"https:\/\/fjala.info\/2009-2015\/wp-json\/wp\/v2\/posts\/5754","targetHints":{"allow":["GET"]}}],"collection":[{"href":"https:\/\/fjala.info\/2009-2015\/wp-json\/wp\/v2\/posts"}],"about":[{"href":"https:\/\/fjala.info\/2009-2015\/wp-json\/wp\/v2\/types\/post"}],"author":[{"embeddable":true,"href":"https:\/\/fjala.info\/2009-2015\/wp-json\/wp\/v2\/users\/1"}],"replies":[{"embeddable":true,"href":"https:\/\/fjala.info\/2009-2015\/wp-json\/wp\/v2\/comments?post=5754"}],"version-history":[{"count":0,"href":"https:\/\/fjala.info\/2009-2015\/wp-json\/wp\/v2\/posts\/5754\/revisions"}],"wp:attachment":[{"href":"https:\/\/fjala.info\/2009-2015\/wp-json\/wp\/v2\/media?parent=5754"}],"wp:term":[{"taxonomy":"category","embeddable":true,"href":"https:\/\/fjala.info\/2009-2015\/wp-json\/wp\/v2\/categories?post=5754"},{"taxonomy":"post_tag","embeddable":true,"href":"https:\/\/fjala.info\/2009-2015\/wp-json\/wp\/v2\/tags?post=5754"}],"curies":[{"name":"wp","href":"https:\/\/api.w.org\/{rel}","templated":true}]}}