{"id":5752,"date":"2011-01-20T09:44:19","date_gmt":"2011-01-20T08:44:19","guid":{"rendered":"http:\/\/fjala.shkoder.net\/?p=5752"},"modified":"2011-01-20T09:44:19","modified_gmt":"2011-01-20T08:44:19","slug":"cunat-e-bllokut-qe-shpresojne-tek-dhuna","status":"publish","type":"post","link":"https:\/\/fjala.info\/2009-2015\/cunat-e-bllokut-qe-shpresojne-tek-dhuna\/","title":{"rendered":"\u201c\u00c7unat e Bllokut\u201d q\u00eb shpresojn\u00eb tek dhuna"},"content":{"rendered":"<p><img loading=\"lazy\" decoding=\"async\" src=\"http:\/\/fjala.shkoder.net\/wp-content\/uploads\/2010\/10\/mero_baze1.jpg\" alt=\"\" title=\"Mero Baze\" width=\"149\" height=\"200\" class=\"alignright size-full wp-image-4090\" \/><br \/>\nNga <strong>Mero Baze<\/strong><\/p>\n<p>Ka nj\u00eb p\u00ebrpjekje t\u00eb pushtetit p\u00ebr t\u00eb ndjell\u00eb dhun\u00ebn dit\u00ebn e premte. Berisha po b\u00ebn sa mundet me retorik\u00ebn e tij prej rrahagjoksi, q\u00eb \u201cnuk i hap rrug\u00eb njeriu\u201d, nd\u00ebrsa partneri i tij n\u00eb pushtet Ilir Meta po merr atributet e Ministrit t\u00eb Brendsh\u00ebm dhe po njofton p\u00ebr rekrutime grupesh kriminale n\u00eb disa qytete prej opozit\u00ebs. E gjith\u00eb kjo m\u00ebrm\u00ebrim\u00eb pushteti kund\u00ebr demonstrimit t\u00eb s\u00eb premtes, n\u00eb t\u00eb v\u00ebrtet\u00eb nuk \u00ebsht\u00eb as burr\u00ebri dhe as frik\u00eb nga pushteti, por thjesht nj\u00eb lloj ankthi. Ata n\u00eb t\u00eb v\u00ebrtet\u00eb nuk din\u00eb se \u00e7far\u00eb duan t\u00eb ndodh\u00eb t\u00eb premten. Kur mendojn\u00eb q\u00eb mund t\u00eb sh\u00ebtisin nj\u00ebqind mij\u00eb vet\u00eb rrug\u00ebve t\u00eb Tiran\u00ebs dhe t\u00eb mos ndodh asgj\u00eb, g\u00ebzohen me vete, por do t\u00eb nxitojn\u00eb t\u00eb m\u00ebrzisin mb\u00ebshtet\u00ebsit e opozit\u00ebs q\u00eb ishin frikacak\u00eb. <\/p>\n<p>Kur mendojn\u00eb se dikush prej atyre qindra mij\u00ebra vet\u00ebve mund t\u00eb humbas\u00eb durimin dhe t\u2019i v\u00ebr\u00eb shk\u00ebndij\u00ebn p\u00ebrleshjeve me qeveritar\u00ebt tremben, por shpresojn\u00eb q\u00eb t\u00eb g\u00ebzohen nga akuzat e gatshme q\u00eb kan\u00eb parab\u00ebr\u00eb p\u00ebr destabilizim. Paqart\u00ebsia e tyre se si \u00ebsht\u00eb mir\u00eb t\u00eb jet\u00eb e premtja p\u00ebr ta, \u00ebsht\u00eb n\u00eb t\u00eb v\u00ebrtet\u00eb n\u00eb baz\u00ebn e gjith\u00eb retorik\u00ebs k\u00ebrc\u00ebnuese q\u00eb po mbush ekranet k\u00ebto dy dit\u00eb. \u00cbsht\u00eb kjo paqart\u00ebsi q\u00eb po i detyron ata t\u00eb shfaqen si nj\u00eb shtet politik para qytetar\u00ebve, ku nj\u00eb ish z\u00ebvend\u00ebskryeminist\u00ebr i shkarkuar si hajdut nga detyra jav\u00ebn e shkuar, b\u00ebn rolin e kryepolicit t\u00eb regjimit, nd\u00ebrsa nj\u00eb kryeminist\u00ebr q\u00eb i ka shokuar qytetar\u00ebt me rr\u00ebshqitjen e tij psiqike, betohet duke u \u00e7jerr\u00eb me z\u00eb t\u00eb lart p\u00ebr normalitet.<\/p>\n<p>Un\u00eb nuk e di si do t\u00eb jet\u00eb e premtja. Nuk di n\u00ebse qytetar\u00ebt do t\u00eb demonstrojn\u00eb dhe do t\u00eb ikin n\u00eb sht\u00ebpi, apo do t\u00eb ulen n\u00eb bulevard. Nuk di n\u00ebse Berisha do t\u00eb guxoj\u00eb t\u00eb dal\u00eb n\u00eb dritare t\u2019i p\u00ebrsh\u00ebndes\u00eb dhe ata ta tolerojn\u00eb. Nuk di n\u00ebse Familja Berisha, dhe k\u00ebtu kam parasysh gjith\u00eb mbesat, dh\u00ebndurr\u00ebt e nuset, do t\u00eb largohen nga Tirana at\u00eb dit\u00eb, apo do t\u00eb rrin\u00eb n\u00eb sht\u00ebpi t\u00eb tyre, p\u00ebr t\u00eb par\u00eb nga af\u00ebr protestat. Nuk di n\u00ebse familja e Ilir Met\u00ebs do t\u00eb marr\u00eb masa mbrojt\u00ebse, apo e ndjen veten e qet\u00eb. Por di q\u00eb njer\u00ebzit jan\u00eb zem\u00ebruar me qeverisjen dhe qeveritar\u00ebt dhe do t\u00eb dalin n\u00eb rrug\u00eb. Kishte dhjet\u00ebra m\u00ebnyra p\u00ebr tu ndalur deri m\u00eb sot. Bile me k\u00ebt\u00eb opozit\u00eb t\u00eb moderuar q\u00eb ka Shqip\u00ebria, kishte mund\u00ebsi q\u00eb kjo pjes\u00eb e popullit mos ta njihte kurr\u00eb p\u00ebrplasjen n\u00eb rrug\u00eb. Por Berisha e ka sjell\u00eb \u00e7\u00ebshtjen tek rruga. <\/p>\n<p>Ai konsumoi p\u00ebr nj\u00eb vit e gjysm\u00eb shansin p\u00ebr dialog politik rreth transparenc\u00ebs s\u00eb zgjedhjeve dhe po konsumon me ciniz\u00ebm avokatin\u00eb e nj\u00eb pla\u00e7kitje publike t\u00eb shqiptar\u00ebve, q\u00eb u shfaq me z\u00eb dhe figur\u00eb n\u00eb ekranet shqiptare nga njer\u00ebzit e tij. Dhe njer\u00ebzit p\u00ebr k\u00ebt\u00eb do t\u00eb dalin t\u00eb premten n\u00eb rrug\u00eb. E sigurt \u00ebsht\u00eb se askush nuk del as p\u00ebr t\u00eb vrar\u00eb, as p\u00ebr t\u00eb vjedhur dhe as p\u00ebr tu pasuruar, por dalin kund\u00ebr vrasjeve q\u00eb po shtohen p\u00ebrdit\u00eb, kund\u00ebr \u00e7mimeve q\u00eb po kapin qiellin, kund\u00ebr pla\u00e7kitjeve q\u00eb po rr\u00ebnojn\u00eb vendin p\u00ebrdit\u00eb dhe kund\u00ebr pasanik\u00ebve t\u00eb rinj t\u00eb Familjes Berisha q\u00eb po b\u00ebhen pronar\u00eb de facto t\u00eb Shqip\u00ebris\u00eb. Sali Berisha dhe Ilir Meta mendojn\u00eb se jan\u00eb duke provokuar Edi Ram\u00ebn apo aleat\u00ebt e tij duke shpikur lloj- lloj skenar\u00ebsh. E kan\u00eb gabim. Kjo opozit\u00eb ka dh\u00ebn\u00eb prova t\u00eb panevojshme p\u00ebr t\u00eb na mbushur mendjen t\u00eb gjith\u00ebve q\u00eb \u00ebsht\u00eb shum\u00eb gjaknxeht\u00eb. <\/p>\n<p>E sigurt \u00ebsht\u00eb se askush n\u00eb k\u00ebt\u00eb vend nuk mund t\u00eb vij\u00eb n\u00eb pushtet p\u00ebrmes dhun\u00ebs, por m\u00eb e sigurt po b\u00ebhet psikoza se kur n\u00eb nj\u00eb vend humbet shpresa p\u00ebr t\u00eb ndryshuar pushtetin me zgjedhje, dhuna kthehet n\u00eb alternativ\u00eb t\u00eb rrezikshme. Berisha po e ndjell dhun\u00ebn. Po e ndjell me shpres\u00eb dhe makth, me shpres\u00eb se do t\u00eb jet\u00eb aq pak sa t\u2019i b\u00ebj\u00eb pun\u00eb atij dhe t\u00eb mos ndihmoj\u00eb kund\u00ebrshtar\u00ebt. Ilir Meta po ashtu po e \u00ebnd\u00ebrron dhun\u00ebn, pasi mendon se ajo \u00ebsht\u00eb e kontrolluar dhe s\u2019mund t\u00eb shkoj\u00eb n\u00eb ekstrem. Do t\u00eb ishte m\u00eb mir\u00eb mos ta ndillnin at\u00eb, se me k\u00ebt\u00eb opozit\u00eb t\u00eb pafuqishme politike p\u00ebr t\u00eb menaxhuar pak\u00ebnaq\u00ebsin\u00eb popullore q\u00eb ka tejkaluar aspiratat e opozit\u00ebs, Zoti na ruajt n\u00ebse nj\u00eb shk\u00ebndij\u00eb i v\u00eb zjarrin situat\u00ebs.<\/p>\n<p>Un\u00eb besoj se t\u00eb premten n\u00eb rrug\u00eb nuk do t\u00eb dalin as hajdut\u00eb, as vras\u00ebs dhe banda nga ato q\u00eb shikon n\u00eb \u00ebnd\u00ebrr Ilir Meta. N\u00eb rrug\u00eb do t\u00eb dalin qytetar\u00ebt e zem\u00ebruar. N\u00ebse ata provokohen nga hajdut\u00eb apo bandit\u00eb, \u00ebsht\u00eb keq p\u00ebr pushtetin. \u00cbsht\u00eb keq p\u00ebr t\u00eb gjith\u00eb ne, q\u00eb \u00e7do or\u00eb q\u00eb kalon kemi m\u00eb pak fuqi p\u00ebr t\u00eb qen\u00eb p\u00ebrfaq\u00ebsues t\u00eb k\u00ebtij zem\u00ebrimi.  N\u00ebse Ilir Meta ka borxhe ndaj Lul\u00ebzim Bash\u00ebs personalisht si \u201c\u00e7una t\u00eb Bllokut\u201d,  \u00ebsht\u00eb mir\u00eb t\u2019ia kthej\u00eb personalisht dhe jo duke provokuar si Minist\u00ebr i Brendsh\u00ebm n\u00eb hije i qeveris\u00eb Berisha. \u201c\u00c7unat e Bllokut\u201d t\u00eb Berish\u00ebs, jan\u00eb kthyer n\u00eb nj\u00eb neveri p\u00ebr qytetar\u00ebt shqiptar\u00eb, nj\u00ebsoj si \u00e7unat e Bllokut t\u00eb Enverit n\u00eb vitin 1990. Un\u00eb shpresoj q\u00eb e premtja t\u00eb jet\u00eb nj\u00eb dit\u00eb e bardh\u00eb p\u00ebr qytetar\u00ebt shqiptar\u00eb t\u00eb zem\u00ebruar, q\u00eb ata t\u00eb ndjehen zot t\u00eb vetes s\u00eb tyre. Por n\u00ebse Meta dhe Berisha e duan doemos t\u00eb Premte t\u00eb Zez\u00eb, duhet tua heqim k\u00ebt\u00eb k\u00ebnaq\u00ebsi. Qofte dhe me dhun\u00eb.<\/p>\n","protected":false},"excerpt":{"rendered":"<p>Nga Mero Baze Ka nj\u00eb p\u00ebrpjekje t\u00eb pushtetit p\u00ebr t\u00eb ndjell\u00eb dhun\u00ebn dit\u00ebn e premte. Berisha po b\u00ebn sa mundet me retorik\u00ebn e tij prej rrahagjoksi, q\u00eb \u201cnuk i hap rrug\u00eb njeriu\u201d, nd\u00ebrsa partneri i tij n\u00eb pushtet Ilir Meta po merr atributet e Ministrit t\u00eb Brendsh\u00ebm dhe po njofton p\u00ebr rekrutime grupesh kriminale n\u00eb [&hellip;]<\/p>\n","protected":false},"author":1,"featured_media":0,"comment_status":"open","ping_status":"closed","sticky":false,"template":"","format":"standard","meta":{"footnotes":""},"categories":[2],"tags":[],"class_list":{"0":"post-5752","1":"post","2":"type-post","3":"status-publish","4":"format-standard","6":"category-artikuj"},"yoast_head":"<!-- This site is optimized with the Yoast SEO plugin v27.4 - https:\/\/yoast.com\/product\/yoast-seo-wordpress\/ -->\n<title>\u201c\u00c7unat e Bllokut\u201d q\u00eb shpresojn\u00eb tek dhuna - FjALA e LIR\u00cb - Arkivi<\/title>\n<meta name=\"robots\" content=\"index, follow, max-snippet:-1, max-image-preview:large, max-video-preview:-1\" \/>\n<link rel=\"canonical\" href=\"https:\/\/fjala.info\/2009-2015\/cunat-e-bllokut-qe-shpresojne-tek-dhuna\/\" \/>\n<meta property=\"og:locale\" content=\"sq_AL\" \/>\n<meta property=\"og:type\" content=\"article\" \/>\n<meta property=\"og:title\" content=\"\u201c\u00c7unat e Bllokut\u201d q\u00eb shpresojn\u00eb tek dhuna - FjALA e LIR\u00cb - Arkivi\" \/>\n<meta property=\"og:description\" content=\"Nga Mero Baze Ka nj\u00eb p\u00ebrpjekje t\u00eb pushtetit p\u00ebr t\u00eb ndjell\u00eb dhun\u00ebn dit\u00ebn e premte. Berisha po b\u00ebn sa mundet me retorik\u00ebn e tij prej rrahagjoksi, q\u00eb \u201cnuk i hap rrug\u00eb njeriu\u201d, nd\u00ebrsa partneri i tij n\u00eb pushtet Ilir Meta po merr atributet e Ministrit t\u00eb Brendsh\u00ebm dhe po njofton p\u00ebr rekrutime grupesh kriminale n\u00eb [&hellip;]\" \/>\n<meta property=\"og:url\" content=\"https:\/\/fjala.info\/2009-2015\/cunat-e-bllokut-qe-shpresojne-tek-dhuna\/\" \/>\n<meta property=\"og:site_name\" content=\"FjALA e LIR\u00cb - Arkivi\" \/>\n<meta property=\"article:published_time\" content=\"2011-01-20T08:44:19+00:00\" \/>\n<meta property=\"og:image\" content=\"http:\/\/fjala.shkoder.net\/wp-content\/uploads\/2010\/10\/mero_baze1.jpg\" \/>\n<meta name=\"author\" content=\"admin\" \/>\n<meta name=\"twitter:card\" content=\"summary_large_image\" \/>\n<meta name=\"twitter:label1\" content=\"Written by\" \/>\n\t<meta name=\"twitter:data1\" content=\"admin\" \/>\n\t<meta name=\"twitter:label2\" content=\"Est. reading time\" \/>\n\t<meta name=\"twitter:data2\" content=\"5 minutes\" \/>\n<script type=\"application\/ld+json\" class=\"yoast-schema-graph\">{\"@context\":\"https:\\\/\\\/schema.org\",\"@graph\":[{\"@type\":\"Article\",\"@id\":\"https:\\\/\\\/fjala.info\\\/2009-2015\\\/cunat-e-bllokut-qe-shpresojne-tek-dhuna\\\/#article\",\"isPartOf\":{\"@id\":\"https:\\\/\\\/fjala.info\\\/2009-2015\\\/cunat-e-bllokut-qe-shpresojne-tek-dhuna\\\/\"},\"author\":{\"name\":\"admin\",\"@id\":\"https:\\\/\\\/fjala.info\\\/2009-2015\\\/#\\\/schema\\\/person\\\/3aa1163ef05469c496fc94e77611ada2\"},\"headline\":\"\u201c\u00c7unat e Bllokut\u201d q\u00eb shpresojn\u00eb tek dhuna\",\"datePublished\":\"2011-01-20T08:44:19+00:00\",\"mainEntityOfPage\":{\"@id\":\"https:\\\/\\\/fjala.info\\\/2009-2015\\\/cunat-e-bllokut-qe-shpresojne-tek-dhuna\\\/\"},\"wordCount\":1025,\"commentCount\":0,\"publisher\":{\"@id\":\"https:\\\/\\\/fjala.info\\\/2009-2015\\\/#organization\"},\"image\":{\"@id\":\"https:\\\/\\\/fjala.info\\\/2009-2015\\\/cunat-e-bllokut-qe-shpresojne-tek-dhuna\\\/#primaryimage\"},\"thumbnailUrl\":\"http:\\\/\\\/fjala.shkoder.net\\\/wp-content\\\/uploads\\\/2010\\\/10\\\/mero_baze1.jpg\",\"articleSection\":[\"Artikuj\"],\"inLanguage\":\"sq-AL\",\"potentialAction\":[{\"@type\":\"CommentAction\",\"name\":\"Comment\",\"target\":[\"https:\\\/\\\/fjala.info\\\/2009-2015\\\/cunat-e-bllokut-qe-shpresojne-tek-dhuna\\\/#respond\"]}]},{\"@type\":\"WebPage\",\"@id\":\"https:\\\/\\\/fjala.info\\\/2009-2015\\\/cunat-e-bllokut-qe-shpresojne-tek-dhuna\\\/\",\"url\":\"https:\\\/\\\/fjala.info\\\/2009-2015\\\/cunat-e-bllokut-qe-shpresojne-tek-dhuna\\\/\",\"name\":\"\u201c\u00c7unat e Bllokut\u201d q\u00eb shpresojn\u00eb tek dhuna - FjALA e LIR\u00cb - Arkivi\",\"isPartOf\":{\"@id\":\"https:\\\/\\\/fjala.info\\\/2009-2015\\\/#website\"},\"primaryImageOfPage\":{\"@id\":\"https:\\\/\\\/fjala.info\\\/2009-2015\\\/cunat-e-bllokut-qe-shpresojne-tek-dhuna\\\/#primaryimage\"},\"image\":{\"@id\":\"https:\\\/\\\/fjala.info\\\/2009-2015\\\/cunat-e-bllokut-qe-shpresojne-tek-dhuna\\\/#primaryimage\"},\"thumbnailUrl\":\"http:\\\/\\\/fjala.shkoder.net\\\/wp-content\\\/uploads\\\/2010\\\/10\\\/mero_baze1.jpg\",\"datePublished\":\"2011-01-20T08:44:19+00:00\",\"breadcrumb\":{\"@id\":\"https:\\\/\\\/fjala.info\\\/2009-2015\\\/cunat-e-bllokut-qe-shpresojne-tek-dhuna\\\/#breadcrumb\"},\"inLanguage\":\"sq-AL\",\"potentialAction\":[{\"@type\":\"ReadAction\",\"target\":[\"https:\\\/\\\/fjala.info\\\/2009-2015\\\/cunat-e-bllokut-qe-shpresojne-tek-dhuna\\\/\"]}]},{\"@type\":\"ImageObject\",\"inLanguage\":\"sq-AL\",\"@id\":\"https:\\\/\\\/fjala.info\\\/2009-2015\\\/cunat-e-bllokut-qe-shpresojne-tek-dhuna\\\/#primaryimage\",\"url\":\"http:\\\/\\\/fjala.shkoder.net\\\/wp-content\\\/uploads\\\/2010\\\/10\\\/mero_baze1.jpg\",\"contentUrl\":\"http:\\\/\\\/fjala.shkoder.net\\\/wp-content\\\/uploads\\\/2010\\\/10\\\/mero_baze1.jpg\"},{\"@type\":\"BreadcrumbList\",\"@id\":\"https:\\\/\\\/fjala.info\\\/2009-2015\\\/cunat-e-bllokut-qe-shpresojne-tek-dhuna\\\/#breadcrumb\",\"itemListElement\":[{\"@type\":\"ListItem\",\"position\":1,\"name\":\"Home\",\"item\":\"https:\\\/\\\/fjala.info\\\/2009-2015\\\/\"},{\"@type\":\"ListItem\",\"position\":2,\"name\":\"\u201c\u00c7unat e Bllokut\u201d q\u00eb shpresojn\u00eb tek dhuna\"}]},{\"@type\":\"WebSite\",\"@id\":\"https:\\\/\\\/fjala.info\\\/2009-2015\\\/#website\",\"url\":\"https:\\\/\\\/fjala.info\\\/2009-2015\\\/\",\"name\":\"FjALA e LIR\u00cb - Arkivi\",\"description\":\"Arkivi 2009-2015\",\"publisher\":{\"@id\":\"https:\\\/\\\/fjala.info\\\/2009-2015\\\/#organization\"},\"potentialAction\":[{\"@type\":\"SearchAction\",\"target\":{\"@type\":\"EntryPoint\",\"urlTemplate\":\"https:\\\/\\\/fjala.info\\\/2009-2015\\\/?s={search_term_string}\"},\"query-input\":{\"@type\":\"PropertyValueSpecification\",\"valueRequired\":true,\"valueName\":\"search_term_string\"}}],\"inLanguage\":\"sq-AL\"},{\"@type\":\"Organization\",\"@id\":\"https:\\\/\\\/fjala.info\\\/2009-2015\\\/#organization\",\"name\":\"FjALA e LIR\u00cb - Arkivi\",\"url\":\"https:\\\/\\\/fjala.info\\\/2009-2015\\\/\",\"logo\":{\"@type\":\"ImageObject\",\"inLanguage\":\"sq-AL\",\"@id\":\"https:\\\/\\\/fjala.info\\\/2009-2015\\\/#\\\/schema\\\/logo\\\/image\\\/\",\"url\":\"\",\"contentUrl\":\"\",\"caption\":\"FjALA e LIR\u00cb - Arkivi\"},\"image\":{\"@id\":\"https:\\\/\\\/fjala.info\\\/2009-2015\\\/#\\\/schema\\\/logo\\\/image\\\/\"}},{\"@type\":\"Person\",\"@id\":\"https:\\\/\\\/fjala.info\\\/2009-2015\\\/#\\\/schema\\\/person\\\/3aa1163ef05469c496fc94e77611ada2\",\"name\":\"admin\",\"image\":{\"@type\":\"ImageObject\",\"inLanguage\":\"sq-AL\",\"@id\":\"https:\\\/\\\/fjala.info\\\/2009-2015\\\/wp-content\\\/uploads\\\/2012\\\/02\\\/arben_cokaj-120x150.jpg\",\"url\":\"https:\\\/\\\/fjala.info\\\/2009-2015\\\/wp-content\\\/uploads\\\/2012\\\/02\\\/arben_cokaj-120x150.jpg\",\"contentUrl\":\"https:\\\/\\\/fjala.info\\\/2009-2015\\\/wp-content\\\/uploads\\\/2012\\\/02\\\/arben_cokaj-120x150.jpg\",\"caption\":\"admin\"},\"description\":\"Admin, Fjala e Lir\u00eb\",\"sameAs\":[\"https:\\\/\\\/fjala.info\\\/\"],\"url\":\"https:\\\/\\\/fjala.info\\\/2009-2015\\\/author\\\/admin\\\/\"}]}<\/script>\n<!-- \/ Yoast SEO plugin. -->","yoast_head_json":{"title":"\u201c\u00c7unat e Bllokut\u201d q\u00eb shpresojn\u00eb tek dhuna - FjALA e LIR\u00cb - Arkivi","robots":{"index":"index","follow":"follow","max-snippet":"max-snippet:-1","max-image-preview":"max-image-preview:large","max-video-preview":"max-video-preview:-1"},"canonical":"https:\/\/fjala.info\/2009-2015\/cunat-e-bllokut-qe-shpresojne-tek-dhuna\/","og_locale":"sq_AL","og_type":"article","og_title":"\u201c\u00c7unat e Bllokut\u201d q\u00eb shpresojn\u00eb tek dhuna - FjALA e LIR\u00cb - Arkivi","og_description":"Nga Mero Baze Ka nj\u00eb p\u00ebrpjekje t\u00eb pushtetit p\u00ebr t\u00eb ndjell\u00eb dhun\u00ebn dit\u00ebn e premte. Berisha po b\u00ebn sa mundet me retorik\u00ebn e tij prej rrahagjoksi, q\u00eb \u201cnuk i hap rrug\u00eb njeriu\u201d, nd\u00ebrsa partneri i tij n\u00eb pushtet Ilir Meta po merr atributet e Ministrit t\u00eb Brendsh\u00ebm dhe po njofton p\u00ebr rekrutime grupesh kriminale n\u00eb [&hellip;]","og_url":"https:\/\/fjala.info\/2009-2015\/cunat-e-bllokut-qe-shpresojne-tek-dhuna\/","og_site_name":"FjALA e LIR\u00cb - Arkivi","article_published_time":"2011-01-20T08:44:19+00:00","og_image":[{"url":"http:\/\/fjala.shkoder.net\/wp-content\/uploads\/2010\/10\/mero_baze1.jpg","type":"","width":"","height":""}],"author":"admin","twitter_card":"summary_large_image","twitter_misc":{"Written by":"admin","Est. reading time":"5 minutes"},"schema":{"@context":"https:\/\/schema.org","@graph":[{"@type":"Article","@id":"https:\/\/fjala.info\/2009-2015\/cunat-e-bllokut-qe-shpresojne-tek-dhuna\/#article","isPartOf":{"@id":"https:\/\/fjala.info\/2009-2015\/cunat-e-bllokut-qe-shpresojne-tek-dhuna\/"},"author":{"name":"admin","@id":"https:\/\/fjala.info\/2009-2015\/#\/schema\/person\/3aa1163ef05469c496fc94e77611ada2"},"headline":"\u201c\u00c7unat e Bllokut\u201d q\u00eb shpresojn\u00eb tek dhuna","datePublished":"2011-01-20T08:44:19+00:00","mainEntityOfPage":{"@id":"https:\/\/fjala.info\/2009-2015\/cunat-e-bllokut-qe-shpresojne-tek-dhuna\/"},"wordCount":1025,"commentCount":0,"publisher":{"@id":"https:\/\/fjala.info\/2009-2015\/#organization"},"image":{"@id":"https:\/\/fjala.info\/2009-2015\/cunat-e-bllokut-qe-shpresojne-tek-dhuna\/#primaryimage"},"thumbnailUrl":"http:\/\/fjala.shkoder.net\/wp-content\/uploads\/2010\/10\/mero_baze1.jpg","articleSection":["Artikuj"],"inLanguage":"sq-AL","potentialAction":[{"@type":"CommentAction","name":"Comment","target":["https:\/\/fjala.info\/2009-2015\/cunat-e-bllokut-qe-shpresojne-tek-dhuna\/#respond"]}]},{"@type":"WebPage","@id":"https:\/\/fjala.info\/2009-2015\/cunat-e-bllokut-qe-shpresojne-tek-dhuna\/","url":"https:\/\/fjala.info\/2009-2015\/cunat-e-bllokut-qe-shpresojne-tek-dhuna\/","name":"\u201c\u00c7unat e Bllokut\u201d q\u00eb shpresojn\u00eb tek dhuna - FjALA e LIR\u00cb - Arkivi","isPartOf":{"@id":"https:\/\/fjala.info\/2009-2015\/#website"},"primaryImageOfPage":{"@id":"https:\/\/fjala.info\/2009-2015\/cunat-e-bllokut-qe-shpresojne-tek-dhuna\/#primaryimage"},"image":{"@id":"https:\/\/fjala.info\/2009-2015\/cunat-e-bllokut-qe-shpresojne-tek-dhuna\/#primaryimage"},"thumbnailUrl":"http:\/\/fjala.shkoder.net\/wp-content\/uploads\/2010\/10\/mero_baze1.jpg","datePublished":"2011-01-20T08:44:19+00:00","breadcrumb":{"@id":"https:\/\/fjala.info\/2009-2015\/cunat-e-bllokut-qe-shpresojne-tek-dhuna\/#breadcrumb"},"inLanguage":"sq-AL","potentialAction":[{"@type":"ReadAction","target":["https:\/\/fjala.info\/2009-2015\/cunat-e-bllokut-qe-shpresojne-tek-dhuna\/"]}]},{"@type":"ImageObject","inLanguage":"sq-AL","@id":"https:\/\/fjala.info\/2009-2015\/cunat-e-bllokut-qe-shpresojne-tek-dhuna\/#primaryimage","url":"http:\/\/fjala.shkoder.net\/wp-content\/uploads\/2010\/10\/mero_baze1.jpg","contentUrl":"http:\/\/fjala.shkoder.net\/wp-content\/uploads\/2010\/10\/mero_baze1.jpg"},{"@type":"BreadcrumbList","@id":"https:\/\/fjala.info\/2009-2015\/cunat-e-bllokut-qe-shpresojne-tek-dhuna\/#breadcrumb","itemListElement":[{"@type":"ListItem","position":1,"name":"Home","item":"https:\/\/fjala.info\/2009-2015\/"},{"@type":"ListItem","position":2,"name":"\u201c\u00c7unat e Bllokut\u201d q\u00eb shpresojn\u00eb tek dhuna"}]},{"@type":"WebSite","@id":"https:\/\/fjala.info\/2009-2015\/#website","url":"https:\/\/fjala.info\/2009-2015\/","name":"FjALA e LIR\u00cb - Arkivi","description":"Arkivi 2009-2015","publisher":{"@id":"https:\/\/fjala.info\/2009-2015\/#organization"},"potentialAction":[{"@type":"SearchAction","target":{"@type":"EntryPoint","urlTemplate":"https:\/\/fjala.info\/2009-2015\/?s={search_term_string}"},"query-input":{"@type":"PropertyValueSpecification","valueRequired":true,"valueName":"search_term_string"}}],"inLanguage":"sq-AL"},{"@type":"Organization","@id":"https:\/\/fjala.info\/2009-2015\/#organization","name":"FjALA e LIR\u00cb - Arkivi","url":"https:\/\/fjala.info\/2009-2015\/","logo":{"@type":"ImageObject","inLanguage":"sq-AL","@id":"https:\/\/fjala.info\/2009-2015\/#\/schema\/logo\/image\/","url":"","contentUrl":"","caption":"FjALA e LIR\u00cb - Arkivi"},"image":{"@id":"https:\/\/fjala.info\/2009-2015\/#\/schema\/logo\/image\/"}},{"@type":"Person","@id":"https:\/\/fjala.info\/2009-2015\/#\/schema\/person\/3aa1163ef05469c496fc94e77611ada2","name":"admin","image":{"@type":"ImageObject","inLanguage":"sq-AL","@id":"https:\/\/fjala.info\/2009-2015\/wp-content\/uploads\/2012\/02\/arben_cokaj-120x150.jpg","url":"https:\/\/fjala.info\/2009-2015\/wp-content\/uploads\/2012\/02\/arben_cokaj-120x150.jpg","contentUrl":"https:\/\/fjala.info\/2009-2015\/wp-content\/uploads\/2012\/02\/arben_cokaj-120x150.jpg","caption":"admin"},"description":"Admin, Fjala e Lir\u00eb","sameAs":["https:\/\/fjala.info\/"],"url":"https:\/\/fjala.info\/2009-2015\/author\/admin\/"}]}},"_links":{"self":[{"href":"https:\/\/fjala.info\/2009-2015\/wp-json\/wp\/v2\/posts\/5752","targetHints":{"allow":["GET"]}}],"collection":[{"href":"https:\/\/fjala.info\/2009-2015\/wp-json\/wp\/v2\/posts"}],"about":[{"href":"https:\/\/fjala.info\/2009-2015\/wp-json\/wp\/v2\/types\/post"}],"author":[{"embeddable":true,"href":"https:\/\/fjala.info\/2009-2015\/wp-json\/wp\/v2\/users\/1"}],"replies":[{"embeddable":true,"href":"https:\/\/fjala.info\/2009-2015\/wp-json\/wp\/v2\/comments?post=5752"}],"version-history":[{"count":0,"href":"https:\/\/fjala.info\/2009-2015\/wp-json\/wp\/v2\/posts\/5752\/revisions"}],"wp:attachment":[{"href":"https:\/\/fjala.info\/2009-2015\/wp-json\/wp\/v2\/media?parent=5752"}],"wp:term":[{"taxonomy":"category","embeddable":true,"href":"https:\/\/fjala.info\/2009-2015\/wp-json\/wp\/v2\/categories?post=5752"},{"taxonomy":"post_tag","embeddable":true,"href":"https:\/\/fjala.info\/2009-2015\/wp-json\/wp\/v2\/tags?post=5752"}],"curies":[{"name":"wp","href":"https:\/\/api.w.org\/{rel}","templated":true}]}}