{"id":5748,"date":"2011-01-20T09:38:21","date_gmt":"2011-01-20T08:38:21","guid":{"rendered":"http:\/\/fjala.shkoder.net\/?p=5748"},"modified":"2011-01-20T09:38:21","modified_gmt":"2011-01-20T08:38:21","slug":"anonimja-qe-cimka-sali-berisha-ka-hedhur-nen-deren-e-ambasades-amerikane-per-tec-in-vrases-te-vlores","status":"publish","type":"post","link":"https:\/\/fjala.info\/2009-2015\/anonimja-qe-cimka-sali-berisha-ka-hedhur-nen-deren-e-ambasades-amerikane-per-tec-in-vrases-te-vlores\/","title":{"rendered":"\u201cAnonimja\u201d q\u00eb \u201c\u00e7imka Sali Berisha\u201d ka hedhur \u201cn\u00ebn der\u00ebn\u201d e Ambasad\u00ebs Amerikane, p\u00ebr \u201cTEC-in vras\u00ebs t\u00eb Vlor\u00ebs\u201d"},"content":{"rendered":"<p><img loading=\"lazy\" decoding=\"async\" class=\"alignright size-full wp-image-5749\" title=\"berisha_e_nano\" src=\"http:\/\/fjala.shkoder.net\/wp-content\/uploads\/2011\/01\/berisha_e_nano.jpg\" alt=\"\" width=\"300\" height=\"218\" \/><br \/>\nNga <strong>Kledian Lula<\/strong><\/p>\n<p>Ul\u00ebrimat shurdhuese t\u00eb Sali Berish\u00ebs kund\u00ebr nd\u00ebrtimit t\u00eb TEC-it t\u00eb Vlor\u00ebs jan\u00eb d\u00ebgjuar n\u00eb t\u00eb gjith\u00eb skajet e bot\u00ebs. At\u00ebher\u00eb n\u00eb opozit\u00eb, ai nuk la seanc\u00eb parlamentare e miting pa u \u00e7jerr\u00eb e pa ngjirur kund\u00ebr \u201cpushtetit kriminal e mafioz t\u00eb Fatos Nanos\u201d, i cili sipas Saliut t\u00eb djesh\u00ebm \u201cKishte b\u00ebr\u00eb pazare prej hajduti dhe padrinoje me mafien nd\u00ebrkomb\u00ebtare t\u00eb energjis\u00eb, p\u00ebr t\u00eb nd\u00ebrtuar n\u00eb Vlor\u00eb nj\u00eb TEC helmues e vras\u00ebs\u201d. At\u00ebher\u00eb ka pasur nj\u00eb l\u00ebvizje t\u00eb madhe kund\u00ebr nd\u00ebrtimit t\u00eb TEC-it. K\u00ebt\u00eb l\u00ebvizje ish-kryeopozitari \u201ckristal\u201d Sali Berisha e p\u00ebrdori ashp\u00ebrsisht, duke deklaruar \u201cse sapo t\u00eb vinte n\u00eb pushtet, do t\u2019i vinte rusp\u00ebn TEC-it dhe prangat band\u00ebs s\u00eb mafioz\u00ebve\u201d.<\/p>\n<p>Sali Berisha erdhi n\u00eb pushtet dhe n\u00eb vend q\u00eb t\u00eb \u00e7onte \u201crusp\u00ebn tek TEC-it dhe t\u2019i vinte prangat band\u00ebs mafioze t\u00eb Fatos Nanos\u201d, v\u00ebrsuli polic\u00ebt me dhun\u00eb dhe prangoi ata q\u00eb protestonin p\u00ebr ndalimin e nd\u00ebrtimit t\u00eb k\u00ebsaj \u201cvepre vras\u00ebse e helmuese\u201c (si\u00e7 e ka p\u00ebrcaktuar Sali Berisha). Jo vet\u00ebm me k\u00ebt\u00eb rast, por me t\u00eb gjith\u00eb q\u00ebndrimet e tij, kan\u00eb konstatuar te karakteri i Sali Berish\u00ebs, personazhin e pamoralsh\u00ebm t\u00eb fjal\u00ebs popullore: \u201cE p\u00ebshtyn n\u00eb m\u00ebngjes, e l\u00ebpin n\u00eb dark\u00eb!\u201d, pa\u00e7ka se del ekraneve dhe vet\u00ebdeklarohet si \u201cburri i fjal\u00ebs s\u00eb mbajtur\u201d. P\u00ebrve\u00e7 k\u00ebsaj, Berisha ka dh\u00ebn\u00eb prova t\u00eb plota n\u00eb k\u00ebto 20 vite, se i ka pasur qejf \u201c\u00e7imkat\u201d, spiun\u00ebt e spiunll\u00ebqet, sidomos \u201canonimet\u201d, duke qen\u00eb edhe vet i \u201capasionuar\u201d pas tyre. Me k\u00ebt\u00eb model \u00e7imkash e spiunll\u00ebqesh ka vepruar Sali Berisha edhe p\u00ebr TEC-in e Vlor\u00ebs, duke e paraqitur at\u00eb si \u201ckancerin e Vlor\u00ebs, si metalurgjiku q\u00eb do t\u00eb helmoj jet\u00ebn e vlonjat\u00ebve dhe turizmin\u201d.<\/p>\n<p>Po publikojm\u00eb t\u00eb plot\u00eb e pa montazh, \u201canonimen\u201d q\u00eb \u201c\u00c7imka Sali Berisha\u201d ka hedhur \u201cn\u00ebn der\u00ebn\u201d e Ambasad\u00ebs Amerikane n\u00eb muajin mars t\u00eb vitit 2005, n\u00eb koh\u00ebn kur ishte n\u00eb opozit\u00eb, duke denoncuar \u201ckatastrof\u00ebn njer\u00ebzore, turistike e ekologjike q\u00eb i shkaktonte Vlor\u00ebs, TEC-i i nd\u00ebrtuar prej mafioz\u00ebve t\u00eb padrinos Fatos Nano\u201d. Si n\u00eb \u00e7do \u201canonime\u201d, duke mos harruar zanatin e viteve te \u201cvigjilenc\u00ebs proletare\u201d, Sali Berisha nuk e ka vendosur emrin e tij, por n\u00ebnshkrimin: \u201cNga nj\u00eb grup intelektual\u00ebsh e akademik\u00ebsh Shqiptar\u00eb\u201d.<\/p>\n<p><strong>\u201cAnonimja\u201d e Sali Berish\u00ebs<\/strong><\/p>\n<p>TEC i Vlor\u00ebs \u00ebsht\u00eb helmi vdekjeprur\u00ebs p\u00ebr turizmin dhe banor\u00ebt e qytetit dhe bregut t\u00eb Vlor\u00ebs. Ky krim gjigand shkat\u00ebrron nj\u00eb sistem mjedisor unikal n\u00eb Shqip\u00ebri, madje edhe n\u00eb Ballkan. Nd\u00ebrtimi i TEC-it n\u00eb Vlor\u00eb cil\u00ebsohet nga m\u00eb t\u00eb rrezikshmit, duke u klasifikuar dhe futur n\u00eb list\u00ebn e veprave \u201cKategoria A\u201d. P\u00ebrve\u00e7 k\u00ebsaj, TEC-i i Vlor\u00ebs, injoron turizmin, gj\u00eb q\u00eb ekspozohet dhe n\u00eb studimin e b\u00ebr\u00eb nga kompanit\u00eb e huaja, ku n\u00eb 105 faqe material ekspertimi e studimor, turizmi nuk p\u00ebrmendet n\u00eb asnj\u00eb rresht t\u00eb projektit t\u00eb k\u00ebtij krimi ekologjik. Me k\u00ebt\u00eb TEC, Vlora kthehet n\u00eb Hiroshim\u00eb. Populli i Vlor\u00ebs dhe ne intelektual\u00ebt e akademik\u00ebt shqiptar\u00eb i themi \u201cNDAL!\u201d nd\u00ebrtimit t\u00eb k\u00ebtij TEC-i, mbasi ai mbasi bie ndesh me Konventat Nd\u00ebrkomb\u00ebtare dhe me ligjin shqiptar.<\/p>\n<p>Sipas projektit, n\u00eb Vlor\u00eb \u00ebsht\u00eb menduar t\u00eb nd\u00ebrtohen 3 TEC-e me nga 130 ME secili dhe jo nj\u00eb 1 TEC, si\u00e7 mashtron qeveria. N\u00eb plazhin e Vlor\u00ebs do t\u00eb vendosen depozita p\u00ebr hidrokarbure ne kapacitetin 200 mij\u00eb ton, nd\u00ebrsa sasia e nj\u00eb viti do t\u00eb jet\u00eb afro 40 milion ton naft\u00eb depozit\u00eb. Po ndodh tamam si me krimin e importit t\u00eb afro 5 mij\u00eb ton plehrave n\u00eb dit\u00eb, nga Italia. Sipas projektit t\u00eb \u201cAMBO\u201d, parashikohet q\u00eb nafta t\u00eb vij\u00eb nga importi, t\u00eb p\u00ebrpunohet n\u00eb Vlor\u00eb dhe t\u00eb eksportohet s\u00eb bashku me energjin\u00eb e prodhuar nga TEC-i! Produkt i k\u00ebtij TEC-i jan\u00eb \u00e7lirimi n\u00eb mjedisin e Vlor\u00ebs dhe t\u00eb zon\u00ebs bregdetare mbetje e gazra SO2, Nox, CO2, CO, shiun acid\u201d, mbetjet hidrokarbure etj, q\u00eb si\u00e7 dihet jan\u00eb shkat\u00ebrruese p\u00ebr mjedisin dhe vdekjeprur\u00ebs p\u00ebr jet\u00ebn e njer\u00ebzve.<\/p>\n<p>N\u00eb zon\u00ebn e ish-Sod\u00ebs n\u00eb Vlor\u00eb, atje ku ende toka dhe uji i detit fshehin n\u00eb gjirin e tyre nj\u00eb lloj ndotje me mbetje t\u00eb rrezikshme t\u00eb PVC-s\u00eb e m\u00ebrkurit, me p\u00ebrmbajtje qindra her\u00eb me t\u00eb lart\u00eb se standardet, atje merr dhe jep frym\u00eb nj\u00eb sip\u00ebrfaqe mij\u00ebra hektar\u00eb me pyje e pisha, ekziston nj\u00eb nga lagunat m\u00eb t\u00eb vyera t\u00eb vendit, ku zhvillohet jeta e nj\u00eb qyteti si Vlora, ku s\u00eb bashku me kripen, ver\u00ebn, agrumet e ullirin, gjallon dhe industria e turizmit e cila mendohet t\u00eb shtrihet n\u00eb nj\u00eb hap\u00ebsire t\u00eb gjer\u00eb, por q\u00eb 500 hektar\u00eb, u dashka t\u2019i \u201cpushtoj\u00eb\u201d parku m\u00eb i madh industrial energjetik! T\u00eb \u201cngul\u00ebsh\u201d depozita nafte e hidrokarburesh n\u00eb breg t\u00eb detit, krijon k\u00ebt\u00eb katastrof\u00eb: Nj\u00eb sasi uji prej 900 lit\u00ebr\/sek, s\u00eb bashku m\u00eb jet\u00ebn e gjall\u00eb, algat, larvat etj zhduken nga sistemi i tubave t\u00eb ftohjes s\u00eb TEC-it dhe po nj\u00eb sasi e till\u00eb, me temperatur\u00eb m\u00eb t\u00eb lart\u00eb, shkarkohet paralelisht n\u00eb det, gj\u00eb shkat\u00ebrron faun\u00ebn e tij.<\/p>\n<p>Realisht, jemi p\u00ebrpara momentit kur n\u00eb Vlor\u00eb, po i shpallet luft\u00eb industris\u00eb s\u00eb turizmit, eko-turizmit, agro-turizmit dhe turizmit n\u00ebnujor, mund\u00ebsi k\u00ebto q\u00eb kan\u00eb nisur t\u00eb projektohen e t\u00eb investohen fuqish\u00ebm. Logjika dhe \u201cargumentet\u201d e disa pseudo-ekspert\u00ebve t\u00eb instruktuar nga shteti dhe politika, duan t\u00eb krijojn\u00eb bindjen se \u201cTEC-i q\u00eb do t\u00eb nd\u00ebrtohet, nuk e d\u00ebmton dhe nuk e pengon aspak turizmin\u201d. N\u00eb fakt, n\u00eb rastin konkret ka vet\u00ebm nj\u00eb argument: Vlora pranon turizmin ose industrin\u00eb energjetike. T\u00eb dyja nuk kan\u00eb vend n\u00eb k\u00ebt\u00eb qytet dhe zon\u00eb, ndaj dhe nj\u00ebr\u00ebn e pret zhdukja. Me vendimin e qeveris\u00eb shqiptare, n\u00eb Vlor\u00eb do t\u00eb zhduket turizmi, mbasi \u00ebsht\u00eb e kuptueshme, se atje ku zhvillohet nj\u00eb industri nafte, metalesh, qymyresh etj., cenohet edhe jetesa normale e jo m\u00eb turizmi.<\/p>\n<p>Tjet\u00ebr shqet\u00ebsim \u00ebsht\u00eb fakti, q\u00eb n\u00eb nj\u00eb vend me vij\u00eb t\u00eb vog\u00ebl bregdetare, nuk mund t\u00eb nd\u00ebrtohen 4-5 komplekse e parqe karburantesh e konkretisht parku energjetik n\u00eb Vlor\u00eb (AMBO), kompleksi magazinimit n\u00eb Portin e Durr\u00ebsit e t\u00eb Sh\u00ebngjinit dhe qendra e tregtimit t\u00eb gazit t\u00eb l\u00ebngsh\u00ebm, n\u00eb Porto Romano. N\u00eb vende shum\u00eb m\u00eb t\u00eb m\u00ebdha se Shqip\u00ebria, q\u00eb kan\u00eb vij\u00eb bregdetare shum\u00eb m\u00eb t\u00eb gjat\u00eb e me shum\u00eb porte detare, kan\u00eb vet\u00ebm nga 1 port-park nafte e gazi, si Turqia, Bullgaria Rumania, nd\u00ebrkoh\u00eb q\u00eb vende si Anglia e Greqia, jan\u00eb akoma m\u00eb t\u00eb kufizuar n\u00eb k\u00ebt\u00eb drejtim, duke lejuar vet\u00ebm nga 2 t\u00eb till\u00eb. Shteti shqiptar nuk kund\u00ebrshton p\u00ebr asgj\u00eb.<\/p>\n<p>Vlora mund t\u00eb jet\u00eb vend i preferuar pelegrinazhi p\u00ebr mij\u00ebra turist\u00eb nga bota, mbasi ka plazhe ku bashkohen dy dete me r\u00ebr\u00eb dhe shk\u00ebmb, me pyje e l\u00ebndina, me diell e aj\u00ebr t\u00eb bollsh\u00ebm. Ka ardhur koha t\u00eb ndalojm\u00eb mbytjen e turizmit e t\u00eb jet\u00ebs s\u00eb banor\u00ebve nga industria teknologjike e TEC. Shqip\u00ebria nuk ka asnj\u00eb qytet pa vepra helmi e vras\u00ebse. Kemi jet\u00eb dhe natyr\u00eb t\u00eb helmuar prej uzin\u00ebs s\u00eb t\u00eb Ballshit, prej fabrik\u00ebs s\u00eb Letr\u00ebs t\u00eb Lezh\u00ebs, prej metalurgjikut, uzin\u00ebs s\u00eb ferro-kromit e fabrik\u00ebs s\u00eb \u00e7imentos t\u00eb Elbasanit, kemi n\u00eb Kavaj\u00eb, La\u00e7, Kruj\u00eb, Fier, Sh\u00ebngjin, Berat, Ku\u00e7ov\u00eb, Patos, Lushnj\u00eb, Durr\u00ebs, Shkod\u00ebr, Gjirokast\u00ebr etj.<\/p>\n<p>Problemi tjet\u00ebr \u00ebsht\u00eb fshehja edhe n\u00eb projekt e t\u00eb v\u00ebrtet\u00ebs, q\u00eb nd\u00ebrtimi i TEC-it, shkakton ndotje 11 her\u00eb m\u00eb t\u00eb larta nga standardet e lejuara e t\u00eb p\u00ebrcaktuara prej Bank\u00ebs Bot\u00ebrore e Komunitetit Evropian. Oxhaqet e TEC-it jan\u00eb projektuar t\u00eb nd\u00ebrtohen t\u00eb shkurt\u00ebr deri n\u00eb 47 metra lart\u00ebsi., pra shum\u00eb t\u00eb ul\u00ebt se lart\u00ebsia e maleve t\u00eb Kanin\u00ebs, Llogaras\u00eb e Karaburunit, madje edhe m\u00eb t\u00eb ul\u00ebt se kodrat e Vlor\u00ebs. Kjo nuk lejon largimin e gazrave, por do t\u2019i mbledh e do t\u2019i mbaj\u00eb helmet gjith\u00eb dit\u00ebn mbi qytetin e Vlor\u00ebs, tamam si mjegulla gjigande e Metalurgjikut t\u00eb Elbasanit. Sipas studiuesve ambientalist\u00eb, nd\u00ebrtimi i oxhaqeve t\u00eb ul\u00ebt t\u00eb TEC-it \u00ebsht\u00eb projektuar k\u00ebshtu me synimin djall\u00ebzor, q\u00eb volumi gazrave i dal\u00eb prej tyre t\u00eb mos ket\u00eb mund\u00ebsi rrymash ajrore p\u00ebr t\u2019u zhvendosur n\u00eb Itali, por t\u00eb mbetet brenda mjedisit t\u00eb Vlor\u00ebs.<\/p>\n<p>Nd\u00ebrtimi i TEC-i n\u00eb Vlor\u00eb nuk \u00ebsht\u00eb n\u00eb interes t\u00eb Vlor\u00ebs e t\u00eb Shqip\u00ebris\u00eb, por n\u00eb interes p\u00ebrfitimi gjigand prej grupeve mafioze t\u00eb k\u00ebsaj industrie n\u00eb bashk\u00ebpunim me ata q\u00eb drejtojn\u00eb sot qeverin\u00eb shqiptare e q\u00eb shfryt\u00ebzojn\u00eb kriminalisht varf\u00ebrin\u00eb e vendit ton\u00eb, si vend n\u00eb tranzicion (sh\u00ebnim i redaksis\u00eb: pushteti i Fatos Nanos). Ju b\u00ebjm\u00eb me dije, se TEC-i po t\u00eb ishte zgjidhje, Greqia nuk ia linte Shqip\u00ebris\u00eb. E vetmja alternativ\u00eb e mundshme e nd\u00ebrtimit t\u00eb TEC-it p\u00ebr Greqin\u00eb \u00ebsht\u00eb Korfuzi, por atje ka qeveri q\u00eb mbron interesat e saj komb\u00ebtare e t\u00eb popullit t\u00eb vet, jo si qeveria shqiptare e cila p\u00ebr interesa p\u00ebrfitimesh t\u00eb paligjshme deri mafioze, lejon edhe krime gjigande ekologjike q\u00eb shkat\u00ebrrojn\u00eb jet\u00ebn dhe natyr\u00ebn.<\/p>\n<p>N\u00eb mbyllje t\u00eb pasqyrimit ton\u00eb, ju kujtojm\u00eb se Vlora dhe Shqip\u00ebria kan\u00eb alternativa t\u00eb tjera p\u00ebr prodhim energjie. Ka burime natyrore, diell, er\u00eb, uj\u00eb etj. K\u00ebto asnj\u00ebher\u00eb nuk \u00ebsht\u00eb menduar t\u00eb evidentohen, t\u00eb projektohen e t\u00eb realizohen, duke pritur zgjidhje t\u00eb t\u00eb tilla shkat\u00ebrruese, sepse dihet q\u00eb \u201cAMBO\u201d me k\u00ebt\u00eb nd\u00ebrtim vrar\u00ebs, t\u00eb lejuar nga kapot e qeverisjes shqiptare, shikojn\u00eb interesat e fitimit dhe t\u00eb kombit t\u00eb tyre. Ndalimi i menj\u00ebhersh\u00ebm i k\u00ebsaj katastrofe ekologjike me pasoj\u00eb helmimin e jet\u00ebs njer\u00ebzore e t\u00eb natyr\u00ebs, ka nevoj\u00eb p\u00ebr nd\u00ebrhyrjen e nj\u00eb shteti t\u00eb fuqish\u00ebm si SHBA.<\/p>\n<p><strong>Ja q\u00ebndrimet e shteteve, t\u00eb cil\u00ebve iu k\u00ebrkua nd\u00ebrtimi i TEC-it<\/strong><br \/>\nKompania \u201cAMBO\u201d, p\u00ebr t\u00eb siguruar nd\u00ebrtimin e TEC-it n\u00eb fjal\u00eb, \u201ctrokiti\u201d n\u00eb dyert e disa shteteve. Kudo ia mbyll\u00ebn dyert, duke kund\u00ebrshtuar futjen n\u00eb mjedisin dhe turizmin e tyre t\u00eb k\u00ebtij \u201chelmi gjigand\u201d.<\/p>\n<p>Si\u00e7 dihet, kompania nd\u00ebrtuese \u201cAMBO\u201d k\u00ebrkoi q\u00eb TEC-in ta nd\u00ebrtonte n\u00eb Turqi, n\u00eb Bullgari, n\u00eb Greqi, ose Maqedoni. Nd\u00ebrsa Shqip\u00ebria nuk ishte n\u00eb interesat e saj, mbasi po flitej p\u00ebr projektin e importit t\u00eb plehrave italiane, ishte n\u00eb plan p\u00ebr vitin 2006 t\u00eb ngrihej fabrika e demontimit t\u00eb municioneve n\u00eb G\u00ebrdec dhe ekzistenca e shum\u00eb vatrave masive ndot\u00ebse me rrezikshm\u00ebri deri vdekjeprur\u00ebse p\u00ebr jet\u00ebn e banor\u00ebve. Pasi ndeshi refuzimin kategorik t\u00eb kat\u00ebr shteteve, kompania \u201cAMBO\u201d trokiti n\u00eb der\u00ebn e Shqip\u00ebris\u00eb. Prej qeveris\u00eb shqiptare, ata gjet\u00ebn miratimin e menj\u00ebhersh\u00ebm.<\/p>\n<p>Ish-opozitari i \u201cndersh\u00ebm\u201d i viteve 1997-2005 e ka kund\u00ebrshtuar e sulmuar ashp\u00ebrsisht nd\u00ebrtimin e k\u00ebsaj \u201cvepre vrastare, t\u00eb miratuar e t\u00eb nd\u00ebrtuar prej band\u00ebs s\u00eb mafies qeveritare shqiptare, n\u00eb bashk\u00ebpunim me mafian nd\u00ebrkomb\u00ebtare\u201d. Si\u00e7 vepron p\u00ebrher\u00eb, pas ardhjes n\u00eb pushtet n\u00eb vitin 2005, kryeministri i \u201cduarve t\u00eb pastra\u201d Sali Berisha u b\u00eb nxit\u00ebsi dhe mb\u00ebshtet\u00ebsi kryesor p\u00ebr t\u00eb nd\u00ebrtuar TEC-in e Vlor\u00ebs, duke p\u00ebrdorur edhe dhun\u00eb policore kund\u00ebr banor\u00ebve t\u00eb Vlor\u00ebs e ambientalist\u00ebve. Sali Berisha u b\u00eb pal\u00eb me \u201cmafioz\u00ebt q\u00eb do nd\u00ebrtonin TEC-in, t\u00eb cilin e kishte shpallur \u201cVras\u00ebs gjigand\u201d. Po p\u00ebrmendim n\u00eb vijim, q\u00ebndrimet e shteteve ku u k\u00ebrkua nd\u00ebrtimi i k\u00ebtij TEC-i:<\/p>\n<p>TURQIA: &#8211; Larg nga turizmi yn\u00eb, b\u00ebjeni n\u00eb vendin tuaj!<br \/>\nBULLGARIA: &#8211; N\u00eb territorin ton\u00eb, vet\u00ebm mund t\u00eb kaloni transit!<br \/>\nMAQEDONIA: &#8211; Mos e zini as n\u00eb goj\u00eb, nuk shkat\u00ebrrojm\u00eb liqenin!<br \/>\nGREQIA: &#8211; Mos u afroni n\u00eb Korfuz, \u00e7ojani Shqip\u00ebris\u00eb, ata e pranojn\u00eb!<\/p>\n","protected":false},"excerpt":{"rendered":"<p>Nga Kledian Lula Ul\u00ebrimat shurdhuese t\u00eb Sali Berish\u00ebs kund\u00ebr nd\u00ebrtimit t\u00eb TEC-it t\u00eb Vlor\u00ebs jan\u00eb d\u00ebgjuar n\u00eb t\u00eb gjith\u00eb skajet e bot\u00ebs. At\u00ebher\u00eb n\u00eb opozit\u00eb, ai nuk la seanc\u00eb parlamentare e miting pa u \u00e7jerr\u00eb e pa ngjirur kund\u00ebr \u201cpushtetit kriminal e mafioz t\u00eb Fatos Nanos\u201d, i cili sipas Saliut t\u00eb djesh\u00ebm \u201cKishte b\u00ebr\u00eb pazare [&hellip;]<\/p>\n","protected":false},"author":1,"featured_media":0,"comment_status":"open","ping_status":"closed","sticky":false,"template":"","format":"standard","meta":{"footnotes":""},"categories":[2],"tags":[],"class_list":{"0":"post-5748","1":"post","2":"type-post","3":"status-publish","4":"format-standard","6":"category-artikuj"},"yoast_head":"<!-- This site is optimized with the Yoast SEO plugin v27.4 - https:\/\/yoast.com\/product\/yoast-seo-wordpress\/ -->\n<title>\u201cAnonimja\u201d q\u00eb \u201c\u00e7imka Sali Berisha\u201d ka hedhur \u201cn\u00ebn der\u00ebn\u201d e Ambasad\u00ebs Amerikane, p\u00ebr \u201cTEC-in vras\u00ebs t\u00eb Vlor\u00ebs\u201d - FjALA e LIR\u00cb - Arkivi<\/title>\n<meta name=\"robots\" content=\"index, follow, max-snippet:-1, max-image-preview:large, max-video-preview:-1\" \/>\n<link rel=\"canonical\" href=\"https:\/\/fjala.info\/2009-2015\/anonimja-qe-cimka-sali-berisha-ka-hedhur-nen-deren-e-ambasades-amerikane-per-tec-in-vrases-te-vlores\/\" \/>\n<meta property=\"og:locale\" content=\"sq_AL\" \/>\n<meta property=\"og:type\" content=\"article\" \/>\n<meta property=\"og:title\" content=\"\u201cAnonimja\u201d q\u00eb \u201c\u00e7imka Sali Berisha\u201d ka hedhur \u201cn\u00ebn der\u00ebn\u201d e Ambasad\u00ebs Amerikane, p\u00ebr \u201cTEC-in vras\u00ebs t\u00eb Vlor\u00ebs\u201d - FjALA e LIR\u00cb - Arkivi\" \/>\n<meta property=\"og:description\" content=\"Nga Kledian Lula Ul\u00ebrimat shurdhuese t\u00eb Sali Berish\u00ebs kund\u00ebr nd\u00ebrtimit t\u00eb TEC-it t\u00eb Vlor\u00ebs jan\u00eb d\u00ebgjuar n\u00eb t\u00eb gjith\u00eb skajet e bot\u00ebs. At\u00ebher\u00eb n\u00eb opozit\u00eb, ai nuk la seanc\u00eb parlamentare e miting pa u \u00e7jerr\u00eb e pa ngjirur kund\u00ebr \u201cpushtetit kriminal e mafioz t\u00eb Fatos Nanos\u201d, i cili sipas Saliut t\u00eb djesh\u00ebm \u201cKishte b\u00ebr\u00eb pazare [&hellip;]\" \/>\n<meta property=\"og:url\" content=\"https:\/\/fjala.info\/2009-2015\/anonimja-qe-cimka-sali-berisha-ka-hedhur-nen-deren-e-ambasades-amerikane-per-tec-in-vrases-te-vlores\/\" \/>\n<meta property=\"og:site_name\" content=\"FjALA e LIR\u00cb - Arkivi\" \/>\n<meta property=\"article:published_time\" content=\"2011-01-20T08:38:21+00:00\" \/>\n<meta property=\"og:image\" content=\"http:\/\/fjala.shkoder.net\/wp-content\/uploads\/2011\/01\/berisha_e_nano.jpg\" \/>\n<meta name=\"author\" content=\"admin\" \/>\n<meta name=\"twitter:card\" content=\"summary_large_image\" \/>\n<meta name=\"twitter:label1\" content=\"Written by\" \/>\n\t<meta name=\"twitter:data1\" content=\"admin\" \/>\n\t<meta name=\"twitter:label2\" content=\"Est. reading time\" \/>\n\t<meta name=\"twitter:data2\" content=\"10 minutes\" \/>\n<script type=\"application\/ld+json\" class=\"yoast-schema-graph\">{\"@context\":\"https:\\\/\\\/schema.org\",\"@graph\":[{\"@type\":\"Article\",\"@id\":\"https:\\\/\\\/fjala.info\\\/2009-2015\\\/anonimja-qe-cimka-sali-berisha-ka-hedhur-nen-deren-e-ambasades-amerikane-per-tec-in-vrases-te-vlores\\\/#article\",\"isPartOf\":{\"@id\":\"https:\\\/\\\/fjala.info\\\/2009-2015\\\/anonimja-qe-cimka-sali-berisha-ka-hedhur-nen-deren-e-ambasades-amerikane-per-tec-in-vrases-te-vlores\\\/\"},\"author\":{\"name\":\"admin\",\"@id\":\"https:\\\/\\\/fjala.info\\\/2009-2015\\\/#\\\/schema\\\/person\\\/3aa1163ef05469c496fc94e77611ada2\"},\"headline\":\"\u201cAnonimja\u201d q\u00eb \u201c\u00e7imka Sali Berisha\u201d ka hedhur \u201cn\u00ebn der\u00ebn\u201d e Ambasad\u00ebs Amerikane, p\u00ebr \u201cTEC-in vras\u00ebs t\u00eb Vlor\u00ebs\u201d\",\"datePublished\":\"2011-01-20T08:38:21+00:00\",\"mainEntityOfPage\":{\"@id\":\"https:\\\/\\\/fjala.info\\\/2009-2015\\\/anonimja-qe-cimka-sali-berisha-ka-hedhur-nen-deren-e-ambasades-amerikane-per-tec-in-vrases-te-vlores\\\/\"},\"wordCount\":2067,\"commentCount\":0,\"publisher\":{\"@id\":\"https:\\\/\\\/fjala.info\\\/2009-2015\\\/#organization\"},\"image\":{\"@id\":\"https:\\\/\\\/fjala.info\\\/2009-2015\\\/anonimja-qe-cimka-sali-berisha-ka-hedhur-nen-deren-e-ambasades-amerikane-per-tec-in-vrases-te-vlores\\\/#primaryimage\"},\"thumbnailUrl\":\"http:\\\/\\\/fjala.shkoder.net\\\/wp-content\\\/uploads\\\/2011\\\/01\\\/berisha_e_nano.jpg\",\"articleSection\":[\"Artikuj\"],\"inLanguage\":\"sq-AL\",\"potentialAction\":[{\"@type\":\"CommentAction\",\"name\":\"Comment\",\"target\":[\"https:\\\/\\\/fjala.info\\\/2009-2015\\\/anonimja-qe-cimka-sali-berisha-ka-hedhur-nen-deren-e-ambasades-amerikane-per-tec-in-vrases-te-vlores\\\/#respond\"]}]},{\"@type\":\"WebPage\",\"@id\":\"https:\\\/\\\/fjala.info\\\/2009-2015\\\/anonimja-qe-cimka-sali-berisha-ka-hedhur-nen-deren-e-ambasades-amerikane-per-tec-in-vrases-te-vlores\\\/\",\"url\":\"https:\\\/\\\/fjala.info\\\/2009-2015\\\/anonimja-qe-cimka-sali-berisha-ka-hedhur-nen-deren-e-ambasades-amerikane-per-tec-in-vrases-te-vlores\\\/\",\"name\":\"\u201cAnonimja\u201d q\u00eb \u201c\u00e7imka Sali Berisha\u201d ka hedhur \u201cn\u00ebn der\u00ebn\u201d e Ambasad\u00ebs Amerikane, p\u00ebr \u201cTEC-in vras\u00ebs t\u00eb Vlor\u00ebs\u201d - FjALA e LIR\u00cb - Arkivi\",\"isPartOf\":{\"@id\":\"https:\\\/\\\/fjala.info\\\/2009-2015\\\/#website\"},\"primaryImageOfPage\":{\"@id\":\"https:\\\/\\\/fjala.info\\\/2009-2015\\\/anonimja-qe-cimka-sali-berisha-ka-hedhur-nen-deren-e-ambasades-amerikane-per-tec-in-vrases-te-vlores\\\/#primaryimage\"},\"image\":{\"@id\":\"https:\\\/\\\/fjala.info\\\/2009-2015\\\/anonimja-qe-cimka-sali-berisha-ka-hedhur-nen-deren-e-ambasades-amerikane-per-tec-in-vrases-te-vlores\\\/#primaryimage\"},\"thumbnailUrl\":\"http:\\\/\\\/fjala.shkoder.net\\\/wp-content\\\/uploads\\\/2011\\\/01\\\/berisha_e_nano.jpg\",\"datePublished\":\"2011-01-20T08:38:21+00:00\",\"breadcrumb\":{\"@id\":\"https:\\\/\\\/fjala.info\\\/2009-2015\\\/anonimja-qe-cimka-sali-berisha-ka-hedhur-nen-deren-e-ambasades-amerikane-per-tec-in-vrases-te-vlores\\\/#breadcrumb\"},\"inLanguage\":\"sq-AL\",\"potentialAction\":[{\"@type\":\"ReadAction\",\"target\":[\"https:\\\/\\\/fjala.info\\\/2009-2015\\\/anonimja-qe-cimka-sali-berisha-ka-hedhur-nen-deren-e-ambasades-amerikane-per-tec-in-vrases-te-vlores\\\/\"]}]},{\"@type\":\"ImageObject\",\"inLanguage\":\"sq-AL\",\"@id\":\"https:\\\/\\\/fjala.info\\\/2009-2015\\\/anonimja-qe-cimka-sali-berisha-ka-hedhur-nen-deren-e-ambasades-amerikane-per-tec-in-vrases-te-vlores\\\/#primaryimage\",\"url\":\"http:\\\/\\\/fjala.shkoder.net\\\/wp-content\\\/uploads\\\/2011\\\/01\\\/berisha_e_nano.jpg\",\"contentUrl\":\"http:\\\/\\\/fjala.shkoder.net\\\/wp-content\\\/uploads\\\/2011\\\/01\\\/berisha_e_nano.jpg\"},{\"@type\":\"BreadcrumbList\",\"@id\":\"https:\\\/\\\/fjala.info\\\/2009-2015\\\/anonimja-qe-cimka-sali-berisha-ka-hedhur-nen-deren-e-ambasades-amerikane-per-tec-in-vrases-te-vlores\\\/#breadcrumb\",\"itemListElement\":[{\"@type\":\"ListItem\",\"position\":1,\"name\":\"Home\",\"item\":\"https:\\\/\\\/fjala.info\\\/2009-2015\\\/\"},{\"@type\":\"ListItem\",\"position\":2,\"name\":\"\u201cAnonimja\u201d q\u00eb \u201c\u00e7imka Sali Berisha\u201d ka hedhur \u201cn\u00ebn der\u00ebn\u201d e Ambasad\u00ebs Amerikane, p\u00ebr \u201cTEC-in vras\u00ebs t\u00eb Vlor\u00ebs\u201d\"}]},{\"@type\":\"WebSite\",\"@id\":\"https:\\\/\\\/fjala.info\\\/2009-2015\\\/#website\",\"url\":\"https:\\\/\\\/fjala.info\\\/2009-2015\\\/\",\"name\":\"FjALA e LIR\u00cb - Arkivi\",\"description\":\"Arkivi 2009-2015\",\"publisher\":{\"@id\":\"https:\\\/\\\/fjala.info\\\/2009-2015\\\/#organization\"},\"potentialAction\":[{\"@type\":\"SearchAction\",\"target\":{\"@type\":\"EntryPoint\",\"urlTemplate\":\"https:\\\/\\\/fjala.info\\\/2009-2015\\\/?s={search_term_string}\"},\"query-input\":{\"@type\":\"PropertyValueSpecification\",\"valueRequired\":true,\"valueName\":\"search_term_string\"}}],\"inLanguage\":\"sq-AL\"},{\"@type\":\"Organization\",\"@id\":\"https:\\\/\\\/fjala.info\\\/2009-2015\\\/#organization\",\"name\":\"FjALA e LIR\u00cb - Arkivi\",\"url\":\"https:\\\/\\\/fjala.info\\\/2009-2015\\\/\",\"logo\":{\"@type\":\"ImageObject\",\"inLanguage\":\"sq-AL\",\"@id\":\"https:\\\/\\\/fjala.info\\\/2009-2015\\\/#\\\/schema\\\/logo\\\/image\\\/\",\"url\":\"\",\"contentUrl\":\"\",\"caption\":\"FjALA e LIR\u00cb - Arkivi\"},\"image\":{\"@id\":\"https:\\\/\\\/fjala.info\\\/2009-2015\\\/#\\\/schema\\\/logo\\\/image\\\/\"}},{\"@type\":\"Person\",\"@id\":\"https:\\\/\\\/fjala.info\\\/2009-2015\\\/#\\\/schema\\\/person\\\/3aa1163ef05469c496fc94e77611ada2\",\"name\":\"admin\",\"image\":{\"@type\":\"ImageObject\",\"inLanguage\":\"sq-AL\",\"@id\":\"https:\\\/\\\/fjala.info\\\/2009-2015\\\/wp-content\\\/uploads\\\/2012\\\/02\\\/arben_cokaj-120x150.jpg\",\"url\":\"https:\\\/\\\/fjala.info\\\/2009-2015\\\/wp-content\\\/uploads\\\/2012\\\/02\\\/arben_cokaj-120x150.jpg\",\"contentUrl\":\"https:\\\/\\\/fjala.info\\\/2009-2015\\\/wp-content\\\/uploads\\\/2012\\\/02\\\/arben_cokaj-120x150.jpg\",\"caption\":\"admin\"},\"description\":\"Admin, Fjala e Lir\u00eb\",\"sameAs\":[\"https:\\\/\\\/fjala.info\\\/\"],\"url\":\"https:\\\/\\\/fjala.info\\\/2009-2015\\\/author\\\/admin\\\/\"}]}<\/script>\n<!-- \/ Yoast SEO plugin. -->","yoast_head_json":{"title":"\u201cAnonimja\u201d q\u00eb \u201c\u00e7imka Sali Berisha\u201d ka hedhur \u201cn\u00ebn der\u00ebn\u201d e Ambasad\u00ebs Amerikane, p\u00ebr \u201cTEC-in vras\u00ebs t\u00eb Vlor\u00ebs\u201d - FjALA e LIR\u00cb - Arkivi","robots":{"index":"index","follow":"follow","max-snippet":"max-snippet:-1","max-image-preview":"max-image-preview:large","max-video-preview":"max-video-preview:-1"},"canonical":"https:\/\/fjala.info\/2009-2015\/anonimja-qe-cimka-sali-berisha-ka-hedhur-nen-deren-e-ambasades-amerikane-per-tec-in-vrases-te-vlores\/","og_locale":"sq_AL","og_type":"article","og_title":"\u201cAnonimja\u201d q\u00eb \u201c\u00e7imka Sali Berisha\u201d ka hedhur \u201cn\u00ebn der\u00ebn\u201d e Ambasad\u00ebs Amerikane, p\u00ebr \u201cTEC-in vras\u00ebs t\u00eb Vlor\u00ebs\u201d - FjALA e LIR\u00cb - Arkivi","og_description":"Nga Kledian Lula Ul\u00ebrimat shurdhuese t\u00eb Sali Berish\u00ebs kund\u00ebr nd\u00ebrtimit t\u00eb TEC-it t\u00eb Vlor\u00ebs jan\u00eb d\u00ebgjuar n\u00eb t\u00eb gjith\u00eb skajet e bot\u00ebs. At\u00ebher\u00eb n\u00eb opozit\u00eb, ai nuk la seanc\u00eb parlamentare e miting pa u \u00e7jerr\u00eb e pa ngjirur kund\u00ebr \u201cpushtetit kriminal e mafioz t\u00eb Fatos Nanos\u201d, i cili sipas Saliut t\u00eb djesh\u00ebm \u201cKishte b\u00ebr\u00eb pazare [&hellip;]","og_url":"https:\/\/fjala.info\/2009-2015\/anonimja-qe-cimka-sali-berisha-ka-hedhur-nen-deren-e-ambasades-amerikane-per-tec-in-vrases-te-vlores\/","og_site_name":"FjALA e LIR\u00cb - Arkivi","article_published_time":"2011-01-20T08:38:21+00:00","og_image":[{"url":"http:\/\/fjala.shkoder.net\/wp-content\/uploads\/2011\/01\/berisha_e_nano.jpg","type":"","width":"","height":""}],"author":"admin","twitter_card":"summary_large_image","twitter_misc":{"Written by":"admin","Est. reading time":"10 minutes"},"schema":{"@context":"https:\/\/schema.org","@graph":[{"@type":"Article","@id":"https:\/\/fjala.info\/2009-2015\/anonimja-qe-cimka-sali-berisha-ka-hedhur-nen-deren-e-ambasades-amerikane-per-tec-in-vrases-te-vlores\/#article","isPartOf":{"@id":"https:\/\/fjala.info\/2009-2015\/anonimja-qe-cimka-sali-berisha-ka-hedhur-nen-deren-e-ambasades-amerikane-per-tec-in-vrases-te-vlores\/"},"author":{"name":"admin","@id":"https:\/\/fjala.info\/2009-2015\/#\/schema\/person\/3aa1163ef05469c496fc94e77611ada2"},"headline":"\u201cAnonimja\u201d q\u00eb \u201c\u00e7imka Sali Berisha\u201d ka hedhur \u201cn\u00ebn der\u00ebn\u201d e Ambasad\u00ebs Amerikane, p\u00ebr \u201cTEC-in vras\u00ebs t\u00eb Vlor\u00ebs\u201d","datePublished":"2011-01-20T08:38:21+00:00","mainEntityOfPage":{"@id":"https:\/\/fjala.info\/2009-2015\/anonimja-qe-cimka-sali-berisha-ka-hedhur-nen-deren-e-ambasades-amerikane-per-tec-in-vrases-te-vlores\/"},"wordCount":2067,"commentCount":0,"publisher":{"@id":"https:\/\/fjala.info\/2009-2015\/#organization"},"image":{"@id":"https:\/\/fjala.info\/2009-2015\/anonimja-qe-cimka-sali-berisha-ka-hedhur-nen-deren-e-ambasades-amerikane-per-tec-in-vrases-te-vlores\/#primaryimage"},"thumbnailUrl":"http:\/\/fjala.shkoder.net\/wp-content\/uploads\/2011\/01\/berisha_e_nano.jpg","articleSection":["Artikuj"],"inLanguage":"sq-AL","potentialAction":[{"@type":"CommentAction","name":"Comment","target":["https:\/\/fjala.info\/2009-2015\/anonimja-qe-cimka-sali-berisha-ka-hedhur-nen-deren-e-ambasades-amerikane-per-tec-in-vrases-te-vlores\/#respond"]}]},{"@type":"WebPage","@id":"https:\/\/fjala.info\/2009-2015\/anonimja-qe-cimka-sali-berisha-ka-hedhur-nen-deren-e-ambasades-amerikane-per-tec-in-vrases-te-vlores\/","url":"https:\/\/fjala.info\/2009-2015\/anonimja-qe-cimka-sali-berisha-ka-hedhur-nen-deren-e-ambasades-amerikane-per-tec-in-vrases-te-vlores\/","name":"\u201cAnonimja\u201d q\u00eb \u201c\u00e7imka Sali Berisha\u201d ka hedhur \u201cn\u00ebn der\u00ebn\u201d e Ambasad\u00ebs Amerikane, p\u00ebr \u201cTEC-in vras\u00ebs t\u00eb Vlor\u00ebs\u201d - FjALA e LIR\u00cb - Arkivi","isPartOf":{"@id":"https:\/\/fjala.info\/2009-2015\/#website"},"primaryImageOfPage":{"@id":"https:\/\/fjala.info\/2009-2015\/anonimja-qe-cimka-sali-berisha-ka-hedhur-nen-deren-e-ambasades-amerikane-per-tec-in-vrases-te-vlores\/#primaryimage"},"image":{"@id":"https:\/\/fjala.info\/2009-2015\/anonimja-qe-cimka-sali-berisha-ka-hedhur-nen-deren-e-ambasades-amerikane-per-tec-in-vrases-te-vlores\/#primaryimage"},"thumbnailUrl":"http:\/\/fjala.shkoder.net\/wp-content\/uploads\/2011\/01\/berisha_e_nano.jpg","datePublished":"2011-01-20T08:38:21+00:00","breadcrumb":{"@id":"https:\/\/fjala.info\/2009-2015\/anonimja-qe-cimka-sali-berisha-ka-hedhur-nen-deren-e-ambasades-amerikane-per-tec-in-vrases-te-vlores\/#breadcrumb"},"inLanguage":"sq-AL","potentialAction":[{"@type":"ReadAction","target":["https:\/\/fjala.info\/2009-2015\/anonimja-qe-cimka-sali-berisha-ka-hedhur-nen-deren-e-ambasades-amerikane-per-tec-in-vrases-te-vlores\/"]}]},{"@type":"ImageObject","inLanguage":"sq-AL","@id":"https:\/\/fjala.info\/2009-2015\/anonimja-qe-cimka-sali-berisha-ka-hedhur-nen-deren-e-ambasades-amerikane-per-tec-in-vrases-te-vlores\/#primaryimage","url":"http:\/\/fjala.shkoder.net\/wp-content\/uploads\/2011\/01\/berisha_e_nano.jpg","contentUrl":"http:\/\/fjala.shkoder.net\/wp-content\/uploads\/2011\/01\/berisha_e_nano.jpg"},{"@type":"BreadcrumbList","@id":"https:\/\/fjala.info\/2009-2015\/anonimja-qe-cimka-sali-berisha-ka-hedhur-nen-deren-e-ambasades-amerikane-per-tec-in-vrases-te-vlores\/#breadcrumb","itemListElement":[{"@type":"ListItem","position":1,"name":"Home","item":"https:\/\/fjala.info\/2009-2015\/"},{"@type":"ListItem","position":2,"name":"\u201cAnonimja\u201d q\u00eb \u201c\u00e7imka Sali Berisha\u201d ka hedhur \u201cn\u00ebn der\u00ebn\u201d e Ambasad\u00ebs Amerikane, p\u00ebr \u201cTEC-in vras\u00ebs t\u00eb Vlor\u00ebs\u201d"}]},{"@type":"WebSite","@id":"https:\/\/fjala.info\/2009-2015\/#website","url":"https:\/\/fjala.info\/2009-2015\/","name":"FjALA e LIR\u00cb - Arkivi","description":"Arkivi 2009-2015","publisher":{"@id":"https:\/\/fjala.info\/2009-2015\/#organization"},"potentialAction":[{"@type":"SearchAction","target":{"@type":"EntryPoint","urlTemplate":"https:\/\/fjala.info\/2009-2015\/?s={search_term_string}"},"query-input":{"@type":"PropertyValueSpecification","valueRequired":true,"valueName":"search_term_string"}}],"inLanguage":"sq-AL"},{"@type":"Organization","@id":"https:\/\/fjala.info\/2009-2015\/#organization","name":"FjALA e LIR\u00cb - Arkivi","url":"https:\/\/fjala.info\/2009-2015\/","logo":{"@type":"ImageObject","inLanguage":"sq-AL","@id":"https:\/\/fjala.info\/2009-2015\/#\/schema\/logo\/image\/","url":"","contentUrl":"","caption":"FjALA e LIR\u00cb - Arkivi"},"image":{"@id":"https:\/\/fjala.info\/2009-2015\/#\/schema\/logo\/image\/"}},{"@type":"Person","@id":"https:\/\/fjala.info\/2009-2015\/#\/schema\/person\/3aa1163ef05469c496fc94e77611ada2","name":"admin","image":{"@type":"ImageObject","inLanguage":"sq-AL","@id":"https:\/\/fjala.info\/2009-2015\/wp-content\/uploads\/2012\/02\/arben_cokaj-120x150.jpg","url":"https:\/\/fjala.info\/2009-2015\/wp-content\/uploads\/2012\/02\/arben_cokaj-120x150.jpg","contentUrl":"https:\/\/fjala.info\/2009-2015\/wp-content\/uploads\/2012\/02\/arben_cokaj-120x150.jpg","caption":"admin"},"description":"Admin, Fjala e Lir\u00eb","sameAs":["https:\/\/fjala.info\/"],"url":"https:\/\/fjala.info\/2009-2015\/author\/admin\/"}]}},"_links":{"self":[{"href":"https:\/\/fjala.info\/2009-2015\/wp-json\/wp\/v2\/posts\/5748","targetHints":{"allow":["GET"]}}],"collection":[{"href":"https:\/\/fjala.info\/2009-2015\/wp-json\/wp\/v2\/posts"}],"about":[{"href":"https:\/\/fjala.info\/2009-2015\/wp-json\/wp\/v2\/types\/post"}],"author":[{"embeddable":true,"href":"https:\/\/fjala.info\/2009-2015\/wp-json\/wp\/v2\/users\/1"}],"replies":[{"embeddable":true,"href":"https:\/\/fjala.info\/2009-2015\/wp-json\/wp\/v2\/comments?post=5748"}],"version-history":[{"count":0,"href":"https:\/\/fjala.info\/2009-2015\/wp-json\/wp\/v2\/posts\/5748\/revisions"}],"wp:attachment":[{"href":"https:\/\/fjala.info\/2009-2015\/wp-json\/wp\/v2\/media?parent=5748"}],"wp:term":[{"taxonomy":"category","embeddable":true,"href":"https:\/\/fjala.info\/2009-2015\/wp-json\/wp\/v2\/categories?post=5748"},{"taxonomy":"post_tag","embeddable":true,"href":"https:\/\/fjala.info\/2009-2015\/wp-json\/wp\/v2\/tags?post=5748"}],"curies":[{"name":"wp","href":"https:\/\/api.w.org\/{rel}","templated":true}]}}