{"id":5745,"date":"2011-01-20T08:58:53","date_gmt":"2011-01-20T07:58:53","guid":{"rendered":"http:\/\/fjala.shkoder.net\/?p=5745"},"modified":"2011-01-20T08:58:53","modified_gmt":"2011-01-20T07:58:53","slug":"salik-pije-psikopatike-cliro-berishen-tend","status":"publish","type":"post","link":"https:\/\/fjala.info\/2009-2015\/salik-pije-psikopatike-cliro-berishen-tend\/","title":{"rendered":"SALIK pije psikopatike \u2013 \u00c7liro Berish\u00ebn t\u00ebnd"},"content":{"rendered":"<p><img loading=\"lazy\" decoding=\"async\" class=\"alignright size-full wp-image-5746\" title=\"salik_shark\" src=\"http:\/\/fjala.shkoder.net\/wp-content\/uploads\/2011\/01\/salik_shark.jpg\" alt=\"\" width=\"300\" height=\"378\" \/><\/p>\n<p>Kompania e njohur e pijeve alkoolike dhe psikopatike <em>K\u00ebshilli i Ministrave.org<\/em> sjell ne tregun shqiptar SALIK, pija psikopatike q\u00eb i ka munguar shqiptar\u00ebve.<\/p>\n<p>Presidenti i kompanis\u00eb Salik Bisha shprehet se energjia e psikopatis\u00eb q\u00eb t\u00eb jep kjo pije \u00ebsht\u00eb e paimagjinueshme.<\/p>\n<p>\u201cM\u00eb n\u00eb fund po b\u00ebhet realitet \u00ebndrra shekullore e shqiptar\u00ebve me pijen historike siameze SALIK\u201d tha para stafit t\u00eb K\u00ebshillit t\u00eb Ministrave.org<\/p>\n<p>Formula e k\u00ebsaj pijeje \u00ebsht\u00eb shum\u00eb e hershme dhe p\u00ebrgatitej n\u00eb Vicidolusin e lasht\u00eb ekskluzivisht p\u00ebr gladiator\u00ebt romak\u00eb t\u00eb cil\u00ebn e konsumonin para se t\u00eb futeshin n\u00eb aren\u00eb.<\/p>\n<p>Pija i kthente ata n\u00eb bisha n\u00eb pak sekonda dhe ata e b\u00ebnin copash kund\u00ebrshtarin.<\/p>\n<p>Presidenti Salik Bisha thot\u00eb se kjo pije nuk mund t\u00eb pihet nga t\u00eb gjith\u00eb por vet\u00ebm me rekomandim nga Doktori pasi SALIK t\u00eb cliron t\u00ebr\u00eb bishat e mundshme t\u00eb kop\u00ebshtit zoologjik q\u00eb ka njeriu brenda, sidomos peshkaqenin BerISHA t\u00eb kryq\u00ebzuar me peshkun SALMON.<\/p>\n<p>Sipas studimeve vet\u00ebm liderat historike q\u00eb p\u00ebrballojn\u00eb shp\u00ebrthime ndjenjash g\u00ebrdecore, p\u00ebrmbytje dhe mall\u00ebngjim shkodrane mund ta pijn\u00eb pa problem SALIK.<\/p>\n<p>K\u00ebshilli i Ministrave.org ka vendosur nj\u00eb automat n\u00eb ambjentet e parlamentit p\u00ebr tu ofruar deputet\u00ebve pijen psikopatike SALIK por deri tani vet\u00ebm kryeministri Sali Berisha dhe kryekuvendarja Topalli kane treguar burr\u00ebrin\u00eb p\u00ebr t\u00eb provuar shijen psikopatike historike t\u00eb SALIK.<\/p>\n<p>SALIK \u00ebsht\u00eb pija e v\u00ebrtet\u00eb psikopatike q\u00eb cliron berish\u00ebn brenda teje e cila clirohet nga ty i turret kund\u00ebrshtarit dhe e nxjerr lakuriq para bot\u00ebs.<\/p>\n<p>Provoni pijen spikopatike SALIK e cila kushton vet\u00ebm 1 Euro.<\/p>\n","protected":false},"excerpt":{"rendered":"<p>Kompania e njohur e pijeve alkoolike dhe psikopatike K\u00ebshilli i Ministrave.org sjell ne tregun shqiptar SALIK, pija psikopatike q\u00eb i ka munguar shqiptar\u00ebve. Presidenti i kompanis\u00eb Salik Bisha shprehet se energjia e psikopatis\u00eb q\u00eb t\u00eb jep kjo pije \u00ebsht\u00eb e paimagjinueshme. \u201cM\u00eb n\u00eb fund po b\u00ebhet realitet \u00ebndrra shekullore e shqiptar\u00ebve me pijen historike siameze [&hellip;]<\/p>\n","protected":false},"author":1,"featured_media":0,"comment_status":"open","ping_status":"closed","sticky":false,"template":"","format":"standard","meta":{"footnotes":""},"categories":[2,6],"tags":[],"class_list":{"0":"post-5745","1":"post","2":"type-post","3":"status-publish","4":"format-standard","6":"category-artikuj","7":"category-lajmerime"},"yoast_head":"<!-- This site is optimized with the Yoast SEO plugin v27.4 - https:\/\/yoast.com\/product\/yoast-seo-wordpress\/ -->\n<title>SALIK pije psikopatike \u2013 \u00c7liro Berish\u00ebn t\u00ebnd - FjALA e LIR\u00cb - Arkivi<\/title>\n<meta name=\"robots\" content=\"index, follow, max-snippet:-1, max-image-preview:large, max-video-preview:-1\" \/>\n<link rel=\"canonical\" href=\"https:\/\/fjala.info\/2009-2015\/salik-pije-psikopatike-cliro-berishen-tend\/\" \/>\n<meta property=\"og:locale\" content=\"sq_AL\" \/>\n<meta property=\"og:type\" content=\"article\" \/>\n<meta property=\"og:title\" content=\"SALIK pije psikopatike \u2013 \u00c7liro Berish\u00ebn t\u00ebnd - FjALA e LIR\u00cb - Arkivi\" \/>\n<meta property=\"og:description\" content=\"Kompania e njohur e pijeve alkoolike dhe psikopatike K\u00ebshilli i Ministrave.org sjell ne tregun shqiptar SALIK, pija psikopatike q\u00eb i ka munguar shqiptar\u00ebve. Presidenti i kompanis\u00eb Salik Bisha shprehet se energjia e psikopatis\u00eb q\u00eb t\u00eb jep kjo pije \u00ebsht\u00eb e paimagjinueshme. \u201cM\u00eb n\u00eb fund po b\u00ebhet realitet \u00ebndrra shekullore e shqiptar\u00ebve me pijen historike siameze [&hellip;]\" \/>\n<meta property=\"og:url\" content=\"https:\/\/fjala.info\/2009-2015\/salik-pije-psikopatike-cliro-berishen-tend\/\" \/>\n<meta property=\"og:site_name\" content=\"FjALA e LIR\u00cb - Arkivi\" \/>\n<meta property=\"article:published_time\" content=\"2011-01-20T07:58:53+00:00\" \/>\n<meta property=\"og:image\" content=\"http:\/\/fjala.shkoder.net\/wp-content\/uploads\/2011\/01\/salik_shark.jpg\" \/>\n<meta name=\"author\" content=\"admin\" \/>\n<meta name=\"twitter:card\" content=\"summary_large_image\" \/>\n<meta name=\"twitter:label1\" content=\"Written by\" \/>\n\t<meta name=\"twitter:data1\" content=\"admin\" \/>\n\t<meta name=\"twitter:label2\" content=\"Est. reading time\" \/>\n\t<meta name=\"twitter:data2\" content=\"1 minute\" \/>\n<script type=\"application\/ld+json\" class=\"yoast-schema-graph\">{\"@context\":\"https:\\\/\\\/schema.org\",\"@graph\":[{\"@type\":\"Article\",\"@id\":\"https:\\\/\\\/fjala.info\\\/2009-2015\\\/salik-pije-psikopatike-cliro-berishen-tend\\\/#article\",\"isPartOf\":{\"@id\":\"https:\\\/\\\/fjala.info\\\/2009-2015\\\/salik-pije-psikopatike-cliro-berishen-tend\\\/\"},\"author\":{\"name\":\"admin\",\"@id\":\"https:\\\/\\\/fjala.info\\\/2009-2015\\\/#\\\/schema\\\/person\\\/3aa1163ef05469c496fc94e77611ada2\"},\"headline\":\"SALIK pije psikopatike \u2013 \u00c7liro Berish\u00ebn t\u00ebnd\",\"datePublished\":\"2011-01-20T07:58:53+00:00\",\"mainEntityOfPage\":{\"@id\":\"https:\\\/\\\/fjala.info\\\/2009-2015\\\/salik-pije-psikopatike-cliro-berishen-tend\\\/\"},\"wordCount\":286,\"commentCount\":0,\"publisher\":{\"@id\":\"https:\\\/\\\/fjala.info\\\/2009-2015\\\/#organization\"},\"image\":{\"@id\":\"https:\\\/\\\/fjala.info\\\/2009-2015\\\/salik-pije-psikopatike-cliro-berishen-tend\\\/#primaryimage\"},\"thumbnailUrl\":\"http:\\\/\\\/fjala.shkoder.net\\\/wp-content\\\/uploads\\\/2011\\\/01\\\/salik_shark.jpg\",\"articleSection\":[\"Artikuj\",\"Lajm\u00ebrime\"],\"inLanguage\":\"sq-AL\",\"potentialAction\":[{\"@type\":\"CommentAction\",\"name\":\"Comment\",\"target\":[\"https:\\\/\\\/fjala.info\\\/2009-2015\\\/salik-pije-psikopatike-cliro-berishen-tend\\\/#respond\"]}]},{\"@type\":\"WebPage\",\"@id\":\"https:\\\/\\\/fjala.info\\\/2009-2015\\\/salik-pije-psikopatike-cliro-berishen-tend\\\/\",\"url\":\"https:\\\/\\\/fjala.info\\\/2009-2015\\\/salik-pije-psikopatike-cliro-berishen-tend\\\/\",\"name\":\"SALIK pije psikopatike \u2013 \u00c7liro Berish\u00ebn t\u00ebnd - FjALA e LIR\u00cb - Arkivi\",\"isPartOf\":{\"@id\":\"https:\\\/\\\/fjala.info\\\/2009-2015\\\/#website\"},\"primaryImageOfPage\":{\"@id\":\"https:\\\/\\\/fjala.info\\\/2009-2015\\\/salik-pije-psikopatike-cliro-berishen-tend\\\/#primaryimage\"},\"image\":{\"@id\":\"https:\\\/\\\/fjala.info\\\/2009-2015\\\/salik-pije-psikopatike-cliro-berishen-tend\\\/#primaryimage\"},\"thumbnailUrl\":\"http:\\\/\\\/fjala.shkoder.net\\\/wp-content\\\/uploads\\\/2011\\\/01\\\/salik_shark.jpg\",\"datePublished\":\"2011-01-20T07:58:53+00:00\",\"breadcrumb\":{\"@id\":\"https:\\\/\\\/fjala.info\\\/2009-2015\\\/salik-pije-psikopatike-cliro-berishen-tend\\\/#breadcrumb\"},\"inLanguage\":\"sq-AL\",\"potentialAction\":[{\"@type\":\"ReadAction\",\"target\":[\"https:\\\/\\\/fjala.info\\\/2009-2015\\\/salik-pije-psikopatike-cliro-berishen-tend\\\/\"]}]},{\"@type\":\"ImageObject\",\"inLanguage\":\"sq-AL\",\"@id\":\"https:\\\/\\\/fjala.info\\\/2009-2015\\\/salik-pije-psikopatike-cliro-berishen-tend\\\/#primaryimage\",\"url\":\"http:\\\/\\\/fjala.shkoder.net\\\/wp-content\\\/uploads\\\/2011\\\/01\\\/salik_shark.jpg\",\"contentUrl\":\"http:\\\/\\\/fjala.shkoder.net\\\/wp-content\\\/uploads\\\/2011\\\/01\\\/salik_shark.jpg\"},{\"@type\":\"BreadcrumbList\",\"@id\":\"https:\\\/\\\/fjala.info\\\/2009-2015\\\/salik-pije-psikopatike-cliro-berishen-tend\\\/#breadcrumb\",\"itemListElement\":[{\"@type\":\"ListItem\",\"position\":1,\"name\":\"Home\",\"item\":\"https:\\\/\\\/fjala.info\\\/2009-2015\\\/\"},{\"@type\":\"ListItem\",\"position\":2,\"name\":\"SALIK pije psikopatike \u2013 \u00c7liro Berish\u00ebn t\u00ebnd\"}]},{\"@type\":\"WebSite\",\"@id\":\"https:\\\/\\\/fjala.info\\\/2009-2015\\\/#website\",\"url\":\"https:\\\/\\\/fjala.info\\\/2009-2015\\\/\",\"name\":\"FjALA e LIR\u00cb - Arkivi\",\"description\":\"Arkivi 2009-2015\",\"publisher\":{\"@id\":\"https:\\\/\\\/fjala.info\\\/2009-2015\\\/#organization\"},\"potentialAction\":[{\"@type\":\"SearchAction\",\"target\":{\"@type\":\"EntryPoint\",\"urlTemplate\":\"https:\\\/\\\/fjala.info\\\/2009-2015\\\/?s={search_term_string}\"},\"query-input\":{\"@type\":\"PropertyValueSpecification\",\"valueRequired\":true,\"valueName\":\"search_term_string\"}}],\"inLanguage\":\"sq-AL\"},{\"@type\":\"Organization\",\"@id\":\"https:\\\/\\\/fjala.info\\\/2009-2015\\\/#organization\",\"name\":\"FjALA e LIR\u00cb - Arkivi\",\"url\":\"https:\\\/\\\/fjala.info\\\/2009-2015\\\/\",\"logo\":{\"@type\":\"ImageObject\",\"inLanguage\":\"sq-AL\",\"@id\":\"https:\\\/\\\/fjala.info\\\/2009-2015\\\/#\\\/schema\\\/logo\\\/image\\\/\",\"url\":\"\",\"contentUrl\":\"\",\"caption\":\"FjALA e LIR\u00cb - Arkivi\"},\"image\":{\"@id\":\"https:\\\/\\\/fjala.info\\\/2009-2015\\\/#\\\/schema\\\/logo\\\/image\\\/\"}},{\"@type\":\"Person\",\"@id\":\"https:\\\/\\\/fjala.info\\\/2009-2015\\\/#\\\/schema\\\/person\\\/3aa1163ef05469c496fc94e77611ada2\",\"name\":\"admin\",\"image\":{\"@type\":\"ImageObject\",\"inLanguage\":\"sq-AL\",\"@id\":\"https:\\\/\\\/fjala.info\\\/2009-2015\\\/wp-content\\\/uploads\\\/2012\\\/02\\\/arben_cokaj-120x150.jpg\",\"url\":\"https:\\\/\\\/fjala.info\\\/2009-2015\\\/wp-content\\\/uploads\\\/2012\\\/02\\\/arben_cokaj-120x150.jpg\",\"contentUrl\":\"https:\\\/\\\/fjala.info\\\/2009-2015\\\/wp-content\\\/uploads\\\/2012\\\/02\\\/arben_cokaj-120x150.jpg\",\"caption\":\"admin\"},\"description\":\"Admin, Fjala e Lir\u00eb\",\"sameAs\":[\"https:\\\/\\\/fjala.info\\\/\"],\"url\":\"https:\\\/\\\/fjala.info\\\/2009-2015\\\/author\\\/admin\\\/\"}]}<\/script>\n<!-- \/ Yoast SEO plugin. -->","yoast_head_json":{"title":"SALIK pije psikopatike \u2013 \u00c7liro Berish\u00ebn t\u00ebnd - FjALA e LIR\u00cb - Arkivi","robots":{"index":"index","follow":"follow","max-snippet":"max-snippet:-1","max-image-preview":"max-image-preview:large","max-video-preview":"max-video-preview:-1"},"canonical":"https:\/\/fjala.info\/2009-2015\/salik-pije-psikopatike-cliro-berishen-tend\/","og_locale":"sq_AL","og_type":"article","og_title":"SALIK pije psikopatike \u2013 \u00c7liro Berish\u00ebn t\u00ebnd - FjALA e LIR\u00cb - Arkivi","og_description":"Kompania e njohur e pijeve alkoolike dhe psikopatike K\u00ebshilli i Ministrave.org sjell ne tregun shqiptar SALIK, pija psikopatike q\u00eb i ka munguar shqiptar\u00ebve. Presidenti i kompanis\u00eb Salik Bisha shprehet se energjia e psikopatis\u00eb q\u00eb t\u00eb jep kjo pije \u00ebsht\u00eb e paimagjinueshme. \u201cM\u00eb n\u00eb fund po b\u00ebhet realitet \u00ebndrra shekullore e shqiptar\u00ebve me pijen historike siameze [&hellip;]","og_url":"https:\/\/fjala.info\/2009-2015\/salik-pije-psikopatike-cliro-berishen-tend\/","og_site_name":"FjALA e LIR\u00cb - Arkivi","article_published_time":"2011-01-20T07:58:53+00:00","og_image":[{"url":"http:\/\/fjala.shkoder.net\/wp-content\/uploads\/2011\/01\/salik_shark.jpg","type":"","width":"","height":""}],"author":"admin","twitter_card":"summary_large_image","twitter_misc":{"Written by":"admin","Est. reading time":"1 minute"},"schema":{"@context":"https:\/\/schema.org","@graph":[{"@type":"Article","@id":"https:\/\/fjala.info\/2009-2015\/salik-pije-psikopatike-cliro-berishen-tend\/#article","isPartOf":{"@id":"https:\/\/fjala.info\/2009-2015\/salik-pije-psikopatike-cliro-berishen-tend\/"},"author":{"name":"admin","@id":"https:\/\/fjala.info\/2009-2015\/#\/schema\/person\/3aa1163ef05469c496fc94e77611ada2"},"headline":"SALIK pije psikopatike \u2013 \u00c7liro Berish\u00ebn t\u00ebnd","datePublished":"2011-01-20T07:58:53+00:00","mainEntityOfPage":{"@id":"https:\/\/fjala.info\/2009-2015\/salik-pije-psikopatike-cliro-berishen-tend\/"},"wordCount":286,"commentCount":0,"publisher":{"@id":"https:\/\/fjala.info\/2009-2015\/#organization"},"image":{"@id":"https:\/\/fjala.info\/2009-2015\/salik-pije-psikopatike-cliro-berishen-tend\/#primaryimage"},"thumbnailUrl":"http:\/\/fjala.shkoder.net\/wp-content\/uploads\/2011\/01\/salik_shark.jpg","articleSection":["Artikuj","Lajm\u00ebrime"],"inLanguage":"sq-AL","potentialAction":[{"@type":"CommentAction","name":"Comment","target":["https:\/\/fjala.info\/2009-2015\/salik-pije-psikopatike-cliro-berishen-tend\/#respond"]}]},{"@type":"WebPage","@id":"https:\/\/fjala.info\/2009-2015\/salik-pije-psikopatike-cliro-berishen-tend\/","url":"https:\/\/fjala.info\/2009-2015\/salik-pije-psikopatike-cliro-berishen-tend\/","name":"SALIK pije psikopatike \u2013 \u00c7liro Berish\u00ebn t\u00ebnd - FjALA e LIR\u00cb - Arkivi","isPartOf":{"@id":"https:\/\/fjala.info\/2009-2015\/#website"},"primaryImageOfPage":{"@id":"https:\/\/fjala.info\/2009-2015\/salik-pije-psikopatike-cliro-berishen-tend\/#primaryimage"},"image":{"@id":"https:\/\/fjala.info\/2009-2015\/salik-pije-psikopatike-cliro-berishen-tend\/#primaryimage"},"thumbnailUrl":"http:\/\/fjala.shkoder.net\/wp-content\/uploads\/2011\/01\/salik_shark.jpg","datePublished":"2011-01-20T07:58:53+00:00","breadcrumb":{"@id":"https:\/\/fjala.info\/2009-2015\/salik-pije-psikopatike-cliro-berishen-tend\/#breadcrumb"},"inLanguage":"sq-AL","potentialAction":[{"@type":"ReadAction","target":["https:\/\/fjala.info\/2009-2015\/salik-pije-psikopatike-cliro-berishen-tend\/"]}]},{"@type":"ImageObject","inLanguage":"sq-AL","@id":"https:\/\/fjala.info\/2009-2015\/salik-pije-psikopatike-cliro-berishen-tend\/#primaryimage","url":"http:\/\/fjala.shkoder.net\/wp-content\/uploads\/2011\/01\/salik_shark.jpg","contentUrl":"http:\/\/fjala.shkoder.net\/wp-content\/uploads\/2011\/01\/salik_shark.jpg"},{"@type":"BreadcrumbList","@id":"https:\/\/fjala.info\/2009-2015\/salik-pije-psikopatike-cliro-berishen-tend\/#breadcrumb","itemListElement":[{"@type":"ListItem","position":1,"name":"Home","item":"https:\/\/fjala.info\/2009-2015\/"},{"@type":"ListItem","position":2,"name":"SALIK pije psikopatike \u2013 \u00c7liro Berish\u00ebn t\u00ebnd"}]},{"@type":"WebSite","@id":"https:\/\/fjala.info\/2009-2015\/#website","url":"https:\/\/fjala.info\/2009-2015\/","name":"FjALA e LIR\u00cb - Arkivi","description":"Arkivi 2009-2015","publisher":{"@id":"https:\/\/fjala.info\/2009-2015\/#organization"},"potentialAction":[{"@type":"SearchAction","target":{"@type":"EntryPoint","urlTemplate":"https:\/\/fjala.info\/2009-2015\/?s={search_term_string}"},"query-input":{"@type":"PropertyValueSpecification","valueRequired":true,"valueName":"search_term_string"}}],"inLanguage":"sq-AL"},{"@type":"Organization","@id":"https:\/\/fjala.info\/2009-2015\/#organization","name":"FjALA e LIR\u00cb - Arkivi","url":"https:\/\/fjala.info\/2009-2015\/","logo":{"@type":"ImageObject","inLanguage":"sq-AL","@id":"https:\/\/fjala.info\/2009-2015\/#\/schema\/logo\/image\/","url":"","contentUrl":"","caption":"FjALA e LIR\u00cb - Arkivi"},"image":{"@id":"https:\/\/fjala.info\/2009-2015\/#\/schema\/logo\/image\/"}},{"@type":"Person","@id":"https:\/\/fjala.info\/2009-2015\/#\/schema\/person\/3aa1163ef05469c496fc94e77611ada2","name":"admin","image":{"@type":"ImageObject","inLanguage":"sq-AL","@id":"https:\/\/fjala.info\/2009-2015\/wp-content\/uploads\/2012\/02\/arben_cokaj-120x150.jpg","url":"https:\/\/fjala.info\/2009-2015\/wp-content\/uploads\/2012\/02\/arben_cokaj-120x150.jpg","contentUrl":"https:\/\/fjala.info\/2009-2015\/wp-content\/uploads\/2012\/02\/arben_cokaj-120x150.jpg","caption":"admin"},"description":"Admin, Fjala e Lir\u00eb","sameAs":["https:\/\/fjala.info\/"],"url":"https:\/\/fjala.info\/2009-2015\/author\/admin\/"}]}},"_links":{"self":[{"href":"https:\/\/fjala.info\/2009-2015\/wp-json\/wp\/v2\/posts\/5745","targetHints":{"allow":["GET"]}}],"collection":[{"href":"https:\/\/fjala.info\/2009-2015\/wp-json\/wp\/v2\/posts"}],"about":[{"href":"https:\/\/fjala.info\/2009-2015\/wp-json\/wp\/v2\/types\/post"}],"author":[{"embeddable":true,"href":"https:\/\/fjala.info\/2009-2015\/wp-json\/wp\/v2\/users\/1"}],"replies":[{"embeddable":true,"href":"https:\/\/fjala.info\/2009-2015\/wp-json\/wp\/v2\/comments?post=5745"}],"version-history":[{"count":0,"href":"https:\/\/fjala.info\/2009-2015\/wp-json\/wp\/v2\/posts\/5745\/revisions"}],"wp:attachment":[{"href":"https:\/\/fjala.info\/2009-2015\/wp-json\/wp\/v2\/media?parent=5745"}],"wp:term":[{"taxonomy":"category","embeddable":true,"href":"https:\/\/fjala.info\/2009-2015\/wp-json\/wp\/v2\/categories?post=5745"},{"taxonomy":"post_tag","embeddable":true,"href":"https:\/\/fjala.info\/2009-2015\/wp-json\/wp\/v2\/tags?post=5745"}],"curies":[{"name":"wp","href":"https:\/\/api.w.org\/{rel}","templated":true}]}}