{"id":5739,"date":"2011-01-20T08:27:41","date_gmt":"2011-01-20T07:27:41","guid":{"rendered":"http:\/\/fjala.shkoder.net\/?p=5739"},"modified":"2011-01-20T08:27:41","modified_gmt":"2011-01-20T07:27:41","slug":"magjia-e-shpreses-dhe-forca-e-parase","status":"publish","type":"post","link":"https:\/\/fjala.info\/2009-2015\/magjia-e-shpreses-dhe-forca-e-parase\/","title":{"rendered":"Magjia e shpres\u00ebs dhe forca e paras\u00eb"},"content":{"rendered":"<p><img decoding=\"async\" class=\"alignleft size-full wp-image-4341\" title=\"Arben Malaj\" src=\"http:\/\/fjala.shkoder.net\/wp-content\/uploads\/2010\/10\/arben_malaj.jpg\" alt=\"\" width=\"150\" \/><br \/>\nNga: <strong>ARBEN MALAJ<\/strong>, <em>15 JANAR 2011<\/em><\/p>\n<p>Pas viteve &#8217;90, do t\u00eb ishte e v\u00ebshtir\u00eb t\u00eb mendohej se demokracia do t\u00eb ndihej s\u00ebrish e rrezikuar. Ndoshta rritja e pabarazis\u00eb dhe thellimi i saj gjat\u00eb kriz\u00ebs globale po i nxjerr m\u00eb mir\u00eb n\u00eb pah risqet ndaj saj. K\u00ebto risqe jan\u00eb shfaqur sot n\u00eb shum\u00eb vende, por ato jan\u00eb m\u00eb t\u00eb mprehta n\u00eb vendet me demokraci t\u00eb pakonsoliduar. K\u00ebto risqe mund t\u00eb sjellin m\u00eb shum\u00eb pasoja negative n\u00eb vendin ton\u00eb, q\u00eb edhe sipas indeksit t\u00eb demokracis\u00eb t\u00eb vitit 2010, edhe pas 20 vjet\u00ebsh klasifikohet regjim jo demokratik, apo demokraci hibride.<\/p>\n<p>Ndaj, analiza e risqeve, p\u00ebr m\u00eb tep\u00ebr rritja e nd\u00ebrgjegj\u00ebsimit dhe reagimit publik sa m\u00eb shpejt dhe sa m\u00eb fort, mbetet e vetmja rrug\u00eb demokratike p\u00ebr t\u00eb mbrojtur dhe konsoliduar demokracin\u00eb.<br \/>\nDemokracia po rrezikohet gjithnj\u00eb e m\u00eb shum\u00eb nga qeverisjet e korruptuara dhe nga tendencat p\u00ebr t\u00eb kontrolluar dhe n\u00ebnshtruar institucionet kushtetuese. Populizmi po b\u00ebhet gjithnj\u00eb e m\u00eb ndikues n\u00eb garat elektorale. Agresiviteti ndaj institucioneve kushtetuese po rritet. Shqet\u00ebsimi b\u00ebhet gjithnj\u00eb e m\u00eb i madh kur tentohet t\u00eb injektohet gjithnj\u00eb e m\u00eb shum\u00eb mentaliteti se parat\u00eb jan\u00eb faktori p\u00ebrcaktues i fitoreve elektorale, ndaj ato duhen siguruar me \u00e7do kosto.<\/p>\n<p>E v\u00ebrteta nuk \u00ebsht\u00eb k\u00ebshtu, por disa nga politikan\u00ebt tentojn\u00eb rrug\u00ebn m\u00eb t\u00eb leht\u00eb, manipulimin e proceseve zgjedhore, korruptimin e medias, korruptimin politik t\u00eb institucioneve p\u00ebrgjegj\u00ebse p\u00ebr organizimin e zgjedhjeve dhe nxjerrjen e rezultateve.<\/p>\n<p>Gjuha e urrejtjes, agresiviteti ndaj kund\u00ebrshtar\u00ebve politik\u00eb deri n\u00eb cenimin fizik t\u00eb tyre n\u00eb salla Parlamenti apo aktivitete publike, po rrisin shqet\u00ebsimin publik p\u00ebr k\u00ebt\u00eb risk n\u00eb rritje. Tensionet partiake jo vet\u00ebm n\u00eb fushatat elektorale, por edhe gjat\u00eb funksionimit t\u00eb parlamenteve jan\u00eb rritur kudo, por ambienti politik shqiptar dhe sidomos Parlamenti yn\u00eb, \u00ebsht\u00eb m\u00eb i r\u00ebnduari negativisht.<\/p>\n<p>Ky trend negativ dhe k\u00ebto situata t\u00eb r\u00ebnduara kan\u00eb faktor\u00ebt e tyre social\u00eb e politik\u00eb q\u00eb i ushqejn\u00eb. Partit\u00eb politike kan\u00eb reduktuar aktivitetet e drejtp\u00ebrdrejta p\u00ebr t\u00eb takuar, diskutuar, p\u00ebr t\u00eb d\u00ebgjuar, p\u00ebr t\u00eb respektuar dhe p\u00ebr t\u00eb inspiruar publikun.<\/p>\n<p>Demokracia e brendshme e forcave politike \u00ebsht\u00eb cenuar r\u00ebnd\u00eb. Influenca e paras\u00eb ka ardhur n\u00eb rritje n\u00eb konfigurimin e politikave dhe ekipeve politike. Lider\u00ebt partiak\u00eb, bazuar edhe n\u00eb sistemin e ri elektoral, kan\u00eb fituar padrejt\u00ebsisht m\u00eb shum\u00eb pushtet. Fatkeq\u00ebsisht, ky pushtet n\u00eb rritje \u00ebsht\u00eb konsideruar prej tyre jo si p\u00ebrgjegj\u00ebsi\/misioni p\u00ebr t\u00eb ndryshuar pozitivisht forcat e tyre politike, p\u00ebr t\u00eb p\u00ebrmir\u00ebsuar rr\u00ebnj\u00ebsisht qeverisjen e vendit dhe p\u00ebr t&#8217;u investuar p\u00ebr nj\u00eb kultur\u00eb t\u00eb re politike. Ky pushtet i rritur keqp\u00ebrdoret, ata ndihen t\u00eb plotfuqish\u00ebm, deri abuzues normal\u00eb t\u00eb pushteteve partiake. Kjo konstatohet edhe n\u00eb faktin q\u00eb n\u00eb strategjit\u00eb elektorale po i jepet nj\u00eb pesh\u00eb n\u00eb rritje forc\u00ebs s\u00eb paras\u00eb.<\/p>\n<p>Ky mentalitet i ri \u00ebsht\u00eb leht\u00ebsuar p\u00ebr t&#8217;u konsideruar normal, edhe nga faktor\u00eb konkret\u00eb t\u00eb ndryshimeve t\u00eb r\u00ebnd\u00ebsishme q\u00eb konstatohen tani.<br \/>\nNdoshta n\u00eb m\u00ebnyr\u00eb t\u00eb p\u00ebrmbledhur dhe t\u00eb p\u00ebrs\u00ebritur jan\u00eb tre faktor\u00ebt q\u00eb ushtrojn\u00eb presion p\u00ebr t\u00eb mbivler\u00ebsuar pushtetin e paras\u00eb n\u00eb politik\u00eb.<\/p>\n<p>S\u00eb pari, ngushtimi i diferenc\u00ebs midis forcave kryesore politike e ka rritur pesh\u00ebn e votuesve t\u00eb pap\u00ebrcaktuar n\u00eb dit\u00ebn e zgjedhjeve. S\u00eb dyti, \u00ebsht\u00eb rritur ndjesh\u00ebm roli i medias p\u00ebr t\u00eb influencuar t\u00eb pavendosurit. S\u00eb treti, kostoja e fushatave mediatike po rritet me ritme shum\u00eb t\u00eb larta.<br \/>\nAbsolutizimi i forc\u00ebs\/pushtetit t\u00eb paras\u00eb n\u00eb politik\u00eb i d\u00ebmton r\u00ebnd\u00eb ballafaqimet elektorale. Kjo sepse fushata bazohet gjithnj\u00eb e m\u00eb shum\u00eb tek ky faktor. Ky mentalitet, duke d\u00ebmtuar r\u00ebnd\u00eb zgjedhjet, d\u00ebmton shum\u00eb r\u00ebnd\u00eb akoma pa lindur, qeverisjen e ardhshme.<\/p>\n<p>Midis forc\u00ebs magjike t\u00eb shpres\u00ebs dhe forc\u00ebs s\u00eb paras\u00eb, pa frik\u00eb do t\u00eb mb\u00ebshtesja nj\u00eb strategji fitoreje t\u00eb Partis\u00eb Socialiste t\u00eb bazuar tek shpresa.<br \/>\nNj\u00eb fitore e bazuar tek paraja i ngjan nj\u00eb veprimi tregtar, ku n\u00eb disa raste paguesi\/financuesi e ka parapaguar fitimin q\u00eb pret nga politikani apo maxhoranca. Politikan\u00ebt tan\u00eb dhe qeveritar\u00ebt e fillojn\u00eb mandatin e ri duke qen\u00eb borxhlinj t\u00eb k\u00ebqij t\u00eb financuesve t\u00eb tyre t\u00eb fuqish\u00ebm.<\/p>\n<p>Qeverisja shnd\u00ebrrohet jo von\u00eb n\u00eb keqqeverisje. Korrupsioni b\u00ebhet masiv, kapja e shtetit b\u00ebhet vet\u00ebsh\u00ebrbim. Vendi vuan gjithnj\u00eb e m\u00eb shum\u00eb nga maxhorancat e prodhuara nga financimet korruptive.<br \/>\nKjo ndodh at\u00ebher\u00eb kur disa biznesmen\u00eb i arrijn\u00eb fitimet e larta nga biznesi me politikan\u00eb, ose kur disa politikan\u00eb e konsiderojn\u00eb politik\u00ebn biznesin m\u00eb fitimprur\u00ebs.<\/p>\n<p>Koh\u00ebt e fundit, edhe n\u00eb Ballkan po shtohen rastet kur kryeministra dhe ministra t\u00eb konsideruar t\u00eb gjith\u00ebpushtetsh\u00ebm, po p\u00ebrfundojn\u00eb n\u00eb t\u00eb akuzuar publik\u00eb e penal\u00eb, deri edhe t\u00eb arratisur nga vendi i tyre.<\/p>\n<p>N\u00eb rastin e strategjive t\u00eb fitores s\u00eb bazuar tek magjia e shpres\u00ebs, marr\u00ebdh\u00ebnia parti fituese me votuesit e tyre \u00ebsht\u00eb s\u00ebrish raport debitor, por krejt\u00ebsisht ndryshe. N\u00eb k\u00ebt\u00eb rast, borxhi\/detyrimi \u00ebsht\u00eb moral. N\u00eb k\u00ebt\u00eb rast, qeveria e re nuk e fillon pun\u00ebn me nj\u00eb borxh financiar q\u00eb shum\u00eb shpejt e mban t\u00eb lidhur dhe e imponon. N\u00eb rastin e magjis\u00eb s\u00eb shpres\u00ebs, qeveria e re ka nj\u00eb detyrim moral t&#8217;i shnd\u00ebrroj\u00eb \u00ebndrrat e votuesve t\u00eb saj n\u00eb realitet. Maxhorancat qeveris\u00ebse q\u00eb vijn\u00eb nga fuqia magjike e shpres\u00ebs kan\u00eb detyrimin moral t\u00eb p\u00ebrmir\u00ebsojn\u00eb qeverisjen e vendit, t\u00eb luftojn\u00eb korrupsionin, t\u00eb p\u00ebrmir\u00ebsojn\u00eb funksionimin demokratik t\u00eb vendit, t\u00eb rrisin dhe zgjerojn\u00eb lirit\u00eb politike dhe ekonomike t\u00eb t\u00eb gjith\u00eb votuesve.<\/p>\n<p>Do t\u00eb d\u00ebshiroja q\u00eb n\u00eb ndihm\u00eb t\u00eb k\u00ebsaj analize ballafaquese midis fuqis\u00eb magjike t\u00eb shpres\u00ebs dhe fuqis\u00eb s\u00eb paras\u00eb, t\u00eb sillja edhe shembuj konkret\u00eb t\u00eb fitoreve elektorale t\u00eb bazuara tek magjia e shpres\u00ebs.<br \/>\nPresidenti i rajonit t\u00eb Pulias, Nichi Vendola, kandidoi dhe fitoi mandatin e tij t\u00eb dyt\u00eb, duke mos pasur mb\u00ebshtetjen e partis\u00eb s\u00eb tij politike. Fitoi, pik\u00ebrisht sepse votuesit e tij shpresojn\u00eb tek Vendola m\u00eb shum\u00eb se tek \u00e7do politikan tjet\u00ebr i t\u00eb majt\u00ebs italiane.<\/p>\n<p>N\u00eb zgjedhjet e fundit p\u00ebr guvernator n\u00eb Kaliforni, t\u00eb drejtuar m\u00eb par\u00eb nga republikani Schwarzenegger, republikan\u00ebt mandatuan nj\u00eb grua me nj\u00eb eksperienc\u00eb t\u00eb shk\u00eblqyer si menaxhere biznesi. Meg Whitman, ish-CEO e Ebay, nj\u00eb prej kompanive t\u00eb m\u00ebdha n\u00eb bot\u00eb, me t\u00eb ardhura vjetore rreth 8.7 miliard\u00eb dollar\u00eb dhe me rreth 15 mij\u00eb punonj\u00ebs. Meg Whitman vuri n\u00eb sh\u00ebrbim t\u00eb fitores s\u00eb saj jo pak, por rreth 160 milion\u00eb dollar\u00eb nga pasuria e saj.<\/p>\n<p>Demokrat\u00ebt mandatuan Jerry Brown, 72 vje\u00e7, ish-prokuror i P\u00ebrgjithsh\u00ebm, ish-guvernator, ish-kryetar bashkie, ish-kryetari i Partis\u00eb Demokratike n\u00eb Kaliforni dhe disa her\u00eb pjes\u00ebtar i gar\u00ebs brenda demokrat\u00ebve p\u00ebr kandidat i SHBA-s\u00eb. Jerry Brown jo vet\u00ebm fitoi ndaj kandidates republikane, e cila kishte ep\u00ebrsi fondesh p\u00ebr ta financuar fushat\u00ebn e saj, por fitoi me nj\u00eb rezultat prej rreth 1.2 milion votash m\u00eb shum\u00eb, fitoi 53.8% t\u00eb votave krahasuar me 40.9% q\u00eb fitoi kandidatja republikane.<br \/>\nPresidenti Obama, t\u00eb cilit aq shum\u00eb i referohen politikan\u00ebt shqiptar\u00eb, e krijoi avantazhin e fitores jo nga fondet e mbledhura p\u00ebr t\u00eb financuar fushat\u00ebn, por nga avantazhi i magjis\u00eb s\u00eb shpres\u00ebs, t\u00eb cilin e krijoi gjat\u00eb gjith\u00eb angazhimit t\u00eb tij publik, duke filluar me fjalimin impresionues n\u00eb Konvent\u00ebn e Demokrat\u00ebve, n\u00eb vitin 2004.<\/p>\n<p>N\u00eb k\u00ebt\u00eb rast ishte shpresa ajo q\u00eb edhe leht\u00ebsoi grumbullimin e fondeve, duke sjell\u00eb nj\u00eb model t\u00eb ri, mb\u00ebshtetjen e financimit t\u00eb fushat\u00ebs tek kontributet modeste t\u00eb sa m\u00eb shum\u00eb votuesve. Shpresa e leht\u00ebson gjetjen e burimeve financiare, nd\u00ebrsa strategjit\u00eb e bazuara kryesisht tek paraja mund t\u00eb vrasin fitoren, ose t\u00eb prodhojn\u00eb fitore q\u00eb e vrasin shpres\u00ebn p\u00ebr nj\u00eb qeverisje m\u00eb t\u00eb mir\u00eb.<br \/>\nNuk ka receta magjike p\u00ebr ta shp\u00ebtuar demokracin\u00eb nga k\u00ebto risqe, por patjet\u00ebr ka disa piketa orientuese q\u00eb vijn\u00eb nga ekspert\u00eb t\u00eb shkencave politike, t\u00eb cil\u00ebt gjithnj\u00eb e m\u00eb shum\u00eb ndjekin me shqet\u00ebsim k\u00ebt\u00eb trend.<\/p>\n<p>K\u00ebrkohet t\u00eb rritet gjithnj\u00eb e m\u00eb shum\u00eb kontakti i drejtp\u00ebrdrejt\u00eb, k\u00ebrkohet t\u00eb mbrohen gjithnj\u00eb e m\u00eb mir\u00eb interesat e klas\u00ebs s\u00eb mesme dhe grupimeve shoq\u00ebrore t\u00eb pap\u00ebrfaq\u00ebsuara nga lobist\u00ebt. K\u00ebrkohet t\u00eb mbrohet qeveria nga lobist\u00eb q\u00eb po tentojn\u00eb t\u00eb influencojn\u00eb gjithnj\u00eb e m\u00eb shum\u00eb politikat dhe ekipet qeveris\u00ebse. Duhet t\u00eb rritet pjes\u00ebmarrja e drejtp\u00ebrdrejt\u00eb n\u00eb proceset qeveris\u00ebse. Politika duhet t\u00eb jet\u00eb m\u00eb e af\u00ebrt, m\u00eb konkrete dhe sa m\u00eb produktive.<\/p>\n<p>\u00cbsht\u00eb e v\u00ebshtir\u00eb t\u00eb pretendosh se do t\u00eb eliminohen influencat lobiste n\u00eb politik\u00eb, por \u00ebsht\u00eb kritike p\u00ebr t\u00eb ardhmen e demokracis\u00eb n.q.s. qeveria nuk ka nj\u00eb kontroll demokratik n\u00eb t\u00eb gjith\u00eb aktivitetin e saj.<br \/>\nRritja e pjes\u00ebmarrjes s\u00eb publikut n\u00eb zhvillimet demokratike t\u00eb vendit t\u00eb tyre, rritja e transparenc\u00ebs s\u00eb proceseve politike dhe qeveris\u00ebse, rritja e pjes\u00ebmarrjes n\u00eb votime, fuqia magjike e shpres\u00ebs dhe jo forca e paras\u00eb, mund ta garantojn\u00eb m\u00eb mir\u00eb t\u00eb ardhmen ton\u00eb.<\/p>\n","protected":false},"excerpt":{"rendered":"<p>Nga: ARBEN MALAJ, 15 JANAR 2011 Pas viteve &#8217;90, do t\u00eb ishte e v\u00ebshtir\u00eb t\u00eb mendohej se demokracia do t\u00eb ndihej s\u00ebrish e rrezikuar. Ndoshta rritja e pabarazis\u00eb dhe thellimi i saj gjat\u00eb kriz\u00ebs globale po i nxjerr m\u00eb mir\u00eb n\u00eb pah risqet ndaj saj. K\u00ebto risqe jan\u00eb shfaqur sot n\u00eb shum\u00eb vende, por ato [&hellip;]<\/p>\n","protected":false},"author":1,"featured_media":0,"comment_status":"open","ping_status":"closed","sticky":false,"template":"","format":"standard","meta":{"footnotes":""},"categories":[2],"tags":[],"class_list":{"0":"post-5739","1":"post","2":"type-post","3":"status-publish","4":"format-standard","6":"category-artikuj"},"yoast_head":"<!-- This site is optimized with the Yoast SEO plugin v27.4 - https:\/\/yoast.com\/product\/yoast-seo-wordpress\/ -->\n<title>Magjia e shpres\u00ebs dhe forca e paras\u00eb - FjALA e LIR\u00cb - Arkivi<\/title>\n<meta name=\"robots\" content=\"index, follow, max-snippet:-1, max-image-preview:large, max-video-preview:-1\" \/>\n<link rel=\"canonical\" href=\"https:\/\/fjala.info\/2009-2015\/magjia-e-shpreses-dhe-forca-e-parase\/\" \/>\n<meta property=\"og:locale\" content=\"sq_AL\" \/>\n<meta property=\"og:type\" content=\"article\" \/>\n<meta property=\"og:title\" content=\"Magjia e shpres\u00ebs dhe forca e paras\u00eb - FjALA e LIR\u00cb - Arkivi\" \/>\n<meta property=\"og:description\" content=\"Nga: ARBEN MALAJ, 15 JANAR 2011 Pas viteve &#8217;90, do t\u00eb ishte e v\u00ebshtir\u00eb t\u00eb mendohej se demokracia do t\u00eb ndihej s\u00ebrish e rrezikuar. Ndoshta rritja e pabarazis\u00eb dhe thellimi i saj gjat\u00eb kriz\u00ebs globale po i nxjerr m\u00eb mir\u00eb n\u00eb pah risqet ndaj saj. K\u00ebto risqe jan\u00eb shfaqur sot n\u00eb shum\u00eb vende, por ato [&hellip;]\" \/>\n<meta property=\"og:url\" content=\"https:\/\/fjala.info\/2009-2015\/magjia-e-shpreses-dhe-forca-e-parase\/\" \/>\n<meta property=\"og:site_name\" content=\"FjALA e LIR\u00cb - Arkivi\" \/>\n<meta property=\"article:published_time\" content=\"2011-01-20T07:27:41+00:00\" \/>\n<meta property=\"og:image\" content=\"http:\/\/fjala.shkoder.net\/wp-content\/uploads\/2010\/10\/arben_malaj.jpg\" \/>\n<meta name=\"author\" content=\"admin\" \/>\n<meta name=\"twitter:card\" content=\"summary_large_image\" \/>\n<meta name=\"twitter:label1\" content=\"Written by\" \/>\n\t<meta name=\"twitter:data1\" content=\"admin\" \/>\n\t<meta name=\"twitter:label2\" content=\"Est. reading time\" \/>\n\t<meta name=\"twitter:data2\" content=\"8 minutes\" \/>\n<script type=\"application\/ld+json\" class=\"yoast-schema-graph\">{\"@context\":\"https:\\\/\\\/schema.org\",\"@graph\":[{\"@type\":\"Article\",\"@id\":\"https:\\\/\\\/fjala.info\\\/2009-2015\\\/magjia-e-shpreses-dhe-forca-e-parase\\\/#article\",\"isPartOf\":{\"@id\":\"https:\\\/\\\/fjala.info\\\/2009-2015\\\/magjia-e-shpreses-dhe-forca-e-parase\\\/\"},\"author\":{\"name\":\"admin\",\"@id\":\"https:\\\/\\\/fjala.info\\\/2009-2015\\\/#\\\/schema\\\/person\\\/3aa1163ef05469c496fc94e77611ada2\"},\"headline\":\"Magjia e shpres\u00ebs dhe forca e paras\u00eb\",\"datePublished\":\"2011-01-20T07:27:41+00:00\",\"mainEntityOfPage\":{\"@id\":\"https:\\\/\\\/fjala.info\\\/2009-2015\\\/magjia-e-shpreses-dhe-forca-e-parase\\\/\"},\"wordCount\":1542,\"commentCount\":0,\"publisher\":{\"@id\":\"https:\\\/\\\/fjala.info\\\/2009-2015\\\/#organization\"},\"image\":{\"@id\":\"https:\\\/\\\/fjala.info\\\/2009-2015\\\/magjia-e-shpreses-dhe-forca-e-parase\\\/#primaryimage\"},\"thumbnailUrl\":\"http:\\\/\\\/fjala.shkoder.net\\\/wp-content\\\/uploads\\\/2010\\\/10\\\/arben_malaj.jpg\",\"articleSection\":[\"Artikuj\"],\"inLanguage\":\"sq-AL\",\"potentialAction\":[{\"@type\":\"CommentAction\",\"name\":\"Comment\",\"target\":[\"https:\\\/\\\/fjala.info\\\/2009-2015\\\/magjia-e-shpreses-dhe-forca-e-parase\\\/#respond\"]}]},{\"@type\":\"WebPage\",\"@id\":\"https:\\\/\\\/fjala.info\\\/2009-2015\\\/magjia-e-shpreses-dhe-forca-e-parase\\\/\",\"url\":\"https:\\\/\\\/fjala.info\\\/2009-2015\\\/magjia-e-shpreses-dhe-forca-e-parase\\\/\",\"name\":\"Magjia e shpres\u00ebs dhe forca e paras\u00eb - FjALA e LIR\u00cb - Arkivi\",\"isPartOf\":{\"@id\":\"https:\\\/\\\/fjala.info\\\/2009-2015\\\/#website\"},\"primaryImageOfPage\":{\"@id\":\"https:\\\/\\\/fjala.info\\\/2009-2015\\\/magjia-e-shpreses-dhe-forca-e-parase\\\/#primaryimage\"},\"image\":{\"@id\":\"https:\\\/\\\/fjala.info\\\/2009-2015\\\/magjia-e-shpreses-dhe-forca-e-parase\\\/#primaryimage\"},\"thumbnailUrl\":\"http:\\\/\\\/fjala.shkoder.net\\\/wp-content\\\/uploads\\\/2010\\\/10\\\/arben_malaj.jpg\",\"datePublished\":\"2011-01-20T07:27:41+00:00\",\"breadcrumb\":{\"@id\":\"https:\\\/\\\/fjala.info\\\/2009-2015\\\/magjia-e-shpreses-dhe-forca-e-parase\\\/#breadcrumb\"},\"inLanguage\":\"sq-AL\",\"potentialAction\":[{\"@type\":\"ReadAction\",\"target\":[\"https:\\\/\\\/fjala.info\\\/2009-2015\\\/magjia-e-shpreses-dhe-forca-e-parase\\\/\"]}]},{\"@type\":\"ImageObject\",\"inLanguage\":\"sq-AL\",\"@id\":\"https:\\\/\\\/fjala.info\\\/2009-2015\\\/magjia-e-shpreses-dhe-forca-e-parase\\\/#primaryimage\",\"url\":\"http:\\\/\\\/fjala.shkoder.net\\\/wp-content\\\/uploads\\\/2010\\\/10\\\/arben_malaj.jpg\",\"contentUrl\":\"http:\\\/\\\/fjala.shkoder.net\\\/wp-content\\\/uploads\\\/2010\\\/10\\\/arben_malaj.jpg\"},{\"@type\":\"BreadcrumbList\",\"@id\":\"https:\\\/\\\/fjala.info\\\/2009-2015\\\/magjia-e-shpreses-dhe-forca-e-parase\\\/#breadcrumb\",\"itemListElement\":[{\"@type\":\"ListItem\",\"position\":1,\"name\":\"Home\",\"item\":\"https:\\\/\\\/fjala.info\\\/2009-2015\\\/\"},{\"@type\":\"ListItem\",\"position\":2,\"name\":\"Magjia e shpres\u00ebs dhe forca e paras\u00eb\"}]},{\"@type\":\"WebSite\",\"@id\":\"https:\\\/\\\/fjala.info\\\/2009-2015\\\/#website\",\"url\":\"https:\\\/\\\/fjala.info\\\/2009-2015\\\/\",\"name\":\"FjALA e LIR\u00cb - Arkivi\",\"description\":\"Arkivi 2009-2015\",\"publisher\":{\"@id\":\"https:\\\/\\\/fjala.info\\\/2009-2015\\\/#organization\"},\"potentialAction\":[{\"@type\":\"SearchAction\",\"target\":{\"@type\":\"EntryPoint\",\"urlTemplate\":\"https:\\\/\\\/fjala.info\\\/2009-2015\\\/?s={search_term_string}\"},\"query-input\":{\"@type\":\"PropertyValueSpecification\",\"valueRequired\":true,\"valueName\":\"search_term_string\"}}],\"inLanguage\":\"sq-AL\"},{\"@type\":\"Organization\",\"@id\":\"https:\\\/\\\/fjala.info\\\/2009-2015\\\/#organization\",\"name\":\"FjALA e LIR\u00cb - Arkivi\",\"url\":\"https:\\\/\\\/fjala.info\\\/2009-2015\\\/\",\"logo\":{\"@type\":\"ImageObject\",\"inLanguage\":\"sq-AL\",\"@id\":\"https:\\\/\\\/fjala.info\\\/2009-2015\\\/#\\\/schema\\\/logo\\\/image\\\/\",\"url\":\"\",\"contentUrl\":\"\",\"caption\":\"FjALA e LIR\u00cb - Arkivi\"},\"image\":{\"@id\":\"https:\\\/\\\/fjala.info\\\/2009-2015\\\/#\\\/schema\\\/logo\\\/image\\\/\"}},{\"@type\":\"Person\",\"@id\":\"https:\\\/\\\/fjala.info\\\/2009-2015\\\/#\\\/schema\\\/person\\\/3aa1163ef05469c496fc94e77611ada2\",\"name\":\"admin\",\"image\":{\"@type\":\"ImageObject\",\"inLanguage\":\"sq-AL\",\"@id\":\"https:\\\/\\\/fjala.info\\\/2009-2015\\\/wp-content\\\/uploads\\\/2012\\\/02\\\/arben_cokaj-120x150.jpg\",\"url\":\"https:\\\/\\\/fjala.info\\\/2009-2015\\\/wp-content\\\/uploads\\\/2012\\\/02\\\/arben_cokaj-120x150.jpg\",\"contentUrl\":\"https:\\\/\\\/fjala.info\\\/2009-2015\\\/wp-content\\\/uploads\\\/2012\\\/02\\\/arben_cokaj-120x150.jpg\",\"caption\":\"admin\"},\"description\":\"Admin, Fjala e Lir\u00eb\",\"sameAs\":[\"https:\\\/\\\/fjala.info\\\/\"],\"url\":\"https:\\\/\\\/fjala.info\\\/2009-2015\\\/author\\\/admin\\\/\"}]}<\/script>\n<!-- \/ Yoast SEO plugin. -->","yoast_head_json":{"title":"Magjia e shpres\u00ebs dhe forca e paras\u00eb - FjALA e LIR\u00cb - Arkivi","robots":{"index":"index","follow":"follow","max-snippet":"max-snippet:-1","max-image-preview":"max-image-preview:large","max-video-preview":"max-video-preview:-1"},"canonical":"https:\/\/fjala.info\/2009-2015\/magjia-e-shpreses-dhe-forca-e-parase\/","og_locale":"sq_AL","og_type":"article","og_title":"Magjia e shpres\u00ebs dhe forca e paras\u00eb - FjALA e LIR\u00cb - Arkivi","og_description":"Nga: ARBEN MALAJ, 15 JANAR 2011 Pas viteve &#8217;90, do t\u00eb ishte e v\u00ebshtir\u00eb t\u00eb mendohej se demokracia do t\u00eb ndihej s\u00ebrish e rrezikuar. Ndoshta rritja e pabarazis\u00eb dhe thellimi i saj gjat\u00eb kriz\u00ebs globale po i nxjerr m\u00eb mir\u00eb n\u00eb pah risqet ndaj saj. K\u00ebto risqe jan\u00eb shfaqur sot n\u00eb shum\u00eb vende, por ato [&hellip;]","og_url":"https:\/\/fjala.info\/2009-2015\/magjia-e-shpreses-dhe-forca-e-parase\/","og_site_name":"FjALA e LIR\u00cb - Arkivi","article_published_time":"2011-01-20T07:27:41+00:00","og_image":[{"url":"http:\/\/fjala.shkoder.net\/wp-content\/uploads\/2010\/10\/arben_malaj.jpg","type":"","width":"","height":""}],"author":"admin","twitter_card":"summary_large_image","twitter_misc":{"Written by":"admin","Est. reading time":"8 minutes"},"schema":{"@context":"https:\/\/schema.org","@graph":[{"@type":"Article","@id":"https:\/\/fjala.info\/2009-2015\/magjia-e-shpreses-dhe-forca-e-parase\/#article","isPartOf":{"@id":"https:\/\/fjala.info\/2009-2015\/magjia-e-shpreses-dhe-forca-e-parase\/"},"author":{"name":"admin","@id":"https:\/\/fjala.info\/2009-2015\/#\/schema\/person\/3aa1163ef05469c496fc94e77611ada2"},"headline":"Magjia e shpres\u00ebs dhe forca e paras\u00eb","datePublished":"2011-01-20T07:27:41+00:00","mainEntityOfPage":{"@id":"https:\/\/fjala.info\/2009-2015\/magjia-e-shpreses-dhe-forca-e-parase\/"},"wordCount":1542,"commentCount":0,"publisher":{"@id":"https:\/\/fjala.info\/2009-2015\/#organization"},"image":{"@id":"https:\/\/fjala.info\/2009-2015\/magjia-e-shpreses-dhe-forca-e-parase\/#primaryimage"},"thumbnailUrl":"http:\/\/fjala.shkoder.net\/wp-content\/uploads\/2010\/10\/arben_malaj.jpg","articleSection":["Artikuj"],"inLanguage":"sq-AL","potentialAction":[{"@type":"CommentAction","name":"Comment","target":["https:\/\/fjala.info\/2009-2015\/magjia-e-shpreses-dhe-forca-e-parase\/#respond"]}]},{"@type":"WebPage","@id":"https:\/\/fjala.info\/2009-2015\/magjia-e-shpreses-dhe-forca-e-parase\/","url":"https:\/\/fjala.info\/2009-2015\/magjia-e-shpreses-dhe-forca-e-parase\/","name":"Magjia e shpres\u00ebs dhe forca e paras\u00eb - FjALA e LIR\u00cb - Arkivi","isPartOf":{"@id":"https:\/\/fjala.info\/2009-2015\/#website"},"primaryImageOfPage":{"@id":"https:\/\/fjala.info\/2009-2015\/magjia-e-shpreses-dhe-forca-e-parase\/#primaryimage"},"image":{"@id":"https:\/\/fjala.info\/2009-2015\/magjia-e-shpreses-dhe-forca-e-parase\/#primaryimage"},"thumbnailUrl":"http:\/\/fjala.shkoder.net\/wp-content\/uploads\/2010\/10\/arben_malaj.jpg","datePublished":"2011-01-20T07:27:41+00:00","breadcrumb":{"@id":"https:\/\/fjala.info\/2009-2015\/magjia-e-shpreses-dhe-forca-e-parase\/#breadcrumb"},"inLanguage":"sq-AL","potentialAction":[{"@type":"ReadAction","target":["https:\/\/fjala.info\/2009-2015\/magjia-e-shpreses-dhe-forca-e-parase\/"]}]},{"@type":"ImageObject","inLanguage":"sq-AL","@id":"https:\/\/fjala.info\/2009-2015\/magjia-e-shpreses-dhe-forca-e-parase\/#primaryimage","url":"http:\/\/fjala.shkoder.net\/wp-content\/uploads\/2010\/10\/arben_malaj.jpg","contentUrl":"http:\/\/fjala.shkoder.net\/wp-content\/uploads\/2010\/10\/arben_malaj.jpg"},{"@type":"BreadcrumbList","@id":"https:\/\/fjala.info\/2009-2015\/magjia-e-shpreses-dhe-forca-e-parase\/#breadcrumb","itemListElement":[{"@type":"ListItem","position":1,"name":"Home","item":"https:\/\/fjala.info\/2009-2015\/"},{"@type":"ListItem","position":2,"name":"Magjia e shpres\u00ebs dhe forca e paras\u00eb"}]},{"@type":"WebSite","@id":"https:\/\/fjala.info\/2009-2015\/#website","url":"https:\/\/fjala.info\/2009-2015\/","name":"FjALA e LIR\u00cb - Arkivi","description":"Arkivi 2009-2015","publisher":{"@id":"https:\/\/fjala.info\/2009-2015\/#organization"},"potentialAction":[{"@type":"SearchAction","target":{"@type":"EntryPoint","urlTemplate":"https:\/\/fjala.info\/2009-2015\/?s={search_term_string}"},"query-input":{"@type":"PropertyValueSpecification","valueRequired":true,"valueName":"search_term_string"}}],"inLanguage":"sq-AL"},{"@type":"Organization","@id":"https:\/\/fjala.info\/2009-2015\/#organization","name":"FjALA e LIR\u00cb - Arkivi","url":"https:\/\/fjala.info\/2009-2015\/","logo":{"@type":"ImageObject","inLanguage":"sq-AL","@id":"https:\/\/fjala.info\/2009-2015\/#\/schema\/logo\/image\/","url":"","contentUrl":"","caption":"FjALA e LIR\u00cb - Arkivi"},"image":{"@id":"https:\/\/fjala.info\/2009-2015\/#\/schema\/logo\/image\/"}},{"@type":"Person","@id":"https:\/\/fjala.info\/2009-2015\/#\/schema\/person\/3aa1163ef05469c496fc94e77611ada2","name":"admin","image":{"@type":"ImageObject","inLanguage":"sq-AL","@id":"https:\/\/fjala.info\/2009-2015\/wp-content\/uploads\/2012\/02\/arben_cokaj-120x150.jpg","url":"https:\/\/fjala.info\/2009-2015\/wp-content\/uploads\/2012\/02\/arben_cokaj-120x150.jpg","contentUrl":"https:\/\/fjala.info\/2009-2015\/wp-content\/uploads\/2012\/02\/arben_cokaj-120x150.jpg","caption":"admin"},"description":"Admin, Fjala e Lir\u00eb","sameAs":["https:\/\/fjala.info\/"],"url":"https:\/\/fjala.info\/2009-2015\/author\/admin\/"}]}},"_links":{"self":[{"href":"https:\/\/fjala.info\/2009-2015\/wp-json\/wp\/v2\/posts\/5739","targetHints":{"allow":["GET"]}}],"collection":[{"href":"https:\/\/fjala.info\/2009-2015\/wp-json\/wp\/v2\/posts"}],"about":[{"href":"https:\/\/fjala.info\/2009-2015\/wp-json\/wp\/v2\/types\/post"}],"author":[{"embeddable":true,"href":"https:\/\/fjala.info\/2009-2015\/wp-json\/wp\/v2\/users\/1"}],"replies":[{"embeddable":true,"href":"https:\/\/fjala.info\/2009-2015\/wp-json\/wp\/v2\/comments?post=5739"}],"version-history":[{"count":0,"href":"https:\/\/fjala.info\/2009-2015\/wp-json\/wp\/v2\/posts\/5739\/revisions"}],"wp:attachment":[{"href":"https:\/\/fjala.info\/2009-2015\/wp-json\/wp\/v2\/media?parent=5739"}],"wp:term":[{"taxonomy":"category","embeddable":true,"href":"https:\/\/fjala.info\/2009-2015\/wp-json\/wp\/v2\/categories?post=5739"},{"taxonomy":"post_tag","embeddable":true,"href":"https:\/\/fjala.info\/2009-2015\/wp-json\/wp\/v2\/tags?post=5739"}],"curies":[{"name":"wp","href":"https:\/\/api.w.org\/{rel}","templated":true}]}}