{"id":5738,"date":"2012-11-05T17:06:10","date_gmt":"2012-11-05T16:06:10","guid":{"rendered":"http:\/\/www.fjala.info\/?p=5738"},"modified":"2012-11-05T17:06:10","modified_gmt":"2012-11-05T16:06:10","slug":"zeri-i-kosoves-ne-kryeqytetin-gjerman","status":"publish","type":"post","link":"https:\/\/fjala.info\/2009-2015\/zeri-i-kosoves-ne-kryeqytetin-gjerman\/","title":{"rendered":"Z\u00ebri i Kosov\u00ebs n\u00eb kryeqytetin gjerman"},"content":{"rendered":"<p><img decoding=\"async\" class=\"alignright size-thumbnail wp-image-7236\" title=\"Vjollca Hajdari\" src=\"http:\/\/www.fjala.info\/2012\/vjollca_hajdari.jpg\" alt=\"\" width=\"200\" \/> <strong><em>\u2022Vjollca Hajdari jeton n\u00eb Berlin. Shqiptar\u00ebt n\u00eb kryeqytetin e Gjermanis\u00eb e njohin vajz\u00ebn nga Mitrovica q\u00eb i prezanton shpesh ata n\u00eb mediat gjermane dhe n\u00eb diskutimet politike p\u00ebr Kosov\u00ebn<\/em><\/strong><\/p>\n<p><strong>Aida Cama<\/strong>, <em>05.11.2012<\/em><\/p>\n<p>&#8211; Vjollca Hajdari jeton n\u00eb Berlin. Shqiptar\u00ebt e Berlinit e njohin fytyr\u00ebn e vajz\u00ebs q\u00eb i prezanton her\u00eb pas here n\u00eb mediat gjermane, kur zhvillohen diskutime politike p\u00ebr Kosov\u00ebn. Qofshin ato emisione t\u00eb Sabine Kristiansenit, apo biseda politike t\u00eb Radios RBB n\u00eb Berlin. Por, shum\u00eb prej tyre e njohin Vjollc\u00ebn q\u00eb nga ardhja n\u00eb Berlin. Sepse ajo i ka k\u00ebshilluar ata kur ka punuar n\u00eb Senatin e Berlinit p\u00ebr \u00e7\u00ebshtjet e refugjat\u00ebve. Ose ka p\u00ebrkthyer p\u00ebr ta n\u00eb kontaktet me autoritetet.<\/p>\n<p>Vjollca flet gjermanisht sikur t\u00eb kishte lindur n\u00eb Gjermani. N\u00eb fakt ka lindur n\u00eb Mitrovic\u00eb, prej s\u00eb cil\u00ebs \u00ebsht\u00eb larguar 20 vjet m\u00eb par\u00eb. Prej Gjermanis\u00eb nuk ka m\u00ebsuar vet\u00ebm gjuh\u00ebn, por edhe m\u00ebnyr\u00ebn e qet\u00eb t\u00eb t\u00eb argumentuarit. Nj\u00eb aft\u00ebsi q\u00eb e ka ndihmuar shum\u00eb n\u00eb jet\u00eb. E ka ndihmuar p\u00ebr shembull kur nd\u00ebrmjet\u00ebsonte p\u00ebr pajtimin e gjaqeve n\u00eb Kosov\u00eb, para se t\u00eb largohej. Por e ka ndihmuar edhe kur \u00ebsht\u00eb vendosur n\u00eb mediat gjermane, p\u00ebrball\u00eb diskutuesve serb\u00eb. Apo kur \u00ebsht\u00eb dashur t&#8217;u jap\u00eb udh\u00ebzime refugjat\u00ebve q\u00eb ndodhen n\u00eb frik\u00ebrat e para t\u00eb mb\u00ebrritjes n\u00eb vend t\u00eb huaj.<\/p>\n<p><strong>Largimi nga sht\u00ebpia<\/strong><\/p>\n<p>I ati, inxhinjer n\u00eb Mitrovic\u00eb angazhohej edhe politikisht dhe pasi u lirua nga nj\u00eb arrestim, vendosi t\u00eb largohet nga Kosova s\u00eb bashku me familjen. Vjollca u nda nga shok\u00ebt dhe teatri. Por ndarja m\u00eb e dhimbshme ishte ajo nga gjyshja. &#8220;Nuk e harroj dit\u00ebn kur u nis\u00ebm n\u00eb kat\u00ebr t\u00eb m\u00ebngjesit, ishte ende err\u00ebsir\u00eb, dhe e vetmja q\u00eb dinte p\u00ebr ikjen ton\u00eb, ishte gjyshja, se ne nuk i kishim treguar k\u00ebrkujt nga frika. Kur u p\u00ebrsh\u00ebndet\u00ebm ajo qau, na p\u00ebrqafoi dhe u m\u00ebrzit. Ishte shum\u00eb prek\u00ebse, sepse nuk e dinim a do t\u00eb shiheshim m\u00eb. N\u00eb fakt ishte ishte hera e fundit q\u00eb u pam\u00eb,&#8221; tregon ajo. Me nj\u00eb bilet\u00eb n\u00eb dor\u00eb, familja niset me taksi p\u00ebr n\u00eb Shkup. Ishte 10 tetor 1991 kur zbrit\u00ebn n\u00eb Hanover n\u00eb Gjermani. Disa t\u00eb af\u00ebrm q\u00eb ndodheshin n\u00eb Berlin i ndihmojn\u00eb p\u00ebr t\u00eb shkuar atje. &#8220;Ne erdh\u00ebm n\u00eb Berlin dhe ishim pa orientim.<\/p>\n<p>Kur mb\u00ebrrit\u00ebm ishte nj\u00eb fundjav\u00eb dhe na detyruan t\u00eb q\u00ebndronim dy dit\u00eb ilegalisht, deri sa t\u00eb vinte fillimi i jav\u00ebs dhe t\u00eb regjistroheshim. P\u00ebr mua ishte \u00e7do gj\u00eb e re, \u00e7do gj\u00eb m\u00eb dukej e huaj, e frikshme. Vetja m\u00eb dukej vetja n\u00eb \u00ebnd\u00ebrr. D\u00ebgjoja vet\u00ebm se si flitej azil&#8230; azil&#8230; azil&#8230; Un\u00eb isha adoleshtente, dhe nuk e dija \u00e7do t\u00eb thot\u00eb t\u00eb marr\u00ebsh azil. M\u00eb pas e kuptova.&#8221; Familja vendoset n\u00eb nj\u00eb kamp refugjat\u00ebsh t\u00eb ngritur mbi nj\u00eb ish- kazerm\u00eb ushtarake n\u00eb Spandau. &#8220;Kur na vendos\u00ebn n\u00eb nj\u00eb kamp refugjat\u00ebsh un\u00eb nuk mund ta pranoja faktin q\u00eb ne u fut\u00ebm atje. Dallimi ishte shum\u00eb i madh. Ne ishim nisur nga sht\u00ebpia jon\u00eb n\u00eb Kosov\u00eb dhe futeshim n\u00eb nj\u00eb sht\u00ebpi, ku ishte p\u00ebrmbledhur gjith\u00eb bota. Tjet\u00ebrsimi ishte shum\u00eb i madh, duke qen\u00eb n\u00eb vend t\u00eb huaj nga nj\u00ebra an\u00eb dhe duke u ndeshur me njer\u00ebz nga t\u00eb gjitha an\u00ebt e bot\u00ebs nga ana tjet\u00ebr. Fakti q\u00eb ne humb\u00ebn privat\u00ebsin\u00eb, m\u00eb b\u00ebnte t\u00eb ndihesha shum\u00eb keq. Ishte situat\u00eb shum\u00eb e pak\u00ebndshme&#8221;, kujton ajo.<\/p>\n<p><strong>P\u00ebrpjekjet p\u00ebr jet\u00eb normale n\u00eb vendin e panjohur <\/strong><\/p>\n<p>Shp\u00ebtimi vjen nga nj\u00eb kontakt me nj\u00eb qend\u00ebr sociale. Vjollca fillon t\u00eb m\u00ebsoj\u00eb shpejt gjuh\u00ebn, t\u00eb shkoj\u00eb n\u00eb kursin e gjuh\u00ebs dhe brenda nj\u00eb viti t\u00eb regjistrohet n\u00eb gjimnaz. Pas gjasht\u00eb muajsh familja largohet nga kampi, dhe t\u00eb atit i njihet zyrtarisht p\u00ebrndjekja politike. &#8220;Primare p\u00ebr prind\u00ebrit ishte t\u00eb fillonim jet\u00ebn normale, un\u00eb u vendosa n\u00eb shkoll\u00eb dhe m\u00eb pas fillova studimet p\u00ebr publicistik\u00eb dhe politik\u00eb dhe paralelisht punoja&#8221;. Pun\u00ebt kan\u00eb qen\u00eb t\u00eb ndryshme, n\u00eb TV e shqiptar\u00ebve n\u00eb Berlin, n\u00eb p\u00ebrkthim, p\u00ebr Kryqin e Kuq. Por edhe moderime takimesh dhe konferencash politike zhvilluar p\u00ebr Kosov\u00ebn. Familja ka qen\u00eb prezente n\u00eb shtypin gjerman n\u00eb vitet 1996, 1997, kur mediat shkruanin p\u00ebr situat\u00ebn politike n\u00eb Kosov\u00eb, p\u00ebrndjekjet.<\/p>\n<p><strong>&#8220;Interhomines&#8221;, projekti p\u00ebr integrim <\/strong><\/p>\n<p>N\u00eb vitin 1999, punonte me disa gazetar\u00eb t\u00eb Berliner Zeitung. Vjollca kujton: &#8220;Ishim duke pritur val\u00ebn e refugjat\u00ebve q\u00eb vinin nga Kosova apo Maqedonia, kur erdhi ftesa nga Sabine Christiansen p\u00ebr t\u00eb marr\u00eb pjes\u00eb n\u00eb emisionin e saj. Ai u transmetua m\u00eb 11 prill, dhe kishte t\u00eb ftuar Klaus Kinkelin, ministrin e Jasht\u00ebm t\u00eb Gjermanis\u00eb, Otto Schilly minist\u00ebr i Brendsh\u00ebm, Jean Claude Juncker, kryeministri i Luksemburgut, John Cornblum, ambasadori Amerikan n\u00eb Berlin, Thomas Roth, korrespondent i ARD-s\u00eb n\u00eb Beograd, Dragan Sekulic, prift serb n\u00eb Berlin, k\u00ebng\u00ebtarin Harald Junker, q\u00eb kishte dhuruar 50 mij\u00eb marka gjerman\u00eb p\u00ebr f\u00ebmij\u00ebt shqiptar\u00eb dhe un\u00eb. Emisioni quhej &#8220;Si do t\u00eb p\u00ebrfundoj\u00eb kjo luft\u00eb?&#8221;. Pas luft\u00ebs s\u00eb Kosov\u00ebs, Vjollca iu kthye s\u00ebrish studimeve. Tani \u00ebsht\u00eb e angazhuar n\u00eb kryesin\u00eb e Shoqat\u00ebs gjermane, &#8220;Interhomines&#8221; ku drejton nj\u00eb projekt p\u00ebr integrimin, si dhe publikimin e artikujve shkencor\u00eb dhe social\u00eb p\u00ebr problemet e migrant\u00ebve. Paralelisht &#8220;jam duke bashk\u00ebpunuar me nj\u00eb deputet t\u00eb Bundestagut gjerman, p\u00ebr nj\u00eb projekt p\u00ebr Kosov\u00ebn,&#8221; thot\u00eb Vjollca Hajdari.<\/p>\n<p><strong>Jeta <\/strong><\/p>\n<p>Emri: <strong>Vjollca Hajdari<\/strong><br \/>\nMosha: 34 vje\u00e7<br \/>\nVendlindja: Mitrovic\u00eb, Kosov\u00eb<br \/>\nVendbanimi: Berlin, Gjermani<br \/>\nStudimet: Publicistik\u00eb, Politik\u00eb<\/p>\n","protected":false},"excerpt":{"rendered":"<p>\u2022Vjollca Hajdari jeton n\u00eb Berlin. Shqiptar\u00ebt n\u00eb kryeqytetin e Gjermanis\u00eb e njohin vajz\u00ebn nga Mitrovica q\u00eb i prezanton shpesh ata n\u00eb mediat gjermane dhe n\u00eb diskutimet politike p\u00ebr Kosov\u00ebn Aida Cama, 05.11.2012 &#8211; Vjollca Hajdari jeton n\u00eb Berlin. Shqiptar\u00ebt e Berlinit e njohin fytyr\u00ebn e vajz\u00ebs q\u00eb i prezanton her\u00eb pas here n\u00eb mediat gjermane, [&hellip;]<\/p>\n","protected":false},"author":1,"featured_media":0,"comment_status":"open","ping_status":"closed","sticky":false,"template":"","format":"standard","meta":{"footnotes":""},"categories":[2],"tags":[],"class_list":{"0":"post-5738","1":"post","2":"type-post","3":"status-publish","4":"format-standard","6":"category-artikuj"},"yoast_head":"<!-- This site is optimized with the Yoast SEO plugin v27.4 - https:\/\/yoast.com\/product\/yoast-seo-wordpress\/ -->\n<title>Z\u00ebri i Kosov\u00ebs n\u00eb kryeqytetin gjerman - FjALA e LIR\u00cb - Arkivi<\/title>\n<meta name=\"robots\" content=\"index, follow, max-snippet:-1, max-image-preview:large, max-video-preview:-1\" \/>\n<link rel=\"canonical\" href=\"https:\/\/fjala.info\/2009-2015\/zeri-i-kosoves-ne-kryeqytetin-gjerman\/\" \/>\n<meta property=\"og:locale\" content=\"sq_AL\" \/>\n<meta property=\"og:type\" content=\"article\" \/>\n<meta property=\"og:title\" content=\"Z\u00ebri i Kosov\u00ebs n\u00eb kryeqytetin gjerman - FjALA e LIR\u00cb - Arkivi\" \/>\n<meta property=\"og:description\" content=\"\u2022Vjollca Hajdari jeton n\u00eb Berlin. Shqiptar\u00ebt n\u00eb kryeqytetin e Gjermanis\u00eb e njohin vajz\u00ebn nga Mitrovica q\u00eb i prezanton shpesh ata n\u00eb mediat gjermane dhe n\u00eb diskutimet politike p\u00ebr Kosov\u00ebn Aida Cama, 05.11.2012 &#8211; Vjollca Hajdari jeton n\u00eb Berlin. Shqiptar\u00ebt e Berlinit e njohin fytyr\u00ebn e vajz\u00ebs q\u00eb i prezanton her\u00eb pas here n\u00eb mediat gjermane, [&hellip;]\" \/>\n<meta property=\"og:url\" content=\"https:\/\/fjala.info\/2009-2015\/zeri-i-kosoves-ne-kryeqytetin-gjerman\/\" \/>\n<meta property=\"og:site_name\" content=\"FjALA e LIR\u00cb - Arkivi\" \/>\n<meta property=\"article:published_time\" content=\"2012-11-05T16:06:10+00:00\" \/>\n<meta property=\"og:image\" content=\"http:\/\/www.fjala.info\/2012\/vjollca_hajdari.jpg\" \/>\n<meta name=\"author\" content=\"admin\" \/>\n<meta name=\"twitter:card\" content=\"summary_large_image\" \/>\n<meta name=\"twitter:label1\" content=\"Written by\" \/>\n\t<meta name=\"twitter:data1\" content=\"admin\" \/>\n\t<meta name=\"twitter:label2\" content=\"Est. reading time\" \/>\n\t<meta name=\"twitter:data2\" content=\"5 minutes\" \/>\n<script type=\"application\/ld+json\" class=\"yoast-schema-graph\">{\"@context\":\"https:\\\/\\\/schema.org\",\"@graph\":[{\"@type\":\"Article\",\"@id\":\"https:\\\/\\\/fjala.info\\\/2009-2015\\\/zeri-i-kosoves-ne-kryeqytetin-gjerman\\\/#article\",\"isPartOf\":{\"@id\":\"https:\\\/\\\/fjala.info\\\/2009-2015\\\/zeri-i-kosoves-ne-kryeqytetin-gjerman\\\/\"},\"author\":{\"name\":\"admin\",\"@id\":\"https:\\\/\\\/fjala.info\\\/2009-2015\\\/#\\\/schema\\\/person\\\/3aa1163ef05469c496fc94e77611ada2\"},\"headline\":\"Z\u00ebri i Kosov\u00ebs n\u00eb kryeqytetin gjerman\",\"datePublished\":\"2012-11-05T16:06:10+00:00\",\"mainEntityOfPage\":{\"@id\":\"https:\\\/\\\/fjala.info\\\/2009-2015\\\/zeri-i-kosoves-ne-kryeqytetin-gjerman\\\/\"},\"wordCount\":965,\"commentCount\":0,\"publisher\":{\"@id\":\"https:\\\/\\\/fjala.info\\\/2009-2015\\\/#organization\"},\"image\":{\"@id\":\"https:\\\/\\\/fjala.info\\\/2009-2015\\\/zeri-i-kosoves-ne-kryeqytetin-gjerman\\\/#primaryimage\"},\"thumbnailUrl\":\"http:\\\/\\\/www.fjala.info\\\/2012\\\/vjollca_hajdari.jpg\",\"articleSection\":[\"Artikuj\"],\"inLanguage\":\"sq-AL\",\"potentialAction\":[{\"@type\":\"CommentAction\",\"name\":\"Comment\",\"target\":[\"https:\\\/\\\/fjala.info\\\/2009-2015\\\/zeri-i-kosoves-ne-kryeqytetin-gjerman\\\/#respond\"]}]},{\"@type\":\"WebPage\",\"@id\":\"https:\\\/\\\/fjala.info\\\/2009-2015\\\/zeri-i-kosoves-ne-kryeqytetin-gjerman\\\/\",\"url\":\"https:\\\/\\\/fjala.info\\\/2009-2015\\\/zeri-i-kosoves-ne-kryeqytetin-gjerman\\\/\",\"name\":\"Z\u00ebri i Kosov\u00ebs n\u00eb kryeqytetin gjerman - FjALA e LIR\u00cb - Arkivi\",\"isPartOf\":{\"@id\":\"https:\\\/\\\/fjala.info\\\/2009-2015\\\/#website\"},\"primaryImageOfPage\":{\"@id\":\"https:\\\/\\\/fjala.info\\\/2009-2015\\\/zeri-i-kosoves-ne-kryeqytetin-gjerman\\\/#primaryimage\"},\"image\":{\"@id\":\"https:\\\/\\\/fjala.info\\\/2009-2015\\\/zeri-i-kosoves-ne-kryeqytetin-gjerman\\\/#primaryimage\"},\"thumbnailUrl\":\"http:\\\/\\\/www.fjala.info\\\/2012\\\/vjollca_hajdari.jpg\",\"datePublished\":\"2012-11-05T16:06:10+00:00\",\"breadcrumb\":{\"@id\":\"https:\\\/\\\/fjala.info\\\/2009-2015\\\/zeri-i-kosoves-ne-kryeqytetin-gjerman\\\/#breadcrumb\"},\"inLanguage\":\"sq-AL\",\"potentialAction\":[{\"@type\":\"ReadAction\",\"target\":[\"https:\\\/\\\/fjala.info\\\/2009-2015\\\/zeri-i-kosoves-ne-kryeqytetin-gjerman\\\/\"]}]},{\"@type\":\"ImageObject\",\"inLanguage\":\"sq-AL\",\"@id\":\"https:\\\/\\\/fjala.info\\\/2009-2015\\\/zeri-i-kosoves-ne-kryeqytetin-gjerman\\\/#primaryimage\",\"url\":\"http:\\\/\\\/www.fjala.info\\\/2012\\\/vjollca_hajdari.jpg\",\"contentUrl\":\"http:\\\/\\\/www.fjala.info\\\/2012\\\/vjollca_hajdari.jpg\"},{\"@type\":\"BreadcrumbList\",\"@id\":\"https:\\\/\\\/fjala.info\\\/2009-2015\\\/zeri-i-kosoves-ne-kryeqytetin-gjerman\\\/#breadcrumb\",\"itemListElement\":[{\"@type\":\"ListItem\",\"position\":1,\"name\":\"Home\",\"item\":\"https:\\\/\\\/fjala.info\\\/2009-2015\\\/\"},{\"@type\":\"ListItem\",\"position\":2,\"name\":\"Z\u00ebri i Kosov\u00ebs n\u00eb kryeqytetin gjerman\"}]},{\"@type\":\"WebSite\",\"@id\":\"https:\\\/\\\/fjala.info\\\/2009-2015\\\/#website\",\"url\":\"https:\\\/\\\/fjala.info\\\/2009-2015\\\/\",\"name\":\"FjALA e LIR\u00cb - Arkivi\",\"description\":\"Arkivi 2009-2015\",\"publisher\":{\"@id\":\"https:\\\/\\\/fjala.info\\\/2009-2015\\\/#organization\"},\"potentialAction\":[{\"@type\":\"SearchAction\",\"target\":{\"@type\":\"EntryPoint\",\"urlTemplate\":\"https:\\\/\\\/fjala.info\\\/2009-2015\\\/?s={search_term_string}\"},\"query-input\":{\"@type\":\"PropertyValueSpecification\",\"valueRequired\":true,\"valueName\":\"search_term_string\"}}],\"inLanguage\":\"sq-AL\"},{\"@type\":\"Organization\",\"@id\":\"https:\\\/\\\/fjala.info\\\/2009-2015\\\/#organization\",\"name\":\"FjALA e LIR\u00cb - Arkivi\",\"url\":\"https:\\\/\\\/fjala.info\\\/2009-2015\\\/\",\"logo\":{\"@type\":\"ImageObject\",\"inLanguage\":\"sq-AL\",\"@id\":\"https:\\\/\\\/fjala.info\\\/2009-2015\\\/#\\\/schema\\\/logo\\\/image\\\/\",\"url\":\"\",\"contentUrl\":\"\",\"caption\":\"FjALA e LIR\u00cb - Arkivi\"},\"image\":{\"@id\":\"https:\\\/\\\/fjala.info\\\/2009-2015\\\/#\\\/schema\\\/logo\\\/image\\\/\"}},{\"@type\":\"Person\",\"@id\":\"https:\\\/\\\/fjala.info\\\/2009-2015\\\/#\\\/schema\\\/person\\\/3aa1163ef05469c496fc94e77611ada2\",\"name\":\"admin\",\"image\":{\"@type\":\"ImageObject\",\"inLanguage\":\"sq-AL\",\"@id\":\"https:\\\/\\\/fjala.info\\\/2009-2015\\\/wp-content\\\/uploads\\\/2012\\\/02\\\/arben_cokaj-120x150.jpg\",\"url\":\"https:\\\/\\\/fjala.info\\\/2009-2015\\\/wp-content\\\/uploads\\\/2012\\\/02\\\/arben_cokaj-120x150.jpg\",\"contentUrl\":\"https:\\\/\\\/fjala.info\\\/2009-2015\\\/wp-content\\\/uploads\\\/2012\\\/02\\\/arben_cokaj-120x150.jpg\",\"caption\":\"admin\"},\"description\":\"Admin, Fjala e Lir\u00eb\",\"sameAs\":[\"https:\\\/\\\/fjala.info\\\/\"],\"url\":\"https:\\\/\\\/fjala.info\\\/2009-2015\\\/author\\\/admin\\\/\"}]}<\/script>\n<!-- \/ Yoast SEO plugin. -->","yoast_head_json":{"title":"Z\u00ebri i Kosov\u00ebs n\u00eb kryeqytetin gjerman - FjALA e LIR\u00cb - Arkivi","robots":{"index":"index","follow":"follow","max-snippet":"max-snippet:-1","max-image-preview":"max-image-preview:large","max-video-preview":"max-video-preview:-1"},"canonical":"https:\/\/fjala.info\/2009-2015\/zeri-i-kosoves-ne-kryeqytetin-gjerman\/","og_locale":"sq_AL","og_type":"article","og_title":"Z\u00ebri i Kosov\u00ebs n\u00eb kryeqytetin gjerman - FjALA e LIR\u00cb - Arkivi","og_description":"\u2022Vjollca Hajdari jeton n\u00eb Berlin. Shqiptar\u00ebt n\u00eb kryeqytetin e Gjermanis\u00eb e njohin vajz\u00ebn nga Mitrovica q\u00eb i prezanton shpesh ata n\u00eb mediat gjermane dhe n\u00eb diskutimet politike p\u00ebr Kosov\u00ebn Aida Cama, 05.11.2012 &#8211; Vjollca Hajdari jeton n\u00eb Berlin. Shqiptar\u00ebt e Berlinit e njohin fytyr\u00ebn e vajz\u00ebs q\u00eb i prezanton her\u00eb pas here n\u00eb mediat gjermane, [&hellip;]","og_url":"https:\/\/fjala.info\/2009-2015\/zeri-i-kosoves-ne-kryeqytetin-gjerman\/","og_site_name":"FjALA e LIR\u00cb - Arkivi","article_published_time":"2012-11-05T16:06:10+00:00","og_image":[{"url":"http:\/\/www.fjala.info\/2012\/vjollca_hajdari.jpg","type":"","width":"","height":""}],"author":"admin","twitter_card":"summary_large_image","twitter_misc":{"Written by":"admin","Est. reading time":"5 minutes"},"schema":{"@context":"https:\/\/schema.org","@graph":[{"@type":"Article","@id":"https:\/\/fjala.info\/2009-2015\/zeri-i-kosoves-ne-kryeqytetin-gjerman\/#article","isPartOf":{"@id":"https:\/\/fjala.info\/2009-2015\/zeri-i-kosoves-ne-kryeqytetin-gjerman\/"},"author":{"name":"admin","@id":"https:\/\/fjala.info\/2009-2015\/#\/schema\/person\/3aa1163ef05469c496fc94e77611ada2"},"headline":"Z\u00ebri i Kosov\u00ebs n\u00eb kryeqytetin gjerman","datePublished":"2012-11-05T16:06:10+00:00","mainEntityOfPage":{"@id":"https:\/\/fjala.info\/2009-2015\/zeri-i-kosoves-ne-kryeqytetin-gjerman\/"},"wordCount":965,"commentCount":0,"publisher":{"@id":"https:\/\/fjala.info\/2009-2015\/#organization"},"image":{"@id":"https:\/\/fjala.info\/2009-2015\/zeri-i-kosoves-ne-kryeqytetin-gjerman\/#primaryimage"},"thumbnailUrl":"http:\/\/www.fjala.info\/2012\/vjollca_hajdari.jpg","articleSection":["Artikuj"],"inLanguage":"sq-AL","potentialAction":[{"@type":"CommentAction","name":"Comment","target":["https:\/\/fjala.info\/2009-2015\/zeri-i-kosoves-ne-kryeqytetin-gjerman\/#respond"]}]},{"@type":"WebPage","@id":"https:\/\/fjala.info\/2009-2015\/zeri-i-kosoves-ne-kryeqytetin-gjerman\/","url":"https:\/\/fjala.info\/2009-2015\/zeri-i-kosoves-ne-kryeqytetin-gjerman\/","name":"Z\u00ebri i Kosov\u00ebs n\u00eb kryeqytetin gjerman - FjALA e LIR\u00cb - Arkivi","isPartOf":{"@id":"https:\/\/fjala.info\/2009-2015\/#website"},"primaryImageOfPage":{"@id":"https:\/\/fjala.info\/2009-2015\/zeri-i-kosoves-ne-kryeqytetin-gjerman\/#primaryimage"},"image":{"@id":"https:\/\/fjala.info\/2009-2015\/zeri-i-kosoves-ne-kryeqytetin-gjerman\/#primaryimage"},"thumbnailUrl":"http:\/\/www.fjala.info\/2012\/vjollca_hajdari.jpg","datePublished":"2012-11-05T16:06:10+00:00","breadcrumb":{"@id":"https:\/\/fjala.info\/2009-2015\/zeri-i-kosoves-ne-kryeqytetin-gjerman\/#breadcrumb"},"inLanguage":"sq-AL","potentialAction":[{"@type":"ReadAction","target":["https:\/\/fjala.info\/2009-2015\/zeri-i-kosoves-ne-kryeqytetin-gjerman\/"]}]},{"@type":"ImageObject","inLanguage":"sq-AL","@id":"https:\/\/fjala.info\/2009-2015\/zeri-i-kosoves-ne-kryeqytetin-gjerman\/#primaryimage","url":"http:\/\/www.fjala.info\/2012\/vjollca_hajdari.jpg","contentUrl":"http:\/\/www.fjala.info\/2012\/vjollca_hajdari.jpg"},{"@type":"BreadcrumbList","@id":"https:\/\/fjala.info\/2009-2015\/zeri-i-kosoves-ne-kryeqytetin-gjerman\/#breadcrumb","itemListElement":[{"@type":"ListItem","position":1,"name":"Home","item":"https:\/\/fjala.info\/2009-2015\/"},{"@type":"ListItem","position":2,"name":"Z\u00ebri i Kosov\u00ebs n\u00eb kryeqytetin gjerman"}]},{"@type":"WebSite","@id":"https:\/\/fjala.info\/2009-2015\/#website","url":"https:\/\/fjala.info\/2009-2015\/","name":"FjALA e LIR\u00cb - Arkivi","description":"Arkivi 2009-2015","publisher":{"@id":"https:\/\/fjala.info\/2009-2015\/#organization"},"potentialAction":[{"@type":"SearchAction","target":{"@type":"EntryPoint","urlTemplate":"https:\/\/fjala.info\/2009-2015\/?s={search_term_string}"},"query-input":{"@type":"PropertyValueSpecification","valueRequired":true,"valueName":"search_term_string"}}],"inLanguage":"sq-AL"},{"@type":"Organization","@id":"https:\/\/fjala.info\/2009-2015\/#organization","name":"FjALA e LIR\u00cb - Arkivi","url":"https:\/\/fjala.info\/2009-2015\/","logo":{"@type":"ImageObject","inLanguage":"sq-AL","@id":"https:\/\/fjala.info\/2009-2015\/#\/schema\/logo\/image\/","url":"","contentUrl":"","caption":"FjALA e LIR\u00cb - Arkivi"},"image":{"@id":"https:\/\/fjala.info\/2009-2015\/#\/schema\/logo\/image\/"}},{"@type":"Person","@id":"https:\/\/fjala.info\/2009-2015\/#\/schema\/person\/3aa1163ef05469c496fc94e77611ada2","name":"admin","image":{"@type":"ImageObject","inLanguage":"sq-AL","@id":"https:\/\/fjala.info\/2009-2015\/wp-content\/uploads\/2012\/02\/arben_cokaj-120x150.jpg","url":"https:\/\/fjala.info\/2009-2015\/wp-content\/uploads\/2012\/02\/arben_cokaj-120x150.jpg","contentUrl":"https:\/\/fjala.info\/2009-2015\/wp-content\/uploads\/2012\/02\/arben_cokaj-120x150.jpg","caption":"admin"},"description":"Admin, Fjala e Lir\u00eb","sameAs":["https:\/\/fjala.info\/"],"url":"https:\/\/fjala.info\/2009-2015\/author\/admin\/"}]}},"_links":{"self":[{"href":"https:\/\/fjala.info\/2009-2015\/wp-json\/wp\/v2\/posts\/5738","targetHints":{"allow":["GET"]}}],"collection":[{"href":"https:\/\/fjala.info\/2009-2015\/wp-json\/wp\/v2\/posts"}],"about":[{"href":"https:\/\/fjala.info\/2009-2015\/wp-json\/wp\/v2\/types\/post"}],"author":[{"embeddable":true,"href":"https:\/\/fjala.info\/2009-2015\/wp-json\/wp\/v2\/users\/1"}],"replies":[{"embeddable":true,"href":"https:\/\/fjala.info\/2009-2015\/wp-json\/wp\/v2\/comments?post=5738"}],"version-history":[{"count":0,"href":"https:\/\/fjala.info\/2009-2015\/wp-json\/wp\/v2\/posts\/5738\/revisions"}],"wp:attachment":[{"href":"https:\/\/fjala.info\/2009-2015\/wp-json\/wp\/v2\/media?parent=5738"}],"wp:term":[{"taxonomy":"category","embeddable":true,"href":"https:\/\/fjala.info\/2009-2015\/wp-json\/wp\/v2\/categories?post=5738"},{"taxonomy":"post_tag","embeddable":true,"href":"https:\/\/fjala.info\/2009-2015\/wp-json\/wp\/v2\/tags?post=5738"}],"curies":[{"name":"wp","href":"https:\/\/api.w.org\/{rel}","templated":true}]}}