{"id":5726,"date":"2011-01-19T09:08:23","date_gmt":"2011-01-19T08:08:23","guid":{"rendered":"http:\/\/fjala.shkoder.net\/?p=5726"},"modified":"2011-01-19T09:08:23","modified_gmt":"2011-01-19T08:08:23","slug":"nje-familje-mafioze","status":"publish","type":"post","link":"https:\/\/fjala.info\/2009-2015\/nje-familje-mafioze\/","title":{"rendered":"Nj\u00eb familje mafioze"},"content":{"rendered":"<p><img loading=\"lazy\" decoding=\"async\" class=\"alignright size-medium wp-image-5727\" title=\"familja_ben_ali_tunizi\" src=\"http:\/\/fjala.shkoder.net\/wp-content\/uploads\/2011\/01\/familja_ben_ali_tunizi-300x195.jpg\" alt=\"\" width=\"300\" height=\"195\" \/><br \/>\nNga <strong>Korresp. 24-ore.com <\/strong><\/p>\n<p>Nd\u00ebrsa presidentit t\u00eb Tunizis\u00eb i \u00ebsht\u00eb ofruar q\u00ebndrimi n\u00eb Arabin\u00eb Saudite, n\u00eb vendin q\u00eb ka l\u00ebn\u00eb pas, pra Tunizi, kan\u00eb filluar t\u00eb dalin me shpejt\u00ebsi detajet deri m\u00eb tani t\u00eb panjohura t\u00eb stilit tep\u00ebr luksoz t\u00eb familjes s\u00eb tij dhe t\u00eb njer\u00ebzve q\u00eb i kan\u00eb q\u00ebndruar pran\u00eb, pra klanit presidencial<\/p>\n<p>Ata parap\u00eblqenin shum\u00eb q\u00eb njer\u00ebzit t\u2019i konsideronin dhe t\u2019i quanin \u201cFamilja e par\u00eb e Tunizis\u00eb\u201d. P\u00ebr popullin t\u00eb cilin e sunduan p\u00ebr 23 vjet, presidenti Ben Ali dhe klani i tij nuk ishin ve\u00e7se nj\u00eb klik\u00eb sunduese uzurpuese e pushtetit, me nj\u00eb lakmi dhe nepotiz\u00ebm q\u00eb i kishte shtrir\u00eb metastazat kanceroze n\u00eb t\u00eb gjitha sferat e jet\u00ebs ekonomike dhe politike t\u00eb vendit. Pik\u00ebrisht kjo lakmi dhe arroganc\u00eb ishte edhe shkaku i fundit t\u00eb tyre.<\/p>\n<p>Ben Ali n\u00eb gjurm\u00ebt e shum\u00eb diktator\u00ebve t\u00eb tjer\u00eb si ai i Ugand\u00ebs, Idi Amin, e t\u00eb tjer\u00eb t\u00eb s\u00ebr\u00ebs s\u00eb tij, mori nj\u00eb ofert\u00eb nga Arabia Saudite p\u00ebr t\u2019u strehuar, pasi u p\u00ebrzu me shqelma nga populli i tij. Dhe k\u00ebshtu, pavar\u00ebsisht sa e \u00e7far\u00eb b\u00ebri n\u00eb vendin e tij, ai do t\u00eb nis\u00eb, si shum\u00eb ish-homolog\u00eb t\u00eb tjer\u00eb t\u00eb p\u00ebrmbysur, nj\u00eb periudh\u00eb pensioni me shum\u00eb rehati dhe pasuri. Por, nd\u00ebrsa miliona tunizian\u00eb festuan n\u00ebp\u00ebr rrug\u00eb fundin e sundimit t\u00eb tij 23-vje\u00e7ar, njer\u00ebzit jan\u00eb t\u00eb lumtur q\u00eb s\u00eb bashk\u00eb me t\u00eb iku edhe nj\u00eb klik\u00eb e t\u00ebr\u00eb shushunjash q\u00eb u pin\u00eb gjakun prej vitesh.<\/p>\n<p>Nj\u00ebra prej tyre ishte pik\u00ebrisht bashk\u00ebshortja e Ben Ali, Leila, n\u00eb fakt, bashk\u00ebshortja e dyt\u00eb e tij, nj\u00eb fem\u00ebr atraktive dhe 20 vjet m\u00eb e re, e cila n\u00eb fakt konsiderohej nga t\u00eb gjith\u00eb si njeriu i v\u00ebrtet\u00eb q\u00eb qeveriste vendin dhe si dora q\u00eb fshihej pas fronit t\u00eb Ben Ali. Leila ka qen\u00eb parukiere n\u00eb t\u00eb shkuar\u00ebn e saj t\u00eb larg\u00ebt, por me sa duket brenda saj ka pasuri dhe ambicie shum\u00eb m\u00eb t\u00eb m\u00ebdha nga sa ia lejonte profesioni. Vinte nga nj\u00eb shtres\u00eb e varf\u00ebr dhe pasi u martua me presidentin e vendit \u00ebsht\u00eb akuzuar se e ka p\u00ebrdorur k\u00ebt\u00eb martes\u00eb p\u00ebr ta shnd\u00ebrruar familjen e saj t\u00eb varf\u00ebr n\u00eb nj\u00ebr\u00ebn prej klikave m\u00eb t\u00eb pasura t\u00eb vendit me pasuri q\u00eb nuk mund t\u00eb llogariten.<\/p>\n<p>Duke filluar q\u00eb nga e shtuna e kaluar, tashm\u00eb ish-\u00e7ifti i par\u00eb i Tunizis\u00eb ka nisur t\u00eb mbaj\u00eb nj\u00eb profil shum\u00eb m\u00eb t\u00eb ul\u00ebt se m\u00eb par\u00eb. Arsyeja \u00ebsht\u00eb e kuptueshme. Ben Ali \u00ebsht\u00eb nisur drejt qytetit t\u00eb bukur bregdetar saudit, Jedah, ku krimineli Idi Amin, pasi masakroi popullin e tij kaloi n\u00eb paqe dhe pasuri vitet e fundit t\u00eb jet\u00ebs n\u00ebn protektoratin e saudit\u00ebve.<\/p>\n<p>Nd\u00ebrkoh\u00eb, ka thashetheme se gruaja e tij, e cila thuhet se e ka l\u00ebn\u00eb vendin m\u00eb par\u00eb, ka shkuar n\u00eb Dubai, nj\u00eb vend t\u00eb cilin ajo e frekuentonte shum\u00eb shpesh n\u00eb t\u00eb shkuar\u00ebn p\u00ebr t\u00eb b\u00ebr\u00eb blerjet e saj t\u00eb pafundme. Sipas nj\u00eb analisti politik, i gjith\u00eb pushteti i presidentit dhe pasuria e tij ishin p\u00ebrqendruar n\u00eb duart e familjes s\u00eb tij, ve\u00e7an\u00ebrisht t\u00eb s\u00eb shoqes. Ai ishte kaq arrogant, sa arriti t\u00eb minonte edhe vet\u00eb pushtetin e tij me sjelljet q\u00eb b\u00ebnte dhe t\u00eb largonte nga vetja edhe mb\u00ebshtet\u00ebsit dhe bashk\u00ebpun\u00ebtor\u00ebt e af\u00ebrt q\u00eb e kishin ndihmuar dhe k\u00ebshilluar.<\/p>\n<p>Ve\u00e7 k\u00ebsaj, me sjelljet e tij nepotiste, ai b\u00ebri shum\u00eb armiq edhe n\u00eb komunitetin e biznesit. N\u00eb publik, Zonja e Par\u00eb e vendit hiqej si nj\u00eb grua p\u00ebrparimtare arabe, duke kryesuar fondacione bamir\u00ebsie dhe duke folur gjithmon\u00eb p\u00ebr t\u00eb drejtat e grave dhe lirit\u00eb e tyre n\u00eb bot\u00ebn arabe. Por, kritik\u00ebt e saj thon\u00eb se n\u00eb prapasken\u00eb ajo kishte nj\u00eb tjet\u00ebr agjend\u00eb dhe q\u00ebllimi i saj i vet\u00ebm ishte lakmia p\u00ebr t\u2019u pasuruar dhe p\u00ebr t\u00eb pasur sa m\u00eb shum\u00eb pushtet. Ajo ishte tipike nj\u00eb Imelda Markos e Tunizis\u00eb. Por, kritikat kund\u00ebr saj ishin shum\u00eb t\u00eb rralla n\u00eb medien tuniziane, t\u00eb shtypur dhe t\u00eb kontrolluar po nga njer\u00ebzit e familjes presidenciale.<\/p>\n<p>Madje, pjesa m\u00eb e madhe e medies, asaj t\u00eb shkruar dhe elektronike, \u00ebsht\u00eb n\u00eb pron\u00ebsi t\u00eb familjes s\u00eb ish-presidentit. Por, qeveria nuk mund t\u00eb ndalonte q\u00eb t\u00eb rinjt\u00eb e vendit t\u00eb kishin qasje n\u00eb internet dhe t\u00eb shihnin me syt\u00eb e tyre realitetin e ndryr\u00eb t\u00eb vendit edhe p\u00ebrmes raporteve t\u00eb \u201cWikileaks\u201d.<\/p>\n<p>N\u00eb k\u00ebto raporte, ish-ambasadori amerikan n\u00eb Tuniz shkruante shum\u00eb n\u00eb lidhje me m\u00ebnyr\u00ebn ekstravagante t\u00eb jetes\u00ebs s\u00eb elit\u00ebs s\u00eb vendit.<br \/>\nN\u00eb nj\u00ebrin prej k\u00ebtyre materialeve p\u00ebrshkruhet nj\u00eb dark\u00eb tep\u00ebr luksoze e shtruar n\u00eb sht\u00ebpin\u00eb e Mohamed Sakher El Materi, nj\u00eb biznesmen miliarder, dh\u00ebndri i presidentit dhe pasuesi i tij i mundsh\u00ebm deri pak koh\u00eb m\u00eb par\u00eb. Sipas ambasadorit, salla e ngr\u00ebnies ishte e zbukuruar me objekte t\u00eb vjetra dhe shum\u00eb t\u00eb shtrenjta, nd\u00ebrkoh\u00eb q\u00eb tryeza ishte shtruar me ushqime t\u00eb sjella nga vende t\u00eb ndryshme t\u00eb bot\u00ebs posa\u00e7\u00ebrisht me aeroplan p\u00ebr at\u00eb dark\u00eb. Nd\u00ebrkoh\u00eb, i zoti i sht\u00ebpis\u00eb kishte n\u00eb kafaz, si kafsh\u00eb sht\u00ebpiake, nj\u00eb tig\u00ebr.<\/p>\n<p>Nd\u00ebrsa pjesa m\u00eb e madhe e tunizian\u00ebve luftonte p\u00ebr mbijetes\u00eb dhe e kishte shum\u00eb t\u00eb v\u00ebshtir\u00eb q\u00eb t\u00eb gjej\u00eb nj\u00eb vend t\u00eb denj\u00eb pune, familja e par\u00eb e vendit zhytej n\u00eb luks dhe lakmi. Ish-ambasadori, n\u00eb nj\u00eb material diplomatik t\u00eb d\u00ebrguar n\u00eb Washington, shkruante se bashk\u00ebshortja e presidentit, Leila, dhe familja e saj e madhe nga ana e prind\u00ebrve ka shkaktuar prej kohe nj\u00eb inat shum\u00eb t\u00eb madh te tunizian\u00ebt. Kjo familje jo vet\u00ebm q\u00eb akuzohet p\u00ebr shum\u00eb afera korruptive, me t\u00eb cilat asnj\u00eb prokurori nuk merret dot, por nga ana tjet\u00ebr ata jan\u00eb shum\u00eb brutal\u00eb dhe t\u00eb pam\u00ebshirsh\u00ebm n\u00eb trajtimin e t\u00eb tjer\u00ebve, nuk jan\u00eb t\u00eb shkolluar, vijn\u00eb nga nj\u00eb status shoq\u00ebror shum\u00eb i ul\u00ebt dhe jan\u00eb t\u00eb aft\u00eb vet\u00ebm t\u00eb konsumojn\u00eb pa nd\u00ebrprerje para dhe pushtet.<\/p>\n<p>Kjo familje ishte leht\u00ebsisht e urrejtshme nga populli, duke u shnd\u00ebrruar k\u00ebshtu n\u00eb objektin e mallkimeve t\u00eb njer\u00ebzve. Fundjav\u00ebn e kaluar demonstratat n\u00eb Hamamet, nj\u00eb resor turistik tunizian n\u00eb Mesdhe, pat\u00ebn n\u00eb sh\u00ebnjest\u00ebr t\u00eb tyre vilat luksoze t\u00eb qeveritar\u00ebve, t\u00eb cilat thuhet n\u00eb fakt se u p\u00ebrkasin njer\u00ebzve m\u00eb t\u00eb af\u00ebrt t\u00eb klanit presidencial. Q\u00eb nga ajo dit\u00eb, njer\u00ebzit e kan\u00eb kthyer v\u00ebmendjen e tyre te sulmi ndaj perandoris\u00eb s\u00eb familjes s\u00eb par\u00eb, bizneseve t\u00eb saj duke grabitur dhe shkat\u00ebrruar dyqane, fabrika dhe supermarkete, q\u00eb besohet se jan\u00eb n\u00eb pron\u00ebsin\u00eb e saj.<\/p>\n<p>V\u00ebllai i Leilas thuhet se i vet\u00ebm ka n\u00eb pron\u00ebsin\u00eb e tij nj\u00eb linj\u00eb ajrore, disa hotele n\u00eb bregdet, dy stacione radioje tuniziane dhe nj\u00eb fabrik\u00eb makinash. Vazhdimisht investitor\u00ebt e huaj e kan\u00eb pasur t\u00eb v\u00ebshtir\u00eb t\u00eb vepronin n\u00eb k\u00ebt\u00eb vend pa i dh\u00ebn\u00eb m\u00eb par\u00eb nj\u00eb pjes\u00eb t\u00eb mir\u00eb t\u00eb investimit t\u00eb tyre si shp\u00ebrblim n\u00eb dor\u00eb familjes s\u00eb par\u00eb dhe ve\u00e7an\u00ebrisht bashk\u00ebshortes s\u00eb presidentit. McDonald, zinxhiri i ushqimit t\u00eb shpejt\u00eb amerikan, p\u00ebr t\u2019u vendosur n\u00eb Tunizi nuk arriti q\u00eb t\u00eb merrte lejen e ushtrimit t\u00eb aktivitetit, p\u00ebr shkak se familja e par\u00eb nuk ishte e k\u00ebnaqur me sasin\u00eb e ryshfetit q\u00eb ata e kishin taksur p\u00ebr nj\u00eb gj\u00eb t\u00eb till\u00eb. Se sa nga pasurit\u00eb dhe pronat e saj do t\u00eb vazhdoj\u00eb q\u00eb t\u00eb mbaj\u00eb ish-familja e par\u00eb, kjo mbetet p\u00ebr t\u2019u par\u00eb.<\/p>\n<p>Vet\u00eb presidenti thuhet se ka nj\u00eb pasuri personale prej 5 miliard\u00eb dollar\u00ebsh. T\u00eb pakt\u00ebn deri dy dit\u00eb m\u00eb par\u00eb. Por, sigurisht q\u00eb ai si njeri me nuhatje do t\u2019i ket\u00eb marr\u00eb masat q\u00eb nj\u00eb pjes\u00eb t\u00eb mir\u00eb t\u00eb parave ta vendos\u00eb n\u00eb vend t\u00eb sigurt dhe t\u00eb papreksh\u00ebm nga ndryshimi i pushteteve apo i statusit t\u00eb tij politik. Megjithat\u00eb, thuhet se pasurit\u00eb e tij do t\u2019i kthehen vendit, duke qen\u00eb se pjesa m\u00eb e madhe e tyre \u00ebsht\u00eb p\u00ebrfituar n\u00eb rrug\u00eb t\u00eb padrejt\u00eb.<\/p>\n<p>Nd\u00ebrsa dh\u00ebndri i presidentit, Materi, dhe e bija e tij 24-vje\u00e7are mendohet se jan\u00eb vendosur n\u00eb nj\u00eb suit\u00eb VIP, n\u00eb nj\u00eb hotel parisian n\u00eb t\u00eb cil\u00ebn paguajn\u00eb 500 euro nat\u00ebn. Thuhet se truprojat e tyre jan\u00eb vendosur n\u00eb hollin e hotelit p\u00ebr t\u00eb ruajtur \u201czot\u00ebrinjt\u00eb e \u00e7muar\u201d. Ata u vendos\u00ebn n\u00eb fillim n\u00eb ambasad\u00ebn tuniziane n\u00eb Paris, por kur para saj nis\u00ebn q\u00eb t\u00eb demonstronin bashkatdhetar\u00ebt e tyre q\u00eb jetojn\u00eb n\u00eb Paris, ata menduan q\u00eb t\u00eb zhvendosen n\u00eb nj\u00eb hotel t\u00eb shtrenjt\u00eb.<\/p>\n<p>Njer\u00ebzit e presidentit u vun\u00eb re menj\u00ebher\u00eb sepse p\u00ebrcjellja e tyre ishte aq e madhe, sa ishte e pamundur q\u00eb t\u00eb mos binte n\u00eb sy. Femrat jan\u00eb veshur t\u00eb gjitha me veshje shum\u00eb t\u00eb shtrenjta dhe duken si princesha, nd\u00ebrsa meshkujt mbajn\u00eb makina super t\u00eb shtrenjta dhe gjithashtu jan\u00eb t\u00eb veshur shik. Kjo i b\u00ebri q\u00eb t\u00eb binin n\u00eb sy dhe t\u00eb shkaktonin edhe n\u00eb Paris revolt\u00ebn e tunizian\u00ebve q\u00eb jetojn\u00eb aty.<\/p>\n<p>Sidoqoft\u00eb, ata nuk do t\u00eb q\u00ebndrojn\u00eb aty p\u00ebr nj\u00eb koh\u00eb t\u00eb gjat\u00eb, sepse t\u00eb pakt\u00ebn, sipas nj\u00eb z\u00ebdh\u00ebn\u00ebsi t\u00eb qeveris\u00eb franceze, an\u00ebtar\u00ebt e ish-familjes s\u00eb par\u00eb t\u00eb Tunizis\u00eb nuk jan\u00eb t\u00eb mir\u00ebpritur n\u00eb tok\u00ebn franceze dhe se duhet t\u00eb largohen.<\/p>\n","protected":false},"excerpt":{"rendered":"<p>Nga Korresp. 24-ore.com Nd\u00ebrsa presidentit t\u00eb Tunizis\u00eb i \u00ebsht\u00eb ofruar q\u00ebndrimi n\u00eb Arabin\u00eb Saudite, n\u00eb vendin q\u00eb ka l\u00ebn\u00eb pas, pra Tunizi, kan\u00eb filluar t\u00eb dalin me shpejt\u00ebsi detajet deri m\u00eb tani t\u00eb panjohura t\u00eb stilit tep\u00ebr luksoz t\u00eb familjes s\u00eb tij dhe t\u00eb njer\u00ebzve q\u00eb i kan\u00eb q\u00ebndruar pran\u00eb, pra klanit presidencial Ata parap\u00eblqenin [&hellip;]<\/p>\n","protected":false},"author":1,"featured_media":0,"comment_status":"open","ping_status":"closed","sticky":false,"template":"","format":"standard","meta":{"footnotes":""},"categories":[2],"tags":[],"class_list":{"0":"post-5726","1":"post","2":"type-post","3":"status-publish","4":"format-standard","6":"category-artikuj"},"yoast_head":"<!-- This site is optimized with the Yoast SEO plugin v27.4 - https:\/\/yoast.com\/product\/yoast-seo-wordpress\/ -->\n<title>Nj\u00eb familje mafioze - FjALA e LIR\u00cb - Arkivi<\/title>\n<meta name=\"robots\" content=\"index, follow, max-snippet:-1, max-image-preview:large, max-video-preview:-1\" \/>\n<link rel=\"canonical\" href=\"https:\/\/fjala.info\/2009-2015\/nje-familje-mafioze\/\" \/>\n<meta property=\"og:locale\" content=\"sq_AL\" \/>\n<meta property=\"og:type\" content=\"article\" \/>\n<meta property=\"og:title\" content=\"Nj\u00eb familje mafioze - FjALA e LIR\u00cb - Arkivi\" \/>\n<meta property=\"og:description\" content=\"Nga Korresp. 24-ore.com Nd\u00ebrsa presidentit t\u00eb Tunizis\u00eb i \u00ebsht\u00eb ofruar q\u00ebndrimi n\u00eb Arabin\u00eb Saudite, n\u00eb vendin q\u00eb ka l\u00ebn\u00eb pas, pra Tunizi, kan\u00eb filluar t\u00eb dalin me shpejt\u00ebsi detajet deri m\u00eb tani t\u00eb panjohura t\u00eb stilit tep\u00ebr luksoz t\u00eb familjes s\u00eb tij dhe t\u00eb njer\u00ebzve q\u00eb i kan\u00eb q\u00ebndruar pran\u00eb, pra klanit presidencial Ata parap\u00eblqenin [&hellip;]\" \/>\n<meta property=\"og:url\" content=\"https:\/\/fjala.info\/2009-2015\/nje-familje-mafioze\/\" \/>\n<meta property=\"og:site_name\" content=\"FjALA e LIR\u00cb - Arkivi\" \/>\n<meta property=\"article:published_time\" content=\"2011-01-19T08:08:23+00:00\" \/>\n<meta property=\"og:image\" content=\"http:\/\/fjala.shkoder.net\/wp-content\/uploads\/2011\/01\/familja_ben_ali_tunizi-300x195.jpg\" \/>\n<meta name=\"author\" content=\"admin\" \/>\n<meta name=\"twitter:card\" content=\"summary_large_image\" \/>\n<meta name=\"twitter:label1\" content=\"Written by\" \/>\n\t<meta name=\"twitter:data1\" content=\"admin\" \/>\n\t<meta name=\"twitter:label2\" content=\"Est. reading time\" \/>\n\t<meta name=\"twitter:data2\" content=\"8 minutes\" \/>\n<script type=\"application\/ld+json\" class=\"yoast-schema-graph\">{\"@context\":\"https:\\\/\\\/schema.org\",\"@graph\":[{\"@type\":\"Article\",\"@id\":\"https:\\\/\\\/fjala.info\\\/2009-2015\\\/nje-familje-mafioze\\\/#article\",\"isPartOf\":{\"@id\":\"https:\\\/\\\/fjala.info\\\/2009-2015\\\/nje-familje-mafioze\\\/\"},\"author\":{\"name\":\"admin\",\"@id\":\"https:\\\/\\\/fjala.info\\\/2009-2015\\\/#\\\/schema\\\/person\\\/3aa1163ef05469c496fc94e77611ada2\"},\"headline\":\"Nj\u00eb familje mafioze\",\"datePublished\":\"2011-01-19T08:08:23+00:00\",\"mainEntityOfPage\":{\"@id\":\"https:\\\/\\\/fjala.info\\\/2009-2015\\\/nje-familje-mafioze\\\/\"},\"wordCount\":1621,\"commentCount\":0,\"publisher\":{\"@id\":\"https:\\\/\\\/fjala.info\\\/2009-2015\\\/#organization\"},\"image\":{\"@id\":\"https:\\\/\\\/fjala.info\\\/2009-2015\\\/nje-familje-mafioze\\\/#primaryimage\"},\"thumbnailUrl\":\"http:\\\/\\\/fjala.shkoder.net\\\/wp-content\\\/uploads\\\/2011\\\/01\\\/familja_ben_ali_tunizi-300x195.jpg\",\"articleSection\":[\"Artikuj\"],\"inLanguage\":\"sq-AL\",\"potentialAction\":[{\"@type\":\"CommentAction\",\"name\":\"Comment\",\"target\":[\"https:\\\/\\\/fjala.info\\\/2009-2015\\\/nje-familje-mafioze\\\/#respond\"]}]},{\"@type\":\"WebPage\",\"@id\":\"https:\\\/\\\/fjala.info\\\/2009-2015\\\/nje-familje-mafioze\\\/\",\"url\":\"https:\\\/\\\/fjala.info\\\/2009-2015\\\/nje-familje-mafioze\\\/\",\"name\":\"Nj\u00eb familje mafioze - FjALA e LIR\u00cb - Arkivi\",\"isPartOf\":{\"@id\":\"https:\\\/\\\/fjala.info\\\/2009-2015\\\/#website\"},\"primaryImageOfPage\":{\"@id\":\"https:\\\/\\\/fjala.info\\\/2009-2015\\\/nje-familje-mafioze\\\/#primaryimage\"},\"image\":{\"@id\":\"https:\\\/\\\/fjala.info\\\/2009-2015\\\/nje-familje-mafioze\\\/#primaryimage\"},\"thumbnailUrl\":\"http:\\\/\\\/fjala.shkoder.net\\\/wp-content\\\/uploads\\\/2011\\\/01\\\/familja_ben_ali_tunizi-300x195.jpg\",\"datePublished\":\"2011-01-19T08:08:23+00:00\",\"breadcrumb\":{\"@id\":\"https:\\\/\\\/fjala.info\\\/2009-2015\\\/nje-familje-mafioze\\\/#breadcrumb\"},\"inLanguage\":\"sq-AL\",\"potentialAction\":[{\"@type\":\"ReadAction\",\"target\":[\"https:\\\/\\\/fjala.info\\\/2009-2015\\\/nje-familje-mafioze\\\/\"]}]},{\"@type\":\"ImageObject\",\"inLanguage\":\"sq-AL\",\"@id\":\"https:\\\/\\\/fjala.info\\\/2009-2015\\\/nje-familje-mafioze\\\/#primaryimage\",\"url\":\"http:\\\/\\\/fjala.shkoder.net\\\/wp-content\\\/uploads\\\/2011\\\/01\\\/familja_ben_ali_tunizi-300x195.jpg\",\"contentUrl\":\"http:\\\/\\\/fjala.shkoder.net\\\/wp-content\\\/uploads\\\/2011\\\/01\\\/familja_ben_ali_tunizi-300x195.jpg\"},{\"@type\":\"BreadcrumbList\",\"@id\":\"https:\\\/\\\/fjala.info\\\/2009-2015\\\/nje-familje-mafioze\\\/#breadcrumb\",\"itemListElement\":[{\"@type\":\"ListItem\",\"position\":1,\"name\":\"Home\",\"item\":\"https:\\\/\\\/fjala.info\\\/2009-2015\\\/\"},{\"@type\":\"ListItem\",\"position\":2,\"name\":\"Nj\u00eb familje mafioze\"}]},{\"@type\":\"WebSite\",\"@id\":\"https:\\\/\\\/fjala.info\\\/2009-2015\\\/#website\",\"url\":\"https:\\\/\\\/fjala.info\\\/2009-2015\\\/\",\"name\":\"FjALA e LIR\u00cb - Arkivi\",\"description\":\"Arkivi 2009-2015\",\"publisher\":{\"@id\":\"https:\\\/\\\/fjala.info\\\/2009-2015\\\/#organization\"},\"potentialAction\":[{\"@type\":\"SearchAction\",\"target\":{\"@type\":\"EntryPoint\",\"urlTemplate\":\"https:\\\/\\\/fjala.info\\\/2009-2015\\\/?s={search_term_string}\"},\"query-input\":{\"@type\":\"PropertyValueSpecification\",\"valueRequired\":true,\"valueName\":\"search_term_string\"}}],\"inLanguage\":\"sq-AL\"},{\"@type\":\"Organization\",\"@id\":\"https:\\\/\\\/fjala.info\\\/2009-2015\\\/#organization\",\"name\":\"FjALA e LIR\u00cb - Arkivi\",\"url\":\"https:\\\/\\\/fjala.info\\\/2009-2015\\\/\",\"logo\":{\"@type\":\"ImageObject\",\"inLanguage\":\"sq-AL\",\"@id\":\"https:\\\/\\\/fjala.info\\\/2009-2015\\\/#\\\/schema\\\/logo\\\/image\\\/\",\"url\":\"\",\"contentUrl\":\"\",\"caption\":\"FjALA e LIR\u00cb - Arkivi\"},\"image\":{\"@id\":\"https:\\\/\\\/fjala.info\\\/2009-2015\\\/#\\\/schema\\\/logo\\\/image\\\/\"}},{\"@type\":\"Person\",\"@id\":\"https:\\\/\\\/fjala.info\\\/2009-2015\\\/#\\\/schema\\\/person\\\/3aa1163ef05469c496fc94e77611ada2\",\"name\":\"admin\",\"image\":{\"@type\":\"ImageObject\",\"inLanguage\":\"sq-AL\",\"@id\":\"https:\\\/\\\/fjala.info\\\/2009-2015\\\/wp-content\\\/uploads\\\/2012\\\/02\\\/arben_cokaj-120x150.jpg\",\"url\":\"https:\\\/\\\/fjala.info\\\/2009-2015\\\/wp-content\\\/uploads\\\/2012\\\/02\\\/arben_cokaj-120x150.jpg\",\"contentUrl\":\"https:\\\/\\\/fjala.info\\\/2009-2015\\\/wp-content\\\/uploads\\\/2012\\\/02\\\/arben_cokaj-120x150.jpg\",\"caption\":\"admin\"},\"description\":\"Admin, Fjala e Lir\u00eb\",\"sameAs\":[\"https:\\\/\\\/fjala.info\\\/\"],\"url\":\"https:\\\/\\\/fjala.info\\\/2009-2015\\\/author\\\/admin\\\/\"}]}<\/script>\n<!-- \/ Yoast SEO plugin. -->","yoast_head_json":{"title":"Nj\u00eb familje mafioze - FjALA e LIR\u00cb - Arkivi","robots":{"index":"index","follow":"follow","max-snippet":"max-snippet:-1","max-image-preview":"max-image-preview:large","max-video-preview":"max-video-preview:-1"},"canonical":"https:\/\/fjala.info\/2009-2015\/nje-familje-mafioze\/","og_locale":"sq_AL","og_type":"article","og_title":"Nj\u00eb familje mafioze - FjALA e LIR\u00cb - Arkivi","og_description":"Nga Korresp. 24-ore.com Nd\u00ebrsa presidentit t\u00eb Tunizis\u00eb i \u00ebsht\u00eb ofruar q\u00ebndrimi n\u00eb Arabin\u00eb Saudite, n\u00eb vendin q\u00eb ka l\u00ebn\u00eb pas, pra Tunizi, kan\u00eb filluar t\u00eb dalin me shpejt\u00ebsi detajet deri m\u00eb tani t\u00eb panjohura t\u00eb stilit tep\u00ebr luksoz t\u00eb familjes s\u00eb tij dhe t\u00eb njer\u00ebzve q\u00eb i kan\u00eb q\u00ebndruar pran\u00eb, pra klanit presidencial Ata parap\u00eblqenin [&hellip;]","og_url":"https:\/\/fjala.info\/2009-2015\/nje-familje-mafioze\/","og_site_name":"FjALA e LIR\u00cb - Arkivi","article_published_time":"2011-01-19T08:08:23+00:00","og_image":[{"url":"http:\/\/fjala.shkoder.net\/wp-content\/uploads\/2011\/01\/familja_ben_ali_tunizi-300x195.jpg","type":"","width":"","height":""}],"author":"admin","twitter_card":"summary_large_image","twitter_misc":{"Written by":"admin","Est. reading time":"8 minutes"},"schema":{"@context":"https:\/\/schema.org","@graph":[{"@type":"Article","@id":"https:\/\/fjala.info\/2009-2015\/nje-familje-mafioze\/#article","isPartOf":{"@id":"https:\/\/fjala.info\/2009-2015\/nje-familje-mafioze\/"},"author":{"name":"admin","@id":"https:\/\/fjala.info\/2009-2015\/#\/schema\/person\/3aa1163ef05469c496fc94e77611ada2"},"headline":"Nj\u00eb familje mafioze","datePublished":"2011-01-19T08:08:23+00:00","mainEntityOfPage":{"@id":"https:\/\/fjala.info\/2009-2015\/nje-familje-mafioze\/"},"wordCount":1621,"commentCount":0,"publisher":{"@id":"https:\/\/fjala.info\/2009-2015\/#organization"},"image":{"@id":"https:\/\/fjala.info\/2009-2015\/nje-familje-mafioze\/#primaryimage"},"thumbnailUrl":"http:\/\/fjala.shkoder.net\/wp-content\/uploads\/2011\/01\/familja_ben_ali_tunizi-300x195.jpg","articleSection":["Artikuj"],"inLanguage":"sq-AL","potentialAction":[{"@type":"CommentAction","name":"Comment","target":["https:\/\/fjala.info\/2009-2015\/nje-familje-mafioze\/#respond"]}]},{"@type":"WebPage","@id":"https:\/\/fjala.info\/2009-2015\/nje-familje-mafioze\/","url":"https:\/\/fjala.info\/2009-2015\/nje-familje-mafioze\/","name":"Nj\u00eb familje mafioze - FjALA e LIR\u00cb - Arkivi","isPartOf":{"@id":"https:\/\/fjala.info\/2009-2015\/#website"},"primaryImageOfPage":{"@id":"https:\/\/fjala.info\/2009-2015\/nje-familje-mafioze\/#primaryimage"},"image":{"@id":"https:\/\/fjala.info\/2009-2015\/nje-familje-mafioze\/#primaryimage"},"thumbnailUrl":"http:\/\/fjala.shkoder.net\/wp-content\/uploads\/2011\/01\/familja_ben_ali_tunizi-300x195.jpg","datePublished":"2011-01-19T08:08:23+00:00","breadcrumb":{"@id":"https:\/\/fjala.info\/2009-2015\/nje-familje-mafioze\/#breadcrumb"},"inLanguage":"sq-AL","potentialAction":[{"@type":"ReadAction","target":["https:\/\/fjala.info\/2009-2015\/nje-familje-mafioze\/"]}]},{"@type":"ImageObject","inLanguage":"sq-AL","@id":"https:\/\/fjala.info\/2009-2015\/nje-familje-mafioze\/#primaryimage","url":"http:\/\/fjala.shkoder.net\/wp-content\/uploads\/2011\/01\/familja_ben_ali_tunizi-300x195.jpg","contentUrl":"http:\/\/fjala.shkoder.net\/wp-content\/uploads\/2011\/01\/familja_ben_ali_tunizi-300x195.jpg"},{"@type":"BreadcrumbList","@id":"https:\/\/fjala.info\/2009-2015\/nje-familje-mafioze\/#breadcrumb","itemListElement":[{"@type":"ListItem","position":1,"name":"Home","item":"https:\/\/fjala.info\/2009-2015\/"},{"@type":"ListItem","position":2,"name":"Nj\u00eb familje mafioze"}]},{"@type":"WebSite","@id":"https:\/\/fjala.info\/2009-2015\/#website","url":"https:\/\/fjala.info\/2009-2015\/","name":"FjALA e LIR\u00cb - Arkivi","description":"Arkivi 2009-2015","publisher":{"@id":"https:\/\/fjala.info\/2009-2015\/#organization"},"potentialAction":[{"@type":"SearchAction","target":{"@type":"EntryPoint","urlTemplate":"https:\/\/fjala.info\/2009-2015\/?s={search_term_string}"},"query-input":{"@type":"PropertyValueSpecification","valueRequired":true,"valueName":"search_term_string"}}],"inLanguage":"sq-AL"},{"@type":"Organization","@id":"https:\/\/fjala.info\/2009-2015\/#organization","name":"FjALA e LIR\u00cb - Arkivi","url":"https:\/\/fjala.info\/2009-2015\/","logo":{"@type":"ImageObject","inLanguage":"sq-AL","@id":"https:\/\/fjala.info\/2009-2015\/#\/schema\/logo\/image\/","url":"","contentUrl":"","caption":"FjALA e LIR\u00cb - Arkivi"},"image":{"@id":"https:\/\/fjala.info\/2009-2015\/#\/schema\/logo\/image\/"}},{"@type":"Person","@id":"https:\/\/fjala.info\/2009-2015\/#\/schema\/person\/3aa1163ef05469c496fc94e77611ada2","name":"admin","image":{"@type":"ImageObject","inLanguage":"sq-AL","@id":"https:\/\/fjala.info\/2009-2015\/wp-content\/uploads\/2012\/02\/arben_cokaj-120x150.jpg","url":"https:\/\/fjala.info\/2009-2015\/wp-content\/uploads\/2012\/02\/arben_cokaj-120x150.jpg","contentUrl":"https:\/\/fjala.info\/2009-2015\/wp-content\/uploads\/2012\/02\/arben_cokaj-120x150.jpg","caption":"admin"},"description":"Admin, Fjala e Lir\u00eb","sameAs":["https:\/\/fjala.info\/"],"url":"https:\/\/fjala.info\/2009-2015\/author\/admin\/"}]}},"_links":{"self":[{"href":"https:\/\/fjala.info\/2009-2015\/wp-json\/wp\/v2\/posts\/5726","targetHints":{"allow":["GET"]}}],"collection":[{"href":"https:\/\/fjala.info\/2009-2015\/wp-json\/wp\/v2\/posts"}],"about":[{"href":"https:\/\/fjala.info\/2009-2015\/wp-json\/wp\/v2\/types\/post"}],"author":[{"embeddable":true,"href":"https:\/\/fjala.info\/2009-2015\/wp-json\/wp\/v2\/users\/1"}],"replies":[{"embeddable":true,"href":"https:\/\/fjala.info\/2009-2015\/wp-json\/wp\/v2\/comments?post=5726"}],"version-history":[{"count":0,"href":"https:\/\/fjala.info\/2009-2015\/wp-json\/wp\/v2\/posts\/5726\/revisions"}],"wp:attachment":[{"href":"https:\/\/fjala.info\/2009-2015\/wp-json\/wp\/v2\/media?parent=5726"}],"wp:term":[{"taxonomy":"category","embeddable":true,"href":"https:\/\/fjala.info\/2009-2015\/wp-json\/wp\/v2\/categories?post=5726"},{"taxonomy":"post_tag","embeddable":true,"href":"https:\/\/fjala.info\/2009-2015\/wp-json\/wp\/v2\/tags?post=5726"}],"curies":[{"name":"wp","href":"https:\/\/api.w.org\/{rel}","templated":true}]}}