{"id":5720,"date":"2011-01-19T11:02:18","date_gmt":"2011-01-19T10:02:18","guid":{"rendered":"http:\/\/fjala.shkoder.net\/?p=5720"},"modified":"2011-01-19T11:02:18","modified_gmt":"2011-01-19T10:02:18","slug":"5720","status":"publish","type":"post","link":"https:\/\/fjala.info\/2009-2015\/5720\/","title":{"rendered":"Mbeta mik me shpirtin &#8211; Vaso Papaj"},"content":{"rendered":"<p><img loading=\"lazy\" decoding=\"async\" class=\"alignright size-full wp-image-5723\" title=\"vaso_papaj_mbeta_mik_me_shpirtin\" src=\"http:\/\/fjala.shkoder.net\/wp-content\/uploads\/2011\/01\/vaso_papaj_mbeta_mik_me_shpirtin.jpg\" alt=\"\" width=\"300\" height=\"451\" \/><\/p>\n<p>I nderuar administrator!<\/p>\n<p><em>M\u00eb dat\u00eb 13.01. 2011 n\u00eb teatrin &#8220;A. Moisiu&#8221; Durr\u00ebs, Biblioteka Publike e qytetit hapi siparin e aktiviteteve kulturoro-artistike me prezantimin e v\u00ebllimit poetik &#8220;Mbeta mik me shpirtin&#8221; t\u00eb shkrimtarit dhe poetit durr\u00ebsak Vaso Papaj, botim i shtepis\u00eb botuese &#8221; UEGEN&#8221; Tiran\u00eb. Mor\u00ebn pjese personalitete t\u00eb jet\u00ebs kulturore-artistike, miq, miq nga Maqedonia dhe Mali i Zi, specialist te Drejtorise Arsimore Rajonale,drejtues shkollash, m\u00ebsues. Mor\u00ebn pjes\u00eb gjithashtu ish deputet\u00eb, deputeti i qytetit Z.Gazmend Oketa si dhe kryetari i Bashkis\u00eb z.Vangjush Dako.<\/em><\/p>\n<p><em>Aktor\u00ebt e Teatrit A.Moisiu dhe nx\u00ebn\u00ebsit e shkollave t\u00eb mesme e zbukuruan takimin me recitimin e poezive nga v\u00ebllimi.<\/em><\/p>\n<p><em>Ju d\u00ebrgojm\u00eb fjal\u00ebn e mbajtur nga poeti Agim Bajrami, sekretar i Klubit te Shkrimtareve dhe Artist\u00ebve t\u00eb qytetit, me k\u00ebt\u00eb rast.<\/em><\/p>\n<p><em>Pershendetje!<\/em><\/p>\n<p><strong>Dorina Papa <\/strong><\/p>\n<p><em>Anetare e klubit t\u00eb Artist\u00ebve dhe Shkrimtar\u00ebve, Durr\u00ebs<\/em><\/p>\n<p>&#8212;&#8212;&#8212;&#8212;&#8211;<\/p>\n<p><strong>T\u00eb jesh mik i shpirtit t\u00ebnd<\/strong><\/p>\n<p>T\u00eb arrish t\u00eb mbetesh mik me shpirtin t\u00ebnd, ne koh\u00ebrat kur shum\u00ebkush k\u00ebrkon ta shesi apo ta shp\u00ebrfytyroj\u00eb at\u00eb vet\u00ebm p\u00ebr nj\u00eb post apo p\u00ebr pak para, pa u zverdhur dhe pa u skuqur aspak n\u00eb fytyr\u00eb, m\u00eb tep\u00ebr se nj\u00eb pohim i thjesht\u00eb poetik p\u00ebrb\u00ebn n\u00eb vetvete nj\u00eb filozofi t\u00eb t\u00ebr\u00eb jete dhe morali, p\u00ebr t\u00eb mos th\u00ebn\u00eb nj\u00eb pasqyr\u00eb t\u00eb t\u00ebr\u00eb q\u00ebndrese dhe serioziteti.<\/p>\n<p>E shkruar her\u00eb n\u00eb gri e her\u00eb n\u00eb t\u00eb bardh\u00eb, historia e k\u00ebtyre mardh\u00ebnjeve midis tyre aq sa \u00ebsht\u00eb e aft\u00eb t\u00eb t\u00eb tundoj aq mund t\u00eb b\u00ebj edhe t\u00eb kund\u00ebrt\u00ebn e saj . Natyrisht ky \u00ebsht\u00eb problem sinqeriteti dhe aft\u00ebsie narrative e poetit. Por, kur k\u00ebt\u00eb pohim arrin ta b\u00ebj n\u00eb m\u00ebnyr\u00eb metaforike dhe artistike nj\u00eb personalitet shum\u00eb dimensional si Vaso Papaj, njeri t\u00eb cilin koh\u00ebrat e kan\u00eb v\u00ebn\u00eb p\u00ebrball\u00eb dilemash e udh\u00ebkryqesh t\u00eb v\u00ebshtira, b\u00ebhet e qart\u00eb dhe emocionuese. Poezit\u00eb e librit me titullin q\u00eb p\u00ebrmend\u00ebm pak m\u00eb lart jan\u00eb t\u00eb afta t\u00eb rrug\u00ebtojn\u00eb brenda nesh jo si vargje shkruara n\u00eb let\u00ebr por si reg\u00ebtima udh\u00ebtar\u00ebsh t\u00eb porsakthyer nga nj\u00eb udh\u00ebtim i v\u00ebshtir\u00eb t\u00eb mes Shil\u00ebs dhe Karibd\u00ebs.<\/p>\n<p>Par\u00eb n\u00eb k\u00ebt\u00eb v\u00ebshtrim, pohimet poetike t\u00eb Vaso Papajit mund t\u2019i marr\u00ebsh edhe si nj\u00eb akumulim mbresash, kujtimesh e v\u00ebshtir\u00ebsish t\u00eb nj\u00eb luft\u00ebtari q\u00eb e njeh forc\u00ebn e vetvetes n\u00eb momente sfidash e ballafaqimesh t\u00eb p\u00ebrher\u00ebshm\u00eb.<\/p>\n<p>Ndon\u00ebse orkestr\u00ebs s\u00eb \u00ebndrrave t\u00eb autorit nuk i dalin shtat\u00eb nota, poezia e tij arrin t\u00eb sjell\u00eb p\u00ebrpara nesh nota t\u00eb tjera t\u00eb pad\u00ebgjuara kund ose q\u00eb vesh\u00ebve tan\u00eb t\u00eb r\u00ebndomt\u00eb mund tu jen\u00eb dukur si t\u00eb zakonshme. Q\u00eb nga notat tragjike, t\u00eb zhurm\u00ebs s\u00eb tankeve n\u00eb sheshin Ve\u00e7esllav , tek trok\u00ebllima e hapave t\u00eb spiun\u00ebve p\u00ebrpara portave t\u00eb k\u00ebrrusura t\u00eb Tiran\u00ebs, q\u00eb nga sht\u00ebpit\u00eb mes vrashtave n\u00eb Kepin e Rodonit, deri tek Bar \u201cArragosta\u201d , k\u00ebtu n\u00eb Durr\u00ebs, ku nga gjasht\u00eb \u00e7unat e lagjes q\u00eb festojn\u00eb t\u00ebr\u00eb nat\u00ebn, n\u00eb m\u00ebngjes mbesin vet\u00ebm pes\u00eb ( i gjashti ik\u00ebn me tragetin).<\/p>\n<p>Duke shfletuar v\u00ebllimin poetik t\u00eb Vaso Papajit, t\u00eb krijohet ndjesia se je futur n\u00eb nj\u00eb folez\u00eb besimi me diej dhe vet\u00ebtima. Tablloja poetike q\u00eb arrin t\u00eb krijoj\u00eb autori, nuk ka qellim n\u00eb vetvete vet\u00ebm v\u00ebnien bardh e zi t\u00eb ngjyrave t\u00eb drit\u00ebs me hijen. Ky q\u00ebllim \u00ebsht\u00eb tejkaluar tashm\u00eb tek ky lib\u00ebr.<\/p>\n<p>Q\u00ebllimi i tij i duksh\u00ebm \u00ebsht\u00eb zb\u00ebrthimi i drit\u00ebs dhe i harmonis\u00eb s\u00eb saj, kur kjo arrin t\u00eb pasqyrohet me k\u00ebto objekte, dhenia e l\u00ebvizjes s\u00eb brendshme dhe e z\u00ebrave t\u00eb nd\u00ebrsjellt\u00eb q\u00eb shk\u00ebmbejn\u00eb k\u00ebta me nj\u00ebri-tjetrin gjat\u00eb procesit t\u00eb njohjes dhe natyralizimit. N\u00ebse do t\u00eb flisnim me nj\u00eb gjuh\u00eb metaforike, k\u00ebto poezi shpeshher\u00eb na kujtojn\u00eb tingullin e sinqert\u00eb t\u00eb shiut mbi strehat e \u00e7ative t\u00eb sht\u00ebpive tona.<br \/>\nNdon\u00ebse ai vjen nga nj\u00eb rrug\u00eb e larg\u00ebt qiellore ku \u00ebsht\u00eb ndeshur dhe p\u00ebrplasur me rrufe dhe bubullima, k\u00ebto pika asnj\u00ebher\u00eb nuk e kan\u00eb humbur transparenc\u00ebn dhe tejdukshm\u00ebrin\u00eb e tyre klasike.<\/p>\n<p>Bile, bile, po ti shikosh me v\u00ebmendje, ato mund t\u00eb marrin befasisht trajt\u00ebn e nj\u00eb harte apo portreti njer\u00ebzor n\u00eb \u00ebnd\u00ebrrim.<\/p>\n<p>Duke e vendosur veten n\u00eb pozitat e nj\u00eb intelektuali, krijimtaria e k\u00ebtij autori, krahas mesazheve t\u00eb bashk\u00ebkoh\u00ebsis\u00eb e ndjesive t\u00eb holla shpirt\u00ebrore, dallohet mbi t\u00eb gjitha p\u00ebr frym\u00ebn kund\u00ebrshtu\u00ebse e polemizuese, p\u00ebr shum\u00eb gj\u00ebra q\u00eb atij i duken t\u00eb huaja apo t\u00eb mbrapshta.<\/p>\n<p>Mjafton t\u00eb lexojm\u00eb k\u00ebtu poezin\u00eb shum\u00eb t\u00eb ndjer\u00eb \u201c Kurr\u00eb fjal\u00eb, fjal\u00eb n\u00eb er\u00eb\u201d ku autori shpesh her\u00eb e v\u00eb veten n\u00eb rolin e nj\u00eb rilind\u00ebsi dhe ideologu t\u00eb bashkoh\u00ebsis\u00eb:<\/p>\n<blockquote><p><em>Fjal\u00ebt e mia kan\u2019 humbur shpesh her\u00eb,<br \/>\nkur emri atdhe s\u2019ka qen\u2019 fjal\u00eb e par\u00eb.<br \/>\nKan\u2019 ngrir\u00eb t\u00eb pajet\u00eb n\u00eb ajrin eter,<br \/>\nve\u00e7 tyre s\u2019 v\u00eb k\u00ebnd n\u00eb altar.<\/em><\/p><\/blockquote>\n<p>Vaso Papaj e konsideron veten si pjes\u00eb p\u00ebrb\u00ebr\u00ebse e aj\u00ebrit dhe e trupit t\u00eb atdheut q\u00eb i p\u00ebrket. Si i till\u00eb ai nuk e kursen p\u00ebrvete p\u00ebrbetimin dhe dashurin\u00eb, por larg retorikave dhe patetizmave t\u00eb r\u00ebndomta. Simbolika n\u00eb vargun e tij nuk \u00ebsht\u00eb vet\u00ebm nj\u00eb nocion letrar dhe aq. Ajo shpesh her\u00eb vishet me frym\u00eb e ndjesi t\u00eb holla shpirt\u00ebrore duke u b\u00ebr\u00eb nj\u00eb trup e nj\u00eb gjak me t\u00eb. E ndeshim k\u00ebt\u00eb gj\u00eb n\u00eb poezit\u00eb kushtuar \u201c Refugjates \u00e7ame\u201d, \u201c Durr\u00ebsit\u201d, \u201cSh\u00ebtitores Taulantia\u201d, \u201c Kthimit nga emigracioni\u201d ose \u201c Let\u00ebr Khaled Hosseinit\u201d etj. Si nj\u00eb durresak i vjet\u00ebr, ai leviz n\u00ebp\u00ebr rrug\u00ebt e qytetit t\u00eb tij me at\u00eb lirshm\u00ebri e kuraj\u00eb q\u00eb levizin rrezet e diellit nj\u00eb m\u00ebngjes t\u00eb p\u00ebrflakur maji. Ne mund ta imagjinojm\u00eb dhe identifikojm\u00eb k\u00ebt\u00eb dashuri dhe lirshm\u00ebri edhe pa e njohur at\u00eb personalisht, sepse hapat e shpirtit dhe t\u00eb k\u00ebng\u00ebs s\u00eb poetit arrin rimime t\u00eb p\u00ebrputhura.<\/p>\n<p>Shum\u00eb nga poezit\u00eb e k\u00ebtij libri mbartin n\u00eb vetvete motive dhe ngjarje jet\u00ebsore q\u00eb i kan\u00eb l\u00ebn\u00eb atij mbresa t\u00eb thella n\u00eb koh\u00ebra dhe vite ( kujtojm\u00eb N\u00ebn\u00eb Terez\u00ebn, ambasadorin e SHBA Rajerson, ambasadorin e Italis\u00eb Paolo Foresti, shkrimtarin Petro Marko, serben Mira Stankovi\u00e7, Auror\u00ebn e vog\u00ebl keng\u00ebtare etj.) Vet\u00ebdija dhe kujtesa e poetit ka ditur t\u00eb na i sjell ato ashtu si\u00e7 kan\u00eb qen\u00eb , por t\u00eb strukturuara me at\u00eb form\u00eb dhe plasticitet q\u00eb do ta donte nj\u00eb rr\u00ebfim poetik mbresl\u00ebn\u00ebs. M\u00eb ka b\u00ebr\u00eb p\u00ebrshtypj\u00eb m\u00ebnyra sesi i rradhit dhe i gdhend vargjet autori, ngjyrat e brendshme q\u00eb nxjerr n\u00eb pah ai. Ato jan\u00eb solide, t\u00eb prekshme por dhe emocionuese nj\u00ebkoh\u00ebsisht. Edhe n\u00eb momentet m\u00eb t\u00eb v\u00ebshtira, rrug\u00ebn e tij jet\u00ebsore e ka prir\u00eb vazhdimisht si nj\u00eb drit\u00eb e larg\u00ebt n\u00eb fund t\u00eb tunelit ideja e shpres\u00ebs dhe e liris\u00eb.<\/p>\n<p>Po t\u00eb shfletosh me v\u00ebmendje librin e Vasos, kjo ide n\u00eb trajt\u00ebn e nj\u00eb ikone q\u00ebndron e varur dhe rrezatuese n\u00eb \u00e7do varg t\u00eb tij. Mjafton t\u00eb kesh sy ta shoh\u00ebsh, ta prek\u00ebsh e ta ndjesh at\u00eb n\u00eb t\u00ebr\u00eb shqisat e tua.<\/p>\n<p>P\u00ebrsa i p\u00ebrket poezive t\u00eb tjera, Vaso Papaj arrin t\u00eb shfaqet p\u00ebrpara nesh si nj\u00eb lirik i ngroht\u00eb dhe i k\u00ebndsh\u00ebm. Ndon\u00ebse mundohet ta fsheh shpirtin e tij prej bohemi, me nj\u00eb aureol\u00eb serioziteti, lexuesi nuk g\u00ebnjehet leht\u00eb prej saj , sepse nuk mund t\u00eb jesh poet i ndjesh\u00ebm dhe t\u00eb shkruash vargje t\u00eb till\u00eb aq mbres\u00ebl\u00ebn\u00ebs si k\u00ebto n\u00eb poezin \u201c \u00c7up\u00ebza ledhatare\u201d ,\u201dOtranto\u201d, \u201c Jam lakuriq\u201d apo \u201cDiploma fallco\u201d.<br \/>\nShum\u00eb nga poezit\u00eb e Vaso Papajit , t\u00eb befasojn\u00eb me gjetjet artistike dhe momentet e ve\u00e7anta t\u00eb p\u00ebrjetimeve. Po t\u00eb lexosh poezin\u00eb \u201c Puthja e par\u00eb\u201d p\u00ebrfytirimi poeti arrin t\u00eb marr\u00eb nj\u00eb vler\u00eb jo vet\u00ebm p\u00ebrgjith\u00ebsuese , por edhe mjaft dometh\u00ebn\u00ebse. N\u00eb ket\u00eb poezi kemi nj\u00eb simetri dhe p\u00ebrputhje hermetike mes realitetit dhe \u00ebndrr\u00ebs, mes shpirtit njer\u00ebzor dhe atij t\u00eb natyr\u00ebs pa teprime dhe abuzime t\u00eb tep\u00ebrta.<\/p>\n<blockquote><p><em>Mos vall\u2019 si stin\u00ebt ndjenjat jan\u00eb?<br \/>\n(Nuk i p\u00ebrgjigjem, s\u2019 mund ta di)<br \/>\nPo \u00ebsht\u2019 nj\u00eb dallg\u00eb q\u00eb br\u00ebnda kam,<br \/>\nnj\u00eb bot\u00eb e bardh\u00eb me dashuri.<\/em><\/p><\/blockquote>\n<p>Z\u00ebri poetik i autorit gjith\u00ebmon\u00eb arrin t\u00eb gershetohet m\u00eb s\u00eb miri me z\u00ebrat dhe thirrjet e bashk\u00ebkoh\u00ebsve t\u00eb tij rreth e qark. Dhe kjo sepse ai \u00ebsht\u00eb i bindur se nj\u00eb z\u00eb solo , i vetmuar,sado i bukur dhe orfeistik t\u00eb jet\u00eb, magjin\u00eb e ting\u00ebllim\u00ebs dhe kumbimit mund ta p\u00ebrftoj\u00eb vet\u00ebm duke qen\u00eb i shoq\u00ebruar nga polifonia. Kjo jo vet\u00ebm arrin t\u2019i forcoj\u00eb atij kumbimin dhe efektin akustik , por e b\u00ebn at\u00eb edhe m\u00eb t\u00eb artikuluesh\u00ebm dhe m\u00eb t\u00eb plot\u00eb nj\u00ebher\u00ebsh.<\/p>\n<p>Realitetet shqip\u00ebtare me t\u00eb gjitha drit\u00ebhijet e tyre, poesia e Vasos arrin t\u2019i prek dhe t\u2019i zb\u00ebrthej imt\u00ebsisht. Ajo e p\u00eblqen spontanitetin, por kjo s\u2019do t\u00eb thot\u00eb se n\u00eb trurin e poetit nuk ka pasur tema t\u00eb mprehta t\u00eb cilat e kan\u00eb v\u00ebn\u00eb at\u00eb n\u00eb mendime. Poeti nuk e duron indiferentizmin dhe mbylljen e syve dhe t\u00eb vesh\u00ebve p\u00ebrpara shfaqeve dhe fenomeneve q\u00eb p\u00ebrjeton shoq\u00ebria e tij. Ai din t\u00eb nxjerr prej saj subjekte, t\u00eb mbaj q\u00ebndrime, t\u00eb intonohet dhe t\u00eb shkrihet aktivisht me t\u00eb. T\u00eb tilla karakteristika mund t\u2019i ket\u00eb vet\u00ebm nj\u00eb poezi e motivuar dhe e shqet\u00ebsuar, poezi q\u00eb si k\u00ebrkes\u00eb t\u00eb saj primare ka identitetin dhe krenarin\u00eb e t\u00eb q\u00ebnurit shqip\u00ebtar. P\u00ebrmendim k\u00ebtu, poezit\u00eb \u201c Ndoshta b\u00ebhet Xhek London\u201d, \u201c K\u00ebng\u00eb t\u00eb vjetra\u201d, Zem\u00ebr lepuri\u201d, \u201cDimrit Tim\u201d, \u201cKthim n\u00eb identitet\u201d etj.<\/p>\n<p>Nj\u00eb vend t\u00eb ve\u00e7ant\u00eb n\u00eb vokacionin poetik t\u00eb Vaso Papaj zen\u00eb edhe t\u00eb ashtuquajturat poezi epistolare. Duke p\u00ebrfituar nga specifikat e tij t\u00eb ve\u00e7anta, n\u00ebp\u00ebrmjet tyre poeti ka gjetur hap\u00ebsirat e nevojshme dhe nj\u00eb arm\u00eb m\u00eb tep\u00ebr p\u00ebr t\u00eb p\u00ebrshfaqur dhe evidentuar nj\u00eb pjes\u00eb t\u00eb kredos dhe bot\u00ebkuptimit t\u00eb tij. K\u00ebt\u00eb lloj poesie e kan\u00eb p\u00ebrdorur me shum\u00eb sukses edhe shum\u00eb nga figurat e njohura n\u00eb shekuj t\u00eb poezis\u00eb bot\u00ebrore. Mjafton t\u00eb kujtojm\u00eb nj\u00ebr\u00ebn prej kryeveprave \u201cLet\u00ebr n\u00ebn\u00ebs\u201d t\u00eb Sergej Eseninit. Por, n\u00eb poezit\u00eb e Vasos, kjo lloj kredoje vjen m\u00eb e gjer\u00eb, m\u00eb e thell\u00eb dhe m\u00eb kozmopolite. P\u00ebr autorin gjith\u00eb bota i ngjet nj\u00eb rruzulli t\u00eb vog\u00ebl brenda t\u00eb cilit nj\u00eb poet mund t\u00eb ngrej perandori miq\u00ebsie dhe paqeje. K\u00ebshtu n\u00eb poemthin \u201cA jemi fqinj Mira Stankovi\u00e7?\u201d apo poemthin tjet\u00ebr \u201cFtes\u00eb shkrimtarit Kalhed Hossein\u201d ( autorit afgan t\u00eb romanit \u201c Gjuetari i balonave\u201d) , autori arrin t\u00eb krijoj paralele dhe modele t\u00eb p\u00ebrsosura shpirti dhe arti:<\/p>\n<blockquote><p><em>Vijm\u00eb t\u00eb dy nga v\u00ebnde t\u00eb p\u00ebrzhitur,<br \/>\nndoshta t\u00eb d\u00ebshp\u00ebruar,<br \/>\npor q\u00eb jet\u00ebt tona t\u00eb p\u00ebrngjanin,<br \/>\nkurr\u00eb s\u2019e kam kujtuar.<br \/>\nVe\u00e7, kemi nj\u00eb ndryshim:<br \/>\nUn\u00eb s\u2019kam luajtur nga vendi im.<br \/>\nTi n\u00eb Amerik\u00eb folez\u00ebn ke ngritur,<br \/>\npa d\u00ebshir\u00eb, miku im\u2026<\/em><\/p><\/blockquote>\n<p>N\u00eb k\u00ebto poezi mesazhi poetik duke u dh\u00ebne i drejtp\u00ebrdrejt\u00eb, jo vet\u00ebm arrin t\u00eb send\u00ebrtohet, por merr edhe vlera filozofike.<\/p>\n<p>N\u00eb k\u00ebt\u00eb lib\u00ebr ka edhe nj\u00eb cik\u00ebl poezish t\u00eb p\u00ebrkthyera nga italishtja, anglishtja, maqedonishtja, ku me nj\u00eb gjuh\u00eb t\u00eb bukur dhe t\u00eb l\u00ebmuar, autori \u00ebsht\u00eb munduar dhe ja ka arritur q\u00ebllimit t\u2019i mbetet besnik vlerave originale t\u00eb poet\u00ebve edhe pse t\u00eb shkollave dhe rrymave t\u00eb ndryshme, ky cil\u00ebl arrin t\u00eb harmonizohet me frym\u00ebn e p\u00ebrgjithshme t\u00eb librit.<\/p>\n<p>N\u00eb p\u00ebrfundim do t\u00eb thonim q\u00eb libri i Vaso Papajit \u201c Mbeta mik me shpirtin\u201d \u00ebsht\u00eb nj\u00eb ftes\u00eb e sinqert\u00eb drejtuar ne t\u00eb gjith\u00ebve p\u00ebr m\u00eb shum\u00eb idealiz\u00ebm dhe identitet.<\/p>\n","protected":false},"excerpt":{"rendered":"<p>I nderuar administrator! M\u00eb dat\u00eb 13.01. 2011 n\u00eb teatrin &#8220;A. Moisiu&#8221; Durr\u00ebs, Biblioteka Publike e qytetit hapi siparin e aktiviteteve kulturoro-artistike me prezantimin e v\u00ebllimit poetik &#8220;Mbeta mik me shpirtin&#8221; t\u00eb shkrimtarit dhe poetit durr\u00ebsak Vaso Papaj, botim i shtepis\u00eb botuese &#8221; UEGEN&#8221; Tiran\u00eb. Mor\u00ebn pjese personalitete t\u00eb jet\u00ebs kulturore-artistike, miq, miq nga Maqedonia dhe [&hellip;]<\/p>\n","protected":false},"author":1,"featured_media":0,"comment_status":"open","ping_status":"closed","sticky":false,"template":"","format":"standard","meta":{"footnotes":""},"categories":[2,7],"tags":[],"class_list":{"0":"post-5720","1":"post","2":"type-post","3":"status-publish","4":"format-standard","6":"category-artikuj","7":"category-letersi"},"yoast_head":"<!-- This site is optimized with the Yoast SEO plugin v27.4 - https:\/\/yoast.com\/product\/yoast-seo-wordpress\/ -->\n<title>Mbeta mik me shpirtin - Vaso Papaj - FjALA e LIR\u00cb - Arkivi<\/title>\n<meta name=\"robots\" content=\"index, follow, max-snippet:-1, max-image-preview:large, max-video-preview:-1\" \/>\n<link rel=\"canonical\" href=\"https:\/\/fjala.info\/2009-2015\/5720\/\" \/>\n<meta property=\"og:locale\" content=\"sq_AL\" \/>\n<meta property=\"og:type\" content=\"article\" \/>\n<meta property=\"og:title\" content=\"Mbeta mik me shpirtin - Vaso Papaj - FjALA e LIR\u00cb - Arkivi\" \/>\n<meta property=\"og:description\" content=\"I nderuar administrator! M\u00eb dat\u00eb 13.01. 2011 n\u00eb teatrin &#8220;A. Moisiu&#8221; Durr\u00ebs, Biblioteka Publike e qytetit hapi siparin e aktiviteteve kulturoro-artistike me prezantimin e v\u00ebllimit poetik &#8220;Mbeta mik me shpirtin&#8221; t\u00eb shkrimtarit dhe poetit durr\u00ebsak Vaso Papaj, botim i shtepis\u00eb botuese &#8221; UEGEN&#8221; Tiran\u00eb. Mor\u00ebn pjese personalitete t\u00eb jet\u00ebs kulturore-artistike, miq, miq nga Maqedonia dhe [&hellip;]\" \/>\n<meta property=\"og:url\" content=\"https:\/\/fjala.info\/2009-2015\/5720\/\" \/>\n<meta property=\"og:site_name\" content=\"FjALA e LIR\u00cb - Arkivi\" \/>\n<meta property=\"article:published_time\" content=\"2011-01-19T10:02:18+00:00\" \/>\n<meta property=\"og:image\" content=\"http:\/\/fjala.shkoder.net\/wp-content\/uploads\/2011\/01\/vaso_papaj_mbeta_mik_me_shpirtin.jpg\" \/>\n<meta name=\"author\" content=\"admin\" \/>\n<meta name=\"twitter:card\" content=\"summary_large_image\" \/>\n<meta name=\"twitter:label1\" content=\"Written by\" \/>\n\t<meta name=\"twitter:data1\" content=\"admin\" \/>\n\t<meta name=\"twitter:label2\" content=\"Est. reading time\" \/>\n\t<meta name=\"twitter:data2\" content=\"10 minutes\" \/>\n<script type=\"application\/ld+json\" class=\"yoast-schema-graph\">{\"@context\":\"https:\\\/\\\/schema.org\",\"@graph\":[{\"@type\":\"Article\",\"@id\":\"https:\\\/\\\/fjala.info\\\/2009-2015\\\/5720\\\/#article\",\"isPartOf\":{\"@id\":\"https:\\\/\\\/fjala.info\\\/2009-2015\\\/5720\\\/\"},\"author\":{\"name\":\"admin\",\"@id\":\"https:\\\/\\\/fjala.info\\\/2009-2015\\\/#\\\/schema\\\/person\\\/3aa1163ef05469c496fc94e77611ada2\"},\"headline\":\"Mbeta mik me shpirtin &#8211; Vaso Papaj\",\"datePublished\":\"2011-01-19T10:02:18+00:00\",\"mainEntityOfPage\":{\"@id\":\"https:\\\/\\\/fjala.info\\\/2009-2015\\\/5720\\\/\"},\"wordCount\":2059,\"commentCount\":0,\"publisher\":{\"@id\":\"https:\\\/\\\/fjala.info\\\/2009-2015\\\/#organization\"},\"image\":{\"@id\":\"https:\\\/\\\/fjala.info\\\/2009-2015\\\/5720\\\/#primaryimage\"},\"thumbnailUrl\":\"http:\\\/\\\/fjala.shkoder.net\\\/wp-content\\\/uploads\\\/2011\\\/01\\\/vaso_papaj_mbeta_mik_me_shpirtin.jpg\",\"articleSection\":[\"Artikuj\",\"Let\u00ebrsi\"],\"inLanguage\":\"sq-AL\",\"potentialAction\":[{\"@type\":\"CommentAction\",\"name\":\"Comment\",\"target\":[\"https:\\\/\\\/fjala.info\\\/2009-2015\\\/5720\\\/#respond\"]}]},{\"@type\":\"WebPage\",\"@id\":\"https:\\\/\\\/fjala.info\\\/2009-2015\\\/5720\\\/\",\"url\":\"https:\\\/\\\/fjala.info\\\/2009-2015\\\/5720\\\/\",\"name\":\"Mbeta mik me shpirtin - Vaso Papaj - FjALA e LIR\u00cb - Arkivi\",\"isPartOf\":{\"@id\":\"https:\\\/\\\/fjala.info\\\/2009-2015\\\/#website\"},\"primaryImageOfPage\":{\"@id\":\"https:\\\/\\\/fjala.info\\\/2009-2015\\\/5720\\\/#primaryimage\"},\"image\":{\"@id\":\"https:\\\/\\\/fjala.info\\\/2009-2015\\\/5720\\\/#primaryimage\"},\"thumbnailUrl\":\"http:\\\/\\\/fjala.shkoder.net\\\/wp-content\\\/uploads\\\/2011\\\/01\\\/vaso_papaj_mbeta_mik_me_shpirtin.jpg\",\"datePublished\":\"2011-01-19T10:02:18+00:00\",\"breadcrumb\":{\"@id\":\"https:\\\/\\\/fjala.info\\\/2009-2015\\\/5720\\\/#breadcrumb\"},\"inLanguage\":\"sq-AL\",\"potentialAction\":[{\"@type\":\"ReadAction\",\"target\":[\"https:\\\/\\\/fjala.info\\\/2009-2015\\\/5720\\\/\"]}]},{\"@type\":\"ImageObject\",\"inLanguage\":\"sq-AL\",\"@id\":\"https:\\\/\\\/fjala.info\\\/2009-2015\\\/5720\\\/#primaryimage\",\"url\":\"http:\\\/\\\/fjala.shkoder.net\\\/wp-content\\\/uploads\\\/2011\\\/01\\\/vaso_papaj_mbeta_mik_me_shpirtin.jpg\",\"contentUrl\":\"http:\\\/\\\/fjala.shkoder.net\\\/wp-content\\\/uploads\\\/2011\\\/01\\\/vaso_papaj_mbeta_mik_me_shpirtin.jpg\"},{\"@type\":\"BreadcrumbList\",\"@id\":\"https:\\\/\\\/fjala.info\\\/2009-2015\\\/5720\\\/#breadcrumb\",\"itemListElement\":[{\"@type\":\"ListItem\",\"position\":1,\"name\":\"Home\",\"item\":\"https:\\\/\\\/fjala.info\\\/2009-2015\\\/\"},{\"@type\":\"ListItem\",\"position\":2,\"name\":\"Mbeta mik me shpirtin &#8211; Vaso Papaj\"}]},{\"@type\":\"WebSite\",\"@id\":\"https:\\\/\\\/fjala.info\\\/2009-2015\\\/#website\",\"url\":\"https:\\\/\\\/fjala.info\\\/2009-2015\\\/\",\"name\":\"FjALA e LIR\u00cb - Arkivi\",\"description\":\"Arkivi 2009-2015\",\"publisher\":{\"@id\":\"https:\\\/\\\/fjala.info\\\/2009-2015\\\/#organization\"},\"potentialAction\":[{\"@type\":\"SearchAction\",\"target\":{\"@type\":\"EntryPoint\",\"urlTemplate\":\"https:\\\/\\\/fjala.info\\\/2009-2015\\\/?s={search_term_string}\"},\"query-input\":{\"@type\":\"PropertyValueSpecification\",\"valueRequired\":true,\"valueName\":\"search_term_string\"}}],\"inLanguage\":\"sq-AL\"},{\"@type\":\"Organization\",\"@id\":\"https:\\\/\\\/fjala.info\\\/2009-2015\\\/#organization\",\"name\":\"FjALA e LIR\u00cb - Arkivi\",\"url\":\"https:\\\/\\\/fjala.info\\\/2009-2015\\\/\",\"logo\":{\"@type\":\"ImageObject\",\"inLanguage\":\"sq-AL\",\"@id\":\"https:\\\/\\\/fjala.info\\\/2009-2015\\\/#\\\/schema\\\/logo\\\/image\\\/\",\"url\":\"\",\"contentUrl\":\"\",\"caption\":\"FjALA e LIR\u00cb - Arkivi\"},\"image\":{\"@id\":\"https:\\\/\\\/fjala.info\\\/2009-2015\\\/#\\\/schema\\\/logo\\\/image\\\/\"}},{\"@type\":\"Person\",\"@id\":\"https:\\\/\\\/fjala.info\\\/2009-2015\\\/#\\\/schema\\\/person\\\/3aa1163ef05469c496fc94e77611ada2\",\"name\":\"admin\",\"image\":{\"@type\":\"ImageObject\",\"inLanguage\":\"sq-AL\",\"@id\":\"https:\\\/\\\/fjala.info\\\/2009-2015\\\/wp-content\\\/uploads\\\/2012\\\/02\\\/arben_cokaj-120x150.jpg\",\"url\":\"https:\\\/\\\/fjala.info\\\/2009-2015\\\/wp-content\\\/uploads\\\/2012\\\/02\\\/arben_cokaj-120x150.jpg\",\"contentUrl\":\"https:\\\/\\\/fjala.info\\\/2009-2015\\\/wp-content\\\/uploads\\\/2012\\\/02\\\/arben_cokaj-120x150.jpg\",\"caption\":\"admin\"},\"description\":\"Admin, Fjala e Lir\u00eb\",\"sameAs\":[\"https:\\\/\\\/fjala.info\\\/\"],\"url\":\"https:\\\/\\\/fjala.info\\\/2009-2015\\\/author\\\/admin\\\/\"}]}<\/script>\n<!-- \/ Yoast SEO plugin. -->","yoast_head_json":{"title":"Mbeta mik me shpirtin - Vaso Papaj - FjALA e LIR\u00cb - Arkivi","robots":{"index":"index","follow":"follow","max-snippet":"max-snippet:-1","max-image-preview":"max-image-preview:large","max-video-preview":"max-video-preview:-1"},"canonical":"https:\/\/fjala.info\/2009-2015\/5720\/","og_locale":"sq_AL","og_type":"article","og_title":"Mbeta mik me shpirtin - Vaso Papaj - FjALA e LIR\u00cb - Arkivi","og_description":"I nderuar administrator! M\u00eb dat\u00eb 13.01. 2011 n\u00eb teatrin &#8220;A. Moisiu&#8221; Durr\u00ebs, Biblioteka Publike e qytetit hapi siparin e aktiviteteve kulturoro-artistike me prezantimin e v\u00ebllimit poetik &#8220;Mbeta mik me shpirtin&#8221; t\u00eb shkrimtarit dhe poetit durr\u00ebsak Vaso Papaj, botim i shtepis\u00eb botuese &#8221; UEGEN&#8221; Tiran\u00eb. Mor\u00ebn pjese personalitete t\u00eb jet\u00ebs kulturore-artistike, miq, miq nga Maqedonia dhe [&hellip;]","og_url":"https:\/\/fjala.info\/2009-2015\/5720\/","og_site_name":"FjALA e LIR\u00cb - Arkivi","article_published_time":"2011-01-19T10:02:18+00:00","og_image":[{"url":"http:\/\/fjala.shkoder.net\/wp-content\/uploads\/2011\/01\/vaso_papaj_mbeta_mik_me_shpirtin.jpg","type":"","width":"","height":""}],"author":"admin","twitter_card":"summary_large_image","twitter_misc":{"Written by":"admin","Est. reading time":"10 minutes"},"schema":{"@context":"https:\/\/schema.org","@graph":[{"@type":"Article","@id":"https:\/\/fjala.info\/2009-2015\/5720\/#article","isPartOf":{"@id":"https:\/\/fjala.info\/2009-2015\/5720\/"},"author":{"name":"admin","@id":"https:\/\/fjala.info\/2009-2015\/#\/schema\/person\/3aa1163ef05469c496fc94e77611ada2"},"headline":"Mbeta mik me shpirtin &#8211; Vaso Papaj","datePublished":"2011-01-19T10:02:18+00:00","mainEntityOfPage":{"@id":"https:\/\/fjala.info\/2009-2015\/5720\/"},"wordCount":2059,"commentCount":0,"publisher":{"@id":"https:\/\/fjala.info\/2009-2015\/#organization"},"image":{"@id":"https:\/\/fjala.info\/2009-2015\/5720\/#primaryimage"},"thumbnailUrl":"http:\/\/fjala.shkoder.net\/wp-content\/uploads\/2011\/01\/vaso_papaj_mbeta_mik_me_shpirtin.jpg","articleSection":["Artikuj","Let\u00ebrsi"],"inLanguage":"sq-AL","potentialAction":[{"@type":"CommentAction","name":"Comment","target":["https:\/\/fjala.info\/2009-2015\/5720\/#respond"]}]},{"@type":"WebPage","@id":"https:\/\/fjala.info\/2009-2015\/5720\/","url":"https:\/\/fjala.info\/2009-2015\/5720\/","name":"Mbeta mik me shpirtin - Vaso Papaj - FjALA e LIR\u00cb - Arkivi","isPartOf":{"@id":"https:\/\/fjala.info\/2009-2015\/#website"},"primaryImageOfPage":{"@id":"https:\/\/fjala.info\/2009-2015\/5720\/#primaryimage"},"image":{"@id":"https:\/\/fjala.info\/2009-2015\/5720\/#primaryimage"},"thumbnailUrl":"http:\/\/fjala.shkoder.net\/wp-content\/uploads\/2011\/01\/vaso_papaj_mbeta_mik_me_shpirtin.jpg","datePublished":"2011-01-19T10:02:18+00:00","breadcrumb":{"@id":"https:\/\/fjala.info\/2009-2015\/5720\/#breadcrumb"},"inLanguage":"sq-AL","potentialAction":[{"@type":"ReadAction","target":["https:\/\/fjala.info\/2009-2015\/5720\/"]}]},{"@type":"ImageObject","inLanguage":"sq-AL","@id":"https:\/\/fjala.info\/2009-2015\/5720\/#primaryimage","url":"http:\/\/fjala.shkoder.net\/wp-content\/uploads\/2011\/01\/vaso_papaj_mbeta_mik_me_shpirtin.jpg","contentUrl":"http:\/\/fjala.shkoder.net\/wp-content\/uploads\/2011\/01\/vaso_papaj_mbeta_mik_me_shpirtin.jpg"},{"@type":"BreadcrumbList","@id":"https:\/\/fjala.info\/2009-2015\/5720\/#breadcrumb","itemListElement":[{"@type":"ListItem","position":1,"name":"Home","item":"https:\/\/fjala.info\/2009-2015\/"},{"@type":"ListItem","position":2,"name":"Mbeta mik me shpirtin &#8211; Vaso Papaj"}]},{"@type":"WebSite","@id":"https:\/\/fjala.info\/2009-2015\/#website","url":"https:\/\/fjala.info\/2009-2015\/","name":"FjALA e LIR\u00cb - Arkivi","description":"Arkivi 2009-2015","publisher":{"@id":"https:\/\/fjala.info\/2009-2015\/#organization"},"potentialAction":[{"@type":"SearchAction","target":{"@type":"EntryPoint","urlTemplate":"https:\/\/fjala.info\/2009-2015\/?s={search_term_string}"},"query-input":{"@type":"PropertyValueSpecification","valueRequired":true,"valueName":"search_term_string"}}],"inLanguage":"sq-AL"},{"@type":"Organization","@id":"https:\/\/fjala.info\/2009-2015\/#organization","name":"FjALA e LIR\u00cb - Arkivi","url":"https:\/\/fjala.info\/2009-2015\/","logo":{"@type":"ImageObject","inLanguage":"sq-AL","@id":"https:\/\/fjala.info\/2009-2015\/#\/schema\/logo\/image\/","url":"","contentUrl":"","caption":"FjALA e LIR\u00cb - Arkivi"},"image":{"@id":"https:\/\/fjala.info\/2009-2015\/#\/schema\/logo\/image\/"}},{"@type":"Person","@id":"https:\/\/fjala.info\/2009-2015\/#\/schema\/person\/3aa1163ef05469c496fc94e77611ada2","name":"admin","image":{"@type":"ImageObject","inLanguage":"sq-AL","@id":"https:\/\/fjala.info\/2009-2015\/wp-content\/uploads\/2012\/02\/arben_cokaj-120x150.jpg","url":"https:\/\/fjala.info\/2009-2015\/wp-content\/uploads\/2012\/02\/arben_cokaj-120x150.jpg","contentUrl":"https:\/\/fjala.info\/2009-2015\/wp-content\/uploads\/2012\/02\/arben_cokaj-120x150.jpg","caption":"admin"},"description":"Admin, Fjala e Lir\u00eb","sameAs":["https:\/\/fjala.info\/"],"url":"https:\/\/fjala.info\/2009-2015\/author\/admin\/"}]}},"_links":{"self":[{"href":"https:\/\/fjala.info\/2009-2015\/wp-json\/wp\/v2\/posts\/5720","targetHints":{"allow":["GET"]}}],"collection":[{"href":"https:\/\/fjala.info\/2009-2015\/wp-json\/wp\/v2\/posts"}],"about":[{"href":"https:\/\/fjala.info\/2009-2015\/wp-json\/wp\/v2\/types\/post"}],"author":[{"embeddable":true,"href":"https:\/\/fjala.info\/2009-2015\/wp-json\/wp\/v2\/users\/1"}],"replies":[{"embeddable":true,"href":"https:\/\/fjala.info\/2009-2015\/wp-json\/wp\/v2\/comments?post=5720"}],"version-history":[{"count":0,"href":"https:\/\/fjala.info\/2009-2015\/wp-json\/wp\/v2\/posts\/5720\/revisions"}],"wp:attachment":[{"href":"https:\/\/fjala.info\/2009-2015\/wp-json\/wp\/v2\/media?parent=5720"}],"wp:term":[{"taxonomy":"category","embeddable":true,"href":"https:\/\/fjala.info\/2009-2015\/wp-json\/wp\/v2\/categories?post=5720"},{"taxonomy":"post_tag","embeddable":true,"href":"https:\/\/fjala.info\/2009-2015\/wp-json\/wp\/v2\/tags?post=5720"}],"curies":[{"name":"wp","href":"https:\/\/api.w.org\/{rel}","templated":true}]}}