{"id":5716,"date":"2011-01-19T10:48:47","date_gmt":"2011-01-19T09:48:47","guid":{"rendered":"http:\/\/fjala.shkoder.net\/?p=5716"},"modified":"2011-01-19T10:48:47","modified_gmt":"2011-01-19T09:48:47","slug":"si-do-te-jete-demonstrata-e-21-janarit","status":"publish","type":"post","link":"https:\/\/fjala.info\/2009-2015\/si-do-te-jete-demonstrata-e-21-janarit\/","title":{"rendered":"Si do te jete demonstrata e 21 janarit?"},"content":{"rendered":"<p style=\"text-align: left;\">Nga <strong>Korresp. 24-ore.com <\/strong><\/p>\n<p><em>Nga protestat e opozites <\/em>( Arkiv )<\/p>\n<p>Demonstrata e paralajm\u00ebruar nga opozita p\u00ebr dit\u00ebn e premte m\u00eb <strong>21 janar<\/strong> nuk do t\u00eb jet\u00eb nj\u00ebsoj si organizimet e m\u00ebparshme t\u00eb saj.<\/p>\n<p>Ajo ndryshon nga emri, demonstrat\u00eb dhe jo protest\u00eb, nga m\u00ebnyra se si do t\u00eb filloj\u00eb me grumbullimin dhe njer\u00ebzve dhe si do t\u00eb vazhdoj\u00eb m\u00eb tej.<\/p>\n<p style=\"text-align: center;\"><img loading=\"lazy\" decoding=\"async\" class=\"alignnone size-full wp-image-5717\" title=\"politika_proteste\" src=\"http:\/\/fjala.shkoder.net\/wp-content\/uploads\/2011\/01\/politika_proteste.jpg\" alt=\"\" width=\"500\" height=\"416\" \/><\/p>\n<p>N\u00eb k\u00ebt\u00eb rast nuk do t\u00eb ket\u00eb nj\u00eb pik\u00eb takimi t\u00eb caktuar, por demonstruesit do t\u00eb grumbullohen n\u00eb or\u00ebn dy n\u00eb rrug\u00eb t\u00eb ndryshme t\u00eb kryeqytetit p\u00ebr t\u2019u drejtuar m\u00eb pas n\u00eb bulevardin \u201cD\u00ebshmor\u00ebt e kombit\u201d.<\/p>\n<p>Nj\u00eb tjet\u00ebr ndryshim me organizimet e m\u00ebparshme \u00ebsht\u00eb fakti se k\u00ebt\u00eb her\u00eb n\u00eb vendin ku do t\u00eb bashkohen turmat n\u00eb bulevard nuk do t\u00eb ket\u00eb t\u00eb vendosur asnj\u00eb qend\u00ebr z\u00ebri, podium apo gjith\u00e7ka tjet\u00ebr q\u00eb ka t\u00eb b\u00ebj\u00eb me form\u00ebn normale t\u00eb manifestimeve t\u00eb shkuara.<\/p>\n<p>N\u00eb demonstrat\u00eb nuk do t\u00eb ket\u00eb fjalime nga krer\u00ebt e opozit\u00ebs, \u00e7ka n\u00eb nj\u00eb m\u00ebnyr\u00eb \u00ebsht\u00eb pohuar n\u00eb daljet e fundit edhe nga kryetari i Partis\u00eb Socialiste, Edi Rama i cili ka theksuar se PS dhe opozita do t\u00eb jen\u00eb n\u00eb rrug\u00eb bashk\u00eb me njer\u00ebzit jo si drejtues, por si pjes\u00eb normale e popullit.<\/p>\n<p>N\u00eb demonstrat\u00eb nuk do t\u00eb ket\u00eb flamur\u00eb partiake apo pankarta forcash t\u00eb ndryshme pasi, sipas organizator\u00ebve, ajo do t\u00eb jet\u00eb t\u00ebr\u00ebsisht jo p\u00ebr marrje pushteti politik, ndaj i \u00ebsht\u00eb b\u00ebr\u00eb thirrje p\u00ebr t\u2019u bashkuar jo vet\u00ebm t\u00eb majt\u00ebve, por edhe t\u00eb djatht\u00ebve.<\/p>\n<p>Nj\u00eb tjet\u00ebr ndryshim me organizimet e m\u00ebparshme \u00ebsht\u00eb fakti se kjo demonstrat\u00eb nuk parashikohet t\u00eb pakt\u00ebn deri n\u00eb k\u00ebto momente t\u00eb jet\u00eb maraton\u00eb, pra t\u00eb zgjas\u00eb me dit\u00eb.<\/p>\n","protected":false},"excerpt":{"rendered":"<p>Nga Korresp. 24-ore.com Nga protestat e opozites ( Arkiv ) Demonstrata e paralajm\u00ebruar nga opozita p\u00ebr dit\u00ebn e premte m\u00eb 21 janar nuk do t\u00eb jet\u00eb nj\u00ebsoj si organizimet e m\u00ebparshme t\u00eb saj. Ajo ndryshon nga emri, demonstrat\u00eb dhe jo protest\u00eb, nga m\u00ebnyra se si do t\u00eb filloj\u00eb me grumbullimin dhe njer\u00ebzve dhe si do [&hellip;]<\/p>\n","protected":false},"author":1,"featured_media":0,"comment_status":"open","ping_status":"closed","sticky":false,"template":"","format":"standard","meta":{"footnotes":""},"categories":[2],"tags":[],"class_list":{"0":"post-5716","1":"post","2":"type-post","3":"status-publish","4":"format-standard","6":"category-artikuj"},"yoast_head":"<!-- This site is optimized with the Yoast SEO plugin v27.4 - https:\/\/yoast.com\/product\/yoast-seo-wordpress\/ -->\n<title>Si do te jete demonstrata e 21 janarit? - FjALA e LIR\u00cb - Arkivi<\/title>\n<meta name=\"robots\" content=\"index, follow, max-snippet:-1, max-image-preview:large, max-video-preview:-1\" \/>\n<link rel=\"canonical\" href=\"https:\/\/fjala.info\/2009-2015\/si-do-te-jete-demonstrata-e-21-janarit\/\" \/>\n<meta property=\"og:locale\" content=\"sq_AL\" \/>\n<meta property=\"og:type\" content=\"article\" \/>\n<meta property=\"og:title\" content=\"Si do te jete demonstrata e 21 janarit? - FjALA e LIR\u00cb - Arkivi\" \/>\n<meta property=\"og:description\" content=\"Nga Korresp. 24-ore.com Nga protestat e opozites ( Arkiv ) Demonstrata e paralajm\u00ebruar nga opozita p\u00ebr dit\u00ebn e premte m\u00eb 21 janar nuk do t\u00eb jet\u00eb nj\u00ebsoj si organizimet e m\u00ebparshme t\u00eb saj. Ajo ndryshon nga emri, demonstrat\u00eb dhe jo protest\u00eb, nga m\u00ebnyra se si do t\u00eb filloj\u00eb me grumbullimin dhe njer\u00ebzve dhe si do [&hellip;]\" \/>\n<meta property=\"og:url\" content=\"https:\/\/fjala.info\/2009-2015\/si-do-te-jete-demonstrata-e-21-janarit\/\" \/>\n<meta property=\"og:site_name\" content=\"FjALA e LIR\u00cb - Arkivi\" \/>\n<meta property=\"article:published_time\" content=\"2011-01-19T09:48:47+00:00\" \/>\n<meta property=\"og:image\" content=\"http:\/\/fjala.shkoder.net\/wp-content\/uploads\/2011\/01\/politika_proteste.jpg\" \/>\n<meta name=\"author\" content=\"admin\" \/>\n<meta name=\"twitter:card\" content=\"summary_large_image\" \/>\n<meta name=\"twitter:label1\" content=\"Written by\" \/>\n\t<meta name=\"twitter:data1\" content=\"admin\" \/>\n\t<meta name=\"twitter:label2\" content=\"Est. reading time\" \/>\n\t<meta name=\"twitter:data2\" content=\"2 minutes\" \/>\n<script type=\"application\/ld+json\" class=\"yoast-schema-graph\">{\"@context\":\"https:\\\/\\\/schema.org\",\"@graph\":[{\"@type\":\"Article\",\"@id\":\"https:\\\/\\\/fjala.info\\\/2009-2015\\\/si-do-te-jete-demonstrata-e-21-janarit\\\/#article\",\"isPartOf\":{\"@id\":\"https:\\\/\\\/fjala.info\\\/2009-2015\\\/si-do-te-jete-demonstrata-e-21-janarit\\\/\"},\"author\":{\"name\":\"admin\",\"@id\":\"https:\\\/\\\/fjala.info\\\/2009-2015\\\/#\\\/schema\\\/person\\\/3aa1163ef05469c496fc94e77611ada2\"},\"headline\":\"Si do te jete demonstrata e 21 janarit?\",\"datePublished\":\"2011-01-19T09:48:47+00:00\",\"mainEntityOfPage\":{\"@id\":\"https:\\\/\\\/fjala.info\\\/2009-2015\\\/si-do-te-jete-demonstrata-e-21-janarit\\\/\"},\"wordCount\":309,\"commentCount\":0,\"publisher\":{\"@id\":\"https:\\\/\\\/fjala.info\\\/2009-2015\\\/#organization\"},\"image\":{\"@id\":\"https:\\\/\\\/fjala.info\\\/2009-2015\\\/si-do-te-jete-demonstrata-e-21-janarit\\\/#primaryimage\"},\"thumbnailUrl\":\"http:\\\/\\\/fjala.shkoder.net\\\/wp-content\\\/uploads\\\/2011\\\/01\\\/politika_proteste.jpg\",\"articleSection\":[\"Artikuj\"],\"inLanguage\":\"sq-AL\",\"potentialAction\":[{\"@type\":\"CommentAction\",\"name\":\"Comment\",\"target\":[\"https:\\\/\\\/fjala.info\\\/2009-2015\\\/si-do-te-jete-demonstrata-e-21-janarit\\\/#respond\"]}]},{\"@type\":\"WebPage\",\"@id\":\"https:\\\/\\\/fjala.info\\\/2009-2015\\\/si-do-te-jete-demonstrata-e-21-janarit\\\/\",\"url\":\"https:\\\/\\\/fjala.info\\\/2009-2015\\\/si-do-te-jete-demonstrata-e-21-janarit\\\/\",\"name\":\"Si do te jete demonstrata e 21 janarit? - FjALA e LIR\u00cb - Arkivi\",\"isPartOf\":{\"@id\":\"https:\\\/\\\/fjala.info\\\/2009-2015\\\/#website\"},\"primaryImageOfPage\":{\"@id\":\"https:\\\/\\\/fjala.info\\\/2009-2015\\\/si-do-te-jete-demonstrata-e-21-janarit\\\/#primaryimage\"},\"image\":{\"@id\":\"https:\\\/\\\/fjala.info\\\/2009-2015\\\/si-do-te-jete-demonstrata-e-21-janarit\\\/#primaryimage\"},\"thumbnailUrl\":\"http:\\\/\\\/fjala.shkoder.net\\\/wp-content\\\/uploads\\\/2011\\\/01\\\/politika_proteste.jpg\",\"datePublished\":\"2011-01-19T09:48:47+00:00\",\"breadcrumb\":{\"@id\":\"https:\\\/\\\/fjala.info\\\/2009-2015\\\/si-do-te-jete-demonstrata-e-21-janarit\\\/#breadcrumb\"},\"inLanguage\":\"sq-AL\",\"potentialAction\":[{\"@type\":\"ReadAction\",\"target\":[\"https:\\\/\\\/fjala.info\\\/2009-2015\\\/si-do-te-jete-demonstrata-e-21-janarit\\\/\"]}]},{\"@type\":\"ImageObject\",\"inLanguage\":\"sq-AL\",\"@id\":\"https:\\\/\\\/fjala.info\\\/2009-2015\\\/si-do-te-jete-demonstrata-e-21-janarit\\\/#primaryimage\",\"url\":\"http:\\\/\\\/fjala.shkoder.net\\\/wp-content\\\/uploads\\\/2011\\\/01\\\/politika_proteste.jpg\",\"contentUrl\":\"http:\\\/\\\/fjala.shkoder.net\\\/wp-content\\\/uploads\\\/2011\\\/01\\\/politika_proteste.jpg\"},{\"@type\":\"BreadcrumbList\",\"@id\":\"https:\\\/\\\/fjala.info\\\/2009-2015\\\/si-do-te-jete-demonstrata-e-21-janarit\\\/#breadcrumb\",\"itemListElement\":[{\"@type\":\"ListItem\",\"position\":1,\"name\":\"Home\",\"item\":\"https:\\\/\\\/fjala.info\\\/2009-2015\\\/\"},{\"@type\":\"ListItem\",\"position\":2,\"name\":\"Si do te jete demonstrata e 21 janarit?\"}]},{\"@type\":\"WebSite\",\"@id\":\"https:\\\/\\\/fjala.info\\\/2009-2015\\\/#website\",\"url\":\"https:\\\/\\\/fjala.info\\\/2009-2015\\\/\",\"name\":\"FjALA e LIR\u00cb - Arkivi\",\"description\":\"Arkivi 2009-2015\",\"publisher\":{\"@id\":\"https:\\\/\\\/fjala.info\\\/2009-2015\\\/#organization\"},\"potentialAction\":[{\"@type\":\"SearchAction\",\"target\":{\"@type\":\"EntryPoint\",\"urlTemplate\":\"https:\\\/\\\/fjala.info\\\/2009-2015\\\/?s={search_term_string}\"},\"query-input\":{\"@type\":\"PropertyValueSpecification\",\"valueRequired\":true,\"valueName\":\"search_term_string\"}}],\"inLanguage\":\"sq-AL\"},{\"@type\":\"Organization\",\"@id\":\"https:\\\/\\\/fjala.info\\\/2009-2015\\\/#organization\",\"name\":\"FjALA e LIR\u00cb - Arkivi\",\"url\":\"https:\\\/\\\/fjala.info\\\/2009-2015\\\/\",\"logo\":{\"@type\":\"ImageObject\",\"inLanguage\":\"sq-AL\",\"@id\":\"https:\\\/\\\/fjala.info\\\/2009-2015\\\/#\\\/schema\\\/logo\\\/image\\\/\",\"url\":\"\",\"contentUrl\":\"\",\"caption\":\"FjALA e LIR\u00cb - Arkivi\"},\"image\":{\"@id\":\"https:\\\/\\\/fjala.info\\\/2009-2015\\\/#\\\/schema\\\/logo\\\/image\\\/\"}},{\"@type\":\"Person\",\"@id\":\"https:\\\/\\\/fjala.info\\\/2009-2015\\\/#\\\/schema\\\/person\\\/3aa1163ef05469c496fc94e77611ada2\",\"name\":\"admin\",\"image\":{\"@type\":\"ImageObject\",\"inLanguage\":\"sq-AL\",\"@id\":\"https:\\\/\\\/fjala.info\\\/2009-2015\\\/wp-content\\\/uploads\\\/2012\\\/02\\\/arben_cokaj-120x150.jpg\",\"url\":\"https:\\\/\\\/fjala.info\\\/2009-2015\\\/wp-content\\\/uploads\\\/2012\\\/02\\\/arben_cokaj-120x150.jpg\",\"contentUrl\":\"https:\\\/\\\/fjala.info\\\/2009-2015\\\/wp-content\\\/uploads\\\/2012\\\/02\\\/arben_cokaj-120x150.jpg\",\"caption\":\"admin\"},\"description\":\"Admin, Fjala e Lir\u00eb\",\"sameAs\":[\"https:\\\/\\\/fjala.info\\\/\"],\"url\":\"https:\\\/\\\/fjala.info\\\/2009-2015\\\/author\\\/admin\\\/\"}]}<\/script>\n<!-- \/ Yoast SEO plugin. -->","yoast_head_json":{"title":"Si do te jete demonstrata e 21 janarit? - FjALA e LIR\u00cb - Arkivi","robots":{"index":"index","follow":"follow","max-snippet":"max-snippet:-1","max-image-preview":"max-image-preview:large","max-video-preview":"max-video-preview:-1"},"canonical":"https:\/\/fjala.info\/2009-2015\/si-do-te-jete-demonstrata-e-21-janarit\/","og_locale":"sq_AL","og_type":"article","og_title":"Si do te jete demonstrata e 21 janarit? - FjALA e LIR\u00cb - Arkivi","og_description":"Nga Korresp. 24-ore.com Nga protestat e opozites ( Arkiv ) Demonstrata e paralajm\u00ebruar nga opozita p\u00ebr dit\u00ebn e premte m\u00eb 21 janar nuk do t\u00eb jet\u00eb nj\u00ebsoj si organizimet e m\u00ebparshme t\u00eb saj. Ajo ndryshon nga emri, demonstrat\u00eb dhe jo protest\u00eb, nga m\u00ebnyra se si do t\u00eb filloj\u00eb me grumbullimin dhe njer\u00ebzve dhe si do [&hellip;]","og_url":"https:\/\/fjala.info\/2009-2015\/si-do-te-jete-demonstrata-e-21-janarit\/","og_site_name":"FjALA e LIR\u00cb - Arkivi","article_published_time":"2011-01-19T09:48:47+00:00","og_image":[{"url":"http:\/\/fjala.shkoder.net\/wp-content\/uploads\/2011\/01\/politika_proteste.jpg","type":"","width":"","height":""}],"author":"admin","twitter_card":"summary_large_image","twitter_misc":{"Written by":"admin","Est. reading time":"2 minutes"},"schema":{"@context":"https:\/\/schema.org","@graph":[{"@type":"Article","@id":"https:\/\/fjala.info\/2009-2015\/si-do-te-jete-demonstrata-e-21-janarit\/#article","isPartOf":{"@id":"https:\/\/fjala.info\/2009-2015\/si-do-te-jete-demonstrata-e-21-janarit\/"},"author":{"name":"admin","@id":"https:\/\/fjala.info\/2009-2015\/#\/schema\/person\/3aa1163ef05469c496fc94e77611ada2"},"headline":"Si do te jete demonstrata e 21 janarit?","datePublished":"2011-01-19T09:48:47+00:00","mainEntityOfPage":{"@id":"https:\/\/fjala.info\/2009-2015\/si-do-te-jete-demonstrata-e-21-janarit\/"},"wordCount":309,"commentCount":0,"publisher":{"@id":"https:\/\/fjala.info\/2009-2015\/#organization"},"image":{"@id":"https:\/\/fjala.info\/2009-2015\/si-do-te-jete-demonstrata-e-21-janarit\/#primaryimage"},"thumbnailUrl":"http:\/\/fjala.shkoder.net\/wp-content\/uploads\/2011\/01\/politika_proteste.jpg","articleSection":["Artikuj"],"inLanguage":"sq-AL","potentialAction":[{"@type":"CommentAction","name":"Comment","target":["https:\/\/fjala.info\/2009-2015\/si-do-te-jete-demonstrata-e-21-janarit\/#respond"]}]},{"@type":"WebPage","@id":"https:\/\/fjala.info\/2009-2015\/si-do-te-jete-demonstrata-e-21-janarit\/","url":"https:\/\/fjala.info\/2009-2015\/si-do-te-jete-demonstrata-e-21-janarit\/","name":"Si do te jete demonstrata e 21 janarit? - FjALA e LIR\u00cb - Arkivi","isPartOf":{"@id":"https:\/\/fjala.info\/2009-2015\/#website"},"primaryImageOfPage":{"@id":"https:\/\/fjala.info\/2009-2015\/si-do-te-jete-demonstrata-e-21-janarit\/#primaryimage"},"image":{"@id":"https:\/\/fjala.info\/2009-2015\/si-do-te-jete-demonstrata-e-21-janarit\/#primaryimage"},"thumbnailUrl":"http:\/\/fjala.shkoder.net\/wp-content\/uploads\/2011\/01\/politika_proteste.jpg","datePublished":"2011-01-19T09:48:47+00:00","breadcrumb":{"@id":"https:\/\/fjala.info\/2009-2015\/si-do-te-jete-demonstrata-e-21-janarit\/#breadcrumb"},"inLanguage":"sq-AL","potentialAction":[{"@type":"ReadAction","target":["https:\/\/fjala.info\/2009-2015\/si-do-te-jete-demonstrata-e-21-janarit\/"]}]},{"@type":"ImageObject","inLanguage":"sq-AL","@id":"https:\/\/fjala.info\/2009-2015\/si-do-te-jete-demonstrata-e-21-janarit\/#primaryimage","url":"http:\/\/fjala.shkoder.net\/wp-content\/uploads\/2011\/01\/politika_proteste.jpg","contentUrl":"http:\/\/fjala.shkoder.net\/wp-content\/uploads\/2011\/01\/politika_proteste.jpg"},{"@type":"BreadcrumbList","@id":"https:\/\/fjala.info\/2009-2015\/si-do-te-jete-demonstrata-e-21-janarit\/#breadcrumb","itemListElement":[{"@type":"ListItem","position":1,"name":"Home","item":"https:\/\/fjala.info\/2009-2015\/"},{"@type":"ListItem","position":2,"name":"Si do te jete demonstrata e 21 janarit?"}]},{"@type":"WebSite","@id":"https:\/\/fjala.info\/2009-2015\/#website","url":"https:\/\/fjala.info\/2009-2015\/","name":"FjALA e LIR\u00cb - Arkivi","description":"Arkivi 2009-2015","publisher":{"@id":"https:\/\/fjala.info\/2009-2015\/#organization"},"potentialAction":[{"@type":"SearchAction","target":{"@type":"EntryPoint","urlTemplate":"https:\/\/fjala.info\/2009-2015\/?s={search_term_string}"},"query-input":{"@type":"PropertyValueSpecification","valueRequired":true,"valueName":"search_term_string"}}],"inLanguage":"sq-AL"},{"@type":"Organization","@id":"https:\/\/fjala.info\/2009-2015\/#organization","name":"FjALA e LIR\u00cb - Arkivi","url":"https:\/\/fjala.info\/2009-2015\/","logo":{"@type":"ImageObject","inLanguage":"sq-AL","@id":"https:\/\/fjala.info\/2009-2015\/#\/schema\/logo\/image\/","url":"","contentUrl":"","caption":"FjALA e LIR\u00cb - Arkivi"},"image":{"@id":"https:\/\/fjala.info\/2009-2015\/#\/schema\/logo\/image\/"}},{"@type":"Person","@id":"https:\/\/fjala.info\/2009-2015\/#\/schema\/person\/3aa1163ef05469c496fc94e77611ada2","name":"admin","image":{"@type":"ImageObject","inLanguage":"sq-AL","@id":"https:\/\/fjala.info\/2009-2015\/wp-content\/uploads\/2012\/02\/arben_cokaj-120x150.jpg","url":"https:\/\/fjala.info\/2009-2015\/wp-content\/uploads\/2012\/02\/arben_cokaj-120x150.jpg","contentUrl":"https:\/\/fjala.info\/2009-2015\/wp-content\/uploads\/2012\/02\/arben_cokaj-120x150.jpg","caption":"admin"},"description":"Admin, Fjala e Lir\u00eb","sameAs":["https:\/\/fjala.info\/"],"url":"https:\/\/fjala.info\/2009-2015\/author\/admin\/"}]}},"_links":{"self":[{"href":"https:\/\/fjala.info\/2009-2015\/wp-json\/wp\/v2\/posts\/5716","targetHints":{"allow":["GET"]}}],"collection":[{"href":"https:\/\/fjala.info\/2009-2015\/wp-json\/wp\/v2\/posts"}],"about":[{"href":"https:\/\/fjala.info\/2009-2015\/wp-json\/wp\/v2\/types\/post"}],"author":[{"embeddable":true,"href":"https:\/\/fjala.info\/2009-2015\/wp-json\/wp\/v2\/users\/1"}],"replies":[{"embeddable":true,"href":"https:\/\/fjala.info\/2009-2015\/wp-json\/wp\/v2\/comments?post=5716"}],"version-history":[{"count":0,"href":"https:\/\/fjala.info\/2009-2015\/wp-json\/wp\/v2\/posts\/5716\/revisions"}],"wp:attachment":[{"href":"https:\/\/fjala.info\/2009-2015\/wp-json\/wp\/v2\/media?parent=5716"}],"wp:term":[{"taxonomy":"category","embeddable":true,"href":"https:\/\/fjala.info\/2009-2015\/wp-json\/wp\/v2\/categories?post=5716"},{"taxonomy":"post_tag","embeddable":true,"href":"https:\/\/fjala.info\/2009-2015\/wp-json\/wp\/v2\/tags?post=5716"}],"curies":[{"name":"wp","href":"https:\/\/api.w.org\/{rel}","templated":true}]}}