{"id":5712,"date":"2011-01-19T10:43:20","date_gmt":"2011-01-19T09:43:20","guid":{"rendered":"http:\/\/fjala.shkoder.net\/?p=5712"},"modified":"2011-01-19T10:43:20","modified_gmt":"2011-01-19T09:43:20","slug":"pse-o-burri-i-malesise","status":"publish","type":"post","link":"https:\/\/fjala.info\/2009-2015\/pse-o-burri-i-malesise\/","title":{"rendered":"Pse o burri i mal\u00ebsis\u00eb?"},"content":{"rendered":"<p><img loading=\"lazy\" decoding=\"async\" class=\"alignright size-medium wp-image-5713\" title=\"parlamenti_sherr_jan11\" src=\"http:\/\/fjala.shkoder.net\/wp-content\/uploads\/2011\/01\/parlamenti_sherr_jan11-300x217.jpg\" alt=\"\" width=\"300\" height=\"217\" \/><\/p>\n<p>Nga <strong>Gjovalin Delia <\/strong><\/p>\n<p>Skandali shqiptar, nuk konsiston tek &#8220;video skandaloze&#8221;, me t\u00eb cil\u00ebn kapen me pras n\u00eb duar nj\u00eb mafioz, dhjet\u00ebra, qindra a mij\u00ebra qofshin ata, pasi, po t\u00eb doj\u00eb shteti e qeveria, ata kapen e tridhen n\u00eb nj\u00eb dit\u00eb. Tragjedia jon\u00eb konsiston bash tek mosdashja e qeveris\u00eb, madje tek bashk\u00ebpunimi i saj me krimin.<\/p>\n<p>Kjo nuk \u00ebsht\u00eb hipoteza ime, por realiteti shqiptar konfirmuar nga Kryeministri shqiptar, i cili publikisht, para telekamerave e mikrofonave, si n\u00eb 97-\u00ebn edhe sot n\u00eb 2011-\u00ebn, n\u00eb m\u00ebnyr\u00eb natyrale, pa i b\u00ebr\u00eb syri t\u00ebrr, ka marr\u00eb e po merr n\u00eb mbrojtje korrupsionin e krimin shtet\u00ebror, duke shkelur me arroganc\u00eb t\u00eb pashoqe ligjin.<\/p>\n<p>Tashm\u00eb edhe njer\u00ebzit e thjesht\u00eb e din\u00eb se kur nuk respektojm\u00eb ligjin, kemi cenuar lirin\u00eb ton\u00eb. Kush guxon t\u00eb prek\u00eb lirin\u00eb, nuk ka frik\u00eb t\u00eb p\u00ebrdhos\u00eb edhe demokracin\u00eb.<\/p>\n<p>Video &#8220;Meta-Prifti&#8221;, konsiderohet vulgare e skandaloze p\u00ebr nj\u00eb shoq\u00ebri v\u00ebrtet\u00eb demokratike, por p\u00ebr nj\u00eb regjim feudo bajraktar si ky aktual shqiptar \u00ebsht\u00eb &#8220;normal&#8221;.<\/p>\n<p>Me \u00e7&#8217;kemi par\u00eb e jetuar n\u00eb k\u00ebto dy dekada, deri tek tragjedia e pashembullt e G\u00ebrdecit, nuk do t\u00eb \u00e7uditeshim edhe sikur n\u00eb vend t\u00eb celularit, protagonisti i videos n\u00eb fjal\u00eb, t\u00eb kishte kok\u00ebn e vart\u00ebsit n\u00eb tepsi.<\/p>\n<p>Nuk do t\u00eb jet\u00eb e larg\u00ebt q\u00eb shqiptar\u00ebt do t\u00eb shohin skena t\u00eb tilla makabre, jo n\u00eb filma, as n\u00eb video e as n\u00eb reality show, por n\u00eb sheshe n\u00eb Shqip\u00ebri. Preludin e terrorit e luajti Kryeministri si dirigjent pa orkest\u00ebr, vet\u00ebm me shkopin e tij, n\u00eb Parlament!<\/p>\n<p>M\u00eb shum\u00eb se marr\u00ebzia n\u00eb parlament, e skandali n\u00eb video, m\u00eb ka tronditur e nes\u00ebrmja e videos; indiferenca e shtirur dhe hipokrizia e kthjell\u00ebt e Kryeministrit, teksa piqte g\u00ebshtenja me mendje e p\u00ebrfytyronte \u00e7okollata me ullinj.<\/p>\n<p>Por ajo q\u00eb ka shokuar, ka qen\u00eb e pasnes\u00ebrmja e videos; besnik\u00ebria ndaj krimit e pabesia ndaj ligjit; &#8220;kryedemokrati, prij\u00ebsi i shqiptar\u00ebve t\u00eb lir\u00eb, i pap\u00ebrlyeri, shtetari me duar t\u00eb pastra, burri i mal\u00ebsis\u00eb&#8221;, pasi u mendua gjat\u00eb, zgjodhi rrug\u00ebn e shkurt, ose m\u00eb sakt\u00eb pasi b\u00ebri hesapet me hanxhinj zgjodhi dinak\u00ebrin\u00eb: si &#8220;mik i mir\u00eb&#8221; mbrojti bashk\u00ebpun\u00ebtorin e korruptuar e si shtetar i korruptuar, shtiu pa m\u00ebshir\u00eb mbi ligjin e mbi demokracin\u00eb. Pse o burri i mal\u00ebsis\u00eb?<\/p>\n<p>Lapsus, lajthitje, apo frik\u00eb nga fundi i dyshimt\u00eb? Si\u00e7 duken bath\u00ebt nuk duhet t\u00eb jet\u00eb fund dinjitoz p\u00ebr nj\u00eb burr\u00eb mal\u00ebsie me ambicie lavdie! Druaj se sot nuk ta mbajn\u00eb k\u00ebllqet k\u00ebt\u00eb titull nderi o trim i Dragobis\u00eb! Jo nga pleq\u00ebria, por pesha e m\u00ebkateve politike nj\u00ebzetvje\u00e7are ta kan\u00eb k\u00ebrrusur shtatin e ta kan\u00eb lig\u00ebshtuar shpirtin o bajrak i gjall\u00eb.<\/p>\n<p>P\u00ebr fatin e mir\u00eb t\u00eb shqiptar\u00ebve fatzinj,ndryshe nga skandalet e tjera, shum\u00eb her\u00eb m\u00eb t\u00eb renda e m\u00eb kriminale se ky i fundit, sot drejt\u00ebsia shqiptare, ka n\u00eb dor\u00eb, dy dokumente; 1.<br \/>\nvideon &#8220;Zv.kryeministri e shefi i diplomacis\u00eb shqiptare n\u00eb rolin e Padrinos&#8221; dhe 2. filmin &#8220;Kryeministri kryedemokrat avokat i krimit e korrupsionit&#8221;, t\u00eb dyja e ve\u00e7an\u00ebrisht, ky i fundit, mjafton p\u00ebr t\u00eb d\u00ebshmuar me fakte, para shqiptar\u00ebve t\u00eb verbuar e t\u00eb shurdhuar, para diplomacis\u00eb per\u00ebndimore, para parlamentit evropian e kongresit amerikan e para drejt\u00ebsis\u00eb bot\u00ebrore, diagnoz\u00ebn e kriz\u00ebs tejet t\u00eb r\u00ebnduar t\u00eb demokracis\u00eb shqiptare.<\/p>\n<p>&#8220;Mbrojtja dinjitoze&#8221; q\u00eb Kryeministri i b\u00ebri aleatit, z\u00ebvend\u00ebsit t\u00eb tij, \u00ebsht\u00eb prova e besnik\u00ebris\u00eb s\u00eb burrit t\u00eb mal\u00ebsis\u00eb ndaj bashk\u00ebpun\u00ebtor\u00ebve t\u00eb korrupsionit e t\u00eb krimit, dhe nj\u00ebkoh\u00ebsish d\u00ebshmia m\u00eb e qart\u00eb e pabesis\u00eb s\u00eb shtetarit ndaj ligjit e drejt\u00ebsis\u00eb. Kjo e fundit \u00ebsht\u00eb tradhtia m\u00eb e r\u00ebnd\u00eb q\u00eb nj\u00eb shtetar b\u00ebn ndaj vendit dhe sovranit popull. Para nj\u00eb fakti t\u00eb till\u00eb askush nuk do t\u00eb mund t\u00eb mbyll\u00eb syt\u00eb.<\/p>\n<p>Video \u00ebsht\u00eb nj\u00eb d\u00ebshmi q\u00eb v\u00eb n\u00eb prov\u00eb s\u00eb pari drejt\u00ebsin\u00eb shum\u00eb t\u00eb p\u00ebrfolur, parimin themelor t\u00eb demokracis\u00eb; barazia para ligjit. Ekspert\u00ebt e vendit dhe t\u00eb huaj mund ta pag\u00ebzojn\u00eb me shum\u00eb emra e ta cil\u00ebsojn\u00eb edhe si &#8220;drejt\u00ebsi me dy standarde&#8221; por para ligjit ajo ka vet\u00ebm nj\u00eb em\u00ebr KORRUPSION E KRIM SHTET\u00cbROR i cili do t\u00eb peshohet nga drejt\u00ebsia e jo nga qeveria.<\/p>\n<p>\u00cbsht\u00eb koha p\u00ebr t&#8217;i th\u00ebn\u00eb ndal korrupsionit e krimit shtet\u00ebror, p\u00ebr t&#8217;u ndar\u00eb nj\u00ebher\u00eb e mir\u00eb, me \u00e7do \u00e7mim. O sot o kurr\u00eb! Duam, s&#8217;duan, duhet ta shembim k\u00ebt\u00eb nevojtore feudo bajraktar shqiptar.<\/p>\n<p>Alternativa e korrupsionit \u00ebsht\u00eb vet\u00ebm nj\u00eb, ligji. A ka Shqip\u00ebria sot nj\u00eb pjell\u00eb t\u00eb till\u00eb q\u00eb ta shikoj\u00eb korrupsionin n\u00eb sy e t\u00eb mos i dridhet qerpiku?<\/p>\n<p>Alternativa e nj\u00eb qeverie t\u00eb korruptuar q\u00eb bashk\u00ebpunon me krimin, duhet t\u00eb jet\u00eb nj\u00eb alternativ\u00eb t\u00eb re, energjike, t\u00eb sh\u00ebndetshme bazuar n\u00eb ligj, orientuar drejt t\u00eb ardhmes duke filluar q\u00eb n\u00eb vez\u00eb, nga p\u00ebrzgjedhja e njer\u00ebzve q\u00eb do t\u00eb vin\u00eb n\u00eb pushtet.<\/p>\n<p>A ka Shqip\u00ebria sot nj\u00eb alternativ\u00eb t\u00eb till\u00eb? Pse nuk duket tymi, nuk do t\u00eb thot\u00eb se nuk ka zjarr, por ama, kur t\u00eb djegin syt\u00eb nga tymi, edhe pse zjarri nuk shihet, me siguri \u00ebsht\u00eb ndezur diku, di\u00e7ka.<\/p>\n<p>Ishin \u00ebnd\u00ebrrimtar\u00ebt e at\u00ebhersh\u00ebm t\u00eb privuar nga \u00ebndrrat e tyre, ata q\u00eb rr\u00ebzuan diktatur\u00ebn e na fal\u00ebn lirin\u00eb, dhe do t\u00eb jen\u00eb bash \u00ebnd\u00ebrrimtar\u00ebt e sot\u00ebm, q\u00eb nuk din\u00eb \u00e7&#8217;\u00ebsht\u00eb frika, por q\u00eb e din\u00eb mir\u00eb \u00e7&#8217;\u00ebsht\u00eb liria e demokracia, ata q\u00eb do t\u00eb hedhin n\u00eb plehra cilindo shtihan q\u00eb do t&#8217;u cenoj\u00eb lirin\u00eb e q\u00eb do guxoj\u00eb t\u00eb tallet me \u00ebndrrat e tyre.<\/p>\n<p>Nd\u00ebrsa po shkruaj d\u00ebgjoj kamban\u00ebn q\u00eb bie. Nuk e di n\u00ebse \u00ebsht\u00eb ora e Firences apo Sahati i Tiran\u00ebs, por jam i sigurt q\u00eb kambana bie kur i vjen ora. Kini durim! Jepeni drejt\u00ebsis\u00eb koh\u00ebn teknike q\u00eb i duhet. N\u00ebse ajo i ka duart e lidhura e goj\u00ebn e mbyllur si\u00e7 i ka pasur deri m\u00eb sot, ne jemi t\u00eb lir\u00eb dhe mund t\u00eb flasim, madje kemi t\u00eb drejt\u00eb edhe t\u00eb b\u00ebrtasim p\u00ebr lirin\u00eb e t\u00eb drejtat tona!<\/p>\n<p>Mos harroni: alternativa e dhun\u00ebs \u00ebsht\u00eb rezistenca paq\u00ebsore. Kjo e fundit \u00ebsht\u00eb rruga magjistrale drejt nj\u00eb fitoreje t\u00eb sh\u00ebndosh\u00eb p\u00ebr t\u00eb gjith\u00eb shqiptar\u00ebt pa dallim krahu e krahine. Do t\u00eb doja q\u00eb demokracia shqiptare t\u00eb ishte jo si \u00ebndrrat tona t\u00eb ndrydhura n\u00ebn diktatur\u00eb, por ashtu si\u00e7 e p\u00ebrfytyrojn\u00eb t\u00eb rinjt\u00eb e sot\u00ebm t\u00eb lir\u00eb!!!<\/p>\n","protected":false},"excerpt":{"rendered":"<p>Nga Gjovalin Delia Skandali shqiptar, nuk konsiston tek &#8220;video skandaloze&#8221;, me t\u00eb cil\u00ebn kapen me pras n\u00eb duar nj\u00eb mafioz, dhjet\u00ebra, qindra a mij\u00ebra qofshin ata, pasi, po t\u00eb doj\u00eb shteti e qeveria, ata kapen e tridhen n\u00eb nj\u00eb dit\u00eb. Tragjedia jon\u00eb konsiston bash tek mosdashja e qeveris\u00eb, madje tek bashk\u00ebpunimi i saj me krimin. [&hellip;]<\/p>\n","protected":false},"author":1,"featured_media":0,"comment_status":"open","ping_status":"closed","sticky":false,"template":"","format":"standard","meta":{"footnotes":""},"categories":[2],"tags":[],"class_list":{"0":"post-5712","1":"post","2":"type-post","3":"status-publish","4":"format-standard","6":"category-artikuj"},"yoast_head":"<!-- This site is optimized with the Yoast SEO plugin v27.4 - https:\/\/yoast.com\/product\/yoast-seo-wordpress\/ -->\n<title>Pse o burri i mal\u00ebsis\u00eb? - FjALA e LIR\u00cb - Arkivi<\/title>\n<meta name=\"robots\" content=\"index, follow, max-snippet:-1, max-image-preview:large, max-video-preview:-1\" \/>\n<link rel=\"canonical\" href=\"https:\/\/fjala.info\/2009-2015\/pse-o-burri-i-malesise\/\" \/>\n<meta property=\"og:locale\" content=\"sq_AL\" \/>\n<meta property=\"og:type\" content=\"article\" \/>\n<meta property=\"og:title\" content=\"Pse o burri i mal\u00ebsis\u00eb? - FjALA e LIR\u00cb - Arkivi\" \/>\n<meta property=\"og:description\" content=\"Nga Gjovalin Delia Skandali shqiptar, nuk konsiston tek &#8220;video skandaloze&#8221;, me t\u00eb cil\u00ebn kapen me pras n\u00eb duar nj\u00eb mafioz, dhjet\u00ebra, qindra a mij\u00ebra qofshin ata, pasi, po t\u00eb doj\u00eb shteti e qeveria, ata kapen e tridhen n\u00eb nj\u00eb dit\u00eb. Tragjedia jon\u00eb konsiston bash tek mosdashja e qeveris\u00eb, madje tek bashk\u00ebpunimi i saj me krimin. [&hellip;]\" \/>\n<meta property=\"og:url\" content=\"https:\/\/fjala.info\/2009-2015\/pse-o-burri-i-malesise\/\" \/>\n<meta property=\"og:site_name\" content=\"FjALA e LIR\u00cb - Arkivi\" \/>\n<meta property=\"article:published_time\" content=\"2011-01-19T09:43:20+00:00\" \/>\n<meta property=\"og:image\" content=\"http:\/\/fjala.shkoder.net\/wp-content\/uploads\/2011\/01\/parlamenti_sherr_jan11-300x217.jpg\" \/>\n<meta name=\"author\" content=\"admin\" \/>\n<meta name=\"twitter:card\" content=\"summary_large_image\" \/>\n<meta name=\"twitter:label1\" content=\"Written by\" \/>\n\t<meta name=\"twitter:data1\" content=\"admin\" \/>\n\t<meta name=\"twitter:label2\" content=\"Est. reading time\" \/>\n\t<meta name=\"twitter:data2\" content=\"6 minutes\" \/>\n<script type=\"application\/ld+json\" class=\"yoast-schema-graph\">{\"@context\":\"https:\\\/\\\/schema.org\",\"@graph\":[{\"@type\":\"Article\",\"@id\":\"https:\\\/\\\/fjala.info\\\/2009-2015\\\/pse-o-burri-i-malesise\\\/#article\",\"isPartOf\":{\"@id\":\"https:\\\/\\\/fjala.info\\\/2009-2015\\\/pse-o-burri-i-malesise\\\/\"},\"author\":{\"name\":\"admin\",\"@id\":\"https:\\\/\\\/fjala.info\\\/2009-2015\\\/#\\\/schema\\\/person\\\/3aa1163ef05469c496fc94e77611ada2\"},\"headline\":\"Pse o burri i mal\u00ebsis\u00eb?\",\"datePublished\":\"2011-01-19T09:43:20+00:00\",\"mainEntityOfPage\":{\"@id\":\"https:\\\/\\\/fjala.info\\\/2009-2015\\\/pse-o-burri-i-malesise\\\/\"},\"wordCount\":1131,\"commentCount\":0,\"publisher\":{\"@id\":\"https:\\\/\\\/fjala.info\\\/2009-2015\\\/#organization\"},\"image\":{\"@id\":\"https:\\\/\\\/fjala.info\\\/2009-2015\\\/pse-o-burri-i-malesise\\\/#primaryimage\"},\"thumbnailUrl\":\"http:\\\/\\\/fjala.shkoder.net\\\/wp-content\\\/uploads\\\/2011\\\/01\\\/parlamenti_sherr_jan11-300x217.jpg\",\"articleSection\":[\"Artikuj\"],\"inLanguage\":\"sq-AL\",\"potentialAction\":[{\"@type\":\"CommentAction\",\"name\":\"Comment\",\"target\":[\"https:\\\/\\\/fjala.info\\\/2009-2015\\\/pse-o-burri-i-malesise\\\/#respond\"]}]},{\"@type\":\"WebPage\",\"@id\":\"https:\\\/\\\/fjala.info\\\/2009-2015\\\/pse-o-burri-i-malesise\\\/\",\"url\":\"https:\\\/\\\/fjala.info\\\/2009-2015\\\/pse-o-burri-i-malesise\\\/\",\"name\":\"Pse o burri i mal\u00ebsis\u00eb? - FjALA e LIR\u00cb - Arkivi\",\"isPartOf\":{\"@id\":\"https:\\\/\\\/fjala.info\\\/2009-2015\\\/#website\"},\"primaryImageOfPage\":{\"@id\":\"https:\\\/\\\/fjala.info\\\/2009-2015\\\/pse-o-burri-i-malesise\\\/#primaryimage\"},\"image\":{\"@id\":\"https:\\\/\\\/fjala.info\\\/2009-2015\\\/pse-o-burri-i-malesise\\\/#primaryimage\"},\"thumbnailUrl\":\"http:\\\/\\\/fjala.shkoder.net\\\/wp-content\\\/uploads\\\/2011\\\/01\\\/parlamenti_sherr_jan11-300x217.jpg\",\"datePublished\":\"2011-01-19T09:43:20+00:00\",\"breadcrumb\":{\"@id\":\"https:\\\/\\\/fjala.info\\\/2009-2015\\\/pse-o-burri-i-malesise\\\/#breadcrumb\"},\"inLanguage\":\"sq-AL\",\"potentialAction\":[{\"@type\":\"ReadAction\",\"target\":[\"https:\\\/\\\/fjala.info\\\/2009-2015\\\/pse-o-burri-i-malesise\\\/\"]}]},{\"@type\":\"ImageObject\",\"inLanguage\":\"sq-AL\",\"@id\":\"https:\\\/\\\/fjala.info\\\/2009-2015\\\/pse-o-burri-i-malesise\\\/#primaryimage\",\"url\":\"http:\\\/\\\/fjala.shkoder.net\\\/wp-content\\\/uploads\\\/2011\\\/01\\\/parlamenti_sherr_jan11-300x217.jpg\",\"contentUrl\":\"http:\\\/\\\/fjala.shkoder.net\\\/wp-content\\\/uploads\\\/2011\\\/01\\\/parlamenti_sherr_jan11-300x217.jpg\"},{\"@type\":\"BreadcrumbList\",\"@id\":\"https:\\\/\\\/fjala.info\\\/2009-2015\\\/pse-o-burri-i-malesise\\\/#breadcrumb\",\"itemListElement\":[{\"@type\":\"ListItem\",\"position\":1,\"name\":\"Home\",\"item\":\"https:\\\/\\\/fjala.info\\\/2009-2015\\\/\"},{\"@type\":\"ListItem\",\"position\":2,\"name\":\"Pse o burri i mal\u00ebsis\u00eb?\"}]},{\"@type\":\"WebSite\",\"@id\":\"https:\\\/\\\/fjala.info\\\/2009-2015\\\/#website\",\"url\":\"https:\\\/\\\/fjala.info\\\/2009-2015\\\/\",\"name\":\"FjALA e LIR\u00cb - Arkivi\",\"description\":\"Arkivi 2009-2015\",\"publisher\":{\"@id\":\"https:\\\/\\\/fjala.info\\\/2009-2015\\\/#organization\"},\"potentialAction\":[{\"@type\":\"SearchAction\",\"target\":{\"@type\":\"EntryPoint\",\"urlTemplate\":\"https:\\\/\\\/fjala.info\\\/2009-2015\\\/?s={search_term_string}\"},\"query-input\":{\"@type\":\"PropertyValueSpecification\",\"valueRequired\":true,\"valueName\":\"search_term_string\"}}],\"inLanguage\":\"sq-AL\"},{\"@type\":\"Organization\",\"@id\":\"https:\\\/\\\/fjala.info\\\/2009-2015\\\/#organization\",\"name\":\"FjALA e LIR\u00cb - Arkivi\",\"url\":\"https:\\\/\\\/fjala.info\\\/2009-2015\\\/\",\"logo\":{\"@type\":\"ImageObject\",\"inLanguage\":\"sq-AL\",\"@id\":\"https:\\\/\\\/fjala.info\\\/2009-2015\\\/#\\\/schema\\\/logo\\\/image\\\/\",\"url\":\"\",\"contentUrl\":\"\",\"caption\":\"FjALA e LIR\u00cb - Arkivi\"},\"image\":{\"@id\":\"https:\\\/\\\/fjala.info\\\/2009-2015\\\/#\\\/schema\\\/logo\\\/image\\\/\"}},{\"@type\":\"Person\",\"@id\":\"https:\\\/\\\/fjala.info\\\/2009-2015\\\/#\\\/schema\\\/person\\\/3aa1163ef05469c496fc94e77611ada2\",\"name\":\"admin\",\"image\":{\"@type\":\"ImageObject\",\"inLanguage\":\"sq-AL\",\"@id\":\"https:\\\/\\\/fjala.info\\\/2009-2015\\\/wp-content\\\/uploads\\\/2012\\\/02\\\/arben_cokaj-120x150.jpg\",\"url\":\"https:\\\/\\\/fjala.info\\\/2009-2015\\\/wp-content\\\/uploads\\\/2012\\\/02\\\/arben_cokaj-120x150.jpg\",\"contentUrl\":\"https:\\\/\\\/fjala.info\\\/2009-2015\\\/wp-content\\\/uploads\\\/2012\\\/02\\\/arben_cokaj-120x150.jpg\",\"caption\":\"admin\"},\"description\":\"Admin, Fjala e Lir\u00eb\",\"sameAs\":[\"https:\\\/\\\/fjala.info\\\/\"],\"url\":\"https:\\\/\\\/fjala.info\\\/2009-2015\\\/author\\\/admin\\\/\"}]}<\/script>\n<!-- \/ Yoast SEO plugin. -->","yoast_head_json":{"title":"Pse o burri i mal\u00ebsis\u00eb? - FjALA e LIR\u00cb - Arkivi","robots":{"index":"index","follow":"follow","max-snippet":"max-snippet:-1","max-image-preview":"max-image-preview:large","max-video-preview":"max-video-preview:-1"},"canonical":"https:\/\/fjala.info\/2009-2015\/pse-o-burri-i-malesise\/","og_locale":"sq_AL","og_type":"article","og_title":"Pse o burri i mal\u00ebsis\u00eb? - FjALA e LIR\u00cb - Arkivi","og_description":"Nga Gjovalin Delia Skandali shqiptar, nuk konsiston tek &#8220;video skandaloze&#8221;, me t\u00eb cil\u00ebn kapen me pras n\u00eb duar nj\u00eb mafioz, dhjet\u00ebra, qindra a mij\u00ebra qofshin ata, pasi, po t\u00eb doj\u00eb shteti e qeveria, ata kapen e tridhen n\u00eb nj\u00eb dit\u00eb. Tragjedia jon\u00eb konsiston bash tek mosdashja e qeveris\u00eb, madje tek bashk\u00ebpunimi i saj me krimin. [&hellip;]","og_url":"https:\/\/fjala.info\/2009-2015\/pse-o-burri-i-malesise\/","og_site_name":"FjALA e LIR\u00cb - Arkivi","article_published_time":"2011-01-19T09:43:20+00:00","og_image":[{"url":"http:\/\/fjala.shkoder.net\/wp-content\/uploads\/2011\/01\/parlamenti_sherr_jan11-300x217.jpg","type":"","width":"","height":""}],"author":"admin","twitter_card":"summary_large_image","twitter_misc":{"Written by":"admin","Est. reading time":"6 minutes"},"schema":{"@context":"https:\/\/schema.org","@graph":[{"@type":"Article","@id":"https:\/\/fjala.info\/2009-2015\/pse-o-burri-i-malesise\/#article","isPartOf":{"@id":"https:\/\/fjala.info\/2009-2015\/pse-o-burri-i-malesise\/"},"author":{"name":"admin","@id":"https:\/\/fjala.info\/2009-2015\/#\/schema\/person\/3aa1163ef05469c496fc94e77611ada2"},"headline":"Pse o burri i mal\u00ebsis\u00eb?","datePublished":"2011-01-19T09:43:20+00:00","mainEntityOfPage":{"@id":"https:\/\/fjala.info\/2009-2015\/pse-o-burri-i-malesise\/"},"wordCount":1131,"commentCount":0,"publisher":{"@id":"https:\/\/fjala.info\/2009-2015\/#organization"},"image":{"@id":"https:\/\/fjala.info\/2009-2015\/pse-o-burri-i-malesise\/#primaryimage"},"thumbnailUrl":"http:\/\/fjala.shkoder.net\/wp-content\/uploads\/2011\/01\/parlamenti_sherr_jan11-300x217.jpg","articleSection":["Artikuj"],"inLanguage":"sq-AL","potentialAction":[{"@type":"CommentAction","name":"Comment","target":["https:\/\/fjala.info\/2009-2015\/pse-o-burri-i-malesise\/#respond"]}]},{"@type":"WebPage","@id":"https:\/\/fjala.info\/2009-2015\/pse-o-burri-i-malesise\/","url":"https:\/\/fjala.info\/2009-2015\/pse-o-burri-i-malesise\/","name":"Pse o burri i mal\u00ebsis\u00eb? - FjALA e LIR\u00cb - Arkivi","isPartOf":{"@id":"https:\/\/fjala.info\/2009-2015\/#website"},"primaryImageOfPage":{"@id":"https:\/\/fjala.info\/2009-2015\/pse-o-burri-i-malesise\/#primaryimage"},"image":{"@id":"https:\/\/fjala.info\/2009-2015\/pse-o-burri-i-malesise\/#primaryimage"},"thumbnailUrl":"http:\/\/fjala.shkoder.net\/wp-content\/uploads\/2011\/01\/parlamenti_sherr_jan11-300x217.jpg","datePublished":"2011-01-19T09:43:20+00:00","breadcrumb":{"@id":"https:\/\/fjala.info\/2009-2015\/pse-o-burri-i-malesise\/#breadcrumb"},"inLanguage":"sq-AL","potentialAction":[{"@type":"ReadAction","target":["https:\/\/fjala.info\/2009-2015\/pse-o-burri-i-malesise\/"]}]},{"@type":"ImageObject","inLanguage":"sq-AL","@id":"https:\/\/fjala.info\/2009-2015\/pse-o-burri-i-malesise\/#primaryimage","url":"http:\/\/fjala.shkoder.net\/wp-content\/uploads\/2011\/01\/parlamenti_sherr_jan11-300x217.jpg","contentUrl":"http:\/\/fjala.shkoder.net\/wp-content\/uploads\/2011\/01\/parlamenti_sherr_jan11-300x217.jpg"},{"@type":"BreadcrumbList","@id":"https:\/\/fjala.info\/2009-2015\/pse-o-burri-i-malesise\/#breadcrumb","itemListElement":[{"@type":"ListItem","position":1,"name":"Home","item":"https:\/\/fjala.info\/2009-2015\/"},{"@type":"ListItem","position":2,"name":"Pse o burri i mal\u00ebsis\u00eb?"}]},{"@type":"WebSite","@id":"https:\/\/fjala.info\/2009-2015\/#website","url":"https:\/\/fjala.info\/2009-2015\/","name":"FjALA e LIR\u00cb - Arkivi","description":"Arkivi 2009-2015","publisher":{"@id":"https:\/\/fjala.info\/2009-2015\/#organization"},"potentialAction":[{"@type":"SearchAction","target":{"@type":"EntryPoint","urlTemplate":"https:\/\/fjala.info\/2009-2015\/?s={search_term_string}"},"query-input":{"@type":"PropertyValueSpecification","valueRequired":true,"valueName":"search_term_string"}}],"inLanguage":"sq-AL"},{"@type":"Organization","@id":"https:\/\/fjala.info\/2009-2015\/#organization","name":"FjALA e LIR\u00cb - Arkivi","url":"https:\/\/fjala.info\/2009-2015\/","logo":{"@type":"ImageObject","inLanguage":"sq-AL","@id":"https:\/\/fjala.info\/2009-2015\/#\/schema\/logo\/image\/","url":"","contentUrl":"","caption":"FjALA e LIR\u00cb - Arkivi"},"image":{"@id":"https:\/\/fjala.info\/2009-2015\/#\/schema\/logo\/image\/"}},{"@type":"Person","@id":"https:\/\/fjala.info\/2009-2015\/#\/schema\/person\/3aa1163ef05469c496fc94e77611ada2","name":"admin","image":{"@type":"ImageObject","inLanguage":"sq-AL","@id":"https:\/\/fjala.info\/2009-2015\/wp-content\/uploads\/2012\/02\/arben_cokaj-120x150.jpg","url":"https:\/\/fjala.info\/2009-2015\/wp-content\/uploads\/2012\/02\/arben_cokaj-120x150.jpg","contentUrl":"https:\/\/fjala.info\/2009-2015\/wp-content\/uploads\/2012\/02\/arben_cokaj-120x150.jpg","caption":"admin"},"description":"Admin, Fjala e Lir\u00eb","sameAs":["https:\/\/fjala.info\/"],"url":"https:\/\/fjala.info\/2009-2015\/author\/admin\/"}]}},"_links":{"self":[{"href":"https:\/\/fjala.info\/2009-2015\/wp-json\/wp\/v2\/posts\/5712","targetHints":{"allow":["GET"]}}],"collection":[{"href":"https:\/\/fjala.info\/2009-2015\/wp-json\/wp\/v2\/posts"}],"about":[{"href":"https:\/\/fjala.info\/2009-2015\/wp-json\/wp\/v2\/types\/post"}],"author":[{"embeddable":true,"href":"https:\/\/fjala.info\/2009-2015\/wp-json\/wp\/v2\/users\/1"}],"replies":[{"embeddable":true,"href":"https:\/\/fjala.info\/2009-2015\/wp-json\/wp\/v2\/comments?post=5712"}],"version-history":[{"count":0,"href":"https:\/\/fjala.info\/2009-2015\/wp-json\/wp\/v2\/posts\/5712\/revisions"}],"wp:attachment":[{"href":"https:\/\/fjala.info\/2009-2015\/wp-json\/wp\/v2\/media?parent=5712"}],"wp:term":[{"taxonomy":"category","embeddable":true,"href":"https:\/\/fjala.info\/2009-2015\/wp-json\/wp\/v2\/categories?post=5712"},{"taxonomy":"post_tag","embeddable":true,"href":"https:\/\/fjala.info\/2009-2015\/wp-json\/wp\/v2\/tags?post=5712"}],"curies":[{"name":"wp","href":"https:\/\/api.w.org\/{rel}","templated":true}]}}