{"id":5709,"date":"2011-01-19T10:38:11","date_gmt":"2011-01-19T09:38:11","guid":{"rendered":"http:\/\/fjala.shkoder.net\/?p=5709"},"modified":"2011-01-19T10:38:11","modified_gmt":"2011-01-19T09:38:11","slug":"cdo-vit-mafia-italiane-i-gjen-vendin-nje-mali-plehrash-sa-%c2%be-e-jezerces","status":"publish","type":"post","link":"https:\/\/fjala.info\/2009-2015\/cdo-vit-mafia-italiane-i-gjen-vendin-nje-mali-plehrash-sa-%c2%be-e-jezerces\/","title":{"rendered":"\u00c7do vit mafia italiane &#8220;i gjen v\u00ebndin&#8221; nj\u00eb mali plehrash sa \u00be e Jezerc\u00ebs"},"content":{"rendered":"<p><img loading=\"lazy\" decoding=\"async\" class=\"alignright size-medium wp-image-5710\" title=\"berisha_milano_plehrat\" src=\"http:\/\/fjala.shkoder.net\/wp-content\/uploads\/2011\/01\/berisha_milano_plehrat-300x180.jpg\" alt=\"\" width=\"300\" height=\"180\" \/><br \/>\n<em>Berisha me kryetaren e Bashkise se Milanos<\/em><\/p>\n<p>Nga raporti i Legambientes p\u00ebr mafien e mbeturinave (pjes\u00eb dhe shifra nga i cili Shekulli botoi dje) dalin t\u00eb dh\u00ebna alarmante. Shifrat jan\u00eb mbres\u00ebl\u00ebn\u00ebse dhe kur mendon q\u00eb pik\u00ebrisht me nj\u00eb vend q\u00eb ka probleme t\u00eb tilla me plehrat Shqip\u00ebria e nj\u00ebmij\u00eb e nj\u00eb mungesave shkon e firmos marr\u00ebveshje importi plehrash, t\u00eb z\u00eb paniku.<\/p>\n<p>Ja disa nga t\u00eb dh\u00ebnat q\u00eb jepen n\u00eb raportin e Legambiente p\u00ebr ekomafian e vendit t\u00eb tyre, Italis\u00eb:<\/p>\n<p>1 &#8211; Miliona tonelata plehrash varrosen n\u00eb m\u00ebnyr\u00eb ilegale n\u00eb vende t\u00eb panjohura \u00e7do vit. P\u00ebr ta b\u00ebr\u00eb m\u00eb t\u00eb perceptuesh\u00ebm sasin\u00eb e plehrave q\u00eb &#8220;zhduken&#8221; n\u00eb vend-varrosje t\u00eb siguruara nga rrug\u00ebt dhe korridoret e mafies italiane, Legambiente b\u00ebn nj\u00eb krahasim. &#8220;\u00c7do vit zhduket nj\u00eb mal plehrash 2 mij\u00eb metra i lart\u00eb&#8221;, &#8211; thot\u00eb raporti i Legambinetes, dhe shton se kjo \u00ebsht\u00eb nj\u00ebher\u00eb e gjysm\u00eb m\u00eb e lart\u00eb se mali yn\u00eb Vezuv.<\/p>\n<p>(Italian\u00ebt e krahasojn\u00eb me Vezuvin e tyre p\u00ebr ta b\u00ebr\u00eb m\u00eb t\u00eb perceptuesh\u00ebm nivelin e pabesuesh\u00ebm t\u00eb aktivitetit t\u00eb mafies s\u00eb plehrave n\u00eb vendin me t\u00eb cilin po tentojm\u00eb importin e plehrave, kurse ne na takon ta krahasojm\u00eb me nj\u00eb mal tonin p\u00ebr ta b\u00ebr\u00eb m\u00eb t\u00eb perceptuesh\u00ebm p\u00ebr publikun shqiptar. Po marrim Malin e Jezerc\u00ebs meq\u00eb \u00ebsht\u00eb pran\u00eb vendlindjes s\u00eb kryeministrit.<\/p>\n<p>P\u00ebr rreth 700 metra, shifra e dh\u00ebn\u00eb nga Legambinete do t\u00eb arrinte maj\u00ebn e Jezerc\u00ebs (maja e kat\u00ebrt m\u00eb e lart\u00eb e Shqip\u00ebris\u00eb pas atyre t\u00eb Korabit &#8211; 2694 metra). Nj\u00eb &#8220;mal&#8221; plehrash sa tri t\u00eb kat\u00ebrtat e Jezerc\u00ebs \u00ebsht\u00eb pra sasia e plehrave, q\u00eb zhdukin \u00e7do vit klanet e mafies s\u00eb plehrave n\u00eb Itali. Ku i \u00e7ojn\u00eb?<\/p>\n<p>Shum\u00eb groposen n\u00eb rajonet e jugut italian, t\u00eb tjerat shkojn\u00eb n\u00eb vende t\u00eb Afrik\u00ebs apo n\u00eb vende si Rumania q\u00eb kan\u00eb lejuar s\u00eb fundmi importin e plehrave. Varrosja e tyre ilegale kursen miliarda euro q\u00eb do paguheshin n\u00ebse ato shkonin n\u00eb landfilldet e posa\u00e7me t\u00eb Europ\u00ebs ku &#8220;ta masin kok\u00ebn me spango&#8221; p\u00ebr t\u00eb trajtuar mbeturinat).<\/p>\n<p>2 &#8211; 18,4 miliard euro \u00ebsht\u00eb xhiroja vjetore e mafies s\u00eb plehrave, 4800 jan\u00eb n\u00eb nj\u00eb vit krimet e groposjes s\u00eb plehrave t\u00eb rrezikshme me autor mafien e fqinj\u00ebve tan\u00eb, 103 jan\u00eb rastet e hetimeve p\u00ebr trafikim t\u00eb mbetjeve t\u00eb rrezikshme nga Italia drejt vendeve t\u00eb tjer\u00eb, 2190 persona jan\u00eb denoncuar, 520 jan\u00eb nd\u00ebrmarrjet e p\u00ebrfshira n\u00eb k\u00ebto trafiqe.<\/p>\n<p>3 &#8211; N\u00eb Napoli arrijn\u00eb mbeturina toksike shum\u00eb t\u00eb rrezikshme t\u00eb industris\u00eb s\u00eb veriut italian me &#8220;nd\u00ebrmjet\u00ebsin\u00eb&#8221; e Kamorr\u00ebs. Rajoni i Kampanj\u00ebs \u00ebsht\u00eb i pari n\u00eb list\u00ebn e Legambientes p\u00ebr krime t\u00eb kategoris\u00eb s\u00eb mbetjeve. N\u00eb Kampanja dhe Kalabri p\u00ebrqendrohen 30 p\u00ebr qind t\u00eb mbetjeve ilegale t\u00eb gjith\u00eb Italis\u00eb. Pas k\u00ebtyre dy rajoneve vijn\u00eb Pulja, Lombardia, Liguria, Piemonte, dhe Veneto.<\/p>\n<p>4 &#8211; \u00cbsht\u00eb kalkuluar se p\u00ebr \u00e7do euro q\u00eb fiton mafia e plehrave, shteti humb 10. N\u00eb Pulja jan\u00eb zbuluar plot 599 vend-varrosje ilegale, n\u00eb Lombardi 541, n\u00eb Kalabri 447. Vet\u00ebm n\u00eb Veneto jan\u00eb 5 milion\u00eb metra katror\u00eb t\u00eb okupuara me varreza plehrash ilegale.<\/p>\n<p><strong>\u00c7far\u00eb \u00ebsht\u00eb Legambiente<\/strong><\/p>\n<p>Legambiente \u00ebsht\u00eb krijuar para 30 vitesh. Si organiz\u00ebm lindi n\u00eb 1980, pas l\u00ebvizjes anti-b\u00ebrthamore q\u00eb u zhvillua n\u00eb Itali dhe n\u00eb mbar\u00eb bot\u00ebn per\u00ebndimore n\u00eb pjes\u00ebn e dyt\u00eb t\u00eb viteve &#8217;70. Tipari dallues i tyre ka qen\u00eb gjithnj\u00eb hulumtimi shkencor. Mbi krimet q\u00eb kan\u00eb t\u00eb b\u00ebjn\u00eb me mbeturinat, kan\u00eb nj\u00eb baz\u00eb t\u00eb sh\u00ebndosh\u00eb t\u00eb dh\u00ebnash shkencore, q\u00eb i kan\u00eb lejuar q\u00eb t\u00eb shoq\u00ebrojn\u00eb betej\u00ebn me t\u00eb dh\u00ebna konkrete, reale dhe praktike.<\/p>\n<p>Ka shtrirje t\u00eb gjer\u00eb n\u00eb territorin italian: mbi 115 mij\u00eb partner\u00eb dhe mb\u00ebshtet\u00ebs, 1000 grupe vendore, 30 mij\u00eb klasa q\u00eb marrin pjes\u00eb n\u00eb programe dhe 3.000 t\u00eb rinj q\u00eb \u00e7do vit marrin pjes\u00eb n\u00eb kampet vullnetare, mbi 60 zona natyrale.<\/p>\n<p><strong>Italia, 90 mij\u00eb tonelata mbetje <\/strong><\/p>\n<p>Italia e ka \u00ebnd\u00ebrr t\u00eb heq\u00eb sadopak nga stoku i saj radioaktiv, p\u00ebr t\u00eb cilin prej dekadash po harxhon energji dhe financa t\u00eb shumta. 25 vite pas katastrof\u00ebs s\u00eb \u00c7\u00ebrnobilit n\u00eb Ukrain\u00eb dhe 21 vjetorit t\u00eb mbylljes s\u00eb industris\u00eb b\u00ebrthamore n\u00eb Itali, (u mbyll me referendum popullor n\u00eb vitin 1987) bilanci \u00ebsht\u00eb i r\u00ebnd\u00eb p\u00ebr qeverit\u00eb italiane: duhet t\u00eb paguaj\u00eb miliarda euro p\u00ebr t\u00eb menaxhuar 90 mij\u00eb tonelata mbetje toksike dhe radioaktive.<\/p>\n<p>Buxheti italian ka harxhuar deri m\u00eb sot mbi 12 miliard\u00eb euro p\u00ebr t&#8217;i mir\u00ebmbajtur ato, n\u00eb pritje t\u00eb caktimit t\u00eb nj\u00eb vend-depozite.<\/p>\n<p><strong>Kosto, 500 milion\u00eb euro n\u00eb vit<\/strong><\/p>\n<p>P\u00ebr vet\u00eb italian\u00ebt, prania e tonelatave me l\u00ebnd\u00eb b\u00ebrthamore dhe toksike \u00ebsht\u00eb nj\u00eb bomb\u00eb ekologjike, q\u00eb i kushton shtetit rreth 500 milion\u00eb euro n\u00eb vit. P\u00ebrball\u00eb k\u00ebsaj emergjence t\u00eb pazgjidhur prej 21 vitesh me mbetjet b\u00ebrthamore dhe toksike, qeveria italiane ka premtuar disa her\u00eb zgjidhje, por ende nuk ka nj\u00eb t\u00eb till\u00eb. Rajoni i Kazert\u00ebs njihet tashm\u00eb si &#8220;\u00c7\u00ebrnobili i Italis\u00eb&#8221;, sepse \u00ebsht\u00eb toka m\u00eb e ndotur n\u00eb gadishullin Apenin nga incidente t\u00eb shumta q\u00eb kan\u00eb helmuar toka dhe lumenj.<\/p>\n<p>N\u00eb nj\u00eb raport Italian p\u00ebr mjedisin i vitit 2007, thuhet se Komuniteti Europian u ka v\u00ebn\u00eb detyrim shteteve an\u00ebtare q\u00eb t\u00eb gjejn\u00eb nj\u00eb zgjidhje p\u00ebr sistemimin e mbetjeve radioaktive brenda vitit 2009.<\/p>\n<p><strong>Berisha n\u00eb Itali: Leht\u00ebsi italian\u00ebve p\u00ebr energjin\u00eb b\u00ebrthamore<\/strong><\/p>\n<p>M\u00ebse dy vite pasi premtoi se do t\u00eb ket\u00eb bashk\u00ebpunim me Italin\u00eb p\u00ebr t\u00eb zhvilluar energjin\u00eb b\u00ebrthamore n\u00eb Shqip\u00ebri dhe ta kthej\u00eb at\u00eb n\u00eb superfuqi energjetike, shefi i qeveris\u00eb shqiptare ftoi dje biznesin italian q\u00eb t\u00eb nd\u00ebrtoj\u00eb centralin b\u00ebrthamor n\u00eb Shqip\u00ebri. &#8220;Ftesa&#8221; zbulohet nga media italiane, e cila duke komentuar vizit\u00ebn e djeshme t\u00eb Berish\u00ebs n\u00eb Milano, shkruante mbr\u00ebm\u00eb:<\/p>\n<p>&#8220;Kryeministri i Shqip\u00ebris\u00eb i ka t\u00eb qarta idet\u00eb e bashk\u00ebpunimit me Rom\u00ebn. Pas pjes\u00ebmarrjes n\u00eb forumin ekonomik italio-shqiptar, kryeministri Sali Berisha b\u00ebri t\u00eb ditur se vendi i tij do t\u00eb b\u00ebj\u00eb gjith\u00e7ka p\u00ebr t\u00eb leht\u00ebsuar investitor\u00ebt italian\u00eb q\u00eb duan t\u00eb marrin pjes\u00eb n\u00eb energjin\u00eb b\u00ebrthamore.<\/p>\n<p>&#8220;Deri m\u00eb sot Shqip\u00ebria dhe Italia kan\u00eb pasur marr\u00ebdh\u00ebnie shum\u00eb t\u00eb mira. Jan\u00eb n\u00ebnshkruar marr\u00ebveshje p\u00ebr investime n\u00eb fush\u00ebn energjetike, por italian\u00ebt jan\u00eb aktiv\u00eb dhe n\u00eb sektor\u00eb t\u00eb tjer\u00eb&#8221;,- ka th\u00ebn\u00eb kryeministri shqiptar. Dje, u b\u00eb e ditur se Dhoma e Tregtis\u00eb e Milanos dhe ajo e Shqip\u00ebris\u00eb firmos\u00ebn nj\u00eb pakt p\u00ebr bashk\u00ebpunim q\u00eb do t&#8217;u jap\u00eb mund\u00ebsi t\u00eb takohen 240 sip\u00ebrmarrjeve italiane dhe 70 shqiptare&#8221;.<\/p>\n","protected":false},"excerpt":{"rendered":"<p>Berisha me kryetaren e Bashkise se Milanos Nga raporti i Legambientes p\u00ebr mafien e mbeturinave (pjes\u00eb dhe shifra nga i cili Shekulli botoi dje) dalin t\u00eb dh\u00ebna alarmante. Shifrat jan\u00eb mbres\u00ebl\u00ebn\u00ebse dhe kur mendon q\u00eb pik\u00ebrisht me nj\u00eb vend q\u00eb ka probleme t\u00eb tilla me plehrat Shqip\u00ebria e nj\u00ebmij\u00eb e nj\u00eb mungesave shkon e firmos [&hellip;]<\/p>\n","protected":false},"author":1,"featured_media":0,"comment_status":"open","ping_status":"closed","sticky":false,"template":"","format":"standard","meta":{"footnotes":""},"categories":[2],"tags":[],"class_list":{"0":"post-5709","1":"post","2":"type-post","3":"status-publish","4":"format-standard","6":"category-artikuj"},"yoast_head":"<!-- This site is optimized with the Yoast SEO plugin v27.4 - https:\/\/yoast.com\/product\/yoast-seo-wordpress\/ -->\n<title>\u00c7do vit mafia italiane &quot;i gjen v\u00ebndin&quot; nj\u00eb mali plehrash sa \u00be e Jezerc\u00ebs - FjALA e LIR\u00cb - Arkivi<\/title>\n<meta name=\"robots\" content=\"index, follow, max-snippet:-1, max-image-preview:large, max-video-preview:-1\" \/>\n<link rel=\"canonical\" href=\"https:\/\/fjala.info\/2009-2015\/cdo-vit-mafia-italiane-i-gjen-vendin-nje-mali-plehrash-sa-\u00be-e-jezerces\/\" \/>\n<meta property=\"og:locale\" content=\"sq_AL\" \/>\n<meta property=\"og:type\" content=\"article\" \/>\n<meta property=\"og:title\" content=\"\u00c7do vit mafia italiane &quot;i gjen v\u00ebndin&quot; nj\u00eb mali plehrash sa \u00be e Jezerc\u00ebs - FjALA e LIR\u00cb - Arkivi\" \/>\n<meta property=\"og:description\" content=\"Berisha me kryetaren e Bashkise se Milanos Nga raporti i Legambientes p\u00ebr mafien e mbeturinave (pjes\u00eb dhe shifra nga i cili Shekulli botoi dje) dalin t\u00eb dh\u00ebna alarmante. Shifrat jan\u00eb mbres\u00ebl\u00ebn\u00ebse dhe kur mendon q\u00eb pik\u00ebrisht me nj\u00eb vend q\u00eb ka probleme t\u00eb tilla me plehrat Shqip\u00ebria e nj\u00ebmij\u00eb e nj\u00eb mungesave shkon e firmos [&hellip;]\" \/>\n<meta property=\"og:url\" content=\"https:\/\/fjala.info\/2009-2015\/cdo-vit-mafia-italiane-i-gjen-vendin-nje-mali-plehrash-sa-\u00be-e-jezerces\/\" \/>\n<meta property=\"og:site_name\" content=\"FjALA e LIR\u00cb - Arkivi\" \/>\n<meta property=\"article:published_time\" content=\"2011-01-19T09:38:11+00:00\" \/>\n<meta property=\"og:image\" content=\"http:\/\/fjala.shkoder.net\/wp-content\/uploads\/2011\/01\/berisha_milano_plehrat-300x180.jpg\" \/>\n<meta name=\"author\" content=\"admin\" \/>\n<meta name=\"twitter:card\" content=\"summary_large_image\" \/>\n<meta name=\"twitter:label1\" content=\"Written by\" \/>\n\t<meta name=\"twitter:data1\" content=\"admin\" \/>\n\t<meta name=\"twitter:label2\" content=\"Est. reading time\" \/>\n\t<meta name=\"twitter:data2\" content=\"5 minutes\" \/>\n<script type=\"application\/ld+json\" class=\"yoast-schema-graph\">{\"@context\":\"https:\\\/\\\/schema.org\",\"@graph\":[{\"@type\":\"Article\",\"@id\":\"https:\\\/\\\/fjala.info\\\/2009-2015\\\/cdo-vit-mafia-italiane-i-gjen-vendin-nje-mali-plehrash-sa-%c2%be-e-jezerces\\\/#article\",\"isPartOf\":{\"@id\":\"https:\\\/\\\/fjala.info\\\/2009-2015\\\/cdo-vit-mafia-italiane-i-gjen-vendin-nje-mali-plehrash-sa-%c2%be-e-jezerces\\\/\"},\"author\":{\"name\":\"admin\",\"@id\":\"https:\\\/\\\/fjala.info\\\/2009-2015\\\/#\\\/schema\\\/person\\\/3aa1163ef05469c496fc94e77611ada2\"},\"headline\":\"\u00c7do vit mafia italiane &#8220;i gjen v\u00ebndin&#8221; nj\u00eb mali plehrash sa \u00be e Jezerc\u00ebs\",\"datePublished\":\"2011-01-19T09:38:11+00:00\",\"mainEntityOfPage\":{\"@id\":\"https:\\\/\\\/fjala.info\\\/2009-2015\\\/cdo-vit-mafia-italiane-i-gjen-vendin-nje-mali-plehrash-sa-%c2%be-e-jezerces\\\/\"},\"wordCount\":1112,\"commentCount\":0,\"publisher\":{\"@id\":\"https:\\\/\\\/fjala.info\\\/2009-2015\\\/#organization\"},\"image\":{\"@id\":\"https:\\\/\\\/fjala.info\\\/2009-2015\\\/cdo-vit-mafia-italiane-i-gjen-vendin-nje-mali-plehrash-sa-%c2%be-e-jezerces\\\/#primaryimage\"},\"thumbnailUrl\":\"http:\\\/\\\/fjala.shkoder.net\\\/wp-content\\\/uploads\\\/2011\\\/01\\\/berisha_milano_plehrat-300x180.jpg\",\"articleSection\":[\"Artikuj\"],\"inLanguage\":\"sq-AL\",\"potentialAction\":[{\"@type\":\"CommentAction\",\"name\":\"Comment\",\"target\":[\"https:\\\/\\\/fjala.info\\\/2009-2015\\\/cdo-vit-mafia-italiane-i-gjen-vendin-nje-mali-plehrash-sa-%c2%be-e-jezerces\\\/#respond\"]}]},{\"@type\":\"WebPage\",\"@id\":\"https:\\\/\\\/fjala.info\\\/2009-2015\\\/cdo-vit-mafia-italiane-i-gjen-vendin-nje-mali-plehrash-sa-%c2%be-e-jezerces\\\/\",\"url\":\"https:\\\/\\\/fjala.info\\\/2009-2015\\\/cdo-vit-mafia-italiane-i-gjen-vendin-nje-mali-plehrash-sa-%c2%be-e-jezerces\\\/\",\"name\":\"\u00c7do vit mafia italiane \\\"i gjen v\u00ebndin\\\" nj\u00eb mali plehrash sa \u00be e Jezerc\u00ebs - FjALA e LIR\u00cb - Arkivi\",\"isPartOf\":{\"@id\":\"https:\\\/\\\/fjala.info\\\/2009-2015\\\/#website\"},\"primaryImageOfPage\":{\"@id\":\"https:\\\/\\\/fjala.info\\\/2009-2015\\\/cdo-vit-mafia-italiane-i-gjen-vendin-nje-mali-plehrash-sa-%c2%be-e-jezerces\\\/#primaryimage\"},\"image\":{\"@id\":\"https:\\\/\\\/fjala.info\\\/2009-2015\\\/cdo-vit-mafia-italiane-i-gjen-vendin-nje-mali-plehrash-sa-%c2%be-e-jezerces\\\/#primaryimage\"},\"thumbnailUrl\":\"http:\\\/\\\/fjala.shkoder.net\\\/wp-content\\\/uploads\\\/2011\\\/01\\\/berisha_milano_plehrat-300x180.jpg\",\"datePublished\":\"2011-01-19T09:38:11+00:00\",\"breadcrumb\":{\"@id\":\"https:\\\/\\\/fjala.info\\\/2009-2015\\\/cdo-vit-mafia-italiane-i-gjen-vendin-nje-mali-plehrash-sa-%c2%be-e-jezerces\\\/#breadcrumb\"},\"inLanguage\":\"sq-AL\",\"potentialAction\":[{\"@type\":\"ReadAction\",\"target\":[\"https:\\\/\\\/fjala.info\\\/2009-2015\\\/cdo-vit-mafia-italiane-i-gjen-vendin-nje-mali-plehrash-sa-%c2%be-e-jezerces\\\/\"]}]},{\"@type\":\"ImageObject\",\"inLanguage\":\"sq-AL\",\"@id\":\"https:\\\/\\\/fjala.info\\\/2009-2015\\\/cdo-vit-mafia-italiane-i-gjen-vendin-nje-mali-plehrash-sa-%c2%be-e-jezerces\\\/#primaryimage\",\"url\":\"http:\\\/\\\/fjala.shkoder.net\\\/wp-content\\\/uploads\\\/2011\\\/01\\\/berisha_milano_plehrat-300x180.jpg\",\"contentUrl\":\"http:\\\/\\\/fjala.shkoder.net\\\/wp-content\\\/uploads\\\/2011\\\/01\\\/berisha_milano_plehrat-300x180.jpg\"},{\"@type\":\"BreadcrumbList\",\"@id\":\"https:\\\/\\\/fjala.info\\\/2009-2015\\\/cdo-vit-mafia-italiane-i-gjen-vendin-nje-mali-plehrash-sa-%c2%be-e-jezerces\\\/#breadcrumb\",\"itemListElement\":[{\"@type\":\"ListItem\",\"position\":1,\"name\":\"Home\",\"item\":\"https:\\\/\\\/fjala.info\\\/2009-2015\\\/\"},{\"@type\":\"ListItem\",\"position\":2,\"name\":\"\u00c7do vit mafia italiane &#8220;i gjen v\u00ebndin&#8221; nj\u00eb mali plehrash sa \u00be e Jezerc\u00ebs\"}]},{\"@type\":\"WebSite\",\"@id\":\"https:\\\/\\\/fjala.info\\\/2009-2015\\\/#website\",\"url\":\"https:\\\/\\\/fjala.info\\\/2009-2015\\\/\",\"name\":\"FjALA e LIR\u00cb - Arkivi\",\"description\":\"Arkivi 2009-2015\",\"publisher\":{\"@id\":\"https:\\\/\\\/fjala.info\\\/2009-2015\\\/#organization\"},\"potentialAction\":[{\"@type\":\"SearchAction\",\"target\":{\"@type\":\"EntryPoint\",\"urlTemplate\":\"https:\\\/\\\/fjala.info\\\/2009-2015\\\/?s={search_term_string}\"},\"query-input\":{\"@type\":\"PropertyValueSpecification\",\"valueRequired\":true,\"valueName\":\"search_term_string\"}}],\"inLanguage\":\"sq-AL\"},{\"@type\":\"Organization\",\"@id\":\"https:\\\/\\\/fjala.info\\\/2009-2015\\\/#organization\",\"name\":\"FjALA e LIR\u00cb - Arkivi\",\"url\":\"https:\\\/\\\/fjala.info\\\/2009-2015\\\/\",\"logo\":{\"@type\":\"ImageObject\",\"inLanguage\":\"sq-AL\",\"@id\":\"https:\\\/\\\/fjala.info\\\/2009-2015\\\/#\\\/schema\\\/logo\\\/image\\\/\",\"url\":\"\",\"contentUrl\":\"\",\"caption\":\"FjALA e LIR\u00cb - Arkivi\"},\"image\":{\"@id\":\"https:\\\/\\\/fjala.info\\\/2009-2015\\\/#\\\/schema\\\/logo\\\/image\\\/\"}},{\"@type\":\"Person\",\"@id\":\"https:\\\/\\\/fjala.info\\\/2009-2015\\\/#\\\/schema\\\/person\\\/3aa1163ef05469c496fc94e77611ada2\",\"name\":\"admin\",\"image\":{\"@type\":\"ImageObject\",\"inLanguage\":\"sq-AL\",\"@id\":\"https:\\\/\\\/fjala.info\\\/2009-2015\\\/wp-content\\\/uploads\\\/2012\\\/02\\\/arben_cokaj-120x150.jpg\",\"url\":\"https:\\\/\\\/fjala.info\\\/2009-2015\\\/wp-content\\\/uploads\\\/2012\\\/02\\\/arben_cokaj-120x150.jpg\",\"contentUrl\":\"https:\\\/\\\/fjala.info\\\/2009-2015\\\/wp-content\\\/uploads\\\/2012\\\/02\\\/arben_cokaj-120x150.jpg\",\"caption\":\"admin\"},\"description\":\"Admin, Fjala e Lir\u00eb\",\"sameAs\":[\"https:\\\/\\\/fjala.info\\\/\"],\"url\":\"https:\\\/\\\/fjala.info\\\/2009-2015\\\/author\\\/admin\\\/\"}]}<\/script>\n<!-- \/ Yoast SEO plugin. -->","yoast_head_json":{"title":"\u00c7do vit mafia italiane \"i gjen v\u00ebndin\" nj\u00eb mali plehrash sa \u00be e Jezerc\u00ebs - FjALA e LIR\u00cb - Arkivi","robots":{"index":"index","follow":"follow","max-snippet":"max-snippet:-1","max-image-preview":"max-image-preview:large","max-video-preview":"max-video-preview:-1"},"canonical":"https:\/\/fjala.info\/2009-2015\/cdo-vit-mafia-italiane-i-gjen-vendin-nje-mali-plehrash-sa-\u00be-e-jezerces\/","og_locale":"sq_AL","og_type":"article","og_title":"\u00c7do vit mafia italiane \"i gjen v\u00ebndin\" nj\u00eb mali plehrash sa \u00be e Jezerc\u00ebs - FjALA e LIR\u00cb - Arkivi","og_description":"Berisha me kryetaren e Bashkise se Milanos Nga raporti i Legambientes p\u00ebr mafien e mbeturinave (pjes\u00eb dhe shifra nga i cili Shekulli botoi dje) dalin t\u00eb dh\u00ebna alarmante. Shifrat jan\u00eb mbres\u00ebl\u00ebn\u00ebse dhe kur mendon q\u00eb pik\u00ebrisht me nj\u00eb vend q\u00eb ka probleme t\u00eb tilla me plehrat Shqip\u00ebria e nj\u00ebmij\u00eb e nj\u00eb mungesave shkon e firmos [&hellip;]","og_url":"https:\/\/fjala.info\/2009-2015\/cdo-vit-mafia-italiane-i-gjen-vendin-nje-mali-plehrash-sa-\u00be-e-jezerces\/","og_site_name":"FjALA e LIR\u00cb - Arkivi","article_published_time":"2011-01-19T09:38:11+00:00","og_image":[{"url":"http:\/\/fjala.shkoder.net\/wp-content\/uploads\/2011\/01\/berisha_milano_plehrat-300x180.jpg","type":"","width":"","height":""}],"author":"admin","twitter_card":"summary_large_image","twitter_misc":{"Written by":"admin","Est. reading time":"5 minutes"},"schema":{"@context":"https:\/\/schema.org","@graph":[{"@type":"Article","@id":"https:\/\/fjala.info\/2009-2015\/cdo-vit-mafia-italiane-i-gjen-vendin-nje-mali-plehrash-sa-%c2%be-e-jezerces\/#article","isPartOf":{"@id":"https:\/\/fjala.info\/2009-2015\/cdo-vit-mafia-italiane-i-gjen-vendin-nje-mali-plehrash-sa-%c2%be-e-jezerces\/"},"author":{"name":"admin","@id":"https:\/\/fjala.info\/2009-2015\/#\/schema\/person\/3aa1163ef05469c496fc94e77611ada2"},"headline":"\u00c7do vit mafia italiane &#8220;i gjen v\u00ebndin&#8221; nj\u00eb mali plehrash sa \u00be e Jezerc\u00ebs","datePublished":"2011-01-19T09:38:11+00:00","mainEntityOfPage":{"@id":"https:\/\/fjala.info\/2009-2015\/cdo-vit-mafia-italiane-i-gjen-vendin-nje-mali-plehrash-sa-%c2%be-e-jezerces\/"},"wordCount":1112,"commentCount":0,"publisher":{"@id":"https:\/\/fjala.info\/2009-2015\/#organization"},"image":{"@id":"https:\/\/fjala.info\/2009-2015\/cdo-vit-mafia-italiane-i-gjen-vendin-nje-mali-plehrash-sa-%c2%be-e-jezerces\/#primaryimage"},"thumbnailUrl":"http:\/\/fjala.shkoder.net\/wp-content\/uploads\/2011\/01\/berisha_milano_plehrat-300x180.jpg","articleSection":["Artikuj"],"inLanguage":"sq-AL","potentialAction":[{"@type":"CommentAction","name":"Comment","target":["https:\/\/fjala.info\/2009-2015\/cdo-vit-mafia-italiane-i-gjen-vendin-nje-mali-plehrash-sa-%c2%be-e-jezerces\/#respond"]}]},{"@type":"WebPage","@id":"https:\/\/fjala.info\/2009-2015\/cdo-vit-mafia-italiane-i-gjen-vendin-nje-mali-plehrash-sa-%c2%be-e-jezerces\/","url":"https:\/\/fjala.info\/2009-2015\/cdo-vit-mafia-italiane-i-gjen-vendin-nje-mali-plehrash-sa-%c2%be-e-jezerces\/","name":"\u00c7do vit mafia italiane \"i gjen v\u00ebndin\" nj\u00eb mali plehrash sa \u00be e Jezerc\u00ebs - FjALA e LIR\u00cb - Arkivi","isPartOf":{"@id":"https:\/\/fjala.info\/2009-2015\/#website"},"primaryImageOfPage":{"@id":"https:\/\/fjala.info\/2009-2015\/cdo-vit-mafia-italiane-i-gjen-vendin-nje-mali-plehrash-sa-%c2%be-e-jezerces\/#primaryimage"},"image":{"@id":"https:\/\/fjala.info\/2009-2015\/cdo-vit-mafia-italiane-i-gjen-vendin-nje-mali-plehrash-sa-%c2%be-e-jezerces\/#primaryimage"},"thumbnailUrl":"http:\/\/fjala.shkoder.net\/wp-content\/uploads\/2011\/01\/berisha_milano_plehrat-300x180.jpg","datePublished":"2011-01-19T09:38:11+00:00","breadcrumb":{"@id":"https:\/\/fjala.info\/2009-2015\/cdo-vit-mafia-italiane-i-gjen-vendin-nje-mali-plehrash-sa-%c2%be-e-jezerces\/#breadcrumb"},"inLanguage":"sq-AL","potentialAction":[{"@type":"ReadAction","target":["https:\/\/fjala.info\/2009-2015\/cdo-vit-mafia-italiane-i-gjen-vendin-nje-mali-plehrash-sa-%c2%be-e-jezerces\/"]}]},{"@type":"ImageObject","inLanguage":"sq-AL","@id":"https:\/\/fjala.info\/2009-2015\/cdo-vit-mafia-italiane-i-gjen-vendin-nje-mali-plehrash-sa-%c2%be-e-jezerces\/#primaryimage","url":"http:\/\/fjala.shkoder.net\/wp-content\/uploads\/2011\/01\/berisha_milano_plehrat-300x180.jpg","contentUrl":"http:\/\/fjala.shkoder.net\/wp-content\/uploads\/2011\/01\/berisha_milano_plehrat-300x180.jpg"},{"@type":"BreadcrumbList","@id":"https:\/\/fjala.info\/2009-2015\/cdo-vit-mafia-italiane-i-gjen-vendin-nje-mali-plehrash-sa-%c2%be-e-jezerces\/#breadcrumb","itemListElement":[{"@type":"ListItem","position":1,"name":"Home","item":"https:\/\/fjala.info\/2009-2015\/"},{"@type":"ListItem","position":2,"name":"\u00c7do vit mafia italiane &#8220;i gjen v\u00ebndin&#8221; nj\u00eb mali plehrash sa \u00be e Jezerc\u00ebs"}]},{"@type":"WebSite","@id":"https:\/\/fjala.info\/2009-2015\/#website","url":"https:\/\/fjala.info\/2009-2015\/","name":"FjALA e LIR\u00cb - Arkivi","description":"Arkivi 2009-2015","publisher":{"@id":"https:\/\/fjala.info\/2009-2015\/#organization"},"potentialAction":[{"@type":"SearchAction","target":{"@type":"EntryPoint","urlTemplate":"https:\/\/fjala.info\/2009-2015\/?s={search_term_string}"},"query-input":{"@type":"PropertyValueSpecification","valueRequired":true,"valueName":"search_term_string"}}],"inLanguage":"sq-AL"},{"@type":"Organization","@id":"https:\/\/fjala.info\/2009-2015\/#organization","name":"FjALA e LIR\u00cb - Arkivi","url":"https:\/\/fjala.info\/2009-2015\/","logo":{"@type":"ImageObject","inLanguage":"sq-AL","@id":"https:\/\/fjala.info\/2009-2015\/#\/schema\/logo\/image\/","url":"","contentUrl":"","caption":"FjALA e LIR\u00cb - Arkivi"},"image":{"@id":"https:\/\/fjala.info\/2009-2015\/#\/schema\/logo\/image\/"}},{"@type":"Person","@id":"https:\/\/fjala.info\/2009-2015\/#\/schema\/person\/3aa1163ef05469c496fc94e77611ada2","name":"admin","image":{"@type":"ImageObject","inLanguage":"sq-AL","@id":"https:\/\/fjala.info\/2009-2015\/wp-content\/uploads\/2012\/02\/arben_cokaj-120x150.jpg","url":"https:\/\/fjala.info\/2009-2015\/wp-content\/uploads\/2012\/02\/arben_cokaj-120x150.jpg","contentUrl":"https:\/\/fjala.info\/2009-2015\/wp-content\/uploads\/2012\/02\/arben_cokaj-120x150.jpg","caption":"admin"},"description":"Admin, Fjala e Lir\u00eb","sameAs":["https:\/\/fjala.info\/"],"url":"https:\/\/fjala.info\/2009-2015\/author\/admin\/"}]}},"_links":{"self":[{"href":"https:\/\/fjala.info\/2009-2015\/wp-json\/wp\/v2\/posts\/5709","targetHints":{"allow":["GET"]}}],"collection":[{"href":"https:\/\/fjala.info\/2009-2015\/wp-json\/wp\/v2\/posts"}],"about":[{"href":"https:\/\/fjala.info\/2009-2015\/wp-json\/wp\/v2\/types\/post"}],"author":[{"embeddable":true,"href":"https:\/\/fjala.info\/2009-2015\/wp-json\/wp\/v2\/users\/1"}],"replies":[{"embeddable":true,"href":"https:\/\/fjala.info\/2009-2015\/wp-json\/wp\/v2\/comments?post=5709"}],"version-history":[{"count":0,"href":"https:\/\/fjala.info\/2009-2015\/wp-json\/wp\/v2\/posts\/5709\/revisions"}],"wp:attachment":[{"href":"https:\/\/fjala.info\/2009-2015\/wp-json\/wp\/v2\/media?parent=5709"}],"wp:term":[{"taxonomy":"category","embeddable":true,"href":"https:\/\/fjala.info\/2009-2015\/wp-json\/wp\/v2\/categories?post=5709"},{"taxonomy":"post_tag","embeddable":true,"href":"https:\/\/fjala.info\/2009-2015\/wp-json\/wp\/v2\/tags?post=5709"}],"curies":[{"name":"wp","href":"https:\/\/api.w.org\/{rel}","templated":true}]}}