{"id":5701,"date":"2011-01-19T10:18:23","date_gmt":"2011-01-19T09:18:23","guid":{"rendered":"http:\/\/fjala.shkoder.net\/?p=5701"},"modified":"2011-01-19T10:18:23","modified_gmt":"2011-01-19T09:18:23","slug":"komunisti-isa-mustafa-perkulet-edhe-para-monumentit-kushtuar-enver-malokut","status":"publish","type":"post","link":"https:\/\/fjala.info\/2009-2015\/komunisti-isa-mustafa-perkulet-edhe-para-monumentit-kushtuar-enver-malokut\/","title":{"rendered":"KOMUNISTI ISA MUSTAFA P\u00cbRKULET EDHE PARA MONUMENTIT KUSHTUAR ENVER MALOKUT"},"content":{"rendered":"<p><em>M\u00eb 11 janar n\u00eb Ditarin e mbr\u00ebmjes RTK emitoi nj\u00eb sekuenc\u00eb nga nderimi q\u00eb kryetari i LDK-s\u00eb dr. Isa Mustafa bashk\u00eb me sut\u00ebn e tij vun\u00eb lule te monumenti i Enver Malokut. P\u00ebr njoh\u00ebsit e rrethanave dhe sidomos p\u00ebr familjen ky gjest irritonte se t\u00eb gjith\u00eb njer\u00ebzit normal i kan\u00eb ditur raportet e ngrira t\u00eb Qeveris\u00eb s\u00eb Kosov\u00ebs dhe t\u00eb Ministrit p\u00ebr Ekonomi dhe Financa dr. Isa Mustaf\u00ebs me Presidenc\u00ebn, me QIK-un dhe me LDK-n\u00eb. <\/em><br \/>\nCitimet jan\u00eb marr\u00eb nga QIK, 11 janar 2011, te informacioni \u201cP\u00ebrkujtohet Enver Maloku n\u00eb 12-vjetorin e vdekjes tragjike\u201d<\/p>\n<p><img loading=\"lazy\" decoding=\"async\" class=\"alignleft size-full wp-image-4595\" title=\"Shefqet Dibrani\" src=\"http:\/\/fjala.shkoder.net\/wp-content\/uploads\/2010\/11\/shefqet_dibrani1.jpg\" alt=\"\" width=\"150\" height=\"181\" \/><\/p>\n<p>Shkruan: <strong>Shefqet DIBRANI<\/strong><\/p>\n<p>Kryesia e LDK-s\u00eb e ka p\u00ebrkujtuar veprimtarin e saj t\u00eb shquar dhe ish-shefin e Qendr\u00ebs p\u00ebr Informim t\u00eb Kosov\u00ebs (QIK), Enver Malokun, n\u00eb 12-vjetorin e vdekjes s\u00eb tij tragjike, dhe ky lajm \u00ebsht\u00eb p\u00ebr t\u2019u mir\u00ebpritur pasi p\u00ebr nj\u00eb \u00e7ast mund t\u00eb besohet se kryesis\u00eb s\u00eb LDK-s\u00eb i paska r\u00ebn\u00eb nd\u00ebrmend t\u00eb kthehet te rr\u00ebnj\u00ebt e veta historike. Po ashtu \u00ebsht\u00eb krejt normale n\u00eb kushte normale q\u00eb kryetari i LDK-s\u00eb dhe an\u00ebtar\u00ebt e Kryesis\u00eb Qendrore t\u00eb b\u00ebjn\u00eb homazhe dhe t\u00eb v\u00ebn\u00eb lule te monumenti kushtuar Enver Malokut, n\u00eb Kodr\u00ebn e Diellit n\u00eb Prishtin\u00eb, i cili 12 vjet m\u00eb par\u00eb u q\u00ebllua p\u00ebr vdekje nga persona deri m\u00eb tash t\u00eb pa njohur, pran\u00eb dritareve t\u00eb bodrumit ku ai n\u00eb at\u00eb koh\u00eb banonte.<\/p>\n<p>Por absurdi i gjith\u00eb k\u00ebtij marifeti politik \u00ebsht\u00eb se aty ka marr\u00eb pjes\u00eb personi q\u00eb ka qen\u00eb p\u00ebrgjegj\u00ebs p\u00ebr \u201catentatin e vazhduesh\u00ebm financiar\u201d ndaj QIK-ut dhe vet Enver Malokut, i cili tashti n\u00eb cil\u00ebsin\u00eb e kryetarit t\u00eb LDK-s\u00eb ka vler\u00ebsuar lart figur\u00ebn e Enver Malokut, p\u00ebr t\u00eb cilin do t\u00eb shprehet se \u201cka b\u00ebr\u00eb shum\u00eb p\u00ebr LDK-n\u00eb dhe Kosov\u00ebn dhe ka qen\u00eb nj\u00eb bashk\u00ebpun\u00ebtor shum\u00eb i ngusht\u00eb i Ibrahim Rugov\u00ebs\u201d, (QIK, 11 janar 2011).<\/p>\n<p>Po ashtu dr. Isa Mustafa ka theksuar se \u201cEnver Maloku ishte nj\u00eb intelektual i spikatur i cili ka dh\u00ebn\u00eb kontribut t\u00eb ve\u00e7ant\u00eb p\u00ebr informimin e Kosov\u00ebs dhe opinionit nd\u00ebrkomb\u00ebtar n\u00eb koh\u00ebt m\u00eb t\u00eb v\u00ebshtira q\u00eb ka kaluar dhe ka p\u00ebrjetuar Kosova\u201d, (QIK, 11 janar 2011). Ky konstatim \u00ebsht\u00eb mbase i v\u00ebrtet\u00eb se Enver Maloku si askush tjet\u00ebr ka dh\u00ebn\u00eb kontribut t\u00eb r\u00ebnd\u00ebsish\u00ebm n\u00eb Qendr\u00ebn Informative t\u00eb Kosov\u00ebs me sigl\u00ebn e njohur (QIK), duke e p\u00ebrparuar mendimin informativ n\u00eb Kosov\u00eb.<\/p>\n<p>Por \u00ebsht\u00eb tep\u00ebr irrituese k\u00ebndellja kaq e von\u00eb e dr. Isa Mustaf\u00ebs i cili \u00ebsht\u00eb njeriu m\u00eb p\u00ebrgjegj\u00ebs p\u00ebr bllokimin financiar q\u00eb ky zot\u00ebri n\u00eb cil\u00ebsin\u00eb e ministrit ia ka b\u00ebr\u00eb edhe Qendr\u00ebs p\u00ebr Informim t\u00eb Kosov\u00ebs.<br \/>\nEnver Maloku si askush tjet\u00ebr n\u00eb historin\u00eb e Kosov\u00ebs e kreu misionin e vet informativ edhe at\u00ebher\u00eb kur i b\u00ebheshin k\u00ebrc\u00ebnimet p\u00ebr likuidim fizik, duke mos u trembur dhe duke mos u mposhtur edhe at\u00ebher\u00eb kur i b\u00ebheshin shantazhe financiare nga Qeveria e Kosov\u00ebs dhe Ministri i at\u00ebhersh\u00ebm i Financave dr. Isa Mustafa i cili tash, pas kaq e kaq vitesh, i paska r\u00ebn\u00eb nd\u00ebrmend t\u00eb na rikujton se kush ishte Enver Maloku, bile pa e shpreh\u00eb asnj\u00eb fjal\u00eb pendimi p\u00ebr veprimin e tij, t\u00eb nj\u00eb lloj atentati financiar q\u00eb ka b\u00ebr\u00eb mbi QIK-un dhe personalisht mbi Enver Malokun.<\/p>\n<p>Shtrohet pyetja n\u00ebse ka mund\u00ebsi t\u00eb shpjegoj tashti n\u00eb cil\u00ebsin\u00eb e kryetarit t\u00eb LDK-s\u00eb pse \u201cQIK-ut t\u00eb LDK-s\u00eb\u201d disa her\u00eb iu pat\u00ebn nd\u00ebrpre financat pik\u00ebrisht nga dr. Isa Mustafa i cili n\u00eb at\u00eb koh\u00eb ishte Minist\u00ebr i Ekonomis\u00eb dhe Financave, dhe a ka mund\u00ebsi t\u00eb shpjegoj pse dr. Isa Mustafa dhe as dr. Bujar Bukoshi nuk shprehen n\u00eb at\u00eb koh\u00eb keqardhje p\u00ebr atentatin mbi Enver Malokun dhe nuk i shprehen ngush\u00ebllime as Kryetarit t\u00eb Kosov\u00ebs dr. Ibrahim Rugov\u00ebs dhe as Familjes Maloku.<\/p>\n<p>T\u00eb gjitha strukturat antidemokratike q\u00eb ishin n\u00eb kund\u00ebrshtim me LDK-n\u00eb, e qe besa p\u00ebrgjith\u00ebsisht me Kosov\u00ebn, me ironi thoshin: \u201cQIK-u i LDK-s\u00eb\u201d, tashm\u00eb dr. Isa Mustafa k\u00ebt\u00eb e thot\u00eb me krenari, apo i ka mbetur ves nga e kaluara e tij plot hasm\u00ebri kund\u00ebr \u201cQIK-ut t\u00eb LDK-s\u00eb\u201d, at\u00ebher\u00eb kur ia rrudhte buxhetin financiar, pasi nuk e duronte suksesin e k\u00ebsaj Qendre Informative Komb\u00ebtare (QIK). Dhe kjo rrudhje financiare ndikonte drejtp\u00ebrdrejt n\u00eb pun\u00ebn dhe suksesin e QIK-ut, madje duke e sjell\u00eb disa her\u00eb n\u00eb pik\u00ebpyetje funksionimin e QIK-ut.<\/p>\n<p>Dhe kjo ka ngjar\u00eb, mu at\u00ebher\u00eb kur i duhej Kosov\u00ebs: N\u00eb saje t\u00eb bllokadave financiare ia pat\u00ebn nd\u00ebrprer\u00eb telefonat dhe mjetet tjera t\u00eb internetit, kurse dr. Isa Mustafa bashk\u00eb me siv\u00ebllain e tij dr. Bujar Bukoshin b\u00ebnin gallata kund\u00ebr QIK-ut, duke shprehur t\u00ebr\u00eb urrejtjen e tyre, t\u00eb cil\u00ebn e pat\u00ebn drejtuar kund\u00ebr Presidentit t\u00eb Kosov\u00ebs dr. Ibrahim Rugova i cili ishte po ashtu edhe kryetar i LDK-s\u00eb, sepse si duket nuk ia duronin suksesin.<\/p>\n<p>Dr. Isa Mustafa me siv\u00ebllain e tij dr. Bujar Bukoshi nuk ia duronin suksesin as LDK-s\u00eb, k\u00ebt\u00eb e kan\u00eb theksuar vazhdimisht n\u00ebp\u00ebr intervistat e shumta t\u00eb asaj kohe, dhe si\u00e7 thot\u00eb populli \u201cn\u00ebse \u00ebsht\u00eb h\u00ebng\u00ebr pitja ka mbetur tepsia\u201d, prandaj nuk dua t\u00eb besoj se mendja e ndritur e intelektual\u00ebve n\u00eb kryesin\u00eb qendrore t\u00eb LDK-s\u00eb e as dr. Sabri Hamiti jan\u00eb b\u00ebr\u00eb kaq harrestar e t\u00eb mos iu kujtohen b\u00ebmat e dr. Isa Mustaf\u00ebs, kund\u00ebr QIK-ut e kund\u00ebr Enver Malokut, dhe tani nuk e di me \u00e7far\u00eb morali i shkojn\u00eb tek monumenti, p\u00ebr t\u00eb v\u00ebn\u00eb lule dhe p\u00ebr t\u2019u deklaruar ashtu si\u00e7 b\u00ebri dr. Isa Mustafa n\u00eb k\u00ebt\u00eb p\u00ebrvjetor, por qart\u00eb shihet se p\u00ebr marketing politik kjo kast\u00eb injorant\u00ebsh jan\u00eb n\u00eb gjendje t\u00eb kallapitin gjith\u00e7ka.<\/p>\n<p>Nuk e di, k\u00ebta \u201creformator\u00eb t\u00eb LDK-s\u00eb\u201d, si paskan menduar ta p\u00ebrparojn\u00eb e reformojn\u00eb LDK-n\u00eb, duke ia sjell n\u00eb krye nj\u00eb komunist i cili si askush tjet\u00ebr e ka penguar dhe shantazhuar \u00e7do veprim t\u00eb mir\u00eb komb\u00ebtar q\u00eb e b\u00ebnte LDK-ja, dhe \u00ebsht\u00eb p\u00ebrpjekur me mish e shpirt p\u00ebr ta zvet\u00ebnuar pun\u00ebn dhe kontributin e LDK-s\u00eb, kontributin e QIK-ut dhe t\u00eb Enver Malokut dhe kjo ka ngjar\u00eb pasi dr. Isa Mustafa dhe siv\u00ebllai i tij dr. Bujar Bukoshi nuk kan\u00eb mundur t\u2019i pranojn\u00eb rezultatet dr. Ibrahim Rugov\u00ebs.<\/p>\n<p>Padyshim QIK-u ka qen\u00eb nj\u00eb burim i vet\u00ebm i informimit p\u00ebr t\u00eb njoftuar bot\u00ebn p\u00ebr masakrat dhe terrorin q\u00eb Serbia po ushtronte n\u00eb Kosov\u00eb. &#8211; P\u00ebr fat t\u00eb keq, &#8211; ia p\u00ebrs\u00ebris dr. Isa Mustaf\u00ebs se para se ta vriste \u201cnj\u00eb dor\u00eb e panjohur kriminale\u201d, Enver Malokun e vrau dora e njohur e Qeveris\u00eb s\u00eb Kosov\u00ebs duke ia rrudhur e nd\u00ebrpre financimin, dhe k\u00ebt\u00eb e ka b\u00ebr\u00eb pik\u00ebrisht dr. Isa Mustafa. Tash ai duhet t\u00eb ndjehet keq m\u00eb shum\u00eb p\u00ebr veprimin e tij si Minist\u00ebr i Ekonomis\u00eb dhe Financave i cili njer\u00ebzve t\u00eb k\u00ebsaj r\u00ebnd\u00ebsie le m\u00eb q\u00eb nuk iu siguroi truproje, por Institucionit ku ai punoi \u201cQIK-ut\u201d ia pat nd\u00ebrprer\u00eb t\u00eb gjitha burimet financiare.<\/p>\n<p>Fal\u00eb Deg\u00ebs s\u00eb LDK-s\u00eb n\u00eb Zvic\u00ebr e cila detyrimisht intervenoi disa her\u00eb, p\u00ebr vite t\u00eb t\u00ebra, p\u00ebr ta shp\u00ebtuar QIK-un, dhe duke ia mbuluar marren Qeveris\u00eb s\u00eb Kosov\u00ebs, e ve\u00e7mas Ministrit t\u00eb Ekonomis\u00eb dhe Financave dr. Isa Mustaf\u00ebs, u mbijetuan shantazhet financiare q\u00eb kurdoher\u00eb i ka b\u00ebr\u00eb dr. Isa Mustafa me siv\u00ebllain e tij dr: Bujar Bukoshin kund\u00ebr QIK-ut dhe kund\u00ebr Presidenc\u00ebs.<\/p>\n<p>N\u00eb hulumtimet e procesverbaleve t\u00eb asaj kohe m\u00eb ra t\u00eb gjej\u00eb gjurm\u00ebt e shtytjeve financiare q\u00eb Dega e LDK-s\u00eb ia ka b\u00ebr\u00eb QIK-ut, dhe Presidenc\u00ebs. M\u00eb 09 maj 1995, nga Dega e LDK-s\u00eb n\u00eb Zvic\u00ebr i jan\u00eb d\u00ebrguar QIK-ut 5 000 CHF, kurse n\u00eb muajin tetor t\u00eb vitit 1996 nga nj\u00eb aksion vullnetar n\u00ebp\u00ebr N\u00ebndeg\u00ebt e LDK-s\u00eb me motivacion \u201cTA NDIHMOJM\u00cb QIK-un\u201d, k\u00ebsaj qendre informative i jan\u00eb d\u00ebrguar 26.000 CHF, t\u00eb cilat kan\u00eb qen\u00eb t\u00eb destinuara edhe p\u00ebr botime t\u00eb ve\u00e7anta q\u00eb pat filluar t\u2019i b\u00ebn\u00eb QIK-u.<\/p>\n<p>N\u00eb prill t\u00eb vitit 1997 i jan\u00eb d\u00ebrguar QIK-ut edhe 10.000 CHF t\u00eb tjera. Po ashtu nga niveli qendror i Deg\u00ebs s\u00eb LDK-s\u00eb n\u00eb Zvic\u00ebr shuma t\u00eb m\u00ebdha parash jan\u00eb d\u00ebrguar her\u00eb pas here edhe p\u00ebr redaksin\u00eb e Revist\u00ebn \u201cORA\u201d, dhe p\u00ebr shum\u00eb raste t\u00eb tjera.<\/p>\n<p>Ia vlen t\u2019ia p\u00ebrkujtoj dr. Isa Mustaf\u00ebs, (tani si kryetar i LDK-s\u00eb), se kur vet ai si Minist\u00ebr ia pat bllokuar financimin Presidentit t\u00eb Kosov\u00ebs dr. Ibrahim Rugov\u00ebs gjat\u00eb udh\u00ebtimit t\u00eb tij p\u00ebr n\u00eb Amerik\u00eb nga data 12-17 gusht 1997, u detyrua Dega e LDK-s\u00eb n\u00eb Zvic\u00ebr t\u2019ia jap 10.000 CHF dhe t\u2019i barti shpenzimet e hotelit n\u00eb Zvic\u00ebr n\u00eb vler\u00eb t\u00eb sakt\u00eb 2442.60 CHF, (dymij\u00eb e kat\u00ebrqind e dyzetedy franga e gjasht\u00ebdhjet\u00eb rap\/cent).<\/p>\n<p>N\u00ebse do t\u00eb kishim mund\u00ebsi q\u00eb k\u00ebtyre fakteve t\u2019ua shtojm\u00eb shumat e d\u00ebrguara nga n\u00ebndeg\u00ebt ve\u00e7 e ve\u00e7, dhe ato n\u00eb m\u00ebnyr\u00eb individuale nga personat privat, do t\u00eb kuptohet se Ministria e Ekonomis\u00eb dhe Financave gjat\u00eb viteve t\u00eb n\u00ebnt\u00ebdhjeta shum\u00eb pak ka derdh mjete p\u00ebr Presidenc\u00ebn, p\u00ebr QIK-un dhe p\u00ebr LDK-n\u00eb. N\u00eb k\u00ebt\u00eb raport nuk jan\u00eb p\u00ebrfshir\u00eb asnj\u00eb cent nga mjetet financiare q\u00eb i ka d\u00ebrguar vazhdimisht Dega e LDK-s\u00eb n\u00eb Gjermani, dhe as ato nga deg\u00ebt tjera n\u00eb Evrop\u00ebn Per\u00ebndimore si dhe ato n\u00eb ShBA. Kur t\u00eb kihen parasysh t\u00eb gjitha k\u00ebto fakte, q\u00ebndrimi i m\u00ebtutjesh\u00ebm i dr. Isa Mustaf\u00ebs n\u00eb krye t\u00eb LDK-s\u00eb \u00ebsht\u00eb n\u00eb kund\u00ebrshtim me vlerat morale t\u00eb demokracis\u00eb dhe do t\u00eb jet\u00eb me p\u00ebrmasa fatale p\u00ebr institucionet kosovare t\u00eb cilat \u00ebndrr\u00ebn t\u2019i pushton dr. Isa Mustafa, p\u00ebrmes LDK-s\u00eb.<\/p>\n<p>Me t\u00eb drejt tashti shtrohet pyetja n\u00ebse dr. Isa Mustafa \u00ebsht\u00eb i gatsh\u00ebm t\u00eb sqaroj dhe t\u2019i k\u00ebrkoj falje publike edhe Familjes s\u00eb Enver Malokut, edhe Familjes s\u00eb dr. Ibrahim Rugov\u00ebs, edhe LDK-s\u00eb n\u00eb Kosov\u00eb po m\u00eb shum\u00eb Deg\u00ebve t\u00eb LDK-s\u00eb n\u00eb Diaspor\u00eb, ve\u00e7mas m\u00ebrgimtar\u00ebve me t\u00eb cil\u00ebt \u00ebsht\u00eb sjell si nj\u00eb despot, ndon\u00ebse mosp\u00ebrfillja e tij edhe tashti duket nga qielli, dhe krejt k\u00ebt\u00eb far marketingu politik p\u00ebr dr. Ibrahim Rugov\u00ebn e Enver Malokun e b\u00ebn\u00eb p\u00ebr t\u2019i qit hi syve elektoratit t\u00eb LDK-s\u00eb, p\u00ebr t\u2019i mbuluar p\u00ebr aq sa mundet edhe gjurm\u00ebt e veta n\u00eb d\u00ebm t\u00eb LDK-s\u00eb dhe institucioneve q\u00eb kan\u00eb dal nga ajo. Kjo gj\u00eb t\u00eb shqet\u00ebson edhe m\u00eb shum\u00eb, kur faktori nd\u00ebrkomb\u00ebtar k\u00ebrkon udh\u00ebheqje t\u00eb vendit me duar t\u00eb pastra. Pa asnj\u00eb dilem\u00eb shtrohet pyetja: Po dr. Isa Mustafa a i ka duart e pastra?!&#8230;<\/p>\n<p>Dit\u00eb m\u00eb par\u00eb Ambasadori Amerikan n\u00eb Kosov\u00eb Kristofer Dell, duke transmetuar q\u00ebndrimin e ShBA-s\u00eb p\u00ebr Institucionet e Kosov\u00ebs e ka v\u00ebn\u00eb me shpatulla p\u00ebr muri lidershipin kosovar, ku \u00e7art\u00eb sugjerohen q\u00eb Qeveria e ardhshme e Kosov\u00ebs duhet t\u00eb udh\u00ebhiqet nga njer\u00ebz q\u00eb i kan\u00eb \u201cduart e pastra\u201d. Prandaj \u00ebsht\u00eb arsyeja kryesore pse themi se LDK-ja duhet ta merr deklarat\u00ebn e z. Dell seriozisht dhe t\u00eb shqet\u00ebsohet p\u00ebr veten e vet dhe t\u00eb mos b\u00ebj\u00eb p\u00ebrpjekje p\u00ebr t\u2019ua mbuluar veprimet njer\u00ebzve q\u00eb dihet se nuk i kan\u00eb \u201cduart e pastra\u201d?!<\/p>\n<p>Dr. Isa Mustafa duhet t\u00eb flet qart\u00eb dhe bindsh\u00ebm, pa ekuivok\u00eb, se p\u00ebr \u00e7far\u00eb motivesh e ka b\u00ebr\u00eb at\u00eb nd\u00ebrprerje t\u00eb bashk\u00ebpunimit jo vet\u00ebm me QIK-un, por edhe me Presidenc\u00ebn, se sa i p\u00ebrket LDK-s\u00eb dr. Isa Mustafa n\u00eb at\u00eb koh\u00eb as q\u00eb ka dashur t\u00eb d\u00ebgjoj\u00eb. Kjo \u00ebsht\u00eb mbase e v\u00ebrtet\u00eb. Tani mendoj se \u00ebsht\u00eb obligim moral dhe human i kryesis\u00eb s\u00eb LDK-s\u00eb q\u00eb t\u00eb mos toleroj nj\u00eb komunist p\u00ebr t\u00eb l\u00ebnduar edhe m\u00eb tej zemrat e familjar\u00ebve, kur krejt bota e qytet\u00ebruar e din\u00eb raportin e dr. Isa Mustaf\u00ebs jo vet\u00ebm me QIK-un, por edh me Presidenc\u00ebn dhe LDK-n\u00eb.<\/p>\n<p>Le t\u00eb mbet\u00ebt n\u00eb nd\u00ebrgjegjen e kryesis\u00eb qendrore p\u00ebr k\u00ebto veprime t\u00eb pamatura dhe l\u00ebnduese, dhe k\u00ebt\u00eb t\u00eb mos e b\u00ebjn\u00eb vet\u00ebm sa p\u00ebr marketing politik, sepse ky lloj marketingu do t\u2019u kthehet bumerang nj\u00eb dit\u00eb n\u00eb zgjedhjet e radh\u00ebs q\u00eb do t\u00eb vijn\u00eb, sepse sa p\u00ebr pushtet si\u00e7 po shihet edhe Brukseli po edhe Uashingtoni do t\u2019i detyrojn\u00eb t\u00eb gjitha partit\u00eb q\u00eb t\u2019i \u201cpastrojn\u00eb duart e veta\u201d.<\/p>\n<p>Dr. Isa Mustafa duhet ta din\u00eb se m\u00eb s\u00eb paku Enver Maloku ka nevoj\u00eb p\u00ebr nderimin e tij, si dhe nderimin e k\u00ebsaj kaste injorant\u00ebsh t\u00eb instaluar n\u00eb kryesin\u00eb qendrore t\u00eb LDK-s\u00eb, nga t\u00eb cil\u00ebt ka edhe asi q\u00eb ndihmat dedikuar k\u00ebsaj familje i kan\u00eb p\u00ebrvet\u00ebsuar p\u00ebr vete, dhe tani bashk\u00eb me dr. Isa Mustaf\u00ebn vejn\u00eb lule sa p\u00ebr marketing politik, por le ta din\u00eb se qytetar\u00ebt e Prishtin\u00ebs dhe t\u00eb Kosov\u00ebs, i din\u00eb fort mir\u00eb raportet dhe b\u00ebmat e dr. Isa Mustaf\u00ebs bashk\u00eb me siv\u00ebllain e tij dr. Bujar Bukoshi, kund\u00ebr QIK-ut dhe Enver Malokut, sikurse q\u00eb e din\u00eb edhe pun\u00ebn dhe p\u00ebrkushtimin e Enver Maloku p\u00ebr Kosov\u00ebn.<\/p>\n<p>\u201cEnver Maloku (1993 1999) duke qen\u00eb n\u00eb krye t\u00eb Qendr\u00ebs p\u00ebr Informim t\u00eb Kosov\u00ebs (QIK), n\u00eb koh\u00ebt m\u00eb dramatike dhe m\u00eb t\u00eb p\u00ebrgjakshme t\u00eb historis\u00eb s\u00eb Kosov\u00ebs, shp\u00ebrndau informacionet n\u00eb gjith\u00eb bot\u00ebn n\u00eb kat\u00ebr gjuh\u00eb shqip anglisht, gjermanisht dhe fr\u00ebngjisht p\u00ebr dhun\u00ebn sistematike, masakrat dhe terrorin q\u00eb po ushtronte Serbia kund\u00ebr shqiptar\u00ebve n\u00eb Kosov\u00eb. Enver Maloku edhe me shkrimet autoriale pareshtur sfidoi dhe denoncoi regjimin kriminel t\u00eb Beogradit para opinionit nd\u00ebrkomb\u00ebtar p\u00ebr krimet q\u00eb po b\u00ebnte n\u00eb Kosov\u00eb. Duke informuar p\u00ebr dram\u00ebn e p\u00ebrgjakshme t\u00eb popullit shqiptar dhe luft\u00ebn e tij \u00e7lirimtare, ai nj\u00ebkoh\u00ebsisht p\u00ebr shum\u00eb vite afirmoi aspirat\u00ebn e popullit t\u00eb Kosov\u00ebs, duke shp\u00ebrndar\u00eb dit\u00eb e nat\u00eb mesazhin p\u00ebr liri, pavar\u00ebsi e demokraci\u201d, (QIK, 11 janar 2011).<\/p>\n<p>Enver Maloku u vra n\u00eb nj\u00eb atentat ende t\u00eb pandri\u00e7uar n\u00eb Prishtin\u00eb, m\u00eb 11 janar t\u00eb vitit 1999, para dritareve t\u00eb banes\u00ebs s\u00eb tij, n\u00eb prani t\u00eb gruas dhe f\u00ebmij\u00ebve, dhe vras\u00ebsit kan\u00eb fol shqip, k\u00ebshtu pat shkruar \u201cKoha ditore\u201d e Veton Surroit, kurse n\u00ebnkryetarja e LDK-s\u00eb vjen nga ato radh\u00eb dhe edhe ajo si grua shkon me eprorin e saj komunistin dr. Isa Mustafa p\u00ebr t\u00eb nderuar Enver Malokun t\u00eb cilin n\u00eb m\u00ebnyr\u00eb t\u00eb dhunshme e p\u00ebrjashtuan nga kjo bot\u00eb, n\u00eb mosh\u00ebn m\u00eb t\u00eb mir\u00eb t\u00eb pjekuris\u00eb jet\u00ebsore dhe kreative.<\/p>\n<p>Presidenti i Kosov\u00ebs dr. Ibrahim Rugova n\u00eb vitin 2004 e ka dekoruar Enver Malokun me &#8220;Medaljen Art\u00eb t\u00eb Pavar\u00ebsis\u00eb\u201d, dhe p\u00ebr fat t\u00eb mir\u00eb Kuvendi Komunal i Prishtin\u00ebs i ka siguruar nj\u00eb kulm mbi kok\u00eb familjes s\u00eb Enver Malokut q\u00eb b\u00ebri shum\u00eb p\u00ebr tu shp\u00ebrndar\u00eb kudo n\u00eb bot\u00eb e v\u00ebrteta mbi Kosov\u00ebn. B\u00ebri gazet\u00ebn e mbr\u00ebmjes \u201cInformatori\u201d, e para e k\u00ebtij lloji n\u00eb kryeqendr\u00ebn e Kosov\u00ebs dhe madje n\u00eb gjith\u00eb hap\u00ebsir\u00ebn shqiptare dhe n\u00eb vitin 1999, si\u00e7 ka potencuar bashk\u00ebpun\u00ebtori i tij Safet Zejnullau, \u201cai i b\u00ebri dhjet\u00eb dit\u00eb e gjysm\u00eb jet\u00eb e i shkroi nj\u00ebmb\u00ebdhjet\u00eb kolumne\u201d<\/p>\n<p>Pas vdekjes, n\u00eb vitin 2002, Sht\u00ebpia Botuese \u201cFaik Konica\u201d n\u00eb Prishtin\u00eb q\u00eb e drejton shkrimtari i mir\u00ebnjohur Nazmi Rrahmani, botoi librin e Enver Malokut \u201cGjuha e stuhis\u00eb\u201d i cili ka mbetur si nj\u00eb ogur i mir\u00eb n\u00eb stend\u00ebn e librit shqip, po sidomos nd\u00ebr qarqet kulturore e politike n\u00eb Kosov\u00eb.<\/p>\n<p><em>CH \u2013 St. Gallen, 17 janar 2011<\/em>.<\/p>\n","protected":false},"excerpt":{"rendered":"<p>M\u00eb 11 janar n\u00eb Ditarin e mbr\u00ebmjes RTK emitoi nj\u00eb sekuenc\u00eb nga nderimi q\u00eb kryetari i LDK-s\u00eb dr. Isa Mustafa bashk\u00eb me sut\u00ebn e tij vun\u00eb lule te monumenti i Enver Malokut. P\u00ebr njoh\u00ebsit e rrethanave dhe sidomos p\u00ebr familjen ky gjest irritonte se t\u00eb gjith\u00eb njer\u00ebzit normal i kan\u00eb ditur raportet e ngrira t\u00eb [&hellip;]<\/p>\n","protected":false},"author":1,"featured_media":0,"comment_status":"open","ping_status":"closed","sticky":false,"template":"","format":"standard","meta":{"footnotes":""},"categories":[2],"tags":[],"class_list":{"0":"post-5701","1":"post","2":"type-post","3":"status-publish","4":"format-standard","6":"category-artikuj"},"yoast_head":"<!-- This site is optimized with the Yoast SEO plugin v27.4 - https:\/\/yoast.com\/product\/yoast-seo-wordpress\/ -->\n<title>KOMUNISTI ISA MUSTAFA P\u00cbRKULET EDHE PARA MONUMENTIT KUSHTUAR ENVER MALOKUT - FjALA e LIR\u00cb - Arkivi<\/title>\n<meta name=\"robots\" content=\"index, follow, max-snippet:-1, max-image-preview:large, max-video-preview:-1\" \/>\n<link rel=\"canonical\" href=\"https:\/\/fjala.info\/2009-2015\/komunisti-isa-mustafa-perkulet-edhe-para-monumentit-kushtuar-enver-malokut\/\" \/>\n<meta property=\"og:locale\" content=\"sq_AL\" \/>\n<meta property=\"og:type\" content=\"article\" \/>\n<meta property=\"og:title\" content=\"KOMUNISTI ISA MUSTAFA P\u00cbRKULET EDHE PARA MONUMENTIT KUSHTUAR ENVER MALOKUT - FjALA e LIR\u00cb - Arkivi\" \/>\n<meta property=\"og:description\" content=\"M\u00eb 11 janar n\u00eb Ditarin e mbr\u00ebmjes RTK emitoi nj\u00eb sekuenc\u00eb nga nderimi q\u00eb kryetari i LDK-s\u00eb dr. Isa Mustafa bashk\u00eb me sut\u00ebn e tij vun\u00eb lule te monumenti i Enver Malokut. P\u00ebr njoh\u00ebsit e rrethanave dhe sidomos p\u00ebr familjen ky gjest irritonte se t\u00eb gjith\u00eb njer\u00ebzit normal i kan\u00eb ditur raportet e ngrira t\u00eb [&hellip;]\" \/>\n<meta property=\"og:url\" content=\"https:\/\/fjala.info\/2009-2015\/komunisti-isa-mustafa-perkulet-edhe-para-monumentit-kushtuar-enver-malokut\/\" \/>\n<meta property=\"og:site_name\" content=\"FjALA e LIR\u00cb - Arkivi\" \/>\n<meta property=\"article:published_time\" content=\"2011-01-19T09:18:23+00:00\" \/>\n<meta property=\"og:image\" content=\"http:\/\/fjala.shkoder.net\/wp-content\/uploads\/2010\/11\/shefqet_dibrani1.jpg\" \/>\n<meta name=\"author\" content=\"admin\" \/>\n<meta name=\"twitter:card\" content=\"summary_large_image\" \/>\n<meta name=\"twitter:label1\" content=\"Written by\" \/>\n\t<meta name=\"twitter:data1\" content=\"admin\" \/>\n\t<meta name=\"twitter:label2\" content=\"Est. reading time\" \/>\n\t<meta name=\"twitter:data2\" content=\"14 minutes\" \/>\n<script type=\"application\/ld+json\" class=\"yoast-schema-graph\">{\"@context\":\"https:\\\/\\\/schema.org\",\"@graph\":[{\"@type\":\"Article\",\"@id\":\"https:\\\/\\\/fjala.info\\\/2009-2015\\\/komunisti-isa-mustafa-perkulet-edhe-para-monumentit-kushtuar-enver-malokut\\\/#article\",\"isPartOf\":{\"@id\":\"https:\\\/\\\/fjala.info\\\/2009-2015\\\/komunisti-isa-mustafa-perkulet-edhe-para-monumentit-kushtuar-enver-malokut\\\/\"},\"author\":{\"name\":\"admin\",\"@id\":\"https:\\\/\\\/fjala.info\\\/2009-2015\\\/#\\\/schema\\\/person\\\/3aa1163ef05469c496fc94e77611ada2\"},\"headline\":\"KOMUNISTI ISA MUSTAFA P\u00cbRKULET EDHE PARA MONUMENTIT KUSHTUAR ENVER MALOKUT\",\"datePublished\":\"2011-01-19T09:18:23+00:00\",\"mainEntityOfPage\":{\"@id\":\"https:\\\/\\\/fjala.info\\\/2009-2015\\\/komunisti-isa-mustafa-perkulet-edhe-para-monumentit-kushtuar-enver-malokut\\\/\"},\"wordCount\":2759,\"commentCount\":0,\"publisher\":{\"@id\":\"https:\\\/\\\/fjala.info\\\/2009-2015\\\/#organization\"},\"image\":{\"@id\":\"https:\\\/\\\/fjala.info\\\/2009-2015\\\/komunisti-isa-mustafa-perkulet-edhe-para-monumentit-kushtuar-enver-malokut\\\/#primaryimage\"},\"thumbnailUrl\":\"http:\\\/\\\/fjala.shkoder.net\\\/wp-content\\\/uploads\\\/2010\\\/11\\\/shefqet_dibrani1.jpg\",\"articleSection\":[\"Artikuj\"],\"inLanguage\":\"sq-AL\",\"potentialAction\":[{\"@type\":\"CommentAction\",\"name\":\"Comment\",\"target\":[\"https:\\\/\\\/fjala.info\\\/2009-2015\\\/komunisti-isa-mustafa-perkulet-edhe-para-monumentit-kushtuar-enver-malokut\\\/#respond\"]}]},{\"@type\":\"WebPage\",\"@id\":\"https:\\\/\\\/fjala.info\\\/2009-2015\\\/komunisti-isa-mustafa-perkulet-edhe-para-monumentit-kushtuar-enver-malokut\\\/\",\"url\":\"https:\\\/\\\/fjala.info\\\/2009-2015\\\/komunisti-isa-mustafa-perkulet-edhe-para-monumentit-kushtuar-enver-malokut\\\/\",\"name\":\"KOMUNISTI ISA MUSTAFA P\u00cbRKULET EDHE PARA MONUMENTIT KUSHTUAR ENVER MALOKUT - FjALA e LIR\u00cb - Arkivi\",\"isPartOf\":{\"@id\":\"https:\\\/\\\/fjala.info\\\/2009-2015\\\/#website\"},\"primaryImageOfPage\":{\"@id\":\"https:\\\/\\\/fjala.info\\\/2009-2015\\\/komunisti-isa-mustafa-perkulet-edhe-para-monumentit-kushtuar-enver-malokut\\\/#primaryimage\"},\"image\":{\"@id\":\"https:\\\/\\\/fjala.info\\\/2009-2015\\\/komunisti-isa-mustafa-perkulet-edhe-para-monumentit-kushtuar-enver-malokut\\\/#primaryimage\"},\"thumbnailUrl\":\"http:\\\/\\\/fjala.shkoder.net\\\/wp-content\\\/uploads\\\/2010\\\/11\\\/shefqet_dibrani1.jpg\",\"datePublished\":\"2011-01-19T09:18:23+00:00\",\"breadcrumb\":{\"@id\":\"https:\\\/\\\/fjala.info\\\/2009-2015\\\/komunisti-isa-mustafa-perkulet-edhe-para-monumentit-kushtuar-enver-malokut\\\/#breadcrumb\"},\"inLanguage\":\"sq-AL\",\"potentialAction\":[{\"@type\":\"ReadAction\",\"target\":[\"https:\\\/\\\/fjala.info\\\/2009-2015\\\/komunisti-isa-mustafa-perkulet-edhe-para-monumentit-kushtuar-enver-malokut\\\/\"]}]},{\"@type\":\"ImageObject\",\"inLanguage\":\"sq-AL\",\"@id\":\"https:\\\/\\\/fjala.info\\\/2009-2015\\\/komunisti-isa-mustafa-perkulet-edhe-para-monumentit-kushtuar-enver-malokut\\\/#primaryimage\",\"url\":\"http:\\\/\\\/fjala.shkoder.net\\\/wp-content\\\/uploads\\\/2010\\\/11\\\/shefqet_dibrani1.jpg\",\"contentUrl\":\"http:\\\/\\\/fjala.shkoder.net\\\/wp-content\\\/uploads\\\/2010\\\/11\\\/shefqet_dibrani1.jpg\"},{\"@type\":\"BreadcrumbList\",\"@id\":\"https:\\\/\\\/fjala.info\\\/2009-2015\\\/komunisti-isa-mustafa-perkulet-edhe-para-monumentit-kushtuar-enver-malokut\\\/#breadcrumb\",\"itemListElement\":[{\"@type\":\"ListItem\",\"position\":1,\"name\":\"Home\",\"item\":\"https:\\\/\\\/fjala.info\\\/2009-2015\\\/\"},{\"@type\":\"ListItem\",\"position\":2,\"name\":\"KOMUNISTI ISA MUSTAFA P\u00cbRKULET EDHE PARA MONUMENTIT KUSHTUAR ENVER MALOKUT\"}]},{\"@type\":\"WebSite\",\"@id\":\"https:\\\/\\\/fjala.info\\\/2009-2015\\\/#website\",\"url\":\"https:\\\/\\\/fjala.info\\\/2009-2015\\\/\",\"name\":\"FjALA e LIR\u00cb - Arkivi\",\"description\":\"Arkivi 2009-2015\",\"publisher\":{\"@id\":\"https:\\\/\\\/fjala.info\\\/2009-2015\\\/#organization\"},\"potentialAction\":[{\"@type\":\"SearchAction\",\"target\":{\"@type\":\"EntryPoint\",\"urlTemplate\":\"https:\\\/\\\/fjala.info\\\/2009-2015\\\/?s={search_term_string}\"},\"query-input\":{\"@type\":\"PropertyValueSpecification\",\"valueRequired\":true,\"valueName\":\"search_term_string\"}}],\"inLanguage\":\"sq-AL\"},{\"@type\":\"Organization\",\"@id\":\"https:\\\/\\\/fjala.info\\\/2009-2015\\\/#organization\",\"name\":\"FjALA e LIR\u00cb - Arkivi\",\"url\":\"https:\\\/\\\/fjala.info\\\/2009-2015\\\/\",\"logo\":{\"@type\":\"ImageObject\",\"inLanguage\":\"sq-AL\",\"@id\":\"https:\\\/\\\/fjala.info\\\/2009-2015\\\/#\\\/schema\\\/logo\\\/image\\\/\",\"url\":\"\",\"contentUrl\":\"\",\"caption\":\"FjALA e LIR\u00cb - Arkivi\"},\"image\":{\"@id\":\"https:\\\/\\\/fjala.info\\\/2009-2015\\\/#\\\/schema\\\/logo\\\/image\\\/\"}},{\"@type\":\"Person\",\"@id\":\"https:\\\/\\\/fjala.info\\\/2009-2015\\\/#\\\/schema\\\/person\\\/3aa1163ef05469c496fc94e77611ada2\",\"name\":\"admin\",\"image\":{\"@type\":\"ImageObject\",\"inLanguage\":\"sq-AL\",\"@id\":\"https:\\\/\\\/fjala.info\\\/2009-2015\\\/wp-content\\\/uploads\\\/2012\\\/02\\\/arben_cokaj-120x150.jpg\",\"url\":\"https:\\\/\\\/fjala.info\\\/2009-2015\\\/wp-content\\\/uploads\\\/2012\\\/02\\\/arben_cokaj-120x150.jpg\",\"contentUrl\":\"https:\\\/\\\/fjala.info\\\/2009-2015\\\/wp-content\\\/uploads\\\/2012\\\/02\\\/arben_cokaj-120x150.jpg\",\"caption\":\"admin\"},\"description\":\"Admin, Fjala e Lir\u00eb\",\"sameAs\":[\"https:\\\/\\\/fjala.info\\\/\"],\"url\":\"https:\\\/\\\/fjala.info\\\/2009-2015\\\/author\\\/admin\\\/\"}]}<\/script>\n<!-- \/ Yoast SEO plugin. -->","yoast_head_json":{"title":"KOMUNISTI ISA MUSTAFA P\u00cbRKULET EDHE PARA MONUMENTIT KUSHTUAR ENVER MALOKUT - FjALA e LIR\u00cb - Arkivi","robots":{"index":"index","follow":"follow","max-snippet":"max-snippet:-1","max-image-preview":"max-image-preview:large","max-video-preview":"max-video-preview:-1"},"canonical":"https:\/\/fjala.info\/2009-2015\/komunisti-isa-mustafa-perkulet-edhe-para-monumentit-kushtuar-enver-malokut\/","og_locale":"sq_AL","og_type":"article","og_title":"KOMUNISTI ISA MUSTAFA P\u00cbRKULET EDHE PARA MONUMENTIT KUSHTUAR ENVER MALOKUT - FjALA e LIR\u00cb - Arkivi","og_description":"M\u00eb 11 janar n\u00eb Ditarin e mbr\u00ebmjes RTK emitoi nj\u00eb sekuenc\u00eb nga nderimi q\u00eb kryetari i LDK-s\u00eb dr. Isa Mustafa bashk\u00eb me sut\u00ebn e tij vun\u00eb lule te monumenti i Enver Malokut. P\u00ebr njoh\u00ebsit e rrethanave dhe sidomos p\u00ebr familjen ky gjest irritonte se t\u00eb gjith\u00eb njer\u00ebzit normal i kan\u00eb ditur raportet e ngrira t\u00eb [&hellip;]","og_url":"https:\/\/fjala.info\/2009-2015\/komunisti-isa-mustafa-perkulet-edhe-para-monumentit-kushtuar-enver-malokut\/","og_site_name":"FjALA e LIR\u00cb - Arkivi","article_published_time":"2011-01-19T09:18:23+00:00","og_image":[{"url":"http:\/\/fjala.shkoder.net\/wp-content\/uploads\/2010\/11\/shefqet_dibrani1.jpg","type":"","width":"","height":""}],"author":"admin","twitter_card":"summary_large_image","twitter_misc":{"Written by":"admin","Est. reading time":"14 minutes"},"schema":{"@context":"https:\/\/schema.org","@graph":[{"@type":"Article","@id":"https:\/\/fjala.info\/2009-2015\/komunisti-isa-mustafa-perkulet-edhe-para-monumentit-kushtuar-enver-malokut\/#article","isPartOf":{"@id":"https:\/\/fjala.info\/2009-2015\/komunisti-isa-mustafa-perkulet-edhe-para-monumentit-kushtuar-enver-malokut\/"},"author":{"name":"admin","@id":"https:\/\/fjala.info\/2009-2015\/#\/schema\/person\/3aa1163ef05469c496fc94e77611ada2"},"headline":"KOMUNISTI ISA MUSTAFA P\u00cbRKULET EDHE PARA MONUMENTIT KUSHTUAR ENVER MALOKUT","datePublished":"2011-01-19T09:18:23+00:00","mainEntityOfPage":{"@id":"https:\/\/fjala.info\/2009-2015\/komunisti-isa-mustafa-perkulet-edhe-para-monumentit-kushtuar-enver-malokut\/"},"wordCount":2759,"commentCount":0,"publisher":{"@id":"https:\/\/fjala.info\/2009-2015\/#organization"},"image":{"@id":"https:\/\/fjala.info\/2009-2015\/komunisti-isa-mustafa-perkulet-edhe-para-monumentit-kushtuar-enver-malokut\/#primaryimage"},"thumbnailUrl":"http:\/\/fjala.shkoder.net\/wp-content\/uploads\/2010\/11\/shefqet_dibrani1.jpg","articleSection":["Artikuj"],"inLanguage":"sq-AL","potentialAction":[{"@type":"CommentAction","name":"Comment","target":["https:\/\/fjala.info\/2009-2015\/komunisti-isa-mustafa-perkulet-edhe-para-monumentit-kushtuar-enver-malokut\/#respond"]}]},{"@type":"WebPage","@id":"https:\/\/fjala.info\/2009-2015\/komunisti-isa-mustafa-perkulet-edhe-para-monumentit-kushtuar-enver-malokut\/","url":"https:\/\/fjala.info\/2009-2015\/komunisti-isa-mustafa-perkulet-edhe-para-monumentit-kushtuar-enver-malokut\/","name":"KOMUNISTI ISA MUSTAFA P\u00cbRKULET EDHE PARA MONUMENTIT KUSHTUAR ENVER MALOKUT - FjALA e LIR\u00cb - Arkivi","isPartOf":{"@id":"https:\/\/fjala.info\/2009-2015\/#website"},"primaryImageOfPage":{"@id":"https:\/\/fjala.info\/2009-2015\/komunisti-isa-mustafa-perkulet-edhe-para-monumentit-kushtuar-enver-malokut\/#primaryimage"},"image":{"@id":"https:\/\/fjala.info\/2009-2015\/komunisti-isa-mustafa-perkulet-edhe-para-monumentit-kushtuar-enver-malokut\/#primaryimage"},"thumbnailUrl":"http:\/\/fjala.shkoder.net\/wp-content\/uploads\/2010\/11\/shefqet_dibrani1.jpg","datePublished":"2011-01-19T09:18:23+00:00","breadcrumb":{"@id":"https:\/\/fjala.info\/2009-2015\/komunisti-isa-mustafa-perkulet-edhe-para-monumentit-kushtuar-enver-malokut\/#breadcrumb"},"inLanguage":"sq-AL","potentialAction":[{"@type":"ReadAction","target":["https:\/\/fjala.info\/2009-2015\/komunisti-isa-mustafa-perkulet-edhe-para-monumentit-kushtuar-enver-malokut\/"]}]},{"@type":"ImageObject","inLanguage":"sq-AL","@id":"https:\/\/fjala.info\/2009-2015\/komunisti-isa-mustafa-perkulet-edhe-para-monumentit-kushtuar-enver-malokut\/#primaryimage","url":"http:\/\/fjala.shkoder.net\/wp-content\/uploads\/2010\/11\/shefqet_dibrani1.jpg","contentUrl":"http:\/\/fjala.shkoder.net\/wp-content\/uploads\/2010\/11\/shefqet_dibrani1.jpg"},{"@type":"BreadcrumbList","@id":"https:\/\/fjala.info\/2009-2015\/komunisti-isa-mustafa-perkulet-edhe-para-monumentit-kushtuar-enver-malokut\/#breadcrumb","itemListElement":[{"@type":"ListItem","position":1,"name":"Home","item":"https:\/\/fjala.info\/2009-2015\/"},{"@type":"ListItem","position":2,"name":"KOMUNISTI ISA MUSTAFA P\u00cbRKULET EDHE PARA MONUMENTIT KUSHTUAR ENVER MALOKUT"}]},{"@type":"WebSite","@id":"https:\/\/fjala.info\/2009-2015\/#website","url":"https:\/\/fjala.info\/2009-2015\/","name":"FjALA e LIR\u00cb - Arkivi","description":"Arkivi 2009-2015","publisher":{"@id":"https:\/\/fjala.info\/2009-2015\/#organization"},"potentialAction":[{"@type":"SearchAction","target":{"@type":"EntryPoint","urlTemplate":"https:\/\/fjala.info\/2009-2015\/?s={search_term_string}"},"query-input":{"@type":"PropertyValueSpecification","valueRequired":true,"valueName":"search_term_string"}}],"inLanguage":"sq-AL"},{"@type":"Organization","@id":"https:\/\/fjala.info\/2009-2015\/#organization","name":"FjALA e LIR\u00cb - Arkivi","url":"https:\/\/fjala.info\/2009-2015\/","logo":{"@type":"ImageObject","inLanguage":"sq-AL","@id":"https:\/\/fjala.info\/2009-2015\/#\/schema\/logo\/image\/","url":"","contentUrl":"","caption":"FjALA e LIR\u00cb - Arkivi"},"image":{"@id":"https:\/\/fjala.info\/2009-2015\/#\/schema\/logo\/image\/"}},{"@type":"Person","@id":"https:\/\/fjala.info\/2009-2015\/#\/schema\/person\/3aa1163ef05469c496fc94e77611ada2","name":"admin","image":{"@type":"ImageObject","inLanguage":"sq-AL","@id":"https:\/\/fjala.info\/2009-2015\/wp-content\/uploads\/2012\/02\/arben_cokaj-120x150.jpg","url":"https:\/\/fjala.info\/2009-2015\/wp-content\/uploads\/2012\/02\/arben_cokaj-120x150.jpg","contentUrl":"https:\/\/fjala.info\/2009-2015\/wp-content\/uploads\/2012\/02\/arben_cokaj-120x150.jpg","caption":"admin"},"description":"Admin, Fjala e Lir\u00eb","sameAs":["https:\/\/fjala.info\/"],"url":"https:\/\/fjala.info\/2009-2015\/author\/admin\/"}]}},"_links":{"self":[{"href":"https:\/\/fjala.info\/2009-2015\/wp-json\/wp\/v2\/posts\/5701","targetHints":{"allow":["GET"]}}],"collection":[{"href":"https:\/\/fjala.info\/2009-2015\/wp-json\/wp\/v2\/posts"}],"about":[{"href":"https:\/\/fjala.info\/2009-2015\/wp-json\/wp\/v2\/types\/post"}],"author":[{"embeddable":true,"href":"https:\/\/fjala.info\/2009-2015\/wp-json\/wp\/v2\/users\/1"}],"replies":[{"embeddable":true,"href":"https:\/\/fjala.info\/2009-2015\/wp-json\/wp\/v2\/comments?post=5701"}],"version-history":[{"count":0,"href":"https:\/\/fjala.info\/2009-2015\/wp-json\/wp\/v2\/posts\/5701\/revisions"}],"wp:attachment":[{"href":"https:\/\/fjala.info\/2009-2015\/wp-json\/wp\/v2\/media?parent=5701"}],"wp:term":[{"taxonomy":"category","embeddable":true,"href":"https:\/\/fjala.info\/2009-2015\/wp-json\/wp\/v2\/categories?post=5701"},{"taxonomy":"post_tag","embeddable":true,"href":"https:\/\/fjala.info\/2009-2015\/wp-json\/wp\/v2\/tags?post=5701"}],"curies":[{"name":"wp","href":"https:\/\/api.w.org\/{rel}","templated":true}]}}