{"id":5699,"date":"2011-01-17T10:00:27","date_gmt":"2011-01-17T09:00:27","guid":{"rendered":"http:\/\/fjala.shkoder.net\/?p=5699"},"modified":"2011-01-17T10:00:27","modified_gmt":"2011-01-17T09:00:27","slug":"hyne-n-valle-edhe-llacat-roze","status":"publish","type":"post","link":"https:\/\/fjala.info\/2009-2015\/hyne-n-valle-edhe-llacat-roze\/","title":{"rendered":"Hyn\u00eb n\u2019 valle edhe llacat roz\u00eb"},"content":{"rendered":"<p><img decoding=\"async\" class=\"alignright size-full wp-image-4682\" title=\"Bekim Rexhepi\" src=\"http:\/\/fjala.shkoder.net\/wp-content\/uploads\/2010\/11\/bekim_rexhepi.jpg\" alt=\"\" width=\"120\" \/><\/p>\n<p><em>Sigurimet e fshehura t\u00eb partive nuk premtojn\u00eb zhvillim t\u00eb demokracis\u00eb n\u00eb vend. K\u00ebto sigurime m\u00eb shum\u00eb tentojn\u00eb apo edhe duan t\u00eb ruajn\u00eb me \u00e7do kusht pushtete personale t\u00eb bos\u00ebve politik se sa ti zvog\u00eblojn\u00eb ato pushtete n\u00eb t\u00eb mir\u00eb t\u00eb shtetit apo qytetar\u00ebve.<\/em><\/p>\n<p>Shkrua nga <strong>Bekim Rexhepi<\/strong><\/p>\n<p><em><strong>Sigurimi i partive m\u00eb i fort\u00eb se sigurimi i shtetit<\/strong><\/em><\/p>\n<p>E thash edhe si krye titull se hyn\u00eb n\u2019 valle edhe llacat roz\u00eb t\u00eb PS-s\u00eb, n\u00eb nj\u00eb sigurim t\u00eb fsheht\u00eb q\u00eb tashme po qart\u00ebsohet dita dit\u00ebs se \u00ebsht\u00eb brenda k\u00ebsaj partie. Ky sigurim u orvat t\u2019ia ngjet me di\u00e7ka diku Berish\u00ebs, po e pati t\u00eb kot me gjith\u00eb ato prova t\u00eb shumta dhe t\u00eb paskrupullta q\u00eb b\u00ebri, mbase duke u lodh\u00eb kot me Berish\u00ebn apo me PD-n\u00eb, e harxhuan nj\u00eb arsenal t\u00eb kushtuesh\u00ebm dhe n\u00eb fund dol\u00ebn pa b\u00eb gj\u00eb. Tani p\u00ebr t\u00eb mos u ndal ata u vun\u00eb n\u00eb sh\u00ebnjest\u00ebr LSI-n\u00eb dhe ku ma, ato shigjetat i drejtojn\u00eb kah Ilir Meta. Po si mund t\u00eb vinin deri tek Meta, mbase u desht\u00eb shum\u00eb mund dhe koh\u00eb p\u00ebr t\u00eb b\u00ebr\u00eb nj\u00eb skenar qe t\u00eb arrijn\u00eb deri te z\u00ebvend\u00ebskryeministri i Shqip\u00ebris\u00eb. <\/p>\n<p>U b\u00eb nj\u00eb plan me nj\u00eb skenar n\u00ebn sigl\u00ebn e sigurimit t\u00eb fsheht\u00eb t\u00eb PS-s\u00eb. Si dhe p\u00ebrmes fuxit, q\u00eb ndryshe ia thon\u00eb Dritan Prifti, ky u provua, nga kur e zgjodhi mes besnik\u00ebris\u00eb, shoq\u00ebris\u00eb, bindjeve politike, e mbi gjitha prap\u00eb vet zgjodhi t\u00eb b\u00ebhet armik i t\u00eb gjithave dhe i LSI-s\u00eb s\u00eb fundmi, duke kryer veprimtari spiunazhi kund\u00ebr liderit t\u00eb tij, madje duke nxjerr\u00eb n\u00eb opinion incizime t\u00eb paligjshme, duke e shpalosur n\u00eb nj\u00eb m\u00ebnyr\u00eb tjet\u00ebr manipulues realitetin dhe duke prodhuar nj\u00eb gjendje shp\u00ebrdoruese m\u00eb t\u00eb vetmin q\u00ebllim p\u00ebr t\u00eb dhunuar shtetin, p\u00ebrmes akteve t\u00eb nj\u00eb mafie recidive. Nd\u00ebrsa ky Dritan Prifti u err\u00ebsua nga mallkimi i vet \u201cpriftor\u201d, q\u00eb nuk arriti t\u00eb q\u00ebndroi dot n\u00eb besnik\u00ebri t\u00eb parimeve, ideve dhe t\u00eb \u00e7\u00ebshtjeve t\u00eb tjera n\u00eb sh\u00ebrbimit t\u00eb detyr\u00ebs, u b\u00eb mash\u00eb imoral e loj\u00ebs se panterit pink, duke nxjerr\u00eb nj\u00eb video t\u00eb incizuar fshehurazi dhe m\u00eb pas duke e manipuluar at\u00eb sipas dhe vet\u00ebm me skenar t\u2019Ram\u00ebs, p\u00ebr t\u00eb lin\u00e7uar Met\u00ebn dhe p\u00ebr t\u00eb shantazhuar koalicionin qeveris\u00ebs.<\/p>\n<p>I gjith\u00eb ky konflikt q\u00eb kinse b\u00ebhet rreth nj\u00eb ministrie qe ka nj\u00eb ser\u00eb n\u00ebn fushash n\u00eb aksin ekonomik dhe k\u00ebtu pam\u00ebdyshje dihet se ka munguar prej kohesh nj\u00eb debat i fuqish\u00ebm dhe se t\u00eb \u00e7alat nuk i shp\u00ebtojn\u00eb dot mund\u00ebsive dhe gafave politike p\u00ebr shkak t\u00eb mos influenc\u00ebs profesioniste. Kjo nuk i ndodh\u00eb vet\u00ebm Shqip\u00ebris\u00eb ka edhe vende t\u00eb tjera.<\/p>\n<p>Duket se Fuxi i gaf\u00ebs me emrin Dritan Prifti do t\u00eb kujtohet p\u00ebr shembullin e dhan\u00eb, nga e para, se si p\u00ebrpiqet me e ndreq raportin e keq me Ramen, dihet q\u00eb p\u00ebr t\u00eb cilin ka b\u00eb akuzat t\u00eb r\u00ebnda se \u00ebsht\u00eb i droguar dhe var\u00ebses i saj. E dyta, \u00ebsht\u00eb qe ta sulmoj Met\u00ebn dhe Berishen p\u00ebr hesap t\u00eb Ram\u00ebs dhe qe te kthehet aty ku ishte m\u00eb her\u00ebt, por duke u kthy pak me i rehatsh\u00ebm. E gjith\u00eb kjo fuxin e ban\u00eb me gjahu edhe n\u00eb ndonj\u00eb rast tjet\u00ebr, por jo n\u00eb k\u00ebt\u00eb r\u00ebng\u00eb si\u00e7 e b\u00ebri me Meten, i cili i kishte besuar aq k\u00ebti dinaku dhe n\u00eb dit\u00ebn q\u00eb s\u2019pritej ju kthye pabesia, tradhtia, spiunimi nga shoku i tij.<\/p>\n<p>T\u00eb gjitha k\u00ebto u b\u00ebn\u00eb p\u00ebr t\u00eb marr\u00eb peng shtetin, t\u00eb ardhmen e k\u00ebti vendi, jo me metoda demokratike por me dhun\u00eb dhe mostra mashtrimi e p\u00ebrgjimi nga D.Prifti, F. \u00c7akuli, ky i fundit nj\u00eb bimbo i v\u00ebrtet\u00eb, nj\u00eb matuf prej dinak\u00ebrie, qe prej kohesh orvatet ti sh\u00ebrbej me kujdes kryemafiozit recidiv Edvin Kristaq Rama. Kryemafiozit recidiv Edvin Kristaq Rama g\u00ebnjeu m\u00eb her\u00ebt ne mediat nd\u00ebrkomb\u00ebtare se presidentit Bush iu vodh ora nga shqiptaret e tij t\u00eb dashur. Kjo e zez\u00eb i p\u00ebrpiu t\u00eb gjitha mediat nd\u00ebrkomb\u00ebtare, por e nxiu edhe fytyr\u00ebn e shqiptar\u00ebve. Thon\u00eb \u00e7ka ta ban\u00eb i yti s\u2019ta ban\u00eb as i huaji. P\u00ebr t\u00eb mos shkuar larg nj\u00ebfar\u00eb Filip \u00c7akul-bimbo, po k\u00ebshtu si\u00e7 e b\u00ebri Dritan Prifti e kishte montuar edhe nj\u00eb tjet\u00ebr video t\u00eb till\u00eb tek ministria e kultur\u00ebs dhe turizmit n\u00ebn udh\u00ebheqjen e Ylli Pangos, ish minist\u00ebr i vendit.<\/p>\n<p>Pra, nuk mund t\u00eb lejohet qe k\u00ebshtu t\u00eb p\u00ebrgjohen ministrit e shtetit nga sigurimet private apo t\u00eb partive si\u00e7 po ndodh\u00eb aktualisht me sigurimin e fsheht\u00eb t\u00eb PS-s\u00eb. Ky bimbo &#8211; \u00c7akuli, e bashk\u00ebpun\u00ebtori i tij i quajtur Mero Baze dhe shum\u00eb t\u00eb tjer\u00eb kan\u00eb hapur si duket goxha sigurime qe po ndihmojn\u00eb Ramen. N\u00eb hall\u00eb \u00ebsht\u00eb Rama i xhor\u00eb.<\/p>\n<p>Sigurimet e fshehura t\u00eb partive nuk premtojn\u00eb zhvillim t\u00eb demokracis\u00eb n\u00eb vend. K\u00ebto sigurime m\u00eb shum\u00eb tentojn\u00eb apo edhe duan t\u00eb ruajn\u00eb me \u00e7do kusht pushtete personale t\u00eb bos\u00ebve politik se sa ti zvog\u00eblojn\u00eb ato pushtete n\u00eb t\u00eb mir\u00eb t\u00eb shtetit apo qytetar\u00ebve. Madje politika sikur p\u00ebrfundimisht po ndikohet nga k\u00ebto struktura t\u00eb sigurimit t\u00eb instaluar brenda partive tona.<\/p>\n<p>Edhe n\u00eb Kosov\u00eb deri tani kemi pasur disa sigurime te brendshme partiake qe akoma nuk jan\u00eb shuar p\u00ebr interesa te brendshme partiake dhe jo t\u00eb shtetit. Ta marrim se PDK \u2013ja ka si sigurim t\u00eb saj t\u00eb quajtur\u00ebn SHIK-u, nd\u00ebrsa tjetra parti LDK-\u00eb deri m\u00eb tani ka pasur si sigurim t\u00eb saj t\u00eb ashtuquajtur\u00ebn Sigurimi i Atdheut. Edhe SHIK-u edhe Sigurimi i Atdheut m\u00eb shum\u00eb kan\u00eb punuar p\u00ebr interesa t\u00eb partive, se sa qe kan\u00eb punuar p\u00ebr interesa t\u00eb shtetit dhe sa p\u00ebr sqarim qytetar ma shum\u00eb k\u00ebto sigurime e kan\u00eb d\u00ebmtua interesin e p\u00ebrgjithsh\u00ebm duke krijuar edhe imazhet m\u00eb t\u00eb d\u00ebmshme p\u00ebr kombin&#8230;<\/p>\n","protected":false},"excerpt":{"rendered":"<p>Sigurimet e fshehura t\u00eb partive nuk premtojn\u00eb zhvillim t\u00eb demokracis\u00eb n\u00eb vend. K\u00ebto sigurime m\u00eb shum\u00eb tentojn\u00eb apo edhe duan t\u00eb ruajn\u00eb me \u00e7do kusht pushtete personale t\u00eb bos\u00ebve politik se sa ti zvog\u00eblojn\u00eb ato pushtete n\u00eb t\u00eb mir\u00eb t\u00eb shtetit apo qytetar\u00ebve. Shkrua nga Bekim Rexhepi Sigurimi i partive m\u00eb i fort\u00eb se sigurimi [&hellip;]<\/p>\n","protected":false},"author":1,"featured_media":0,"comment_status":"open","ping_status":"closed","sticky":false,"template":"","format":"standard","meta":{"footnotes":""},"categories":[2],"tags":[],"class_list":{"0":"post-5699","1":"post","2":"type-post","3":"status-publish","4":"format-standard","6":"category-artikuj"},"yoast_head":"<!-- This site is optimized with the Yoast SEO plugin v27.4 - https:\/\/yoast.com\/product\/yoast-seo-wordpress\/ -->\n<title>Hyn\u00eb n\u2019 valle edhe llacat roz\u00eb - FjALA e LIR\u00cb - Arkivi<\/title>\n<meta name=\"robots\" content=\"index, follow, max-snippet:-1, max-image-preview:large, max-video-preview:-1\" \/>\n<link rel=\"canonical\" href=\"https:\/\/fjala.info\/2009-2015\/hyne-n-valle-edhe-llacat-roze\/\" \/>\n<meta property=\"og:locale\" content=\"sq_AL\" \/>\n<meta property=\"og:type\" content=\"article\" \/>\n<meta property=\"og:title\" content=\"Hyn\u00eb n\u2019 valle edhe llacat roz\u00eb - FjALA e LIR\u00cb - Arkivi\" \/>\n<meta property=\"og:description\" content=\"Sigurimet e fshehura t\u00eb partive nuk premtojn\u00eb zhvillim t\u00eb demokracis\u00eb n\u00eb vend. K\u00ebto sigurime m\u00eb shum\u00eb tentojn\u00eb apo edhe duan t\u00eb ruajn\u00eb me \u00e7do kusht pushtete personale t\u00eb bos\u00ebve politik se sa ti zvog\u00eblojn\u00eb ato pushtete n\u00eb t\u00eb mir\u00eb t\u00eb shtetit apo qytetar\u00ebve. Shkrua nga Bekim Rexhepi Sigurimi i partive m\u00eb i fort\u00eb se sigurimi [&hellip;]\" \/>\n<meta property=\"og:url\" content=\"https:\/\/fjala.info\/2009-2015\/hyne-n-valle-edhe-llacat-roze\/\" \/>\n<meta property=\"og:site_name\" content=\"FjALA e LIR\u00cb - Arkivi\" \/>\n<meta property=\"article:published_time\" content=\"2011-01-17T09:00:27+00:00\" \/>\n<meta property=\"og:image\" content=\"http:\/\/fjala.shkoder.net\/wp-content\/uploads\/2010\/11\/bekim_rexhepi.jpg\" \/>\n<meta name=\"author\" content=\"admin\" \/>\n<meta name=\"twitter:card\" content=\"summary_large_image\" \/>\n<meta name=\"twitter:label1\" content=\"Written by\" \/>\n\t<meta name=\"twitter:data1\" content=\"admin\" \/>\n\t<meta name=\"twitter:label2\" content=\"Est. reading time\" \/>\n\t<meta name=\"twitter:data2\" content=\"5 minutes\" \/>\n<script type=\"application\/ld+json\" class=\"yoast-schema-graph\">{\"@context\":\"https:\\\/\\\/schema.org\",\"@graph\":[{\"@type\":\"Article\",\"@id\":\"https:\\\/\\\/fjala.info\\\/2009-2015\\\/hyne-n-valle-edhe-llacat-roze\\\/#article\",\"isPartOf\":{\"@id\":\"https:\\\/\\\/fjala.info\\\/2009-2015\\\/hyne-n-valle-edhe-llacat-roze\\\/\"},\"author\":{\"name\":\"admin\",\"@id\":\"https:\\\/\\\/fjala.info\\\/2009-2015\\\/#\\\/schema\\\/person\\\/3aa1163ef05469c496fc94e77611ada2\"},\"headline\":\"Hyn\u00eb n\u2019 valle edhe llacat roz\u00eb\",\"datePublished\":\"2011-01-17T09:00:27+00:00\",\"mainEntityOfPage\":{\"@id\":\"https:\\\/\\\/fjala.info\\\/2009-2015\\\/hyne-n-valle-edhe-llacat-roze\\\/\"},\"wordCount\":1043,\"commentCount\":0,\"publisher\":{\"@id\":\"https:\\\/\\\/fjala.info\\\/2009-2015\\\/#organization\"},\"image\":{\"@id\":\"https:\\\/\\\/fjala.info\\\/2009-2015\\\/hyne-n-valle-edhe-llacat-roze\\\/#primaryimage\"},\"thumbnailUrl\":\"http:\\\/\\\/fjala.shkoder.net\\\/wp-content\\\/uploads\\\/2010\\\/11\\\/bekim_rexhepi.jpg\",\"articleSection\":[\"Artikuj\"],\"inLanguage\":\"sq-AL\",\"potentialAction\":[{\"@type\":\"CommentAction\",\"name\":\"Comment\",\"target\":[\"https:\\\/\\\/fjala.info\\\/2009-2015\\\/hyne-n-valle-edhe-llacat-roze\\\/#respond\"]}]},{\"@type\":\"WebPage\",\"@id\":\"https:\\\/\\\/fjala.info\\\/2009-2015\\\/hyne-n-valle-edhe-llacat-roze\\\/\",\"url\":\"https:\\\/\\\/fjala.info\\\/2009-2015\\\/hyne-n-valle-edhe-llacat-roze\\\/\",\"name\":\"Hyn\u00eb n\u2019 valle edhe llacat roz\u00eb - FjALA e LIR\u00cb - Arkivi\",\"isPartOf\":{\"@id\":\"https:\\\/\\\/fjala.info\\\/2009-2015\\\/#website\"},\"primaryImageOfPage\":{\"@id\":\"https:\\\/\\\/fjala.info\\\/2009-2015\\\/hyne-n-valle-edhe-llacat-roze\\\/#primaryimage\"},\"image\":{\"@id\":\"https:\\\/\\\/fjala.info\\\/2009-2015\\\/hyne-n-valle-edhe-llacat-roze\\\/#primaryimage\"},\"thumbnailUrl\":\"http:\\\/\\\/fjala.shkoder.net\\\/wp-content\\\/uploads\\\/2010\\\/11\\\/bekim_rexhepi.jpg\",\"datePublished\":\"2011-01-17T09:00:27+00:00\",\"breadcrumb\":{\"@id\":\"https:\\\/\\\/fjala.info\\\/2009-2015\\\/hyne-n-valle-edhe-llacat-roze\\\/#breadcrumb\"},\"inLanguage\":\"sq-AL\",\"potentialAction\":[{\"@type\":\"ReadAction\",\"target\":[\"https:\\\/\\\/fjala.info\\\/2009-2015\\\/hyne-n-valle-edhe-llacat-roze\\\/\"]}]},{\"@type\":\"ImageObject\",\"inLanguage\":\"sq-AL\",\"@id\":\"https:\\\/\\\/fjala.info\\\/2009-2015\\\/hyne-n-valle-edhe-llacat-roze\\\/#primaryimage\",\"url\":\"http:\\\/\\\/fjala.shkoder.net\\\/wp-content\\\/uploads\\\/2010\\\/11\\\/bekim_rexhepi.jpg\",\"contentUrl\":\"http:\\\/\\\/fjala.shkoder.net\\\/wp-content\\\/uploads\\\/2010\\\/11\\\/bekim_rexhepi.jpg\"},{\"@type\":\"BreadcrumbList\",\"@id\":\"https:\\\/\\\/fjala.info\\\/2009-2015\\\/hyne-n-valle-edhe-llacat-roze\\\/#breadcrumb\",\"itemListElement\":[{\"@type\":\"ListItem\",\"position\":1,\"name\":\"Home\",\"item\":\"https:\\\/\\\/fjala.info\\\/2009-2015\\\/\"},{\"@type\":\"ListItem\",\"position\":2,\"name\":\"Hyn\u00eb n\u2019 valle edhe llacat roz\u00eb\"}]},{\"@type\":\"WebSite\",\"@id\":\"https:\\\/\\\/fjala.info\\\/2009-2015\\\/#website\",\"url\":\"https:\\\/\\\/fjala.info\\\/2009-2015\\\/\",\"name\":\"FjALA e LIR\u00cb - Arkivi\",\"description\":\"Arkivi 2009-2015\",\"publisher\":{\"@id\":\"https:\\\/\\\/fjala.info\\\/2009-2015\\\/#organization\"},\"potentialAction\":[{\"@type\":\"SearchAction\",\"target\":{\"@type\":\"EntryPoint\",\"urlTemplate\":\"https:\\\/\\\/fjala.info\\\/2009-2015\\\/?s={search_term_string}\"},\"query-input\":{\"@type\":\"PropertyValueSpecification\",\"valueRequired\":true,\"valueName\":\"search_term_string\"}}],\"inLanguage\":\"sq-AL\"},{\"@type\":\"Organization\",\"@id\":\"https:\\\/\\\/fjala.info\\\/2009-2015\\\/#organization\",\"name\":\"FjALA e LIR\u00cb - Arkivi\",\"url\":\"https:\\\/\\\/fjala.info\\\/2009-2015\\\/\",\"logo\":{\"@type\":\"ImageObject\",\"inLanguage\":\"sq-AL\",\"@id\":\"https:\\\/\\\/fjala.info\\\/2009-2015\\\/#\\\/schema\\\/logo\\\/image\\\/\",\"url\":\"\",\"contentUrl\":\"\",\"caption\":\"FjALA e LIR\u00cb - Arkivi\"},\"image\":{\"@id\":\"https:\\\/\\\/fjala.info\\\/2009-2015\\\/#\\\/schema\\\/logo\\\/image\\\/\"}},{\"@type\":\"Person\",\"@id\":\"https:\\\/\\\/fjala.info\\\/2009-2015\\\/#\\\/schema\\\/person\\\/3aa1163ef05469c496fc94e77611ada2\",\"name\":\"admin\",\"image\":{\"@type\":\"ImageObject\",\"inLanguage\":\"sq-AL\",\"@id\":\"https:\\\/\\\/fjala.info\\\/2009-2015\\\/wp-content\\\/uploads\\\/2012\\\/02\\\/arben_cokaj-120x150.jpg\",\"url\":\"https:\\\/\\\/fjala.info\\\/2009-2015\\\/wp-content\\\/uploads\\\/2012\\\/02\\\/arben_cokaj-120x150.jpg\",\"contentUrl\":\"https:\\\/\\\/fjala.info\\\/2009-2015\\\/wp-content\\\/uploads\\\/2012\\\/02\\\/arben_cokaj-120x150.jpg\",\"caption\":\"admin\"},\"description\":\"Admin, Fjala e Lir\u00eb\",\"sameAs\":[\"https:\\\/\\\/fjala.info\\\/\"],\"url\":\"https:\\\/\\\/fjala.info\\\/2009-2015\\\/author\\\/admin\\\/\"}]}<\/script>\n<!-- \/ Yoast SEO plugin. -->","yoast_head_json":{"title":"Hyn\u00eb n\u2019 valle edhe llacat roz\u00eb - FjALA e LIR\u00cb - Arkivi","robots":{"index":"index","follow":"follow","max-snippet":"max-snippet:-1","max-image-preview":"max-image-preview:large","max-video-preview":"max-video-preview:-1"},"canonical":"https:\/\/fjala.info\/2009-2015\/hyne-n-valle-edhe-llacat-roze\/","og_locale":"sq_AL","og_type":"article","og_title":"Hyn\u00eb n\u2019 valle edhe llacat roz\u00eb - FjALA e LIR\u00cb - Arkivi","og_description":"Sigurimet e fshehura t\u00eb partive nuk premtojn\u00eb zhvillim t\u00eb demokracis\u00eb n\u00eb vend. K\u00ebto sigurime m\u00eb shum\u00eb tentojn\u00eb apo edhe duan t\u00eb ruajn\u00eb me \u00e7do kusht pushtete personale t\u00eb bos\u00ebve politik se sa ti zvog\u00eblojn\u00eb ato pushtete n\u00eb t\u00eb mir\u00eb t\u00eb shtetit apo qytetar\u00ebve. Shkrua nga Bekim Rexhepi Sigurimi i partive m\u00eb i fort\u00eb se sigurimi [&hellip;]","og_url":"https:\/\/fjala.info\/2009-2015\/hyne-n-valle-edhe-llacat-roze\/","og_site_name":"FjALA e LIR\u00cb - Arkivi","article_published_time":"2011-01-17T09:00:27+00:00","og_image":[{"url":"http:\/\/fjala.shkoder.net\/wp-content\/uploads\/2010\/11\/bekim_rexhepi.jpg","type":"","width":"","height":""}],"author":"admin","twitter_card":"summary_large_image","twitter_misc":{"Written by":"admin","Est. reading time":"5 minutes"},"schema":{"@context":"https:\/\/schema.org","@graph":[{"@type":"Article","@id":"https:\/\/fjala.info\/2009-2015\/hyne-n-valle-edhe-llacat-roze\/#article","isPartOf":{"@id":"https:\/\/fjala.info\/2009-2015\/hyne-n-valle-edhe-llacat-roze\/"},"author":{"name":"admin","@id":"https:\/\/fjala.info\/2009-2015\/#\/schema\/person\/3aa1163ef05469c496fc94e77611ada2"},"headline":"Hyn\u00eb n\u2019 valle edhe llacat roz\u00eb","datePublished":"2011-01-17T09:00:27+00:00","mainEntityOfPage":{"@id":"https:\/\/fjala.info\/2009-2015\/hyne-n-valle-edhe-llacat-roze\/"},"wordCount":1043,"commentCount":0,"publisher":{"@id":"https:\/\/fjala.info\/2009-2015\/#organization"},"image":{"@id":"https:\/\/fjala.info\/2009-2015\/hyne-n-valle-edhe-llacat-roze\/#primaryimage"},"thumbnailUrl":"http:\/\/fjala.shkoder.net\/wp-content\/uploads\/2010\/11\/bekim_rexhepi.jpg","articleSection":["Artikuj"],"inLanguage":"sq-AL","potentialAction":[{"@type":"CommentAction","name":"Comment","target":["https:\/\/fjala.info\/2009-2015\/hyne-n-valle-edhe-llacat-roze\/#respond"]}]},{"@type":"WebPage","@id":"https:\/\/fjala.info\/2009-2015\/hyne-n-valle-edhe-llacat-roze\/","url":"https:\/\/fjala.info\/2009-2015\/hyne-n-valle-edhe-llacat-roze\/","name":"Hyn\u00eb n\u2019 valle edhe llacat roz\u00eb - FjALA e LIR\u00cb - Arkivi","isPartOf":{"@id":"https:\/\/fjala.info\/2009-2015\/#website"},"primaryImageOfPage":{"@id":"https:\/\/fjala.info\/2009-2015\/hyne-n-valle-edhe-llacat-roze\/#primaryimage"},"image":{"@id":"https:\/\/fjala.info\/2009-2015\/hyne-n-valle-edhe-llacat-roze\/#primaryimage"},"thumbnailUrl":"http:\/\/fjala.shkoder.net\/wp-content\/uploads\/2010\/11\/bekim_rexhepi.jpg","datePublished":"2011-01-17T09:00:27+00:00","breadcrumb":{"@id":"https:\/\/fjala.info\/2009-2015\/hyne-n-valle-edhe-llacat-roze\/#breadcrumb"},"inLanguage":"sq-AL","potentialAction":[{"@type":"ReadAction","target":["https:\/\/fjala.info\/2009-2015\/hyne-n-valle-edhe-llacat-roze\/"]}]},{"@type":"ImageObject","inLanguage":"sq-AL","@id":"https:\/\/fjala.info\/2009-2015\/hyne-n-valle-edhe-llacat-roze\/#primaryimage","url":"http:\/\/fjala.shkoder.net\/wp-content\/uploads\/2010\/11\/bekim_rexhepi.jpg","contentUrl":"http:\/\/fjala.shkoder.net\/wp-content\/uploads\/2010\/11\/bekim_rexhepi.jpg"},{"@type":"BreadcrumbList","@id":"https:\/\/fjala.info\/2009-2015\/hyne-n-valle-edhe-llacat-roze\/#breadcrumb","itemListElement":[{"@type":"ListItem","position":1,"name":"Home","item":"https:\/\/fjala.info\/2009-2015\/"},{"@type":"ListItem","position":2,"name":"Hyn\u00eb n\u2019 valle edhe llacat roz\u00eb"}]},{"@type":"WebSite","@id":"https:\/\/fjala.info\/2009-2015\/#website","url":"https:\/\/fjala.info\/2009-2015\/","name":"FjALA e LIR\u00cb - Arkivi","description":"Arkivi 2009-2015","publisher":{"@id":"https:\/\/fjala.info\/2009-2015\/#organization"},"potentialAction":[{"@type":"SearchAction","target":{"@type":"EntryPoint","urlTemplate":"https:\/\/fjala.info\/2009-2015\/?s={search_term_string}"},"query-input":{"@type":"PropertyValueSpecification","valueRequired":true,"valueName":"search_term_string"}}],"inLanguage":"sq-AL"},{"@type":"Organization","@id":"https:\/\/fjala.info\/2009-2015\/#organization","name":"FjALA e LIR\u00cb - Arkivi","url":"https:\/\/fjala.info\/2009-2015\/","logo":{"@type":"ImageObject","inLanguage":"sq-AL","@id":"https:\/\/fjala.info\/2009-2015\/#\/schema\/logo\/image\/","url":"","contentUrl":"","caption":"FjALA e LIR\u00cb - Arkivi"},"image":{"@id":"https:\/\/fjala.info\/2009-2015\/#\/schema\/logo\/image\/"}},{"@type":"Person","@id":"https:\/\/fjala.info\/2009-2015\/#\/schema\/person\/3aa1163ef05469c496fc94e77611ada2","name":"admin","image":{"@type":"ImageObject","inLanguage":"sq-AL","@id":"https:\/\/fjala.info\/2009-2015\/wp-content\/uploads\/2012\/02\/arben_cokaj-120x150.jpg","url":"https:\/\/fjala.info\/2009-2015\/wp-content\/uploads\/2012\/02\/arben_cokaj-120x150.jpg","contentUrl":"https:\/\/fjala.info\/2009-2015\/wp-content\/uploads\/2012\/02\/arben_cokaj-120x150.jpg","caption":"admin"},"description":"Admin, Fjala e Lir\u00eb","sameAs":["https:\/\/fjala.info\/"],"url":"https:\/\/fjala.info\/2009-2015\/author\/admin\/"}]}},"_links":{"self":[{"href":"https:\/\/fjala.info\/2009-2015\/wp-json\/wp\/v2\/posts\/5699","targetHints":{"allow":["GET"]}}],"collection":[{"href":"https:\/\/fjala.info\/2009-2015\/wp-json\/wp\/v2\/posts"}],"about":[{"href":"https:\/\/fjala.info\/2009-2015\/wp-json\/wp\/v2\/types\/post"}],"author":[{"embeddable":true,"href":"https:\/\/fjala.info\/2009-2015\/wp-json\/wp\/v2\/users\/1"}],"replies":[{"embeddable":true,"href":"https:\/\/fjala.info\/2009-2015\/wp-json\/wp\/v2\/comments?post=5699"}],"version-history":[{"count":0,"href":"https:\/\/fjala.info\/2009-2015\/wp-json\/wp\/v2\/posts\/5699\/revisions"}],"wp:attachment":[{"href":"https:\/\/fjala.info\/2009-2015\/wp-json\/wp\/v2\/media?parent=5699"}],"wp:term":[{"taxonomy":"category","embeddable":true,"href":"https:\/\/fjala.info\/2009-2015\/wp-json\/wp\/v2\/categories?post=5699"},{"taxonomy":"post_tag","embeddable":true,"href":"https:\/\/fjala.info\/2009-2015\/wp-json\/wp\/v2\/tags?post=5699"}],"curies":[{"name":"wp","href":"https:\/\/api.w.org\/{rel}","templated":true}]}}