{"id":5690,"date":"2011-01-18T23:03:16","date_gmt":"2011-01-18T22:03:16","guid":{"rendered":"http:\/\/fjala.shkoder.net\/?p=5690"},"modified":"2011-01-18T23:03:16","modified_gmt":"2011-01-18T22:03:16","slug":"pse-pd-nuk-mbrojti-dot-berishen-ne-kuvend","status":"publish","type":"post","link":"https:\/\/fjala.info\/2009-2015\/pse-pd-nuk-mbrojti-dot-berishen-ne-kuvend\/","title":{"rendered":"Pse PD nuk mbrojti dot Berish\u00ebn n\u00eb Kuvend?"},"content":{"rendered":"<p><img loading=\"lazy\" decoding=\"async\" class=\"alignright size-full wp-image-4090\" title=\"Mero Baze\" src=\"http:\/\/fjala.shkoder.net\/wp-content\/uploads\/2010\/10\/mero_baze1.jpg\" alt=\"\" width=\"149\" height=\"200\" \/><br \/>\nNga <strong>Mero Baze<\/strong><\/p>\n<p>Fotografia e seanc\u00ebs s\u00eb dit\u00ebs s\u00eb h\u00ebn\u00eb, mes t\u00eb tjerash \u00ebsht\u00eb dhe nj\u00eb fotografi origjinale p\u00ebr raportet mes Sali Berish\u00ebs dhe partis\u00eb s\u00eb tij. \u00c7do lider n\u00eb bot\u00eb, q\u00eb i bie fati i keq t\u00eb jet\u00eb n\u00eb at\u00eb pozicion, q\u00eb ishte ai t\u00eb h\u00ebn\u00ebn n\u00eb mbr\u00ebmje para publikut shqiptar n\u00eb sall\u00ebn e Kuvendit, i llogarit mir\u00eb jo vet\u00ebm gjestet dhe fjalimet, por dhe raportet e tij me bashk\u00ebpun\u00ebtor\u00ebt dhe shp\u00ebrndarjen e pesh\u00ebs s\u00eb p\u00ebrgjegj\u00ebsis\u00eb s\u00eb betej\u00ebs tek t\u00eb gjith\u00eb. Por fotografia e asaj seance deshifronte qart\u00eb shkret\u00ebtir\u00ebn dhe hipokrizin\u00eb, q\u00eb ai ka prodhuar me politik\u00ebn e tij personale n\u00eb PD.<\/p>\n<p>N\u00eb momentin m\u00eb t\u00eb v\u00ebshtir\u00eb, m\u00eb degradues p\u00ebr t\u00eb, kur dhe fyerjet dhe sharjet i mbaruan, nj\u00eb sms e familjes n\u00eb celularin e Lul\u00ebzim Bash\u00ebs mjaftoi q\u00eb ai t\u00eb nd\u00ebrpriste t\u00eb vjellat e tij kund\u00ebr opozit\u00ebs. U qet\u00ebsua befas, lejoi Bash\u00ebn t\u00eb komunikonte me Topallin dhe t\u00eb mbyllej seanca. Ishte n\u00eb t\u00eb v\u00ebrtet gj\u00ebja e duhur q\u00eb duhet t\u00eb b\u00ebnte minuta m\u00eb par\u00eb, por q\u00eb askush nuk po guxonte t\u2019ia thoshte. N\u00eb krahun e tij t\u00eb djatht\u00eb rrinte Genc Pollo, me dy duar para fytyr\u00ebs p\u00ebr t\u00eb mbuluar k\u00ebnaq\u00ebsin\u00eb q\u00eb i prodhonte degradimi i armikut t\u00eb tij t\u00eb heshtur, tashm\u00eb shef i tij.<\/p>\n<p>Nga ana tjet\u00ebr Ridvan Bode, q\u00eb her\u00eb pas here ngrihej e dilte jasht\u00eb me fytyr\u00ebn e tij t\u00eb vrerosur, q\u00eb dukej sikur ia parandjente zemra, q\u00eb kjo seanc\u00eb po i shkurtonte dit\u00ebt e pazareve t\u00eb tij. Gjakftoht\u00eb dhe i palexuesh\u00ebm rrinte Arben Imami, njeriu q\u00eb ka guxuar t\u00eb marr\u00eb arm\u00ebt kund\u00ebr tij. Nervoze ishte Majlinda Bregu p\u00ebr shkak t\u00eb batutave erotike t\u00eb disa djemve t\u00eb opozit\u00ebs, por dhe ajo nuk kish lidhje me fjalimin e Berish\u00ebs, por me hallet e veta.<\/p>\n<p>Ngjitur me Berish\u00ebn rrinte Lul\u00ebzim Basha, i ngrir\u00eb, pa nerva dhe gjak, me sy t\u00eb zgurdulluar p\u00ebrfund sall\u00ebs, ku piskamat e plagosura t\u00eb Ilir Met\u00ebs ishin p\u00ebrgjigjet e vetme ndaj sjelljeve t\u00eb ashpra t\u00eb opozit\u00ebs. Edhe pse vet\u00ebm 20 centimetra larg Sali Berish\u00ebs, Basha nuk guxoi asnj\u00ebher\u00eb ta ndalte apo t\u2019i b\u00ebnte ndonj\u00eb gjest q\u00eb t\u2019i krijonte iden\u00eb se po i turp\u00ebronte t\u00eb gjith\u00eb. Vet\u00ebm kur Familja i nisi sms q\u00eb t\u00eb ndalte \u00e7burr\u00ebrimin e m\u00ebtejsh\u00ebm t\u00eb Sali Berish\u00ebs, ai veproi menj\u00ebher\u00eb.<\/p>\n<p>T\u00eb gjith\u00eb ne q\u00eb i njohim k\u00ebto 20 vjet ata personazhe e dim\u00eb mir\u00eb se \u00e7far\u00eb mendojn\u00eb n\u00eb ato momente. P\u00ebrve\u00e7 Jozefina Topallit q\u00eb e ka t\u00eb ndaluar t\u00eb mendoj\u00eb, por vet\u00ebm t\u00eb ndjej\u00eb politikisht p\u00ebr Sali Berish\u00ebn, t\u00eb tjer\u00ebt ishin t\u00eb ftoht\u00eb akull n\u00eb distanc\u00ebn e tyre me kryetarin. Nuk mund t\u00eb flisnin dot pasi secilit mund t\u2019i p\u00ebrmendeshin aferat e veta dhe hesht\u00ebn, duke krijuar k\u00ebshtu nj\u00eb kontrast real mes tyre dhe kryetarit.<\/p>\n<p><em>Por a i vlen Berish\u00ebs nj\u00eb PD e till\u00eb?<br \/>\n<\/em>Seanca e djeshme d\u00ebshmoi se Berisha po paguan \u00e7mimin e dhunimit t\u00eb asaj partie mbi kurriz t\u00eb vet. Qeveria e PD-s\u00eb, e p\u00ebrb\u00ebr\u00eb n\u00eb t\u00ebr\u00ebsi nga njer\u00ebz t\u00eb cil\u00ebve Berisha ka dashur t\u2019u mbyll\u00eb goj\u00ebn duke i b\u00ebr\u00eb ministra, shihej qart\u00eb q\u00eb n\u00eb shumic\u00eb p\u00ebr\u00e7monte at\u00eb q\u00eb b\u00ebnte kryeministri, por u shijonte, dhe vazhdon tu shijoj\u00eb karrigia ku jan\u00eb ulur, dhe heshtnin me ciniz\u00ebm. P\u00ebrve\u00e7 Pollos q\u00eb nuk e fshehte dot g\u00ebzimin p\u00ebr at\u00eb q\u00eb ndodhte, t\u00eb tjer\u00ebt ishin t\u00eb k\u00ebnaqur me portretin e tyre indiferent.<\/p>\n<p>Grupi parlamentar i PD-s\u00eb, n\u00eb shumic\u00eb nj\u00eb bashk\u00ebsi e tredhur politikisht dhe e qart\u00eb n\u00eb besnik\u00ebrin\u00eb e vet ndaj Berish\u00ebs, nuk dinte si ta mbronte. Dikush tentonte t\u00eb duartrokiste, pastaj shihte nga shoku n\u00eb krah dhe pushonte. Dikush tentonte t\u00eb ngrihej n\u00eb k\u00ebmb\u00eb t\u00eb imitonte t\u00eb fort\u00ebt e opozit\u00ebs, pastaj dekurajohej dhe ulej. Dikush tentonte t\u00eb qeshte me ato q\u00eb thoshte Berisha, por kur d\u00ebgjonte ato q\u00eb i thoshin deputet\u00ebt e opozit\u00ebs, ulej prap\u00eb n\u00eb vend.<\/p>\n<p>Pafuqia e tyre reale q\u00ebndronte tek fakti se ata nuk e dinin \u00e7far\u00eb mendonte Berisha at\u00eb \u00e7ast. Ata nuk dinin si ta ndihmonin kryetarin e tyre, i cili n\u00eb nj\u00eb nga gjendjet m\u00eb t\u00eb r\u00ebnda psiqike q\u00eb ka qen\u00eb ndonj\u00eb her\u00eb para publikut shqiptar, po rrezikonte realisht pushtetin e tyre. Askush prej tyre nuk reagoi, s\u00eb paku t\u2019i shkonte pran\u00eb Berish\u00ebs dhe t\u2019i thoshte \u201cBoll se na fundose!\u201d. N\u00eb at\u00eb moment njihen miqt\u00eb e mir\u00eb, politikan\u00ebt e mir\u00eb dhe njer\u00ebzit e sinqert\u00eb. N\u00eb at\u00eb sall\u00eb dje Berisha kishte n\u00eb krah hipokrit\u00eb dhe p\u00ebrball\u00eb eunuk\u00eb. T\u00eb dy i b\u00ebn\u00eb keq po nj\u00ebsoj: e lan\u00eb t\u00eb dukej i marr\u00eb.<\/p>\n<p>\u00c7do parti tjet\u00ebr e madhe nuk do t\u00eb kishte shkuar deri k\u00ebtu. Do dilte dikush t\u2019i mbante dor\u00ebn, dikush t\u2019i ulte z\u00ebrin e mikrofonit apo t\u2019i thoshte n\u00eb nj\u00eb nga tre pushimet: Boll! Nuk e b\u00ebri dot askush. Disa u g\u00ebzuan, shumica u m\u00ebrzit\u00ebn, por t\u00eb gjith\u00eb hesht\u00ebn. T\u00eb vetmit q\u00eb e duan v\u00ebrtet edhe kryeminist\u00ebr, edhe normal, jan\u00eb njer\u00ebzit e familjes s\u00eb tij, t\u00eb cil\u00ebt u alarmuan pasi u ik\u00ebn milionat nga duart dhe e ndal\u00ebn. Dhe ai i d\u00ebgjoi ata me t\u00eb cil\u00ebt ndan pushtetin, dhe jo ata me t\u00eb cil\u00ebt ndan sall\u00ebn e Kuvendit. Ata ishin t\u00eb pafuqish\u00ebm p\u00ebr ta ndalur, pasi nuk jan\u00eb n\u00eb pushtet.<\/p>\n","protected":false},"excerpt":{"rendered":"<p>Nga Mero Baze Fotografia e seanc\u00ebs s\u00eb dit\u00ebs s\u00eb h\u00ebn\u00eb, mes t\u00eb tjerash \u00ebsht\u00eb dhe nj\u00eb fotografi origjinale p\u00ebr raportet mes Sali Berish\u00ebs dhe partis\u00eb s\u00eb tij. \u00c7do lider n\u00eb bot\u00eb, q\u00eb i bie fati i keq t\u00eb jet\u00eb n\u00eb at\u00eb pozicion, q\u00eb ishte ai t\u00eb h\u00ebn\u00ebn n\u00eb mbr\u00ebmje para publikut shqiptar n\u00eb sall\u00ebn e [&hellip;]<\/p>\n","protected":false},"author":1,"featured_media":0,"comment_status":"open","ping_status":"closed","sticky":false,"template":"","format":"standard","meta":{"footnotes":""},"categories":[2],"tags":[],"class_list":{"0":"post-5690","1":"post","2":"type-post","3":"status-publish","4":"format-standard","6":"category-artikuj"},"yoast_head":"<!-- This site is optimized with the Yoast SEO plugin v27.4 - https:\/\/yoast.com\/product\/yoast-seo-wordpress\/ -->\n<title>Pse PD nuk mbrojti dot Berish\u00ebn n\u00eb Kuvend? - FjALA e LIR\u00cb - Arkivi<\/title>\n<meta name=\"robots\" content=\"index, follow, max-snippet:-1, max-image-preview:large, max-video-preview:-1\" \/>\n<link rel=\"canonical\" href=\"https:\/\/fjala.info\/2009-2015\/pse-pd-nuk-mbrojti-dot-berishen-ne-kuvend\/\" \/>\n<meta property=\"og:locale\" content=\"sq_AL\" \/>\n<meta property=\"og:type\" content=\"article\" \/>\n<meta property=\"og:title\" content=\"Pse PD nuk mbrojti dot Berish\u00ebn n\u00eb Kuvend? - FjALA e LIR\u00cb - Arkivi\" \/>\n<meta property=\"og:description\" content=\"Nga Mero Baze Fotografia e seanc\u00ebs s\u00eb dit\u00ebs s\u00eb h\u00ebn\u00eb, mes t\u00eb tjerash \u00ebsht\u00eb dhe nj\u00eb fotografi origjinale p\u00ebr raportet mes Sali Berish\u00ebs dhe partis\u00eb s\u00eb tij. \u00c7do lider n\u00eb bot\u00eb, q\u00eb i bie fati i keq t\u00eb jet\u00eb n\u00eb at\u00eb pozicion, q\u00eb ishte ai t\u00eb h\u00ebn\u00ebn n\u00eb mbr\u00ebmje para publikut shqiptar n\u00eb sall\u00ebn e [&hellip;]\" \/>\n<meta property=\"og:url\" content=\"https:\/\/fjala.info\/2009-2015\/pse-pd-nuk-mbrojti-dot-berishen-ne-kuvend\/\" \/>\n<meta property=\"og:site_name\" content=\"FjALA e LIR\u00cb - Arkivi\" \/>\n<meta property=\"article:published_time\" content=\"2011-01-18T22:03:16+00:00\" \/>\n<meta property=\"og:image\" content=\"http:\/\/fjala.shkoder.net\/wp-content\/uploads\/2010\/10\/mero_baze1.jpg\" \/>\n<meta name=\"author\" content=\"admin\" \/>\n<meta name=\"twitter:card\" content=\"summary_large_image\" \/>\n<meta name=\"twitter:label1\" content=\"Written by\" \/>\n\t<meta name=\"twitter:data1\" content=\"admin\" \/>\n\t<meta name=\"twitter:label2\" content=\"Est. reading time\" \/>\n\t<meta name=\"twitter:data2\" content=\"5 minutes\" \/>\n<script type=\"application\/ld+json\" class=\"yoast-schema-graph\">{\"@context\":\"https:\\\/\\\/schema.org\",\"@graph\":[{\"@type\":\"Article\",\"@id\":\"https:\\\/\\\/fjala.info\\\/2009-2015\\\/pse-pd-nuk-mbrojti-dot-berishen-ne-kuvend\\\/#article\",\"isPartOf\":{\"@id\":\"https:\\\/\\\/fjala.info\\\/2009-2015\\\/pse-pd-nuk-mbrojti-dot-berishen-ne-kuvend\\\/\"},\"author\":{\"name\":\"admin\",\"@id\":\"https:\\\/\\\/fjala.info\\\/2009-2015\\\/#\\\/schema\\\/person\\\/3aa1163ef05469c496fc94e77611ada2\"},\"headline\":\"Pse PD nuk mbrojti dot Berish\u00ebn n\u00eb Kuvend?\",\"datePublished\":\"2011-01-18T22:03:16+00:00\",\"mainEntityOfPage\":{\"@id\":\"https:\\\/\\\/fjala.info\\\/2009-2015\\\/pse-pd-nuk-mbrojti-dot-berishen-ne-kuvend\\\/\"},\"wordCount\":979,\"commentCount\":0,\"publisher\":{\"@id\":\"https:\\\/\\\/fjala.info\\\/2009-2015\\\/#organization\"},\"image\":{\"@id\":\"https:\\\/\\\/fjala.info\\\/2009-2015\\\/pse-pd-nuk-mbrojti-dot-berishen-ne-kuvend\\\/#primaryimage\"},\"thumbnailUrl\":\"http:\\\/\\\/fjala.shkoder.net\\\/wp-content\\\/uploads\\\/2010\\\/10\\\/mero_baze1.jpg\",\"articleSection\":[\"Artikuj\"],\"inLanguage\":\"sq-AL\",\"potentialAction\":[{\"@type\":\"CommentAction\",\"name\":\"Comment\",\"target\":[\"https:\\\/\\\/fjala.info\\\/2009-2015\\\/pse-pd-nuk-mbrojti-dot-berishen-ne-kuvend\\\/#respond\"]}]},{\"@type\":\"WebPage\",\"@id\":\"https:\\\/\\\/fjala.info\\\/2009-2015\\\/pse-pd-nuk-mbrojti-dot-berishen-ne-kuvend\\\/\",\"url\":\"https:\\\/\\\/fjala.info\\\/2009-2015\\\/pse-pd-nuk-mbrojti-dot-berishen-ne-kuvend\\\/\",\"name\":\"Pse PD nuk mbrojti dot Berish\u00ebn n\u00eb Kuvend? - FjALA e LIR\u00cb - Arkivi\",\"isPartOf\":{\"@id\":\"https:\\\/\\\/fjala.info\\\/2009-2015\\\/#website\"},\"primaryImageOfPage\":{\"@id\":\"https:\\\/\\\/fjala.info\\\/2009-2015\\\/pse-pd-nuk-mbrojti-dot-berishen-ne-kuvend\\\/#primaryimage\"},\"image\":{\"@id\":\"https:\\\/\\\/fjala.info\\\/2009-2015\\\/pse-pd-nuk-mbrojti-dot-berishen-ne-kuvend\\\/#primaryimage\"},\"thumbnailUrl\":\"http:\\\/\\\/fjala.shkoder.net\\\/wp-content\\\/uploads\\\/2010\\\/10\\\/mero_baze1.jpg\",\"datePublished\":\"2011-01-18T22:03:16+00:00\",\"breadcrumb\":{\"@id\":\"https:\\\/\\\/fjala.info\\\/2009-2015\\\/pse-pd-nuk-mbrojti-dot-berishen-ne-kuvend\\\/#breadcrumb\"},\"inLanguage\":\"sq-AL\",\"potentialAction\":[{\"@type\":\"ReadAction\",\"target\":[\"https:\\\/\\\/fjala.info\\\/2009-2015\\\/pse-pd-nuk-mbrojti-dot-berishen-ne-kuvend\\\/\"]}]},{\"@type\":\"ImageObject\",\"inLanguage\":\"sq-AL\",\"@id\":\"https:\\\/\\\/fjala.info\\\/2009-2015\\\/pse-pd-nuk-mbrojti-dot-berishen-ne-kuvend\\\/#primaryimage\",\"url\":\"http:\\\/\\\/fjala.shkoder.net\\\/wp-content\\\/uploads\\\/2010\\\/10\\\/mero_baze1.jpg\",\"contentUrl\":\"http:\\\/\\\/fjala.shkoder.net\\\/wp-content\\\/uploads\\\/2010\\\/10\\\/mero_baze1.jpg\"},{\"@type\":\"BreadcrumbList\",\"@id\":\"https:\\\/\\\/fjala.info\\\/2009-2015\\\/pse-pd-nuk-mbrojti-dot-berishen-ne-kuvend\\\/#breadcrumb\",\"itemListElement\":[{\"@type\":\"ListItem\",\"position\":1,\"name\":\"Home\",\"item\":\"https:\\\/\\\/fjala.info\\\/2009-2015\\\/\"},{\"@type\":\"ListItem\",\"position\":2,\"name\":\"Pse PD nuk mbrojti dot Berish\u00ebn n\u00eb Kuvend?\"}]},{\"@type\":\"WebSite\",\"@id\":\"https:\\\/\\\/fjala.info\\\/2009-2015\\\/#website\",\"url\":\"https:\\\/\\\/fjala.info\\\/2009-2015\\\/\",\"name\":\"FjALA e LIR\u00cb - Arkivi\",\"description\":\"Arkivi 2009-2015\",\"publisher\":{\"@id\":\"https:\\\/\\\/fjala.info\\\/2009-2015\\\/#organization\"},\"potentialAction\":[{\"@type\":\"SearchAction\",\"target\":{\"@type\":\"EntryPoint\",\"urlTemplate\":\"https:\\\/\\\/fjala.info\\\/2009-2015\\\/?s={search_term_string}\"},\"query-input\":{\"@type\":\"PropertyValueSpecification\",\"valueRequired\":true,\"valueName\":\"search_term_string\"}}],\"inLanguage\":\"sq-AL\"},{\"@type\":\"Organization\",\"@id\":\"https:\\\/\\\/fjala.info\\\/2009-2015\\\/#organization\",\"name\":\"FjALA e LIR\u00cb - Arkivi\",\"url\":\"https:\\\/\\\/fjala.info\\\/2009-2015\\\/\",\"logo\":{\"@type\":\"ImageObject\",\"inLanguage\":\"sq-AL\",\"@id\":\"https:\\\/\\\/fjala.info\\\/2009-2015\\\/#\\\/schema\\\/logo\\\/image\\\/\",\"url\":\"\",\"contentUrl\":\"\",\"caption\":\"FjALA e LIR\u00cb - Arkivi\"},\"image\":{\"@id\":\"https:\\\/\\\/fjala.info\\\/2009-2015\\\/#\\\/schema\\\/logo\\\/image\\\/\"}},{\"@type\":\"Person\",\"@id\":\"https:\\\/\\\/fjala.info\\\/2009-2015\\\/#\\\/schema\\\/person\\\/3aa1163ef05469c496fc94e77611ada2\",\"name\":\"admin\",\"image\":{\"@type\":\"ImageObject\",\"inLanguage\":\"sq-AL\",\"@id\":\"https:\\\/\\\/fjala.info\\\/2009-2015\\\/wp-content\\\/uploads\\\/2012\\\/02\\\/arben_cokaj-120x150.jpg\",\"url\":\"https:\\\/\\\/fjala.info\\\/2009-2015\\\/wp-content\\\/uploads\\\/2012\\\/02\\\/arben_cokaj-120x150.jpg\",\"contentUrl\":\"https:\\\/\\\/fjala.info\\\/2009-2015\\\/wp-content\\\/uploads\\\/2012\\\/02\\\/arben_cokaj-120x150.jpg\",\"caption\":\"admin\"},\"description\":\"Admin, Fjala e Lir\u00eb\",\"sameAs\":[\"https:\\\/\\\/fjala.info\\\/\"],\"url\":\"https:\\\/\\\/fjala.info\\\/2009-2015\\\/author\\\/admin\\\/\"}]}<\/script>\n<!-- \/ Yoast SEO plugin. -->","yoast_head_json":{"title":"Pse PD nuk mbrojti dot Berish\u00ebn n\u00eb Kuvend? - FjALA e LIR\u00cb - Arkivi","robots":{"index":"index","follow":"follow","max-snippet":"max-snippet:-1","max-image-preview":"max-image-preview:large","max-video-preview":"max-video-preview:-1"},"canonical":"https:\/\/fjala.info\/2009-2015\/pse-pd-nuk-mbrojti-dot-berishen-ne-kuvend\/","og_locale":"sq_AL","og_type":"article","og_title":"Pse PD nuk mbrojti dot Berish\u00ebn n\u00eb Kuvend? - FjALA e LIR\u00cb - Arkivi","og_description":"Nga Mero Baze Fotografia e seanc\u00ebs s\u00eb dit\u00ebs s\u00eb h\u00ebn\u00eb, mes t\u00eb tjerash \u00ebsht\u00eb dhe nj\u00eb fotografi origjinale p\u00ebr raportet mes Sali Berish\u00ebs dhe partis\u00eb s\u00eb tij. \u00c7do lider n\u00eb bot\u00eb, q\u00eb i bie fati i keq t\u00eb jet\u00eb n\u00eb at\u00eb pozicion, q\u00eb ishte ai t\u00eb h\u00ebn\u00ebn n\u00eb mbr\u00ebmje para publikut shqiptar n\u00eb sall\u00ebn e [&hellip;]","og_url":"https:\/\/fjala.info\/2009-2015\/pse-pd-nuk-mbrojti-dot-berishen-ne-kuvend\/","og_site_name":"FjALA e LIR\u00cb - Arkivi","article_published_time":"2011-01-18T22:03:16+00:00","og_image":[{"url":"http:\/\/fjala.shkoder.net\/wp-content\/uploads\/2010\/10\/mero_baze1.jpg","type":"","width":"","height":""}],"author":"admin","twitter_card":"summary_large_image","twitter_misc":{"Written by":"admin","Est. reading time":"5 minutes"},"schema":{"@context":"https:\/\/schema.org","@graph":[{"@type":"Article","@id":"https:\/\/fjala.info\/2009-2015\/pse-pd-nuk-mbrojti-dot-berishen-ne-kuvend\/#article","isPartOf":{"@id":"https:\/\/fjala.info\/2009-2015\/pse-pd-nuk-mbrojti-dot-berishen-ne-kuvend\/"},"author":{"name":"admin","@id":"https:\/\/fjala.info\/2009-2015\/#\/schema\/person\/3aa1163ef05469c496fc94e77611ada2"},"headline":"Pse PD nuk mbrojti dot Berish\u00ebn n\u00eb Kuvend?","datePublished":"2011-01-18T22:03:16+00:00","mainEntityOfPage":{"@id":"https:\/\/fjala.info\/2009-2015\/pse-pd-nuk-mbrojti-dot-berishen-ne-kuvend\/"},"wordCount":979,"commentCount":0,"publisher":{"@id":"https:\/\/fjala.info\/2009-2015\/#organization"},"image":{"@id":"https:\/\/fjala.info\/2009-2015\/pse-pd-nuk-mbrojti-dot-berishen-ne-kuvend\/#primaryimage"},"thumbnailUrl":"http:\/\/fjala.shkoder.net\/wp-content\/uploads\/2010\/10\/mero_baze1.jpg","articleSection":["Artikuj"],"inLanguage":"sq-AL","potentialAction":[{"@type":"CommentAction","name":"Comment","target":["https:\/\/fjala.info\/2009-2015\/pse-pd-nuk-mbrojti-dot-berishen-ne-kuvend\/#respond"]}]},{"@type":"WebPage","@id":"https:\/\/fjala.info\/2009-2015\/pse-pd-nuk-mbrojti-dot-berishen-ne-kuvend\/","url":"https:\/\/fjala.info\/2009-2015\/pse-pd-nuk-mbrojti-dot-berishen-ne-kuvend\/","name":"Pse PD nuk mbrojti dot Berish\u00ebn n\u00eb Kuvend? - FjALA e LIR\u00cb - Arkivi","isPartOf":{"@id":"https:\/\/fjala.info\/2009-2015\/#website"},"primaryImageOfPage":{"@id":"https:\/\/fjala.info\/2009-2015\/pse-pd-nuk-mbrojti-dot-berishen-ne-kuvend\/#primaryimage"},"image":{"@id":"https:\/\/fjala.info\/2009-2015\/pse-pd-nuk-mbrojti-dot-berishen-ne-kuvend\/#primaryimage"},"thumbnailUrl":"http:\/\/fjala.shkoder.net\/wp-content\/uploads\/2010\/10\/mero_baze1.jpg","datePublished":"2011-01-18T22:03:16+00:00","breadcrumb":{"@id":"https:\/\/fjala.info\/2009-2015\/pse-pd-nuk-mbrojti-dot-berishen-ne-kuvend\/#breadcrumb"},"inLanguage":"sq-AL","potentialAction":[{"@type":"ReadAction","target":["https:\/\/fjala.info\/2009-2015\/pse-pd-nuk-mbrojti-dot-berishen-ne-kuvend\/"]}]},{"@type":"ImageObject","inLanguage":"sq-AL","@id":"https:\/\/fjala.info\/2009-2015\/pse-pd-nuk-mbrojti-dot-berishen-ne-kuvend\/#primaryimage","url":"http:\/\/fjala.shkoder.net\/wp-content\/uploads\/2010\/10\/mero_baze1.jpg","contentUrl":"http:\/\/fjala.shkoder.net\/wp-content\/uploads\/2010\/10\/mero_baze1.jpg"},{"@type":"BreadcrumbList","@id":"https:\/\/fjala.info\/2009-2015\/pse-pd-nuk-mbrojti-dot-berishen-ne-kuvend\/#breadcrumb","itemListElement":[{"@type":"ListItem","position":1,"name":"Home","item":"https:\/\/fjala.info\/2009-2015\/"},{"@type":"ListItem","position":2,"name":"Pse PD nuk mbrojti dot Berish\u00ebn n\u00eb Kuvend?"}]},{"@type":"WebSite","@id":"https:\/\/fjala.info\/2009-2015\/#website","url":"https:\/\/fjala.info\/2009-2015\/","name":"FjALA e LIR\u00cb - Arkivi","description":"Arkivi 2009-2015","publisher":{"@id":"https:\/\/fjala.info\/2009-2015\/#organization"},"potentialAction":[{"@type":"SearchAction","target":{"@type":"EntryPoint","urlTemplate":"https:\/\/fjala.info\/2009-2015\/?s={search_term_string}"},"query-input":{"@type":"PropertyValueSpecification","valueRequired":true,"valueName":"search_term_string"}}],"inLanguage":"sq-AL"},{"@type":"Organization","@id":"https:\/\/fjala.info\/2009-2015\/#organization","name":"FjALA e LIR\u00cb - Arkivi","url":"https:\/\/fjala.info\/2009-2015\/","logo":{"@type":"ImageObject","inLanguage":"sq-AL","@id":"https:\/\/fjala.info\/2009-2015\/#\/schema\/logo\/image\/","url":"","contentUrl":"","caption":"FjALA e LIR\u00cb - Arkivi"},"image":{"@id":"https:\/\/fjala.info\/2009-2015\/#\/schema\/logo\/image\/"}},{"@type":"Person","@id":"https:\/\/fjala.info\/2009-2015\/#\/schema\/person\/3aa1163ef05469c496fc94e77611ada2","name":"admin","image":{"@type":"ImageObject","inLanguage":"sq-AL","@id":"https:\/\/fjala.info\/2009-2015\/wp-content\/uploads\/2012\/02\/arben_cokaj-120x150.jpg","url":"https:\/\/fjala.info\/2009-2015\/wp-content\/uploads\/2012\/02\/arben_cokaj-120x150.jpg","contentUrl":"https:\/\/fjala.info\/2009-2015\/wp-content\/uploads\/2012\/02\/arben_cokaj-120x150.jpg","caption":"admin"},"description":"Admin, Fjala e Lir\u00eb","sameAs":["https:\/\/fjala.info\/"],"url":"https:\/\/fjala.info\/2009-2015\/author\/admin\/"}]}},"_links":{"self":[{"href":"https:\/\/fjala.info\/2009-2015\/wp-json\/wp\/v2\/posts\/5690","targetHints":{"allow":["GET"]}}],"collection":[{"href":"https:\/\/fjala.info\/2009-2015\/wp-json\/wp\/v2\/posts"}],"about":[{"href":"https:\/\/fjala.info\/2009-2015\/wp-json\/wp\/v2\/types\/post"}],"author":[{"embeddable":true,"href":"https:\/\/fjala.info\/2009-2015\/wp-json\/wp\/v2\/users\/1"}],"replies":[{"embeddable":true,"href":"https:\/\/fjala.info\/2009-2015\/wp-json\/wp\/v2\/comments?post=5690"}],"version-history":[{"count":0,"href":"https:\/\/fjala.info\/2009-2015\/wp-json\/wp\/v2\/posts\/5690\/revisions"}],"wp:attachment":[{"href":"https:\/\/fjala.info\/2009-2015\/wp-json\/wp\/v2\/media?parent=5690"}],"wp:term":[{"taxonomy":"category","embeddable":true,"href":"https:\/\/fjala.info\/2009-2015\/wp-json\/wp\/v2\/categories?post=5690"},{"taxonomy":"post_tag","embeddable":true,"href":"https:\/\/fjala.info\/2009-2015\/wp-json\/wp\/v2\/tags?post=5690"}],"curies":[{"name":"wp","href":"https:\/\/api.w.org\/{rel}","templated":true}]}}