{"id":5686,"date":"2011-01-17T07:08:27","date_gmt":"2011-01-17T06:08:27","guid":{"rendered":"http:\/\/fjala.shkoder.net\/?p=5686"},"modified":"2011-01-17T07:08:27","modified_gmt":"2011-01-17T06:08:27","slug":"vilma-dhe-greta-zenelaj-themelojne-ne-hollywood-shtepine-e-filmit-colored-films","status":"publish","type":"post","link":"https:\/\/fjala.info\/2009-2015\/vilma-dhe-greta-zenelaj-themelojne-ne-hollywood-shtepine-e-filmit-colored-films\/","title":{"rendered":"Vilma dhe Greta Zenelaj themelojn\u00eb n\u00eb Hollywood sht\u00ebpin\u00eb e filmit &#8216;Colored Films&#8217;"},"content":{"rendered":"<p><img loading=\"lazy\" decoding=\"async\" class=\"alignright size-full wp-image-5687\" title=\"Vilma dhe Greta Zenelaj\" src=\"http:\/\/fjala.shkoder.net\/wp-content\/uploads\/2011\/01\/vilma_greta_zenelaj.jpg\" alt=\"\" width=\"250\" height=\"291\" \/><br \/>\n<strong>ELBINO<\/strong>, <em>16.01.2011<\/em><\/p>\n<p>Vilma mb\u00ebrriti p\u00ebr her\u00eb t\u00eb par\u00eb n\u00eb Amerik\u00eb m\u00eb 1996-\u00ebn p\u00ebr t\u00eb ndjekur studimet e mesme n\u00eb Grants Pass, Oregon. M\u00eb pas, ajo do t\u00eb fitonte nj\u00eb burs\u00eb studimi n\u00eb &#8220;Waldford College&#8221; dhe shum\u00eb shpejt do t\u00eb ribashkohej me familjen e saj, e cila fal\u00eb lotaris\u00eb amerikane u shp\u00ebrngul n\u00eb Mi\u00e7igan t\u00eb SHBA-ve. Kjo b\u00ebri q\u00eb ajo t\u00eb zhvendosej n\u00eb Mi\u00e7igan dhe t\u00eb vazhdonte studimet n\u00eb &#8220;Wayne State University&#8221;.<\/p>\n<p>N\u00eb vitin 2000, Greta gjithashtu do t\u00eb l\u00ebvizte drejt Amerik\u00ebs, por k\u00ebt\u00eb her\u00eb destinacioni ishte Kalifornia, ku motrat do t\u00eb ndiqnin pasionin e tyre, aktrimin dhe regjisur\u00ebn me mb\u00ebshtetjen e plot\u00eb t\u00eb familjes, e cila, gjithashtu, vendosi t\u00eb linte pas Mi\u00e7iganin dhe momentalisht jeton jo larg L.A., n\u00eb qytetin e Venis po n\u00eb Kaliforni. Pas nj\u00eb vizite t\u00eb shkurt\u00ebr n\u00eb Shqip\u00ebri m\u00eb 2007-\u00ebn, Vilma dhe Greta kan\u00eb vendosur t\u00eb rikthehen s\u00ebrish k\u00ebt\u00eb ver\u00eb. &#8220;Shqip\u00ebria kishte ndryshuar shum\u00eb. Nj\u00eb pjes\u00eb e mir\u00eb e miqve tan\u00eb ishin larguar, por ne na mungon dhe \u00ebsht\u00eb vendlindja jon\u00eb aq e bukur, p\u00ebr t\u00eb cil\u00ebn gjithmon\u00eb ndjejm\u00eb mall&#8221;, &#8211; na treguan ato.<\/p>\n<p>Vitin q\u00eb shkoi, ne shum\u00eb her\u00eb prezantuam emra t\u00eb panjohur bashkatdhetar\u00ebsh, p\u00ebr publikun shqiptar, t\u00eb cil\u00ebt dal\u00ebngadal\u00eb po krijojn\u00eb nj\u00eb karrier\u00eb modeste n\u00eb Hollivud. Sot, s\u00ebrish prej Hollivudit dhe bot\u00ebs s\u00eb filmit, ju prezantojm\u00eb motrat Vilma dhe Greta Zenelaj, t\u00eb cilat kan\u00eb themeluar ndoshta t\u00eb par\u00ebn sht\u00ebpi filmi shqiptare n\u00eb kodr\u00ebn e famshme. Mban emrin &#8220;Colored Films&#8221; dhe k\u00ebt\u00eb vit do t\u00eb prodhoj\u00eb projektin e tyre t\u00eb tret\u00eb. P\u00ebr m\u00eb tep\u00ebr, lexoni intervist\u00ebn.<\/p>\n<p><strong>Elbino <\/strong>&#8211; Vilma, Greta, p\u00ebrsh\u00ebndetje! Si po ia kaloni k\u00ebto dit\u00eb, me \u00e7far\u00eb po merreni?<\/p>\n<p><strong>Vilma <\/strong>&#8211; P\u00ebrsh\u00ebndetje Elbino! Po ia kalojm\u00eb shum\u00eb mir\u00eb. Jemi duke u b\u00ebr\u00eb gati p\u00ebr vitin e ri&#8230;<br \/>\n<strong>Greta <\/strong>&#8211; Kemi disa projekte n\u00eb m\u00ebndje, p\u00ebr t\u00eb cilat kemi filluar pun\u00ebn tashm\u00eb.<\/p>\n<p><em>Sapo m\u00ebsova p\u00ebr sht\u00ebpin\u00eb tuaj filmike &#8220;Colored Films&#8221; dhe sinqerisht u g\u00ebzova shum\u00eb. Ndoshta \u00ebsht\u00eb nj\u00eb hap i vog\u00ebl, por \u00ebsht\u00eb nj\u00eb hap shum\u00eb i r\u00ebnd\u00ebsish\u00ebm! M\u00eb n\u00eb fund, p\u00ebr t\u00eb par\u00ebn her\u00eb shqiptar\u00ebt kan\u00eb sht\u00ebpin\u00eb e tyre filmike n\u00eb Hollivud. Duhet t\u00eb ndiheni shum\u00eb krenare&#8230;<\/em><\/p>\n<p><strong>Vilma<\/strong> &#8211; Jemi shum\u00eb krenare dhe shum\u00eb t\u00eb lumtura q\u00eb po ndjekim dhe po realizojm\u00eb \u00ebndrr\u00ebn ton\u00eb, aq m\u00eb tep\u00ebr q\u00eb jemi dhe n\u00eb Hollivud, ku shqiptar\u00ebt jan\u00eb t\u00eb pakt\u00eb. Duhet q\u00eb t\u00eb ket\u00eb m\u00eb shum\u00eb prej nesh k\u00ebtu dhe ne gjithmon\u00eb mir\u00ebpresim bashk\u00ebpunimin me artist\u00ebt e tjer\u00eb shqiptar\u00eb, t\u00eb cil\u00ebt jan\u00eb n\u00eb industri dhe kan\u00eb t\u00eb nj\u00ebjtin pasion dhe d\u00ebshir\u00eb.<\/p>\n<p><em>Si filloi gjith\u00e7ka dhe e kujt ishte ideja p\u00ebr krijimin &#8220;Colored Films&#8221;?<\/em><\/p>\n<p><strong>Vilma<\/strong> &#8211; Ne u shp\u00ebrngul\u00ebm n\u00eb Los Anxheles n\u00eb vitin 2003, p\u00ebr t\u00eb ndjekur pasionin ton\u00eb p\u00ebr aktrimin. Un\u00eb vura re se aktrimi nuk ishte p\u00ebr mua dhe isha m\u00eb e interesuar p\u00ebr at\u00eb \u00e7ka ndodhte mbrapa kamer\u00ebs, mbrapa sken\u00ebs. Gjithmon\u00eb kam pas shkruar poema, histori, hartime dhe n\u00eb 2008-\u00ebn p\u00ebrfundova skenarin tim t\u00eb par\u00eb &#8220;What Do\u00a0I Do Now?&#8221; (Po tani \u00e7&#8217;t\u00eb b\u00ebj?&#8221;) dhe vendosa q\u00eb jo vet\u00ebm t\u00eb merresha me prodhimin e tij n\u00eb film, por dhe ta drejtoja at\u00eb. Ishte nj\u00eb prov\u00eb e v\u00ebshtir\u00eb, por shum\u00eb shp\u00ebrblyese, pasi m\u00eb b\u00ebri t\u00eb bie n\u00eb dashuri me regjizur\u00ebn dhe aty gjeta &#8220;rrug\u00ebn&#8221; time.<\/p>\n<p><strong>Greta<\/strong> &#8211; Ashtu si\u00e7 tha edhe Vilma, kur erdh\u00ebm k\u00ebtu (L.A), tet\u00eb vjet m\u00eb par\u00eb p\u00ebr t\u00eb ndjekur karrier\u00ebn si aktore, filluam t\u00eb merrnim leksione aktrimi, t\u00eb punonim me agjent\u00eb, t\u00eb shkonim n\u00eb audicione dhe un\u00eb kam marr\u00eb pjes\u00eb n\u00eb disa filma me metrazh t\u00eb shkurt\u00ebr e disa reklama. Pas pes\u00eb vjet\u00ebsh, filluam t\u00eb kuptonim shum\u00eb mir\u00eb sesi gj\u00ebrat funksiononin n\u00eb k\u00ebt\u00eb industri. Kishim shum\u00eb miq, t\u00eb cil\u00ebt, gjithashtu, po krijonin, prodhonin filma. Vilma dhe un\u00eb kuptuam se dhe ne d\u00ebshironim t\u00eb tregonim historit\u00eb tona. Un\u00eb kam p\u00ebrfunduar shkoll\u00ebn p\u00ebr gazetari dhe gjithmon\u00eb kam shkruar. Q\u00eb at\u00ebher\u00eb&#8230; nuk e hodh\u00ebm m\u00eb v\u00ebshtrimin pas.<\/p>\n<p><em>Filmi juaj i fundit &#8220;Into The Woods&#8221; \u00ebsht\u00eb horror. Mund t\u00eb na tregoni disi m\u00eb tep\u00ebr rreth tij dhe personazhit tuaj n\u00eb film?<\/em><\/p>\n<p><strong>Greta<\/strong> &#8211; N\u00eb fakt, \u00ebsht\u00eb triller i friksh\u00ebm. Nj\u00eb \u00e7ift i martuar shkon p\u00ebr pushime n\u00eb pyll ku bie pre e nj\u00eb personi tjet\u00ebr, q\u00eb gjithashtu ndodhet aty p\u00ebr pushime. Personazhi im quhet Eva. Ajo \u00ebsht\u00eb e martuar me Steve dhe \u00ebsht\u00eb sht\u00ebpiake. I p\u00eblqejn\u00eb gj\u00ebrat e mira n\u00eb jet\u00eb dhe nuk \u00ebsht\u00eb shum\u00eb e g\u00ebzuar me iden\u00eb e Steve p\u00ebr t\u00eb shkuar n\u00eb k\u00ebt\u00eb udh\u00ebtim, por ai \u00ebsht\u00eb qejfli dhe ajo p\u00ebr ta b\u00ebr\u00eb at\u00eb t\u00eb lumtur vendos t\u00eb shkoj\u00eb me t\u00eb, vet\u00ebm p\u00ebr t\u00eb v\u00ebrtetuar m\u00eb von\u00eb, se kishte t\u00eb drejt\u00eb n\u00eb radh\u00eb t\u00eb par\u00eb.<\/p>\n<p><em>Greta, teksa po flasim, jam duke ndjekur reklam\u00ebn e &#8220;Into The Woods&#8221; dhe v\u00ebrtet dua ta shikoj k\u00ebt\u00eb film! Interpretimi juaj duket mjaft i mir\u00eb&#8230; si kan\u00eb qen\u00eb fillimet tuaja si aktore?<\/em><\/p>\n<p><strong>Greta<\/strong> &#8211; Faleminderit! Si\u00e7 thash\u00eb dhe m\u00eb par\u00eb, me aktrim (seriozisht) fillova t\u00eb merrem kur erdha n\u00eb L.A., por kur kam qen\u00eb n\u00eb Shkod\u00ebr kam marr\u00eb pjes\u00eb n\u00eb grupin e t\u00eb rinjve n\u00eb teatrin e qytetit p\u00ebr disa vjet. M\u00eb p\u00eblqen t\u00eb interpretoj, pasi \u00ebsht\u00eb nj\u00eb tjet\u00ebr m\u00ebnyr\u00eb e t\u00eb vet\u00ebshprehurit, por n\u00eb nivele t\u00eb ndryshme.<\/p>\n<p><em>Ishte &#8220;What Do\u00a0I Do Now?&#8221; roli juaj i par\u00eb kryesor, apo keni interpretuar dhe n\u00eb filma t\u00eb tjer\u00eb?<\/em><\/p>\n<p><strong>Greta<\/strong> &#8211; Po ky ishte roli im i par\u00eb kryesor n\u00eb nj\u00eb film, por kam interpretuar dhe n\u00eb filma t\u00eb tjer\u00eb m\u00eb p\u00ebrpara, si p.sh., &#8220;<em>Day of The Dead<\/em>&#8221; etj.<\/p>\n<p><em>Deri tani ju keni prodhuar dy filma &#8220;What Do I\u00a0Do Now?&#8221; (i cili nga reklama duket nj\u00eb komedi shum\u00eb e mir\u00eb&#8221;) dhe &#8220;In The Woods&#8221;. Po m\u00eb tej?<\/em><\/p>\n<p><strong>Vilma<\/strong> &#8211; Tani jemi duke u p\u00ebrqendruar n\u00eb nj\u00eb histori, e cila bazohet n\u00eb ngjarje t\u00eb v\u00ebrteta. P\u00ebr momentin nuk mund t\u00eb tregoj m\u00eb tep\u00ebr duke qen\u00eb se \u00ebsht\u00eb n\u00eb fazat e para t\u00eb prodhimit, por mund t&#8217;ju them q\u00eb personazhi kryesor \u00ebsht\u00eb shqiptar. Kemi koh\u00eb q\u00eb d\u00ebshironim t\u00eb b\u00ebnim nj\u00eb film t\u00eb till\u00eb, ndaj dhe jemi shum\u00eb t\u00eb k\u00ebnaqura p\u00ebr k\u00ebt\u00eb projekt.<\/p>\n<p><em>&#8220;What Do\u00a0I Do Now?&#8221; fitoi dy \u00e7mime n\u00eb &#8220;Festivalin Nd\u00ebrkomb\u00ebtar t\u00eb Filmit&#8221; n\u00eb Nju Jork, nj\u00eb p\u00ebr &#8220;Komedia m\u00eb e mir\u00eb&#8221; dhe nj\u00eb p\u00ebr &#8220;P\u00ebrzgjedhja Zyrtare&#8221; (e juris\u00eb)&#8230; si u ndjet\u00eb? Dua t\u00eb them, ishte filmi juaj i par\u00eb dhe bam! Direkt t\u00eb vler\u00ebsuara me \u00e7mime!<\/em><\/p>\n<p><strong>Vilma<\/strong> &#8211; E shk\u00eblqyer dhe e pabesueshme! K\u00ebshtu mund ta p\u00ebrshkruaja at\u00eb ndjenj\u00eb. Ishte nj\u00eb eksperienc\u00eb q\u00eb na b\u00ebri t\u00eb ndihemi t\u00eb vlersuara, por dhe q\u00eb na motivoi p\u00ebr t\u00eb vazhduar me projektin tjet\u00ebr &#8220;<em>Into The Woods<\/em>&#8220;. Kjo na tregoi se n\u00ebse fokuson mendjen dhe pasionin n\u00eb \u00e7ka do q\u00eb d\u00ebshiron n\u00eb jet\u00eb, puna jote do t\u00eb vler\u00ebsohet prej publikut dhe profesionist\u00ebve, pavar\u00ebsisht se nga vjen.<\/p>\n<p><em>Jam i sigurt q\u00eb shum\u00eb prej lexuesve tan\u00eb, tashm\u00eb po ndihen kurioz t\u00eb din\u00eb se ku dhe kur do t\u00eb ken\u00eb mund\u00ebsin\u00eb t&#8217;i shikojn\u00eb k\u00ebta filma?<\/em><\/p>\n<p><strong>Vilma<\/strong> &#8211; P\u00ebr momentin, filmat jan\u00eb ende duke u shfaqur n\u00ebp\u00ebr festivale filmash, ndaj dhe nuk i kemi distributuar ata akoma. Faqet tona t\u00eb internetit, rregullisht furnizohen me t\u00eb rejat m\u00eb t\u00eb fundit n\u00eb lidhje me prodhimet tona dhe aty do t\u00eb gjejn\u00eb informacionin e duhur n\u00eb lidhje me publikimin dhe blerjen e tyre.<\/p>\n<p><em>Ju jeni regjisore e k\u00ebtyre filmave, nd\u00ebrsa motra juaj Greta interpreton n\u00eb to. A funksionon mir\u00eb? Un\u00eb kam provuar t\u00eb punoj me tim v\u00eblla dhe &#8230;nj\u00eb JO e madhe hahahaha! Por ju t\u00eb dyja&#8230; kam p\u00ebrshtypjen se punoni shum\u00eb mir\u00eb bashk\u00eb.<\/em><\/p>\n<p><strong>Vilma<\/strong> &#8211; Hahahaha! Un\u00eb dhe Greta kombinohemi shum\u00eb mir\u00eb bashk\u00eb. Jo vet\u00ebm motra, por jemi dhe mike shum\u00eb t\u00eb mira e kemi qen\u00eb t\u00eb tilla q\u00eb n\u00eb vog\u00ebli. Personalisht, nuk e imagjinoj dot jet\u00ebn pa t\u00eb. Duke qen\u00eb se e njohim nj\u00ebra-tjetr\u00ebn shum\u00eb mir\u00eb, mundemi t\u00eb kuptohemi dhe n\u00eb ndryshimet tona n\u00eb lidhje me idet\u00eb n\u00eb projektet ku punojm\u00eb. Gret\u00ebs i p\u00eblqen aktrimi dhe mua regjisura. Duke qen\u00eb se historit\u00eb i punojm\u00eb s\u00eb bashku, kjo na ndihmon q\u00eb t&#8217;i kuptojm\u00eb sa m\u00eb mir\u00eb personazhet dhe e b\u00ebn m\u00eb t\u00eb leht\u00eb pun\u00ebn p\u00ebr mua si regjisore kur e drejtoj Gret\u00ebn n\u00eb film. Funksionon p\u00ebr s\u00eb mbari, sidomos kur jemi n\u00eb sheshin e xhirimit.<\/p>\n<p><em>Nj\u00eb gj\u00eb q\u00eb m\u00eb p\u00eblqen tek ju, \u00ebsht\u00eb se t\u00eb dyjave ju jepet mund\u00ebsia q\u00eb t\u00eb merrni pjes\u00eb n\u00eb \u00e7do detaj t\u00eb filmave q\u00eb realizoni. Skenari, aktrimi, drejtimi, prodhimi&#8230; ju jepni fjal\u00ebn tuaj dhe vendimin tuaj p\u00ebr gjith\u00e7ka dhe kjo \u00ebsht\u00eb di\u00e7ka q\u00eb nuk t\u00eb jepet shpesh n\u00eb jet\u00eb, e l\u00ebr\u00eb pastaj n\u00eb profesion&#8230;<\/em><\/p>\n<p><strong>Greta<\/strong> &#8211; Nuk do t\u00eb pranonim ndryshe! \u00cbsht\u00eb mir\u00eb ta kesh at\u00eb lloj lirie, q\u00eb prej ides\u00eb s\u00eb par\u00eb e deri n\u00eb finalizim. M\u00eb krijuese n\u00eb at\u00eb m\u00ebnyr\u00eb&#8230; Duke qen\u00eb se ne t\u00eb dyja i njohim mjaft mir\u00eb historit\u00eb e filmave q\u00eb prodhojm\u00eb, b\u00ebn q\u00eb t\u00eb mos kemi asnj\u00ebher\u00eb keqkuptime. Gjithmon\u00eb kemi nj\u00eb ide shum\u00eb t\u00eb qart\u00eb rreth historis\u00eb q\u00eb duam t\u00eb p\u00ebrcjellim tek publiku.<\/p>\n<p><em>Kur filloni t\u00eb krijoni nj\u00eb histori filmi. A e dini se cilin personazh do t\u00eb interpretoni m\u00eb von\u00eb, apo e vendosni pasi skenari t\u00eb ket\u00eb p\u00ebrfunduar?<\/em><\/p>\n<p><strong>Greta<\/strong> &#8211; Varet, por m\u00eb s\u00eb shumti ne shkruajm\u00eb histori, t\u00eb cilat kan\u00eb p\u00ebr protagoniste nj\u00eb fem\u00ebr. N\u00eb fund t\u00eb fundit jemi femra dhe kuptojm\u00eb m\u00eb mir\u00eb bot\u00ebn e tyre sesa t\u00eb meshkujve. Njeriu shkruan rreth asaj \u00e7ka di dhe ne kemi nj\u00eb ide t\u00eb mir\u00eb se cili personazh do t\u00eb luaj\u00eb n\u00eb m\u00eb t\u00eb shumt\u00ebn e rasteve.<\/p>\n<p><em>N\u00eb Amerik\u00eb ka shum\u00eb shqiptar\u00eb, t\u00eb cil\u00ebt po p\u00ebrpiqen t\u00eb futen n\u00eb bot\u00ebn e filmit. A keni takuar apo keni n\u00eb plan t\u00eb bashk\u00ebpunoni me ndonj\u00eb n\u00eb t\u00eb ardhmen?<\/em><\/p>\n<p><strong>Vilma<\/strong> &#8211; Po. Ne kemi takuar Aldo Shllakun, i cili \u00ebsht\u00eb nj\u00eb kompozitor (p\u00ebr vij\u00ebn muzikore t\u00eb prodhimeve filmike) dhe producent. Kemi biseduar p\u00ebr t\u00eb bashk\u00ebpunuar me t\u00eb n\u00eb t\u00eb ardhmen. Shp\u00ebtim Zero \u00ebsht\u00eb nj\u00eb tjet\u00ebr shqiptar i talentuar, i cili dizajnon gard\u00ebrob\u00ebn p\u00ebr filma t\u00eb ndrysh\u00ebm dhe kemi shum\u00eb d\u00ebshir\u00eb t\u00eb punojm\u00eb me t\u00eb n\u00eb filmin ton\u00eb t\u00eb ardhsh\u00ebm. Gjithashtu, ka shum\u00eb shqiptar\u00eb t\u00eb tjer\u00eb t\u00eb talentuar q\u00eb ne nuk i kemi takuar personalisht, por q\u00eb kemi kontakte t\u00eb vazhdueshme n\u00ebp\u00ebrmjet e-mail dhe facebook.<\/p>\n<p><em>Mendoni se n\u00eb nj\u00eb moment, do t\u00eb zgjeroheni dhe n\u00eb territorin shqiptar? Ndoshta dhe t\u00eb prodhoni nj\u00eb film shqiptar?<\/em><\/p>\n<p><strong>Vilma<\/strong> &#8211; At\u00ebher\u00eb&#8230; filmi yn\u00eb i tret\u00eb flet p\u00ebr shqiptar\u00ebt, por sigurisht q\u00eb ne d\u00ebshirojm\u00eb t\u00eb xhirojm\u00eb n\u00eb Shqip\u00ebri dhe t\u00eb bashk\u00ebpunojm\u00eb me artist\u00ebt aq t\u00eb talentuar shqiptar\u00eb me filmat e t\u00eb cil\u00ebve ne u rrit\u00ebm.<\/p>\n<p><em>OZM! Greta, kisha t\u00ebr\u00eb koh\u00ebs q\u00eb po mendoja dhe m\u00eb n\u00eb fund m&#8217;u kujtua! Nuk po mbaja mend ku ju kisha par\u00eb apo me k\u00eb po m\u00eb ngjanit dhe nuk e di n\u00ebse jua kan\u00eb th\u00ebn\u00eb k\u00ebt\u00eb m\u00eb par\u00eb, por m\u00eb ngjani shum\u00eb m\u00eb Holly Hunter kur ka pasur flok\u00ebt e zeza, sidomos tek &#8220;The Piano&#8221;. Sigurisht m\u00eb e bukur, por a s&#8217;po t\u00eb duket ashtu?<\/em><\/p>\n<p><strong>Greta<\/strong> &#8211; Wow, \u00ebsht\u00eb nj\u00eb kompliment i k\u00ebndsh\u00ebm! Jam fanse e madhe e saj, ajo \u00ebsht\u00eb nj\u00eb aktore e mrekullueshme, por mua m\u00eb kan\u00eb th\u00ebn\u00eb q\u00eb dukem m\u00eb shum\u00eb si Demi Moore apo Salma Hayek. Vilm\u00ebs i kan\u00eb th\u00ebn\u00eb q\u00eb duket m\u00eb tep\u00ebr si Holly Hunter. Faleminderit p\u00ebr komplimentin!<\/p>\n<p>&#8211; <em>Hahahaha! OK! E n\u00ebse nj\u00eb dit\u00eb, do t\u00eb merrnit Oskar, a e keni b\u00ebr\u00eb gati fjalimin? Un\u00eb e kam gati timin hahahaha&#8230;<\/em><\/p>\n<p><strong>Greta<\/strong> &#8211; Ajo \u00ebsht\u00eb di\u00e7ka e mir\u00eb p\u00ebr t&#8217;u menduar, por nuk kam shkruar gj\u00eb. N\u00ebse ndodh, patjet\u00ebr q\u00eb do jet\u00eb nj\u00eb fjalim ku do t\u00eb fal\u00ebnderoja njer\u00ebzit q\u00eb m\u00eb kan\u00eb ndihmuar n\u00eb karrier\u00ebn time, sidomos familjen q\u00eb ka qen\u00eb p\u00ebrkrah meje n\u00eb \u00e7do hap.<\/p>\n<p><em>\u00c7far\u00ebdo q\u00eb t\u00eb b\u00ebni, un\u00eb jam m\u00eb se i sigurt se ju do t\u00eb keni sukses. E shikoj q\u00eb tani, kur n\u00eb vitet e ardhshme &#8230; &#8220;Colored Film Presents&#8221;, t\u00eb shfaqet kudo n\u00eb ekranet e teatrove Amerikan\u00eb \ud83d\ude42 Suksese dhe ju uroj ve\u00e7 m\u00eb t\u00eb mira! <\/em><\/p>\n<p><strong>Vilma<\/strong> &#8211; Faleminderit shum\u00eb dhe ishte k\u00ebnaq\u00ebsi bisedimi me juve! Dhe ne jemi shum\u00eb optimiste p\u00ebr at\u00eb \u00e7ka e ardhmja do t\u00eb sjell\u00eb.<br \/>\n<strong>Greta<\/strong> &#8211; Faleminderit! Ishte v\u00ebrtet k\u00ebnaq\u00ebsi!<\/p>\n","protected":false},"excerpt":{"rendered":"<p>ELBINO, 16.01.2011 Vilma mb\u00ebrriti p\u00ebr her\u00eb t\u00eb par\u00eb n\u00eb Amerik\u00eb m\u00eb 1996-\u00ebn p\u00ebr t\u00eb ndjekur studimet e mesme n\u00eb Grants Pass, Oregon. M\u00eb pas, ajo do t\u00eb fitonte nj\u00eb burs\u00eb studimi n\u00eb &#8220;Waldford College&#8221; dhe shum\u00eb shpejt do t\u00eb ribashkohej me familjen e saj, e cila fal\u00eb lotaris\u00eb amerikane u shp\u00ebrngul n\u00eb Mi\u00e7igan t\u00eb SHBA-ve. [&hellip;]<\/p>\n","protected":false},"author":1,"featured_media":0,"comment_status":"open","ping_status":"closed","sticky":false,"template":"","format":"standard","meta":{"footnotes":""},"categories":[2,4],"tags":[],"class_list":{"0":"post-5686","1":"post","2":"type-post","3":"status-publish","4":"format-standard","6":"category-artikuj","7":"category-intervista"},"yoast_head":"<!-- This site is optimized with the Yoast SEO plugin v27.4 - https:\/\/yoast.com\/product\/yoast-seo-wordpress\/ -->\n<title>Vilma dhe Greta Zenelaj themelojn\u00eb n\u00eb Hollywood sht\u00ebpin\u00eb e filmit &#039;Colored Films&#039; - FjALA e LIR\u00cb - Arkivi<\/title>\n<meta name=\"robots\" content=\"index, follow, max-snippet:-1, max-image-preview:large, max-video-preview:-1\" \/>\n<link rel=\"canonical\" href=\"https:\/\/fjala.info\/2009-2015\/vilma-dhe-greta-zenelaj-themelojne-ne-hollywood-shtepine-e-filmit-colored-films\/\" \/>\n<meta property=\"og:locale\" content=\"sq_AL\" \/>\n<meta property=\"og:type\" content=\"article\" \/>\n<meta property=\"og:title\" content=\"Vilma dhe Greta Zenelaj themelojn\u00eb n\u00eb Hollywood sht\u00ebpin\u00eb e filmit &#039;Colored Films&#039; - FjALA e LIR\u00cb - Arkivi\" \/>\n<meta property=\"og:description\" content=\"ELBINO, 16.01.2011 Vilma mb\u00ebrriti p\u00ebr her\u00eb t\u00eb par\u00eb n\u00eb Amerik\u00eb m\u00eb 1996-\u00ebn p\u00ebr t\u00eb ndjekur studimet e mesme n\u00eb Grants Pass, Oregon. M\u00eb pas, ajo do t\u00eb fitonte nj\u00eb burs\u00eb studimi n\u00eb &#8220;Waldford College&#8221; dhe shum\u00eb shpejt do t\u00eb ribashkohej me familjen e saj, e cila fal\u00eb lotaris\u00eb amerikane u shp\u00ebrngul n\u00eb Mi\u00e7igan t\u00eb SHBA-ve. [&hellip;]\" \/>\n<meta property=\"og:url\" content=\"https:\/\/fjala.info\/2009-2015\/vilma-dhe-greta-zenelaj-themelojne-ne-hollywood-shtepine-e-filmit-colored-films\/\" \/>\n<meta property=\"og:site_name\" content=\"FjALA e LIR\u00cb - Arkivi\" \/>\n<meta property=\"article:published_time\" content=\"2011-01-17T06:08:27+00:00\" \/>\n<meta property=\"og:image\" content=\"http:\/\/fjala.shkoder.net\/wp-content\/uploads\/2011\/01\/vilma_greta_zenelaj.jpg\" \/>\n<meta name=\"author\" content=\"admin\" \/>\n<meta name=\"twitter:card\" content=\"summary_large_image\" \/>\n<meta name=\"twitter:label1\" content=\"Written by\" \/>\n\t<meta name=\"twitter:data1\" content=\"admin\" \/>\n\t<meta name=\"twitter:label2\" content=\"Est. reading time\" \/>\n\t<meta name=\"twitter:data2\" content=\"11 minutes\" \/>\n<script type=\"application\/ld+json\" class=\"yoast-schema-graph\">{\"@context\":\"https:\\\/\\\/schema.org\",\"@graph\":[{\"@type\":\"Article\",\"@id\":\"https:\\\/\\\/fjala.info\\\/2009-2015\\\/vilma-dhe-greta-zenelaj-themelojne-ne-hollywood-shtepine-e-filmit-colored-films\\\/#article\",\"isPartOf\":{\"@id\":\"https:\\\/\\\/fjala.info\\\/2009-2015\\\/vilma-dhe-greta-zenelaj-themelojne-ne-hollywood-shtepine-e-filmit-colored-films\\\/\"},\"author\":{\"name\":\"admin\",\"@id\":\"https:\\\/\\\/fjala.info\\\/2009-2015\\\/#\\\/schema\\\/person\\\/3aa1163ef05469c496fc94e77611ada2\"},\"headline\":\"Vilma dhe Greta Zenelaj themelojn\u00eb n\u00eb Hollywood sht\u00ebpin\u00eb e filmit &#8216;Colored Films&#8217;\",\"datePublished\":\"2011-01-17T06:08:27+00:00\",\"mainEntityOfPage\":{\"@id\":\"https:\\\/\\\/fjala.info\\\/2009-2015\\\/vilma-dhe-greta-zenelaj-themelojne-ne-hollywood-shtepine-e-filmit-colored-films\\\/\"},\"wordCount\":2217,\"commentCount\":0,\"publisher\":{\"@id\":\"https:\\\/\\\/fjala.info\\\/2009-2015\\\/#organization\"},\"image\":{\"@id\":\"https:\\\/\\\/fjala.info\\\/2009-2015\\\/vilma-dhe-greta-zenelaj-themelojne-ne-hollywood-shtepine-e-filmit-colored-films\\\/#primaryimage\"},\"thumbnailUrl\":\"http:\\\/\\\/fjala.shkoder.net\\\/wp-content\\\/uploads\\\/2011\\\/01\\\/vilma_greta_zenelaj.jpg\",\"articleSection\":[\"Artikuj\",\"Intervista\"],\"inLanguage\":\"sq-AL\",\"potentialAction\":[{\"@type\":\"CommentAction\",\"name\":\"Comment\",\"target\":[\"https:\\\/\\\/fjala.info\\\/2009-2015\\\/vilma-dhe-greta-zenelaj-themelojne-ne-hollywood-shtepine-e-filmit-colored-films\\\/#respond\"]}]},{\"@type\":\"WebPage\",\"@id\":\"https:\\\/\\\/fjala.info\\\/2009-2015\\\/vilma-dhe-greta-zenelaj-themelojne-ne-hollywood-shtepine-e-filmit-colored-films\\\/\",\"url\":\"https:\\\/\\\/fjala.info\\\/2009-2015\\\/vilma-dhe-greta-zenelaj-themelojne-ne-hollywood-shtepine-e-filmit-colored-films\\\/\",\"name\":\"Vilma dhe Greta Zenelaj themelojn\u00eb n\u00eb Hollywood sht\u00ebpin\u00eb e filmit 'Colored Films' - FjALA e LIR\u00cb - Arkivi\",\"isPartOf\":{\"@id\":\"https:\\\/\\\/fjala.info\\\/2009-2015\\\/#website\"},\"primaryImageOfPage\":{\"@id\":\"https:\\\/\\\/fjala.info\\\/2009-2015\\\/vilma-dhe-greta-zenelaj-themelojne-ne-hollywood-shtepine-e-filmit-colored-films\\\/#primaryimage\"},\"image\":{\"@id\":\"https:\\\/\\\/fjala.info\\\/2009-2015\\\/vilma-dhe-greta-zenelaj-themelojne-ne-hollywood-shtepine-e-filmit-colored-films\\\/#primaryimage\"},\"thumbnailUrl\":\"http:\\\/\\\/fjala.shkoder.net\\\/wp-content\\\/uploads\\\/2011\\\/01\\\/vilma_greta_zenelaj.jpg\",\"datePublished\":\"2011-01-17T06:08:27+00:00\",\"breadcrumb\":{\"@id\":\"https:\\\/\\\/fjala.info\\\/2009-2015\\\/vilma-dhe-greta-zenelaj-themelojne-ne-hollywood-shtepine-e-filmit-colored-films\\\/#breadcrumb\"},\"inLanguage\":\"sq-AL\",\"potentialAction\":[{\"@type\":\"ReadAction\",\"target\":[\"https:\\\/\\\/fjala.info\\\/2009-2015\\\/vilma-dhe-greta-zenelaj-themelojne-ne-hollywood-shtepine-e-filmit-colored-films\\\/\"]}]},{\"@type\":\"ImageObject\",\"inLanguage\":\"sq-AL\",\"@id\":\"https:\\\/\\\/fjala.info\\\/2009-2015\\\/vilma-dhe-greta-zenelaj-themelojne-ne-hollywood-shtepine-e-filmit-colored-films\\\/#primaryimage\",\"url\":\"http:\\\/\\\/fjala.shkoder.net\\\/wp-content\\\/uploads\\\/2011\\\/01\\\/vilma_greta_zenelaj.jpg\",\"contentUrl\":\"http:\\\/\\\/fjala.shkoder.net\\\/wp-content\\\/uploads\\\/2011\\\/01\\\/vilma_greta_zenelaj.jpg\"},{\"@type\":\"BreadcrumbList\",\"@id\":\"https:\\\/\\\/fjala.info\\\/2009-2015\\\/vilma-dhe-greta-zenelaj-themelojne-ne-hollywood-shtepine-e-filmit-colored-films\\\/#breadcrumb\",\"itemListElement\":[{\"@type\":\"ListItem\",\"position\":1,\"name\":\"Home\",\"item\":\"https:\\\/\\\/fjala.info\\\/2009-2015\\\/\"},{\"@type\":\"ListItem\",\"position\":2,\"name\":\"Vilma dhe Greta Zenelaj themelojn\u00eb n\u00eb Hollywood sht\u00ebpin\u00eb e filmit &#8216;Colored Films&#8217;\"}]},{\"@type\":\"WebSite\",\"@id\":\"https:\\\/\\\/fjala.info\\\/2009-2015\\\/#website\",\"url\":\"https:\\\/\\\/fjala.info\\\/2009-2015\\\/\",\"name\":\"FjALA e LIR\u00cb - Arkivi\",\"description\":\"Arkivi 2009-2015\",\"publisher\":{\"@id\":\"https:\\\/\\\/fjala.info\\\/2009-2015\\\/#organization\"},\"potentialAction\":[{\"@type\":\"SearchAction\",\"target\":{\"@type\":\"EntryPoint\",\"urlTemplate\":\"https:\\\/\\\/fjala.info\\\/2009-2015\\\/?s={search_term_string}\"},\"query-input\":{\"@type\":\"PropertyValueSpecification\",\"valueRequired\":true,\"valueName\":\"search_term_string\"}}],\"inLanguage\":\"sq-AL\"},{\"@type\":\"Organization\",\"@id\":\"https:\\\/\\\/fjala.info\\\/2009-2015\\\/#organization\",\"name\":\"FjALA e LIR\u00cb - Arkivi\",\"url\":\"https:\\\/\\\/fjala.info\\\/2009-2015\\\/\",\"logo\":{\"@type\":\"ImageObject\",\"inLanguage\":\"sq-AL\",\"@id\":\"https:\\\/\\\/fjala.info\\\/2009-2015\\\/#\\\/schema\\\/logo\\\/image\\\/\",\"url\":\"\",\"contentUrl\":\"\",\"caption\":\"FjALA e LIR\u00cb - Arkivi\"},\"image\":{\"@id\":\"https:\\\/\\\/fjala.info\\\/2009-2015\\\/#\\\/schema\\\/logo\\\/image\\\/\"}},{\"@type\":\"Person\",\"@id\":\"https:\\\/\\\/fjala.info\\\/2009-2015\\\/#\\\/schema\\\/person\\\/3aa1163ef05469c496fc94e77611ada2\",\"name\":\"admin\",\"image\":{\"@type\":\"ImageObject\",\"inLanguage\":\"sq-AL\",\"@id\":\"https:\\\/\\\/fjala.info\\\/2009-2015\\\/wp-content\\\/uploads\\\/2012\\\/02\\\/arben_cokaj-120x150.jpg\",\"url\":\"https:\\\/\\\/fjala.info\\\/2009-2015\\\/wp-content\\\/uploads\\\/2012\\\/02\\\/arben_cokaj-120x150.jpg\",\"contentUrl\":\"https:\\\/\\\/fjala.info\\\/2009-2015\\\/wp-content\\\/uploads\\\/2012\\\/02\\\/arben_cokaj-120x150.jpg\",\"caption\":\"admin\"},\"description\":\"Admin, Fjala e Lir\u00eb\",\"sameAs\":[\"https:\\\/\\\/fjala.info\\\/\"],\"url\":\"https:\\\/\\\/fjala.info\\\/2009-2015\\\/author\\\/admin\\\/\"}]}<\/script>\n<!-- \/ Yoast SEO plugin. -->","yoast_head_json":{"title":"Vilma dhe Greta Zenelaj themelojn\u00eb n\u00eb Hollywood sht\u00ebpin\u00eb e filmit 'Colored Films' - FjALA e LIR\u00cb - Arkivi","robots":{"index":"index","follow":"follow","max-snippet":"max-snippet:-1","max-image-preview":"max-image-preview:large","max-video-preview":"max-video-preview:-1"},"canonical":"https:\/\/fjala.info\/2009-2015\/vilma-dhe-greta-zenelaj-themelojne-ne-hollywood-shtepine-e-filmit-colored-films\/","og_locale":"sq_AL","og_type":"article","og_title":"Vilma dhe Greta Zenelaj themelojn\u00eb n\u00eb Hollywood sht\u00ebpin\u00eb e filmit 'Colored Films' - FjALA e LIR\u00cb - Arkivi","og_description":"ELBINO, 16.01.2011 Vilma mb\u00ebrriti p\u00ebr her\u00eb t\u00eb par\u00eb n\u00eb Amerik\u00eb m\u00eb 1996-\u00ebn p\u00ebr t\u00eb ndjekur studimet e mesme n\u00eb Grants Pass, Oregon. M\u00eb pas, ajo do t\u00eb fitonte nj\u00eb burs\u00eb studimi n\u00eb &#8220;Waldford College&#8221; dhe shum\u00eb shpejt do t\u00eb ribashkohej me familjen e saj, e cila fal\u00eb lotaris\u00eb amerikane u shp\u00ebrngul n\u00eb Mi\u00e7igan t\u00eb SHBA-ve. [&hellip;]","og_url":"https:\/\/fjala.info\/2009-2015\/vilma-dhe-greta-zenelaj-themelojne-ne-hollywood-shtepine-e-filmit-colored-films\/","og_site_name":"FjALA e LIR\u00cb - Arkivi","article_published_time":"2011-01-17T06:08:27+00:00","og_image":[{"url":"http:\/\/fjala.shkoder.net\/wp-content\/uploads\/2011\/01\/vilma_greta_zenelaj.jpg","type":"","width":"","height":""}],"author":"admin","twitter_card":"summary_large_image","twitter_misc":{"Written by":"admin","Est. reading time":"11 minutes"},"schema":{"@context":"https:\/\/schema.org","@graph":[{"@type":"Article","@id":"https:\/\/fjala.info\/2009-2015\/vilma-dhe-greta-zenelaj-themelojne-ne-hollywood-shtepine-e-filmit-colored-films\/#article","isPartOf":{"@id":"https:\/\/fjala.info\/2009-2015\/vilma-dhe-greta-zenelaj-themelojne-ne-hollywood-shtepine-e-filmit-colored-films\/"},"author":{"name":"admin","@id":"https:\/\/fjala.info\/2009-2015\/#\/schema\/person\/3aa1163ef05469c496fc94e77611ada2"},"headline":"Vilma dhe Greta Zenelaj themelojn\u00eb n\u00eb Hollywood sht\u00ebpin\u00eb e filmit &#8216;Colored Films&#8217;","datePublished":"2011-01-17T06:08:27+00:00","mainEntityOfPage":{"@id":"https:\/\/fjala.info\/2009-2015\/vilma-dhe-greta-zenelaj-themelojne-ne-hollywood-shtepine-e-filmit-colored-films\/"},"wordCount":2217,"commentCount":0,"publisher":{"@id":"https:\/\/fjala.info\/2009-2015\/#organization"},"image":{"@id":"https:\/\/fjala.info\/2009-2015\/vilma-dhe-greta-zenelaj-themelojne-ne-hollywood-shtepine-e-filmit-colored-films\/#primaryimage"},"thumbnailUrl":"http:\/\/fjala.shkoder.net\/wp-content\/uploads\/2011\/01\/vilma_greta_zenelaj.jpg","articleSection":["Artikuj","Intervista"],"inLanguage":"sq-AL","potentialAction":[{"@type":"CommentAction","name":"Comment","target":["https:\/\/fjala.info\/2009-2015\/vilma-dhe-greta-zenelaj-themelojne-ne-hollywood-shtepine-e-filmit-colored-films\/#respond"]}]},{"@type":"WebPage","@id":"https:\/\/fjala.info\/2009-2015\/vilma-dhe-greta-zenelaj-themelojne-ne-hollywood-shtepine-e-filmit-colored-films\/","url":"https:\/\/fjala.info\/2009-2015\/vilma-dhe-greta-zenelaj-themelojne-ne-hollywood-shtepine-e-filmit-colored-films\/","name":"Vilma dhe Greta Zenelaj themelojn\u00eb n\u00eb Hollywood sht\u00ebpin\u00eb e filmit 'Colored Films' - FjALA e LIR\u00cb - Arkivi","isPartOf":{"@id":"https:\/\/fjala.info\/2009-2015\/#website"},"primaryImageOfPage":{"@id":"https:\/\/fjala.info\/2009-2015\/vilma-dhe-greta-zenelaj-themelojne-ne-hollywood-shtepine-e-filmit-colored-films\/#primaryimage"},"image":{"@id":"https:\/\/fjala.info\/2009-2015\/vilma-dhe-greta-zenelaj-themelojne-ne-hollywood-shtepine-e-filmit-colored-films\/#primaryimage"},"thumbnailUrl":"http:\/\/fjala.shkoder.net\/wp-content\/uploads\/2011\/01\/vilma_greta_zenelaj.jpg","datePublished":"2011-01-17T06:08:27+00:00","breadcrumb":{"@id":"https:\/\/fjala.info\/2009-2015\/vilma-dhe-greta-zenelaj-themelojne-ne-hollywood-shtepine-e-filmit-colored-films\/#breadcrumb"},"inLanguage":"sq-AL","potentialAction":[{"@type":"ReadAction","target":["https:\/\/fjala.info\/2009-2015\/vilma-dhe-greta-zenelaj-themelojne-ne-hollywood-shtepine-e-filmit-colored-films\/"]}]},{"@type":"ImageObject","inLanguage":"sq-AL","@id":"https:\/\/fjala.info\/2009-2015\/vilma-dhe-greta-zenelaj-themelojne-ne-hollywood-shtepine-e-filmit-colored-films\/#primaryimage","url":"http:\/\/fjala.shkoder.net\/wp-content\/uploads\/2011\/01\/vilma_greta_zenelaj.jpg","contentUrl":"http:\/\/fjala.shkoder.net\/wp-content\/uploads\/2011\/01\/vilma_greta_zenelaj.jpg"},{"@type":"BreadcrumbList","@id":"https:\/\/fjala.info\/2009-2015\/vilma-dhe-greta-zenelaj-themelojne-ne-hollywood-shtepine-e-filmit-colored-films\/#breadcrumb","itemListElement":[{"@type":"ListItem","position":1,"name":"Home","item":"https:\/\/fjala.info\/2009-2015\/"},{"@type":"ListItem","position":2,"name":"Vilma dhe Greta Zenelaj themelojn\u00eb n\u00eb Hollywood sht\u00ebpin\u00eb e filmit &#8216;Colored Films&#8217;"}]},{"@type":"WebSite","@id":"https:\/\/fjala.info\/2009-2015\/#website","url":"https:\/\/fjala.info\/2009-2015\/","name":"FjALA e LIR\u00cb - Arkivi","description":"Arkivi 2009-2015","publisher":{"@id":"https:\/\/fjala.info\/2009-2015\/#organization"},"potentialAction":[{"@type":"SearchAction","target":{"@type":"EntryPoint","urlTemplate":"https:\/\/fjala.info\/2009-2015\/?s={search_term_string}"},"query-input":{"@type":"PropertyValueSpecification","valueRequired":true,"valueName":"search_term_string"}}],"inLanguage":"sq-AL"},{"@type":"Organization","@id":"https:\/\/fjala.info\/2009-2015\/#organization","name":"FjALA e LIR\u00cb - Arkivi","url":"https:\/\/fjala.info\/2009-2015\/","logo":{"@type":"ImageObject","inLanguage":"sq-AL","@id":"https:\/\/fjala.info\/2009-2015\/#\/schema\/logo\/image\/","url":"","contentUrl":"","caption":"FjALA e LIR\u00cb - Arkivi"},"image":{"@id":"https:\/\/fjala.info\/2009-2015\/#\/schema\/logo\/image\/"}},{"@type":"Person","@id":"https:\/\/fjala.info\/2009-2015\/#\/schema\/person\/3aa1163ef05469c496fc94e77611ada2","name":"admin","image":{"@type":"ImageObject","inLanguage":"sq-AL","@id":"https:\/\/fjala.info\/2009-2015\/wp-content\/uploads\/2012\/02\/arben_cokaj-120x150.jpg","url":"https:\/\/fjala.info\/2009-2015\/wp-content\/uploads\/2012\/02\/arben_cokaj-120x150.jpg","contentUrl":"https:\/\/fjala.info\/2009-2015\/wp-content\/uploads\/2012\/02\/arben_cokaj-120x150.jpg","caption":"admin"},"description":"Admin, Fjala e Lir\u00eb","sameAs":["https:\/\/fjala.info\/"],"url":"https:\/\/fjala.info\/2009-2015\/author\/admin\/"}]}},"_links":{"self":[{"href":"https:\/\/fjala.info\/2009-2015\/wp-json\/wp\/v2\/posts\/5686","targetHints":{"allow":["GET"]}}],"collection":[{"href":"https:\/\/fjala.info\/2009-2015\/wp-json\/wp\/v2\/posts"}],"about":[{"href":"https:\/\/fjala.info\/2009-2015\/wp-json\/wp\/v2\/types\/post"}],"author":[{"embeddable":true,"href":"https:\/\/fjala.info\/2009-2015\/wp-json\/wp\/v2\/users\/1"}],"replies":[{"embeddable":true,"href":"https:\/\/fjala.info\/2009-2015\/wp-json\/wp\/v2\/comments?post=5686"}],"version-history":[{"count":0,"href":"https:\/\/fjala.info\/2009-2015\/wp-json\/wp\/v2\/posts\/5686\/revisions"}],"wp:attachment":[{"href":"https:\/\/fjala.info\/2009-2015\/wp-json\/wp\/v2\/media?parent=5686"}],"wp:term":[{"taxonomy":"category","embeddable":true,"href":"https:\/\/fjala.info\/2009-2015\/wp-json\/wp\/v2\/categories?post=5686"},{"taxonomy":"post_tag","embeddable":true,"href":"https:\/\/fjala.info\/2009-2015\/wp-json\/wp\/v2\/tags?post=5686"}],"curies":[{"name":"wp","href":"https:\/\/api.w.org\/{rel}","templated":true}]}}