{"id":5684,"date":"2011-01-16T11:31:43","date_gmt":"2011-01-16T10:31:43","guid":{"rendered":"http:\/\/fjala.shkoder.net\/?p=5684"},"modified":"2011-01-16T11:31:43","modified_gmt":"2011-01-16T10:31:43","slug":"beteja-kunder-lajmesit","status":"publish","type":"post","link":"https:\/\/fjala.info\/2009-2015\/beteja-kunder-lajmesit\/","title":{"rendered":"Beteja kund\u00ebr \u201clajm\u00ebsit\u201d"},"content":{"rendered":"<p><img loading=\"lazy\" decoding=\"async\" class=\"alignright size-full wp-image-4090\" title=\"Mero Baze\" src=\"http:\/\/fjala.shkoder.net\/wp-content\/uploads\/2010\/10\/mero_baze1.jpg\" alt=\"\" width=\"149\" height=\"200\" \/><br \/>\n<strong>Mero Baze<\/strong><\/p>\n<p>U b\u00ebn\u00eb dy dit\u00eb q\u00eb Sali Berisha dhe Ilir Meta po mallkojn\u00eb shtypin. I pari \u00ebsht\u00eb fokusuar tek Filip \u00c7akuli, drejtori i emisionit Fiks Fare, i cili i ka rr\u00ebzuar Berish\u00ebs m\u00eb shum\u00eb ministra se sa ka nd\u00ebrruar ai vet\u00eb. Ky i dyti ka dy- tri dit\u00eb q\u00eb merret me mua, pasi mendon se kam hartuar nj\u00eb plan p\u00ebr rr\u00ebzimin e tij. Nuk do t\u2019ia vlente t\u00eb merreshim me paranojat e njer\u00ebzve q\u00eb po u l\u00ebviz karrigia n\u00ebn vete, por m\u00eb duhet t\u00eb ndalem p\u00ebr hir t\u00eb koleg\u00ebve t\u00eb mi gazetar\u00eb dhe atyre q\u00eb kjo kupol\u00eb e plasaritur pushteti k\u00ebrkon t\u00eb frik\u00ebsoj\u00eb.<\/p>\n<p>Sali Berisha e njeh mir\u00eb Filip \u00c7akulin. Ai \u00ebsht\u00eb nj\u00eb nga themeluesit e Rilindjes Demokratike dhe nj\u00eb nga gazetar\u00ebt m\u00eb jet\u00ebgjat\u00eb n\u00eb t\u00eb, mos gaboj ka ikur prej andej diku nga viti 2003, kur ka nisur emisionin Fiks Fare. Nuk dua t\u00eb fyej kolegun \u00c7akuli duke ju lutur Berish\u00ebs t\u2019i njoh\u00eb ndonj\u00eb merit\u00eb p\u00ebr t\u00eb si gazetar, por e theksoj k\u00ebt\u00eb fakt pasi Berisha ka ruajtur gjat\u00eb qet\u00ebsin\u00eb me kritikat e kolegut \u00c7akuli. Arsyet pse ka disa dit\u00eb rresht q\u00eb b\u00ebn deklarata zyrtare kund\u00ebr tij, nuk kan\u00eb t\u00eb b\u00ebjn\u00eb me Filip \u00c7akulin.<\/p>\n<p>Si\u00e7 e njeh Berisha dhe ne t\u00eb gjith\u00eb, k\u00ebto sulme Filipi i koleksionon q\u00eb t\u2019i ket\u00eb subjekte humori n\u00eb t\u00eb ardhmen. K\u00ebt\u00eb Berisha e di mir\u00eb. Ul\u00ebrimat dhe histerit\u00eb e tij kund\u00ebr Filip \u00c7akulit b\u00ebhen q\u00eb t\u00eb frik\u00ebsohet gazetaria kritike ndaj tij dhe askush t\u00eb mos guxoj\u00eb t\u00eb jet\u00eb n\u00eb an\u00ebn e \u00c7akulit n\u00ebse ndoshta ndonj\u00eb dit\u00eb del ndonj\u00eb raport mbi jet\u00ebn e tij si sekretar partie, si urdh\u00ebrues internimesh apo ndonj\u00eb pazar i f\u00ebmij\u00ebve t\u00eb tij me sekser\u00ebt e familjes. Sali Berisha ka vendosur t\u2019i dal\u00eb para \u00e7do t\u00eb keqeje, dhe t\u00eb shpall\u00eb demon gazetarin q\u00eb t\u00eb vetmin moment relaksi n\u00eb dit\u00ebn e tij t\u00eb pun\u00ebs ka kur d\u00ebgjon Sali Berish\u00ebn ta shaj\u00eb.<\/p>\n<p>E theksova m\u00eb lart se Sali Berisha ka ruajtur gjat\u00eb qet\u00ebsin\u00eb me Filip \u00e7akulin edhe kur ai e ka tallur, kur e ka ballafaquar me g\u00ebnjeshtrat e veta, kur i ka denoncuar vjedhjet dhe problemet brenda PD-s\u00eb. \u00cbsht\u00eb hera e par\u00eb q\u00eb Sali Berisha, pasi ka ngrir\u00eb raportet me t\u00eb, e sulmon n\u00eb m\u00ebnyr\u00eb banale si burracak. Kjo humbje e qet\u00ebsis\u00eb s\u00eb tij \u00ebsht\u00eb lakmuesi m\u00eb i mir\u00eb i gjendjes s\u00eb tij reale shpirt\u00ebrore dhe makthit ku e kan\u00eb futur skandalet e qeveris\u00eb dhe familjes s\u00eb tij. Ai \u00ebsht\u00eb sot nj\u00eb njeri q\u00eb m\u00eb shum\u00eb se ne t\u00eb tjer\u00ebt, m\u00eb shum\u00eb se Filip \u00c7akuli, m\u00eb shum\u00eb se un\u00eb, m\u00eb shum\u00eb se \u00e7do koleg i yni, k\u00ebrkon t\u00eb dij\u00eb v\u00ebrtet \u00e7\u2019i ka b\u00ebr\u00eb djali, \u00e7\u2019i ka b\u00ebr\u00eb vajza, \u00e7\u2019i kan\u00eb b\u00ebr\u00eb mbesat dhe nipat e pafund t\u00eb gruas dhe t\u00eb tij, \u00e7\u2019i kan\u00eb b\u00ebr\u00eb kunet\u00ebrit dhe baxhanak\u00ebt, kush ka vjedhur dhe kush \u00ebsht\u00eb kapur\u2026<\/p>\n<p>Jan\u00eb pyetje ankthi pa fund, q\u00eb e kan\u00eb rr\u00ebnuar n\u00eb fytyr\u00eb, e kan\u00eb mplakur m\u00eb shum\u00eb se sa mosha biologjike, dhe e kan\u00eb roitur m\u00eb shum\u00eb se sa lejohet t\u00eb na p\u00ebrfaq\u00ebsoj\u00eb nj\u00eb njeri normal. E kan\u00eb b\u00ebr\u00eb thjesht nj\u00eb bish\u00eb t\u00eb eg\u00ebrsuar, q\u00eb mendon se ai nuk ka faj q\u00eb vjedh, se nuk ka faj q\u00eb vret, se nuk ka faj q\u00eb mbron hajdut\u00ebt, por kan\u00eb faj \u201clajm\u00ebsit\u201d q\u00eb u thon\u00eb shqiptar\u00ebve t\u00eb v\u00ebrtet\u00ebn. P\u00ebr ironi t\u00eb fatit n\u00eb p\u00ebrvjetorin e 20-t\u00eb t\u00eb gazet\u00ebs s\u00eb par\u00eb pluraliste n\u00eb vend pas r\u00ebnies s\u00eb komunizmit, ai u sforcua t\u00eb p\u00ebrmendte betimin e tij se \u201clajm\u00ebsi nuk preket\u201d, por ka q\u00eb nga e \u201cmarta e zez\u00eb\u201d e tij q\u00eb vet\u00ebm me lajm\u00ebsin po merret. Ka harruar p\u00ebr nj\u00eb moment q\u00eb n\u00eb zyr\u00eb t\u00eb Dritan Priftit nuk ka qen\u00eb Filip \u00c7akuli, por Ilir Meta dhe e ka pranuar.<\/p>\n<p>Me Dritan Priftin nuk ka folur Filip \u00c7akuli, por Ilir Meta dhe e ka pranuar. G\u00ebnjeshtrat p\u00ebr vendime gjyqesh t\u00eb pamarra nuk i ka zbuluar Filip \u00c7akuli, por drejt\u00ebsia shqiptare, dhe kjo \u00ebsht\u00eb e provuar. Pazaret p\u00ebr HEC dhe tendera n\u00eb Albpetrol n\u00eb favor t\u00eb grupeve t\u00eb dyshimta financiare nuk i ka b\u00ebr\u00eb Filip \u00c7akuli, por Ilir Meta. Qet\u00ebsia e humbur e Sali Berish\u00ebs me \u201clajm\u00ebsin\u201d n\u00eb k\u00ebt\u00eb rast d\u00ebshmon se ai ka qen\u00eb koshient p\u00ebr gjith\u00eb \u00e7ka ndodhur, dhe projekti i tij diabolik p\u00ebr t\u00eb qeverisur duke vjedhur qenka i bazuar mbi mbylljen e goj\u00ebs s\u00eb shtypit. Dhe nuk \u00ebsht\u00eb se nuk ka arritur suksese n\u00eb k\u00ebt\u00eb drejtim.<\/p>\n<p>Por si\u00e7 ndodh r\u00ebndom, milionat q\u00eb harxhon p\u00ebr t\u2019i mbyllur goj\u00ebn nj\u00eb medie t\u2019i hedh\u00eb n\u00eb ujin e pist\u00eb t\u00eb Lan\u00ebs qoft\u00eb dhe nj\u00eb ekran, qoft\u00eb dhe nj\u00eb cep gazete, qoft\u00eb dhe nj\u00eb tavolin\u00eb emisioni. P\u00ebrve\u00e7 vendeve ku diktaturat e kan\u00eb me ligj mbylljen e goj\u00ebs, \u00e7do shoq\u00ebri autoritare ku sundon korrupsioni, varf\u00ebria dhe despotizmi politik, e ka humbur gjithmon\u00eb betej\u00ebn me z\u00ebrat kritik\u00eb n\u00eb shtyp. Sali Berisha \u00ebsht\u00eb thjesht duke i nd\u00ebrtuar nj\u00eb piedestal lavdie gazetarit q\u00eb u tregoi shqiptar\u00ebve fytyr\u00ebn e pushtetit t\u00eb tij, edhe pse realisht nuk e ka me \u00e7far\u00eb ka b\u00ebr\u00eb ky gazetar, por me \u00e7far\u00eb mund t\u00eb b\u00ebj\u00eb.<\/p>\n<p>P\u00ebr Ilir Met\u00ebn nuk kam \u00e7far\u00eb t\u00eb them edhe pse ai po merret p\u00ebrdit\u00eb me mua. Ai \u00ebsht\u00eb ende n\u00eb spazmat e dhimbjes nga ikja prej karriges dhe mendon se \u00ebsht\u00eb krim q\u00eb nj\u00eb gazetar t\u00eb angazhohet kund\u00ebr tij edhe si gazetar, edhe si qytetar. Nuk kam p\u00ebrgjigje p\u00ebr t\u00eb, pasi ndryshe nga Berisha, ai nuk tremb m\u00eb ask\u00ebnd, por b\u00ebrtet me z\u00eb t\u00eb lart q\u00eb t\u2019i dal\u00eb frika nga ata q\u00eb i rrin\u00eb rrotull dhe e shikojn\u00eb n\u00eb sy t\u00eb zem\u00ebruar q\u00eb u nd\u00ebrpreu \u00ebndrr\u00ebn e pla\u00e7kitjes s\u00eb k\u00ebtij vendi. Le t\u00eb ik\u00eb t\u00eb qet\u00ebsohet se ka b\u00ebr\u00eb aq lek sa t\u00eb shp\u00ebtoj\u00eb prej tyre, por jo prej historis\u00eb.<\/p>\n","protected":false},"excerpt":{"rendered":"<p>Mero Baze U b\u00ebn\u00eb dy dit\u00eb q\u00eb Sali Berisha dhe Ilir Meta po mallkojn\u00eb shtypin. I pari \u00ebsht\u00eb fokusuar tek Filip \u00c7akuli, drejtori i emisionit Fiks Fare, i cili i ka rr\u00ebzuar Berish\u00ebs m\u00eb shum\u00eb ministra se sa ka nd\u00ebrruar ai vet\u00eb. Ky i dyti ka dy- tri dit\u00eb q\u00eb merret me mua, pasi mendon [&hellip;]<\/p>\n","protected":false},"author":1,"featured_media":0,"comment_status":"open","ping_status":"closed","sticky":false,"template":"","format":"standard","meta":{"footnotes":""},"categories":[2],"tags":[],"class_list":{"0":"post-5684","1":"post","2":"type-post","3":"status-publish","4":"format-standard","6":"category-artikuj"},"yoast_head":"<!-- This site is optimized with the Yoast SEO plugin v27.4 - https:\/\/yoast.com\/product\/yoast-seo-wordpress\/ -->\n<title>Beteja kund\u00ebr \u201clajm\u00ebsit\u201d - FjALA e LIR\u00cb - Arkivi<\/title>\n<meta name=\"robots\" content=\"index, follow, max-snippet:-1, max-image-preview:large, max-video-preview:-1\" \/>\n<link rel=\"canonical\" href=\"https:\/\/fjala.info\/2009-2015\/beteja-kunder-lajmesit\/\" \/>\n<meta property=\"og:locale\" content=\"sq_AL\" \/>\n<meta property=\"og:type\" content=\"article\" \/>\n<meta property=\"og:title\" content=\"Beteja kund\u00ebr \u201clajm\u00ebsit\u201d - FjALA e LIR\u00cb - Arkivi\" \/>\n<meta property=\"og:description\" content=\"Mero Baze U b\u00ebn\u00eb dy dit\u00eb q\u00eb Sali Berisha dhe Ilir Meta po mallkojn\u00eb shtypin. I pari \u00ebsht\u00eb fokusuar tek Filip \u00c7akuli, drejtori i emisionit Fiks Fare, i cili i ka rr\u00ebzuar Berish\u00ebs m\u00eb shum\u00eb ministra se sa ka nd\u00ebrruar ai vet\u00eb. Ky i dyti ka dy- tri dit\u00eb q\u00eb merret me mua, pasi mendon [&hellip;]\" \/>\n<meta property=\"og:url\" content=\"https:\/\/fjala.info\/2009-2015\/beteja-kunder-lajmesit\/\" \/>\n<meta property=\"og:site_name\" content=\"FjALA e LIR\u00cb - Arkivi\" \/>\n<meta property=\"article:published_time\" content=\"2011-01-16T10:31:43+00:00\" \/>\n<meta property=\"og:image\" content=\"http:\/\/fjala.shkoder.net\/wp-content\/uploads\/2010\/10\/mero_baze1.jpg\" \/>\n<meta name=\"author\" content=\"admin\" \/>\n<meta name=\"twitter:card\" content=\"summary_large_image\" \/>\n<meta name=\"twitter:label1\" content=\"Written by\" \/>\n\t<meta name=\"twitter:data1\" content=\"admin\" \/>\n\t<meta name=\"twitter:label2\" content=\"Est. reading time\" \/>\n\t<meta name=\"twitter:data2\" content=\"5 minutes\" \/>\n<script type=\"application\/ld+json\" class=\"yoast-schema-graph\">{\"@context\":\"https:\\\/\\\/schema.org\",\"@graph\":[{\"@type\":\"Article\",\"@id\":\"https:\\\/\\\/fjala.info\\\/2009-2015\\\/beteja-kunder-lajmesit\\\/#article\",\"isPartOf\":{\"@id\":\"https:\\\/\\\/fjala.info\\\/2009-2015\\\/beteja-kunder-lajmesit\\\/\"},\"author\":{\"name\":\"admin\",\"@id\":\"https:\\\/\\\/fjala.info\\\/2009-2015\\\/#\\\/schema\\\/person\\\/3aa1163ef05469c496fc94e77611ada2\"},\"headline\":\"Beteja kund\u00ebr \u201clajm\u00ebsit\u201d\",\"datePublished\":\"2011-01-16T10:31:43+00:00\",\"mainEntityOfPage\":{\"@id\":\"https:\\\/\\\/fjala.info\\\/2009-2015\\\/beteja-kunder-lajmesit\\\/\"},\"wordCount\":1059,\"commentCount\":0,\"publisher\":{\"@id\":\"https:\\\/\\\/fjala.info\\\/2009-2015\\\/#organization\"},\"image\":{\"@id\":\"https:\\\/\\\/fjala.info\\\/2009-2015\\\/beteja-kunder-lajmesit\\\/#primaryimage\"},\"thumbnailUrl\":\"http:\\\/\\\/fjala.shkoder.net\\\/wp-content\\\/uploads\\\/2010\\\/10\\\/mero_baze1.jpg\",\"articleSection\":[\"Artikuj\"],\"inLanguage\":\"sq-AL\",\"potentialAction\":[{\"@type\":\"CommentAction\",\"name\":\"Comment\",\"target\":[\"https:\\\/\\\/fjala.info\\\/2009-2015\\\/beteja-kunder-lajmesit\\\/#respond\"]}]},{\"@type\":\"WebPage\",\"@id\":\"https:\\\/\\\/fjala.info\\\/2009-2015\\\/beteja-kunder-lajmesit\\\/\",\"url\":\"https:\\\/\\\/fjala.info\\\/2009-2015\\\/beteja-kunder-lajmesit\\\/\",\"name\":\"Beteja kund\u00ebr \u201clajm\u00ebsit\u201d - FjALA e LIR\u00cb - Arkivi\",\"isPartOf\":{\"@id\":\"https:\\\/\\\/fjala.info\\\/2009-2015\\\/#website\"},\"primaryImageOfPage\":{\"@id\":\"https:\\\/\\\/fjala.info\\\/2009-2015\\\/beteja-kunder-lajmesit\\\/#primaryimage\"},\"image\":{\"@id\":\"https:\\\/\\\/fjala.info\\\/2009-2015\\\/beteja-kunder-lajmesit\\\/#primaryimage\"},\"thumbnailUrl\":\"http:\\\/\\\/fjala.shkoder.net\\\/wp-content\\\/uploads\\\/2010\\\/10\\\/mero_baze1.jpg\",\"datePublished\":\"2011-01-16T10:31:43+00:00\",\"breadcrumb\":{\"@id\":\"https:\\\/\\\/fjala.info\\\/2009-2015\\\/beteja-kunder-lajmesit\\\/#breadcrumb\"},\"inLanguage\":\"sq-AL\",\"potentialAction\":[{\"@type\":\"ReadAction\",\"target\":[\"https:\\\/\\\/fjala.info\\\/2009-2015\\\/beteja-kunder-lajmesit\\\/\"]}]},{\"@type\":\"ImageObject\",\"inLanguage\":\"sq-AL\",\"@id\":\"https:\\\/\\\/fjala.info\\\/2009-2015\\\/beteja-kunder-lajmesit\\\/#primaryimage\",\"url\":\"http:\\\/\\\/fjala.shkoder.net\\\/wp-content\\\/uploads\\\/2010\\\/10\\\/mero_baze1.jpg\",\"contentUrl\":\"http:\\\/\\\/fjala.shkoder.net\\\/wp-content\\\/uploads\\\/2010\\\/10\\\/mero_baze1.jpg\"},{\"@type\":\"BreadcrumbList\",\"@id\":\"https:\\\/\\\/fjala.info\\\/2009-2015\\\/beteja-kunder-lajmesit\\\/#breadcrumb\",\"itemListElement\":[{\"@type\":\"ListItem\",\"position\":1,\"name\":\"Home\",\"item\":\"https:\\\/\\\/fjala.info\\\/2009-2015\\\/\"},{\"@type\":\"ListItem\",\"position\":2,\"name\":\"Beteja kund\u00ebr \u201clajm\u00ebsit\u201d\"}]},{\"@type\":\"WebSite\",\"@id\":\"https:\\\/\\\/fjala.info\\\/2009-2015\\\/#website\",\"url\":\"https:\\\/\\\/fjala.info\\\/2009-2015\\\/\",\"name\":\"FjALA e LIR\u00cb - Arkivi\",\"description\":\"Arkivi 2009-2015\",\"publisher\":{\"@id\":\"https:\\\/\\\/fjala.info\\\/2009-2015\\\/#organization\"},\"potentialAction\":[{\"@type\":\"SearchAction\",\"target\":{\"@type\":\"EntryPoint\",\"urlTemplate\":\"https:\\\/\\\/fjala.info\\\/2009-2015\\\/?s={search_term_string}\"},\"query-input\":{\"@type\":\"PropertyValueSpecification\",\"valueRequired\":true,\"valueName\":\"search_term_string\"}}],\"inLanguage\":\"sq-AL\"},{\"@type\":\"Organization\",\"@id\":\"https:\\\/\\\/fjala.info\\\/2009-2015\\\/#organization\",\"name\":\"FjALA e LIR\u00cb - Arkivi\",\"url\":\"https:\\\/\\\/fjala.info\\\/2009-2015\\\/\",\"logo\":{\"@type\":\"ImageObject\",\"inLanguage\":\"sq-AL\",\"@id\":\"https:\\\/\\\/fjala.info\\\/2009-2015\\\/#\\\/schema\\\/logo\\\/image\\\/\",\"url\":\"\",\"contentUrl\":\"\",\"caption\":\"FjALA e LIR\u00cb - Arkivi\"},\"image\":{\"@id\":\"https:\\\/\\\/fjala.info\\\/2009-2015\\\/#\\\/schema\\\/logo\\\/image\\\/\"}},{\"@type\":\"Person\",\"@id\":\"https:\\\/\\\/fjala.info\\\/2009-2015\\\/#\\\/schema\\\/person\\\/3aa1163ef05469c496fc94e77611ada2\",\"name\":\"admin\",\"image\":{\"@type\":\"ImageObject\",\"inLanguage\":\"sq-AL\",\"@id\":\"https:\\\/\\\/fjala.info\\\/2009-2015\\\/wp-content\\\/uploads\\\/2012\\\/02\\\/arben_cokaj-120x150.jpg\",\"url\":\"https:\\\/\\\/fjala.info\\\/2009-2015\\\/wp-content\\\/uploads\\\/2012\\\/02\\\/arben_cokaj-120x150.jpg\",\"contentUrl\":\"https:\\\/\\\/fjala.info\\\/2009-2015\\\/wp-content\\\/uploads\\\/2012\\\/02\\\/arben_cokaj-120x150.jpg\",\"caption\":\"admin\"},\"description\":\"Admin, Fjala e Lir\u00eb\",\"sameAs\":[\"https:\\\/\\\/fjala.info\\\/\"],\"url\":\"https:\\\/\\\/fjala.info\\\/2009-2015\\\/author\\\/admin\\\/\"}]}<\/script>\n<!-- \/ Yoast SEO plugin. -->","yoast_head_json":{"title":"Beteja kund\u00ebr \u201clajm\u00ebsit\u201d - FjALA e LIR\u00cb - Arkivi","robots":{"index":"index","follow":"follow","max-snippet":"max-snippet:-1","max-image-preview":"max-image-preview:large","max-video-preview":"max-video-preview:-1"},"canonical":"https:\/\/fjala.info\/2009-2015\/beteja-kunder-lajmesit\/","og_locale":"sq_AL","og_type":"article","og_title":"Beteja kund\u00ebr \u201clajm\u00ebsit\u201d - FjALA e LIR\u00cb - Arkivi","og_description":"Mero Baze U b\u00ebn\u00eb dy dit\u00eb q\u00eb Sali Berisha dhe Ilir Meta po mallkojn\u00eb shtypin. I pari \u00ebsht\u00eb fokusuar tek Filip \u00c7akuli, drejtori i emisionit Fiks Fare, i cili i ka rr\u00ebzuar Berish\u00ebs m\u00eb shum\u00eb ministra se sa ka nd\u00ebrruar ai vet\u00eb. Ky i dyti ka dy- tri dit\u00eb q\u00eb merret me mua, pasi mendon [&hellip;]","og_url":"https:\/\/fjala.info\/2009-2015\/beteja-kunder-lajmesit\/","og_site_name":"FjALA e LIR\u00cb - Arkivi","article_published_time":"2011-01-16T10:31:43+00:00","og_image":[{"url":"http:\/\/fjala.shkoder.net\/wp-content\/uploads\/2010\/10\/mero_baze1.jpg","type":"","width":"","height":""}],"author":"admin","twitter_card":"summary_large_image","twitter_misc":{"Written by":"admin","Est. reading time":"5 minutes"},"schema":{"@context":"https:\/\/schema.org","@graph":[{"@type":"Article","@id":"https:\/\/fjala.info\/2009-2015\/beteja-kunder-lajmesit\/#article","isPartOf":{"@id":"https:\/\/fjala.info\/2009-2015\/beteja-kunder-lajmesit\/"},"author":{"name":"admin","@id":"https:\/\/fjala.info\/2009-2015\/#\/schema\/person\/3aa1163ef05469c496fc94e77611ada2"},"headline":"Beteja kund\u00ebr \u201clajm\u00ebsit\u201d","datePublished":"2011-01-16T10:31:43+00:00","mainEntityOfPage":{"@id":"https:\/\/fjala.info\/2009-2015\/beteja-kunder-lajmesit\/"},"wordCount":1059,"commentCount":0,"publisher":{"@id":"https:\/\/fjala.info\/2009-2015\/#organization"},"image":{"@id":"https:\/\/fjala.info\/2009-2015\/beteja-kunder-lajmesit\/#primaryimage"},"thumbnailUrl":"http:\/\/fjala.shkoder.net\/wp-content\/uploads\/2010\/10\/mero_baze1.jpg","articleSection":["Artikuj"],"inLanguage":"sq-AL","potentialAction":[{"@type":"CommentAction","name":"Comment","target":["https:\/\/fjala.info\/2009-2015\/beteja-kunder-lajmesit\/#respond"]}]},{"@type":"WebPage","@id":"https:\/\/fjala.info\/2009-2015\/beteja-kunder-lajmesit\/","url":"https:\/\/fjala.info\/2009-2015\/beteja-kunder-lajmesit\/","name":"Beteja kund\u00ebr \u201clajm\u00ebsit\u201d - FjALA e LIR\u00cb - Arkivi","isPartOf":{"@id":"https:\/\/fjala.info\/2009-2015\/#website"},"primaryImageOfPage":{"@id":"https:\/\/fjala.info\/2009-2015\/beteja-kunder-lajmesit\/#primaryimage"},"image":{"@id":"https:\/\/fjala.info\/2009-2015\/beteja-kunder-lajmesit\/#primaryimage"},"thumbnailUrl":"http:\/\/fjala.shkoder.net\/wp-content\/uploads\/2010\/10\/mero_baze1.jpg","datePublished":"2011-01-16T10:31:43+00:00","breadcrumb":{"@id":"https:\/\/fjala.info\/2009-2015\/beteja-kunder-lajmesit\/#breadcrumb"},"inLanguage":"sq-AL","potentialAction":[{"@type":"ReadAction","target":["https:\/\/fjala.info\/2009-2015\/beteja-kunder-lajmesit\/"]}]},{"@type":"ImageObject","inLanguage":"sq-AL","@id":"https:\/\/fjala.info\/2009-2015\/beteja-kunder-lajmesit\/#primaryimage","url":"http:\/\/fjala.shkoder.net\/wp-content\/uploads\/2010\/10\/mero_baze1.jpg","contentUrl":"http:\/\/fjala.shkoder.net\/wp-content\/uploads\/2010\/10\/mero_baze1.jpg"},{"@type":"BreadcrumbList","@id":"https:\/\/fjala.info\/2009-2015\/beteja-kunder-lajmesit\/#breadcrumb","itemListElement":[{"@type":"ListItem","position":1,"name":"Home","item":"https:\/\/fjala.info\/2009-2015\/"},{"@type":"ListItem","position":2,"name":"Beteja kund\u00ebr \u201clajm\u00ebsit\u201d"}]},{"@type":"WebSite","@id":"https:\/\/fjala.info\/2009-2015\/#website","url":"https:\/\/fjala.info\/2009-2015\/","name":"FjALA e LIR\u00cb - Arkivi","description":"Arkivi 2009-2015","publisher":{"@id":"https:\/\/fjala.info\/2009-2015\/#organization"},"potentialAction":[{"@type":"SearchAction","target":{"@type":"EntryPoint","urlTemplate":"https:\/\/fjala.info\/2009-2015\/?s={search_term_string}"},"query-input":{"@type":"PropertyValueSpecification","valueRequired":true,"valueName":"search_term_string"}}],"inLanguage":"sq-AL"},{"@type":"Organization","@id":"https:\/\/fjala.info\/2009-2015\/#organization","name":"FjALA e LIR\u00cb - Arkivi","url":"https:\/\/fjala.info\/2009-2015\/","logo":{"@type":"ImageObject","inLanguage":"sq-AL","@id":"https:\/\/fjala.info\/2009-2015\/#\/schema\/logo\/image\/","url":"","contentUrl":"","caption":"FjALA e LIR\u00cb - Arkivi"},"image":{"@id":"https:\/\/fjala.info\/2009-2015\/#\/schema\/logo\/image\/"}},{"@type":"Person","@id":"https:\/\/fjala.info\/2009-2015\/#\/schema\/person\/3aa1163ef05469c496fc94e77611ada2","name":"admin","image":{"@type":"ImageObject","inLanguage":"sq-AL","@id":"https:\/\/fjala.info\/2009-2015\/wp-content\/uploads\/2012\/02\/arben_cokaj-120x150.jpg","url":"https:\/\/fjala.info\/2009-2015\/wp-content\/uploads\/2012\/02\/arben_cokaj-120x150.jpg","contentUrl":"https:\/\/fjala.info\/2009-2015\/wp-content\/uploads\/2012\/02\/arben_cokaj-120x150.jpg","caption":"admin"},"description":"Admin, Fjala e Lir\u00eb","sameAs":["https:\/\/fjala.info\/"],"url":"https:\/\/fjala.info\/2009-2015\/author\/admin\/"}]}},"_links":{"self":[{"href":"https:\/\/fjala.info\/2009-2015\/wp-json\/wp\/v2\/posts\/5684","targetHints":{"allow":["GET"]}}],"collection":[{"href":"https:\/\/fjala.info\/2009-2015\/wp-json\/wp\/v2\/posts"}],"about":[{"href":"https:\/\/fjala.info\/2009-2015\/wp-json\/wp\/v2\/types\/post"}],"author":[{"embeddable":true,"href":"https:\/\/fjala.info\/2009-2015\/wp-json\/wp\/v2\/users\/1"}],"replies":[{"embeddable":true,"href":"https:\/\/fjala.info\/2009-2015\/wp-json\/wp\/v2\/comments?post=5684"}],"version-history":[{"count":0,"href":"https:\/\/fjala.info\/2009-2015\/wp-json\/wp\/v2\/posts\/5684\/revisions"}],"wp:attachment":[{"href":"https:\/\/fjala.info\/2009-2015\/wp-json\/wp\/v2\/media?parent=5684"}],"wp:term":[{"taxonomy":"category","embeddable":true,"href":"https:\/\/fjala.info\/2009-2015\/wp-json\/wp\/v2\/categories?post=5684"},{"taxonomy":"post_tag","embeddable":true,"href":"https:\/\/fjala.info\/2009-2015\/wp-json\/wp\/v2\/tags?post=5684"}],"curies":[{"name":"wp","href":"https:\/\/api.w.org\/{rel}","templated":true}]}}