{"id":5681,"date":"2011-01-16T11:18:51","date_gmt":"2011-01-16T10:18:51","guid":{"rendered":"http:\/\/fjala.shkoder.net\/?p=5681"},"modified":"2011-01-16T11:18:51","modified_gmt":"2011-01-16T10:18:51","slug":"nje-gazetar-e-permbysi-presidentin-e-tunizise","status":"publish","type":"post","link":"https:\/\/fjala.info\/2009-2015\/nje-gazetar-e-permbysi-presidentin-e-tunizise\/","title":{"rendered":"Nj\u00eb gazetar e p\u00ebrmbysi presidentin e Tunizis\u00eb"},"content":{"rendered":"<p><img decoding=\"async\" class=\"alignleft size-full wp-image-5682\" title=\"Ilir Yzeiri\" src=\"http:\/\/fjala.shkoder.net\/wp-content\/uploads\/2011\/01\/ilir_yzeiri.jpg\" alt=\"\" width=\"150\" \/><br \/>\n<strong>Ilir Yzeiri<\/strong>, <em>16.01.2011<\/em><\/p>\n<p>Ai quhet Taoufik Ben Brick dhe \u00ebsht\u00eb gazetar i pavarur. \u00cbsht\u00eb nj\u00eb nga&#8230;ose ishte nj\u00eb nga opozitar\u00ebt m\u00eb t\u00eb rrept\u00eb t\u00eb presidentit t\u00eb larguar n\u00eb drejtim t\u00eb paditur Ben Ali. Ishte i vetmi q\u00eb mbante nj\u00eb q\u00ebndrim t\u00eb ashp\u00ebr dhe e denonconte pa m\u00ebshir\u00eb regjimin e instaluar nga presidenti tunizian p\u00ebrmes botimeve n\u00eb mediat franceze. Dhe dhuna e pushtetit t\u00eb Ben Alis\u00eb veproi edhe mbi t\u00eb. Iu sajua nj\u00eb ngjarje banale, u arrestua dhe rrezikonte deri n\u00eb 5 vjet burg. Ngjarja ishte kjo: ai akuzohej se kishte dhunuar nj\u00eb grua pasi e kishte g\u00ebrvishtur makin\u00ebn e saj n\u00eb nj\u00eb sherr banal t\u00eb imagjinuar, pra kishte goditur nj\u00eb fem\u00ebr. Pas k\u00ebsaj ngjarjeje gjith\u00eb bota mediatike dhe ajo politike u sensibilizuan dhe i dol\u00ebn n\u00eb mbrojtje gazetarit t\u00eb l\u00ebnduar dhe t\u00eb burgosur padrejt\u00ebsisht.<\/p>\n<p>Taoufik Ben Brick ka shkruar edhe libra kund\u00ebr presidentit t\u00eb tij autoritar dhe t\u00eb korruptuar t\u00eb cilin ai me ironi e quante jo Ben Ali po Ben Avi ( \u00e0 vie &#8211; i p\u00ebrjetsh\u00ebm, fr.). Pasi doli nga burgu ai u largua nga vendi dhe q\u00ebndroi n\u00eb Paris. \u00cbsht\u00eb e njohur letra e hapur q\u00eb ai i d\u00ebrgoi presidentit Sarkozi, t\u00eb cilit i k\u00ebrkonte q\u00eb t\u00eb bisedonin p\u00ebr gjendjen e mjer\u00eb t\u00eb liris\u00eb s\u00eb shtypit dhe kriz\u00ebn e thell\u00eb n\u00eb Tunizi. Pra, tri dit\u00eb pasi ishte liruar nga burgu n\u00eb t\u00eb cilin q\u00ebndroi 6 muaj, ai i shkroi presidentit francez. Ai u lirua m\u00eb 27 prill 2010.<\/p>\n<p>Nga ajo koh\u00eb Tunizia nuk ishte m\u00eb e qet\u00eb dhe p\u00ebr pasoj\u00eb, sot, presidenti i korruptuar, njeriu q\u00eb ka shkat\u00ebrruar opozit\u00ebn n\u00eb at\u00eb vend dhe q\u00eb ka vjedhur votat ose m\u00eb sakt\u00eb njeriu q\u00eb &#8220;fitonte&#8221; mbi k\u00ebdo, sot ka ikur pa nam e pa nishan.<\/p>\n<p>Edhe n\u00eb vitin 2009, pra pas zgjedhjeve t\u00eb vjedhura n\u00eb Shqip\u00ebri un\u00eb e pata krahasuar Sali Berish\u00ebn me Ben Alin\u00eb. Sali Berisha ka 20 vjet q\u00eb na rri n\u00ebp\u00ebr k\u00ebmb\u00eb e na shfaqet kudo ashtu si Ben Ali. Sali Berisha do t\u00eb mbahet mend nga shqiptar\u00ebt se ai instaloi sistemin e vjedhjes s\u00eb votave n\u00eb hap\u00ebsir\u00ebn shqiptare. N\u00ebn shembullin e tij, sot edhe Kosova \u00ebsht\u00eb zhytur n\u00eb batak demokratik dhe ish- luft\u00ebtar\u00ebt e dikursh\u00ebm, armiq potencial\u00eb t\u00eb Sali Berish\u00ebs, jan\u00eb b\u00ebr\u00eb sot aleat\u00ebt m\u00eb t\u00eb zellsh\u00ebm t\u00eb tij sepse prej tij m\u00ebsuan si t\u00eb rrin\u00eb n\u00eb pushtet duke vjedhur votat.<\/p>\n<p>Mir\u00ebpo edhe p\u00ebrball\u00eb Sali Berish\u00ebs, ashtu si p\u00ebrball\u00eb Ben Alis\u00eb \u00ebsht\u00eb nj\u00eb pjes\u00eb dinjitoze e medias son\u00eb, jan\u00eb disa gazetar\u00eb me kurajo dhe me integritet, nd\u00ebr t\u00eb cil\u00ebt un\u00eb do t\u00eb p\u00ebrmendja Mero Bazen. Mero Baze nuk ka reshtur asnj\u00eb dit\u00eb s\u00eb b\u00ebri publike ato q\u00eb di, ato q\u00eb investigon dhe ato q\u00eb atij i vijn\u00eb si lajme nga agjenci t\u00eb r\u00ebnd\u00ebsishme. Dhe Sali Berisha kurr\u00eb nuk ka qen\u00eb m\u00eb lakuriq sesa sot. Ai provoi ta shkat\u00ebrronte Mero Bazen, por nuk ia doli dot. Natyrisht ne nuk jemi Tunizia, nuk jemi vend i Afrik\u00ebs s\u00eb Veriut, por ne jemi gjiton\u00eb me mafien dhe Berisha ka p\u00ebrdorur t\u00eb gjitha metodat mafioze p\u00ebr ta trembur, p\u00ebr ta shkat\u00ebrruar ekonomikisht, p\u00ebr ta eliminuar shtypin kritik, por nuk ia ka dal\u00eb.<\/p>\n<p>Ashtu ka b\u00ebr\u00eb edhe me Shekullin, botuesin e s\u00eb cil\u00ebs nuk le rast pa e sulmuar publikisht, duke i p\u00ebrmendur s\u00eb fundmi nga salla e Kuvendit, vdekjen dhe testamentin. Kryeministri yn\u00eb u detyrua t\u00eb fyej\u00eb edhe dekanin e gazetaris\u00eb investigative, Filip \u00c7akulin. Pas k\u00ebsaj ai duhet t\u00eb mendohet mir\u00eb.<\/p>\n<p>Por denoncimet e p\u00ebrditshme t\u00eb medias dinjitoze e kan\u00eb shpartalluar tashm\u00eb njeriun m\u00eb t\u00eb korruptuar t\u00eb hap\u00ebsir\u00ebs shqiptare, Sali Berish\u00ebn. Shtypi shqiptar q\u00eb kund\u00ebrshton Berish\u00ebn dhe media me frym\u00ebzim qytetar \u00ebsht\u00eb sot m\u00eb e besueshme se kurr\u00eb. N\u00eb an\u00ebn tjet\u00ebr \u00ebsht\u00eb Albin Kurti i cili po e mban gjall\u00eb frym\u00ebn e mosn\u00ebnshtrimit ndaj mafies s\u00eb pushtetit n\u00eb Kosov\u00eb, q\u00eb po k\u00ebrkon t\u00eb &#8220;berishizoj\u00eb&#8221; sistemin demokratik atje.<\/p>\n<p>Ben Ali thon\u00eb se u nis me avion p\u00ebr n\u00eb Franc\u00eb dhe ka p\u00ebrfunduar n\u00eb Arabin\u00eb Saudite. Natyrisht ne nuk jemi vend afrikan dhe un\u00eb ende shpresoj se, pas zem\u00ebrimit n\u00eb rritje t\u00eb shqiptar\u00ebve p\u00ebr kryeministrin q\u00eb po u vret \u00ebndrrat dhe po instalon shkat\u00ebrrimin e institucionit t\u00eb vot\u00ebs sa n\u00eb Shqip\u00ebri aq edhe n\u00eb Kosov\u00eb, ai, Sali Berisha pra, do t\u00eb gjej\u00eb kurajon q\u00eb t\u00eb dor\u00ebhiqet.<\/p>\n","protected":false},"excerpt":{"rendered":"<p>Ilir Yzeiri, 16.01.2011 Ai quhet Taoufik Ben Brick dhe \u00ebsht\u00eb gazetar i pavarur. \u00cbsht\u00eb nj\u00eb nga&#8230;ose ishte nj\u00eb nga opozitar\u00ebt m\u00eb t\u00eb rrept\u00eb t\u00eb presidentit t\u00eb larguar n\u00eb drejtim t\u00eb paditur Ben Ali. Ishte i vetmi q\u00eb mbante nj\u00eb q\u00ebndrim t\u00eb ashp\u00ebr dhe e denonconte pa m\u00ebshir\u00eb regjimin e instaluar nga presidenti tunizian p\u00ebrmes botimeve [&hellip;]<\/p>\n","protected":false},"author":1,"featured_media":0,"comment_status":"open","ping_status":"closed","sticky":false,"template":"","format":"standard","meta":{"footnotes":""},"categories":[2],"tags":[],"class_list":{"0":"post-5681","1":"post","2":"type-post","3":"status-publish","4":"format-standard","6":"category-artikuj"},"yoast_head":"<!-- This site is optimized with the Yoast SEO plugin v27.4 - https:\/\/yoast.com\/product\/yoast-seo-wordpress\/ -->\n<title>Nj\u00eb gazetar e p\u00ebrmbysi presidentin e Tunizis\u00eb - FjALA e LIR\u00cb - Arkivi<\/title>\n<meta name=\"robots\" content=\"index, follow, max-snippet:-1, max-image-preview:large, max-video-preview:-1\" \/>\n<link rel=\"canonical\" href=\"https:\/\/fjala.info\/2009-2015\/nje-gazetar-e-permbysi-presidentin-e-tunizise\/\" \/>\n<meta property=\"og:locale\" content=\"sq_AL\" \/>\n<meta property=\"og:type\" content=\"article\" \/>\n<meta property=\"og:title\" content=\"Nj\u00eb gazetar e p\u00ebrmbysi presidentin e Tunizis\u00eb - FjALA e LIR\u00cb - Arkivi\" \/>\n<meta property=\"og:description\" content=\"Ilir Yzeiri, 16.01.2011 Ai quhet Taoufik Ben Brick dhe \u00ebsht\u00eb gazetar i pavarur. \u00cbsht\u00eb nj\u00eb nga&#8230;ose ishte nj\u00eb nga opozitar\u00ebt m\u00eb t\u00eb rrept\u00eb t\u00eb presidentit t\u00eb larguar n\u00eb drejtim t\u00eb paditur Ben Ali. Ishte i vetmi q\u00eb mbante nj\u00eb q\u00ebndrim t\u00eb ashp\u00ebr dhe e denonconte pa m\u00ebshir\u00eb regjimin e instaluar nga presidenti tunizian p\u00ebrmes botimeve [&hellip;]\" \/>\n<meta property=\"og:url\" content=\"https:\/\/fjala.info\/2009-2015\/nje-gazetar-e-permbysi-presidentin-e-tunizise\/\" \/>\n<meta property=\"og:site_name\" content=\"FjALA e LIR\u00cb - Arkivi\" \/>\n<meta property=\"article:published_time\" content=\"2011-01-16T10:18:51+00:00\" \/>\n<meta property=\"og:image\" content=\"http:\/\/fjala.shkoder.net\/wp-content\/uploads\/2011\/01\/ilir_yzeiri.jpg\" \/>\n<meta name=\"author\" content=\"admin\" \/>\n<meta name=\"twitter:card\" content=\"summary_large_image\" \/>\n<meta name=\"twitter:label1\" content=\"Written by\" \/>\n\t<meta name=\"twitter:data1\" content=\"admin\" \/>\n\t<meta name=\"twitter:label2\" content=\"Est. reading time\" \/>\n\t<meta name=\"twitter:data2\" content=\"4 minutes\" \/>\n<script type=\"application\/ld+json\" class=\"yoast-schema-graph\">{\"@context\":\"https:\\\/\\\/schema.org\",\"@graph\":[{\"@type\":\"Article\",\"@id\":\"https:\\\/\\\/fjala.info\\\/2009-2015\\\/nje-gazetar-e-permbysi-presidentin-e-tunizise\\\/#article\",\"isPartOf\":{\"@id\":\"https:\\\/\\\/fjala.info\\\/2009-2015\\\/nje-gazetar-e-permbysi-presidentin-e-tunizise\\\/\"},\"author\":{\"name\":\"admin\",\"@id\":\"https:\\\/\\\/fjala.info\\\/2009-2015\\\/#\\\/schema\\\/person\\\/3aa1163ef05469c496fc94e77611ada2\"},\"headline\":\"Nj\u00eb gazetar e p\u00ebrmbysi presidentin e Tunizis\u00eb\",\"datePublished\":\"2011-01-16T10:18:51+00:00\",\"mainEntityOfPage\":{\"@id\":\"https:\\\/\\\/fjala.info\\\/2009-2015\\\/nje-gazetar-e-permbysi-presidentin-e-tunizise\\\/\"},\"wordCount\":779,\"commentCount\":0,\"publisher\":{\"@id\":\"https:\\\/\\\/fjala.info\\\/2009-2015\\\/#organization\"},\"image\":{\"@id\":\"https:\\\/\\\/fjala.info\\\/2009-2015\\\/nje-gazetar-e-permbysi-presidentin-e-tunizise\\\/#primaryimage\"},\"thumbnailUrl\":\"http:\\\/\\\/fjala.shkoder.net\\\/wp-content\\\/uploads\\\/2011\\\/01\\\/ilir_yzeiri.jpg\",\"articleSection\":[\"Artikuj\"],\"inLanguage\":\"sq-AL\",\"potentialAction\":[{\"@type\":\"CommentAction\",\"name\":\"Comment\",\"target\":[\"https:\\\/\\\/fjala.info\\\/2009-2015\\\/nje-gazetar-e-permbysi-presidentin-e-tunizise\\\/#respond\"]}]},{\"@type\":\"WebPage\",\"@id\":\"https:\\\/\\\/fjala.info\\\/2009-2015\\\/nje-gazetar-e-permbysi-presidentin-e-tunizise\\\/\",\"url\":\"https:\\\/\\\/fjala.info\\\/2009-2015\\\/nje-gazetar-e-permbysi-presidentin-e-tunizise\\\/\",\"name\":\"Nj\u00eb gazetar e p\u00ebrmbysi presidentin e Tunizis\u00eb - FjALA e LIR\u00cb - Arkivi\",\"isPartOf\":{\"@id\":\"https:\\\/\\\/fjala.info\\\/2009-2015\\\/#website\"},\"primaryImageOfPage\":{\"@id\":\"https:\\\/\\\/fjala.info\\\/2009-2015\\\/nje-gazetar-e-permbysi-presidentin-e-tunizise\\\/#primaryimage\"},\"image\":{\"@id\":\"https:\\\/\\\/fjala.info\\\/2009-2015\\\/nje-gazetar-e-permbysi-presidentin-e-tunizise\\\/#primaryimage\"},\"thumbnailUrl\":\"http:\\\/\\\/fjala.shkoder.net\\\/wp-content\\\/uploads\\\/2011\\\/01\\\/ilir_yzeiri.jpg\",\"datePublished\":\"2011-01-16T10:18:51+00:00\",\"breadcrumb\":{\"@id\":\"https:\\\/\\\/fjala.info\\\/2009-2015\\\/nje-gazetar-e-permbysi-presidentin-e-tunizise\\\/#breadcrumb\"},\"inLanguage\":\"sq-AL\",\"potentialAction\":[{\"@type\":\"ReadAction\",\"target\":[\"https:\\\/\\\/fjala.info\\\/2009-2015\\\/nje-gazetar-e-permbysi-presidentin-e-tunizise\\\/\"]}]},{\"@type\":\"ImageObject\",\"inLanguage\":\"sq-AL\",\"@id\":\"https:\\\/\\\/fjala.info\\\/2009-2015\\\/nje-gazetar-e-permbysi-presidentin-e-tunizise\\\/#primaryimage\",\"url\":\"http:\\\/\\\/fjala.shkoder.net\\\/wp-content\\\/uploads\\\/2011\\\/01\\\/ilir_yzeiri.jpg\",\"contentUrl\":\"http:\\\/\\\/fjala.shkoder.net\\\/wp-content\\\/uploads\\\/2011\\\/01\\\/ilir_yzeiri.jpg\"},{\"@type\":\"BreadcrumbList\",\"@id\":\"https:\\\/\\\/fjala.info\\\/2009-2015\\\/nje-gazetar-e-permbysi-presidentin-e-tunizise\\\/#breadcrumb\",\"itemListElement\":[{\"@type\":\"ListItem\",\"position\":1,\"name\":\"Home\",\"item\":\"https:\\\/\\\/fjala.info\\\/2009-2015\\\/\"},{\"@type\":\"ListItem\",\"position\":2,\"name\":\"Nj\u00eb gazetar e p\u00ebrmbysi presidentin e Tunizis\u00eb\"}]},{\"@type\":\"WebSite\",\"@id\":\"https:\\\/\\\/fjala.info\\\/2009-2015\\\/#website\",\"url\":\"https:\\\/\\\/fjala.info\\\/2009-2015\\\/\",\"name\":\"FjALA e LIR\u00cb - Arkivi\",\"description\":\"Arkivi 2009-2015\",\"publisher\":{\"@id\":\"https:\\\/\\\/fjala.info\\\/2009-2015\\\/#organization\"},\"potentialAction\":[{\"@type\":\"SearchAction\",\"target\":{\"@type\":\"EntryPoint\",\"urlTemplate\":\"https:\\\/\\\/fjala.info\\\/2009-2015\\\/?s={search_term_string}\"},\"query-input\":{\"@type\":\"PropertyValueSpecification\",\"valueRequired\":true,\"valueName\":\"search_term_string\"}}],\"inLanguage\":\"sq-AL\"},{\"@type\":\"Organization\",\"@id\":\"https:\\\/\\\/fjala.info\\\/2009-2015\\\/#organization\",\"name\":\"FjALA e LIR\u00cb - Arkivi\",\"url\":\"https:\\\/\\\/fjala.info\\\/2009-2015\\\/\",\"logo\":{\"@type\":\"ImageObject\",\"inLanguage\":\"sq-AL\",\"@id\":\"https:\\\/\\\/fjala.info\\\/2009-2015\\\/#\\\/schema\\\/logo\\\/image\\\/\",\"url\":\"\",\"contentUrl\":\"\",\"caption\":\"FjALA e LIR\u00cb - Arkivi\"},\"image\":{\"@id\":\"https:\\\/\\\/fjala.info\\\/2009-2015\\\/#\\\/schema\\\/logo\\\/image\\\/\"}},{\"@type\":\"Person\",\"@id\":\"https:\\\/\\\/fjala.info\\\/2009-2015\\\/#\\\/schema\\\/person\\\/3aa1163ef05469c496fc94e77611ada2\",\"name\":\"admin\",\"image\":{\"@type\":\"ImageObject\",\"inLanguage\":\"sq-AL\",\"@id\":\"https:\\\/\\\/fjala.info\\\/2009-2015\\\/wp-content\\\/uploads\\\/2012\\\/02\\\/arben_cokaj-120x150.jpg\",\"url\":\"https:\\\/\\\/fjala.info\\\/2009-2015\\\/wp-content\\\/uploads\\\/2012\\\/02\\\/arben_cokaj-120x150.jpg\",\"contentUrl\":\"https:\\\/\\\/fjala.info\\\/2009-2015\\\/wp-content\\\/uploads\\\/2012\\\/02\\\/arben_cokaj-120x150.jpg\",\"caption\":\"admin\"},\"description\":\"Admin, Fjala e Lir\u00eb\",\"sameAs\":[\"https:\\\/\\\/fjala.info\\\/\"],\"url\":\"https:\\\/\\\/fjala.info\\\/2009-2015\\\/author\\\/admin\\\/\"}]}<\/script>\n<!-- \/ Yoast SEO plugin. -->","yoast_head_json":{"title":"Nj\u00eb gazetar e p\u00ebrmbysi presidentin e Tunizis\u00eb - FjALA e LIR\u00cb - Arkivi","robots":{"index":"index","follow":"follow","max-snippet":"max-snippet:-1","max-image-preview":"max-image-preview:large","max-video-preview":"max-video-preview:-1"},"canonical":"https:\/\/fjala.info\/2009-2015\/nje-gazetar-e-permbysi-presidentin-e-tunizise\/","og_locale":"sq_AL","og_type":"article","og_title":"Nj\u00eb gazetar e p\u00ebrmbysi presidentin e Tunizis\u00eb - FjALA e LIR\u00cb - Arkivi","og_description":"Ilir Yzeiri, 16.01.2011 Ai quhet Taoufik Ben Brick dhe \u00ebsht\u00eb gazetar i pavarur. \u00cbsht\u00eb nj\u00eb nga&#8230;ose ishte nj\u00eb nga opozitar\u00ebt m\u00eb t\u00eb rrept\u00eb t\u00eb presidentit t\u00eb larguar n\u00eb drejtim t\u00eb paditur Ben Ali. Ishte i vetmi q\u00eb mbante nj\u00eb q\u00ebndrim t\u00eb ashp\u00ebr dhe e denonconte pa m\u00ebshir\u00eb regjimin e instaluar nga presidenti tunizian p\u00ebrmes botimeve [&hellip;]","og_url":"https:\/\/fjala.info\/2009-2015\/nje-gazetar-e-permbysi-presidentin-e-tunizise\/","og_site_name":"FjALA e LIR\u00cb - Arkivi","article_published_time":"2011-01-16T10:18:51+00:00","og_image":[{"url":"http:\/\/fjala.shkoder.net\/wp-content\/uploads\/2011\/01\/ilir_yzeiri.jpg","type":"","width":"","height":""}],"author":"admin","twitter_card":"summary_large_image","twitter_misc":{"Written by":"admin","Est. reading time":"4 minutes"},"schema":{"@context":"https:\/\/schema.org","@graph":[{"@type":"Article","@id":"https:\/\/fjala.info\/2009-2015\/nje-gazetar-e-permbysi-presidentin-e-tunizise\/#article","isPartOf":{"@id":"https:\/\/fjala.info\/2009-2015\/nje-gazetar-e-permbysi-presidentin-e-tunizise\/"},"author":{"name":"admin","@id":"https:\/\/fjala.info\/2009-2015\/#\/schema\/person\/3aa1163ef05469c496fc94e77611ada2"},"headline":"Nj\u00eb gazetar e p\u00ebrmbysi presidentin e Tunizis\u00eb","datePublished":"2011-01-16T10:18:51+00:00","mainEntityOfPage":{"@id":"https:\/\/fjala.info\/2009-2015\/nje-gazetar-e-permbysi-presidentin-e-tunizise\/"},"wordCount":779,"commentCount":0,"publisher":{"@id":"https:\/\/fjala.info\/2009-2015\/#organization"},"image":{"@id":"https:\/\/fjala.info\/2009-2015\/nje-gazetar-e-permbysi-presidentin-e-tunizise\/#primaryimage"},"thumbnailUrl":"http:\/\/fjala.shkoder.net\/wp-content\/uploads\/2011\/01\/ilir_yzeiri.jpg","articleSection":["Artikuj"],"inLanguage":"sq-AL","potentialAction":[{"@type":"CommentAction","name":"Comment","target":["https:\/\/fjala.info\/2009-2015\/nje-gazetar-e-permbysi-presidentin-e-tunizise\/#respond"]}]},{"@type":"WebPage","@id":"https:\/\/fjala.info\/2009-2015\/nje-gazetar-e-permbysi-presidentin-e-tunizise\/","url":"https:\/\/fjala.info\/2009-2015\/nje-gazetar-e-permbysi-presidentin-e-tunizise\/","name":"Nj\u00eb gazetar e p\u00ebrmbysi presidentin e Tunizis\u00eb - FjALA e LIR\u00cb - Arkivi","isPartOf":{"@id":"https:\/\/fjala.info\/2009-2015\/#website"},"primaryImageOfPage":{"@id":"https:\/\/fjala.info\/2009-2015\/nje-gazetar-e-permbysi-presidentin-e-tunizise\/#primaryimage"},"image":{"@id":"https:\/\/fjala.info\/2009-2015\/nje-gazetar-e-permbysi-presidentin-e-tunizise\/#primaryimage"},"thumbnailUrl":"http:\/\/fjala.shkoder.net\/wp-content\/uploads\/2011\/01\/ilir_yzeiri.jpg","datePublished":"2011-01-16T10:18:51+00:00","breadcrumb":{"@id":"https:\/\/fjala.info\/2009-2015\/nje-gazetar-e-permbysi-presidentin-e-tunizise\/#breadcrumb"},"inLanguage":"sq-AL","potentialAction":[{"@type":"ReadAction","target":["https:\/\/fjala.info\/2009-2015\/nje-gazetar-e-permbysi-presidentin-e-tunizise\/"]}]},{"@type":"ImageObject","inLanguage":"sq-AL","@id":"https:\/\/fjala.info\/2009-2015\/nje-gazetar-e-permbysi-presidentin-e-tunizise\/#primaryimage","url":"http:\/\/fjala.shkoder.net\/wp-content\/uploads\/2011\/01\/ilir_yzeiri.jpg","contentUrl":"http:\/\/fjala.shkoder.net\/wp-content\/uploads\/2011\/01\/ilir_yzeiri.jpg"},{"@type":"BreadcrumbList","@id":"https:\/\/fjala.info\/2009-2015\/nje-gazetar-e-permbysi-presidentin-e-tunizise\/#breadcrumb","itemListElement":[{"@type":"ListItem","position":1,"name":"Home","item":"https:\/\/fjala.info\/2009-2015\/"},{"@type":"ListItem","position":2,"name":"Nj\u00eb gazetar e p\u00ebrmbysi presidentin e Tunizis\u00eb"}]},{"@type":"WebSite","@id":"https:\/\/fjala.info\/2009-2015\/#website","url":"https:\/\/fjala.info\/2009-2015\/","name":"FjALA e LIR\u00cb - Arkivi","description":"Arkivi 2009-2015","publisher":{"@id":"https:\/\/fjala.info\/2009-2015\/#organization"},"potentialAction":[{"@type":"SearchAction","target":{"@type":"EntryPoint","urlTemplate":"https:\/\/fjala.info\/2009-2015\/?s={search_term_string}"},"query-input":{"@type":"PropertyValueSpecification","valueRequired":true,"valueName":"search_term_string"}}],"inLanguage":"sq-AL"},{"@type":"Organization","@id":"https:\/\/fjala.info\/2009-2015\/#organization","name":"FjALA e LIR\u00cb - Arkivi","url":"https:\/\/fjala.info\/2009-2015\/","logo":{"@type":"ImageObject","inLanguage":"sq-AL","@id":"https:\/\/fjala.info\/2009-2015\/#\/schema\/logo\/image\/","url":"","contentUrl":"","caption":"FjALA e LIR\u00cb - Arkivi"},"image":{"@id":"https:\/\/fjala.info\/2009-2015\/#\/schema\/logo\/image\/"}},{"@type":"Person","@id":"https:\/\/fjala.info\/2009-2015\/#\/schema\/person\/3aa1163ef05469c496fc94e77611ada2","name":"admin","image":{"@type":"ImageObject","inLanguage":"sq-AL","@id":"https:\/\/fjala.info\/2009-2015\/wp-content\/uploads\/2012\/02\/arben_cokaj-120x150.jpg","url":"https:\/\/fjala.info\/2009-2015\/wp-content\/uploads\/2012\/02\/arben_cokaj-120x150.jpg","contentUrl":"https:\/\/fjala.info\/2009-2015\/wp-content\/uploads\/2012\/02\/arben_cokaj-120x150.jpg","caption":"admin"},"description":"Admin, Fjala e Lir\u00eb","sameAs":["https:\/\/fjala.info\/"],"url":"https:\/\/fjala.info\/2009-2015\/author\/admin\/"}]}},"_links":{"self":[{"href":"https:\/\/fjala.info\/2009-2015\/wp-json\/wp\/v2\/posts\/5681","targetHints":{"allow":["GET"]}}],"collection":[{"href":"https:\/\/fjala.info\/2009-2015\/wp-json\/wp\/v2\/posts"}],"about":[{"href":"https:\/\/fjala.info\/2009-2015\/wp-json\/wp\/v2\/types\/post"}],"author":[{"embeddable":true,"href":"https:\/\/fjala.info\/2009-2015\/wp-json\/wp\/v2\/users\/1"}],"replies":[{"embeddable":true,"href":"https:\/\/fjala.info\/2009-2015\/wp-json\/wp\/v2\/comments?post=5681"}],"version-history":[{"count":0,"href":"https:\/\/fjala.info\/2009-2015\/wp-json\/wp\/v2\/posts\/5681\/revisions"}],"wp:attachment":[{"href":"https:\/\/fjala.info\/2009-2015\/wp-json\/wp\/v2\/media?parent=5681"}],"wp:term":[{"taxonomy":"category","embeddable":true,"href":"https:\/\/fjala.info\/2009-2015\/wp-json\/wp\/v2\/categories?post=5681"},{"taxonomy":"post_tag","embeddable":true,"href":"https:\/\/fjala.info\/2009-2015\/wp-json\/wp\/v2\/tags?post=5681"}],"curies":[{"name":"wp","href":"https:\/\/api.w.org\/{rel}","templated":true}]}}