{"id":5675,"date":"2011-01-15T11:24:54","date_gmt":"2011-01-15T10:24:54","guid":{"rendered":"http:\/\/fjala.shkoder.net\/?p=5675"},"modified":"2011-01-15T11:24:54","modified_gmt":"2011-01-15T10:24:54","slug":"nga-luan-ne-lepur-per-13-ore","status":"publish","type":"post","link":"https:\/\/fjala.info\/2009-2015\/nga-luan-ne-lepur-per-13-ore\/","title":{"rendered":"Nga \u201cluan\u201d n\u00eb \u201clepur\u201d p\u00ebr 13 or\u00eb"},"content":{"rendered":"<p><img loading=\"lazy\" decoding=\"async\" src=\"http:\/\/fjala.shkoder.net\/wp-content\/uploads\/2010\/10\/mero_baze1.jpg\" alt=\"\" title=\"Mero Baze\" width=\"149\" height=\"200\" class=\"alignright size-full wp-image-4090\" \/><br \/>\nNga <strong>Mero Baze<\/strong><\/p>\n<p>Ilir Meta nuk do t\u00eb hyj\u00eb dot m\u00eb si minist\u00ebr n\u00eb zyr\u00ebn e Ministrit t\u00eb Ekonomis\u00eb dhe ky \u00ebsht\u00eb nj\u00eb lajm i mir\u00eb. P\u00ebrkund\u00ebr p\u00ebrbetimit t\u00eb tij se do t\u00eb jepte dor\u00ebheqje n\u00eb vitin 2013, ai nuk mbushi dot as 13 or\u00eb dhe u largua. P\u00ebrkund\u00ebr lavd\u00ebrimeve t\u00eb shefit t\u00eb tij t\u00eb madh se ai ishte i \u201ckristalt\u00eb\u201d, ai prap\u00eb u largua. Nuk kam nd\u00ebrmend ta fsheh aspak g\u00ebzimin q\u00eb ai njeri s\u2019do t\u00eb ket\u00eb m\u00eb pun\u00eb me zyrat e shtetit tim, por ende kam nj\u00eb shije t\u00eb hidhur nga ajo q\u00eb ndodhi edhe me ikjen e tij. Si rrall\u00ebkush n\u00eb historin\u00eb e politik\u00ebs shqiptare, ky njeri ka t\u00eb sh\u00ebmtuar si ngjitjen n\u00eb pushtet, ashtu dhe ikjen. <\/p>\n<p>T\u00eb sh\u00ebmtuar gati si pu\u00e7 ka pas\u00eb shpalljen e tij kryeminist\u00ebr p\u00ebr her\u00eb t\u00eb par\u00eb, t\u00eb sh\u00ebmtuar dhe bazuar mbi vjedhjen e votave ka pas\u00eb kuror\u00ebzimin e tij kryeminist\u00ebr p\u00ebr her\u00eb t\u00eb dyt\u00eb, t\u00eb sh\u00ebmtuar dhe perverse e ka pas\u00eb rezistenc\u00ebn ndaj fushat\u00ebs s\u00eb katarsisit t\u00eb rivalit t\u00eb tij Fatos Nano n\u00eb vitin 2001- 2002, t\u00eb sh\u00ebmtuar e ka pas\u00eb ikjen nga kryeminist\u00ebr, t\u00eb sh\u00ebmtuar e ka pas\u00eb futjen n\u00eb koalicion me Sali Berish\u00ebn dhe po aq t\u00eb sh\u00ebmtuar ikjen e tij dje.<\/p>\n<p>Por tek kjo e fundit dua t\u00eb ndalem pak m\u00eb gjat\u00eb. Si nj\u00eb gazetar dhe qytetar i k\u00ebtij vendi u angazhova pa u menduar dy her\u00eb, jo vet\u00ebm n\u00eb diskreditimin publik t\u00eb tij, por dhe n\u00eb protestat e shoq\u00ebris\u00eb civile kund\u00ebr tij dhe formalisht kam arsye t\u00eb ndjehem krenar q\u00eb ai m\u00eb ka sulmuar publikisht p\u00ebr k\u00ebt\u00eb \u00e7\u00ebshtje. Por Ilir Meta dhe shefi i tij nuk e kan\u00eb betej\u00ebn me mua, edhe pse merren nga m\u00ebngjesi n\u00eb dark\u00eb me mua. Ata e kan\u00eb betej\u00ebn me qytetar\u00ebt shqiptar\u00eb. Ata duhet t\u00eb sqarojn\u00eb shqiptar\u00ebt p\u00ebr t\u00eb qen\u00eb transparent se \u00e7far\u00eb ndodhi duke u gdhir\u00eb dita e djeshme, q\u00eb ata nga lider\u00eb t\u00eb p\u00ebrbetuar p\u00ebr t\u00eb mos konsideruar skandalin, u kthyen n\u00eb pula dhe sakrifikuan Ilir Met\u00ebn. <\/p>\n<p>Un\u00eb vet\u00eb nuk dua sqarime se kam nj\u00eb p\u00ebrfytyrim p\u00ebr ta. Por qytetar\u00ebt e duan at\u00eb sqarim. Shum\u00eb prej tyre e mor\u00ebn seriozisht kryeministrin kur tha se kaseta \u00ebsht\u00eb e falsifikuar dhe Ilir Meta nuk ka b\u00ebr\u00eb asnj\u00eb vep\u00ebr penale. Shum\u00eb prej tyre e besuan Ilir Met\u00ebn kur tha se nuk do t\u00eb jap\u00eb dor\u00ebheqje deri n\u00eb vitin 2013. Shum\u00eb prej tyre ndoshta kishin dhe d\u00ebshir\u00eb q\u00eb kaseta v\u00ebrtet t\u00eb mos ishte e v\u00ebrtet\u00eb. Po cili ishte ai mekaniz\u00ebm q\u00eb i detyroi k\u00ebta dy burra \u201ct\u00eb fort\u00eb\u201d dhe t\u00eb \u201cpathyesh\u00ebm\u201d q\u00eb t\u00eb erren \u201cluan\u00eb\u201d dhe t\u00eb gdhihen \u201clepuj\u201d?<\/p>\n<p>Qytetar\u00ebt shqiptar\u00eb duan t\u00eb din\u00eb realisht se k\u00eb kan\u00eb sot n\u00eb krye t\u00eb vendit: dy \u201cluan\u00ebt\u201d e djesh\u00ebm q\u00eb nuk dor\u00ebzoheshin apo \u201clepurin\u201d e sot\u00ebm q\u00eb ja mbathi nga zyra? Pik\u00ebrisht tek kjo perde e err\u00ebt q\u00eb ndan trim\u00ebrin\u00eb e tyre nga frika, arroganc\u00ebn nga p\u00ebrunj\u00ebsia, dhe korruptimin nga transparenca, gjendet \u00e7el\u00ebsi i ikjes s\u00eb Ilir Met\u00ebs dje si lepur nga zyra e tij. Ai \u00ebsht\u00eb vendimi m\u00eb i err\u00ebt i marr\u00eb prej kupol\u00ebs s\u00eb mafies shqiptare, nj\u00eb vendim i marr\u00eb n\u00eb kushtet e munges\u00ebs s\u00eb respektit p\u00ebr veten dhe publikun.  P\u00ebr nj\u00eb inkonsekuenc\u00eb t\u00eb till\u00eb 13 or\u00ebshe, nga gjeste luani n\u00eb sjellje lepuri, nj\u00eb qeveri duhet t\u00eb jap shpjegime m\u00eb shum\u00eb se sa pjes\u00ebt e transmetuara dhe t\u00eb patransmetuara n\u00eb nj\u00eb kaset\u00eb. <\/p>\n<p>P\u00ebr nj\u00eb ndrysim t\u00eb till\u00eb drastik t\u00eb q\u00ebndrimit t\u00eb qeveris\u00eb ndaj nj\u00eb debati t\u00eb madh publik, sakrifikimi i Ilir Met\u00ebs b\u00ebhet dhe m\u00eb i err\u00ebt se sa harbutll\u00ebku p\u00ebr ta mbajtur at\u00eb n\u00eb pushtet me zor. Mungesa e shpjegimeve p\u00ebrse s\u2019donte t\u00eb ikte dhe p\u00ebrse iku me bisht n\u00eb shal\u00eb, \u00ebsht\u00eb nj\u00eb makth q\u00eb mban peng pushtetin e sot\u00ebm. N\u00eb asnj\u00eb rast tjet\u00ebr m\u00eb shum\u00eb se sa tek ky rast nuk shihet dhe nuk kuptohet se n\u00eb krye t\u00eb shtetit ton\u00eb kemi dy \u201cluan\u00eb\u201d q\u00eb nuk i marrin vet vendimet as p\u00ebr veten e tyre. Ata jan\u00eb thjesht peng t\u00eb dikujt q\u00eb i komandon si lodra. N\u00eb dark\u00eb u thot\u00eb q\u00ebndroni, n\u00eb m\u00ebngjes u thot\u00eb mbathjani. <\/p>\n<p>Dhe kjo shihet qart\u00eb pasi di\u00e7ka nuk ka funksionuar. Shihet qart\u00eb tek nervozizmi i Sali Berish\u00ebs, q\u00eb quan \u00e7akall nj\u00eb gazetar legjend\u00eb t\u00eb anti-konformizmit n\u00eb Shqip\u00ebri si Filip \u00c7akuli, p\u00ebrpara \u00c7akallit real t\u00eb ekonomis\u00eb shqiptare, i cili p\u00ebr 7 minuta n\u00eb nj\u00eb zyr\u00eb, flet p\u00ebr 7 milion\u00eb euro sikur ta ket\u00eb Shqip\u00ebrin\u00eb \u00e7iflig t\u00eb tij. Kjo shpjegon nervozizmin e Ilir Met\u00ebs ndaj l\u00ebvizjes qytetare q\u00eb i zuri p\u00ebr dy dit\u00eb rresht zyr\u00ebn, drejtuar nga nj\u00eb grup djem e vajzash simpatik\u00eb t\u00eb l\u00ebvizjes Mjaft, q\u00eb d\u00ebshmuan m\u00eb shum\u00eb dinjitet dhe integritet se shumica e elit\u00ebs fallco t\u00eb Tiran\u00ebs q\u00eb zgjedhin t\u00eb heshtin para s\u00eb keqes. <\/p>\n<p>Kjo shpjegon deformimin n\u00eb thelb t\u00eb organizatave joqeveritare n\u00eb Shqip\u00ebri, q\u00eb marrin fonde p\u00ebr t\u00eb luftuar korrupsionin, dhe kur nj\u00eb i kryekorruptuar u kap me presh n\u00eb duar, u zhduk\u00ebn nga skena p\u00ebr kat\u00ebr dit\u00eb dhe nuk i gjeje dot as n\u00eb telefon. E gjith\u00eb kjo na bind se planet e kupol\u00ebs i prish\u00ebn qytetar\u00ebt dhe impakti negativ q\u00eb pati n\u00eb opinion ajo q\u00eb shqiptar\u00ebt pan\u00eb dhe d\u00ebgjuan. Kjo na bind se vendimin q\u00eb Ilir Meta t\u00eb ikte nga zyrat duket se nuk e ka marr\u00eb as Meta dhe as Berisha, por dikush q\u00eb i ka t\u00eb dy si lodra n\u00eb duart e saj. Ky \u00ebsht\u00eb nj\u00eb lajm i keq, q\u00eb nuk na l\u00eb t\u00eb shijom\u00eb deri n\u00eb fund ikjen e nj\u00eb lepuri nga zyra. <\/p>\n<p>E r\u00ebnd\u00eb \u00ebsht\u00eb se k\u00ebta ikin dhe vijn\u00eb, jo se kan\u00eb p\u00ebrgjegj\u00ebsi ndaj qytetar\u00ebve, por se kan\u00eb detyrime ndaj bot\u00ebs s\u00eb err\u00ebt t\u00eb mafies, e cila shpreson se duke prer\u00eb kok\u00ebn e Ilir Met\u00ebs do t\u00eb shp\u00ebtoj\u00eb garantin e saj t\u00eb madh n\u00eb pushtet. E r\u00ebnd\u00eb \u00ebsht\u00eb se zem\u00ebrimin qytetar nuk e masin k\u00ebta, por ata ku kjo kupol\u00eb pushteti \u00ebsht\u00eb peng. E r\u00ebnd\u00eb \u00ebsht\u00eb se mekanizmi i ndryshimit k\u00ebtu nuk kalon nga qytetar\u00ebt tek pushteti, por nga qytetar\u00ebt tek mafia. Dhe frika e madhe \u00ebsht\u00eb mafia q\u00eb kur rrezikohet ndryshon partner\u00ebt, por jo pushtetin. Ndaj duhet beteje me rr\u00ebnj\u00eb kund\u00ebr saj, q\u00eb n\u00eb k\u00ebt\u00eb vend vendimet t\u2019i marrin njer\u00ebz t\u00eb lir\u00eb, dhe politikan\u00eb t\u00eb lir\u00eb.<\/p>\n","protected":false},"excerpt":{"rendered":"<p>Nga Mero Baze Ilir Meta nuk do t\u00eb hyj\u00eb dot m\u00eb si minist\u00ebr n\u00eb zyr\u00ebn e Ministrit t\u00eb Ekonomis\u00eb dhe ky \u00ebsht\u00eb nj\u00eb lajm i mir\u00eb. P\u00ebrkund\u00ebr p\u00ebrbetimit t\u00eb tij se do t\u00eb jepte dor\u00ebheqje n\u00eb vitin 2013, ai nuk mbushi dot as 13 or\u00eb dhe u largua. P\u00ebrkund\u00ebr lavd\u00ebrimeve t\u00eb shefit t\u00eb tij t\u00eb [&hellip;]<\/p>\n","protected":false},"author":1,"featured_media":0,"comment_status":"open","ping_status":"closed","sticky":false,"template":"","format":"standard","meta":{"footnotes":""},"categories":[2],"tags":[],"class_list":{"0":"post-5675","1":"post","2":"type-post","3":"status-publish","4":"format-standard","6":"category-artikuj"},"yoast_head":"<!-- This site is optimized with the Yoast SEO plugin v27.4 - https:\/\/yoast.com\/product\/yoast-seo-wordpress\/ -->\n<title>Nga \u201cluan\u201d n\u00eb \u201clepur\u201d p\u00ebr 13 or\u00eb - FjALA e LIR\u00cb - Arkivi<\/title>\n<meta name=\"robots\" content=\"index, follow, max-snippet:-1, max-image-preview:large, max-video-preview:-1\" \/>\n<link rel=\"canonical\" href=\"https:\/\/fjala.info\/2009-2015\/nga-luan-ne-lepur-per-13-ore\/\" \/>\n<meta property=\"og:locale\" content=\"sq_AL\" \/>\n<meta property=\"og:type\" content=\"article\" \/>\n<meta property=\"og:title\" content=\"Nga \u201cluan\u201d n\u00eb \u201clepur\u201d p\u00ebr 13 or\u00eb - FjALA e LIR\u00cb - Arkivi\" \/>\n<meta property=\"og:description\" content=\"Nga Mero Baze Ilir Meta nuk do t\u00eb hyj\u00eb dot m\u00eb si minist\u00ebr n\u00eb zyr\u00ebn e Ministrit t\u00eb Ekonomis\u00eb dhe ky \u00ebsht\u00eb nj\u00eb lajm i mir\u00eb. P\u00ebrkund\u00ebr p\u00ebrbetimit t\u00eb tij se do t\u00eb jepte dor\u00ebheqje n\u00eb vitin 2013, ai nuk mbushi dot as 13 or\u00eb dhe u largua. P\u00ebrkund\u00ebr lavd\u00ebrimeve t\u00eb shefit t\u00eb tij t\u00eb [&hellip;]\" \/>\n<meta property=\"og:url\" content=\"https:\/\/fjala.info\/2009-2015\/nga-luan-ne-lepur-per-13-ore\/\" \/>\n<meta property=\"og:site_name\" content=\"FjALA e LIR\u00cb - Arkivi\" \/>\n<meta property=\"article:published_time\" content=\"2011-01-15T10:24:54+00:00\" \/>\n<meta property=\"og:image\" content=\"http:\/\/fjala.shkoder.net\/wp-content\/uploads\/2010\/10\/mero_baze1.jpg\" \/>\n<meta name=\"author\" content=\"admin\" \/>\n<meta name=\"twitter:card\" content=\"summary_large_image\" \/>\n<meta name=\"twitter:label1\" content=\"Written by\" \/>\n\t<meta name=\"twitter:data1\" content=\"admin\" \/>\n\t<meta name=\"twitter:label2\" content=\"Est. reading time\" \/>\n\t<meta name=\"twitter:data2\" content=\"6 minutes\" \/>\n<script type=\"application\/ld+json\" class=\"yoast-schema-graph\">{\"@context\":\"https:\\\/\\\/schema.org\",\"@graph\":[{\"@type\":\"Article\",\"@id\":\"https:\\\/\\\/fjala.info\\\/2009-2015\\\/nga-luan-ne-lepur-per-13-ore\\\/#article\",\"isPartOf\":{\"@id\":\"https:\\\/\\\/fjala.info\\\/2009-2015\\\/nga-luan-ne-lepur-per-13-ore\\\/\"},\"author\":{\"name\":\"admin\",\"@id\":\"https:\\\/\\\/fjala.info\\\/2009-2015\\\/#\\\/schema\\\/person\\\/3aa1163ef05469c496fc94e77611ada2\"},\"headline\":\"Nga \u201cluan\u201d n\u00eb \u201clepur\u201d p\u00ebr 13 or\u00eb\",\"datePublished\":\"2011-01-15T10:24:54+00:00\",\"mainEntityOfPage\":{\"@id\":\"https:\\\/\\\/fjala.info\\\/2009-2015\\\/nga-luan-ne-lepur-per-13-ore\\\/\"},\"wordCount\":1151,\"commentCount\":0,\"publisher\":{\"@id\":\"https:\\\/\\\/fjala.info\\\/2009-2015\\\/#organization\"},\"image\":{\"@id\":\"https:\\\/\\\/fjala.info\\\/2009-2015\\\/nga-luan-ne-lepur-per-13-ore\\\/#primaryimage\"},\"thumbnailUrl\":\"http:\\\/\\\/fjala.shkoder.net\\\/wp-content\\\/uploads\\\/2010\\\/10\\\/mero_baze1.jpg\",\"articleSection\":[\"Artikuj\"],\"inLanguage\":\"sq-AL\",\"potentialAction\":[{\"@type\":\"CommentAction\",\"name\":\"Comment\",\"target\":[\"https:\\\/\\\/fjala.info\\\/2009-2015\\\/nga-luan-ne-lepur-per-13-ore\\\/#respond\"]}]},{\"@type\":\"WebPage\",\"@id\":\"https:\\\/\\\/fjala.info\\\/2009-2015\\\/nga-luan-ne-lepur-per-13-ore\\\/\",\"url\":\"https:\\\/\\\/fjala.info\\\/2009-2015\\\/nga-luan-ne-lepur-per-13-ore\\\/\",\"name\":\"Nga \u201cluan\u201d n\u00eb \u201clepur\u201d p\u00ebr 13 or\u00eb - FjALA e LIR\u00cb - Arkivi\",\"isPartOf\":{\"@id\":\"https:\\\/\\\/fjala.info\\\/2009-2015\\\/#website\"},\"primaryImageOfPage\":{\"@id\":\"https:\\\/\\\/fjala.info\\\/2009-2015\\\/nga-luan-ne-lepur-per-13-ore\\\/#primaryimage\"},\"image\":{\"@id\":\"https:\\\/\\\/fjala.info\\\/2009-2015\\\/nga-luan-ne-lepur-per-13-ore\\\/#primaryimage\"},\"thumbnailUrl\":\"http:\\\/\\\/fjala.shkoder.net\\\/wp-content\\\/uploads\\\/2010\\\/10\\\/mero_baze1.jpg\",\"datePublished\":\"2011-01-15T10:24:54+00:00\",\"breadcrumb\":{\"@id\":\"https:\\\/\\\/fjala.info\\\/2009-2015\\\/nga-luan-ne-lepur-per-13-ore\\\/#breadcrumb\"},\"inLanguage\":\"sq-AL\",\"potentialAction\":[{\"@type\":\"ReadAction\",\"target\":[\"https:\\\/\\\/fjala.info\\\/2009-2015\\\/nga-luan-ne-lepur-per-13-ore\\\/\"]}]},{\"@type\":\"ImageObject\",\"inLanguage\":\"sq-AL\",\"@id\":\"https:\\\/\\\/fjala.info\\\/2009-2015\\\/nga-luan-ne-lepur-per-13-ore\\\/#primaryimage\",\"url\":\"http:\\\/\\\/fjala.shkoder.net\\\/wp-content\\\/uploads\\\/2010\\\/10\\\/mero_baze1.jpg\",\"contentUrl\":\"http:\\\/\\\/fjala.shkoder.net\\\/wp-content\\\/uploads\\\/2010\\\/10\\\/mero_baze1.jpg\"},{\"@type\":\"BreadcrumbList\",\"@id\":\"https:\\\/\\\/fjala.info\\\/2009-2015\\\/nga-luan-ne-lepur-per-13-ore\\\/#breadcrumb\",\"itemListElement\":[{\"@type\":\"ListItem\",\"position\":1,\"name\":\"Home\",\"item\":\"https:\\\/\\\/fjala.info\\\/2009-2015\\\/\"},{\"@type\":\"ListItem\",\"position\":2,\"name\":\"Nga \u201cluan\u201d n\u00eb \u201clepur\u201d p\u00ebr 13 or\u00eb\"}]},{\"@type\":\"WebSite\",\"@id\":\"https:\\\/\\\/fjala.info\\\/2009-2015\\\/#website\",\"url\":\"https:\\\/\\\/fjala.info\\\/2009-2015\\\/\",\"name\":\"FjALA e LIR\u00cb - Arkivi\",\"description\":\"Arkivi 2009-2015\",\"publisher\":{\"@id\":\"https:\\\/\\\/fjala.info\\\/2009-2015\\\/#organization\"},\"potentialAction\":[{\"@type\":\"SearchAction\",\"target\":{\"@type\":\"EntryPoint\",\"urlTemplate\":\"https:\\\/\\\/fjala.info\\\/2009-2015\\\/?s={search_term_string}\"},\"query-input\":{\"@type\":\"PropertyValueSpecification\",\"valueRequired\":true,\"valueName\":\"search_term_string\"}}],\"inLanguage\":\"sq-AL\"},{\"@type\":\"Organization\",\"@id\":\"https:\\\/\\\/fjala.info\\\/2009-2015\\\/#organization\",\"name\":\"FjALA e LIR\u00cb - Arkivi\",\"url\":\"https:\\\/\\\/fjala.info\\\/2009-2015\\\/\",\"logo\":{\"@type\":\"ImageObject\",\"inLanguage\":\"sq-AL\",\"@id\":\"https:\\\/\\\/fjala.info\\\/2009-2015\\\/#\\\/schema\\\/logo\\\/image\\\/\",\"url\":\"\",\"contentUrl\":\"\",\"caption\":\"FjALA e LIR\u00cb - Arkivi\"},\"image\":{\"@id\":\"https:\\\/\\\/fjala.info\\\/2009-2015\\\/#\\\/schema\\\/logo\\\/image\\\/\"}},{\"@type\":\"Person\",\"@id\":\"https:\\\/\\\/fjala.info\\\/2009-2015\\\/#\\\/schema\\\/person\\\/3aa1163ef05469c496fc94e77611ada2\",\"name\":\"admin\",\"image\":{\"@type\":\"ImageObject\",\"inLanguage\":\"sq-AL\",\"@id\":\"https:\\\/\\\/fjala.info\\\/2009-2015\\\/wp-content\\\/uploads\\\/2012\\\/02\\\/arben_cokaj-120x150.jpg\",\"url\":\"https:\\\/\\\/fjala.info\\\/2009-2015\\\/wp-content\\\/uploads\\\/2012\\\/02\\\/arben_cokaj-120x150.jpg\",\"contentUrl\":\"https:\\\/\\\/fjala.info\\\/2009-2015\\\/wp-content\\\/uploads\\\/2012\\\/02\\\/arben_cokaj-120x150.jpg\",\"caption\":\"admin\"},\"description\":\"Admin, Fjala e Lir\u00eb\",\"sameAs\":[\"https:\\\/\\\/fjala.info\\\/\"],\"url\":\"https:\\\/\\\/fjala.info\\\/2009-2015\\\/author\\\/admin\\\/\"}]}<\/script>\n<!-- \/ Yoast SEO plugin. -->","yoast_head_json":{"title":"Nga \u201cluan\u201d n\u00eb \u201clepur\u201d p\u00ebr 13 or\u00eb - FjALA e LIR\u00cb - Arkivi","robots":{"index":"index","follow":"follow","max-snippet":"max-snippet:-1","max-image-preview":"max-image-preview:large","max-video-preview":"max-video-preview:-1"},"canonical":"https:\/\/fjala.info\/2009-2015\/nga-luan-ne-lepur-per-13-ore\/","og_locale":"sq_AL","og_type":"article","og_title":"Nga \u201cluan\u201d n\u00eb \u201clepur\u201d p\u00ebr 13 or\u00eb - FjALA e LIR\u00cb - Arkivi","og_description":"Nga Mero Baze Ilir Meta nuk do t\u00eb hyj\u00eb dot m\u00eb si minist\u00ebr n\u00eb zyr\u00ebn e Ministrit t\u00eb Ekonomis\u00eb dhe ky \u00ebsht\u00eb nj\u00eb lajm i mir\u00eb. P\u00ebrkund\u00ebr p\u00ebrbetimit t\u00eb tij se do t\u00eb jepte dor\u00ebheqje n\u00eb vitin 2013, ai nuk mbushi dot as 13 or\u00eb dhe u largua. P\u00ebrkund\u00ebr lavd\u00ebrimeve t\u00eb shefit t\u00eb tij t\u00eb [&hellip;]","og_url":"https:\/\/fjala.info\/2009-2015\/nga-luan-ne-lepur-per-13-ore\/","og_site_name":"FjALA e LIR\u00cb - Arkivi","article_published_time":"2011-01-15T10:24:54+00:00","og_image":[{"url":"http:\/\/fjala.shkoder.net\/wp-content\/uploads\/2010\/10\/mero_baze1.jpg","type":"","width":"","height":""}],"author":"admin","twitter_card":"summary_large_image","twitter_misc":{"Written by":"admin","Est. reading time":"6 minutes"},"schema":{"@context":"https:\/\/schema.org","@graph":[{"@type":"Article","@id":"https:\/\/fjala.info\/2009-2015\/nga-luan-ne-lepur-per-13-ore\/#article","isPartOf":{"@id":"https:\/\/fjala.info\/2009-2015\/nga-luan-ne-lepur-per-13-ore\/"},"author":{"name":"admin","@id":"https:\/\/fjala.info\/2009-2015\/#\/schema\/person\/3aa1163ef05469c496fc94e77611ada2"},"headline":"Nga \u201cluan\u201d n\u00eb \u201clepur\u201d p\u00ebr 13 or\u00eb","datePublished":"2011-01-15T10:24:54+00:00","mainEntityOfPage":{"@id":"https:\/\/fjala.info\/2009-2015\/nga-luan-ne-lepur-per-13-ore\/"},"wordCount":1151,"commentCount":0,"publisher":{"@id":"https:\/\/fjala.info\/2009-2015\/#organization"},"image":{"@id":"https:\/\/fjala.info\/2009-2015\/nga-luan-ne-lepur-per-13-ore\/#primaryimage"},"thumbnailUrl":"http:\/\/fjala.shkoder.net\/wp-content\/uploads\/2010\/10\/mero_baze1.jpg","articleSection":["Artikuj"],"inLanguage":"sq-AL","potentialAction":[{"@type":"CommentAction","name":"Comment","target":["https:\/\/fjala.info\/2009-2015\/nga-luan-ne-lepur-per-13-ore\/#respond"]}]},{"@type":"WebPage","@id":"https:\/\/fjala.info\/2009-2015\/nga-luan-ne-lepur-per-13-ore\/","url":"https:\/\/fjala.info\/2009-2015\/nga-luan-ne-lepur-per-13-ore\/","name":"Nga \u201cluan\u201d n\u00eb \u201clepur\u201d p\u00ebr 13 or\u00eb - FjALA e LIR\u00cb - Arkivi","isPartOf":{"@id":"https:\/\/fjala.info\/2009-2015\/#website"},"primaryImageOfPage":{"@id":"https:\/\/fjala.info\/2009-2015\/nga-luan-ne-lepur-per-13-ore\/#primaryimage"},"image":{"@id":"https:\/\/fjala.info\/2009-2015\/nga-luan-ne-lepur-per-13-ore\/#primaryimage"},"thumbnailUrl":"http:\/\/fjala.shkoder.net\/wp-content\/uploads\/2010\/10\/mero_baze1.jpg","datePublished":"2011-01-15T10:24:54+00:00","breadcrumb":{"@id":"https:\/\/fjala.info\/2009-2015\/nga-luan-ne-lepur-per-13-ore\/#breadcrumb"},"inLanguage":"sq-AL","potentialAction":[{"@type":"ReadAction","target":["https:\/\/fjala.info\/2009-2015\/nga-luan-ne-lepur-per-13-ore\/"]}]},{"@type":"ImageObject","inLanguage":"sq-AL","@id":"https:\/\/fjala.info\/2009-2015\/nga-luan-ne-lepur-per-13-ore\/#primaryimage","url":"http:\/\/fjala.shkoder.net\/wp-content\/uploads\/2010\/10\/mero_baze1.jpg","contentUrl":"http:\/\/fjala.shkoder.net\/wp-content\/uploads\/2010\/10\/mero_baze1.jpg"},{"@type":"BreadcrumbList","@id":"https:\/\/fjala.info\/2009-2015\/nga-luan-ne-lepur-per-13-ore\/#breadcrumb","itemListElement":[{"@type":"ListItem","position":1,"name":"Home","item":"https:\/\/fjala.info\/2009-2015\/"},{"@type":"ListItem","position":2,"name":"Nga \u201cluan\u201d n\u00eb \u201clepur\u201d p\u00ebr 13 or\u00eb"}]},{"@type":"WebSite","@id":"https:\/\/fjala.info\/2009-2015\/#website","url":"https:\/\/fjala.info\/2009-2015\/","name":"FjALA e LIR\u00cb - Arkivi","description":"Arkivi 2009-2015","publisher":{"@id":"https:\/\/fjala.info\/2009-2015\/#organization"},"potentialAction":[{"@type":"SearchAction","target":{"@type":"EntryPoint","urlTemplate":"https:\/\/fjala.info\/2009-2015\/?s={search_term_string}"},"query-input":{"@type":"PropertyValueSpecification","valueRequired":true,"valueName":"search_term_string"}}],"inLanguage":"sq-AL"},{"@type":"Organization","@id":"https:\/\/fjala.info\/2009-2015\/#organization","name":"FjALA e LIR\u00cb - Arkivi","url":"https:\/\/fjala.info\/2009-2015\/","logo":{"@type":"ImageObject","inLanguage":"sq-AL","@id":"https:\/\/fjala.info\/2009-2015\/#\/schema\/logo\/image\/","url":"","contentUrl":"","caption":"FjALA e LIR\u00cb - Arkivi"},"image":{"@id":"https:\/\/fjala.info\/2009-2015\/#\/schema\/logo\/image\/"}},{"@type":"Person","@id":"https:\/\/fjala.info\/2009-2015\/#\/schema\/person\/3aa1163ef05469c496fc94e77611ada2","name":"admin","image":{"@type":"ImageObject","inLanguage":"sq-AL","@id":"https:\/\/fjala.info\/2009-2015\/wp-content\/uploads\/2012\/02\/arben_cokaj-120x150.jpg","url":"https:\/\/fjala.info\/2009-2015\/wp-content\/uploads\/2012\/02\/arben_cokaj-120x150.jpg","contentUrl":"https:\/\/fjala.info\/2009-2015\/wp-content\/uploads\/2012\/02\/arben_cokaj-120x150.jpg","caption":"admin"},"description":"Admin, Fjala e Lir\u00eb","sameAs":["https:\/\/fjala.info\/"],"url":"https:\/\/fjala.info\/2009-2015\/author\/admin\/"}]}},"_links":{"self":[{"href":"https:\/\/fjala.info\/2009-2015\/wp-json\/wp\/v2\/posts\/5675","targetHints":{"allow":["GET"]}}],"collection":[{"href":"https:\/\/fjala.info\/2009-2015\/wp-json\/wp\/v2\/posts"}],"about":[{"href":"https:\/\/fjala.info\/2009-2015\/wp-json\/wp\/v2\/types\/post"}],"author":[{"embeddable":true,"href":"https:\/\/fjala.info\/2009-2015\/wp-json\/wp\/v2\/users\/1"}],"replies":[{"embeddable":true,"href":"https:\/\/fjala.info\/2009-2015\/wp-json\/wp\/v2\/comments?post=5675"}],"version-history":[{"count":0,"href":"https:\/\/fjala.info\/2009-2015\/wp-json\/wp\/v2\/posts\/5675\/revisions"}],"wp:attachment":[{"href":"https:\/\/fjala.info\/2009-2015\/wp-json\/wp\/v2\/media?parent=5675"}],"wp:term":[{"taxonomy":"category","embeddable":true,"href":"https:\/\/fjala.info\/2009-2015\/wp-json\/wp\/v2\/categories?post=5675"},{"taxonomy":"post_tag","embeddable":true,"href":"https:\/\/fjala.info\/2009-2015\/wp-json\/wp\/v2\/tags?post=5675"}],"curies":[{"name":"wp","href":"https:\/\/api.w.org\/{rel}","templated":true}]}}