{"id":5672,"date":"2011-01-15T11:22:44","date_gmt":"2011-01-15T10:22:44","guid":{"rendered":"http:\/\/fjala.shkoder.net\/?p=5672"},"modified":"2011-01-15T11:22:44","modified_gmt":"2011-01-15T10:22:44","slug":"nuk-mund-te-kalohet-nga-feudalizmi-ne-modernitet","status":"publish","type":"post","link":"https:\/\/fjala.info\/2009-2015\/nuk-mund-te-kalohet-nga-feudalizmi-ne-modernitet\/","title":{"rendered":"Nuk mund t\u00eb kalohet nga feudalizmi n\u00eb modernitet"},"content":{"rendered":"<p><img loading=\"lazy\" decoding=\"async\" class=\"alignright size-full wp-image-5679\" title=\"Mark Marku\" src=\"http:\/\/fjala.shkoder.net\/wp-content\/uploads\/2011\/01\/mark_marku1.jpg\" alt=\"\" width=\"300\" height=\"194\" \/><br \/>\nIntervist\u00eb me <strong>Mark Markun<\/strong><\/p>\n<p>1. <em>Zoti ekziston, mund t\u00eb ekzistoj\u00eb, duhet t\u00eb ekzistoj\u00eb apo nuk ekziston?<br \/>\n<\/em><strong>P\u00ebrgjigje<\/strong>: Zoti e di<\/p>\n<p>2. <em>Gjuha shqipe ju duket e pasur, e varf\u00ebr, apo si t\u00eb tjerat?<br \/>\n<\/em><strong>P\u00ebrgjigje<\/strong>: \u00cbsht\u00eb e pasur, por krahasuar me gjuh\u00ebt e kulturave t\u00eb m\u00ebdha nuk \u00ebsht\u00eb nj\u00ebsoj e rafinuar (kultivuar)<\/p>\n<p>3. <em>Njer\u00ebzit jan\u00eb esencialisht t\u00eb mir\u00eb, apo jan\u00eb esencialisht t\u00eb k\u00ebqij?<br \/>\n<\/em><strong>P\u00ebrgjigje<\/strong>: Esencialisht jan\u00eb neutral\u00eb. Rrethanat i b\u00ebjn\u00eb t\u00eb mir\u00eb ose t\u00eb k\u00ebqinj.<\/p>\n<p>4. <em>Do t\u00eb ishit dakord q\u00eb f\u00ebmija juaj t\u00eb merrte pjes\u00eb n\u00eb loj\u00ebn televizive \u201cBig Brother\u201d?<br \/>\n<\/em><strong>P\u00ebrgjigje<\/strong>: Uroj t\u00eb ket\u00eb interesa t\u00eb tjera. Por n\u00ebse jo, \u201cBig Brotheri\u201d nuk \u00ebsht\u00eb gj\u00ebja m\u00eb e keqe q\u00eb mund t\u2019i ndodh\u00eb.<\/p>\n<p>5. <em>Harmonia nd\u00ebrfetare n\u00eb Shqip\u00ebri \u00ebsht\u00eb nj\u00eb legjend\u00eb apo nj\u00eb realitet i bukur?<br \/>\n<\/em><strong>P\u00ebrgjigje<\/strong>: Ashtu si\u00e7 i kan\u00eb nd\u00ebrruar besimet p\u00ebr arsye pragmatiste, po p\u00ebr ar\u00ebsye pragmatiste, shqiptar\u00ebt kan\u00eb gjetur nj\u00eb harmoni t\u00eb till\u00eb, q\u00eb u b\u00ebn t\u00eb mundur t\u00eb mos e ken\u00eb besimin nj\u00eb problem m\u00eb shum\u00eb n\u00eb jet\u00ebn e tyre plot probleme. Gjith\u00ebsesi, \u00ebsht\u00eb nj\u00eb gj\u00eb e mir\u00eb.<\/p>\n<p>6. <em>Shihni ndonj\u00eb unitet t\u00eb qart\u00eb kulturor midis Shqip\u00ebris\u00eb e Kosov\u00ebs?<br \/>\n<\/em><strong>P\u00ebrgjigje<\/strong>: P\u00ebrve\u00e7 ndryshimeve dialektore q\u00eb vihen re mes krahinave t\u00eb ndryshme shqipfol\u00ebse nuk shoh ndonj\u00eb ndryshim tjet\u00ebr. Ndoshta shqiptar\u00ebt e Kosov\u00ebs jan\u00eb m\u00eb pak t\u00eb deformuar nga ideologjia komuniste.<\/p>\n<p>7. <em>Cili \u00ebsht\u00eb njeriu m\u00eb i r\u00ebnd\u00ebsish\u00ebm, numrin e t\u00eb cilit e keni n\u00eb phonebook?<br \/>\n<\/em><strong>P\u00ebrgjigje<\/strong>: Nuk \u00ebsht\u00eb nj\u00eb, jan\u00eb disa. Numrat e njer\u00ebzve t\u00eb familjes.<\/p>\n<p>8. <em>Mendoni se n\u00eb bot\u00ebn e sotme demokratike (mund t\u00eb) b\u00ebhen vrasje p\u00ebr arsye shtet\u00ebrore?<br \/>\n<\/em><strong>P\u00ebrgjigje<\/strong>: Jo, vrasjet nuk duhet t\u00eb ndodhin kurr\u00eb. Megjithat\u00eb duhet v\u00ebn\u00eb vetja n\u00eb pozit\u00ebn e nj\u00eb kryetari shteti, q\u00eb e ka b\u00ebr\u00eb nj\u00eb gj\u00eb t\u00eb till\u00eb p\u00ebr t\u00eb kuptuar rrethanat e vrasjeve t\u00eb tipit p\u00ebr ar\u00ebsye shtet\u00ebrore.<\/p>\n<p>9. <em>Fan Noli udh\u00ebhoqi nj\u00eb grusht shteti, apo nj\u00eb revolucion demokratik n\u00eb vitin 1924?<br \/>\n<\/em><strong>P\u00ebrgjigje<\/strong>: As vet\u00eb Noli nuk e dinte se \u00e7\u2019po b\u00ebnte. Nga m\u00ebnyra si u organizua i ngjante m\u00eb shum\u00eb nj\u00eb grushti shteti.<\/p>\n<p>10. <em>Ajo q\u00eb komunist\u00ebt e kan\u00eb quajtur \u201cLufta Nacional\u00e7lirimtare\u201d, ka qen\u00eb sipas jush edhe luft\u00eb civile?<br \/>\n<\/em><strong>P\u00ebrgjigje<\/strong>: Po, p\u00ebr fat t\u00eb keq komunist\u00ebt shqiptar\u00eb e shnd\u00ebrruan n\u00eb nj\u00eb luft\u00eb civile. 40 vjet\u00ebt e pushtetit komunist nuk ishin asgj\u00eb tjet\u00ebr ve\u00e7se zgjatim i k\u00ebsaj lufte (lufta e klasave).<\/p>\n<p>11. <em>N\u00ebse do t\u2019ju k\u00ebrkonin t\u00eb ve\u00e7onit ndonj\u00eb arritje t\u00eb diktatur\u00ebs komuniste pes\u00ebdhjet\u00ebvje\u00e7are, \u00e7far\u00eb do t\u00eb thoshit?<br \/>\n<\/em><strong>P\u00ebrgjigje<\/strong>: Masivizimi i arsimit dhe elektrifikimi i vendit, megjith\u00ebse edhe k\u00ebto arritje do t\u00eb ishin m\u00eb t\u00eb m\u00ebdha po t\u00eb mos ishim nj\u00eb vend komunist.<\/p>\n<p>12. <em>Sikur t\u00eb kishit jetuar n\u00eb vitet e Luft\u00ebs s\u00eb Dyt\u00eb Bot\u00ebrore, do t\u00eb rreshtoheshit me partizan\u00ebt, me Ballin Komb\u00ebtar, apo do t\u00eb q\u00ebndronit asnjan\u00ebs?<br \/>\n<\/em><strong>P\u00ebrgjigje<\/strong>: Nuk besoj se do t\u00eb merrja pjes\u00eb n\u00eb luft\u00eb me arm\u00eb. Por as pushtimin nuk do ta pranoja. Gjykuar nga bot\u00ebkuptimi im i sotsh\u00ebm do t\u00eb isha rreshtuar me forcat nacionaliste.<\/p>\n<p>13. <em>Largimi i Ahmet Zogut nga Shqip\u00ebria n\u00eb prill t\u00eb vitit 1939 \u00ebsht\u00eb nj\u00eb gjest i qortuesh\u00ebm apo i kuptuesh\u00ebm?<br \/>\n<\/em><strong>P\u00ebrgjigje<\/strong>: Nisur nga rrethanat, i kuptuesh\u00ebm, megjith\u00ebse p\u00ebr mua \u00ebsht\u00eb gjesti m\u00eb pak i lavdish\u00ebm i Zogut.<\/p>\n<p>14. <em>Do t\u00eb ishit dakord t\u00eb p\u00ebrkthehej n\u00eb gjuh\u00ebn shqipe \u201cMein Kampf\u201d i Adolf Hitlerit?<br \/>\n<\/em><strong>P\u00ebrgjigje<\/strong>: Po, nuk ka asgj\u00eb t\u00eb keqe. Ai megjithat\u00eb ekziston.<\/p>\n<p>15. <em>Cili \u00ebsht\u00eb njeriu m\u00eb i r\u00ebnd\u00ebsish\u00ebm, me t\u00eb cilin ju keni b\u00ebr\u00eb nj\u00eb fotografi?<br \/>\n<\/em><strong>P\u00ebrgjigje<\/strong>: Papa Benedikti XVI.<\/p>\n<p>16. <em>\u00c7far\u00eb ishte n\u00eb t\u00eb v\u00ebrtet\u00eb ajo q\u00eb ndodhi n\u00eb vitin 1997?<br \/>\n<\/em><strong>P\u00ebrgjigje<\/strong>: D\u00ebshmi e faktit se nj\u00eb vend nuk mund t\u00eb kaloj\u00eb direkt nga feudalizmi n\u00eb modernitet.<\/p>\n<p>17. <em>Mendoni se do t\u00eb ishit n\u00eb gjendje t\u00eb vrisnit nj\u00eb njeri n\u00eb kushtet, kur ky njeri k\u00ebrc\u00ebnon jet\u00ebn tuaj apo t\u00eb t\u00eb dashurve tuaj?<br \/>\n<\/em><strong>P\u00ebrgjigje<\/strong>: Po natyrisht, n\u00ebse do t\u00eb shtrohej \u00e7\u00ebshtja: ose jeta ime, e f\u00ebmij\u00ebs, gruas apo e prind\u00ebrve t\u00eb mi ose e k\u00ebrc\u00ebnuesit.<\/p>\n<p>18. <em>Ne shqiptar\u00ebt jemi europian\u00eb me titull t\u00eb plot\u00eb?<br \/>\n<\/em><strong>P\u00ebrgjigje<\/strong>: Jo. Ndikimi otoman \u00ebsht\u00eb ende i fort\u00eb. Megjithat\u00eb mendoj se jemi populli m\u00eb evropian nga popujt e Lindjes (p\u00ebrjashto Greqin\u00eb, Polonin\u00eb, \u00c7ekin\u00eb, Hungarin\u00eb, Kroacin\u00eb dhe Sllovenin\u00eb).<\/p>\n<p>19. <em>N\u00eb cil\u00ebn ngjarje t\u00eb madhe t\u00eb historis\u00eb bot\u00ebrore do donit t\u00eb kishit q\u00ebn\u00eb protagonist?<br \/>\n<\/em><strong>P\u00ebrgjigje<\/strong>: N\u00eb mbrojtjen e Konstandinopoj\u00ebs.<\/p>\n<p>20. <em>Me cilin personazh t\u00eb historis\u00eb s\u00eb Shqip\u00ebris\u00eb do kishit dashur t\u00eb b\u00ebnit nj\u00eb bised\u00eb t\u00eb gjat\u00eb e t\u00eb shtruar?<br \/>\n<\/em><strong>P\u00ebrgjigje<\/strong>: Me Fisht\u00ebn, Konic\u00ebn dhe Mjed\u00ebn.<\/p>\n<p>21: <em>Cili \u00ebsht\u00eb libri q\u00eb po lexoni?<br \/>\n<\/em><strong>P\u00ebrgjigje<\/strong>: \u2018Tropic of Cancer\u2019 i Henry Miller-it. Fatkeq\u00ebsisht \u00ebsht\u00eb ende i pap\u00ebrkthyer n\u00eb shqip.<\/p>\n<p>22. <em>Cili komb europian ju ndjell m\u00eb shum\u00eb me historin\u00eb e me kultur\u00ebn e vet?<br \/>\n<\/em><strong>P\u00ebrgjigje<\/strong>: N\u00eb disa aspekte kombi anglez, n\u00eb disa t\u00eb tjera kombi francez.<\/p>\n<p>23. <em>Si do reagonit, sikur t\u00eb merrnit vesh se djali\/vajza juaj \u00ebsht\u00eb homeseksual(e)?<br \/>\n<\/em><strong>P\u00ebrgjigje<\/strong>: Nuk e di si do reagoja, po me siguri nuk do pajtohesha me nj\u00eb gj\u00eb t\u00eb till\u00eb.<\/p>\n<p>24. <em>Keni frik\u00eb nga vdekja?<br \/>\n<\/em><strong>P\u00ebrgjigje<\/strong>: Kushdo q\u00eb e di se \u00e7\u2019\u00ebsht\u00eb jeta, ka frik\u00eb nga vdekja.<\/p>\n<p>25. <em>\u00c7\u2019\u00ebsht\u00eb Atdheu?<br \/>\n<\/em><strong>P\u00ebrgjigje<\/strong>: \u00cbsht\u00eb dashuria q\u00eb ti nuk e zgjedh, thjesht i n\u00ebnshtrohesh.<\/p>\n","protected":false},"excerpt":{"rendered":"<p>Intervist\u00eb me Mark Markun 1. Zoti ekziston, mund t\u00eb ekzistoj\u00eb, duhet t\u00eb ekzistoj\u00eb apo nuk ekziston? P\u00ebrgjigje: Zoti e di 2. Gjuha shqipe ju duket e pasur, e varf\u00ebr, apo si t\u00eb tjerat? P\u00ebrgjigje: \u00cbsht\u00eb e pasur, por krahasuar me gjuh\u00ebt e kulturave t\u00eb m\u00ebdha nuk \u00ebsht\u00eb nj\u00ebsoj e rafinuar (kultivuar) 3. Njer\u00ebzit jan\u00eb esencialisht [&hellip;]<\/p>\n","protected":false},"author":1,"featured_media":0,"comment_status":"open","ping_status":"closed","sticky":false,"template":"","format":"standard","meta":{"footnotes":""},"categories":[4],"tags":[],"class_list":{"0":"post-5672","1":"post","2":"type-post","3":"status-publish","4":"format-standard","6":"category-intervista"},"yoast_head":"<!-- This site is optimized with the Yoast SEO plugin v27.4 - https:\/\/yoast.com\/product\/yoast-seo-wordpress\/ -->\n<title>Nuk mund t\u00eb kalohet nga feudalizmi n\u00eb modernitet - FjALA e LIR\u00cb - Arkivi<\/title>\n<meta name=\"robots\" content=\"index, follow, max-snippet:-1, max-image-preview:large, max-video-preview:-1\" \/>\n<link rel=\"canonical\" href=\"https:\/\/fjala.info\/2009-2015\/nuk-mund-te-kalohet-nga-feudalizmi-ne-modernitet\/\" \/>\n<meta property=\"og:locale\" content=\"sq_AL\" \/>\n<meta property=\"og:type\" content=\"article\" \/>\n<meta property=\"og:title\" content=\"Nuk mund t\u00eb kalohet nga feudalizmi n\u00eb modernitet - FjALA e LIR\u00cb - Arkivi\" \/>\n<meta property=\"og:description\" content=\"Intervist\u00eb me Mark Markun 1. Zoti ekziston, mund t\u00eb ekzistoj\u00eb, duhet t\u00eb ekzistoj\u00eb apo nuk ekziston? P\u00ebrgjigje: Zoti e di 2. Gjuha shqipe ju duket e pasur, e varf\u00ebr, apo si t\u00eb tjerat? P\u00ebrgjigje: \u00cbsht\u00eb e pasur, por krahasuar me gjuh\u00ebt e kulturave t\u00eb m\u00ebdha nuk \u00ebsht\u00eb nj\u00ebsoj e rafinuar (kultivuar) 3. Njer\u00ebzit jan\u00eb esencialisht [&hellip;]\" \/>\n<meta property=\"og:url\" content=\"https:\/\/fjala.info\/2009-2015\/nuk-mund-te-kalohet-nga-feudalizmi-ne-modernitet\/\" \/>\n<meta property=\"og:site_name\" content=\"FjALA e LIR\u00cb - Arkivi\" \/>\n<meta property=\"article:published_time\" content=\"2011-01-15T10:22:44+00:00\" \/>\n<meta property=\"og:image\" content=\"http:\/\/fjala.shkoder.net\/wp-content\/uploads\/2011\/01\/mark_marku1.jpg\" \/>\n<meta name=\"author\" content=\"admin\" \/>\n<meta name=\"twitter:card\" content=\"summary_large_image\" \/>\n<meta name=\"twitter:label1\" content=\"Written by\" \/>\n\t<meta name=\"twitter:data1\" content=\"admin\" \/>\n\t<meta name=\"twitter:label2\" content=\"Est. reading time\" \/>\n\t<meta name=\"twitter:data2\" content=\"5 minutes\" \/>\n<script type=\"application\/ld+json\" class=\"yoast-schema-graph\">{\"@context\":\"https:\\\/\\\/schema.org\",\"@graph\":[{\"@type\":\"Article\",\"@id\":\"https:\\\/\\\/fjala.info\\\/2009-2015\\\/nuk-mund-te-kalohet-nga-feudalizmi-ne-modernitet\\\/#article\",\"isPartOf\":{\"@id\":\"https:\\\/\\\/fjala.info\\\/2009-2015\\\/nuk-mund-te-kalohet-nga-feudalizmi-ne-modernitet\\\/\"},\"author\":{\"name\":\"admin\",\"@id\":\"https:\\\/\\\/fjala.info\\\/2009-2015\\\/#\\\/schema\\\/person\\\/3aa1163ef05469c496fc94e77611ada2\"},\"headline\":\"Nuk mund t\u00eb kalohet nga feudalizmi n\u00eb modernitet\",\"datePublished\":\"2011-01-15T10:22:44+00:00\",\"mainEntityOfPage\":{\"@id\":\"https:\\\/\\\/fjala.info\\\/2009-2015\\\/nuk-mund-te-kalohet-nga-feudalizmi-ne-modernitet\\\/\"},\"wordCount\":941,\"commentCount\":0,\"publisher\":{\"@id\":\"https:\\\/\\\/fjala.info\\\/2009-2015\\\/#organization\"},\"image\":{\"@id\":\"https:\\\/\\\/fjala.info\\\/2009-2015\\\/nuk-mund-te-kalohet-nga-feudalizmi-ne-modernitet\\\/#primaryimage\"},\"thumbnailUrl\":\"http:\\\/\\\/fjala.shkoder.net\\\/wp-content\\\/uploads\\\/2011\\\/01\\\/mark_marku1.jpg\",\"articleSection\":[\"Intervista\"],\"inLanguage\":\"sq-AL\",\"potentialAction\":[{\"@type\":\"CommentAction\",\"name\":\"Comment\",\"target\":[\"https:\\\/\\\/fjala.info\\\/2009-2015\\\/nuk-mund-te-kalohet-nga-feudalizmi-ne-modernitet\\\/#respond\"]}]},{\"@type\":\"WebPage\",\"@id\":\"https:\\\/\\\/fjala.info\\\/2009-2015\\\/nuk-mund-te-kalohet-nga-feudalizmi-ne-modernitet\\\/\",\"url\":\"https:\\\/\\\/fjala.info\\\/2009-2015\\\/nuk-mund-te-kalohet-nga-feudalizmi-ne-modernitet\\\/\",\"name\":\"Nuk mund t\u00eb kalohet nga feudalizmi n\u00eb modernitet - FjALA e LIR\u00cb - Arkivi\",\"isPartOf\":{\"@id\":\"https:\\\/\\\/fjala.info\\\/2009-2015\\\/#website\"},\"primaryImageOfPage\":{\"@id\":\"https:\\\/\\\/fjala.info\\\/2009-2015\\\/nuk-mund-te-kalohet-nga-feudalizmi-ne-modernitet\\\/#primaryimage\"},\"image\":{\"@id\":\"https:\\\/\\\/fjala.info\\\/2009-2015\\\/nuk-mund-te-kalohet-nga-feudalizmi-ne-modernitet\\\/#primaryimage\"},\"thumbnailUrl\":\"http:\\\/\\\/fjala.shkoder.net\\\/wp-content\\\/uploads\\\/2011\\\/01\\\/mark_marku1.jpg\",\"datePublished\":\"2011-01-15T10:22:44+00:00\",\"breadcrumb\":{\"@id\":\"https:\\\/\\\/fjala.info\\\/2009-2015\\\/nuk-mund-te-kalohet-nga-feudalizmi-ne-modernitet\\\/#breadcrumb\"},\"inLanguage\":\"sq-AL\",\"potentialAction\":[{\"@type\":\"ReadAction\",\"target\":[\"https:\\\/\\\/fjala.info\\\/2009-2015\\\/nuk-mund-te-kalohet-nga-feudalizmi-ne-modernitet\\\/\"]}]},{\"@type\":\"ImageObject\",\"inLanguage\":\"sq-AL\",\"@id\":\"https:\\\/\\\/fjala.info\\\/2009-2015\\\/nuk-mund-te-kalohet-nga-feudalizmi-ne-modernitet\\\/#primaryimage\",\"url\":\"http:\\\/\\\/fjala.shkoder.net\\\/wp-content\\\/uploads\\\/2011\\\/01\\\/mark_marku1.jpg\",\"contentUrl\":\"http:\\\/\\\/fjala.shkoder.net\\\/wp-content\\\/uploads\\\/2011\\\/01\\\/mark_marku1.jpg\"},{\"@type\":\"BreadcrumbList\",\"@id\":\"https:\\\/\\\/fjala.info\\\/2009-2015\\\/nuk-mund-te-kalohet-nga-feudalizmi-ne-modernitet\\\/#breadcrumb\",\"itemListElement\":[{\"@type\":\"ListItem\",\"position\":1,\"name\":\"Home\",\"item\":\"https:\\\/\\\/fjala.info\\\/2009-2015\\\/\"},{\"@type\":\"ListItem\",\"position\":2,\"name\":\"Nuk mund t\u00eb kalohet nga feudalizmi n\u00eb modernitet\"}]},{\"@type\":\"WebSite\",\"@id\":\"https:\\\/\\\/fjala.info\\\/2009-2015\\\/#website\",\"url\":\"https:\\\/\\\/fjala.info\\\/2009-2015\\\/\",\"name\":\"FjALA e LIR\u00cb - Arkivi\",\"description\":\"Arkivi 2009-2015\",\"publisher\":{\"@id\":\"https:\\\/\\\/fjala.info\\\/2009-2015\\\/#organization\"},\"potentialAction\":[{\"@type\":\"SearchAction\",\"target\":{\"@type\":\"EntryPoint\",\"urlTemplate\":\"https:\\\/\\\/fjala.info\\\/2009-2015\\\/?s={search_term_string}\"},\"query-input\":{\"@type\":\"PropertyValueSpecification\",\"valueRequired\":true,\"valueName\":\"search_term_string\"}}],\"inLanguage\":\"sq-AL\"},{\"@type\":\"Organization\",\"@id\":\"https:\\\/\\\/fjala.info\\\/2009-2015\\\/#organization\",\"name\":\"FjALA e LIR\u00cb - Arkivi\",\"url\":\"https:\\\/\\\/fjala.info\\\/2009-2015\\\/\",\"logo\":{\"@type\":\"ImageObject\",\"inLanguage\":\"sq-AL\",\"@id\":\"https:\\\/\\\/fjala.info\\\/2009-2015\\\/#\\\/schema\\\/logo\\\/image\\\/\",\"url\":\"\",\"contentUrl\":\"\",\"caption\":\"FjALA e LIR\u00cb - Arkivi\"},\"image\":{\"@id\":\"https:\\\/\\\/fjala.info\\\/2009-2015\\\/#\\\/schema\\\/logo\\\/image\\\/\"}},{\"@type\":\"Person\",\"@id\":\"https:\\\/\\\/fjala.info\\\/2009-2015\\\/#\\\/schema\\\/person\\\/3aa1163ef05469c496fc94e77611ada2\",\"name\":\"admin\",\"image\":{\"@type\":\"ImageObject\",\"inLanguage\":\"sq-AL\",\"@id\":\"https:\\\/\\\/fjala.info\\\/2009-2015\\\/wp-content\\\/uploads\\\/2012\\\/02\\\/arben_cokaj-120x150.jpg\",\"url\":\"https:\\\/\\\/fjala.info\\\/2009-2015\\\/wp-content\\\/uploads\\\/2012\\\/02\\\/arben_cokaj-120x150.jpg\",\"contentUrl\":\"https:\\\/\\\/fjala.info\\\/2009-2015\\\/wp-content\\\/uploads\\\/2012\\\/02\\\/arben_cokaj-120x150.jpg\",\"caption\":\"admin\"},\"description\":\"Admin, Fjala e Lir\u00eb\",\"sameAs\":[\"https:\\\/\\\/fjala.info\\\/\"],\"url\":\"https:\\\/\\\/fjala.info\\\/2009-2015\\\/author\\\/admin\\\/\"}]}<\/script>\n<!-- \/ Yoast SEO plugin. -->","yoast_head_json":{"title":"Nuk mund t\u00eb kalohet nga feudalizmi n\u00eb modernitet - FjALA e LIR\u00cb - Arkivi","robots":{"index":"index","follow":"follow","max-snippet":"max-snippet:-1","max-image-preview":"max-image-preview:large","max-video-preview":"max-video-preview:-1"},"canonical":"https:\/\/fjala.info\/2009-2015\/nuk-mund-te-kalohet-nga-feudalizmi-ne-modernitet\/","og_locale":"sq_AL","og_type":"article","og_title":"Nuk mund t\u00eb kalohet nga feudalizmi n\u00eb modernitet - FjALA e LIR\u00cb - Arkivi","og_description":"Intervist\u00eb me Mark Markun 1. Zoti ekziston, mund t\u00eb ekzistoj\u00eb, duhet t\u00eb ekzistoj\u00eb apo nuk ekziston? P\u00ebrgjigje: Zoti e di 2. Gjuha shqipe ju duket e pasur, e varf\u00ebr, apo si t\u00eb tjerat? P\u00ebrgjigje: \u00cbsht\u00eb e pasur, por krahasuar me gjuh\u00ebt e kulturave t\u00eb m\u00ebdha nuk \u00ebsht\u00eb nj\u00ebsoj e rafinuar (kultivuar) 3. Njer\u00ebzit jan\u00eb esencialisht [&hellip;]","og_url":"https:\/\/fjala.info\/2009-2015\/nuk-mund-te-kalohet-nga-feudalizmi-ne-modernitet\/","og_site_name":"FjALA e LIR\u00cb - Arkivi","article_published_time":"2011-01-15T10:22:44+00:00","og_image":[{"url":"http:\/\/fjala.shkoder.net\/wp-content\/uploads\/2011\/01\/mark_marku1.jpg","type":"","width":"","height":""}],"author":"admin","twitter_card":"summary_large_image","twitter_misc":{"Written by":"admin","Est. reading time":"5 minutes"},"schema":{"@context":"https:\/\/schema.org","@graph":[{"@type":"Article","@id":"https:\/\/fjala.info\/2009-2015\/nuk-mund-te-kalohet-nga-feudalizmi-ne-modernitet\/#article","isPartOf":{"@id":"https:\/\/fjala.info\/2009-2015\/nuk-mund-te-kalohet-nga-feudalizmi-ne-modernitet\/"},"author":{"name":"admin","@id":"https:\/\/fjala.info\/2009-2015\/#\/schema\/person\/3aa1163ef05469c496fc94e77611ada2"},"headline":"Nuk mund t\u00eb kalohet nga feudalizmi n\u00eb modernitet","datePublished":"2011-01-15T10:22:44+00:00","mainEntityOfPage":{"@id":"https:\/\/fjala.info\/2009-2015\/nuk-mund-te-kalohet-nga-feudalizmi-ne-modernitet\/"},"wordCount":941,"commentCount":0,"publisher":{"@id":"https:\/\/fjala.info\/2009-2015\/#organization"},"image":{"@id":"https:\/\/fjala.info\/2009-2015\/nuk-mund-te-kalohet-nga-feudalizmi-ne-modernitet\/#primaryimage"},"thumbnailUrl":"http:\/\/fjala.shkoder.net\/wp-content\/uploads\/2011\/01\/mark_marku1.jpg","articleSection":["Intervista"],"inLanguage":"sq-AL","potentialAction":[{"@type":"CommentAction","name":"Comment","target":["https:\/\/fjala.info\/2009-2015\/nuk-mund-te-kalohet-nga-feudalizmi-ne-modernitet\/#respond"]}]},{"@type":"WebPage","@id":"https:\/\/fjala.info\/2009-2015\/nuk-mund-te-kalohet-nga-feudalizmi-ne-modernitet\/","url":"https:\/\/fjala.info\/2009-2015\/nuk-mund-te-kalohet-nga-feudalizmi-ne-modernitet\/","name":"Nuk mund t\u00eb kalohet nga feudalizmi n\u00eb modernitet - FjALA e LIR\u00cb - Arkivi","isPartOf":{"@id":"https:\/\/fjala.info\/2009-2015\/#website"},"primaryImageOfPage":{"@id":"https:\/\/fjala.info\/2009-2015\/nuk-mund-te-kalohet-nga-feudalizmi-ne-modernitet\/#primaryimage"},"image":{"@id":"https:\/\/fjala.info\/2009-2015\/nuk-mund-te-kalohet-nga-feudalizmi-ne-modernitet\/#primaryimage"},"thumbnailUrl":"http:\/\/fjala.shkoder.net\/wp-content\/uploads\/2011\/01\/mark_marku1.jpg","datePublished":"2011-01-15T10:22:44+00:00","breadcrumb":{"@id":"https:\/\/fjala.info\/2009-2015\/nuk-mund-te-kalohet-nga-feudalizmi-ne-modernitet\/#breadcrumb"},"inLanguage":"sq-AL","potentialAction":[{"@type":"ReadAction","target":["https:\/\/fjala.info\/2009-2015\/nuk-mund-te-kalohet-nga-feudalizmi-ne-modernitet\/"]}]},{"@type":"ImageObject","inLanguage":"sq-AL","@id":"https:\/\/fjala.info\/2009-2015\/nuk-mund-te-kalohet-nga-feudalizmi-ne-modernitet\/#primaryimage","url":"http:\/\/fjala.shkoder.net\/wp-content\/uploads\/2011\/01\/mark_marku1.jpg","contentUrl":"http:\/\/fjala.shkoder.net\/wp-content\/uploads\/2011\/01\/mark_marku1.jpg"},{"@type":"BreadcrumbList","@id":"https:\/\/fjala.info\/2009-2015\/nuk-mund-te-kalohet-nga-feudalizmi-ne-modernitet\/#breadcrumb","itemListElement":[{"@type":"ListItem","position":1,"name":"Home","item":"https:\/\/fjala.info\/2009-2015\/"},{"@type":"ListItem","position":2,"name":"Nuk mund t\u00eb kalohet nga feudalizmi n\u00eb modernitet"}]},{"@type":"WebSite","@id":"https:\/\/fjala.info\/2009-2015\/#website","url":"https:\/\/fjala.info\/2009-2015\/","name":"FjALA e LIR\u00cb - Arkivi","description":"Arkivi 2009-2015","publisher":{"@id":"https:\/\/fjala.info\/2009-2015\/#organization"},"potentialAction":[{"@type":"SearchAction","target":{"@type":"EntryPoint","urlTemplate":"https:\/\/fjala.info\/2009-2015\/?s={search_term_string}"},"query-input":{"@type":"PropertyValueSpecification","valueRequired":true,"valueName":"search_term_string"}}],"inLanguage":"sq-AL"},{"@type":"Organization","@id":"https:\/\/fjala.info\/2009-2015\/#organization","name":"FjALA e LIR\u00cb - Arkivi","url":"https:\/\/fjala.info\/2009-2015\/","logo":{"@type":"ImageObject","inLanguage":"sq-AL","@id":"https:\/\/fjala.info\/2009-2015\/#\/schema\/logo\/image\/","url":"","contentUrl":"","caption":"FjALA e LIR\u00cb - Arkivi"},"image":{"@id":"https:\/\/fjala.info\/2009-2015\/#\/schema\/logo\/image\/"}},{"@type":"Person","@id":"https:\/\/fjala.info\/2009-2015\/#\/schema\/person\/3aa1163ef05469c496fc94e77611ada2","name":"admin","image":{"@type":"ImageObject","inLanguage":"sq-AL","@id":"https:\/\/fjala.info\/2009-2015\/wp-content\/uploads\/2012\/02\/arben_cokaj-120x150.jpg","url":"https:\/\/fjala.info\/2009-2015\/wp-content\/uploads\/2012\/02\/arben_cokaj-120x150.jpg","contentUrl":"https:\/\/fjala.info\/2009-2015\/wp-content\/uploads\/2012\/02\/arben_cokaj-120x150.jpg","caption":"admin"},"description":"Admin, Fjala e Lir\u00eb","sameAs":["https:\/\/fjala.info\/"],"url":"https:\/\/fjala.info\/2009-2015\/author\/admin\/"}]}},"_links":{"self":[{"href":"https:\/\/fjala.info\/2009-2015\/wp-json\/wp\/v2\/posts\/5672","targetHints":{"allow":["GET"]}}],"collection":[{"href":"https:\/\/fjala.info\/2009-2015\/wp-json\/wp\/v2\/posts"}],"about":[{"href":"https:\/\/fjala.info\/2009-2015\/wp-json\/wp\/v2\/types\/post"}],"author":[{"embeddable":true,"href":"https:\/\/fjala.info\/2009-2015\/wp-json\/wp\/v2\/users\/1"}],"replies":[{"embeddable":true,"href":"https:\/\/fjala.info\/2009-2015\/wp-json\/wp\/v2\/comments?post=5672"}],"version-history":[{"count":0,"href":"https:\/\/fjala.info\/2009-2015\/wp-json\/wp\/v2\/posts\/5672\/revisions"}],"wp:attachment":[{"href":"https:\/\/fjala.info\/2009-2015\/wp-json\/wp\/v2\/media?parent=5672"}],"wp:term":[{"taxonomy":"category","embeddable":true,"href":"https:\/\/fjala.info\/2009-2015\/wp-json\/wp\/v2\/categories?post=5672"},{"taxonomy":"post_tag","embeddable":true,"href":"https:\/\/fjala.info\/2009-2015\/wp-json\/wp\/v2\/tags?post=5672"}],"curies":[{"name":"wp","href":"https:\/\/api.w.org\/{rel}","templated":true}]}}