{"id":5668,"date":"2011-01-15T11:19:48","date_gmt":"2011-01-15T10:19:48","guid":{"rendered":"http:\/\/fjala.shkoder.net\/?p=5668"},"modified":"2011-01-15T11:19:48","modified_gmt":"2011-01-15T10:19:48","slug":"fillon-renia","status":"publish","type":"post","link":"https:\/\/fjala.info\/2009-2015\/fillon-renia\/","title":{"rendered":"FILLON R\u00cbNIA&#8230;"},"content":{"rendered":"<p><img loading=\"lazy\" decoding=\"async\" class=\"alignright size-medium wp-image-5669\" title=\"berisha_jep_doren_metes\" src=\"http:\/\/fjala.shkoder.net\/wp-content\/uploads\/2011\/01\/berisha_jep_doren_metes-300x190.jpg\" alt=\"\" width=\"300\" height=\"190\" \/><br \/>\n<strong>Luis Tanushi<\/strong>, <em>15.01.2011<\/em><\/p>\n<p>Dor\u00ebheqja e zv.kryeministrit Ilir Meta paraditen e djeshme ka habitur pothuajse t\u00eb gjith\u00eb politik\u00ebndjek\u00ebsit q\u00eb jetojn\u00eb n\u00eb Shqip\u00ebri dhe ata q\u00eb e ndjekin nga jasht\u00eb.<\/p>\n<p>Nj\u00eb dit\u00eb pas skandalit ai deklaroi me p\u00ebrgjegj\u00ebsi t\u00eb plot\u00eb q\u00eb do t\u00eb jepte dor\u00ebheqjen, por n\u00eb vitin 2013. T\u00eb nj\u00ebjt\u00ebn gj\u00eb p\u00ebrs\u00ebriti edhe mbr\u00ebmjen e s\u00eb enjtes nga studioja e nj\u00eb emisioni televiziv. I pyetur a kishte menduar dor\u00ebheqjen Meta u p\u00ebrgjigj: &#8220;Absolutisht nuk e kam menduar. Un\u00eb jam nj\u00eb politikan q\u00eb kam dh\u00ebn\u00eb dor\u00ebheqje disa her\u00eb.<\/p>\n<p>Kam qen\u00eb kryeminist\u00ebr dhe p\u00ebr nj\u00eb arsye politike kam dh\u00ebn\u00eb dor\u00ebheqjen, kur mund t\u00eb b\u00ebja kompromise. Kam dh\u00ebn\u00eb dor\u00ebheqje dhe nga minist\u00ebr i Jasht\u00ebm dhe zv.kryeminist\u00ebr. Pse tani jo? Sepse nuk dua t\u00eb vendos n\u00eb politik\u00ebn shqiptare nj\u00eb standard jo demokratik, pra nj\u00eb standard antidemokratik&#8230;&#8221;.<\/p>\n<p>K\u00ebrkesa p\u00ebr dor\u00ebheqje<\/p>\n<p>Burime pran\u00eb Berish\u00ebs pohuan dje se kjo deklarat\u00eb e Met\u00ebs ka v\u00ebn\u00eb n\u00eb pik\u00ebpyetje t\u00eb m\u00ebdha kryeministrin. Menj\u00ebher\u00eb pasi ka p\u00ebrfunduar emisioni, Berisha ka telefonuar Met\u00ebn dhe e ka njoftuar p\u00ebr nj\u00eb bised\u00eb m\u00eb t\u00eb gjer\u00eb m\u00ebngjesin e djesh\u00ebm. Sipas t\u00eb nj\u00ebjtave burime, n\u00eb m\u00ebngjes Berisha ka komunikuar s\u00ebrish me Met\u00ebn duke i k\u00ebrkuar seriozisht q\u00eb t\u00eb jepte dor\u00ebheqjen.<\/p>\n<p>Kryeministri dhe z\u00ebvend\u00ebsi i tij kan\u00eb diskutuar gjat\u00eb p\u00ebr rrezikun e publikimit t\u00eb materialeve t\u00eb tjera komprometuese p\u00ebr an\u00ebtar\u00eb t\u00eb kabinetit Berisha. Nga ana tjet\u00ebr nd\u00ebrkomb\u00ebtar\u00ebt kishin nisur q\u00eb t\u00eb ushtronin presion mbi kryeministrin duke i k\u00ebrkuar q\u00eb Meta t\u00eb mos shkonte p\u00ebrpara prokuroris\u00eb dhe m\u00eb pas gjykat\u00ebs me statusin e ministrit.<\/p>\n<p>Atij i \u00ebsht\u00eb kujtuar se k\u00ebrkesa kryesore p\u00ebr marrjen e statusit t\u00eb vendit kandidat ishte lufta kund\u00ebr korrupsionit dhe p\u00ebr k\u00ebt\u00eb arsye nuk mund t\u00eb q\u00ebndronte n\u00eb qeveri nj\u00eb minist\u00ebr i akuzuar kaq hapur p\u00ebr nj\u00eb akt korruptiv.<\/p>\n<p>P\u00ebr t\u00eb mos shkaktuar largimin e L\u00ebvizjes Socialiste p\u00ebr Integrim nga koalicioni, gj\u00eb q\u00eb do t\u00eb sillte edhe humbjen e mazhoranc\u00ebs n\u00eb Parlament, Berisha i ka premtuar Met\u00ebs se pakti do t\u00eb ishte n\u00eb fuqi edhe pas dor\u00ebheqjes s\u00eb tij.<\/p>\n<p>&#8220;LSI do ket\u00eb postet q\u00eb ka pasur, nuk ka asnj\u00eb ndryshim. Por ti nuk mund t\u00eb rrezikosh t\u00eb gjith\u00eb qeverin\u00eb. Duhet ta mendosh seriozisht dhe duhet t\u00eb gjesh nj\u00eb m\u00ebnyr\u00eb p\u00ebr tu larguar&#8221;, m\u00ebsohet t&#8217;i ket\u00eb th\u00ebn\u00eb Berisha, Met\u00ebs. Pak minuta m\u00eb pas, Meta, nga selia e LSI-s\u00eb, deklaroi dor\u00ebheqjen.<\/p>\n<p>Negociata p\u00ebr z\u00ebvend\u00ebsim<\/p>\n<p>Pa humbur shum\u00eb koh\u00eb Ilir Meta ka nisur negociatat me stafin e tij p\u00ebr t\u00eb p\u00ebrcaktuar z\u00ebvend\u00ebsuesin n\u00eb postin e ministrit t\u00eb Energjetik\u00ebs. P\u00ebr postin e zv.kryeministrit Meta ka vendosur menj\u00ebher\u00eb em\u00ebrimin e Edmond Haxhinastos, nj\u00eb person i af\u00ebrt i tij, me t\u00eb cilin kishte punuar n\u00eb disa detyra t\u00eb ndryshme. Problemi ishte em\u00ebrimi i ministrit t\u00eb Energjetik\u00ebs.<\/p>\n<p>Burime t\u00eb LSI-s\u00eb pohuan se fillimisht ishte menduar em\u00ebrimi i Sokol Dervishajt. Por kjo kandidatur\u00eb ka hasur n\u00eb kund\u00ebrshtimin e dy deputet\u00ebve t\u00eb tjer\u00eb t\u00eb LSI-s\u00eb, Lefter Koka dhe Nasip Na\u00e7o. Dy t\u00eb fundit m\u00ebsohet ti ken\u00eb th\u00ebn\u00eb kryetarit t\u00eb tyre Meta se nuk do t&#8217;i japin m\u00eb vot\u00ebn n\u00ebse shohin q\u00eb an\u00ebtar\u00eb t\u00eb thjesht\u00eb em\u00ebrohen n\u00eb poste ministrore nd\u00ebrsa ata si deputet\u00eb mbesin n\u00eb vendnum\u00ebro.<\/p>\n<p>Pasi \u00ebsht\u00eb konsultuar edhe nj\u00eb her\u00eb me stafin e tij, Meta ka vendosur em\u00ebrimin e Nasip Na\u00e7os n\u00eb postin e ministrit t\u00eb METE. Kjo kandidatur\u00eb ka gjetur edhe p\u00eblqimin e Kok\u00ebs, i cili ka postin e kryetarit t\u00eb grupit parlamentar.<\/p>\n<p>P\u00ebr t\u00eb mbyllur em\u00ebrimet, Meta ka menduar edhe p\u00ebr t\u00eb ardhurin e fundit, Vangjel Tavo. Ish-deputeti i PS-s\u00eb \u00ebsht\u00eb em\u00ebruar n\u00ebnkryetar i Kuvendit dhe do t\u00eb drejtoj\u00eb seancat sa her\u00eb t\u00eb mungoj\u00eb Jozefina Topalli.<\/p>\n<p>***************************************<\/p>\n<p>Ilir Meta jep dor\u00ebheqje, &#8217;em\u00ebron&#8217; Na\u00e7on, Haxhinaston, Tavon<\/p>\n<p>Menj\u00ebher\u00eb pas dor\u00ebheqjes s\u00eb Ilir Met\u00ebs nga dy postet q\u00eb mbante at\u00eb t\u00eb Zv\/kryeministrit dhe ministrit t\u00eb Ekonomis\u00eb jan\u00eb propozuar edhe emrat e par\u00eb nga kryesia e LSI. Sipas burimeve nga LSI m\u00ebsohet se \u00ebsht\u00eb propozuar n\u00eb postin e ministrit t\u00eb Ekonomis\u00eb, Tregtis\u00eb dhe Energjitik\u00ebs, Nasip Na\u00e7o i cili aktualisht mban postin e n\u00ebnkryetarit t\u00eb parlamentit. Nd\u00ebrkoh\u00eb q\u00eb n\u00eb vend t\u00eb tij, numrin dy t\u00eb parlamentit t\u00eb jet\u00eb Vangjel Tavo.<\/p>\n<p>Nd\u00ebrsa ministri i Jasht\u00ebm Edmond Haxhinasto, propozohet q\u00eb t\u00eb marr\u00eb p\u00ebrsip\u00ebr edhe postin e zv.kryeministrit. Por k\u00ebto propozime do t&#8217;i paraqiten kryministrit Sali Berisha, i cili pritet q\u00eb t\u00eb jap miratimin e tij p\u00ebr k\u00ebto poste, duke b\u00ebr\u00eb q\u00eb t\u00eb mbeten s\u00ebrish t\u00eb L\u00ebvizjes Socialiste p\u00ebr Integrim.<\/p>\n<p>*****<\/p>\n<p>Zv. Kryeministri, nj\u00ebher\u00ebsh Minist\u00ebr I Ekonomis\u00eb, Tregtise dhe Energjitikes Ilir Meta jep dor\u00ebheqjen e parevokueshme n\u00eb t\u00eb dyja postet e tij n\u00eb qeveri. N\u00eb nj\u00eb konferenc\u00eb p\u00ebr shtyp Meta b\u00ebri publik vendimin duke e quajtur nj\u00eb vendim personal.<\/p>\n<p>&#8220;Jap dor\u00ebheqjen e parevokueshme si minist\u00ebr i Ekonomis\u00eb dhe si z\u00ebvend\u00ebskryeminist\u00ebr. Dor\u00ebheqjen ia kam komunikuar kryeministrit Berisha dhe pas k\u00ebtij momenti jam n\u00eb dispozicion t\u00eb prokuroris\u00eb p\u00ebr hetim&#8221;-tha Meta<\/p>\n<p>Sipas Met\u00ebs, Shqip\u00ebria nuk mund t\u00eb merret peng nga krimi i organizuar dhe monstra si Dritan Prifti, p\u00ebr t\u00eb cilin u shpreh se ka nj\u00eb t\u00eb kaluar kriminale.<\/p>\n<p>Dor\u00ebheqja e ministrit Meta vjen 3 dit\u00eb pas publikimit t\u00eb video-skandalit.<\/p>\n","protected":false},"excerpt":{"rendered":"<p>Luis Tanushi, 15.01.2011 Dor\u00ebheqja e zv.kryeministrit Ilir Meta paraditen e djeshme ka habitur pothuajse t\u00eb gjith\u00eb politik\u00ebndjek\u00ebsit q\u00eb jetojn\u00eb n\u00eb Shqip\u00ebri dhe ata q\u00eb e ndjekin nga jasht\u00eb. Nj\u00eb dit\u00eb pas skandalit ai deklaroi me p\u00ebrgjegj\u00ebsi t\u00eb plot\u00eb q\u00eb do t\u00eb jepte dor\u00ebheqjen, por n\u00eb vitin 2013. T\u00eb nj\u00ebjt\u00ebn gj\u00eb p\u00ebrs\u00ebriti edhe mbr\u00ebmjen e s\u00eb [&hellip;]<\/p>\n","protected":false},"author":1,"featured_media":0,"comment_status":"open","ping_status":"closed","sticky":false,"template":"","format":"standard","meta":{"footnotes":""},"categories":[2],"tags":[],"class_list":{"0":"post-5668","1":"post","2":"type-post","3":"status-publish","4":"format-standard","6":"category-artikuj"},"yoast_head":"<!-- This site is optimized with the Yoast SEO plugin v27.4 - https:\/\/yoast.com\/product\/yoast-seo-wordpress\/ -->\n<title>FILLON R\u00cbNIA... - FjALA e LIR\u00cb - Arkivi<\/title>\n<meta name=\"robots\" content=\"index, follow, max-snippet:-1, max-image-preview:large, max-video-preview:-1\" \/>\n<link rel=\"canonical\" href=\"https:\/\/fjala.info\/2009-2015\/fillon-renia\/\" \/>\n<meta property=\"og:locale\" content=\"sq_AL\" \/>\n<meta property=\"og:type\" content=\"article\" \/>\n<meta property=\"og:title\" content=\"FILLON R\u00cbNIA... - FjALA e LIR\u00cb - Arkivi\" \/>\n<meta property=\"og:description\" content=\"Luis Tanushi, 15.01.2011 Dor\u00ebheqja e zv.kryeministrit Ilir Meta paraditen e djeshme ka habitur pothuajse t\u00eb gjith\u00eb politik\u00ebndjek\u00ebsit q\u00eb jetojn\u00eb n\u00eb Shqip\u00ebri dhe ata q\u00eb e ndjekin nga jasht\u00eb. Nj\u00eb dit\u00eb pas skandalit ai deklaroi me p\u00ebrgjegj\u00ebsi t\u00eb plot\u00eb q\u00eb do t\u00eb jepte dor\u00ebheqjen, por n\u00eb vitin 2013. T\u00eb nj\u00ebjt\u00ebn gj\u00eb p\u00ebrs\u00ebriti edhe mbr\u00ebmjen e s\u00eb [&hellip;]\" \/>\n<meta property=\"og:url\" content=\"https:\/\/fjala.info\/2009-2015\/fillon-renia\/\" \/>\n<meta property=\"og:site_name\" content=\"FjALA e LIR\u00cb - Arkivi\" \/>\n<meta property=\"article:published_time\" content=\"2011-01-15T10:19:48+00:00\" \/>\n<meta property=\"og:image\" content=\"http:\/\/fjala.shkoder.net\/wp-content\/uploads\/2011\/01\/berisha_jep_doren_metes-300x190.jpg\" \/>\n<meta name=\"author\" content=\"admin\" \/>\n<meta name=\"twitter:card\" content=\"summary_large_image\" \/>\n<meta name=\"twitter:label1\" content=\"Written by\" \/>\n\t<meta name=\"twitter:data1\" content=\"admin\" \/>\n\t<meta name=\"twitter:label2\" content=\"Est. reading time\" \/>\n\t<meta name=\"twitter:data2\" content=\"5 minutes\" \/>\n<script type=\"application\/ld+json\" class=\"yoast-schema-graph\">{\"@context\":\"https:\\\/\\\/schema.org\",\"@graph\":[{\"@type\":\"Article\",\"@id\":\"https:\\\/\\\/fjala.info\\\/2009-2015\\\/fillon-renia\\\/#article\",\"isPartOf\":{\"@id\":\"https:\\\/\\\/fjala.info\\\/2009-2015\\\/fillon-renia\\\/\"},\"author\":{\"name\":\"admin\",\"@id\":\"https:\\\/\\\/fjala.info\\\/2009-2015\\\/#\\\/schema\\\/person\\\/3aa1163ef05469c496fc94e77611ada2\"},\"headline\":\"FILLON R\u00cbNIA&#8230;\",\"datePublished\":\"2011-01-15T10:19:48+00:00\",\"mainEntityOfPage\":{\"@id\":\"https:\\\/\\\/fjala.info\\\/2009-2015\\\/fillon-renia\\\/\"},\"wordCount\":968,\"commentCount\":0,\"publisher\":{\"@id\":\"https:\\\/\\\/fjala.info\\\/2009-2015\\\/#organization\"},\"image\":{\"@id\":\"https:\\\/\\\/fjala.info\\\/2009-2015\\\/fillon-renia\\\/#primaryimage\"},\"thumbnailUrl\":\"http:\\\/\\\/fjala.shkoder.net\\\/wp-content\\\/uploads\\\/2011\\\/01\\\/berisha_jep_doren_metes-300x190.jpg\",\"articleSection\":[\"Artikuj\"],\"inLanguage\":\"sq-AL\",\"potentialAction\":[{\"@type\":\"CommentAction\",\"name\":\"Comment\",\"target\":[\"https:\\\/\\\/fjala.info\\\/2009-2015\\\/fillon-renia\\\/#respond\"]}]},{\"@type\":\"WebPage\",\"@id\":\"https:\\\/\\\/fjala.info\\\/2009-2015\\\/fillon-renia\\\/\",\"url\":\"https:\\\/\\\/fjala.info\\\/2009-2015\\\/fillon-renia\\\/\",\"name\":\"FILLON R\u00cbNIA... - FjALA e LIR\u00cb - Arkivi\",\"isPartOf\":{\"@id\":\"https:\\\/\\\/fjala.info\\\/2009-2015\\\/#website\"},\"primaryImageOfPage\":{\"@id\":\"https:\\\/\\\/fjala.info\\\/2009-2015\\\/fillon-renia\\\/#primaryimage\"},\"image\":{\"@id\":\"https:\\\/\\\/fjala.info\\\/2009-2015\\\/fillon-renia\\\/#primaryimage\"},\"thumbnailUrl\":\"http:\\\/\\\/fjala.shkoder.net\\\/wp-content\\\/uploads\\\/2011\\\/01\\\/berisha_jep_doren_metes-300x190.jpg\",\"datePublished\":\"2011-01-15T10:19:48+00:00\",\"breadcrumb\":{\"@id\":\"https:\\\/\\\/fjala.info\\\/2009-2015\\\/fillon-renia\\\/#breadcrumb\"},\"inLanguage\":\"sq-AL\",\"potentialAction\":[{\"@type\":\"ReadAction\",\"target\":[\"https:\\\/\\\/fjala.info\\\/2009-2015\\\/fillon-renia\\\/\"]}]},{\"@type\":\"ImageObject\",\"inLanguage\":\"sq-AL\",\"@id\":\"https:\\\/\\\/fjala.info\\\/2009-2015\\\/fillon-renia\\\/#primaryimage\",\"url\":\"http:\\\/\\\/fjala.shkoder.net\\\/wp-content\\\/uploads\\\/2011\\\/01\\\/berisha_jep_doren_metes-300x190.jpg\",\"contentUrl\":\"http:\\\/\\\/fjala.shkoder.net\\\/wp-content\\\/uploads\\\/2011\\\/01\\\/berisha_jep_doren_metes-300x190.jpg\"},{\"@type\":\"BreadcrumbList\",\"@id\":\"https:\\\/\\\/fjala.info\\\/2009-2015\\\/fillon-renia\\\/#breadcrumb\",\"itemListElement\":[{\"@type\":\"ListItem\",\"position\":1,\"name\":\"Home\",\"item\":\"https:\\\/\\\/fjala.info\\\/2009-2015\\\/\"},{\"@type\":\"ListItem\",\"position\":2,\"name\":\"FILLON R\u00cbNIA&#8230;\"}]},{\"@type\":\"WebSite\",\"@id\":\"https:\\\/\\\/fjala.info\\\/2009-2015\\\/#website\",\"url\":\"https:\\\/\\\/fjala.info\\\/2009-2015\\\/\",\"name\":\"FjALA e LIR\u00cb - Arkivi\",\"description\":\"Arkivi 2009-2015\",\"publisher\":{\"@id\":\"https:\\\/\\\/fjala.info\\\/2009-2015\\\/#organization\"},\"potentialAction\":[{\"@type\":\"SearchAction\",\"target\":{\"@type\":\"EntryPoint\",\"urlTemplate\":\"https:\\\/\\\/fjala.info\\\/2009-2015\\\/?s={search_term_string}\"},\"query-input\":{\"@type\":\"PropertyValueSpecification\",\"valueRequired\":true,\"valueName\":\"search_term_string\"}}],\"inLanguage\":\"sq-AL\"},{\"@type\":\"Organization\",\"@id\":\"https:\\\/\\\/fjala.info\\\/2009-2015\\\/#organization\",\"name\":\"FjALA e LIR\u00cb - Arkivi\",\"url\":\"https:\\\/\\\/fjala.info\\\/2009-2015\\\/\",\"logo\":{\"@type\":\"ImageObject\",\"inLanguage\":\"sq-AL\",\"@id\":\"https:\\\/\\\/fjala.info\\\/2009-2015\\\/#\\\/schema\\\/logo\\\/image\\\/\",\"url\":\"\",\"contentUrl\":\"\",\"caption\":\"FjALA e LIR\u00cb - Arkivi\"},\"image\":{\"@id\":\"https:\\\/\\\/fjala.info\\\/2009-2015\\\/#\\\/schema\\\/logo\\\/image\\\/\"}},{\"@type\":\"Person\",\"@id\":\"https:\\\/\\\/fjala.info\\\/2009-2015\\\/#\\\/schema\\\/person\\\/3aa1163ef05469c496fc94e77611ada2\",\"name\":\"admin\",\"image\":{\"@type\":\"ImageObject\",\"inLanguage\":\"sq-AL\",\"@id\":\"https:\\\/\\\/fjala.info\\\/2009-2015\\\/wp-content\\\/uploads\\\/2012\\\/02\\\/arben_cokaj-120x150.jpg\",\"url\":\"https:\\\/\\\/fjala.info\\\/2009-2015\\\/wp-content\\\/uploads\\\/2012\\\/02\\\/arben_cokaj-120x150.jpg\",\"contentUrl\":\"https:\\\/\\\/fjala.info\\\/2009-2015\\\/wp-content\\\/uploads\\\/2012\\\/02\\\/arben_cokaj-120x150.jpg\",\"caption\":\"admin\"},\"description\":\"Admin, Fjala e Lir\u00eb\",\"sameAs\":[\"https:\\\/\\\/fjala.info\\\/\"],\"url\":\"https:\\\/\\\/fjala.info\\\/2009-2015\\\/author\\\/admin\\\/\"}]}<\/script>\n<!-- \/ Yoast SEO plugin. -->","yoast_head_json":{"title":"FILLON R\u00cbNIA... - FjALA e LIR\u00cb - Arkivi","robots":{"index":"index","follow":"follow","max-snippet":"max-snippet:-1","max-image-preview":"max-image-preview:large","max-video-preview":"max-video-preview:-1"},"canonical":"https:\/\/fjala.info\/2009-2015\/fillon-renia\/","og_locale":"sq_AL","og_type":"article","og_title":"FILLON R\u00cbNIA... - FjALA e LIR\u00cb - Arkivi","og_description":"Luis Tanushi, 15.01.2011 Dor\u00ebheqja e zv.kryeministrit Ilir Meta paraditen e djeshme ka habitur pothuajse t\u00eb gjith\u00eb politik\u00ebndjek\u00ebsit q\u00eb jetojn\u00eb n\u00eb Shqip\u00ebri dhe ata q\u00eb e ndjekin nga jasht\u00eb. Nj\u00eb dit\u00eb pas skandalit ai deklaroi me p\u00ebrgjegj\u00ebsi t\u00eb plot\u00eb q\u00eb do t\u00eb jepte dor\u00ebheqjen, por n\u00eb vitin 2013. T\u00eb nj\u00ebjt\u00ebn gj\u00eb p\u00ebrs\u00ebriti edhe mbr\u00ebmjen e s\u00eb [&hellip;]","og_url":"https:\/\/fjala.info\/2009-2015\/fillon-renia\/","og_site_name":"FjALA e LIR\u00cb - Arkivi","article_published_time":"2011-01-15T10:19:48+00:00","og_image":[{"url":"http:\/\/fjala.shkoder.net\/wp-content\/uploads\/2011\/01\/berisha_jep_doren_metes-300x190.jpg","type":"","width":"","height":""}],"author":"admin","twitter_card":"summary_large_image","twitter_misc":{"Written by":"admin","Est. reading time":"5 minutes"},"schema":{"@context":"https:\/\/schema.org","@graph":[{"@type":"Article","@id":"https:\/\/fjala.info\/2009-2015\/fillon-renia\/#article","isPartOf":{"@id":"https:\/\/fjala.info\/2009-2015\/fillon-renia\/"},"author":{"name":"admin","@id":"https:\/\/fjala.info\/2009-2015\/#\/schema\/person\/3aa1163ef05469c496fc94e77611ada2"},"headline":"FILLON R\u00cbNIA&#8230;","datePublished":"2011-01-15T10:19:48+00:00","mainEntityOfPage":{"@id":"https:\/\/fjala.info\/2009-2015\/fillon-renia\/"},"wordCount":968,"commentCount":0,"publisher":{"@id":"https:\/\/fjala.info\/2009-2015\/#organization"},"image":{"@id":"https:\/\/fjala.info\/2009-2015\/fillon-renia\/#primaryimage"},"thumbnailUrl":"http:\/\/fjala.shkoder.net\/wp-content\/uploads\/2011\/01\/berisha_jep_doren_metes-300x190.jpg","articleSection":["Artikuj"],"inLanguage":"sq-AL","potentialAction":[{"@type":"CommentAction","name":"Comment","target":["https:\/\/fjala.info\/2009-2015\/fillon-renia\/#respond"]}]},{"@type":"WebPage","@id":"https:\/\/fjala.info\/2009-2015\/fillon-renia\/","url":"https:\/\/fjala.info\/2009-2015\/fillon-renia\/","name":"FILLON R\u00cbNIA... - FjALA e LIR\u00cb - Arkivi","isPartOf":{"@id":"https:\/\/fjala.info\/2009-2015\/#website"},"primaryImageOfPage":{"@id":"https:\/\/fjala.info\/2009-2015\/fillon-renia\/#primaryimage"},"image":{"@id":"https:\/\/fjala.info\/2009-2015\/fillon-renia\/#primaryimage"},"thumbnailUrl":"http:\/\/fjala.shkoder.net\/wp-content\/uploads\/2011\/01\/berisha_jep_doren_metes-300x190.jpg","datePublished":"2011-01-15T10:19:48+00:00","breadcrumb":{"@id":"https:\/\/fjala.info\/2009-2015\/fillon-renia\/#breadcrumb"},"inLanguage":"sq-AL","potentialAction":[{"@type":"ReadAction","target":["https:\/\/fjala.info\/2009-2015\/fillon-renia\/"]}]},{"@type":"ImageObject","inLanguage":"sq-AL","@id":"https:\/\/fjala.info\/2009-2015\/fillon-renia\/#primaryimage","url":"http:\/\/fjala.shkoder.net\/wp-content\/uploads\/2011\/01\/berisha_jep_doren_metes-300x190.jpg","contentUrl":"http:\/\/fjala.shkoder.net\/wp-content\/uploads\/2011\/01\/berisha_jep_doren_metes-300x190.jpg"},{"@type":"BreadcrumbList","@id":"https:\/\/fjala.info\/2009-2015\/fillon-renia\/#breadcrumb","itemListElement":[{"@type":"ListItem","position":1,"name":"Home","item":"https:\/\/fjala.info\/2009-2015\/"},{"@type":"ListItem","position":2,"name":"FILLON R\u00cbNIA&#8230;"}]},{"@type":"WebSite","@id":"https:\/\/fjala.info\/2009-2015\/#website","url":"https:\/\/fjala.info\/2009-2015\/","name":"FjALA e LIR\u00cb - Arkivi","description":"Arkivi 2009-2015","publisher":{"@id":"https:\/\/fjala.info\/2009-2015\/#organization"},"potentialAction":[{"@type":"SearchAction","target":{"@type":"EntryPoint","urlTemplate":"https:\/\/fjala.info\/2009-2015\/?s={search_term_string}"},"query-input":{"@type":"PropertyValueSpecification","valueRequired":true,"valueName":"search_term_string"}}],"inLanguage":"sq-AL"},{"@type":"Organization","@id":"https:\/\/fjala.info\/2009-2015\/#organization","name":"FjALA e LIR\u00cb - Arkivi","url":"https:\/\/fjala.info\/2009-2015\/","logo":{"@type":"ImageObject","inLanguage":"sq-AL","@id":"https:\/\/fjala.info\/2009-2015\/#\/schema\/logo\/image\/","url":"","contentUrl":"","caption":"FjALA e LIR\u00cb - Arkivi"},"image":{"@id":"https:\/\/fjala.info\/2009-2015\/#\/schema\/logo\/image\/"}},{"@type":"Person","@id":"https:\/\/fjala.info\/2009-2015\/#\/schema\/person\/3aa1163ef05469c496fc94e77611ada2","name":"admin","image":{"@type":"ImageObject","inLanguage":"sq-AL","@id":"https:\/\/fjala.info\/2009-2015\/wp-content\/uploads\/2012\/02\/arben_cokaj-120x150.jpg","url":"https:\/\/fjala.info\/2009-2015\/wp-content\/uploads\/2012\/02\/arben_cokaj-120x150.jpg","contentUrl":"https:\/\/fjala.info\/2009-2015\/wp-content\/uploads\/2012\/02\/arben_cokaj-120x150.jpg","caption":"admin"},"description":"Admin, Fjala e Lir\u00eb","sameAs":["https:\/\/fjala.info\/"],"url":"https:\/\/fjala.info\/2009-2015\/author\/admin\/"}]}},"_links":{"self":[{"href":"https:\/\/fjala.info\/2009-2015\/wp-json\/wp\/v2\/posts\/5668","targetHints":{"allow":["GET"]}}],"collection":[{"href":"https:\/\/fjala.info\/2009-2015\/wp-json\/wp\/v2\/posts"}],"about":[{"href":"https:\/\/fjala.info\/2009-2015\/wp-json\/wp\/v2\/types\/post"}],"author":[{"embeddable":true,"href":"https:\/\/fjala.info\/2009-2015\/wp-json\/wp\/v2\/users\/1"}],"replies":[{"embeddable":true,"href":"https:\/\/fjala.info\/2009-2015\/wp-json\/wp\/v2\/comments?post=5668"}],"version-history":[{"count":0,"href":"https:\/\/fjala.info\/2009-2015\/wp-json\/wp\/v2\/posts\/5668\/revisions"}],"wp:attachment":[{"href":"https:\/\/fjala.info\/2009-2015\/wp-json\/wp\/v2\/media?parent=5668"}],"wp:term":[{"taxonomy":"category","embeddable":true,"href":"https:\/\/fjala.info\/2009-2015\/wp-json\/wp\/v2\/categories?post=5668"},{"taxonomy":"post_tag","embeddable":true,"href":"https:\/\/fjala.info\/2009-2015\/wp-json\/wp\/v2\/tags?post=5668"}],"curies":[{"name":"wp","href":"https:\/\/api.w.org\/{rel}","templated":true}]}}