{"id":5665,"date":"2011-01-15T11:14:57","date_gmt":"2011-01-15T10:14:57","guid":{"rendered":"http:\/\/fjala.shkoder.net\/?p=5665"},"modified":"2011-01-15T11:14:57","modified_gmt":"2011-01-15T10:14:57","slug":"cfare-kemi-mesuar-deri-tani","status":"publish","type":"post","link":"https:\/\/fjala.info\/2009-2015\/cfare-kemi-mesuar-deri-tani\/","title":{"rendered":"\u00c7far\u00eb kemi m\u00ebsuar deri tani?"},"content":{"rendered":"<p><img loading=\"lazy\" decoding=\"async\" src=\"http:\/\/fjala.shkoder.net\/wp-content\/uploads\/2011\/01\/meta_prifti.jpg\" alt=\"\" title=\"Meta - Prifti\" width=\"300\" height=\"188\" class=\"alignright size-full wp-image-5666\" \/><br \/>\nNga <strong>Mustafa Nano<\/strong><\/p>\n<p>Kan\u00eb qen\u00eb dy dit\u00eb t\u00eb ngjeshura me lajme, denoncime, pohime, p\u00ebrg\u00ebnjeshtrime, k\u00ebrc\u00ebnime, debate, intervista, parashikime, komente, protesta, etj. M\u00eb t\u00eb fundit ishin dy shfaqje televizive t\u00eb dh\u00ebna n\u00eb t\u00eb nj\u00ebjt\u00ebn koh\u00eb, n\u00eb dy televizione t\u00eb ndryshme (Top-channel e Tv Klan), nga dy persona t\u00eb ndrysh\u00ebm (Dritan Prifti e Ilir Meta), t\u00eb cil\u00ebt mbr\u00ebm\u00eb dhan\u00eb p\u00ebrshtypjen, se rivalitetin e armiq\u00ebsin\u00eb e tyre donin ta shtrinin edhe n\u00eb terma t\u00eb audience-\u00ebs. Kisha koh\u00eb pa ndjekur me v\u00ebmendje debate televizive t\u00eb Zululandit ton\u00eb, dhe vet\u00ebm n\u00eb fund e kuptova q\u00eb telekomand\u00ebn e kisha patur gjith\u00eb koh\u00ebn n\u00eb dor\u00eb; sa her\u00eb q\u00eb nj\u00ebri emision futej n\u00eb shina t\u00eb monotonis\u00eb, un\u00eb fap, kaloja tek tjetri, ndon\u00ebse m\u00eb duhet t\u00eb them se andej nga lagjja e Opinionit monotonin\u00eb e vriste tek-tuk ve\u00e7 ndonj\u00eb nd\u00ebrhyrje e ndonj\u00eb gazetari; sikur Meta t\u00eb ish n\u00eb nj\u00eb intervist\u00eb pa gazetar\u00eb, kjo e fundit, intervista pra, nuk do t\u00eb shtyhej fare. Nd\u00ebrsa nga lagjja tjet\u00ebr, ajo e Top Story-t, Dritan Prifti e kish zgjidhur goj\u00ebn si kurr\u00eb ndonj\u00eb shqiptar m\u00eb par\u00eb, dhe po thosh gj\u00ebra q\u00eb ta mbanin v\u00ebmendjen t\u00eb ngrehur.<\/p>\n<p>T\u00eb gjitha gj\u00ebrat q\u00eb ai thosh jan\u00eb p\u00ebr t\u2019u verifikuar nga koha apo nga institucionet e sistemit t\u00eb drejt\u00ebsis\u00eb. Ka plot pik\u00ebpyetje n\u00eb k\u00ebt\u00eb mes, nj\u00eb pjes\u00eb e t\u00eb cilave ishin shtruar sot n\u00eb nj\u00eb shkrim t\u00eb Mentor Kikias n\u00eb gazet\u00ebn Shqip: P\u00ebrse Prifti iu drejtua Prokuroris\u00eb gati nj\u00eb vit m\u00eb pas p\u00ebrgjimit? P\u00ebrse e publikoi pik\u00ebrisht tani? A e ka p\u00ebrdorur videon p\u00ebr tjet\u00ebr gj\u00eb para se ta publikonte? P\u00ebrse nuk e b\u00ebri k\u00ebt\u00eb denoncim me an\u00eb videosh sa koh\u00eb ishte minist\u00ebr i Energjitik\u00ebs? P\u00ebrse e b\u00ebri tani q\u00eb Meta e ka shkarkuar? Prifti k\u00ebrkon t\u00eb denoncoj\u00eb korrupsionin, apo ka q\u00ebllime t\u00eb tjera?<\/p>\n<p>T\u00eb gjitha k\u00ebto pyetje kan\u00eb r\u00ebnd\u00ebsi, por edhe sikur t\u00eb mbeten pa p\u00ebrgjigje, apo edhe sikur p\u00ebrgjigjet q\u00eb gjejm\u00eb t\u00eb jen\u00eb t\u00eb tilla q\u00eb e komprometojn\u00eb r\u00ebnd\u00eb Dritan Priftin, nuk do ta ciflosnin asnj\u00eb \u00e7ik\u00eb vler\u00ebn e d\u00ebshmis\u00eb q\u00eb ka ajo video e filmuar n\u00eb zyr\u00ebn e ministrit t\u00eb Energjitik\u00ebs, q\u00eb dje ishte e mbajtur nga Prifti e sot mbahet nga Meta. Kush do ta v\u00ebr\u00eb n\u00eb dyshim vullnetin antikorruptiv apo motivimin e ndersh\u00ebm t\u00eb Dritan Priftit, \u00ebsht\u00eb i lir\u00eb, dhe ka gjith\u00eb t\u00eb drejt\u00ebn, ta b\u00ebj\u00eb (un\u00eb jam i pari q\u00eb e b\u00ebj), por kjo gj\u00eb nuk ka pse t\u00eb p\u00ebrzihet me p\u00ebrmbajtjen e videos, p\u00ebr t\u00eb cil\u00ebn Ilir Meta duhet t\u00eb p\u00ebrgjigjet deri n\u00eb nj\u00eb. Zv.kryeministri i sot\u00ebm nuk duhet lejuar, q\u00eb pyetjeve lidhur me deklarata t\u00eb tij gjat\u00eb asaj bisede n\u00eb zyr\u00ebn e Priftit, t\u2019u b\u00ebj\u00eb bisht duke na b\u00ebr\u00eb me dije mbi q\u00ebllimet e ndyra t\u00eb Priftit, t\u00eb Ram\u00ebs, t\u00eb Doshit. Dritan Prifti nuk \u00ebsht\u00eb se po hedh akuza n\u00eb er\u00eb n\u00eb stilin e t\u00eb gjith\u00ebve kund\u00ebr t\u00eb gjith\u00ebve; ai nuk po b\u00ebn denoncime t\u00eb paprovueshme; p\u00ebrkundrazi, ai na ka dh\u00ebn\u00eb nj\u00eb video, n\u00eb t\u00eb cilin kemi Ilir Met\u00ebn q\u00eb flet me goj\u00ebn e vet.<\/p>\n<p>Ilir Meta, me siguri, do t\u00eb vijoj\u00eb me t\u00eb vet\u00ebn. Nuk \u00ebsht\u00eb se ka shum\u00eb hap\u00ebsir\u00eb p\u00ebr t\u00eb l\u00ebvizur, i shkreti; sikur ta kishim mik, do duhej t\u00eb na vinte keq; ose th\u00ebn\u00eb ndryshe (q\u00eb t\u00eb evitojm\u00eb k\u00ebt\u00eb miq\u00ebsi hipotetike; duhet t\u00eb jet\u00eb bezdi dhe nj\u00eb miq\u00ebsi e supozuar me t\u00eb), do duhej t\u00eb uronim q\u00eb miqt\u00eb tan\u00eb mos t\u2019i shihnim asnj\u00ebher\u00eb n\u00eb pozit\u00ebn e atij, q\u00eb ashtu si dhe Meta, nuk ka rrug\u00eb tjet\u00ebr, ve\u00e7se t\u00eb belb\u00ebzoj\u00eb, t\u00eb \u00e7aprashit\u00eb fraza e arsyetime q\u00eb nuk lidhen me nj\u00eb fill logjik, t\u2019u ik\u00eb pyetjeve e nd\u00ebrhyrjeve t\u00eb gazetar\u00ebve, t\u2019i thahen buz\u00ebt, etj.<\/p>\n<p>Pavar\u00ebsisht nga ajo q\u00eb b\u00ebn e do b\u00ebj\u00eb Meta, tri gj\u00ebra kan\u00eb dal\u00eb qart\u00eb tanim\u00eb:<\/p>\n<p>1. Berisha \u00ebsht\u00eb v\u00ebn\u00eb n\u00eb mbrojtje t\u00eb Met\u00ebs. Me aq sa ka dal\u00eb n\u00eb shesh, ai nuk kish pse ta b\u00ebnte, pasi nuk del vet\u00eb drejt\u00ebp\u00ebrdrejt\u00eb i implikuar; p\u00ebrderisa e b\u00ebn, do t\u00eb thot\u00eb se ka gj\u00ebra q\u00eb s\u2019kan\u00eb dal\u00eb n\u00eb shesh, dmth ka ndyr\u00ebsira q\u00eb ata i b\u00ebj\u00ebn\u00eb s\u00eb bashku. Mund t\u00eb mendohet se Berisha e b\u00ebn k\u00ebt\u00eb mbrojtje t\u00eb Met\u00ebs, ngaq\u00eb \u00ebsht\u00eb i detyruar nga aritmetika parlamentare, por ai nuk \u00ebsht\u00eb nga ata q\u00eb mendojn\u00eb se si ta shtyjn\u00eb dhe ca koh\u00eb n\u00eb pushtet; jo, Berisha \u00ebhst\u00eb nga ata q\u00eb mendojn\u00eb se si t\u00eb rrijn\u00eb p\u00ebr gjith\u00eb koh\u00ebn n\u00eb pushtet, dhe dihet q\u00eb me Met\u00ebn n\u00eb krah (me k\u00ebt\u00eb lloj Mete q\u00eb del nga video-ja) nuk mund t\u2019ia arrij\u00eb k\u00ebtij q\u00ebllimi.<\/p>\n<p>2. E vetmja gj\u00eb q\u00eb Meta b\u00ebri n\u00eb m\u00ebnyr\u00eb t\u00eb p\u00ebrsosur tek Opinioni i mbr\u00ebmsh\u00ebm ishte gjetja e alibive p\u00ebr doktorin, dhe n\u00ebnvizimi i faktit q\u00eb ky i fundit \u00ebsht\u00eb dor\u00ebjasht\u00eb n\u00eb k\u00ebt\u00eb mesele. N\u00eb nj\u00eb moment ai u d\u00ebgjua t\u00eb thosh: \u00ebsht\u00eb monstruoze ta p\u00ebrfshish doktorin n\u00eb histori, ku ai nuk hyn fare. Pse e b\u00ebn k\u00ebt\u00eb? E b\u00ebn sepse n\u00eb k\u00ebt\u00eb moment ai ka nevoj\u00eb p\u00ebr Berish\u00ebn. Vet\u00ebm Berisha mund ta shp\u00ebtoj\u00eb (n\u00ebse mund t\u00eb shp\u00ebtohet). Mund t\u2019i ndodhen shum\u00eb njer\u00ebz t\u00eb tjer\u00eb n\u00eb krah k\u00ebto koh\u00eb, por as\u00ebll-as\u00ebll vet\u00ebm ndihma e Berish\u00ebs i lipset, pasi vet\u00ebm ky ka fuqi (t\u00eb shohim n\u00ebse e ka k\u00ebt\u00eb fuqi edhe n\u00eb k\u00ebto rrethana), q\u00eb t\u2019ua mbaj\u00eb dor\u00ebn prokuror\u00ebve e t\u00eb frik\u00ebsoj\u00eb gjyqtar\u00ebt (n\u00ebse \u00e7\u00ebshtja shkon n\u00eb sall\u00ebn e gjyqit). Kryeministri u shfaq dje dhe foli p\u00ebr her\u00eb t\u00eb par\u00eb p\u00ebr k\u00ebt\u00eb ngjarje, q\u00eb s\u2019ka t\u00eb b\u00ebj\u00eb me ullinj e lajthi. Dhe tha n\u00eb thelb, se \u201cvideoja \u00ebsht\u00eb nj\u00eb montazh e trukim i turpsh\u00ebm. Mesazhi ishte p\u00ebr Ina Ram\u00ebn, e cila, p\u00ebr Berish\u00ebn, nuk ka shans tjet\u00ebr, ve\u00e7se ta nxjerr\u00eb at\u00eb material t\u00eb trukuar.<\/p>\n<p>3. N\u00eb k\u00ebt\u00eb video nuk \u00ebsht\u00eb se duket thjesht fytyra e Ilir Met\u00ebs. Aty duket fytyra e nj\u00eb qeverie dhe e nj\u00eb qeverisjeje, q\u00eb dallohet (e kemi ditur p\u00ebrpara se t\u00eb shihnim k\u00ebt\u00eb film) p\u00ebr pushtimin klientelist t\u00eb administrat\u00ebs, p\u00ebr lidhje t\u00eb dyshimta me bot\u00ebn e nj\u00eb biznesi t\u00eb dyshimt\u00eb, p\u00ebr fuqin\u00eb dhe ndikimin q\u00eb individ\u00eb pa asnj\u00eb status publik kan\u00eb mbi an\u00ebtar\u00eb t\u00eb kabinetit (ishte dometh\u00ebn\u00ebse ajo telefonata q\u00eb Meta b\u00ebri me nj\u00eb \u201caskush\u201d, nd\u00ebrsa ishte duke biseduar me Priftin), p\u00ebr mentalitetin paternalist t\u00eb pushtetit n\u00eb sjelljen me institucionet jo qeveritare, e sidomos me ato t\u00eb sistemit t\u00eb drejt\u00ebsis\u00eb (Meta e p\u00ebrmend kryetaren e Gjykat\u00ebs s\u00eb Lart\u00eb, si t\u00eb ish fjala p\u00ebr nj\u00eb militante t\u00eb LSI-s\u00eb), p\u00ebr etiket\u00ebn q\u00eb dominon marr\u00ebdh\u00ebniet mes njer\u00ebzve t\u00eb pushtetit (biseda Meta-Prifti ishte bised\u00eb mes dy ministrash, dhe dukej se n\u00eb \u00e7far\u00eb niveli e me \u00e7far\u00eb \u201cklasi\u201d b\u00ebhen k\u00ebto biseda), etj. Kjo video na m\u00ebsoi (kush nuk e ka ditur) se ne nuk kemi n\u00eb krye nj\u00eb qeveri; p\u00ebrkundrazi, kemi n\u00eb krye nj\u00eb band\u00eb.<\/p>\n<p>E cila duhet shkulur sa m\u00eb par\u00eb nga zyrat e shtetit shqiptar.<\/p>\n<p>*respublica.al<\/p>\n","protected":false},"excerpt":{"rendered":"<p>Nga Mustafa Nano Kan\u00eb qen\u00eb dy dit\u00eb t\u00eb ngjeshura me lajme, denoncime, pohime, p\u00ebrg\u00ebnjeshtrime, k\u00ebrc\u00ebnime, debate, intervista, parashikime, komente, protesta, etj. M\u00eb t\u00eb fundit ishin dy shfaqje televizive t\u00eb dh\u00ebna n\u00eb t\u00eb nj\u00ebjt\u00ebn koh\u00eb, n\u00eb dy televizione t\u00eb ndryshme (Top-channel e Tv Klan), nga dy persona t\u00eb ndrysh\u00ebm (Dritan Prifti e Ilir Meta), t\u00eb cil\u00ebt [&hellip;]<\/p>\n","protected":false},"author":1,"featured_media":0,"comment_status":"open","ping_status":"closed","sticky":false,"template":"","format":"standard","meta":{"footnotes":""},"categories":[2],"tags":[],"class_list":{"0":"post-5665","1":"post","2":"type-post","3":"status-publish","4":"format-standard","6":"category-artikuj"},"yoast_head":"<!-- This site is optimized with the Yoast SEO plugin v27.4 - https:\/\/yoast.com\/product\/yoast-seo-wordpress\/ -->\n<title>\u00c7far\u00eb kemi m\u00ebsuar deri tani? - FjALA e LIR\u00cb - Arkivi<\/title>\n<meta name=\"robots\" content=\"index, follow, max-snippet:-1, max-image-preview:large, max-video-preview:-1\" \/>\n<link rel=\"canonical\" href=\"https:\/\/fjala.info\/2009-2015\/cfare-kemi-mesuar-deri-tani\/\" \/>\n<meta property=\"og:locale\" content=\"sq_AL\" \/>\n<meta property=\"og:type\" content=\"article\" \/>\n<meta property=\"og:title\" content=\"\u00c7far\u00eb kemi m\u00ebsuar deri tani? - FjALA e LIR\u00cb - Arkivi\" \/>\n<meta property=\"og:description\" content=\"Nga Mustafa Nano Kan\u00eb qen\u00eb dy dit\u00eb t\u00eb ngjeshura me lajme, denoncime, pohime, p\u00ebrg\u00ebnjeshtrime, k\u00ebrc\u00ebnime, debate, intervista, parashikime, komente, protesta, etj. M\u00eb t\u00eb fundit ishin dy shfaqje televizive t\u00eb dh\u00ebna n\u00eb t\u00eb nj\u00ebjt\u00ebn koh\u00eb, n\u00eb dy televizione t\u00eb ndryshme (Top-channel e Tv Klan), nga dy persona t\u00eb ndrysh\u00ebm (Dritan Prifti e Ilir Meta), t\u00eb cil\u00ebt [&hellip;]\" \/>\n<meta property=\"og:url\" content=\"https:\/\/fjala.info\/2009-2015\/cfare-kemi-mesuar-deri-tani\/\" \/>\n<meta property=\"og:site_name\" content=\"FjALA e LIR\u00cb - Arkivi\" \/>\n<meta property=\"article:published_time\" content=\"2011-01-15T10:14:57+00:00\" \/>\n<meta property=\"og:image\" content=\"http:\/\/fjala.shkoder.net\/wp-content\/uploads\/2011\/01\/meta_prifti.jpg\" \/>\n<meta name=\"author\" content=\"admin\" \/>\n<meta name=\"twitter:card\" content=\"summary_large_image\" \/>\n<meta name=\"twitter:label1\" content=\"Written by\" \/>\n\t<meta name=\"twitter:data1\" content=\"admin\" \/>\n\t<meta name=\"twitter:label2\" content=\"Est. reading time\" \/>\n\t<meta name=\"twitter:data2\" content=\"6 minutes\" \/>\n<script type=\"application\/ld+json\" class=\"yoast-schema-graph\">{\"@context\":\"https:\\\/\\\/schema.org\",\"@graph\":[{\"@type\":\"Article\",\"@id\":\"https:\\\/\\\/fjala.info\\\/2009-2015\\\/cfare-kemi-mesuar-deri-tani\\\/#article\",\"isPartOf\":{\"@id\":\"https:\\\/\\\/fjala.info\\\/2009-2015\\\/cfare-kemi-mesuar-deri-tani\\\/\"},\"author\":{\"name\":\"admin\",\"@id\":\"https:\\\/\\\/fjala.info\\\/2009-2015\\\/#\\\/schema\\\/person\\\/3aa1163ef05469c496fc94e77611ada2\"},\"headline\":\"\u00c7far\u00eb kemi m\u00ebsuar deri tani?\",\"datePublished\":\"2011-01-15T10:14:57+00:00\",\"mainEntityOfPage\":{\"@id\":\"https:\\\/\\\/fjala.info\\\/2009-2015\\\/cfare-kemi-mesuar-deri-tani\\\/\"},\"wordCount\":1303,\"commentCount\":0,\"publisher\":{\"@id\":\"https:\\\/\\\/fjala.info\\\/2009-2015\\\/#organization\"},\"image\":{\"@id\":\"https:\\\/\\\/fjala.info\\\/2009-2015\\\/cfare-kemi-mesuar-deri-tani\\\/#primaryimage\"},\"thumbnailUrl\":\"http:\\\/\\\/fjala.shkoder.net\\\/wp-content\\\/uploads\\\/2011\\\/01\\\/meta_prifti.jpg\",\"articleSection\":[\"Artikuj\"],\"inLanguage\":\"sq-AL\",\"potentialAction\":[{\"@type\":\"CommentAction\",\"name\":\"Comment\",\"target\":[\"https:\\\/\\\/fjala.info\\\/2009-2015\\\/cfare-kemi-mesuar-deri-tani\\\/#respond\"]}]},{\"@type\":\"WebPage\",\"@id\":\"https:\\\/\\\/fjala.info\\\/2009-2015\\\/cfare-kemi-mesuar-deri-tani\\\/\",\"url\":\"https:\\\/\\\/fjala.info\\\/2009-2015\\\/cfare-kemi-mesuar-deri-tani\\\/\",\"name\":\"\u00c7far\u00eb kemi m\u00ebsuar deri tani? - FjALA e LIR\u00cb - Arkivi\",\"isPartOf\":{\"@id\":\"https:\\\/\\\/fjala.info\\\/2009-2015\\\/#website\"},\"primaryImageOfPage\":{\"@id\":\"https:\\\/\\\/fjala.info\\\/2009-2015\\\/cfare-kemi-mesuar-deri-tani\\\/#primaryimage\"},\"image\":{\"@id\":\"https:\\\/\\\/fjala.info\\\/2009-2015\\\/cfare-kemi-mesuar-deri-tani\\\/#primaryimage\"},\"thumbnailUrl\":\"http:\\\/\\\/fjala.shkoder.net\\\/wp-content\\\/uploads\\\/2011\\\/01\\\/meta_prifti.jpg\",\"datePublished\":\"2011-01-15T10:14:57+00:00\",\"breadcrumb\":{\"@id\":\"https:\\\/\\\/fjala.info\\\/2009-2015\\\/cfare-kemi-mesuar-deri-tani\\\/#breadcrumb\"},\"inLanguage\":\"sq-AL\",\"potentialAction\":[{\"@type\":\"ReadAction\",\"target\":[\"https:\\\/\\\/fjala.info\\\/2009-2015\\\/cfare-kemi-mesuar-deri-tani\\\/\"]}]},{\"@type\":\"ImageObject\",\"inLanguage\":\"sq-AL\",\"@id\":\"https:\\\/\\\/fjala.info\\\/2009-2015\\\/cfare-kemi-mesuar-deri-tani\\\/#primaryimage\",\"url\":\"http:\\\/\\\/fjala.shkoder.net\\\/wp-content\\\/uploads\\\/2011\\\/01\\\/meta_prifti.jpg\",\"contentUrl\":\"http:\\\/\\\/fjala.shkoder.net\\\/wp-content\\\/uploads\\\/2011\\\/01\\\/meta_prifti.jpg\"},{\"@type\":\"BreadcrumbList\",\"@id\":\"https:\\\/\\\/fjala.info\\\/2009-2015\\\/cfare-kemi-mesuar-deri-tani\\\/#breadcrumb\",\"itemListElement\":[{\"@type\":\"ListItem\",\"position\":1,\"name\":\"Home\",\"item\":\"https:\\\/\\\/fjala.info\\\/2009-2015\\\/\"},{\"@type\":\"ListItem\",\"position\":2,\"name\":\"\u00c7far\u00eb kemi m\u00ebsuar deri tani?\"}]},{\"@type\":\"WebSite\",\"@id\":\"https:\\\/\\\/fjala.info\\\/2009-2015\\\/#website\",\"url\":\"https:\\\/\\\/fjala.info\\\/2009-2015\\\/\",\"name\":\"FjALA e LIR\u00cb - Arkivi\",\"description\":\"Arkivi 2009-2015\",\"publisher\":{\"@id\":\"https:\\\/\\\/fjala.info\\\/2009-2015\\\/#organization\"},\"potentialAction\":[{\"@type\":\"SearchAction\",\"target\":{\"@type\":\"EntryPoint\",\"urlTemplate\":\"https:\\\/\\\/fjala.info\\\/2009-2015\\\/?s={search_term_string}\"},\"query-input\":{\"@type\":\"PropertyValueSpecification\",\"valueRequired\":true,\"valueName\":\"search_term_string\"}}],\"inLanguage\":\"sq-AL\"},{\"@type\":\"Organization\",\"@id\":\"https:\\\/\\\/fjala.info\\\/2009-2015\\\/#organization\",\"name\":\"FjALA e LIR\u00cb - Arkivi\",\"url\":\"https:\\\/\\\/fjala.info\\\/2009-2015\\\/\",\"logo\":{\"@type\":\"ImageObject\",\"inLanguage\":\"sq-AL\",\"@id\":\"https:\\\/\\\/fjala.info\\\/2009-2015\\\/#\\\/schema\\\/logo\\\/image\\\/\",\"url\":\"\",\"contentUrl\":\"\",\"caption\":\"FjALA e LIR\u00cb - Arkivi\"},\"image\":{\"@id\":\"https:\\\/\\\/fjala.info\\\/2009-2015\\\/#\\\/schema\\\/logo\\\/image\\\/\"}},{\"@type\":\"Person\",\"@id\":\"https:\\\/\\\/fjala.info\\\/2009-2015\\\/#\\\/schema\\\/person\\\/3aa1163ef05469c496fc94e77611ada2\",\"name\":\"admin\",\"image\":{\"@type\":\"ImageObject\",\"inLanguage\":\"sq-AL\",\"@id\":\"https:\\\/\\\/fjala.info\\\/2009-2015\\\/wp-content\\\/uploads\\\/2012\\\/02\\\/arben_cokaj-120x150.jpg\",\"url\":\"https:\\\/\\\/fjala.info\\\/2009-2015\\\/wp-content\\\/uploads\\\/2012\\\/02\\\/arben_cokaj-120x150.jpg\",\"contentUrl\":\"https:\\\/\\\/fjala.info\\\/2009-2015\\\/wp-content\\\/uploads\\\/2012\\\/02\\\/arben_cokaj-120x150.jpg\",\"caption\":\"admin\"},\"description\":\"Admin, Fjala e Lir\u00eb\",\"sameAs\":[\"https:\\\/\\\/fjala.info\\\/\"],\"url\":\"https:\\\/\\\/fjala.info\\\/2009-2015\\\/author\\\/admin\\\/\"}]}<\/script>\n<!-- \/ Yoast SEO plugin. -->","yoast_head_json":{"title":"\u00c7far\u00eb kemi m\u00ebsuar deri tani? - FjALA e LIR\u00cb - Arkivi","robots":{"index":"index","follow":"follow","max-snippet":"max-snippet:-1","max-image-preview":"max-image-preview:large","max-video-preview":"max-video-preview:-1"},"canonical":"https:\/\/fjala.info\/2009-2015\/cfare-kemi-mesuar-deri-tani\/","og_locale":"sq_AL","og_type":"article","og_title":"\u00c7far\u00eb kemi m\u00ebsuar deri tani? - FjALA e LIR\u00cb - Arkivi","og_description":"Nga Mustafa Nano Kan\u00eb qen\u00eb dy dit\u00eb t\u00eb ngjeshura me lajme, denoncime, pohime, p\u00ebrg\u00ebnjeshtrime, k\u00ebrc\u00ebnime, debate, intervista, parashikime, komente, protesta, etj. M\u00eb t\u00eb fundit ishin dy shfaqje televizive t\u00eb dh\u00ebna n\u00eb t\u00eb nj\u00ebjt\u00ebn koh\u00eb, n\u00eb dy televizione t\u00eb ndryshme (Top-channel e Tv Klan), nga dy persona t\u00eb ndrysh\u00ebm (Dritan Prifti e Ilir Meta), t\u00eb cil\u00ebt [&hellip;]","og_url":"https:\/\/fjala.info\/2009-2015\/cfare-kemi-mesuar-deri-tani\/","og_site_name":"FjALA e LIR\u00cb - Arkivi","article_published_time":"2011-01-15T10:14:57+00:00","og_image":[{"url":"http:\/\/fjala.shkoder.net\/wp-content\/uploads\/2011\/01\/meta_prifti.jpg","type":"","width":"","height":""}],"author":"admin","twitter_card":"summary_large_image","twitter_misc":{"Written by":"admin","Est. reading time":"6 minutes"},"schema":{"@context":"https:\/\/schema.org","@graph":[{"@type":"Article","@id":"https:\/\/fjala.info\/2009-2015\/cfare-kemi-mesuar-deri-tani\/#article","isPartOf":{"@id":"https:\/\/fjala.info\/2009-2015\/cfare-kemi-mesuar-deri-tani\/"},"author":{"name":"admin","@id":"https:\/\/fjala.info\/2009-2015\/#\/schema\/person\/3aa1163ef05469c496fc94e77611ada2"},"headline":"\u00c7far\u00eb kemi m\u00ebsuar deri tani?","datePublished":"2011-01-15T10:14:57+00:00","mainEntityOfPage":{"@id":"https:\/\/fjala.info\/2009-2015\/cfare-kemi-mesuar-deri-tani\/"},"wordCount":1303,"commentCount":0,"publisher":{"@id":"https:\/\/fjala.info\/2009-2015\/#organization"},"image":{"@id":"https:\/\/fjala.info\/2009-2015\/cfare-kemi-mesuar-deri-tani\/#primaryimage"},"thumbnailUrl":"http:\/\/fjala.shkoder.net\/wp-content\/uploads\/2011\/01\/meta_prifti.jpg","articleSection":["Artikuj"],"inLanguage":"sq-AL","potentialAction":[{"@type":"CommentAction","name":"Comment","target":["https:\/\/fjala.info\/2009-2015\/cfare-kemi-mesuar-deri-tani\/#respond"]}]},{"@type":"WebPage","@id":"https:\/\/fjala.info\/2009-2015\/cfare-kemi-mesuar-deri-tani\/","url":"https:\/\/fjala.info\/2009-2015\/cfare-kemi-mesuar-deri-tani\/","name":"\u00c7far\u00eb kemi m\u00ebsuar deri tani? - FjALA e LIR\u00cb - Arkivi","isPartOf":{"@id":"https:\/\/fjala.info\/2009-2015\/#website"},"primaryImageOfPage":{"@id":"https:\/\/fjala.info\/2009-2015\/cfare-kemi-mesuar-deri-tani\/#primaryimage"},"image":{"@id":"https:\/\/fjala.info\/2009-2015\/cfare-kemi-mesuar-deri-tani\/#primaryimage"},"thumbnailUrl":"http:\/\/fjala.shkoder.net\/wp-content\/uploads\/2011\/01\/meta_prifti.jpg","datePublished":"2011-01-15T10:14:57+00:00","breadcrumb":{"@id":"https:\/\/fjala.info\/2009-2015\/cfare-kemi-mesuar-deri-tani\/#breadcrumb"},"inLanguage":"sq-AL","potentialAction":[{"@type":"ReadAction","target":["https:\/\/fjala.info\/2009-2015\/cfare-kemi-mesuar-deri-tani\/"]}]},{"@type":"ImageObject","inLanguage":"sq-AL","@id":"https:\/\/fjala.info\/2009-2015\/cfare-kemi-mesuar-deri-tani\/#primaryimage","url":"http:\/\/fjala.shkoder.net\/wp-content\/uploads\/2011\/01\/meta_prifti.jpg","contentUrl":"http:\/\/fjala.shkoder.net\/wp-content\/uploads\/2011\/01\/meta_prifti.jpg"},{"@type":"BreadcrumbList","@id":"https:\/\/fjala.info\/2009-2015\/cfare-kemi-mesuar-deri-tani\/#breadcrumb","itemListElement":[{"@type":"ListItem","position":1,"name":"Home","item":"https:\/\/fjala.info\/2009-2015\/"},{"@type":"ListItem","position":2,"name":"\u00c7far\u00eb kemi m\u00ebsuar deri tani?"}]},{"@type":"WebSite","@id":"https:\/\/fjala.info\/2009-2015\/#website","url":"https:\/\/fjala.info\/2009-2015\/","name":"FjALA e LIR\u00cb - Arkivi","description":"Arkivi 2009-2015","publisher":{"@id":"https:\/\/fjala.info\/2009-2015\/#organization"},"potentialAction":[{"@type":"SearchAction","target":{"@type":"EntryPoint","urlTemplate":"https:\/\/fjala.info\/2009-2015\/?s={search_term_string}"},"query-input":{"@type":"PropertyValueSpecification","valueRequired":true,"valueName":"search_term_string"}}],"inLanguage":"sq-AL"},{"@type":"Organization","@id":"https:\/\/fjala.info\/2009-2015\/#organization","name":"FjALA e LIR\u00cb - Arkivi","url":"https:\/\/fjala.info\/2009-2015\/","logo":{"@type":"ImageObject","inLanguage":"sq-AL","@id":"https:\/\/fjala.info\/2009-2015\/#\/schema\/logo\/image\/","url":"","contentUrl":"","caption":"FjALA e LIR\u00cb - Arkivi"},"image":{"@id":"https:\/\/fjala.info\/2009-2015\/#\/schema\/logo\/image\/"}},{"@type":"Person","@id":"https:\/\/fjala.info\/2009-2015\/#\/schema\/person\/3aa1163ef05469c496fc94e77611ada2","name":"admin","image":{"@type":"ImageObject","inLanguage":"sq-AL","@id":"https:\/\/fjala.info\/2009-2015\/wp-content\/uploads\/2012\/02\/arben_cokaj-120x150.jpg","url":"https:\/\/fjala.info\/2009-2015\/wp-content\/uploads\/2012\/02\/arben_cokaj-120x150.jpg","contentUrl":"https:\/\/fjala.info\/2009-2015\/wp-content\/uploads\/2012\/02\/arben_cokaj-120x150.jpg","caption":"admin"},"description":"Admin, Fjala e Lir\u00eb","sameAs":["https:\/\/fjala.info\/"],"url":"https:\/\/fjala.info\/2009-2015\/author\/admin\/"}]}},"_links":{"self":[{"href":"https:\/\/fjala.info\/2009-2015\/wp-json\/wp\/v2\/posts\/5665","targetHints":{"allow":["GET"]}}],"collection":[{"href":"https:\/\/fjala.info\/2009-2015\/wp-json\/wp\/v2\/posts"}],"about":[{"href":"https:\/\/fjala.info\/2009-2015\/wp-json\/wp\/v2\/types\/post"}],"author":[{"embeddable":true,"href":"https:\/\/fjala.info\/2009-2015\/wp-json\/wp\/v2\/users\/1"}],"replies":[{"embeddable":true,"href":"https:\/\/fjala.info\/2009-2015\/wp-json\/wp\/v2\/comments?post=5665"}],"version-history":[{"count":0,"href":"https:\/\/fjala.info\/2009-2015\/wp-json\/wp\/v2\/posts\/5665\/revisions"}],"wp:attachment":[{"href":"https:\/\/fjala.info\/2009-2015\/wp-json\/wp\/v2\/media?parent=5665"}],"wp:term":[{"taxonomy":"category","embeddable":true,"href":"https:\/\/fjala.info\/2009-2015\/wp-json\/wp\/v2\/categories?post=5665"},{"taxonomy":"post_tag","embeddable":true,"href":"https:\/\/fjala.info\/2009-2015\/wp-json\/wp\/v2\/tags?post=5665"}],"curies":[{"name":"wp","href":"https:\/\/api.w.org\/{rel}","templated":true}]}}