{"id":5663,"date":"2011-01-15T11:11:04","date_gmt":"2011-01-15T10:11:04","guid":{"rendered":"http:\/\/fjala.shkoder.net\/?p=5663"},"modified":"2011-01-15T11:11:04","modified_gmt":"2011-01-15T10:11:04","slug":"dy-me-zero","status":"publish","type":"post","link":"https:\/\/fjala.info\/2009-2015\/dy-me-zero\/","title":{"rendered":"DY ME ZERO"},"content":{"rendered":"<p><strong>Sokol Shameti<\/strong><\/p>\n<p>Gazetar\u00ebt n\u00eb Shqip\u00ebri i dhan\u00eb dje nj\u00eb m\u00ebsim t\u00eb mir\u00eb opozit\u00ebs, duke i treguar t\u00eb pakt\u00ebn p\u00ebr her\u00eb t\u00eb dyt\u00eb q\u00eb nga koha e nj\u00ebrit q\u00eb hiqte mb\u00ebrthecka, sesi veprohet kur ke p\u00ebrball\u00eb nj\u00eb qeveri t\u00eb dyshimt\u00eb. Pa shum\u00eb llafe, vet\u00ebm me fakte. Pa p\u00ebrbetime, shkulme histerike n\u00eb podium dhe viktimiz\u00ebm grevash me serume e sirena, pun\u00ebtor\u00eb kurajoz\u00eb t\u00eb medias shqiptare e vun\u00eb n\u00eb pozit\u00eb t\u00eb v\u00ebshtir\u00eb numrin dy t\u00eb qeveris\u00eb vendase dhe e detyruan at\u00eb, q\u00eb n\u00eb p\u00ebrpjekje p\u00ebr t\u00eb d\u00ebshmuar pafaj\u00ebsin\u00eb p\u00ebrball\u00eb akuzave p\u00ebr korrupsion, t\u00eb dor\u00ebzoj\u00eb imunitet deputeti, portofol z\u00ebvend\u00ebskryeministri e \u00e7el\u00ebsa ministrie bashk\u00eb.<\/p>\n<p>Qytetar\u00ebt asistuan me syt\u00eb e tyre n\u00eb nj\u00eb prej momenteve t\u00eb rralla t\u00eb funksionimit perfekt t\u00eb ushtrimit t\u00eb moralit qytetar. Nuk ishte opozita, n\u00eb mefsht\u00ebsin\u00eb e saj kronike, por media, q\u00eb si katalizatore e gjith\u00eb k\u00ebsaj pak\u00ebnaq\u00ebsie, luajti rolin vendimtar. Presioni i opinionit publik, i filtruar n\u00eb radh\u00eb t\u00eb par\u00eb n\u00eb form\u00eb ndjesie t\u00eb p\u00ebrgjithshme e m\u00eb pas si qindra e qindra mesazhe, komente, opinione dhe l\u00ebnd\u00eb p\u00ebrshtypjesh t\u00eb q\u00ebmtuar ndershm\u00ebrisht n\u00eb terren e t\u00eb ofruar bujarisht n\u00eb ekran e faqe gazetash, e b\u00ebri t\u00eb vet\u00ebn. Nj\u00eb funksionar la detyr\u00ebn prej k\u00ebsaj. Euforist\u00eb profesionist\u00eb nga disa zyra ku po brohoritet p\u00ebr aleanca politik\u00eb-media, b\u00ebjn\u00eb mir\u00eb t\u00eb mbajn\u00eb parasysh se n\u00ebse pask\u00ebtaj edhe vet\u00eb qeveris\u00eb do t\u2019i merren k\u00ebmb\u00ebt e do t\u00eb lig\u00ebshtohet, tamam- tamam kjo s\u2019\u00ebsht\u00eb nj\u00eb \u00e7\u00ebshtje q\u00eb i takon radarit t\u00eb misionit mediatik.<\/p>\n<p>Por ama, qysh dje Shqip\u00ebria \u00ebsht\u00eb zgjuar m\u00eb e mir\u00eb dhe m\u00eb e drejt\u00eb. Nj\u00eb gur m\u00eb shum\u00eb u vu n\u00eb murin me t\u00eb cilin pesha e opinionit publik r\u00ebndon mbi t\u00eb zgjedhurit. Nj\u00eb pik\u00eb djers\u00eb m\u00eb shum\u00eb duhet t\u00eb derdhin zyrtar\u00eb t\u00eb zhytur n\u00eb korrupsion, p\u00ebr ta kap\u00ebrcyer k\u00ebt\u00eb barrikad\u00eb. Do t\u00eb duhet shum\u00eb, derisa ky mur t\u00eb lartohet e t\u00eb b\u00ebhet i pakap\u00ebrcyesh\u00ebm, por dor\u00ebheqja e djeshme mund t\u00eb ark\u00ebtohet tashm\u00eb lirisht si fitore e t\u00eb gjith\u00eb qytetar\u00ebve, pa dallim politik.<\/p>\n<p>E gjith\u00eb kjo kryevep\u00ebr qytetarizmi u krye p\u00ebrmes nj\u00eb serie veprimesh konkrete, t\u00eb qeta, t\u00eb ftohta dhe t\u00eb pakund\u00ebrshtueshme. Me nj\u00eb durim milingone, pas nj\u00eb pune t\u00eb p\u00ebrditshme e k\u00ebmb\u00ebngul\u00ebse, rezultati &#8211; dor\u00ebheqja e djeshme e z\u00ebvend\u00ebskryeministrit Meta &#8211; meriton t\u00eb festohet nga qindra gazetar\u00eb shqiptar\u00eb (nga ata t\u00eb emisionit \u2018Fiks Fare\u2019 n\u00eb \u2018Top Channel\u2019, n\u00eb radh\u00eb t\u00eb par\u00eb) si nj\u00eb trofe suksesi. Nga opozitar\u00ebt e modelit t\u00eb G\u00ebrdecit, q\u00eb edhe kur shohin ujkun k\u00ebrkojn\u00eb hutuesh\u00ebm gjurm\u00eb n\u00eb d\u00ebbor\u00eb e m\u00eb pas u jepen meditimeve e qarjeve patetike, kjo mund t\u00eb sh\u00ebnohet n\u00eb kalendar si nj\u00eb dat\u00eb m\u00eb af\u00ebr fundit t\u00eb tyre. Nj\u00eb moment i mir\u00eb p\u00ebr t\u2019i th\u00ebn\u00eb vetvetes n\u00eb pasqyr\u00eb t\u00eb v\u00ebrtet\u00ebn: q\u00eb ashtu si\u00e7 korruptohet e zhvatet buxheti publik, ashtu korruptohet e zhvatet edhe kapitali politik. Se ata jan\u00eb zhytur kahmot personalisht n\u00eb k\u00ebt\u00eb puset\u00eb korrupsioni dhe se ashtu si\u00e7 ndodh me t\u00eb akuzuarit p\u00ebr korrupsion financiar, q\u00eb l\u00ebn\u00eb detyrat qeveritare, e nj\u00ebjta gj\u00eb pritet nga t\u00eb gjith\u00eb edhe prej tyre: zbythje me turp nga detyrat opozitare.<\/p>\n<p>D\u00ebshtim pas d\u00ebshtimi, fjal\u00ebve t\u00eb t\u00eb gjith\u00eb ne kritik\u00ebve t\u00eb hersh\u00ebm, po u jepet t\u00eb drejt\u00eb sot nga p\u00ebrher\u00eb e m\u00eb shum\u00eb z\u00ebra, q\u00eb k\u00ebrkojn\u00eb nj\u00eb kapitull t\u00eb ri n\u00eb opozitimin shqiptar. Tashm\u00eb u b\u00eb e lodhshme dhe e pandershme q\u00eb media t\u00eb b\u00ebj\u00eb pun\u00ebn e opozit\u00ebs, duke hedhur knock-out qeverin\u00eb sa her\u00eb ajo kalon vij\u00ebn e kuqe t\u00eb interesit qytetar, dhe q\u00eb opozita t\u00eb b\u00ebj\u00eb pun\u00ebn e medias duke u marr\u00eb me pasojat, duke komentuar nga podiumet e studiot televizive si dhe duke e z\u00ebvend\u00ebsuar rolin e ideatorit, q\u00eb mendon brenda nj\u00eb organizate politike, me at\u00eb t\u00eb fol\u00ebsit t\u00eb lajmeve q\u00eb del para prozhektor\u00ebve t\u00eb dekorit dhe interpreton me ndjenj\u00eb nj\u00eb tekst t\u00eb redaktuar.<\/p>\n<p>Tashm\u00eb u b\u00eb edhe e qart\u00eb kristal si video-p\u00ebrgjim, se opozita e sotme ka r\u00ebn\u00eb n\u00eb kuotat m\u00eb t\u00eb ul\u00ebta t\u00eb besimit t\u00eb njer\u00ebzve, t\u00eb cil\u00ebve tashm\u00eb s\u2019u ngacmohet asnj\u00eb tel pak\u00ebnaq\u00ebsie me ato \u00e7ka d\u00ebgjojn\u00eb nga Rama. Ia kemi arritur dit\u00ebs q\u00eb n\u00ebse nj\u00eb politikan do t\u00eb l\u00ebshoj\u00eb nga goja akuza t\u00eb r\u00ebnda p\u00ebr korrupsion e do t\u00eb val\u00ebvis\u00eb flet\u00eb dosjesh nga nj\u00eb podium partiak, ka pak t\u00eb ngjar\u00eb ta marrin seriozisht. N\u00ebse k\u00ebt\u00eb e b\u00ebn nj\u00eb media, shikoni pak se \u00e7far\u00eb ndodh. P\u00ebr degjenerimin deri n\u00eb k\u00ebt\u00eb far\u00eb feje t\u00eb integritetit t\u00eb nj\u00eb partie politike \u2013 sidomos kur asaj i duhet t\u00eb b\u00ebj\u00eb edhe opozit\u00eb \u2013 dikush duhet t\u00eb mbaj\u00eb p\u00ebrgjegj\u00ebsi e t\u00eb paguaj\u00eb. Fatkeq\u00ebsisht, nj\u00eb proces i till\u00eb imunizues brenda organizatave t\u00eb s\u00ebmura politike mungon me gjithsej, dhe si\u00e7 mund t\u00eb konstatohet nga k\u00ebto radh\u00eb, \u00ebsht\u00eb po media ajo q\u00eb e ha meraku p\u00ebr antibiotik\u00ebt.<\/p>\n<p>Rruga, megjithat\u00eb, \u00ebsht\u00eb e gjat\u00eb dhe mjerisht kjo \u00ebsht\u00eb vet\u00ebm nj\u00ebra gjysm\u00eb e historis\u00eb. Media shqiptare, q\u00eb si\u00e7 tham\u00eb m\u00eb sip\u00ebr ka nj\u00eb rol lideri, si nj\u00eb arm\u00eb e qytetar\u00ebve t\u00eb k\u00ebtij vendi p\u00ebr t\u00eb dal\u00eb me k\u00ebmb\u00ebt e tyre nga err\u00ebsira, obskurantizmi, manipulueshm\u00ebria dhe p\u00ebrdorja, ka ende rastin t\u00eb kryej\u00eb sh\u00ebrbime t\u00eb dobishme p\u00ebr qytetar\u00ebt e vet. Dy ministra t\u00eb nj\u00eb qeverie u larguan si rezultat i denoncimeve t\u00eb saj. \u00cbsht\u00eb e nevojshme q\u00eb arma n\u00eb nj\u00eb moment t\u00eb ndiej\u00eb se \u00ebsht\u00eb v\u00ebrtet e vendosur n\u00eb duart e njer\u00ebzve.<\/p>\n<p>Pas largimit t\u00eb Ilir Met\u00ebs, a ka nj\u00eb proces reflektimi q\u00eb duhet b\u00ebr\u00eb p\u00ebr ta par\u00eb historin\u00eb me nj\u00eb sy t\u00eb pavarur nga interesat politik\u00eb? A \u00ebsht\u00eb e mjaftueshme q\u00eb vet\u00ebm nj\u00eb zyrtar i akuzuar nga ish-vart\u00ebsi i vet i shkarkuar t\u00eb zhvishet nga funksionet e t\u00eb d\u00ebrgohet p\u00ebr hetim? A jan\u00eb t\u00eb gjith\u00eb t\u00eb barabart\u00eb para ligjit? A d\u00ebnohet heshtja dhe mosveprimi para korrupsionit nj\u00eblloj si veprimi para tij, dhe a mund t\u00eb rehabilitohet nj\u00eb \u201cpentito\u201d q\u00eb dikur e hidhte vallen sipas ritmit t\u00eb padron\u00ebve q\u00eb sot denoncon, vet\u00ebm sepse p\u00ebr momentin ofron show?<\/p>\n<p>K\u00ebto jan\u00eb pyetje q\u00eb mendjet e ftohta t\u00eb opinionit publik dhe medias \u00ebsht\u00eb mir\u00eb t\u2019ia b\u00ebjn\u00eb vetes. P\u00ebrball\u00eb q\u00ebndrojn\u00eb sfida p\u00ebr t\u2019u fituar n\u00eb t\u00eb ardhmen. Sa p\u00ebr momentin, rezultati ende q\u00ebndron i gozhduar n\u00eb dy me zero.<\/p>\n","protected":false},"excerpt":{"rendered":"<p>Sokol Shameti Gazetar\u00ebt n\u00eb Shqip\u00ebri i dhan\u00eb dje nj\u00eb m\u00ebsim t\u00eb mir\u00eb opozit\u00ebs, duke i treguar t\u00eb pakt\u00ebn p\u00ebr her\u00eb t\u00eb dyt\u00eb q\u00eb nga koha e nj\u00ebrit q\u00eb hiqte mb\u00ebrthecka, sesi veprohet kur ke p\u00ebrball\u00eb nj\u00eb qeveri t\u00eb dyshimt\u00eb. Pa shum\u00eb llafe, vet\u00ebm me fakte. Pa p\u00ebrbetime, shkulme histerike n\u00eb podium dhe viktimiz\u00ebm grevash me [&hellip;]<\/p>\n","protected":false},"author":1,"featured_media":0,"comment_status":"open","ping_status":"closed","sticky":false,"template":"","format":"standard","meta":{"footnotes":""},"categories":[2],"tags":[],"class_list":{"0":"post-5663","1":"post","2":"type-post","3":"status-publish","4":"format-standard","6":"category-artikuj"},"yoast_head":"<!-- This site is optimized with the Yoast SEO plugin v27.4 - https:\/\/yoast.com\/product\/yoast-seo-wordpress\/ -->\n<title>DY ME ZERO - FjALA e LIR\u00cb - Arkivi<\/title>\n<meta name=\"robots\" content=\"index, follow, max-snippet:-1, max-image-preview:large, max-video-preview:-1\" \/>\n<link rel=\"canonical\" href=\"https:\/\/fjala.info\/2009-2015\/dy-me-zero\/\" \/>\n<meta property=\"og:locale\" content=\"sq_AL\" \/>\n<meta property=\"og:type\" content=\"article\" \/>\n<meta property=\"og:title\" content=\"DY ME ZERO - FjALA e LIR\u00cb - Arkivi\" \/>\n<meta property=\"og:description\" content=\"Sokol Shameti Gazetar\u00ebt n\u00eb Shqip\u00ebri i dhan\u00eb dje nj\u00eb m\u00ebsim t\u00eb mir\u00eb opozit\u00ebs, duke i treguar t\u00eb pakt\u00ebn p\u00ebr her\u00eb t\u00eb dyt\u00eb q\u00eb nga koha e nj\u00ebrit q\u00eb hiqte mb\u00ebrthecka, sesi veprohet kur ke p\u00ebrball\u00eb nj\u00eb qeveri t\u00eb dyshimt\u00eb. Pa shum\u00eb llafe, vet\u00ebm me fakte. Pa p\u00ebrbetime, shkulme histerike n\u00eb podium dhe viktimiz\u00ebm grevash me [&hellip;]\" \/>\n<meta property=\"og:url\" content=\"https:\/\/fjala.info\/2009-2015\/dy-me-zero\/\" \/>\n<meta property=\"og:site_name\" content=\"FjALA e LIR\u00cb - Arkivi\" \/>\n<meta property=\"article:published_time\" content=\"2011-01-15T10:11:04+00:00\" \/>\n<meta name=\"author\" content=\"admin\" \/>\n<meta name=\"twitter:card\" content=\"summary_large_image\" \/>\n<meta name=\"twitter:label1\" content=\"Written by\" \/>\n\t<meta name=\"twitter:data1\" content=\"admin\" \/>\n\t<meta name=\"twitter:label2\" content=\"Est. reading time\" \/>\n\t<meta name=\"twitter:data2\" content=\"6 minutes\" \/>\n<script type=\"application\/ld+json\" class=\"yoast-schema-graph\">{\"@context\":\"https:\\\/\\\/schema.org\",\"@graph\":[{\"@type\":\"Article\",\"@id\":\"https:\\\/\\\/fjala.info\\\/2009-2015\\\/dy-me-zero\\\/#article\",\"isPartOf\":{\"@id\":\"https:\\\/\\\/fjala.info\\\/2009-2015\\\/dy-me-zero\\\/\"},\"author\":{\"name\":\"admin\",\"@id\":\"https:\\\/\\\/fjala.info\\\/2009-2015\\\/#\\\/schema\\\/person\\\/3aa1163ef05469c496fc94e77611ada2\"},\"headline\":\"DY ME ZERO\",\"datePublished\":\"2011-01-15T10:11:04+00:00\",\"mainEntityOfPage\":{\"@id\":\"https:\\\/\\\/fjala.info\\\/2009-2015\\\/dy-me-zero\\\/\"},\"wordCount\":1142,\"commentCount\":0,\"publisher\":{\"@id\":\"https:\\\/\\\/fjala.info\\\/2009-2015\\\/#organization\"},\"articleSection\":[\"Artikuj\"],\"inLanguage\":\"sq-AL\",\"potentialAction\":[{\"@type\":\"CommentAction\",\"name\":\"Comment\",\"target\":[\"https:\\\/\\\/fjala.info\\\/2009-2015\\\/dy-me-zero\\\/#respond\"]}]},{\"@type\":\"WebPage\",\"@id\":\"https:\\\/\\\/fjala.info\\\/2009-2015\\\/dy-me-zero\\\/\",\"url\":\"https:\\\/\\\/fjala.info\\\/2009-2015\\\/dy-me-zero\\\/\",\"name\":\"DY ME ZERO - FjALA e LIR\u00cb - Arkivi\",\"isPartOf\":{\"@id\":\"https:\\\/\\\/fjala.info\\\/2009-2015\\\/#website\"},\"datePublished\":\"2011-01-15T10:11:04+00:00\",\"breadcrumb\":{\"@id\":\"https:\\\/\\\/fjala.info\\\/2009-2015\\\/dy-me-zero\\\/#breadcrumb\"},\"inLanguage\":\"sq-AL\",\"potentialAction\":[{\"@type\":\"ReadAction\",\"target\":[\"https:\\\/\\\/fjala.info\\\/2009-2015\\\/dy-me-zero\\\/\"]}]},{\"@type\":\"BreadcrumbList\",\"@id\":\"https:\\\/\\\/fjala.info\\\/2009-2015\\\/dy-me-zero\\\/#breadcrumb\",\"itemListElement\":[{\"@type\":\"ListItem\",\"position\":1,\"name\":\"Home\",\"item\":\"https:\\\/\\\/fjala.info\\\/2009-2015\\\/\"},{\"@type\":\"ListItem\",\"position\":2,\"name\":\"DY ME ZERO\"}]},{\"@type\":\"WebSite\",\"@id\":\"https:\\\/\\\/fjala.info\\\/2009-2015\\\/#website\",\"url\":\"https:\\\/\\\/fjala.info\\\/2009-2015\\\/\",\"name\":\"FjALA e LIR\u00cb - Arkivi\",\"description\":\"Arkivi 2009-2015\",\"publisher\":{\"@id\":\"https:\\\/\\\/fjala.info\\\/2009-2015\\\/#organization\"},\"potentialAction\":[{\"@type\":\"SearchAction\",\"target\":{\"@type\":\"EntryPoint\",\"urlTemplate\":\"https:\\\/\\\/fjala.info\\\/2009-2015\\\/?s={search_term_string}\"},\"query-input\":{\"@type\":\"PropertyValueSpecification\",\"valueRequired\":true,\"valueName\":\"search_term_string\"}}],\"inLanguage\":\"sq-AL\"},{\"@type\":\"Organization\",\"@id\":\"https:\\\/\\\/fjala.info\\\/2009-2015\\\/#organization\",\"name\":\"FjALA e LIR\u00cb - Arkivi\",\"url\":\"https:\\\/\\\/fjala.info\\\/2009-2015\\\/\",\"logo\":{\"@type\":\"ImageObject\",\"inLanguage\":\"sq-AL\",\"@id\":\"https:\\\/\\\/fjala.info\\\/2009-2015\\\/#\\\/schema\\\/logo\\\/image\\\/\",\"url\":\"\",\"contentUrl\":\"\",\"caption\":\"FjALA e LIR\u00cb - Arkivi\"},\"image\":{\"@id\":\"https:\\\/\\\/fjala.info\\\/2009-2015\\\/#\\\/schema\\\/logo\\\/image\\\/\"}},{\"@type\":\"Person\",\"@id\":\"https:\\\/\\\/fjala.info\\\/2009-2015\\\/#\\\/schema\\\/person\\\/3aa1163ef05469c496fc94e77611ada2\",\"name\":\"admin\",\"image\":{\"@type\":\"ImageObject\",\"inLanguage\":\"sq-AL\",\"@id\":\"https:\\\/\\\/fjala.info\\\/2009-2015\\\/wp-content\\\/uploads\\\/2012\\\/02\\\/arben_cokaj-120x150.jpg\",\"url\":\"https:\\\/\\\/fjala.info\\\/2009-2015\\\/wp-content\\\/uploads\\\/2012\\\/02\\\/arben_cokaj-120x150.jpg\",\"contentUrl\":\"https:\\\/\\\/fjala.info\\\/2009-2015\\\/wp-content\\\/uploads\\\/2012\\\/02\\\/arben_cokaj-120x150.jpg\",\"caption\":\"admin\"},\"description\":\"Admin, Fjala e Lir\u00eb\",\"sameAs\":[\"https:\\\/\\\/fjala.info\\\/\"],\"url\":\"https:\\\/\\\/fjala.info\\\/2009-2015\\\/author\\\/admin\\\/\"}]}<\/script>\n<!-- \/ Yoast SEO plugin. -->","yoast_head_json":{"title":"DY ME ZERO - FjALA e LIR\u00cb - Arkivi","robots":{"index":"index","follow":"follow","max-snippet":"max-snippet:-1","max-image-preview":"max-image-preview:large","max-video-preview":"max-video-preview:-1"},"canonical":"https:\/\/fjala.info\/2009-2015\/dy-me-zero\/","og_locale":"sq_AL","og_type":"article","og_title":"DY ME ZERO - FjALA e LIR\u00cb - Arkivi","og_description":"Sokol Shameti Gazetar\u00ebt n\u00eb Shqip\u00ebri i dhan\u00eb dje nj\u00eb m\u00ebsim t\u00eb mir\u00eb opozit\u00ebs, duke i treguar t\u00eb pakt\u00ebn p\u00ebr her\u00eb t\u00eb dyt\u00eb q\u00eb nga koha e nj\u00ebrit q\u00eb hiqte mb\u00ebrthecka, sesi veprohet kur ke p\u00ebrball\u00eb nj\u00eb qeveri t\u00eb dyshimt\u00eb. Pa shum\u00eb llafe, vet\u00ebm me fakte. Pa p\u00ebrbetime, shkulme histerike n\u00eb podium dhe viktimiz\u00ebm grevash me [&hellip;]","og_url":"https:\/\/fjala.info\/2009-2015\/dy-me-zero\/","og_site_name":"FjALA e LIR\u00cb - Arkivi","article_published_time":"2011-01-15T10:11:04+00:00","author":"admin","twitter_card":"summary_large_image","twitter_misc":{"Written by":"admin","Est. reading time":"6 minutes"},"schema":{"@context":"https:\/\/schema.org","@graph":[{"@type":"Article","@id":"https:\/\/fjala.info\/2009-2015\/dy-me-zero\/#article","isPartOf":{"@id":"https:\/\/fjala.info\/2009-2015\/dy-me-zero\/"},"author":{"name":"admin","@id":"https:\/\/fjala.info\/2009-2015\/#\/schema\/person\/3aa1163ef05469c496fc94e77611ada2"},"headline":"DY ME ZERO","datePublished":"2011-01-15T10:11:04+00:00","mainEntityOfPage":{"@id":"https:\/\/fjala.info\/2009-2015\/dy-me-zero\/"},"wordCount":1142,"commentCount":0,"publisher":{"@id":"https:\/\/fjala.info\/2009-2015\/#organization"},"articleSection":["Artikuj"],"inLanguage":"sq-AL","potentialAction":[{"@type":"CommentAction","name":"Comment","target":["https:\/\/fjala.info\/2009-2015\/dy-me-zero\/#respond"]}]},{"@type":"WebPage","@id":"https:\/\/fjala.info\/2009-2015\/dy-me-zero\/","url":"https:\/\/fjala.info\/2009-2015\/dy-me-zero\/","name":"DY ME ZERO - FjALA e LIR\u00cb - Arkivi","isPartOf":{"@id":"https:\/\/fjala.info\/2009-2015\/#website"},"datePublished":"2011-01-15T10:11:04+00:00","breadcrumb":{"@id":"https:\/\/fjala.info\/2009-2015\/dy-me-zero\/#breadcrumb"},"inLanguage":"sq-AL","potentialAction":[{"@type":"ReadAction","target":["https:\/\/fjala.info\/2009-2015\/dy-me-zero\/"]}]},{"@type":"BreadcrumbList","@id":"https:\/\/fjala.info\/2009-2015\/dy-me-zero\/#breadcrumb","itemListElement":[{"@type":"ListItem","position":1,"name":"Home","item":"https:\/\/fjala.info\/2009-2015\/"},{"@type":"ListItem","position":2,"name":"DY ME ZERO"}]},{"@type":"WebSite","@id":"https:\/\/fjala.info\/2009-2015\/#website","url":"https:\/\/fjala.info\/2009-2015\/","name":"FjALA e LIR\u00cb - Arkivi","description":"Arkivi 2009-2015","publisher":{"@id":"https:\/\/fjala.info\/2009-2015\/#organization"},"potentialAction":[{"@type":"SearchAction","target":{"@type":"EntryPoint","urlTemplate":"https:\/\/fjala.info\/2009-2015\/?s={search_term_string}"},"query-input":{"@type":"PropertyValueSpecification","valueRequired":true,"valueName":"search_term_string"}}],"inLanguage":"sq-AL"},{"@type":"Organization","@id":"https:\/\/fjala.info\/2009-2015\/#organization","name":"FjALA e LIR\u00cb - Arkivi","url":"https:\/\/fjala.info\/2009-2015\/","logo":{"@type":"ImageObject","inLanguage":"sq-AL","@id":"https:\/\/fjala.info\/2009-2015\/#\/schema\/logo\/image\/","url":"","contentUrl":"","caption":"FjALA e LIR\u00cb - Arkivi"},"image":{"@id":"https:\/\/fjala.info\/2009-2015\/#\/schema\/logo\/image\/"}},{"@type":"Person","@id":"https:\/\/fjala.info\/2009-2015\/#\/schema\/person\/3aa1163ef05469c496fc94e77611ada2","name":"admin","image":{"@type":"ImageObject","inLanguage":"sq-AL","@id":"https:\/\/fjala.info\/2009-2015\/wp-content\/uploads\/2012\/02\/arben_cokaj-120x150.jpg","url":"https:\/\/fjala.info\/2009-2015\/wp-content\/uploads\/2012\/02\/arben_cokaj-120x150.jpg","contentUrl":"https:\/\/fjala.info\/2009-2015\/wp-content\/uploads\/2012\/02\/arben_cokaj-120x150.jpg","caption":"admin"},"description":"Admin, Fjala e Lir\u00eb","sameAs":["https:\/\/fjala.info\/"],"url":"https:\/\/fjala.info\/2009-2015\/author\/admin\/"}]}},"_links":{"self":[{"href":"https:\/\/fjala.info\/2009-2015\/wp-json\/wp\/v2\/posts\/5663","targetHints":{"allow":["GET"]}}],"collection":[{"href":"https:\/\/fjala.info\/2009-2015\/wp-json\/wp\/v2\/posts"}],"about":[{"href":"https:\/\/fjala.info\/2009-2015\/wp-json\/wp\/v2\/types\/post"}],"author":[{"embeddable":true,"href":"https:\/\/fjala.info\/2009-2015\/wp-json\/wp\/v2\/users\/1"}],"replies":[{"embeddable":true,"href":"https:\/\/fjala.info\/2009-2015\/wp-json\/wp\/v2\/comments?post=5663"}],"version-history":[{"count":0,"href":"https:\/\/fjala.info\/2009-2015\/wp-json\/wp\/v2\/posts\/5663\/revisions"}],"wp:attachment":[{"href":"https:\/\/fjala.info\/2009-2015\/wp-json\/wp\/v2\/media?parent=5663"}],"wp:term":[{"taxonomy":"category","embeddable":true,"href":"https:\/\/fjala.info\/2009-2015\/wp-json\/wp\/v2\/categories?post=5663"},{"taxonomy":"post_tag","embeddable":true,"href":"https:\/\/fjala.info\/2009-2015\/wp-json\/wp\/v2\/tags?post=5663"}],"curies":[{"name":"wp","href":"https:\/\/api.w.org\/{rel}","templated":true}]}}