{"id":5661,"date":"2011-01-15T11:08:41","date_gmt":"2011-01-15T10:08:41","guid":{"rendered":"http:\/\/fjala.shkoder.net\/?p=5661"},"modified":"2011-01-15T11:08:41","modified_gmt":"2011-01-15T10:08:41","slug":"opozita-edi-rama-kerkojme-doreheqjen-e-qeverise-berisha","status":"publish","type":"post","link":"https:\/\/fjala.info\/2009-2015\/opozita-edi-rama-kerkojme-doreheqjen-e-qeverise-berisha\/","title":{"rendered":"Opozita, Edi Rama: K\u00ebrkojm\u00eb dor\u00ebheqjen e qeveris\u00eb Berisha"},"content":{"rendered":"<p><strong>Denis Dedej<\/strong>, <em>15.01.2011<\/em><\/p>\n<p>&#8220;Largimi i Met\u00ebs \u00ebsht\u00eb nj\u00eb manov\u00ebr e detyruar n\u00eb kushtet e presionit qytetar, politik dhe nd\u00ebrkomb\u00ebtar q\u00eb e formalizon kriz\u00ebn e thell\u00eb ku e ka futur qeverisjen e vendit llumi i korrupsionit&#8221;. Ky \u00ebsht\u00eb vler\u00ebsimi i dh\u00ebn\u00eb dje nga kryetari i Partis\u00eb Socialiste, Edi Rama, mbi dor\u00ebheqjen e z\u00ebvend\u00ebskryeministrit dhe ministrit t\u00eb Ekonomis\u00eb.<\/p>\n<p><img loading=\"lazy\" decoding=\"async\" class=\"alignright size-full wp-image-3366\" title=\"Edi Rama\" src=\"http:\/\/fjala.shkoder.net\/wp-content\/uploads\/2010\/07\/edi_rama3.jpg\" alt=\"\" width=\"215\" height=\"170\" \/><\/p>\n<p>N\u00eb nj\u00eb komunikim me median, kryesocialisti theksoi se ky largim me turp dhe q\u00ebndrimi akoma m\u00eb i turpsh\u00ebm i t\u00eb ashtuquajturit kryeminist\u00ebr pas largimit, si edhe l\u00ebvizjet t\u00ebr\u00ebsisht t\u00eb komprometuara q\u00eb pasuan, shtojn\u00eb arsyet p\u00ebr t\u00eb k\u00ebrkuar dor\u00ebheqjen e qeveris\u00eb dhe zgjidhjen e re politike q\u00eb do t&#8217;u hap\u00eb rrug\u00eb zgjedhjeve t\u00eb reja.<\/p>\n<p>&#8220;U them sot nga kjo foltore, edhe Saliut edhe z\u00ebvend\u00ebsit t\u00eb tij, se \u00e7do dit\u00eb q\u00eb vonojn\u00eb dor\u00ebheqjen dhe pranimin e zgjedhjeve t\u00eb reja, si t\u00eb vetmen rrug\u00eb p\u00ebr t\u00eb nxjerr\u00eb Shqip\u00ebrin\u00eb nga kriza totale ku e kan\u00eb zhytur, r\u00ebndojn\u00eb pa pushim pozit\u00ebn e tyre para k\u00ebtij populli. I hyjn\u00eb pa pushim m\u00eb n\u00eb hak k\u00ebtij populli.<\/p>\n<p>E shtyjn\u00eb pa pushim k\u00ebt\u00eb popull drejt nj\u00eb ballafaqimi n\u00eb rrug\u00eb me t\u00eb dy bashk\u00eb. Ne ua k\u00ebrkojm\u00eb sot dor\u00ebheqjen, jo p\u00ebr t&#8217;u ulur n\u00eb karriget e tyre, po p\u00ebr t\u00eb risjell\u00eb n\u00eb jet\u00ebn shqiptare lirin\u00eb e konkurrenc\u00ebs&#8221;, &#8211; tha Rama.<\/p>\n<p>Kryesocialisti vler\u00ebsoi se p\u00ebrs\u00ebri paturp\u00ebsisht, Saliu vazhdoi avazin fyes me popullin duke vazhduar t\u00eb mohoj\u00eb at\u00eb q\u00eb \u00e7do shqiptar e pa dhe e d\u00ebgjoi me z\u00eb e me figur\u00eb dhe q\u00eb n\u00eb fakt ndodh \u00e7do dit\u00eb n\u00ebn streh\u00ebn e pushtetit t\u00eb vjedhur p\u00ebr t\u00eb vjedhur Shqip\u00ebrin\u00eb.<\/p>\n<p>&#8220;Kjo tallje sot kishte edhe nj\u00eb ngarkes\u00eb t\u00eb re, p\u00ebrpjekjen, p\u00ebrs\u00ebri mafioze, p\u00ebr t\u00eb v\u00ebn\u00eb n\u00ebn presion prokurorin\u00eb duke harruar qoft\u00eb edhe formalisht shprehjen hipokrite &#8220;le t&#8217;ia lem\u00eb drejt\u00ebsis\u00eb&#8221; dhe duke p\u00ebrs\u00ebritur disa her\u00eb q\u00ebndrimin e mjer\u00eb se gjoja na qenkej montazh ai turp publik.<\/p>\n<p>Turp, i cili do t\u00eb jet\u00eb edhe turpi yn\u00eb, i \u00e7do shqiptari t\u00eb arsyesh\u00ebm pa dallim, n\u00ebse nuk reagojm\u00eb fuqish\u00ebm ndaj k\u00ebtij degjenerimi total&#8221;, &#8211; reagoi Rama. Prandaj, tha ai, 21 janari \u00ebsht\u00eb dita e kujtdo q\u00eb nuk do ta mbaj\u00eb k\u00ebt\u00eb turp n\u00eb kurriz duke ndenjur n\u00eb sht\u00ebpi edhe m\u00eb i varf\u00ebr, edhe m\u00eb i papun\u00eb, edhe m\u00eb i pashpres\u00eb.<\/p>\n<p>&#8220;Dhe si p\u00ebr ta futur talljen e p\u00ebrs\u00ebritur me popullin, t\u00eb cilit Saliu pasi i ka vjedhur votat e pasurin\u00eb, k\u00ebrkon ti vjedh\u00eb edhe drit\u00ebn e syve bashk\u00eb me fijen e d\u00ebgjimit, duke i th\u00ebn\u00eb at\u00eb q\u00eb pe nuk e pe, e at\u00eb q\u00eb d\u00ebgjove nuk e d\u00ebgjove, shtoi se rritja paska qen\u00eb 7%, nd\u00ebrkoh\u00eb q\u00eb ky burr\u00eb tolerant pranuaka edhe 4.9% a thua se shifrat e ekonomis\u00eb jan\u00eb si ato t\u00eb bllokut t\u00eb korrupsionit&#8221;, &#8211; vijoi kreu i socialist\u00ebve.<\/p>\n<p>Rama i kujtoi kreut t\u00eb mazhoranc\u00ebs se Banka Bot\u00ebrore deklaroi q\u00eb p\u00ebr shkak t\u00eb kriz\u00ebs s\u00eb vitit 2009-2010 varf\u00ebria u rrit me 4 pik\u00eb n\u00eb Shqip\u00ebrin\u00eb e votave t\u00eb vjedhura e shifrave t\u00eb manipuluara.<\/p>\n<p>Duke iu referuar akuzave t\u00eb kryeministrit Berisha mbi mediat, Rama tha se Berisha iu adresua n\u00eb m\u00ebnyr\u00eb mafioze dhe publike duke dh\u00ebn\u00eb sinjale k\u00ebrc\u00ebnuese p\u00ebr Drejtorin e televizionit si dhe at\u00eb t\u00eb emisionit Fiks Fare. &#8220;Saliu tha q\u00eb nuk i v\u00eb nofka drejtorit, nd\u00ebrkoh\u00eb q\u00eb e quajti \u00e7akall gazetarin e njohur Filip \u00c7akuli, duke folur jo si kryeminist\u00ebr po si\u00e7 \u00ebsht\u00eb n\u00eb t\u00eb v\u00ebrtet\u00eb, kusar i z\u00ebn\u00eb ngusht\u00eb nga drita e t\u00eb v\u00ebrtet\u00ebs.<\/p>\n<p>E konsiderojm\u00eb p\u00ebrdorimin sot t\u00eb k\u00ebsaj gjuhe aspak t\u00eb panjohur p\u00ebr ne, si shprehjen m\u00eb kuptimplot\u00eb t\u00eb faktit q\u00eb Saliu nuk \u00ebsht\u00eb p\u00ebrfaq\u00ebsuesi i nj\u00eb qeverie t\u00eb zgjedhur, po i nj\u00eb bashk\u00ebsie q\u00eb e pengon popullin t\u00eb zgjedh\u00eb, duke vepruar me \u00e7do burim t\u00eb liris\u00eb s\u00eb shtypit si nj\u00eb organizat\u00eb mafioze&#8221;, &#8211; u shpreh kreu i Partis\u00eb Socialiste.<\/p>\n<p>***<\/p>\n<p>Nderkaq ne Asamblene Kombetare te Partise Socialiste Rama u shpreh se &#8220;m\u00eb 21 Janar kush do shp\u00ebtimin t\u00eb ngrihet n\u00eb k\u00ebmb\u00eb&#8221;-<\/p>\n<p>&#8220;I ftojm\u00eb pa flamuj, pa asnj\u00eb paragjykim q\u00eb ndan k\u00ebdo qoft\u00eb dhe pa asnj\u00eb ceremoni q\u00eb t\u00eb bashkohen secili me veten e tij me t\u00eb af\u00ebrmin e t\u00eb dashurin e tij n\u00eb m\u00ebnyr\u00eb q\u00eb ky vend t\u00eb shp\u00ebtoj\u00eb nga kusar\u00ebt&#8221;- tha Rama.<\/p>\n<p>Lideri I opozit\u00ebs, k\u00ebrkoi m\u00eb m\u00eb tej dor\u00ebheqjen e kryeministri Sali berisha dhe Z\u00ebv\u00ebnd\u00ebsit t\u00eb tij Ilir Meta, pasi sipas tij, kjo dyshe e ka grabitur e vjedhur Shqip\u00ebrin\u00eb, g\u00ebnjyer e tallur.<\/p>\n<p>&#8220;Ne k\u00ebrkojm\u00eb dor\u00ebheqjen e tyre jo p\u00ebr t`u ulur n\u00eb karriget e tyre por t\u00eb sjell\u00eb lirin\u00eb e konkurenc\u00ebs n\u00eb politik\u00eb p\u00ebrmes zgjedhjeve t\u00eb reja dhe sipas merit\u00ebs dhe jo sipas kritereve t\u00eb bllokut&#8221;<\/p>\n<p>Rama paralajm\u00ebroi publikim e nj\u00eb skandai, sipas tij t\u00eb patoleruesh\u00ebm q\u00eb lidhet me manipulimin e shifrave t\u00eb kriminalitetit n\u00eb vend, nd\u00ebrsa shtoi se do t\u00eb publikohen edhe t\u00eb v\u00ebrtetat e p\u00ebrmbytjeve t\u00eb fundit n\u00eb Shkod\u00ebr.<\/p>\n<p>Asambleja Komb\u00ebtare e Partis\u00eb Socialiste \u00ebsht\u00eb mbledhur sot p\u00ebr t\u00eb vendosur mbi q\u00ebndrimin q\u00eb do t\u00eb mbaj\u00eb ndaj mazhoranc\u00ebs dhe qeveris\u00eb Berish, pas publikimit t\u00eb video-skandalit nga programi &#8216;Fiks fare&#8217;, q\u00eb imlikonte n\u00eb afera korruptive Ilir Met\u00ebn.<\/p>\n<p>***<\/p>\n<p>Kreu i PS-s\u00eb, Edi Rama, ka deklaruar se Berisha dhe Meta po provokojn\u00eb r\u00ebnd\u00eb shqiptar\u00ebt. Rama i \u00ebsht\u00eb p\u00ebrgjigjur deklaratave t\u00eb Berish\u00ebs dhe Met\u00ebs, t\u00eb cil\u00ebt deklaruar se video skandaloze e Ilir Met\u00ebs \u00ebsht\u00eb montuar pik\u00ebrisht nga Edi Rama.<\/p>\n<p>Sipas k\u00ebtij t\u00eb fundit, Berisha-Meta po mohojn\u00eb nj\u00eb t\u00eb v\u00ebrtet\u00eb t\u00eb zbuluar n\u00eb drit\u00eb t\u00eb diellit, duke u tallur me shqiptar\u00ebt. Rama ka th\u00ebn\u00eb se tashm\u00eb kjo dyshe duhet t\u00eb largohet nga qeverisja, pasi nuk b\u00ebjn\u00eb gj\u00eb tjet\u00ebr ve\u00e7se p\u00ebr\u00e7mojn\u00eb popullin shqiptar.<\/p>\n<p>Sipas Ram\u00ebs, n\u00eb vend q\u00eb Berisha dhe Meta t\u00eb reflektojn\u00eb dhe t\u00eb marrin masa p\u00ebr k\u00ebt\u00eb rast, akuzojn\u00eb opozit\u00ebn, a thua se korrupsioni \u00ebsht\u00eb b\u00ebr\u00eb nga kjo e fundit.<\/p>\n<p>Rama premton reagim t\u00eb ashp\u00ebr t\u00eb opozit\u00ebs<\/p>\n<p>TIRAN\u00cb &#8211; Pak or\u00eb pas daljes publike t\u00eb z\u00ebvend\u00ebskryeministrit dhe kryeministrit, kryetari i Partis\u00eb Socialiste, Edi Rama, vler\u00ebsoi se ajo q\u00eb populli pa u b\u00eb shum\u00ebfish m\u00eb e r\u00ebnd\u00eb dje duke d\u00ebgjuar Met\u00ebn dhe Saliun.<\/p>\n<p>Nga selia roz\u00eb, kryesocialisti, duke iu referuar p\u00ebrgjimit t\u00eb publikuar, tha se u pa nga t\u00eb gjith\u00eb, me z\u00eb e me figur\u00eb, nj\u00eb nd\u00ebr episodet e panum\u00ebrta q\u00eb ndodhin prej koh\u00ebsh n\u00ebn \u00e7atin\u00eb e qeveris\u00eb s\u00eb krijuar me vota t\u00eb vjedhura p\u00ebr t\u00eb vjedhur Shqip\u00ebrin\u00eb.<\/p>\n<p>&#8220;Nd\u00ebrsa ndje, u pan\u00eb e u d\u00ebgjuan, t\u00eb dy bashk\u00eb, kryeministri dhe z\u00ebvend\u00ebsi i tij, kusari i zgjedhjeve t\u00eb 28 qershorit dhe matrapazi i votave opozitare, t&#8217;u tregonin shqiptar\u00ebve se jo vet\u00ebm kan\u00eb vjedhur votat p\u00ebr t\u00eb vjedhur Shqip\u00ebrin\u00eb, po me fuqin\u00eb e shtetit t\u00eb kapur e t\u00eb paras\u00eb s\u00eb pist\u00eb, duan t\u00eb vazhdojn\u00eb t\u00eb vjedhin votat e t\u00eb pla\u00e7kitin gjith\u00e7ka, madje duke u tallur me nj\u00eb popull t\u00eb t\u00ebr\u00eb&#8221;, &#8211; vler\u00ebsoi Rama.<\/p>\n<p>P\u00ebr kryesocialistin, dje ndodhi di\u00e7ka edhe m\u00eb e r\u00ebnd\u00eb, sepse bot\u00ebrisht, ai q\u00eb duhet t\u00eb largohej dhe ai q\u00eb duhet ta largonte, nj\u00ebri z\u00ebvend\u00ebs e tjetri kryeminist\u00ebr, i dhan\u00eb popullit prov\u00ebn trondit\u00ebse se pse jan\u00eb b\u00ebr\u00eb bashk\u00eb, pse rrin\u00eb bashk\u00eb, e madje, pse duan t\u00eb vazhdojn\u00eb t\u00eb rrin\u00eb bashke n\u00eb koalicionin q\u00eb kan\u00eb krijuar me vota t\u00eb vjedhura p\u00ebr t\u00eb vjedhur Shqip\u00ebrin\u00eb. Sipas tij, \u00ebsht\u00eb e padrejt\u00eb t\u00eb thuhet se n\u00eb at\u00eb episod t\u00eb neveritsh\u00ebm matrapazll\u00ebku ishte vet\u00ebm Ilir Meta.<\/p>\n<p>&#8220;Sot mund t\u00eb thuhet pa asnj\u00eb dyshim se aty ishte edhe Saliu dora vet\u00eb, i cili mesa duket, n\u00eb k\u00ebt\u00eb \u00e7ift qeveritar t\u00eb t\u00eb hollit me t\u00eb trashin, paska rolin e atij q\u00eb mban popullin me muhabet duke folur p\u00ebr kumbulla t\u00eb kuqe e p\u00ebr bllokun, sa n\u00eb qeveri e sa n\u00eb parlament, n\u00eb nd\u00ebrkoh\u00eb q\u00eb tjetri gjezdiska me bllok n\u00eb dor\u00eb, nga ministria n\u00eb ministri, p\u00ebr t\u00eb b\u00ebr\u00eb rrush e kumbulla lek\u00ebt e shqiptar\u00ebve dhe leckosur e nxjerr\u00eb Shqip\u00ebrin\u00eb me k\u00ebpuc\u00eb t\u00eb kuqe si\u00e7 thot\u00eb populli&#8221;, &#8211; deklaroi Rama.<\/p>\n<p>Kryetari i Partis\u00eb Socialiste e cil\u00ebsoi ngjarjen si episodin m\u00eb t\u00eb turpsh\u00ebm q\u00eb ka tronditur vendin dhe \u00ebsht\u00eb thjesht nj\u00eb prov\u00eb m\u00eb shum\u00eb, n\u00eb malin e provave, fakteve e grupfakteve t\u00eb dokumentuara t\u00eb keqqeverisjes s\u00eb Saliut e Met\u00ebs.<\/p>\n<p>T\u00eb cilat, tha ai, PS i ka denoncuar e do t\u00eb vazhdojn\u00eb t&#8217;i denoncojn\u00eb publikisht, pa u ndalur p\u00ebrpara asgj\u00ebje dhe pa u zmbrapsur asnj\u00eb fije nga furia e makineris\u00eb qeveritare t\u00eb balt\u00ebs. &#8220;E di dhe e ndjej q\u00eb shqiptaret presin nj\u00eb reagim t\u00eb fort\u00eb, n\u00eb lart\u00ebsin\u00eb e detyr\u00ebs son\u00eb, prej nesh si partia m\u00eb e madhe politike e vendit apo si koalicion opozitar.<\/p>\n<p>Dhe premtoj se ky reagim nuk do t\u00eb mungoj\u00eb. Pasnes\u00ebr Asambleja jon\u00eb Komb\u00ebtare do t\u00eb shpalle konkluzionet e vendimet p\u00ebrkat\u00ebse&#8221;, &#8211; paralajm\u00ebroi kryetari i opozit\u00ebs.<\/p>\n<p>Gjat\u00eb fjal\u00ebs s\u00eb tij, Rama n\u00ebnvizoi se sot m\u00eb shum\u00eb se kurr\u00eb qysh se votat u vodh\u00ebn p\u00ebr t\u00eb vjedhur Shqip\u00ebrin\u00eb, \u00ebsht\u00eb dita q\u00eb \u00e7do shqiptar i arsyesh\u00ebm, jo vet\u00ebm t\u00eb kuptoj\u00eb, por edhe t\u00eb jet\u00eb n\u00eb lart\u00ebsin\u00eb e detyr\u00ebs qytetare p\u00ebr t\u00eb larguar nj\u00eb qeveri q\u00eb jo vet\u00ebm grabit p\u00ebrdit\u00eb, jo vet\u00ebm vazhdon t\u00eb provoj\u00eb e t\u00eb provohet se synon t\u00eb vjedh\u00eb p\u00ebrs\u00ebri zgjedhjet p\u00ebr t\u00eb vazhduar t\u00eb vjedh\u00eb Shqip\u00ebrin\u00eb, po ka edhe pafytyr\u00ebsin\u00eb e paturp\u00ebsin\u00eb e skajshme t\u00eb tallet me shqiptar\u00ebt, duke mohuar sy p\u00ebr sy, deri edhe gj\u00ebra q\u00eb shihen e flasin vet\u00eb. &#8220;Jep normalisht dor\u00ebheqjen apo largohet nj\u00eb minist\u00ebr ose nj\u00eb qeveri q\u00eb del nga vota e popullit dhe varet prej vot\u00ebs s\u00eb tij.<\/p>\n<p>Sepse dihet q\u00eb n\u00eb demokraci dor\u00ebheqja apo largimi jan\u00eb e vetmja m\u00ebnyr\u00eb p\u00ebr t\u00eb leht\u00ebsuar barr\u00ebn e nj\u00eb faji t\u00eb k\u00ebtij lloji para zgjedh\u00ebsve dhe pastaj edhe pesh\u00ebn e gjykimit t\u00eb popullit n\u00eb zgjedhjet e ardhshme&#8221;, &#8211; u shpreh kreu i selis\u00eb roz\u00eb.<\/p>\n","protected":false},"excerpt":{"rendered":"<p>Denis Dedej, 15.01.2011 &#8220;Largimi i Met\u00ebs \u00ebsht\u00eb nj\u00eb manov\u00ebr e detyruar n\u00eb kushtet e presionit qytetar, politik dhe nd\u00ebrkomb\u00ebtar q\u00eb e formalizon kriz\u00ebn e thell\u00eb ku e ka futur qeverisjen e vendit llumi i korrupsionit&#8221;. Ky \u00ebsht\u00eb vler\u00ebsimi i dh\u00ebn\u00eb dje nga kryetari i Partis\u00eb Socialiste, Edi Rama, mbi dor\u00ebheqjen e z\u00ebvend\u00ebskryeministrit dhe ministrit t\u00eb [&hellip;]<\/p>\n","protected":false},"author":1,"featured_media":0,"comment_status":"open","ping_status":"closed","sticky":false,"template":"","format":"standard","meta":{"footnotes":""},"categories":[2],"tags":[],"class_list":{"0":"post-5661","1":"post","2":"type-post","3":"status-publish","4":"format-standard","6":"category-artikuj"},"yoast_head":"<!-- This site is optimized with the Yoast SEO plugin v27.4 - https:\/\/yoast.com\/product\/yoast-seo-wordpress\/ -->\n<title>Opozita, Edi Rama: K\u00ebrkojm\u00eb dor\u00ebheqjen e qeveris\u00eb Berisha - FjALA e LIR\u00cb - Arkivi<\/title>\n<meta name=\"robots\" content=\"index, follow, max-snippet:-1, max-image-preview:large, max-video-preview:-1\" \/>\n<link rel=\"canonical\" href=\"https:\/\/fjala.info\/2009-2015\/opozita-edi-rama-kerkojme-doreheqjen-e-qeverise-berisha\/\" \/>\n<meta property=\"og:locale\" content=\"sq_AL\" \/>\n<meta property=\"og:type\" content=\"article\" \/>\n<meta property=\"og:title\" content=\"Opozita, Edi Rama: K\u00ebrkojm\u00eb dor\u00ebheqjen e qeveris\u00eb Berisha - FjALA e LIR\u00cb - Arkivi\" \/>\n<meta property=\"og:description\" content=\"Denis Dedej, 15.01.2011 &#8220;Largimi i Met\u00ebs \u00ebsht\u00eb nj\u00eb manov\u00ebr e detyruar n\u00eb kushtet e presionit qytetar, politik dhe nd\u00ebrkomb\u00ebtar q\u00eb e formalizon kriz\u00ebn e thell\u00eb ku e ka futur qeverisjen e vendit llumi i korrupsionit&#8221;. Ky \u00ebsht\u00eb vler\u00ebsimi i dh\u00ebn\u00eb dje nga kryetari i Partis\u00eb Socialiste, Edi Rama, mbi dor\u00ebheqjen e z\u00ebvend\u00ebskryeministrit dhe ministrit t\u00eb [&hellip;]\" \/>\n<meta property=\"og:url\" content=\"https:\/\/fjala.info\/2009-2015\/opozita-edi-rama-kerkojme-doreheqjen-e-qeverise-berisha\/\" \/>\n<meta property=\"og:site_name\" content=\"FjALA e LIR\u00cb - Arkivi\" \/>\n<meta property=\"article:published_time\" content=\"2011-01-15T10:08:41+00:00\" \/>\n<meta property=\"og:image\" content=\"http:\/\/fjala.shkoder.net\/wp-content\/uploads\/2010\/07\/edi_rama3.jpg\" \/>\n<meta name=\"author\" content=\"admin\" \/>\n<meta name=\"twitter:card\" content=\"summary_large_image\" \/>\n<meta name=\"twitter:label1\" content=\"Written by\" \/>\n\t<meta name=\"twitter:data1\" content=\"admin\" \/>\n\t<meta name=\"twitter:label2\" content=\"Est. reading time\" \/>\n\t<meta name=\"twitter:data2\" content=\"9 minutes\" \/>\n<script type=\"application\/ld+json\" class=\"yoast-schema-graph\">{\"@context\":\"https:\\\/\\\/schema.org\",\"@graph\":[{\"@type\":\"Article\",\"@id\":\"https:\\\/\\\/fjala.info\\\/2009-2015\\\/opozita-edi-rama-kerkojme-doreheqjen-e-qeverise-berisha\\\/#article\",\"isPartOf\":{\"@id\":\"https:\\\/\\\/fjala.info\\\/2009-2015\\\/opozita-edi-rama-kerkojme-doreheqjen-e-qeverise-berisha\\\/\"},\"author\":{\"name\":\"admin\",\"@id\":\"https:\\\/\\\/fjala.info\\\/2009-2015\\\/#\\\/schema\\\/person\\\/3aa1163ef05469c496fc94e77611ada2\"},\"headline\":\"Opozita, Edi Rama: K\u00ebrkojm\u00eb dor\u00ebheqjen e qeveris\u00eb Berisha\",\"datePublished\":\"2011-01-15T10:08:41+00:00\",\"mainEntityOfPage\":{\"@id\":\"https:\\\/\\\/fjala.info\\\/2009-2015\\\/opozita-edi-rama-kerkojme-doreheqjen-e-qeverise-berisha\\\/\"},\"wordCount\":1794,\"commentCount\":0,\"publisher\":{\"@id\":\"https:\\\/\\\/fjala.info\\\/2009-2015\\\/#organization\"},\"image\":{\"@id\":\"https:\\\/\\\/fjala.info\\\/2009-2015\\\/opozita-edi-rama-kerkojme-doreheqjen-e-qeverise-berisha\\\/#primaryimage\"},\"thumbnailUrl\":\"http:\\\/\\\/fjala.shkoder.net\\\/wp-content\\\/uploads\\\/2010\\\/07\\\/edi_rama3.jpg\",\"articleSection\":[\"Artikuj\"],\"inLanguage\":\"sq-AL\",\"potentialAction\":[{\"@type\":\"CommentAction\",\"name\":\"Comment\",\"target\":[\"https:\\\/\\\/fjala.info\\\/2009-2015\\\/opozita-edi-rama-kerkojme-doreheqjen-e-qeverise-berisha\\\/#respond\"]}]},{\"@type\":\"WebPage\",\"@id\":\"https:\\\/\\\/fjala.info\\\/2009-2015\\\/opozita-edi-rama-kerkojme-doreheqjen-e-qeverise-berisha\\\/\",\"url\":\"https:\\\/\\\/fjala.info\\\/2009-2015\\\/opozita-edi-rama-kerkojme-doreheqjen-e-qeverise-berisha\\\/\",\"name\":\"Opozita, Edi Rama: K\u00ebrkojm\u00eb dor\u00ebheqjen e qeveris\u00eb Berisha - FjALA e LIR\u00cb - Arkivi\",\"isPartOf\":{\"@id\":\"https:\\\/\\\/fjala.info\\\/2009-2015\\\/#website\"},\"primaryImageOfPage\":{\"@id\":\"https:\\\/\\\/fjala.info\\\/2009-2015\\\/opozita-edi-rama-kerkojme-doreheqjen-e-qeverise-berisha\\\/#primaryimage\"},\"image\":{\"@id\":\"https:\\\/\\\/fjala.info\\\/2009-2015\\\/opozita-edi-rama-kerkojme-doreheqjen-e-qeverise-berisha\\\/#primaryimage\"},\"thumbnailUrl\":\"http:\\\/\\\/fjala.shkoder.net\\\/wp-content\\\/uploads\\\/2010\\\/07\\\/edi_rama3.jpg\",\"datePublished\":\"2011-01-15T10:08:41+00:00\",\"breadcrumb\":{\"@id\":\"https:\\\/\\\/fjala.info\\\/2009-2015\\\/opozita-edi-rama-kerkojme-doreheqjen-e-qeverise-berisha\\\/#breadcrumb\"},\"inLanguage\":\"sq-AL\",\"potentialAction\":[{\"@type\":\"ReadAction\",\"target\":[\"https:\\\/\\\/fjala.info\\\/2009-2015\\\/opozita-edi-rama-kerkojme-doreheqjen-e-qeverise-berisha\\\/\"]}]},{\"@type\":\"ImageObject\",\"inLanguage\":\"sq-AL\",\"@id\":\"https:\\\/\\\/fjala.info\\\/2009-2015\\\/opozita-edi-rama-kerkojme-doreheqjen-e-qeverise-berisha\\\/#primaryimage\",\"url\":\"http:\\\/\\\/fjala.shkoder.net\\\/wp-content\\\/uploads\\\/2010\\\/07\\\/edi_rama3.jpg\",\"contentUrl\":\"http:\\\/\\\/fjala.shkoder.net\\\/wp-content\\\/uploads\\\/2010\\\/07\\\/edi_rama3.jpg\"},{\"@type\":\"BreadcrumbList\",\"@id\":\"https:\\\/\\\/fjala.info\\\/2009-2015\\\/opozita-edi-rama-kerkojme-doreheqjen-e-qeverise-berisha\\\/#breadcrumb\",\"itemListElement\":[{\"@type\":\"ListItem\",\"position\":1,\"name\":\"Home\",\"item\":\"https:\\\/\\\/fjala.info\\\/2009-2015\\\/\"},{\"@type\":\"ListItem\",\"position\":2,\"name\":\"Opozita, Edi Rama: K\u00ebrkojm\u00eb dor\u00ebheqjen e qeveris\u00eb Berisha\"}]},{\"@type\":\"WebSite\",\"@id\":\"https:\\\/\\\/fjala.info\\\/2009-2015\\\/#website\",\"url\":\"https:\\\/\\\/fjala.info\\\/2009-2015\\\/\",\"name\":\"FjALA e LIR\u00cb - Arkivi\",\"description\":\"Arkivi 2009-2015\",\"publisher\":{\"@id\":\"https:\\\/\\\/fjala.info\\\/2009-2015\\\/#organization\"},\"potentialAction\":[{\"@type\":\"SearchAction\",\"target\":{\"@type\":\"EntryPoint\",\"urlTemplate\":\"https:\\\/\\\/fjala.info\\\/2009-2015\\\/?s={search_term_string}\"},\"query-input\":{\"@type\":\"PropertyValueSpecification\",\"valueRequired\":true,\"valueName\":\"search_term_string\"}}],\"inLanguage\":\"sq-AL\"},{\"@type\":\"Organization\",\"@id\":\"https:\\\/\\\/fjala.info\\\/2009-2015\\\/#organization\",\"name\":\"FjALA e LIR\u00cb - Arkivi\",\"url\":\"https:\\\/\\\/fjala.info\\\/2009-2015\\\/\",\"logo\":{\"@type\":\"ImageObject\",\"inLanguage\":\"sq-AL\",\"@id\":\"https:\\\/\\\/fjala.info\\\/2009-2015\\\/#\\\/schema\\\/logo\\\/image\\\/\",\"url\":\"\",\"contentUrl\":\"\",\"caption\":\"FjALA e LIR\u00cb - Arkivi\"},\"image\":{\"@id\":\"https:\\\/\\\/fjala.info\\\/2009-2015\\\/#\\\/schema\\\/logo\\\/image\\\/\"}},{\"@type\":\"Person\",\"@id\":\"https:\\\/\\\/fjala.info\\\/2009-2015\\\/#\\\/schema\\\/person\\\/3aa1163ef05469c496fc94e77611ada2\",\"name\":\"admin\",\"image\":{\"@type\":\"ImageObject\",\"inLanguage\":\"sq-AL\",\"@id\":\"https:\\\/\\\/fjala.info\\\/2009-2015\\\/wp-content\\\/uploads\\\/2012\\\/02\\\/arben_cokaj-120x150.jpg\",\"url\":\"https:\\\/\\\/fjala.info\\\/2009-2015\\\/wp-content\\\/uploads\\\/2012\\\/02\\\/arben_cokaj-120x150.jpg\",\"contentUrl\":\"https:\\\/\\\/fjala.info\\\/2009-2015\\\/wp-content\\\/uploads\\\/2012\\\/02\\\/arben_cokaj-120x150.jpg\",\"caption\":\"admin\"},\"description\":\"Admin, Fjala e Lir\u00eb\",\"sameAs\":[\"https:\\\/\\\/fjala.info\\\/\"],\"url\":\"https:\\\/\\\/fjala.info\\\/2009-2015\\\/author\\\/admin\\\/\"}]}<\/script>\n<!-- \/ Yoast SEO plugin. -->","yoast_head_json":{"title":"Opozita, Edi Rama: K\u00ebrkojm\u00eb dor\u00ebheqjen e qeveris\u00eb Berisha - FjALA e LIR\u00cb - Arkivi","robots":{"index":"index","follow":"follow","max-snippet":"max-snippet:-1","max-image-preview":"max-image-preview:large","max-video-preview":"max-video-preview:-1"},"canonical":"https:\/\/fjala.info\/2009-2015\/opozita-edi-rama-kerkojme-doreheqjen-e-qeverise-berisha\/","og_locale":"sq_AL","og_type":"article","og_title":"Opozita, Edi Rama: K\u00ebrkojm\u00eb dor\u00ebheqjen e qeveris\u00eb Berisha - FjALA e LIR\u00cb - Arkivi","og_description":"Denis Dedej, 15.01.2011 &#8220;Largimi i Met\u00ebs \u00ebsht\u00eb nj\u00eb manov\u00ebr e detyruar n\u00eb kushtet e presionit qytetar, politik dhe nd\u00ebrkomb\u00ebtar q\u00eb e formalizon kriz\u00ebn e thell\u00eb ku e ka futur qeverisjen e vendit llumi i korrupsionit&#8221;. Ky \u00ebsht\u00eb vler\u00ebsimi i dh\u00ebn\u00eb dje nga kryetari i Partis\u00eb Socialiste, Edi Rama, mbi dor\u00ebheqjen e z\u00ebvend\u00ebskryeministrit dhe ministrit t\u00eb [&hellip;]","og_url":"https:\/\/fjala.info\/2009-2015\/opozita-edi-rama-kerkojme-doreheqjen-e-qeverise-berisha\/","og_site_name":"FjALA e LIR\u00cb - Arkivi","article_published_time":"2011-01-15T10:08:41+00:00","og_image":[{"url":"http:\/\/fjala.shkoder.net\/wp-content\/uploads\/2010\/07\/edi_rama3.jpg","type":"","width":"","height":""}],"author":"admin","twitter_card":"summary_large_image","twitter_misc":{"Written by":"admin","Est. reading time":"9 minutes"},"schema":{"@context":"https:\/\/schema.org","@graph":[{"@type":"Article","@id":"https:\/\/fjala.info\/2009-2015\/opozita-edi-rama-kerkojme-doreheqjen-e-qeverise-berisha\/#article","isPartOf":{"@id":"https:\/\/fjala.info\/2009-2015\/opozita-edi-rama-kerkojme-doreheqjen-e-qeverise-berisha\/"},"author":{"name":"admin","@id":"https:\/\/fjala.info\/2009-2015\/#\/schema\/person\/3aa1163ef05469c496fc94e77611ada2"},"headline":"Opozita, Edi Rama: K\u00ebrkojm\u00eb dor\u00ebheqjen e qeveris\u00eb Berisha","datePublished":"2011-01-15T10:08:41+00:00","mainEntityOfPage":{"@id":"https:\/\/fjala.info\/2009-2015\/opozita-edi-rama-kerkojme-doreheqjen-e-qeverise-berisha\/"},"wordCount":1794,"commentCount":0,"publisher":{"@id":"https:\/\/fjala.info\/2009-2015\/#organization"},"image":{"@id":"https:\/\/fjala.info\/2009-2015\/opozita-edi-rama-kerkojme-doreheqjen-e-qeverise-berisha\/#primaryimage"},"thumbnailUrl":"http:\/\/fjala.shkoder.net\/wp-content\/uploads\/2010\/07\/edi_rama3.jpg","articleSection":["Artikuj"],"inLanguage":"sq-AL","potentialAction":[{"@type":"CommentAction","name":"Comment","target":["https:\/\/fjala.info\/2009-2015\/opozita-edi-rama-kerkojme-doreheqjen-e-qeverise-berisha\/#respond"]}]},{"@type":"WebPage","@id":"https:\/\/fjala.info\/2009-2015\/opozita-edi-rama-kerkojme-doreheqjen-e-qeverise-berisha\/","url":"https:\/\/fjala.info\/2009-2015\/opozita-edi-rama-kerkojme-doreheqjen-e-qeverise-berisha\/","name":"Opozita, Edi Rama: K\u00ebrkojm\u00eb dor\u00ebheqjen e qeveris\u00eb Berisha - FjALA e LIR\u00cb - Arkivi","isPartOf":{"@id":"https:\/\/fjala.info\/2009-2015\/#website"},"primaryImageOfPage":{"@id":"https:\/\/fjala.info\/2009-2015\/opozita-edi-rama-kerkojme-doreheqjen-e-qeverise-berisha\/#primaryimage"},"image":{"@id":"https:\/\/fjala.info\/2009-2015\/opozita-edi-rama-kerkojme-doreheqjen-e-qeverise-berisha\/#primaryimage"},"thumbnailUrl":"http:\/\/fjala.shkoder.net\/wp-content\/uploads\/2010\/07\/edi_rama3.jpg","datePublished":"2011-01-15T10:08:41+00:00","breadcrumb":{"@id":"https:\/\/fjala.info\/2009-2015\/opozita-edi-rama-kerkojme-doreheqjen-e-qeverise-berisha\/#breadcrumb"},"inLanguage":"sq-AL","potentialAction":[{"@type":"ReadAction","target":["https:\/\/fjala.info\/2009-2015\/opozita-edi-rama-kerkojme-doreheqjen-e-qeverise-berisha\/"]}]},{"@type":"ImageObject","inLanguage":"sq-AL","@id":"https:\/\/fjala.info\/2009-2015\/opozita-edi-rama-kerkojme-doreheqjen-e-qeverise-berisha\/#primaryimage","url":"http:\/\/fjala.shkoder.net\/wp-content\/uploads\/2010\/07\/edi_rama3.jpg","contentUrl":"http:\/\/fjala.shkoder.net\/wp-content\/uploads\/2010\/07\/edi_rama3.jpg"},{"@type":"BreadcrumbList","@id":"https:\/\/fjala.info\/2009-2015\/opozita-edi-rama-kerkojme-doreheqjen-e-qeverise-berisha\/#breadcrumb","itemListElement":[{"@type":"ListItem","position":1,"name":"Home","item":"https:\/\/fjala.info\/2009-2015\/"},{"@type":"ListItem","position":2,"name":"Opozita, Edi Rama: K\u00ebrkojm\u00eb dor\u00ebheqjen e qeveris\u00eb Berisha"}]},{"@type":"WebSite","@id":"https:\/\/fjala.info\/2009-2015\/#website","url":"https:\/\/fjala.info\/2009-2015\/","name":"FjALA e LIR\u00cb - Arkivi","description":"Arkivi 2009-2015","publisher":{"@id":"https:\/\/fjala.info\/2009-2015\/#organization"},"potentialAction":[{"@type":"SearchAction","target":{"@type":"EntryPoint","urlTemplate":"https:\/\/fjala.info\/2009-2015\/?s={search_term_string}"},"query-input":{"@type":"PropertyValueSpecification","valueRequired":true,"valueName":"search_term_string"}}],"inLanguage":"sq-AL"},{"@type":"Organization","@id":"https:\/\/fjala.info\/2009-2015\/#organization","name":"FjALA e LIR\u00cb - Arkivi","url":"https:\/\/fjala.info\/2009-2015\/","logo":{"@type":"ImageObject","inLanguage":"sq-AL","@id":"https:\/\/fjala.info\/2009-2015\/#\/schema\/logo\/image\/","url":"","contentUrl":"","caption":"FjALA e LIR\u00cb - Arkivi"},"image":{"@id":"https:\/\/fjala.info\/2009-2015\/#\/schema\/logo\/image\/"}},{"@type":"Person","@id":"https:\/\/fjala.info\/2009-2015\/#\/schema\/person\/3aa1163ef05469c496fc94e77611ada2","name":"admin","image":{"@type":"ImageObject","inLanguage":"sq-AL","@id":"https:\/\/fjala.info\/2009-2015\/wp-content\/uploads\/2012\/02\/arben_cokaj-120x150.jpg","url":"https:\/\/fjala.info\/2009-2015\/wp-content\/uploads\/2012\/02\/arben_cokaj-120x150.jpg","contentUrl":"https:\/\/fjala.info\/2009-2015\/wp-content\/uploads\/2012\/02\/arben_cokaj-120x150.jpg","caption":"admin"},"description":"Admin, Fjala e Lir\u00eb","sameAs":["https:\/\/fjala.info\/"],"url":"https:\/\/fjala.info\/2009-2015\/author\/admin\/"}]}},"_links":{"self":[{"href":"https:\/\/fjala.info\/2009-2015\/wp-json\/wp\/v2\/posts\/5661","targetHints":{"allow":["GET"]}}],"collection":[{"href":"https:\/\/fjala.info\/2009-2015\/wp-json\/wp\/v2\/posts"}],"about":[{"href":"https:\/\/fjala.info\/2009-2015\/wp-json\/wp\/v2\/types\/post"}],"author":[{"embeddable":true,"href":"https:\/\/fjala.info\/2009-2015\/wp-json\/wp\/v2\/users\/1"}],"replies":[{"embeddable":true,"href":"https:\/\/fjala.info\/2009-2015\/wp-json\/wp\/v2\/comments?post=5661"}],"version-history":[{"count":0,"href":"https:\/\/fjala.info\/2009-2015\/wp-json\/wp\/v2\/posts\/5661\/revisions"}],"wp:attachment":[{"href":"https:\/\/fjala.info\/2009-2015\/wp-json\/wp\/v2\/media?parent=5661"}],"wp:term":[{"taxonomy":"category","embeddable":true,"href":"https:\/\/fjala.info\/2009-2015\/wp-json\/wp\/v2\/categories?post=5661"},{"taxonomy":"post_tag","embeddable":true,"href":"https:\/\/fjala.info\/2009-2015\/wp-json\/wp\/v2\/tags?post=5661"}],"curies":[{"name":"wp","href":"https:\/\/api.w.org\/{rel}","templated":true}]}}