{"id":5659,"date":"2011-01-15T11:04:40","date_gmt":"2011-01-15T10:04:40","guid":{"rendered":"http:\/\/fjala.shkoder.net\/?p=5659"},"modified":"2011-01-15T11:04:40","modified_gmt":"2011-01-15T10:04:40","slug":"rama-berisha-ka-marre-para-nga-fazllici","status":"publish","type":"post","link":"https:\/\/fjala.info\/2009-2015\/rama-berisha-ka-marre-para-nga-fazllici\/","title":{"rendered":"Rama: Berisha ka marr\u00eb para nga Fazlli\u00e7i"},"content":{"rendered":"<p><img loading=\"lazy\" decoding=\"async\" src=\"http:\/\/fjala.shkoder.net\/wp-content\/uploads\/2010\/08\/edi_rama1.jpg\" alt=\"\" title=\"Edi Rama\" width=\"200\" height=\"128\" class=\"alignright size-full wp-image-3806\" \/>Nga <strong>Korresp. 24-ore.com<\/strong><\/p>\n<p>Duke e cil\u00ebsuar qeverin\u00eb aktuale si kabinetin e korrupsionit dhe skandaleve, kreu i Partis\u00eb Socialiste Edi Rama i k\u00ebrkoi kryeministrit Berisha dor\u00ebheqjen p\u00ebr t\u2019i hapur rrug\u00eb si\u00e7 tha ai, rikthimit t\u00eb liris\u00eb n\u00eb vend.<\/p>\n<p>Lideri i opozit\u00ebs, gjat\u00eb fjal\u00ebs s\u00eb tij t\u00eb gjat\u00eb n\u00eb asamblen\u00eb komb\u00ebtare paralajm\u00ebroi publikimin e nj\u00eb tjet\u00ebr skandali q\u00eb lidh kryeministrin me biznesmenin Damir Fazlli\u00e7.<\/p>\n<p>Me k\u00ebt\u00eb rast zoti Rama i adresoi k\u00ebt\u00eb her\u00eb vet\u00eb nj\u00eb pyetje kryeministrit Berisha.<\/p>\n<p>\u201cA ka fituar ai drejtp\u00ebrdrejt dhe n\u00ebse jo, a \u00ebsht\u00eb ai n\u00eb dijeni p\u00ebr ndonj\u00eb an\u00ebtar t\u00eb familjes s\u00eb tij, q\u00eb ka fituar para t\u00eb thata n\u00eb dor\u00eb n\u00eb kurriz t\u00eb shqiptar\u00ebve nga kjo miq\u00ebsi? Sqaroj se nuk b\u00ebhet fjal\u00eb p\u00ebr sh\u00ebrbime avokatie, t\u00eb mos m\u00eb keqkuptoj\u00eb i ashtuquajtur kryeminist\u00ebr i koalicionit t\u00eb integrimit dhe sa t\u00eb mos ngutet t\u00eb mbiprodhoj\u00eb balt\u00eb p\u00ebr t\u00eb mbuluar ndonj\u00eb t\u00eb v\u00ebrtet\u00eb shqet\u00ebsuese lidhur me sa e pyeta. E siguroj se nuk \u00ebsht\u00eb truk, nuk \u00ebsht\u00eb montazh, nuk \u00ebsht\u00eb as komplot vizual, \u00ebsht\u00eb thjesht nj\u00eb pyetje n\u00eb kuadrin e pro\u00e7esit t\u00eb transparenc\u00ebs\u201d, tha Rama.<\/p>\n<p>Ai theksoi se Partia Socialiste nuk do t\u00eb t\u00ebrhiqet n\u00eb publikimin e skandaleve ku \u00ebsht\u00eb p\u00ebrfshir\u00eb qeveria aktuale pavar\u00ebsisht balt\u00ebs si\u00e7 tha ai q\u00eb prodhon makineria e saj.<\/p>\n<p>\u201cTransparenca e keqqeverisjes, as nuk mbyllet duke djegur flet\u00ebt e votimit dhe as duke burgosur materiale zgjedhore me duart e nj\u00eb xhelepi t\u00eb KQZ-s\u00eb, as nuk zbrapset nga nj\u00eb surugato e KPD-s\u00eb fam\u00ebkeqe dhe vete me nj\u00eb nanorural q\u00eb m\u00eb nj\u00eb fuoristrad\u00eb t\u00eb tipit t\u00eb fundit, i jep nj\u00eb kali imagjinar t\u00eb f\u00ebmij\u00ebris\u00eb. As nuk ndalet duke nd\u00ebrsyer \u00e7do dit\u00eb kund\u00ebr opozit\u00ebs, t\u00ebr\u00eb zollorin\u00eb e ministrave famk\u00ebqinj dhe deputet\u00ebve fatkeq, bashk\u00eb me frok-ballinj ekranesh dhe gazetash q\u00eb e shesin veten sa frangaj pul\u00ebn me lek\u00ebt e bllokut t\u00eb qeveris\u00eb s\u00eb tij\u201d, deklaroi Rama.<\/p>\n<p style=\"text-align: center;\"><object classid=\"clsid:d27cdb6e-ae6d-11cf-96b8-444553540000\" width=\"425\" height=\"337\" codebase=\"http:\/\/download.macromedia.com\/pub\/shockwave\/cabs\/flash\/swflash.cab#version=6,0,40,0\"><param name=\"allowfullscreen\" value=\"true\" \/><param name=\"allowscriptaccess\" value=\"always\" \/><param name=\"flashvars\" value=\"image=http:\/\/www.24-ore.com\/thumbnail.php%3Ffile%3DKosova\/politika\/rama_konference_shtypi_101340746.png%26size%3Darticle_large&amp;file=http:\/\/www.24-ore.com\/files\/video\/ASAMBLEJAPS14_815300510.flv&amp;logo.hide=true\" \/><param name=\"src\" value=\"http:\/\/www.24-ore.com\/flash\/player.swf\" \/><embed type=\"application\/x-shockwave-flash\" width=\"425\" height=\"337\" src=\"http:\/\/www.24-ore.com\/flash\/player.swf\" allowscriptaccess=\"always\" allowfullscreen=\"true\" flashvars=\"image=http:\/\/www.24-ore.com\/thumbnail.php%3Ffile%3DKosova\/politika\/rama_konference_shtypi_101340746.png%26size%3Darticle_large&amp;file=http:\/\/www.24-ore.com\/files\/video\/ASAMBLEJAPS14_815300510.flv&amp;logo.hide=true\"><\/embed><\/object><\/p>\n<p>N\u00eb k\u00ebt\u00eb situat\u00eb t\u00eb cil\u00ebn Rama e quajti t\u00eb papranueshme, ai ftoi shqiptar\u00ebt q\u00eb m\u00eb 21 janar t\u00eb derdhen n\u00eb nj\u00eb protest\u00eb t\u00eb madhe kund\u00ebr keqqeverisjes.<\/p>\n<p>Nj\u00eb demostrat\u00eb q\u00eb sipas Ram\u00ebs, do t\u00eb mbledh\u00eb jo vet\u00ebm qytetar\u00eb socialist\u00eb n\u00eb opozit\u00eb me demokrat\u00ebt por t\u00eb gjith\u00eb ata q\u00eb jan\u00eb n\u00eb opozit\u00eb p\u00ebr arsye t\u00eb ndryshme n\u00eb jet\u00ebn e p\u00ebrditshme t\u00eb tyre.<\/p>\n<p>\u201cN\u00eb opozit\u00eb me talljen, n\u00eb opozit\u00eb me poshtrimin, n\u00eb opozit\u00eb me t\u00eb gjitha ato arsye q\u00eb i mungojn\u00eb p\u00ebr t\u2019u quajtur njeri i lir\u00eb n\u00eb sht\u00ebpin\u00eb e tij, n\u00eb rrug\u00ebn drejt pun\u00ebs apo n\u00eb rrug\u00ebn ku k\u00ebrkon pun\u00eb\u201d, theksoi Rama.<\/p>\n","protected":false},"excerpt":{"rendered":"<p>Nga Korresp. 24-ore.com Duke e cil\u00ebsuar qeverin\u00eb aktuale si kabinetin e korrupsionit dhe skandaleve, kreu i Partis\u00eb Socialiste Edi Rama i k\u00ebrkoi kryeministrit Berisha dor\u00ebheqjen p\u00ebr t\u2019i hapur rrug\u00eb si\u00e7 tha ai, rikthimit t\u00eb liris\u00eb n\u00eb vend. Lideri i opozit\u00ebs, gjat\u00eb fjal\u00ebs s\u00eb tij t\u00eb gjat\u00eb n\u00eb asamblen\u00eb komb\u00ebtare paralajm\u00ebroi publikimin e nj\u00eb tjet\u00ebr skandali [&hellip;]<\/p>\n","protected":false},"author":1,"featured_media":0,"comment_status":"open","ping_status":"closed","sticky":false,"template":"","format":"standard","meta":{"footnotes":""},"categories":[2],"tags":[],"class_list":{"0":"post-5659","1":"post","2":"type-post","3":"status-publish","4":"format-standard","6":"category-artikuj"},"yoast_head":"<!-- This site is optimized with the Yoast SEO plugin v27.4 - https:\/\/yoast.com\/product\/yoast-seo-wordpress\/ -->\n<title>Rama: Berisha ka marr\u00eb para nga Fazlli\u00e7i - FjALA e LIR\u00cb - Arkivi<\/title>\n<meta name=\"robots\" content=\"index, follow, max-snippet:-1, max-image-preview:large, max-video-preview:-1\" \/>\n<link rel=\"canonical\" href=\"https:\/\/fjala.info\/2009-2015\/rama-berisha-ka-marre-para-nga-fazllici\/\" \/>\n<meta property=\"og:locale\" content=\"sq_AL\" \/>\n<meta property=\"og:type\" content=\"article\" \/>\n<meta property=\"og:title\" content=\"Rama: Berisha ka marr\u00eb para nga Fazlli\u00e7i - FjALA e LIR\u00cb - Arkivi\" \/>\n<meta property=\"og:description\" content=\"Nga Korresp. 24-ore.com Duke e cil\u00ebsuar qeverin\u00eb aktuale si kabinetin e korrupsionit dhe skandaleve, kreu i Partis\u00eb Socialiste Edi Rama i k\u00ebrkoi kryeministrit Berisha dor\u00ebheqjen p\u00ebr t\u2019i hapur rrug\u00eb si\u00e7 tha ai, rikthimit t\u00eb liris\u00eb n\u00eb vend. Lideri i opozit\u00ebs, gjat\u00eb fjal\u00ebs s\u00eb tij t\u00eb gjat\u00eb n\u00eb asamblen\u00eb komb\u00ebtare paralajm\u00ebroi publikimin e nj\u00eb tjet\u00ebr skandali [&hellip;]\" \/>\n<meta property=\"og:url\" content=\"https:\/\/fjala.info\/2009-2015\/rama-berisha-ka-marre-para-nga-fazllici\/\" \/>\n<meta property=\"og:site_name\" content=\"FjALA e LIR\u00cb - Arkivi\" \/>\n<meta property=\"article:published_time\" content=\"2011-01-15T10:04:40+00:00\" \/>\n<meta property=\"og:image\" content=\"http:\/\/fjala.shkoder.net\/wp-content\/uploads\/2010\/08\/edi_rama1.jpg\" \/>\n<meta name=\"author\" content=\"admin\" \/>\n<meta name=\"twitter:card\" content=\"summary_large_image\" \/>\n<meta name=\"twitter:label1\" content=\"Written by\" \/>\n\t<meta name=\"twitter:data1\" content=\"admin\" \/>\n\t<meta name=\"twitter:label2\" content=\"Est. reading time\" \/>\n\t<meta name=\"twitter:data2\" content=\"2 minutes\" \/>\n<script type=\"application\/ld+json\" class=\"yoast-schema-graph\">{\"@context\":\"https:\\\/\\\/schema.org\",\"@graph\":[{\"@type\":\"Article\",\"@id\":\"https:\\\/\\\/fjala.info\\\/2009-2015\\\/rama-berisha-ka-marre-para-nga-fazllici\\\/#article\",\"isPartOf\":{\"@id\":\"https:\\\/\\\/fjala.info\\\/2009-2015\\\/rama-berisha-ka-marre-para-nga-fazllici\\\/\"},\"author\":{\"name\":\"admin\",\"@id\":\"https:\\\/\\\/fjala.info\\\/2009-2015\\\/#\\\/schema\\\/person\\\/3aa1163ef05469c496fc94e77611ada2\"},\"headline\":\"Rama: Berisha ka marr\u00eb para nga Fazlli\u00e7i\",\"datePublished\":\"2011-01-15T10:04:40+00:00\",\"mainEntityOfPage\":{\"@id\":\"https:\\\/\\\/fjala.info\\\/2009-2015\\\/rama-berisha-ka-marre-para-nga-fazllici\\\/\"},\"wordCount\":465,\"commentCount\":0,\"publisher\":{\"@id\":\"https:\\\/\\\/fjala.info\\\/2009-2015\\\/#organization\"},\"image\":{\"@id\":\"https:\\\/\\\/fjala.info\\\/2009-2015\\\/rama-berisha-ka-marre-para-nga-fazllici\\\/#primaryimage\"},\"thumbnailUrl\":\"http:\\\/\\\/fjala.shkoder.net\\\/wp-content\\\/uploads\\\/2010\\\/08\\\/edi_rama1.jpg\",\"articleSection\":[\"Artikuj\"],\"inLanguage\":\"sq-AL\",\"potentialAction\":[{\"@type\":\"CommentAction\",\"name\":\"Comment\",\"target\":[\"https:\\\/\\\/fjala.info\\\/2009-2015\\\/rama-berisha-ka-marre-para-nga-fazllici\\\/#respond\"]}]},{\"@type\":\"WebPage\",\"@id\":\"https:\\\/\\\/fjala.info\\\/2009-2015\\\/rama-berisha-ka-marre-para-nga-fazllici\\\/\",\"url\":\"https:\\\/\\\/fjala.info\\\/2009-2015\\\/rama-berisha-ka-marre-para-nga-fazllici\\\/\",\"name\":\"Rama: Berisha ka marr\u00eb para nga Fazlli\u00e7i - FjALA e LIR\u00cb - Arkivi\",\"isPartOf\":{\"@id\":\"https:\\\/\\\/fjala.info\\\/2009-2015\\\/#website\"},\"primaryImageOfPage\":{\"@id\":\"https:\\\/\\\/fjala.info\\\/2009-2015\\\/rama-berisha-ka-marre-para-nga-fazllici\\\/#primaryimage\"},\"image\":{\"@id\":\"https:\\\/\\\/fjala.info\\\/2009-2015\\\/rama-berisha-ka-marre-para-nga-fazllici\\\/#primaryimage\"},\"thumbnailUrl\":\"http:\\\/\\\/fjala.shkoder.net\\\/wp-content\\\/uploads\\\/2010\\\/08\\\/edi_rama1.jpg\",\"datePublished\":\"2011-01-15T10:04:40+00:00\",\"breadcrumb\":{\"@id\":\"https:\\\/\\\/fjala.info\\\/2009-2015\\\/rama-berisha-ka-marre-para-nga-fazllici\\\/#breadcrumb\"},\"inLanguage\":\"sq-AL\",\"potentialAction\":[{\"@type\":\"ReadAction\",\"target\":[\"https:\\\/\\\/fjala.info\\\/2009-2015\\\/rama-berisha-ka-marre-para-nga-fazllici\\\/\"]}]},{\"@type\":\"ImageObject\",\"inLanguage\":\"sq-AL\",\"@id\":\"https:\\\/\\\/fjala.info\\\/2009-2015\\\/rama-berisha-ka-marre-para-nga-fazllici\\\/#primaryimage\",\"url\":\"http:\\\/\\\/fjala.shkoder.net\\\/wp-content\\\/uploads\\\/2010\\\/08\\\/edi_rama1.jpg\",\"contentUrl\":\"http:\\\/\\\/fjala.shkoder.net\\\/wp-content\\\/uploads\\\/2010\\\/08\\\/edi_rama1.jpg\"},{\"@type\":\"BreadcrumbList\",\"@id\":\"https:\\\/\\\/fjala.info\\\/2009-2015\\\/rama-berisha-ka-marre-para-nga-fazllici\\\/#breadcrumb\",\"itemListElement\":[{\"@type\":\"ListItem\",\"position\":1,\"name\":\"Home\",\"item\":\"https:\\\/\\\/fjala.info\\\/2009-2015\\\/\"},{\"@type\":\"ListItem\",\"position\":2,\"name\":\"Rama: Berisha ka marr\u00eb para nga Fazlli\u00e7i\"}]},{\"@type\":\"WebSite\",\"@id\":\"https:\\\/\\\/fjala.info\\\/2009-2015\\\/#website\",\"url\":\"https:\\\/\\\/fjala.info\\\/2009-2015\\\/\",\"name\":\"FjALA e LIR\u00cb - Arkivi\",\"description\":\"Arkivi 2009-2015\",\"publisher\":{\"@id\":\"https:\\\/\\\/fjala.info\\\/2009-2015\\\/#organization\"},\"potentialAction\":[{\"@type\":\"SearchAction\",\"target\":{\"@type\":\"EntryPoint\",\"urlTemplate\":\"https:\\\/\\\/fjala.info\\\/2009-2015\\\/?s={search_term_string}\"},\"query-input\":{\"@type\":\"PropertyValueSpecification\",\"valueRequired\":true,\"valueName\":\"search_term_string\"}}],\"inLanguage\":\"sq-AL\"},{\"@type\":\"Organization\",\"@id\":\"https:\\\/\\\/fjala.info\\\/2009-2015\\\/#organization\",\"name\":\"FjALA e LIR\u00cb - Arkivi\",\"url\":\"https:\\\/\\\/fjala.info\\\/2009-2015\\\/\",\"logo\":{\"@type\":\"ImageObject\",\"inLanguage\":\"sq-AL\",\"@id\":\"https:\\\/\\\/fjala.info\\\/2009-2015\\\/#\\\/schema\\\/logo\\\/image\\\/\",\"url\":\"\",\"contentUrl\":\"\",\"caption\":\"FjALA e LIR\u00cb - Arkivi\"},\"image\":{\"@id\":\"https:\\\/\\\/fjala.info\\\/2009-2015\\\/#\\\/schema\\\/logo\\\/image\\\/\"}},{\"@type\":\"Person\",\"@id\":\"https:\\\/\\\/fjala.info\\\/2009-2015\\\/#\\\/schema\\\/person\\\/3aa1163ef05469c496fc94e77611ada2\",\"name\":\"admin\",\"image\":{\"@type\":\"ImageObject\",\"inLanguage\":\"sq-AL\",\"@id\":\"https:\\\/\\\/fjala.info\\\/2009-2015\\\/wp-content\\\/uploads\\\/2012\\\/02\\\/arben_cokaj-120x150.jpg\",\"url\":\"https:\\\/\\\/fjala.info\\\/2009-2015\\\/wp-content\\\/uploads\\\/2012\\\/02\\\/arben_cokaj-120x150.jpg\",\"contentUrl\":\"https:\\\/\\\/fjala.info\\\/2009-2015\\\/wp-content\\\/uploads\\\/2012\\\/02\\\/arben_cokaj-120x150.jpg\",\"caption\":\"admin\"},\"description\":\"Admin, Fjala e Lir\u00eb\",\"sameAs\":[\"https:\\\/\\\/fjala.info\\\/\"],\"url\":\"https:\\\/\\\/fjala.info\\\/2009-2015\\\/author\\\/admin\\\/\"}]}<\/script>\n<!-- \/ Yoast SEO plugin. -->","yoast_head_json":{"title":"Rama: Berisha ka marr\u00eb para nga Fazlli\u00e7i - FjALA e LIR\u00cb - Arkivi","robots":{"index":"index","follow":"follow","max-snippet":"max-snippet:-1","max-image-preview":"max-image-preview:large","max-video-preview":"max-video-preview:-1"},"canonical":"https:\/\/fjala.info\/2009-2015\/rama-berisha-ka-marre-para-nga-fazllici\/","og_locale":"sq_AL","og_type":"article","og_title":"Rama: Berisha ka marr\u00eb para nga Fazlli\u00e7i - FjALA e LIR\u00cb - Arkivi","og_description":"Nga Korresp. 24-ore.com Duke e cil\u00ebsuar qeverin\u00eb aktuale si kabinetin e korrupsionit dhe skandaleve, kreu i Partis\u00eb Socialiste Edi Rama i k\u00ebrkoi kryeministrit Berisha dor\u00ebheqjen p\u00ebr t\u2019i hapur rrug\u00eb si\u00e7 tha ai, rikthimit t\u00eb liris\u00eb n\u00eb vend. Lideri i opozit\u00ebs, gjat\u00eb fjal\u00ebs s\u00eb tij t\u00eb gjat\u00eb n\u00eb asamblen\u00eb komb\u00ebtare paralajm\u00ebroi publikimin e nj\u00eb tjet\u00ebr skandali [&hellip;]","og_url":"https:\/\/fjala.info\/2009-2015\/rama-berisha-ka-marre-para-nga-fazllici\/","og_site_name":"FjALA e LIR\u00cb - Arkivi","article_published_time":"2011-01-15T10:04:40+00:00","og_image":[{"url":"http:\/\/fjala.shkoder.net\/wp-content\/uploads\/2010\/08\/edi_rama1.jpg","type":"","width":"","height":""}],"author":"admin","twitter_card":"summary_large_image","twitter_misc":{"Written by":"admin","Est. reading time":"2 minutes"},"schema":{"@context":"https:\/\/schema.org","@graph":[{"@type":"Article","@id":"https:\/\/fjala.info\/2009-2015\/rama-berisha-ka-marre-para-nga-fazllici\/#article","isPartOf":{"@id":"https:\/\/fjala.info\/2009-2015\/rama-berisha-ka-marre-para-nga-fazllici\/"},"author":{"name":"admin","@id":"https:\/\/fjala.info\/2009-2015\/#\/schema\/person\/3aa1163ef05469c496fc94e77611ada2"},"headline":"Rama: Berisha ka marr\u00eb para nga Fazlli\u00e7i","datePublished":"2011-01-15T10:04:40+00:00","mainEntityOfPage":{"@id":"https:\/\/fjala.info\/2009-2015\/rama-berisha-ka-marre-para-nga-fazllici\/"},"wordCount":465,"commentCount":0,"publisher":{"@id":"https:\/\/fjala.info\/2009-2015\/#organization"},"image":{"@id":"https:\/\/fjala.info\/2009-2015\/rama-berisha-ka-marre-para-nga-fazllici\/#primaryimage"},"thumbnailUrl":"http:\/\/fjala.shkoder.net\/wp-content\/uploads\/2010\/08\/edi_rama1.jpg","articleSection":["Artikuj"],"inLanguage":"sq-AL","potentialAction":[{"@type":"CommentAction","name":"Comment","target":["https:\/\/fjala.info\/2009-2015\/rama-berisha-ka-marre-para-nga-fazllici\/#respond"]}]},{"@type":"WebPage","@id":"https:\/\/fjala.info\/2009-2015\/rama-berisha-ka-marre-para-nga-fazllici\/","url":"https:\/\/fjala.info\/2009-2015\/rama-berisha-ka-marre-para-nga-fazllici\/","name":"Rama: Berisha ka marr\u00eb para nga Fazlli\u00e7i - FjALA e LIR\u00cb - Arkivi","isPartOf":{"@id":"https:\/\/fjala.info\/2009-2015\/#website"},"primaryImageOfPage":{"@id":"https:\/\/fjala.info\/2009-2015\/rama-berisha-ka-marre-para-nga-fazllici\/#primaryimage"},"image":{"@id":"https:\/\/fjala.info\/2009-2015\/rama-berisha-ka-marre-para-nga-fazllici\/#primaryimage"},"thumbnailUrl":"http:\/\/fjala.shkoder.net\/wp-content\/uploads\/2010\/08\/edi_rama1.jpg","datePublished":"2011-01-15T10:04:40+00:00","breadcrumb":{"@id":"https:\/\/fjala.info\/2009-2015\/rama-berisha-ka-marre-para-nga-fazllici\/#breadcrumb"},"inLanguage":"sq-AL","potentialAction":[{"@type":"ReadAction","target":["https:\/\/fjala.info\/2009-2015\/rama-berisha-ka-marre-para-nga-fazllici\/"]}]},{"@type":"ImageObject","inLanguage":"sq-AL","@id":"https:\/\/fjala.info\/2009-2015\/rama-berisha-ka-marre-para-nga-fazllici\/#primaryimage","url":"http:\/\/fjala.shkoder.net\/wp-content\/uploads\/2010\/08\/edi_rama1.jpg","contentUrl":"http:\/\/fjala.shkoder.net\/wp-content\/uploads\/2010\/08\/edi_rama1.jpg"},{"@type":"BreadcrumbList","@id":"https:\/\/fjala.info\/2009-2015\/rama-berisha-ka-marre-para-nga-fazllici\/#breadcrumb","itemListElement":[{"@type":"ListItem","position":1,"name":"Home","item":"https:\/\/fjala.info\/2009-2015\/"},{"@type":"ListItem","position":2,"name":"Rama: Berisha ka marr\u00eb para nga Fazlli\u00e7i"}]},{"@type":"WebSite","@id":"https:\/\/fjala.info\/2009-2015\/#website","url":"https:\/\/fjala.info\/2009-2015\/","name":"FjALA e LIR\u00cb - Arkivi","description":"Arkivi 2009-2015","publisher":{"@id":"https:\/\/fjala.info\/2009-2015\/#organization"},"potentialAction":[{"@type":"SearchAction","target":{"@type":"EntryPoint","urlTemplate":"https:\/\/fjala.info\/2009-2015\/?s={search_term_string}"},"query-input":{"@type":"PropertyValueSpecification","valueRequired":true,"valueName":"search_term_string"}}],"inLanguage":"sq-AL"},{"@type":"Organization","@id":"https:\/\/fjala.info\/2009-2015\/#organization","name":"FjALA e LIR\u00cb - Arkivi","url":"https:\/\/fjala.info\/2009-2015\/","logo":{"@type":"ImageObject","inLanguage":"sq-AL","@id":"https:\/\/fjala.info\/2009-2015\/#\/schema\/logo\/image\/","url":"","contentUrl":"","caption":"FjALA e LIR\u00cb - Arkivi"},"image":{"@id":"https:\/\/fjala.info\/2009-2015\/#\/schema\/logo\/image\/"}},{"@type":"Person","@id":"https:\/\/fjala.info\/2009-2015\/#\/schema\/person\/3aa1163ef05469c496fc94e77611ada2","name":"admin","image":{"@type":"ImageObject","inLanguage":"sq-AL","@id":"https:\/\/fjala.info\/2009-2015\/wp-content\/uploads\/2012\/02\/arben_cokaj-120x150.jpg","url":"https:\/\/fjala.info\/2009-2015\/wp-content\/uploads\/2012\/02\/arben_cokaj-120x150.jpg","contentUrl":"https:\/\/fjala.info\/2009-2015\/wp-content\/uploads\/2012\/02\/arben_cokaj-120x150.jpg","caption":"admin"},"description":"Admin, Fjala e Lir\u00eb","sameAs":["https:\/\/fjala.info\/"],"url":"https:\/\/fjala.info\/2009-2015\/author\/admin\/"}]}},"_links":{"self":[{"href":"https:\/\/fjala.info\/2009-2015\/wp-json\/wp\/v2\/posts\/5659","targetHints":{"allow":["GET"]}}],"collection":[{"href":"https:\/\/fjala.info\/2009-2015\/wp-json\/wp\/v2\/posts"}],"about":[{"href":"https:\/\/fjala.info\/2009-2015\/wp-json\/wp\/v2\/types\/post"}],"author":[{"embeddable":true,"href":"https:\/\/fjala.info\/2009-2015\/wp-json\/wp\/v2\/users\/1"}],"replies":[{"embeddable":true,"href":"https:\/\/fjala.info\/2009-2015\/wp-json\/wp\/v2\/comments?post=5659"}],"version-history":[{"count":0,"href":"https:\/\/fjala.info\/2009-2015\/wp-json\/wp\/v2\/posts\/5659\/revisions"}],"wp:attachment":[{"href":"https:\/\/fjala.info\/2009-2015\/wp-json\/wp\/v2\/media?parent=5659"}],"wp:term":[{"taxonomy":"category","embeddable":true,"href":"https:\/\/fjala.info\/2009-2015\/wp-json\/wp\/v2\/categories?post=5659"},{"taxonomy":"post_tag","embeddable":true,"href":"https:\/\/fjala.info\/2009-2015\/wp-json\/wp\/v2\/tags?post=5659"}],"curies":[{"name":"wp","href":"https:\/\/api.w.org\/{rel}","templated":true}]}}