{"id":5656,"date":"2011-01-15T10:58:18","date_gmt":"2011-01-15T09:58:18","guid":{"rendered":"http:\/\/fjala.shkoder.net\/?p=5656"},"modified":"2011-01-15T10:58:18","modified_gmt":"2011-01-15T09:58:18","slug":"nje-film-me-personazhe-reale","status":"publish","type":"post","link":"https:\/\/fjala.info\/2009-2015\/nje-film-me-personazhe-reale\/","title":{"rendered":"Nj\u00eb \u201dfilm\u201d me personazhe reale"},"content":{"rendered":"<p><img loading=\"lazy\" decoding=\"async\" class=\"alignright size-medium wp-image-5657\" title=\"meta_prifti_video\" src=\"http:\/\/fjala.shkoder.net\/wp-content\/uploads\/2011\/01\/meta_prifti_video-300x250.jpg\" alt=\"\" width=\"300\" height=\"250\" \/>Nga <strong>Andi Bushati<\/strong><\/p>\n<p>Skandali i p\u00ebrgjimit t\u00eb shfaqur t\u00eb mart\u00ebn n\u00eb mbr\u00ebmje nga \u201cFiks Fare\u201d nuk \u00ebsht\u00eb as nj\u00eb histori q\u00eb mund t\u00eb kalohet duke folur p\u00ebr ullinjt\u00eb e bajamet, as nj\u00eb ngjarje q\u00eb mund t\u00eb trajtohet thjesht si montazh. Ajo \u00ebsht\u00eb ngjarja m\u00eb e r\u00ebnd\u00eb korruptive e qeverisjes Berisha, q\u00eb pas tragjedis\u00eb s\u00eb G\u00ebrdecit. Sepse, ndryshe nga sa po tentohet t\u00eb paraqitet, ai nuk \u00ebsht\u00eb p\u00ebrgjimi i nj\u00eb shtetari, nga nj\u00eb pjes\u00ebtar i krimit t\u00eb organizuar, por nxjerrja n\u00eb pazar e rrobave t\u00eb palara, mes dy an\u00ebtar\u00ebve t\u00eb r\u00ebnd\u00ebsish\u00ebm t\u00eb kabinetit qeveritar. Ilir Meta, \u201cviktima\u201d e k\u00ebsaj afere, ishte numri dy i qeveris\u00eb n\u00eb mars t\u00eb k\u00ebtij viti, kur p\u00ebrgjimi ka ndodhur. Dritan Prifti, ishte nj\u00eb nga ministrat m\u00eb t\u00eb fuqish\u00ebm, njeriu i parave, koncesioneve, licencave dhe nj\u00ebkoh\u00ebsisht kumbari i k\u00ebtij koalicioni q\u00eb mbajti n\u00eb k\u00ebmb\u00eb kryeministrin Berisha.<\/p>\n<p>Po t\u00eb shikohet m\u00eb tej, allishverishet q\u00eb flasin p\u00ebr em\u00ebrime, hidrocentrale, privatizime, p\u00ebrqindje, para, kryhen n\u00eb nj\u00eb \u201cfush\u00eb t\u00eb shenjt\u00eb\u201d, n\u00eb zyrat e shtetit. Aty p\u00ebrmendet emri i Kryeministrit dhe pretendohet se ai \u00ebsht\u00eb n\u00eb brend\u00ebsi t\u00eb aferave.<\/p>\n<p>Aty p\u00ebrmendet kryetarja e Gjykat\u00ebs s\u00eb Lart\u00eb, e cila pretendohet t\u00eb ofroj\u00eb favore n\u00eb shk\u00ebmbim t\u00eb pun\u00ebsimit t\u00eb vajz\u00ebs n\u00eb Trupin Diplomatik.<\/p>\n<p>Aty flitet p\u00ebr administrat\u00ebn shtet\u00ebrore si nj\u00eb hambar p\u00ebr t\u2019u vjel\u00eb nga militant\u00ebt e partive. Me nj\u00eb fjal\u00eb, n\u00eb ato 7 minuta (edhe sikur ky t\u00eb ishte regjistrimi i vet\u00ebm q\u00eb ekziston) jepet nj\u00eb pasqyr\u00eb e qart\u00eb e t\u00eb gjith\u00eb asaj q\u00eb p\u00ebrflitej: Ansamblit Bab\u00ebzia q\u00eb na qeveris.<\/p>\n<p>N\u00eb fakt, pika me e nxeht\u00eb e bised\u00ebs s\u00eb transkriptuar \u00ebsht\u00eb ajo kur Meta i k\u00ebrkon Dritan Priftit q\u00eb t\u00eb favorizoj\u00eb nj\u00eb t\u00eb njohurin e tij, p\u00ebr koncesionin e nj\u00eb hidrocentrali n\u00eb lumin e Shushic\u00ebs. Personi i tret\u00eb, q\u00eb e pretendon k\u00ebt\u00eb nder, \u00ebsht\u00eb nj\u00eb i njohur i vjet\u00ebr i drejt\u00ebsis\u00eb shqiptare, q\u00eb n\u00eb bised\u00eb em\u00ebrtohet si \u201cGimi\u201d. Ky \u00ebsht\u00eb edhe biznesmeni q\u00eb prezumohet se do t\u00eb jepte ryshfet. Sipas ngjarjes s\u00eb treguar nga t\u00eb gjitha pal\u00ebt, ky personazh k\u00ebrkon nj\u00eb koncesion q\u00eb po i vonohet. Ilir Meta nd\u00ebrhyn q\u00eb procedura t\u00eb p\u00ebrshpejtohet. Akuza \u00ebsht\u00eb se \u201cGimi\u201d kishte ofruar para, prandaj dhe zv\/kryeministri thot\u00eb se p\u00ebr ta p\u00ebrkrahur at\u00eb \u00ebsht\u00eb dakord edhe Berisha. Ndaj ai thot\u00eb se do t\u00eb nd\u00ebrhyj\u00eb deri n\u00eb Gjykat\u00ebn e Lart\u00eb, q\u00eb \u00e7\u00ebshtja t\u00eb zgjidhet.<\/p>\n<p>Por, dje paradite Ilir Meta e ka hedhur posht\u00eb k\u00ebt\u00eb version. Sipas tij, po t\u00eb ishte e v\u00ebrtet\u00eb se ai ka marr\u00eb 700 mij\u00eb euro, ai do t\u2019ia kishte dh\u00ebn\u00eb koncesionin k\u00ebsaj kompanie. N\u00eb fakt, sipas Met\u00ebs, nj\u00eb gj\u00eb e till\u00eb nuk ka ndodhur, sepse, kur ai u b\u00eb minist\u00ebr i Ekonomis\u00eb, n\u00eb tetor 2010, ai e skualifikoi k\u00ebt\u00eb kompani, pasi ajo nuk kishte nj\u00eb ofert\u00eb ekonomike t\u00eb lart\u00eb.<\/p>\n<p>Por, lidhur me k\u00ebt\u00eb ngjarje, ka nd\u00ebrhyr\u00eb menj\u00ebher\u00eb d\u00ebshmitari i djesh\u00ebm dhe armiku i sot\u00ebm i Met\u00ebs, Dritan Prifti. Sipas tij, Meta nuk mund ta b\u00ebnte gaf\u00ebn dhe t\u2019ia jepte kompanis\u00eb s\u00eb \u201dGimit\u201d koncesionin, sepse n\u00eb tetor 2010 Ilir Meta ishte tashm\u00eb n\u00eb dijeni t\u00eb regjistrimit dhe kjo ishte nj\u00ebsoj si t\u00eb akuzonte vetveten.<\/p>\n<p>Ja pra, me pak fjal\u00eb, kjo \u00ebsht\u00eb historia e r\u00ebnd\u00eb q\u00eb mendohet t\u00eb jet\u00eb luajtur n\u00eb zyrat e shtetit. T\u00eb gjitha personazhet e saj, real\u00eb dhe t\u00eb p\u00ebrmendur rast\u00ebsisht, vet\u00ebm hedhin balt\u00eb mbi m\u00ebnyr\u00ebn se si po qeverisemi.<\/p>\n<p>N\u00eb pozicionin m\u00eb t\u00eb keq \u00ebsht\u00eb natyrisht Ilir Meta, p\u00ebr t\u00eb cilin tregohet qart\u00eb sesi po p\u00ebrdor numrat vendimtar\u00eb t\u00eb koalicionit q\u00eb po e mban Berish\u00ebn n\u00eb pushtet. Sesi dhe pse ai e shkarkoi Dritan Priftin, p\u00ebr t\u00eb nd\u00ebrruar postin prestigjioz t\u00eb shefit t\u00eb diplomacis\u00eb me at\u00eb t\u00eb ministrit t\u00eb koncesioneve.<\/p>\n<p>N\u00eb pozicion t\u00eb mjeruesh\u00ebm \u00ebsht\u00eb gjithashtu Dritan Prifti, ish-beniamini i majt\u00eb i Berish\u00ebs, t\u00eb cilin edhe pas largimit Kryeministri e lavd\u00ebroi p\u00ebr reformat e p\u00ebrbashk\u00ebta. P\u00ebrgjimi i Met\u00ebs prej tij tregon se \u00e7far\u00eb mund t\u00eb b\u00ebj\u00eb nj\u00eb an\u00ebtar i kabinetit, p\u00ebr t\u00eb ruajtur postin. Se si mund t\u00eb p\u00ebrdor\u00eb ai edhe mjetet m\u00eb t\u00eb ul\u00ebta t\u00eb shantazhit, p\u00ebr t\u00eb mbajtur vendin fitimprur\u00ebs.<\/p>\n<p>N\u00eb pozicion t\u00eb v\u00ebshtir\u00eb gjendet sot edhe Berisha. Jo vet\u00ebm sepse emri i tij p\u00ebrmendet n\u00eb bised\u00eb, duke supozuar se \u00ebsht\u00eb n\u00eb dijeni t\u00eb k\u00ebtyre aferave, por edhe sepse, n\u00eb mos e frym\u00ebzon k\u00ebt\u00eb bab\u00ebzi, ai \u00ebsht\u00eb krejt i pafuqish\u00ebm p\u00ebr ta ndalur at\u00eb. N\u00eb rastin m\u00eb t\u00eb mir\u00eb, ai \u00ebsht\u00eb peng i saj.<\/p>\n<p>N\u00eb pozicion aspak komod gjendet sot edhe gjykat\u00ebsja m\u00eb e lart\u00eb e Shqip\u00ebris\u00eb. Jo vet\u00ebm se emri i saj p\u00ebrmendet si nj\u00eb pjes\u00ebtare pazaresh n\u00eb sintoni me pushtetin, por edhe sepse kjo ngjarje \u00ebsht\u00eb nj\u00eb ilustrim se p\u00ebrse drejt\u00ebsia nuk ka forc\u00eb t\u00eb veproj\u00eb sot mbi politik\u00ebn.<\/p>\n<p>Pik\u00ebrisht, p\u00ebr k\u00ebt\u00eb, edhe sot t\u00eb gjitha pal\u00ebt flasin p\u00ebr zhveshje nga imuniteti dhe p\u00ebr veprim t\u00eb drejt\u00ebsis\u00eb, e cila duhet t\u00eb zbardh\u00eb k\u00ebt\u00eb tragjikomedi t\u00eb luajtur n\u00eb zyrat e shtetit. Por, po ashtu, t\u00eb gjith\u00eb e din\u00eb se nga drejt\u00ebsia, ashtu si gjithnj\u00eb, nuk do t\u00eb vij\u00eb asnj\u00eb p\u00ebrgjigje. Sepse kjo video e transmetuar me guxim nga \u201cFiks fare\u201d, nuk \u00ebsht\u00eb nj\u00eb prov\u00eb p\u00ebr akuz\u00ebn. Ajo \u00ebsht\u00eb vet\u00ebm filmimi i nj\u00eb pjese q\u00eb t\u00eb gjith\u00eb e p\u00ebrflasin, q\u00eb t\u00eb gjith\u00eb e din\u00eb, por q\u00eb k\u00ebt\u00eb her\u00eb e pan\u00eb me syt\u00eb e tyre, dhe t\u00eb v\u00ebn\u00eb n\u00eb sken\u00eb me personazhe reale.<\/p>\n","protected":false},"excerpt":{"rendered":"<p>Nga Andi Bushati Skandali i p\u00ebrgjimit t\u00eb shfaqur t\u00eb mart\u00ebn n\u00eb mbr\u00ebmje nga \u201cFiks Fare\u201d nuk \u00ebsht\u00eb as nj\u00eb histori q\u00eb mund t\u00eb kalohet duke folur p\u00ebr ullinjt\u00eb e bajamet, as nj\u00eb ngjarje q\u00eb mund t\u00eb trajtohet thjesht si montazh. Ajo \u00ebsht\u00eb ngjarja m\u00eb e r\u00ebnd\u00eb korruptive e qeverisjes Berisha, q\u00eb pas tragjedis\u00eb s\u00eb G\u00ebrdecit. [&hellip;]<\/p>\n","protected":false},"author":1,"featured_media":0,"comment_status":"open","ping_status":"closed","sticky":false,"template":"","format":"standard","meta":{"footnotes":""},"categories":[2],"tags":[],"class_list":{"0":"post-5656","1":"post","2":"type-post","3":"status-publish","4":"format-standard","6":"category-artikuj"},"yoast_head":"<!-- This site is optimized with the Yoast SEO plugin v27.4 - https:\/\/yoast.com\/product\/yoast-seo-wordpress\/ -->\n<title>Nj\u00eb \u201dfilm\u201d me personazhe reale - FjALA e LIR\u00cb - Arkivi<\/title>\n<meta name=\"robots\" content=\"index, follow, max-snippet:-1, max-image-preview:large, max-video-preview:-1\" \/>\n<link rel=\"canonical\" href=\"https:\/\/fjala.info\/2009-2015\/nje-film-me-personazhe-reale\/\" \/>\n<meta property=\"og:locale\" content=\"sq_AL\" \/>\n<meta property=\"og:type\" content=\"article\" \/>\n<meta property=\"og:title\" content=\"Nj\u00eb \u201dfilm\u201d me personazhe reale - FjALA e LIR\u00cb - Arkivi\" \/>\n<meta property=\"og:description\" content=\"Nga Andi Bushati Skandali i p\u00ebrgjimit t\u00eb shfaqur t\u00eb mart\u00ebn n\u00eb mbr\u00ebmje nga \u201cFiks Fare\u201d nuk \u00ebsht\u00eb as nj\u00eb histori q\u00eb mund t\u00eb kalohet duke folur p\u00ebr ullinjt\u00eb e bajamet, as nj\u00eb ngjarje q\u00eb mund t\u00eb trajtohet thjesht si montazh. Ajo \u00ebsht\u00eb ngjarja m\u00eb e r\u00ebnd\u00eb korruptive e qeverisjes Berisha, q\u00eb pas tragjedis\u00eb s\u00eb G\u00ebrdecit. [&hellip;]\" \/>\n<meta property=\"og:url\" content=\"https:\/\/fjala.info\/2009-2015\/nje-film-me-personazhe-reale\/\" \/>\n<meta property=\"og:site_name\" content=\"FjALA e LIR\u00cb - Arkivi\" \/>\n<meta property=\"article:published_time\" content=\"2011-01-15T09:58:18+00:00\" \/>\n<meta property=\"og:image\" content=\"http:\/\/fjala.shkoder.net\/wp-content\/uploads\/2011\/01\/meta_prifti_video-300x250.jpg\" \/>\n<meta name=\"author\" content=\"admin\" \/>\n<meta name=\"twitter:card\" content=\"summary_large_image\" \/>\n<meta name=\"twitter:label1\" content=\"Written by\" \/>\n\t<meta name=\"twitter:data1\" content=\"admin\" \/>\n\t<meta name=\"twitter:label2\" content=\"Est. reading time\" \/>\n\t<meta name=\"twitter:data2\" content=\"5 minutes\" \/>\n<script type=\"application\/ld+json\" class=\"yoast-schema-graph\">{\"@context\":\"https:\\\/\\\/schema.org\",\"@graph\":[{\"@type\":\"Article\",\"@id\":\"https:\\\/\\\/fjala.info\\\/2009-2015\\\/nje-film-me-personazhe-reale\\\/#article\",\"isPartOf\":{\"@id\":\"https:\\\/\\\/fjala.info\\\/2009-2015\\\/nje-film-me-personazhe-reale\\\/\"},\"author\":{\"name\":\"admin\",\"@id\":\"https:\\\/\\\/fjala.info\\\/2009-2015\\\/#\\\/schema\\\/person\\\/3aa1163ef05469c496fc94e77611ada2\"},\"headline\":\"Nj\u00eb \u201dfilm\u201d me personazhe reale\",\"datePublished\":\"2011-01-15T09:58:18+00:00\",\"mainEntityOfPage\":{\"@id\":\"https:\\\/\\\/fjala.info\\\/2009-2015\\\/nje-film-me-personazhe-reale\\\/\"},\"wordCount\":988,\"commentCount\":0,\"publisher\":{\"@id\":\"https:\\\/\\\/fjala.info\\\/2009-2015\\\/#organization\"},\"image\":{\"@id\":\"https:\\\/\\\/fjala.info\\\/2009-2015\\\/nje-film-me-personazhe-reale\\\/#primaryimage\"},\"thumbnailUrl\":\"http:\\\/\\\/fjala.shkoder.net\\\/wp-content\\\/uploads\\\/2011\\\/01\\\/meta_prifti_video-300x250.jpg\",\"articleSection\":[\"Artikuj\"],\"inLanguage\":\"sq-AL\",\"potentialAction\":[{\"@type\":\"CommentAction\",\"name\":\"Comment\",\"target\":[\"https:\\\/\\\/fjala.info\\\/2009-2015\\\/nje-film-me-personazhe-reale\\\/#respond\"]}]},{\"@type\":\"WebPage\",\"@id\":\"https:\\\/\\\/fjala.info\\\/2009-2015\\\/nje-film-me-personazhe-reale\\\/\",\"url\":\"https:\\\/\\\/fjala.info\\\/2009-2015\\\/nje-film-me-personazhe-reale\\\/\",\"name\":\"Nj\u00eb \u201dfilm\u201d me personazhe reale - FjALA e LIR\u00cb - Arkivi\",\"isPartOf\":{\"@id\":\"https:\\\/\\\/fjala.info\\\/2009-2015\\\/#website\"},\"primaryImageOfPage\":{\"@id\":\"https:\\\/\\\/fjala.info\\\/2009-2015\\\/nje-film-me-personazhe-reale\\\/#primaryimage\"},\"image\":{\"@id\":\"https:\\\/\\\/fjala.info\\\/2009-2015\\\/nje-film-me-personazhe-reale\\\/#primaryimage\"},\"thumbnailUrl\":\"http:\\\/\\\/fjala.shkoder.net\\\/wp-content\\\/uploads\\\/2011\\\/01\\\/meta_prifti_video-300x250.jpg\",\"datePublished\":\"2011-01-15T09:58:18+00:00\",\"breadcrumb\":{\"@id\":\"https:\\\/\\\/fjala.info\\\/2009-2015\\\/nje-film-me-personazhe-reale\\\/#breadcrumb\"},\"inLanguage\":\"sq-AL\",\"potentialAction\":[{\"@type\":\"ReadAction\",\"target\":[\"https:\\\/\\\/fjala.info\\\/2009-2015\\\/nje-film-me-personazhe-reale\\\/\"]}]},{\"@type\":\"ImageObject\",\"inLanguage\":\"sq-AL\",\"@id\":\"https:\\\/\\\/fjala.info\\\/2009-2015\\\/nje-film-me-personazhe-reale\\\/#primaryimage\",\"url\":\"http:\\\/\\\/fjala.shkoder.net\\\/wp-content\\\/uploads\\\/2011\\\/01\\\/meta_prifti_video-300x250.jpg\",\"contentUrl\":\"http:\\\/\\\/fjala.shkoder.net\\\/wp-content\\\/uploads\\\/2011\\\/01\\\/meta_prifti_video-300x250.jpg\"},{\"@type\":\"BreadcrumbList\",\"@id\":\"https:\\\/\\\/fjala.info\\\/2009-2015\\\/nje-film-me-personazhe-reale\\\/#breadcrumb\",\"itemListElement\":[{\"@type\":\"ListItem\",\"position\":1,\"name\":\"Home\",\"item\":\"https:\\\/\\\/fjala.info\\\/2009-2015\\\/\"},{\"@type\":\"ListItem\",\"position\":2,\"name\":\"Nj\u00eb \u201dfilm\u201d me personazhe reale\"}]},{\"@type\":\"WebSite\",\"@id\":\"https:\\\/\\\/fjala.info\\\/2009-2015\\\/#website\",\"url\":\"https:\\\/\\\/fjala.info\\\/2009-2015\\\/\",\"name\":\"FjALA e LIR\u00cb - Arkivi\",\"description\":\"Arkivi 2009-2015\",\"publisher\":{\"@id\":\"https:\\\/\\\/fjala.info\\\/2009-2015\\\/#organization\"},\"potentialAction\":[{\"@type\":\"SearchAction\",\"target\":{\"@type\":\"EntryPoint\",\"urlTemplate\":\"https:\\\/\\\/fjala.info\\\/2009-2015\\\/?s={search_term_string}\"},\"query-input\":{\"@type\":\"PropertyValueSpecification\",\"valueRequired\":true,\"valueName\":\"search_term_string\"}}],\"inLanguage\":\"sq-AL\"},{\"@type\":\"Organization\",\"@id\":\"https:\\\/\\\/fjala.info\\\/2009-2015\\\/#organization\",\"name\":\"FjALA e LIR\u00cb - Arkivi\",\"url\":\"https:\\\/\\\/fjala.info\\\/2009-2015\\\/\",\"logo\":{\"@type\":\"ImageObject\",\"inLanguage\":\"sq-AL\",\"@id\":\"https:\\\/\\\/fjala.info\\\/2009-2015\\\/#\\\/schema\\\/logo\\\/image\\\/\",\"url\":\"\",\"contentUrl\":\"\",\"caption\":\"FjALA e LIR\u00cb - Arkivi\"},\"image\":{\"@id\":\"https:\\\/\\\/fjala.info\\\/2009-2015\\\/#\\\/schema\\\/logo\\\/image\\\/\"}},{\"@type\":\"Person\",\"@id\":\"https:\\\/\\\/fjala.info\\\/2009-2015\\\/#\\\/schema\\\/person\\\/3aa1163ef05469c496fc94e77611ada2\",\"name\":\"admin\",\"image\":{\"@type\":\"ImageObject\",\"inLanguage\":\"sq-AL\",\"@id\":\"https:\\\/\\\/fjala.info\\\/2009-2015\\\/wp-content\\\/uploads\\\/2012\\\/02\\\/arben_cokaj-120x150.jpg\",\"url\":\"https:\\\/\\\/fjala.info\\\/2009-2015\\\/wp-content\\\/uploads\\\/2012\\\/02\\\/arben_cokaj-120x150.jpg\",\"contentUrl\":\"https:\\\/\\\/fjala.info\\\/2009-2015\\\/wp-content\\\/uploads\\\/2012\\\/02\\\/arben_cokaj-120x150.jpg\",\"caption\":\"admin\"},\"description\":\"Admin, Fjala e Lir\u00eb\",\"sameAs\":[\"https:\\\/\\\/fjala.info\\\/\"],\"url\":\"https:\\\/\\\/fjala.info\\\/2009-2015\\\/author\\\/admin\\\/\"}]}<\/script>\n<!-- \/ Yoast SEO plugin. -->","yoast_head_json":{"title":"Nj\u00eb \u201dfilm\u201d me personazhe reale - FjALA e LIR\u00cb - Arkivi","robots":{"index":"index","follow":"follow","max-snippet":"max-snippet:-1","max-image-preview":"max-image-preview:large","max-video-preview":"max-video-preview:-1"},"canonical":"https:\/\/fjala.info\/2009-2015\/nje-film-me-personazhe-reale\/","og_locale":"sq_AL","og_type":"article","og_title":"Nj\u00eb \u201dfilm\u201d me personazhe reale - FjALA e LIR\u00cb - Arkivi","og_description":"Nga Andi Bushati Skandali i p\u00ebrgjimit t\u00eb shfaqur t\u00eb mart\u00ebn n\u00eb mbr\u00ebmje nga \u201cFiks Fare\u201d nuk \u00ebsht\u00eb as nj\u00eb histori q\u00eb mund t\u00eb kalohet duke folur p\u00ebr ullinjt\u00eb e bajamet, as nj\u00eb ngjarje q\u00eb mund t\u00eb trajtohet thjesht si montazh. Ajo \u00ebsht\u00eb ngjarja m\u00eb e r\u00ebnd\u00eb korruptive e qeverisjes Berisha, q\u00eb pas tragjedis\u00eb s\u00eb G\u00ebrdecit. [&hellip;]","og_url":"https:\/\/fjala.info\/2009-2015\/nje-film-me-personazhe-reale\/","og_site_name":"FjALA e LIR\u00cb - Arkivi","article_published_time":"2011-01-15T09:58:18+00:00","og_image":[{"url":"http:\/\/fjala.shkoder.net\/wp-content\/uploads\/2011\/01\/meta_prifti_video-300x250.jpg","type":"","width":"","height":""}],"author":"admin","twitter_card":"summary_large_image","twitter_misc":{"Written by":"admin","Est. reading time":"5 minutes"},"schema":{"@context":"https:\/\/schema.org","@graph":[{"@type":"Article","@id":"https:\/\/fjala.info\/2009-2015\/nje-film-me-personazhe-reale\/#article","isPartOf":{"@id":"https:\/\/fjala.info\/2009-2015\/nje-film-me-personazhe-reale\/"},"author":{"name":"admin","@id":"https:\/\/fjala.info\/2009-2015\/#\/schema\/person\/3aa1163ef05469c496fc94e77611ada2"},"headline":"Nj\u00eb \u201dfilm\u201d me personazhe reale","datePublished":"2011-01-15T09:58:18+00:00","mainEntityOfPage":{"@id":"https:\/\/fjala.info\/2009-2015\/nje-film-me-personazhe-reale\/"},"wordCount":988,"commentCount":0,"publisher":{"@id":"https:\/\/fjala.info\/2009-2015\/#organization"},"image":{"@id":"https:\/\/fjala.info\/2009-2015\/nje-film-me-personazhe-reale\/#primaryimage"},"thumbnailUrl":"http:\/\/fjala.shkoder.net\/wp-content\/uploads\/2011\/01\/meta_prifti_video-300x250.jpg","articleSection":["Artikuj"],"inLanguage":"sq-AL","potentialAction":[{"@type":"CommentAction","name":"Comment","target":["https:\/\/fjala.info\/2009-2015\/nje-film-me-personazhe-reale\/#respond"]}]},{"@type":"WebPage","@id":"https:\/\/fjala.info\/2009-2015\/nje-film-me-personazhe-reale\/","url":"https:\/\/fjala.info\/2009-2015\/nje-film-me-personazhe-reale\/","name":"Nj\u00eb \u201dfilm\u201d me personazhe reale - FjALA e LIR\u00cb - Arkivi","isPartOf":{"@id":"https:\/\/fjala.info\/2009-2015\/#website"},"primaryImageOfPage":{"@id":"https:\/\/fjala.info\/2009-2015\/nje-film-me-personazhe-reale\/#primaryimage"},"image":{"@id":"https:\/\/fjala.info\/2009-2015\/nje-film-me-personazhe-reale\/#primaryimage"},"thumbnailUrl":"http:\/\/fjala.shkoder.net\/wp-content\/uploads\/2011\/01\/meta_prifti_video-300x250.jpg","datePublished":"2011-01-15T09:58:18+00:00","breadcrumb":{"@id":"https:\/\/fjala.info\/2009-2015\/nje-film-me-personazhe-reale\/#breadcrumb"},"inLanguage":"sq-AL","potentialAction":[{"@type":"ReadAction","target":["https:\/\/fjala.info\/2009-2015\/nje-film-me-personazhe-reale\/"]}]},{"@type":"ImageObject","inLanguage":"sq-AL","@id":"https:\/\/fjala.info\/2009-2015\/nje-film-me-personazhe-reale\/#primaryimage","url":"http:\/\/fjala.shkoder.net\/wp-content\/uploads\/2011\/01\/meta_prifti_video-300x250.jpg","contentUrl":"http:\/\/fjala.shkoder.net\/wp-content\/uploads\/2011\/01\/meta_prifti_video-300x250.jpg"},{"@type":"BreadcrumbList","@id":"https:\/\/fjala.info\/2009-2015\/nje-film-me-personazhe-reale\/#breadcrumb","itemListElement":[{"@type":"ListItem","position":1,"name":"Home","item":"https:\/\/fjala.info\/2009-2015\/"},{"@type":"ListItem","position":2,"name":"Nj\u00eb \u201dfilm\u201d me personazhe reale"}]},{"@type":"WebSite","@id":"https:\/\/fjala.info\/2009-2015\/#website","url":"https:\/\/fjala.info\/2009-2015\/","name":"FjALA e LIR\u00cb - Arkivi","description":"Arkivi 2009-2015","publisher":{"@id":"https:\/\/fjala.info\/2009-2015\/#organization"},"potentialAction":[{"@type":"SearchAction","target":{"@type":"EntryPoint","urlTemplate":"https:\/\/fjala.info\/2009-2015\/?s={search_term_string}"},"query-input":{"@type":"PropertyValueSpecification","valueRequired":true,"valueName":"search_term_string"}}],"inLanguage":"sq-AL"},{"@type":"Organization","@id":"https:\/\/fjala.info\/2009-2015\/#organization","name":"FjALA e LIR\u00cb - Arkivi","url":"https:\/\/fjala.info\/2009-2015\/","logo":{"@type":"ImageObject","inLanguage":"sq-AL","@id":"https:\/\/fjala.info\/2009-2015\/#\/schema\/logo\/image\/","url":"","contentUrl":"","caption":"FjALA e LIR\u00cb - Arkivi"},"image":{"@id":"https:\/\/fjala.info\/2009-2015\/#\/schema\/logo\/image\/"}},{"@type":"Person","@id":"https:\/\/fjala.info\/2009-2015\/#\/schema\/person\/3aa1163ef05469c496fc94e77611ada2","name":"admin","image":{"@type":"ImageObject","inLanguage":"sq-AL","@id":"https:\/\/fjala.info\/2009-2015\/wp-content\/uploads\/2012\/02\/arben_cokaj-120x150.jpg","url":"https:\/\/fjala.info\/2009-2015\/wp-content\/uploads\/2012\/02\/arben_cokaj-120x150.jpg","contentUrl":"https:\/\/fjala.info\/2009-2015\/wp-content\/uploads\/2012\/02\/arben_cokaj-120x150.jpg","caption":"admin"},"description":"Admin, Fjala e Lir\u00eb","sameAs":["https:\/\/fjala.info\/"],"url":"https:\/\/fjala.info\/2009-2015\/author\/admin\/"}]}},"_links":{"self":[{"href":"https:\/\/fjala.info\/2009-2015\/wp-json\/wp\/v2\/posts\/5656","targetHints":{"allow":["GET"]}}],"collection":[{"href":"https:\/\/fjala.info\/2009-2015\/wp-json\/wp\/v2\/posts"}],"about":[{"href":"https:\/\/fjala.info\/2009-2015\/wp-json\/wp\/v2\/types\/post"}],"author":[{"embeddable":true,"href":"https:\/\/fjala.info\/2009-2015\/wp-json\/wp\/v2\/users\/1"}],"replies":[{"embeddable":true,"href":"https:\/\/fjala.info\/2009-2015\/wp-json\/wp\/v2\/comments?post=5656"}],"version-history":[{"count":0,"href":"https:\/\/fjala.info\/2009-2015\/wp-json\/wp\/v2\/posts\/5656\/revisions"}],"wp:attachment":[{"href":"https:\/\/fjala.info\/2009-2015\/wp-json\/wp\/v2\/media?parent=5656"}],"wp:term":[{"taxonomy":"category","embeddable":true,"href":"https:\/\/fjala.info\/2009-2015\/wp-json\/wp\/v2\/categories?post=5656"},{"taxonomy":"post_tag","embeddable":true,"href":"https:\/\/fjala.info\/2009-2015\/wp-json\/wp\/v2\/tags?post=5656"}],"curies":[{"name":"wp","href":"https:\/\/api.w.org\/{rel}","templated":true}]}}