{"id":5652,"date":"2011-01-15T10:45:17","date_gmt":"2011-01-15T09:45:17","guid":{"rendered":"http:\/\/fjala.shkoder.net\/?p=5652"},"modified":"2011-01-15T10:45:17","modified_gmt":"2011-01-15T09:45:17","slug":"kastriotizmi-shqiptar-ne-veper","status":"publish","type":"post","link":"https:\/\/fjala.info\/2009-2015\/kastriotizmi-shqiptar-ne-veper\/","title":{"rendered":"Kastriotizmi shqiptar n\u00eb vep\u00ebr"},"content":{"rendered":"<p><img loading=\"lazy\" decoding=\"async\" class=\"alignleft size-thumbnail wp-image-5317\" title=\"Frrok Kristaj\" src=\"http:\/\/fjala.shkoder.net\/wp-content\/uploads\/2010\/12\/frrok_kristaj1-150x150.jpg\" alt=\"\" width=\"150\" height=\"150\" \/><br \/>\n<strong>Janar\u00ebt e krenaris\u00eb komb\u00ebtare shqiptare <\/strong><\/p>\n<p><strong>Gjergj Gjon Kastriotin &#8211; Sk\u00ebnderbeun <\/strong>e njohu t\u00ebr\u00eb opinioni evropian bot\u00ebror si strateg t\u00eb par\u00eb, p\u00ebr \u00e7far\u00eb i thur\u00ebn l\u00ebvdata shum\u00eb shkrimtar\u00eb, historian\u00eb, kompozitor\u00eb e piktor\u00eb. Deri m\u00eb tash edhe pas gati gjasht\u00eb shekujsh i jan\u00eb kushtuar mbi 1500 vepra t\u00eb zhanreve t\u00eb ndryshme n\u00eb gjuh\u00ebn shqipe, angleze, latine, frenge, gjermane, italiane, spanjolle, portugeze, greke, suedeze e k\u00ebshtu me radh\u00eb<\/p>\n<p>Shkruan: <strong>Frrok KRISTAJ<\/strong><\/p>\n<p>P\u00ebrpjekjet e popullit shqiptar n\u00eb viset e tyre etnike p\u00ebr liri e pavar\u00ebsi datojn\u00eb shum\u00eb shekuj m\u00eb her\u00ebt. Historia jon\u00eb \u00ebsht\u00eb e mbushur me shum\u00eb ngjarje e data q\u00eb nuk duhet t\u00eb harrohen. Por, mbi t\u00eb gjitha sikur dallohen datat e n\u00ebntor\u00ebve, q\u00eb fillojn\u00eb me Gjergj Kastriotin, si dhe ato t\u00eb janar\u00ebve, q\u00eb po ashtu fillojn\u00eb Gjergj Kastriotin. K\u00ebsaj radhe do t\u00eb ndalemi te ngjarjet dhe datat e janar\u00ebve t\u00eb shumt\u00eb t\u00eb dhembjes dhe t\u00eb krenaris\u00eb son\u00eb komb\u00ebtare.<\/p>\n<p><strong>Kastriotizmi q\u00eb gjall\u00ebron edhe sot<\/strong><br \/>\nHistoria e popullit shqiptar \u00ebsht\u00eb shum\u00eb e pasur me ngjarje t\u00eb bujshme p\u00ebr liri e pavar\u00ebsi. T\u00eb gjitha ato ngjarje sikur lidhen me emrin e kryeheroit ton\u00eb legjendar t\u00eb Gjergj Gjon Kastriotit &#8211; Sk\u00ebnderbeut, i cili para afro gjasht\u00eb shekujve bashkoi popullin shqiptar kund\u00ebr okupatorit turko-otoman dhe luftoi kund\u00ebr tij.<\/p>\n<p><img loading=\"lazy\" decoding=\"async\" class=\"alignleft size-full wp-image-5653\" title=\"skenderbeu_ne_prishtine\" src=\"http:\/\/fjala.shkoder.net\/wp-content\/uploads\/2011\/01\/skenderbeu_ne_prishtine.jpg\" alt=\"\" width=\"184\" height=\"274\" \/><\/p>\n<p>Vepra madhore e Gjergj Gjon Kastriotit &#8211; Sk\u00ebnderbeut, p\u00ebrkat\u00ebsisht kontributi i tij n\u00eb \u00e7\u00ebshtjen shqiptare, e ve\u00e7mas n\u00eb themelimin e shtetit gjith\u00ebshqiptar, n\u00eb themelimin e armat\u00ebs shqiptare e shum\u00eb\u00e7ka tjet\u00ebr, por edhe kontributi i tij n\u00eb mbrojtjen e vendit, n\u00eb mbrojtjen e civilizimit, t\u00eb kultur\u00ebs e t\u00eb krishterimit arb\u00ebro-evropian, b\u00ebn\u00eb q\u00eb Gjergji yn\u00eb i Madh t\u00eb jet\u00eb i vetmi n\u00eb bot\u00eb q\u00eb mban titullin \u201cAtlet i Krishtit\u201d, q\u00eb at\u00ebbot\u00eb ia pat dh\u00ebn\u00eb njeriu i par\u00eb i bot\u00ebs s\u00eb krishter &#8211; papa. Ndaj, vepra e tij e madhe n\u00eb nivelin gjith\u00ebkomb\u00ebtar shqiptar dhe n\u00eb nivelin evropian e bot\u00ebror, edhe tash pas 543 vjet\u00ebve t\u00eb p\u00ebrjet\u00ebsis\u00eb, i siguroi Gjergj Kastriotit pavdekshm\u00ebri t\u00eb p\u00ebrjetshme.<\/p>\n<p>N\u00eb fakt, Gjergj Kastriotin &#8211; Sk\u00ebnderbeun e njohu t\u00ebr\u00eb opinioni evropian e bot\u00ebror si strateg t\u00eb par\u00eb dhe p\u00ebr k\u00ebt\u00eb atij i thur\u00ebn mburrje e l\u00ebvdata shum\u00eb e shum\u00eb historian\u00eb, ushtarak\u00eb, shkrimtar\u00eb, kompozitor\u00eb, piktor\u00eb e t\u00eb tjer\u00eb. Deri m\u00eb tash, pra edhe pas afro gjasht\u00eb shekujsh, jan\u00eb krijuar mbi 1500 vepra kapitale n\u00eb gjuh\u00ebn shqipe, latine, italiane, gjermane, angleze, frenge, portugeze, greke, suedeze, spanjolle e shum\u00eb t\u00eb tjera. N\u00eb fakt, jan\u00eb k\u00ebto l\u00ebvdata e mburrje q\u00eb nuk i p\u00ebrkasin vet\u00ebm kryeheroit ton\u00eb legjendar Gjergj Kastriotit &#8211; Sk\u00ebnderbeut, por i p\u00ebrkasin gjith\u00eb popullit shqiptar, q\u00eb u bashkua me t\u00eb si n\u00eb nj\u00eb trup t\u00eb vet\u00ebm. K\u00ebshtu u veprua edhe me Gonxhe Bojaxhiun &#8211; N\u00ebn\u00ebn Terezen, n\u00ebp\u00ebrmes s\u00eb cil\u00ebs na njeh bota dhe p\u00ebr t\u00eb cil\u00ebn deri m\u00eb tash jan\u00eb shkruar disa qindra vepra t\u00eb zhanreve t\u00eb ndryshme dhe n\u00eb gjuh\u00eb t\u00eb ndryshme t\u00eb bot\u00ebs.<\/p>\n<p>Gjergj Kastrioti &#8211; Sk\u00ebnderbeu ishte figura e vetme historike, madje jo vet\u00ebm e historis\u00eb son\u00eb komb\u00ebtare, q\u00eb nj\u00ebkoh\u00ebsisht veproi si strateg largpam\u00ebs n\u00eb shum\u00eb fusha, si n\u00eb bashkimin komb\u00ebtar, n\u00eb formimin e vetdijes komb\u00ebtare, n\u00eb shtetformim, n\u00eb luft\u00eb kund\u00ebr okupator\u00ebve t\u00eb koh\u00ebs, n\u00eb diplomaci, n\u00eb ngritjen morale t\u00eb ushtris\u00eb s\u00eb vet e t\u00eb kapedan\u00ebve t\u00eb principatave arb\u00ebrore, n\u00eb marr\u00ebdh\u00ebniet nd\u00ebrfisnore, n\u00eb kultivimin e traditave komb\u00ebtare, si t\u00eb bes\u00ebs e ndihm\u00ebs s\u00eb nd\u00ebrsjell\u00eb e k\u00ebshtu me radh\u00eb. T\u00eb gjitha k\u00ebto virtyte t\u00eb larta t\u00eb Gjergjit ton\u00eb t\u00eb madh ia pat\u00ebn t\u00ebrhequr v\u00ebmendjen Evrop\u00ebs dhe bot\u00ebs.<\/p>\n<p>Gjergj Kastrioti &#8211; Sk\u00ebnderbeu me vepr\u00ebn e vet t\u00eb madhe frym\u00ebzoi popullin shqiptar n\u00eb koh\u00ebn e tij, por edhe m\u00eb von\u00eb brez pas brezi. Vepra e tij frym\u00ebzoi p\u00ebr trim\u00ebri e guxim p\u00ebr t\u2019u b\u00ebr\u00eb ball\u00eb pushtuesve, prej atij turk, prej t\u00eb cilit u dridh jo vet\u00ebm Gadishulli i Iliris\u00eb (i Ballkanit), por edhe Evropa, e deri t\u00eb ai sllav, prej t\u00eb cilit po \u00e7lirohemi tash t\u00eb prir\u00eb nga st\u00ebrnip\u00ebrit e Gjergjit t\u00eb Madh, breza k\u00ebta q\u00eb n\u00eb shpirt u fle kastriotizmi i fort\u00eb shqiptar.<\/p>\n<p><img loading=\"lazy\" decoding=\"async\" class=\"alignleft size-full wp-image-5654\" title=\"skenderbeu_ne_prishtine1\" src=\"http:\/\/fjala.shkoder.net\/wp-content\/uploads\/2011\/01\/skenderbeu_ne_prishtine1.jpg\" alt=\"\" width=\"279\" height=\"180\" \/><\/p>\n<p>Kryeheroi yn\u00eb legjendar i t\u00eb gjitha koh\u00ebve t\u00eb historis\u00eb shqiptare \u2013 Gjergj Kastrioti \u2013 Sk\u00ebnderbeu, me heronjt\u00eb tjer\u00eb t\u00eb koh\u00ebs s\u00eb tij, por edhe me t\u00eb tjer\u00ebt q\u00eb u flijuan m\u00eb von\u00eb p\u00ebr \u00e7do p\u00ebll\u00ebmb\u00eb toke t\u00eb viseve etnike shqiptare, e t\u00eb cil\u00ebt e kishin n\u00eb gjak ndjenj\u00ebn e liris\u00eb dhe t\u00eb sakrific\u00ebs, shkruan faqet m\u00eb t\u00eb ndritshme t\u00eb historis\u00eb son\u00eb deri m\u00eb tash. Kastriotizmi q\u00eb edhe sot gjall\u00ebron te \u00e7do shqiptar frym\u00ebzoi p\u00ebr q\u00ebndres\u00eb, shpres\u00eb e fitore.<\/p>\n<p>Ndaj, ngritja e Flamurit ton\u00eb komb\u00ebtar, q\u00eb u b\u00eb s\u00eb pari nga Gjergj Kastrioti m\u00eb 28 N\u00ebntor t\u00eb vitit 1443 n\u00eb Kruj\u00eb dhe m\u00eb pastaj n\u00eb Vlor\u00eb, Kanin\u00eb, De\u00e7iq, Prishtin\u00eb, T\u00ebrnoc, Ulqin e vende t\u00eb tjera, paraqet kastriotizmin shpirt\u00ebror shqiptar q\u00eb shp\u00ebrthen sa her\u00eb e lyp nevoja. N\u00eb an\u00ebn tjet\u00ebr, ngritja e monumentit t\u00eb Gjergj Kastriotit n\u00ebp\u00ebr viset shqiptare, si n\u00eb Kruj\u00eb, Tiran\u00eb, n\u00eb Prishtin\u00eb, Vlladimir (Mal t\u00eb Zi), n\u00eb Shkup, Podgoric\u00eb Ulqin, Bujanoc e qendra t\u00eb tjera, paraqet kastriotizmin etnik p\u00ebr brezat e rinj n\u00eb troje etnike shqiptare.<\/p>\n<p>Kastriotizmi shqiptar, si etno-psikologji shpirt\u00ebrore komb\u00ebtare e popullit ton\u00eb historikisht \u00ebsht\u00eb i lidhur ngusht\u00eb me familjet tona, me farefiset tona, me popullin dhe me mbar\u00eb viset etnike shqiptare n\u00eb Ballkan dhe kudo n\u00eb m\u00ebrgat\u00ebn shqiptare n\u00eb bot\u00eb.<\/p>\n<p><strong>Dhembja dhe krenaria komb\u00ebtare<\/strong><br \/>\nGjall\u00ebrimi i kastriotizmit shqiptar \u00ebsht\u00eb d\u00ebshmi se p\u00ebrpjekjet p\u00ebr bashkim t\u00eb popullit shqiptar, por edhe ato p\u00ebr \u00e7lirim komb\u00ebtar gjithmon\u00eb jan\u00eb kultivuar. Historia e kombit ton\u00eb \u00ebsht\u00eb e mbushur me ngjarje t\u00eb janar\u00ebve t\u00eb shumt\u00eb. Por k\u00ebsaj radhe do t\u2019i dallojm\u00eb vet\u00ebm disa prej tyre. P\u00ebrve\u00e7 atij kur kaloi n\u00eb amshim Gjergj Kastrioti, ishte janar i kobsh\u00ebm edhe ai kur okupatori serb d\u00ebboi popullat\u00ebn shqiptare nga trojet e veta etnike n\u00eb Toplic\u00eb, Jabllanic\u00eb, Kushumli e Prokuple. Po, ishte janar edhe kur u vra Isa Boletini, ishte janar po ashtu kur u vra edhe Plaku i Mal\u00ebsis\u00eb &#8211; Bajram Curri\u2026 Por ishte po ashtu janar, bile po ashtu 17 (janar i vitit 1982), kur u vran\u00eb v\u00ebllez\u00ebrit Jusuf e Bardhosh G\u00ebrvalla dhe Kadri Zeka, ishte janar edhe kur u vra Rexhep Mala, Nuhi Berisha, Smajl Hajdari e Musa Hoti.<\/p>\n<p>Ishin dy janar\u00eb t\u00eb tjer\u00eb t\u00eb ftoht\u00eb (4 janar 1991 dhe 22 janar 1998) kur u rrethua nga forcat serbe familja e Jasharajve t\u00eb m\u00ebdhenj t\u00eb Prekazit legjendar, por ishte janar, bile data 15 (janar 1999), kur n\u00eb Re\u00e7ak t\u00eb Shtimes u b\u00eb masakra mbi shqiptar\u00ebt q\u00eb i mbronin pragjet e sht\u00ebpive t\u00eb veta, ngjarje kjo q\u00eb tronditi bot\u00ebn dhe shpejtoi faktorin nd\u00ebrkomb\u00ebtar p\u00ebr mbajtjen e nj\u00eb Konference p\u00ebr Kosov\u00ebn (Rambuje e Paris) dhe bindi forcat bot\u00ebrore t\u00eb NATO-s q\u00eb t\u00eb shp\u00ebtojn\u00eb shqiptar\u00ebt e Kosov\u00ebs dhe vet\u00eb Kosov\u00ebn nga okupatori serb.<\/p>\n<p>Ka historia jon\u00eb komb\u00ebtare edhe shum\u00eb e shum\u00eb janar\u00eb t\u00eb dhembjes, por edhe t\u00eb krenaris\u00eb komb\u00ebtare, q\u00eb u nxit\u00ebn nga kastriotizmi shpirt\u00ebror e komb\u00ebtar dhe k\u00ebshtu frym\u00ebzuan dhe frym\u00ebzojn\u00eb\u2026<\/p>\n<p><strong>T\u2019i kujtojm\u00eb edhe disa janar&#8230;<\/strong><br \/>\nT\u2019i p\u00ebrkujtojm\u00eb disa nga ngjarjet e janar\u00ebve t\u00eb dhembjes dhe t\u00eb krenaris\u00eb son\u00eb komb\u00ebtare: M\u00eb 17 janar 1468 kaloi n\u00eb amshim kryeheroi yn\u00eb komb\u00ebtar Gjergj Kastrioti, n\u00eb nj\u00eb nga janar\u00ebt e dhembjes ishte dhe ai kur Serbia okupatore d\u00ebboi popullat\u00ebn shqiptare nga Toplica, Jabllanica, Prokupla e Kushumlia. N\u00eb janar u vran\u00eb Isa Boletini, Bajram Curri, Jusuf G\u00ebrvalla, Kadri Zeka, Bardhosh G\u00ebrvalla, Rexhep Mala, Nuhi Berisha, Smajl Hajdari e Musa Hoti. Ishin dy janar t\u00eb tjer\u00eb t\u00eb ftoht\u00eb (3 janar 1991 e 22 janar 1998) kur u rrethua familja e Jasharajve n\u00eb Prekaz, por ishte dhe 15 janari i vitit 1999 kur n\u00eb Re\u00e7ak u b\u00eb masakra mbi shqiptar\u00ebt q\u00eb mbronin pragun e sht\u00ebpis\u00eb, ngjarje kjo q\u00eb tronditi bot\u00ebn\u2026 Por ishte edhe 21 janari i vitit 2006 kur u nda nga jeta i Madhi Ibrahim Rugova, p\u00ebrkat\u00ebsisht 11 janari kur u nda nga jeta Imzot Mark Sopi, por ishte janar edhe kur fashistat serb, n\u00eb vitin 1921, masakruan popullat\u00ebn e Gallapit e t\u00eb Llapit, e n\u00eb ve\u00e7anti ata t\u00eb Prapashtic\u00ebs&#8230;<\/p>\n","protected":false},"excerpt":{"rendered":"<p>Janar\u00ebt e krenaris\u00eb komb\u00ebtare shqiptare Gjergj Gjon Kastriotin &#8211; Sk\u00ebnderbeun e njohu t\u00ebr\u00eb opinioni evropian bot\u00ebror si strateg t\u00eb par\u00eb, p\u00ebr \u00e7far\u00eb i thur\u00ebn l\u00ebvdata shum\u00eb shkrimtar\u00eb, historian\u00eb, kompozitor\u00eb e piktor\u00eb. Deri m\u00eb tash edhe pas gati gjasht\u00eb shekujsh i jan\u00eb kushtuar mbi 1500 vepra t\u00eb zhanreve t\u00eb ndryshme n\u00eb gjuh\u00ebn shqipe, angleze, latine, frenge, [&hellip;]<\/p>\n","protected":false},"author":1,"featured_media":0,"comment_status":"open","ping_status":"closed","sticky":false,"template":"","format":"standard","meta":{"footnotes":""},"categories":[2],"tags":[],"class_list":{"0":"post-5652","1":"post","2":"type-post","3":"status-publish","4":"format-standard","6":"category-artikuj"},"yoast_head":"<!-- This site is optimized with the Yoast SEO plugin v27.4 - https:\/\/yoast.com\/product\/yoast-seo-wordpress\/ -->\n<title>Kastriotizmi shqiptar n\u00eb vep\u00ebr - FjALA e LIR\u00cb - Arkivi<\/title>\n<meta name=\"robots\" content=\"index, follow, max-snippet:-1, max-image-preview:large, max-video-preview:-1\" \/>\n<link rel=\"canonical\" href=\"https:\/\/fjala.info\/2009-2015\/kastriotizmi-shqiptar-ne-veper\/\" \/>\n<meta property=\"og:locale\" content=\"sq_AL\" \/>\n<meta property=\"og:type\" content=\"article\" \/>\n<meta property=\"og:title\" content=\"Kastriotizmi shqiptar n\u00eb vep\u00ebr - FjALA e LIR\u00cb - Arkivi\" \/>\n<meta property=\"og:description\" content=\"Janar\u00ebt e krenaris\u00eb komb\u00ebtare shqiptare Gjergj Gjon Kastriotin &#8211; Sk\u00ebnderbeun e njohu t\u00ebr\u00eb opinioni evropian bot\u00ebror si strateg t\u00eb par\u00eb, p\u00ebr \u00e7far\u00eb i thur\u00ebn l\u00ebvdata shum\u00eb shkrimtar\u00eb, historian\u00eb, kompozitor\u00eb e piktor\u00eb. Deri m\u00eb tash edhe pas gati gjasht\u00eb shekujsh i jan\u00eb kushtuar mbi 1500 vepra t\u00eb zhanreve t\u00eb ndryshme n\u00eb gjuh\u00ebn shqipe, angleze, latine, frenge, [&hellip;]\" \/>\n<meta property=\"og:url\" content=\"https:\/\/fjala.info\/2009-2015\/kastriotizmi-shqiptar-ne-veper\/\" \/>\n<meta property=\"og:site_name\" content=\"FjALA e LIR\u00cb - Arkivi\" \/>\n<meta property=\"article:published_time\" content=\"2011-01-15T09:45:17+00:00\" \/>\n<meta property=\"og:image\" content=\"http:\/\/fjala.shkoder.net\/wp-content\/uploads\/2010\/12\/frrok_kristaj1-150x150.jpg\" \/>\n<meta name=\"author\" content=\"admin\" \/>\n<meta name=\"twitter:card\" content=\"summary_large_image\" \/>\n<meta name=\"twitter:label1\" content=\"Written by\" \/>\n\t<meta name=\"twitter:data1\" content=\"admin\" \/>\n\t<meta name=\"twitter:label2\" content=\"Est. reading time\" \/>\n\t<meta name=\"twitter:data2\" content=\"7 minutes\" \/>\n<script type=\"application\/ld+json\" class=\"yoast-schema-graph\">{\"@context\":\"https:\\\/\\\/schema.org\",\"@graph\":[{\"@type\":\"Article\",\"@id\":\"https:\\\/\\\/fjala.info\\\/2009-2015\\\/kastriotizmi-shqiptar-ne-veper\\\/#article\",\"isPartOf\":{\"@id\":\"https:\\\/\\\/fjala.info\\\/2009-2015\\\/kastriotizmi-shqiptar-ne-veper\\\/\"},\"author\":{\"name\":\"admin\",\"@id\":\"https:\\\/\\\/fjala.info\\\/2009-2015\\\/#\\\/schema\\\/person\\\/3aa1163ef05469c496fc94e77611ada2\"},\"headline\":\"Kastriotizmi shqiptar n\u00eb vep\u00ebr\",\"datePublished\":\"2011-01-15T09:45:17+00:00\",\"mainEntityOfPage\":{\"@id\":\"https:\\\/\\\/fjala.info\\\/2009-2015\\\/kastriotizmi-shqiptar-ne-veper\\\/\"},\"wordCount\":1456,\"commentCount\":0,\"publisher\":{\"@id\":\"https:\\\/\\\/fjala.info\\\/2009-2015\\\/#organization\"},\"image\":{\"@id\":\"https:\\\/\\\/fjala.info\\\/2009-2015\\\/kastriotizmi-shqiptar-ne-veper\\\/#primaryimage\"},\"thumbnailUrl\":\"http:\\\/\\\/fjala.shkoder.net\\\/wp-content\\\/uploads\\\/2010\\\/12\\\/frrok_kristaj1-150x150.jpg\",\"articleSection\":[\"Artikuj\"],\"inLanguage\":\"sq-AL\",\"potentialAction\":[{\"@type\":\"CommentAction\",\"name\":\"Comment\",\"target\":[\"https:\\\/\\\/fjala.info\\\/2009-2015\\\/kastriotizmi-shqiptar-ne-veper\\\/#respond\"]}]},{\"@type\":\"WebPage\",\"@id\":\"https:\\\/\\\/fjala.info\\\/2009-2015\\\/kastriotizmi-shqiptar-ne-veper\\\/\",\"url\":\"https:\\\/\\\/fjala.info\\\/2009-2015\\\/kastriotizmi-shqiptar-ne-veper\\\/\",\"name\":\"Kastriotizmi shqiptar n\u00eb vep\u00ebr - FjALA e LIR\u00cb - Arkivi\",\"isPartOf\":{\"@id\":\"https:\\\/\\\/fjala.info\\\/2009-2015\\\/#website\"},\"primaryImageOfPage\":{\"@id\":\"https:\\\/\\\/fjala.info\\\/2009-2015\\\/kastriotizmi-shqiptar-ne-veper\\\/#primaryimage\"},\"image\":{\"@id\":\"https:\\\/\\\/fjala.info\\\/2009-2015\\\/kastriotizmi-shqiptar-ne-veper\\\/#primaryimage\"},\"thumbnailUrl\":\"http:\\\/\\\/fjala.shkoder.net\\\/wp-content\\\/uploads\\\/2010\\\/12\\\/frrok_kristaj1-150x150.jpg\",\"datePublished\":\"2011-01-15T09:45:17+00:00\",\"breadcrumb\":{\"@id\":\"https:\\\/\\\/fjala.info\\\/2009-2015\\\/kastriotizmi-shqiptar-ne-veper\\\/#breadcrumb\"},\"inLanguage\":\"sq-AL\",\"potentialAction\":[{\"@type\":\"ReadAction\",\"target\":[\"https:\\\/\\\/fjala.info\\\/2009-2015\\\/kastriotizmi-shqiptar-ne-veper\\\/\"]}]},{\"@type\":\"ImageObject\",\"inLanguage\":\"sq-AL\",\"@id\":\"https:\\\/\\\/fjala.info\\\/2009-2015\\\/kastriotizmi-shqiptar-ne-veper\\\/#primaryimage\",\"url\":\"http:\\\/\\\/fjala.shkoder.net\\\/wp-content\\\/uploads\\\/2010\\\/12\\\/frrok_kristaj1-150x150.jpg\",\"contentUrl\":\"http:\\\/\\\/fjala.shkoder.net\\\/wp-content\\\/uploads\\\/2010\\\/12\\\/frrok_kristaj1-150x150.jpg\"},{\"@type\":\"BreadcrumbList\",\"@id\":\"https:\\\/\\\/fjala.info\\\/2009-2015\\\/kastriotizmi-shqiptar-ne-veper\\\/#breadcrumb\",\"itemListElement\":[{\"@type\":\"ListItem\",\"position\":1,\"name\":\"Home\",\"item\":\"https:\\\/\\\/fjala.info\\\/2009-2015\\\/\"},{\"@type\":\"ListItem\",\"position\":2,\"name\":\"Kastriotizmi shqiptar n\u00eb vep\u00ebr\"}]},{\"@type\":\"WebSite\",\"@id\":\"https:\\\/\\\/fjala.info\\\/2009-2015\\\/#website\",\"url\":\"https:\\\/\\\/fjala.info\\\/2009-2015\\\/\",\"name\":\"FjALA e LIR\u00cb - Arkivi\",\"description\":\"Arkivi 2009-2015\",\"publisher\":{\"@id\":\"https:\\\/\\\/fjala.info\\\/2009-2015\\\/#organization\"},\"potentialAction\":[{\"@type\":\"SearchAction\",\"target\":{\"@type\":\"EntryPoint\",\"urlTemplate\":\"https:\\\/\\\/fjala.info\\\/2009-2015\\\/?s={search_term_string}\"},\"query-input\":{\"@type\":\"PropertyValueSpecification\",\"valueRequired\":true,\"valueName\":\"search_term_string\"}}],\"inLanguage\":\"sq-AL\"},{\"@type\":\"Organization\",\"@id\":\"https:\\\/\\\/fjala.info\\\/2009-2015\\\/#organization\",\"name\":\"FjALA e LIR\u00cb - Arkivi\",\"url\":\"https:\\\/\\\/fjala.info\\\/2009-2015\\\/\",\"logo\":{\"@type\":\"ImageObject\",\"inLanguage\":\"sq-AL\",\"@id\":\"https:\\\/\\\/fjala.info\\\/2009-2015\\\/#\\\/schema\\\/logo\\\/image\\\/\",\"url\":\"\",\"contentUrl\":\"\",\"caption\":\"FjALA e LIR\u00cb - Arkivi\"},\"image\":{\"@id\":\"https:\\\/\\\/fjala.info\\\/2009-2015\\\/#\\\/schema\\\/logo\\\/image\\\/\"}},{\"@type\":\"Person\",\"@id\":\"https:\\\/\\\/fjala.info\\\/2009-2015\\\/#\\\/schema\\\/person\\\/3aa1163ef05469c496fc94e77611ada2\",\"name\":\"admin\",\"image\":{\"@type\":\"ImageObject\",\"inLanguage\":\"sq-AL\",\"@id\":\"https:\\\/\\\/fjala.info\\\/2009-2015\\\/wp-content\\\/uploads\\\/2012\\\/02\\\/arben_cokaj-120x150.jpg\",\"url\":\"https:\\\/\\\/fjala.info\\\/2009-2015\\\/wp-content\\\/uploads\\\/2012\\\/02\\\/arben_cokaj-120x150.jpg\",\"contentUrl\":\"https:\\\/\\\/fjala.info\\\/2009-2015\\\/wp-content\\\/uploads\\\/2012\\\/02\\\/arben_cokaj-120x150.jpg\",\"caption\":\"admin\"},\"description\":\"Admin, Fjala e Lir\u00eb\",\"sameAs\":[\"https:\\\/\\\/fjala.info\\\/\"],\"url\":\"https:\\\/\\\/fjala.info\\\/2009-2015\\\/author\\\/admin\\\/\"}]}<\/script>\n<!-- \/ Yoast SEO plugin. -->","yoast_head_json":{"title":"Kastriotizmi shqiptar n\u00eb vep\u00ebr - FjALA e LIR\u00cb - Arkivi","robots":{"index":"index","follow":"follow","max-snippet":"max-snippet:-1","max-image-preview":"max-image-preview:large","max-video-preview":"max-video-preview:-1"},"canonical":"https:\/\/fjala.info\/2009-2015\/kastriotizmi-shqiptar-ne-veper\/","og_locale":"sq_AL","og_type":"article","og_title":"Kastriotizmi shqiptar n\u00eb vep\u00ebr - FjALA e LIR\u00cb - Arkivi","og_description":"Janar\u00ebt e krenaris\u00eb komb\u00ebtare shqiptare Gjergj Gjon Kastriotin &#8211; Sk\u00ebnderbeun e njohu t\u00ebr\u00eb opinioni evropian bot\u00ebror si strateg t\u00eb par\u00eb, p\u00ebr \u00e7far\u00eb i thur\u00ebn l\u00ebvdata shum\u00eb shkrimtar\u00eb, historian\u00eb, kompozitor\u00eb e piktor\u00eb. Deri m\u00eb tash edhe pas gati gjasht\u00eb shekujsh i jan\u00eb kushtuar mbi 1500 vepra t\u00eb zhanreve t\u00eb ndryshme n\u00eb gjuh\u00ebn shqipe, angleze, latine, frenge, [&hellip;]","og_url":"https:\/\/fjala.info\/2009-2015\/kastriotizmi-shqiptar-ne-veper\/","og_site_name":"FjALA e LIR\u00cb - Arkivi","article_published_time":"2011-01-15T09:45:17+00:00","og_image":[{"url":"http:\/\/fjala.shkoder.net\/wp-content\/uploads\/2010\/12\/frrok_kristaj1-150x150.jpg","type":"","width":"","height":""}],"author":"admin","twitter_card":"summary_large_image","twitter_misc":{"Written by":"admin","Est. reading time":"7 minutes"},"schema":{"@context":"https:\/\/schema.org","@graph":[{"@type":"Article","@id":"https:\/\/fjala.info\/2009-2015\/kastriotizmi-shqiptar-ne-veper\/#article","isPartOf":{"@id":"https:\/\/fjala.info\/2009-2015\/kastriotizmi-shqiptar-ne-veper\/"},"author":{"name":"admin","@id":"https:\/\/fjala.info\/2009-2015\/#\/schema\/person\/3aa1163ef05469c496fc94e77611ada2"},"headline":"Kastriotizmi shqiptar n\u00eb vep\u00ebr","datePublished":"2011-01-15T09:45:17+00:00","mainEntityOfPage":{"@id":"https:\/\/fjala.info\/2009-2015\/kastriotizmi-shqiptar-ne-veper\/"},"wordCount":1456,"commentCount":0,"publisher":{"@id":"https:\/\/fjala.info\/2009-2015\/#organization"},"image":{"@id":"https:\/\/fjala.info\/2009-2015\/kastriotizmi-shqiptar-ne-veper\/#primaryimage"},"thumbnailUrl":"http:\/\/fjala.shkoder.net\/wp-content\/uploads\/2010\/12\/frrok_kristaj1-150x150.jpg","articleSection":["Artikuj"],"inLanguage":"sq-AL","potentialAction":[{"@type":"CommentAction","name":"Comment","target":["https:\/\/fjala.info\/2009-2015\/kastriotizmi-shqiptar-ne-veper\/#respond"]}]},{"@type":"WebPage","@id":"https:\/\/fjala.info\/2009-2015\/kastriotizmi-shqiptar-ne-veper\/","url":"https:\/\/fjala.info\/2009-2015\/kastriotizmi-shqiptar-ne-veper\/","name":"Kastriotizmi shqiptar n\u00eb vep\u00ebr - FjALA e LIR\u00cb - Arkivi","isPartOf":{"@id":"https:\/\/fjala.info\/2009-2015\/#website"},"primaryImageOfPage":{"@id":"https:\/\/fjala.info\/2009-2015\/kastriotizmi-shqiptar-ne-veper\/#primaryimage"},"image":{"@id":"https:\/\/fjala.info\/2009-2015\/kastriotizmi-shqiptar-ne-veper\/#primaryimage"},"thumbnailUrl":"http:\/\/fjala.shkoder.net\/wp-content\/uploads\/2010\/12\/frrok_kristaj1-150x150.jpg","datePublished":"2011-01-15T09:45:17+00:00","breadcrumb":{"@id":"https:\/\/fjala.info\/2009-2015\/kastriotizmi-shqiptar-ne-veper\/#breadcrumb"},"inLanguage":"sq-AL","potentialAction":[{"@type":"ReadAction","target":["https:\/\/fjala.info\/2009-2015\/kastriotizmi-shqiptar-ne-veper\/"]}]},{"@type":"ImageObject","inLanguage":"sq-AL","@id":"https:\/\/fjala.info\/2009-2015\/kastriotizmi-shqiptar-ne-veper\/#primaryimage","url":"http:\/\/fjala.shkoder.net\/wp-content\/uploads\/2010\/12\/frrok_kristaj1-150x150.jpg","contentUrl":"http:\/\/fjala.shkoder.net\/wp-content\/uploads\/2010\/12\/frrok_kristaj1-150x150.jpg"},{"@type":"BreadcrumbList","@id":"https:\/\/fjala.info\/2009-2015\/kastriotizmi-shqiptar-ne-veper\/#breadcrumb","itemListElement":[{"@type":"ListItem","position":1,"name":"Home","item":"https:\/\/fjala.info\/2009-2015\/"},{"@type":"ListItem","position":2,"name":"Kastriotizmi shqiptar n\u00eb vep\u00ebr"}]},{"@type":"WebSite","@id":"https:\/\/fjala.info\/2009-2015\/#website","url":"https:\/\/fjala.info\/2009-2015\/","name":"FjALA e LIR\u00cb - Arkivi","description":"Arkivi 2009-2015","publisher":{"@id":"https:\/\/fjala.info\/2009-2015\/#organization"},"potentialAction":[{"@type":"SearchAction","target":{"@type":"EntryPoint","urlTemplate":"https:\/\/fjala.info\/2009-2015\/?s={search_term_string}"},"query-input":{"@type":"PropertyValueSpecification","valueRequired":true,"valueName":"search_term_string"}}],"inLanguage":"sq-AL"},{"@type":"Organization","@id":"https:\/\/fjala.info\/2009-2015\/#organization","name":"FjALA e LIR\u00cb - Arkivi","url":"https:\/\/fjala.info\/2009-2015\/","logo":{"@type":"ImageObject","inLanguage":"sq-AL","@id":"https:\/\/fjala.info\/2009-2015\/#\/schema\/logo\/image\/","url":"","contentUrl":"","caption":"FjALA e LIR\u00cb - Arkivi"},"image":{"@id":"https:\/\/fjala.info\/2009-2015\/#\/schema\/logo\/image\/"}},{"@type":"Person","@id":"https:\/\/fjala.info\/2009-2015\/#\/schema\/person\/3aa1163ef05469c496fc94e77611ada2","name":"admin","image":{"@type":"ImageObject","inLanguage":"sq-AL","@id":"https:\/\/fjala.info\/2009-2015\/wp-content\/uploads\/2012\/02\/arben_cokaj-120x150.jpg","url":"https:\/\/fjala.info\/2009-2015\/wp-content\/uploads\/2012\/02\/arben_cokaj-120x150.jpg","contentUrl":"https:\/\/fjala.info\/2009-2015\/wp-content\/uploads\/2012\/02\/arben_cokaj-120x150.jpg","caption":"admin"},"description":"Admin, Fjala e Lir\u00eb","sameAs":["https:\/\/fjala.info\/"],"url":"https:\/\/fjala.info\/2009-2015\/author\/admin\/"}]}},"_links":{"self":[{"href":"https:\/\/fjala.info\/2009-2015\/wp-json\/wp\/v2\/posts\/5652","targetHints":{"allow":["GET"]}}],"collection":[{"href":"https:\/\/fjala.info\/2009-2015\/wp-json\/wp\/v2\/posts"}],"about":[{"href":"https:\/\/fjala.info\/2009-2015\/wp-json\/wp\/v2\/types\/post"}],"author":[{"embeddable":true,"href":"https:\/\/fjala.info\/2009-2015\/wp-json\/wp\/v2\/users\/1"}],"replies":[{"embeddable":true,"href":"https:\/\/fjala.info\/2009-2015\/wp-json\/wp\/v2\/comments?post=5652"}],"version-history":[{"count":0,"href":"https:\/\/fjala.info\/2009-2015\/wp-json\/wp\/v2\/posts\/5652\/revisions"}],"wp:attachment":[{"href":"https:\/\/fjala.info\/2009-2015\/wp-json\/wp\/v2\/media?parent=5652"}],"wp:term":[{"taxonomy":"category","embeddable":true,"href":"https:\/\/fjala.info\/2009-2015\/wp-json\/wp\/v2\/categories?post=5652"},{"taxonomy":"post_tag","embeddable":true,"href":"https:\/\/fjala.info\/2009-2015\/wp-json\/wp\/v2\/tags?post=5652"}],"curies":[{"name":"wp","href":"https:\/\/api.w.org\/{rel}","templated":true}]}}